{"id":141910,"date":"2012-07-19T00:00:00","date_gmt":"2012-07-19T00:00:00","guid":{"rendered":"http:\/\/kt.printandscreen.rs\/per-serbine-jugore-dhe-jugperendimore-7-5-miliarde\/"},"modified":"2012-07-19T00:00:00","modified_gmt":"2012-07-19T00:00:00","slug":"per-serbine-jugore-dhe-jugperendimore-7-5-miliarde","status":"publish","type":"post","link":"https:\/\/kt.gov.rs\/sq\/per-serbine-jugore-dhe-jugperendimore-7-5-miliarde\/","title":{"rendered":"P\u00ebr Serbin\u00eb  Jugore dhe Jugper\u00ebndimore 7.5 miliard\u00eb"},"content":{"rendered":"<p>\n\tProjektet p\u00ebr zhvillimin e infrastruktur\u00ebs ekonomike, t\u00eb cilat dy vjet t\u00eb financuara nga Bashkimi Evropian dhe Qeveria e Zvicr\u00ebs p\u00ebrmes programit Partneriteti Evropian me komunat e EU PRIGRESIT, duhet t\u00eb mund\u00ebsojn\u00eb investim prej 7.5 milion n\u00eb jug dhe jugper\u00ebndim t\u00eb Serbis\u00eb.<\/p>\n<p>\tP\u00ebrve\u00e7 k\u00ebsaj, pritet q\u00eb n\u00eb baz\u00eb t\u00eb k\u00ebtyre projekteve do t\u00eb hap\u00eb t\u00eb pakt\u00ebn 1400 vende pune n\u00eb periudh\u00ebn prej tre deri n\u00eb pes\u00eb vite, \u00ebsht\u00eb th\u00ebn\u00eb dje n\u00eb takimin e dyt\u00eb vjetor t\u00eb k\u00ebshillit Drejtues EU PROGRES. Si\u00e7 u tha n\u00eb mbledhjen, p\u00ebrgatitjen e planeve dhe dokumenteve teknike, me mb\u00ebshtetje nga EU PROGRES, duhet t\u00eb jet\u00eb nxit\u00ebsi kryesor i ndryshimeve pozitive n\u00eb ekonomi, pasi ajo mund t\u00eb t\u00ebrheq\u00eb investime shtes\u00eb prej 90 milion euro.<\/p>\n<p>\tP\u00ebrfaq\u00ebsuesit e EU PROGRES fol\u00ebn rreth ndikimit t\u00eb madh t\u00eb projekteve t\u00eb infrastructures: p\u00ebrve\u00e7 krijimit t\u00eb vendeve t\u00eb pun\u00ebs dhe p\u00ebr t\u00eb leht\u00ebsuar investimeve n\u00eb t\u00eb ardhmen n\u00eb projekte t\u00eb infastruktur\u00ebs, do t\u00eb marr\u00eb kujdesin e 680 f\u00ebmij\u00ebve nga lista e pritjes p\u00ebr kopshtin e f\u00ebmij\u00ebve, dhe do t\u00eb p\u00ebrmir\u00ebsoj\u00eb efikasitetin e energjis\u00eb n\u00eb shkollat q\u00eb p\u00ebrfshijn\u00eb 4500 nx\u00ebn\u00ebs dhe m\u00ebsues. N\u00ebp\u00ebrmjet projekteve t\u00eb infrastruktur\u00ebs lokale t\u00eb komunitetit do t\u00eb krijoj\u00eb kushtet\u00a0 t\u00eb mjaftueshme sanitare p\u00ebr 160 shit\u00ebsit e produkteve bujq\u00ebsore dhe t\u00eb qum\u00ebshtit, nd\u00ebrsa 3500 familje t\u00eb marr\u00eb cil\u00ebsin\u00eb e ujit t\u00eb pijsh\u00ebm. Pritet q\u00eb projektet lokale t\u00eb infrastruktur\u00ebs p\u00ebrmir\u00ebsoj\u00ebn kushtet sanitare dhe p\u00ebr t\u00eb zvog\u00ebluar rreziqet sh\u00ebndet\u00ebsore p\u00ebr 5000 qytetar\u00eb q\u00eb jetojn\u00eb pran\u00eb lumenjve t\u00eb parregulluara, dhe se do t\u00eb krijoj\u00eb kursime t\u00eb energjis\u00eb 15 p\u00ebr qind.<\/p>\n<p>\tNe shohim se ka shum\u00eb probleme me kapacitetin e pushtetit lokal,dhe duhet t\u00eb biseduar p\u00ebr t\u00eb arritur efektin e t\u00eb gjitha projekteve q\u00eb jan\u00eb planifikuar. Faleminderit\u00a0 zyr\u00ebs p\u00ebr integrim evropian p\u00ebr pun\u00ebn e shk\u00eblqyer t\u00eb K\u00ebshillit Drejtues&quot;, ka th\u00ebn\u00eb Martin Kern, shefi i operacioneve t\u00eb Delegacionit t\u00eb BE-s\u00eb n\u00eb Serbi.<\/p>\n<p>\tAn\u00ebtar\u00ebt e K\u00ebshillit n\u00eb mbledhjen e sotme miratuan mb\u00ebshtetjen financiare p\u00ebr 29 projektet n\u00eb raundin e dyt\u00eb t\u00eb thirrjes s\u00eb fondit p\u00ebr pjes\u00ebmarrjen e qytetar\u00ebve , e gjithsejt\u00eb 248 000 euro dhe 5 projektet p\u00ebr zhvillimin e dokumenteve t\u00eb planifikimit,prej vler\u00ebs totale 180.000 euro.<\/p>\n<p>\tTakimi i pun\u00ebs u ndoq nga p\u00ebrfaq\u00ebsuesit e Zyr\u00ebs s\u00eb Integrimit Evropian t\u00eb Serbis\u00eb dhe ministrive p\u00ebrkat\u00ebse, 25 komunave pjes\u00ebmarr\u00ebse n\u00eb realizimin e EU PROGRES, p\u00ebrfaq\u00ebsuesit e agjencive t\u00eb zhvillimit dhe projekteve, shoq\u00ebris\u00eb civile, donator\u00ebt \u2013 p\u00ebrfaq\u00ebsuesve t\u00eb Bashkimit Evropian dhe Qeveris\u00eb s\u00eb Zvicr\u00ebs.<\/p>\n<p>\tEU PROGRES synon t\u00eb mb\u00ebshtes\u00eb zhvillimin e 25 komunave n\u00eb jug dhe jugper\u00ebndim t\u00eb Serbis\u00eb. Bashkimi Evropian do t\u00eb ndaj\u00eb 14.1 milion\u00eb euro p\u00ebr programin, 2.5 milion Qeveria Zvicerane dhe Qeveria e Republik\u00ebs s\u00eb Serbis\u00eb 1.5 milion\u00eb euro.<\/p>\n","protected":false},"excerpt":{"rendered":"<p>Projektet p\u00ebr zhvillimin e infrastruktur\u00ebs ekonomike, t\u00eb cilat dy vjet t\u00eb financuara nga Bashkimi Evropian dhe Qeveria e Zvicr\u00ebs p\u00ebrmes programit Partneriteti Evropian me komunat e EU PRIGRESIT, duhet t\u00eb mund\u00ebsojn\u00eb investim prej 7.5 milion n\u00eb jug dhe jugper\u00ebndim t\u00eb Serbis\u00eb.<\/p>\n","protected":false},"author":1,"featured_media":0,"comment_status":"closed","ping_status":"closed","sticky":false,"template":"","format":"standard","meta":{"footnotes":""},"categories":[55],"tags":[],"class_list":["post-141910","post","type-post","status-publish","format-standard","hentry","category-lajme"],"yoast_head":"<!-- This site is optimized with the Yoast SEO plugin v27.5 - https:\/\/yoast.com\/product\/yoast-seo-wordpress\/ -->\n<title>P\u00ebr Serbin\u00eb Jugore dhe Jugper\u00ebndimore 7.5 miliard\u00eb - Republika e S\u00ebrbis\u00eb Trupi Koordinues p\u00ebr komunat Bujanoc, Preshev\u00eb dhe Medvegj\u00eb<\/title>\n<meta name=\"robots\" content=\"index, follow, max-snippet:-1, max-image-preview:large, max-video-preview:-1\" \/>\n<link rel=\"canonical\" href=\"https:\/\/kt.gov.rs\/sq\/per-serbine-jugore-dhe-jugperendimore-7-5-miliarde\/\" \/>\n<meta property=\"og:locale\" content=\"sq_AL\" \/>\n<meta property=\"og:type\" content=\"article\" \/>\n<meta property=\"og:title\" content=\"P\u00ebr Serbin\u00eb Jugore dhe Jugper\u00ebndimore 7.5 miliard\u00eb - Republika e S\u00ebrbis\u00eb Trupi Koordinues p\u00ebr komunat Bujanoc, Preshev\u00eb dhe Medvegj\u00eb\" \/>\n<meta property=\"og:description\" content=\"Projektet p\u00ebr zhvillimin e infrastruktur\u00ebs ekonomike, t\u00eb cilat dy vjet t\u00eb financuara nga Bashkimi Evropian dhe Qeveria e Zvicr\u00ebs p\u00ebrmes programit Partneriteti Evropian me komunat e EU PRIGRESIT, duhet t\u00eb mund\u00ebsojn\u00eb investim prej 7.5 milion n\u00eb jug dhe jugper\u00ebndim t\u00eb Serbis\u00eb.\" \/>\n<meta property=\"og:url\" content=\"https:\/\/kt.gov.rs\/sq\/per-serbine-jugore-dhe-jugperendimore-7-5-miliarde\/\" \/>\n<meta property=\"og:site_name\" content=\"Republika e S\u00ebrbis\u00eb Trupi Koordinues p\u00ebr komunat Bujanoc, Preshev\u00eb dhe Medvegj\u00eb\" \/>\n<meta property=\"article:publisher\" content=\"https:\/\/www.facebook.com\/SluzbaKoordinacionogTelaVladeRepublikeSrbije\" \/>\n<meta property=\"article:published_time\" content=\"2012-07-19T00:00:00+00:00\" \/>\n<meta name=\"author\" content=\"ktmin\" \/>\n<meta name=\"twitter:card\" content=\"summary_large_image\" \/>\n<meta name=\"twitter:creator\" content=\"@kt_gov\" \/>\n<meta name=\"twitter:site\" content=\"@kt_gov\" \/>\n<meta name=\"twitter:label1\" content=\"Written by\" \/>\n\t<meta name=\"twitter:data1\" content=\"ktmin\" \/>\n\t<meta name=\"twitter:label2\" content=\"Est. reading time\" \/>\n\t<meta name=\"twitter:data2\" content=\"4 minutes\" \/>\n<script type=\"application\/ld+json\" class=\"yoast-schema-graph\">{\"@context\":\"https:\\\/\\\/schema.org\",\"@graph\":[{\"@type\":\"Article\",\"@id\":\"https:\\\/\\\/kt.gov.rs\\\/sq\\\/per-serbine-jugore-dhe-jugperendimore-7-5-miliarde\\\/#article\",\"isPartOf\":{\"@id\":\"https:\\\/\\\/kt.gov.rs\\\/sq\\\/per-serbine-jugore-dhe-jugperendimore-7-5-miliarde\\\/\"},\"author\":{\"name\":\"ktmin\",\"@id\":\"https:\\\/\\\/kt.gov.rs\\\/#\\\/schema\\\/person\\\/e426459ddb4173309103390602694571\"},\"headline\":\"P\u00ebr Serbin\u00eb Jugore dhe Jugper\u00ebndimore 7.5 miliard\u00eb\",\"datePublished\":\"2012-07-19T00:00:00+00:00\",\"mainEntityOfPage\":{\"@id\":\"https:\\\/\\\/kt.gov.rs\\\/sq\\\/per-serbine-jugore-dhe-jugperendimore-7-5-miliarde\\\/\"},\"wordCount\":712,\"publisher\":{\"@id\":\"https:\\\/\\\/kt.gov.rs\\\/#organization\"},\"articleSection\":[\"Lajme\"],\"inLanguage\":\"sq-AL\"},{\"@type\":\"WebPage\",\"@id\":\"https:\\\/\\\/kt.gov.rs\\\/sq\\\/per-serbine-jugore-dhe-jugperendimore-7-5-miliarde\\\/\",\"url\":\"https:\\\/\\\/kt.gov.rs\\\/sq\\\/per-serbine-jugore-dhe-jugperendimore-7-5-miliarde\\\/\",\"name\":\"P\u00ebr Serbin\u00eb Jugore dhe Jugper\u00ebndimore 7.5 miliard\u00eb - Republika e S\u00ebrbis\u00eb Trupi Koordinues p\u00ebr komunat Bujanoc, Preshev\u00eb dhe Medvegj\u00eb\",\"isPartOf\":{\"@id\":\"https:\\\/\\\/kt.gov.rs\\\/#website\"},\"datePublished\":\"2012-07-19T00:00:00+00:00\",\"breadcrumb\":{\"@id\":\"https:\\\/\\\/kt.gov.rs\\\/sq\\\/per-serbine-jugore-dhe-jugperendimore-7-5-miliarde\\\/#breadcrumb\"},\"inLanguage\":\"sq-AL\",\"potentialAction\":[{\"@type\":\"ReadAction\",\"target\":[\"https:\\\/\\\/kt.gov.rs\\\/sq\\\/per-serbine-jugore-dhe-jugperendimore-7-5-miliarde\\\/\"]}]},{\"@type\":\"BreadcrumbList\",\"@id\":\"https:\\\/\\\/kt.gov.rs\\\/sq\\\/per-serbine-jugore-dhe-jugperendimore-7-5-miliarde\\\/#breadcrumb\",\"itemListElement\":[{\"@type\":\"ListItem\",\"position\":1,\"name\":\"\u041f\u043e\u0447\u0435\u0442\u043d\u0430\",\"item\":\"https:\\\/\\\/kt.gov.rs\\\/sq\\\/\"},{\"@type\":\"ListItem\",\"position\":2,\"name\":\"P\u00ebr Serbin\u00eb Jugore dhe Jugper\u00ebndimore 7.5 miliard\u00eb\"}]},{\"@type\":\"WebSite\",\"@id\":\"https:\\\/\\\/kt.gov.rs\\\/#website\",\"url\":\"https:\\\/\\\/kt.gov.rs\\\/\",\"name\":\"\u041a\u043e\u043e\u0440\u0434\u0438\u043d\u0430\u0446\u0438\u043e\u043d\u043e \u0442\u0435\u043b\u043e \u0412\u043b\u0430\u0434\u0435 \u0420\u0435\u043f\u0443\u0431\u043b\u0438\u043a\u0435 \u0421\u0440\u0431\u0438\u0458\u0435 \u0437\u0430 \u043e\u043f\u0448\u0442\u0438\u043d\u0435 \u041f\u0440\u0435\u0448\u0435\u0432\u043e, \u0411\u0443\u0458\u0430\u043d\u043e\u0432\u0430\u0446 \u0438 \u041c\u0435\u0434\u0432\u0435\u0452a\",\"description\":\"\",\"publisher\":{\"@id\":\"https:\\\/\\\/kt.gov.rs\\\/#organization\"},\"alternateName\":\"\u041a\u043e\u043e\u0440\u0434\u0438\u043d\u0430\u0446\u0438\u043e\u043d\u043e \u0442\u0435\u043b\u043e\",\"potentialAction\":[{\"@type\":\"SearchAction\",\"target\":{\"@type\":\"EntryPoint\",\"urlTemplate\":\"https:\\\/\\\/kt.gov.rs\\\/?s={search_term_string}\"},\"query-input\":{\"@type\":\"PropertyValueSpecification\",\"valueRequired\":true,\"valueName\":\"search_term_string\"}}],\"inLanguage\":\"sq-AL\"},{\"@type\":\"Organization\",\"@id\":\"https:\\\/\\\/kt.gov.rs\\\/#organization\",\"name\":\"\u041a\u043e\u043e\u0440\u0434\u0438\u043d\u0430\u0446\u0438\u043e\u043d\u043e \u0442\u0435\u043b\u043e \u0412\u043b\u0430\u0434\u0435 \u0420\u0435\u043f\u0443\u0431\u043b\u0438\u043a\u0435 \u0421\u0440\u0431\u0438\u0458\u0435 \u0437\u0430 \u043e\u043f\u0448\u0442\u0438\u043d\u0435 \u041f\u0440\u0435\u0448\u0435\u0432\u043e, \u0411\u0443\u0458\u0430\u043d\u043e\u0432\u0430\u0446 \u0438 \u041c\u0435\u0434\u0432\u0435\u0452a\",\"alternateName\":\"\u041a\u043e\u043e\u0440\u0434\u0438\u043d\u0430\u0446\u0438\u043e\u043d\u043e \u0442\u0435\u043b\u043e\",\"url\":\"https:\\\/\\\/kt.gov.rs\\\/\",\"logo\":{\"@type\":\"ImageObject\",\"inLanguage\":\"sq-AL\",\"@id\":\"https:\\\/\\\/kt.gov.rs\\\/#\\\/schema\\\/logo\\\/image\\\/\",\"url\":\"https:\\\/\\\/kt.gov.rs\\\/wp-content\\\/uploads\\\/2024\\\/12\\\/koord2.jpg\",\"contentUrl\":\"https:\\\/\\\/kt.gov.rs\\\/wp-content\\\/uploads\\\/2024\\\/12\\\/koord2.jpg\",\"width\":640,\"height\":480,\"caption\":\"\u041a\u043e\u043e\u0440\u0434\u0438\u043d\u0430\u0446\u0438\u043e\u043d\u043e \u0442\u0435\u043b\u043e \u0412\u043b\u0430\u0434\u0435 \u0420\u0435\u043f\u0443\u0431\u043b\u0438\u043a\u0435 \u0421\u0440\u0431\u0438\u0458\u0435 \u0437\u0430 \u043e\u043f\u0448\u0442\u0438\u043d\u0435 \u041f\u0440\u0435\u0448\u0435\u0432\u043e, \u0411\u0443\u0458\u0430\u043d\u043e\u0432\u0430\u0446 \u0438 \u041c\u0435\u0434\u0432\u0435\u0452a\"},\"image\":{\"@id\":\"https:\\\/\\\/kt.gov.rs\\\/#\\\/schema\\\/logo\\\/image\\\/\"},\"sameAs\":[\"https:\\\/\\\/www.facebook.com\\\/SluzbaKoordinacionogTelaVladeRepublikeSrbije\",\"https:\\\/\\\/x.com\\\/kt_gov\",\"https:\\\/\\\/www.youtube.com\\\/@koordinacionotelo\"]},{\"@type\":\"Person\",\"@id\":\"https:\\\/\\\/kt.gov.rs\\\/#\\\/schema\\\/person\\\/e426459ddb4173309103390602694571\",\"name\":\"ktmin\",\"image\":{\"@type\":\"ImageObject\",\"inLanguage\":\"sq-AL\",\"@id\":\"https:\\\/\\\/secure.gravatar.com\\\/avatar\\\/3985c961109853010c3fbc7ba30365bfba5db3dd6c525831d9c595c7525a615a?s=96&d=mm&r=g\",\"url\":\"https:\\\/\\\/secure.gravatar.com\\\/avatar\\\/3985c961109853010c3fbc7ba30365bfba5db3dd6c525831d9c595c7525a615a?s=96&d=mm&r=g\",\"contentUrl\":\"https:\\\/\\\/secure.gravatar.com\\\/avatar\\\/3985c961109853010c3fbc7ba30365bfba5db3dd6c525831d9c595c7525a615a?s=96&d=mm&r=g\",\"caption\":\"ktmin\"},\"sameAs\":[\"https:\\\/\\\/kt.gov.rs\"],\"url\":\"https:\\\/\\\/kt.gov.rs\\\/sq\\\/author\\\/ktmin\\\/\"}]}<\/script>\n<!-- \/ Yoast SEO plugin. -->","yoast_head_json":{"title":"P\u00ebr Serbin\u00eb Jugore dhe Jugper\u00ebndimore 7.5 miliard\u00eb - Republika e S\u00ebrbis\u00eb Trupi Koordinues p\u00ebr komunat Bujanoc, Preshev\u00eb dhe Medvegj\u00eb","robots":{"index":"index","follow":"follow","max-snippet":"max-snippet:-1","max-image-preview":"max-image-preview:large","max-video-preview":"max-video-preview:-1"},"canonical":"https:\/\/kt.gov.rs\/sq\/per-serbine-jugore-dhe-jugperendimore-7-5-miliarde\/","og_locale":"sq_AL","og_type":"article","og_title":"P\u00ebr Serbin\u00eb Jugore dhe Jugper\u00ebndimore 7.5 miliard\u00eb - Republika e S\u00ebrbis\u00eb Trupi Koordinues p\u00ebr komunat Bujanoc, Preshev\u00eb dhe Medvegj\u00eb","og_description":"Projektet p\u00ebr zhvillimin e infrastruktur\u00ebs ekonomike, t\u00eb cilat dy vjet t\u00eb financuara nga Bashkimi Evropian dhe Qeveria e Zvicr\u00ebs p\u00ebrmes programit Partneriteti Evropian me komunat e EU PRIGRESIT, duhet t\u00eb mund\u00ebsojn\u00eb investim prej 7.5 milion n\u00eb jug dhe jugper\u00ebndim t\u00eb Serbis\u00eb.","og_url":"https:\/\/kt.gov.rs\/sq\/per-serbine-jugore-dhe-jugperendimore-7-5-miliarde\/","og_site_name":"Republika e S\u00ebrbis\u00eb Trupi Koordinues p\u00ebr komunat Bujanoc, Preshev\u00eb dhe Medvegj\u00eb","article_publisher":"https:\/\/www.facebook.com\/SluzbaKoordinacionogTelaVladeRepublikeSrbije","article_published_time":"2012-07-19T00:00:00+00:00","author":"ktmin","twitter_card":"summary_large_image","twitter_creator":"@kt_gov","twitter_site":"@kt_gov","twitter_misc":{"Written by":"ktmin","Est. reading time":"4 minutes"},"schema":{"@context":"https:\/\/schema.org","@graph":[{"@type":"Article","@id":"https:\/\/kt.gov.rs\/sq\/per-serbine-jugore-dhe-jugperendimore-7-5-miliarde\/#article","isPartOf":{"@id":"https:\/\/kt.gov.rs\/sq\/per-serbine-jugore-dhe-jugperendimore-7-5-miliarde\/"},"author":{"name":"ktmin","@id":"https:\/\/kt.gov.rs\/#\/schema\/person\/e426459ddb4173309103390602694571"},"headline":"P\u00ebr Serbin\u00eb Jugore dhe Jugper\u00ebndimore 7.5 miliard\u00eb","datePublished":"2012-07-19T00:00:00+00:00","mainEntityOfPage":{"@id":"https:\/\/kt.gov.rs\/sq\/per-serbine-jugore-dhe-jugperendimore-7-5-miliarde\/"},"wordCount":712,"publisher":{"@id":"https:\/\/kt.gov.rs\/#organization"},"articleSection":["Lajme"],"inLanguage":"sq-AL"},{"@type":"WebPage","@id":"https:\/\/kt.gov.rs\/sq\/per-serbine-jugore-dhe-jugperendimore-7-5-miliarde\/","url":"https:\/\/kt.gov.rs\/sq\/per-serbine-jugore-dhe-jugperendimore-7-5-miliarde\/","name":"P\u00ebr Serbin\u00eb Jugore dhe Jugper\u00ebndimore 7.5 miliard\u00eb - Republika e S\u00ebrbis\u00eb Trupi Koordinues p\u00ebr komunat Bujanoc, Preshev\u00eb dhe Medvegj\u00eb","isPartOf":{"@id":"https:\/\/kt.gov.rs\/#website"},"datePublished":"2012-07-19T00:00:00+00:00","breadcrumb":{"@id":"https:\/\/kt.gov.rs\/sq\/per-serbine-jugore-dhe-jugperendimore-7-5-miliarde\/#breadcrumb"},"inLanguage":"sq-AL","potentialAction":[{"@type":"ReadAction","target":["https:\/\/kt.gov.rs\/sq\/per-serbine-jugore-dhe-jugperendimore-7-5-miliarde\/"]}]},{"@type":"BreadcrumbList","@id":"https:\/\/kt.gov.rs\/sq\/per-serbine-jugore-dhe-jugperendimore-7-5-miliarde\/#breadcrumb","itemListElement":[{"@type":"ListItem","position":1,"name":"\u041f\u043e\u0447\u0435\u0442\u043d\u0430","item":"https:\/\/kt.gov.rs\/sq\/"},{"@type":"ListItem","position":2,"name":"P\u00ebr Serbin\u00eb Jugore dhe Jugper\u00ebndimore 7.5 miliard\u00eb"}]},{"@type":"WebSite","@id":"https:\/\/kt.gov.rs\/#website","url":"https:\/\/kt.gov.rs\/","name":"\u041a\u043e\u043e\u0440\u0434\u0438\u043d\u0430\u0446\u0438\u043e\u043d\u043e \u0442\u0435\u043b\u043e \u0412\u043b\u0430\u0434\u0435 \u0420\u0435\u043f\u0443\u0431\u043b\u0438\u043a\u0435 \u0421\u0440\u0431\u0438\u0458\u0435 \u0437\u0430 \u043e\u043f\u0448\u0442\u0438\u043d\u0435 \u041f\u0440\u0435\u0448\u0435\u0432\u043e, \u0411\u0443\u0458\u0430\u043d\u043e\u0432\u0430\u0446 \u0438 \u041c\u0435\u0434\u0432\u0435\u0452a","description":"","publisher":{"@id":"https:\/\/kt.gov.rs\/#organization"},"alternateName":"\u041a\u043e\u043e\u0440\u0434\u0438\u043d\u0430\u0446\u0438\u043e\u043d\u043e \u0442\u0435\u043b\u043e","potentialAction":[{"@type":"SearchAction","target":{"@type":"EntryPoint","urlTemplate":"https:\/\/kt.gov.rs\/?s={search_term_string}"},"query-input":{"@type":"PropertyValueSpecification","valueRequired":true,"valueName":"search_term_string"}}],"inLanguage":"sq-AL"},{"@type":"Organization","@id":"https:\/\/kt.gov.rs\/#organization","name":"\u041a\u043e\u043e\u0440\u0434\u0438\u043d\u0430\u0446\u0438\u043e\u043d\u043e \u0442\u0435\u043b\u043e \u0412\u043b\u0430\u0434\u0435 \u0420\u0435\u043f\u0443\u0431\u043b\u0438\u043a\u0435 \u0421\u0440\u0431\u0438\u0458\u0435 \u0437\u0430 \u043e\u043f\u0448\u0442\u0438\u043d\u0435 \u041f\u0440\u0435\u0448\u0435\u0432\u043e, \u0411\u0443\u0458\u0430\u043d\u043e\u0432\u0430\u0446 \u0438 \u041c\u0435\u0434\u0432\u0435\u0452a","alternateName":"\u041a\u043e\u043e\u0440\u0434\u0438\u043d\u0430\u0446\u0438\u043e\u043d\u043e \u0442\u0435\u043b\u043e","url":"https:\/\/kt.gov.rs\/","logo":{"@type":"ImageObject","inLanguage":"sq-AL","@id":"https:\/\/kt.gov.rs\/#\/schema\/logo\/image\/","url":"https:\/\/kt.gov.rs\/wp-content\/uploads\/2024\/12\/koord2.jpg","contentUrl":"https:\/\/kt.gov.rs\/wp-content\/uploads\/2024\/12\/koord2.jpg","width":640,"height":480,"caption":"\u041a\u043e\u043e\u0440\u0434\u0438\u043d\u0430\u0446\u0438\u043e\u043d\u043e \u0442\u0435\u043b\u043e \u0412\u043b\u0430\u0434\u0435 \u0420\u0435\u043f\u0443\u0431\u043b\u0438\u043a\u0435 \u0421\u0440\u0431\u0438\u0458\u0435 \u0437\u0430 \u043e\u043f\u0448\u0442\u0438\u043d\u0435 \u041f\u0440\u0435\u0448\u0435\u0432\u043e, \u0411\u0443\u0458\u0430\u043d\u043e\u0432\u0430\u0446 \u0438 \u041c\u0435\u0434\u0432\u0435\u0452a"},"image":{"@id":"https:\/\/kt.gov.rs\/#\/schema\/logo\/image\/"},"sameAs":["https:\/\/www.facebook.com\/SluzbaKoordinacionogTelaVladeRepublikeSrbije","https:\/\/x.com\/kt_gov","https:\/\/www.youtube.com\/@koordinacionotelo"]},{"@type":"Person","@id":"https:\/\/kt.gov.rs\/#\/schema\/person\/e426459ddb4173309103390602694571","name":"ktmin","image":{"@type":"ImageObject","inLanguage":"sq-AL","@id":"https:\/\/secure.gravatar.com\/avatar\/3985c961109853010c3fbc7ba30365bfba5db3dd6c525831d9c595c7525a615a?s=96&d=mm&r=g","url":"https:\/\/secure.gravatar.com\/avatar\/3985c961109853010c3fbc7ba30365bfba5db3dd6c525831d9c595c7525a615a?s=96&d=mm&r=g","contentUrl":"https:\/\/secure.gravatar.com\/avatar\/3985c961109853010c3fbc7ba30365bfba5db3dd6c525831d9c595c7525a615a?s=96&d=mm&r=g","caption":"ktmin"},"sameAs":["https:\/\/kt.gov.rs"],"url":"https:\/\/kt.gov.rs\/sq\/author\/ktmin\/"}]}},"_links":{"self":[{"href":"https:\/\/kt.gov.rs\/sq\/wp-json\/wp\/v2\/posts\/141910","targetHints":{"allow":["GET"]}}],"collection":[{"href":"https:\/\/kt.gov.rs\/sq\/wp-json\/wp\/v2\/posts"}],"about":[{"href":"https:\/\/kt.gov.rs\/sq\/wp-json\/wp\/v2\/types\/post"}],"author":[{"embeddable":true,"href":"https:\/\/kt.gov.rs\/sq\/wp-json\/wp\/v2\/users\/1"}],"replies":[{"embeddable":true,"href":"https:\/\/kt.gov.rs\/sq\/wp-json\/wp\/v2\/comments?post=141910"}],"version-history":[{"count":0,"href":"https:\/\/kt.gov.rs\/sq\/wp-json\/wp\/v2\/posts\/141910\/revisions"}],"wp:attachment":[{"href":"https:\/\/kt.gov.rs\/sq\/wp-json\/wp\/v2\/media?parent=141910"}],"wp:term":[{"taxonomy":"category","embeddable":true,"href":"https:\/\/kt.gov.rs\/sq\/wp-json\/wp\/v2\/categories?post=141910"},{"taxonomy":"post_tag","embeddable":true,"href":"https:\/\/kt.gov.rs\/sq\/wp-json\/wp\/v2\/tags?post=141910"}],"curies":[{"name":"wp","href":"https:\/\/api.w.org\/{rel}","templated":true}]}}