{"id":141909,"date":"2012-07-19T00:00:00","date_gmt":"2012-07-19T00:00:00","guid":{"rendered":"http:\/\/kt.printandscreen.rs\/projekti-inkurajues-i-pergjegjesis-shoqerore\/"},"modified":"2012-07-19T00:00:00","modified_gmt":"2012-07-19T00:00:00","slug":"projekti-inkurajues-i-pergjegjesis-shoqerore","status":"publish","type":"post","link":"https:\/\/kt.gov.rs\/sq\/projekti-inkurajues-i-pergjegjesis-shoqerore\/","title":{"rendered":"PROJEKTI INKURAJUES I P\u00cbRGJEGJ\u00cbSIS SHOQ\u00cbRORE"},"content":{"rendered":"<p>\n\tNj\u00eb grup prej nj\u00ebzet e nj\u00eb p\u00ebrfaq\u00ebsuesve t\u00eb shoq\u00ebris\u00eb publike, private dhe civile diskutuan mund\u00ebsit\u00eb p\u00ebr bashk\u00ebpunim n\u00eb mes t\u00eb sektorit t\u00eb biznesit dhe bashk\u00ebsive lokale, p\u00ebrmes iniciativave t\u00eb p\u00ebrgjegj\u00ebsis\u00eb korporative sociale. N\u00eb mesin e pjes\u00ebmarr\u00ebsve ishin drejtori i p\u00ebrgjithsh\u00ebm i BAT (British American Tobacco), dhe p\u00ebrfaq\u00ebsues t\u00eb zyr\u00ebs s\u00eb zhvillimit ekonomik dhe agjencis\u00eb rajonale p\u00ebr zvilim nw rrethi e Jablanic\u00ebs dhe Pcinj\u00ebs. Pjes\u00ebmarr\u00ebsit identifikuan pes\u00eb projekte e mundshme t\u00eb p\u00ebrgjegj\u00ebsis\u00eb sociale n\u00eb zon\u00ebn e Vranj\u00ebs n\u00eb bashk\u00ebpunim nd\u00ebrkomunal (i p\u00ebrb\u00ebr\u00eb nga Vranja, Bujanoci, Presheva dhe Vlladi\u00e7in Hani), duke p\u00ebrfshir\u00eb :\u00a0 mbik\u00ebqyrjen e shkollave,programin p\u00ebr pun\u00eb praktik\u00eb t\u00eb rinjve,\u00a0 financimin e rind\u00ebrtimit e teatrit t\u00eb qytetit i cili ishte djegur, mentorimin t\u00eb biznesit p\u00ebr nd\u00ebrmarrjet rajonale t\u00eb vogla dhe t\u00eb mesme dhe aktivitetet vullnetare t\u00eb ndryshme n\u00eb fush\u00ebn e mbledhjes s\u00eb mbeturinave.Komunat dhe qyteti i Vranj\u00ebs do t\u00eb zhvilloj\u00eb iden\u00eb e\u00a0 projekteve p\u00ebrmes nj\u00eb grupi pune i cili do t\u00eb p\u00ebrfshij\u00eb p\u00ebrfaq\u00ebsues nga t\u00eb gjitha tre sektor\u00eb, t\u00eb cilat do t\u00eb koordinojn\u00eb aktivitetet e p\u00ebrgjegj\u00ebsis\u00eb korporative sociale dhe t\u00eb punojn\u00eb n\u00eb gjetjen e fondeve.<\/p>\n","protected":false},"excerpt":{"rendered":"<p>Nj\u00eb grup prej nj\u00ebzet e nj\u00eb p\u00ebrfaq\u00ebsuesve t\u00eb shoq\u00ebris\u00eb publike, private dhe civile diskutuan mund\u00ebsit\u00eb p\u00ebr bashk\u00ebpunim n\u00eb mes t\u00eb sektorit t\u00eb biznesit dhe bashk\u00ebsive lokale, p\u00ebrmes iniciativave t\u00eb p\u00ebrgjegj\u00ebsis\u00eb korporative sociale. N\u00eb mesin e pjes\u00ebmarr\u00ebsve ishin drejtori i p\u00ebrgjithsh\u00ebm i BAT (British American Tobacco), dhe p\u00ebrfaq\u00ebsues t\u00eb zyr\u00ebs s\u00eb zhvillimit ekonomik dhe agjencis\u00eb rajonale p\u00ebr zvilim nw rrethi e Jablanic\u00ebs dhe Pcinj\u00ebs.<\/p>\n","protected":false},"author":1,"featured_media":0,"comment_status":"closed","ping_status":"closed","sticky":false,"template":"","format":"standard","meta":{"footnotes":""},"categories":[55],"tags":[],"class_list":["post-141909","post","type-post","status-publish","format-standard","hentry","category-lajme"],"yoast_head":"<!-- This site is optimized with the Yoast SEO plugin v27.5 - https:\/\/yoast.com\/product\/yoast-seo-wordpress\/ -->\n<title>PROJEKTI INKURAJUES I P\u00cbRGJEGJ\u00cbSIS SHOQ\u00cbRORE - Republika e S\u00ebrbis\u00eb Trupi Koordinues p\u00ebr komunat Bujanoc, Preshev\u00eb dhe Medvegj\u00eb<\/title>\n<meta name=\"robots\" content=\"index, follow, max-snippet:-1, max-image-preview:large, max-video-preview:-1\" \/>\n<link rel=\"canonical\" href=\"https:\/\/kt.gov.rs\/sq\/projekti-inkurajues-i-pergjegjesis-shoqerore\/\" \/>\n<meta property=\"og:locale\" content=\"sq_AL\" \/>\n<meta property=\"og:type\" content=\"article\" \/>\n<meta property=\"og:title\" content=\"PROJEKTI INKURAJUES I P\u00cbRGJEGJ\u00cbSIS SHOQ\u00cbRORE - Republika e S\u00ebrbis\u00eb Trupi Koordinues p\u00ebr komunat Bujanoc, Preshev\u00eb dhe Medvegj\u00eb\" \/>\n<meta property=\"og:description\" content=\"Nj\u00eb grup prej nj\u00ebzet e nj\u00eb p\u00ebrfaq\u00ebsuesve t\u00eb shoq\u00ebris\u00eb publike, private dhe civile diskutuan mund\u00ebsit\u00eb p\u00ebr bashk\u00ebpunim n\u00eb mes t\u00eb sektorit t\u00eb biznesit dhe bashk\u00ebsive lokale, p\u00ebrmes iniciativave t\u00eb p\u00ebrgjegj\u00ebsis\u00eb korporative sociale. N\u00eb mesin e pjes\u00ebmarr\u00ebsve ishin drejtori i p\u00ebrgjithsh\u00ebm i BAT (British American Tobacco), dhe p\u00ebrfaq\u00ebsues t\u00eb zyr\u00ebs s\u00eb zhvillimit ekonomik dhe agjencis\u00eb rajonale p\u00ebr zvilim nw rrethi e Jablanic\u00ebs dhe Pcinj\u00ebs.\" \/>\n<meta property=\"og:url\" content=\"https:\/\/kt.gov.rs\/sq\/projekti-inkurajues-i-pergjegjesis-shoqerore\/\" \/>\n<meta property=\"og:site_name\" content=\"Republika e S\u00ebrbis\u00eb Trupi Koordinues p\u00ebr komunat Bujanoc, Preshev\u00eb dhe Medvegj\u00eb\" \/>\n<meta property=\"article:publisher\" content=\"https:\/\/www.facebook.com\/SluzbaKoordinacionogTelaVladeRepublikeSrbije\" \/>\n<meta property=\"article:published_time\" content=\"2012-07-19T00:00:00+00:00\" \/>\n<meta name=\"author\" content=\"ktmin\" \/>\n<meta name=\"twitter:card\" content=\"summary_large_image\" \/>\n<meta name=\"twitter:creator\" content=\"@kt_gov\" \/>\n<meta name=\"twitter:site\" content=\"@kt_gov\" \/>\n<meta name=\"twitter:label1\" content=\"Written by\" \/>\n\t<meta name=\"twitter:data1\" content=\"ktmin\" \/>\n\t<meta name=\"twitter:label2\" content=\"Est. reading time\" \/>\n\t<meta name=\"twitter:data2\" content=\"2 minutes\" \/>\n<script type=\"application\/ld+json\" class=\"yoast-schema-graph\">{\"@context\":\"https:\\\/\\\/schema.org\",\"@graph\":[{\"@type\":\"Article\",\"@id\":\"https:\\\/\\\/kt.gov.rs\\\/sq\\\/projekti-inkurajues-i-pergjegjesis-shoqerore\\\/#article\",\"isPartOf\":{\"@id\":\"https:\\\/\\\/kt.gov.rs\\\/sq\\\/projekti-inkurajues-i-pergjegjesis-shoqerore\\\/\"},\"author\":{\"name\":\"ktmin\",\"@id\":\"https:\\\/\\\/kt.gov.rs\\\/#\\\/schema\\\/person\\\/e426459ddb4173309103390602694571\"},\"headline\":\"PROJEKTI INKURAJUES I P\u00cbRGJEGJ\u00cbSIS SHOQ\u00cbRORE\",\"datePublished\":\"2012-07-19T00:00:00+00:00\",\"mainEntityOfPage\":{\"@id\":\"https:\\\/\\\/kt.gov.rs\\\/sq\\\/projekti-inkurajues-i-pergjegjesis-shoqerore\\\/\"},\"wordCount\":324,\"publisher\":{\"@id\":\"https:\\\/\\\/kt.gov.rs\\\/#organization\"},\"articleSection\":[\"Lajme\"],\"inLanguage\":\"sq-AL\"},{\"@type\":\"WebPage\",\"@id\":\"https:\\\/\\\/kt.gov.rs\\\/sq\\\/projekti-inkurajues-i-pergjegjesis-shoqerore\\\/\",\"url\":\"https:\\\/\\\/kt.gov.rs\\\/sq\\\/projekti-inkurajues-i-pergjegjesis-shoqerore\\\/\",\"name\":\"PROJEKTI INKURAJUES I P\u00cbRGJEGJ\u00cbSIS SHOQ\u00cbRORE - Republika e S\u00ebrbis\u00eb Trupi Koordinues p\u00ebr komunat Bujanoc, Preshev\u00eb dhe Medvegj\u00eb\",\"isPartOf\":{\"@id\":\"https:\\\/\\\/kt.gov.rs\\\/#website\"},\"datePublished\":\"2012-07-19T00:00:00+00:00\",\"breadcrumb\":{\"@id\":\"https:\\\/\\\/kt.gov.rs\\\/sq\\\/projekti-inkurajues-i-pergjegjesis-shoqerore\\\/#breadcrumb\"},\"inLanguage\":\"sq-AL\",\"potentialAction\":[{\"@type\":\"ReadAction\",\"target\":[\"https:\\\/\\\/kt.gov.rs\\\/sq\\\/projekti-inkurajues-i-pergjegjesis-shoqerore\\\/\"]}]},{\"@type\":\"BreadcrumbList\",\"@id\":\"https:\\\/\\\/kt.gov.rs\\\/sq\\\/projekti-inkurajues-i-pergjegjesis-shoqerore\\\/#breadcrumb\",\"itemListElement\":[{\"@type\":\"ListItem\",\"position\":1,\"name\":\"\u041f\u043e\u0447\u0435\u0442\u043d\u0430\",\"item\":\"https:\\\/\\\/kt.gov.rs\\\/sq\\\/\"},{\"@type\":\"ListItem\",\"position\":2,\"name\":\"PROJEKTI INKURAJUES I P\u00cbRGJEGJ\u00cbSIS SHOQ\u00cbRORE\"}]},{\"@type\":\"WebSite\",\"@id\":\"https:\\\/\\\/kt.gov.rs\\\/#website\",\"url\":\"https:\\\/\\\/kt.gov.rs\\\/\",\"name\":\"\u041a\u043e\u043e\u0440\u0434\u0438\u043d\u0430\u0446\u0438\u043e\u043d\u043e \u0442\u0435\u043b\u043e \u0412\u043b\u0430\u0434\u0435 \u0420\u0435\u043f\u0443\u0431\u043b\u0438\u043a\u0435 \u0421\u0440\u0431\u0438\u0458\u0435 \u0437\u0430 \u043e\u043f\u0448\u0442\u0438\u043d\u0435 \u041f\u0440\u0435\u0448\u0435\u0432\u043e, \u0411\u0443\u0458\u0430\u043d\u043e\u0432\u0430\u0446 \u0438 \u041c\u0435\u0434\u0432\u0435\u0452a\",\"description\":\"\",\"publisher\":{\"@id\":\"https:\\\/\\\/kt.gov.rs\\\/#organization\"},\"alternateName\":\"\u041a\u043e\u043e\u0440\u0434\u0438\u043d\u0430\u0446\u0438\u043e\u043d\u043e \u0442\u0435\u043b\u043e\",\"potentialAction\":[{\"@type\":\"SearchAction\",\"target\":{\"@type\":\"EntryPoint\",\"urlTemplate\":\"https:\\\/\\\/kt.gov.rs\\\/?s={search_term_string}\"},\"query-input\":{\"@type\":\"PropertyValueSpecification\",\"valueRequired\":true,\"valueName\":\"search_term_string\"}}],\"inLanguage\":\"sq-AL\"},{\"@type\":\"Organization\",\"@id\":\"https:\\\/\\\/kt.gov.rs\\\/#organization\",\"name\":\"\u041a\u043e\u043e\u0440\u0434\u0438\u043d\u0430\u0446\u0438\u043e\u043d\u043e \u0442\u0435\u043b\u043e \u0412\u043b\u0430\u0434\u0435 \u0420\u0435\u043f\u0443\u0431\u043b\u0438\u043a\u0435 \u0421\u0440\u0431\u0438\u0458\u0435 \u0437\u0430 \u043e\u043f\u0448\u0442\u0438\u043d\u0435 \u041f\u0440\u0435\u0448\u0435\u0432\u043e, \u0411\u0443\u0458\u0430\u043d\u043e\u0432\u0430\u0446 \u0438 \u041c\u0435\u0434\u0432\u0435\u0452a\",\"alternateName\":\"\u041a\u043e\u043e\u0440\u0434\u0438\u043d\u0430\u0446\u0438\u043e\u043d\u043e \u0442\u0435\u043b\u043e\",\"url\":\"https:\\\/\\\/kt.gov.rs\\\/\",\"logo\":{\"@type\":\"ImageObject\",\"inLanguage\":\"sq-AL\",\"@id\":\"https:\\\/\\\/kt.gov.rs\\\/#\\\/schema\\\/logo\\\/image\\\/\",\"url\":\"https:\\\/\\\/kt.gov.rs\\\/wp-content\\\/uploads\\\/2024\\\/12\\\/koord2.jpg\",\"contentUrl\":\"https:\\\/\\\/kt.gov.rs\\\/wp-content\\\/uploads\\\/2024\\\/12\\\/koord2.jpg\",\"width\":640,\"height\":480,\"caption\":\"\u041a\u043e\u043e\u0440\u0434\u0438\u043d\u0430\u0446\u0438\u043e\u043d\u043e \u0442\u0435\u043b\u043e \u0412\u043b\u0430\u0434\u0435 \u0420\u0435\u043f\u0443\u0431\u043b\u0438\u043a\u0435 \u0421\u0440\u0431\u0438\u0458\u0435 \u0437\u0430 \u043e\u043f\u0448\u0442\u0438\u043d\u0435 \u041f\u0440\u0435\u0448\u0435\u0432\u043e, \u0411\u0443\u0458\u0430\u043d\u043e\u0432\u0430\u0446 \u0438 \u041c\u0435\u0434\u0432\u0435\u0452a\"},\"image\":{\"@id\":\"https:\\\/\\\/kt.gov.rs\\\/#\\\/schema\\\/logo\\\/image\\\/\"},\"sameAs\":[\"https:\\\/\\\/www.facebook.com\\\/SluzbaKoordinacionogTelaVladeRepublikeSrbije\",\"https:\\\/\\\/x.com\\\/kt_gov\",\"https:\\\/\\\/www.youtube.com\\\/@koordinacionotelo\"]},{\"@type\":\"Person\",\"@id\":\"https:\\\/\\\/kt.gov.rs\\\/#\\\/schema\\\/person\\\/e426459ddb4173309103390602694571\",\"name\":\"ktmin\",\"image\":{\"@type\":\"ImageObject\",\"inLanguage\":\"sq-AL\",\"@id\":\"https:\\\/\\\/secure.gravatar.com\\\/avatar\\\/3985c961109853010c3fbc7ba30365bfba5db3dd6c525831d9c595c7525a615a?s=96&d=mm&r=g\",\"url\":\"https:\\\/\\\/secure.gravatar.com\\\/avatar\\\/3985c961109853010c3fbc7ba30365bfba5db3dd6c525831d9c595c7525a615a?s=96&d=mm&r=g\",\"contentUrl\":\"https:\\\/\\\/secure.gravatar.com\\\/avatar\\\/3985c961109853010c3fbc7ba30365bfba5db3dd6c525831d9c595c7525a615a?s=96&d=mm&r=g\",\"caption\":\"ktmin\"},\"sameAs\":[\"https:\\\/\\\/kt.gov.rs\"],\"url\":\"https:\\\/\\\/kt.gov.rs\\\/sq\\\/author\\\/ktmin\\\/\"}]}<\/script>\n<!-- \/ Yoast SEO plugin. -->","yoast_head_json":{"title":"PROJEKTI INKURAJUES I P\u00cbRGJEGJ\u00cbSIS SHOQ\u00cbRORE - Republika e S\u00ebrbis\u00eb Trupi Koordinues p\u00ebr komunat Bujanoc, Preshev\u00eb dhe Medvegj\u00eb","robots":{"index":"index","follow":"follow","max-snippet":"max-snippet:-1","max-image-preview":"max-image-preview:large","max-video-preview":"max-video-preview:-1"},"canonical":"https:\/\/kt.gov.rs\/sq\/projekti-inkurajues-i-pergjegjesis-shoqerore\/","og_locale":"sq_AL","og_type":"article","og_title":"PROJEKTI INKURAJUES I P\u00cbRGJEGJ\u00cbSIS SHOQ\u00cbRORE - Republika e S\u00ebrbis\u00eb Trupi Koordinues p\u00ebr komunat Bujanoc, Preshev\u00eb dhe Medvegj\u00eb","og_description":"Nj\u00eb grup prej nj\u00ebzet e nj\u00eb p\u00ebrfaq\u00ebsuesve t\u00eb shoq\u00ebris\u00eb publike, private dhe civile diskutuan mund\u00ebsit\u00eb p\u00ebr bashk\u00ebpunim n\u00eb mes t\u00eb sektorit t\u00eb biznesit dhe bashk\u00ebsive lokale, p\u00ebrmes iniciativave t\u00eb p\u00ebrgjegj\u00ebsis\u00eb korporative sociale. N\u00eb mesin e pjes\u00ebmarr\u00ebsve ishin drejtori i p\u00ebrgjithsh\u00ebm i BAT (British American Tobacco), dhe p\u00ebrfaq\u00ebsues t\u00eb zyr\u00ebs s\u00eb zhvillimit ekonomik dhe agjencis\u00eb rajonale p\u00ebr zvilim nw rrethi e Jablanic\u00ebs dhe Pcinj\u00ebs.","og_url":"https:\/\/kt.gov.rs\/sq\/projekti-inkurajues-i-pergjegjesis-shoqerore\/","og_site_name":"Republika e S\u00ebrbis\u00eb Trupi Koordinues p\u00ebr komunat Bujanoc, Preshev\u00eb dhe Medvegj\u00eb","article_publisher":"https:\/\/www.facebook.com\/SluzbaKoordinacionogTelaVladeRepublikeSrbije","article_published_time":"2012-07-19T00:00:00+00:00","author":"ktmin","twitter_card":"summary_large_image","twitter_creator":"@kt_gov","twitter_site":"@kt_gov","twitter_misc":{"Written by":"ktmin","Est. reading time":"2 minutes"},"schema":{"@context":"https:\/\/schema.org","@graph":[{"@type":"Article","@id":"https:\/\/kt.gov.rs\/sq\/projekti-inkurajues-i-pergjegjesis-shoqerore\/#article","isPartOf":{"@id":"https:\/\/kt.gov.rs\/sq\/projekti-inkurajues-i-pergjegjesis-shoqerore\/"},"author":{"name":"ktmin","@id":"https:\/\/kt.gov.rs\/#\/schema\/person\/e426459ddb4173309103390602694571"},"headline":"PROJEKTI INKURAJUES I P\u00cbRGJEGJ\u00cbSIS SHOQ\u00cbRORE","datePublished":"2012-07-19T00:00:00+00:00","mainEntityOfPage":{"@id":"https:\/\/kt.gov.rs\/sq\/projekti-inkurajues-i-pergjegjesis-shoqerore\/"},"wordCount":324,"publisher":{"@id":"https:\/\/kt.gov.rs\/#organization"},"articleSection":["Lajme"],"inLanguage":"sq-AL"},{"@type":"WebPage","@id":"https:\/\/kt.gov.rs\/sq\/projekti-inkurajues-i-pergjegjesis-shoqerore\/","url":"https:\/\/kt.gov.rs\/sq\/projekti-inkurajues-i-pergjegjesis-shoqerore\/","name":"PROJEKTI INKURAJUES I P\u00cbRGJEGJ\u00cbSIS SHOQ\u00cbRORE - Republika e S\u00ebrbis\u00eb Trupi Koordinues p\u00ebr komunat Bujanoc, Preshev\u00eb dhe Medvegj\u00eb","isPartOf":{"@id":"https:\/\/kt.gov.rs\/#website"},"datePublished":"2012-07-19T00:00:00+00:00","breadcrumb":{"@id":"https:\/\/kt.gov.rs\/sq\/projekti-inkurajues-i-pergjegjesis-shoqerore\/#breadcrumb"},"inLanguage":"sq-AL","potentialAction":[{"@type":"ReadAction","target":["https:\/\/kt.gov.rs\/sq\/projekti-inkurajues-i-pergjegjesis-shoqerore\/"]}]},{"@type":"BreadcrumbList","@id":"https:\/\/kt.gov.rs\/sq\/projekti-inkurajues-i-pergjegjesis-shoqerore\/#breadcrumb","itemListElement":[{"@type":"ListItem","position":1,"name":"\u041f\u043e\u0447\u0435\u0442\u043d\u0430","item":"https:\/\/kt.gov.rs\/sq\/"},{"@type":"ListItem","position":2,"name":"PROJEKTI INKURAJUES I P\u00cbRGJEGJ\u00cbSIS SHOQ\u00cbRORE"}]},{"@type":"WebSite","@id":"https:\/\/kt.gov.rs\/#website","url":"https:\/\/kt.gov.rs\/","name":"\u041a\u043e\u043e\u0440\u0434\u0438\u043d\u0430\u0446\u0438\u043e\u043d\u043e \u0442\u0435\u043b\u043e \u0412\u043b\u0430\u0434\u0435 \u0420\u0435\u043f\u0443\u0431\u043b\u0438\u043a\u0435 \u0421\u0440\u0431\u0438\u0458\u0435 \u0437\u0430 \u043e\u043f\u0448\u0442\u0438\u043d\u0435 \u041f\u0440\u0435\u0448\u0435\u0432\u043e, \u0411\u0443\u0458\u0430\u043d\u043e\u0432\u0430\u0446 \u0438 \u041c\u0435\u0434\u0432\u0435\u0452a","description":"","publisher":{"@id":"https:\/\/kt.gov.rs\/#organization"},"alternateName":"\u041a\u043e\u043e\u0440\u0434\u0438\u043d\u0430\u0446\u0438\u043e\u043d\u043e \u0442\u0435\u043b\u043e","potentialAction":[{"@type":"SearchAction","target":{"@type":"EntryPoint","urlTemplate":"https:\/\/kt.gov.rs\/?s={search_term_string}"},"query-input":{"@type":"PropertyValueSpecification","valueRequired":true,"valueName":"search_term_string"}}],"inLanguage":"sq-AL"},{"@type":"Organization","@id":"https:\/\/kt.gov.rs\/#organization","name":"\u041a\u043e\u043e\u0440\u0434\u0438\u043d\u0430\u0446\u0438\u043e\u043d\u043e \u0442\u0435\u043b\u043e \u0412\u043b\u0430\u0434\u0435 \u0420\u0435\u043f\u0443\u0431\u043b\u0438\u043a\u0435 \u0421\u0440\u0431\u0438\u0458\u0435 \u0437\u0430 \u043e\u043f\u0448\u0442\u0438\u043d\u0435 \u041f\u0440\u0435\u0448\u0435\u0432\u043e, \u0411\u0443\u0458\u0430\u043d\u043e\u0432\u0430\u0446 \u0438 \u041c\u0435\u0434\u0432\u0435\u0452a","alternateName":"\u041a\u043e\u043e\u0440\u0434\u0438\u043d\u0430\u0446\u0438\u043e\u043d\u043e \u0442\u0435\u043b\u043e","url":"https:\/\/kt.gov.rs\/","logo":{"@type":"ImageObject","inLanguage":"sq-AL","@id":"https:\/\/kt.gov.rs\/#\/schema\/logo\/image\/","url":"https:\/\/kt.gov.rs\/wp-content\/uploads\/2024\/12\/koord2.jpg","contentUrl":"https:\/\/kt.gov.rs\/wp-content\/uploads\/2024\/12\/koord2.jpg","width":640,"height":480,"caption":"\u041a\u043e\u043e\u0440\u0434\u0438\u043d\u0430\u0446\u0438\u043e\u043d\u043e \u0442\u0435\u043b\u043e \u0412\u043b\u0430\u0434\u0435 \u0420\u0435\u043f\u0443\u0431\u043b\u0438\u043a\u0435 \u0421\u0440\u0431\u0438\u0458\u0435 \u0437\u0430 \u043e\u043f\u0448\u0442\u0438\u043d\u0435 \u041f\u0440\u0435\u0448\u0435\u0432\u043e, \u0411\u0443\u0458\u0430\u043d\u043e\u0432\u0430\u0446 \u0438 \u041c\u0435\u0434\u0432\u0435\u0452a"},"image":{"@id":"https:\/\/kt.gov.rs\/#\/schema\/logo\/image\/"},"sameAs":["https:\/\/www.facebook.com\/SluzbaKoordinacionogTelaVladeRepublikeSrbije","https:\/\/x.com\/kt_gov","https:\/\/www.youtube.com\/@koordinacionotelo"]},{"@type":"Person","@id":"https:\/\/kt.gov.rs\/#\/schema\/person\/e426459ddb4173309103390602694571","name":"ktmin","image":{"@type":"ImageObject","inLanguage":"sq-AL","@id":"https:\/\/secure.gravatar.com\/avatar\/3985c961109853010c3fbc7ba30365bfba5db3dd6c525831d9c595c7525a615a?s=96&d=mm&r=g","url":"https:\/\/secure.gravatar.com\/avatar\/3985c961109853010c3fbc7ba30365bfba5db3dd6c525831d9c595c7525a615a?s=96&d=mm&r=g","contentUrl":"https:\/\/secure.gravatar.com\/avatar\/3985c961109853010c3fbc7ba30365bfba5db3dd6c525831d9c595c7525a615a?s=96&d=mm&r=g","caption":"ktmin"},"sameAs":["https:\/\/kt.gov.rs"],"url":"https:\/\/kt.gov.rs\/sq\/author\/ktmin\/"}]}},"_links":{"self":[{"href":"https:\/\/kt.gov.rs\/sq\/wp-json\/wp\/v2\/posts\/141909","targetHints":{"allow":["GET"]}}],"collection":[{"href":"https:\/\/kt.gov.rs\/sq\/wp-json\/wp\/v2\/posts"}],"about":[{"href":"https:\/\/kt.gov.rs\/sq\/wp-json\/wp\/v2\/types\/post"}],"author":[{"embeddable":true,"href":"https:\/\/kt.gov.rs\/sq\/wp-json\/wp\/v2\/users\/1"}],"replies":[{"embeddable":true,"href":"https:\/\/kt.gov.rs\/sq\/wp-json\/wp\/v2\/comments?post=141909"}],"version-history":[{"count":0,"href":"https:\/\/kt.gov.rs\/sq\/wp-json\/wp\/v2\/posts\/141909\/revisions"}],"wp:attachment":[{"href":"https:\/\/kt.gov.rs\/sq\/wp-json\/wp\/v2\/media?parent=141909"}],"wp:term":[{"taxonomy":"category","embeddable":true,"href":"https:\/\/kt.gov.rs\/sq\/wp-json\/wp\/v2\/categories?post=141909"},{"taxonomy":"post_tag","embeddable":true,"href":"https:\/\/kt.gov.rs\/sq\/wp-json\/wp\/v2\/tags?post=141909"}],"curies":[{"name":"wp","href":"https:\/\/api.w.org\/{rel}","templated":true}]}}