{"id":141906,"date":"2012-07-31T00:00:00","date_gmt":"2012-07-31T00:00:00","guid":{"rendered":"http:\/\/kt.printandscreen.rs\/konkurs-per-te-rinjte-ne-bujanovc\/"},"modified":"2012-07-31T00:00:00","modified_gmt":"2012-07-31T00:00:00","slug":"konkurs-per-te-rinjte-ne-bujanovc","status":"publish","type":"post","link":"https:\/\/kt.gov.rs\/sq\/konkurs-per-te-rinjte-ne-bujanovc\/","title":{"rendered":"KONKURS P\u00cbR T\u00cb RINJT\u00cb N\u00cb BUJANOVC"},"content":{"rendered":"<p>\n\t\u00a0Je i\/e pa punsuar je n\u00eb mes 15 deri 30 vjet? Jeton n\u00eb Vranj\u00eb, Bujanoc dhe Preshev\u00eb? Do t\u00eb b\u00ebh\u00ebsh aktiv\/e? Nuk ke p\u00ebrvoj pune? Do t\u00eb m\u00ebsosh dhe t\u00eb kuptosh t\u00eb gjitha p\u00ebr mund\u00ebsit p\u00ebr p\u00ebrvoj\u00eb, praktik dhe nd\u00ebrrmarsi? Ky\u00e7u n\u00eb projektin \u201eYouthBuild Srbija \u2013 T\u00eb rit\u00eb e arsimuar dhe aktiv\u201c\u00a0 dhe b\u00ebhu nj\u00ebri\/a nga 40 t\u00eb rinjt\u00eb t\u00eb cilat n\u00eb trajnim gjasht\u00eb mujor\u00eb do t\u00eb fitojn\u00eb aft\u00ebsit e nevojshme p\u00ebr punsim dhe aktivitet n\u00eb bashk\u00ebsin lokale.D\u00ebrgoje aplikacionin e plotsuar deri m\u00eb 3. shtator\u00eb 2012 n\u00eb <a href=\"mailto:lirije@gradjanske.org\">lirije@gradjanske.org<\/a> dhe b\u00ebhu pjes e ekipit \u201eYouthBuild Srbija \u2013 T\u00eb rinjt\u00eb e arsimuar dhe aktiv\u201d!<\/p>\n<p>\n\tProjekti \u201eYouthBuild Srbija \u2013 T\u00eb rinjt\u00eb e arsimuar dhe aktiv\u201d marrin trajnim intenziv p\u00ebr aft\u00ebsi t\u00eb nevojshme p\u00ebr punsim dhe aktivitet n\u00eb bashk\u00ebsin lokale, si dhe mentorim p\u00ebr 40 t\u00eb\u00eb rinjt\u00eb n\u00eb Bujanovc, Preshev\u00eb dhe Vranj\u00eb. Grupa 40 pjes\u00ebmarr\u00ebsve me mosh\u00eb prej \u02e1 deri n\u00eb 30 vjet\u00eb, nga Bujanoci, Presheva dhe Vranja, do t\u00eb kalojn\u00eb gjasht\u00eb muaj dhe do t\u00eb marrin pjes n\u00eb dy fazat e projektit. Kat\u00ebr mujorin e par\u00eb do t\u00eb kalojn n\u00eb m\u00ebsim intenziv n\u00eb Qendr\u00ebn p\u00ebr trajnim n\u00eb Bujanoc, ku do t\u00eb mblidhen \u00e7do dit\u00eb p\u00ebr shumllojshm\u00ebri t\u00eb aktiviteteve edukative, seminare. K\u00ebshilla dhe mb\u00ebshtetje. Gjat\u00eb k\u00ebsaj faze, pjesmarr\u00ebt do t\u00eb kalojn koh\u00ebn edhe n\u00eb disa projekte t\u00eb dobishme shoqrore mbrenda bashk\u00ebsis,\u00a0 k\u00ebshtu q\u00eb n\u00eb tre muajt e par\u00eb do t\u00eb angazhohen n\u00eb dy m\u00ebnyra:<\/p>\n<p>\n\t1.Aktivitetet brenda n\u00eb klas\u00eb, p\u00ebrmes t\u00eb cilit do t\u00eb p\u00ebrmisojn\u00eb aft\u00ebsit e tyre gjuh\u00ebsore dhe arsimim finasiar\u00eb, m\u00ebsojn shkatht\u00ebsi praktike,aftesi komunikuese,kalojn\u00eb n\u00ebp\u00ebr trajnime udh\u00ebheq\u00ebs\u00eb dhe aft\u00ebsi sociale,\u00a0\u00a0\u00a0\u00a0\u00a0\u00a0\u00a0<\/p>\n<p>\n\t2,N\u00eb aktivitete lidhur me projektet brenda bashk\u00ebsis\u00eb, q\u00eb potencialin e t\u00eb rinjve e b\u00ebjn\u00eb t\u00eb duksh\u00ebm dhe ofrojn\u00eb p\u00ebrvoj\u00eb praktike pune.<\/p>\n<p>\n\tN\u00eb faz\u00ebn e dyt\u00eb, e\u00a0 cila do t\u00eb zgjat\u00eb dy muaj, Iniciativat Qytetare do t&#39;u ndihmojn\u00eb pjes\u00ebmarr\u00ebsve me rastin e k\u00ebrkimit t\u00eb vendeve t\u00eb pun\u00ebs dhe praktikave, si dhe me rastin e projekteve nd\u00ebrmarr\u00ebse t\u00eb krijoj\u00eb kontakte me institucione dhe aktivitete t\u00eb tjera q\u00eb lidhen me arritjen e pavar\u00ebsis\u00eb ekonomike t\u00eb rinjve. Nj\u00eb her\u00eb n\u00eb jav\u00eb pjes\u00ebmarr\u00ebsit do t\u00eb kthehen n\u00eb qendr\u00ebn e trajnimit p\u00ebr konsultime shtes\u00eb dhe sh\u00ebrbime t\u00eb zhvillimit professional.<\/p>\n<p>\n\tElementet e arsimimit social e qytetar\u00eb do t\u00eb jen\u00eb t\u00eb p\u00ebrfshira n\u00eb t\u00eb dy fazat e programit. Pjes\u00ebmarr\u00ebsve gjithashtu do t&#39;u sigurohen bursa. Trajnimi fillestar p\u00ebr pjes\u00ebmarr\u00ebsit\u00a0\u00ebsht\u00eb planifikuar prej 12-14 shtator\u00a0 pas t\u00eb cilit do t\u00eb p\u00ebrzgjedhen pjes\u00ebmarr\u00ebsit e programit gjasht\u00ebmujor.<\/p>\n<p>\n\t<strong><strong>YouthBuild&quot; \u00ebsht\u00eb model q\u00eb \u00ebsht\u00eb zbatuar dhe ka dh\u00ebn\u00eb rezultate t\u00eb jasht\u00ebzakonshme n\u00eb 15 vende n\u00eb mbar\u00eb bot\u00ebn. Me mbi 30 vjet p\u00ebrvoj\u00eb \u201eYouthBuild&quot; i ka p\u00ebrgatitur mbi 94.000 njer\u00ebz t\u00eb rinj\u00eb p\u00ebr t\u00eb qen\u00eb aktiv, t\u00eb angazhuar dhe p\u00ebr ta nd\u00ebrtuar vet\u00eb bashk\u00ebsin\u00eb e vet.<\/strong><\/strong> <strong><strong>Projektin \u201eYouthBuild Serbia \u2013 t\u00eb rinj\u00ebt e edukuar dhe aktiv e implementojn\u00eb Iniciativat qytetare, me ndihm\u00ebn e Caritas Luksemburg dhe YouthBuild International.<\/strong><\/strong><\/p>\n","protected":false},"excerpt":{"rendered":"<p>\u00a0Je i\/e pa punsuar je n\u00eb mes 15 deri 30 vjet? Jeton n\u00eb Vranj\u00eb, Bujanoc dhe Preshev\u00eb? Do t\u00eb b\u00ebh\u00ebsh aktiv\/e? Nuk ke p\u00ebrvoj pune? Do t\u00eb m\u00ebsosh dhe t\u00eb kuptosh t\u00eb gjitha p\u00ebr mund\u00ebsit p\u00ebr p\u00ebrvoj\u00eb, praktik dhe nd\u00ebrrmarsi? Ky\u00e7u n\u00eb projektin \u201eYouthBuild Srbija \u2013 T\u00eb rit\u00eb e arsimuar dhe aktiv\u201c\u00a0 dhe b\u00ebhu nj\u00ebri\/a nga 40 t\u00eb rinjt\u00eb t\u00eb cilat n\u00eb trajnim gjasht\u00eb mujor\u00eb do t\u00eb fitojn\u00eb aft\u00ebsit e nevojshme p\u00ebr punsim dhe aktivitet n\u00eb bashk\u00ebsin lokale.D\u00ebrgoje aplikacionin e plotsuar deri m\u00eb 3. shtator\u00eb 2012 n\u00eb lirije@gradjanske.org dhe b\u00ebhu pjes e ekipit \u201eYouthBuild Srbija \u2013 T\u00eb rinjt\u00eb e arsimuar dhe aktiv\u201d!<\/p>\n","protected":false},"author":1,"featured_media":0,"comment_status":"closed","ping_status":"closed","sticky":false,"template":"","format":"standard","meta":{"footnotes":""},"categories":[55],"tags":[],"class_list":["post-141906","post","type-post","status-publish","format-standard","hentry","category-lajme"],"yoast_head":"<!-- This site is optimized with the Yoast SEO plugin v27.5 - https:\/\/yoast.com\/product\/yoast-seo-wordpress\/ -->\n<title>KONKURS P\u00cbR T\u00cb RINJT\u00cb N\u00cb BUJANOVC - Republika e S\u00ebrbis\u00eb Trupi Koordinues p\u00ebr komunat Bujanoc, Preshev\u00eb dhe Medvegj\u00eb<\/title>\n<meta name=\"robots\" content=\"index, follow, max-snippet:-1, max-image-preview:large, max-video-preview:-1\" \/>\n<link rel=\"canonical\" href=\"https:\/\/kt.gov.rs\/sq\/konkurs-per-te-rinjte-ne-bujanovc\/\" \/>\n<meta property=\"og:locale\" content=\"sq_AL\" \/>\n<meta property=\"og:type\" content=\"article\" \/>\n<meta property=\"og:title\" content=\"KONKURS P\u00cbR T\u00cb RINJT\u00cb N\u00cb BUJANOVC - Republika e S\u00ebrbis\u00eb Trupi Koordinues p\u00ebr komunat Bujanoc, Preshev\u00eb dhe Medvegj\u00eb\" \/>\n<meta property=\"og:description\" content=\"\u00a0Je i\/e pa punsuar je n\u00eb mes 15 deri 30 vjet? Jeton n\u00eb Vranj\u00eb, Bujanoc dhe Preshev\u00eb? Do t\u00eb b\u00ebh\u00ebsh aktiv\/e? Nuk ke p\u00ebrvoj pune? Do t\u00eb m\u00ebsosh dhe t\u00eb kuptosh t\u00eb gjitha p\u00ebr mund\u00ebsit p\u00ebr p\u00ebrvoj\u00eb, praktik dhe nd\u00ebrrmarsi? Ky\u00e7u n\u00eb projektin \u201eYouthBuild Srbija \u2013 T\u00eb rit\u00eb e arsimuar dhe aktiv\u201c\u00a0 dhe b\u00ebhu nj\u00ebri\/a nga 40 t\u00eb rinjt\u00eb t\u00eb cilat n\u00eb trajnim gjasht\u00eb mujor\u00eb do t\u00eb fitojn\u00eb aft\u00ebsit e nevojshme p\u00ebr punsim dhe aktivitet n\u00eb bashk\u00ebsin lokale.D\u00ebrgoje aplikacionin e plotsuar deri m\u00eb 3. shtator\u00eb 2012 n\u00eb lirije@gradjanske.org dhe b\u00ebhu pjes e ekipit \u201eYouthBuild Srbija \u2013 T\u00eb rinjt\u00eb e arsimuar dhe aktiv\u201d!\" \/>\n<meta property=\"og:url\" content=\"https:\/\/kt.gov.rs\/sq\/konkurs-per-te-rinjte-ne-bujanovc\/\" \/>\n<meta property=\"og:site_name\" content=\"Republika e S\u00ebrbis\u00eb Trupi Koordinues p\u00ebr komunat Bujanoc, Preshev\u00eb dhe Medvegj\u00eb\" \/>\n<meta property=\"article:publisher\" content=\"https:\/\/www.facebook.com\/SluzbaKoordinacionogTelaVladeRepublikeSrbije\" \/>\n<meta property=\"article:published_time\" content=\"2012-07-31T00:00:00+00:00\" \/>\n<meta name=\"author\" content=\"ktmin\" \/>\n<meta name=\"twitter:card\" content=\"summary_large_image\" \/>\n<meta name=\"twitter:creator\" content=\"@kt_gov\" \/>\n<meta name=\"twitter:site\" content=\"@kt_gov\" \/>\n<meta name=\"twitter:label1\" content=\"Written by\" \/>\n\t<meta name=\"twitter:data1\" content=\"ktmin\" \/>\n\t<meta name=\"twitter:label2\" content=\"Est. reading time\" \/>\n\t<meta name=\"twitter:data2\" content=\"4 minutes\" \/>\n<script type=\"application\/ld+json\" class=\"yoast-schema-graph\">{\"@context\":\"https:\\\/\\\/schema.org\",\"@graph\":[{\"@type\":\"Article\",\"@id\":\"https:\\\/\\\/kt.gov.rs\\\/sq\\\/konkurs-per-te-rinjte-ne-bujanovc\\\/#article\",\"isPartOf\":{\"@id\":\"https:\\\/\\\/kt.gov.rs\\\/sq\\\/konkurs-per-te-rinjte-ne-bujanovc\\\/\"},\"author\":{\"name\":\"ktmin\",\"@id\":\"https:\\\/\\\/kt.gov.rs\\\/#\\\/schema\\\/person\\\/e426459ddb4173309103390602694571\"},\"headline\":\"KONKURS P\u00cbR T\u00cb RINJT\u00cb N\u00cb BUJANOVC\",\"datePublished\":\"2012-07-31T00:00:00+00:00\",\"mainEntityOfPage\":{\"@id\":\"https:\\\/\\\/kt.gov.rs\\\/sq\\\/konkurs-per-te-rinjte-ne-bujanovc\\\/\"},\"wordCount\":793,\"publisher\":{\"@id\":\"https:\\\/\\\/kt.gov.rs\\\/#organization\"},\"articleSection\":[\"Lajme\"],\"inLanguage\":\"sq-AL\"},{\"@type\":\"WebPage\",\"@id\":\"https:\\\/\\\/kt.gov.rs\\\/sq\\\/konkurs-per-te-rinjte-ne-bujanovc\\\/\",\"url\":\"https:\\\/\\\/kt.gov.rs\\\/sq\\\/konkurs-per-te-rinjte-ne-bujanovc\\\/\",\"name\":\"KONKURS P\u00cbR T\u00cb RINJT\u00cb N\u00cb BUJANOVC - Republika e S\u00ebrbis\u00eb Trupi Koordinues p\u00ebr komunat Bujanoc, Preshev\u00eb dhe Medvegj\u00eb\",\"isPartOf\":{\"@id\":\"https:\\\/\\\/kt.gov.rs\\\/#website\"},\"datePublished\":\"2012-07-31T00:00:00+00:00\",\"breadcrumb\":{\"@id\":\"https:\\\/\\\/kt.gov.rs\\\/sq\\\/konkurs-per-te-rinjte-ne-bujanovc\\\/#breadcrumb\"},\"inLanguage\":\"sq-AL\",\"potentialAction\":[{\"@type\":\"ReadAction\",\"target\":[\"https:\\\/\\\/kt.gov.rs\\\/sq\\\/konkurs-per-te-rinjte-ne-bujanovc\\\/\"]}]},{\"@type\":\"BreadcrumbList\",\"@id\":\"https:\\\/\\\/kt.gov.rs\\\/sq\\\/konkurs-per-te-rinjte-ne-bujanovc\\\/#breadcrumb\",\"itemListElement\":[{\"@type\":\"ListItem\",\"position\":1,\"name\":\"\u041f\u043e\u0447\u0435\u0442\u043d\u0430\",\"item\":\"https:\\\/\\\/kt.gov.rs\\\/sq\\\/\"},{\"@type\":\"ListItem\",\"position\":2,\"name\":\"KONKURS P\u00cbR T\u00cb RINJT\u00cb N\u00cb BUJANOVC\"}]},{\"@type\":\"WebSite\",\"@id\":\"https:\\\/\\\/kt.gov.rs\\\/#website\",\"url\":\"https:\\\/\\\/kt.gov.rs\\\/\",\"name\":\"\u041a\u043e\u043e\u0440\u0434\u0438\u043d\u0430\u0446\u0438\u043e\u043d\u043e \u0442\u0435\u043b\u043e \u0412\u043b\u0430\u0434\u0435 \u0420\u0435\u043f\u0443\u0431\u043b\u0438\u043a\u0435 \u0421\u0440\u0431\u0438\u0458\u0435 \u0437\u0430 \u043e\u043f\u0448\u0442\u0438\u043d\u0435 \u041f\u0440\u0435\u0448\u0435\u0432\u043e, \u0411\u0443\u0458\u0430\u043d\u043e\u0432\u0430\u0446 \u0438 \u041c\u0435\u0434\u0432\u0435\u0452a\",\"description\":\"\",\"publisher\":{\"@id\":\"https:\\\/\\\/kt.gov.rs\\\/#organization\"},\"alternateName\":\"\u041a\u043e\u043e\u0440\u0434\u0438\u043d\u0430\u0446\u0438\u043e\u043d\u043e \u0442\u0435\u043b\u043e\",\"potentialAction\":[{\"@type\":\"SearchAction\",\"target\":{\"@type\":\"EntryPoint\",\"urlTemplate\":\"https:\\\/\\\/kt.gov.rs\\\/?s={search_term_string}\"},\"query-input\":{\"@type\":\"PropertyValueSpecification\",\"valueRequired\":true,\"valueName\":\"search_term_string\"}}],\"inLanguage\":\"sq-AL\"},{\"@type\":\"Organization\",\"@id\":\"https:\\\/\\\/kt.gov.rs\\\/#organization\",\"name\":\"\u041a\u043e\u043e\u0440\u0434\u0438\u043d\u0430\u0446\u0438\u043e\u043d\u043e \u0442\u0435\u043b\u043e \u0412\u043b\u0430\u0434\u0435 \u0420\u0435\u043f\u0443\u0431\u043b\u0438\u043a\u0435 \u0421\u0440\u0431\u0438\u0458\u0435 \u0437\u0430 \u043e\u043f\u0448\u0442\u0438\u043d\u0435 \u041f\u0440\u0435\u0448\u0435\u0432\u043e, \u0411\u0443\u0458\u0430\u043d\u043e\u0432\u0430\u0446 \u0438 \u041c\u0435\u0434\u0432\u0435\u0452a\",\"alternateName\":\"\u041a\u043e\u043e\u0440\u0434\u0438\u043d\u0430\u0446\u0438\u043e\u043d\u043e \u0442\u0435\u043b\u043e\",\"url\":\"https:\\\/\\\/kt.gov.rs\\\/\",\"logo\":{\"@type\":\"ImageObject\",\"inLanguage\":\"sq-AL\",\"@id\":\"https:\\\/\\\/kt.gov.rs\\\/#\\\/schema\\\/logo\\\/image\\\/\",\"url\":\"https:\\\/\\\/kt.gov.rs\\\/wp-content\\\/uploads\\\/2024\\\/12\\\/koord2.jpg\",\"contentUrl\":\"https:\\\/\\\/kt.gov.rs\\\/wp-content\\\/uploads\\\/2024\\\/12\\\/koord2.jpg\",\"width\":640,\"height\":480,\"caption\":\"\u041a\u043e\u043e\u0440\u0434\u0438\u043d\u0430\u0446\u0438\u043e\u043d\u043e \u0442\u0435\u043b\u043e \u0412\u043b\u0430\u0434\u0435 \u0420\u0435\u043f\u0443\u0431\u043b\u0438\u043a\u0435 \u0421\u0440\u0431\u0438\u0458\u0435 \u0437\u0430 \u043e\u043f\u0448\u0442\u0438\u043d\u0435 \u041f\u0440\u0435\u0448\u0435\u0432\u043e, \u0411\u0443\u0458\u0430\u043d\u043e\u0432\u0430\u0446 \u0438 \u041c\u0435\u0434\u0432\u0435\u0452a\"},\"image\":{\"@id\":\"https:\\\/\\\/kt.gov.rs\\\/#\\\/schema\\\/logo\\\/image\\\/\"},\"sameAs\":[\"https:\\\/\\\/www.facebook.com\\\/SluzbaKoordinacionogTelaVladeRepublikeSrbije\",\"https:\\\/\\\/x.com\\\/kt_gov\",\"https:\\\/\\\/www.youtube.com\\\/@koordinacionotelo\"]},{\"@type\":\"Person\",\"@id\":\"https:\\\/\\\/kt.gov.rs\\\/#\\\/schema\\\/person\\\/e426459ddb4173309103390602694571\",\"name\":\"ktmin\",\"image\":{\"@type\":\"ImageObject\",\"inLanguage\":\"sq-AL\",\"@id\":\"https:\\\/\\\/secure.gravatar.com\\\/avatar\\\/3985c961109853010c3fbc7ba30365bfba5db3dd6c525831d9c595c7525a615a?s=96&d=mm&r=g\",\"url\":\"https:\\\/\\\/secure.gravatar.com\\\/avatar\\\/3985c961109853010c3fbc7ba30365bfba5db3dd6c525831d9c595c7525a615a?s=96&d=mm&r=g\",\"contentUrl\":\"https:\\\/\\\/secure.gravatar.com\\\/avatar\\\/3985c961109853010c3fbc7ba30365bfba5db3dd6c525831d9c595c7525a615a?s=96&d=mm&r=g\",\"caption\":\"ktmin\"},\"sameAs\":[\"https:\\\/\\\/kt.gov.rs\"],\"url\":\"https:\\\/\\\/kt.gov.rs\\\/sq\\\/author\\\/ktmin\\\/\"}]}<\/script>\n<!-- \/ Yoast SEO plugin. -->","yoast_head_json":{"title":"KONKURS P\u00cbR T\u00cb RINJT\u00cb N\u00cb BUJANOVC - Republika e S\u00ebrbis\u00eb Trupi Koordinues p\u00ebr komunat Bujanoc, Preshev\u00eb dhe Medvegj\u00eb","robots":{"index":"index","follow":"follow","max-snippet":"max-snippet:-1","max-image-preview":"max-image-preview:large","max-video-preview":"max-video-preview:-1"},"canonical":"https:\/\/kt.gov.rs\/sq\/konkurs-per-te-rinjte-ne-bujanovc\/","og_locale":"sq_AL","og_type":"article","og_title":"KONKURS P\u00cbR T\u00cb RINJT\u00cb N\u00cb BUJANOVC - Republika e S\u00ebrbis\u00eb Trupi Koordinues p\u00ebr komunat Bujanoc, Preshev\u00eb dhe Medvegj\u00eb","og_description":"\u00a0Je i\/e pa punsuar je n\u00eb mes 15 deri 30 vjet? Jeton n\u00eb Vranj\u00eb, Bujanoc dhe Preshev\u00eb? Do t\u00eb b\u00ebh\u00ebsh aktiv\/e? Nuk ke p\u00ebrvoj pune? Do t\u00eb m\u00ebsosh dhe t\u00eb kuptosh t\u00eb gjitha p\u00ebr mund\u00ebsit p\u00ebr p\u00ebrvoj\u00eb, praktik dhe nd\u00ebrrmarsi? Ky\u00e7u n\u00eb projektin \u201eYouthBuild Srbija \u2013 T\u00eb rit\u00eb e arsimuar dhe aktiv\u201c\u00a0 dhe b\u00ebhu nj\u00ebri\/a nga 40 t\u00eb rinjt\u00eb t\u00eb cilat n\u00eb trajnim gjasht\u00eb mujor\u00eb do t\u00eb fitojn\u00eb aft\u00ebsit e nevojshme p\u00ebr punsim dhe aktivitet n\u00eb bashk\u00ebsin lokale.D\u00ebrgoje aplikacionin e plotsuar deri m\u00eb 3. shtator\u00eb 2012 n\u00eb lirije@gradjanske.org dhe b\u00ebhu pjes e ekipit \u201eYouthBuild Srbija \u2013 T\u00eb rinjt\u00eb e arsimuar dhe aktiv\u201d!","og_url":"https:\/\/kt.gov.rs\/sq\/konkurs-per-te-rinjte-ne-bujanovc\/","og_site_name":"Republika e S\u00ebrbis\u00eb Trupi Koordinues p\u00ebr komunat Bujanoc, Preshev\u00eb dhe Medvegj\u00eb","article_publisher":"https:\/\/www.facebook.com\/SluzbaKoordinacionogTelaVladeRepublikeSrbije","article_published_time":"2012-07-31T00:00:00+00:00","author":"ktmin","twitter_card":"summary_large_image","twitter_creator":"@kt_gov","twitter_site":"@kt_gov","twitter_misc":{"Written by":"ktmin","Est. reading time":"4 minutes"},"schema":{"@context":"https:\/\/schema.org","@graph":[{"@type":"Article","@id":"https:\/\/kt.gov.rs\/sq\/konkurs-per-te-rinjte-ne-bujanovc\/#article","isPartOf":{"@id":"https:\/\/kt.gov.rs\/sq\/konkurs-per-te-rinjte-ne-bujanovc\/"},"author":{"name":"ktmin","@id":"https:\/\/kt.gov.rs\/#\/schema\/person\/e426459ddb4173309103390602694571"},"headline":"KONKURS P\u00cbR T\u00cb RINJT\u00cb N\u00cb BUJANOVC","datePublished":"2012-07-31T00:00:00+00:00","mainEntityOfPage":{"@id":"https:\/\/kt.gov.rs\/sq\/konkurs-per-te-rinjte-ne-bujanovc\/"},"wordCount":793,"publisher":{"@id":"https:\/\/kt.gov.rs\/#organization"},"articleSection":["Lajme"],"inLanguage":"sq-AL"},{"@type":"WebPage","@id":"https:\/\/kt.gov.rs\/sq\/konkurs-per-te-rinjte-ne-bujanovc\/","url":"https:\/\/kt.gov.rs\/sq\/konkurs-per-te-rinjte-ne-bujanovc\/","name":"KONKURS P\u00cbR T\u00cb RINJT\u00cb N\u00cb BUJANOVC - Republika e S\u00ebrbis\u00eb Trupi Koordinues p\u00ebr komunat Bujanoc, Preshev\u00eb dhe Medvegj\u00eb","isPartOf":{"@id":"https:\/\/kt.gov.rs\/#website"},"datePublished":"2012-07-31T00:00:00+00:00","breadcrumb":{"@id":"https:\/\/kt.gov.rs\/sq\/konkurs-per-te-rinjte-ne-bujanovc\/#breadcrumb"},"inLanguage":"sq-AL","potentialAction":[{"@type":"ReadAction","target":["https:\/\/kt.gov.rs\/sq\/konkurs-per-te-rinjte-ne-bujanovc\/"]}]},{"@type":"BreadcrumbList","@id":"https:\/\/kt.gov.rs\/sq\/konkurs-per-te-rinjte-ne-bujanovc\/#breadcrumb","itemListElement":[{"@type":"ListItem","position":1,"name":"\u041f\u043e\u0447\u0435\u0442\u043d\u0430","item":"https:\/\/kt.gov.rs\/sq\/"},{"@type":"ListItem","position":2,"name":"KONKURS P\u00cbR T\u00cb RINJT\u00cb N\u00cb BUJANOVC"}]},{"@type":"WebSite","@id":"https:\/\/kt.gov.rs\/#website","url":"https:\/\/kt.gov.rs\/","name":"\u041a\u043e\u043e\u0440\u0434\u0438\u043d\u0430\u0446\u0438\u043e\u043d\u043e \u0442\u0435\u043b\u043e \u0412\u043b\u0430\u0434\u0435 \u0420\u0435\u043f\u0443\u0431\u043b\u0438\u043a\u0435 \u0421\u0440\u0431\u0438\u0458\u0435 \u0437\u0430 \u043e\u043f\u0448\u0442\u0438\u043d\u0435 \u041f\u0440\u0435\u0448\u0435\u0432\u043e, \u0411\u0443\u0458\u0430\u043d\u043e\u0432\u0430\u0446 \u0438 \u041c\u0435\u0434\u0432\u0435\u0452a","description":"","publisher":{"@id":"https:\/\/kt.gov.rs\/#organization"},"alternateName":"\u041a\u043e\u043e\u0440\u0434\u0438\u043d\u0430\u0446\u0438\u043e\u043d\u043e \u0442\u0435\u043b\u043e","potentialAction":[{"@type":"SearchAction","target":{"@type":"EntryPoint","urlTemplate":"https:\/\/kt.gov.rs\/?s={search_term_string}"},"query-input":{"@type":"PropertyValueSpecification","valueRequired":true,"valueName":"search_term_string"}}],"inLanguage":"sq-AL"},{"@type":"Organization","@id":"https:\/\/kt.gov.rs\/#organization","name":"\u041a\u043e\u043e\u0440\u0434\u0438\u043d\u0430\u0446\u0438\u043e\u043d\u043e \u0442\u0435\u043b\u043e \u0412\u043b\u0430\u0434\u0435 \u0420\u0435\u043f\u0443\u0431\u043b\u0438\u043a\u0435 \u0421\u0440\u0431\u0438\u0458\u0435 \u0437\u0430 \u043e\u043f\u0448\u0442\u0438\u043d\u0435 \u041f\u0440\u0435\u0448\u0435\u0432\u043e, \u0411\u0443\u0458\u0430\u043d\u043e\u0432\u0430\u0446 \u0438 \u041c\u0435\u0434\u0432\u0435\u0452a","alternateName":"\u041a\u043e\u043e\u0440\u0434\u0438\u043d\u0430\u0446\u0438\u043e\u043d\u043e \u0442\u0435\u043b\u043e","url":"https:\/\/kt.gov.rs\/","logo":{"@type":"ImageObject","inLanguage":"sq-AL","@id":"https:\/\/kt.gov.rs\/#\/schema\/logo\/image\/","url":"https:\/\/kt.gov.rs\/wp-content\/uploads\/2024\/12\/koord2.jpg","contentUrl":"https:\/\/kt.gov.rs\/wp-content\/uploads\/2024\/12\/koord2.jpg","width":640,"height":480,"caption":"\u041a\u043e\u043e\u0440\u0434\u0438\u043d\u0430\u0446\u0438\u043e\u043d\u043e \u0442\u0435\u043b\u043e \u0412\u043b\u0430\u0434\u0435 \u0420\u0435\u043f\u0443\u0431\u043b\u0438\u043a\u0435 \u0421\u0440\u0431\u0438\u0458\u0435 \u0437\u0430 \u043e\u043f\u0448\u0442\u0438\u043d\u0435 \u041f\u0440\u0435\u0448\u0435\u0432\u043e, \u0411\u0443\u0458\u0430\u043d\u043e\u0432\u0430\u0446 \u0438 \u041c\u0435\u0434\u0432\u0435\u0452a"},"image":{"@id":"https:\/\/kt.gov.rs\/#\/schema\/logo\/image\/"},"sameAs":["https:\/\/www.facebook.com\/SluzbaKoordinacionogTelaVladeRepublikeSrbije","https:\/\/x.com\/kt_gov","https:\/\/www.youtube.com\/@koordinacionotelo"]},{"@type":"Person","@id":"https:\/\/kt.gov.rs\/#\/schema\/person\/e426459ddb4173309103390602694571","name":"ktmin","image":{"@type":"ImageObject","inLanguage":"sq-AL","@id":"https:\/\/secure.gravatar.com\/avatar\/3985c961109853010c3fbc7ba30365bfba5db3dd6c525831d9c595c7525a615a?s=96&d=mm&r=g","url":"https:\/\/secure.gravatar.com\/avatar\/3985c961109853010c3fbc7ba30365bfba5db3dd6c525831d9c595c7525a615a?s=96&d=mm&r=g","contentUrl":"https:\/\/secure.gravatar.com\/avatar\/3985c961109853010c3fbc7ba30365bfba5db3dd6c525831d9c595c7525a615a?s=96&d=mm&r=g","caption":"ktmin"},"sameAs":["https:\/\/kt.gov.rs"],"url":"https:\/\/kt.gov.rs\/sq\/author\/ktmin\/"}]}},"_links":{"self":[{"href":"https:\/\/kt.gov.rs\/sq\/wp-json\/wp\/v2\/posts\/141906","targetHints":{"allow":["GET"]}}],"collection":[{"href":"https:\/\/kt.gov.rs\/sq\/wp-json\/wp\/v2\/posts"}],"about":[{"href":"https:\/\/kt.gov.rs\/sq\/wp-json\/wp\/v2\/types\/post"}],"author":[{"embeddable":true,"href":"https:\/\/kt.gov.rs\/sq\/wp-json\/wp\/v2\/users\/1"}],"replies":[{"embeddable":true,"href":"https:\/\/kt.gov.rs\/sq\/wp-json\/wp\/v2\/comments?post=141906"}],"version-history":[{"count":0,"href":"https:\/\/kt.gov.rs\/sq\/wp-json\/wp\/v2\/posts\/141906\/revisions"}],"wp:attachment":[{"href":"https:\/\/kt.gov.rs\/sq\/wp-json\/wp\/v2\/media?parent=141906"}],"wp:term":[{"taxonomy":"category","embeddable":true,"href":"https:\/\/kt.gov.rs\/sq\/wp-json\/wp\/v2\/categories?post=141906"},{"taxonomy":"post_tag","embeddable":true,"href":"https:\/\/kt.gov.rs\/sq\/wp-json\/wp\/v2\/tags?post=141906"}],"curies":[{"name":"wp","href":"https:\/\/api.w.org\/{rel}","templated":true}]}}