{"id":141903,"date":"2012-08-02T00:00:00","date_gmt":"2012-08-02T00:00:00","guid":{"rendered":"http:\/\/kt.printandscreen.rs\/slobodan-drashkoviq-kryetari-i-komunes-se-medvegjes\/"},"modified":"2012-08-02T00:00:00","modified_gmt":"2012-08-02T00:00:00","slug":"slobodan-drashkoviq-kryetari-i-komunes-se-medvegjes","status":"publish","type":"post","link":"https:\/\/kt.gov.rs\/sq\/slobodan-drashkoviq-kryetari-i-komunes-se-medvegjes\/","title":{"rendered":"Slobodan Drashkoviq,kryetari i komun\u00ebs s\u00eb Medvegj\u00ebs"},"content":{"rendered":"<p>\n\tN\u00eb t\u00eb kat\u00ebrtin mandat me rradh\u00eb ,n\u00eb Medvegj\u00eb p\u00ebr kryetar\u00eb t\u00eb komun\u00ebs u zgjodh Slobodan Drashkoviq.Qytetar\u00ebt sigurisht\u00a0 kan\u00eb arsyje q\u00eb ia besuan p\u00ebr her\u00eb t\u00eb kat\u00ebrt menaxhimin e komun\u00ebs,dhe p\u00ebr konkurimin e tij p\u00ebr her\u00eb t\u00eb kat\u00ebrt p\u00ebr k\u00ebt\u00eb funksion,Slobodan Drashkoviq thot\u00eb:<\/p>\n<p>\n\t\u00a0\u201cArsyeja q\u00eb un p\u00ebrs\u00ebri konkurova \u00ebsht\u00eb d\u00ebshira ime p\u00ebr ti ndihmuar rajonit\u00a0 tim.K\u00ebtu kam lindur,k\u00ebtu e kam familjen dhe gjithqka q\u00eb kam ndodhet n\u00eb hap\u00ebsir\u00ebn e k\u00ebsaj komune nga e cila nuk planifikoj te largohem.Arsyeja p\u00ebr t\u00eb cil\u00ebn populli m\u00eb zgjodhi \u00ebsht\u00eb sigurisht ajo\u00a0 q\u00eb p\u00ebr\u00a0 Medvegj\u00ebn kam b\u00ebr\u00eb shume,sigurisht me mb\u00ebshtetjen e Qeveris\u00eb s\u00eb Serbis\u00eb,Trupit koordinues te Qeveris\u00eb s\u00eb Serbis\u00eb p\u00ebr Preshev\u00eb,Bujanoc dhe Medvegj\u00eb dhe ministrat e zgjedhur,t\u00eb cil\u00ebt kane investuar p\u00ebr rajonin ton\u00eb,si\u00e7 jan\u00eb Coviq ,Lajiq dhe Milan Markoviq.Vitin e kaluar nga trupi koordinues kemi marrur rreth 39 milion t\u00eb\u00a0 cilat i kemi investuar p\u00ebr zhvillimin e komun\u00ebs s\u00eb Medvegj\u00ebs.\u2019\u2019<\/p>\n<p>\n\t<strong>Cilat jan\u00eb hapat q\u00eb i keni ndermarr\u00eb kur jeni zgjedhur p\u00ebr her\u00eb t\u00eb par\u00eb si kryetar\u00eb?<\/strong><\/p>\n<p>\n\t\u2018\u2019Kur pash\u00eb se projektet nuk ekzistojn\u00eb ,s\u00eb pari kemi hartuar projektet p\u00ebr infrastruktur\u00ebn dhe dokumentacionin teknik ,p\u00ebr t\u00eb startuar me realizimin e tyre.Ne i ndetuam rreth 180 kilometra rrug\u00eb lokale,i asfaltuam dhe lidh\u00ebm cdo fshat me qendren e Medvegj\u00ebs ,konkretisht me magjistralen \u041c-9,e cila kalon p\u00ebrmes Medvegj\u00ebs,Prishtin\u00ebs dhe Leskovcit.Nd\u00ebrtuam pes\u00ebmb\u00ebdhjet\u00eb ura t\u00eb m\u00ebdha dhe t\u00eb vogla t\u00eb cilat u nevojiten,nd\u00ebrsa disa ura i rind\u00ebrtuam.\u00cbsht\u00eb punauar shum\u00eb edhe p\u00ebr kanalizimin,k\u00ebshtu q\u00eb 90 p\u00ebrqind e Medvegj\u00ebs eshte me kanalizim,dhe nj\u00eb pjes\u00eb e kemi n\u00eb perfundim e sip\u00ebr.Kemi punuar edhe p\u00ebr sistemin e tretjes s\u00eb ujrave t\u00eb zeza me ndihm\u00ebn e qeveris\u00eb s\u00eb Norvegjis\u00eb n\u00eb vitin 2005 dhe ky sistem ka startuar te punoj\u00eb.Tash na duhet ta zgjerojme p\u00ebrmes banj\u00ebs se Sijarin\u00ebs ,qe esht\u00eb shum\u00eb e r\u00ebnd\u00ebsishme n\u00ebse e marrim parasysh rritjen e popullsis\u00eb s\u00eb komun\u00ebs.<\/p>\n<p>\n\t<strong>A i keni zgjedhur problemet\u00a0 tjera komunale ,sic \u00ebsht\u00eb furnizimi me uj\u00eb?<\/strong><\/p>\n<p>\n\t\u00a0\u2018\u2019Kur un\u00eb erdha ne vendin e kryetarit te Bashkis\u00eb n\u00eb vitin 1999\/2000,ka patur kufizime te ujit.Nga viti 2002,kur ne zgjodhem problemin e furnizimit me uj\u00eb n\u00eb Medvegj\u00eb ,as n\u00eb periudhat me t\u00eb thata nuk kemi patur nevoj\u00eb per kufizimin e ujit,madje kemi edhe uj\u00eb q\u00eb na tepron.Ne i kemi nderruar t\u00eb gjitha tubacionet asbeste,t\u00eb cilat ishin kancerogjene dhe t\u00eb cilat kan\u00eb plasur.K\u00ebshtu q\u00eb kemi zvog\u00ebluar shpenzimet.Pusat e vjet\u00ebr jan\u00eb revitalizuar ,nd\u00ebrsa kemi hapur edhe dy puse te reja.Bashkimi Evropian n\u00ebp\u00ebrmjet agjencioneve t\u00eb caktuara na ka ndihmuar shum\u00eb.Kemi aplikuar dhe kemi marr\u00eb fondet.Tash e kemi m\u00eb leht\u00eb sepse n\u00eb zon\u00ebn ton\u00eb kan\u00eb filluar t\u00eb veprojn\u00eb objekte te vlefshme p\u00ebr komun\u00ebn ton\u00eb.Pjes\u00eb e t\u00eb ardhurave materiale vjen edhe nga taksat dhe\u00a0 pagat mujore.Kemi edhe nj\u00eb problem me\u00a0 puntor\u00ebt t\u00eb cil\u00ebt punojn\u00eb n\u00eb sh\u00ebndet\u00ebsi ,polici dhe arsim konkretisht udh\u00ebtojn\u00eb nga komunat tjera,k\u00ebshtu q\u00eb tatimet mbi pagat e tyre paguhen ne vendet ku ata banojn\u00eb.\u2019\u2019<\/p>\n<p>\n\t<strong>Cilat jan\u00eb objektet m\u00eb me vler\u00eb q\u00eb jan\u00eb hapur viteve t\u00eb fundit?<\/strong><\/p>\n<p>\n\t\u2018\u2019Miniera Lece ka filluar t\u00eb punoj\u00eb p\u00ebr tre vjet rradhazi dhe kemi pun\u00ebsuar rreth 350 pun\u00ebtor\u00eb.K\u00ebto dit\u00eb na kan\u00eb arritur edhe paisje te reja me vler\u00eb rreth pes\u00eb milion euro.Koh\u00ebt e fundit kemi punuar edhe me fondet sllovene q\u00eb kemi p\u00ebr projektin e fabrik\u00ebs s\u00eb briketave dhe paletave n\u00eb komun\u00ebn e Medvegj\u00ebs,me fondet qe na dhuruan ata p\u00ebr k\u00ebt\u00eb projekt.T\u00eb premten e kaluar \u00ebsht\u00eb hapur konkursi p\u00ebr rind\u00ebrtimin e projektit.Bashkimi Evropian dhuron 90 p\u00ebrqind t\u00eb mjeteve ,nd\u00ebrsa 10 perqind komuna.K\u00ebto dit\u00eb do t\u00eb startojm\u00eb me realizimin e k\u00ebtij projekti.K\u00ebtu do t\u00eb pun\u00ebsohen 50 pun\u00ebtor\u00eb.Intenzivisht po punojm\u00eb edhe p\u00ebr rregullimin e pron\u00ebsis\u00eb n\u00eb vendin ku do te nd\u00ebrtohet burgu.Kemi p\u00ebrcaktuar vendnddodhjen dhe ka filluar shpronsimi i saj.Edhe k\u00ebtu do t\u00eb pun\u00ebsojm\u00eb rreth 200 pun\u00ebtor\u00eb.<\/p>\n<p>\n\t<strong>Cilat jan\u00eb pun\u00eb q\u00eb ju presin n\u00eb t\u00eb ardhmen?<\/strong><\/p>\n<p>\n\t\u2018\u2019Do t\u00eb sigurojm\u00eb dokumentacionin teknik q\u00eb s\u00eb bashku me qum\u00ebshtoren e Shabacit t\u00eb importojm\u00eb rreth 100 m\u00ebshqerra ,t\u00eb cilat do ti ndajme fermer\u00ebve .N\u00eb banj\u00ebn e Sijarin\u00ebs kemi nd\u00ebrtuar nj\u00eb pishin\u00eb t\u00eb madhe,nd\u00ebrsa do ti nd\u00ebrtojm\u00eb edhe dy tjer\u00eb,sepse banja e Sijarin\u00ebs ka potenciale p\u00ebr zhvillimin e turizmit ne komun\u00eb nd\u00ebrsa p\u00ebr ne \u00ebsht\u00eb shum\u00eb e r\u00ebnd\u00ebsishme.Pervec zhvillimit t\u00eb infrastruftur\u00ebs ,kujdesemi edhe p\u00ebr qytetar\u00ebt ton\u00eb.Kemi pun\u00ebsuar edhe tet\u00eb sht\u00ebpiake gerente ,t\u00eb cilat vizitojn\u00eb pleq\u00ebt dhe te s\u00ebmur\u00ebt.Kemi siguruar dhe kemi ndar\u00eb rreth 5 milion dinar\u00eb prej buxhetit p\u00ebr ndihma sociale dhe familjeve n\u00eb nevoj\u00eb.I kemi ndihmuar edhe student\u00ebt t\u00eb cil\u00ebt nuk kan\u00eb pasur mund\u00ebsi t\u00eb regjistrohen n\u00eb fakultet me buxhetin e tyre,te cil\u00ebt jan\u00eb vetfinancues.Ajo qe p\u00ebr ne esht\u00eb me shum\u00eb r\u00ebnd\u00ebsi esht\u00eb ajo se qfar\u00eb na pret n\u00eb periudh\u00ebn e ardhshme,\u00ebsht\u00eb ajo qe me qeverin\u00eb e re te arrijm\u00eb marreveshje q\u00eb rruga prej Medvegje deri ne Leskovc dhe m\u00eb tutje per Prishtin\u00eb , \u041c-9 ,t\u00eb rind\u00ebrtohet,sepse \u00ebsht\u00eb n\u00eb gjendje shum\u00eb te keqe.Presim qe bisedat p\u00ebr Kosov\u00ebn dhe Metohin\u00eb t\u00eb realizohen shpejt\u00eb.Ne kemi qytetar\u00eb shqip\u00ebtar\u00eb dhe duhet t\u00eb hapet tranzicioni \u2013tash kemi tranzicionet p\u00ebr njer\u00ebzit ,por jo ato p\u00ebr mallrat.P\u00ebr qfar\u00eb tash mallrat tona nuk shkojn\u00eb p\u00ebrmes Kosov\u00ebs?Ata jan\u00eb konsumator\u00eb t\u00eb medhenj\u00eb ,si n\u00eb produkte ushqimore ashtu edhe n\u00eb prodhimin e drurit dhe gjithqka tjet\u00ebr.\u2019\u2019<\/p>\n<p>\n\tP\u00ebrndryshe autoritetet e Medvegj\u00ebs p\u00ebrb\u00ebhen nga SPS ,PUPS dhe partia e veprimit demokratik shqip\u00ebtar.<\/p>\n","protected":false},"excerpt":{"rendered":"<p>N\u00eb t\u00eb kat\u00ebrtin mandat me rradh\u00eb ,n\u00eb Medvegj\u00eb p\u00ebr kryetar\u00eb t\u00eb komun\u00ebs u zgjodh Slobodan Drashkoviq.Qytetar\u00ebt sigurisht\u00a0 kan\u00eb arsyje q\u00eb ia besuan p\u00ebr her\u00eb t\u00eb kat\u00ebrt menaxhimin e komun\u00ebs,dhe p\u00ebr konkurimin e tij p\u00ebr her\u00eb t\u00eb kat\u00ebrt p\u00ebr k\u00ebt\u00eb funksion,Slobodan Drashkoviq thot\u00eb:<\/p>\n","protected":false},"author":1,"featured_media":0,"comment_status":"closed","ping_status":"closed","sticky":false,"template":"","format":"standard","meta":{"footnotes":""},"categories":[55],"tags":[],"class_list":["post-141903","post","type-post","status-publish","format-standard","hentry","category-lajme"],"yoast_head":"<!-- This site is optimized with the Yoast SEO plugin v27.5 - https:\/\/yoast.com\/product\/yoast-seo-wordpress\/ -->\n<title>Slobodan Drashkoviq,kryetari i komun\u00ebs s\u00eb Medvegj\u00ebs - Republika e S\u00ebrbis\u00eb Trupi Koordinues p\u00ebr komunat Bujanoc, Preshev\u00eb dhe Medvegj\u00eb<\/title>\n<meta name=\"robots\" content=\"index, follow, max-snippet:-1, max-image-preview:large, max-video-preview:-1\" \/>\n<link rel=\"canonical\" href=\"https:\/\/kt.gov.rs\/sq\/slobodan-drashkoviq-kryetari-i-komunes-se-medvegjes\/\" \/>\n<meta property=\"og:locale\" content=\"sq_AL\" \/>\n<meta property=\"og:type\" content=\"article\" \/>\n<meta property=\"og:title\" content=\"Slobodan Drashkoviq,kryetari i komun\u00ebs s\u00eb Medvegj\u00ebs - Republika e S\u00ebrbis\u00eb Trupi Koordinues p\u00ebr komunat Bujanoc, Preshev\u00eb dhe Medvegj\u00eb\" \/>\n<meta property=\"og:description\" content=\"N\u00eb t\u00eb kat\u00ebrtin mandat me rradh\u00eb ,n\u00eb Medvegj\u00eb p\u00ebr kryetar\u00eb t\u00eb komun\u00ebs u zgjodh Slobodan Drashkoviq.Qytetar\u00ebt sigurisht\u00a0 kan\u00eb arsyje q\u00eb ia besuan p\u00ebr her\u00eb t\u00eb kat\u00ebrt menaxhimin e komun\u00ebs,dhe p\u00ebr konkurimin e tij p\u00ebr her\u00eb t\u00eb kat\u00ebrt p\u00ebr k\u00ebt\u00eb funksion,Slobodan Drashkoviq thot\u00eb:\" \/>\n<meta property=\"og:url\" content=\"https:\/\/kt.gov.rs\/sq\/slobodan-drashkoviq-kryetari-i-komunes-se-medvegjes\/\" \/>\n<meta property=\"og:site_name\" content=\"Republika e S\u00ebrbis\u00eb Trupi Koordinues p\u00ebr komunat Bujanoc, Preshev\u00eb dhe Medvegj\u00eb\" \/>\n<meta property=\"article:publisher\" content=\"https:\/\/www.facebook.com\/SluzbaKoordinacionogTelaVladeRepublikeSrbije\" \/>\n<meta property=\"article:published_time\" content=\"2012-08-02T00:00:00+00:00\" \/>\n<meta name=\"author\" content=\"ktmin\" \/>\n<meta name=\"twitter:card\" content=\"summary_large_image\" \/>\n<meta name=\"twitter:creator\" content=\"@kt_gov\" \/>\n<meta name=\"twitter:site\" content=\"@kt_gov\" \/>\n<meta name=\"twitter:label1\" content=\"Written by\" \/>\n\t<meta name=\"twitter:data1\" content=\"ktmin\" \/>\n\t<meta name=\"twitter:label2\" content=\"Est. reading time\" \/>\n\t<meta name=\"twitter:data2\" content=\"7 minutes\" \/>\n<script type=\"application\/ld+json\" class=\"yoast-schema-graph\">{\"@context\":\"https:\\\/\\\/schema.org\",\"@graph\":[{\"@type\":\"Article\",\"@id\":\"https:\\\/\\\/kt.gov.rs\\\/sq\\\/slobodan-drashkoviq-kryetari-i-komunes-se-medvegjes\\\/#article\",\"isPartOf\":{\"@id\":\"https:\\\/\\\/kt.gov.rs\\\/sq\\\/slobodan-drashkoviq-kryetari-i-komunes-se-medvegjes\\\/\"},\"author\":{\"name\":\"ktmin\",\"@id\":\"https:\\\/\\\/kt.gov.rs\\\/#\\\/schema\\\/person\\\/e426459ddb4173309103390602694571\"},\"headline\":\"Slobodan Drashkoviq,kryetari i komun\u00ebs s\u00eb Medvegj\u00ebs\",\"datePublished\":\"2012-08-02T00:00:00+00:00\",\"mainEntityOfPage\":{\"@id\":\"https:\\\/\\\/kt.gov.rs\\\/sq\\\/slobodan-drashkoviq-kryetari-i-komunes-se-medvegjes\\\/\"},\"wordCount\":1426,\"publisher\":{\"@id\":\"https:\\\/\\\/kt.gov.rs\\\/#organization\"},\"articleSection\":[\"Lajme\"],\"inLanguage\":\"sq-AL\"},{\"@type\":\"WebPage\",\"@id\":\"https:\\\/\\\/kt.gov.rs\\\/sq\\\/slobodan-drashkoviq-kryetari-i-komunes-se-medvegjes\\\/\",\"url\":\"https:\\\/\\\/kt.gov.rs\\\/sq\\\/slobodan-drashkoviq-kryetari-i-komunes-se-medvegjes\\\/\",\"name\":\"Slobodan Drashkoviq,kryetari i komun\u00ebs s\u00eb Medvegj\u00ebs - Republika e S\u00ebrbis\u00eb Trupi Koordinues p\u00ebr komunat Bujanoc, Preshev\u00eb dhe Medvegj\u00eb\",\"isPartOf\":{\"@id\":\"https:\\\/\\\/kt.gov.rs\\\/#website\"},\"datePublished\":\"2012-08-02T00:00:00+00:00\",\"breadcrumb\":{\"@id\":\"https:\\\/\\\/kt.gov.rs\\\/sq\\\/slobodan-drashkoviq-kryetari-i-komunes-se-medvegjes\\\/#breadcrumb\"},\"inLanguage\":\"sq-AL\",\"potentialAction\":[{\"@type\":\"ReadAction\",\"target\":[\"https:\\\/\\\/kt.gov.rs\\\/sq\\\/slobodan-drashkoviq-kryetari-i-komunes-se-medvegjes\\\/\"]}]},{\"@type\":\"BreadcrumbList\",\"@id\":\"https:\\\/\\\/kt.gov.rs\\\/sq\\\/slobodan-drashkoviq-kryetari-i-komunes-se-medvegjes\\\/#breadcrumb\",\"itemListElement\":[{\"@type\":\"ListItem\",\"position\":1,\"name\":\"\u041f\u043e\u0447\u0435\u0442\u043d\u0430\",\"item\":\"https:\\\/\\\/kt.gov.rs\\\/sq\\\/\"},{\"@type\":\"ListItem\",\"position\":2,\"name\":\"Slobodan Drashkoviq,kryetari i komun\u00ebs s\u00eb Medvegj\u00ebs\"}]},{\"@type\":\"WebSite\",\"@id\":\"https:\\\/\\\/kt.gov.rs\\\/#website\",\"url\":\"https:\\\/\\\/kt.gov.rs\\\/\",\"name\":\"\u041a\u043e\u043e\u0440\u0434\u0438\u043d\u0430\u0446\u0438\u043e\u043d\u043e \u0442\u0435\u043b\u043e \u0412\u043b\u0430\u0434\u0435 \u0420\u0435\u043f\u0443\u0431\u043b\u0438\u043a\u0435 \u0421\u0440\u0431\u0438\u0458\u0435 \u0437\u0430 \u043e\u043f\u0448\u0442\u0438\u043d\u0435 \u041f\u0440\u0435\u0448\u0435\u0432\u043e, \u0411\u0443\u0458\u0430\u043d\u043e\u0432\u0430\u0446 \u0438 \u041c\u0435\u0434\u0432\u0435\u0452a\",\"description\":\"\",\"publisher\":{\"@id\":\"https:\\\/\\\/kt.gov.rs\\\/#organization\"},\"alternateName\":\"\u041a\u043e\u043e\u0440\u0434\u0438\u043d\u0430\u0446\u0438\u043e\u043d\u043e \u0442\u0435\u043b\u043e\",\"potentialAction\":[{\"@type\":\"SearchAction\",\"target\":{\"@type\":\"EntryPoint\",\"urlTemplate\":\"https:\\\/\\\/kt.gov.rs\\\/?s={search_term_string}\"},\"query-input\":{\"@type\":\"PropertyValueSpecification\",\"valueRequired\":true,\"valueName\":\"search_term_string\"}}],\"inLanguage\":\"sq-AL\"},{\"@type\":\"Organization\",\"@id\":\"https:\\\/\\\/kt.gov.rs\\\/#organization\",\"name\":\"\u041a\u043e\u043e\u0440\u0434\u0438\u043d\u0430\u0446\u0438\u043e\u043d\u043e \u0442\u0435\u043b\u043e \u0412\u043b\u0430\u0434\u0435 \u0420\u0435\u043f\u0443\u0431\u043b\u0438\u043a\u0435 \u0421\u0440\u0431\u0438\u0458\u0435 \u0437\u0430 \u043e\u043f\u0448\u0442\u0438\u043d\u0435 \u041f\u0440\u0435\u0448\u0435\u0432\u043e, \u0411\u0443\u0458\u0430\u043d\u043e\u0432\u0430\u0446 \u0438 \u041c\u0435\u0434\u0432\u0435\u0452a\",\"alternateName\":\"\u041a\u043e\u043e\u0440\u0434\u0438\u043d\u0430\u0446\u0438\u043e\u043d\u043e \u0442\u0435\u043b\u043e\",\"url\":\"https:\\\/\\\/kt.gov.rs\\\/\",\"logo\":{\"@type\":\"ImageObject\",\"inLanguage\":\"sq-AL\",\"@id\":\"https:\\\/\\\/kt.gov.rs\\\/#\\\/schema\\\/logo\\\/image\\\/\",\"url\":\"https:\\\/\\\/kt.gov.rs\\\/wp-content\\\/uploads\\\/2024\\\/12\\\/koord2.jpg\",\"contentUrl\":\"https:\\\/\\\/kt.gov.rs\\\/wp-content\\\/uploads\\\/2024\\\/12\\\/koord2.jpg\",\"width\":640,\"height\":480,\"caption\":\"\u041a\u043e\u043e\u0440\u0434\u0438\u043d\u0430\u0446\u0438\u043e\u043d\u043e \u0442\u0435\u043b\u043e \u0412\u043b\u0430\u0434\u0435 \u0420\u0435\u043f\u0443\u0431\u043b\u0438\u043a\u0435 \u0421\u0440\u0431\u0438\u0458\u0435 \u0437\u0430 \u043e\u043f\u0448\u0442\u0438\u043d\u0435 \u041f\u0440\u0435\u0448\u0435\u0432\u043e, \u0411\u0443\u0458\u0430\u043d\u043e\u0432\u0430\u0446 \u0438 \u041c\u0435\u0434\u0432\u0435\u0452a\"},\"image\":{\"@id\":\"https:\\\/\\\/kt.gov.rs\\\/#\\\/schema\\\/logo\\\/image\\\/\"},\"sameAs\":[\"https:\\\/\\\/www.facebook.com\\\/SluzbaKoordinacionogTelaVladeRepublikeSrbije\",\"https:\\\/\\\/x.com\\\/kt_gov\",\"https:\\\/\\\/www.youtube.com\\\/@koordinacionotelo\"]},{\"@type\":\"Person\",\"@id\":\"https:\\\/\\\/kt.gov.rs\\\/#\\\/schema\\\/person\\\/e426459ddb4173309103390602694571\",\"name\":\"ktmin\",\"image\":{\"@type\":\"ImageObject\",\"inLanguage\":\"sq-AL\",\"@id\":\"https:\\\/\\\/secure.gravatar.com\\\/avatar\\\/3985c961109853010c3fbc7ba30365bfba5db3dd6c525831d9c595c7525a615a?s=96&d=mm&r=g\",\"url\":\"https:\\\/\\\/secure.gravatar.com\\\/avatar\\\/3985c961109853010c3fbc7ba30365bfba5db3dd6c525831d9c595c7525a615a?s=96&d=mm&r=g\",\"contentUrl\":\"https:\\\/\\\/secure.gravatar.com\\\/avatar\\\/3985c961109853010c3fbc7ba30365bfba5db3dd6c525831d9c595c7525a615a?s=96&d=mm&r=g\",\"caption\":\"ktmin\"},\"sameAs\":[\"https:\\\/\\\/kt.gov.rs\"],\"url\":\"https:\\\/\\\/kt.gov.rs\\\/sq\\\/author\\\/ktmin\\\/\"}]}<\/script>\n<!-- \/ Yoast SEO plugin. -->","yoast_head_json":{"title":"Slobodan Drashkoviq,kryetari i komun\u00ebs s\u00eb Medvegj\u00ebs - Republika e S\u00ebrbis\u00eb Trupi Koordinues p\u00ebr komunat Bujanoc, Preshev\u00eb dhe Medvegj\u00eb","robots":{"index":"index","follow":"follow","max-snippet":"max-snippet:-1","max-image-preview":"max-image-preview:large","max-video-preview":"max-video-preview:-1"},"canonical":"https:\/\/kt.gov.rs\/sq\/slobodan-drashkoviq-kryetari-i-komunes-se-medvegjes\/","og_locale":"sq_AL","og_type":"article","og_title":"Slobodan Drashkoviq,kryetari i komun\u00ebs s\u00eb Medvegj\u00ebs - Republika e S\u00ebrbis\u00eb Trupi Koordinues p\u00ebr komunat Bujanoc, Preshev\u00eb dhe Medvegj\u00eb","og_description":"N\u00eb t\u00eb kat\u00ebrtin mandat me rradh\u00eb ,n\u00eb Medvegj\u00eb p\u00ebr kryetar\u00eb t\u00eb komun\u00ebs u zgjodh Slobodan Drashkoviq.Qytetar\u00ebt sigurisht\u00a0 kan\u00eb arsyje q\u00eb ia besuan p\u00ebr her\u00eb t\u00eb kat\u00ebrt menaxhimin e komun\u00ebs,dhe p\u00ebr konkurimin e tij p\u00ebr her\u00eb t\u00eb kat\u00ebrt p\u00ebr k\u00ebt\u00eb funksion,Slobodan Drashkoviq thot\u00eb:","og_url":"https:\/\/kt.gov.rs\/sq\/slobodan-drashkoviq-kryetari-i-komunes-se-medvegjes\/","og_site_name":"Republika e S\u00ebrbis\u00eb Trupi Koordinues p\u00ebr komunat Bujanoc, Preshev\u00eb dhe Medvegj\u00eb","article_publisher":"https:\/\/www.facebook.com\/SluzbaKoordinacionogTelaVladeRepublikeSrbije","article_published_time":"2012-08-02T00:00:00+00:00","author":"ktmin","twitter_card":"summary_large_image","twitter_creator":"@kt_gov","twitter_site":"@kt_gov","twitter_misc":{"Written by":"ktmin","Est. reading time":"7 minutes"},"schema":{"@context":"https:\/\/schema.org","@graph":[{"@type":"Article","@id":"https:\/\/kt.gov.rs\/sq\/slobodan-drashkoviq-kryetari-i-komunes-se-medvegjes\/#article","isPartOf":{"@id":"https:\/\/kt.gov.rs\/sq\/slobodan-drashkoviq-kryetari-i-komunes-se-medvegjes\/"},"author":{"name":"ktmin","@id":"https:\/\/kt.gov.rs\/#\/schema\/person\/e426459ddb4173309103390602694571"},"headline":"Slobodan Drashkoviq,kryetari i komun\u00ebs s\u00eb Medvegj\u00ebs","datePublished":"2012-08-02T00:00:00+00:00","mainEntityOfPage":{"@id":"https:\/\/kt.gov.rs\/sq\/slobodan-drashkoviq-kryetari-i-komunes-se-medvegjes\/"},"wordCount":1426,"publisher":{"@id":"https:\/\/kt.gov.rs\/#organization"},"articleSection":["Lajme"],"inLanguage":"sq-AL"},{"@type":"WebPage","@id":"https:\/\/kt.gov.rs\/sq\/slobodan-drashkoviq-kryetari-i-komunes-se-medvegjes\/","url":"https:\/\/kt.gov.rs\/sq\/slobodan-drashkoviq-kryetari-i-komunes-se-medvegjes\/","name":"Slobodan Drashkoviq,kryetari i komun\u00ebs s\u00eb Medvegj\u00ebs - Republika e S\u00ebrbis\u00eb Trupi Koordinues p\u00ebr komunat Bujanoc, Preshev\u00eb dhe Medvegj\u00eb","isPartOf":{"@id":"https:\/\/kt.gov.rs\/#website"},"datePublished":"2012-08-02T00:00:00+00:00","breadcrumb":{"@id":"https:\/\/kt.gov.rs\/sq\/slobodan-drashkoviq-kryetari-i-komunes-se-medvegjes\/#breadcrumb"},"inLanguage":"sq-AL","potentialAction":[{"@type":"ReadAction","target":["https:\/\/kt.gov.rs\/sq\/slobodan-drashkoviq-kryetari-i-komunes-se-medvegjes\/"]}]},{"@type":"BreadcrumbList","@id":"https:\/\/kt.gov.rs\/sq\/slobodan-drashkoviq-kryetari-i-komunes-se-medvegjes\/#breadcrumb","itemListElement":[{"@type":"ListItem","position":1,"name":"\u041f\u043e\u0447\u0435\u0442\u043d\u0430","item":"https:\/\/kt.gov.rs\/sq\/"},{"@type":"ListItem","position":2,"name":"Slobodan Drashkoviq,kryetari i komun\u00ebs s\u00eb Medvegj\u00ebs"}]},{"@type":"WebSite","@id":"https:\/\/kt.gov.rs\/#website","url":"https:\/\/kt.gov.rs\/","name":"\u041a\u043e\u043e\u0440\u0434\u0438\u043d\u0430\u0446\u0438\u043e\u043d\u043e \u0442\u0435\u043b\u043e \u0412\u043b\u0430\u0434\u0435 \u0420\u0435\u043f\u0443\u0431\u043b\u0438\u043a\u0435 \u0421\u0440\u0431\u0438\u0458\u0435 \u0437\u0430 \u043e\u043f\u0448\u0442\u0438\u043d\u0435 \u041f\u0440\u0435\u0448\u0435\u0432\u043e, \u0411\u0443\u0458\u0430\u043d\u043e\u0432\u0430\u0446 \u0438 \u041c\u0435\u0434\u0432\u0435\u0452a","description":"","publisher":{"@id":"https:\/\/kt.gov.rs\/#organization"},"alternateName":"\u041a\u043e\u043e\u0440\u0434\u0438\u043d\u0430\u0446\u0438\u043e\u043d\u043e \u0442\u0435\u043b\u043e","potentialAction":[{"@type":"SearchAction","target":{"@type":"EntryPoint","urlTemplate":"https:\/\/kt.gov.rs\/?s={search_term_string}"},"query-input":{"@type":"PropertyValueSpecification","valueRequired":true,"valueName":"search_term_string"}}],"inLanguage":"sq-AL"},{"@type":"Organization","@id":"https:\/\/kt.gov.rs\/#organization","name":"\u041a\u043e\u043e\u0440\u0434\u0438\u043d\u0430\u0446\u0438\u043e\u043d\u043e \u0442\u0435\u043b\u043e \u0412\u043b\u0430\u0434\u0435 \u0420\u0435\u043f\u0443\u0431\u043b\u0438\u043a\u0435 \u0421\u0440\u0431\u0438\u0458\u0435 \u0437\u0430 \u043e\u043f\u0448\u0442\u0438\u043d\u0435 \u041f\u0440\u0435\u0448\u0435\u0432\u043e, \u0411\u0443\u0458\u0430\u043d\u043e\u0432\u0430\u0446 \u0438 \u041c\u0435\u0434\u0432\u0435\u0452a","alternateName":"\u041a\u043e\u043e\u0440\u0434\u0438\u043d\u0430\u0446\u0438\u043e\u043d\u043e \u0442\u0435\u043b\u043e","url":"https:\/\/kt.gov.rs\/","logo":{"@type":"ImageObject","inLanguage":"sq-AL","@id":"https:\/\/kt.gov.rs\/#\/schema\/logo\/image\/","url":"https:\/\/kt.gov.rs\/wp-content\/uploads\/2024\/12\/koord2.jpg","contentUrl":"https:\/\/kt.gov.rs\/wp-content\/uploads\/2024\/12\/koord2.jpg","width":640,"height":480,"caption":"\u041a\u043e\u043e\u0440\u0434\u0438\u043d\u0430\u0446\u0438\u043e\u043d\u043e \u0442\u0435\u043b\u043e \u0412\u043b\u0430\u0434\u0435 \u0420\u0435\u043f\u0443\u0431\u043b\u0438\u043a\u0435 \u0421\u0440\u0431\u0438\u0458\u0435 \u0437\u0430 \u043e\u043f\u0448\u0442\u0438\u043d\u0435 \u041f\u0440\u0435\u0448\u0435\u0432\u043e, \u0411\u0443\u0458\u0430\u043d\u043e\u0432\u0430\u0446 \u0438 \u041c\u0435\u0434\u0432\u0435\u0452a"},"image":{"@id":"https:\/\/kt.gov.rs\/#\/schema\/logo\/image\/"},"sameAs":["https:\/\/www.facebook.com\/SluzbaKoordinacionogTelaVladeRepublikeSrbije","https:\/\/x.com\/kt_gov","https:\/\/www.youtube.com\/@koordinacionotelo"]},{"@type":"Person","@id":"https:\/\/kt.gov.rs\/#\/schema\/person\/e426459ddb4173309103390602694571","name":"ktmin","image":{"@type":"ImageObject","inLanguage":"sq-AL","@id":"https:\/\/secure.gravatar.com\/avatar\/3985c961109853010c3fbc7ba30365bfba5db3dd6c525831d9c595c7525a615a?s=96&d=mm&r=g","url":"https:\/\/secure.gravatar.com\/avatar\/3985c961109853010c3fbc7ba30365bfba5db3dd6c525831d9c595c7525a615a?s=96&d=mm&r=g","contentUrl":"https:\/\/secure.gravatar.com\/avatar\/3985c961109853010c3fbc7ba30365bfba5db3dd6c525831d9c595c7525a615a?s=96&d=mm&r=g","caption":"ktmin"},"sameAs":["https:\/\/kt.gov.rs"],"url":"https:\/\/kt.gov.rs\/sq\/author\/ktmin\/"}]}},"_links":{"self":[{"href":"https:\/\/kt.gov.rs\/sq\/wp-json\/wp\/v2\/posts\/141903","targetHints":{"allow":["GET"]}}],"collection":[{"href":"https:\/\/kt.gov.rs\/sq\/wp-json\/wp\/v2\/posts"}],"about":[{"href":"https:\/\/kt.gov.rs\/sq\/wp-json\/wp\/v2\/types\/post"}],"author":[{"embeddable":true,"href":"https:\/\/kt.gov.rs\/sq\/wp-json\/wp\/v2\/users\/1"}],"replies":[{"embeddable":true,"href":"https:\/\/kt.gov.rs\/sq\/wp-json\/wp\/v2\/comments?post=141903"}],"version-history":[{"count":0,"href":"https:\/\/kt.gov.rs\/sq\/wp-json\/wp\/v2\/posts\/141903\/revisions"}],"wp:attachment":[{"href":"https:\/\/kt.gov.rs\/sq\/wp-json\/wp\/v2\/media?parent=141903"}],"wp:term":[{"taxonomy":"category","embeddable":true,"href":"https:\/\/kt.gov.rs\/sq\/wp-json\/wp\/v2\/categories?post=141903"},{"taxonomy":"post_tag","embeddable":true,"href":"https:\/\/kt.gov.rs\/sq\/wp-json\/wp\/v2\/tags?post=141903"}],"curies":[{"name":"wp","href":"https:\/\/api.w.org\/{rel}","templated":true}]}}