{"id":141902,"date":"2012-08-03T00:00:00","date_gmt":"2012-08-03T00:00:00","guid":{"rendered":"http:\/\/kt.printandscreen.rs\/barazija-gjinore-ne-presheve-dhe-bujanoc\/"},"modified":"2012-08-03T00:00:00","modified_gmt":"2012-08-03T00:00:00","slug":"barazija-gjinore-ne-presheve-dhe-bujanoc","status":"publish","type":"post","link":"https:\/\/kt.gov.rs\/sq\/barazija-gjinore-ne-presheve-dhe-bujanoc\/","title":{"rendered":"BARAZIJA GJINORE N\u00cb PRESHEV\u00cb DHE BUJANOC"},"content":{"rendered":"<p>\n\tProgram i Kombeve t\u00eb Bashkuara \u2013 PBILD, me zyr\u00ebn n\u00eb Bujanoc, k\u00ebt\u00eb vit vazhdojn me nj\u00ebrin nga programet e tyre sistemin e zhvillimit t\u00eb barazis gjinore n\u00eb komunat lokale.<\/p>\n<p>\tMarina Baboviq, koordinatore e PBILD program i UN p\u00ebr integrim, thot\u00eb se ata vazhdojn me principet politike t\u00eb nd\u00ebrtojn barazi gjinore n\u00eb sistemin e administrat\u00ebs lokale n\u00eb rrethin e P\u00e7inj\u00ebs dhe t\u00eb Jabllanic\u00ebs. N\u00eb fokus jan\u00eb formuar programe jo formale n\u00eb gjasht\u00eb komuna, p\u00ebrfshir Preshev\u00ebn dhe Bujanocin, si dhe qytetin e Vranj\u00ebs. Pritet fillimi i pun\u00ebs s\u00eb re n\u00eb kuvendet lokale si dhe orgnaet tjera n\u00eb pushtet. Deri n\u00eb fund t\u00eb vitit pritet q\u00eb gjitha planet aksionare nga lemia e barzis gjinore t\u00eb jen\u00eb t\u00eb zhvilluar dhe miratuar n\u00eb kuvendet komunale, po dhe n\u00eb Bujanoc e Preshev\u00eb.<\/p>\n<p>\t\u201cKur flasim p\u00ebr k\u00ebt\u00eb, nuk guxojm t\u00eb harrojm se punojm n\u00eb hapsirat ku \u00ebsht\u00eb prezent shum\u00eb shekullore jo barzimimi gjinor i gruas, t\u00eb cilat rr\u00ebnjt\u00eb jan\u00eb n\u00eb struktur\u00ebn partiarkale e shoq\u00ebris dhe steriotipet gjinore\u201d, tha Suzana Antiq nga K\u00ebshilli i drejtave t\u00eb njeriut, duke th\u00ebn\u00eb pavarsisht nga p\u00ebrpjekjet n\u00eb Preshev\u00eb dhe Bujanoc nuk ka asnje organizat joqeveritare t\u00eb gruas, as edhe p\u00ebr nevojat me telefon p\u00ebr viktimat e dhun\u00ebs n\u00eb familje.<\/p>\n<p>\t\u201cPatjeter duhet shum\u00eb t\u00eb punojm n\u00eb barazin gjinore. Na pret trajnimi, edukimi\u00a0 profesional dhe t\u00eb fitojn njohuri themeluese p\u00ebr politik\u00ebn e barzis gjinore. Prioritet do t\u00eb jen\u00eb angazhimi i gruas n\u00eb politik\u00ebn dhe jet\u00ebn publike si dhe natyrisht p\u00ebrmisimin e gjendjes ekonomike t\u00eb gruas. Patjeter duhemi ta fusim p\u00ebrvoj\u00ebn e e ndryshimeve politike t\u00eb barzis gjinore n\u00eb t\u00eb gjitha politikat lokale \u2013 n\u00eb program t\u00eb buqsis\u00eb, punsimin e grupeve t\u00eb diskriminuar,edukim, finasim i buxheteve lokale etj. Rezultatet do t\u00eb jen\u00eb n\u00ebse ky\u00e7en ekspert\u00ebt t\u00eb cil\u00ebt met\u00eb v\u00ebrtet\u00eb d\u00ebshirojn\u00eb ta zhvillojn\u00eb mund\u00ebsin e politik\u00ebs s\u00eb barabart. Ne ende nuk e kemi b\u00ebr\u00eb analizen rreth numrin t\u00eb gruave \u2013 kshilltare n\u00eb komunat lokal\u00eb t\u00eb rrethit P\u00e7inj\u00ebs, por sipas t\u00eb dh\u00ebnave\u00a0 jozyrtare, grat\u00eb prap\u00eb jan\u00eb n\u00eb margjinat e gjith\u00eb fluksit t\u00eb\u00a0 shoqris\u00eb, po dhe atje ku merren vendime t\u00eb r\u00ebnd\u00ebsishme edhe p\u00ebr pozit\u00ebn e tyre jetsore\u201d, tha Marina Baboviq.<\/p>\n","protected":false},"excerpt":{"rendered":"<p>Program i Kombeve t\u00eb Bashkuara \u2013 PBILD, me zyr\u00ebn n\u00eb Bujanoc, k\u00ebt\u00eb vit vazhdojn me nj\u00ebrin nga programet e tyre sistemin e zhvillimit t\u00eb barazis gjinore n\u00eb komunat lokale. Marina Baboviq, koordinatore e PBILD program i UN p\u00ebr integrim, thot\u00eb se ata vazhdojn me principet politike t\u00eb nd\u00ebrtojn barazi gjinore n\u00eb sistemin e administrat\u00ebs lokale n\u00eb rrethin e P\u00e7inj\u00ebs dhe t\u00eb Jabllanic\u00ebs. N\u00eb fokus jan\u00eb formuar programe jo formale n\u00eb gjasht\u00eb komuna, p\u00ebrfshir Preshev\u00ebn dhe Bujanocin, si dhe qytetin e Vranj\u00ebs.<\/p>\n","protected":false},"author":1,"featured_media":0,"comment_status":"closed","ping_status":"closed","sticky":false,"template":"","format":"standard","meta":{"footnotes":""},"categories":[55],"tags":[],"class_list":["post-141902","post","type-post","status-publish","format-standard","hentry","category-lajme"],"yoast_head":"<!-- This site is optimized with the Yoast SEO plugin v27.5 - https:\/\/yoast.com\/product\/yoast-seo-wordpress\/ -->\n<title>BARAZIJA GJINORE N\u00cb PRESHEV\u00cb DHE BUJANOC - Republika e S\u00ebrbis\u00eb Trupi Koordinues p\u00ebr komunat Bujanoc, Preshev\u00eb dhe Medvegj\u00eb<\/title>\n<meta name=\"robots\" content=\"index, follow, max-snippet:-1, max-image-preview:large, max-video-preview:-1\" \/>\n<link rel=\"canonical\" href=\"https:\/\/kt.gov.rs\/sq\/barazija-gjinore-ne-presheve-dhe-bujanoc\/\" \/>\n<meta property=\"og:locale\" content=\"sq_AL\" \/>\n<meta property=\"og:type\" content=\"article\" \/>\n<meta property=\"og:title\" content=\"BARAZIJA GJINORE N\u00cb PRESHEV\u00cb DHE BUJANOC - Republika e S\u00ebrbis\u00eb Trupi Koordinues p\u00ebr komunat Bujanoc, Preshev\u00eb dhe Medvegj\u00eb\" \/>\n<meta property=\"og:description\" content=\"Program i Kombeve t\u00eb Bashkuara \u2013 PBILD, me zyr\u00ebn n\u00eb Bujanoc, k\u00ebt\u00eb vit vazhdojn me nj\u00ebrin nga programet e tyre sistemin e zhvillimit t\u00eb barazis gjinore n\u00eb komunat lokale. Marina Baboviq, koordinatore e PBILD program i UN p\u00ebr integrim, thot\u00eb se ata vazhdojn me principet politike t\u00eb nd\u00ebrtojn barazi gjinore n\u00eb sistemin e administrat\u00ebs lokale n\u00eb rrethin e P\u00e7inj\u00ebs dhe t\u00eb Jabllanic\u00ebs. N\u00eb fokus jan\u00eb formuar programe jo formale n\u00eb gjasht\u00eb komuna, p\u00ebrfshir Preshev\u00ebn dhe Bujanocin, si dhe qytetin e Vranj\u00ebs.\" \/>\n<meta property=\"og:url\" content=\"https:\/\/kt.gov.rs\/sq\/barazija-gjinore-ne-presheve-dhe-bujanoc\/\" \/>\n<meta property=\"og:site_name\" content=\"Republika e S\u00ebrbis\u00eb Trupi Koordinues p\u00ebr komunat Bujanoc, Preshev\u00eb dhe Medvegj\u00eb\" \/>\n<meta property=\"article:publisher\" content=\"https:\/\/www.facebook.com\/SluzbaKoordinacionogTelaVladeRepublikeSrbije\" \/>\n<meta property=\"article:published_time\" content=\"2012-08-03T00:00:00+00:00\" \/>\n<meta name=\"author\" content=\"ktmin\" \/>\n<meta name=\"twitter:card\" content=\"summary_large_image\" \/>\n<meta name=\"twitter:creator\" content=\"@kt_gov\" \/>\n<meta name=\"twitter:site\" content=\"@kt_gov\" \/>\n<meta name=\"twitter:label1\" content=\"Written by\" \/>\n\t<meta name=\"twitter:data1\" content=\"ktmin\" \/>\n\t<meta name=\"twitter:label2\" content=\"Est. reading time\" \/>\n\t<meta name=\"twitter:data2\" content=\"3 minutes\" \/>\n<script type=\"application\/ld+json\" class=\"yoast-schema-graph\">{\"@context\":\"https:\\\/\\\/schema.org\",\"@graph\":[{\"@type\":\"Article\",\"@id\":\"https:\\\/\\\/kt.gov.rs\\\/sq\\\/barazija-gjinore-ne-presheve-dhe-bujanoc\\\/#article\",\"isPartOf\":{\"@id\":\"https:\\\/\\\/kt.gov.rs\\\/sq\\\/barazija-gjinore-ne-presheve-dhe-bujanoc\\\/\"},\"author\":{\"name\":\"ktmin\",\"@id\":\"https:\\\/\\\/kt.gov.rs\\\/#\\\/schema\\\/person\\\/e426459ddb4173309103390602694571\"},\"headline\":\"BARAZIJA GJINORE N\u00cb PRESHEV\u00cb DHE BUJANOC\",\"datePublished\":\"2012-08-03T00:00:00+00:00\",\"mainEntityOfPage\":{\"@id\":\"https:\\\/\\\/kt.gov.rs\\\/sq\\\/barazija-gjinore-ne-presheve-dhe-bujanoc\\\/\"},\"wordCount\":530,\"publisher\":{\"@id\":\"https:\\\/\\\/kt.gov.rs\\\/#organization\"},\"articleSection\":[\"Lajme\"],\"inLanguage\":\"sq-AL\"},{\"@type\":\"WebPage\",\"@id\":\"https:\\\/\\\/kt.gov.rs\\\/sq\\\/barazija-gjinore-ne-presheve-dhe-bujanoc\\\/\",\"url\":\"https:\\\/\\\/kt.gov.rs\\\/sq\\\/barazija-gjinore-ne-presheve-dhe-bujanoc\\\/\",\"name\":\"BARAZIJA GJINORE N\u00cb PRESHEV\u00cb DHE BUJANOC - Republika e S\u00ebrbis\u00eb Trupi Koordinues p\u00ebr komunat Bujanoc, Preshev\u00eb dhe Medvegj\u00eb\",\"isPartOf\":{\"@id\":\"https:\\\/\\\/kt.gov.rs\\\/#website\"},\"datePublished\":\"2012-08-03T00:00:00+00:00\",\"breadcrumb\":{\"@id\":\"https:\\\/\\\/kt.gov.rs\\\/sq\\\/barazija-gjinore-ne-presheve-dhe-bujanoc\\\/#breadcrumb\"},\"inLanguage\":\"sq-AL\",\"potentialAction\":[{\"@type\":\"ReadAction\",\"target\":[\"https:\\\/\\\/kt.gov.rs\\\/sq\\\/barazija-gjinore-ne-presheve-dhe-bujanoc\\\/\"]}]},{\"@type\":\"BreadcrumbList\",\"@id\":\"https:\\\/\\\/kt.gov.rs\\\/sq\\\/barazija-gjinore-ne-presheve-dhe-bujanoc\\\/#breadcrumb\",\"itemListElement\":[{\"@type\":\"ListItem\",\"position\":1,\"name\":\"\u041f\u043e\u0447\u0435\u0442\u043d\u0430\",\"item\":\"https:\\\/\\\/kt.gov.rs\\\/sq\\\/\"},{\"@type\":\"ListItem\",\"position\":2,\"name\":\"BARAZIJA GJINORE N\u00cb PRESHEV\u00cb DHE BUJANOC\"}]},{\"@type\":\"WebSite\",\"@id\":\"https:\\\/\\\/kt.gov.rs\\\/#website\",\"url\":\"https:\\\/\\\/kt.gov.rs\\\/\",\"name\":\"\u041a\u043e\u043e\u0440\u0434\u0438\u043d\u0430\u0446\u0438\u043e\u043d\u043e \u0442\u0435\u043b\u043e \u0412\u043b\u0430\u0434\u0435 \u0420\u0435\u043f\u0443\u0431\u043b\u0438\u043a\u0435 \u0421\u0440\u0431\u0438\u0458\u0435 \u0437\u0430 \u043e\u043f\u0448\u0442\u0438\u043d\u0435 \u041f\u0440\u0435\u0448\u0435\u0432\u043e, \u0411\u0443\u0458\u0430\u043d\u043e\u0432\u0430\u0446 \u0438 \u041c\u0435\u0434\u0432\u0435\u0452a\",\"description\":\"\",\"publisher\":{\"@id\":\"https:\\\/\\\/kt.gov.rs\\\/#organization\"},\"alternateName\":\"\u041a\u043e\u043e\u0440\u0434\u0438\u043d\u0430\u0446\u0438\u043e\u043d\u043e \u0442\u0435\u043b\u043e\",\"potentialAction\":[{\"@type\":\"SearchAction\",\"target\":{\"@type\":\"EntryPoint\",\"urlTemplate\":\"https:\\\/\\\/kt.gov.rs\\\/?s={search_term_string}\"},\"query-input\":{\"@type\":\"PropertyValueSpecification\",\"valueRequired\":true,\"valueName\":\"search_term_string\"}}],\"inLanguage\":\"sq-AL\"},{\"@type\":\"Organization\",\"@id\":\"https:\\\/\\\/kt.gov.rs\\\/#organization\",\"name\":\"\u041a\u043e\u043e\u0440\u0434\u0438\u043d\u0430\u0446\u0438\u043e\u043d\u043e \u0442\u0435\u043b\u043e \u0412\u043b\u0430\u0434\u0435 \u0420\u0435\u043f\u0443\u0431\u043b\u0438\u043a\u0435 \u0421\u0440\u0431\u0438\u0458\u0435 \u0437\u0430 \u043e\u043f\u0448\u0442\u0438\u043d\u0435 \u041f\u0440\u0435\u0448\u0435\u0432\u043e, \u0411\u0443\u0458\u0430\u043d\u043e\u0432\u0430\u0446 \u0438 \u041c\u0435\u0434\u0432\u0435\u0452a\",\"alternateName\":\"\u041a\u043e\u043e\u0440\u0434\u0438\u043d\u0430\u0446\u0438\u043e\u043d\u043e \u0442\u0435\u043b\u043e\",\"url\":\"https:\\\/\\\/kt.gov.rs\\\/\",\"logo\":{\"@type\":\"ImageObject\",\"inLanguage\":\"sq-AL\",\"@id\":\"https:\\\/\\\/kt.gov.rs\\\/#\\\/schema\\\/logo\\\/image\\\/\",\"url\":\"https:\\\/\\\/kt.gov.rs\\\/wp-content\\\/uploads\\\/2024\\\/12\\\/koord2.jpg\",\"contentUrl\":\"https:\\\/\\\/kt.gov.rs\\\/wp-content\\\/uploads\\\/2024\\\/12\\\/koord2.jpg\",\"width\":640,\"height\":480,\"caption\":\"\u041a\u043e\u043e\u0440\u0434\u0438\u043d\u0430\u0446\u0438\u043e\u043d\u043e \u0442\u0435\u043b\u043e \u0412\u043b\u0430\u0434\u0435 \u0420\u0435\u043f\u0443\u0431\u043b\u0438\u043a\u0435 \u0421\u0440\u0431\u0438\u0458\u0435 \u0437\u0430 \u043e\u043f\u0448\u0442\u0438\u043d\u0435 \u041f\u0440\u0435\u0448\u0435\u0432\u043e, \u0411\u0443\u0458\u0430\u043d\u043e\u0432\u0430\u0446 \u0438 \u041c\u0435\u0434\u0432\u0435\u0452a\"},\"image\":{\"@id\":\"https:\\\/\\\/kt.gov.rs\\\/#\\\/schema\\\/logo\\\/image\\\/\"},\"sameAs\":[\"https:\\\/\\\/www.facebook.com\\\/SluzbaKoordinacionogTelaVladeRepublikeSrbije\",\"https:\\\/\\\/x.com\\\/kt_gov\",\"https:\\\/\\\/www.youtube.com\\\/@koordinacionotelo\"]},{\"@type\":\"Person\",\"@id\":\"https:\\\/\\\/kt.gov.rs\\\/#\\\/schema\\\/person\\\/e426459ddb4173309103390602694571\",\"name\":\"ktmin\",\"image\":{\"@type\":\"ImageObject\",\"inLanguage\":\"sq-AL\",\"@id\":\"https:\\\/\\\/secure.gravatar.com\\\/avatar\\\/3985c961109853010c3fbc7ba30365bfba5db3dd6c525831d9c595c7525a615a?s=96&d=mm&r=g\",\"url\":\"https:\\\/\\\/secure.gravatar.com\\\/avatar\\\/3985c961109853010c3fbc7ba30365bfba5db3dd6c525831d9c595c7525a615a?s=96&d=mm&r=g\",\"contentUrl\":\"https:\\\/\\\/secure.gravatar.com\\\/avatar\\\/3985c961109853010c3fbc7ba30365bfba5db3dd6c525831d9c595c7525a615a?s=96&d=mm&r=g\",\"caption\":\"ktmin\"},\"sameAs\":[\"https:\\\/\\\/kt.gov.rs\"],\"url\":\"https:\\\/\\\/kt.gov.rs\\\/sq\\\/author\\\/ktmin\\\/\"}]}<\/script>\n<!-- \/ Yoast SEO plugin. -->","yoast_head_json":{"title":"BARAZIJA GJINORE N\u00cb PRESHEV\u00cb DHE BUJANOC - Republika e S\u00ebrbis\u00eb Trupi Koordinues p\u00ebr komunat Bujanoc, Preshev\u00eb dhe Medvegj\u00eb","robots":{"index":"index","follow":"follow","max-snippet":"max-snippet:-1","max-image-preview":"max-image-preview:large","max-video-preview":"max-video-preview:-1"},"canonical":"https:\/\/kt.gov.rs\/sq\/barazija-gjinore-ne-presheve-dhe-bujanoc\/","og_locale":"sq_AL","og_type":"article","og_title":"BARAZIJA GJINORE N\u00cb PRESHEV\u00cb DHE BUJANOC - Republika e S\u00ebrbis\u00eb Trupi Koordinues p\u00ebr komunat Bujanoc, Preshev\u00eb dhe Medvegj\u00eb","og_description":"Program i Kombeve t\u00eb Bashkuara \u2013 PBILD, me zyr\u00ebn n\u00eb Bujanoc, k\u00ebt\u00eb vit vazhdojn me nj\u00ebrin nga programet e tyre sistemin e zhvillimit t\u00eb barazis gjinore n\u00eb komunat lokale. Marina Baboviq, koordinatore e PBILD program i UN p\u00ebr integrim, thot\u00eb se ata vazhdojn me principet politike t\u00eb nd\u00ebrtojn barazi gjinore n\u00eb sistemin e administrat\u00ebs lokale n\u00eb rrethin e P\u00e7inj\u00ebs dhe t\u00eb Jabllanic\u00ebs. N\u00eb fokus jan\u00eb formuar programe jo formale n\u00eb gjasht\u00eb komuna, p\u00ebrfshir Preshev\u00ebn dhe Bujanocin, si dhe qytetin e Vranj\u00ebs.","og_url":"https:\/\/kt.gov.rs\/sq\/barazija-gjinore-ne-presheve-dhe-bujanoc\/","og_site_name":"Republika e S\u00ebrbis\u00eb Trupi Koordinues p\u00ebr komunat Bujanoc, Preshev\u00eb dhe Medvegj\u00eb","article_publisher":"https:\/\/www.facebook.com\/SluzbaKoordinacionogTelaVladeRepublikeSrbije","article_published_time":"2012-08-03T00:00:00+00:00","author":"ktmin","twitter_card":"summary_large_image","twitter_creator":"@kt_gov","twitter_site":"@kt_gov","twitter_misc":{"Written by":"ktmin","Est. reading time":"3 minutes"},"schema":{"@context":"https:\/\/schema.org","@graph":[{"@type":"Article","@id":"https:\/\/kt.gov.rs\/sq\/barazija-gjinore-ne-presheve-dhe-bujanoc\/#article","isPartOf":{"@id":"https:\/\/kt.gov.rs\/sq\/barazija-gjinore-ne-presheve-dhe-bujanoc\/"},"author":{"name":"ktmin","@id":"https:\/\/kt.gov.rs\/#\/schema\/person\/e426459ddb4173309103390602694571"},"headline":"BARAZIJA GJINORE N\u00cb PRESHEV\u00cb DHE BUJANOC","datePublished":"2012-08-03T00:00:00+00:00","mainEntityOfPage":{"@id":"https:\/\/kt.gov.rs\/sq\/barazija-gjinore-ne-presheve-dhe-bujanoc\/"},"wordCount":530,"publisher":{"@id":"https:\/\/kt.gov.rs\/#organization"},"articleSection":["Lajme"],"inLanguage":"sq-AL"},{"@type":"WebPage","@id":"https:\/\/kt.gov.rs\/sq\/barazija-gjinore-ne-presheve-dhe-bujanoc\/","url":"https:\/\/kt.gov.rs\/sq\/barazija-gjinore-ne-presheve-dhe-bujanoc\/","name":"BARAZIJA GJINORE N\u00cb PRESHEV\u00cb DHE BUJANOC - Republika e S\u00ebrbis\u00eb Trupi Koordinues p\u00ebr komunat Bujanoc, Preshev\u00eb dhe Medvegj\u00eb","isPartOf":{"@id":"https:\/\/kt.gov.rs\/#website"},"datePublished":"2012-08-03T00:00:00+00:00","breadcrumb":{"@id":"https:\/\/kt.gov.rs\/sq\/barazija-gjinore-ne-presheve-dhe-bujanoc\/#breadcrumb"},"inLanguage":"sq-AL","potentialAction":[{"@type":"ReadAction","target":["https:\/\/kt.gov.rs\/sq\/barazija-gjinore-ne-presheve-dhe-bujanoc\/"]}]},{"@type":"BreadcrumbList","@id":"https:\/\/kt.gov.rs\/sq\/barazija-gjinore-ne-presheve-dhe-bujanoc\/#breadcrumb","itemListElement":[{"@type":"ListItem","position":1,"name":"\u041f\u043e\u0447\u0435\u0442\u043d\u0430","item":"https:\/\/kt.gov.rs\/sq\/"},{"@type":"ListItem","position":2,"name":"BARAZIJA GJINORE N\u00cb PRESHEV\u00cb DHE BUJANOC"}]},{"@type":"WebSite","@id":"https:\/\/kt.gov.rs\/#website","url":"https:\/\/kt.gov.rs\/","name":"\u041a\u043e\u043e\u0440\u0434\u0438\u043d\u0430\u0446\u0438\u043e\u043d\u043e \u0442\u0435\u043b\u043e \u0412\u043b\u0430\u0434\u0435 \u0420\u0435\u043f\u0443\u0431\u043b\u0438\u043a\u0435 \u0421\u0440\u0431\u0438\u0458\u0435 \u0437\u0430 \u043e\u043f\u0448\u0442\u0438\u043d\u0435 \u041f\u0440\u0435\u0448\u0435\u0432\u043e, \u0411\u0443\u0458\u0430\u043d\u043e\u0432\u0430\u0446 \u0438 \u041c\u0435\u0434\u0432\u0435\u0452a","description":"","publisher":{"@id":"https:\/\/kt.gov.rs\/#organization"},"alternateName":"\u041a\u043e\u043e\u0440\u0434\u0438\u043d\u0430\u0446\u0438\u043e\u043d\u043e \u0442\u0435\u043b\u043e","potentialAction":[{"@type":"SearchAction","target":{"@type":"EntryPoint","urlTemplate":"https:\/\/kt.gov.rs\/?s={search_term_string}"},"query-input":{"@type":"PropertyValueSpecification","valueRequired":true,"valueName":"search_term_string"}}],"inLanguage":"sq-AL"},{"@type":"Organization","@id":"https:\/\/kt.gov.rs\/#organization","name":"\u041a\u043e\u043e\u0440\u0434\u0438\u043d\u0430\u0446\u0438\u043e\u043d\u043e \u0442\u0435\u043b\u043e \u0412\u043b\u0430\u0434\u0435 \u0420\u0435\u043f\u0443\u0431\u043b\u0438\u043a\u0435 \u0421\u0440\u0431\u0438\u0458\u0435 \u0437\u0430 \u043e\u043f\u0448\u0442\u0438\u043d\u0435 \u041f\u0440\u0435\u0448\u0435\u0432\u043e, \u0411\u0443\u0458\u0430\u043d\u043e\u0432\u0430\u0446 \u0438 \u041c\u0435\u0434\u0432\u0435\u0452a","alternateName":"\u041a\u043e\u043e\u0440\u0434\u0438\u043d\u0430\u0446\u0438\u043e\u043d\u043e \u0442\u0435\u043b\u043e","url":"https:\/\/kt.gov.rs\/","logo":{"@type":"ImageObject","inLanguage":"sq-AL","@id":"https:\/\/kt.gov.rs\/#\/schema\/logo\/image\/","url":"https:\/\/kt.gov.rs\/wp-content\/uploads\/2024\/12\/koord2.jpg","contentUrl":"https:\/\/kt.gov.rs\/wp-content\/uploads\/2024\/12\/koord2.jpg","width":640,"height":480,"caption":"\u041a\u043e\u043e\u0440\u0434\u0438\u043d\u0430\u0446\u0438\u043e\u043d\u043e \u0442\u0435\u043b\u043e \u0412\u043b\u0430\u0434\u0435 \u0420\u0435\u043f\u0443\u0431\u043b\u0438\u043a\u0435 \u0421\u0440\u0431\u0438\u0458\u0435 \u0437\u0430 \u043e\u043f\u0448\u0442\u0438\u043d\u0435 \u041f\u0440\u0435\u0448\u0435\u0432\u043e, \u0411\u0443\u0458\u0430\u043d\u043e\u0432\u0430\u0446 \u0438 \u041c\u0435\u0434\u0432\u0435\u0452a"},"image":{"@id":"https:\/\/kt.gov.rs\/#\/schema\/logo\/image\/"},"sameAs":["https:\/\/www.facebook.com\/SluzbaKoordinacionogTelaVladeRepublikeSrbije","https:\/\/x.com\/kt_gov","https:\/\/www.youtube.com\/@koordinacionotelo"]},{"@type":"Person","@id":"https:\/\/kt.gov.rs\/#\/schema\/person\/e426459ddb4173309103390602694571","name":"ktmin","image":{"@type":"ImageObject","inLanguage":"sq-AL","@id":"https:\/\/secure.gravatar.com\/avatar\/3985c961109853010c3fbc7ba30365bfba5db3dd6c525831d9c595c7525a615a?s=96&d=mm&r=g","url":"https:\/\/secure.gravatar.com\/avatar\/3985c961109853010c3fbc7ba30365bfba5db3dd6c525831d9c595c7525a615a?s=96&d=mm&r=g","contentUrl":"https:\/\/secure.gravatar.com\/avatar\/3985c961109853010c3fbc7ba30365bfba5db3dd6c525831d9c595c7525a615a?s=96&d=mm&r=g","caption":"ktmin"},"sameAs":["https:\/\/kt.gov.rs"],"url":"https:\/\/kt.gov.rs\/sq\/author\/ktmin\/"}]}},"_links":{"self":[{"href":"https:\/\/kt.gov.rs\/sq\/wp-json\/wp\/v2\/posts\/141902","targetHints":{"allow":["GET"]}}],"collection":[{"href":"https:\/\/kt.gov.rs\/sq\/wp-json\/wp\/v2\/posts"}],"about":[{"href":"https:\/\/kt.gov.rs\/sq\/wp-json\/wp\/v2\/types\/post"}],"author":[{"embeddable":true,"href":"https:\/\/kt.gov.rs\/sq\/wp-json\/wp\/v2\/users\/1"}],"replies":[{"embeddable":true,"href":"https:\/\/kt.gov.rs\/sq\/wp-json\/wp\/v2\/comments?post=141902"}],"version-history":[{"count":0,"href":"https:\/\/kt.gov.rs\/sq\/wp-json\/wp\/v2\/posts\/141902\/revisions"}],"wp:attachment":[{"href":"https:\/\/kt.gov.rs\/sq\/wp-json\/wp\/v2\/media?parent=141902"}],"wp:term":[{"taxonomy":"category","embeddable":true,"href":"https:\/\/kt.gov.rs\/sq\/wp-json\/wp\/v2\/categories?post=141902"},{"taxonomy":"post_tag","embeddable":true,"href":"https:\/\/kt.gov.rs\/sq\/wp-json\/wp\/v2\/tags?post=141902"}],"curies":[{"name":"wp","href":"https:\/\/api.w.org\/{rel}","templated":true}]}}