{"id":141896,"date":"2012-08-21T00:00:00","date_gmt":"2012-08-21T00:00:00","guid":{"rendered":"http:\/\/kt.printandscreen.rs\/tekstet-ne-gjuhen-shqipe-dhe-tepricat-teknike\/"},"modified":"2012-08-21T00:00:00","modified_gmt":"2012-08-21T00:00:00","slug":"tekstet-ne-gjuhen-shqipe-dhe-tepricat-teknike","status":"publish","type":"post","link":"https:\/\/kt.gov.rs\/sq\/tekstet-ne-gjuhen-shqipe-dhe-tepricat-teknike\/","title":{"rendered":"TEKSTET N\u00cb GJUH\u00cbN SHQIPE DHE TEPRICAT TEKNIKE"},"content":{"rendered":"<p>\n\tKryeshefi i drejtoriatit shkollor\u00eb p\u00ebr rrethin e P\u00e7inj\u00ebs dhe Jabllanic\u00ebs, Tomislav Simenoviq, ka th\u00ebn\u00eb se tekstet shkollore p\u00ebr f\u00ebmij\u00ebt prej klas\u00ebs s\u00eb par\u00eb deri n\u00eb t\u00eb kat\u00ebrt\u00ebn, t\u00eb shkoll\u00ebs fillore n\u00eb gjuh\u00eb shqipe tani gjinden n\u00eb shtyp dhe do t\u00eb jen\u00eb gati deri n\u00eb fillim e vitit shkollor.<\/p>\n<p>\t\u201cEdhe k\u00ebt\u00eb vit\u00eb shkollor nx\u00ebn\u00ebsit prej t\u00eb par\u00ebs e deri n\u00eb klas t\u00eb\u00a0 kat\u00ebrt do t\u00eb marrin tekstet shkollore falas, projektin e finason Ministrija e\u00a0 arsimit, shkenc\u00ebs dhe zhvillimit t\u00eb teknologjis\u00eb. P\u00ebr nx\u00ebn\u00ebsit e pakicave komb\u00ebtare, sikur q\u00eb jan\u00eb shqiptar\u00ebt, tekstet shkollore do t\u00eb jen\u00eb t\u00eb shtypura n\u00eb at\u00eb gjuh\u00eb!, tha Simenoviq.<\/p>\n<p>\tAi shtoi se k\u00ebt\u00eb vit p\u00ebr tesktet shkollore do t\u00eb b\u00ebhet analiza e projektit p\u00ebr nx\u00ebn\u00ebsit prej klas\u00ebs s\u00eb par\u00eb deri n\u00eb t\u00eb kat\u00ebrt\u00ebn, e cila duhet t\u00eb v\u00ebrtetoj an\u00ebt pozitive dhe negative t\u00eb projektit.<\/p>\n<p>\t\u201cMendoj se Ministria do t\u00eb vazhdoj me k\u00ebt\u00eb projekt sepse ajo mjaft ndihmon prind\u00ebrve \u201cxhep ngusht\u00eb\u201d dhe atyre q\u00eb jan\u00eb n\u00eb teh t\u00eb ekzistenc\u00ebs\u201dka th\u00ebn\u00eb Simonoviq.<\/p>\n<p>\tSimonoviq i ka paraljmruar p\u00ebr problemin e tep\u00ebr r\u00ebnjes s\u00eb numrit t\u00eb nx\u00ebnsve q\u00eb ka ndodhur n\u00eb shkollat e rrethit t\u00eb Jabllanic\u00ebs dhe P\u00e7inj\u00ebs.<\/p>\n<p>\t\u201cN\u00eb listen e m\u00ebsimdh\u00ebn\u00ebsve 180 tepric teknike . Si problem m\u00eb i madh\u00eb paraqitet numri i madh\u00eb i m\u00ebsimdh\u00ebn\u00ebsve, 8 shkolla kan\u00eb lajmruar m\u00ebsimdh\u00ebn\u00ebs tepric teknike\u201dka th\u00ebn\u00eb Simonoviq<br \/>\n\tAi shtoi se problemi i tepric\u00ebs s\u00eb m\u00ebsimdh\u00ebn\u00ebsve nuk mund t\u00eb zgjidhet edhe me daljen e atyre n\u00eb penzion, sepse shum\u00eb pak dalin k\u00ebt\u00eb vit n\u00eb penzion.<\/p>\n<p>\t\u201cNe thjesht nuk kemi f\u00ebmij\u00eb. N\u00eb teritorin e qytetit t\u00eb Leskocit 200 nx\u00ebn\u00ebs fillues t\u00eb shkoll\u00ebs jan\u00eb m\u00eb pak n\u00eb k\u00ebt\u00eb vit shkollor.N\u00eb vitin e kaluar nuk kemi pas\u00eb probleme n\u00ebp\u00ebr shkolla t\u00eb qytetit, por n\u00eb ato m\u00eb t\u00eb vogla ku i kan\u00eb pasur nga kat\u00ebr deri n\u00eb pes\u00eb nx\u00ebn\u00ebs, dhe kemi qen\u00eb n\u00eb dilem\u00eb a ti mbyllim apo ti lejojm t\u00eb vazhdojn pun\u00ebn. Tash edhe n\u00ebp\u00ebr shkollat e qyteti \u00ebsht\u00eb zvogluar numri i nx\u00ebn\u00ebsve\u201d tha Simonoviq.<\/p>\n<p>\tAi vuri n\u00eb dukje se ka v\u00ebsht\u00ebrsi m\u00eb gjedjen e objekteve shkollore.<\/p>\n<p>\t\u201c N\u00eb baz\u00eb t\u00eb informacioneve dhe raporteve nga tereni, nj\u00eb num\u00ebr i madh\u00eb i objekteve shkollore nuk \u00ebsht\u00eb i gatsh\u00ebm p\u00ebr fillimin e vitit shkollor. Gjendja materiale \u00ebsht\u00eb mjaft kritike. N\u00eb rrethin e drejtoriatit shkollor 13 shkolla jan\u00eb n\u00eb bllokim. Qeverisjet lokale nuk po i plotsojn\u00eb detyrat dhe obligimet e rregullta q\u00eb i kan\u00eb ndaj shkollave. Shum\u00eb shkolla do t\u00eb fillojn m\u00ebsimin n\u00eb ato kushte qysh kan\u00eb mbaruar vitin e kaluar. Drejtor\u00ebt kan\u00eb nj\u00eb problem me munges\u00ebn e fondeve, ata nuk mund t\u00eb marrin hua, nd\u00ebrsa furnizuesit nuk do t\u00eb presin q\u00eb ata t\u00eb paguajn\u00eb m\u00eb von\u00eb &quot;, tha z. Simonovi\u00e7, i cili shpresonte se situata do t\u00eb ndryshoj\u00eb p\u00ebr t\u00eb mir\u00eb vet\u00ebm para fillimit t\u00eb vitit shkollor.<\/p>\n","protected":false},"excerpt":{"rendered":"<p>Kryeshefi i drejtoriatit shkollor\u00eb p\u00ebr rrethin e P\u00e7inj\u00ebs dhe Jabllanic\u00ebs, Tomislav Simenoviq, ka th\u00ebn\u00eb se tekstet shkollore p\u00ebr f\u00ebmij\u00ebt prej klas\u00ebs s\u00eb par\u00eb deri n\u00eb t\u00eb kat\u00ebrt\u00ebn, t\u00eb shkoll\u00ebs fillore n\u00eb gjuh\u00eb shqipe tani gjinden n\u00eb shtyp dhe do t\u00eb jen\u00eb gati deri n\u00eb fillim e vitit shkollor.<\/p>\n","protected":false},"author":1,"featured_media":0,"comment_status":"closed","ping_status":"closed","sticky":false,"template":"","format":"standard","meta":{"footnotes":""},"categories":[55],"tags":[],"class_list":["post-141896","post","type-post","status-publish","format-standard","hentry","category-lajme"],"yoast_head":"<!-- This site is optimized with the Yoast SEO plugin v27.5 - https:\/\/yoast.com\/product\/yoast-seo-wordpress\/ -->\n<title>TEKSTET N\u00cb GJUH\u00cbN SHQIPE DHE TEPRICAT TEKNIKE - Republika e S\u00ebrbis\u00eb Trupi Koordinues p\u00ebr komunat Bujanoc, Preshev\u00eb dhe Medvegj\u00eb<\/title>\n<meta name=\"robots\" content=\"index, follow, max-snippet:-1, max-image-preview:large, max-video-preview:-1\" \/>\n<link rel=\"canonical\" href=\"https:\/\/kt.gov.rs\/sq\/tekstet-ne-gjuhen-shqipe-dhe-tepricat-teknike\/\" \/>\n<meta property=\"og:locale\" content=\"sq_AL\" \/>\n<meta property=\"og:type\" content=\"article\" \/>\n<meta property=\"og:title\" content=\"TEKSTET N\u00cb GJUH\u00cbN SHQIPE DHE TEPRICAT TEKNIKE - Republika e S\u00ebrbis\u00eb Trupi Koordinues p\u00ebr komunat Bujanoc, Preshev\u00eb dhe Medvegj\u00eb\" \/>\n<meta property=\"og:description\" content=\"Kryeshefi i drejtoriatit shkollor\u00eb p\u00ebr rrethin e P\u00e7inj\u00ebs dhe Jabllanic\u00ebs, Tomislav Simenoviq, ka th\u00ebn\u00eb se tekstet shkollore p\u00ebr f\u00ebmij\u00ebt prej klas\u00ebs s\u00eb par\u00eb deri n\u00eb t\u00eb kat\u00ebrt\u00ebn, t\u00eb shkoll\u00ebs fillore n\u00eb gjuh\u00eb shqipe tani gjinden n\u00eb shtyp dhe do t\u00eb jen\u00eb gati deri n\u00eb fillim e vitit shkollor.\" \/>\n<meta property=\"og:url\" content=\"https:\/\/kt.gov.rs\/sq\/tekstet-ne-gjuhen-shqipe-dhe-tepricat-teknike\/\" \/>\n<meta property=\"og:site_name\" content=\"Republika e S\u00ebrbis\u00eb Trupi Koordinues p\u00ebr komunat Bujanoc, Preshev\u00eb dhe Medvegj\u00eb\" \/>\n<meta property=\"article:publisher\" content=\"https:\/\/www.facebook.com\/SluzbaKoordinacionogTelaVladeRepublikeSrbije\" \/>\n<meta property=\"article:published_time\" content=\"2012-08-21T00:00:00+00:00\" \/>\n<meta name=\"author\" content=\"ktmin\" \/>\n<meta name=\"twitter:card\" content=\"summary_large_image\" \/>\n<meta name=\"twitter:creator\" content=\"@kt_gov\" \/>\n<meta name=\"twitter:site\" content=\"@kt_gov\" \/>\n<meta name=\"twitter:label1\" content=\"Written by\" \/>\n\t<meta name=\"twitter:data1\" content=\"ktmin\" \/>\n\t<meta name=\"twitter:label2\" content=\"Est. reading time\" \/>\n\t<meta name=\"twitter:data2\" content=\"4 minutes\" \/>\n<script type=\"application\/ld+json\" class=\"yoast-schema-graph\">{\"@context\":\"https:\\\/\\\/schema.org\",\"@graph\":[{\"@type\":\"Article\",\"@id\":\"https:\\\/\\\/kt.gov.rs\\\/sq\\\/tekstet-ne-gjuhen-shqipe-dhe-tepricat-teknike\\\/#article\",\"isPartOf\":{\"@id\":\"https:\\\/\\\/kt.gov.rs\\\/sq\\\/tekstet-ne-gjuhen-shqipe-dhe-tepricat-teknike\\\/\"},\"author\":{\"name\":\"ktmin\",\"@id\":\"https:\\\/\\\/kt.gov.rs\\\/#\\\/schema\\\/person\\\/e426459ddb4173309103390602694571\"},\"headline\":\"TEKSTET N\u00cb GJUH\u00cbN SHQIPE DHE TEPRICAT TEKNIKE\",\"datePublished\":\"2012-08-21T00:00:00+00:00\",\"mainEntityOfPage\":{\"@id\":\"https:\\\/\\\/kt.gov.rs\\\/sq\\\/tekstet-ne-gjuhen-shqipe-dhe-tepricat-teknike\\\/\"},\"wordCount\":757,\"publisher\":{\"@id\":\"https:\\\/\\\/kt.gov.rs\\\/#organization\"},\"articleSection\":[\"Lajme\"],\"inLanguage\":\"sq-AL\"},{\"@type\":\"WebPage\",\"@id\":\"https:\\\/\\\/kt.gov.rs\\\/sq\\\/tekstet-ne-gjuhen-shqipe-dhe-tepricat-teknike\\\/\",\"url\":\"https:\\\/\\\/kt.gov.rs\\\/sq\\\/tekstet-ne-gjuhen-shqipe-dhe-tepricat-teknike\\\/\",\"name\":\"TEKSTET N\u00cb GJUH\u00cbN SHQIPE DHE TEPRICAT TEKNIKE - Republika e S\u00ebrbis\u00eb Trupi Koordinues p\u00ebr komunat Bujanoc, Preshev\u00eb dhe Medvegj\u00eb\",\"isPartOf\":{\"@id\":\"https:\\\/\\\/kt.gov.rs\\\/#website\"},\"datePublished\":\"2012-08-21T00:00:00+00:00\",\"breadcrumb\":{\"@id\":\"https:\\\/\\\/kt.gov.rs\\\/sq\\\/tekstet-ne-gjuhen-shqipe-dhe-tepricat-teknike\\\/#breadcrumb\"},\"inLanguage\":\"sq-AL\",\"potentialAction\":[{\"@type\":\"ReadAction\",\"target\":[\"https:\\\/\\\/kt.gov.rs\\\/sq\\\/tekstet-ne-gjuhen-shqipe-dhe-tepricat-teknike\\\/\"]}]},{\"@type\":\"BreadcrumbList\",\"@id\":\"https:\\\/\\\/kt.gov.rs\\\/sq\\\/tekstet-ne-gjuhen-shqipe-dhe-tepricat-teknike\\\/#breadcrumb\",\"itemListElement\":[{\"@type\":\"ListItem\",\"position\":1,\"name\":\"\u041f\u043e\u0447\u0435\u0442\u043d\u0430\",\"item\":\"https:\\\/\\\/kt.gov.rs\\\/sq\\\/\"},{\"@type\":\"ListItem\",\"position\":2,\"name\":\"TEKSTET N\u00cb GJUH\u00cbN SHQIPE DHE TEPRICAT TEKNIKE\"}]},{\"@type\":\"WebSite\",\"@id\":\"https:\\\/\\\/kt.gov.rs\\\/#website\",\"url\":\"https:\\\/\\\/kt.gov.rs\\\/\",\"name\":\"\u041a\u043e\u043e\u0440\u0434\u0438\u043d\u0430\u0446\u0438\u043e\u043d\u043e \u0442\u0435\u043b\u043e \u0412\u043b\u0430\u0434\u0435 \u0420\u0435\u043f\u0443\u0431\u043b\u0438\u043a\u0435 \u0421\u0440\u0431\u0438\u0458\u0435 \u0437\u0430 \u043e\u043f\u0448\u0442\u0438\u043d\u0435 \u041f\u0440\u0435\u0448\u0435\u0432\u043e, \u0411\u0443\u0458\u0430\u043d\u043e\u0432\u0430\u0446 \u0438 \u041c\u0435\u0434\u0432\u0435\u0452a\",\"description\":\"\",\"publisher\":{\"@id\":\"https:\\\/\\\/kt.gov.rs\\\/#organization\"},\"alternateName\":\"\u041a\u043e\u043e\u0440\u0434\u0438\u043d\u0430\u0446\u0438\u043e\u043d\u043e \u0442\u0435\u043b\u043e\",\"potentialAction\":[{\"@type\":\"SearchAction\",\"target\":{\"@type\":\"EntryPoint\",\"urlTemplate\":\"https:\\\/\\\/kt.gov.rs\\\/?s={search_term_string}\"},\"query-input\":{\"@type\":\"PropertyValueSpecification\",\"valueRequired\":true,\"valueName\":\"search_term_string\"}}],\"inLanguage\":\"sq-AL\"},{\"@type\":\"Organization\",\"@id\":\"https:\\\/\\\/kt.gov.rs\\\/#organization\",\"name\":\"\u041a\u043e\u043e\u0440\u0434\u0438\u043d\u0430\u0446\u0438\u043e\u043d\u043e \u0442\u0435\u043b\u043e \u0412\u043b\u0430\u0434\u0435 \u0420\u0435\u043f\u0443\u0431\u043b\u0438\u043a\u0435 \u0421\u0440\u0431\u0438\u0458\u0435 \u0437\u0430 \u043e\u043f\u0448\u0442\u0438\u043d\u0435 \u041f\u0440\u0435\u0448\u0435\u0432\u043e, \u0411\u0443\u0458\u0430\u043d\u043e\u0432\u0430\u0446 \u0438 \u041c\u0435\u0434\u0432\u0435\u0452a\",\"alternateName\":\"\u041a\u043e\u043e\u0440\u0434\u0438\u043d\u0430\u0446\u0438\u043e\u043d\u043e \u0442\u0435\u043b\u043e\",\"url\":\"https:\\\/\\\/kt.gov.rs\\\/\",\"logo\":{\"@type\":\"ImageObject\",\"inLanguage\":\"sq-AL\",\"@id\":\"https:\\\/\\\/kt.gov.rs\\\/#\\\/schema\\\/logo\\\/image\\\/\",\"url\":\"https:\\\/\\\/kt.gov.rs\\\/wp-content\\\/uploads\\\/2024\\\/12\\\/koord2.jpg\",\"contentUrl\":\"https:\\\/\\\/kt.gov.rs\\\/wp-content\\\/uploads\\\/2024\\\/12\\\/koord2.jpg\",\"width\":640,\"height\":480,\"caption\":\"\u041a\u043e\u043e\u0440\u0434\u0438\u043d\u0430\u0446\u0438\u043e\u043d\u043e \u0442\u0435\u043b\u043e \u0412\u043b\u0430\u0434\u0435 \u0420\u0435\u043f\u0443\u0431\u043b\u0438\u043a\u0435 \u0421\u0440\u0431\u0438\u0458\u0435 \u0437\u0430 \u043e\u043f\u0448\u0442\u0438\u043d\u0435 \u041f\u0440\u0435\u0448\u0435\u0432\u043e, \u0411\u0443\u0458\u0430\u043d\u043e\u0432\u0430\u0446 \u0438 \u041c\u0435\u0434\u0432\u0435\u0452a\"},\"image\":{\"@id\":\"https:\\\/\\\/kt.gov.rs\\\/#\\\/schema\\\/logo\\\/image\\\/\"},\"sameAs\":[\"https:\\\/\\\/www.facebook.com\\\/SluzbaKoordinacionogTelaVladeRepublikeSrbije\",\"https:\\\/\\\/x.com\\\/kt_gov\",\"https:\\\/\\\/www.youtube.com\\\/@koordinacionotelo\"]},{\"@type\":\"Person\",\"@id\":\"https:\\\/\\\/kt.gov.rs\\\/#\\\/schema\\\/person\\\/e426459ddb4173309103390602694571\",\"name\":\"ktmin\",\"image\":{\"@type\":\"ImageObject\",\"inLanguage\":\"sq-AL\",\"@id\":\"https:\\\/\\\/secure.gravatar.com\\\/avatar\\\/3985c961109853010c3fbc7ba30365bfba5db3dd6c525831d9c595c7525a615a?s=96&d=mm&r=g\",\"url\":\"https:\\\/\\\/secure.gravatar.com\\\/avatar\\\/3985c961109853010c3fbc7ba30365bfba5db3dd6c525831d9c595c7525a615a?s=96&d=mm&r=g\",\"contentUrl\":\"https:\\\/\\\/secure.gravatar.com\\\/avatar\\\/3985c961109853010c3fbc7ba30365bfba5db3dd6c525831d9c595c7525a615a?s=96&d=mm&r=g\",\"caption\":\"ktmin\"},\"sameAs\":[\"https:\\\/\\\/kt.gov.rs\"],\"url\":\"https:\\\/\\\/kt.gov.rs\\\/sq\\\/author\\\/ktmin\\\/\"}]}<\/script>\n<!-- \/ Yoast SEO plugin. -->","yoast_head_json":{"title":"TEKSTET N\u00cb GJUH\u00cbN SHQIPE DHE TEPRICAT TEKNIKE - Republika e S\u00ebrbis\u00eb Trupi Koordinues p\u00ebr komunat Bujanoc, Preshev\u00eb dhe Medvegj\u00eb","robots":{"index":"index","follow":"follow","max-snippet":"max-snippet:-1","max-image-preview":"max-image-preview:large","max-video-preview":"max-video-preview:-1"},"canonical":"https:\/\/kt.gov.rs\/sq\/tekstet-ne-gjuhen-shqipe-dhe-tepricat-teknike\/","og_locale":"sq_AL","og_type":"article","og_title":"TEKSTET N\u00cb GJUH\u00cbN SHQIPE DHE TEPRICAT TEKNIKE - Republika e S\u00ebrbis\u00eb Trupi Koordinues p\u00ebr komunat Bujanoc, Preshev\u00eb dhe Medvegj\u00eb","og_description":"Kryeshefi i drejtoriatit shkollor\u00eb p\u00ebr rrethin e P\u00e7inj\u00ebs dhe Jabllanic\u00ebs, Tomislav Simenoviq, ka th\u00ebn\u00eb se tekstet shkollore p\u00ebr f\u00ebmij\u00ebt prej klas\u00ebs s\u00eb par\u00eb deri n\u00eb t\u00eb kat\u00ebrt\u00ebn, t\u00eb shkoll\u00ebs fillore n\u00eb gjuh\u00eb shqipe tani gjinden n\u00eb shtyp dhe do t\u00eb jen\u00eb gati deri n\u00eb fillim e vitit shkollor.","og_url":"https:\/\/kt.gov.rs\/sq\/tekstet-ne-gjuhen-shqipe-dhe-tepricat-teknike\/","og_site_name":"Republika e S\u00ebrbis\u00eb Trupi Koordinues p\u00ebr komunat Bujanoc, Preshev\u00eb dhe Medvegj\u00eb","article_publisher":"https:\/\/www.facebook.com\/SluzbaKoordinacionogTelaVladeRepublikeSrbije","article_published_time":"2012-08-21T00:00:00+00:00","author":"ktmin","twitter_card":"summary_large_image","twitter_creator":"@kt_gov","twitter_site":"@kt_gov","twitter_misc":{"Written by":"ktmin","Est. reading time":"4 minutes"},"schema":{"@context":"https:\/\/schema.org","@graph":[{"@type":"Article","@id":"https:\/\/kt.gov.rs\/sq\/tekstet-ne-gjuhen-shqipe-dhe-tepricat-teknike\/#article","isPartOf":{"@id":"https:\/\/kt.gov.rs\/sq\/tekstet-ne-gjuhen-shqipe-dhe-tepricat-teknike\/"},"author":{"name":"ktmin","@id":"https:\/\/kt.gov.rs\/#\/schema\/person\/e426459ddb4173309103390602694571"},"headline":"TEKSTET N\u00cb GJUH\u00cbN SHQIPE DHE TEPRICAT TEKNIKE","datePublished":"2012-08-21T00:00:00+00:00","mainEntityOfPage":{"@id":"https:\/\/kt.gov.rs\/sq\/tekstet-ne-gjuhen-shqipe-dhe-tepricat-teknike\/"},"wordCount":757,"publisher":{"@id":"https:\/\/kt.gov.rs\/#organization"},"articleSection":["Lajme"],"inLanguage":"sq-AL"},{"@type":"WebPage","@id":"https:\/\/kt.gov.rs\/sq\/tekstet-ne-gjuhen-shqipe-dhe-tepricat-teknike\/","url":"https:\/\/kt.gov.rs\/sq\/tekstet-ne-gjuhen-shqipe-dhe-tepricat-teknike\/","name":"TEKSTET N\u00cb GJUH\u00cbN SHQIPE DHE TEPRICAT TEKNIKE - Republika e S\u00ebrbis\u00eb Trupi Koordinues p\u00ebr komunat Bujanoc, Preshev\u00eb dhe Medvegj\u00eb","isPartOf":{"@id":"https:\/\/kt.gov.rs\/#website"},"datePublished":"2012-08-21T00:00:00+00:00","breadcrumb":{"@id":"https:\/\/kt.gov.rs\/sq\/tekstet-ne-gjuhen-shqipe-dhe-tepricat-teknike\/#breadcrumb"},"inLanguage":"sq-AL","potentialAction":[{"@type":"ReadAction","target":["https:\/\/kt.gov.rs\/sq\/tekstet-ne-gjuhen-shqipe-dhe-tepricat-teknike\/"]}]},{"@type":"BreadcrumbList","@id":"https:\/\/kt.gov.rs\/sq\/tekstet-ne-gjuhen-shqipe-dhe-tepricat-teknike\/#breadcrumb","itemListElement":[{"@type":"ListItem","position":1,"name":"\u041f\u043e\u0447\u0435\u0442\u043d\u0430","item":"https:\/\/kt.gov.rs\/sq\/"},{"@type":"ListItem","position":2,"name":"TEKSTET N\u00cb GJUH\u00cbN SHQIPE DHE TEPRICAT TEKNIKE"}]},{"@type":"WebSite","@id":"https:\/\/kt.gov.rs\/#website","url":"https:\/\/kt.gov.rs\/","name":"\u041a\u043e\u043e\u0440\u0434\u0438\u043d\u0430\u0446\u0438\u043e\u043d\u043e \u0442\u0435\u043b\u043e \u0412\u043b\u0430\u0434\u0435 \u0420\u0435\u043f\u0443\u0431\u043b\u0438\u043a\u0435 \u0421\u0440\u0431\u0438\u0458\u0435 \u0437\u0430 \u043e\u043f\u0448\u0442\u0438\u043d\u0435 \u041f\u0440\u0435\u0448\u0435\u0432\u043e, \u0411\u0443\u0458\u0430\u043d\u043e\u0432\u0430\u0446 \u0438 \u041c\u0435\u0434\u0432\u0435\u0452a","description":"","publisher":{"@id":"https:\/\/kt.gov.rs\/#organization"},"alternateName":"\u041a\u043e\u043e\u0440\u0434\u0438\u043d\u0430\u0446\u0438\u043e\u043d\u043e \u0442\u0435\u043b\u043e","potentialAction":[{"@type":"SearchAction","target":{"@type":"EntryPoint","urlTemplate":"https:\/\/kt.gov.rs\/?s={search_term_string}"},"query-input":{"@type":"PropertyValueSpecification","valueRequired":true,"valueName":"search_term_string"}}],"inLanguage":"sq-AL"},{"@type":"Organization","@id":"https:\/\/kt.gov.rs\/#organization","name":"\u041a\u043e\u043e\u0440\u0434\u0438\u043d\u0430\u0446\u0438\u043e\u043d\u043e \u0442\u0435\u043b\u043e \u0412\u043b\u0430\u0434\u0435 \u0420\u0435\u043f\u0443\u0431\u043b\u0438\u043a\u0435 \u0421\u0440\u0431\u0438\u0458\u0435 \u0437\u0430 \u043e\u043f\u0448\u0442\u0438\u043d\u0435 \u041f\u0440\u0435\u0448\u0435\u0432\u043e, \u0411\u0443\u0458\u0430\u043d\u043e\u0432\u0430\u0446 \u0438 \u041c\u0435\u0434\u0432\u0435\u0452a","alternateName":"\u041a\u043e\u043e\u0440\u0434\u0438\u043d\u0430\u0446\u0438\u043e\u043d\u043e \u0442\u0435\u043b\u043e","url":"https:\/\/kt.gov.rs\/","logo":{"@type":"ImageObject","inLanguage":"sq-AL","@id":"https:\/\/kt.gov.rs\/#\/schema\/logo\/image\/","url":"https:\/\/kt.gov.rs\/wp-content\/uploads\/2024\/12\/koord2.jpg","contentUrl":"https:\/\/kt.gov.rs\/wp-content\/uploads\/2024\/12\/koord2.jpg","width":640,"height":480,"caption":"\u041a\u043e\u043e\u0440\u0434\u0438\u043d\u0430\u0446\u0438\u043e\u043d\u043e \u0442\u0435\u043b\u043e \u0412\u043b\u0430\u0434\u0435 \u0420\u0435\u043f\u0443\u0431\u043b\u0438\u043a\u0435 \u0421\u0440\u0431\u0438\u0458\u0435 \u0437\u0430 \u043e\u043f\u0448\u0442\u0438\u043d\u0435 \u041f\u0440\u0435\u0448\u0435\u0432\u043e, \u0411\u0443\u0458\u0430\u043d\u043e\u0432\u0430\u0446 \u0438 \u041c\u0435\u0434\u0432\u0435\u0452a"},"image":{"@id":"https:\/\/kt.gov.rs\/#\/schema\/logo\/image\/"},"sameAs":["https:\/\/www.facebook.com\/SluzbaKoordinacionogTelaVladeRepublikeSrbije","https:\/\/x.com\/kt_gov","https:\/\/www.youtube.com\/@koordinacionotelo"]},{"@type":"Person","@id":"https:\/\/kt.gov.rs\/#\/schema\/person\/e426459ddb4173309103390602694571","name":"ktmin","image":{"@type":"ImageObject","inLanguage":"sq-AL","@id":"https:\/\/secure.gravatar.com\/avatar\/3985c961109853010c3fbc7ba30365bfba5db3dd6c525831d9c595c7525a615a?s=96&d=mm&r=g","url":"https:\/\/secure.gravatar.com\/avatar\/3985c961109853010c3fbc7ba30365bfba5db3dd6c525831d9c595c7525a615a?s=96&d=mm&r=g","contentUrl":"https:\/\/secure.gravatar.com\/avatar\/3985c961109853010c3fbc7ba30365bfba5db3dd6c525831d9c595c7525a615a?s=96&d=mm&r=g","caption":"ktmin"},"sameAs":["https:\/\/kt.gov.rs"],"url":"https:\/\/kt.gov.rs\/sq\/author\/ktmin\/"}]}},"_links":{"self":[{"href":"https:\/\/kt.gov.rs\/sq\/wp-json\/wp\/v2\/posts\/141896","targetHints":{"allow":["GET"]}}],"collection":[{"href":"https:\/\/kt.gov.rs\/sq\/wp-json\/wp\/v2\/posts"}],"about":[{"href":"https:\/\/kt.gov.rs\/sq\/wp-json\/wp\/v2\/types\/post"}],"author":[{"embeddable":true,"href":"https:\/\/kt.gov.rs\/sq\/wp-json\/wp\/v2\/users\/1"}],"replies":[{"embeddable":true,"href":"https:\/\/kt.gov.rs\/sq\/wp-json\/wp\/v2\/comments?post=141896"}],"version-history":[{"count":0,"href":"https:\/\/kt.gov.rs\/sq\/wp-json\/wp\/v2\/posts\/141896\/revisions"}],"wp:attachment":[{"href":"https:\/\/kt.gov.rs\/sq\/wp-json\/wp\/v2\/media?parent=141896"}],"wp:term":[{"taxonomy":"category","embeddable":true,"href":"https:\/\/kt.gov.rs\/sq\/wp-json\/wp\/v2\/categories?post=141896"},{"taxonomy":"post_tag","embeddable":true,"href":"https:\/\/kt.gov.rs\/sq\/wp-json\/wp\/v2\/tags?post=141896"}],"curies":[{"name":"wp","href":"https:\/\/api.w.org\/{rel}","templated":true}]}}