{"id":141894,"date":"2012-08-21T00:00:00","date_gmt":"2012-08-21T00:00:00","guid":{"rendered":"http:\/\/kt.printandscreen.rs\/kur-te-rinjte-kane-ide-dhe-komunat-sigurojne-fonde\/"},"modified":"2012-08-21T00:00:00","modified_gmt":"2012-08-21T00:00:00","slug":"kur-te-rinjte-kane-ide-dhe-komunat-sigurojne-fonde","status":"publish","type":"post","link":"https:\/\/kt.gov.rs\/sq\/kur-te-rinjte-kane-ide-dhe-komunat-sigurojne-fonde\/","title":{"rendered":"KUR T\u00cb RINJT\u00cb KAN\u00cb IDE DHE KOMUNAT SIGUROJN\u00cb FONDE"},"content":{"rendered":"<p>\n\tPreshev\u00eb, Ivanjic, Bllac\u00eb, Kikinda, Krupanj dhe Loznica komunat q\u00eb jan\u00eb m\u00eb t\u00eb shqet\u00ebsuar n\u00eb lidhje me t\u00eb rinjt\u00eb n\u00eb Serbi, sipas t\u00eb shp\u00ebrblimeve t\u00eb k\u00ebtij viti, &quot;MLADGRAD 2012&quot;. \u00c7mimi kryesor shkoi n\u00eb komunen\u00a0 m\u00eb t\u00eb vjet\u00ebr dhe komunen m\u00eb t\u00eb re n\u00eb Serbi- Ivanjica p\u00ebr kontributin n\u00eb p\u00ebrmir\u00ebsimin e p\u00ebrgjithsh\u00ebm t\u00eb pozit\u00ebs s\u00eb t\u00eb rinjve n\u00eb bashk\u00ebsin\u00eb lokale dhe Preshev\u00ebs p\u00ebr hap\u00ebsir\u00ebn publike.<\/p>\n<p>\tMegjith\u00ebse u p\u00ebrball me shum\u00eb sfida t\u00eb p\u00ebrditshme n\u00eb nj\u00eb mjedis shum\u00ebkomb\u00ebsh, Presheva ende arrin t\u00eb plot\u00ebsoj\u00eb nevojat e t\u00eb rinjve n\u00eb territorin e tyre. Hap\u00ebsira e pajisur e qendr\u00ebs rinore \u00ebsht\u00eb e hapur p\u00ebr t\u00eb gjith\u00eb t\u00eb rinjt\u00eb t\u00eb cil\u00ebt kan\u00eb nj\u00eb ide se si t\u00eb p\u00ebrdorin at\u00eb dhe p\u00ebr ta organizuar.<\/p>\n<p>\n\tPresheva \u00ebsht\u00eb qytet m\u00eb i ri n\u00eb Serbi, kur shikoni n\u00eb struktur\u00ebn e popullsis\u00eb. Ne kemi nj\u00eb klub t\u00eb rinjve, t\u00eb pajisur me kompjuter\u00eb, shum\u00eb kurse jan\u00eb organizuar, dhe kemi shkuar nj\u00eb hap m\u00eb tej\u00a0 dhe si ka nj\u00eb kuot\u00eb 30 p\u00ebr qind p\u00ebr grat\u00eb n\u00eb parlament, k\u00ebshtu q\u00eb ne kemi 30 p\u00ebr qind e t\u00eb rinjve n\u00eb mesin e k\u00ebshilltar\u00ebve &quot;, tha Ragmi Mustafa, kryetar i komun\u00ebs.<\/p>\n<p>\n\tN\u00eb Ivanjic\u00eb \u00e7do regjistrim tregon m\u00eb pak popullsi , dhe p\u00ebr tre dekadat e fundit\u00a0 komuna ka humbur rreth 50 p\u00ebr qind e t\u00eb rinjve. Sipas mendimit t\u00eb Ivana Stamenciq, koordinator i Zyr\u00ebs t\u00eb Rinjve t\u00eb rajonit, papun\u00ebsia dhe pse Ivanjica nuk \u00ebsht\u00eb nj\u00eb qytet universitar, k\u00ebshtu q\u00eb disa njer\u00ebz t\u00eb rinj nuk kthehen n\u00eb at\u00eb pas p\u00ebrfundimit t\u00eb studimeve t\u00eb tyre, jan\u00eb arsyet themelore p\u00ebr k\u00ebto t\u00eb dh\u00ebna. Kjo \u00ebsht\u00eb arsyeja pse t\u00eb rinjt\u00eb me ndihm\u00ebn e vet\u00ebqeverisjes lokale mori nj\u00eb s\u00ebr\u00eb aktivitetesh, nd\u00ebrsa nj\u00eb klub t\u00eb rinjve u hap koh\u00ebt e fundit.<\/p>\n<p>\n\tKomuna i kushton v\u00ebmendje t\u00eb rinjve, ne kemi disa grupe rinore, ne kemi formuar Parlamentin Rinor, i vetmi i llojit t\u00eb tij n\u00eb Serbi, p\u00ebrmes t\u00eb cilit marrim informata menj\u00ebher\u00eb p\u00ebr t\u00eb gjitha nevojat e t\u00eb rinjve n\u00ebse \u00ebsht\u00eb turnir n\u00eb futboll n\u00eb nj\u00eb shkoll\u00eb apo seminar. P\u00ebrve\u00e7 shkollave, t\u00eb rinjt\u00eb nuk kan\u00eb hap\u00ebsir\u00eb p\u00ebr koh\u00ebn e lir\u00eb t\u00eb cil\u00ebsis\u00eb, k\u00ebshtu q\u00eb k\u00ebt\u00eb vit kemi pajisur hap\u00ebsir\u00ebn me m\u00eb shum\u00eb se 200 metra katror\u00eb &quot;, tha Stameniq.<\/p>\n","protected":false},"excerpt":{"rendered":"<p>Preshev\u00eb, Ivanjic, Bllac\u00eb, Kikinda, Krupanj dhe Loznica komunat q\u00eb jan\u00eb m\u00eb t\u00eb shqet\u00ebsuar n\u00eb lidhje me t\u00eb rinjt\u00eb n\u00eb Serbi, sipas t\u00eb shp\u00ebrblimeve t\u00eb k\u00ebtij viti, &quot;MLADGRAD 2012&quot;. \u00c7mimi kryesor shkoi n\u00eb komunen\u00a0 m\u00eb t\u00eb vjet\u00ebr dhe komunen m\u00eb t\u00eb re n\u00eb Serbi- Ivanjica p\u00ebr kontributin n\u00eb p\u00ebrmir\u00ebsimin e p\u00ebrgjithsh\u00ebm t\u00eb pozit\u00ebs s\u00eb t\u00eb rinjve n\u00eb bashk\u00ebsin\u00eb lokale dhe Preshev\u00ebs p\u00ebr hap\u00ebsir\u00ebn publike.<\/p>\n","protected":false},"author":1,"featured_media":0,"comment_status":"closed","ping_status":"closed","sticky":false,"template":"","format":"standard","meta":{"footnotes":""},"categories":[55],"tags":[],"class_list":["post-141894","post","type-post","status-publish","format-standard","hentry","category-lajme"],"yoast_head":"<!-- This site is optimized with the Yoast SEO plugin v27.5 - https:\/\/yoast.com\/product\/yoast-seo-wordpress\/ -->\n<title>KUR T\u00cb RINJT\u00cb KAN\u00cb IDE DHE KOMUNAT SIGUROJN\u00cb FONDE - Republika e S\u00ebrbis\u00eb Trupi Koordinues p\u00ebr komunat Bujanoc, Preshev\u00eb dhe Medvegj\u00eb<\/title>\n<meta name=\"robots\" content=\"index, follow, max-snippet:-1, max-image-preview:large, max-video-preview:-1\" \/>\n<link rel=\"canonical\" href=\"https:\/\/kt.gov.rs\/sq\/kur-te-rinjte-kane-ide-dhe-komunat-sigurojne-fonde\/\" \/>\n<meta property=\"og:locale\" content=\"sq_AL\" \/>\n<meta property=\"og:type\" content=\"article\" \/>\n<meta property=\"og:title\" content=\"KUR T\u00cb RINJT\u00cb KAN\u00cb IDE DHE KOMUNAT SIGUROJN\u00cb FONDE - Republika e S\u00ebrbis\u00eb Trupi Koordinues p\u00ebr komunat Bujanoc, Preshev\u00eb dhe Medvegj\u00eb\" \/>\n<meta property=\"og:description\" content=\"Preshev\u00eb, Ivanjic, Bllac\u00eb, Kikinda, Krupanj dhe Loznica komunat q\u00eb jan\u00eb m\u00eb t\u00eb shqet\u00ebsuar n\u00eb lidhje me t\u00eb rinjt\u00eb n\u00eb Serbi, sipas t\u00eb shp\u00ebrblimeve t\u00eb k\u00ebtij viti, &quot;MLADGRAD 2012&quot;. \u00c7mimi kryesor shkoi n\u00eb komunen\u00a0 m\u00eb t\u00eb vjet\u00ebr dhe komunen m\u00eb t\u00eb re n\u00eb Serbi- Ivanjica p\u00ebr kontributin n\u00eb p\u00ebrmir\u00ebsimin e p\u00ebrgjithsh\u00ebm t\u00eb pozit\u00ebs s\u00eb t\u00eb rinjve n\u00eb bashk\u00ebsin\u00eb lokale dhe Preshev\u00ebs p\u00ebr hap\u00ebsir\u00ebn publike.\" \/>\n<meta property=\"og:url\" content=\"https:\/\/kt.gov.rs\/sq\/kur-te-rinjte-kane-ide-dhe-komunat-sigurojne-fonde\/\" \/>\n<meta property=\"og:site_name\" content=\"Republika e S\u00ebrbis\u00eb Trupi Koordinues p\u00ebr komunat Bujanoc, Preshev\u00eb dhe Medvegj\u00eb\" \/>\n<meta property=\"article:publisher\" content=\"https:\/\/www.facebook.com\/SluzbaKoordinacionogTelaVladeRepublikeSrbije\" \/>\n<meta property=\"article:published_time\" content=\"2012-08-21T00:00:00+00:00\" \/>\n<meta name=\"author\" content=\"ktmin\" \/>\n<meta name=\"twitter:card\" content=\"summary_large_image\" \/>\n<meta name=\"twitter:creator\" content=\"@kt_gov\" \/>\n<meta name=\"twitter:site\" content=\"@kt_gov\" \/>\n<meta name=\"twitter:label1\" content=\"Written by\" \/>\n\t<meta name=\"twitter:data1\" content=\"ktmin\" \/>\n\t<meta name=\"twitter:label2\" content=\"Est. reading time\" \/>\n\t<meta name=\"twitter:data2\" content=\"3 minutes\" \/>\n<script type=\"application\/ld+json\" class=\"yoast-schema-graph\">{\"@context\":\"https:\\\/\\\/schema.org\",\"@graph\":[{\"@type\":\"Article\",\"@id\":\"https:\\\/\\\/kt.gov.rs\\\/sq\\\/kur-te-rinjte-kane-ide-dhe-komunat-sigurojne-fonde\\\/#article\",\"isPartOf\":{\"@id\":\"https:\\\/\\\/kt.gov.rs\\\/sq\\\/kur-te-rinjte-kane-ide-dhe-komunat-sigurojne-fonde\\\/\"},\"author\":{\"name\":\"ktmin\",\"@id\":\"https:\\\/\\\/kt.gov.rs\\\/#\\\/schema\\\/person\\\/e426459ddb4173309103390602694571\"},\"headline\":\"KUR T\u00cb RINJT\u00cb KAN\u00cb IDE DHE KOMUNAT SIGUROJN\u00cb FONDE\",\"datePublished\":\"2012-08-21T00:00:00+00:00\",\"mainEntityOfPage\":{\"@id\":\"https:\\\/\\\/kt.gov.rs\\\/sq\\\/kur-te-rinjte-kane-ide-dhe-komunat-sigurojne-fonde\\\/\"},\"wordCount\":609,\"publisher\":{\"@id\":\"https:\\\/\\\/kt.gov.rs\\\/#organization\"},\"articleSection\":[\"Lajme\"],\"inLanguage\":\"sq-AL\"},{\"@type\":\"WebPage\",\"@id\":\"https:\\\/\\\/kt.gov.rs\\\/sq\\\/kur-te-rinjte-kane-ide-dhe-komunat-sigurojne-fonde\\\/\",\"url\":\"https:\\\/\\\/kt.gov.rs\\\/sq\\\/kur-te-rinjte-kane-ide-dhe-komunat-sigurojne-fonde\\\/\",\"name\":\"KUR T\u00cb RINJT\u00cb KAN\u00cb IDE DHE KOMUNAT SIGUROJN\u00cb FONDE - Republika e S\u00ebrbis\u00eb Trupi Koordinues p\u00ebr komunat Bujanoc, Preshev\u00eb dhe Medvegj\u00eb\",\"isPartOf\":{\"@id\":\"https:\\\/\\\/kt.gov.rs\\\/#website\"},\"datePublished\":\"2012-08-21T00:00:00+00:00\",\"breadcrumb\":{\"@id\":\"https:\\\/\\\/kt.gov.rs\\\/sq\\\/kur-te-rinjte-kane-ide-dhe-komunat-sigurojne-fonde\\\/#breadcrumb\"},\"inLanguage\":\"sq-AL\",\"potentialAction\":[{\"@type\":\"ReadAction\",\"target\":[\"https:\\\/\\\/kt.gov.rs\\\/sq\\\/kur-te-rinjte-kane-ide-dhe-komunat-sigurojne-fonde\\\/\"]}]},{\"@type\":\"BreadcrumbList\",\"@id\":\"https:\\\/\\\/kt.gov.rs\\\/sq\\\/kur-te-rinjte-kane-ide-dhe-komunat-sigurojne-fonde\\\/#breadcrumb\",\"itemListElement\":[{\"@type\":\"ListItem\",\"position\":1,\"name\":\"\u041f\u043e\u0447\u0435\u0442\u043d\u0430\",\"item\":\"https:\\\/\\\/kt.gov.rs\\\/sq\\\/\"},{\"@type\":\"ListItem\",\"position\":2,\"name\":\"KUR T\u00cb RINJT\u00cb KAN\u00cb IDE DHE KOMUNAT SIGUROJN\u00cb FONDE\"}]},{\"@type\":\"WebSite\",\"@id\":\"https:\\\/\\\/kt.gov.rs\\\/#website\",\"url\":\"https:\\\/\\\/kt.gov.rs\\\/\",\"name\":\"\u041a\u043e\u043e\u0440\u0434\u0438\u043d\u0430\u0446\u0438\u043e\u043d\u043e \u0442\u0435\u043b\u043e \u0412\u043b\u0430\u0434\u0435 \u0420\u0435\u043f\u0443\u0431\u043b\u0438\u043a\u0435 \u0421\u0440\u0431\u0438\u0458\u0435 \u0437\u0430 \u043e\u043f\u0448\u0442\u0438\u043d\u0435 \u041f\u0440\u0435\u0448\u0435\u0432\u043e, \u0411\u0443\u0458\u0430\u043d\u043e\u0432\u0430\u0446 \u0438 \u041c\u0435\u0434\u0432\u0435\u0452a\",\"description\":\"\",\"publisher\":{\"@id\":\"https:\\\/\\\/kt.gov.rs\\\/#organization\"},\"alternateName\":\"\u041a\u043e\u043e\u0440\u0434\u0438\u043d\u0430\u0446\u0438\u043e\u043d\u043e \u0442\u0435\u043b\u043e\",\"potentialAction\":[{\"@type\":\"SearchAction\",\"target\":{\"@type\":\"EntryPoint\",\"urlTemplate\":\"https:\\\/\\\/kt.gov.rs\\\/?s={search_term_string}\"},\"query-input\":{\"@type\":\"PropertyValueSpecification\",\"valueRequired\":true,\"valueName\":\"search_term_string\"}}],\"inLanguage\":\"sq-AL\"},{\"@type\":\"Organization\",\"@id\":\"https:\\\/\\\/kt.gov.rs\\\/#organization\",\"name\":\"\u041a\u043e\u043e\u0440\u0434\u0438\u043d\u0430\u0446\u0438\u043e\u043d\u043e \u0442\u0435\u043b\u043e \u0412\u043b\u0430\u0434\u0435 \u0420\u0435\u043f\u0443\u0431\u043b\u0438\u043a\u0435 \u0421\u0440\u0431\u0438\u0458\u0435 \u0437\u0430 \u043e\u043f\u0448\u0442\u0438\u043d\u0435 \u041f\u0440\u0435\u0448\u0435\u0432\u043e, \u0411\u0443\u0458\u0430\u043d\u043e\u0432\u0430\u0446 \u0438 \u041c\u0435\u0434\u0432\u0435\u0452a\",\"alternateName\":\"\u041a\u043e\u043e\u0440\u0434\u0438\u043d\u0430\u0446\u0438\u043e\u043d\u043e \u0442\u0435\u043b\u043e\",\"url\":\"https:\\\/\\\/kt.gov.rs\\\/\",\"logo\":{\"@type\":\"ImageObject\",\"inLanguage\":\"sq-AL\",\"@id\":\"https:\\\/\\\/kt.gov.rs\\\/#\\\/schema\\\/logo\\\/image\\\/\",\"url\":\"https:\\\/\\\/kt.gov.rs\\\/wp-content\\\/uploads\\\/2024\\\/12\\\/koord2.jpg\",\"contentUrl\":\"https:\\\/\\\/kt.gov.rs\\\/wp-content\\\/uploads\\\/2024\\\/12\\\/koord2.jpg\",\"width\":640,\"height\":480,\"caption\":\"\u041a\u043e\u043e\u0440\u0434\u0438\u043d\u0430\u0446\u0438\u043e\u043d\u043e \u0442\u0435\u043b\u043e \u0412\u043b\u0430\u0434\u0435 \u0420\u0435\u043f\u0443\u0431\u043b\u0438\u043a\u0435 \u0421\u0440\u0431\u0438\u0458\u0435 \u0437\u0430 \u043e\u043f\u0448\u0442\u0438\u043d\u0435 \u041f\u0440\u0435\u0448\u0435\u0432\u043e, \u0411\u0443\u0458\u0430\u043d\u043e\u0432\u0430\u0446 \u0438 \u041c\u0435\u0434\u0432\u0435\u0452a\"},\"image\":{\"@id\":\"https:\\\/\\\/kt.gov.rs\\\/#\\\/schema\\\/logo\\\/image\\\/\"},\"sameAs\":[\"https:\\\/\\\/www.facebook.com\\\/SluzbaKoordinacionogTelaVladeRepublikeSrbije\",\"https:\\\/\\\/x.com\\\/kt_gov\",\"https:\\\/\\\/www.youtube.com\\\/@koordinacionotelo\"]},{\"@type\":\"Person\",\"@id\":\"https:\\\/\\\/kt.gov.rs\\\/#\\\/schema\\\/person\\\/e426459ddb4173309103390602694571\",\"name\":\"ktmin\",\"image\":{\"@type\":\"ImageObject\",\"inLanguage\":\"sq-AL\",\"@id\":\"https:\\\/\\\/secure.gravatar.com\\\/avatar\\\/3985c961109853010c3fbc7ba30365bfba5db3dd6c525831d9c595c7525a615a?s=96&d=mm&r=g\",\"url\":\"https:\\\/\\\/secure.gravatar.com\\\/avatar\\\/3985c961109853010c3fbc7ba30365bfba5db3dd6c525831d9c595c7525a615a?s=96&d=mm&r=g\",\"contentUrl\":\"https:\\\/\\\/secure.gravatar.com\\\/avatar\\\/3985c961109853010c3fbc7ba30365bfba5db3dd6c525831d9c595c7525a615a?s=96&d=mm&r=g\",\"caption\":\"ktmin\"},\"sameAs\":[\"https:\\\/\\\/kt.gov.rs\"],\"url\":\"https:\\\/\\\/kt.gov.rs\\\/sq\\\/author\\\/ktmin\\\/\"}]}<\/script>\n<!-- \/ Yoast SEO plugin. -->","yoast_head_json":{"title":"KUR T\u00cb RINJT\u00cb KAN\u00cb IDE DHE KOMUNAT SIGUROJN\u00cb FONDE - Republika e S\u00ebrbis\u00eb Trupi Koordinues p\u00ebr komunat Bujanoc, Preshev\u00eb dhe Medvegj\u00eb","robots":{"index":"index","follow":"follow","max-snippet":"max-snippet:-1","max-image-preview":"max-image-preview:large","max-video-preview":"max-video-preview:-1"},"canonical":"https:\/\/kt.gov.rs\/sq\/kur-te-rinjte-kane-ide-dhe-komunat-sigurojne-fonde\/","og_locale":"sq_AL","og_type":"article","og_title":"KUR T\u00cb RINJT\u00cb KAN\u00cb IDE DHE KOMUNAT SIGUROJN\u00cb FONDE - Republika e S\u00ebrbis\u00eb Trupi Koordinues p\u00ebr komunat Bujanoc, Preshev\u00eb dhe Medvegj\u00eb","og_description":"Preshev\u00eb, Ivanjic, Bllac\u00eb, Kikinda, Krupanj dhe Loznica komunat q\u00eb jan\u00eb m\u00eb t\u00eb shqet\u00ebsuar n\u00eb lidhje me t\u00eb rinjt\u00eb n\u00eb Serbi, sipas t\u00eb shp\u00ebrblimeve t\u00eb k\u00ebtij viti, &quot;MLADGRAD 2012&quot;. \u00c7mimi kryesor shkoi n\u00eb komunen\u00a0 m\u00eb t\u00eb vjet\u00ebr dhe komunen m\u00eb t\u00eb re n\u00eb Serbi- Ivanjica p\u00ebr kontributin n\u00eb p\u00ebrmir\u00ebsimin e p\u00ebrgjithsh\u00ebm t\u00eb pozit\u00ebs s\u00eb t\u00eb rinjve n\u00eb bashk\u00ebsin\u00eb lokale dhe Preshev\u00ebs p\u00ebr hap\u00ebsir\u00ebn publike.","og_url":"https:\/\/kt.gov.rs\/sq\/kur-te-rinjte-kane-ide-dhe-komunat-sigurojne-fonde\/","og_site_name":"Republika e S\u00ebrbis\u00eb Trupi Koordinues p\u00ebr komunat Bujanoc, Preshev\u00eb dhe Medvegj\u00eb","article_publisher":"https:\/\/www.facebook.com\/SluzbaKoordinacionogTelaVladeRepublikeSrbije","article_published_time":"2012-08-21T00:00:00+00:00","author":"ktmin","twitter_card":"summary_large_image","twitter_creator":"@kt_gov","twitter_site":"@kt_gov","twitter_misc":{"Written by":"ktmin","Est. reading time":"3 minutes"},"schema":{"@context":"https:\/\/schema.org","@graph":[{"@type":"Article","@id":"https:\/\/kt.gov.rs\/sq\/kur-te-rinjte-kane-ide-dhe-komunat-sigurojne-fonde\/#article","isPartOf":{"@id":"https:\/\/kt.gov.rs\/sq\/kur-te-rinjte-kane-ide-dhe-komunat-sigurojne-fonde\/"},"author":{"name":"ktmin","@id":"https:\/\/kt.gov.rs\/#\/schema\/person\/e426459ddb4173309103390602694571"},"headline":"KUR T\u00cb RINJT\u00cb KAN\u00cb IDE DHE KOMUNAT SIGUROJN\u00cb FONDE","datePublished":"2012-08-21T00:00:00+00:00","mainEntityOfPage":{"@id":"https:\/\/kt.gov.rs\/sq\/kur-te-rinjte-kane-ide-dhe-komunat-sigurojne-fonde\/"},"wordCount":609,"publisher":{"@id":"https:\/\/kt.gov.rs\/#organization"},"articleSection":["Lajme"],"inLanguage":"sq-AL"},{"@type":"WebPage","@id":"https:\/\/kt.gov.rs\/sq\/kur-te-rinjte-kane-ide-dhe-komunat-sigurojne-fonde\/","url":"https:\/\/kt.gov.rs\/sq\/kur-te-rinjte-kane-ide-dhe-komunat-sigurojne-fonde\/","name":"KUR T\u00cb RINJT\u00cb KAN\u00cb IDE DHE KOMUNAT SIGUROJN\u00cb FONDE - Republika e S\u00ebrbis\u00eb Trupi Koordinues p\u00ebr komunat Bujanoc, Preshev\u00eb dhe Medvegj\u00eb","isPartOf":{"@id":"https:\/\/kt.gov.rs\/#website"},"datePublished":"2012-08-21T00:00:00+00:00","breadcrumb":{"@id":"https:\/\/kt.gov.rs\/sq\/kur-te-rinjte-kane-ide-dhe-komunat-sigurojne-fonde\/#breadcrumb"},"inLanguage":"sq-AL","potentialAction":[{"@type":"ReadAction","target":["https:\/\/kt.gov.rs\/sq\/kur-te-rinjte-kane-ide-dhe-komunat-sigurojne-fonde\/"]}]},{"@type":"BreadcrumbList","@id":"https:\/\/kt.gov.rs\/sq\/kur-te-rinjte-kane-ide-dhe-komunat-sigurojne-fonde\/#breadcrumb","itemListElement":[{"@type":"ListItem","position":1,"name":"\u041f\u043e\u0447\u0435\u0442\u043d\u0430","item":"https:\/\/kt.gov.rs\/sq\/"},{"@type":"ListItem","position":2,"name":"KUR T\u00cb RINJT\u00cb KAN\u00cb IDE DHE KOMUNAT SIGUROJN\u00cb FONDE"}]},{"@type":"WebSite","@id":"https:\/\/kt.gov.rs\/#website","url":"https:\/\/kt.gov.rs\/","name":"\u041a\u043e\u043e\u0440\u0434\u0438\u043d\u0430\u0446\u0438\u043e\u043d\u043e \u0442\u0435\u043b\u043e \u0412\u043b\u0430\u0434\u0435 \u0420\u0435\u043f\u0443\u0431\u043b\u0438\u043a\u0435 \u0421\u0440\u0431\u0438\u0458\u0435 \u0437\u0430 \u043e\u043f\u0448\u0442\u0438\u043d\u0435 \u041f\u0440\u0435\u0448\u0435\u0432\u043e, \u0411\u0443\u0458\u0430\u043d\u043e\u0432\u0430\u0446 \u0438 \u041c\u0435\u0434\u0432\u0435\u0452a","description":"","publisher":{"@id":"https:\/\/kt.gov.rs\/#organization"},"alternateName":"\u041a\u043e\u043e\u0440\u0434\u0438\u043d\u0430\u0446\u0438\u043e\u043d\u043e \u0442\u0435\u043b\u043e","potentialAction":[{"@type":"SearchAction","target":{"@type":"EntryPoint","urlTemplate":"https:\/\/kt.gov.rs\/?s={search_term_string}"},"query-input":{"@type":"PropertyValueSpecification","valueRequired":true,"valueName":"search_term_string"}}],"inLanguage":"sq-AL"},{"@type":"Organization","@id":"https:\/\/kt.gov.rs\/#organization","name":"\u041a\u043e\u043e\u0440\u0434\u0438\u043d\u0430\u0446\u0438\u043e\u043d\u043e \u0442\u0435\u043b\u043e \u0412\u043b\u0430\u0434\u0435 \u0420\u0435\u043f\u0443\u0431\u043b\u0438\u043a\u0435 \u0421\u0440\u0431\u0438\u0458\u0435 \u0437\u0430 \u043e\u043f\u0448\u0442\u0438\u043d\u0435 \u041f\u0440\u0435\u0448\u0435\u0432\u043e, \u0411\u0443\u0458\u0430\u043d\u043e\u0432\u0430\u0446 \u0438 \u041c\u0435\u0434\u0432\u0435\u0452a","alternateName":"\u041a\u043e\u043e\u0440\u0434\u0438\u043d\u0430\u0446\u0438\u043e\u043d\u043e \u0442\u0435\u043b\u043e","url":"https:\/\/kt.gov.rs\/","logo":{"@type":"ImageObject","inLanguage":"sq-AL","@id":"https:\/\/kt.gov.rs\/#\/schema\/logo\/image\/","url":"https:\/\/kt.gov.rs\/wp-content\/uploads\/2024\/12\/koord2.jpg","contentUrl":"https:\/\/kt.gov.rs\/wp-content\/uploads\/2024\/12\/koord2.jpg","width":640,"height":480,"caption":"\u041a\u043e\u043e\u0440\u0434\u0438\u043d\u0430\u0446\u0438\u043e\u043d\u043e \u0442\u0435\u043b\u043e \u0412\u043b\u0430\u0434\u0435 \u0420\u0435\u043f\u0443\u0431\u043b\u0438\u043a\u0435 \u0421\u0440\u0431\u0438\u0458\u0435 \u0437\u0430 \u043e\u043f\u0448\u0442\u0438\u043d\u0435 \u041f\u0440\u0435\u0448\u0435\u0432\u043e, \u0411\u0443\u0458\u0430\u043d\u043e\u0432\u0430\u0446 \u0438 \u041c\u0435\u0434\u0432\u0435\u0452a"},"image":{"@id":"https:\/\/kt.gov.rs\/#\/schema\/logo\/image\/"},"sameAs":["https:\/\/www.facebook.com\/SluzbaKoordinacionogTelaVladeRepublikeSrbije","https:\/\/x.com\/kt_gov","https:\/\/www.youtube.com\/@koordinacionotelo"]},{"@type":"Person","@id":"https:\/\/kt.gov.rs\/#\/schema\/person\/e426459ddb4173309103390602694571","name":"ktmin","image":{"@type":"ImageObject","inLanguage":"sq-AL","@id":"https:\/\/secure.gravatar.com\/avatar\/3985c961109853010c3fbc7ba30365bfba5db3dd6c525831d9c595c7525a615a?s=96&d=mm&r=g","url":"https:\/\/secure.gravatar.com\/avatar\/3985c961109853010c3fbc7ba30365bfba5db3dd6c525831d9c595c7525a615a?s=96&d=mm&r=g","contentUrl":"https:\/\/secure.gravatar.com\/avatar\/3985c961109853010c3fbc7ba30365bfba5db3dd6c525831d9c595c7525a615a?s=96&d=mm&r=g","caption":"ktmin"},"sameAs":["https:\/\/kt.gov.rs"],"url":"https:\/\/kt.gov.rs\/sq\/author\/ktmin\/"}]}},"_links":{"self":[{"href":"https:\/\/kt.gov.rs\/sq\/wp-json\/wp\/v2\/posts\/141894","targetHints":{"allow":["GET"]}}],"collection":[{"href":"https:\/\/kt.gov.rs\/sq\/wp-json\/wp\/v2\/posts"}],"about":[{"href":"https:\/\/kt.gov.rs\/sq\/wp-json\/wp\/v2\/types\/post"}],"author":[{"embeddable":true,"href":"https:\/\/kt.gov.rs\/sq\/wp-json\/wp\/v2\/users\/1"}],"replies":[{"embeddable":true,"href":"https:\/\/kt.gov.rs\/sq\/wp-json\/wp\/v2\/comments?post=141894"}],"version-history":[{"count":0,"href":"https:\/\/kt.gov.rs\/sq\/wp-json\/wp\/v2\/posts\/141894\/revisions"}],"wp:attachment":[{"href":"https:\/\/kt.gov.rs\/sq\/wp-json\/wp\/v2\/media?parent=141894"}],"wp:term":[{"taxonomy":"category","embeddable":true,"href":"https:\/\/kt.gov.rs\/sq\/wp-json\/wp\/v2\/categories?post=141894"},{"taxonomy":"post_tag","embeddable":true,"href":"https:\/\/kt.gov.rs\/sq\/wp-json\/wp\/v2\/tags?post=141894"}],"curies":[{"name":"wp","href":"https:\/\/api.w.org\/{rel}","templated":true}]}}