{"id":141863,"date":"2012-10-05T00:00:00","date_gmt":"2012-10-05T00:00:00","guid":{"rendered":"http:\/\/kt.printandscreen.rs\/qendra-e-trajnimit-per-te-rinjte-nga-bujanovci-vranja-dhe-presheva\/"},"modified":"2012-10-05T00:00:00","modified_gmt":"2012-10-05T00:00:00","slug":"qendra-e-trajnimit-per-te-rinjte-nga-bujanovci-vranja-dhe-presheva","status":"publish","type":"post","link":"https:\/\/kt.gov.rs\/sq\/qendra-e-trajnimit-per-te-rinjte-nga-bujanovci-vranja-dhe-presheva\/","title":{"rendered":"QENDRA E TRAJNIMIT P\u00cbR T\u00cb RINJT\u00cb NGA BUJANOVCI,VRANJA DHE PRESHEVA"},"content":{"rendered":"<p>\n\t<em><strong>Vranjska Banja-<\/strong><\/em> Pas nj\u00eb viti t\u00eb implementimit t\u00eb suksessh\u00ebm, &quot;YouthBuild&quot; programi vazhdon me pun\u00ebn n\u00eb Preshev\u00eb, Bujanoc dhe Vranj\u00eb.<\/p>\n<p>\n\t40 t\u00eb rinj\u00eb t\u00eb cil\u00ebt p\u00ebrmes trajnimit gjasht\u00ebmujor do t\u00eb p\u00ebrfitojn\u00eb aft\u00ebsi t\u00eb domosdoshme p\u00ebr pun\u00ebsim dhe zbatimin e aktiviteteve n\u00eb bashk\u00ebsi lokale.<\/p>\n<p>\n\tVitin e kaluar,trajnimet e nj\u00ebjta kan motivuar grupin e par\u00eb e pjes\u00ebmarr\u00ebsve t\u00eb rinj p\u00ebr t\u00eb nd\u00ebrtuar 11 pjersira\u00a0 p\u00ebr njer\u00ebzit me aft\u00ebsi t\u00eb kufizuara dhe ngjyrosjen e rrethoj\u00ebs (gardhit) t\u00eb shkollave fillore dhe t\u00eb institucioneve t\u00eb tjera n\u00eb Preshev\u00eb dhe Bujanoc.N\u00ebp\u00ebrmjet, m\u00ebsimin e gjuh\u00ebs dhe pun\u00ebs vullnetare n\u00eb bashk\u00ebsin\u00eb, k\u00ebta njer\u00ebz t\u00eb rinj arrit\u00ebn p\u00ebr t\u00eb kap\u00ebrcyer t\u00eb gjitha paragjykimet ekzistuese dhe t\u00eb b\u00ebhen miq t\u00eb ngusht\u00eb gjat\u00eb projektit.P\u00ebrvoja n\u00eb terren t\u00eb motivuar ata q\u00eb t\u00eb b\u00ebhen aktivist\u00eb t\u00eb pavarur, t\u00eb cil\u00ebt haptazi p\u00ebrballen me probleme n\u00eb qytetin e tyre dhe komuna, n\u00eb zgjidhjen e tyre n\u00eb favor t\u00eb komunitetit.<\/p>\n<p>\n\tNj\u00eb grup i t\u00eb rinjve t\u00eb cil\u00ebt jan\u00eb t\u00eb p\u00ebrfshir\u00eb n\u00eb projektin e k\u00ebtij viti u zgjodh pas nj\u00eb konkurrimi t\u00eb hapur q\u00eb \u00ebsht\u00eb organizuar n\u00eb gusht 2012.<\/p>\n<p>\n\tT\u00eb gjith\u00eb ata pat\u00ebn mund\u00ebsi n\u00eb Vranjska Banja p\u00ebr t\u00eb marr\u00eb pjes\u00eb n\u00eb trajnimin hyr\u00ebs, gjat\u00eb s\u00eb cil\u00ebs ata u takuan me projektin, rezultatet aktuale dhe mund\u00ebsit\u00eb e ofruara p\u00ebr ta.<\/p>\n<p>\n\t&quot;YouthBuild&quot; qendra e trajnimit u hap m\u00eb 2 tetor 2012, n\u00eb pranin\u00eb e p\u00ebrfaq\u00ebsuesve t\u00eb donator\u00ebve, kryetarit t\u00eb Bujanocit, Vranj\u00ebs dhe p\u00ebrfaq\u00ebsues t\u00eb organizatave t\u00eb tjera vendore dhe nd\u00ebrkomb\u00ebtare.<\/p>\n<p>\n\t\u201eYouthBuild\u201d \u00ebsht\u00eb model q\u00eb \u00ebsht\u00eb zbatuar dhe ka dh\u00ebn\u00eb rezultate t\u00eb jasht\u00ebzakonshme n\u00eb 15 vende n\u00eb mbar\u00eb bot\u00ebn. Me mbi 30 vjet p\u00ebrvoj\u00eb \u201eYouthBuild\u201d i ka p\u00ebrgatitur mbi 94.000 njer\u00ebz t\u00eb rinj\u00eb p\u00ebr t\u00eb qen\u00eb aktiv, t\u00eb angazhuar dhe p\u00ebr ta nd\u00ebrtuar vet\u00eb bashk\u00ebsin\u00eb e vet.<\/p>\n","protected":false},"excerpt":{"rendered":"<p>Vranjska Banja- Pas nj\u00eb viti t\u00eb implementimit t\u00eb suksessh\u00ebm, &quot;YouthBuild&quot; programi vazhdon me pun\u00ebn n\u00eb Preshev\u00eb, Bujanoc dhe Vranj\u00eb. 40 t\u00eb rinj\u00eb t\u00eb cil\u00ebt p\u00ebrmes trajnimit gjasht\u00ebmujor do t\u00eb p\u00ebrfitojn\u00eb aft\u00ebsi t\u00eb domosdoshme p\u00ebr pun\u00ebsim dhe zbatimin e aktiviteteve n\u00eb bashk\u00ebsi lokale.<\/p>\n","protected":false},"author":1,"featured_media":0,"comment_status":"closed","ping_status":"closed","sticky":false,"template":"","format":"standard","meta":{"footnotes":""},"categories":[55],"tags":[],"class_list":["post-141863","post","type-post","status-publish","format-standard","hentry","category-lajme"],"yoast_head":"<!-- This site is optimized with the Yoast SEO plugin v27.5 - https:\/\/yoast.com\/product\/yoast-seo-wordpress\/ -->\n<title>QENDRA E TRAJNIMIT P\u00cbR T\u00cb RINJT\u00cb NGA BUJANOVCI,VRANJA DHE PRESHEVA - Republika e S\u00ebrbis\u00eb Trupi Koordinues p\u00ebr komunat Bujanoc, Preshev\u00eb dhe Medvegj\u00eb<\/title>\n<meta name=\"robots\" content=\"index, follow, max-snippet:-1, max-image-preview:large, max-video-preview:-1\" \/>\n<link rel=\"canonical\" href=\"https:\/\/kt.gov.rs\/sq\/qendra-e-trajnimit-per-te-rinjte-nga-bujanovci-vranja-dhe-presheva\/\" \/>\n<meta property=\"og:locale\" content=\"sq_AL\" \/>\n<meta property=\"og:type\" content=\"article\" \/>\n<meta property=\"og:title\" content=\"QENDRA E TRAJNIMIT P\u00cbR T\u00cb RINJT\u00cb NGA BUJANOVCI,VRANJA DHE PRESHEVA - Republika e S\u00ebrbis\u00eb Trupi Koordinues p\u00ebr komunat Bujanoc, Preshev\u00eb dhe Medvegj\u00eb\" \/>\n<meta property=\"og:description\" content=\"Vranjska Banja- Pas nj\u00eb viti t\u00eb implementimit t\u00eb suksessh\u00ebm, &quot;YouthBuild&quot; programi vazhdon me pun\u00ebn n\u00eb Preshev\u00eb, Bujanoc dhe Vranj\u00eb. 40 t\u00eb rinj\u00eb t\u00eb cil\u00ebt p\u00ebrmes trajnimit gjasht\u00ebmujor do t\u00eb p\u00ebrfitojn\u00eb aft\u00ebsi t\u00eb domosdoshme p\u00ebr pun\u00ebsim dhe zbatimin e aktiviteteve n\u00eb bashk\u00ebsi lokale.\" \/>\n<meta property=\"og:url\" content=\"https:\/\/kt.gov.rs\/sq\/qendra-e-trajnimit-per-te-rinjte-nga-bujanovci-vranja-dhe-presheva\/\" \/>\n<meta property=\"og:site_name\" content=\"Republika e S\u00ebrbis\u00eb Trupi Koordinues p\u00ebr komunat Bujanoc, Preshev\u00eb dhe Medvegj\u00eb\" \/>\n<meta property=\"article:publisher\" content=\"https:\/\/www.facebook.com\/SluzbaKoordinacionogTelaVladeRepublikeSrbije\" \/>\n<meta property=\"article:published_time\" content=\"2012-10-05T00:00:00+00:00\" \/>\n<meta name=\"author\" content=\"ktmin\" \/>\n<meta name=\"twitter:card\" content=\"summary_large_image\" \/>\n<meta name=\"twitter:creator\" content=\"@kt_gov\" \/>\n<meta name=\"twitter:site\" content=\"@kt_gov\" \/>\n<meta name=\"twitter:label1\" content=\"Written by\" \/>\n\t<meta name=\"twitter:data1\" content=\"ktmin\" \/>\n\t<meta name=\"twitter:label2\" content=\"Est. reading time\" \/>\n\t<meta name=\"twitter:data2\" content=\"2 minutes\" \/>\n<script type=\"application\/ld+json\" class=\"yoast-schema-graph\">{\"@context\":\"https:\\\/\\\/schema.org\",\"@graph\":[{\"@type\":\"Article\",\"@id\":\"https:\\\/\\\/kt.gov.rs\\\/sq\\\/qendra-e-trajnimit-per-te-rinjte-nga-bujanovci-vranja-dhe-presheva\\\/#article\",\"isPartOf\":{\"@id\":\"https:\\\/\\\/kt.gov.rs\\\/sq\\\/qendra-e-trajnimit-per-te-rinjte-nga-bujanovci-vranja-dhe-presheva\\\/\"},\"author\":{\"name\":\"ktmin\",\"@id\":\"https:\\\/\\\/kt.gov.rs\\\/#\\\/schema\\\/person\\\/e426459ddb4173309103390602694571\"},\"headline\":\"QENDRA E TRAJNIMIT P\u00cbR T\u00cb RINJT\u00cb NGA BUJANOVCI,VRANJA DHE PRESHEVA\",\"datePublished\":\"2012-10-05T00:00:00+00:00\",\"mainEntityOfPage\":{\"@id\":\"https:\\\/\\\/kt.gov.rs\\\/sq\\\/qendra-e-trajnimit-per-te-rinjte-nga-bujanovci-vranja-dhe-presheva\\\/\"},\"wordCount\":509,\"publisher\":{\"@id\":\"https:\\\/\\\/kt.gov.rs\\\/#organization\"},\"articleSection\":[\"Lajme\"],\"inLanguage\":\"sq-AL\"},{\"@type\":\"WebPage\",\"@id\":\"https:\\\/\\\/kt.gov.rs\\\/sq\\\/qendra-e-trajnimit-per-te-rinjte-nga-bujanovci-vranja-dhe-presheva\\\/\",\"url\":\"https:\\\/\\\/kt.gov.rs\\\/sq\\\/qendra-e-trajnimit-per-te-rinjte-nga-bujanovci-vranja-dhe-presheva\\\/\",\"name\":\"QENDRA E TRAJNIMIT P\u00cbR T\u00cb RINJT\u00cb NGA BUJANOVCI,VRANJA DHE PRESHEVA - Republika e S\u00ebrbis\u00eb Trupi Koordinues p\u00ebr komunat Bujanoc, Preshev\u00eb dhe Medvegj\u00eb\",\"isPartOf\":{\"@id\":\"https:\\\/\\\/kt.gov.rs\\\/#website\"},\"datePublished\":\"2012-10-05T00:00:00+00:00\",\"breadcrumb\":{\"@id\":\"https:\\\/\\\/kt.gov.rs\\\/sq\\\/qendra-e-trajnimit-per-te-rinjte-nga-bujanovci-vranja-dhe-presheva\\\/#breadcrumb\"},\"inLanguage\":\"sq-AL\",\"potentialAction\":[{\"@type\":\"ReadAction\",\"target\":[\"https:\\\/\\\/kt.gov.rs\\\/sq\\\/qendra-e-trajnimit-per-te-rinjte-nga-bujanovci-vranja-dhe-presheva\\\/\"]}]},{\"@type\":\"BreadcrumbList\",\"@id\":\"https:\\\/\\\/kt.gov.rs\\\/sq\\\/qendra-e-trajnimit-per-te-rinjte-nga-bujanovci-vranja-dhe-presheva\\\/#breadcrumb\",\"itemListElement\":[{\"@type\":\"ListItem\",\"position\":1,\"name\":\"\u041f\u043e\u0447\u0435\u0442\u043d\u0430\",\"item\":\"https:\\\/\\\/kt.gov.rs\\\/sq\\\/\"},{\"@type\":\"ListItem\",\"position\":2,\"name\":\"QENDRA E TRAJNIMIT P\u00cbR T\u00cb RINJT\u00cb NGA BUJANOVCI,VRANJA DHE PRESHEVA\"}]},{\"@type\":\"WebSite\",\"@id\":\"https:\\\/\\\/kt.gov.rs\\\/#website\",\"url\":\"https:\\\/\\\/kt.gov.rs\\\/\",\"name\":\"\u041a\u043e\u043e\u0440\u0434\u0438\u043d\u0430\u0446\u0438\u043e\u043d\u043e \u0442\u0435\u043b\u043e \u0412\u043b\u0430\u0434\u0435 \u0420\u0435\u043f\u0443\u0431\u043b\u0438\u043a\u0435 \u0421\u0440\u0431\u0438\u0458\u0435 \u0437\u0430 \u043e\u043f\u0448\u0442\u0438\u043d\u0435 \u041f\u0440\u0435\u0448\u0435\u0432\u043e, \u0411\u0443\u0458\u0430\u043d\u043e\u0432\u0430\u0446 \u0438 \u041c\u0435\u0434\u0432\u0435\u0452a\",\"description\":\"\",\"publisher\":{\"@id\":\"https:\\\/\\\/kt.gov.rs\\\/#organization\"},\"alternateName\":\"\u041a\u043e\u043e\u0440\u0434\u0438\u043d\u0430\u0446\u0438\u043e\u043d\u043e \u0442\u0435\u043b\u043e\",\"potentialAction\":[{\"@type\":\"SearchAction\",\"target\":{\"@type\":\"EntryPoint\",\"urlTemplate\":\"https:\\\/\\\/kt.gov.rs\\\/?s={search_term_string}\"},\"query-input\":{\"@type\":\"PropertyValueSpecification\",\"valueRequired\":true,\"valueName\":\"search_term_string\"}}],\"inLanguage\":\"sq-AL\"},{\"@type\":\"Organization\",\"@id\":\"https:\\\/\\\/kt.gov.rs\\\/#organization\",\"name\":\"\u041a\u043e\u043e\u0440\u0434\u0438\u043d\u0430\u0446\u0438\u043e\u043d\u043e \u0442\u0435\u043b\u043e \u0412\u043b\u0430\u0434\u0435 \u0420\u0435\u043f\u0443\u0431\u043b\u0438\u043a\u0435 \u0421\u0440\u0431\u0438\u0458\u0435 \u0437\u0430 \u043e\u043f\u0448\u0442\u0438\u043d\u0435 \u041f\u0440\u0435\u0448\u0435\u0432\u043e, \u0411\u0443\u0458\u0430\u043d\u043e\u0432\u0430\u0446 \u0438 \u041c\u0435\u0434\u0432\u0435\u0452a\",\"alternateName\":\"\u041a\u043e\u043e\u0440\u0434\u0438\u043d\u0430\u0446\u0438\u043e\u043d\u043e \u0442\u0435\u043b\u043e\",\"url\":\"https:\\\/\\\/kt.gov.rs\\\/\",\"logo\":{\"@type\":\"ImageObject\",\"inLanguage\":\"sq-AL\",\"@id\":\"https:\\\/\\\/kt.gov.rs\\\/#\\\/schema\\\/logo\\\/image\\\/\",\"url\":\"https:\\\/\\\/kt.gov.rs\\\/wp-content\\\/uploads\\\/2024\\\/12\\\/koord2.jpg\",\"contentUrl\":\"https:\\\/\\\/kt.gov.rs\\\/wp-content\\\/uploads\\\/2024\\\/12\\\/koord2.jpg\",\"width\":640,\"height\":480,\"caption\":\"\u041a\u043e\u043e\u0440\u0434\u0438\u043d\u0430\u0446\u0438\u043e\u043d\u043e \u0442\u0435\u043b\u043e \u0412\u043b\u0430\u0434\u0435 \u0420\u0435\u043f\u0443\u0431\u043b\u0438\u043a\u0435 \u0421\u0440\u0431\u0438\u0458\u0435 \u0437\u0430 \u043e\u043f\u0448\u0442\u0438\u043d\u0435 \u041f\u0440\u0435\u0448\u0435\u0432\u043e, \u0411\u0443\u0458\u0430\u043d\u043e\u0432\u0430\u0446 \u0438 \u041c\u0435\u0434\u0432\u0435\u0452a\"},\"image\":{\"@id\":\"https:\\\/\\\/kt.gov.rs\\\/#\\\/schema\\\/logo\\\/image\\\/\"},\"sameAs\":[\"https:\\\/\\\/www.facebook.com\\\/SluzbaKoordinacionogTelaVladeRepublikeSrbije\",\"https:\\\/\\\/x.com\\\/kt_gov\",\"https:\\\/\\\/www.youtube.com\\\/@koordinacionotelo\"]},{\"@type\":\"Person\",\"@id\":\"https:\\\/\\\/kt.gov.rs\\\/#\\\/schema\\\/person\\\/e426459ddb4173309103390602694571\",\"name\":\"ktmin\",\"image\":{\"@type\":\"ImageObject\",\"inLanguage\":\"sq-AL\",\"@id\":\"https:\\\/\\\/secure.gravatar.com\\\/avatar\\\/3985c961109853010c3fbc7ba30365bfba5db3dd6c525831d9c595c7525a615a?s=96&d=mm&r=g\",\"url\":\"https:\\\/\\\/secure.gravatar.com\\\/avatar\\\/3985c961109853010c3fbc7ba30365bfba5db3dd6c525831d9c595c7525a615a?s=96&d=mm&r=g\",\"contentUrl\":\"https:\\\/\\\/secure.gravatar.com\\\/avatar\\\/3985c961109853010c3fbc7ba30365bfba5db3dd6c525831d9c595c7525a615a?s=96&d=mm&r=g\",\"caption\":\"ktmin\"},\"sameAs\":[\"https:\\\/\\\/kt.gov.rs\"],\"url\":\"https:\\\/\\\/kt.gov.rs\\\/sq\\\/author\\\/ktmin\\\/\"}]}<\/script>\n<!-- \/ Yoast SEO plugin. -->","yoast_head_json":{"title":"QENDRA E TRAJNIMIT P\u00cbR T\u00cb RINJT\u00cb NGA BUJANOVCI,VRANJA DHE PRESHEVA - Republika e S\u00ebrbis\u00eb Trupi Koordinues p\u00ebr komunat Bujanoc, Preshev\u00eb dhe Medvegj\u00eb","robots":{"index":"index","follow":"follow","max-snippet":"max-snippet:-1","max-image-preview":"max-image-preview:large","max-video-preview":"max-video-preview:-1"},"canonical":"https:\/\/kt.gov.rs\/sq\/qendra-e-trajnimit-per-te-rinjte-nga-bujanovci-vranja-dhe-presheva\/","og_locale":"sq_AL","og_type":"article","og_title":"QENDRA E TRAJNIMIT P\u00cbR T\u00cb RINJT\u00cb NGA BUJANOVCI,VRANJA DHE PRESHEVA - Republika e S\u00ebrbis\u00eb Trupi Koordinues p\u00ebr komunat Bujanoc, Preshev\u00eb dhe Medvegj\u00eb","og_description":"Vranjska Banja- Pas nj\u00eb viti t\u00eb implementimit t\u00eb suksessh\u00ebm, &quot;YouthBuild&quot; programi vazhdon me pun\u00ebn n\u00eb Preshev\u00eb, Bujanoc dhe Vranj\u00eb. 40 t\u00eb rinj\u00eb t\u00eb cil\u00ebt p\u00ebrmes trajnimit gjasht\u00ebmujor do t\u00eb p\u00ebrfitojn\u00eb aft\u00ebsi t\u00eb domosdoshme p\u00ebr pun\u00ebsim dhe zbatimin e aktiviteteve n\u00eb bashk\u00ebsi lokale.","og_url":"https:\/\/kt.gov.rs\/sq\/qendra-e-trajnimit-per-te-rinjte-nga-bujanovci-vranja-dhe-presheva\/","og_site_name":"Republika e S\u00ebrbis\u00eb Trupi Koordinues p\u00ebr komunat Bujanoc, Preshev\u00eb dhe Medvegj\u00eb","article_publisher":"https:\/\/www.facebook.com\/SluzbaKoordinacionogTelaVladeRepublikeSrbije","article_published_time":"2012-10-05T00:00:00+00:00","author":"ktmin","twitter_card":"summary_large_image","twitter_creator":"@kt_gov","twitter_site":"@kt_gov","twitter_misc":{"Written by":"ktmin","Est. reading time":"2 minutes"},"schema":{"@context":"https:\/\/schema.org","@graph":[{"@type":"Article","@id":"https:\/\/kt.gov.rs\/sq\/qendra-e-trajnimit-per-te-rinjte-nga-bujanovci-vranja-dhe-presheva\/#article","isPartOf":{"@id":"https:\/\/kt.gov.rs\/sq\/qendra-e-trajnimit-per-te-rinjte-nga-bujanovci-vranja-dhe-presheva\/"},"author":{"name":"ktmin","@id":"https:\/\/kt.gov.rs\/#\/schema\/person\/e426459ddb4173309103390602694571"},"headline":"QENDRA E TRAJNIMIT P\u00cbR T\u00cb RINJT\u00cb NGA BUJANOVCI,VRANJA DHE PRESHEVA","datePublished":"2012-10-05T00:00:00+00:00","mainEntityOfPage":{"@id":"https:\/\/kt.gov.rs\/sq\/qendra-e-trajnimit-per-te-rinjte-nga-bujanovci-vranja-dhe-presheva\/"},"wordCount":509,"publisher":{"@id":"https:\/\/kt.gov.rs\/#organization"},"articleSection":["Lajme"],"inLanguage":"sq-AL"},{"@type":"WebPage","@id":"https:\/\/kt.gov.rs\/sq\/qendra-e-trajnimit-per-te-rinjte-nga-bujanovci-vranja-dhe-presheva\/","url":"https:\/\/kt.gov.rs\/sq\/qendra-e-trajnimit-per-te-rinjte-nga-bujanovci-vranja-dhe-presheva\/","name":"QENDRA E TRAJNIMIT P\u00cbR T\u00cb RINJT\u00cb NGA BUJANOVCI,VRANJA DHE PRESHEVA - Republika e S\u00ebrbis\u00eb Trupi Koordinues p\u00ebr komunat Bujanoc, Preshev\u00eb dhe Medvegj\u00eb","isPartOf":{"@id":"https:\/\/kt.gov.rs\/#website"},"datePublished":"2012-10-05T00:00:00+00:00","breadcrumb":{"@id":"https:\/\/kt.gov.rs\/sq\/qendra-e-trajnimit-per-te-rinjte-nga-bujanovci-vranja-dhe-presheva\/#breadcrumb"},"inLanguage":"sq-AL","potentialAction":[{"@type":"ReadAction","target":["https:\/\/kt.gov.rs\/sq\/qendra-e-trajnimit-per-te-rinjte-nga-bujanovci-vranja-dhe-presheva\/"]}]},{"@type":"BreadcrumbList","@id":"https:\/\/kt.gov.rs\/sq\/qendra-e-trajnimit-per-te-rinjte-nga-bujanovci-vranja-dhe-presheva\/#breadcrumb","itemListElement":[{"@type":"ListItem","position":1,"name":"\u041f\u043e\u0447\u0435\u0442\u043d\u0430","item":"https:\/\/kt.gov.rs\/sq\/"},{"@type":"ListItem","position":2,"name":"QENDRA E TRAJNIMIT P\u00cbR T\u00cb RINJT\u00cb NGA BUJANOVCI,VRANJA DHE PRESHEVA"}]},{"@type":"WebSite","@id":"https:\/\/kt.gov.rs\/#website","url":"https:\/\/kt.gov.rs\/","name":"\u041a\u043e\u043e\u0440\u0434\u0438\u043d\u0430\u0446\u0438\u043e\u043d\u043e \u0442\u0435\u043b\u043e \u0412\u043b\u0430\u0434\u0435 \u0420\u0435\u043f\u0443\u0431\u043b\u0438\u043a\u0435 \u0421\u0440\u0431\u0438\u0458\u0435 \u0437\u0430 \u043e\u043f\u0448\u0442\u0438\u043d\u0435 \u041f\u0440\u0435\u0448\u0435\u0432\u043e, \u0411\u0443\u0458\u0430\u043d\u043e\u0432\u0430\u0446 \u0438 \u041c\u0435\u0434\u0432\u0435\u0452a","description":"","publisher":{"@id":"https:\/\/kt.gov.rs\/#organization"},"alternateName":"\u041a\u043e\u043e\u0440\u0434\u0438\u043d\u0430\u0446\u0438\u043e\u043d\u043e \u0442\u0435\u043b\u043e","potentialAction":[{"@type":"SearchAction","target":{"@type":"EntryPoint","urlTemplate":"https:\/\/kt.gov.rs\/?s={search_term_string}"},"query-input":{"@type":"PropertyValueSpecification","valueRequired":true,"valueName":"search_term_string"}}],"inLanguage":"sq-AL"},{"@type":"Organization","@id":"https:\/\/kt.gov.rs\/#organization","name":"\u041a\u043e\u043e\u0440\u0434\u0438\u043d\u0430\u0446\u0438\u043e\u043d\u043e \u0442\u0435\u043b\u043e \u0412\u043b\u0430\u0434\u0435 \u0420\u0435\u043f\u0443\u0431\u043b\u0438\u043a\u0435 \u0421\u0440\u0431\u0438\u0458\u0435 \u0437\u0430 \u043e\u043f\u0448\u0442\u0438\u043d\u0435 \u041f\u0440\u0435\u0448\u0435\u0432\u043e, \u0411\u0443\u0458\u0430\u043d\u043e\u0432\u0430\u0446 \u0438 \u041c\u0435\u0434\u0432\u0435\u0452a","alternateName":"\u041a\u043e\u043e\u0440\u0434\u0438\u043d\u0430\u0446\u0438\u043e\u043d\u043e \u0442\u0435\u043b\u043e","url":"https:\/\/kt.gov.rs\/","logo":{"@type":"ImageObject","inLanguage":"sq-AL","@id":"https:\/\/kt.gov.rs\/#\/schema\/logo\/image\/","url":"https:\/\/kt.gov.rs\/wp-content\/uploads\/2024\/12\/koord2.jpg","contentUrl":"https:\/\/kt.gov.rs\/wp-content\/uploads\/2024\/12\/koord2.jpg","width":640,"height":480,"caption":"\u041a\u043e\u043e\u0440\u0434\u0438\u043d\u0430\u0446\u0438\u043e\u043d\u043e \u0442\u0435\u043b\u043e \u0412\u043b\u0430\u0434\u0435 \u0420\u0435\u043f\u0443\u0431\u043b\u0438\u043a\u0435 \u0421\u0440\u0431\u0438\u0458\u0435 \u0437\u0430 \u043e\u043f\u0448\u0442\u0438\u043d\u0435 \u041f\u0440\u0435\u0448\u0435\u0432\u043e, \u0411\u0443\u0458\u0430\u043d\u043e\u0432\u0430\u0446 \u0438 \u041c\u0435\u0434\u0432\u0435\u0452a"},"image":{"@id":"https:\/\/kt.gov.rs\/#\/schema\/logo\/image\/"},"sameAs":["https:\/\/www.facebook.com\/SluzbaKoordinacionogTelaVladeRepublikeSrbije","https:\/\/x.com\/kt_gov","https:\/\/www.youtube.com\/@koordinacionotelo"]},{"@type":"Person","@id":"https:\/\/kt.gov.rs\/#\/schema\/person\/e426459ddb4173309103390602694571","name":"ktmin","image":{"@type":"ImageObject","inLanguage":"sq-AL","@id":"https:\/\/secure.gravatar.com\/avatar\/3985c961109853010c3fbc7ba30365bfba5db3dd6c525831d9c595c7525a615a?s=96&d=mm&r=g","url":"https:\/\/secure.gravatar.com\/avatar\/3985c961109853010c3fbc7ba30365bfba5db3dd6c525831d9c595c7525a615a?s=96&d=mm&r=g","contentUrl":"https:\/\/secure.gravatar.com\/avatar\/3985c961109853010c3fbc7ba30365bfba5db3dd6c525831d9c595c7525a615a?s=96&d=mm&r=g","caption":"ktmin"},"sameAs":["https:\/\/kt.gov.rs"],"url":"https:\/\/kt.gov.rs\/sq\/author\/ktmin\/"}]}},"_links":{"self":[{"href":"https:\/\/kt.gov.rs\/sq\/wp-json\/wp\/v2\/posts\/141863","targetHints":{"allow":["GET"]}}],"collection":[{"href":"https:\/\/kt.gov.rs\/sq\/wp-json\/wp\/v2\/posts"}],"about":[{"href":"https:\/\/kt.gov.rs\/sq\/wp-json\/wp\/v2\/types\/post"}],"author":[{"embeddable":true,"href":"https:\/\/kt.gov.rs\/sq\/wp-json\/wp\/v2\/users\/1"}],"replies":[{"embeddable":true,"href":"https:\/\/kt.gov.rs\/sq\/wp-json\/wp\/v2\/comments?post=141863"}],"version-history":[{"count":0,"href":"https:\/\/kt.gov.rs\/sq\/wp-json\/wp\/v2\/posts\/141863\/revisions"}],"wp:attachment":[{"href":"https:\/\/kt.gov.rs\/sq\/wp-json\/wp\/v2\/media?parent=141863"}],"wp:term":[{"taxonomy":"category","embeddable":true,"href":"https:\/\/kt.gov.rs\/sq\/wp-json\/wp\/v2\/categories?post=141863"},{"taxonomy":"post_tag","embeddable":true,"href":"https:\/\/kt.gov.rs\/sq\/wp-json\/wp\/v2\/tags?post=141863"}],"curies":[{"name":"wp","href":"https:\/\/api.w.org\/{rel}","templated":true}]}}