{"id":141851,"date":"2012-10-23T00:00:00","date_gmt":"2012-10-23T00:00:00","guid":{"rendered":"http:\/\/kt.printandscreen.rs\/pbild-ka-siguruar-dokumente-personale-per-700-rome\/"},"modified":"2012-10-23T00:00:00","modified_gmt":"2012-10-23T00:00:00","slug":"pbild-ka-siguruar-dokumente-personale-per-700-rome","status":"publish","type":"post","link":"https:\/\/kt.gov.rs\/sq\/pbild-ka-siguruar-dokumente-personale-per-700-rome\/","title":{"rendered":"Pbild ka siguruar dokumente personale p\u00ebr 700 rom\u00eb"},"content":{"rendered":"<p>\n\t<strong>Jugpress\u00a0 \/ Bujanoc<\/strong> \u2013 Programi PBILD deri m\u00eb tani ka realizuar mbi 100 projekte, duke p\u00ebrfshir\u00eb edhe nj\u00eb n\u00eb sigurimin e dokumenteve t\u00eb identitetit p\u00ebr rreth 700 persona rome n\u00eb jug t\u00eb Serbis\u00eb, tha Nicholas Hercules, Menaxher i Programit PBILD.<\/p>\n<p>\tPBILD mb\u00ebshtet disa\u00a0 projekte, q\u00eb nga ato ekonomike deri n\u00eb lidhje me krijimin vende t\u00eb reja pune, klube p\u00ebr personat me aft\u00ebsi t\u00eb kufizuara, zhvillimin i marr\u00ebdh\u00ebnieve nd\u00ebr-etnike dhe klubet e t\u00eb rinjve, shtoi ai.<\/p>\n<p>\tPBILD punon me komunitetet e pakicave, ve\u00e7an\u00ebrisht me rom\u00eb, n\u00eb m\u00ebnyr\u00eb q\u00eb t\u00eb zvog\u00ebloj\u00eb numrin e azilk\u00ebrkuesve, sidomos n\u00eb Belgjik\u00eb, ku nj\u00eb num\u00ebr i madh i azilk\u00ebrkuesve vijn\u00eb nga Serbia jugore. K\u00ebtu n\u00eb jug ka rreth 700 rom\u00eb t\u00eb cil\u00ebt kan\u00eb siguruar dokumente personale. Fal\u00eb dokumenteve personale, ata do t\u00eb jen\u00eb n\u00eb gjendje p\u00ebr t\u00eb fituar t\u00eb drejtat e tyre t\u00eb tjera , ato n\u00eb sh\u00ebndet\u00ebsi dhe arsim n\u00eb m\u00ebnyr\u00eb q\u00eb ata t\u00eb mund t\u00eb vazhdojn\u00eb arsimimin e tyre t\u00eb marr\u00eb nj\u00eb pun\u00eb dhe t\u00eb q\u00ebndrojn\u00eb n\u00eb k\u00ebt\u00eb mjedis.Ne jemi duke punuar me zyr\u00ebn p\u00ebr t\u00eb rinj n\u00eb rrethin e Jabllanic\u00ebs dhe Pcinj\u00ebs, ku t\u00eb rinj p\u00ebrmes programeve t\u00eb ndryshme,\u00a0 fitojn\u00eb njohuri t\u00eb reja se si p\u00ebr t\u00eb p\u00ebrmbushur nj\u00eb CV, t\u00eb gjejn\u00eb nj\u00eb pun\u00eb dhe p\u00ebr t\u00eb organizuar n\u00eb lidhje me menaxhimin e nd\u00ebrmarrjeve virtuale &quot;, tha Hercules.<\/p>\n<p>\tKur u pyet\u00ebn se \u00e7far\u00eb implementimi i projekteve n\u00eb rrethe \u00ebsht\u00eb ai u p\u00ebrgjigj: &quot;ne nuk punojm\u00eb vet\u00ebm n\u00eb zbatimin e projekteve, por n\u00eb partneritet me komunat. N\u00eb qytetet dhe komunat ku jan\u00eb kryetar\u00ebt e komunave pro-aktive, rezultatet jan\u00eb shum\u00eb m\u00eb t\u00eb mir\u00eb. Kjo u mund\u00ebson q\u00eb m\u00eb leht\u00eb dhe t\u00eb gatshme i mir\u00ebpresin fondet e BE-s\u00eb p\u00ebr projekte.Un\u00eb do t\u00eb doja t\u00eb d\u00ebrgoj\u00eb nj\u00eb mesazh komunave\u00a0 apo partner\u00ebve tan\u00eb, q\u00eb \u00ebsht\u00eb shum\u00eb e r\u00ebnd\u00ebsishme p\u00ebr t\u00eb pun\u00ebsuar njer\u00ebz profesionist\u00eb\u00a0 t\u00eb cil\u00ebt e din\u00eb se si t\u00eb p\u00ebrgatisin projekte t\u00eb mira. K\u00ebto projekte duhet t\u00eb ken\u00eb buxhetet e duhura n\u00eb m\u00ebnyr\u00eb q\u00eb t\u00eb jet\u00eb n\u00eb gjendje t\u00eb merrni me leht\u00ebsi fonde p\u00ebr projekte nga Bashkimi Evropian, i cili do t\u00eb siguroj\u00eb dhe zhvillimin m\u00eb t\u00eb mir\u00eb t\u00eb t\u00eb gjitha komunave. N\u00eb fillim t\u00eb programit PBILD, kemi dh\u00ebn\u00eb shum\u00eb komente mbi propozimet, me q\u00ebllim t\u00eb p\u00ebrmir\u00ebsimit t\u00eb tyre, dhe tani pas arritjes s\u00eb p\u00ebrmir\u00ebsimit, ne japim koment shum\u00eb pak &quot;, ka th\u00ebn\u00eb Hercules.<\/p>\n","protected":false},"excerpt":{"rendered":"<p>Jugpress\u00a0 \/ Bujanoc \u2013 Programi PBILD deri m\u00eb tani ka realizuar mbi 100 projekte, duke p\u00ebrfshir\u00eb edhe nj\u00eb n\u00eb sigurimin e dokumenteve t\u00eb identitetit p\u00ebr rreth 700 persona rome n\u00eb jug t\u00eb Serbis\u00eb, tha Nicholas Hercules, Menaxher i Programit PBILD.<\/p>\n","protected":false},"author":1,"featured_media":0,"comment_status":"closed","ping_status":"closed","sticky":false,"template":"","format":"standard","meta":{"footnotes":""},"categories":[55],"tags":[],"class_list":["post-141851","post","type-post","status-publish","format-standard","hentry","category-lajme"],"yoast_head":"<!-- This site is optimized with the Yoast SEO plugin v27.5 - https:\/\/yoast.com\/product\/yoast-seo-wordpress\/ -->\n<title>Pbild ka siguruar dokumente personale p\u00ebr 700 rom\u00eb - Republika e S\u00ebrbis\u00eb Trupi Koordinues p\u00ebr komunat Bujanoc, Preshev\u00eb dhe Medvegj\u00eb<\/title>\n<meta name=\"robots\" content=\"index, follow, max-snippet:-1, max-image-preview:large, max-video-preview:-1\" \/>\n<link rel=\"canonical\" href=\"https:\/\/kt.gov.rs\/sq\/pbild-ka-siguruar-dokumente-personale-per-700-rome\/\" \/>\n<meta property=\"og:locale\" content=\"sq_AL\" \/>\n<meta property=\"og:type\" content=\"article\" \/>\n<meta property=\"og:title\" content=\"Pbild ka siguruar dokumente personale p\u00ebr 700 rom\u00eb - Republika e S\u00ebrbis\u00eb Trupi Koordinues p\u00ebr komunat Bujanoc, Preshev\u00eb dhe Medvegj\u00eb\" \/>\n<meta property=\"og:description\" content=\"Jugpress\u00a0 \/ Bujanoc - Programi PBILD deri m\u00eb tani ka realizuar mbi 100 projekte, duke p\u00ebrfshir\u00eb edhe nj\u00eb n\u00eb sigurimin e dokumenteve t\u00eb identitetit p\u00ebr rreth 700 persona rome n\u00eb jug t\u00eb Serbis\u00eb, tha Nicholas Hercules, Menaxher i Programit PBILD.\" \/>\n<meta property=\"og:url\" content=\"https:\/\/kt.gov.rs\/sq\/pbild-ka-siguruar-dokumente-personale-per-700-rome\/\" \/>\n<meta property=\"og:site_name\" content=\"Republika e S\u00ebrbis\u00eb Trupi Koordinues p\u00ebr komunat Bujanoc, Preshev\u00eb dhe Medvegj\u00eb\" \/>\n<meta property=\"article:publisher\" content=\"https:\/\/www.facebook.com\/SluzbaKoordinacionogTelaVladeRepublikeSrbije\" \/>\n<meta property=\"article:published_time\" content=\"2012-10-23T00:00:00+00:00\" \/>\n<meta name=\"author\" content=\"ktmin\" \/>\n<meta name=\"twitter:card\" content=\"summary_large_image\" \/>\n<meta name=\"twitter:creator\" content=\"@kt_gov\" \/>\n<meta name=\"twitter:site\" content=\"@kt_gov\" \/>\n<meta name=\"twitter:label1\" content=\"Written by\" \/>\n\t<meta name=\"twitter:data1\" content=\"ktmin\" \/>\n\t<meta name=\"twitter:label2\" content=\"Est. reading time\" \/>\n\t<meta name=\"twitter:data2\" content=\"3 minutes\" \/>\n<script type=\"application\/ld+json\" class=\"yoast-schema-graph\">{\"@context\":\"https:\\\/\\\/schema.org\",\"@graph\":[{\"@type\":\"Article\",\"@id\":\"https:\\\/\\\/kt.gov.rs\\\/sq\\\/pbild-ka-siguruar-dokumente-personale-per-700-rome\\\/#article\",\"isPartOf\":{\"@id\":\"https:\\\/\\\/kt.gov.rs\\\/sq\\\/pbild-ka-siguruar-dokumente-personale-per-700-rome\\\/\"},\"author\":{\"name\":\"ktmin\",\"@id\":\"https:\\\/\\\/kt.gov.rs\\\/#\\\/schema\\\/person\\\/e426459ddb4173309103390602694571\"},\"headline\":\"Pbild ka siguruar dokumente personale p\u00ebr 700 rom\u00eb\",\"datePublished\":\"2012-10-23T00:00:00+00:00\",\"mainEntityOfPage\":{\"@id\":\"https:\\\/\\\/kt.gov.rs\\\/sq\\\/pbild-ka-siguruar-dokumente-personale-per-700-rome\\\/\"},\"wordCount\":629,\"publisher\":{\"@id\":\"https:\\\/\\\/kt.gov.rs\\\/#organization\"},\"articleSection\":[\"Lajme\"],\"inLanguage\":\"sq-AL\"},{\"@type\":\"WebPage\",\"@id\":\"https:\\\/\\\/kt.gov.rs\\\/sq\\\/pbild-ka-siguruar-dokumente-personale-per-700-rome\\\/\",\"url\":\"https:\\\/\\\/kt.gov.rs\\\/sq\\\/pbild-ka-siguruar-dokumente-personale-per-700-rome\\\/\",\"name\":\"Pbild ka siguruar dokumente personale p\u00ebr 700 rom\u00eb - Republika e S\u00ebrbis\u00eb Trupi Koordinues p\u00ebr komunat Bujanoc, Preshev\u00eb dhe Medvegj\u00eb\",\"isPartOf\":{\"@id\":\"https:\\\/\\\/kt.gov.rs\\\/#website\"},\"datePublished\":\"2012-10-23T00:00:00+00:00\",\"breadcrumb\":{\"@id\":\"https:\\\/\\\/kt.gov.rs\\\/sq\\\/pbild-ka-siguruar-dokumente-personale-per-700-rome\\\/#breadcrumb\"},\"inLanguage\":\"sq-AL\",\"potentialAction\":[{\"@type\":\"ReadAction\",\"target\":[\"https:\\\/\\\/kt.gov.rs\\\/sq\\\/pbild-ka-siguruar-dokumente-personale-per-700-rome\\\/\"]}]},{\"@type\":\"BreadcrumbList\",\"@id\":\"https:\\\/\\\/kt.gov.rs\\\/sq\\\/pbild-ka-siguruar-dokumente-personale-per-700-rome\\\/#breadcrumb\",\"itemListElement\":[{\"@type\":\"ListItem\",\"position\":1,\"name\":\"\u041f\u043e\u0447\u0435\u0442\u043d\u0430\",\"item\":\"https:\\\/\\\/kt.gov.rs\\\/sq\\\/\"},{\"@type\":\"ListItem\",\"position\":2,\"name\":\"Pbild ka siguruar dokumente personale p\u00ebr 700 rom\u00eb\"}]},{\"@type\":\"WebSite\",\"@id\":\"https:\\\/\\\/kt.gov.rs\\\/#website\",\"url\":\"https:\\\/\\\/kt.gov.rs\\\/\",\"name\":\"\u041a\u043e\u043e\u0440\u0434\u0438\u043d\u0430\u0446\u0438\u043e\u043d\u043e \u0442\u0435\u043b\u043e \u0412\u043b\u0430\u0434\u0435 \u0420\u0435\u043f\u0443\u0431\u043b\u0438\u043a\u0435 \u0421\u0440\u0431\u0438\u0458\u0435 \u0437\u0430 \u043e\u043f\u0448\u0442\u0438\u043d\u0435 \u041f\u0440\u0435\u0448\u0435\u0432\u043e, \u0411\u0443\u0458\u0430\u043d\u043e\u0432\u0430\u0446 \u0438 \u041c\u0435\u0434\u0432\u0435\u0452a\",\"description\":\"\",\"publisher\":{\"@id\":\"https:\\\/\\\/kt.gov.rs\\\/#organization\"},\"alternateName\":\"\u041a\u043e\u043e\u0440\u0434\u0438\u043d\u0430\u0446\u0438\u043e\u043d\u043e \u0442\u0435\u043b\u043e\",\"potentialAction\":[{\"@type\":\"SearchAction\",\"target\":{\"@type\":\"EntryPoint\",\"urlTemplate\":\"https:\\\/\\\/kt.gov.rs\\\/?s={search_term_string}\"},\"query-input\":{\"@type\":\"PropertyValueSpecification\",\"valueRequired\":true,\"valueName\":\"search_term_string\"}}],\"inLanguage\":\"sq-AL\"},{\"@type\":\"Organization\",\"@id\":\"https:\\\/\\\/kt.gov.rs\\\/#organization\",\"name\":\"\u041a\u043e\u043e\u0440\u0434\u0438\u043d\u0430\u0446\u0438\u043e\u043d\u043e \u0442\u0435\u043b\u043e \u0412\u043b\u0430\u0434\u0435 \u0420\u0435\u043f\u0443\u0431\u043b\u0438\u043a\u0435 \u0421\u0440\u0431\u0438\u0458\u0435 \u0437\u0430 \u043e\u043f\u0448\u0442\u0438\u043d\u0435 \u041f\u0440\u0435\u0448\u0435\u0432\u043e, \u0411\u0443\u0458\u0430\u043d\u043e\u0432\u0430\u0446 \u0438 \u041c\u0435\u0434\u0432\u0435\u0452a\",\"alternateName\":\"\u041a\u043e\u043e\u0440\u0434\u0438\u043d\u0430\u0446\u0438\u043e\u043d\u043e \u0442\u0435\u043b\u043e\",\"url\":\"https:\\\/\\\/kt.gov.rs\\\/\",\"logo\":{\"@type\":\"ImageObject\",\"inLanguage\":\"sq-AL\",\"@id\":\"https:\\\/\\\/kt.gov.rs\\\/#\\\/schema\\\/logo\\\/image\\\/\",\"url\":\"https:\\\/\\\/kt.gov.rs\\\/wp-content\\\/uploads\\\/2024\\\/12\\\/koord2.jpg\",\"contentUrl\":\"https:\\\/\\\/kt.gov.rs\\\/wp-content\\\/uploads\\\/2024\\\/12\\\/koord2.jpg\",\"width\":640,\"height\":480,\"caption\":\"\u041a\u043e\u043e\u0440\u0434\u0438\u043d\u0430\u0446\u0438\u043e\u043d\u043e \u0442\u0435\u043b\u043e \u0412\u043b\u0430\u0434\u0435 \u0420\u0435\u043f\u0443\u0431\u043b\u0438\u043a\u0435 \u0421\u0440\u0431\u0438\u0458\u0435 \u0437\u0430 \u043e\u043f\u0448\u0442\u0438\u043d\u0435 \u041f\u0440\u0435\u0448\u0435\u0432\u043e, \u0411\u0443\u0458\u0430\u043d\u043e\u0432\u0430\u0446 \u0438 \u041c\u0435\u0434\u0432\u0435\u0452a\"},\"image\":{\"@id\":\"https:\\\/\\\/kt.gov.rs\\\/#\\\/schema\\\/logo\\\/image\\\/\"},\"sameAs\":[\"https:\\\/\\\/www.facebook.com\\\/SluzbaKoordinacionogTelaVladeRepublikeSrbije\",\"https:\\\/\\\/x.com\\\/kt_gov\",\"https:\\\/\\\/www.youtube.com\\\/@koordinacionotelo\"]},{\"@type\":\"Person\",\"@id\":\"https:\\\/\\\/kt.gov.rs\\\/#\\\/schema\\\/person\\\/e426459ddb4173309103390602694571\",\"name\":\"ktmin\",\"image\":{\"@type\":\"ImageObject\",\"inLanguage\":\"sq-AL\",\"@id\":\"https:\\\/\\\/secure.gravatar.com\\\/avatar\\\/3985c961109853010c3fbc7ba30365bfba5db3dd6c525831d9c595c7525a615a?s=96&d=mm&r=g\",\"url\":\"https:\\\/\\\/secure.gravatar.com\\\/avatar\\\/3985c961109853010c3fbc7ba30365bfba5db3dd6c525831d9c595c7525a615a?s=96&d=mm&r=g\",\"contentUrl\":\"https:\\\/\\\/secure.gravatar.com\\\/avatar\\\/3985c961109853010c3fbc7ba30365bfba5db3dd6c525831d9c595c7525a615a?s=96&d=mm&r=g\",\"caption\":\"ktmin\"},\"sameAs\":[\"https:\\\/\\\/kt.gov.rs\"],\"url\":\"https:\\\/\\\/kt.gov.rs\\\/sq\\\/author\\\/ktmin\\\/\"}]}<\/script>\n<!-- \/ Yoast SEO plugin. -->","yoast_head_json":{"title":"Pbild ka siguruar dokumente personale p\u00ebr 700 rom\u00eb - Republika e S\u00ebrbis\u00eb Trupi Koordinues p\u00ebr komunat Bujanoc, Preshev\u00eb dhe Medvegj\u00eb","robots":{"index":"index","follow":"follow","max-snippet":"max-snippet:-1","max-image-preview":"max-image-preview:large","max-video-preview":"max-video-preview:-1"},"canonical":"https:\/\/kt.gov.rs\/sq\/pbild-ka-siguruar-dokumente-personale-per-700-rome\/","og_locale":"sq_AL","og_type":"article","og_title":"Pbild ka siguruar dokumente personale p\u00ebr 700 rom\u00eb - Republika e S\u00ebrbis\u00eb Trupi Koordinues p\u00ebr komunat Bujanoc, Preshev\u00eb dhe Medvegj\u00eb","og_description":"Jugpress\u00a0 \/ Bujanoc - Programi PBILD deri m\u00eb tani ka realizuar mbi 100 projekte, duke p\u00ebrfshir\u00eb edhe nj\u00eb n\u00eb sigurimin e dokumenteve t\u00eb identitetit p\u00ebr rreth 700 persona rome n\u00eb jug t\u00eb Serbis\u00eb, tha Nicholas Hercules, Menaxher i Programit PBILD.","og_url":"https:\/\/kt.gov.rs\/sq\/pbild-ka-siguruar-dokumente-personale-per-700-rome\/","og_site_name":"Republika e S\u00ebrbis\u00eb Trupi Koordinues p\u00ebr komunat Bujanoc, Preshev\u00eb dhe Medvegj\u00eb","article_publisher":"https:\/\/www.facebook.com\/SluzbaKoordinacionogTelaVladeRepublikeSrbije","article_published_time":"2012-10-23T00:00:00+00:00","author":"ktmin","twitter_card":"summary_large_image","twitter_creator":"@kt_gov","twitter_site":"@kt_gov","twitter_misc":{"Written by":"ktmin","Est. reading time":"3 minutes"},"schema":{"@context":"https:\/\/schema.org","@graph":[{"@type":"Article","@id":"https:\/\/kt.gov.rs\/sq\/pbild-ka-siguruar-dokumente-personale-per-700-rome\/#article","isPartOf":{"@id":"https:\/\/kt.gov.rs\/sq\/pbild-ka-siguruar-dokumente-personale-per-700-rome\/"},"author":{"name":"ktmin","@id":"https:\/\/kt.gov.rs\/#\/schema\/person\/e426459ddb4173309103390602694571"},"headline":"Pbild ka siguruar dokumente personale p\u00ebr 700 rom\u00eb","datePublished":"2012-10-23T00:00:00+00:00","mainEntityOfPage":{"@id":"https:\/\/kt.gov.rs\/sq\/pbild-ka-siguruar-dokumente-personale-per-700-rome\/"},"wordCount":629,"publisher":{"@id":"https:\/\/kt.gov.rs\/#organization"},"articleSection":["Lajme"],"inLanguage":"sq-AL"},{"@type":"WebPage","@id":"https:\/\/kt.gov.rs\/sq\/pbild-ka-siguruar-dokumente-personale-per-700-rome\/","url":"https:\/\/kt.gov.rs\/sq\/pbild-ka-siguruar-dokumente-personale-per-700-rome\/","name":"Pbild ka siguruar dokumente personale p\u00ebr 700 rom\u00eb - Republika e S\u00ebrbis\u00eb Trupi Koordinues p\u00ebr komunat Bujanoc, Preshev\u00eb dhe Medvegj\u00eb","isPartOf":{"@id":"https:\/\/kt.gov.rs\/#website"},"datePublished":"2012-10-23T00:00:00+00:00","breadcrumb":{"@id":"https:\/\/kt.gov.rs\/sq\/pbild-ka-siguruar-dokumente-personale-per-700-rome\/#breadcrumb"},"inLanguage":"sq-AL","potentialAction":[{"@type":"ReadAction","target":["https:\/\/kt.gov.rs\/sq\/pbild-ka-siguruar-dokumente-personale-per-700-rome\/"]}]},{"@type":"BreadcrumbList","@id":"https:\/\/kt.gov.rs\/sq\/pbild-ka-siguruar-dokumente-personale-per-700-rome\/#breadcrumb","itemListElement":[{"@type":"ListItem","position":1,"name":"\u041f\u043e\u0447\u0435\u0442\u043d\u0430","item":"https:\/\/kt.gov.rs\/sq\/"},{"@type":"ListItem","position":2,"name":"Pbild ka siguruar dokumente personale p\u00ebr 700 rom\u00eb"}]},{"@type":"WebSite","@id":"https:\/\/kt.gov.rs\/#website","url":"https:\/\/kt.gov.rs\/","name":"\u041a\u043e\u043e\u0440\u0434\u0438\u043d\u0430\u0446\u0438\u043e\u043d\u043e \u0442\u0435\u043b\u043e \u0412\u043b\u0430\u0434\u0435 \u0420\u0435\u043f\u0443\u0431\u043b\u0438\u043a\u0435 \u0421\u0440\u0431\u0438\u0458\u0435 \u0437\u0430 \u043e\u043f\u0448\u0442\u0438\u043d\u0435 \u041f\u0440\u0435\u0448\u0435\u0432\u043e, \u0411\u0443\u0458\u0430\u043d\u043e\u0432\u0430\u0446 \u0438 \u041c\u0435\u0434\u0432\u0435\u0452a","description":"","publisher":{"@id":"https:\/\/kt.gov.rs\/#organization"},"alternateName":"\u041a\u043e\u043e\u0440\u0434\u0438\u043d\u0430\u0446\u0438\u043e\u043d\u043e \u0442\u0435\u043b\u043e","potentialAction":[{"@type":"SearchAction","target":{"@type":"EntryPoint","urlTemplate":"https:\/\/kt.gov.rs\/?s={search_term_string}"},"query-input":{"@type":"PropertyValueSpecification","valueRequired":true,"valueName":"search_term_string"}}],"inLanguage":"sq-AL"},{"@type":"Organization","@id":"https:\/\/kt.gov.rs\/#organization","name":"\u041a\u043e\u043e\u0440\u0434\u0438\u043d\u0430\u0446\u0438\u043e\u043d\u043e \u0442\u0435\u043b\u043e \u0412\u043b\u0430\u0434\u0435 \u0420\u0435\u043f\u0443\u0431\u043b\u0438\u043a\u0435 \u0421\u0440\u0431\u0438\u0458\u0435 \u0437\u0430 \u043e\u043f\u0448\u0442\u0438\u043d\u0435 \u041f\u0440\u0435\u0448\u0435\u0432\u043e, \u0411\u0443\u0458\u0430\u043d\u043e\u0432\u0430\u0446 \u0438 \u041c\u0435\u0434\u0432\u0435\u0452a","alternateName":"\u041a\u043e\u043e\u0440\u0434\u0438\u043d\u0430\u0446\u0438\u043e\u043d\u043e \u0442\u0435\u043b\u043e","url":"https:\/\/kt.gov.rs\/","logo":{"@type":"ImageObject","inLanguage":"sq-AL","@id":"https:\/\/kt.gov.rs\/#\/schema\/logo\/image\/","url":"https:\/\/kt.gov.rs\/wp-content\/uploads\/2024\/12\/koord2.jpg","contentUrl":"https:\/\/kt.gov.rs\/wp-content\/uploads\/2024\/12\/koord2.jpg","width":640,"height":480,"caption":"\u041a\u043e\u043e\u0440\u0434\u0438\u043d\u0430\u0446\u0438\u043e\u043d\u043e \u0442\u0435\u043b\u043e \u0412\u043b\u0430\u0434\u0435 \u0420\u0435\u043f\u0443\u0431\u043b\u0438\u043a\u0435 \u0421\u0440\u0431\u0438\u0458\u0435 \u0437\u0430 \u043e\u043f\u0448\u0442\u0438\u043d\u0435 \u041f\u0440\u0435\u0448\u0435\u0432\u043e, \u0411\u0443\u0458\u0430\u043d\u043e\u0432\u0430\u0446 \u0438 \u041c\u0435\u0434\u0432\u0435\u0452a"},"image":{"@id":"https:\/\/kt.gov.rs\/#\/schema\/logo\/image\/"},"sameAs":["https:\/\/www.facebook.com\/SluzbaKoordinacionogTelaVladeRepublikeSrbije","https:\/\/x.com\/kt_gov","https:\/\/www.youtube.com\/@koordinacionotelo"]},{"@type":"Person","@id":"https:\/\/kt.gov.rs\/#\/schema\/person\/e426459ddb4173309103390602694571","name":"ktmin","image":{"@type":"ImageObject","inLanguage":"sq-AL","@id":"https:\/\/secure.gravatar.com\/avatar\/3985c961109853010c3fbc7ba30365bfba5db3dd6c525831d9c595c7525a615a?s=96&d=mm&r=g","url":"https:\/\/secure.gravatar.com\/avatar\/3985c961109853010c3fbc7ba30365bfba5db3dd6c525831d9c595c7525a615a?s=96&d=mm&r=g","contentUrl":"https:\/\/secure.gravatar.com\/avatar\/3985c961109853010c3fbc7ba30365bfba5db3dd6c525831d9c595c7525a615a?s=96&d=mm&r=g","caption":"ktmin"},"sameAs":["https:\/\/kt.gov.rs"],"url":"https:\/\/kt.gov.rs\/sq\/author\/ktmin\/"}]}},"_links":{"self":[{"href":"https:\/\/kt.gov.rs\/sq\/wp-json\/wp\/v2\/posts\/141851","targetHints":{"allow":["GET"]}}],"collection":[{"href":"https:\/\/kt.gov.rs\/sq\/wp-json\/wp\/v2\/posts"}],"about":[{"href":"https:\/\/kt.gov.rs\/sq\/wp-json\/wp\/v2\/types\/post"}],"author":[{"embeddable":true,"href":"https:\/\/kt.gov.rs\/sq\/wp-json\/wp\/v2\/users\/1"}],"replies":[{"embeddable":true,"href":"https:\/\/kt.gov.rs\/sq\/wp-json\/wp\/v2\/comments?post=141851"}],"version-history":[{"count":0,"href":"https:\/\/kt.gov.rs\/sq\/wp-json\/wp\/v2\/posts\/141851\/revisions"}],"wp:attachment":[{"href":"https:\/\/kt.gov.rs\/sq\/wp-json\/wp\/v2\/media?parent=141851"}],"wp:term":[{"taxonomy":"category","embeddable":true,"href":"https:\/\/kt.gov.rs\/sq\/wp-json\/wp\/v2\/categories?post=141851"},{"taxonomy":"post_tag","embeddable":true,"href":"https:\/\/kt.gov.rs\/sq\/wp-json\/wp\/v2\/tags?post=141851"}],"curies":[{"name":"wp","href":"https:\/\/api.w.org\/{rel}","templated":true}]}}