{"id":141804,"date":"2012-11-24T00:00:00","date_gmt":"2012-11-24T00:00:00","guid":{"rendered":"http:\/\/kt.printandscreen.rs\/njoftim-per-mediat-24-11-2012\/"},"modified":"2012-11-24T00:00:00","modified_gmt":"2012-11-24T00:00:00","slug":"njoftim-per-mediat-24-11-2012","status":"publish","type":"post","link":"https:\/\/kt.gov.rs\/sq\/njoftim-per-mediat-24-11-2012\/","title":{"rendered":"NJOFTIM P\u00cbR MEDIAT \u2013 24.11.2012."},"content":{"rendered":"<p>\n\tShkolla e gjuh\u00ebs serbe, pun\u00ebn do ta filloj\u00eb t\u00eb shtun\u00ebn m\u00eb 24 n\u00ebntor. M\u00ebsimi do t\u00eb mbahet n\u00eb Sht\u00ebpin\u00eb e Kultur\u00ebs n\u00eb Bujanoc dhe n\u00eb Shkoll\u00ebn e mesme Teknike n\u00eb Preshev\u00eb.<\/p>\n<p>\n\tShkoll\u00ebn e gjuh\u00ebs serbe \u00a0do ta ndjekin pa pages\u00eb, 310 pjes\u00ebmarr\u00ebs, t\u00eb cil\u00ebt gjat\u00eb shtat\u00eb muajve t\u00eb ardh\u00ebsh\u00ebm, dy her\u00eb n\u00eb jav\u00eb, t\u00eb shtun\u00ebn dhe t\u00eb diel\u00ebn, m\u00ebsimin do ta zhvillojn\u00eb s\u00ebbashku me dy profesor\u00eb t\u00eb gjuh\u00ebs serbe dhe dy asistent\u00eb shqiptar\u00eb, t\u00eb cil\u00ebt pjes\u00ebmarr\u00ebsve do t&#39;u ndihmojn\u00eb \u00a0n\u00eb avancimin e njohjes s\u00eb gjuh\u00ebs serbe. N\u00eb fund, pjes\u00ebmarr\u00ebsit do t\u00eb pajisen me diplom\u00eb t\u00eb certifikuar.<\/p>\n<p>\n\tKandidat\u00ebt t\u00eb cil\u00ebt iu jan\u00eb n\u00ebnshtruar testit t\u00eb gjuh\u00ebs serbe informatat lidhur me organizimin e mbajtjes s\u00eb m\u00ebsimit\u00a0 mund t\u00eb t&#39;i gjejn\u00eb n\u00eb k\u00ebto lokacione :<\/p>\n<p>\n\tN\u00eb Bujanoc, n\u00eb zyren e Sh\u00ebrbimit t\u00eb trupit Koordinues, n\u00eb tabel\u00ebn e shpalljeve t\u00eb Komun\u00ebs s\u00eb Bujanocit, n\u00eb Sht\u00ebpin\u00eb e Kultur\u00ebs, \u00a0n\u00eb paralelen e fakultetit Ekonomik dhe n\u00eb Shkoll\u00ebn e Mesme \u201eSezai Surroi\u201c.<\/p>\n<p>\n\tNd\u00ebrsa n\u00eb Preshev\u00eb n\u00eb zyr\u00ebn e Sh\u00ebrbimit t\u00eb trupit Koordinues n\u00eb Preshev\u00eb, n\u00eb tabel\u00ebn e shpalljeve t\u00eb Komun\u00ebs s\u00eb Preshev\u00ebs, n\u00eb Shkoll\u00ebn e mesme Teknike dhe n\u00eb Gjimnazin \u201eSkenderbeu\u201c.<\/p>\n<p>\n\tPjes\u00ebmarr\u00ebsit e k\u00ebsaj shkolle, t\u00eb cil\u00ebt kan\u00eb nevoj\u00eb p\u00ebr ndonj\u00eb informat\u00eb shtes\u00eb mund t&#39;i \u00a0drejtohen Milica Rodiq n\u00eb numrin e telefonit 063 105 07 13 ose n\u00eb email adres\u00ebn <a href=\"mailto:milica.rodic@kt.gov.rs\">milica.rodic@kt.gov.rs<\/a> ose Rahim Salihit n\u00eb numrin 063 105 22 79 ose \u00a0email adres\u00ebn <a href=\"mailto:rahim.salihi@kt.gov.rs\">rahim.salihi@kt.gov.rs<\/a>.<\/p>\n","protected":false},"excerpt":{"rendered":"<p>Shkolla e gjuh\u00ebs serbe, pun\u00ebn do ta filloj\u00eb t\u00eb shtun\u00ebn m\u00eb 24 n\u00ebntor. M\u00ebsimi do t\u00eb mbahet n\u00eb Sht\u00ebpin\u00eb e Kultur\u00ebs n\u00eb Bujanoc dhe n\u00eb Shkoll\u00ebn e mesme Teknike n\u00eb Preshev\u00eb. Shkoll\u00ebn e gjuh\u00ebs serbe \u00a0do ta ndjekin pa pages\u00eb, 310 pjes\u00ebmarr\u00ebs, t\u00eb cil\u00ebt gjat\u00eb shtat\u00eb muajve t\u00eb ardh\u00ebsh\u00ebm, dy her\u00eb n\u00eb jav\u00eb, t\u00eb shtun\u00ebn dhe t\u00eb diel\u00ebn, m\u00ebsimin do ta zhvillojn\u00eb s\u00ebbashku me dy profesor\u00eb t\u00eb gjuh\u00ebs serbe dhe dy asistent\u00eb shqiptar\u00eb, t\u00eb cil\u00ebt pjes\u00ebmarr\u00ebsve do t&#39;u ndihmojn\u00eb \u00a0n\u00eb avancimin e njohjes s\u00eb gjuh\u00ebs serbe. N\u00eb fund, pjes\u00ebmarr\u00ebsit do t\u00eb pajisen me diplom\u00eb t\u00eb certifikuar.<\/p>\n","protected":false},"author":1,"featured_media":0,"comment_status":"closed","ping_status":"closed","sticky":false,"template":"","format":"standard","meta":{"footnotes":""},"categories":[55],"tags":[],"class_list":["post-141804","post","type-post","status-publish","format-standard","hentry","category-lajme"],"yoast_head":"<!-- This site is optimized with the Yoast SEO plugin v27.5 - https:\/\/yoast.com\/product\/yoast-seo-wordpress\/ -->\n<title>NJOFTIM P\u00cbR MEDIAT \u2013 24.11.2012. - Republika e S\u00ebrbis\u00eb Trupi Koordinues p\u00ebr komunat Bujanoc, Preshev\u00eb dhe Medvegj\u00eb<\/title>\n<meta name=\"robots\" content=\"index, follow, max-snippet:-1, max-image-preview:large, max-video-preview:-1\" \/>\n<link rel=\"canonical\" href=\"https:\/\/kt.gov.rs\/sq\/njoftim-per-mediat-24-11-2012\/\" \/>\n<meta property=\"og:locale\" content=\"sq_AL\" \/>\n<meta property=\"og:type\" content=\"article\" \/>\n<meta property=\"og:title\" content=\"NJOFTIM P\u00cbR MEDIAT \u2013 24.11.2012. - Republika e S\u00ebrbis\u00eb Trupi Koordinues p\u00ebr komunat Bujanoc, Preshev\u00eb dhe Medvegj\u00eb\" \/>\n<meta property=\"og:description\" content=\"Shkolla e gjuh\u00ebs serbe, pun\u00ebn do ta filloj\u00eb t\u00eb shtun\u00ebn m\u00eb 24 n\u00ebntor. M\u00ebsimi do t\u00eb mbahet n\u00eb Sht\u00ebpin\u00eb e Kultur\u00ebs n\u00eb Bujanoc dhe n\u00eb Shkoll\u00ebn e mesme Teknike n\u00eb Preshev\u00eb. Shkoll\u00ebn e gjuh\u00ebs serbe \u00a0do ta ndjekin pa pages\u00eb, 310 pjes\u00ebmarr\u00ebs, t\u00eb cil\u00ebt gjat\u00eb shtat\u00eb muajve t\u00eb ardh\u00ebsh\u00ebm, dy her\u00eb n\u00eb jav\u00eb, t\u00eb shtun\u00ebn dhe t\u00eb diel\u00ebn, m\u00ebsimin do ta zhvillojn\u00eb s\u00ebbashku me dy profesor\u00eb t\u00eb gjuh\u00ebs serbe dhe dy asistent\u00eb shqiptar\u00eb, t\u00eb cil\u00ebt pjes\u00ebmarr\u00ebsve do t&#039;u ndihmojn\u00eb \u00a0n\u00eb avancimin e njohjes s\u00eb gjuh\u00ebs serbe. N\u00eb fund, pjes\u00ebmarr\u00ebsit do t\u00eb pajisen me diplom\u00eb t\u00eb certifikuar.\" \/>\n<meta property=\"og:url\" content=\"https:\/\/kt.gov.rs\/sq\/njoftim-per-mediat-24-11-2012\/\" \/>\n<meta property=\"og:site_name\" content=\"Republika e S\u00ebrbis\u00eb Trupi Koordinues p\u00ebr komunat Bujanoc, Preshev\u00eb dhe Medvegj\u00eb\" \/>\n<meta property=\"article:publisher\" content=\"https:\/\/www.facebook.com\/SluzbaKoordinacionogTelaVladeRepublikeSrbije\" \/>\n<meta property=\"article:published_time\" content=\"2012-11-24T00:00:00+00:00\" \/>\n<meta name=\"author\" content=\"ktmin\" \/>\n<meta name=\"twitter:card\" content=\"summary_large_image\" \/>\n<meta name=\"twitter:creator\" content=\"@kt_gov\" \/>\n<meta name=\"twitter:site\" content=\"@kt_gov\" \/>\n<meta name=\"twitter:label1\" content=\"Written by\" \/>\n\t<meta name=\"twitter:data1\" content=\"ktmin\" \/>\n\t<meta name=\"twitter:label2\" content=\"Est. reading time\" \/>\n\t<meta name=\"twitter:data2\" content=\"2 minutes\" \/>\n<script type=\"application\/ld+json\" class=\"yoast-schema-graph\">{\"@context\":\"https:\\\/\\\/schema.org\",\"@graph\":[{\"@type\":\"Article\",\"@id\":\"https:\\\/\\\/kt.gov.rs\\\/sq\\\/njoftim-per-mediat-24-11-2012\\\/#article\",\"isPartOf\":{\"@id\":\"https:\\\/\\\/kt.gov.rs\\\/sq\\\/njoftim-per-mediat-24-11-2012\\\/\"},\"author\":{\"name\":\"ktmin\",\"@id\":\"https:\\\/\\\/kt.gov.rs\\\/#\\\/schema\\\/person\\\/e426459ddb4173309103390602694571\"},\"headline\":\"NJOFTIM P\u00cbR MEDIAT \u2013 24.11.2012.\",\"datePublished\":\"2012-11-24T00:00:00+00:00\",\"mainEntityOfPage\":{\"@id\":\"https:\\\/\\\/kt.gov.rs\\\/sq\\\/njoftim-per-mediat-24-11-2012\\\/\"},\"wordCount\":415,\"publisher\":{\"@id\":\"https:\\\/\\\/kt.gov.rs\\\/#organization\"},\"articleSection\":[\"Lajme\"],\"inLanguage\":\"sq-AL\"},{\"@type\":\"WebPage\",\"@id\":\"https:\\\/\\\/kt.gov.rs\\\/sq\\\/njoftim-per-mediat-24-11-2012\\\/\",\"url\":\"https:\\\/\\\/kt.gov.rs\\\/sq\\\/njoftim-per-mediat-24-11-2012\\\/\",\"name\":\"NJOFTIM P\u00cbR MEDIAT \u2013 24.11.2012. - Republika e S\u00ebrbis\u00eb Trupi Koordinues p\u00ebr komunat Bujanoc, Preshev\u00eb dhe Medvegj\u00eb\",\"isPartOf\":{\"@id\":\"https:\\\/\\\/kt.gov.rs\\\/#website\"},\"datePublished\":\"2012-11-24T00:00:00+00:00\",\"breadcrumb\":{\"@id\":\"https:\\\/\\\/kt.gov.rs\\\/sq\\\/njoftim-per-mediat-24-11-2012\\\/#breadcrumb\"},\"inLanguage\":\"sq-AL\",\"potentialAction\":[{\"@type\":\"ReadAction\",\"target\":[\"https:\\\/\\\/kt.gov.rs\\\/sq\\\/njoftim-per-mediat-24-11-2012\\\/\"]}]},{\"@type\":\"BreadcrumbList\",\"@id\":\"https:\\\/\\\/kt.gov.rs\\\/sq\\\/njoftim-per-mediat-24-11-2012\\\/#breadcrumb\",\"itemListElement\":[{\"@type\":\"ListItem\",\"position\":1,\"name\":\"\u041f\u043e\u0447\u0435\u0442\u043d\u0430\",\"item\":\"https:\\\/\\\/kt.gov.rs\\\/sq\\\/\"},{\"@type\":\"ListItem\",\"position\":2,\"name\":\"NJOFTIM P\u00cbR MEDIAT \u2013 24.11.2012.\"}]},{\"@type\":\"WebSite\",\"@id\":\"https:\\\/\\\/kt.gov.rs\\\/#website\",\"url\":\"https:\\\/\\\/kt.gov.rs\\\/\",\"name\":\"\u041a\u043e\u043e\u0440\u0434\u0438\u043d\u0430\u0446\u0438\u043e\u043d\u043e \u0442\u0435\u043b\u043e \u0412\u043b\u0430\u0434\u0435 \u0420\u0435\u043f\u0443\u0431\u043b\u0438\u043a\u0435 \u0421\u0440\u0431\u0438\u0458\u0435 \u0437\u0430 \u043e\u043f\u0448\u0442\u0438\u043d\u0435 \u041f\u0440\u0435\u0448\u0435\u0432\u043e, \u0411\u0443\u0458\u0430\u043d\u043e\u0432\u0430\u0446 \u0438 \u041c\u0435\u0434\u0432\u0435\u0452a\",\"description\":\"\",\"publisher\":{\"@id\":\"https:\\\/\\\/kt.gov.rs\\\/#organization\"},\"alternateName\":\"\u041a\u043e\u043e\u0440\u0434\u0438\u043d\u0430\u0446\u0438\u043e\u043d\u043e \u0442\u0435\u043b\u043e\",\"potentialAction\":[{\"@type\":\"SearchAction\",\"target\":{\"@type\":\"EntryPoint\",\"urlTemplate\":\"https:\\\/\\\/kt.gov.rs\\\/?s={search_term_string}\"},\"query-input\":{\"@type\":\"PropertyValueSpecification\",\"valueRequired\":true,\"valueName\":\"search_term_string\"}}],\"inLanguage\":\"sq-AL\"},{\"@type\":\"Organization\",\"@id\":\"https:\\\/\\\/kt.gov.rs\\\/#organization\",\"name\":\"\u041a\u043e\u043e\u0440\u0434\u0438\u043d\u0430\u0446\u0438\u043e\u043d\u043e \u0442\u0435\u043b\u043e \u0412\u043b\u0430\u0434\u0435 \u0420\u0435\u043f\u0443\u0431\u043b\u0438\u043a\u0435 \u0421\u0440\u0431\u0438\u0458\u0435 \u0437\u0430 \u043e\u043f\u0448\u0442\u0438\u043d\u0435 \u041f\u0440\u0435\u0448\u0435\u0432\u043e, \u0411\u0443\u0458\u0430\u043d\u043e\u0432\u0430\u0446 \u0438 \u041c\u0435\u0434\u0432\u0435\u0452a\",\"alternateName\":\"\u041a\u043e\u043e\u0440\u0434\u0438\u043d\u0430\u0446\u0438\u043e\u043d\u043e \u0442\u0435\u043b\u043e\",\"url\":\"https:\\\/\\\/kt.gov.rs\\\/\",\"logo\":{\"@type\":\"ImageObject\",\"inLanguage\":\"sq-AL\",\"@id\":\"https:\\\/\\\/kt.gov.rs\\\/#\\\/schema\\\/logo\\\/image\\\/\",\"url\":\"https:\\\/\\\/kt.gov.rs\\\/wp-content\\\/uploads\\\/2024\\\/12\\\/koord2.jpg\",\"contentUrl\":\"https:\\\/\\\/kt.gov.rs\\\/wp-content\\\/uploads\\\/2024\\\/12\\\/koord2.jpg\",\"width\":640,\"height\":480,\"caption\":\"\u041a\u043e\u043e\u0440\u0434\u0438\u043d\u0430\u0446\u0438\u043e\u043d\u043e \u0442\u0435\u043b\u043e \u0412\u043b\u0430\u0434\u0435 \u0420\u0435\u043f\u0443\u0431\u043b\u0438\u043a\u0435 \u0421\u0440\u0431\u0438\u0458\u0435 \u0437\u0430 \u043e\u043f\u0448\u0442\u0438\u043d\u0435 \u041f\u0440\u0435\u0448\u0435\u0432\u043e, \u0411\u0443\u0458\u0430\u043d\u043e\u0432\u0430\u0446 \u0438 \u041c\u0435\u0434\u0432\u0435\u0452a\"},\"image\":{\"@id\":\"https:\\\/\\\/kt.gov.rs\\\/#\\\/schema\\\/logo\\\/image\\\/\"},\"sameAs\":[\"https:\\\/\\\/www.facebook.com\\\/SluzbaKoordinacionogTelaVladeRepublikeSrbije\",\"https:\\\/\\\/x.com\\\/kt_gov\",\"https:\\\/\\\/www.youtube.com\\\/@koordinacionotelo\"]},{\"@type\":\"Person\",\"@id\":\"https:\\\/\\\/kt.gov.rs\\\/#\\\/schema\\\/person\\\/e426459ddb4173309103390602694571\",\"name\":\"ktmin\",\"image\":{\"@type\":\"ImageObject\",\"inLanguage\":\"sq-AL\",\"@id\":\"https:\\\/\\\/secure.gravatar.com\\\/avatar\\\/3985c961109853010c3fbc7ba30365bfba5db3dd6c525831d9c595c7525a615a?s=96&d=mm&r=g\",\"url\":\"https:\\\/\\\/secure.gravatar.com\\\/avatar\\\/3985c961109853010c3fbc7ba30365bfba5db3dd6c525831d9c595c7525a615a?s=96&d=mm&r=g\",\"contentUrl\":\"https:\\\/\\\/secure.gravatar.com\\\/avatar\\\/3985c961109853010c3fbc7ba30365bfba5db3dd6c525831d9c595c7525a615a?s=96&d=mm&r=g\",\"caption\":\"ktmin\"},\"sameAs\":[\"https:\\\/\\\/kt.gov.rs\"],\"url\":\"https:\\\/\\\/kt.gov.rs\\\/sq\\\/author\\\/ktmin\\\/\"}]}<\/script>\n<!-- \/ Yoast SEO plugin. -->","yoast_head_json":{"title":"NJOFTIM P\u00cbR MEDIAT \u2013 24.11.2012. - Republika e S\u00ebrbis\u00eb Trupi Koordinues p\u00ebr komunat Bujanoc, Preshev\u00eb dhe Medvegj\u00eb","robots":{"index":"index","follow":"follow","max-snippet":"max-snippet:-1","max-image-preview":"max-image-preview:large","max-video-preview":"max-video-preview:-1"},"canonical":"https:\/\/kt.gov.rs\/sq\/njoftim-per-mediat-24-11-2012\/","og_locale":"sq_AL","og_type":"article","og_title":"NJOFTIM P\u00cbR MEDIAT \u2013 24.11.2012. - Republika e S\u00ebrbis\u00eb Trupi Koordinues p\u00ebr komunat Bujanoc, Preshev\u00eb dhe Medvegj\u00eb","og_description":"Shkolla e gjuh\u00ebs serbe, pun\u00ebn do ta filloj\u00eb t\u00eb shtun\u00ebn m\u00eb 24 n\u00ebntor. M\u00ebsimi do t\u00eb mbahet n\u00eb Sht\u00ebpin\u00eb e Kultur\u00ebs n\u00eb Bujanoc dhe n\u00eb Shkoll\u00ebn e mesme Teknike n\u00eb Preshev\u00eb. Shkoll\u00ebn e gjuh\u00ebs serbe \u00a0do ta ndjekin pa pages\u00eb, 310 pjes\u00ebmarr\u00ebs, t\u00eb cil\u00ebt gjat\u00eb shtat\u00eb muajve t\u00eb ardh\u00ebsh\u00ebm, dy her\u00eb n\u00eb jav\u00eb, t\u00eb shtun\u00ebn dhe t\u00eb diel\u00ebn, m\u00ebsimin do ta zhvillojn\u00eb s\u00ebbashku me dy profesor\u00eb t\u00eb gjuh\u00ebs serbe dhe dy asistent\u00eb shqiptar\u00eb, t\u00eb cil\u00ebt pjes\u00ebmarr\u00ebsve do t&#39;u ndihmojn\u00eb \u00a0n\u00eb avancimin e njohjes s\u00eb gjuh\u00ebs serbe. N\u00eb fund, pjes\u00ebmarr\u00ebsit do t\u00eb pajisen me diplom\u00eb t\u00eb certifikuar.","og_url":"https:\/\/kt.gov.rs\/sq\/njoftim-per-mediat-24-11-2012\/","og_site_name":"Republika e S\u00ebrbis\u00eb Trupi Koordinues p\u00ebr komunat Bujanoc, Preshev\u00eb dhe Medvegj\u00eb","article_publisher":"https:\/\/www.facebook.com\/SluzbaKoordinacionogTelaVladeRepublikeSrbije","article_published_time":"2012-11-24T00:00:00+00:00","author":"ktmin","twitter_card":"summary_large_image","twitter_creator":"@kt_gov","twitter_site":"@kt_gov","twitter_misc":{"Written by":"ktmin","Est. reading time":"2 minutes"},"schema":{"@context":"https:\/\/schema.org","@graph":[{"@type":"Article","@id":"https:\/\/kt.gov.rs\/sq\/njoftim-per-mediat-24-11-2012\/#article","isPartOf":{"@id":"https:\/\/kt.gov.rs\/sq\/njoftim-per-mediat-24-11-2012\/"},"author":{"name":"ktmin","@id":"https:\/\/kt.gov.rs\/#\/schema\/person\/e426459ddb4173309103390602694571"},"headline":"NJOFTIM P\u00cbR MEDIAT \u2013 24.11.2012.","datePublished":"2012-11-24T00:00:00+00:00","mainEntityOfPage":{"@id":"https:\/\/kt.gov.rs\/sq\/njoftim-per-mediat-24-11-2012\/"},"wordCount":415,"publisher":{"@id":"https:\/\/kt.gov.rs\/#organization"},"articleSection":["Lajme"],"inLanguage":"sq-AL"},{"@type":"WebPage","@id":"https:\/\/kt.gov.rs\/sq\/njoftim-per-mediat-24-11-2012\/","url":"https:\/\/kt.gov.rs\/sq\/njoftim-per-mediat-24-11-2012\/","name":"NJOFTIM P\u00cbR MEDIAT \u2013 24.11.2012. - Republika e S\u00ebrbis\u00eb Trupi Koordinues p\u00ebr komunat Bujanoc, Preshev\u00eb dhe Medvegj\u00eb","isPartOf":{"@id":"https:\/\/kt.gov.rs\/#website"},"datePublished":"2012-11-24T00:00:00+00:00","breadcrumb":{"@id":"https:\/\/kt.gov.rs\/sq\/njoftim-per-mediat-24-11-2012\/#breadcrumb"},"inLanguage":"sq-AL","potentialAction":[{"@type":"ReadAction","target":["https:\/\/kt.gov.rs\/sq\/njoftim-per-mediat-24-11-2012\/"]}]},{"@type":"BreadcrumbList","@id":"https:\/\/kt.gov.rs\/sq\/njoftim-per-mediat-24-11-2012\/#breadcrumb","itemListElement":[{"@type":"ListItem","position":1,"name":"\u041f\u043e\u0447\u0435\u0442\u043d\u0430","item":"https:\/\/kt.gov.rs\/sq\/"},{"@type":"ListItem","position":2,"name":"NJOFTIM P\u00cbR MEDIAT \u2013 24.11.2012."}]},{"@type":"WebSite","@id":"https:\/\/kt.gov.rs\/#website","url":"https:\/\/kt.gov.rs\/","name":"\u041a\u043e\u043e\u0440\u0434\u0438\u043d\u0430\u0446\u0438\u043e\u043d\u043e \u0442\u0435\u043b\u043e \u0412\u043b\u0430\u0434\u0435 \u0420\u0435\u043f\u0443\u0431\u043b\u0438\u043a\u0435 \u0421\u0440\u0431\u0438\u0458\u0435 \u0437\u0430 \u043e\u043f\u0448\u0442\u0438\u043d\u0435 \u041f\u0440\u0435\u0448\u0435\u0432\u043e, \u0411\u0443\u0458\u0430\u043d\u043e\u0432\u0430\u0446 \u0438 \u041c\u0435\u0434\u0432\u0435\u0452a","description":"","publisher":{"@id":"https:\/\/kt.gov.rs\/#organization"},"alternateName":"\u041a\u043e\u043e\u0440\u0434\u0438\u043d\u0430\u0446\u0438\u043e\u043d\u043e \u0442\u0435\u043b\u043e","potentialAction":[{"@type":"SearchAction","target":{"@type":"EntryPoint","urlTemplate":"https:\/\/kt.gov.rs\/?s={search_term_string}"},"query-input":{"@type":"PropertyValueSpecification","valueRequired":true,"valueName":"search_term_string"}}],"inLanguage":"sq-AL"},{"@type":"Organization","@id":"https:\/\/kt.gov.rs\/#organization","name":"\u041a\u043e\u043e\u0440\u0434\u0438\u043d\u0430\u0446\u0438\u043e\u043d\u043e \u0442\u0435\u043b\u043e \u0412\u043b\u0430\u0434\u0435 \u0420\u0435\u043f\u0443\u0431\u043b\u0438\u043a\u0435 \u0421\u0440\u0431\u0438\u0458\u0435 \u0437\u0430 \u043e\u043f\u0448\u0442\u0438\u043d\u0435 \u041f\u0440\u0435\u0448\u0435\u0432\u043e, \u0411\u0443\u0458\u0430\u043d\u043e\u0432\u0430\u0446 \u0438 \u041c\u0435\u0434\u0432\u0435\u0452a","alternateName":"\u041a\u043e\u043e\u0440\u0434\u0438\u043d\u0430\u0446\u0438\u043e\u043d\u043e \u0442\u0435\u043b\u043e","url":"https:\/\/kt.gov.rs\/","logo":{"@type":"ImageObject","inLanguage":"sq-AL","@id":"https:\/\/kt.gov.rs\/#\/schema\/logo\/image\/","url":"https:\/\/kt.gov.rs\/wp-content\/uploads\/2024\/12\/koord2.jpg","contentUrl":"https:\/\/kt.gov.rs\/wp-content\/uploads\/2024\/12\/koord2.jpg","width":640,"height":480,"caption":"\u041a\u043e\u043e\u0440\u0434\u0438\u043d\u0430\u0446\u0438\u043e\u043d\u043e \u0442\u0435\u043b\u043e \u0412\u043b\u0430\u0434\u0435 \u0420\u0435\u043f\u0443\u0431\u043b\u0438\u043a\u0435 \u0421\u0440\u0431\u0438\u0458\u0435 \u0437\u0430 \u043e\u043f\u0448\u0442\u0438\u043d\u0435 \u041f\u0440\u0435\u0448\u0435\u0432\u043e, \u0411\u0443\u0458\u0430\u043d\u043e\u0432\u0430\u0446 \u0438 \u041c\u0435\u0434\u0432\u0435\u0452a"},"image":{"@id":"https:\/\/kt.gov.rs\/#\/schema\/logo\/image\/"},"sameAs":["https:\/\/www.facebook.com\/SluzbaKoordinacionogTelaVladeRepublikeSrbije","https:\/\/x.com\/kt_gov","https:\/\/www.youtube.com\/@koordinacionotelo"]},{"@type":"Person","@id":"https:\/\/kt.gov.rs\/#\/schema\/person\/e426459ddb4173309103390602694571","name":"ktmin","image":{"@type":"ImageObject","inLanguage":"sq-AL","@id":"https:\/\/secure.gravatar.com\/avatar\/3985c961109853010c3fbc7ba30365bfba5db3dd6c525831d9c595c7525a615a?s=96&d=mm&r=g","url":"https:\/\/secure.gravatar.com\/avatar\/3985c961109853010c3fbc7ba30365bfba5db3dd6c525831d9c595c7525a615a?s=96&d=mm&r=g","contentUrl":"https:\/\/secure.gravatar.com\/avatar\/3985c961109853010c3fbc7ba30365bfba5db3dd6c525831d9c595c7525a615a?s=96&d=mm&r=g","caption":"ktmin"},"sameAs":["https:\/\/kt.gov.rs"],"url":"https:\/\/kt.gov.rs\/sq\/author\/ktmin\/"}]}},"_links":{"self":[{"href":"https:\/\/kt.gov.rs\/sq\/wp-json\/wp\/v2\/posts\/141804","targetHints":{"allow":["GET"]}}],"collection":[{"href":"https:\/\/kt.gov.rs\/sq\/wp-json\/wp\/v2\/posts"}],"about":[{"href":"https:\/\/kt.gov.rs\/sq\/wp-json\/wp\/v2\/types\/post"}],"author":[{"embeddable":true,"href":"https:\/\/kt.gov.rs\/sq\/wp-json\/wp\/v2\/users\/1"}],"replies":[{"embeddable":true,"href":"https:\/\/kt.gov.rs\/sq\/wp-json\/wp\/v2\/comments?post=141804"}],"version-history":[{"count":0,"href":"https:\/\/kt.gov.rs\/sq\/wp-json\/wp\/v2\/posts\/141804\/revisions"}],"wp:attachment":[{"href":"https:\/\/kt.gov.rs\/sq\/wp-json\/wp\/v2\/media?parent=141804"}],"wp:term":[{"taxonomy":"category","embeddable":true,"href":"https:\/\/kt.gov.rs\/sq\/wp-json\/wp\/v2\/categories?post=141804"},{"taxonomy":"post_tag","embeddable":true,"href":"https:\/\/kt.gov.rs\/sq\/wp-json\/wp\/v2\/tags?post=141804"}],"curies":[{"name":"wp","href":"https:\/\/api.w.org\/{rel}","templated":true}]}}