{"id":141783,"date":"2012-11-27T00:00:00","date_gmt":"2012-11-27T00:00:00","guid":{"rendered":"http:\/\/kt.printandscreen.rs\/stankoviq-akuza-per-shkak-te-lapidarit-ne-presheve\/"},"modified":"2024-07-30T20:17:35","modified_gmt":"2024-07-30T20:17:35","slug":"stankoviq-akuza-per-shkak-te-lapidarit-ne-presheve","status":"publish","type":"post","link":"https:\/\/kt.gov.rs\/sq\/stankoviq-akuza-per-shkak-te-lapidarit-ne-presheve\/","title":{"rendered":"STANKOVIQ: AKUZA P\u00cbR SHKAK T\u00cb LAPIDARIT N\u00cb PRESHEV\u00cb"},"content":{"rendered":"<p>\n\t<strong><img decoding=\"async\" alt=\"\" src=\"https:\/\/kt.gov.rs\/wp-content\/uploads\/2024\/07\/newspic707-4.jpg\" style=\"width: 265px; height: 179px; float: left;\" \/>Politika<\/strong> \/ Kryetari\u00a0i\u00a0Trupit Koordinues\u00a0i Qeveris\u00eb s\u00eb Republik\u00ebs s\u00eb Serbis\u00eb\u00a0<em>p\u00ebr komunat Preshev\u00eb<\/em>,\u00a0<em>Bujanoc dhe Medvegj\u00eb<\/em>,\u00a0<em>Zoran Stankoviq<\/em>\u00a0<strong>ka deklaruar dje <\/strong>\u00a0<strong>se jan\u00eb ngritur akuza penale dhe p\u00ebr kund\u00ebrvajtje ndaj p\u00ebrgjegj\u00ebsve p\u00ebr vendosjen e lapidarit t\u00eb pjes\u00ebtar\u00ebve t\u00eb U\u00c7PMB-s\u00eb n\u00eb Preshev\u00eb.<\/strong> Stankoviq n\u00eb konferenc\u00ebn p\u00ebr shtyp \u00a0ka th\u00ebn\u00eb se p\u00ebrmendorja e vendosur \u00ebsht\u00eb pa leje nga Insituti p\u00ebr mbrojtjen e p\u00ebrmendoreve t\u00eb kultur\u00ebs n\u00eb Nish, kompetent p\u00ebr nd\u00ebrtim n\u00eb k\u00ebt\u00eb qend\u00ebr, i cili as q\u00eb ka qen\u00eb i njoftuar. Ai ka shtuar se n\u00eb territorin e tri komunave ku jetojn shqiptar\u00ebt jan\u00eb ngritur 15 monumente p\u00ebr pjes\u00ebtar\u00ebt e U\u00c7PMB-s\u00eb, nd\u00ebrsa ka edhe t\u00eb tjer\u00eb lapidar q\u00eb jan\u00eb vendosur n\u00eb m\u00ebnyr\u00eb t\u00eb njejt\u00eb edhe n\u00eb Novi Pazar si\u00e7 \u00ebsht\u00eb lapidari i Aqif Efendis\u00eb. Shteti duhet t\u00eb marr\u00eb nj\u00eb q\u00ebndrim t\u00eb p\u00ebrgjithsh\u00ebm rreth k\u00ebsaj pyetje\u201d, ka th\u00ebn\u00eb Stankoviq.<\/p>\n<p>\n\tN\u00eb retrospektiv t\u00eb deklaratave t\u00eb kryeministri t\u00eb Shqip\u00ebris\u00eb dhe Kosov\u00ebs, Sali Berisha dhe Hashim Tha\u00e7i n\u00eb Shkup t\u00eb cil\u00ebt kan\u00eb folur p\u00ebr bashkimin komb\u00ebtar t\u00eb shqiptar\u00ebve, Stankoviq ka p\u00ebrs\u00ebritur q\u00ebndrimin se jugu i Serbis\u00eb \u00ebsht\u00eb pjes\u00eb e pandar\u00eb e Serbis\u00eb. K\u00ebt\u00eb, ka rikujtuar , e kan\u00eb th\u00ebn\u00eb edhe zyrtar\u00ebt m\u00eb t\u00eb lart\u00eb amerikan si\u00e7 \u00ebsht\u00eb sekretarja shtet\u00ebrore Hillary Klinton, nd\u00ebrsa t\u00eb nj\u00ebjtin q\u00ebndrim ia ka p\u00ebrcjell\u00eb edhe ambasada e SHBA-s\u00eb dhe Britanis\u00eb s\u00eb Madhe, Majk\u00ebll Kirby dhe Majk\u00ebll Devenport, si dhe p\u00ebrfaq\u00ebsuesit e BE-s\u00eb dhe OSBE-s\u00eb Vensan Dezher dhe Pola Tide.<\/p>\n<p>\n\tDuke u bazuar n\u00eb takimin me ambasador\u00ebt, t\u00eb mbajtur t\u00eb premt\u00ebn, Stankoviq tha q\u00eb s\u00eb bashku kan mar q\u00ebndrim q\u00eb n\u00eb tri komunat n\u00eb jug t\u00eb S\u00ebrbis\u00eb t\u00eb investohet m\u00eb shum\u00eb.Stankoviq \u00a0si aktivitete te rendesishme te trupit Koordinues ka permendur ndertimin e nderteses se fakultetit Ekonomik n\u00eb\u00a0 Bujanoc\u00a0 , me siperfaqe prej 1.480 metra katrore, p\u00ebr t\u00eb cil\u00ebn fondet jan\u00eb siguruar nga shteti dhe komuniteti nd\u00ebrkomb\u00ebtar \u00a0si dhe stipendimi i 240 nxenesve te shkollave te mesme te cilet do te ken stipendin prej 6.000 dinar. Sipas tij filloi kursi i gjuh\u00ebs serbe me 310 pjes\u00ebmarr\u00ebs\u00a0 te cilen po e financon Ambasada e Britanise se Madhe, jane ndare edhe 40 milion dinar per subvencion te kredive per ndermarrjet e vogla dhe te mesem.<\/p>\n","protected":false},"excerpt":{"rendered":"<p>Politika \/ Kryetari\u00a0i\u00a0Trupit Koordinues\u00a0i Qeveris\u00eb s\u00eb Republik\u00ebs s\u00eb Serbis\u00eb\u00a0p\u00ebr komunat Preshev\u00eb,\u00a0Bujanoc dhe Medvegj\u00eb,\u00a0Zoran Stankoviq\u00a0ka deklaruar dje \u00a0se jan\u00eb ngritur akuza penale dhe p\u00ebr kund\u00ebrvajtje ndaj p\u00ebrgjegj\u00ebsve p\u00ebr vendosjen e lapidarit t\u00eb pjes\u00ebtar\u00ebve t\u00eb U\u00c7PMB-s\u00eb n\u00eb Preshev\u00eb. Stankoviq n\u00eb konferenc\u00ebn p\u00ebr shtyp \u00a0ka th\u00ebn\u00eb se p\u00ebrmendorja e vendosur \u00ebsht\u00eb pa leje nga Insituti p\u00ebr mbrojtjen e p\u00ebrmendoreve t\u00eb kultur\u00ebs n\u00eb Nish, kompetent p\u00ebr nd\u00ebrtim n\u00eb k\u00ebt\u00eb qend\u00ebr, i cili as q\u00eb ka qen\u00eb i njoftuar.<\/p>\n","protected":false},"author":1,"featured_media":141788,"comment_status":"closed","ping_status":"closed","sticky":false,"template":"","format":"standard","meta":{"footnotes":""},"categories":[55],"tags":[],"class_list":["post-141783","post","type-post","status-publish","format-standard","has-post-thumbnail","hentry","category-lajme"],"yoast_head":"<!-- This site is optimized with the Yoast SEO plugin v27.5 - https:\/\/yoast.com\/product\/yoast-seo-wordpress\/ -->\n<title>STANKOVIQ: AKUZA P\u00cbR SHKAK T\u00cb LAPIDARIT N\u00cb PRESHEV\u00cb - Republika e S\u00ebrbis\u00eb Trupi Koordinues p\u00ebr komunat Bujanoc, Preshev\u00eb dhe Medvegj\u00eb<\/title>\n<meta name=\"robots\" content=\"index, follow, max-snippet:-1, max-image-preview:large, max-video-preview:-1\" \/>\n<link rel=\"canonical\" href=\"https:\/\/kt.gov.rs\/sq\/stankoviq-akuza-per-shkak-te-lapidarit-ne-presheve\/\" \/>\n<meta property=\"og:locale\" content=\"sq_AL\" \/>\n<meta property=\"og:type\" content=\"article\" \/>\n<meta property=\"og:title\" content=\"STANKOVIQ: AKUZA P\u00cbR SHKAK T\u00cb LAPIDARIT N\u00cb PRESHEV\u00cb - Republika e S\u00ebrbis\u00eb Trupi Koordinues p\u00ebr komunat Bujanoc, Preshev\u00eb dhe Medvegj\u00eb\" \/>\n<meta property=\"og:description\" content=\"Politika \/ Kryetari\u00a0i\u00a0Trupit Koordinues\u00a0i Qeveris\u00eb s\u00eb Republik\u00ebs s\u00eb Serbis\u00eb\u00a0p\u00ebr komunat Preshev\u00eb,\u00a0Bujanoc dhe Medvegj\u00eb,\u00a0Zoran Stankoviq\u00a0ka deklaruar dje \u00a0se jan\u00eb ngritur akuza penale dhe p\u00ebr kund\u00ebrvajtje ndaj p\u00ebrgjegj\u00ebsve p\u00ebr vendosjen e lapidarit t\u00eb pjes\u00ebtar\u00ebve t\u00eb U\u00c7PMB-s\u00eb n\u00eb Preshev\u00eb. Stankoviq n\u00eb konferenc\u00ebn p\u00ebr shtyp \u00a0ka th\u00ebn\u00eb se p\u00ebrmendorja e vendosur \u00ebsht\u00eb pa leje nga Insituti p\u00ebr mbrojtjen e p\u00ebrmendoreve t\u00eb kultur\u00ebs n\u00eb Nish, kompetent p\u00ebr nd\u00ebrtim n\u00eb k\u00ebt\u00eb qend\u00ebr, i cili as q\u00eb ka qen\u00eb i njoftuar.\" \/>\n<meta property=\"og:url\" content=\"https:\/\/kt.gov.rs\/sq\/stankoviq-akuza-per-shkak-te-lapidarit-ne-presheve\/\" \/>\n<meta property=\"og:site_name\" content=\"Republika e S\u00ebrbis\u00eb Trupi Koordinues p\u00ebr komunat Bujanoc, Preshev\u00eb dhe Medvegj\u00eb\" \/>\n<meta property=\"article:publisher\" content=\"https:\/\/www.facebook.com\/SluzbaKoordinacionogTelaVladeRepublikeSrbije\" \/>\n<meta property=\"article:published_time\" content=\"2012-11-27T00:00:00+00:00\" \/>\n<meta property=\"article:modified_time\" content=\"2024-07-30T20:17:35+00:00\" \/>\n<meta property=\"og:image\" content=\"https:\/\/kt.gov.rs\/wp-content\/uploads\/2024\/07\/newspic707-5.jpg\" \/>\n\t<meta property=\"og:image:width\" content=\"265\" \/>\n\t<meta property=\"og:image:height\" content=\"179\" \/>\n\t<meta property=\"og:image:type\" content=\"image\/jpeg\" \/>\n<meta name=\"author\" content=\"ktmin\" \/>\n<meta name=\"twitter:card\" content=\"summary_large_image\" \/>\n<meta name=\"twitter:creator\" content=\"@kt_gov\" \/>\n<meta name=\"twitter:site\" content=\"@kt_gov\" \/>\n<meta name=\"twitter:label1\" content=\"Written by\" \/>\n\t<meta name=\"twitter:data1\" content=\"ktmin\" \/>\n\t<meta name=\"twitter:label2\" content=\"Est. reading time\" \/>\n\t<meta name=\"twitter:data2\" content=\"3 minutes\" \/>\n<script type=\"application\/ld+json\" class=\"yoast-schema-graph\">{\"@context\":\"https:\\\/\\\/schema.org\",\"@graph\":[{\"@type\":\"Article\",\"@id\":\"https:\\\/\\\/kt.gov.rs\\\/sq\\\/stankoviq-akuza-per-shkak-te-lapidarit-ne-presheve\\\/#article\",\"isPartOf\":{\"@id\":\"https:\\\/\\\/kt.gov.rs\\\/sq\\\/stankoviq-akuza-per-shkak-te-lapidarit-ne-presheve\\\/\"},\"author\":{\"name\":\"ktmin\",\"@id\":\"https:\\\/\\\/kt.gov.rs\\\/#\\\/schema\\\/person\\\/e426459ddb4173309103390602694571\"},\"headline\":\"STANKOVIQ: AKUZA P\u00cbR SHKAK T\u00cb LAPIDARIT N\u00cb PRESHEV\u00cb\",\"datePublished\":\"2012-11-27T00:00:00+00:00\",\"dateModified\":\"2024-07-30T20:17:35+00:00\",\"mainEntityOfPage\":{\"@id\":\"https:\\\/\\\/kt.gov.rs\\\/sq\\\/stankoviq-akuza-per-shkak-te-lapidarit-ne-presheve\\\/\"},\"wordCount\":589,\"publisher\":{\"@id\":\"https:\\\/\\\/kt.gov.rs\\\/#organization\"},\"image\":{\"@id\":\"https:\\\/\\\/kt.gov.rs\\\/sq\\\/stankoviq-akuza-per-shkak-te-lapidarit-ne-presheve\\\/#primaryimage\"},\"thumbnailUrl\":\"https:\\\/\\\/kt.gov.rs\\\/wp-content\\\/uploads\\\/2024\\\/07\\\/newspic707-5.jpg\",\"articleSection\":[\"Lajme\"],\"inLanguage\":\"sq-AL\"},{\"@type\":\"WebPage\",\"@id\":\"https:\\\/\\\/kt.gov.rs\\\/sq\\\/stankoviq-akuza-per-shkak-te-lapidarit-ne-presheve\\\/\",\"url\":\"https:\\\/\\\/kt.gov.rs\\\/sq\\\/stankoviq-akuza-per-shkak-te-lapidarit-ne-presheve\\\/\",\"name\":\"STANKOVIQ: AKUZA P\u00cbR SHKAK T\u00cb LAPIDARIT N\u00cb PRESHEV\u00cb - Republika e S\u00ebrbis\u00eb Trupi Koordinues p\u00ebr komunat Bujanoc, Preshev\u00eb dhe Medvegj\u00eb\",\"isPartOf\":{\"@id\":\"https:\\\/\\\/kt.gov.rs\\\/#website\"},\"primaryImageOfPage\":{\"@id\":\"https:\\\/\\\/kt.gov.rs\\\/sq\\\/stankoviq-akuza-per-shkak-te-lapidarit-ne-presheve\\\/#primaryimage\"},\"image\":{\"@id\":\"https:\\\/\\\/kt.gov.rs\\\/sq\\\/stankoviq-akuza-per-shkak-te-lapidarit-ne-presheve\\\/#primaryimage\"},\"thumbnailUrl\":\"https:\\\/\\\/kt.gov.rs\\\/wp-content\\\/uploads\\\/2024\\\/07\\\/newspic707-5.jpg\",\"datePublished\":\"2012-11-27T00:00:00+00:00\",\"dateModified\":\"2024-07-30T20:17:35+00:00\",\"breadcrumb\":{\"@id\":\"https:\\\/\\\/kt.gov.rs\\\/sq\\\/stankoviq-akuza-per-shkak-te-lapidarit-ne-presheve\\\/#breadcrumb\"},\"inLanguage\":\"sq-AL\",\"potentialAction\":[{\"@type\":\"ReadAction\",\"target\":[\"https:\\\/\\\/kt.gov.rs\\\/sq\\\/stankoviq-akuza-per-shkak-te-lapidarit-ne-presheve\\\/\"]}]},{\"@type\":\"ImageObject\",\"inLanguage\":\"sq-AL\",\"@id\":\"https:\\\/\\\/kt.gov.rs\\\/sq\\\/stankoviq-akuza-per-shkak-te-lapidarit-ne-presheve\\\/#primaryimage\",\"url\":\"https:\\\/\\\/kt.gov.rs\\\/wp-content\\\/uploads\\\/2024\\\/07\\\/newspic707-5.jpg\",\"contentUrl\":\"https:\\\/\\\/kt.gov.rs\\\/wp-content\\\/uploads\\\/2024\\\/07\\\/newspic707-5.jpg\",\"width\":265,\"height\":179},{\"@type\":\"BreadcrumbList\",\"@id\":\"https:\\\/\\\/kt.gov.rs\\\/sq\\\/stankoviq-akuza-per-shkak-te-lapidarit-ne-presheve\\\/#breadcrumb\",\"itemListElement\":[{\"@type\":\"ListItem\",\"position\":1,\"name\":\"\u041f\u043e\u0447\u0435\u0442\u043d\u0430\",\"item\":\"https:\\\/\\\/kt.gov.rs\\\/sq\\\/\"},{\"@type\":\"ListItem\",\"position\":2,\"name\":\"STANKOVIQ: AKUZA P\u00cbR SHKAK T\u00cb LAPIDARIT N\u00cb PRESHEV\u00cb\"}]},{\"@type\":\"WebSite\",\"@id\":\"https:\\\/\\\/kt.gov.rs\\\/#website\",\"url\":\"https:\\\/\\\/kt.gov.rs\\\/\",\"name\":\"\u041a\u043e\u043e\u0440\u0434\u0438\u043d\u0430\u0446\u0438\u043e\u043d\u043e \u0442\u0435\u043b\u043e \u0412\u043b\u0430\u0434\u0435 \u0420\u0435\u043f\u0443\u0431\u043b\u0438\u043a\u0435 \u0421\u0440\u0431\u0438\u0458\u0435 \u0437\u0430 \u043e\u043f\u0448\u0442\u0438\u043d\u0435 \u041f\u0440\u0435\u0448\u0435\u0432\u043e, \u0411\u0443\u0458\u0430\u043d\u043e\u0432\u0430\u0446 \u0438 \u041c\u0435\u0434\u0432\u0435\u0452a\",\"description\":\"\",\"publisher\":{\"@id\":\"https:\\\/\\\/kt.gov.rs\\\/#organization\"},\"alternateName\":\"\u041a\u043e\u043e\u0440\u0434\u0438\u043d\u0430\u0446\u0438\u043e\u043d\u043e \u0442\u0435\u043b\u043e\",\"potentialAction\":[{\"@type\":\"SearchAction\",\"target\":{\"@type\":\"EntryPoint\",\"urlTemplate\":\"https:\\\/\\\/kt.gov.rs\\\/?s={search_term_string}\"},\"query-input\":{\"@type\":\"PropertyValueSpecification\",\"valueRequired\":true,\"valueName\":\"search_term_string\"}}],\"inLanguage\":\"sq-AL\"},{\"@type\":\"Organization\",\"@id\":\"https:\\\/\\\/kt.gov.rs\\\/#organization\",\"name\":\"\u041a\u043e\u043e\u0440\u0434\u0438\u043d\u0430\u0446\u0438\u043e\u043d\u043e \u0442\u0435\u043b\u043e \u0412\u043b\u0430\u0434\u0435 \u0420\u0435\u043f\u0443\u0431\u043b\u0438\u043a\u0435 \u0421\u0440\u0431\u0438\u0458\u0435 \u0437\u0430 \u043e\u043f\u0448\u0442\u0438\u043d\u0435 \u041f\u0440\u0435\u0448\u0435\u0432\u043e, \u0411\u0443\u0458\u0430\u043d\u043e\u0432\u0430\u0446 \u0438 \u041c\u0435\u0434\u0432\u0435\u0452a\",\"alternateName\":\"\u041a\u043e\u043e\u0440\u0434\u0438\u043d\u0430\u0446\u0438\u043e\u043d\u043e \u0442\u0435\u043b\u043e\",\"url\":\"https:\\\/\\\/kt.gov.rs\\\/\",\"logo\":{\"@type\":\"ImageObject\",\"inLanguage\":\"sq-AL\",\"@id\":\"https:\\\/\\\/kt.gov.rs\\\/#\\\/schema\\\/logo\\\/image\\\/\",\"url\":\"https:\\\/\\\/kt.gov.rs\\\/wp-content\\\/uploads\\\/2024\\\/12\\\/koord2.jpg\",\"contentUrl\":\"https:\\\/\\\/kt.gov.rs\\\/wp-content\\\/uploads\\\/2024\\\/12\\\/koord2.jpg\",\"width\":640,\"height\":480,\"caption\":\"\u041a\u043e\u043e\u0440\u0434\u0438\u043d\u0430\u0446\u0438\u043e\u043d\u043e \u0442\u0435\u043b\u043e \u0412\u043b\u0430\u0434\u0435 \u0420\u0435\u043f\u0443\u0431\u043b\u0438\u043a\u0435 \u0421\u0440\u0431\u0438\u0458\u0435 \u0437\u0430 \u043e\u043f\u0448\u0442\u0438\u043d\u0435 \u041f\u0440\u0435\u0448\u0435\u0432\u043e, \u0411\u0443\u0458\u0430\u043d\u043e\u0432\u0430\u0446 \u0438 \u041c\u0435\u0434\u0432\u0435\u0452a\"},\"image\":{\"@id\":\"https:\\\/\\\/kt.gov.rs\\\/#\\\/schema\\\/logo\\\/image\\\/\"},\"sameAs\":[\"https:\\\/\\\/www.facebook.com\\\/SluzbaKoordinacionogTelaVladeRepublikeSrbije\",\"https:\\\/\\\/x.com\\\/kt_gov\",\"https:\\\/\\\/www.youtube.com\\\/@koordinacionotelo\"]},{\"@type\":\"Person\",\"@id\":\"https:\\\/\\\/kt.gov.rs\\\/#\\\/schema\\\/person\\\/e426459ddb4173309103390602694571\",\"name\":\"ktmin\",\"image\":{\"@type\":\"ImageObject\",\"inLanguage\":\"sq-AL\",\"@id\":\"https:\\\/\\\/secure.gravatar.com\\\/avatar\\\/3985c961109853010c3fbc7ba30365bfba5db3dd6c525831d9c595c7525a615a?s=96&d=mm&r=g\",\"url\":\"https:\\\/\\\/secure.gravatar.com\\\/avatar\\\/3985c961109853010c3fbc7ba30365bfba5db3dd6c525831d9c595c7525a615a?s=96&d=mm&r=g\",\"contentUrl\":\"https:\\\/\\\/secure.gravatar.com\\\/avatar\\\/3985c961109853010c3fbc7ba30365bfba5db3dd6c525831d9c595c7525a615a?s=96&d=mm&r=g\",\"caption\":\"ktmin\"},\"sameAs\":[\"https:\\\/\\\/kt.gov.rs\"],\"url\":\"https:\\\/\\\/kt.gov.rs\\\/sq\\\/author\\\/ktmin\\\/\"}]}<\/script>\n<!-- \/ Yoast SEO plugin. -->","yoast_head_json":{"title":"STANKOVIQ: AKUZA P\u00cbR SHKAK T\u00cb LAPIDARIT N\u00cb PRESHEV\u00cb - Republika e S\u00ebrbis\u00eb Trupi Koordinues p\u00ebr komunat Bujanoc, Preshev\u00eb dhe Medvegj\u00eb","robots":{"index":"index","follow":"follow","max-snippet":"max-snippet:-1","max-image-preview":"max-image-preview:large","max-video-preview":"max-video-preview:-1"},"canonical":"https:\/\/kt.gov.rs\/sq\/stankoviq-akuza-per-shkak-te-lapidarit-ne-presheve\/","og_locale":"sq_AL","og_type":"article","og_title":"STANKOVIQ: AKUZA P\u00cbR SHKAK T\u00cb LAPIDARIT N\u00cb PRESHEV\u00cb - Republika e S\u00ebrbis\u00eb Trupi Koordinues p\u00ebr komunat Bujanoc, Preshev\u00eb dhe Medvegj\u00eb","og_description":"Politika \/ Kryetari\u00a0i\u00a0Trupit Koordinues\u00a0i Qeveris\u00eb s\u00eb Republik\u00ebs s\u00eb Serbis\u00eb\u00a0p\u00ebr komunat Preshev\u00eb,\u00a0Bujanoc dhe Medvegj\u00eb,\u00a0Zoran Stankoviq\u00a0ka deklaruar dje \u00a0se jan\u00eb ngritur akuza penale dhe p\u00ebr kund\u00ebrvajtje ndaj p\u00ebrgjegj\u00ebsve p\u00ebr vendosjen e lapidarit t\u00eb pjes\u00ebtar\u00ebve t\u00eb U\u00c7PMB-s\u00eb n\u00eb Preshev\u00eb. Stankoviq n\u00eb konferenc\u00ebn p\u00ebr shtyp \u00a0ka th\u00ebn\u00eb se p\u00ebrmendorja e vendosur \u00ebsht\u00eb pa leje nga Insituti p\u00ebr mbrojtjen e p\u00ebrmendoreve t\u00eb kultur\u00ebs n\u00eb Nish, kompetent p\u00ebr nd\u00ebrtim n\u00eb k\u00ebt\u00eb qend\u00ebr, i cili as q\u00eb ka qen\u00eb i njoftuar.","og_url":"https:\/\/kt.gov.rs\/sq\/stankoviq-akuza-per-shkak-te-lapidarit-ne-presheve\/","og_site_name":"Republika e S\u00ebrbis\u00eb Trupi Koordinues p\u00ebr komunat Bujanoc, Preshev\u00eb dhe Medvegj\u00eb","article_publisher":"https:\/\/www.facebook.com\/SluzbaKoordinacionogTelaVladeRepublikeSrbije","article_published_time":"2012-11-27T00:00:00+00:00","article_modified_time":"2024-07-30T20:17:35+00:00","og_image":[{"width":265,"height":179,"url":"https:\/\/kt.gov.rs\/wp-content\/uploads\/2024\/07\/newspic707-5.jpg","type":"image\/jpeg"}],"author":"ktmin","twitter_card":"summary_large_image","twitter_creator":"@kt_gov","twitter_site":"@kt_gov","twitter_misc":{"Written by":"ktmin","Est. reading time":"3 minutes"},"schema":{"@context":"https:\/\/schema.org","@graph":[{"@type":"Article","@id":"https:\/\/kt.gov.rs\/sq\/stankoviq-akuza-per-shkak-te-lapidarit-ne-presheve\/#article","isPartOf":{"@id":"https:\/\/kt.gov.rs\/sq\/stankoviq-akuza-per-shkak-te-lapidarit-ne-presheve\/"},"author":{"name":"ktmin","@id":"https:\/\/kt.gov.rs\/#\/schema\/person\/e426459ddb4173309103390602694571"},"headline":"STANKOVIQ: AKUZA P\u00cbR SHKAK T\u00cb LAPIDARIT N\u00cb PRESHEV\u00cb","datePublished":"2012-11-27T00:00:00+00:00","dateModified":"2024-07-30T20:17:35+00:00","mainEntityOfPage":{"@id":"https:\/\/kt.gov.rs\/sq\/stankoviq-akuza-per-shkak-te-lapidarit-ne-presheve\/"},"wordCount":589,"publisher":{"@id":"https:\/\/kt.gov.rs\/#organization"},"image":{"@id":"https:\/\/kt.gov.rs\/sq\/stankoviq-akuza-per-shkak-te-lapidarit-ne-presheve\/#primaryimage"},"thumbnailUrl":"https:\/\/kt.gov.rs\/wp-content\/uploads\/2024\/07\/newspic707-5.jpg","articleSection":["Lajme"],"inLanguage":"sq-AL"},{"@type":"WebPage","@id":"https:\/\/kt.gov.rs\/sq\/stankoviq-akuza-per-shkak-te-lapidarit-ne-presheve\/","url":"https:\/\/kt.gov.rs\/sq\/stankoviq-akuza-per-shkak-te-lapidarit-ne-presheve\/","name":"STANKOVIQ: AKUZA P\u00cbR SHKAK T\u00cb LAPIDARIT N\u00cb PRESHEV\u00cb - Republika e S\u00ebrbis\u00eb Trupi Koordinues p\u00ebr komunat Bujanoc, Preshev\u00eb dhe Medvegj\u00eb","isPartOf":{"@id":"https:\/\/kt.gov.rs\/#website"},"primaryImageOfPage":{"@id":"https:\/\/kt.gov.rs\/sq\/stankoviq-akuza-per-shkak-te-lapidarit-ne-presheve\/#primaryimage"},"image":{"@id":"https:\/\/kt.gov.rs\/sq\/stankoviq-akuza-per-shkak-te-lapidarit-ne-presheve\/#primaryimage"},"thumbnailUrl":"https:\/\/kt.gov.rs\/wp-content\/uploads\/2024\/07\/newspic707-5.jpg","datePublished":"2012-11-27T00:00:00+00:00","dateModified":"2024-07-30T20:17:35+00:00","breadcrumb":{"@id":"https:\/\/kt.gov.rs\/sq\/stankoviq-akuza-per-shkak-te-lapidarit-ne-presheve\/#breadcrumb"},"inLanguage":"sq-AL","potentialAction":[{"@type":"ReadAction","target":["https:\/\/kt.gov.rs\/sq\/stankoviq-akuza-per-shkak-te-lapidarit-ne-presheve\/"]}]},{"@type":"ImageObject","inLanguage":"sq-AL","@id":"https:\/\/kt.gov.rs\/sq\/stankoviq-akuza-per-shkak-te-lapidarit-ne-presheve\/#primaryimage","url":"https:\/\/kt.gov.rs\/wp-content\/uploads\/2024\/07\/newspic707-5.jpg","contentUrl":"https:\/\/kt.gov.rs\/wp-content\/uploads\/2024\/07\/newspic707-5.jpg","width":265,"height":179},{"@type":"BreadcrumbList","@id":"https:\/\/kt.gov.rs\/sq\/stankoviq-akuza-per-shkak-te-lapidarit-ne-presheve\/#breadcrumb","itemListElement":[{"@type":"ListItem","position":1,"name":"\u041f\u043e\u0447\u0435\u0442\u043d\u0430","item":"https:\/\/kt.gov.rs\/sq\/"},{"@type":"ListItem","position":2,"name":"STANKOVIQ: AKUZA P\u00cbR SHKAK T\u00cb LAPIDARIT N\u00cb PRESHEV\u00cb"}]},{"@type":"WebSite","@id":"https:\/\/kt.gov.rs\/#website","url":"https:\/\/kt.gov.rs\/","name":"\u041a\u043e\u043e\u0440\u0434\u0438\u043d\u0430\u0446\u0438\u043e\u043d\u043e \u0442\u0435\u043b\u043e \u0412\u043b\u0430\u0434\u0435 \u0420\u0435\u043f\u0443\u0431\u043b\u0438\u043a\u0435 \u0421\u0440\u0431\u0438\u0458\u0435 \u0437\u0430 \u043e\u043f\u0448\u0442\u0438\u043d\u0435 \u041f\u0440\u0435\u0448\u0435\u0432\u043e, \u0411\u0443\u0458\u0430\u043d\u043e\u0432\u0430\u0446 \u0438 \u041c\u0435\u0434\u0432\u0435\u0452a","description":"","publisher":{"@id":"https:\/\/kt.gov.rs\/#organization"},"alternateName":"\u041a\u043e\u043e\u0440\u0434\u0438\u043d\u0430\u0446\u0438\u043e\u043d\u043e \u0442\u0435\u043b\u043e","potentialAction":[{"@type":"SearchAction","target":{"@type":"EntryPoint","urlTemplate":"https:\/\/kt.gov.rs\/?s={search_term_string}"},"query-input":{"@type":"PropertyValueSpecification","valueRequired":true,"valueName":"search_term_string"}}],"inLanguage":"sq-AL"},{"@type":"Organization","@id":"https:\/\/kt.gov.rs\/#organization","name":"\u041a\u043e\u043e\u0440\u0434\u0438\u043d\u0430\u0446\u0438\u043e\u043d\u043e \u0442\u0435\u043b\u043e \u0412\u043b\u0430\u0434\u0435 \u0420\u0435\u043f\u0443\u0431\u043b\u0438\u043a\u0435 \u0421\u0440\u0431\u0438\u0458\u0435 \u0437\u0430 \u043e\u043f\u0448\u0442\u0438\u043d\u0435 \u041f\u0440\u0435\u0448\u0435\u0432\u043e, \u0411\u0443\u0458\u0430\u043d\u043e\u0432\u0430\u0446 \u0438 \u041c\u0435\u0434\u0432\u0435\u0452a","alternateName":"\u041a\u043e\u043e\u0440\u0434\u0438\u043d\u0430\u0446\u0438\u043e\u043d\u043e \u0442\u0435\u043b\u043e","url":"https:\/\/kt.gov.rs\/","logo":{"@type":"ImageObject","inLanguage":"sq-AL","@id":"https:\/\/kt.gov.rs\/#\/schema\/logo\/image\/","url":"https:\/\/kt.gov.rs\/wp-content\/uploads\/2024\/12\/koord2.jpg","contentUrl":"https:\/\/kt.gov.rs\/wp-content\/uploads\/2024\/12\/koord2.jpg","width":640,"height":480,"caption":"\u041a\u043e\u043e\u0440\u0434\u0438\u043d\u0430\u0446\u0438\u043e\u043d\u043e \u0442\u0435\u043b\u043e \u0412\u043b\u0430\u0434\u0435 \u0420\u0435\u043f\u0443\u0431\u043b\u0438\u043a\u0435 \u0421\u0440\u0431\u0438\u0458\u0435 \u0437\u0430 \u043e\u043f\u0448\u0442\u0438\u043d\u0435 \u041f\u0440\u0435\u0448\u0435\u0432\u043e, \u0411\u0443\u0458\u0430\u043d\u043e\u0432\u0430\u0446 \u0438 \u041c\u0435\u0434\u0432\u0435\u0452a"},"image":{"@id":"https:\/\/kt.gov.rs\/#\/schema\/logo\/image\/"},"sameAs":["https:\/\/www.facebook.com\/SluzbaKoordinacionogTelaVladeRepublikeSrbije","https:\/\/x.com\/kt_gov","https:\/\/www.youtube.com\/@koordinacionotelo"]},{"@type":"Person","@id":"https:\/\/kt.gov.rs\/#\/schema\/person\/e426459ddb4173309103390602694571","name":"ktmin","image":{"@type":"ImageObject","inLanguage":"sq-AL","@id":"https:\/\/secure.gravatar.com\/avatar\/3985c961109853010c3fbc7ba30365bfba5db3dd6c525831d9c595c7525a615a?s=96&d=mm&r=g","url":"https:\/\/secure.gravatar.com\/avatar\/3985c961109853010c3fbc7ba30365bfba5db3dd6c525831d9c595c7525a615a?s=96&d=mm&r=g","contentUrl":"https:\/\/secure.gravatar.com\/avatar\/3985c961109853010c3fbc7ba30365bfba5db3dd6c525831d9c595c7525a615a?s=96&d=mm&r=g","caption":"ktmin"},"sameAs":["https:\/\/kt.gov.rs"],"url":"https:\/\/kt.gov.rs\/sq\/author\/ktmin\/"}]}},"_links":{"self":[{"href":"https:\/\/kt.gov.rs\/sq\/wp-json\/wp\/v2\/posts\/141783","targetHints":{"allow":["GET"]}}],"collection":[{"href":"https:\/\/kt.gov.rs\/sq\/wp-json\/wp\/v2\/posts"}],"about":[{"href":"https:\/\/kt.gov.rs\/sq\/wp-json\/wp\/v2\/types\/post"}],"author":[{"embeddable":true,"href":"https:\/\/kt.gov.rs\/sq\/wp-json\/wp\/v2\/users\/1"}],"replies":[{"embeddable":true,"href":"https:\/\/kt.gov.rs\/sq\/wp-json\/wp\/v2\/comments?post=141783"}],"version-history":[{"count":1,"href":"https:\/\/kt.gov.rs\/sq\/wp-json\/wp\/v2\/posts\/141783\/revisions"}],"predecessor-version":[{"id":141787,"href":"https:\/\/kt.gov.rs\/sq\/wp-json\/wp\/v2\/posts\/141783\/revisions\/141787"}],"wp:featuredmedia":[{"embeddable":true,"href":"https:\/\/kt.gov.rs\/sq\/wp-json\/wp\/v2\/media\/141788"}],"wp:attachment":[{"href":"https:\/\/kt.gov.rs\/sq\/wp-json\/wp\/v2\/media?parent=141783"}],"wp:term":[{"taxonomy":"category","embeddable":true,"href":"https:\/\/kt.gov.rs\/sq\/wp-json\/wp\/v2\/categories?post=141783"},{"taxonomy":"post_tag","embeddable":true,"href":"https:\/\/kt.gov.rs\/sq\/wp-json\/wp\/v2\/tags?post=141783"}],"curies":[{"name":"wp","href":"https:\/\/api.w.org\/{rel}","templated":true}]}}