{"id":141768,"date":"2012-12-05T00:00:00","date_gmt":"2012-12-05T00:00:00","guid":{"rendered":"http:\/\/kt.printandscreen.rs\/njoftim-per-media-05-12-2012\/"},"modified":"2012-12-05T00:00:00","modified_gmt":"2012-12-05T00:00:00","slug":"njoftim-per-media-05-12-2012","status":"publish","type":"post","link":"https:\/\/kt.gov.rs\/sq\/njoftim-per-media-05-12-2012\/","title":{"rendered":"NJOFTIM P\u00cbR MEDIA \u2013 05.12.2012."},"content":{"rendered":"<p>\n\tKryetari i Trupit Koordinues p\u00ebr komunat Preshev\u00eb, Bujanoc dhe Medvegj\u00eb, Zoran Stankoviq ka mbajtur nj\u00eb takim pune me koordinatorin e p\u00ebrhersh\u00ebm t\u00eb Kombeve t\u00eb Bashkuara n\u00eb S\u00ebrbi, William Infante. Gjat\u00eb k\u00ebtij takimi kryetari i Trupit Koordinues e ka njoftuar Infanten me projektet, t\u00eb cil\u00ebt Trupi Koordinues i ka realizuar deri tash, siq jan\u00eb: nd\u00ebrtimi i objektit t\u00eb fakultetit Ekonomik\u00a0 n\u00eb Bujanoc, ndarjen e 231 bursave p\u00ebr nx\u00ebn\u00ebsit e shkollave t\u00eb mesme, fillimi i Shkoll\u00ebs s\u00eb gjuh\u00ebs serbe, n\u00eb t\u00eb cil\u00ebn marrin pjes\u00eb 305 pjes\u00ebmarr\u00ebs dhe ndarjen e mjeteve t\u00eb pakthyeshme p\u00ebr nd\u00ebrmarrjet e vogla dhe t\u00eb mesme n\u00eb Preshev\u00eb, Bujanoc dhe Medvegj\u00eb, n\u00eb shum\u00eb prej 40 milion\u00eb dinar\u00eb.<\/p>\n<p>\tStankoviq poashtu theksoi se prioritet i Trupit Koordinues \u00ebsht\u00eb zgjidhja e problemeve ekonomike dhe papun\u00ebsis\u00eb n\u00eb Jugun e S\u00ebrbis\u00eb, dhe ka b\u00ebr\u00eb t\u00eb ditur se vitin e ardhsh\u00ebm punues, Trupi Koordinues do t\u00eb filloj\u00eb me ndarjen e mjeteve t\u00eb pakthyeshme p\u00ebr nd\u00ebrmarrjet e vogla dhe t\u00eb mesme n\u00eb shum\u00eb prej prej 60 milion\u00eb dinar\u00ebsh, me pun\u00ebsimin e njer\u00ebzve t\u00eb rinj\u00eb n\u00eb zyret e Trupit Koordinues n\u00eb Preshev\u00eb dhe Bujanoc dhe organizimit t\u00eb panaireve p\u00ebrmes t\u00eb cil\u00ebve k\u00ebto tri komuna do t\u00eb tregojn\u00eb se \u00e7ka mund t\u00eb ofrojn\u00eb me q\u00ebllim q\u00eb t&#39;i\u00a0 t\u00ebrheqin investitor\u00ebt.<\/p>\n<p>\tDuke iu referuar vizit\u00ebs dy ditore n\u00eb komunat Preshev\u00eb, Bujanoc dhe Medvegj\u00eb, Stankoviq theksoi se \u00ebsht\u00eb pritu shum\u00eb mir\u00eb dhe ka ftuar koordinatorin e p\u00ebrhersh\u00ebm t\u00eb Kombeve t\u00eb Bashkuara n\u00eb S\u00ebrbi q\u00eb s\u00ebbashku t\u00eb punojn\u00eb n\u00eb p\u00ebrmir\u00ebsimin e marr\u00ebdh\u00ebnieve dhe prosperitetit ekonomik.<\/p>\n<p>\tKoordinatori i Kombeve t\u00eb Bashkuara n\u00eb S\u00ebrbi, William Infante ka p\u00ebrkrahur pik\u00ebpamjen e kryetarit t\u00eb Trupit Koordinues q\u00eb s\u00ebbashku t\u00eb punojn\u00eb n\u00eb nd\u00ebrtimin e kapaciteteve dhe zhvillimin e k\u00ebtyre tri komunave dhe ka shprehur gatishm\u00ebrin\u00eb q\u00eb t\u00eb investojn\u00eb mund dhe mjete n\u00eb m\u00ebnyr\u00eb q\u00eb t\u00eb rrisin pun\u00ebsimin dhe zhvillimin ekonomik. Infante ka theksuar se k\u00ebto iniciativa jan\u00eb ky\u00e7e p\u00ebr t&#39;u siguruar nj\u00eb jet\u00eb e sigurt\u00eb, stabile dhe e suksesshme p\u00ebr t\u00eb gjith\u00eb banor\u00ebt e Jugut t\u00eb S\u00ebrbis\u00eb.<\/p>\n","protected":false},"excerpt":{"rendered":"<p>Kryetari i Trupit Koordinues p\u00ebr komunat Preshev\u00eb, Bujanoc dhe Medvegj\u00eb, Zoran Stankoviq ka mbajtur nj\u00eb takim pune me koordinatorin e p\u00ebrhersh\u00ebm t\u00eb Kombeve t\u00eb Bashkuara n\u00eb S\u00ebrbi, William Infante. Gjat\u00eb k\u00ebtij takimi kryetari i Trupit Koordinues e ka njoftuar Infanten me projektet, t\u00eb cil\u00ebt Trupi Koordinues i ka realizuar deri tash, siq jan\u00eb: nd\u00ebrtimi i objektit t\u00eb fakultetit Ekonomik\u00a0 n\u00eb Bujanoc, ndarjen e 231 bursave p\u00ebr nx\u00ebn\u00ebsit e shkollave t\u00eb mesme, fillimi i Shkoll\u00ebs s\u00eb gjuh\u00ebs serbe, n\u00eb t\u00eb cil\u00ebn marrin pjes\u00eb 305 pjes\u00ebmarr\u00ebs dhe ndarjen e mjeteve t\u00eb pakthyeshme p\u00ebr nd\u00ebrmarrjet e vogla dhe t\u00eb mesme n\u00eb Preshev\u00eb, Bujanoc dhe Medvegj\u00eb, n\u00eb shum\u00eb prej 40 milion\u00eb dinar\u00eb.<\/p>\n","protected":false},"author":1,"featured_media":0,"comment_status":"closed","ping_status":"closed","sticky":false,"template":"","format":"standard","meta":{"footnotes":""},"categories":[55],"tags":[],"class_list":["post-141768","post","type-post","status-publish","format-standard","hentry","category-lajme"],"yoast_head":"<!-- This site is optimized with the Yoast SEO plugin v27.5 - https:\/\/yoast.com\/product\/yoast-seo-wordpress\/ -->\n<title>NJOFTIM P\u00cbR MEDIA - 05.12.2012. - Republika e S\u00ebrbis\u00eb Trupi Koordinues p\u00ebr komunat Bujanoc, Preshev\u00eb dhe Medvegj\u00eb<\/title>\n<meta name=\"robots\" content=\"index, follow, max-snippet:-1, max-image-preview:large, max-video-preview:-1\" \/>\n<link rel=\"canonical\" href=\"https:\/\/kt.gov.rs\/sq\/njoftim-per-media-05-12-2012\/\" \/>\n<meta property=\"og:locale\" content=\"sq_AL\" \/>\n<meta property=\"og:type\" content=\"article\" \/>\n<meta property=\"og:title\" content=\"NJOFTIM P\u00cbR MEDIA - 05.12.2012. - Republika e S\u00ebrbis\u00eb Trupi Koordinues p\u00ebr komunat Bujanoc, Preshev\u00eb dhe Medvegj\u00eb\" \/>\n<meta property=\"og:description\" content=\"Kryetari i Trupit Koordinues p\u00ebr komunat Preshev\u00eb, Bujanoc dhe Medvegj\u00eb, Zoran Stankoviq ka mbajtur nj\u00eb takim pune me koordinatorin e p\u00ebrhersh\u00ebm t\u00eb Kombeve t\u00eb Bashkuara n\u00eb S\u00ebrbi, William Infante. Gjat\u00eb k\u00ebtij takimi kryetari i Trupit Koordinues e ka njoftuar Infanten me projektet, t\u00eb cil\u00ebt Trupi Koordinues i ka realizuar deri tash, siq jan\u00eb: nd\u00ebrtimi i objektit t\u00eb fakultetit Ekonomik\u00a0 n\u00eb Bujanoc, ndarjen e 231 bursave p\u00ebr nx\u00ebn\u00ebsit e shkollave t\u00eb mesme, fillimi i Shkoll\u00ebs s\u00eb gjuh\u00ebs serbe, n\u00eb t\u00eb cil\u00ebn marrin pjes\u00eb 305 pjes\u00ebmarr\u00ebs dhe ndarjen e mjeteve t\u00eb pakthyeshme p\u00ebr nd\u00ebrmarrjet e vogla dhe t\u00eb mesme n\u00eb Preshev\u00eb, Bujanoc dhe Medvegj\u00eb, n\u00eb shum\u00eb prej 40 milion\u00eb dinar\u00eb.\" \/>\n<meta property=\"og:url\" content=\"https:\/\/kt.gov.rs\/sq\/njoftim-per-media-05-12-2012\/\" \/>\n<meta property=\"og:site_name\" content=\"Republika e S\u00ebrbis\u00eb Trupi Koordinues p\u00ebr komunat Bujanoc, Preshev\u00eb dhe Medvegj\u00eb\" \/>\n<meta property=\"article:publisher\" content=\"https:\/\/www.facebook.com\/SluzbaKoordinacionogTelaVladeRepublikeSrbije\" \/>\n<meta property=\"article:published_time\" content=\"2012-12-05T00:00:00+00:00\" \/>\n<meta name=\"author\" content=\"ktmin\" \/>\n<meta name=\"twitter:card\" content=\"summary_large_image\" \/>\n<meta name=\"twitter:creator\" content=\"@kt_gov\" \/>\n<meta name=\"twitter:site\" content=\"@kt_gov\" \/>\n<meta name=\"twitter:label1\" content=\"Written by\" \/>\n\t<meta name=\"twitter:data1\" content=\"ktmin\" \/>\n\t<meta name=\"twitter:label2\" content=\"Est. reading time\" \/>\n\t<meta name=\"twitter:data2\" content=\"3 minutes\" \/>\n<script type=\"application\/ld+json\" class=\"yoast-schema-graph\">{\"@context\":\"https:\\\/\\\/schema.org\",\"@graph\":[{\"@type\":\"Article\",\"@id\":\"https:\\\/\\\/kt.gov.rs\\\/sq\\\/njoftim-per-media-05-12-2012\\\/#article\",\"isPartOf\":{\"@id\":\"https:\\\/\\\/kt.gov.rs\\\/sq\\\/njoftim-per-media-05-12-2012\\\/\"},\"author\":{\"name\":\"ktmin\",\"@id\":\"https:\\\/\\\/kt.gov.rs\\\/#\\\/schema\\\/person\\\/e426459ddb4173309103390602694571\"},\"headline\":\"NJOFTIM P\u00cbR MEDIA \u2013 05.12.2012.\",\"datePublished\":\"2012-12-05T00:00:00+00:00\",\"mainEntityOfPage\":{\"@id\":\"https:\\\/\\\/kt.gov.rs\\\/sq\\\/njoftim-per-media-05-12-2012\\\/\"},\"wordCount\":526,\"publisher\":{\"@id\":\"https:\\\/\\\/kt.gov.rs\\\/#organization\"},\"articleSection\":[\"Lajme\"],\"inLanguage\":\"sq-AL\"},{\"@type\":\"WebPage\",\"@id\":\"https:\\\/\\\/kt.gov.rs\\\/sq\\\/njoftim-per-media-05-12-2012\\\/\",\"url\":\"https:\\\/\\\/kt.gov.rs\\\/sq\\\/njoftim-per-media-05-12-2012\\\/\",\"name\":\"NJOFTIM P\u00cbR MEDIA - 05.12.2012. - Republika e S\u00ebrbis\u00eb Trupi Koordinues p\u00ebr komunat Bujanoc, Preshev\u00eb dhe Medvegj\u00eb\",\"isPartOf\":{\"@id\":\"https:\\\/\\\/kt.gov.rs\\\/#website\"},\"datePublished\":\"2012-12-05T00:00:00+00:00\",\"breadcrumb\":{\"@id\":\"https:\\\/\\\/kt.gov.rs\\\/sq\\\/njoftim-per-media-05-12-2012\\\/#breadcrumb\"},\"inLanguage\":\"sq-AL\",\"potentialAction\":[{\"@type\":\"ReadAction\",\"target\":[\"https:\\\/\\\/kt.gov.rs\\\/sq\\\/njoftim-per-media-05-12-2012\\\/\"]}]},{\"@type\":\"BreadcrumbList\",\"@id\":\"https:\\\/\\\/kt.gov.rs\\\/sq\\\/njoftim-per-media-05-12-2012\\\/#breadcrumb\",\"itemListElement\":[{\"@type\":\"ListItem\",\"position\":1,\"name\":\"\u041f\u043e\u0447\u0435\u0442\u043d\u0430\",\"item\":\"https:\\\/\\\/kt.gov.rs\\\/sq\\\/\"},{\"@type\":\"ListItem\",\"position\":2,\"name\":\"NJOFTIM P\u00cbR MEDIA \u2013 05.12.2012.\"}]},{\"@type\":\"WebSite\",\"@id\":\"https:\\\/\\\/kt.gov.rs\\\/#website\",\"url\":\"https:\\\/\\\/kt.gov.rs\\\/\",\"name\":\"\u041a\u043e\u043e\u0440\u0434\u0438\u043d\u0430\u0446\u0438\u043e\u043d\u043e \u0442\u0435\u043b\u043e \u0412\u043b\u0430\u0434\u0435 \u0420\u0435\u043f\u0443\u0431\u043b\u0438\u043a\u0435 \u0421\u0440\u0431\u0438\u0458\u0435 \u0437\u0430 \u043e\u043f\u0448\u0442\u0438\u043d\u0435 \u041f\u0440\u0435\u0448\u0435\u0432\u043e, \u0411\u0443\u0458\u0430\u043d\u043e\u0432\u0430\u0446 \u0438 \u041c\u0435\u0434\u0432\u0435\u0452a\",\"description\":\"\",\"publisher\":{\"@id\":\"https:\\\/\\\/kt.gov.rs\\\/#organization\"},\"alternateName\":\"\u041a\u043e\u043e\u0440\u0434\u0438\u043d\u0430\u0446\u0438\u043e\u043d\u043e \u0442\u0435\u043b\u043e\",\"potentialAction\":[{\"@type\":\"SearchAction\",\"target\":{\"@type\":\"EntryPoint\",\"urlTemplate\":\"https:\\\/\\\/kt.gov.rs\\\/?s={search_term_string}\"},\"query-input\":{\"@type\":\"PropertyValueSpecification\",\"valueRequired\":true,\"valueName\":\"search_term_string\"}}],\"inLanguage\":\"sq-AL\"},{\"@type\":\"Organization\",\"@id\":\"https:\\\/\\\/kt.gov.rs\\\/#organization\",\"name\":\"\u041a\u043e\u043e\u0440\u0434\u0438\u043d\u0430\u0446\u0438\u043e\u043d\u043e \u0442\u0435\u043b\u043e \u0412\u043b\u0430\u0434\u0435 \u0420\u0435\u043f\u0443\u0431\u043b\u0438\u043a\u0435 \u0421\u0440\u0431\u0438\u0458\u0435 \u0437\u0430 \u043e\u043f\u0448\u0442\u0438\u043d\u0435 \u041f\u0440\u0435\u0448\u0435\u0432\u043e, \u0411\u0443\u0458\u0430\u043d\u043e\u0432\u0430\u0446 \u0438 \u041c\u0435\u0434\u0432\u0435\u0452a\",\"alternateName\":\"\u041a\u043e\u043e\u0440\u0434\u0438\u043d\u0430\u0446\u0438\u043e\u043d\u043e \u0442\u0435\u043b\u043e\",\"url\":\"https:\\\/\\\/kt.gov.rs\\\/\",\"logo\":{\"@type\":\"ImageObject\",\"inLanguage\":\"sq-AL\",\"@id\":\"https:\\\/\\\/kt.gov.rs\\\/#\\\/schema\\\/logo\\\/image\\\/\",\"url\":\"https:\\\/\\\/kt.gov.rs\\\/wp-content\\\/uploads\\\/2024\\\/12\\\/koord2.jpg\",\"contentUrl\":\"https:\\\/\\\/kt.gov.rs\\\/wp-content\\\/uploads\\\/2024\\\/12\\\/koord2.jpg\",\"width\":640,\"height\":480,\"caption\":\"\u041a\u043e\u043e\u0440\u0434\u0438\u043d\u0430\u0446\u0438\u043e\u043d\u043e \u0442\u0435\u043b\u043e \u0412\u043b\u0430\u0434\u0435 \u0420\u0435\u043f\u0443\u0431\u043b\u0438\u043a\u0435 \u0421\u0440\u0431\u0438\u0458\u0435 \u0437\u0430 \u043e\u043f\u0448\u0442\u0438\u043d\u0435 \u041f\u0440\u0435\u0448\u0435\u0432\u043e, \u0411\u0443\u0458\u0430\u043d\u043e\u0432\u0430\u0446 \u0438 \u041c\u0435\u0434\u0432\u0435\u0452a\"},\"image\":{\"@id\":\"https:\\\/\\\/kt.gov.rs\\\/#\\\/schema\\\/logo\\\/image\\\/\"},\"sameAs\":[\"https:\\\/\\\/www.facebook.com\\\/SluzbaKoordinacionogTelaVladeRepublikeSrbije\",\"https:\\\/\\\/x.com\\\/kt_gov\",\"https:\\\/\\\/www.youtube.com\\\/@koordinacionotelo\"]},{\"@type\":\"Person\",\"@id\":\"https:\\\/\\\/kt.gov.rs\\\/#\\\/schema\\\/person\\\/e426459ddb4173309103390602694571\",\"name\":\"ktmin\",\"image\":{\"@type\":\"ImageObject\",\"inLanguage\":\"sq-AL\",\"@id\":\"https:\\\/\\\/secure.gravatar.com\\\/avatar\\\/3985c961109853010c3fbc7ba30365bfba5db3dd6c525831d9c595c7525a615a?s=96&d=mm&r=g\",\"url\":\"https:\\\/\\\/secure.gravatar.com\\\/avatar\\\/3985c961109853010c3fbc7ba30365bfba5db3dd6c525831d9c595c7525a615a?s=96&d=mm&r=g\",\"contentUrl\":\"https:\\\/\\\/secure.gravatar.com\\\/avatar\\\/3985c961109853010c3fbc7ba30365bfba5db3dd6c525831d9c595c7525a615a?s=96&d=mm&r=g\",\"caption\":\"ktmin\"},\"sameAs\":[\"https:\\\/\\\/kt.gov.rs\"],\"url\":\"https:\\\/\\\/kt.gov.rs\\\/sq\\\/author\\\/ktmin\\\/\"}]}<\/script>\n<!-- \/ Yoast SEO plugin. -->","yoast_head_json":{"title":"NJOFTIM P\u00cbR MEDIA - 05.12.2012. - Republika e S\u00ebrbis\u00eb Trupi Koordinues p\u00ebr komunat Bujanoc, Preshev\u00eb dhe Medvegj\u00eb","robots":{"index":"index","follow":"follow","max-snippet":"max-snippet:-1","max-image-preview":"max-image-preview:large","max-video-preview":"max-video-preview:-1"},"canonical":"https:\/\/kt.gov.rs\/sq\/njoftim-per-media-05-12-2012\/","og_locale":"sq_AL","og_type":"article","og_title":"NJOFTIM P\u00cbR MEDIA - 05.12.2012. - Republika e S\u00ebrbis\u00eb Trupi Koordinues p\u00ebr komunat Bujanoc, Preshev\u00eb dhe Medvegj\u00eb","og_description":"Kryetari i Trupit Koordinues p\u00ebr komunat Preshev\u00eb, Bujanoc dhe Medvegj\u00eb, Zoran Stankoviq ka mbajtur nj\u00eb takim pune me koordinatorin e p\u00ebrhersh\u00ebm t\u00eb Kombeve t\u00eb Bashkuara n\u00eb S\u00ebrbi, William Infante. Gjat\u00eb k\u00ebtij takimi kryetari i Trupit Koordinues e ka njoftuar Infanten me projektet, t\u00eb cil\u00ebt Trupi Koordinues i ka realizuar deri tash, siq jan\u00eb: nd\u00ebrtimi i objektit t\u00eb fakultetit Ekonomik\u00a0 n\u00eb Bujanoc, ndarjen e 231 bursave p\u00ebr nx\u00ebn\u00ebsit e shkollave t\u00eb mesme, fillimi i Shkoll\u00ebs s\u00eb gjuh\u00ebs serbe, n\u00eb t\u00eb cil\u00ebn marrin pjes\u00eb 305 pjes\u00ebmarr\u00ebs dhe ndarjen e mjeteve t\u00eb pakthyeshme p\u00ebr nd\u00ebrmarrjet e vogla dhe t\u00eb mesme n\u00eb Preshev\u00eb, Bujanoc dhe Medvegj\u00eb, n\u00eb shum\u00eb prej 40 milion\u00eb dinar\u00eb.","og_url":"https:\/\/kt.gov.rs\/sq\/njoftim-per-media-05-12-2012\/","og_site_name":"Republika e S\u00ebrbis\u00eb Trupi Koordinues p\u00ebr komunat Bujanoc, Preshev\u00eb dhe Medvegj\u00eb","article_publisher":"https:\/\/www.facebook.com\/SluzbaKoordinacionogTelaVladeRepublikeSrbije","article_published_time":"2012-12-05T00:00:00+00:00","author":"ktmin","twitter_card":"summary_large_image","twitter_creator":"@kt_gov","twitter_site":"@kt_gov","twitter_misc":{"Written by":"ktmin","Est. reading time":"3 minutes"},"schema":{"@context":"https:\/\/schema.org","@graph":[{"@type":"Article","@id":"https:\/\/kt.gov.rs\/sq\/njoftim-per-media-05-12-2012\/#article","isPartOf":{"@id":"https:\/\/kt.gov.rs\/sq\/njoftim-per-media-05-12-2012\/"},"author":{"name":"ktmin","@id":"https:\/\/kt.gov.rs\/#\/schema\/person\/e426459ddb4173309103390602694571"},"headline":"NJOFTIM P\u00cbR MEDIA \u2013 05.12.2012.","datePublished":"2012-12-05T00:00:00+00:00","mainEntityOfPage":{"@id":"https:\/\/kt.gov.rs\/sq\/njoftim-per-media-05-12-2012\/"},"wordCount":526,"publisher":{"@id":"https:\/\/kt.gov.rs\/#organization"},"articleSection":["Lajme"],"inLanguage":"sq-AL"},{"@type":"WebPage","@id":"https:\/\/kt.gov.rs\/sq\/njoftim-per-media-05-12-2012\/","url":"https:\/\/kt.gov.rs\/sq\/njoftim-per-media-05-12-2012\/","name":"NJOFTIM P\u00cbR MEDIA - 05.12.2012. - Republika e S\u00ebrbis\u00eb Trupi Koordinues p\u00ebr komunat Bujanoc, Preshev\u00eb dhe Medvegj\u00eb","isPartOf":{"@id":"https:\/\/kt.gov.rs\/#website"},"datePublished":"2012-12-05T00:00:00+00:00","breadcrumb":{"@id":"https:\/\/kt.gov.rs\/sq\/njoftim-per-media-05-12-2012\/#breadcrumb"},"inLanguage":"sq-AL","potentialAction":[{"@type":"ReadAction","target":["https:\/\/kt.gov.rs\/sq\/njoftim-per-media-05-12-2012\/"]}]},{"@type":"BreadcrumbList","@id":"https:\/\/kt.gov.rs\/sq\/njoftim-per-media-05-12-2012\/#breadcrumb","itemListElement":[{"@type":"ListItem","position":1,"name":"\u041f\u043e\u0447\u0435\u0442\u043d\u0430","item":"https:\/\/kt.gov.rs\/sq\/"},{"@type":"ListItem","position":2,"name":"NJOFTIM P\u00cbR MEDIA \u2013 05.12.2012."}]},{"@type":"WebSite","@id":"https:\/\/kt.gov.rs\/#website","url":"https:\/\/kt.gov.rs\/","name":"\u041a\u043e\u043e\u0440\u0434\u0438\u043d\u0430\u0446\u0438\u043e\u043d\u043e \u0442\u0435\u043b\u043e \u0412\u043b\u0430\u0434\u0435 \u0420\u0435\u043f\u0443\u0431\u043b\u0438\u043a\u0435 \u0421\u0440\u0431\u0438\u0458\u0435 \u0437\u0430 \u043e\u043f\u0448\u0442\u0438\u043d\u0435 \u041f\u0440\u0435\u0448\u0435\u0432\u043e, \u0411\u0443\u0458\u0430\u043d\u043e\u0432\u0430\u0446 \u0438 \u041c\u0435\u0434\u0432\u0435\u0452a","description":"","publisher":{"@id":"https:\/\/kt.gov.rs\/#organization"},"alternateName":"\u041a\u043e\u043e\u0440\u0434\u0438\u043d\u0430\u0446\u0438\u043e\u043d\u043e \u0442\u0435\u043b\u043e","potentialAction":[{"@type":"SearchAction","target":{"@type":"EntryPoint","urlTemplate":"https:\/\/kt.gov.rs\/?s={search_term_string}"},"query-input":{"@type":"PropertyValueSpecification","valueRequired":true,"valueName":"search_term_string"}}],"inLanguage":"sq-AL"},{"@type":"Organization","@id":"https:\/\/kt.gov.rs\/#organization","name":"\u041a\u043e\u043e\u0440\u0434\u0438\u043d\u0430\u0446\u0438\u043e\u043d\u043e \u0442\u0435\u043b\u043e \u0412\u043b\u0430\u0434\u0435 \u0420\u0435\u043f\u0443\u0431\u043b\u0438\u043a\u0435 \u0421\u0440\u0431\u0438\u0458\u0435 \u0437\u0430 \u043e\u043f\u0448\u0442\u0438\u043d\u0435 \u041f\u0440\u0435\u0448\u0435\u0432\u043e, \u0411\u0443\u0458\u0430\u043d\u043e\u0432\u0430\u0446 \u0438 \u041c\u0435\u0434\u0432\u0435\u0452a","alternateName":"\u041a\u043e\u043e\u0440\u0434\u0438\u043d\u0430\u0446\u0438\u043e\u043d\u043e \u0442\u0435\u043b\u043e","url":"https:\/\/kt.gov.rs\/","logo":{"@type":"ImageObject","inLanguage":"sq-AL","@id":"https:\/\/kt.gov.rs\/#\/schema\/logo\/image\/","url":"https:\/\/kt.gov.rs\/wp-content\/uploads\/2024\/12\/koord2.jpg","contentUrl":"https:\/\/kt.gov.rs\/wp-content\/uploads\/2024\/12\/koord2.jpg","width":640,"height":480,"caption":"\u041a\u043e\u043e\u0440\u0434\u0438\u043d\u0430\u0446\u0438\u043e\u043d\u043e \u0442\u0435\u043b\u043e \u0412\u043b\u0430\u0434\u0435 \u0420\u0435\u043f\u0443\u0431\u043b\u0438\u043a\u0435 \u0421\u0440\u0431\u0438\u0458\u0435 \u0437\u0430 \u043e\u043f\u0448\u0442\u0438\u043d\u0435 \u041f\u0440\u0435\u0448\u0435\u0432\u043e, \u0411\u0443\u0458\u0430\u043d\u043e\u0432\u0430\u0446 \u0438 \u041c\u0435\u0434\u0432\u0435\u0452a"},"image":{"@id":"https:\/\/kt.gov.rs\/#\/schema\/logo\/image\/"},"sameAs":["https:\/\/www.facebook.com\/SluzbaKoordinacionogTelaVladeRepublikeSrbije","https:\/\/x.com\/kt_gov","https:\/\/www.youtube.com\/@koordinacionotelo"]},{"@type":"Person","@id":"https:\/\/kt.gov.rs\/#\/schema\/person\/e426459ddb4173309103390602694571","name":"ktmin","image":{"@type":"ImageObject","inLanguage":"sq-AL","@id":"https:\/\/secure.gravatar.com\/avatar\/3985c961109853010c3fbc7ba30365bfba5db3dd6c525831d9c595c7525a615a?s=96&d=mm&r=g","url":"https:\/\/secure.gravatar.com\/avatar\/3985c961109853010c3fbc7ba30365bfba5db3dd6c525831d9c595c7525a615a?s=96&d=mm&r=g","contentUrl":"https:\/\/secure.gravatar.com\/avatar\/3985c961109853010c3fbc7ba30365bfba5db3dd6c525831d9c595c7525a615a?s=96&d=mm&r=g","caption":"ktmin"},"sameAs":["https:\/\/kt.gov.rs"],"url":"https:\/\/kt.gov.rs\/sq\/author\/ktmin\/"}]}},"_links":{"self":[{"href":"https:\/\/kt.gov.rs\/sq\/wp-json\/wp\/v2\/posts\/141768","targetHints":{"allow":["GET"]}}],"collection":[{"href":"https:\/\/kt.gov.rs\/sq\/wp-json\/wp\/v2\/posts"}],"about":[{"href":"https:\/\/kt.gov.rs\/sq\/wp-json\/wp\/v2\/types\/post"}],"author":[{"embeddable":true,"href":"https:\/\/kt.gov.rs\/sq\/wp-json\/wp\/v2\/users\/1"}],"replies":[{"embeddable":true,"href":"https:\/\/kt.gov.rs\/sq\/wp-json\/wp\/v2\/comments?post=141768"}],"version-history":[{"count":0,"href":"https:\/\/kt.gov.rs\/sq\/wp-json\/wp\/v2\/posts\/141768\/revisions"}],"wp:attachment":[{"href":"https:\/\/kt.gov.rs\/sq\/wp-json\/wp\/v2\/media?parent=141768"}],"wp:term":[{"taxonomy":"category","embeddable":true,"href":"https:\/\/kt.gov.rs\/sq\/wp-json\/wp\/v2\/categories?post=141768"},{"taxonomy":"post_tag","embeddable":true,"href":"https:\/\/kt.gov.rs\/sq\/wp-json\/wp\/v2\/tags?post=141768"}],"curies":[{"name":"wp","href":"https:\/\/api.w.org\/{rel}","templated":true}]}}