{"id":141759,"date":"2012-12-10T00:00:00","date_gmt":"2012-12-10T00:00:00","guid":{"rendered":"http:\/\/kt.printandscreen.rs\/kryetari-i-trupit-koordinues-per-komunat-presheve-bujanoc-dhe-medvegje-zoran-stankoviq-vizitoi-studentet-te-cilet-fituan-bursa-nga-ky-organ\/"},"modified":"2024-07-30T20:17:28","modified_gmt":"2024-07-30T20:17:28","slug":"kryetari-i-trupit-koordinues-per-komunat-presheve-bujanoc-dhe-medvegje-zoran-stankoviq-vizitoi-studentet-te-cilet-fituan-bursa-nga-ky-organ","status":"publish","type":"post","link":"https:\/\/kt.gov.rs\/sq\/kryetari-i-trupit-koordinues-per-komunat-presheve-bujanoc-dhe-medvegje-zoran-stankoviq-vizitoi-studentet-te-cilet-fituan-bursa-nga-ky-organ\/","title":{"rendered":"KRYETARI I TRUPIT KOORDINUES P\u00cbR KOMUNAT PRESHEV\u00cb, BUJANOC DHE MEDVEGJ\u00cb, ZORAN STANKOVIQ VIZITOI STUDENT\u00cbT, T\u00cb CIL\u00cbT FITUAN BURSA NGA KY ORGAN"},"content":{"rendered":"<p>\n\t<img decoding=\"async\" alt=\"\" src=\"https:\/\/kt.gov.rs\/wp-content\/uploads\/2024\/07\/newspic722v-4.jpg\" style=\"width: 315px; height: 180px; float: left;\" \/>Kryetari i Trupit Koordinues p\u00ebr komunat Preshev\u00eb, Bujanoc dhe Medvegj\u00eb, Zoran Stankoviq, ka vizituar gjenerat\u00ebn e par\u00eb dhe t\u00eb dyt\u00eb t\u00eb bursist\u00ebve t\u00eb Trupit Koordinues, t\u00eb cil\u00ebt studiojn\u00eb n\u00eb Universitetin e Novi Sadit. Stankoviq u takua me 30 student\u00ebt dhe gjat\u00eb bised\u00ebs me ta, rektorin Mirosllav Veskoviq, dekan\u00ebt dhe prodekan\u00ebt u informua rreth p\u00ebrvojave t\u00eb t\u00eb rinj\u00ebve, q\u00eb vijn\u00eb nga k\u00ebto tri komuna, kushtet e studimeve dhe integrimin e tyre n\u00eb mjedisin e ri.<\/p>\n<p>\n\tN\u00eb gjenerat\u00ebn e par\u00eb jan\u00eb regjistruar 11 student\u00eb nga komunat Preshev\u00eb, Bujanoce dhe Medvegj\u00eb, derisa kushtin e kan\u00eb arritur 9 prej tyre, nd\u00ebrsa n\u00eb vitin akademik\u00a0 2012-2013 studimet i kan\u00eb filluar 21 brucosh\u00eb. Bursist\u00ebt e Trupit Koordinues studiojn\u00eb n\u00eb tet\u00eb fakultete: n\u00eb fakultetin filizofik, n\u00eb fakultetin natyror-matematikor, e mjek\u00ebsis\u00eb, juridik, ekonomik, fakultetin e shkencave teknike, sportit dhe edukat\u00ebs fizike dhe n\u00eb fakultetin e akademis\u00eb e arteve.<\/p>\n<p>\n\tRektori i Universitetit t\u00eb Novi Sadit, Mirosllav Veskoviq ka falenderuar Trupin Koordinues p\u00ebr ndihm\u00ebn e madhe q\u00eb ka dh\u00ebn\u00eb p\u00ebr t\u00eb mund\u00ebsuar studimin e student\u00ebve shqiptar\u00eb dhe t\u00eb nacionaliteteve tjera dhe ka shprehur shpres\u00ebn se student\u00ebt do t\u00eb p\u00ebrfundojn\u00eb studimet me sukses dhe do t&#39;i sjellin p\u00ebrparim jo vetem vendit prej t\u00eb cilit vijn\u00eb, po edhe shoq\u00ebris\u00eb n\u00eb p\u00ebrgjith\u00ebsi.<\/p>\n<p>\n\tKy lloj bashk\u00ebpunimi \u00ebsht\u00eb shum\u00eb i r\u00ebnd\u00ebsish\u00ebm, nga vet fakti q\u00eb n\u00eb fakultetet e Universitetit t\u00eb Novi Sadit tani studiojn\u00eb 30 student\u00eb nga Presheva, Bujanoci dhe Medvegja, si dhe nga vet suksesi q\u00eb e kan\u00eb arritur gjenerata e par\u00eb dhe fakti q\u00eb p\u00ebr burs\u00eb t\u00eb Trupit Koordinues n\u00eb gjenerat\u00ebn e dyt\u00eb kan\u00eb konkuruar 48 t\u00eb rinj\u00eb nga ajo rrethin\u00eb, pra \u00ebsht\u00eb nj\u00eb shtytje e madhe, q\u00eb t\u00eb vazhdojm\u00eb me pun\u00ebn ton\u00eb, \u00a0theksoi Zoran Stankoviq.<\/p>\n<p>\n\t\u00a0\u201eGjat\u00eb gjith\u00eb k\u00ebsaj kohe student\u00ebt nuk kan\u00eb pasur asnj\u00eb problem, p\u00ebrkundrazi kan\u00eb krijuar shoq\u00ebri dhe kontakte\u00a0 t\u00eb reja, dhe pritet q\u00eb vitin e ardhsh\u00ebm akademik t\u00eb lajm\u00ebrohet nj\u00eb num\u00ebr m\u00eb i madh i t\u00eb interesuar\u00ebve nga komunat Preshev\u00eb, Bujanoc dhe Medvegj\u00eb p\u00ebr studime n\u00eb UNS-it \u201e ka th\u00ebn\u00eb Stankoviq.<\/p>\n<p>\n\tKryetari i Trupit Koordinues ve\u00e7an\u00ebrisht ka fal\u00ebnderuar rektorin dhe dekan\u00ebt e fakultetve n\u00eb angazhimin dhe ndihm\u00ebn e tyre q\u00eb kan\u00eb dh\u00ebn\u00eb p\u00ebr tejkalimin t\u00eb v\u00ebshtir\u00ebsive apo barijerave gjuh\u00ebsore, e cila ka b\u00ebr\u00eb q\u00eb k\u00ebta t\u00eb rinj t\u00eb ndihen si n\u00eb sht\u00ebpit\u00eb e tyre.<\/p>\n<p>\n\tStudenjta e vitit t\u00eb dyt\u00eb\u00a0 n\u00eb PMF, Dafina Aliju, ka th\u00ebn\u00eb se \u00ebsht\u00eb shum\u00eb e k\u00ebnaqur q\u00eb me sukses ka p\u00ebrfunduar vitin e par\u00eb dhe ka arritur q\u00eb t\u00eb regjitstroj\u00eb vitin e dyt\u00eb.<\/p>\n<p>\n\t\u201eShum\u00eb mir\u00eb jam adaptuar n\u00eb mjedin e ri, n\u00eb qytetin dhe shoq\u00ebrin\u00eb multietnike e cila nuk dallon nga e jona, por m\u00ebnyra se si funksionon kjo g\u00eb k\u00ebtu \u00ebsht\u00eb shum\u00eb m\u00eb e mir\u00eb. P\u00ebr k\u00ebt\u00eb kisha dashur q\u00eb gjith\u00eb p\u00ebrvoj\u00ebn dhe shprehit\u00eb e fituara nes\u00ebr, kur t\u00eb kthehemi t&#39;i zbatojm\u00eb edhe atje, q\u00eb gendja n\u00eb shoq\u00ebrin\u00eb ton\u00eb multietnike t\u00eb jet\u00eb m\u00eb e mir\u00eb\u201c<\/p>\n<p>\n\tP\u00ebrfaq\u00ebsuesja e gjenerat\u00ebs s\u00eb dyt\u00eb, Millica Stojanoviq, ka th\u00ebn\u00eb se q\u00eb tre muaj \u00ebsht\u00eb studente e fakultetit Juridik n\u00eb drejtimin e Pun\u00ebve t\u00eb Brendshme, dhe ka arritur bashk\u00ebpunim t\u00eb mir\u00eb me profesor\u00ebt, k\u00ebshtu q\u00eb si ajo edhe koleget e saja jan\u00eb adaptuar shk\u00eblqyesh\u00ebm k\u00ebtu. Ajo t\u00eb gjith\u00ebve i \u00ebsht\u00eb fal\u00ebnderuar p\u00ebr p\u00ebrkrahjen, e cila si p\u00ebr at\u00eb ashtu\u00a0 edhe p\u00ebr t\u00eb gjith\u00eb student\u00ebt nga jugu \u00ebsht\u00eb shum\u00eb e vlefshme.<\/p>\n<p>\n\tStankoviq theksoi se dialogu dhe mir\u00ebkuptimi mes njer\u00ebzve t\u00eb cil\u00ebt jetojn\u00eb dhe punojn\u00eb n\u00eb nj\u00eb hap\u00ebsir\u00eb jan\u00eb shum\u00eb t\u00eb r\u00ebnd\u00ebsish\u00ebm, se n\u00ebse mungojn\u00eb k\u00ebto dy gj\u00ebra, at\u00ebher\u00eb \u00ebsht\u00eb shum\u00eb v\u00ebshtir\u00eb t\u00eb realizojm\u00eb cilindo politik\u00eb, qoft\u00eb edhe politik\u00ebn e pajtimit dhe p\u00ebrparimit t\u00eb mjedisit ton\u00eb. Stankoviq theksoi se nj\u00ebri prej prioriteteve \u00ebsht\u00eb edhe zgjidhja e problemeve themelore ekenomike, siq jan\u00eb papun\u00ebsia dhe mungesa e investimeve, nd\u00ebrsa t\u00eb rinj\u00ebt q\u00eb kryejn\u00eb studimet n\u00eb UNS-it sigurisht me p\u00ebrvojat dhe diturit\u00eb e tyre do t\u00eb kontribuojn\u00eb\u00a0 q\u00eb gradualisht t\u00eb zgjidhen k\u00ebto probleme, e me pun\u00ebn e tyre do t&#39;i sigurojn\u00eb nj\u00eb jet\u00eb m\u00eb t\u00eb mir\u00eb qytetar\u00ebve q\u00eb jetojn\u00eb n\u00eb at\u00eb zon\u00eb.<\/p>\n","protected":false},"excerpt":{"rendered":"<p>Kryetari i Trupit Koordinues p\u00ebr komunat Preshev\u00eb, Bujanoc dhe Medvegj\u00eb, Zoran Stankoviq, ka vizituar gjenerat\u00ebn e par\u00eb dhe t\u00eb dyt\u00eb t\u00eb bursist\u00ebve t\u00eb Trupit Koordinues, t\u00eb cil\u00ebt studiojn\u00eb n\u00eb Universitetin e Novi Sadit. Stankoviq u takua me 30 student\u00ebt dhe gjat\u00eb bised\u00ebs me ta, rektorin Mirosllav Veskoviq, dekan\u00ebt dhe prodekan\u00ebt u informua rreth p\u00ebrvojave t\u00eb t\u00eb rinj\u00ebve, q\u00eb vijn\u00eb nga k\u00ebto tri komuna, kushtet e studimeve dhe integrimin e tyre n\u00eb mjedisin e ri.<\/p>\n","protected":false},"author":1,"featured_media":141764,"comment_status":"closed","ping_status":"closed","sticky":false,"template":"","format":"standard","meta":{"footnotes":""},"categories":[55],"tags":[],"class_list":["post-141759","post","type-post","status-publish","format-standard","has-post-thumbnail","hentry","category-lajme"],"yoast_head":"<!-- This site is optimized with the Yoast SEO plugin v27.5 - https:\/\/yoast.com\/product\/yoast-seo-wordpress\/ -->\n<title>KRYETARI I TRUPIT KOORDINUES P\u00cbR KOMUNAT PRESHEV\u00cb, BUJANOC DHE MEDVEGJ\u00cb, ZORAN STANKOVIQ VIZITOI STUDENT\u00cbT, T\u00cb CIL\u00cbT FITUAN BURSA NGA KY ORGAN - Republika e S\u00ebrbis\u00eb Trupi Koordinues p\u00ebr komunat Bujanoc, Preshev\u00eb dhe Medvegj\u00eb<\/title>\n<meta name=\"robots\" content=\"index, follow, max-snippet:-1, max-image-preview:large, max-video-preview:-1\" \/>\n<link rel=\"canonical\" href=\"https:\/\/kt.gov.rs\/sq\/kryetari-i-trupit-koordinues-per-komunat-presheve-bujanoc-dhe-medvegje-zoran-stankoviq-vizitoi-studentet-te-cilet-fituan-bursa-nga-ky-organ\/\" \/>\n<meta property=\"og:locale\" content=\"sq_AL\" \/>\n<meta property=\"og:type\" content=\"article\" \/>\n<meta property=\"og:title\" content=\"KRYETARI I TRUPIT KOORDINUES P\u00cbR KOMUNAT PRESHEV\u00cb, BUJANOC DHE MEDVEGJ\u00cb, ZORAN STANKOVIQ VIZITOI STUDENT\u00cbT, T\u00cb CIL\u00cbT FITUAN BURSA NGA KY ORGAN - Republika e S\u00ebrbis\u00eb Trupi Koordinues p\u00ebr komunat Bujanoc, Preshev\u00eb dhe Medvegj\u00eb\" \/>\n<meta property=\"og:description\" content=\"Kryetari i Trupit Koordinues p\u00ebr komunat Preshev\u00eb, Bujanoc dhe Medvegj\u00eb, Zoran Stankoviq, ka vizituar gjenerat\u00ebn e par\u00eb dhe t\u00eb dyt\u00eb t\u00eb bursist\u00ebve t\u00eb Trupit Koordinues, t\u00eb cil\u00ebt studiojn\u00eb n\u00eb Universitetin e Novi Sadit. Stankoviq u takua me 30 student\u00ebt dhe gjat\u00eb bised\u00ebs me ta, rektorin Mirosllav Veskoviq, dekan\u00ebt dhe prodekan\u00ebt u informua rreth p\u00ebrvojave t\u00eb t\u00eb rinj\u00ebve, q\u00eb vijn\u00eb nga k\u00ebto tri komuna, kushtet e studimeve dhe integrimin e tyre n\u00eb mjedisin e ri.\" \/>\n<meta property=\"og:url\" content=\"https:\/\/kt.gov.rs\/sq\/kryetari-i-trupit-koordinues-per-komunat-presheve-bujanoc-dhe-medvegje-zoran-stankoviq-vizitoi-studentet-te-cilet-fituan-bursa-nga-ky-organ\/\" \/>\n<meta property=\"og:site_name\" content=\"Republika e S\u00ebrbis\u00eb Trupi Koordinues p\u00ebr komunat Bujanoc, Preshev\u00eb dhe Medvegj\u00eb\" \/>\n<meta property=\"article:publisher\" content=\"https:\/\/www.facebook.com\/SluzbaKoordinacionogTelaVladeRepublikeSrbije\" \/>\n<meta property=\"article:published_time\" content=\"2012-12-10T00:00:00+00:00\" \/>\n<meta property=\"article:modified_time\" content=\"2024-07-30T20:17:28+00:00\" \/>\n<meta property=\"og:image\" content=\"https:\/\/kt.gov.rs\/wp-content\/uploads\/2024\/07\/newspic722v-5.jpg\" \/>\n\t<meta property=\"og:image:width\" content=\"315\" \/>\n\t<meta property=\"og:image:height\" content=\"180\" \/>\n\t<meta property=\"og:image:type\" content=\"image\/jpeg\" \/>\n<meta name=\"author\" content=\"ktmin\" \/>\n<meta name=\"twitter:card\" content=\"summary_large_image\" \/>\n<meta name=\"twitter:creator\" content=\"@kt_gov\" \/>\n<meta name=\"twitter:site\" content=\"@kt_gov\" \/>\n<meta name=\"twitter:label1\" content=\"Written by\" \/>\n\t<meta name=\"twitter:data1\" content=\"ktmin\" \/>\n\t<meta name=\"twitter:label2\" content=\"Est. reading time\" \/>\n\t<meta name=\"twitter:data2\" content=\"5 minutes\" \/>\n<script type=\"application\/ld+json\" class=\"yoast-schema-graph\">{\"@context\":\"https:\\\/\\\/schema.org\",\"@graph\":[{\"@type\":\"Article\",\"@id\":\"https:\\\/\\\/kt.gov.rs\\\/sq\\\/kryetari-i-trupit-koordinues-per-komunat-presheve-bujanoc-dhe-medvegje-zoran-stankoviq-vizitoi-studentet-te-cilet-fituan-bursa-nga-ky-organ\\\/#article\",\"isPartOf\":{\"@id\":\"https:\\\/\\\/kt.gov.rs\\\/sq\\\/kryetari-i-trupit-koordinues-per-komunat-presheve-bujanoc-dhe-medvegje-zoran-stankoviq-vizitoi-studentet-te-cilet-fituan-bursa-nga-ky-organ\\\/\"},\"author\":{\"name\":\"ktmin\",\"@id\":\"https:\\\/\\\/kt.gov.rs\\\/#\\\/schema\\\/person\\\/e426459ddb4173309103390602694571\"},\"headline\":\"KRYETARI I TRUPIT KOORDINUES P\u00cbR KOMUNAT PRESHEV\u00cb, BUJANOC DHE MEDVEGJ\u00cb, ZORAN STANKOVIQ VIZITOI STUDENT\u00cbT, T\u00cb CIL\u00cbT FITUAN BURSA NGA KY ORGAN\",\"datePublished\":\"2012-12-10T00:00:00+00:00\",\"dateModified\":\"2024-07-30T20:17:28+00:00\",\"mainEntityOfPage\":{\"@id\":\"https:\\\/\\\/kt.gov.rs\\\/sq\\\/kryetari-i-trupit-koordinues-per-komunat-presheve-bujanoc-dhe-medvegje-zoran-stankoviq-vizitoi-studentet-te-cilet-fituan-bursa-nga-ky-organ\\\/\"},\"wordCount\":1092,\"publisher\":{\"@id\":\"https:\\\/\\\/kt.gov.rs\\\/#organization\"},\"image\":{\"@id\":\"https:\\\/\\\/kt.gov.rs\\\/sq\\\/kryetari-i-trupit-koordinues-per-komunat-presheve-bujanoc-dhe-medvegje-zoran-stankoviq-vizitoi-studentet-te-cilet-fituan-bursa-nga-ky-organ\\\/#primaryimage\"},\"thumbnailUrl\":\"https:\\\/\\\/kt.gov.rs\\\/wp-content\\\/uploads\\\/2024\\\/07\\\/newspic722v-5.jpg\",\"articleSection\":[\"Lajme\"],\"inLanguage\":\"sq-AL\"},{\"@type\":\"WebPage\",\"@id\":\"https:\\\/\\\/kt.gov.rs\\\/sq\\\/kryetari-i-trupit-koordinues-per-komunat-presheve-bujanoc-dhe-medvegje-zoran-stankoviq-vizitoi-studentet-te-cilet-fituan-bursa-nga-ky-organ\\\/\",\"url\":\"https:\\\/\\\/kt.gov.rs\\\/sq\\\/kryetari-i-trupit-koordinues-per-komunat-presheve-bujanoc-dhe-medvegje-zoran-stankoviq-vizitoi-studentet-te-cilet-fituan-bursa-nga-ky-organ\\\/\",\"name\":\"KRYETARI I TRUPIT KOORDINUES P\u00cbR KOMUNAT PRESHEV\u00cb, BUJANOC DHE MEDVEGJ\u00cb, ZORAN STANKOVIQ VIZITOI STUDENT\u00cbT, T\u00cb CIL\u00cbT FITUAN BURSA NGA KY ORGAN - Republika e S\u00ebrbis\u00eb Trupi Koordinues p\u00ebr komunat Bujanoc, Preshev\u00eb dhe Medvegj\u00eb\",\"isPartOf\":{\"@id\":\"https:\\\/\\\/kt.gov.rs\\\/#website\"},\"primaryImageOfPage\":{\"@id\":\"https:\\\/\\\/kt.gov.rs\\\/sq\\\/kryetari-i-trupit-koordinues-per-komunat-presheve-bujanoc-dhe-medvegje-zoran-stankoviq-vizitoi-studentet-te-cilet-fituan-bursa-nga-ky-organ\\\/#primaryimage\"},\"image\":{\"@id\":\"https:\\\/\\\/kt.gov.rs\\\/sq\\\/kryetari-i-trupit-koordinues-per-komunat-presheve-bujanoc-dhe-medvegje-zoran-stankoviq-vizitoi-studentet-te-cilet-fituan-bursa-nga-ky-organ\\\/#primaryimage\"},\"thumbnailUrl\":\"https:\\\/\\\/kt.gov.rs\\\/wp-content\\\/uploads\\\/2024\\\/07\\\/newspic722v-5.jpg\",\"datePublished\":\"2012-12-10T00:00:00+00:00\",\"dateModified\":\"2024-07-30T20:17:28+00:00\",\"breadcrumb\":{\"@id\":\"https:\\\/\\\/kt.gov.rs\\\/sq\\\/kryetari-i-trupit-koordinues-per-komunat-presheve-bujanoc-dhe-medvegje-zoran-stankoviq-vizitoi-studentet-te-cilet-fituan-bursa-nga-ky-organ\\\/#breadcrumb\"},\"inLanguage\":\"sq-AL\",\"potentialAction\":[{\"@type\":\"ReadAction\",\"target\":[\"https:\\\/\\\/kt.gov.rs\\\/sq\\\/kryetari-i-trupit-koordinues-per-komunat-presheve-bujanoc-dhe-medvegje-zoran-stankoviq-vizitoi-studentet-te-cilet-fituan-bursa-nga-ky-organ\\\/\"]}]},{\"@type\":\"ImageObject\",\"inLanguage\":\"sq-AL\",\"@id\":\"https:\\\/\\\/kt.gov.rs\\\/sq\\\/kryetari-i-trupit-koordinues-per-komunat-presheve-bujanoc-dhe-medvegje-zoran-stankoviq-vizitoi-studentet-te-cilet-fituan-bursa-nga-ky-organ\\\/#primaryimage\",\"url\":\"https:\\\/\\\/kt.gov.rs\\\/wp-content\\\/uploads\\\/2024\\\/07\\\/newspic722v-5.jpg\",\"contentUrl\":\"https:\\\/\\\/kt.gov.rs\\\/wp-content\\\/uploads\\\/2024\\\/07\\\/newspic722v-5.jpg\",\"width\":315,\"height\":180},{\"@type\":\"BreadcrumbList\",\"@id\":\"https:\\\/\\\/kt.gov.rs\\\/sq\\\/kryetari-i-trupit-koordinues-per-komunat-presheve-bujanoc-dhe-medvegje-zoran-stankoviq-vizitoi-studentet-te-cilet-fituan-bursa-nga-ky-organ\\\/#breadcrumb\",\"itemListElement\":[{\"@type\":\"ListItem\",\"position\":1,\"name\":\"\u041f\u043e\u0447\u0435\u0442\u043d\u0430\",\"item\":\"https:\\\/\\\/kt.gov.rs\\\/sq\\\/\"},{\"@type\":\"ListItem\",\"position\":2,\"name\":\"KRYETARI I TRUPIT KOORDINUES P\u00cbR KOMUNAT PRESHEV\u00cb, BUJANOC DHE MEDVEGJ\u00cb, ZORAN STANKOVIQ VIZITOI STUDENT\u00cbT, T\u00cb CIL\u00cbT FITUAN BURSA NGA KY ORGAN\"}]},{\"@type\":\"WebSite\",\"@id\":\"https:\\\/\\\/kt.gov.rs\\\/#website\",\"url\":\"https:\\\/\\\/kt.gov.rs\\\/\",\"name\":\"\u041a\u043e\u043e\u0440\u0434\u0438\u043d\u0430\u0446\u0438\u043e\u043d\u043e \u0442\u0435\u043b\u043e \u0412\u043b\u0430\u0434\u0435 \u0420\u0435\u043f\u0443\u0431\u043b\u0438\u043a\u0435 \u0421\u0440\u0431\u0438\u0458\u0435 \u0437\u0430 \u043e\u043f\u0448\u0442\u0438\u043d\u0435 \u041f\u0440\u0435\u0448\u0435\u0432\u043e, \u0411\u0443\u0458\u0430\u043d\u043e\u0432\u0430\u0446 \u0438 \u041c\u0435\u0434\u0432\u0435\u0452a\",\"description\":\"\",\"publisher\":{\"@id\":\"https:\\\/\\\/kt.gov.rs\\\/#organization\"},\"alternateName\":\"\u041a\u043e\u043e\u0440\u0434\u0438\u043d\u0430\u0446\u0438\u043e\u043d\u043e \u0442\u0435\u043b\u043e\",\"potentialAction\":[{\"@type\":\"SearchAction\",\"target\":{\"@type\":\"EntryPoint\",\"urlTemplate\":\"https:\\\/\\\/kt.gov.rs\\\/?s={search_term_string}\"},\"query-input\":{\"@type\":\"PropertyValueSpecification\",\"valueRequired\":true,\"valueName\":\"search_term_string\"}}],\"inLanguage\":\"sq-AL\"},{\"@type\":\"Organization\",\"@id\":\"https:\\\/\\\/kt.gov.rs\\\/#organization\",\"name\":\"\u041a\u043e\u043e\u0440\u0434\u0438\u043d\u0430\u0446\u0438\u043e\u043d\u043e \u0442\u0435\u043b\u043e \u0412\u043b\u0430\u0434\u0435 \u0420\u0435\u043f\u0443\u0431\u043b\u0438\u043a\u0435 \u0421\u0440\u0431\u0438\u0458\u0435 \u0437\u0430 \u043e\u043f\u0448\u0442\u0438\u043d\u0435 \u041f\u0440\u0435\u0448\u0435\u0432\u043e, \u0411\u0443\u0458\u0430\u043d\u043e\u0432\u0430\u0446 \u0438 \u041c\u0435\u0434\u0432\u0435\u0452a\",\"alternateName\":\"\u041a\u043e\u043e\u0440\u0434\u0438\u043d\u0430\u0446\u0438\u043e\u043d\u043e \u0442\u0435\u043b\u043e\",\"url\":\"https:\\\/\\\/kt.gov.rs\\\/\",\"logo\":{\"@type\":\"ImageObject\",\"inLanguage\":\"sq-AL\",\"@id\":\"https:\\\/\\\/kt.gov.rs\\\/#\\\/schema\\\/logo\\\/image\\\/\",\"url\":\"https:\\\/\\\/kt.gov.rs\\\/wp-content\\\/uploads\\\/2024\\\/12\\\/koord2.jpg\",\"contentUrl\":\"https:\\\/\\\/kt.gov.rs\\\/wp-content\\\/uploads\\\/2024\\\/12\\\/koord2.jpg\",\"width\":640,\"height\":480,\"caption\":\"\u041a\u043e\u043e\u0440\u0434\u0438\u043d\u0430\u0446\u0438\u043e\u043d\u043e \u0442\u0435\u043b\u043e \u0412\u043b\u0430\u0434\u0435 \u0420\u0435\u043f\u0443\u0431\u043b\u0438\u043a\u0435 \u0421\u0440\u0431\u0438\u0458\u0435 \u0437\u0430 \u043e\u043f\u0448\u0442\u0438\u043d\u0435 \u041f\u0440\u0435\u0448\u0435\u0432\u043e, \u0411\u0443\u0458\u0430\u043d\u043e\u0432\u0430\u0446 \u0438 \u041c\u0435\u0434\u0432\u0435\u0452a\"},\"image\":{\"@id\":\"https:\\\/\\\/kt.gov.rs\\\/#\\\/schema\\\/logo\\\/image\\\/\"},\"sameAs\":[\"https:\\\/\\\/www.facebook.com\\\/SluzbaKoordinacionogTelaVladeRepublikeSrbije\",\"https:\\\/\\\/x.com\\\/kt_gov\",\"https:\\\/\\\/www.youtube.com\\\/@koordinacionotelo\"]},{\"@type\":\"Person\",\"@id\":\"https:\\\/\\\/kt.gov.rs\\\/#\\\/schema\\\/person\\\/e426459ddb4173309103390602694571\",\"name\":\"ktmin\",\"image\":{\"@type\":\"ImageObject\",\"inLanguage\":\"sq-AL\",\"@id\":\"https:\\\/\\\/secure.gravatar.com\\\/avatar\\\/3985c961109853010c3fbc7ba30365bfba5db3dd6c525831d9c595c7525a615a?s=96&d=mm&r=g\",\"url\":\"https:\\\/\\\/secure.gravatar.com\\\/avatar\\\/3985c961109853010c3fbc7ba30365bfba5db3dd6c525831d9c595c7525a615a?s=96&d=mm&r=g\",\"contentUrl\":\"https:\\\/\\\/secure.gravatar.com\\\/avatar\\\/3985c961109853010c3fbc7ba30365bfba5db3dd6c525831d9c595c7525a615a?s=96&d=mm&r=g\",\"caption\":\"ktmin\"},\"sameAs\":[\"https:\\\/\\\/kt.gov.rs\"],\"url\":\"https:\\\/\\\/kt.gov.rs\\\/sq\\\/author\\\/ktmin\\\/\"}]}<\/script>\n<!-- \/ Yoast SEO plugin. -->","yoast_head_json":{"title":"KRYETARI I TRUPIT KOORDINUES P\u00cbR KOMUNAT PRESHEV\u00cb, BUJANOC DHE MEDVEGJ\u00cb, ZORAN STANKOVIQ VIZITOI STUDENT\u00cbT, T\u00cb CIL\u00cbT FITUAN BURSA NGA KY ORGAN - Republika e S\u00ebrbis\u00eb Trupi Koordinues p\u00ebr komunat Bujanoc, Preshev\u00eb dhe Medvegj\u00eb","robots":{"index":"index","follow":"follow","max-snippet":"max-snippet:-1","max-image-preview":"max-image-preview:large","max-video-preview":"max-video-preview:-1"},"canonical":"https:\/\/kt.gov.rs\/sq\/kryetari-i-trupit-koordinues-per-komunat-presheve-bujanoc-dhe-medvegje-zoran-stankoviq-vizitoi-studentet-te-cilet-fituan-bursa-nga-ky-organ\/","og_locale":"sq_AL","og_type":"article","og_title":"KRYETARI I TRUPIT KOORDINUES P\u00cbR KOMUNAT PRESHEV\u00cb, BUJANOC DHE MEDVEGJ\u00cb, ZORAN STANKOVIQ VIZITOI STUDENT\u00cbT, T\u00cb CIL\u00cbT FITUAN BURSA NGA KY ORGAN - Republika e S\u00ebrbis\u00eb Trupi Koordinues p\u00ebr komunat Bujanoc, Preshev\u00eb dhe Medvegj\u00eb","og_description":"Kryetari i Trupit Koordinues p\u00ebr komunat Preshev\u00eb, Bujanoc dhe Medvegj\u00eb, Zoran Stankoviq, ka vizituar gjenerat\u00ebn e par\u00eb dhe t\u00eb dyt\u00eb t\u00eb bursist\u00ebve t\u00eb Trupit Koordinues, t\u00eb cil\u00ebt studiojn\u00eb n\u00eb Universitetin e Novi Sadit. Stankoviq u takua me 30 student\u00ebt dhe gjat\u00eb bised\u00ebs me ta, rektorin Mirosllav Veskoviq, dekan\u00ebt dhe prodekan\u00ebt u informua rreth p\u00ebrvojave t\u00eb t\u00eb rinj\u00ebve, q\u00eb vijn\u00eb nga k\u00ebto tri komuna, kushtet e studimeve dhe integrimin e tyre n\u00eb mjedisin e ri.","og_url":"https:\/\/kt.gov.rs\/sq\/kryetari-i-trupit-koordinues-per-komunat-presheve-bujanoc-dhe-medvegje-zoran-stankoviq-vizitoi-studentet-te-cilet-fituan-bursa-nga-ky-organ\/","og_site_name":"Republika e S\u00ebrbis\u00eb Trupi Koordinues p\u00ebr komunat Bujanoc, Preshev\u00eb dhe Medvegj\u00eb","article_publisher":"https:\/\/www.facebook.com\/SluzbaKoordinacionogTelaVladeRepublikeSrbije","article_published_time":"2012-12-10T00:00:00+00:00","article_modified_time":"2024-07-30T20:17:28+00:00","og_image":[{"width":315,"height":180,"url":"https:\/\/kt.gov.rs\/wp-content\/uploads\/2024\/07\/newspic722v-5.jpg","type":"image\/jpeg"}],"author":"ktmin","twitter_card":"summary_large_image","twitter_creator":"@kt_gov","twitter_site":"@kt_gov","twitter_misc":{"Written by":"ktmin","Est. reading time":"5 minutes"},"schema":{"@context":"https:\/\/schema.org","@graph":[{"@type":"Article","@id":"https:\/\/kt.gov.rs\/sq\/kryetari-i-trupit-koordinues-per-komunat-presheve-bujanoc-dhe-medvegje-zoran-stankoviq-vizitoi-studentet-te-cilet-fituan-bursa-nga-ky-organ\/#article","isPartOf":{"@id":"https:\/\/kt.gov.rs\/sq\/kryetari-i-trupit-koordinues-per-komunat-presheve-bujanoc-dhe-medvegje-zoran-stankoviq-vizitoi-studentet-te-cilet-fituan-bursa-nga-ky-organ\/"},"author":{"name":"ktmin","@id":"https:\/\/kt.gov.rs\/#\/schema\/person\/e426459ddb4173309103390602694571"},"headline":"KRYETARI I TRUPIT KOORDINUES P\u00cbR KOMUNAT PRESHEV\u00cb, BUJANOC DHE MEDVEGJ\u00cb, ZORAN STANKOVIQ VIZITOI STUDENT\u00cbT, T\u00cb CIL\u00cbT FITUAN BURSA NGA KY ORGAN","datePublished":"2012-12-10T00:00:00+00:00","dateModified":"2024-07-30T20:17:28+00:00","mainEntityOfPage":{"@id":"https:\/\/kt.gov.rs\/sq\/kryetari-i-trupit-koordinues-per-komunat-presheve-bujanoc-dhe-medvegje-zoran-stankoviq-vizitoi-studentet-te-cilet-fituan-bursa-nga-ky-organ\/"},"wordCount":1092,"publisher":{"@id":"https:\/\/kt.gov.rs\/#organization"},"image":{"@id":"https:\/\/kt.gov.rs\/sq\/kryetari-i-trupit-koordinues-per-komunat-presheve-bujanoc-dhe-medvegje-zoran-stankoviq-vizitoi-studentet-te-cilet-fituan-bursa-nga-ky-organ\/#primaryimage"},"thumbnailUrl":"https:\/\/kt.gov.rs\/wp-content\/uploads\/2024\/07\/newspic722v-5.jpg","articleSection":["Lajme"],"inLanguage":"sq-AL"},{"@type":"WebPage","@id":"https:\/\/kt.gov.rs\/sq\/kryetari-i-trupit-koordinues-per-komunat-presheve-bujanoc-dhe-medvegje-zoran-stankoviq-vizitoi-studentet-te-cilet-fituan-bursa-nga-ky-organ\/","url":"https:\/\/kt.gov.rs\/sq\/kryetari-i-trupit-koordinues-per-komunat-presheve-bujanoc-dhe-medvegje-zoran-stankoviq-vizitoi-studentet-te-cilet-fituan-bursa-nga-ky-organ\/","name":"KRYETARI I TRUPIT KOORDINUES P\u00cbR KOMUNAT PRESHEV\u00cb, BUJANOC DHE MEDVEGJ\u00cb, ZORAN STANKOVIQ VIZITOI STUDENT\u00cbT, T\u00cb CIL\u00cbT FITUAN BURSA NGA KY ORGAN - Republika e S\u00ebrbis\u00eb Trupi Koordinues p\u00ebr komunat Bujanoc, Preshev\u00eb dhe Medvegj\u00eb","isPartOf":{"@id":"https:\/\/kt.gov.rs\/#website"},"primaryImageOfPage":{"@id":"https:\/\/kt.gov.rs\/sq\/kryetari-i-trupit-koordinues-per-komunat-presheve-bujanoc-dhe-medvegje-zoran-stankoviq-vizitoi-studentet-te-cilet-fituan-bursa-nga-ky-organ\/#primaryimage"},"image":{"@id":"https:\/\/kt.gov.rs\/sq\/kryetari-i-trupit-koordinues-per-komunat-presheve-bujanoc-dhe-medvegje-zoran-stankoviq-vizitoi-studentet-te-cilet-fituan-bursa-nga-ky-organ\/#primaryimage"},"thumbnailUrl":"https:\/\/kt.gov.rs\/wp-content\/uploads\/2024\/07\/newspic722v-5.jpg","datePublished":"2012-12-10T00:00:00+00:00","dateModified":"2024-07-30T20:17:28+00:00","breadcrumb":{"@id":"https:\/\/kt.gov.rs\/sq\/kryetari-i-trupit-koordinues-per-komunat-presheve-bujanoc-dhe-medvegje-zoran-stankoviq-vizitoi-studentet-te-cilet-fituan-bursa-nga-ky-organ\/#breadcrumb"},"inLanguage":"sq-AL","potentialAction":[{"@type":"ReadAction","target":["https:\/\/kt.gov.rs\/sq\/kryetari-i-trupit-koordinues-per-komunat-presheve-bujanoc-dhe-medvegje-zoran-stankoviq-vizitoi-studentet-te-cilet-fituan-bursa-nga-ky-organ\/"]}]},{"@type":"ImageObject","inLanguage":"sq-AL","@id":"https:\/\/kt.gov.rs\/sq\/kryetari-i-trupit-koordinues-per-komunat-presheve-bujanoc-dhe-medvegje-zoran-stankoviq-vizitoi-studentet-te-cilet-fituan-bursa-nga-ky-organ\/#primaryimage","url":"https:\/\/kt.gov.rs\/wp-content\/uploads\/2024\/07\/newspic722v-5.jpg","contentUrl":"https:\/\/kt.gov.rs\/wp-content\/uploads\/2024\/07\/newspic722v-5.jpg","width":315,"height":180},{"@type":"BreadcrumbList","@id":"https:\/\/kt.gov.rs\/sq\/kryetari-i-trupit-koordinues-per-komunat-presheve-bujanoc-dhe-medvegje-zoran-stankoviq-vizitoi-studentet-te-cilet-fituan-bursa-nga-ky-organ\/#breadcrumb","itemListElement":[{"@type":"ListItem","position":1,"name":"\u041f\u043e\u0447\u0435\u0442\u043d\u0430","item":"https:\/\/kt.gov.rs\/sq\/"},{"@type":"ListItem","position":2,"name":"KRYETARI I TRUPIT KOORDINUES P\u00cbR KOMUNAT PRESHEV\u00cb, BUJANOC DHE MEDVEGJ\u00cb, ZORAN STANKOVIQ VIZITOI STUDENT\u00cbT, T\u00cb CIL\u00cbT FITUAN BURSA NGA KY ORGAN"}]},{"@type":"WebSite","@id":"https:\/\/kt.gov.rs\/#website","url":"https:\/\/kt.gov.rs\/","name":"\u041a\u043e\u043e\u0440\u0434\u0438\u043d\u0430\u0446\u0438\u043e\u043d\u043e \u0442\u0435\u043b\u043e \u0412\u043b\u0430\u0434\u0435 \u0420\u0435\u043f\u0443\u0431\u043b\u0438\u043a\u0435 \u0421\u0440\u0431\u0438\u0458\u0435 \u0437\u0430 \u043e\u043f\u0448\u0442\u0438\u043d\u0435 \u041f\u0440\u0435\u0448\u0435\u0432\u043e, \u0411\u0443\u0458\u0430\u043d\u043e\u0432\u0430\u0446 \u0438 \u041c\u0435\u0434\u0432\u0435\u0452a","description":"","publisher":{"@id":"https:\/\/kt.gov.rs\/#organization"},"alternateName":"\u041a\u043e\u043e\u0440\u0434\u0438\u043d\u0430\u0446\u0438\u043e\u043d\u043e \u0442\u0435\u043b\u043e","potentialAction":[{"@type":"SearchAction","target":{"@type":"EntryPoint","urlTemplate":"https:\/\/kt.gov.rs\/?s={search_term_string}"},"query-input":{"@type":"PropertyValueSpecification","valueRequired":true,"valueName":"search_term_string"}}],"inLanguage":"sq-AL"},{"@type":"Organization","@id":"https:\/\/kt.gov.rs\/#organization","name":"\u041a\u043e\u043e\u0440\u0434\u0438\u043d\u0430\u0446\u0438\u043e\u043d\u043e \u0442\u0435\u043b\u043e \u0412\u043b\u0430\u0434\u0435 \u0420\u0435\u043f\u0443\u0431\u043b\u0438\u043a\u0435 \u0421\u0440\u0431\u0438\u0458\u0435 \u0437\u0430 \u043e\u043f\u0448\u0442\u0438\u043d\u0435 \u041f\u0440\u0435\u0448\u0435\u0432\u043e, \u0411\u0443\u0458\u0430\u043d\u043e\u0432\u0430\u0446 \u0438 \u041c\u0435\u0434\u0432\u0435\u0452a","alternateName":"\u041a\u043e\u043e\u0440\u0434\u0438\u043d\u0430\u0446\u0438\u043e\u043d\u043e \u0442\u0435\u043b\u043e","url":"https:\/\/kt.gov.rs\/","logo":{"@type":"ImageObject","inLanguage":"sq-AL","@id":"https:\/\/kt.gov.rs\/#\/schema\/logo\/image\/","url":"https:\/\/kt.gov.rs\/wp-content\/uploads\/2024\/12\/koord2.jpg","contentUrl":"https:\/\/kt.gov.rs\/wp-content\/uploads\/2024\/12\/koord2.jpg","width":640,"height":480,"caption":"\u041a\u043e\u043e\u0440\u0434\u0438\u043d\u0430\u0446\u0438\u043e\u043d\u043e \u0442\u0435\u043b\u043e \u0412\u043b\u0430\u0434\u0435 \u0420\u0435\u043f\u0443\u0431\u043b\u0438\u043a\u0435 \u0421\u0440\u0431\u0438\u0458\u0435 \u0437\u0430 \u043e\u043f\u0448\u0442\u0438\u043d\u0435 \u041f\u0440\u0435\u0448\u0435\u0432\u043e, \u0411\u0443\u0458\u0430\u043d\u043e\u0432\u0430\u0446 \u0438 \u041c\u0435\u0434\u0432\u0435\u0452a"},"image":{"@id":"https:\/\/kt.gov.rs\/#\/schema\/logo\/image\/"},"sameAs":["https:\/\/www.facebook.com\/SluzbaKoordinacionogTelaVladeRepublikeSrbije","https:\/\/x.com\/kt_gov","https:\/\/www.youtube.com\/@koordinacionotelo"]},{"@type":"Person","@id":"https:\/\/kt.gov.rs\/#\/schema\/person\/e426459ddb4173309103390602694571","name":"ktmin","image":{"@type":"ImageObject","inLanguage":"sq-AL","@id":"https:\/\/secure.gravatar.com\/avatar\/3985c961109853010c3fbc7ba30365bfba5db3dd6c525831d9c595c7525a615a?s=96&d=mm&r=g","url":"https:\/\/secure.gravatar.com\/avatar\/3985c961109853010c3fbc7ba30365bfba5db3dd6c525831d9c595c7525a615a?s=96&d=mm&r=g","contentUrl":"https:\/\/secure.gravatar.com\/avatar\/3985c961109853010c3fbc7ba30365bfba5db3dd6c525831d9c595c7525a615a?s=96&d=mm&r=g","caption":"ktmin"},"sameAs":["https:\/\/kt.gov.rs"],"url":"https:\/\/kt.gov.rs\/sq\/author\/ktmin\/"}]}},"_links":{"self":[{"href":"https:\/\/kt.gov.rs\/sq\/wp-json\/wp\/v2\/posts\/141759","targetHints":{"allow":["GET"]}}],"collection":[{"href":"https:\/\/kt.gov.rs\/sq\/wp-json\/wp\/v2\/posts"}],"about":[{"href":"https:\/\/kt.gov.rs\/sq\/wp-json\/wp\/v2\/types\/post"}],"author":[{"embeddable":true,"href":"https:\/\/kt.gov.rs\/sq\/wp-json\/wp\/v2\/users\/1"}],"replies":[{"embeddable":true,"href":"https:\/\/kt.gov.rs\/sq\/wp-json\/wp\/v2\/comments?post=141759"}],"version-history":[{"count":1,"href":"https:\/\/kt.gov.rs\/sq\/wp-json\/wp\/v2\/posts\/141759\/revisions"}],"predecessor-version":[{"id":141763,"href":"https:\/\/kt.gov.rs\/sq\/wp-json\/wp\/v2\/posts\/141759\/revisions\/141763"}],"wp:featuredmedia":[{"embeddable":true,"href":"https:\/\/kt.gov.rs\/sq\/wp-json\/wp\/v2\/media\/141764"}],"wp:attachment":[{"href":"https:\/\/kt.gov.rs\/sq\/wp-json\/wp\/v2\/media?parent=141759"}],"wp:term":[{"taxonomy":"category","embeddable":true,"href":"https:\/\/kt.gov.rs\/sq\/wp-json\/wp\/v2\/categories?post=141759"},{"taxonomy":"post_tag","embeddable":true,"href":"https:\/\/kt.gov.rs\/sq\/wp-json\/wp\/v2\/tags?post=141759"}],"curies":[{"name":"wp","href":"https:\/\/api.w.org\/{rel}","templated":true}]}}