{"id":141748,"date":"2012-12-12T00:00:00","date_gmt":"2012-12-12T00:00:00","guid":{"rendered":"http:\/\/kt.printandscreen.rs\/te-rinjtl-ndihmojne-qendres-kolektive\/"},"modified":"2012-12-12T00:00:00","modified_gmt":"2012-12-12T00:00:00","slug":"te-rinjtl-ndihmojne-qendres-kolektive","status":"publish","type":"post","link":"https:\/\/kt.gov.rs\/sq\/te-rinjtl-ndihmojne-qendres-kolektive\/","title":{"rendered":"T\u00cb RINJTL NDIHMOJN\u00cb QENDR\u00cbS KOLEKTIVE"},"content":{"rendered":"<p>\n\t<strong>Burim: Gazeta popullore \u2013 Nish \/ <\/strong><strong>Bujanoc-<\/strong>Banor\u00ebt e qendr\u00ebs kolektive \u201cSalvatore\u201d n\u00eb Bujanoc kan\u00eb marr\u00eb pakete me garderob t\u00eb dimrit. Me rastin e 5. dhjetorit dit\u00ebs nd\u00ebrkomb\u00ebtare t\u00eb vullnetarve, pjesmarrsit e programit t\u00eb\u00a0 YouthBuild i kan\u00eb ndar\u00eb ndihma t\u00eb cilat i kan\u00eb grumbulluar gjat\u00eb aksionit humanitar.<\/p>\n<p>\n\tGrupi multietnik prej 47 t\u00eb rinjve t\u00eb cilat marrin pjes n\u00eb programin e YouthBuild, e cila implementohet nga iniciativa Qytetare, ka filluar aksioni p\u00ebr t\u00eb mledhur ndihm\u00eb humanitare p\u00ebr qendr\u00ebn kolektive \u201c Salvatore\u201d. Bashkarisht me Qendr\u00ebn e t\u00eb rinjve (AWO) nga Bujanoci, jan\u00eb mbledhur 48 paketa ndihm\u00eb humanitare gjat\u00eb asionit nj\u00eb javor.<\/p>\n<p>\n\tPaketimet jan\u00eb ndar\u00eb ne dit\u00ebn Nd\u00ebrkomb\u00ebtare t\u00eb Vullnetar\u00ebve p\u00ebr t\u00eb nxjerr n\u00eb pah r\u00ebndesin e angazhimit, p\u00ebr \u00e7do t\u00eb mire dhe i ka t\u00ebrheq v\u00ebmendjen edhe gjendjen e banorve t\u00eb qendr\u00ebs kolektive n\u00eb Bujanoc. Aksioni i mbledhjes s\u00eb ndihmave humanitare do t\u00eb vazhdoj me koh\u00eb. Pjesmarrit e gjenerat\u00ebs s\u00eb dyt\u00eb programit YouthBuild do t\u00eb vazhdoj me aksionin n\u00eb komun\u00ebn ton\u00eb. K\u00ebt\u00eb vjesht kan\u00eb filluar rekuntruksionet e parkut t\u00eb qytetit n\u00eb Bujanoc, kurse vitin e kaluar me ndihm\u00ebn e bashk\u00ebsis kan\u00eb nd\u00ebrtuar 11 platforma t\u00eb pjerrta p\u00ebr personat me aft\u00ebsi t\u00eb kufizuara dhe i kan\u00eb ngjyrosur rrethojat e shkollave n\u00eb Preshev\u00eb dhe Bujanoc.<\/p>\n<p>\n\tMotivii it \u00eb rinjve p\u00ebr t\u00eb qen\u00eb aktiv n\u00eb vendin e tyre por edhe t\u00eb arrijn\u00eb p\u00ebrvoj\u00eb nd\u00ebrrmarse, t\u00eb k\u00ebrkojn pun\u00eb, t\u00eb m\u00ebsojn gjuh\u00eb dhe gjith\u00e7ka t\u00eb ngjajshme, Trajnimi n\u00eb qend\u00ebr t\u00eb Bujanocit me sukses punon gati vitin e dyt\u00eb rregullisht. K\u00ebt\u00eb vit n\u00eb pun\u00eb t\u00eb Qendr\u00ebs jan\u00eb ky\u00e7ur edhe t\u00eb rinjt\u00eb nga Vraja. Program ii YouthBuild implementon Inicijativa qytetare me mb\u00ebshtetjen e Caritas Luxembourg, YouthBuild International, Qeveris s\u00eb Holand\u00ebs, qytetit t\u00eb Vraj\u00ebs dhe komu\u00ebs Bujanocit e Preshev\u00ebs<\/p>\n","protected":false},"excerpt":{"rendered":"<p>Burim: Gazeta popullore \u2013 Nish \/ Bujanoc-Banor\u00ebt e qendr\u00ebs kolektive \u201cSalvatore\u201d n\u00eb Bujanoc kan\u00eb marr\u00eb pakete me garderob t\u00eb dimrit. Me rastin e 5. dhjetorit dit\u00ebs nd\u00ebrkomb\u00ebtare t\u00eb vullnetarve, pjesmarrsit e programit t\u00eb\u00a0 YouthBuild i kan\u00eb ndar\u00eb ndihma t\u00eb cilat i kan\u00eb grumbulluar gjat\u00eb aksionit humanitar.<\/p>\n","protected":false},"author":1,"featured_media":0,"comment_status":"closed","ping_status":"closed","sticky":false,"template":"","format":"standard","meta":{"footnotes":""},"categories":[55],"tags":[],"class_list":["post-141748","post","type-post","status-publish","format-standard","hentry","category-lajme"],"yoast_head":"<!-- This site is optimized with the Yoast SEO plugin v27.5 - https:\/\/yoast.com\/product\/yoast-seo-wordpress\/ -->\n<title>T\u00cb RINJTL NDIHMOJN\u00cb QENDR\u00cbS KOLEKTIVE - Republika e S\u00ebrbis\u00eb Trupi Koordinues p\u00ebr komunat Bujanoc, Preshev\u00eb dhe Medvegj\u00eb<\/title>\n<meta name=\"robots\" content=\"index, follow, max-snippet:-1, max-image-preview:large, max-video-preview:-1\" \/>\n<link rel=\"canonical\" href=\"https:\/\/kt.gov.rs\/sq\/te-rinjtl-ndihmojne-qendres-kolektive\/\" \/>\n<meta property=\"og:locale\" content=\"sq_AL\" \/>\n<meta property=\"og:type\" content=\"article\" \/>\n<meta property=\"og:title\" content=\"T\u00cb RINJTL NDIHMOJN\u00cb QENDR\u00cbS KOLEKTIVE - Republika e S\u00ebrbis\u00eb Trupi Koordinues p\u00ebr komunat Bujanoc, Preshev\u00eb dhe Medvegj\u00eb\" \/>\n<meta property=\"og:description\" content=\"Burim: Gazeta popullore \u2013 Nish \/ Bujanoc-Banor\u00ebt e qendr\u00ebs kolektive \u201cSalvatore\u201d n\u00eb Bujanoc kan\u00eb marr\u00eb pakete me garderob t\u00eb dimrit. Me rastin e 5. dhjetorit dit\u00ebs nd\u00ebrkomb\u00ebtare t\u00eb vullnetarve, pjesmarrsit e programit t\u00eb\u00a0 YouthBuild i kan\u00eb ndar\u00eb ndihma t\u00eb cilat i kan\u00eb grumbulluar gjat\u00eb aksionit humanitar.\" \/>\n<meta property=\"og:url\" content=\"https:\/\/kt.gov.rs\/sq\/te-rinjtl-ndihmojne-qendres-kolektive\/\" \/>\n<meta property=\"og:site_name\" content=\"Republika e S\u00ebrbis\u00eb Trupi Koordinues p\u00ebr komunat Bujanoc, Preshev\u00eb dhe Medvegj\u00eb\" \/>\n<meta property=\"article:publisher\" content=\"https:\/\/www.facebook.com\/SluzbaKoordinacionogTelaVladeRepublikeSrbije\" \/>\n<meta property=\"article:published_time\" content=\"2012-12-12T00:00:00+00:00\" \/>\n<meta name=\"author\" content=\"ktmin\" \/>\n<meta name=\"twitter:card\" content=\"summary_large_image\" \/>\n<meta name=\"twitter:creator\" content=\"@kt_gov\" \/>\n<meta name=\"twitter:site\" content=\"@kt_gov\" \/>\n<meta name=\"twitter:label1\" content=\"Written by\" \/>\n\t<meta name=\"twitter:data1\" content=\"ktmin\" \/>\n\t<meta name=\"twitter:label2\" content=\"Est. reading time\" \/>\n\t<meta name=\"twitter:data2\" content=\"2 minutes\" \/>\n<script type=\"application\/ld+json\" class=\"yoast-schema-graph\">{\"@context\":\"https:\\\/\\\/schema.org\",\"@graph\":[{\"@type\":\"Article\",\"@id\":\"https:\\\/\\\/kt.gov.rs\\\/sq\\\/te-rinjtl-ndihmojne-qendres-kolektive\\\/#article\",\"isPartOf\":{\"@id\":\"https:\\\/\\\/kt.gov.rs\\\/sq\\\/te-rinjtl-ndihmojne-qendres-kolektive\\\/\"},\"author\":{\"name\":\"ktmin\",\"@id\":\"https:\\\/\\\/kt.gov.rs\\\/#\\\/schema\\\/person\\\/e426459ddb4173309103390602694571\"},\"headline\":\"T\u00cb RINJTL NDIHMOJN\u00cb QENDR\u00cbS KOLEKTIVE\",\"datePublished\":\"2012-12-12T00:00:00+00:00\",\"mainEntityOfPage\":{\"@id\":\"https:\\\/\\\/kt.gov.rs\\\/sq\\\/te-rinjtl-ndihmojne-qendres-kolektive\\\/\"},\"wordCount\":438,\"publisher\":{\"@id\":\"https:\\\/\\\/kt.gov.rs\\\/#organization\"},\"articleSection\":[\"Lajme\"],\"inLanguage\":\"sq-AL\"},{\"@type\":\"WebPage\",\"@id\":\"https:\\\/\\\/kt.gov.rs\\\/sq\\\/te-rinjtl-ndihmojne-qendres-kolektive\\\/\",\"url\":\"https:\\\/\\\/kt.gov.rs\\\/sq\\\/te-rinjtl-ndihmojne-qendres-kolektive\\\/\",\"name\":\"T\u00cb RINJTL NDIHMOJN\u00cb QENDR\u00cbS KOLEKTIVE - Republika e S\u00ebrbis\u00eb Trupi Koordinues p\u00ebr komunat Bujanoc, Preshev\u00eb dhe Medvegj\u00eb\",\"isPartOf\":{\"@id\":\"https:\\\/\\\/kt.gov.rs\\\/#website\"},\"datePublished\":\"2012-12-12T00:00:00+00:00\",\"breadcrumb\":{\"@id\":\"https:\\\/\\\/kt.gov.rs\\\/sq\\\/te-rinjtl-ndihmojne-qendres-kolektive\\\/#breadcrumb\"},\"inLanguage\":\"sq-AL\",\"potentialAction\":[{\"@type\":\"ReadAction\",\"target\":[\"https:\\\/\\\/kt.gov.rs\\\/sq\\\/te-rinjtl-ndihmojne-qendres-kolektive\\\/\"]}]},{\"@type\":\"BreadcrumbList\",\"@id\":\"https:\\\/\\\/kt.gov.rs\\\/sq\\\/te-rinjtl-ndihmojne-qendres-kolektive\\\/#breadcrumb\",\"itemListElement\":[{\"@type\":\"ListItem\",\"position\":1,\"name\":\"\u041f\u043e\u0447\u0435\u0442\u043d\u0430\",\"item\":\"https:\\\/\\\/kt.gov.rs\\\/sq\\\/\"},{\"@type\":\"ListItem\",\"position\":2,\"name\":\"T\u00cb RINJTL NDIHMOJN\u00cb QENDR\u00cbS KOLEKTIVE\"}]},{\"@type\":\"WebSite\",\"@id\":\"https:\\\/\\\/kt.gov.rs\\\/#website\",\"url\":\"https:\\\/\\\/kt.gov.rs\\\/\",\"name\":\"\u041a\u043e\u043e\u0440\u0434\u0438\u043d\u0430\u0446\u0438\u043e\u043d\u043e \u0442\u0435\u043b\u043e \u0412\u043b\u0430\u0434\u0435 \u0420\u0435\u043f\u0443\u0431\u043b\u0438\u043a\u0435 \u0421\u0440\u0431\u0438\u0458\u0435 \u0437\u0430 \u043e\u043f\u0448\u0442\u0438\u043d\u0435 \u041f\u0440\u0435\u0448\u0435\u0432\u043e, \u0411\u0443\u0458\u0430\u043d\u043e\u0432\u0430\u0446 \u0438 \u041c\u0435\u0434\u0432\u0435\u0452a\",\"description\":\"\",\"publisher\":{\"@id\":\"https:\\\/\\\/kt.gov.rs\\\/#organization\"},\"alternateName\":\"\u041a\u043e\u043e\u0440\u0434\u0438\u043d\u0430\u0446\u0438\u043e\u043d\u043e \u0442\u0435\u043b\u043e\",\"potentialAction\":[{\"@type\":\"SearchAction\",\"target\":{\"@type\":\"EntryPoint\",\"urlTemplate\":\"https:\\\/\\\/kt.gov.rs\\\/?s={search_term_string}\"},\"query-input\":{\"@type\":\"PropertyValueSpecification\",\"valueRequired\":true,\"valueName\":\"search_term_string\"}}],\"inLanguage\":\"sq-AL\"},{\"@type\":\"Organization\",\"@id\":\"https:\\\/\\\/kt.gov.rs\\\/#organization\",\"name\":\"\u041a\u043e\u043e\u0440\u0434\u0438\u043d\u0430\u0446\u0438\u043e\u043d\u043e \u0442\u0435\u043b\u043e \u0412\u043b\u0430\u0434\u0435 \u0420\u0435\u043f\u0443\u0431\u043b\u0438\u043a\u0435 \u0421\u0440\u0431\u0438\u0458\u0435 \u0437\u0430 \u043e\u043f\u0448\u0442\u0438\u043d\u0435 \u041f\u0440\u0435\u0448\u0435\u0432\u043e, \u0411\u0443\u0458\u0430\u043d\u043e\u0432\u0430\u0446 \u0438 \u041c\u0435\u0434\u0432\u0435\u0452a\",\"alternateName\":\"\u041a\u043e\u043e\u0440\u0434\u0438\u043d\u0430\u0446\u0438\u043e\u043d\u043e \u0442\u0435\u043b\u043e\",\"url\":\"https:\\\/\\\/kt.gov.rs\\\/\",\"logo\":{\"@type\":\"ImageObject\",\"inLanguage\":\"sq-AL\",\"@id\":\"https:\\\/\\\/kt.gov.rs\\\/#\\\/schema\\\/logo\\\/image\\\/\",\"url\":\"https:\\\/\\\/kt.gov.rs\\\/wp-content\\\/uploads\\\/2024\\\/12\\\/koord2.jpg\",\"contentUrl\":\"https:\\\/\\\/kt.gov.rs\\\/wp-content\\\/uploads\\\/2024\\\/12\\\/koord2.jpg\",\"width\":640,\"height\":480,\"caption\":\"\u041a\u043e\u043e\u0440\u0434\u0438\u043d\u0430\u0446\u0438\u043e\u043d\u043e \u0442\u0435\u043b\u043e \u0412\u043b\u0430\u0434\u0435 \u0420\u0435\u043f\u0443\u0431\u043b\u0438\u043a\u0435 \u0421\u0440\u0431\u0438\u0458\u0435 \u0437\u0430 \u043e\u043f\u0448\u0442\u0438\u043d\u0435 \u041f\u0440\u0435\u0448\u0435\u0432\u043e, \u0411\u0443\u0458\u0430\u043d\u043e\u0432\u0430\u0446 \u0438 \u041c\u0435\u0434\u0432\u0435\u0452a\"},\"image\":{\"@id\":\"https:\\\/\\\/kt.gov.rs\\\/#\\\/schema\\\/logo\\\/image\\\/\"},\"sameAs\":[\"https:\\\/\\\/www.facebook.com\\\/SluzbaKoordinacionogTelaVladeRepublikeSrbije\",\"https:\\\/\\\/x.com\\\/kt_gov\",\"https:\\\/\\\/www.youtube.com\\\/@koordinacionotelo\"]},{\"@type\":\"Person\",\"@id\":\"https:\\\/\\\/kt.gov.rs\\\/#\\\/schema\\\/person\\\/e426459ddb4173309103390602694571\",\"name\":\"ktmin\",\"image\":{\"@type\":\"ImageObject\",\"inLanguage\":\"sq-AL\",\"@id\":\"https:\\\/\\\/secure.gravatar.com\\\/avatar\\\/3985c961109853010c3fbc7ba30365bfba5db3dd6c525831d9c595c7525a615a?s=96&d=mm&r=g\",\"url\":\"https:\\\/\\\/secure.gravatar.com\\\/avatar\\\/3985c961109853010c3fbc7ba30365bfba5db3dd6c525831d9c595c7525a615a?s=96&d=mm&r=g\",\"contentUrl\":\"https:\\\/\\\/secure.gravatar.com\\\/avatar\\\/3985c961109853010c3fbc7ba30365bfba5db3dd6c525831d9c595c7525a615a?s=96&d=mm&r=g\",\"caption\":\"ktmin\"},\"sameAs\":[\"https:\\\/\\\/kt.gov.rs\"],\"url\":\"https:\\\/\\\/kt.gov.rs\\\/sq\\\/author\\\/ktmin\\\/\"}]}<\/script>\n<!-- \/ Yoast SEO plugin. -->","yoast_head_json":{"title":"T\u00cb RINJTL NDIHMOJN\u00cb QENDR\u00cbS KOLEKTIVE - Republika e S\u00ebrbis\u00eb Trupi Koordinues p\u00ebr komunat Bujanoc, Preshev\u00eb dhe Medvegj\u00eb","robots":{"index":"index","follow":"follow","max-snippet":"max-snippet:-1","max-image-preview":"max-image-preview:large","max-video-preview":"max-video-preview:-1"},"canonical":"https:\/\/kt.gov.rs\/sq\/te-rinjtl-ndihmojne-qendres-kolektive\/","og_locale":"sq_AL","og_type":"article","og_title":"T\u00cb RINJTL NDIHMOJN\u00cb QENDR\u00cbS KOLEKTIVE - Republika e S\u00ebrbis\u00eb Trupi Koordinues p\u00ebr komunat Bujanoc, Preshev\u00eb dhe Medvegj\u00eb","og_description":"Burim: Gazeta popullore \u2013 Nish \/ Bujanoc-Banor\u00ebt e qendr\u00ebs kolektive \u201cSalvatore\u201d n\u00eb Bujanoc kan\u00eb marr\u00eb pakete me garderob t\u00eb dimrit. Me rastin e 5. dhjetorit dit\u00ebs nd\u00ebrkomb\u00ebtare t\u00eb vullnetarve, pjesmarrsit e programit t\u00eb\u00a0 YouthBuild i kan\u00eb ndar\u00eb ndihma t\u00eb cilat i kan\u00eb grumbulluar gjat\u00eb aksionit humanitar.","og_url":"https:\/\/kt.gov.rs\/sq\/te-rinjtl-ndihmojne-qendres-kolektive\/","og_site_name":"Republika e S\u00ebrbis\u00eb Trupi Koordinues p\u00ebr komunat Bujanoc, Preshev\u00eb dhe Medvegj\u00eb","article_publisher":"https:\/\/www.facebook.com\/SluzbaKoordinacionogTelaVladeRepublikeSrbije","article_published_time":"2012-12-12T00:00:00+00:00","author":"ktmin","twitter_card":"summary_large_image","twitter_creator":"@kt_gov","twitter_site":"@kt_gov","twitter_misc":{"Written by":"ktmin","Est. reading time":"2 minutes"},"schema":{"@context":"https:\/\/schema.org","@graph":[{"@type":"Article","@id":"https:\/\/kt.gov.rs\/sq\/te-rinjtl-ndihmojne-qendres-kolektive\/#article","isPartOf":{"@id":"https:\/\/kt.gov.rs\/sq\/te-rinjtl-ndihmojne-qendres-kolektive\/"},"author":{"name":"ktmin","@id":"https:\/\/kt.gov.rs\/#\/schema\/person\/e426459ddb4173309103390602694571"},"headline":"T\u00cb RINJTL NDIHMOJN\u00cb QENDR\u00cbS KOLEKTIVE","datePublished":"2012-12-12T00:00:00+00:00","mainEntityOfPage":{"@id":"https:\/\/kt.gov.rs\/sq\/te-rinjtl-ndihmojne-qendres-kolektive\/"},"wordCount":438,"publisher":{"@id":"https:\/\/kt.gov.rs\/#organization"},"articleSection":["Lajme"],"inLanguage":"sq-AL"},{"@type":"WebPage","@id":"https:\/\/kt.gov.rs\/sq\/te-rinjtl-ndihmojne-qendres-kolektive\/","url":"https:\/\/kt.gov.rs\/sq\/te-rinjtl-ndihmojne-qendres-kolektive\/","name":"T\u00cb RINJTL NDIHMOJN\u00cb QENDR\u00cbS KOLEKTIVE - Republika e S\u00ebrbis\u00eb Trupi Koordinues p\u00ebr komunat Bujanoc, Preshev\u00eb dhe Medvegj\u00eb","isPartOf":{"@id":"https:\/\/kt.gov.rs\/#website"},"datePublished":"2012-12-12T00:00:00+00:00","breadcrumb":{"@id":"https:\/\/kt.gov.rs\/sq\/te-rinjtl-ndihmojne-qendres-kolektive\/#breadcrumb"},"inLanguage":"sq-AL","potentialAction":[{"@type":"ReadAction","target":["https:\/\/kt.gov.rs\/sq\/te-rinjtl-ndihmojne-qendres-kolektive\/"]}]},{"@type":"BreadcrumbList","@id":"https:\/\/kt.gov.rs\/sq\/te-rinjtl-ndihmojne-qendres-kolektive\/#breadcrumb","itemListElement":[{"@type":"ListItem","position":1,"name":"\u041f\u043e\u0447\u0435\u0442\u043d\u0430","item":"https:\/\/kt.gov.rs\/sq\/"},{"@type":"ListItem","position":2,"name":"T\u00cb RINJTL NDIHMOJN\u00cb QENDR\u00cbS KOLEKTIVE"}]},{"@type":"WebSite","@id":"https:\/\/kt.gov.rs\/#website","url":"https:\/\/kt.gov.rs\/","name":"\u041a\u043e\u043e\u0440\u0434\u0438\u043d\u0430\u0446\u0438\u043e\u043d\u043e \u0442\u0435\u043b\u043e \u0412\u043b\u0430\u0434\u0435 \u0420\u0435\u043f\u0443\u0431\u043b\u0438\u043a\u0435 \u0421\u0440\u0431\u0438\u0458\u0435 \u0437\u0430 \u043e\u043f\u0448\u0442\u0438\u043d\u0435 \u041f\u0440\u0435\u0448\u0435\u0432\u043e, \u0411\u0443\u0458\u0430\u043d\u043e\u0432\u0430\u0446 \u0438 \u041c\u0435\u0434\u0432\u0435\u0452a","description":"","publisher":{"@id":"https:\/\/kt.gov.rs\/#organization"},"alternateName":"\u041a\u043e\u043e\u0440\u0434\u0438\u043d\u0430\u0446\u0438\u043e\u043d\u043e \u0442\u0435\u043b\u043e","potentialAction":[{"@type":"SearchAction","target":{"@type":"EntryPoint","urlTemplate":"https:\/\/kt.gov.rs\/?s={search_term_string}"},"query-input":{"@type":"PropertyValueSpecification","valueRequired":true,"valueName":"search_term_string"}}],"inLanguage":"sq-AL"},{"@type":"Organization","@id":"https:\/\/kt.gov.rs\/#organization","name":"\u041a\u043e\u043e\u0440\u0434\u0438\u043d\u0430\u0446\u0438\u043e\u043d\u043e \u0442\u0435\u043b\u043e \u0412\u043b\u0430\u0434\u0435 \u0420\u0435\u043f\u0443\u0431\u043b\u0438\u043a\u0435 \u0421\u0440\u0431\u0438\u0458\u0435 \u0437\u0430 \u043e\u043f\u0448\u0442\u0438\u043d\u0435 \u041f\u0440\u0435\u0448\u0435\u0432\u043e, \u0411\u0443\u0458\u0430\u043d\u043e\u0432\u0430\u0446 \u0438 \u041c\u0435\u0434\u0432\u0435\u0452a","alternateName":"\u041a\u043e\u043e\u0440\u0434\u0438\u043d\u0430\u0446\u0438\u043e\u043d\u043e \u0442\u0435\u043b\u043e","url":"https:\/\/kt.gov.rs\/","logo":{"@type":"ImageObject","inLanguage":"sq-AL","@id":"https:\/\/kt.gov.rs\/#\/schema\/logo\/image\/","url":"https:\/\/kt.gov.rs\/wp-content\/uploads\/2024\/12\/koord2.jpg","contentUrl":"https:\/\/kt.gov.rs\/wp-content\/uploads\/2024\/12\/koord2.jpg","width":640,"height":480,"caption":"\u041a\u043e\u043e\u0440\u0434\u0438\u043d\u0430\u0446\u0438\u043e\u043d\u043e \u0442\u0435\u043b\u043e \u0412\u043b\u0430\u0434\u0435 \u0420\u0435\u043f\u0443\u0431\u043b\u0438\u043a\u0435 \u0421\u0440\u0431\u0438\u0458\u0435 \u0437\u0430 \u043e\u043f\u0448\u0442\u0438\u043d\u0435 \u041f\u0440\u0435\u0448\u0435\u0432\u043e, \u0411\u0443\u0458\u0430\u043d\u043e\u0432\u0430\u0446 \u0438 \u041c\u0435\u0434\u0432\u0435\u0452a"},"image":{"@id":"https:\/\/kt.gov.rs\/#\/schema\/logo\/image\/"},"sameAs":["https:\/\/www.facebook.com\/SluzbaKoordinacionogTelaVladeRepublikeSrbije","https:\/\/x.com\/kt_gov","https:\/\/www.youtube.com\/@koordinacionotelo"]},{"@type":"Person","@id":"https:\/\/kt.gov.rs\/#\/schema\/person\/e426459ddb4173309103390602694571","name":"ktmin","image":{"@type":"ImageObject","inLanguage":"sq-AL","@id":"https:\/\/secure.gravatar.com\/avatar\/3985c961109853010c3fbc7ba30365bfba5db3dd6c525831d9c595c7525a615a?s=96&d=mm&r=g","url":"https:\/\/secure.gravatar.com\/avatar\/3985c961109853010c3fbc7ba30365bfba5db3dd6c525831d9c595c7525a615a?s=96&d=mm&r=g","contentUrl":"https:\/\/secure.gravatar.com\/avatar\/3985c961109853010c3fbc7ba30365bfba5db3dd6c525831d9c595c7525a615a?s=96&d=mm&r=g","caption":"ktmin"},"sameAs":["https:\/\/kt.gov.rs"],"url":"https:\/\/kt.gov.rs\/sq\/author\/ktmin\/"}]}},"_links":{"self":[{"href":"https:\/\/kt.gov.rs\/sq\/wp-json\/wp\/v2\/posts\/141748","targetHints":{"allow":["GET"]}}],"collection":[{"href":"https:\/\/kt.gov.rs\/sq\/wp-json\/wp\/v2\/posts"}],"about":[{"href":"https:\/\/kt.gov.rs\/sq\/wp-json\/wp\/v2\/types\/post"}],"author":[{"embeddable":true,"href":"https:\/\/kt.gov.rs\/sq\/wp-json\/wp\/v2\/users\/1"}],"replies":[{"embeddable":true,"href":"https:\/\/kt.gov.rs\/sq\/wp-json\/wp\/v2\/comments?post=141748"}],"version-history":[{"count":0,"href":"https:\/\/kt.gov.rs\/sq\/wp-json\/wp\/v2\/posts\/141748\/revisions"}],"wp:attachment":[{"href":"https:\/\/kt.gov.rs\/sq\/wp-json\/wp\/v2\/media?parent=141748"}],"wp:term":[{"taxonomy":"category","embeddable":true,"href":"https:\/\/kt.gov.rs\/sq\/wp-json\/wp\/v2\/categories?post=141748"},{"taxonomy":"post_tag","embeddable":true,"href":"https:\/\/kt.gov.rs\/sq\/wp-json\/wp\/v2\/tags?post=141748"}],"curies":[{"name":"wp","href":"https:\/\/api.w.org\/{rel}","templated":true}]}}