{"id":141633,"date":"2013-01-25T00:00:00","date_gmt":"2013-01-25T00:00:00","guid":{"rendered":"http:\/\/kt.printandscreen.rs\/ftese-per-pjesemarrje-ne-mbledhjen-informative-dhe-tribune-ne-bujanoc\/"},"modified":"2024-07-30T20:17:11","modified_gmt":"2024-07-30T20:17:11","slug":"ftese-per-pjesemarrje-ne-mbledhjen-informative-dhe-tribune-ne-bujanoc","status":"publish","type":"post","link":"https:\/\/kt.gov.rs\/sq\/ftese-per-pjesemarrje-ne-mbledhjen-informative-dhe-tribune-ne-bujanoc\/","title":{"rendered":"FTES\u00cb P\u00cbR PJES\u00cbMARRJE N\u00cb MBLEDHJEN INFORMATIVE DHE TRIBUN\u00cb N\u00cb BUJANOC"},"content":{"rendered":"<p>\n\t<img decoding=\"async\" alt=\"\" src=\"https:\/\/kt.gov.rs\/wp-content\/uploads\/2024\/07\/newspic017v-4.jpg\" style=\"width: 315px; height: 180px; float: left;\" \/>Qendra p\u00ebr komunikime t\u00eb reja Dokukino dhe Trupi Koordiues i Qeveris\u00eb s\u00eb Republik\u00ebs s\u00eb S\u00ebrbis\u00eb p\u00ebr komunat Preshev\u00eb, Bujanoc dhe Medvegj\u00eb ju ftojn n\u00eb mbledhjen e par\u00eb t\u00eb karakterit informativ n\u00eb kuad\u00ebr t\u00eb projektit <strong>\u201eJugu, online\u201c <\/strong>i cili do t\u00eb realizohet n\u00eb k\u00ebto tri komuna.<\/p>\n<p>\n\tTakimi me karakter informativ do t\u00eb mbahet m\u00eb 29 janar n\u00eb <strong>Press Qend\u00ebr n\u00eb objektin e komun\u00ebs s\u00eb Bujanocit, me fillim prej or\u00ebs 15:00.<\/strong><\/p>\n<p>\n\t<strong>Q\u00ebllimi i projektit <\/strong>\u00ebsht\u00eb q\u00eb p\u00ebrfaq\u00ebsuesit e shoq\u00ebris\u00eb civile nga jugu i S\u00ebrbis\u00eb n\u00ebp\u00ebrmjet trajnimeve \u2013 seminareve t\u00eb trajnohen p\u00ebr\u00a0 p\u00ebrdorimin e mjeteve t\u00eb reja mediale dhe rrjeteve sociale n\u00eb m\u00ebnyr\u00eb q\u00eb\u00a0 t\u00eb avancojn rezultatet e pun\u00ebs s\u00eb tyre, rrisin p\u00ebrcjellshm\u00ebrin\u00eb dhe krijojn partneritete t\u00eb reja. N\u00eb mbledhjen e karakterit informativ do t\u00eb ju njoftojm m\u00eb detalisht me planet tona, dhe n\u00eb bised\u00eb me ju t\u00eb krijohet nj\u00eb agjend\u00eb e trajnimeve t\u00eb parapara.<\/p>\n<p>\n\tT\u00eb gjitha hulumtimet na flasin q\u00eb Serbia \u00ebsht\u00eb lidere n\u00eb regjion sa i p\u00ebrket pjesmarrjes s\u00eb qytetareve n\u00eb rrjetet sociale, si numerikisht ashtu edhe me p\u00ebrqindje. K\u00ebto t\u00eb dh\u00ebna,\u00a0 shpejt\u00ebsia dhe prezenca e rrjeteve sociale na flasin q\u00eb \u00ebsht\u00eb koha \u00a0q\u00eb shoq\u00ebria civile duhet t&#39;i kthehet mediave t\u00eb reja dhe t\u00eb filloj t\u00eb p\u00ebrdor resurse t\u00eb cil\u00ebt na gjinden n\u00eb dispozicion dhe jan pa pages\u00eb p\u00ebr t\u00eb gjith\u00eb.<\/p>\n<p>\n\tTrajnimet dhe seminaret do t\u00eb i japin organizatave tuaja t\u00eb gjitha njohurit e nevojshme rreth mjeteve t\u00eb reja mediale dhe rrjeteve sociale, t\u00eb cil\u00ebt do t&#39;ju sjellin rezultate m\u00eb t\u00eb m\u00ebdha dhe shikueshm\u00ebri m\u00eb t\u00eb gjer\u00eb n\u00eb rrethin tuaj, gjithmon\u00eb duke siguruar besueshm\u00ebri m\u00eb t\u00eb madhe tek qytetar\u00ebt, duke krijuar komunikim m\u00eb t\u00eb mir\u00eb me partner\u00ebt e vjet\u00ebr, si dhe duke shk\u00ebmbyer p\u00ebrvoja t\u00eb nd\u00ebrsjella me t\u00eb gjith\u00eb organizatat e tjera nga territori i Preshev\u00ebs, Bujanocit dhe Medvegj\u00ebs.<\/p>\n<p>\n\tS\u00ebbashku me ju, d\u00ebshirojm q\u00eb sektorin joqeveritar\u00eb ta modernizojm, dhe t\u00eb rrisim prezenc\u00ebn edhe efikasitetit e tyre.<\/p>\n<p>\n\tNj\u00ebkoh\u00ebsisht, me k\u00ebnaq\u00ebsi ju ftojm q\u00eb t\u00eb merrni pjese ne prezentimin \u00a0t\u00eb cilin e ka b\u00ebr\u00eb Dokukino me titullin\u00a0 <strong>\u201eKompasi Politik\u201c <\/strong>me an\u00eb t\u00eb s\u00eb cil\u00ebs demonstrohet forca e rrjeteve sociale dhe mediave t\u00eb reja si dhe ndikimi i tyre.<\/p>\n<p>\n\tPrezenc\u00ebn tuaj konfirmojeni n\u00eb emailin <a href=\"mailto:maruna@dokuino.org\">maruna@dokuino.org<\/a> deri m\u00eb 25 janar.<\/p>\n<p>\n\t<strong>Shpenzimet e rrug\u00ebs do t\u00eb u refundohen n\u00eb vler\u00eb prej bilet\u00ebs kthyese t\u00eb autobusit nga qyteti i cili vini deri n\u00eb Bujanoc.<\/strong><\/p>\n<p>\n\tP\u00ebr cdo pytje jam n\u00eb disponimin tuaj.<\/p>\n<p>\n\tP\u00ebrzem\u00ebrsisht,<br \/>\n\tMarjan Maruna<br \/>\n\t060 6840 607<br \/>\n\tProgramme assistant<\/p>\n<p>\n\t\u00a0<\/p>\n","protected":false},"excerpt":{"rendered":"<p>Qendra p\u00ebr komunikime t\u00eb reja Dokukino dhe Trupi Koordiues i Qeveris\u00eb s\u00eb Republik\u00ebs s\u00eb S\u00ebrbis\u00eb p\u00ebr komunat Preshev\u00eb, Bujanoc dhe Medvegj\u00eb ju ftojn n\u00eb mbledhjen e par\u00eb t\u00eb karakterit informativ n\u00eb kuad\u00ebr t\u00eb projektit \u201eJugu, online\u201c i cili do t\u00eb realizohet n\u00eb k\u00ebto tri komuna.<\/p>\n","protected":false},"author":1,"featured_media":141638,"comment_status":"closed","ping_status":"closed","sticky":false,"template":"","format":"standard","meta":{"footnotes":""},"categories":[55],"tags":[],"class_list":["post-141633","post","type-post","status-publish","format-standard","has-post-thumbnail","hentry","category-lajme"],"yoast_head":"<!-- This site is optimized with the Yoast SEO plugin v27.5 - https:\/\/yoast.com\/product\/yoast-seo-wordpress\/ -->\n<title>FTES\u00cb P\u00cbR PJES\u00cbMARRJE N\u00cb MBLEDHJEN INFORMATIVE DHE TRIBUN\u00cb N\u00cb BUJANOC - Republika e S\u00ebrbis\u00eb Trupi Koordinues p\u00ebr komunat Bujanoc, Preshev\u00eb dhe Medvegj\u00eb<\/title>\n<meta name=\"robots\" content=\"index, follow, max-snippet:-1, max-image-preview:large, max-video-preview:-1\" \/>\n<link rel=\"canonical\" href=\"https:\/\/kt.gov.rs\/sq\/ftese-per-pjesemarrje-ne-mbledhjen-informative-dhe-tribune-ne-bujanoc\/\" \/>\n<meta property=\"og:locale\" content=\"sq_AL\" \/>\n<meta property=\"og:type\" content=\"article\" \/>\n<meta property=\"og:title\" content=\"FTES\u00cb P\u00cbR PJES\u00cbMARRJE N\u00cb MBLEDHJEN INFORMATIVE DHE TRIBUN\u00cb N\u00cb BUJANOC - Republika e S\u00ebrbis\u00eb Trupi Koordinues p\u00ebr komunat Bujanoc, Preshev\u00eb dhe Medvegj\u00eb\" \/>\n<meta property=\"og:description\" content=\"Qendra p\u00ebr komunikime t\u00eb reja Dokukino dhe Trupi Koordiues i Qeveris\u00eb s\u00eb Republik\u00ebs s\u00eb S\u00ebrbis\u00eb p\u00ebr komunat Preshev\u00eb, Bujanoc dhe Medvegj\u00eb ju ftojn n\u00eb mbledhjen e par\u00eb t\u00eb karakterit informativ n\u00eb kuad\u00ebr t\u00eb projektit \u201eJugu, online\u201c i cili do t\u00eb realizohet n\u00eb k\u00ebto tri komuna.\" \/>\n<meta property=\"og:url\" content=\"https:\/\/kt.gov.rs\/sq\/ftese-per-pjesemarrje-ne-mbledhjen-informative-dhe-tribune-ne-bujanoc\/\" \/>\n<meta property=\"og:site_name\" content=\"Republika e S\u00ebrbis\u00eb Trupi Koordinues p\u00ebr komunat Bujanoc, Preshev\u00eb dhe Medvegj\u00eb\" \/>\n<meta property=\"article:publisher\" content=\"https:\/\/www.facebook.com\/SluzbaKoordinacionogTelaVladeRepublikeSrbije\" \/>\n<meta property=\"article:published_time\" content=\"2013-01-25T00:00:00+00:00\" \/>\n<meta property=\"article:modified_time\" content=\"2024-07-30T20:17:11+00:00\" \/>\n<meta property=\"og:image\" content=\"https:\/\/kt.gov.rs\/wp-content\/uploads\/2024\/07\/newspic017v-5.jpg\" \/>\n\t<meta property=\"og:image:width\" content=\"315\" \/>\n\t<meta property=\"og:image:height\" content=\"180\" \/>\n\t<meta property=\"og:image:type\" content=\"image\/jpeg\" \/>\n<meta name=\"author\" content=\"ktmin\" \/>\n<meta name=\"twitter:card\" content=\"summary_large_image\" \/>\n<meta name=\"twitter:creator\" content=\"@kt_gov\" \/>\n<meta name=\"twitter:site\" content=\"@kt_gov\" \/>\n<meta name=\"twitter:label1\" content=\"Written by\" \/>\n\t<meta name=\"twitter:data1\" content=\"ktmin\" \/>\n\t<meta name=\"twitter:label2\" content=\"Est. reading time\" \/>\n\t<meta name=\"twitter:data2\" content=\"3 minutes\" \/>\n<script type=\"application\/ld+json\" class=\"yoast-schema-graph\">{\"@context\":\"https:\\\/\\\/schema.org\",\"@graph\":[{\"@type\":\"Article\",\"@id\":\"https:\\\/\\\/kt.gov.rs\\\/sq\\\/ftese-per-pjesemarrje-ne-mbledhjen-informative-dhe-tribune-ne-bujanoc\\\/#article\",\"isPartOf\":{\"@id\":\"https:\\\/\\\/kt.gov.rs\\\/sq\\\/ftese-per-pjesemarrje-ne-mbledhjen-informative-dhe-tribune-ne-bujanoc\\\/\"},\"author\":{\"name\":\"ktmin\",\"@id\":\"https:\\\/\\\/kt.gov.rs\\\/#\\\/schema\\\/person\\\/e426459ddb4173309103390602694571\"},\"headline\":\"FTES\u00cb P\u00cbR PJES\u00cbMARRJE N\u00cb MBLEDHJEN INFORMATIVE DHE TRIBUN\u00cb N\u00cb BUJANOC\",\"datePublished\":\"2013-01-25T00:00:00+00:00\",\"dateModified\":\"2024-07-30T20:17:11+00:00\",\"mainEntityOfPage\":{\"@id\":\"https:\\\/\\\/kt.gov.rs\\\/sq\\\/ftese-per-pjesemarrje-ne-mbledhjen-informative-dhe-tribune-ne-bujanoc\\\/\"},\"wordCount\":629,\"publisher\":{\"@id\":\"https:\\\/\\\/kt.gov.rs\\\/#organization\"},\"image\":{\"@id\":\"https:\\\/\\\/kt.gov.rs\\\/sq\\\/ftese-per-pjesemarrje-ne-mbledhjen-informative-dhe-tribune-ne-bujanoc\\\/#primaryimage\"},\"thumbnailUrl\":\"https:\\\/\\\/kt.gov.rs\\\/wp-content\\\/uploads\\\/2024\\\/07\\\/newspic017v-5.jpg\",\"articleSection\":[\"Lajme\"],\"inLanguage\":\"sq-AL\"},{\"@type\":\"WebPage\",\"@id\":\"https:\\\/\\\/kt.gov.rs\\\/sq\\\/ftese-per-pjesemarrje-ne-mbledhjen-informative-dhe-tribune-ne-bujanoc\\\/\",\"url\":\"https:\\\/\\\/kt.gov.rs\\\/sq\\\/ftese-per-pjesemarrje-ne-mbledhjen-informative-dhe-tribune-ne-bujanoc\\\/\",\"name\":\"FTES\u00cb P\u00cbR PJES\u00cbMARRJE N\u00cb MBLEDHJEN INFORMATIVE DHE TRIBUN\u00cb N\u00cb BUJANOC - Republika e S\u00ebrbis\u00eb Trupi Koordinues p\u00ebr komunat Bujanoc, Preshev\u00eb dhe Medvegj\u00eb\",\"isPartOf\":{\"@id\":\"https:\\\/\\\/kt.gov.rs\\\/#website\"},\"primaryImageOfPage\":{\"@id\":\"https:\\\/\\\/kt.gov.rs\\\/sq\\\/ftese-per-pjesemarrje-ne-mbledhjen-informative-dhe-tribune-ne-bujanoc\\\/#primaryimage\"},\"image\":{\"@id\":\"https:\\\/\\\/kt.gov.rs\\\/sq\\\/ftese-per-pjesemarrje-ne-mbledhjen-informative-dhe-tribune-ne-bujanoc\\\/#primaryimage\"},\"thumbnailUrl\":\"https:\\\/\\\/kt.gov.rs\\\/wp-content\\\/uploads\\\/2024\\\/07\\\/newspic017v-5.jpg\",\"datePublished\":\"2013-01-25T00:00:00+00:00\",\"dateModified\":\"2024-07-30T20:17:11+00:00\",\"breadcrumb\":{\"@id\":\"https:\\\/\\\/kt.gov.rs\\\/sq\\\/ftese-per-pjesemarrje-ne-mbledhjen-informative-dhe-tribune-ne-bujanoc\\\/#breadcrumb\"},\"inLanguage\":\"sq-AL\",\"potentialAction\":[{\"@type\":\"ReadAction\",\"target\":[\"https:\\\/\\\/kt.gov.rs\\\/sq\\\/ftese-per-pjesemarrje-ne-mbledhjen-informative-dhe-tribune-ne-bujanoc\\\/\"]}]},{\"@type\":\"ImageObject\",\"inLanguage\":\"sq-AL\",\"@id\":\"https:\\\/\\\/kt.gov.rs\\\/sq\\\/ftese-per-pjesemarrje-ne-mbledhjen-informative-dhe-tribune-ne-bujanoc\\\/#primaryimage\",\"url\":\"https:\\\/\\\/kt.gov.rs\\\/wp-content\\\/uploads\\\/2024\\\/07\\\/newspic017v-5.jpg\",\"contentUrl\":\"https:\\\/\\\/kt.gov.rs\\\/wp-content\\\/uploads\\\/2024\\\/07\\\/newspic017v-5.jpg\",\"width\":315,\"height\":180},{\"@type\":\"BreadcrumbList\",\"@id\":\"https:\\\/\\\/kt.gov.rs\\\/sq\\\/ftese-per-pjesemarrje-ne-mbledhjen-informative-dhe-tribune-ne-bujanoc\\\/#breadcrumb\",\"itemListElement\":[{\"@type\":\"ListItem\",\"position\":1,\"name\":\"\u041f\u043e\u0447\u0435\u0442\u043d\u0430\",\"item\":\"https:\\\/\\\/kt.gov.rs\\\/sq\\\/\"},{\"@type\":\"ListItem\",\"position\":2,\"name\":\"FTES\u00cb P\u00cbR PJES\u00cbMARRJE N\u00cb MBLEDHJEN INFORMATIVE DHE TRIBUN\u00cb N\u00cb BUJANOC\"}]},{\"@type\":\"WebSite\",\"@id\":\"https:\\\/\\\/kt.gov.rs\\\/#website\",\"url\":\"https:\\\/\\\/kt.gov.rs\\\/\",\"name\":\"\u041a\u043e\u043e\u0440\u0434\u0438\u043d\u0430\u0446\u0438\u043e\u043d\u043e \u0442\u0435\u043b\u043e \u0412\u043b\u0430\u0434\u0435 \u0420\u0435\u043f\u0443\u0431\u043b\u0438\u043a\u0435 \u0421\u0440\u0431\u0438\u0458\u0435 \u0437\u0430 \u043e\u043f\u0448\u0442\u0438\u043d\u0435 \u041f\u0440\u0435\u0448\u0435\u0432\u043e, \u0411\u0443\u0458\u0430\u043d\u043e\u0432\u0430\u0446 \u0438 \u041c\u0435\u0434\u0432\u0435\u0452a\",\"description\":\"\",\"publisher\":{\"@id\":\"https:\\\/\\\/kt.gov.rs\\\/#organization\"},\"alternateName\":\"\u041a\u043e\u043e\u0440\u0434\u0438\u043d\u0430\u0446\u0438\u043e\u043d\u043e \u0442\u0435\u043b\u043e\",\"potentialAction\":[{\"@type\":\"SearchAction\",\"target\":{\"@type\":\"EntryPoint\",\"urlTemplate\":\"https:\\\/\\\/kt.gov.rs\\\/?s={search_term_string}\"},\"query-input\":{\"@type\":\"PropertyValueSpecification\",\"valueRequired\":true,\"valueName\":\"search_term_string\"}}],\"inLanguage\":\"sq-AL\"},{\"@type\":\"Organization\",\"@id\":\"https:\\\/\\\/kt.gov.rs\\\/#organization\",\"name\":\"\u041a\u043e\u043e\u0440\u0434\u0438\u043d\u0430\u0446\u0438\u043e\u043d\u043e \u0442\u0435\u043b\u043e \u0412\u043b\u0430\u0434\u0435 \u0420\u0435\u043f\u0443\u0431\u043b\u0438\u043a\u0435 \u0421\u0440\u0431\u0438\u0458\u0435 \u0437\u0430 \u043e\u043f\u0448\u0442\u0438\u043d\u0435 \u041f\u0440\u0435\u0448\u0435\u0432\u043e, \u0411\u0443\u0458\u0430\u043d\u043e\u0432\u0430\u0446 \u0438 \u041c\u0435\u0434\u0432\u0435\u0452a\",\"alternateName\":\"\u041a\u043e\u043e\u0440\u0434\u0438\u043d\u0430\u0446\u0438\u043e\u043d\u043e \u0442\u0435\u043b\u043e\",\"url\":\"https:\\\/\\\/kt.gov.rs\\\/\",\"logo\":{\"@type\":\"ImageObject\",\"inLanguage\":\"sq-AL\",\"@id\":\"https:\\\/\\\/kt.gov.rs\\\/#\\\/schema\\\/logo\\\/image\\\/\",\"url\":\"https:\\\/\\\/kt.gov.rs\\\/wp-content\\\/uploads\\\/2024\\\/12\\\/koord2.jpg\",\"contentUrl\":\"https:\\\/\\\/kt.gov.rs\\\/wp-content\\\/uploads\\\/2024\\\/12\\\/koord2.jpg\",\"width\":640,\"height\":480,\"caption\":\"\u041a\u043e\u043e\u0440\u0434\u0438\u043d\u0430\u0446\u0438\u043e\u043d\u043e \u0442\u0435\u043b\u043e \u0412\u043b\u0430\u0434\u0435 \u0420\u0435\u043f\u0443\u0431\u043b\u0438\u043a\u0435 \u0421\u0440\u0431\u0438\u0458\u0435 \u0437\u0430 \u043e\u043f\u0448\u0442\u0438\u043d\u0435 \u041f\u0440\u0435\u0448\u0435\u0432\u043e, \u0411\u0443\u0458\u0430\u043d\u043e\u0432\u0430\u0446 \u0438 \u041c\u0435\u0434\u0432\u0435\u0452a\"},\"image\":{\"@id\":\"https:\\\/\\\/kt.gov.rs\\\/#\\\/schema\\\/logo\\\/image\\\/\"},\"sameAs\":[\"https:\\\/\\\/www.facebook.com\\\/SluzbaKoordinacionogTelaVladeRepublikeSrbije\",\"https:\\\/\\\/x.com\\\/kt_gov\",\"https:\\\/\\\/www.youtube.com\\\/@koordinacionotelo\"]},{\"@type\":\"Person\",\"@id\":\"https:\\\/\\\/kt.gov.rs\\\/#\\\/schema\\\/person\\\/e426459ddb4173309103390602694571\",\"name\":\"ktmin\",\"image\":{\"@type\":\"ImageObject\",\"inLanguage\":\"sq-AL\",\"@id\":\"https:\\\/\\\/secure.gravatar.com\\\/avatar\\\/3985c961109853010c3fbc7ba30365bfba5db3dd6c525831d9c595c7525a615a?s=96&d=mm&r=g\",\"url\":\"https:\\\/\\\/secure.gravatar.com\\\/avatar\\\/3985c961109853010c3fbc7ba30365bfba5db3dd6c525831d9c595c7525a615a?s=96&d=mm&r=g\",\"contentUrl\":\"https:\\\/\\\/secure.gravatar.com\\\/avatar\\\/3985c961109853010c3fbc7ba30365bfba5db3dd6c525831d9c595c7525a615a?s=96&d=mm&r=g\",\"caption\":\"ktmin\"},\"sameAs\":[\"https:\\\/\\\/kt.gov.rs\"],\"url\":\"https:\\\/\\\/kt.gov.rs\\\/sq\\\/author\\\/ktmin\\\/\"}]}<\/script>\n<!-- \/ Yoast SEO plugin. -->","yoast_head_json":{"title":"FTES\u00cb P\u00cbR PJES\u00cbMARRJE N\u00cb MBLEDHJEN INFORMATIVE DHE TRIBUN\u00cb N\u00cb BUJANOC - Republika e S\u00ebrbis\u00eb Trupi Koordinues p\u00ebr komunat Bujanoc, Preshev\u00eb dhe Medvegj\u00eb","robots":{"index":"index","follow":"follow","max-snippet":"max-snippet:-1","max-image-preview":"max-image-preview:large","max-video-preview":"max-video-preview:-1"},"canonical":"https:\/\/kt.gov.rs\/sq\/ftese-per-pjesemarrje-ne-mbledhjen-informative-dhe-tribune-ne-bujanoc\/","og_locale":"sq_AL","og_type":"article","og_title":"FTES\u00cb P\u00cbR PJES\u00cbMARRJE N\u00cb MBLEDHJEN INFORMATIVE DHE TRIBUN\u00cb N\u00cb BUJANOC - Republika e S\u00ebrbis\u00eb Trupi Koordinues p\u00ebr komunat Bujanoc, Preshev\u00eb dhe Medvegj\u00eb","og_description":"Qendra p\u00ebr komunikime t\u00eb reja Dokukino dhe Trupi Koordiues i Qeveris\u00eb s\u00eb Republik\u00ebs s\u00eb S\u00ebrbis\u00eb p\u00ebr komunat Preshev\u00eb, Bujanoc dhe Medvegj\u00eb ju ftojn n\u00eb mbledhjen e par\u00eb t\u00eb karakterit informativ n\u00eb kuad\u00ebr t\u00eb projektit \u201eJugu, online\u201c i cili do t\u00eb realizohet n\u00eb k\u00ebto tri komuna.","og_url":"https:\/\/kt.gov.rs\/sq\/ftese-per-pjesemarrje-ne-mbledhjen-informative-dhe-tribune-ne-bujanoc\/","og_site_name":"Republika e S\u00ebrbis\u00eb Trupi Koordinues p\u00ebr komunat Bujanoc, Preshev\u00eb dhe Medvegj\u00eb","article_publisher":"https:\/\/www.facebook.com\/SluzbaKoordinacionogTelaVladeRepublikeSrbije","article_published_time":"2013-01-25T00:00:00+00:00","article_modified_time":"2024-07-30T20:17:11+00:00","og_image":[{"width":315,"height":180,"url":"https:\/\/kt.gov.rs\/wp-content\/uploads\/2024\/07\/newspic017v-5.jpg","type":"image\/jpeg"}],"author":"ktmin","twitter_card":"summary_large_image","twitter_creator":"@kt_gov","twitter_site":"@kt_gov","twitter_misc":{"Written by":"ktmin","Est. reading time":"3 minutes"},"schema":{"@context":"https:\/\/schema.org","@graph":[{"@type":"Article","@id":"https:\/\/kt.gov.rs\/sq\/ftese-per-pjesemarrje-ne-mbledhjen-informative-dhe-tribune-ne-bujanoc\/#article","isPartOf":{"@id":"https:\/\/kt.gov.rs\/sq\/ftese-per-pjesemarrje-ne-mbledhjen-informative-dhe-tribune-ne-bujanoc\/"},"author":{"name":"ktmin","@id":"https:\/\/kt.gov.rs\/#\/schema\/person\/e426459ddb4173309103390602694571"},"headline":"FTES\u00cb P\u00cbR PJES\u00cbMARRJE N\u00cb MBLEDHJEN INFORMATIVE DHE TRIBUN\u00cb N\u00cb BUJANOC","datePublished":"2013-01-25T00:00:00+00:00","dateModified":"2024-07-30T20:17:11+00:00","mainEntityOfPage":{"@id":"https:\/\/kt.gov.rs\/sq\/ftese-per-pjesemarrje-ne-mbledhjen-informative-dhe-tribune-ne-bujanoc\/"},"wordCount":629,"publisher":{"@id":"https:\/\/kt.gov.rs\/#organization"},"image":{"@id":"https:\/\/kt.gov.rs\/sq\/ftese-per-pjesemarrje-ne-mbledhjen-informative-dhe-tribune-ne-bujanoc\/#primaryimage"},"thumbnailUrl":"https:\/\/kt.gov.rs\/wp-content\/uploads\/2024\/07\/newspic017v-5.jpg","articleSection":["Lajme"],"inLanguage":"sq-AL"},{"@type":"WebPage","@id":"https:\/\/kt.gov.rs\/sq\/ftese-per-pjesemarrje-ne-mbledhjen-informative-dhe-tribune-ne-bujanoc\/","url":"https:\/\/kt.gov.rs\/sq\/ftese-per-pjesemarrje-ne-mbledhjen-informative-dhe-tribune-ne-bujanoc\/","name":"FTES\u00cb P\u00cbR PJES\u00cbMARRJE N\u00cb MBLEDHJEN INFORMATIVE DHE TRIBUN\u00cb N\u00cb BUJANOC - Republika e S\u00ebrbis\u00eb Trupi Koordinues p\u00ebr komunat Bujanoc, Preshev\u00eb dhe Medvegj\u00eb","isPartOf":{"@id":"https:\/\/kt.gov.rs\/#website"},"primaryImageOfPage":{"@id":"https:\/\/kt.gov.rs\/sq\/ftese-per-pjesemarrje-ne-mbledhjen-informative-dhe-tribune-ne-bujanoc\/#primaryimage"},"image":{"@id":"https:\/\/kt.gov.rs\/sq\/ftese-per-pjesemarrje-ne-mbledhjen-informative-dhe-tribune-ne-bujanoc\/#primaryimage"},"thumbnailUrl":"https:\/\/kt.gov.rs\/wp-content\/uploads\/2024\/07\/newspic017v-5.jpg","datePublished":"2013-01-25T00:00:00+00:00","dateModified":"2024-07-30T20:17:11+00:00","breadcrumb":{"@id":"https:\/\/kt.gov.rs\/sq\/ftese-per-pjesemarrje-ne-mbledhjen-informative-dhe-tribune-ne-bujanoc\/#breadcrumb"},"inLanguage":"sq-AL","potentialAction":[{"@type":"ReadAction","target":["https:\/\/kt.gov.rs\/sq\/ftese-per-pjesemarrje-ne-mbledhjen-informative-dhe-tribune-ne-bujanoc\/"]}]},{"@type":"ImageObject","inLanguage":"sq-AL","@id":"https:\/\/kt.gov.rs\/sq\/ftese-per-pjesemarrje-ne-mbledhjen-informative-dhe-tribune-ne-bujanoc\/#primaryimage","url":"https:\/\/kt.gov.rs\/wp-content\/uploads\/2024\/07\/newspic017v-5.jpg","contentUrl":"https:\/\/kt.gov.rs\/wp-content\/uploads\/2024\/07\/newspic017v-5.jpg","width":315,"height":180},{"@type":"BreadcrumbList","@id":"https:\/\/kt.gov.rs\/sq\/ftese-per-pjesemarrje-ne-mbledhjen-informative-dhe-tribune-ne-bujanoc\/#breadcrumb","itemListElement":[{"@type":"ListItem","position":1,"name":"\u041f\u043e\u0447\u0435\u0442\u043d\u0430","item":"https:\/\/kt.gov.rs\/sq\/"},{"@type":"ListItem","position":2,"name":"FTES\u00cb P\u00cbR PJES\u00cbMARRJE N\u00cb MBLEDHJEN INFORMATIVE DHE TRIBUN\u00cb N\u00cb BUJANOC"}]},{"@type":"WebSite","@id":"https:\/\/kt.gov.rs\/#website","url":"https:\/\/kt.gov.rs\/","name":"\u041a\u043e\u043e\u0440\u0434\u0438\u043d\u0430\u0446\u0438\u043e\u043d\u043e \u0442\u0435\u043b\u043e \u0412\u043b\u0430\u0434\u0435 \u0420\u0435\u043f\u0443\u0431\u043b\u0438\u043a\u0435 \u0421\u0440\u0431\u0438\u0458\u0435 \u0437\u0430 \u043e\u043f\u0448\u0442\u0438\u043d\u0435 \u041f\u0440\u0435\u0448\u0435\u0432\u043e, \u0411\u0443\u0458\u0430\u043d\u043e\u0432\u0430\u0446 \u0438 \u041c\u0435\u0434\u0432\u0435\u0452a","description":"","publisher":{"@id":"https:\/\/kt.gov.rs\/#organization"},"alternateName":"\u041a\u043e\u043e\u0440\u0434\u0438\u043d\u0430\u0446\u0438\u043e\u043d\u043e \u0442\u0435\u043b\u043e","potentialAction":[{"@type":"SearchAction","target":{"@type":"EntryPoint","urlTemplate":"https:\/\/kt.gov.rs\/?s={search_term_string}"},"query-input":{"@type":"PropertyValueSpecification","valueRequired":true,"valueName":"search_term_string"}}],"inLanguage":"sq-AL"},{"@type":"Organization","@id":"https:\/\/kt.gov.rs\/#organization","name":"\u041a\u043e\u043e\u0440\u0434\u0438\u043d\u0430\u0446\u0438\u043e\u043d\u043e \u0442\u0435\u043b\u043e \u0412\u043b\u0430\u0434\u0435 \u0420\u0435\u043f\u0443\u0431\u043b\u0438\u043a\u0435 \u0421\u0440\u0431\u0438\u0458\u0435 \u0437\u0430 \u043e\u043f\u0448\u0442\u0438\u043d\u0435 \u041f\u0440\u0435\u0448\u0435\u0432\u043e, \u0411\u0443\u0458\u0430\u043d\u043e\u0432\u0430\u0446 \u0438 \u041c\u0435\u0434\u0432\u0435\u0452a","alternateName":"\u041a\u043e\u043e\u0440\u0434\u0438\u043d\u0430\u0446\u0438\u043e\u043d\u043e \u0442\u0435\u043b\u043e","url":"https:\/\/kt.gov.rs\/","logo":{"@type":"ImageObject","inLanguage":"sq-AL","@id":"https:\/\/kt.gov.rs\/#\/schema\/logo\/image\/","url":"https:\/\/kt.gov.rs\/wp-content\/uploads\/2024\/12\/koord2.jpg","contentUrl":"https:\/\/kt.gov.rs\/wp-content\/uploads\/2024\/12\/koord2.jpg","width":640,"height":480,"caption":"\u041a\u043e\u043e\u0440\u0434\u0438\u043d\u0430\u0446\u0438\u043e\u043d\u043e \u0442\u0435\u043b\u043e \u0412\u043b\u0430\u0434\u0435 \u0420\u0435\u043f\u0443\u0431\u043b\u0438\u043a\u0435 \u0421\u0440\u0431\u0438\u0458\u0435 \u0437\u0430 \u043e\u043f\u0448\u0442\u0438\u043d\u0435 \u041f\u0440\u0435\u0448\u0435\u0432\u043e, \u0411\u0443\u0458\u0430\u043d\u043e\u0432\u0430\u0446 \u0438 \u041c\u0435\u0434\u0432\u0435\u0452a"},"image":{"@id":"https:\/\/kt.gov.rs\/#\/schema\/logo\/image\/"},"sameAs":["https:\/\/www.facebook.com\/SluzbaKoordinacionogTelaVladeRepublikeSrbije","https:\/\/x.com\/kt_gov","https:\/\/www.youtube.com\/@koordinacionotelo"]},{"@type":"Person","@id":"https:\/\/kt.gov.rs\/#\/schema\/person\/e426459ddb4173309103390602694571","name":"ktmin","image":{"@type":"ImageObject","inLanguage":"sq-AL","@id":"https:\/\/secure.gravatar.com\/avatar\/3985c961109853010c3fbc7ba30365bfba5db3dd6c525831d9c595c7525a615a?s=96&d=mm&r=g","url":"https:\/\/secure.gravatar.com\/avatar\/3985c961109853010c3fbc7ba30365bfba5db3dd6c525831d9c595c7525a615a?s=96&d=mm&r=g","contentUrl":"https:\/\/secure.gravatar.com\/avatar\/3985c961109853010c3fbc7ba30365bfba5db3dd6c525831d9c595c7525a615a?s=96&d=mm&r=g","caption":"ktmin"},"sameAs":["https:\/\/kt.gov.rs"],"url":"https:\/\/kt.gov.rs\/sq\/author\/ktmin\/"}]}},"_links":{"self":[{"href":"https:\/\/kt.gov.rs\/sq\/wp-json\/wp\/v2\/posts\/141633","targetHints":{"allow":["GET"]}}],"collection":[{"href":"https:\/\/kt.gov.rs\/sq\/wp-json\/wp\/v2\/posts"}],"about":[{"href":"https:\/\/kt.gov.rs\/sq\/wp-json\/wp\/v2\/types\/post"}],"author":[{"embeddable":true,"href":"https:\/\/kt.gov.rs\/sq\/wp-json\/wp\/v2\/users\/1"}],"replies":[{"embeddable":true,"href":"https:\/\/kt.gov.rs\/sq\/wp-json\/wp\/v2\/comments?post=141633"}],"version-history":[{"count":1,"href":"https:\/\/kt.gov.rs\/sq\/wp-json\/wp\/v2\/posts\/141633\/revisions"}],"predecessor-version":[{"id":141637,"href":"https:\/\/kt.gov.rs\/sq\/wp-json\/wp\/v2\/posts\/141633\/revisions\/141637"}],"wp:featuredmedia":[{"embeddable":true,"href":"https:\/\/kt.gov.rs\/sq\/wp-json\/wp\/v2\/media\/141638"}],"wp:attachment":[{"href":"https:\/\/kt.gov.rs\/sq\/wp-json\/wp\/v2\/media?parent=141633"}],"wp:term":[{"taxonomy":"category","embeddable":true,"href":"https:\/\/kt.gov.rs\/sq\/wp-json\/wp\/v2\/categories?post=141633"},{"taxonomy":"post_tag","embeddable":true,"href":"https:\/\/kt.gov.rs\/sq\/wp-json\/wp\/v2\/tags?post=141633"}],"curies":[{"name":"wp","href":"https:\/\/api.w.org\/{rel}","templated":true}]}}