{"id":141625,"date":"2013-01-29T00:00:00","date_gmt":"2013-01-29T00:00:00","guid":{"rendered":"http:\/\/kt.printandscreen.rs\/qytete-me-te-sigurta\/"},"modified":"2024-07-30T20:17:10","modified_gmt":"2024-07-30T20:17:10","slug":"qytete-me-te-sigurta","status":"publish","type":"post","link":"https:\/\/kt.gov.rs\/sq\/qytete-me-te-sigurta\/","title":{"rendered":"QYTETE M\u00cb T\u00cb SIGURTA"},"content":{"rendered":"<p>\n\t<img decoding=\"async\" alt=\"\" src=\"https:\/\/kt.gov.rs\/wp-content\/uploads\/2024\/07\/newspic020v-4.jpg\" style=\"width: 315px; height: 180px; float: left;\" \/>Burimi: \u0408ugpres \/ Novi Sad \u2013 Leskovc \u2013 P\u00ebrfaq\u00ebsuesit e Grupeve punuese p\u00ebr hartimin e Strategjive p\u00ebr siguri n\u00eb komunat e rrethit t\u00eb Jabllanic\u00ebs dhe P\u00e7inj\u00ebs, m\u00eb 24 dhe 25 janar, kan\u00eb vizituar Qeverin\u00eb e Krahin\u00ebs Autonome t\u00eb Vojvodin\u00ebs ku u njoftuan me shembujt e praktik\u00ebs s\u00eb mir\u00eb q\u00eb jan\u00eb zbatuar n\u00eb Vojvodin\u00eb. Vizit\u00ebn studimore e organizoi programi PBILD, n\u00eb kuad\u00ebr t\u00eb projektit \u201cQytete m\u00eb t\u00eb sigurta\u201d.<\/p>\n<p>\tN\u00eb intervist\u00eb me p\u00ebrfaq\u00ebsuesit e K\u00ebshillit p\u00ebr siguri t\u00eb Kuvendit t\u00eb Vojvodin\u00ebs, nikoqir\u00ebt u njoftuan me metodat e zbatuara n\u00eb\u00a0 mjedin shum\u00ebkomb\u00ebsh si\u00e7 \u00ebsht\u00eb Vojvodina, n\u00eb at\u00eb m\u00ebnyr\u00eb q\u00eb respektimi i t\u00eb drejtave t\u00eb pakicave t\u00eb sigurohet n\u00eb t\u00eb gjitha komunat. Mikprit\u00ebsit u shpreh\u00ebn se Qeveria e Vojvodin\u00ebs, mar\u00ebdh\u00ebnieve nd\u00ebretnike i jep r\u00ebnd\u00ebsi shum\u00eb t\u00eb madhe dhe se k\u00ebto mar\u00ebdh\u00ebnie jan\u00eb t\u00eb p\u00ebrsosura dhe se probleme m\u00eb t\u00eb m\u00ebdha p\u00ebr ta paraqesin siguria n\u00eb komunikacion dhe sjellja e vozit\u00ebsve. Nikoqir\u00ebve, n\u00eb Qeverin\u00eb e Vojvodin\u00ebs iu \u00ebsht\u00eb prezentuar edhe projekti afatmes\u00ebm p\u00ebr t\u00eb futur standardet e cil\u00ebsis\u00eb n\u00eb qeverisjen lokale, n\u00eb at\u00eb m\u00ebnyr\u00eb q\u00eb t\u00eb din\u00eb kush, \u00e7ka dhe si punon, si dhe kujt i p\u00ebrgjigjet p\u00ebr pun\u00ebn e vet.<\/p>\n<p>\tKoordinatori i projektit \u201cQytetet m\u00eb t\u00eb sigurta\u201d, Svetisllav Paunoviq, ka th\u00ebn\u00eb se ngritja e kapacitetit t\u00eb qeverisjes lokale, institucioneve dhe shoq\u00ebrive civile si dhe bashk\u00ebpunimi n\u00eb fush\u00ebn parandalimit t\u00eb kriminalitetit dhe avancimit t\u00eb siguris\u00eb, jan\u00eb q\u00ebllimet kryesore t\u00eb cilat duan t\u2019i arrijn\u00eb p\u00ebrmes realizimit t\u00eb k\u00ebtij projekti.<\/p>\n<p>\t\u00a0\u201cProgram ii PBILD-it \u201cRuajtja e paqes dhe zhvillimi lokal\u201d p\u00ebrfaq\u00ebson iniciativ\u00ebn e Shteteve t\u00eb Bashkuara n\u00eb territotin e rrethit t\u00eb Jabllanic\u00ebs dhe atij t\u00eb P\u00e7inj\u00ebs.<br \/>\n\t\u201cQytete m\u00eb t\u00eb sigurta\u201d \u00ebsht\u00eb nj\u00ebri nga komponentet e k\u00ebtij programi n\u00eb kuad\u00ebr t\u00eb t\u00eb cilit jan\u00eb definuar planet p\u00ebr siguri, n\u00eb n\u00ebnt\u00eb komunat nga jugu i S\u00ebrbis\u00eb, t\u00eb cilat do t\u00eb jen\u00eb baz\u00eb p\u00ebr hartimin e Strategjis\u00eb rajonale p\u00ebr siguri\u201d, ka th\u00ebn\u00eb Paunoviq.<\/p>\n<p>\tDuke i njoftuar mikprit\u00ebsit me pun\u00ebn e K\u00ebshillave lokal\u00eb p\u00ebr siguri t\u00eb rrethit t\u00eb Jabllanic\u00ebs dhe P\u00e7inj\u00ebs, nikoqir\u00ebt theksuan q\u00eb roli i K\u00ebshillave lokal\u00eb p\u00ebr siguri \u00ebsht\u00eb t\u00eb propozoj\u00eb masat p\u00ebr p\u00ebrmir\u00ebsimin dhe avancimin e gjendjes s\u00eb siguris\u00eb n\u00eb k\u00ebto komuna dhe t\u2019i k\u00ebshilloj\u00eb autoritetet lokale, si dhe t\u00eb bashk\u00ebpunoj\u00eb me t\u00eb gjitha institucionet lokale relevante me q\u00ebllim t\u00eb ngritjes s\u00eb siguris\u00eb s\u00eb qytetar\u00ebve.<\/p>\n<p>\tN\u00eb dit\u00ebn e dyt\u00eb t\u00eb vizit\u00ebs studimore, delegacioni i Grupit punues p\u00ebr hartimin e Strategjis\u00eb p\u00ebr siguri, n\u00eb rrethin e Jabllanic\u00ebs dhe P\u00e7inj\u00ebs ka vizituar K\u00ebshillin p\u00ebr siguri t\u00eb komun\u00ebs s\u00eb Be\u00e7ej-it.<\/p>\n","protected":false},"excerpt":{"rendered":"<p>Burimi: \u0408ugpres \/ Novi Sad \u2013 Leskovc \u2013 P\u00ebrfaq\u00ebsuesit e Grupeve punuese p\u00ebr hartimin e Strategjive p\u00ebr siguri n\u00eb komunat e rrethit t\u00eb Jabllanic\u00ebs dhe P\u00e7inj\u00ebs, m\u00eb 24 dhe 25 janar, kan\u00eb vizituar Qeverin\u00eb e Krahin\u00ebs Autonome t\u00eb Vojvodin\u00ebs ku u njoftuan me shembujt e praktik\u00ebs s\u00eb mir\u00eb q\u00eb jan\u00eb zbatuar n\u00eb Vojvodin\u00eb. Vizit\u00ebn studimore e organizoi programi PBILD, n\u00eb kuad\u00ebr t\u00eb projektit \u201cQytete m\u00eb t\u00eb sigurta\u201d.<\/p>\n","protected":false},"author":1,"featured_media":141630,"comment_status":"closed","ping_status":"closed","sticky":false,"template":"","format":"standard","meta":{"footnotes":""},"categories":[55],"tags":[],"class_list":["post-141625","post","type-post","status-publish","format-standard","has-post-thumbnail","hentry","category-lajme"],"yoast_head":"<!-- This site is optimized with the Yoast SEO plugin v27.5 - https:\/\/yoast.com\/product\/yoast-seo-wordpress\/ -->\n<title>QYTETE M\u00cb T\u00cb SIGURTA - Republika e S\u00ebrbis\u00eb Trupi Koordinues p\u00ebr komunat Bujanoc, Preshev\u00eb dhe Medvegj\u00eb<\/title>\n<meta name=\"robots\" content=\"index, follow, max-snippet:-1, max-image-preview:large, max-video-preview:-1\" \/>\n<link rel=\"canonical\" href=\"https:\/\/kt.gov.rs\/sq\/qytete-me-te-sigurta\/\" \/>\n<meta property=\"og:locale\" content=\"sq_AL\" \/>\n<meta property=\"og:type\" content=\"article\" \/>\n<meta property=\"og:title\" content=\"QYTETE M\u00cb T\u00cb SIGURTA - Republika e S\u00ebrbis\u00eb Trupi Koordinues p\u00ebr komunat Bujanoc, Preshev\u00eb dhe Medvegj\u00eb\" \/>\n<meta property=\"og:description\" content=\"Burimi: \u0408ugpres \/ Novi Sad \u2013 Leskovc \u2013 P\u00ebrfaq\u00ebsuesit e Grupeve punuese p\u00ebr hartimin e Strategjive p\u00ebr siguri n\u00eb komunat e rrethit t\u00eb Jabllanic\u00ebs dhe P\u00e7inj\u00ebs, m\u00eb 24 dhe 25 janar, kan\u00eb vizituar Qeverin\u00eb e Krahin\u00ebs Autonome t\u00eb Vojvodin\u00ebs ku u njoftuan me shembujt e praktik\u00ebs s\u00eb mir\u00eb q\u00eb jan\u00eb zbatuar n\u00eb Vojvodin\u00eb. Vizit\u00ebn studimore e organizoi programi PBILD, n\u00eb kuad\u00ebr t\u00eb projektit \u201cQytete m\u00eb t\u00eb sigurta\u201d.\" \/>\n<meta property=\"og:url\" content=\"https:\/\/kt.gov.rs\/sq\/qytete-me-te-sigurta\/\" \/>\n<meta property=\"og:site_name\" content=\"Republika e S\u00ebrbis\u00eb Trupi Koordinues p\u00ebr komunat Bujanoc, Preshev\u00eb dhe Medvegj\u00eb\" \/>\n<meta property=\"article:publisher\" content=\"https:\/\/www.facebook.com\/SluzbaKoordinacionogTelaVladeRepublikeSrbije\" \/>\n<meta property=\"article:published_time\" content=\"2013-01-29T00:00:00+00:00\" \/>\n<meta property=\"article:modified_time\" content=\"2024-07-30T20:17:10+00:00\" \/>\n<meta property=\"og:image\" content=\"https:\/\/kt.gov.rs\/wp-content\/uploads\/2024\/07\/newspic020v-5.jpg\" \/>\n\t<meta property=\"og:image:width\" content=\"315\" \/>\n\t<meta property=\"og:image:height\" content=\"180\" \/>\n\t<meta property=\"og:image:type\" content=\"image\/jpeg\" \/>\n<meta name=\"author\" content=\"ktmin\" \/>\n<meta name=\"twitter:card\" content=\"summary_large_image\" \/>\n<meta name=\"twitter:creator\" content=\"@kt_gov\" \/>\n<meta name=\"twitter:site\" content=\"@kt_gov\" \/>\n<meta name=\"twitter:label1\" content=\"Written by\" \/>\n\t<meta name=\"twitter:data1\" content=\"ktmin\" \/>\n\t<meta name=\"twitter:label2\" content=\"Est. reading time\" \/>\n\t<meta name=\"twitter:data2\" content=\"4 minutes\" \/>\n<script type=\"application\/ld+json\" class=\"yoast-schema-graph\">{\"@context\":\"https:\\\/\\\/schema.org\",\"@graph\":[{\"@type\":\"Article\",\"@id\":\"https:\\\/\\\/kt.gov.rs\\\/sq\\\/qytete-me-te-sigurta\\\/#article\",\"isPartOf\":{\"@id\":\"https:\\\/\\\/kt.gov.rs\\\/sq\\\/qytete-me-te-sigurta\\\/\"},\"author\":{\"name\":\"ktmin\",\"@id\":\"https:\\\/\\\/kt.gov.rs\\\/#\\\/schema\\\/person\\\/e426459ddb4173309103390602694571\"},\"headline\":\"QYTETE M\u00cb T\u00cb SIGURTA\",\"datePublished\":\"2013-01-29T00:00:00+00:00\",\"dateModified\":\"2024-07-30T20:17:10+00:00\",\"mainEntityOfPage\":{\"@id\":\"https:\\\/\\\/kt.gov.rs\\\/sq\\\/qytete-me-te-sigurta\\\/\"},\"wordCount\":721,\"publisher\":{\"@id\":\"https:\\\/\\\/kt.gov.rs\\\/#organization\"},\"image\":{\"@id\":\"https:\\\/\\\/kt.gov.rs\\\/sq\\\/qytete-me-te-sigurta\\\/#primaryimage\"},\"thumbnailUrl\":\"https:\\\/\\\/kt.gov.rs\\\/wp-content\\\/uploads\\\/2024\\\/07\\\/newspic020v-5.jpg\",\"articleSection\":[\"Lajme\"],\"inLanguage\":\"sq-AL\"},{\"@type\":\"WebPage\",\"@id\":\"https:\\\/\\\/kt.gov.rs\\\/sq\\\/qytete-me-te-sigurta\\\/\",\"url\":\"https:\\\/\\\/kt.gov.rs\\\/sq\\\/qytete-me-te-sigurta\\\/\",\"name\":\"QYTETE M\u00cb T\u00cb SIGURTA - Republika e S\u00ebrbis\u00eb Trupi Koordinues p\u00ebr komunat Bujanoc, Preshev\u00eb dhe Medvegj\u00eb\",\"isPartOf\":{\"@id\":\"https:\\\/\\\/kt.gov.rs\\\/#website\"},\"primaryImageOfPage\":{\"@id\":\"https:\\\/\\\/kt.gov.rs\\\/sq\\\/qytete-me-te-sigurta\\\/#primaryimage\"},\"image\":{\"@id\":\"https:\\\/\\\/kt.gov.rs\\\/sq\\\/qytete-me-te-sigurta\\\/#primaryimage\"},\"thumbnailUrl\":\"https:\\\/\\\/kt.gov.rs\\\/wp-content\\\/uploads\\\/2024\\\/07\\\/newspic020v-5.jpg\",\"datePublished\":\"2013-01-29T00:00:00+00:00\",\"dateModified\":\"2024-07-30T20:17:10+00:00\",\"breadcrumb\":{\"@id\":\"https:\\\/\\\/kt.gov.rs\\\/sq\\\/qytete-me-te-sigurta\\\/#breadcrumb\"},\"inLanguage\":\"sq-AL\",\"potentialAction\":[{\"@type\":\"ReadAction\",\"target\":[\"https:\\\/\\\/kt.gov.rs\\\/sq\\\/qytete-me-te-sigurta\\\/\"]}]},{\"@type\":\"ImageObject\",\"inLanguage\":\"sq-AL\",\"@id\":\"https:\\\/\\\/kt.gov.rs\\\/sq\\\/qytete-me-te-sigurta\\\/#primaryimage\",\"url\":\"https:\\\/\\\/kt.gov.rs\\\/wp-content\\\/uploads\\\/2024\\\/07\\\/newspic020v-5.jpg\",\"contentUrl\":\"https:\\\/\\\/kt.gov.rs\\\/wp-content\\\/uploads\\\/2024\\\/07\\\/newspic020v-5.jpg\",\"width\":315,\"height\":180},{\"@type\":\"BreadcrumbList\",\"@id\":\"https:\\\/\\\/kt.gov.rs\\\/sq\\\/qytete-me-te-sigurta\\\/#breadcrumb\",\"itemListElement\":[{\"@type\":\"ListItem\",\"position\":1,\"name\":\"\u041f\u043e\u0447\u0435\u0442\u043d\u0430\",\"item\":\"https:\\\/\\\/kt.gov.rs\\\/sq\\\/\"},{\"@type\":\"ListItem\",\"position\":2,\"name\":\"QYTETE M\u00cb T\u00cb SIGURTA\"}]},{\"@type\":\"WebSite\",\"@id\":\"https:\\\/\\\/kt.gov.rs\\\/#website\",\"url\":\"https:\\\/\\\/kt.gov.rs\\\/\",\"name\":\"\u041a\u043e\u043e\u0440\u0434\u0438\u043d\u0430\u0446\u0438\u043e\u043d\u043e \u0442\u0435\u043b\u043e \u0412\u043b\u0430\u0434\u0435 \u0420\u0435\u043f\u0443\u0431\u043b\u0438\u043a\u0435 \u0421\u0440\u0431\u0438\u0458\u0435 \u0437\u0430 \u043e\u043f\u0448\u0442\u0438\u043d\u0435 \u041f\u0440\u0435\u0448\u0435\u0432\u043e, \u0411\u0443\u0458\u0430\u043d\u043e\u0432\u0430\u0446 \u0438 \u041c\u0435\u0434\u0432\u0435\u0452a\",\"description\":\"\",\"publisher\":{\"@id\":\"https:\\\/\\\/kt.gov.rs\\\/#organization\"},\"alternateName\":\"\u041a\u043e\u043e\u0440\u0434\u0438\u043d\u0430\u0446\u0438\u043e\u043d\u043e \u0442\u0435\u043b\u043e\",\"potentialAction\":[{\"@type\":\"SearchAction\",\"target\":{\"@type\":\"EntryPoint\",\"urlTemplate\":\"https:\\\/\\\/kt.gov.rs\\\/?s={search_term_string}\"},\"query-input\":{\"@type\":\"PropertyValueSpecification\",\"valueRequired\":true,\"valueName\":\"search_term_string\"}}],\"inLanguage\":\"sq-AL\"},{\"@type\":\"Organization\",\"@id\":\"https:\\\/\\\/kt.gov.rs\\\/#organization\",\"name\":\"\u041a\u043e\u043e\u0440\u0434\u0438\u043d\u0430\u0446\u0438\u043e\u043d\u043e \u0442\u0435\u043b\u043e \u0412\u043b\u0430\u0434\u0435 \u0420\u0435\u043f\u0443\u0431\u043b\u0438\u043a\u0435 \u0421\u0440\u0431\u0438\u0458\u0435 \u0437\u0430 \u043e\u043f\u0448\u0442\u0438\u043d\u0435 \u041f\u0440\u0435\u0448\u0435\u0432\u043e, \u0411\u0443\u0458\u0430\u043d\u043e\u0432\u0430\u0446 \u0438 \u041c\u0435\u0434\u0432\u0435\u0452a\",\"alternateName\":\"\u041a\u043e\u043e\u0440\u0434\u0438\u043d\u0430\u0446\u0438\u043e\u043d\u043e \u0442\u0435\u043b\u043e\",\"url\":\"https:\\\/\\\/kt.gov.rs\\\/\",\"logo\":{\"@type\":\"ImageObject\",\"inLanguage\":\"sq-AL\",\"@id\":\"https:\\\/\\\/kt.gov.rs\\\/#\\\/schema\\\/logo\\\/image\\\/\",\"url\":\"https:\\\/\\\/kt.gov.rs\\\/wp-content\\\/uploads\\\/2024\\\/12\\\/koord2.jpg\",\"contentUrl\":\"https:\\\/\\\/kt.gov.rs\\\/wp-content\\\/uploads\\\/2024\\\/12\\\/koord2.jpg\",\"width\":640,\"height\":480,\"caption\":\"\u041a\u043e\u043e\u0440\u0434\u0438\u043d\u0430\u0446\u0438\u043e\u043d\u043e \u0442\u0435\u043b\u043e \u0412\u043b\u0430\u0434\u0435 \u0420\u0435\u043f\u0443\u0431\u043b\u0438\u043a\u0435 \u0421\u0440\u0431\u0438\u0458\u0435 \u0437\u0430 \u043e\u043f\u0448\u0442\u0438\u043d\u0435 \u041f\u0440\u0435\u0448\u0435\u0432\u043e, \u0411\u0443\u0458\u0430\u043d\u043e\u0432\u0430\u0446 \u0438 \u041c\u0435\u0434\u0432\u0435\u0452a\"},\"image\":{\"@id\":\"https:\\\/\\\/kt.gov.rs\\\/#\\\/schema\\\/logo\\\/image\\\/\"},\"sameAs\":[\"https:\\\/\\\/www.facebook.com\\\/SluzbaKoordinacionogTelaVladeRepublikeSrbije\",\"https:\\\/\\\/x.com\\\/kt_gov\",\"https:\\\/\\\/www.youtube.com\\\/@koordinacionotelo\"]},{\"@type\":\"Person\",\"@id\":\"https:\\\/\\\/kt.gov.rs\\\/#\\\/schema\\\/person\\\/e426459ddb4173309103390602694571\",\"name\":\"ktmin\",\"image\":{\"@type\":\"ImageObject\",\"inLanguage\":\"sq-AL\",\"@id\":\"https:\\\/\\\/secure.gravatar.com\\\/avatar\\\/3985c961109853010c3fbc7ba30365bfba5db3dd6c525831d9c595c7525a615a?s=96&d=mm&r=g\",\"url\":\"https:\\\/\\\/secure.gravatar.com\\\/avatar\\\/3985c961109853010c3fbc7ba30365bfba5db3dd6c525831d9c595c7525a615a?s=96&d=mm&r=g\",\"contentUrl\":\"https:\\\/\\\/secure.gravatar.com\\\/avatar\\\/3985c961109853010c3fbc7ba30365bfba5db3dd6c525831d9c595c7525a615a?s=96&d=mm&r=g\",\"caption\":\"ktmin\"},\"sameAs\":[\"https:\\\/\\\/kt.gov.rs\"],\"url\":\"https:\\\/\\\/kt.gov.rs\\\/sq\\\/author\\\/ktmin\\\/\"}]}<\/script>\n<!-- \/ Yoast SEO plugin. -->","yoast_head_json":{"title":"QYTETE M\u00cb T\u00cb SIGURTA - Republika e S\u00ebrbis\u00eb Trupi Koordinues p\u00ebr komunat Bujanoc, Preshev\u00eb dhe Medvegj\u00eb","robots":{"index":"index","follow":"follow","max-snippet":"max-snippet:-1","max-image-preview":"max-image-preview:large","max-video-preview":"max-video-preview:-1"},"canonical":"https:\/\/kt.gov.rs\/sq\/qytete-me-te-sigurta\/","og_locale":"sq_AL","og_type":"article","og_title":"QYTETE M\u00cb T\u00cb SIGURTA - Republika e S\u00ebrbis\u00eb Trupi Koordinues p\u00ebr komunat Bujanoc, Preshev\u00eb dhe Medvegj\u00eb","og_description":"Burimi: \u0408ugpres \/ Novi Sad \u2013 Leskovc \u2013 P\u00ebrfaq\u00ebsuesit e Grupeve punuese p\u00ebr hartimin e Strategjive p\u00ebr siguri n\u00eb komunat e rrethit t\u00eb Jabllanic\u00ebs dhe P\u00e7inj\u00ebs, m\u00eb 24 dhe 25 janar, kan\u00eb vizituar Qeverin\u00eb e Krahin\u00ebs Autonome t\u00eb Vojvodin\u00ebs ku u njoftuan me shembujt e praktik\u00ebs s\u00eb mir\u00eb q\u00eb jan\u00eb zbatuar n\u00eb Vojvodin\u00eb. Vizit\u00ebn studimore e organizoi programi PBILD, n\u00eb kuad\u00ebr t\u00eb projektit \u201cQytete m\u00eb t\u00eb sigurta\u201d.","og_url":"https:\/\/kt.gov.rs\/sq\/qytete-me-te-sigurta\/","og_site_name":"Republika e S\u00ebrbis\u00eb Trupi Koordinues p\u00ebr komunat Bujanoc, Preshev\u00eb dhe Medvegj\u00eb","article_publisher":"https:\/\/www.facebook.com\/SluzbaKoordinacionogTelaVladeRepublikeSrbije","article_published_time":"2013-01-29T00:00:00+00:00","article_modified_time":"2024-07-30T20:17:10+00:00","og_image":[{"width":315,"height":180,"url":"https:\/\/kt.gov.rs\/wp-content\/uploads\/2024\/07\/newspic020v-5.jpg","type":"image\/jpeg"}],"author":"ktmin","twitter_card":"summary_large_image","twitter_creator":"@kt_gov","twitter_site":"@kt_gov","twitter_misc":{"Written by":"ktmin","Est. reading time":"4 minutes"},"schema":{"@context":"https:\/\/schema.org","@graph":[{"@type":"Article","@id":"https:\/\/kt.gov.rs\/sq\/qytete-me-te-sigurta\/#article","isPartOf":{"@id":"https:\/\/kt.gov.rs\/sq\/qytete-me-te-sigurta\/"},"author":{"name":"ktmin","@id":"https:\/\/kt.gov.rs\/#\/schema\/person\/e426459ddb4173309103390602694571"},"headline":"QYTETE M\u00cb T\u00cb SIGURTA","datePublished":"2013-01-29T00:00:00+00:00","dateModified":"2024-07-30T20:17:10+00:00","mainEntityOfPage":{"@id":"https:\/\/kt.gov.rs\/sq\/qytete-me-te-sigurta\/"},"wordCount":721,"publisher":{"@id":"https:\/\/kt.gov.rs\/#organization"},"image":{"@id":"https:\/\/kt.gov.rs\/sq\/qytete-me-te-sigurta\/#primaryimage"},"thumbnailUrl":"https:\/\/kt.gov.rs\/wp-content\/uploads\/2024\/07\/newspic020v-5.jpg","articleSection":["Lajme"],"inLanguage":"sq-AL"},{"@type":"WebPage","@id":"https:\/\/kt.gov.rs\/sq\/qytete-me-te-sigurta\/","url":"https:\/\/kt.gov.rs\/sq\/qytete-me-te-sigurta\/","name":"QYTETE M\u00cb T\u00cb SIGURTA - Republika e S\u00ebrbis\u00eb Trupi Koordinues p\u00ebr komunat Bujanoc, Preshev\u00eb dhe Medvegj\u00eb","isPartOf":{"@id":"https:\/\/kt.gov.rs\/#website"},"primaryImageOfPage":{"@id":"https:\/\/kt.gov.rs\/sq\/qytete-me-te-sigurta\/#primaryimage"},"image":{"@id":"https:\/\/kt.gov.rs\/sq\/qytete-me-te-sigurta\/#primaryimage"},"thumbnailUrl":"https:\/\/kt.gov.rs\/wp-content\/uploads\/2024\/07\/newspic020v-5.jpg","datePublished":"2013-01-29T00:00:00+00:00","dateModified":"2024-07-30T20:17:10+00:00","breadcrumb":{"@id":"https:\/\/kt.gov.rs\/sq\/qytete-me-te-sigurta\/#breadcrumb"},"inLanguage":"sq-AL","potentialAction":[{"@type":"ReadAction","target":["https:\/\/kt.gov.rs\/sq\/qytete-me-te-sigurta\/"]}]},{"@type":"ImageObject","inLanguage":"sq-AL","@id":"https:\/\/kt.gov.rs\/sq\/qytete-me-te-sigurta\/#primaryimage","url":"https:\/\/kt.gov.rs\/wp-content\/uploads\/2024\/07\/newspic020v-5.jpg","contentUrl":"https:\/\/kt.gov.rs\/wp-content\/uploads\/2024\/07\/newspic020v-5.jpg","width":315,"height":180},{"@type":"BreadcrumbList","@id":"https:\/\/kt.gov.rs\/sq\/qytete-me-te-sigurta\/#breadcrumb","itemListElement":[{"@type":"ListItem","position":1,"name":"\u041f\u043e\u0447\u0435\u0442\u043d\u0430","item":"https:\/\/kt.gov.rs\/sq\/"},{"@type":"ListItem","position":2,"name":"QYTETE M\u00cb T\u00cb SIGURTA"}]},{"@type":"WebSite","@id":"https:\/\/kt.gov.rs\/#website","url":"https:\/\/kt.gov.rs\/","name":"\u041a\u043e\u043e\u0440\u0434\u0438\u043d\u0430\u0446\u0438\u043e\u043d\u043e \u0442\u0435\u043b\u043e \u0412\u043b\u0430\u0434\u0435 \u0420\u0435\u043f\u0443\u0431\u043b\u0438\u043a\u0435 \u0421\u0440\u0431\u0438\u0458\u0435 \u0437\u0430 \u043e\u043f\u0448\u0442\u0438\u043d\u0435 \u041f\u0440\u0435\u0448\u0435\u0432\u043e, \u0411\u0443\u0458\u0430\u043d\u043e\u0432\u0430\u0446 \u0438 \u041c\u0435\u0434\u0432\u0435\u0452a","description":"","publisher":{"@id":"https:\/\/kt.gov.rs\/#organization"},"alternateName":"\u041a\u043e\u043e\u0440\u0434\u0438\u043d\u0430\u0446\u0438\u043e\u043d\u043e \u0442\u0435\u043b\u043e","potentialAction":[{"@type":"SearchAction","target":{"@type":"EntryPoint","urlTemplate":"https:\/\/kt.gov.rs\/?s={search_term_string}"},"query-input":{"@type":"PropertyValueSpecification","valueRequired":true,"valueName":"search_term_string"}}],"inLanguage":"sq-AL"},{"@type":"Organization","@id":"https:\/\/kt.gov.rs\/#organization","name":"\u041a\u043e\u043e\u0440\u0434\u0438\u043d\u0430\u0446\u0438\u043e\u043d\u043e \u0442\u0435\u043b\u043e \u0412\u043b\u0430\u0434\u0435 \u0420\u0435\u043f\u0443\u0431\u043b\u0438\u043a\u0435 \u0421\u0440\u0431\u0438\u0458\u0435 \u0437\u0430 \u043e\u043f\u0448\u0442\u0438\u043d\u0435 \u041f\u0440\u0435\u0448\u0435\u0432\u043e, \u0411\u0443\u0458\u0430\u043d\u043e\u0432\u0430\u0446 \u0438 \u041c\u0435\u0434\u0432\u0435\u0452a","alternateName":"\u041a\u043e\u043e\u0440\u0434\u0438\u043d\u0430\u0446\u0438\u043e\u043d\u043e \u0442\u0435\u043b\u043e","url":"https:\/\/kt.gov.rs\/","logo":{"@type":"ImageObject","inLanguage":"sq-AL","@id":"https:\/\/kt.gov.rs\/#\/schema\/logo\/image\/","url":"https:\/\/kt.gov.rs\/wp-content\/uploads\/2024\/12\/koord2.jpg","contentUrl":"https:\/\/kt.gov.rs\/wp-content\/uploads\/2024\/12\/koord2.jpg","width":640,"height":480,"caption":"\u041a\u043e\u043e\u0440\u0434\u0438\u043d\u0430\u0446\u0438\u043e\u043d\u043e \u0442\u0435\u043b\u043e \u0412\u043b\u0430\u0434\u0435 \u0420\u0435\u043f\u0443\u0431\u043b\u0438\u043a\u0435 \u0421\u0440\u0431\u0438\u0458\u0435 \u0437\u0430 \u043e\u043f\u0448\u0442\u0438\u043d\u0435 \u041f\u0440\u0435\u0448\u0435\u0432\u043e, \u0411\u0443\u0458\u0430\u043d\u043e\u0432\u0430\u0446 \u0438 \u041c\u0435\u0434\u0432\u0435\u0452a"},"image":{"@id":"https:\/\/kt.gov.rs\/#\/schema\/logo\/image\/"},"sameAs":["https:\/\/www.facebook.com\/SluzbaKoordinacionogTelaVladeRepublikeSrbije","https:\/\/x.com\/kt_gov","https:\/\/www.youtube.com\/@koordinacionotelo"]},{"@type":"Person","@id":"https:\/\/kt.gov.rs\/#\/schema\/person\/e426459ddb4173309103390602694571","name":"ktmin","image":{"@type":"ImageObject","inLanguage":"sq-AL","@id":"https:\/\/secure.gravatar.com\/avatar\/3985c961109853010c3fbc7ba30365bfba5db3dd6c525831d9c595c7525a615a?s=96&d=mm&r=g","url":"https:\/\/secure.gravatar.com\/avatar\/3985c961109853010c3fbc7ba30365bfba5db3dd6c525831d9c595c7525a615a?s=96&d=mm&r=g","contentUrl":"https:\/\/secure.gravatar.com\/avatar\/3985c961109853010c3fbc7ba30365bfba5db3dd6c525831d9c595c7525a615a?s=96&d=mm&r=g","caption":"ktmin"},"sameAs":["https:\/\/kt.gov.rs"],"url":"https:\/\/kt.gov.rs\/sq\/author\/ktmin\/"}]}},"_links":{"self":[{"href":"https:\/\/kt.gov.rs\/sq\/wp-json\/wp\/v2\/posts\/141625","targetHints":{"allow":["GET"]}}],"collection":[{"href":"https:\/\/kt.gov.rs\/sq\/wp-json\/wp\/v2\/posts"}],"about":[{"href":"https:\/\/kt.gov.rs\/sq\/wp-json\/wp\/v2\/types\/post"}],"author":[{"embeddable":true,"href":"https:\/\/kt.gov.rs\/sq\/wp-json\/wp\/v2\/users\/1"}],"replies":[{"embeddable":true,"href":"https:\/\/kt.gov.rs\/sq\/wp-json\/wp\/v2\/comments?post=141625"}],"version-history":[{"count":1,"href":"https:\/\/kt.gov.rs\/sq\/wp-json\/wp\/v2\/posts\/141625\/revisions"}],"predecessor-version":[{"id":141629,"href":"https:\/\/kt.gov.rs\/sq\/wp-json\/wp\/v2\/posts\/141625\/revisions\/141629"}],"wp:featuredmedia":[{"embeddable":true,"href":"https:\/\/kt.gov.rs\/sq\/wp-json\/wp\/v2\/media\/141630"}],"wp:attachment":[{"href":"https:\/\/kt.gov.rs\/sq\/wp-json\/wp\/v2\/media?parent=141625"}],"wp:term":[{"taxonomy":"category","embeddable":true,"href":"https:\/\/kt.gov.rs\/sq\/wp-json\/wp\/v2\/categories?post=141625"},{"taxonomy":"post_tag","embeddable":true,"href":"https:\/\/kt.gov.rs\/sq\/wp-json\/wp\/v2\/tags?post=141625"}],"curies":[{"name":"wp","href":"https:\/\/api.w.org\/{rel}","templated":true}]}}