{"id":141427,"date":"2013-02-27T00:00:00","date_gmt":"2013-02-27T00:00:00","guid":{"rendered":"http:\/\/kt.printandscreen.rs\/uji-po-terhiqet-nga-rrethi-i-pcinjes\/"},"modified":"2024-07-30T20:16:48","modified_gmt":"2024-07-30T20:16:48","slug":"uji-po-terhiqet-nga-rrethi-i-pcinjes","status":"publish","type":"post","link":"https:\/\/kt.gov.rs\/sq\/uji-po-terhiqet-nga-rrethi-i-pcinjes\/","title":{"rendered":"UJI PO T\u00cbRHIQET NGA RRETHI I P\u00c7INJ\u00cbS"},"content":{"rendered":"<p>\n\t<img decoding=\"async\" alt=\"\" src=\"https:\/\/kt.gov.rs\/wp-content\/uploads\/2024\/07\/newspic047v-4.jpg\" style=\"width: 315px; height: 180px; float: left;\" \/>Bujanoc dhe Preshev\u00eb \u2013 Situata n\u00eb rrethin e P\u00e7inj\u00ebs, i cili ka qen\u00eb m\u00eb i rrezikuari nga p\u00ebrmbytjet ka filluar t\u00eb normalizohet, ka deklaruar kryeshefi i k\u00ebtij rrethi n\u00eb jug t\u00eb S\u00ebrbis\u00eb Budimir Mihajlloviq, por ka shtuar se ekziston frika nga p\u00ebrmbytjet n\u00ebse p\u00ebrs\u00ebri kemi reshje t\u00eb shiut.<\/p>\n<p>\n\t\u201cN\u00ebse prap bie shi do t\u00eb ket\u00eb p\u00ebrs\u00ebri probleme, por mendoj q\u00eb tani t\u00eb gjith\u00eb jemi t\u00eb p\u00ebrgatitur, n\u00ebse kjo ndodh\u00eb\u201d ka th\u00ebn\u00eb Mihajlloviq.<\/p>\n<p>\n\tSipas fjal\u00ebve t\u00eb tij, gjendja m\u00eb e r\u00ebnd\u00eb ka qen\u00eb n\u00eb fshatin Levosoj\u00eb, n\u00eb t\u00eb cilin kan\u00eb qen\u00eb t\u00eb rrezikuar rreth 30 sht\u00ebpi me rreth 100 njer\u00ebz. Ai tha se p\u00ebr njer\u00ebzit do t\u00eb jet\u00eb shum\u00eb e v\u00ebshtir\u00eb p\u00ebr t\u2019iu kthyer jet\u00ebs normale, pasi q\u00eb gjendja dje ka qen\u00eb \u201cshum\u00eb kritike\u201d dhe tek pas k\u00ebsaj do t\u00eb filloj\u00eb riparimi i d\u00ebmeve<\/p>\n<p>\n\t\u201cT\u00eb gjitha sh\u00ebrbimet jan\u00eb paraqitur shum\u00eb shpejt, por n\u00eb k\u00ebto gjendje t\u00eb jasht\u00ebzakonshme asnj\u00ebher\u00eb nuk mund t\u00eb parashikohen t\u00eb gjitha gj\u00ebrat. Njer\u00ebzit vet\u00eb jan\u00eb gjindur ashtu q\u00eb jan\u00eb ngjitur n\u00eb\u00a0 katet e ep\u00ebrme. Ve\u00e7an\u00ebrisht e kisha faleminderuar nj\u00ebsin\u00eb speciale nga Nishi, e cila ka ardhur me barka dhe i ka ndihmuar qytetar\u00ebt e rrezikuar\u201d, ka th\u00ebn\u00eb Mihajlloviq.<\/p>\n<p>\n\tAi ka th\u00ebn\u00eb se probleme ka edhe n\u00eb komun\u00ebn e Preshv\u00ebs dhe t\u00eb T\u00ebrgovisht\u00ebs, p\u00ebr t\u00eb t\u00eb cilave edhe \u00ebsht\u00eb shpallur gjendje e jasht\u00ebzakonshme, si dhe T\u00ebrgovisht\u00ebn sot do ta vizitoj\u00eb ekipi p\u00ebr situata emergjente.<\/p>\n<p>\n\t<strong>Burimi: <\/strong>Beta<\/p>\n<p>\n\t\u00a0<\/p>\n","protected":false},"excerpt":{"rendered":"<p>Bujanoc dhe Preshev\u00eb \u2013 Situata n\u00eb rrethin e P\u00e7inj\u00ebs, i cili ka qen\u00eb m\u00eb i rrezikuari nga p\u00ebrmbytjet ka filluar t\u00eb normalizohet, ka deklaruar kryeshefi i k\u00ebtij rrethi n\u00eb jug t\u00eb S\u00ebrbis\u00eb Budimir Mihajlloviq, por ka shtuar se ekziston frika nga p\u00ebrmbytjet n\u00ebse p\u00ebrs\u00ebri kemi reshje t\u00eb shiut.<\/p>\n","protected":false},"author":1,"featured_media":141432,"comment_status":"closed","ping_status":"closed","sticky":false,"template":"","format":"standard","meta":{"footnotes":""},"categories":[55],"tags":[],"class_list":["post-141427","post","type-post","status-publish","format-standard","has-post-thumbnail","hentry","category-lajme"],"yoast_head":"<!-- This site is optimized with the Yoast SEO plugin v27.5 - https:\/\/yoast.com\/product\/yoast-seo-wordpress\/ -->\n<title>UJI PO T\u00cbRHIQET NGA RRETHI I P\u00c7INJ\u00cbS - Republika e S\u00ebrbis\u00eb Trupi Koordinues p\u00ebr komunat Bujanoc, Preshev\u00eb dhe Medvegj\u00eb<\/title>\n<meta name=\"robots\" content=\"index, follow, max-snippet:-1, max-image-preview:large, max-video-preview:-1\" \/>\n<link rel=\"canonical\" href=\"https:\/\/kt.gov.rs\/sq\/uji-po-terhiqet-nga-rrethi-i-pcinjes\/\" \/>\n<meta property=\"og:locale\" content=\"sq_AL\" \/>\n<meta property=\"og:type\" content=\"article\" \/>\n<meta property=\"og:title\" content=\"UJI PO T\u00cbRHIQET NGA RRETHI I P\u00c7INJ\u00cbS - Republika e S\u00ebrbis\u00eb Trupi Koordinues p\u00ebr komunat Bujanoc, Preshev\u00eb dhe Medvegj\u00eb\" \/>\n<meta property=\"og:description\" content=\"Bujanoc dhe Preshev\u00eb \u2013 Situata n\u00eb rrethin e P\u00e7inj\u00ebs, i cili ka qen\u00eb m\u00eb i rrezikuari nga p\u00ebrmbytjet ka filluar t\u00eb normalizohet, ka deklaruar kryeshefi i k\u00ebtij rrethi n\u00eb jug t\u00eb S\u00ebrbis\u00eb Budimir Mihajlloviq, por ka shtuar se ekziston frika nga p\u00ebrmbytjet n\u00ebse p\u00ebrs\u00ebri kemi reshje t\u00eb shiut.\" \/>\n<meta property=\"og:url\" content=\"https:\/\/kt.gov.rs\/sq\/uji-po-terhiqet-nga-rrethi-i-pcinjes\/\" \/>\n<meta property=\"og:site_name\" content=\"Republika e S\u00ebrbis\u00eb Trupi Koordinues p\u00ebr komunat Bujanoc, Preshev\u00eb dhe Medvegj\u00eb\" \/>\n<meta property=\"article:publisher\" content=\"https:\/\/www.facebook.com\/SluzbaKoordinacionogTelaVladeRepublikeSrbije\" \/>\n<meta property=\"article:published_time\" content=\"2013-02-27T00:00:00+00:00\" \/>\n<meta property=\"article:modified_time\" content=\"2024-07-30T20:16:48+00:00\" \/>\n<meta property=\"og:image\" content=\"https:\/\/kt.gov.rs\/wp-content\/uploads\/2024\/07\/newspic047v-5.jpg\" \/>\n\t<meta property=\"og:image:width\" content=\"315\" \/>\n\t<meta property=\"og:image:height\" content=\"180\" \/>\n\t<meta property=\"og:image:type\" content=\"image\/jpeg\" \/>\n<meta name=\"author\" content=\"ktmin\" \/>\n<meta name=\"twitter:card\" content=\"summary_large_image\" \/>\n<meta name=\"twitter:creator\" content=\"@kt_gov\" \/>\n<meta name=\"twitter:site\" content=\"@kt_gov\" \/>\n<meta name=\"twitter:label1\" content=\"Written by\" \/>\n\t<meta name=\"twitter:data1\" content=\"ktmin\" \/>\n\t<meta name=\"twitter:label2\" content=\"Est. reading time\" \/>\n\t<meta name=\"twitter:data2\" content=\"2 minutes\" \/>\n<script type=\"application\/ld+json\" class=\"yoast-schema-graph\">{\"@context\":\"https:\\\/\\\/schema.org\",\"@graph\":[{\"@type\":\"Article\",\"@id\":\"https:\\\/\\\/kt.gov.rs\\\/sq\\\/uji-po-terhiqet-nga-rrethi-i-pcinjes\\\/#article\",\"isPartOf\":{\"@id\":\"https:\\\/\\\/kt.gov.rs\\\/sq\\\/uji-po-terhiqet-nga-rrethi-i-pcinjes\\\/\"},\"author\":{\"name\":\"ktmin\",\"@id\":\"https:\\\/\\\/kt.gov.rs\\\/#\\\/schema\\\/person\\\/e426459ddb4173309103390602694571\"},\"headline\":\"UJI PO T\u00cbRHIQET NGA RRETHI I P\u00c7INJ\u00cbS\",\"datePublished\":\"2013-02-27T00:00:00+00:00\",\"dateModified\":\"2024-07-30T20:16:48+00:00\",\"mainEntityOfPage\":{\"@id\":\"https:\\\/\\\/kt.gov.rs\\\/sq\\\/uji-po-terhiqet-nga-rrethi-i-pcinjes\\\/\"},\"wordCount\":401,\"publisher\":{\"@id\":\"https:\\\/\\\/kt.gov.rs\\\/#organization\"},\"image\":{\"@id\":\"https:\\\/\\\/kt.gov.rs\\\/sq\\\/uji-po-terhiqet-nga-rrethi-i-pcinjes\\\/#primaryimage\"},\"thumbnailUrl\":\"https:\\\/\\\/kt.gov.rs\\\/wp-content\\\/uploads\\\/2024\\\/07\\\/newspic047v-5.jpg\",\"articleSection\":[\"Lajme\"],\"inLanguage\":\"sq-AL\"},{\"@type\":\"WebPage\",\"@id\":\"https:\\\/\\\/kt.gov.rs\\\/sq\\\/uji-po-terhiqet-nga-rrethi-i-pcinjes\\\/\",\"url\":\"https:\\\/\\\/kt.gov.rs\\\/sq\\\/uji-po-terhiqet-nga-rrethi-i-pcinjes\\\/\",\"name\":\"UJI PO T\u00cbRHIQET NGA RRETHI I P\u00c7INJ\u00cbS - Republika e S\u00ebrbis\u00eb Trupi Koordinues p\u00ebr komunat Bujanoc, Preshev\u00eb dhe Medvegj\u00eb\",\"isPartOf\":{\"@id\":\"https:\\\/\\\/kt.gov.rs\\\/#website\"},\"primaryImageOfPage\":{\"@id\":\"https:\\\/\\\/kt.gov.rs\\\/sq\\\/uji-po-terhiqet-nga-rrethi-i-pcinjes\\\/#primaryimage\"},\"image\":{\"@id\":\"https:\\\/\\\/kt.gov.rs\\\/sq\\\/uji-po-terhiqet-nga-rrethi-i-pcinjes\\\/#primaryimage\"},\"thumbnailUrl\":\"https:\\\/\\\/kt.gov.rs\\\/wp-content\\\/uploads\\\/2024\\\/07\\\/newspic047v-5.jpg\",\"datePublished\":\"2013-02-27T00:00:00+00:00\",\"dateModified\":\"2024-07-30T20:16:48+00:00\",\"breadcrumb\":{\"@id\":\"https:\\\/\\\/kt.gov.rs\\\/sq\\\/uji-po-terhiqet-nga-rrethi-i-pcinjes\\\/#breadcrumb\"},\"inLanguage\":\"sq-AL\",\"potentialAction\":[{\"@type\":\"ReadAction\",\"target\":[\"https:\\\/\\\/kt.gov.rs\\\/sq\\\/uji-po-terhiqet-nga-rrethi-i-pcinjes\\\/\"]}]},{\"@type\":\"ImageObject\",\"inLanguage\":\"sq-AL\",\"@id\":\"https:\\\/\\\/kt.gov.rs\\\/sq\\\/uji-po-terhiqet-nga-rrethi-i-pcinjes\\\/#primaryimage\",\"url\":\"https:\\\/\\\/kt.gov.rs\\\/wp-content\\\/uploads\\\/2024\\\/07\\\/newspic047v-5.jpg\",\"contentUrl\":\"https:\\\/\\\/kt.gov.rs\\\/wp-content\\\/uploads\\\/2024\\\/07\\\/newspic047v-5.jpg\",\"width\":315,\"height\":180},{\"@type\":\"BreadcrumbList\",\"@id\":\"https:\\\/\\\/kt.gov.rs\\\/sq\\\/uji-po-terhiqet-nga-rrethi-i-pcinjes\\\/#breadcrumb\",\"itemListElement\":[{\"@type\":\"ListItem\",\"position\":1,\"name\":\"\u041f\u043e\u0447\u0435\u0442\u043d\u0430\",\"item\":\"https:\\\/\\\/kt.gov.rs\\\/sq\\\/\"},{\"@type\":\"ListItem\",\"position\":2,\"name\":\"UJI PO T\u00cbRHIQET NGA RRETHI I P\u00c7INJ\u00cbS\"}]},{\"@type\":\"WebSite\",\"@id\":\"https:\\\/\\\/kt.gov.rs\\\/#website\",\"url\":\"https:\\\/\\\/kt.gov.rs\\\/\",\"name\":\"\u041a\u043e\u043e\u0440\u0434\u0438\u043d\u0430\u0446\u0438\u043e\u043d\u043e \u0442\u0435\u043b\u043e \u0412\u043b\u0430\u0434\u0435 \u0420\u0435\u043f\u0443\u0431\u043b\u0438\u043a\u0435 \u0421\u0440\u0431\u0438\u0458\u0435 \u0437\u0430 \u043e\u043f\u0448\u0442\u0438\u043d\u0435 \u041f\u0440\u0435\u0448\u0435\u0432\u043e, \u0411\u0443\u0458\u0430\u043d\u043e\u0432\u0430\u0446 \u0438 \u041c\u0435\u0434\u0432\u0435\u0452a\",\"description\":\"\",\"publisher\":{\"@id\":\"https:\\\/\\\/kt.gov.rs\\\/#organization\"},\"alternateName\":\"\u041a\u043e\u043e\u0440\u0434\u0438\u043d\u0430\u0446\u0438\u043e\u043d\u043e \u0442\u0435\u043b\u043e\",\"potentialAction\":[{\"@type\":\"SearchAction\",\"target\":{\"@type\":\"EntryPoint\",\"urlTemplate\":\"https:\\\/\\\/kt.gov.rs\\\/?s={search_term_string}\"},\"query-input\":{\"@type\":\"PropertyValueSpecification\",\"valueRequired\":true,\"valueName\":\"search_term_string\"}}],\"inLanguage\":\"sq-AL\"},{\"@type\":\"Organization\",\"@id\":\"https:\\\/\\\/kt.gov.rs\\\/#organization\",\"name\":\"\u041a\u043e\u043e\u0440\u0434\u0438\u043d\u0430\u0446\u0438\u043e\u043d\u043e \u0442\u0435\u043b\u043e \u0412\u043b\u0430\u0434\u0435 \u0420\u0435\u043f\u0443\u0431\u043b\u0438\u043a\u0435 \u0421\u0440\u0431\u0438\u0458\u0435 \u0437\u0430 \u043e\u043f\u0448\u0442\u0438\u043d\u0435 \u041f\u0440\u0435\u0448\u0435\u0432\u043e, \u0411\u0443\u0458\u0430\u043d\u043e\u0432\u0430\u0446 \u0438 \u041c\u0435\u0434\u0432\u0435\u0452a\",\"alternateName\":\"\u041a\u043e\u043e\u0440\u0434\u0438\u043d\u0430\u0446\u0438\u043e\u043d\u043e \u0442\u0435\u043b\u043e\",\"url\":\"https:\\\/\\\/kt.gov.rs\\\/\",\"logo\":{\"@type\":\"ImageObject\",\"inLanguage\":\"sq-AL\",\"@id\":\"https:\\\/\\\/kt.gov.rs\\\/#\\\/schema\\\/logo\\\/image\\\/\",\"url\":\"https:\\\/\\\/kt.gov.rs\\\/wp-content\\\/uploads\\\/2024\\\/12\\\/koord2.jpg\",\"contentUrl\":\"https:\\\/\\\/kt.gov.rs\\\/wp-content\\\/uploads\\\/2024\\\/12\\\/koord2.jpg\",\"width\":640,\"height\":480,\"caption\":\"\u041a\u043e\u043e\u0440\u0434\u0438\u043d\u0430\u0446\u0438\u043e\u043d\u043e \u0442\u0435\u043b\u043e \u0412\u043b\u0430\u0434\u0435 \u0420\u0435\u043f\u0443\u0431\u043b\u0438\u043a\u0435 \u0421\u0440\u0431\u0438\u0458\u0435 \u0437\u0430 \u043e\u043f\u0448\u0442\u0438\u043d\u0435 \u041f\u0440\u0435\u0448\u0435\u0432\u043e, \u0411\u0443\u0458\u0430\u043d\u043e\u0432\u0430\u0446 \u0438 \u041c\u0435\u0434\u0432\u0435\u0452a\"},\"image\":{\"@id\":\"https:\\\/\\\/kt.gov.rs\\\/#\\\/schema\\\/logo\\\/image\\\/\"},\"sameAs\":[\"https:\\\/\\\/www.facebook.com\\\/SluzbaKoordinacionogTelaVladeRepublikeSrbije\",\"https:\\\/\\\/x.com\\\/kt_gov\",\"https:\\\/\\\/www.youtube.com\\\/@koordinacionotelo\"]},{\"@type\":\"Person\",\"@id\":\"https:\\\/\\\/kt.gov.rs\\\/#\\\/schema\\\/person\\\/e426459ddb4173309103390602694571\",\"name\":\"ktmin\",\"image\":{\"@type\":\"ImageObject\",\"inLanguage\":\"sq-AL\",\"@id\":\"https:\\\/\\\/secure.gravatar.com\\\/avatar\\\/3985c961109853010c3fbc7ba30365bfba5db3dd6c525831d9c595c7525a615a?s=96&d=mm&r=g\",\"url\":\"https:\\\/\\\/secure.gravatar.com\\\/avatar\\\/3985c961109853010c3fbc7ba30365bfba5db3dd6c525831d9c595c7525a615a?s=96&d=mm&r=g\",\"contentUrl\":\"https:\\\/\\\/secure.gravatar.com\\\/avatar\\\/3985c961109853010c3fbc7ba30365bfba5db3dd6c525831d9c595c7525a615a?s=96&d=mm&r=g\",\"caption\":\"ktmin\"},\"sameAs\":[\"https:\\\/\\\/kt.gov.rs\"],\"url\":\"https:\\\/\\\/kt.gov.rs\\\/sq\\\/author\\\/ktmin\\\/\"}]}<\/script>\n<!-- \/ Yoast SEO plugin. -->","yoast_head_json":{"title":"UJI PO T\u00cbRHIQET NGA RRETHI I P\u00c7INJ\u00cbS - Republika e S\u00ebrbis\u00eb Trupi Koordinues p\u00ebr komunat Bujanoc, Preshev\u00eb dhe Medvegj\u00eb","robots":{"index":"index","follow":"follow","max-snippet":"max-snippet:-1","max-image-preview":"max-image-preview:large","max-video-preview":"max-video-preview:-1"},"canonical":"https:\/\/kt.gov.rs\/sq\/uji-po-terhiqet-nga-rrethi-i-pcinjes\/","og_locale":"sq_AL","og_type":"article","og_title":"UJI PO T\u00cbRHIQET NGA RRETHI I P\u00c7INJ\u00cbS - Republika e S\u00ebrbis\u00eb Trupi Koordinues p\u00ebr komunat Bujanoc, Preshev\u00eb dhe Medvegj\u00eb","og_description":"Bujanoc dhe Preshev\u00eb \u2013 Situata n\u00eb rrethin e P\u00e7inj\u00ebs, i cili ka qen\u00eb m\u00eb i rrezikuari nga p\u00ebrmbytjet ka filluar t\u00eb normalizohet, ka deklaruar kryeshefi i k\u00ebtij rrethi n\u00eb jug t\u00eb S\u00ebrbis\u00eb Budimir Mihajlloviq, por ka shtuar se ekziston frika nga p\u00ebrmbytjet n\u00ebse p\u00ebrs\u00ebri kemi reshje t\u00eb shiut.","og_url":"https:\/\/kt.gov.rs\/sq\/uji-po-terhiqet-nga-rrethi-i-pcinjes\/","og_site_name":"Republika e S\u00ebrbis\u00eb Trupi Koordinues p\u00ebr komunat Bujanoc, Preshev\u00eb dhe Medvegj\u00eb","article_publisher":"https:\/\/www.facebook.com\/SluzbaKoordinacionogTelaVladeRepublikeSrbije","article_published_time":"2013-02-27T00:00:00+00:00","article_modified_time":"2024-07-30T20:16:48+00:00","og_image":[{"width":315,"height":180,"url":"https:\/\/kt.gov.rs\/wp-content\/uploads\/2024\/07\/newspic047v-5.jpg","type":"image\/jpeg"}],"author":"ktmin","twitter_card":"summary_large_image","twitter_creator":"@kt_gov","twitter_site":"@kt_gov","twitter_misc":{"Written by":"ktmin","Est. reading time":"2 minutes"},"schema":{"@context":"https:\/\/schema.org","@graph":[{"@type":"Article","@id":"https:\/\/kt.gov.rs\/sq\/uji-po-terhiqet-nga-rrethi-i-pcinjes\/#article","isPartOf":{"@id":"https:\/\/kt.gov.rs\/sq\/uji-po-terhiqet-nga-rrethi-i-pcinjes\/"},"author":{"name":"ktmin","@id":"https:\/\/kt.gov.rs\/#\/schema\/person\/e426459ddb4173309103390602694571"},"headline":"UJI PO T\u00cbRHIQET NGA RRETHI I P\u00c7INJ\u00cbS","datePublished":"2013-02-27T00:00:00+00:00","dateModified":"2024-07-30T20:16:48+00:00","mainEntityOfPage":{"@id":"https:\/\/kt.gov.rs\/sq\/uji-po-terhiqet-nga-rrethi-i-pcinjes\/"},"wordCount":401,"publisher":{"@id":"https:\/\/kt.gov.rs\/#organization"},"image":{"@id":"https:\/\/kt.gov.rs\/sq\/uji-po-terhiqet-nga-rrethi-i-pcinjes\/#primaryimage"},"thumbnailUrl":"https:\/\/kt.gov.rs\/wp-content\/uploads\/2024\/07\/newspic047v-5.jpg","articleSection":["Lajme"],"inLanguage":"sq-AL"},{"@type":"WebPage","@id":"https:\/\/kt.gov.rs\/sq\/uji-po-terhiqet-nga-rrethi-i-pcinjes\/","url":"https:\/\/kt.gov.rs\/sq\/uji-po-terhiqet-nga-rrethi-i-pcinjes\/","name":"UJI PO T\u00cbRHIQET NGA RRETHI I P\u00c7INJ\u00cbS - Republika e S\u00ebrbis\u00eb Trupi Koordinues p\u00ebr komunat Bujanoc, Preshev\u00eb dhe Medvegj\u00eb","isPartOf":{"@id":"https:\/\/kt.gov.rs\/#website"},"primaryImageOfPage":{"@id":"https:\/\/kt.gov.rs\/sq\/uji-po-terhiqet-nga-rrethi-i-pcinjes\/#primaryimage"},"image":{"@id":"https:\/\/kt.gov.rs\/sq\/uji-po-terhiqet-nga-rrethi-i-pcinjes\/#primaryimage"},"thumbnailUrl":"https:\/\/kt.gov.rs\/wp-content\/uploads\/2024\/07\/newspic047v-5.jpg","datePublished":"2013-02-27T00:00:00+00:00","dateModified":"2024-07-30T20:16:48+00:00","breadcrumb":{"@id":"https:\/\/kt.gov.rs\/sq\/uji-po-terhiqet-nga-rrethi-i-pcinjes\/#breadcrumb"},"inLanguage":"sq-AL","potentialAction":[{"@type":"ReadAction","target":["https:\/\/kt.gov.rs\/sq\/uji-po-terhiqet-nga-rrethi-i-pcinjes\/"]}]},{"@type":"ImageObject","inLanguage":"sq-AL","@id":"https:\/\/kt.gov.rs\/sq\/uji-po-terhiqet-nga-rrethi-i-pcinjes\/#primaryimage","url":"https:\/\/kt.gov.rs\/wp-content\/uploads\/2024\/07\/newspic047v-5.jpg","contentUrl":"https:\/\/kt.gov.rs\/wp-content\/uploads\/2024\/07\/newspic047v-5.jpg","width":315,"height":180},{"@type":"BreadcrumbList","@id":"https:\/\/kt.gov.rs\/sq\/uji-po-terhiqet-nga-rrethi-i-pcinjes\/#breadcrumb","itemListElement":[{"@type":"ListItem","position":1,"name":"\u041f\u043e\u0447\u0435\u0442\u043d\u0430","item":"https:\/\/kt.gov.rs\/sq\/"},{"@type":"ListItem","position":2,"name":"UJI PO T\u00cbRHIQET NGA RRETHI I P\u00c7INJ\u00cbS"}]},{"@type":"WebSite","@id":"https:\/\/kt.gov.rs\/#website","url":"https:\/\/kt.gov.rs\/","name":"\u041a\u043e\u043e\u0440\u0434\u0438\u043d\u0430\u0446\u0438\u043e\u043d\u043e \u0442\u0435\u043b\u043e \u0412\u043b\u0430\u0434\u0435 \u0420\u0435\u043f\u0443\u0431\u043b\u0438\u043a\u0435 \u0421\u0440\u0431\u0438\u0458\u0435 \u0437\u0430 \u043e\u043f\u0448\u0442\u0438\u043d\u0435 \u041f\u0440\u0435\u0448\u0435\u0432\u043e, \u0411\u0443\u0458\u0430\u043d\u043e\u0432\u0430\u0446 \u0438 \u041c\u0435\u0434\u0432\u0435\u0452a","description":"","publisher":{"@id":"https:\/\/kt.gov.rs\/#organization"},"alternateName":"\u041a\u043e\u043e\u0440\u0434\u0438\u043d\u0430\u0446\u0438\u043e\u043d\u043e \u0442\u0435\u043b\u043e","potentialAction":[{"@type":"SearchAction","target":{"@type":"EntryPoint","urlTemplate":"https:\/\/kt.gov.rs\/?s={search_term_string}"},"query-input":{"@type":"PropertyValueSpecification","valueRequired":true,"valueName":"search_term_string"}}],"inLanguage":"sq-AL"},{"@type":"Organization","@id":"https:\/\/kt.gov.rs\/#organization","name":"\u041a\u043e\u043e\u0440\u0434\u0438\u043d\u0430\u0446\u0438\u043e\u043d\u043e \u0442\u0435\u043b\u043e \u0412\u043b\u0430\u0434\u0435 \u0420\u0435\u043f\u0443\u0431\u043b\u0438\u043a\u0435 \u0421\u0440\u0431\u0438\u0458\u0435 \u0437\u0430 \u043e\u043f\u0448\u0442\u0438\u043d\u0435 \u041f\u0440\u0435\u0448\u0435\u0432\u043e, \u0411\u0443\u0458\u0430\u043d\u043e\u0432\u0430\u0446 \u0438 \u041c\u0435\u0434\u0432\u0435\u0452a","alternateName":"\u041a\u043e\u043e\u0440\u0434\u0438\u043d\u0430\u0446\u0438\u043e\u043d\u043e \u0442\u0435\u043b\u043e","url":"https:\/\/kt.gov.rs\/","logo":{"@type":"ImageObject","inLanguage":"sq-AL","@id":"https:\/\/kt.gov.rs\/#\/schema\/logo\/image\/","url":"https:\/\/kt.gov.rs\/wp-content\/uploads\/2024\/12\/koord2.jpg","contentUrl":"https:\/\/kt.gov.rs\/wp-content\/uploads\/2024\/12\/koord2.jpg","width":640,"height":480,"caption":"\u041a\u043e\u043e\u0440\u0434\u0438\u043d\u0430\u0446\u0438\u043e\u043d\u043e \u0442\u0435\u043b\u043e \u0412\u043b\u0430\u0434\u0435 \u0420\u0435\u043f\u0443\u0431\u043b\u0438\u043a\u0435 \u0421\u0440\u0431\u0438\u0458\u0435 \u0437\u0430 \u043e\u043f\u0448\u0442\u0438\u043d\u0435 \u041f\u0440\u0435\u0448\u0435\u0432\u043e, \u0411\u0443\u0458\u0430\u043d\u043e\u0432\u0430\u0446 \u0438 \u041c\u0435\u0434\u0432\u0435\u0452a"},"image":{"@id":"https:\/\/kt.gov.rs\/#\/schema\/logo\/image\/"},"sameAs":["https:\/\/www.facebook.com\/SluzbaKoordinacionogTelaVladeRepublikeSrbije","https:\/\/x.com\/kt_gov","https:\/\/www.youtube.com\/@koordinacionotelo"]},{"@type":"Person","@id":"https:\/\/kt.gov.rs\/#\/schema\/person\/e426459ddb4173309103390602694571","name":"ktmin","image":{"@type":"ImageObject","inLanguage":"sq-AL","@id":"https:\/\/secure.gravatar.com\/avatar\/3985c961109853010c3fbc7ba30365bfba5db3dd6c525831d9c595c7525a615a?s=96&d=mm&r=g","url":"https:\/\/secure.gravatar.com\/avatar\/3985c961109853010c3fbc7ba30365bfba5db3dd6c525831d9c595c7525a615a?s=96&d=mm&r=g","contentUrl":"https:\/\/secure.gravatar.com\/avatar\/3985c961109853010c3fbc7ba30365bfba5db3dd6c525831d9c595c7525a615a?s=96&d=mm&r=g","caption":"ktmin"},"sameAs":["https:\/\/kt.gov.rs"],"url":"https:\/\/kt.gov.rs\/sq\/author\/ktmin\/"}]}},"_links":{"self":[{"href":"https:\/\/kt.gov.rs\/sq\/wp-json\/wp\/v2\/posts\/141427","targetHints":{"allow":["GET"]}}],"collection":[{"href":"https:\/\/kt.gov.rs\/sq\/wp-json\/wp\/v2\/posts"}],"about":[{"href":"https:\/\/kt.gov.rs\/sq\/wp-json\/wp\/v2\/types\/post"}],"author":[{"embeddable":true,"href":"https:\/\/kt.gov.rs\/sq\/wp-json\/wp\/v2\/users\/1"}],"replies":[{"embeddable":true,"href":"https:\/\/kt.gov.rs\/sq\/wp-json\/wp\/v2\/comments?post=141427"}],"version-history":[{"count":1,"href":"https:\/\/kt.gov.rs\/sq\/wp-json\/wp\/v2\/posts\/141427\/revisions"}],"predecessor-version":[{"id":141431,"href":"https:\/\/kt.gov.rs\/sq\/wp-json\/wp\/v2\/posts\/141427\/revisions\/141431"}],"wp:featuredmedia":[{"embeddable":true,"href":"https:\/\/kt.gov.rs\/sq\/wp-json\/wp\/v2\/media\/141432"}],"wp:attachment":[{"href":"https:\/\/kt.gov.rs\/sq\/wp-json\/wp\/v2\/media?parent=141427"}],"wp:term":[{"taxonomy":"category","embeddable":true,"href":"https:\/\/kt.gov.rs\/sq\/wp-json\/wp\/v2\/categories?post=141427"},{"taxonomy":"post_tag","embeddable":true,"href":"https:\/\/kt.gov.rs\/sq\/wp-json\/wp\/v2\/tags?post=141427"}],"curies":[{"name":"wp","href":"https:\/\/api.w.org\/{rel}","templated":true}]}}