{"id":140791,"date":"2013-07-23T00:00:00","date_gmt":"2013-07-23T00:00:00","guid":{"rendered":"http:\/\/kt.printandscreen.rs\/njoftim-per-media-23-07-2013\/"},"modified":"2024-07-30T20:15:42","modified_gmt":"2024-07-30T20:15:42","slug":"njoftim-per-media-23-07-2013","status":"publish","type":"post","link":"https:\/\/kt.gov.rs\/sq\/njoftim-per-media-23-07-2013\/","title":{"rendered":"NJOFTIM P\u00cbR MEDIA \u2013 23.07.2013."},"content":{"rendered":"<p>\n\t<img decoding=\"async\" alt=\"\" src=\"https:\/\/kt.gov.rs\/wp-content\/uploads\/2024\/07\/newspic_sm-338.jpg\" style=\"width: 315px; height: 180px; float: left;\" \/>N\u00eb nd\u00ebrtes\u00ebn e komun\u00ebs Bujanocit n\u00eb hapsirat e Press qendr\u00ebs, 18 nd\u00ebrrmarsit nga Presheva dhe Bujanoci kan\u00eb n\u00ebnshkruar kontrat\u00ebn p\u00ebr ndarjen e mjeteve t\u00eb pa kthyeshme subvencinonet p\u00ebr nd\u00ebrrmarjet e vogla dhe t\u00eb mesme si dhe kooperativat buqsore. N\u00eb konkurs p\u00ebr k\u00ebto dy komunat jan\u00eb ndar\u00eb gjithsej 48 milion dinar\u00eb dhe at\u00eb p\u00ebr 10 nd\u00ebrrmarje nga Bujanoci dhe tet\u00eb nga Presheva.<\/p>\n<p>\n\tMjetet p\u00ebr subvecionet p\u00ebr subjeketet e nd\u00ebrrmarsis jan\u00eb ndar\u00eb n\u00eb baz\u00eb t\u00eb programit t\u00eb \u00a0masave p\u00ebr rradhimi dhe p\u00ebr ndarjen e mjet\u00ebve p\u00ebr subvencionet\u00a0 e subjekteve nd\u00ebrmar\u00ebse t\u00eb pron\u00ebsis\u00eb\u00a0 private n\u00eb komun\u00eb e Preshev\u00ebs, Bujanocit dhe Medvegj\u00ebs, t\u00eb cil\u00ebn Qeveria e Republik\u00ebs S\u00ebrbis e ka miratu me 30. prill 2013. N\u00eb programin e masave mendim pozitiv kan\u00eb dh\u00ebn\u00eb edhe Ministria e zhvillimit regjional dhe qeverisjes lokale dhe Ministria e buqsis, pylltaris dhe administrimit ujor.\u00a0<\/p>\n<p>\n\tKushtet n\u00eb konkurs p\u00ebr t\u00eb marr\u00eb mjete kan\u00eb qen\u00eb: pun\u00eb pozitive m\u00eb s\u00eb paku tri vite, n\u00eb baz\u00eb t\u00eb obligimeve p\u00ebr tatimet dhe kontributet t\u00eb jen\u00eb t\u00eb paguara t\u00eb gjitha detyrimet, t\u00eb mos jet\u00eb n\u00eb prces t\u00eb falimintimit apo likuidimit si dhe n\u00eb dy vitet e fundit t\u00eb mos jet n\u00eb masa nd\u00ebshkuese p\u00ebr zhvillim e biznesit. Po ashtu, ka qen\u00eb p\u00ebr nd\u00ebrrmarsit q\u00eb t\u00eb ken\u00eb s\u00eb paku dy t\u00eb punsuar n\u00eb koh t\u00eb pacaktuar.<\/p>\n<p>\n\tN\u00eb konkurs kan\u00eb arritur 56 aplikacione nga tri komunat, afati p\u00ebr dorzim ka qen\u00eb 11. qershor. N\u00eb pun\u00ebn e komisionit kan\u00eb marr\u00eb pjes\u00eb Trupi koordinues dhe tri komunat, p\u00ebrfaqsuesit e Ministris zhvillimit regjonal dhe vetqeverisjes lokale, Ministria e buqsis\u00eb, pylltaris\u00eb dhe administrimit t\u00eb ujrav si dhe ekspert i pavarur.<\/p>\n<p>\n\tDuke pasur parasysh subjektet nd\u00ebrrmarse t\u00eb cilat kan\u00eb konkuruar nga komuna e\u00a0 Medvegj\u00ebs, nuk ka pasur aplikacione t\u00eb kompletuara, shuma prej 12 milion dinar\u00eb kan\u00eb mbet t\u00eb pa ndara. Sh\u00ebrbimi i Trupit koordinues ka marr\u00eb vendim q\u00eb ta p\u00ebrs\u00ebris\u00eb konkursin p\u00ebr nd\u00ebrrmarsit n\u00eb Medvegj\u00eb, dha aj do t\u00eb hapet n\u00eb muajin gusht.<\/p>\n<p>\n\t\u00a0<\/p>\n","protected":false},"excerpt":{"rendered":"<p>N\u00eb nd\u00ebrtes\u00ebn e komun\u00ebs Bujanocit n\u00eb hapsirat e Press qendr\u00ebs, 18 nd\u00ebrrmarsit nga Presheva dhe Bujanoci kan\u00eb n\u00ebnshkruar kontrat\u00ebn p\u00ebr ndarjen e mjeteve t\u00eb pa kthyeshme subvencinonet p\u00ebr nd\u00ebrrmarjet e vogla dhe t\u00eb mesme si dhe kooperativat buqsore.<\/p>\n","protected":false},"author":1,"featured_media":140796,"comment_status":"closed","ping_status":"closed","sticky":false,"template":"","format":"standard","meta":{"footnotes":""},"categories":[55],"tags":[],"class_list":["post-140791","post","type-post","status-publish","format-standard","has-post-thumbnail","hentry","category-lajme"],"yoast_head":"<!-- This site is optimized with the Yoast SEO plugin v27.5 - https:\/\/yoast.com\/product\/yoast-seo-wordpress\/ -->\n<title>NJOFTIM P\u00cbR MEDIA - 23.07.2013. - Republika e S\u00ebrbis\u00eb Trupi Koordinues p\u00ebr komunat Bujanoc, Preshev\u00eb dhe Medvegj\u00eb<\/title>\n<meta name=\"robots\" content=\"index, follow, max-snippet:-1, max-image-preview:large, max-video-preview:-1\" \/>\n<link rel=\"canonical\" href=\"https:\/\/kt.gov.rs\/sq\/njoftim-per-media-23-07-2013\/\" \/>\n<meta property=\"og:locale\" content=\"sq_AL\" \/>\n<meta property=\"og:type\" content=\"article\" \/>\n<meta property=\"og:title\" content=\"NJOFTIM P\u00cbR MEDIA - 23.07.2013. - Republika e S\u00ebrbis\u00eb Trupi Koordinues p\u00ebr komunat Bujanoc, Preshev\u00eb dhe Medvegj\u00eb\" \/>\n<meta property=\"og:description\" content=\"N\u00eb nd\u00ebrtes\u00ebn e komun\u00ebs Bujanocit n\u00eb hapsirat e Press qendr\u00ebs, 18 nd\u00ebrrmarsit nga Presheva dhe Bujanoci kan\u00eb n\u00ebnshkruar kontrat\u00ebn p\u00ebr ndarjen e mjeteve t\u00eb pa kthyeshme subvencinonet p\u00ebr nd\u00ebrrmarjet e vogla dhe t\u00eb mesme si dhe kooperativat buqsore.\" \/>\n<meta property=\"og:url\" content=\"https:\/\/kt.gov.rs\/sq\/njoftim-per-media-23-07-2013\/\" \/>\n<meta property=\"og:site_name\" content=\"Republika e S\u00ebrbis\u00eb Trupi Koordinues p\u00ebr komunat Bujanoc, Preshev\u00eb dhe Medvegj\u00eb\" \/>\n<meta property=\"article:publisher\" content=\"https:\/\/www.facebook.com\/SluzbaKoordinacionogTelaVladeRepublikeSrbije\" \/>\n<meta property=\"article:published_time\" content=\"2013-07-23T00:00:00+00:00\" \/>\n<meta property=\"article:modified_time\" content=\"2024-07-30T20:15:42+00:00\" \/>\n<meta property=\"og:image\" content=\"https:\/\/kt.gov.rs\/wp-content\/uploads\/2024\/07\/newspic_sm-339.jpg\" \/>\n\t<meta property=\"og:image:width\" content=\"315\" \/>\n\t<meta property=\"og:image:height\" content=\"180\" \/>\n\t<meta property=\"og:image:type\" content=\"image\/jpeg\" \/>\n<meta name=\"author\" content=\"ktmin\" \/>\n<meta name=\"twitter:card\" content=\"summary_large_image\" \/>\n<meta name=\"twitter:creator\" content=\"@kt_gov\" \/>\n<meta name=\"twitter:site\" content=\"@kt_gov\" \/>\n<meta name=\"twitter:label1\" content=\"Written by\" \/>\n\t<meta name=\"twitter:data1\" content=\"ktmin\" \/>\n\t<meta name=\"twitter:label2\" content=\"Est. reading time\" \/>\n\t<meta name=\"twitter:data2\" content=\"2 minutes\" \/>\n<script type=\"application\/ld+json\" class=\"yoast-schema-graph\">{\"@context\":\"https:\\\/\\\/schema.org\",\"@graph\":[{\"@type\":\"Article\",\"@id\":\"https:\\\/\\\/kt.gov.rs\\\/sq\\\/njoftim-per-media-23-07-2013\\\/#article\",\"isPartOf\":{\"@id\":\"https:\\\/\\\/kt.gov.rs\\\/sq\\\/njoftim-per-media-23-07-2013\\\/\"},\"author\":{\"name\":\"ktmin\",\"@id\":\"https:\\\/\\\/kt.gov.rs\\\/#\\\/schema\\\/person\\\/e426459ddb4173309103390602694571\"},\"headline\":\"NJOFTIM P\u00cbR MEDIA \u2013 23.07.2013.\",\"datePublished\":\"2013-07-23T00:00:00+00:00\",\"dateModified\":\"2024-07-30T20:15:42+00:00\",\"mainEntityOfPage\":{\"@id\":\"https:\\\/\\\/kt.gov.rs\\\/sq\\\/njoftim-per-media-23-07-2013\\\/\"},\"wordCount\":484,\"publisher\":{\"@id\":\"https:\\\/\\\/kt.gov.rs\\\/#organization\"},\"image\":{\"@id\":\"https:\\\/\\\/kt.gov.rs\\\/sq\\\/njoftim-per-media-23-07-2013\\\/#primaryimage\"},\"thumbnailUrl\":\"https:\\\/\\\/kt.gov.rs\\\/wp-content\\\/uploads\\\/2024\\\/07\\\/newspic_sm-339.jpg\",\"articleSection\":[\"Lajme\"],\"inLanguage\":\"sq-AL\"},{\"@type\":\"WebPage\",\"@id\":\"https:\\\/\\\/kt.gov.rs\\\/sq\\\/njoftim-per-media-23-07-2013\\\/\",\"url\":\"https:\\\/\\\/kt.gov.rs\\\/sq\\\/njoftim-per-media-23-07-2013\\\/\",\"name\":\"NJOFTIM P\u00cbR MEDIA - 23.07.2013. - Republika e S\u00ebrbis\u00eb Trupi Koordinues p\u00ebr komunat Bujanoc, Preshev\u00eb dhe Medvegj\u00eb\",\"isPartOf\":{\"@id\":\"https:\\\/\\\/kt.gov.rs\\\/#website\"},\"primaryImageOfPage\":{\"@id\":\"https:\\\/\\\/kt.gov.rs\\\/sq\\\/njoftim-per-media-23-07-2013\\\/#primaryimage\"},\"image\":{\"@id\":\"https:\\\/\\\/kt.gov.rs\\\/sq\\\/njoftim-per-media-23-07-2013\\\/#primaryimage\"},\"thumbnailUrl\":\"https:\\\/\\\/kt.gov.rs\\\/wp-content\\\/uploads\\\/2024\\\/07\\\/newspic_sm-339.jpg\",\"datePublished\":\"2013-07-23T00:00:00+00:00\",\"dateModified\":\"2024-07-30T20:15:42+00:00\",\"breadcrumb\":{\"@id\":\"https:\\\/\\\/kt.gov.rs\\\/sq\\\/njoftim-per-media-23-07-2013\\\/#breadcrumb\"},\"inLanguage\":\"sq-AL\",\"potentialAction\":[{\"@type\":\"ReadAction\",\"target\":[\"https:\\\/\\\/kt.gov.rs\\\/sq\\\/njoftim-per-media-23-07-2013\\\/\"]}]},{\"@type\":\"ImageObject\",\"inLanguage\":\"sq-AL\",\"@id\":\"https:\\\/\\\/kt.gov.rs\\\/sq\\\/njoftim-per-media-23-07-2013\\\/#primaryimage\",\"url\":\"https:\\\/\\\/kt.gov.rs\\\/wp-content\\\/uploads\\\/2024\\\/07\\\/newspic_sm-339.jpg\",\"contentUrl\":\"https:\\\/\\\/kt.gov.rs\\\/wp-content\\\/uploads\\\/2024\\\/07\\\/newspic_sm-339.jpg\",\"width\":315,\"height\":180},{\"@type\":\"BreadcrumbList\",\"@id\":\"https:\\\/\\\/kt.gov.rs\\\/sq\\\/njoftim-per-media-23-07-2013\\\/#breadcrumb\",\"itemListElement\":[{\"@type\":\"ListItem\",\"position\":1,\"name\":\"Po\u010detna\",\"item\":\"https:\\\/\\\/kt.gov.rs\\\/sq\\\/\"},{\"@type\":\"ListItem\",\"position\":2,\"name\":\"NJOFTIM P\u00cbR MEDIA \u2013 23.07.2013.\"}]},{\"@type\":\"WebSite\",\"@id\":\"https:\\\/\\\/kt.gov.rs\\\/#website\",\"url\":\"https:\\\/\\\/kt.gov.rs\\\/\",\"name\":\"Koordinaciono telo Vlade Republike Srbije za op\u0161tine Pre\u0161evo, Bujanovac i Medve\u0111a\",\"description\":\"\",\"publisher\":{\"@id\":\"https:\\\/\\\/kt.gov.rs\\\/#organization\"},\"alternateName\":\"Koordinaciono telo\",\"potentialAction\":[{\"@type\":\"SearchAction\",\"target\":{\"@type\":\"EntryPoint\",\"urlTemplate\":\"https:\\\/\\\/kt.gov.rs\\\/?s={search_term_string}\"},\"query-input\":{\"@type\":\"PropertyValueSpecification\",\"valueRequired\":true,\"valueName\":\"search_term_string\"}}],\"inLanguage\":\"sq-AL\"},{\"@type\":\"Organization\",\"@id\":\"https:\\\/\\\/kt.gov.rs\\\/#organization\",\"name\":\"Koordinaciono telo Vlade Republike Srbije za op\u0161tine Pre\u0161evo, Bujanovac i Medve\u0111a\",\"alternateName\":\"Koordinaciono telo\",\"url\":\"https:\\\/\\\/kt.gov.rs\\\/\",\"logo\":{\"@type\":\"ImageObject\",\"inLanguage\":\"sq-AL\",\"@id\":\"https:\\\/\\\/kt.gov.rs\\\/#\\\/schema\\\/logo\\\/image\\\/\",\"url\":\"https:\\\/\\\/kt.gov.rs\\\/wp-content\\\/uploads\\\/2024\\\/12\\\/koord2.jpg\",\"contentUrl\":\"https:\\\/\\\/kt.gov.rs\\\/wp-content\\\/uploads\\\/2024\\\/12\\\/koord2.jpg\",\"width\":640,\"height\":480,\"caption\":\"Koordinaciono telo Vlade Republike Srbije za op\u0161tine Pre\u0161evo, Bujanovac i Medve\u0111a\"},\"image\":{\"@id\":\"https:\\\/\\\/kt.gov.rs\\\/#\\\/schema\\\/logo\\\/image\\\/\"},\"sameAs\":[\"https:\\\/\\\/www.facebook.com\\\/SluzbaKoordinacionogTelaVladeRepublikeSrbije\",\"https:\\\/\\\/x.com\\\/kt_gov\",\"https:\\\/\\\/www.youtube.com\\\/@koordinacionotelo\"]},{\"@type\":\"Person\",\"@id\":\"https:\\\/\\\/kt.gov.rs\\\/#\\\/schema\\\/person\\\/e426459ddb4173309103390602694571\",\"name\":\"ktmin\",\"image\":{\"@type\":\"ImageObject\",\"inLanguage\":\"sq-AL\",\"@id\":\"https:\\\/\\\/secure.gravatar.com\\\/avatar\\\/3985c961109853010c3fbc7ba30365bfba5db3dd6c525831d9c595c7525a615a?s=96&d=mm&r=g\",\"url\":\"https:\\\/\\\/secure.gravatar.com\\\/avatar\\\/3985c961109853010c3fbc7ba30365bfba5db3dd6c525831d9c595c7525a615a?s=96&d=mm&r=g\",\"contentUrl\":\"https:\\\/\\\/secure.gravatar.com\\\/avatar\\\/3985c961109853010c3fbc7ba30365bfba5db3dd6c525831d9c595c7525a615a?s=96&d=mm&r=g\",\"caption\":\"ktmin\"},\"sameAs\":[\"https:\\\/\\\/kt.gov.rs\"],\"url\":\"https:\\\/\\\/kt.gov.rs\\\/sq\\\/author\\\/ktmin\\\/\"}]}<\/script>\n<!-- \/ Yoast SEO plugin. -->","yoast_head_json":{"title":"NJOFTIM P\u00cbR MEDIA - 23.07.2013. - Republika e S\u00ebrbis\u00eb Trupi Koordinues p\u00ebr komunat Bujanoc, Preshev\u00eb dhe Medvegj\u00eb","robots":{"index":"index","follow":"follow","max-snippet":"max-snippet:-1","max-image-preview":"max-image-preview:large","max-video-preview":"max-video-preview:-1"},"canonical":"https:\/\/kt.gov.rs\/sq\/njoftim-per-media-23-07-2013\/","og_locale":"sq_AL","og_type":"article","og_title":"NJOFTIM P\u00cbR MEDIA - 23.07.2013. - Republika e S\u00ebrbis\u00eb Trupi Koordinues p\u00ebr komunat Bujanoc, Preshev\u00eb dhe Medvegj\u00eb","og_description":"N\u00eb nd\u00ebrtes\u00ebn e komun\u00ebs Bujanocit n\u00eb hapsirat e Press qendr\u00ebs, 18 nd\u00ebrrmarsit nga Presheva dhe Bujanoci kan\u00eb n\u00ebnshkruar kontrat\u00ebn p\u00ebr ndarjen e mjeteve t\u00eb pa kthyeshme subvencinonet p\u00ebr nd\u00ebrrmarjet e vogla dhe t\u00eb mesme si dhe kooperativat buqsore.","og_url":"https:\/\/kt.gov.rs\/sq\/njoftim-per-media-23-07-2013\/","og_site_name":"Republika e S\u00ebrbis\u00eb Trupi Koordinues p\u00ebr komunat Bujanoc, Preshev\u00eb dhe Medvegj\u00eb","article_publisher":"https:\/\/www.facebook.com\/SluzbaKoordinacionogTelaVladeRepublikeSrbije","article_published_time":"2013-07-23T00:00:00+00:00","article_modified_time":"2024-07-30T20:15:42+00:00","og_image":[{"width":315,"height":180,"url":"https:\/\/kt.gov.rs\/wp-content\/uploads\/2024\/07\/newspic_sm-339.jpg","type":"image\/jpeg"}],"author":"ktmin","twitter_card":"summary_large_image","twitter_creator":"@kt_gov","twitter_site":"@kt_gov","twitter_misc":{"Written by":"ktmin","Est. reading time":"2 minutes"},"schema":{"@context":"https:\/\/schema.org","@graph":[{"@type":"Article","@id":"https:\/\/kt.gov.rs\/sq\/njoftim-per-media-23-07-2013\/#article","isPartOf":{"@id":"https:\/\/kt.gov.rs\/sq\/njoftim-per-media-23-07-2013\/"},"author":{"name":"ktmin","@id":"https:\/\/kt.gov.rs\/#\/schema\/person\/e426459ddb4173309103390602694571"},"headline":"NJOFTIM P\u00cbR MEDIA \u2013 23.07.2013.","datePublished":"2013-07-23T00:00:00+00:00","dateModified":"2024-07-30T20:15:42+00:00","mainEntityOfPage":{"@id":"https:\/\/kt.gov.rs\/sq\/njoftim-per-media-23-07-2013\/"},"wordCount":484,"publisher":{"@id":"https:\/\/kt.gov.rs\/#organization"},"image":{"@id":"https:\/\/kt.gov.rs\/sq\/njoftim-per-media-23-07-2013\/#primaryimage"},"thumbnailUrl":"https:\/\/kt.gov.rs\/wp-content\/uploads\/2024\/07\/newspic_sm-339.jpg","articleSection":["Lajme"],"inLanguage":"sq-AL"},{"@type":"WebPage","@id":"https:\/\/kt.gov.rs\/sq\/njoftim-per-media-23-07-2013\/","url":"https:\/\/kt.gov.rs\/sq\/njoftim-per-media-23-07-2013\/","name":"NJOFTIM P\u00cbR MEDIA - 23.07.2013. - Republika e S\u00ebrbis\u00eb Trupi Koordinues p\u00ebr komunat Bujanoc, Preshev\u00eb dhe Medvegj\u00eb","isPartOf":{"@id":"https:\/\/kt.gov.rs\/#website"},"primaryImageOfPage":{"@id":"https:\/\/kt.gov.rs\/sq\/njoftim-per-media-23-07-2013\/#primaryimage"},"image":{"@id":"https:\/\/kt.gov.rs\/sq\/njoftim-per-media-23-07-2013\/#primaryimage"},"thumbnailUrl":"https:\/\/kt.gov.rs\/wp-content\/uploads\/2024\/07\/newspic_sm-339.jpg","datePublished":"2013-07-23T00:00:00+00:00","dateModified":"2024-07-30T20:15:42+00:00","breadcrumb":{"@id":"https:\/\/kt.gov.rs\/sq\/njoftim-per-media-23-07-2013\/#breadcrumb"},"inLanguage":"sq-AL","potentialAction":[{"@type":"ReadAction","target":["https:\/\/kt.gov.rs\/sq\/njoftim-per-media-23-07-2013\/"]}]},{"@type":"ImageObject","inLanguage":"sq-AL","@id":"https:\/\/kt.gov.rs\/sq\/njoftim-per-media-23-07-2013\/#primaryimage","url":"https:\/\/kt.gov.rs\/wp-content\/uploads\/2024\/07\/newspic_sm-339.jpg","contentUrl":"https:\/\/kt.gov.rs\/wp-content\/uploads\/2024\/07\/newspic_sm-339.jpg","width":315,"height":180},{"@type":"BreadcrumbList","@id":"https:\/\/kt.gov.rs\/sq\/njoftim-per-media-23-07-2013\/#breadcrumb","itemListElement":[{"@type":"ListItem","position":1,"name":"Po\u010detna","item":"https:\/\/kt.gov.rs\/sq\/"},{"@type":"ListItem","position":2,"name":"NJOFTIM P\u00cbR MEDIA \u2013 23.07.2013."}]},{"@type":"WebSite","@id":"https:\/\/kt.gov.rs\/#website","url":"https:\/\/kt.gov.rs\/","name":"Koordinaciono telo Vlade Republike Srbije za op\u0161tine Pre\u0161evo, Bujanovac i Medve\u0111a","description":"","publisher":{"@id":"https:\/\/kt.gov.rs\/#organization"},"alternateName":"Koordinaciono telo","potentialAction":[{"@type":"SearchAction","target":{"@type":"EntryPoint","urlTemplate":"https:\/\/kt.gov.rs\/?s={search_term_string}"},"query-input":{"@type":"PropertyValueSpecification","valueRequired":true,"valueName":"search_term_string"}}],"inLanguage":"sq-AL"},{"@type":"Organization","@id":"https:\/\/kt.gov.rs\/#organization","name":"Koordinaciono telo Vlade Republike Srbije za op\u0161tine Pre\u0161evo, Bujanovac i Medve\u0111a","alternateName":"Koordinaciono telo","url":"https:\/\/kt.gov.rs\/","logo":{"@type":"ImageObject","inLanguage":"sq-AL","@id":"https:\/\/kt.gov.rs\/#\/schema\/logo\/image\/","url":"https:\/\/kt.gov.rs\/wp-content\/uploads\/2024\/12\/koord2.jpg","contentUrl":"https:\/\/kt.gov.rs\/wp-content\/uploads\/2024\/12\/koord2.jpg","width":640,"height":480,"caption":"Koordinaciono telo Vlade Republike Srbije za op\u0161tine Pre\u0161evo, Bujanovac i Medve\u0111a"},"image":{"@id":"https:\/\/kt.gov.rs\/#\/schema\/logo\/image\/"},"sameAs":["https:\/\/www.facebook.com\/SluzbaKoordinacionogTelaVladeRepublikeSrbije","https:\/\/x.com\/kt_gov","https:\/\/www.youtube.com\/@koordinacionotelo"]},{"@type":"Person","@id":"https:\/\/kt.gov.rs\/#\/schema\/person\/e426459ddb4173309103390602694571","name":"ktmin","image":{"@type":"ImageObject","inLanguage":"sq-AL","@id":"https:\/\/secure.gravatar.com\/avatar\/3985c961109853010c3fbc7ba30365bfba5db3dd6c525831d9c595c7525a615a?s=96&d=mm&r=g","url":"https:\/\/secure.gravatar.com\/avatar\/3985c961109853010c3fbc7ba30365bfba5db3dd6c525831d9c595c7525a615a?s=96&d=mm&r=g","contentUrl":"https:\/\/secure.gravatar.com\/avatar\/3985c961109853010c3fbc7ba30365bfba5db3dd6c525831d9c595c7525a615a?s=96&d=mm&r=g","caption":"ktmin"},"sameAs":["https:\/\/kt.gov.rs"],"url":"https:\/\/kt.gov.rs\/sq\/author\/ktmin\/"}]}},"_links":{"self":[{"href":"https:\/\/kt.gov.rs\/sq\/wp-json\/wp\/v2\/posts\/140791","targetHints":{"allow":["GET"]}}],"collection":[{"href":"https:\/\/kt.gov.rs\/sq\/wp-json\/wp\/v2\/posts"}],"about":[{"href":"https:\/\/kt.gov.rs\/sq\/wp-json\/wp\/v2\/types\/post"}],"author":[{"embeddable":true,"href":"https:\/\/kt.gov.rs\/sq\/wp-json\/wp\/v2\/users\/1"}],"replies":[{"embeddable":true,"href":"https:\/\/kt.gov.rs\/sq\/wp-json\/wp\/v2\/comments?post=140791"}],"version-history":[{"count":1,"href":"https:\/\/kt.gov.rs\/sq\/wp-json\/wp\/v2\/posts\/140791\/revisions"}],"predecessor-version":[{"id":140795,"href":"https:\/\/kt.gov.rs\/sq\/wp-json\/wp\/v2\/posts\/140791\/revisions\/140795"}],"wp:featuredmedia":[{"embeddable":true,"href":"https:\/\/kt.gov.rs\/sq\/wp-json\/wp\/v2\/media\/140796"}],"wp:attachment":[{"href":"https:\/\/kt.gov.rs\/sq\/wp-json\/wp\/v2\/media?parent=140791"}],"wp:term":[{"taxonomy":"category","embeddable":true,"href":"https:\/\/kt.gov.rs\/sq\/wp-json\/wp\/v2\/categories?post=140791"},{"taxonomy":"post_tag","embeddable":true,"href":"https:\/\/kt.gov.rs\/sq\/wp-json\/wp\/v2\/tags?post=140791"}],"curies":[{"name":"wp","href":"https:\/\/api.w.org\/{rel}","templated":true}]}}