{"id":140751,"date":"2013-07-29T00:00:00","date_gmt":"2013-07-29T00:00:00","guid":{"rendered":"http:\/\/kt.printandscreen.rs\/stankoviq-sulmi-i-hakerave-ndaj-veb-faqes-provokim-i-pritur\/"},"modified":"2024-07-30T20:15:38","modified_gmt":"2024-07-30T20:15:38","slug":"stankoviq-sulmi-i-hakerave-ndaj-veb-faqes-provokim-i-pritur","status":"publish","type":"post","link":"https:\/\/kt.gov.rs\/sq\/stankoviq-sulmi-i-hakerave-ndaj-veb-faqes-provokim-i-pritur\/","title":{"rendered":"STANKOVIQ: SULMI I HAKERAVE NDAJ VEB FAQES PROVOKIM I PRITUR"},"content":{"rendered":"<p>\n\t<img decoding=\"async\" alt=\"\" src=\"https:\/\/kt.gov.rs\/wp-content\/uploads\/2024\/07\/newspic219v-4.jpg\" style=\"width: 315px; height: 180px; float: left;\" \/>Kryetari i Trupit Koordinues i Qeveris\u00eb t\u00eb Republik\u00ebs s\u00eb Serbis\u00eb p\u00ebr komunat Preshev\u00eb, Bujanoc dhe Medvegj\u00eb, Zoran Stankoviq ka deklaruar dje se sulmi i haker\u00ebve n\u00eb faqen e Komun\u00ebs s\u00eb Bujanocit \u00ebsht\u00eb edhe nj\u00eb tjet\u00ebr provokim i radh\u00ebs s\u00eb bisedimeve t\u00eb Brukselit dhe se qeveria lokale\u00a0 nuk ka asnj\u00eb lidhje me ndryshimin e hart\u00ebs n\u00eb t\u00eb cil\u00ebn Srbija \u00ebsht\u00eb e paraqitur pa Kosov\u00ebn dhe Metohin\u00eb.<\/p>\n<p>\n\t\u201eMund t\u00eb themi se ky \u00ebsht\u00eb edhe nj\u00eb provokim i radh\u00ebs ndaj negociatave t\u00eb Brukselit, nd\u00ebrsa pritshm\u00ebria \u00ebsht\u00eb se Serbia do t\u00eb reagoj\u00eb me ngut dhe n\u00eb m\u00ebnyr\u00eb joadekuate\u201d, tha Stankoviq me rastin e sulmit n\u00eb\u00a0 veb faqen e Kuvendit t\u00eb Komun\u00ebs s\u00eb Bujanocit.<\/p>\n<p>\n\tSipas fjalve te tija haker\u00ebt n\u00eb sajtin e\u00a0 komun\u00ebs s\u00eb Bujanocit n\u00eb gjuh\u00ebn shqipe dhe angleze kan\u00eb vendosur hart\u00ebn e Serbis\u00eb pa Kosov\u00ebn dhe Metohin\u00eb,derisa n\u00eb versionin serb KdheM ishte n\u00eb p\u00ebrb\u00ebrje t\u00eb Serbis\u00eb. Duke theksuar se tri her\u00eb gjat\u00eb k\u00ebtej viti haker\u00ebt kan\u00eb rr\u00ebnuar sajtin e kuvendit t\u00eb komun\u00ebs s\u00eb Bujanocit,ai shtoi se gjat\u00eb dit\u00ebs n\u00eb gjuh\u00ebn angleze dhe shqipe \u00ebsht\u00eb vendosur harta n\u00eb t\u00eb cil\u00ebn territori i KdheM \u00ebsht\u00eb treguar n\u00eb p\u00ebrb\u00ebrje t\u00eb Serbis\u00eb.<\/p>\n<p>\n\t\u201eFaqen e internetit e\u00a0 rregullojn\u00eb dy kompani serbe nga Prokupla dhe Nishi me ndihm\u00ebn e zyr\u00ebs p\u00ebr zhvillim ekonomik t\u00eb komun\u00ebs s\u00eb Bujanocit dhe\u00a0\u00a0 qeveria lokale nuk ka asnj\u00eb lidhje me ndryshimin e hart\u00ebs, tha Stankoviq.<\/p>\n<p>\n\tAi deklaroi se organet kompetente e din\u00eb q\u00eb nj\u00eb sjellje e till\u00eb \u00ebsht\u00eb n\u00eb kund\u00ebrshtim me Kushtetut\u00ebn, si dhe se ata kishin reaguar dhe do t\u00eb reagoj\u00eb n\u00eb p\u00ebrputhje me rolin e tyre dhe autorizimet ekzistuese.<\/p>\n<p>\n\t<strong>Burimi:<\/strong>Tanjug<\/p>\n<p>\n\t\u00a0<\/p>\n","protected":false},"excerpt":{"rendered":"<p>Kryetari i Trupit Koordinues i Qeveris\u00eb t\u00eb Republik\u00ebs s\u00eb Serbis\u00eb p\u00ebr komunat Preshev\u00eb, Bujanoc dhe Medvegj\u00eb, Zoran Stankoviq ka deklaruar dje se sulmi i haker\u00ebve n\u00eb faqen e Komun\u00ebs s\u00eb Bujanocit \u00ebsht\u00eb edhe nj\u00eb tjet\u00ebr provokim i radh\u00ebs s\u00eb bisedimeve t\u00eb Brukselit\u2026<\/p>\n","protected":false},"author":1,"featured_media":140756,"comment_status":"closed","ping_status":"closed","sticky":false,"template":"","format":"standard","meta":{"footnotes":""},"categories":[55],"tags":[],"class_list":["post-140751","post","type-post","status-publish","format-standard","has-post-thumbnail","hentry","category-lajme"],"yoast_head":"<!-- This site is optimized with the Yoast SEO plugin v27.5 - https:\/\/yoast.com\/product\/yoast-seo-wordpress\/ -->\n<title>STANKOVIQ: SULMI I HAKERAVE NDAJ VEB FAQES PROVOKIM I PRITUR - Republika e S\u00ebrbis\u00eb Trupi Koordinues p\u00ebr komunat Bujanoc, Preshev\u00eb dhe Medvegj\u00eb<\/title>\n<meta name=\"robots\" content=\"index, follow, max-snippet:-1, max-image-preview:large, max-video-preview:-1\" \/>\n<link rel=\"canonical\" href=\"https:\/\/kt.gov.rs\/sq\/stankoviq-sulmi-i-hakerave-ndaj-veb-faqes-provokim-i-pritur\/\" \/>\n<meta property=\"og:locale\" content=\"sq_AL\" \/>\n<meta property=\"og:type\" content=\"article\" \/>\n<meta property=\"og:title\" content=\"STANKOVIQ: SULMI I HAKERAVE NDAJ VEB FAQES PROVOKIM I PRITUR - Republika e S\u00ebrbis\u00eb Trupi Koordinues p\u00ebr komunat Bujanoc, Preshev\u00eb dhe Medvegj\u00eb\" \/>\n<meta property=\"og:description\" content=\"Kryetari i Trupit Koordinues i Qeveris\u00eb t\u00eb Republik\u00ebs s\u00eb Serbis\u00eb p\u00ebr komunat Preshev\u00eb, Bujanoc dhe Medvegj\u00eb, Zoran Stankoviq ka deklaruar dje se sulmi i haker\u00ebve n\u00eb faqen e Komun\u00ebs s\u00eb Bujanocit \u00ebsht\u00eb edhe nj\u00eb tjet\u00ebr provokim i radh\u00ebs s\u00eb bisedimeve t\u00eb Brukselit...\" \/>\n<meta property=\"og:url\" content=\"https:\/\/kt.gov.rs\/sq\/stankoviq-sulmi-i-hakerave-ndaj-veb-faqes-provokim-i-pritur\/\" \/>\n<meta property=\"og:site_name\" content=\"Republika e S\u00ebrbis\u00eb Trupi Koordinues p\u00ebr komunat Bujanoc, Preshev\u00eb dhe Medvegj\u00eb\" \/>\n<meta property=\"article:publisher\" content=\"https:\/\/www.facebook.com\/SluzbaKoordinacionogTelaVladeRepublikeSrbije\" \/>\n<meta property=\"article:published_time\" content=\"2013-07-29T00:00:00+00:00\" \/>\n<meta property=\"article:modified_time\" content=\"2024-07-30T20:15:38+00:00\" \/>\n<meta property=\"og:image\" content=\"https:\/\/kt.gov.rs\/wp-content\/uploads\/2024\/07\/newspic219v-5.jpg\" \/>\n\t<meta property=\"og:image:width\" content=\"315\" \/>\n\t<meta property=\"og:image:height\" content=\"180\" \/>\n\t<meta property=\"og:image:type\" content=\"image\/jpeg\" \/>\n<meta name=\"author\" content=\"ktmin\" \/>\n<meta name=\"twitter:card\" content=\"summary_large_image\" \/>\n<meta name=\"twitter:creator\" content=\"@kt_gov\" \/>\n<meta name=\"twitter:site\" content=\"@kt_gov\" \/>\n<meta name=\"twitter:label1\" content=\"Written by\" \/>\n\t<meta name=\"twitter:data1\" content=\"ktmin\" \/>\n\t<meta name=\"twitter:label2\" content=\"Est. reading time\" \/>\n\t<meta name=\"twitter:data2\" content=\"2 minutes\" \/>\n<script type=\"application\/ld+json\" class=\"yoast-schema-graph\">{\"@context\":\"https:\\\/\\\/schema.org\",\"@graph\":[{\"@type\":\"Article\",\"@id\":\"https:\\\/\\\/kt.gov.rs\\\/sq\\\/stankoviq-sulmi-i-hakerave-ndaj-veb-faqes-provokim-i-pritur\\\/#article\",\"isPartOf\":{\"@id\":\"https:\\\/\\\/kt.gov.rs\\\/sq\\\/stankoviq-sulmi-i-hakerave-ndaj-veb-faqes-provokim-i-pritur\\\/\"},\"author\":{\"name\":\"ktmin\",\"@id\":\"https:\\\/\\\/kt.gov.rs\\\/#\\\/schema\\\/person\\\/e426459ddb4173309103390602694571\"},\"headline\":\"STANKOVIQ: SULMI I HAKERAVE NDAJ VEB FAQES PROVOKIM I PRITUR\",\"datePublished\":\"2013-07-29T00:00:00+00:00\",\"dateModified\":\"2024-07-30T20:15:38+00:00\",\"mainEntityOfPage\":{\"@id\":\"https:\\\/\\\/kt.gov.rs\\\/sq\\\/stankoviq-sulmi-i-hakerave-ndaj-veb-faqes-provokim-i-pritur\\\/\"},\"wordCount\":430,\"publisher\":{\"@id\":\"https:\\\/\\\/kt.gov.rs\\\/#organization\"},\"image\":{\"@id\":\"https:\\\/\\\/kt.gov.rs\\\/sq\\\/stankoviq-sulmi-i-hakerave-ndaj-veb-faqes-provokim-i-pritur\\\/#primaryimage\"},\"thumbnailUrl\":\"https:\\\/\\\/kt.gov.rs\\\/wp-content\\\/uploads\\\/2024\\\/07\\\/newspic219v-5.jpg\",\"articleSection\":[\"Lajme\"],\"inLanguage\":\"sq-AL\"},{\"@type\":\"WebPage\",\"@id\":\"https:\\\/\\\/kt.gov.rs\\\/sq\\\/stankoviq-sulmi-i-hakerave-ndaj-veb-faqes-provokim-i-pritur\\\/\",\"url\":\"https:\\\/\\\/kt.gov.rs\\\/sq\\\/stankoviq-sulmi-i-hakerave-ndaj-veb-faqes-provokim-i-pritur\\\/\",\"name\":\"STANKOVIQ: SULMI I HAKERAVE NDAJ VEB FAQES PROVOKIM I PRITUR - Republika e S\u00ebrbis\u00eb Trupi Koordinues p\u00ebr komunat Bujanoc, Preshev\u00eb dhe Medvegj\u00eb\",\"isPartOf\":{\"@id\":\"https:\\\/\\\/kt.gov.rs\\\/#website\"},\"primaryImageOfPage\":{\"@id\":\"https:\\\/\\\/kt.gov.rs\\\/sq\\\/stankoviq-sulmi-i-hakerave-ndaj-veb-faqes-provokim-i-pritur\\\/#primaryimage\"},\"image\":{\"@id\":\"https:\\\/\\\/kt.gov.rs\\\/sq\\\/stankoviq-sulmi-i-hakerave-ndaj-veb-faqes-provokim-i-pritur\\\/#primaryimage\"},\"thumbnailUrl\":\"https:\\\/\\\/kt.gov.rs\\\/wp-content\\\/uploads\\\/2024\\\/07\\\/newspic219v-5.jpg\",\"datePublished\":\"2013-07-29T00:00:00+00:00\",\"dateModified\":\"2024-07-30T20:15:38+00:00\",\"breadcrumb\":{\"@id\":\"https:\\\/\\\/kt.gov.rs\\\/sq\\\/stankoviq-sulmi-i-hakerave-ndaj-veb-faqes-provokim-i-pritur\\\/#breadcrumb\"},\"inLanguage\":\"sq-AL\",\"potentialAction\":[{\"@type\":\"ReadAction\",\"target\":[\"https:\\\/\\\/kt.gov.rs\\\/sq\\\/stankoviq-sulmi-i-hakerave-ndaj-veb-faqes-provokim-i-pritur\\\/\"]}]},{\"@type\":\"ImageObject\",\"inLanguage\":\"sq-AL\",\"@id\":\"https:\\\/\\\/kt.gov.rs\\\/sq\\\/stankoviq-sulmi-i-hakerave-ndaj-veb-faqes-provokim-i-pritur\\\/#primaryimage\",\"url\":\"https:\\\/\\\/kt.gov.rs\\\/wp-content\\\/uploads\\\/2024\\\/07\\\/newspic219v-5.jpg\",\"contentUrl\":\"https:\\\/\\\/kt.gov.rs\\\/wp-content\\\/uploads\\\/2024\\\/07\\\/newspic219v-5.jpg\",\"width\":315,\"height\":180},{\"@type\":\"BreadcrumbList\",\"@id\":\"https:\\\/\\\/kt.gov.rs\\\/sq\\\/stankoviq-sulmi-i-hakerave-ndaj-veb-faqes-provokim-i-pritur\\\/#breadcrumb\",\"itemListElement\":[{\"@type\":\"ListItem\",\"position\":1,\"name\":\"\u041f\u043e\u0447\u0435\u0442\u043d\u0430\",\"item\":\"https:\\\/\\\/kt.gov.rs\\\/sq\\\/\"},{\"@type\":\"ListItem\",\"position\":2,\"name\":\"STANKOVIQ: SULMI I HAKERAVE NDAJ VEB FAQES PROVOKIM I PRITUR\"}]},{\"@type\":\"WebSite\",\"@id\":\"https:\\\/\\\/kt.gov.rs\\\/#website\",\"url\":\"https:\\\/\\\/kt.gov.rs\\\/\",\"name\":\"\u041a\u043e\u043e\u0440\u0434\u0438\u043d\u0430\u0446\u0438\u043e\u043d\u043e \u0442\u0435\u043b\u043e \u0412\u043b\u0430\u0434\u0435 \u0420\u0435\u043f\u0443\u0431\u043b\u0438\u043a\u0435 \u0421\u0440\u0431\u0438\u0458\u0435 \u0437\u0430 \u043e\u043f\u0448\u0442\u0438\u043d\u0435 \u041f\u0440\u0435\u0448\u0435\u0432\u043e, \u0411\u0443\u0458\u0430\u043d\u043e\u0432\u0430\u0446 \u0438 \u041c\u0435\u0434\u0432\u0435\u0452a\",\"description\":\"\",\"publisher\":{\"@id\":\"https:\\\/\\\/kt.gov.rs\\\/#organization\"},\"alternateName\":\"\u041a\u043e\u043e\u0440\u0434\u0438\u043d\u0430\u0446\u0438\u043e\u043d\u043e \u0442\u0435\u043b\u043e\",\"potentialAction\":[{\"@type\":\"SearchAction\",\"target\":{\"@type\":\"EntryPoint\",\"urlTemplate\":\"https:\\\/\\\/kt.gov.rs\\\/?s={search_term_string}\"},\"query-input\":{\"@type\":\"PropertyValueSpecification\",\"valueRequired\":true,\"valueName\":\"search_term_string\"}}],\"inLanguage\":\"sq-AL\"},{\"@type\":\"Organization\",\"@id\":\"https:\\\/\\\/kt.gov.rs\\\/#organization\",\"name\":\"\u041a\u043e\u043e\u0440\u0434\u0438\u043d\u0430\u0446\u0438\u043e\u043d\u043e \u0442\u0435\u043b\u043e \u0412\u043b\u0430\u0434\u0435 \u0420\u0435\u043f\u0443\u0431\u043b\u0438\u043a\u0435 \u0421\u0440\u0431\u0438\u0458\u0435 \u0437\u0430 \u043e\u043f\u0448\u0442\u0438\u043d\u0435 \u041f\u0440\u0435\u0448\u0435\u0432\u043e, \u0411\u0443\u0458\u0430\u043d\u043e\u0432\u0430\u0446 \u0438 \u041c\u0435\u0434\u0432\u0435\u0452a\",\"alternateName\":\"\u041a\u043e\u043e\u0440\u0434\u0438\u043d\u0430\u0446\u0438\u043e\u043d\u043e \u0442\u0435\u043b\u043e\",\"url\":\"https:\\\/\\\/kt.gov.rs\\\/\",\"logo\":{\"@type\":\"ImageObject\",\"inLanguage\":\"sq-AL\",\"@id\":\"https:\\\/\\\/kt.gov.rs\\\/#\\\/schema\\\/logo\\\/image\\\/\",\"url\":\"https:\\\/\\\/kt.gov.rs\\\/wp-content\\\/uploads\\\/2024\\\/12\\\/koord2.jpg\",\"contentUrl\":\"https:\\\/\\\/kt.gov.rs\\\/wp-content\\\/uploads\\\/2024\\\/12\\\/koord2.jpg\",\"width\":640,\"height\":480,\"caption\":\"\u041a\u043e\u043e\u0440\u0434\u0438\u043d\u0430\u0446\u0438\u043e\u043d\u043e \u0442\u0435\u043b\u043e \u0412\u043b\u0430\u0434\u0435 \u0420\u0435\u043f\u0443\u0431\u043b\u0438\u043a\u0435 \u0421\u0440\u0431\u0438\u0458\u0435 \u0437\u0430 \u043e\u043f\u0448\u0442\u0438\u043d\u0435 \u041f\u0440\u0435\u0448\u0435\u0432\u043e, \u0411\u0443\u0458\u0430\u043d\u043e\u0432\u0430\u0446 \u0438 \u041c\u0435\u0434\u0432\u0435\u0452a\"},\"image\":{\"@id\":\"https:\\\/\\\/kt.gov.rs\\\/#\\\/schema\\\/logo\\\/image\\\/\"},\"sameAs\":[\"https:\\\/\\\/www.facebook.com\\\/SluzbaKoordinacionogTelaVladeRepublikeSrbije\",\"https:\\\/\\\/x.com\\\/kt_gov\",\"https:\\\/\\\/www.youtube.com\\\/@koordinacionotelo\"]},{\"@type\":\"Person\",\"@id\":\"https:\\\/\\\/kt.gov.rs\\\/#\\\/schema\\\/person\\\/e426459ddb4173309103390602694571\",\"name\":\"ktmin\",\"image\":{\"@type\":\"ImageObject\",\"inLanguage\":\"sq-AL\",\"@id\":\"https:\\\/\\\/secure.gravatar.com\\\/avatar\\\/3985c961109853010c3fbc7ba30365bfba5db3dd6c525831d9c595c7525a615a?s=96&d=mm&r=g\",\"url\":\"https:\\\/\\\/secure.gravatar.com\\\/avatar\\\/3985c961109853010c3fbc7ba30365bfba5db3dd6c525831d9c595c7525a615a?s=96&d=mm&r=g\",\"contentUrl\":\"https:\\\/\\\/secure.gravatar.com\\\/avatar\\\/3985c961109853010c3fbc7ba30365bfba5db3dd6c525831d9c595c7525a615a?s=96&d=mm&r=g\",\"caption\":\"ktmin\"},\"sameAs\":[\"https:\\\/\\\/kt.gov.rs\"],\"url\":\"https:\\\/\\\/kt.gov.rs\\\/sq\\\/author\\\/ktmin\\\/\"}]}<\/script>\n<!-- \/ Yoast SEO plugin. -->","yoast_head_json":{"title":"STANKOVIQ: SULMI I HAKERAVE NDAJ VEB FAQES PROVOKIM I PRITUR - Republika e S\u00ebrbis\u00eb Trupi Koordinues p\u00ebr komunat Bujanoc, Preshev\u00eb dhe Medvegj\u00eb","robots":{"index":"index","follow":"follow","max-snippet":"max-snippet:-1","max-image-preview":"max-image-preview:large","max-video-preview":"max-video-preview:-1"},"canonical":"https:\/\/kt.gov.rs\/sq\/stankoviq-sulmi-i-hakerave-ndaj-veb-faqes-provokim-i-pritur\/","og_locale":"sq_AL","og_type":"article","og_title":"STANKOVIQ: SULMI I HAKERAVE NDAJ VEB FAQES PROVOKIM I PRITUR - Republika e S\u00ebrbis\u00eb Trupi Koordinues p\u00ebr komunat Bujanoc, Preshev\u00eb dhe Medvegj\u00eb","og_description":"Kryetari i Trupit Koordinues i Qeveris\u00eb t\u00eb Republik\u00ebs s\u00eb Serbis\u00eb p\u00ebr komunat Preshev\u00eb, Bujanoc dhe Medvegj\u00eb, Zoran Stankoviq ka deklaruar dje se sulmi i haker\u00ebve n\u00eb faqen e Komun\u00ebs s\u00eb Bujanocit \u00ebsht\u00eb edhe nj\u00eb tjet\u00ebr provokim i radh\u00ebs s\u00eb bisedimeve t\u00eb Brukselit...","og_url":"https:\/\/kt.gov.rs\/sq\/stankoviq-sulmi-i-hakerave-ndaj-veb-faqes-provokim-i-pritur\/","og_site_name":"Republika e S\u00ebrbis\u00eb Trupi Koordinues p\u00ebr komunat Bujanoc, Preshev\u00eb dhe Medvegj\u00eb","article_publisher":"https:\/\/www.facebook.com\/SluzbaKoordinacionogTelaVladeRepublikeSrbije","article_published_time":"2013-07-29T00:00:00+00:00","article_modified_time":"2024-07-30T20:15:38+00:00","og_image":[{"width":315,"height":180,"url":"https:\/\/kt.gov.rs\/wp-content\/uploads\/2024\/07\/newspic219v-5.jpg","type":"image\/jpeg"}],"author":"ktmin","twitter_card":"summary_large_image","twitter_creator":"@kt_gov","twitter_site":"@kt_gov","twitter_misc":{"Written by":"ktmin","Est. reading time":"2 minutes"},"schema":{"@context":"https:\/\/schema.org","@graph":[{"@type":"Article","@id":"https:\/\/kt.gov.rs\/sq\/stankoviq-sulmi-i-hakerave-ndaj-veb-faqes-provokim-i-pritur\/#article","isPartOf":{"@id":"https:\/\/kt.gov.rs\/sq\/stankoviq-sulmi-i-hakerave-ndaj-veb-faqes-provokim-i-pritur\/"},"author":{"name":"ktmin","@id":"https:\/\/kt.gov.rs\/#\/schema\/person\/e426459ddb4173309103390602694571"},"headline":"STANKOVIQ: SULMI I HAKERAVE NDAJ VEB FAQES PROVOKIM I PRITUR","datePublished":"2013-07-29T00:00:00+00:00","dateModified":"2024-07-30T20:15:38+00:00","mainEntityOfPage":{"@id":"https:\/\/kt.gov.rs\/sq\/stankoviq-sulmi-i-hakerave-ndaj-veb-faqes-provokim-i-pritur\/"},"wordCount":430,"publisher":{"@id":"https:\/\/kt.gov.rs\/#organization"},"image":{"@id":"https:\/\/kt.gov.rs\/sq\/stankoviq-sulmi-i-hakerave-ndaj-veb-faqes-provokim-i-pritur\/#primaryimage"},"thumbnailUrl":"https:\/\/kt.gov.rs\/wp-content\/uploads\/2024\/07\/newspic219v-5.jpg","articleSection":["Lajme"],"inLanguage":"sq-AL"},{"@type":"WebPage","@id":"https:\/\/kt.gov.rs\/sq\/stankoviq-sulmi-i-hakerave-ndaj-veb-faqes-provokim-i-pritur\/","url":"https:\/\/kt.gov.rs\/sq\/stankoviq-sulmi-i-hakerave-ndaj-veb-faqes-provokim-i-pritur\/","name":"STANKOVIQ: SULMI I HAKERAVE NDAJ VEB FAQES PROVOKIM I PRITUR - Republika e S\u00ebrbis\u00eb Trupi Koordinues p\u00ebr komunat Bujanoc, Preshev\u00eb dhe Medvegj\u00eb","isPartOf":{"@id":"https:\/\/kt.gov.rs\/#website"},"primaryImageOfPage":{"@id":"https:\/\/kt.gov.rs\/sq\/stankoviq-sulmi-i-hakerave-ndaj-veb-faqes-provokim-i-pritur\/#primaryimage"},"image":{"@id":"https:\/\/kt.gov.rs\/sq\/stankoviq-sulmi-i-hakerave-ndaj-veb-faqes-provokim-i-pritur\/#primaryimage"},"thumbnailUrl":"https:\/\/kt.gov.rs\/wp-content\/uploads\/2024\/07\/newspic219v-5.jpg","datePublished":"2013-07-29T00:00:00+00:00","dateModified":"2024-07-30T20:15:38+00:00","breadcrumb":{"@id":"https:\/\/kt.gov.rs\/sq\/stankoviq-sulmi-i-hakerave-ndaj-veb-faqes-provokim-i-pritur\/#breadcrumb"},"inLanguage":"sq-AL","potentialAction":[{"@type":"ReadAction","target":["https:\/\/kt.gov.rs\/sq\/stankoviq-sulmi-i-hakerave-ndaj-veb-faqes-provokim-i-pritur\/"]}]},{"@type":"ImageObject","inLanguage":"sq-AL","@id":"https:\/\/kt.gov.rs\/sq\/stankoviq-sulmi-i-hakerave-ndaj-veb-faqes-provokim-i-pritur\/#primaryimage","url":"https:\/\/kt.gov.rs\/wp-content\/uploads\/2024\/07\/newspic219v-5.jpg","contentUrl":"https:\/\/kt.gov.rs\/wp-content\/uploads\/2024\/07\/newspic219v-5.jpg","width":315,"height":180},{"@type":"BreadcrumbList","@id":"https:\/\/kt.gov.rs\/sq\/stankoviq-sulmi-i-hakerave-ndaj-veb-faqes-provokim-i-pritur\/#breadcrumb","itemListElement":[{"@type":"ListItem","position":1,"name":"\u041f\u043e\u0447\u0435\u0442\u043d\u0430","item":"https:\/\/kt.gov.rs\/sq\/"},{"@type":"ListItem","position":2,"name":"STANKOVIQ: SULMI I HAKERAVE NDAJ VEB FAQES PROVOKIM I PRITUR"}]},{"@type":"WebSite","@id":"https:\/\/kt.gov.rs\/#website","url":"https:\/\/kt.gov.rs\/","name":"\u041a\u043e\u043e\u0440\u0434\u0438\u043d\u0430\u0446\u0438\u043e\u043d\u043e \u0442\u0435\u043b\u043e \u0412\u043b\u0430\u0434\u0435 \u0420\u0435\u043f\u0443\u0431\u043b\u0438\u043a\u0435 \u0421\u0440\u0431\u0438\u0458\u0435 \u0437\u0430 \u043e\u043f\u0448\u0442\u0438\u043d\u0435 \u041f\u0440\u0435\u0448\u0435\u0432\u043e, \u0411\u0443\u0458\u0430\u043d\u043e\u0432\u0430\u0446 \u0438 \u041c\u0435\u0434\u0432\u0435\u0452a","description":"","publisher":{"@id":"https:\/\/kt.gov.rs\/#organization"},"alternateName":"\u041a\u043e\u043e\u0440\u0434\u0438\u043d\u0430\u0446\u0438\u043e\u043d\u043e \u0442\u0435\u043b\u043e","potentialAction":[{"@type":"SearchAction","target":{"@type":"EntryPoint","urlTemplate":"https:\/\/kt.gov.rs\/?s={search_term_string}"},"query-input":{"@type":"PropertyValueSpecification","valueRequired":true,"valueName":"search_term_string"}}],"inLanguage":"sq-AL"},{"@type":"Organization","@id":"https:\/\/kt.gov.rs\/#organization","name":"\u041a\u043e\u043e\u0440\u0434\u0438\u043d\u0430\u0446\u0438\u043e\u043d\u043e \u0442\u0435\u043b\u043e \u0412\u043b\u0430\u0434\u0435 \u0420\u0435\u043f\u0443\u0431\u043b\u0438\u043a\u0435 \u0421\u0440\u0431\u0438\u0458\u0435 \u0437\u0430 \u043e\u043f\u0448\u0442\u0438\u043d\u0435 \u041f\u0440\u0435\u0448\u0435\u0432\u043e, \u0411\u0443\u0458\u0430\u043d\u043e\u0432\u0430\u0446 \u0438 \u041c\u0435\u0434\u0432\u0435\u0452a","alternateName":"\u041a\u043e\u043e\u0440\u0434\u0438\u043d\u0430\u0446\u0438\u043e\u043d\u043e \u0442\u0435\u043b\u043e","url":"https:\/\/kt.gov.rs\/","logo":{"@type":"ImageObject","inLanguage":"sq-AL","@id":"https:\/\/kt.gov.rs\/#\/schema\/logo\/image\/","url":"https:\/\/kt.gov.rs\/wp-content\/uploads\/2024\/12\/koord2.jpg","contentUrl":"https:\/\/kt.gov.rs\/wp-content\/uploads\/2024\/12\/koord2.jpg","width":640,"height":480,"caption":"\u041a\u043e\u043e\u0440\u0434\u0438\u043d\u0430\u0446\u0438\u043e\u043d\u043e \u0442\u0435\u043b\u043e \u0412\u043b\u0430\u0434\u0435 \u0420\u0435\u043f\u0443\u0431\u043b\u0438\u043a\u0435 \u0421\u0440\u0431\u0438\u0458\u0435 \u0437\u0430 \u043e\u043f\u0448\u0442\u0438\u043d\u0435 \u041f\u0440\u0435\u0448\u0435\u0432\u043e, \u0411\u0443\u0458\u0430\u043d\u043e\u0432\u0430\u0446 \u0438 \u041c\u0435\u0434\u0432\u0435\u0452a"},"image":{"@id":"https:\/\/kt.gov.rs\/#\/schema\/logo\/image\/"},"sameAs":["https:\/\/www.facebook.com\/SluzbaKoordinacionogTelaVladeRepublikeSrbije","https:\/\/x.com\/kt_gov","https:\/\/www.youtube.com\/@koordinacionotelo"]},{"@type":"Person","@id":"https:\/\/kt.gov.rs\/#\/schema\/person\/e426459ddb4173309103390602694571","name":"ktmin","image":{"@type":"ImageObject","inLanguage":"sq-AL","@id":"https:\/\/secure.gravatar.com\/avatar\/3985c961109853010c3fbc7ba30365bfba5db3dd6c525831d9c595c7525a615a?s=96&d=mm&r=g","url":"https:\/\/secure.gravatar.com\/avatar\/3985c961109853010c3fbc7ba30365bfba5db3dd6c525831d9c595c7525a615a?s=96&d=mm&r=g","contentUrl":"https:\/\/secure.gravatar.com\/avatar\/3985c961109853010c3fbc7ba30365bfba5db3dd6c525831d9c595c7525a615a?s=96&d=mm&r=g","caption":"ktmin"},"sameAs":["https:\/\/kt.gov.rs"],"url":"https:\/\/kt.gov.rs\/sq\/author\/ktmin\/"}]}},"_links":{"self":[{"href":"https:\/\/kt.gov.rs\/sq\/wp-json\/wp\/v2\/posts\/140751","targetHints":{"allow":["GET"]}}],"collection":[{"href":"https:\/\/kt.gov.rs\/sq\/wp-json\/wp\/v2\/posts"}],"about":[{"href":"https:\/\/kt.gov.rs\/sq\/wp-json\/wp\/v2\/types\/post"}],"author":[{"embeddable":true,"href":"https:\/\/kt.gov.rs\/sq\/wp-json\/wp\/v2\/users\/1"}],"replies":[{"embeddable":true,"href":"https:\/\/kt.gov.rs\/sq\/wp-json\/wp\/v2\/comments?post=140751"}],"version-history":[{"count":1,"href":"https:\/\/kt.gov.rs\/sq\/wp-json\/wp\/v2\/posts\/140751\/revisions"}],"predecessor-version":[{"id":140755,"href":"https:\/\/kt.gov.rs\/sq\/wp-json\/wp\/v2\/posts\/140751\/revisions\/140755"}],"wp:featuredmedia":[{"embeddable":true,"href":"https:\/\/kt.gov.rs\/sq\/wp-json\/wp\/v2\/media\/140756"}],"wp:attachment":[{"href":"https:\/\/kt.gov.rs\/sq\/wp-json\/wp\/v2\/media?parent=140751"}],"wp:term":[{"taxonomy":"category","embeddable":true,"href":"https:\/\/kt.gov.rs\/sq\/wp-json\/wp\/v2\/categories?post=140751"},{"taxonomy":"post_tag","embeddable":true,"href":"https:\/\/kt.gov.rs\/sq\/wp-json\/wp\/v2\/tags?post=140751"}],"curies":[{"name":"wp","href":"https:\/\/api.w.org\/{rel}","templated":true}]}}