{"id":140719,"date":"2013-07-31T00:00:00","date_gmt":"2013-07-31T00:00:00","guid":{"rendered":"http:\/\/kt.printandscreen.rs\/banja-e-sjarines-ka-shenuar-netet-e-gajzerit\/"},"modified":"2024-07-30T20:15:35","modified_gmt":"2024-07-30T20:15:35","slug":"banja-e-sjarines-ka-shenuar-netet-e-gajzerit","status":"publish","type":"post","link":"https:\/\/kt.gov.rs\/sq\/banja-e-sjarines-ka-shenuar-netet-e-gajzerit\/","title":{"rendered":"BANJA E SJARIN\u00cbS KA SH\u00cbNUAR NET\u00cbT E GAJZERIT"},"content":{"rendered":"<p>\n\t<strong><img decoding=\"async\" alt=\"\" src=\"https:\/\/kt.gov.rs\/wp-content\/uploads\/2024\/07\/newspic224v-4.jpg\" style=\"width: 315px; height: 180px; float: left;\" \/>Medvegj\u00eb<\/strong> \u2013 Manifestimi tradicional turistik \u201cNet\u00ebt e Gejzerit\u201d,e cila mbahet p\u00ebr t\u00eb 16-t\u00ebn her\u00eb,ka mbledhur nj\u00eb num\u00ebr t\u00eb madh t\u00eb turist\u00ebve t\u00eb cil\u00ebt k\u00ebnaqen me muzik\u00eb t\u00eb pasur dhe programe arg\u00ebtuese.N\u00eb nj\u00eb hapsir\u00eb t\u00eb madhe para restaurantit \u201cSnezhnik\u201dnga mbr\u00ebmja n\u00eb mbr\u00ebmje \u00ebsht\u00eb shum i vog\u00ebl p\u00ebr ti pranuar vizitor\u00ebt.<\/p>\n<p>\n\tN\u00eb hapjen e manifestimit nj\u00eb num\u00ebr t\u00eb madh\u00eb t\u00eb mysafir\u00ebve dhe p\u00ebrfaq\u00ebsuesve t\u00eb pushtetit lokal I p\u00ebrsh\u00ebndeti Dobrica Purenoviq,drejtoresha e spitalit special p\u00ebr rehabilitim \u201cGejzer\u201d n\u00eb Banj\u00ebn e Sjarin\u00ebs dhe I uroi atyre q\u00ebndryim t\u00eb k\u00ebndsh\u00ebm.Para komun\u00ebs s\u00eb Medvegj\u00ebs I p\u00ebrsh\u00ebndeti mysafir\u00ebt Natasha Filiq kryetarja kuvendit komunal t\u00eb Medvegj\u00ebs.N\u00eb em\u00ebr t\u00eb mysafir\u00ebve vendas i falemderoi Radovan Tanaskoviq,kryetari I Klasterit Turistik pas t\u00eb cilit nxiti fishekzjarret.<\/p>\n<p>\n\tP\u00ebr disponimin e mysafir\u00ebve n\u00eb nat\u00ebn e par\u00eb u perkujdes artisti i estrad\u00ebs Stevan Angjellkoviq dhe orkestra \u201cThe best band\u201d,I cili zakonisht ndjek t\u00eb gjith interpretuesit n\u00eb k\u00ebt\u00eb ngjarje.<\/p>\n<p>\n\tSonte do ti arg\u00ebtoj Nesha Galija,kurse si p\u00ebrfundim I k\u00ebtij manifestimi q\u00eb do t\u00eb mbah\u00ebt t\u00eb premt\u00ebn m\u00eb 2 gusht,kur do t\u00eb mbahet Panairi i aligjynit ,kurse mbasdite\u00a0 kuror\u00ebzimi tradicional n\u00ebn Gejzer.\u00a0<\/p>\n<p>\n\t<strong>BURIMI:<\/strong> JUGMEDIA<\/p>\n<p>\n\t\u00a0<\/p>\n","protected":false},"excerpt":{"rendered":"<p>Medvegj\u00eb \u2013 Manifestimi tradicional turistik \u201cNet\u00ebt e Gejzerit\u201d,e cila mbahet p\u00ebr t\u00eb 16-t\u00ebn her\u00eb,ka mbledhur nj\u00eb num\u00ebr t\u00eb madh t\u00eb turist\u00ebve t\u00eb cil\u00ebt k\u00ebnaqen me muzik\u00eb t\u00eb pasur dhe programe arg\u00ebtuese.N\u00eb nj\u00eb hapsir\u00eb t\u00eb madhe para restaurantit \u201cSnezhnik\u201dnga mbr\u00ebmja n\u00eb mbr\u00ebmje \u00ebsht\u00eb shum i vog\u00ebl p\u00ebr ti pranuar vizitor\u00ebt.<\/p>\n","protected":false},"author":1,"featured_media":140724,"comment_status":"closed","ping_status":"closed","sticky":false,"template":"","format":"standard","meta":{"footnotes":""},"categories":[55],"tags":[],"class_list":["post-140719","post","type-post","status-publish","format-standard","has-post-thumbnail","hentry","category-lajme"],"yoast_head":"<!-- This site is optimized with the Yoast SEO plugin v27.5 - https:\/\/yoast.com\/product\/yoast-seo-wordpress\/ -->\n<title>BANJA E SJARIN\u00cbS KA SH\u00cbNUAR NET\u00cbT E GAJZERIT - Republika e S\u00ebrbis\u00eb Trupi Koordinues p\u00ebr komunat Bujanoc, Preshev\u00eb dhe Medvegj\u00eb<\/title>\n<meta name=\"robots\" content=\"index, follow, max-snippet:-1, max-image-preview:large, max-video-preview:-1\" \/>\n<link rel=\"canonical\" href=\"https:\/\/kt.gov.rs\/sq\/banja-e-sjarines-ka-shenuar-netet-e-gajzerit\/\" \/>\n<meta property=\"og:locale\" content=\"sq_AL\" \/>\n<meta property=\"og:type\" content=\"article\" \/>\n<meta property=\"og:title\" content=\"BANJA E SJARIN\u00cbS KA SH\u00cbNUAR NET\u00cbT E GAJZERIT - Republika e S\u00ebrbis\u00eb Trupi Koordinues p\u00ebr komunat Bujanoc, Preshev\u00eb dhe Medvegj\u00eb\" \/>\n<meta property=\"og:description\" content=\"Medvegj\u00eb - Manifestimi tradicional turistik \u201cNet\u00ebt e Gejzerit\u201d,e cila mbahet p\u00ebr t\u00eb 16-t\u00ebn her\u00eb,ka mbledhur nj\u00eb num\u00ebr t\u00eb madh t\u00eb turist\u00ebve t\u00eb cil\u00ebt k\u00ebnaqen me muzik\u00eb t\u00eb pasur dhe programe arg\u00ebtuese.N\u00eb nj\u00eb hapsir\u00eb t\u00eb madhe para restaurantit \u201cSnezhnik\u201dnga mbr\u00ebmja n\u00eb mbr\u00ebmje \u00ebsht\u00eb shum i vog\u00ebl p\u00ebr ti pranuar vizitor\u00ebt.\" \/>\n<meta property=\"og:url\" content=\"https:\/\/kt.gov.rs\/sq\/banja-e-sjarines-ka-shenuar-netet-e-gajzerit\/\" \/>\n<meta property=\"og:site_name\" content=\"Republika e S\u00ebrbis\u00eb Trupi Koordinues p\u00ebr komunat Bujanoc, Preshev\u00eb dhe Medvegj\u00eb\" \/>\n<meta property=\"article:publisher\" content=\"https:\/\/www.facebook.com\/SluzbaKoordinacionogTelaVladeRepublikeSrbije\" \/>\n<meta property=\"article:published_time\" content=\"2013-07-31T00:00:00+00:00\" \/>\n<meta property=\"article:modified_time\" content=\"2024-07-30T20:15:35+00:00\" \/>\n<meta property=\"og:image\" content=\"https:\/\/kt.gov.rs\/wp-content\/uploads\/2024\/07\/newspic224v-5.jpg\" \/>\n\t<meta property=\"og:image:width\" content=\"315\" \/>\n\t<meta property=\"og:image:height\" content=\"180\" \/>\n\t<meta property=\"og:image:type\" content=\"image\/jpeg\" \/>\n<meta name=\"author\" content=\"ktmin\" \/>\n<meta name=\"twitter:card\" content=\"summary_large_image\" \/>\n<meta name=\"twitter:creator\" content=\"@kt_gov\" \/>\n<meta name=\"twitter:site\" content=\"@kt_gov\" \/>\n<meta name=\"twitter:label1\" content=\"Written by\" \/>\n\t<meta name=\"twitter:data1\" content=\"ktmin\" \/>\n\t<meta name=\"twitter:label2\" content=\"Est. reading time\" \/>\n\t<meta name=\"twitter:data2\" content=\"2 minutes\" \/>\n<script type=\"application\/ld+json\" class=\"yoast-schema-graph\">{\"@context\":\"https:\\\/\\\/schema.org\",\"@graph\":[{\"@type\":\"Article\",\"@id\":\"https:\\\/\\\/kt.gov.rs\\\/sq\\\/banja-e-sjarines-ka-shenuar-netet-e-gajzerit\\\/#article\",\"isPartOf\":{\"@id\":\"https:\\\/\\\/kt.gov.rs\\\/sq\\\/banja-e-sjarines-ka-shenuar-netet-e-gajzerit\\\/\"},\"author\":{\"name\":\"ktmin\",\"@id\":\"https:\\\/\\\/kt.gov.rs\\\/#\\\/schema\\\/person\\\/e426459ddb4173309103390602694571\"},\"headline\":\"BANJA E SJARIN\u00cbS KA SH\u00cbNUAR NET\u00cbT E GAJZERIT\",\"datePublished\":\"2013-07-31T00:00:00+00:00\",\"dateModified\":\"2024-07-30T20:15:35+00:00\",\"mainEntityOfPage\":{\"@id\":\"https:\\\/\\\/kt.gov.rs\\\/sq\\\/banja-e-sjarines-ka-shenuar-netet-e-gajzerit\\\/\"},\"wordCount\":338,\"publisher\":{\"@id\":\"https:\\\/\\\/kt.gov.rs\\\/#organization\"},\"image\":{\"@id\":\"https:\\\/\\\/kt.gov.rs\\\/sq\\\/banja-e-sjarines-ka-shenuar-netet-e-gajzerit\\\/#primaryimage\"},\"thumbnailUrl\":\"https:\\\/\\\/kt.gov.rs\\\/wp-content\\\/uploads\\\/2024\\\/07\\\/newspic224v-5.jpg\",\"articleSection\":[\"Lajme\"],\"inLanguage\":\"sq-AL\"},{\"@type\":\"WebPage\",\"@id\":\"https:\\\/\\\/kt.gov.rs\\\/sq\\\/banja-e-sjarines-ka-shenuar-netet-e-gajzerit\\\/\",\"url\":\"https:\\\/\\\/kt.gov.rs\\\/sq\\\/banja-e-sjarines-ka-shenuar-netet-e-gajzerit\\\/\",\"name\":\"BANJA E SJARIN\u00cbS KA SH\u00cbNUAR NET\u00cbT E GAJZERIT - Republika e S\u00ebrbis\u00eb Trupi Koordinues p\u00ebr komunat Bujanoc, Preshev\u00eb dhe Medvegj\u00eb\",\"isPartOf\":{\"@id\":\"https:\\\/\\\/kt.gov.rs\\\/#website\"},\"primaryImageOfPage\":{\"@id\":\"https:\\\/\\\/kt.gov.rs\\\/sq\\\/banja-e-sjarines-ka-shenuar-netet-e-gajzerit\\\/#primaryimage\"},\"image\":{\"@id\":\"https:\\\/\\\/kt.gov.rs\\\/sq\\\/banja-e-sjarines-ka-shenuar-netet-e-gajzerit\\\/#primaryimage\"},\"thumbnailUrl\":\"https:\\\/\\\/kt.gov.rs\\\/wp-content\\\/uploads\\\/2024\\\/07\\\/newspic224v-5.jpg\",\"datePublished\":\"2013-07-31T00:00:00+00:00\",\"dateModified\":\"2024-07-30T20:15:35+00:00\",\"breadcrumb\":{\"@id\":\"https:\\\/\\\/kt.gov.rs\\\/sq\\\/banja-e-sjarines-ka-shenuar-netet-e-gajzerit\\\/#breadcrumb\"},\"inLanguage\":\"sq-AL\",\"potentialAction\":[{\"@type\":\"ReadAction\",\"target\":[\"https:\\\/\\\/kt.gov.rs\\\/sq\\\/banja-e-sjarines-ka-shenuar-netet-e-gajzerit\\\/\"]}]},{\"@type\":\"ImageObject\",\"inLanguage\":\"sq-AL\",\"@id\":\"https:\\\/\\\/kt.gov.rs\\\/sq\\\/banja-e-sjarines-ka-shenuar-netet-e-gajzerit\\\/#primaryimage\",\"url\":\"https:\\\/\\\/kt.gov.rs\\\/wp-content\\\/uploads\\\/2024\\\/07\\\/newspic224v-5.jpg\",\"contentUrl\":\"https:\\\/\\\/kt.gov.rs\\\/wp-content\\\/uploads\\\/2024\\\/07\\\/newspic224v-5.jpg\",\"width\":315,\"height\":180},{\"@type\":\"BreadcrumbList\",\"@id\":\"https:\\\/\\\/kt.gov.rs\\\/sq\\\/banja-e-sjarines-ka-shenuar-netet-e-gajzerit\\\/#breadcrumb\",\"itemListElement\":[{\"@type\":\"ListItem\",\"position\":1,\"name\":\"\u041f\u043e\u0447\u0435\u0442\u043d\u0430\",\"item\":\"https:\\\/\\\/kt.gov.rs\\\/sq\\\/\"},{\"@type\":\"ListItem\",\"position\":2,\"name\":\"BANJA E SJARIN\u00cbS KA SH\u00cbNUAR NET\u00cbT E GAJZERIT\"}]},{\"@type\":\"WebSite\",\"@id\":\"https:\\\/\\\/kt.gov.rs\\\/#website\",\"url\":\"https:\\\/\\\/kt.gov.rs\\\/\",\"name\":\"\u041a\u043e\u043e\u0440\u0434\u0438\u043d\u0430\u0446\u0438\u043e\u043d\u043e \u0442\u0435\u043b\u043e \u0412\u043b\u0430\u0434\u0435 \u0420\u0435\u043f\u0443\u0431\u043b\u0438\u043a\u0435 \u0421\u0440\u0431\u0438\u0458\u0435 \u0437\u0430 \u043e\u043f\u0448\u0442\u0438\u043d\u0435 \u041f\u0440\u0435\u0448\u0435\u0432\u043e, \u0411\u0443\u0458\u0430\u043d\u043e\u0432\u0430\u0446 \u0438 \u041c\u0435\u0434\u0432\u0435\u0452a\",\"description\":\"\",\"publisher\":{\"@id\":\"https:\\\/\\\/kt.gov.rs\\\/#organization\"},\"alternateName\":\"\u041a\u043e\u043e\u0440\u0434\u0438\u043d\u0430\u0446\u0438\u043e\u043d\u043e \u0442\u0435\u043b\u043e\",\"potentialAction\":[{\"@type\":\"SearchAction\",\"target\":{\"@type\":\"EntryPoint\",\"urlTemplate\":\"https:\\\/\\\/kt.gov.rs\\\/?s={search_term_string}\"},\"query-input\":{\"@type\":\"PropertyValueSpecification\",\"valueRequired\":true,\"valueName\":\"search_term_string\"}}],\"inLanguage\":\"sq-AL\"},{\"@type\":\"Organization\",\"@id\":\"https:\\\/\\\/kt.gov.rs\\\/#organization\",\"name\":\"\u041a\u043e\u043e\u0440\u0434\u0438\u043d\u0430\u0446\u0438\u043e\u043d\u043e \u0442\u0435\u043b\u043e \u0412\u043b\u0430\u0434\u0435 \u0420\u0435\u043f\u0443\u0431\u043b\u0438\u043a\u0435 \u0421\u0440\u0431\u0438\u0458\u0435 \u0437\u0430 \u043e\u043f\u0448\u0442\u0438\u043d\u0435 \u041f\u0440\u0435\u0448\u0435\u0432\u043e, \u0411\u0443\u0458\u0430\u043d\u043e\u0432\u0430\u0446 \u0438 \u041c\u0435\u0434\u0432\u0435\u0452a\",\"alternateName\":\"\u041a\u043e\u043e\u0440\u0434\u0438\u043d\u0430\u0446\u0438\u043e\u043d\u043e \u0442\u0435\u043b\u043e\",\"url\":\"https:\\\/\\\/kt.gov.rs\\\/\",\"logo\":{\"@type\":\"ImageObject\",\"inLanguage\":\"sq-AL\",\"@id\":\"https:\\\/\\\/kt.gov.rs\\\/#\\\/schema\\\/logo\\\/image\\\/\",\"url\":\"https:\\\/\\\/kt.gov.rs\\\/wp-content\\\/uploads\\\/2024\\\/12\\\/koord2.jpg\",\"contentUrl\":\"https:\\\/\\\/kt.gov.rs\\\/wp-content\\\/uploads\\\/2024\\\/12\\\/koord2.jpg\",\"width\":640,\"height\":480,\"caption\":\"\u041a\u043e\u043e\u0440\u0434\u0438\u043d\u0430\u0446\u0438\u043e\u043d\u043e \u0442\u0435\u043b\u043e \u0412\u043b\u0430\u0434\u0435 \u0420\u0435\u043f\u0443\u0431\u043b\u0438\u043a\u0435 \u0421\u0440\u0431\u0438\u0458\u0435 \u0437\u0430 \u043e\u043f\u0448\u0442\u0438\u043d\u0435 \u041f\u0440\u0435\u0448\u0435\u0432\u043e, \u0411\u0443\u0458\u0430\u043d\u043e\u0432\u0430\u0446 \u0438 \u041c\u0435\u0434\u0432\u0435\u0452a\"},\"image\":{\"@id\":\"https:\\\/\\\/kt.gov.rs\\\/#\\\/schema\\\/logo\\\/image\\\/\"},\"sameAs\":[\"https:\\\/\\\/www.facebook.com\\\/SluzbaKoordinacionogTelaVladeRepublikeSrbije\",\"https:\\\/\\\/x.com\\\/kt_gov\",\"https:\\\/\\\/www.youtube.com\\\/@koordinacionotelo\"]},{\"@type\":\"Person\",\"@id\":\"https:\\\/\\\/kt.gov.rs\\\/#\\\/schema\\\/person\\\/e426459ddb4173309103390602694571\",\"name\":\"ktmin\",\"image\":{\"@type\":\"ImageObject\",\"inLanguage\":\"sq-AL\",\"@id\":\"https:\\\/\\\/secure.gravatar.com\\\/avatar\\\/3985c961109853010c3fbc7ba30365bfba5db3dd6c525831d9c595c7525a615a?s=96&d=mm&r=g\",\"url\":\"https:\\\/\\\/secure.gravatar.com\\\/avatar\\\/3985c961109853010c3fbc7ba30365bfba5db3dd6c525831d9c595c7525a615a?s=96&d=mm&r=g\",\"contentUrl\":\"https:\\\/\\\/secure.gravatar.com\\\/avatar\\\/3985c961109853010c3fbc7ba30365bfba5db3dd6c525831d9c595c7525a615a?s=96&d=mm&r=g\",\"caption\":\"ktmin\"},\"sameAs\":[\"https:\\\/\\\/kt.gov.rs\"],\"url\":\"https:\\\/\\\/kt.gov.rs\\\/sq\\\/author\\\/ktmin\\\/\"}]}<\/script>\n<!-- \/ Yoast SEO plugin. -->","yoast_head_json":{"title":"BANJA E SJARIN\u00cbS KA SH\u00cbNUAR NET\u00cbT E GAJZERIT - Republika e S\u00ebrbis\u00eb Trupi Koordinues p\u00ebr komunat Bujanoc, Preshev\u00eb dhe Medvegj\u00eb","robots":{"index":"index","follow":"follow","max-snippet":"max-snippet:-1","max-image-preview":"max-image-preview:large","max-video-preview":"max-video-preview:-1"},"canonical":"https:\/\/kt.gov.rs\/sq\/banja-e-sjarines-ka-shenuar-netet-e-gajzerit\/","og_locale":"sq_AL","og_type":"article","og_title":"BANJA E SJARIN\u00cbS KA SH\u00cbNUAR NET\u00cbT E GAJZERIT - Republika e S\u00ebrbis\u00eb Trupi Koordinues p\u00ebr komunat Bujanoc, Preshev\u00eb dhe Medvegj\u00eb","og_description":"Medvegj\u00eb - Manifestimi tradicional turistik \u201cNet\u00ebt e Gejzerit\u201d,e cila mbahet p\u00ebr t\u00eb 16-t\u00ebn her\u00eb,ka mbledhur nj\u00eb num\u00ebr t\u00eb madh t\u00eb turist\u00ebve t\u00eb cil\u00ebt k\u00ebnaqen me muzik\u00eb t\u00eb pasur dhe programe arg\u00ebtuese.N\u00eb nj\u00eb hapsir\u00eb t\u00eb madhe para restaurantit \u201cSnezhnik\u201dnga mbr\u00ebmja n\u00eb mbr\u00ebmje \u00ebsht\u00eb shum i vog\u00ebl p\u00ebr ti pranuar vizitor\u00ebt.","og_url":"https:\/\/kt.gov.rs\/sq\/banja-e-sjarines-ka-shenuar-netet-e-gajzerit\/","og_site_name":"Republika e S\u00ebrbis\u00eb Trupi Koordinues p\u00ebr komunat Bujanoc, Preshev\u00eb dhe Medvegj\u00eb","article_publisher":"https:\/\/www.facebook.com\/SluzbaKoordinacionogTelaVladeRepublikeSrbije","article_published_time":"2013-07-31T00:00:00+00:00","article_modified_time":"2024-07-30T20:15:35+00:00","og_image":[{"width":315,"height":180,"url":"https:\/\/kt.gov.rs\/wp-content\/uploads\/2024\/07\/newspic224v-5.jpg","type":"image\/jpeg"}],"author":"ktmin","twitter_card":"summary_large_image","twitter_creator":"@kt_gov","twitter_site":"@kt_gov","twitter_misc":{"Written by":"ktmin","Est. reading time":"2 minutes"},"schema":{"@context":"https:\/\/schema.org","@graph":[{"@type":"Article","@id":"https:\/\/kt.gov.rs\/sq\/banja-e-sjarines-ka-shenuar-netet-e-gajzerit\/#article","isPartOf":{"@id":"https:\/\/kt.gov.rs\/sq\/banja-e-sjarines-ka-shenuar-netet-e-gajzerit\/"},"author":{"name":"ktmin","@id":"https:\/\/kt.gov.rs\/#\/schema\/person\/e426459ddb4173309103390602694571"},"headline":"BANJA E SJARIN\u00cbS KA SH\u00cbNUAR NET\u00cbT E GAJZERIT","datePublished":"2013-07-31T00:00:00+00:00","dateModified":"2024-07-30T20:15:35+00:00","mainEntityOfPage":{"@id":"https:\/\/kt.gov.rs\/sq\/banja-e-sjarines-ka-shenuar-netet-e-gajzerit\/"},"wordCount":338,"publisher":{"@id":"https:\/\/kt.gov.rs\/#organization"},"image":{"@id":"https:\/\/kt.gov.rs\/sq\/banja-e-sjarines-ka-shenuar-netet-e-gajzerit\/#primaryimage"},"thumbnailUrl":"https:\/\/kt.gov.rs\/wp-content\/uploads\/2024\/07\/newspic224v-5.jpg","articleSection":["Lajme"],"inLanguage":"sq-AL"},{"@type":"WebPage","@id":"https:\/\/kt.gov.rs\/sq\/banja-e-sjarines-ka-shenuar-netet-e-gajzerit\/","url":"https:\/\/kt.gov.rs\/sq\/banja-e-sjarines-ka-shenuar-netet-e-gajzerit\/","name":"BANJA E SJARIN\u00cbS KA SH\u00cbNUAR NET\u00cbT E GAJZERIT - Republika e S\u00ebrbis\u00eb Trupi Koordinues p\u00ebr komunat Bujanoc, Preshev\u00eb dhe Medvegj\u00eb","isPartOf":{"@id":"https:\/\/kt.gov.rs\/#website"},"primaryImageOfPage":{"@id":"https:\/\/kt.gov.rs\/sq\/banja-e-sjarines-ka-shenuar-netet-e-gajzerit\/#primaryimage"},"image":{"@id":"https:\/\/kt.gov.rs\/sq\/banja-e-sjarines-ka-shenuar-netet-e-gajzerit\/#primaryimage"},"thumbnailUrl":"https:\/\/kt.gov.rs\/wp-content\/uploads\/2024\/07\/newspic224v-5.jpg","datePublished":"2013-07-31T00:00:00+00:00","dateModified":"2024-07-30T20:15:35+00:00","breadcrumb":{"@id":"https:\/\/kt.gov.rs\/sq\/banja-e-sjarines-ka-shenuar-netet-e-gajzerit\/#breadcrumb"},"inLanguage":"sq-AL","potentialAction":[{"@type":"ReadAction","target":["https:\/\/kt.gov.rs\/sq\/banja-e-sjarines-ka-shenuar-netet-e-gajzerit\/"]}]},{"@type":"ImageObject","inLanguage":"sq-AL","@id":"https:\/\/kt.gov.rs\/sq\/banja-e-sjarines-ka-shenuar-netet-e-gajzerit\/#primaryimage","url":"https:\/\/kt.gov.rs\/wp-content\/uploads\/2024\/07\/newspic224v-5.jpg","contentUrl":"https:\/\/kt.gov.rs\/wp-content\/uploads\/2024\/07\/newspic224v-5.jpg","width":315,"height":180},{"@type":"BreadcrumbList","@id":"https:\/\/kt.gov.rs\/sq\/banja-e-sjarines-ka-shenuar-netet-e-gajzerit\/#breadcrumb","itemListElement":[{"@type":"ListItem","position":1,"name":"\u041f\u043e\u0447\u0435\u0442\u043d\u0430","item":"https:\/\/kt.gov.rs\/sq\/"},{"@type":"ListItem","position":2,"name":"BANJA E SJARIN\u00cbS KA SH\u00cbNUAR NET\u00cbT E GAJZERIT"}]},{"@type":"WebSite","@id":"https:\/\/kt.gov.rs\/#website","url":"https:\/\/kt.gov.rs\/","name":"\u041a\u043e\u043e\u0440\u0434\u0438\u043d\u0430\u0446\u0438\u043e\u043d\u043e \u0442\u0435\u043b\u043e \u0412\u043b\u0430\u0434\u0435 \u0420\u0435\u043f\u0443\u0431\u043b\u0438\u043a\u0435 \u0421\u0440\u0431\u0438\u0458\u0435 \u0437\u0430 \u043e\u043f\u0448\u0442\u0438\u043d\u0435 \u041f\u0440\u0435\u0448\u0435\u0432\u043e, \u0411\u0443\u0458\u0430\u043d\u043e\u0432\u0430\u0446 \u0438 \u041c\u0435\u0434\u0432\u0435\u0452a","description":"","publisher":{"@id":"https:\/\/kt.gov.rs\/#organization"},"alternateName":"\u041a\u043e\u043e\u0440\u0434\u0438\u043d\u0430\u0446\u0438\u043e\u043d\u043e \u0442\u0435\u043b\u043e","potentialAction":[{"@type":"SearchAction","target":{"@type":"EntryPoint","urlTemplate":"https:\/\/kt.gov.rs\/?s={search_term_string}"},"query-input":{"@type":"PropertyValueSpecification","valueRequired":true,"valueName":"search_term_string"}}],"inLanguage":"sq-AL"},{"@type":"Organization","@id":"https:\/\/kt.gov.rs\/#organization","name":"\u041a\u043e\u043e\u0440\u0434\u0438\u043d\u0430\u0446\u0438\u043e\u043d\u043e \u0442\u0435\u043b\u043e \u0412\u043b\u0430\u0434\u0435 \u0420\u0435\u043f\u0443\u0431\u043b\u0438\u043a\u0435 \u0421\u0440\u0431\u0438\u0458\u0435 \u0437\u0430 \u043e\u043f\u0448\u0442\u0438\u043d\u0435 \u041f\u0440\u0435\u0448\u0435\u0432\u043e, \u0411\u0443\u0458\u0430\u043d\u043e\u0432\u0430\u0446 \u0438 \u041c\u0435\u0434\u0432\u0435\u0452a","alternateName":"\u041a\u043e\u043e\u0440\u0434\u0438\u043d\u0430\u0446\u0438\u043e\u043d\u043e \u0442\u0435\u043b\u043e","url":"https:\/\/kt.gov.rs\/","logo":{"@type":"ImageObject","inLanguage":"sq-AL","@id":"https:\/\/kt.gov.rs\/#\/schema\/logo\/image\/","url":"https:\/\/kt.gov.rs\/wp-content\/uploads\/2024\/12\/koord2.jpg","contentUrl":"https:\/\/kt.gov.rs\/wp-content\/uploads\/2024\/12\/koord2.jpg","width":640,"height":480,"caption":"\u041a\u043e\u043e\u0440\u0434\u0438\u043d\u0430\u0446\u0438\u043e\u043d\u043e \u0442\u0435\u043b\u043e \u0412\u043b\u0430\u0434\u0435 \u0420\u0435\u043f\u0443\u0431\u043b\u0438\u043a\u0435 \u0421\u0440\u0431\u0438\u0458\u0435 \u0437\u0430 \u043e\u043f\u0448\u0442\u0438\u043d\u0435 \u041f\u0440\u0435\u0448\u0435\u0432\u043e, \u0411\u0443\u0458\u0430\u043d\u043e\u0432\u0430\u0446 \u0438 \u041c\u0435\u0434\u0432\u0435\u0452a"},"image":{"@id":"https:\/\/kt.gov.rs\/#\/schema\/logo\/image\/"},"sameAs":["https:\/\/www.facebook.com\/SluzbaKoordinacionogTelaVladeRepublikeSrbije","https:\/\/x.com\/kt_gov","https:\/\/www.youtube.com\/@koordinacionotelo"]},{"@type":"Person","@id":"https:\/\/kt.gov.rs\/#\/schema\/person\/e426459ddb4173309103390602694571","name":"ktmin","image":{"@type":"ImageObject","inLanguage":"sq-AL","@id":"https:\/\/secure.gravatar.com\/avatar\/3985c961109853010c3fbc7ba30365bfba5db3dd6c525831d9c595c7525a615a?s=96&d=mm&r=g","url":"https:\/\/secure.gravatar.com\/avatar\/3985c961109853010c3fbc7ba30365bfba5db3dd6c525831d9c595c7525a615a?s=96&d=mm&r=g","contentUrl":"https:\/\/secure.gravatar.com\/avatar\/3985c961109853010c3fbc7ba30365bfba5db3dd6c525831d9c595c7525a615a?s=96&d=mm&r=g","caption":"ktmin"},"sameAs":["https:\/\/kt.gov.rs"],"url":"https:\/\/kt.gov.rs\/sq\/author\/ktmin\/"}]}},"_links":{"self":[{"href":"https:\/\/kt.gov.rs\/sq\/wp-json\/wp\/v2\/posts\/140719","targetHints":{"allow":["GET"]}}],"collection":[{"href":"https:\/\/kt.gov.rs\/sq\/wp-json\/wp\/v2\/posts"}],"about":[{"href":"https:\/\/kt.gov.rs\/sq\/wp-json\/wp\/v2\/types\/post"}],"author":[{"embeddable":true,"href":"https:\/\/kt.gov.rs\/sq\/wp-json\/wp\/v2\/users\/1"}],"replies":[{"embeddable":true,"href":"https:\/\/kt.gov.rs\/sq\/wp-json\/wp\/v2\/comments?post=140719"}],"version-history":[{"count":1,"href":"https:\/\/kt.gov.rs\/sq\/wp-json\/wp\/v2\/posts\/140719\/revisions"}],"predecessor-version":[{"id":140723,"href":"https:\/\/kt.gov.rs\/sq\/wp-json\/wp\/v2\/posts\/140719\/revisions\/140723"}],"wp:featuredmedia":[{"embeddable":true,"href":"https:\/\/kt.gov.rs\/sq\/wp-json\/wp\/v2\/media\/140724"}],"wp:attachment":[{"href":"https:\/\/kt.gov.rs\/sq\/wp-json\/wp\/v2\/media?parent=140719"}],"wp:term":[{"taxonomy":"category","embeddable":true,"href":"https:\/\/kt.gov.rs\/sq\/wp-json\/wp\/v2\/categories?post=140719"},{"taxonomy":"post_tag","embeddable":true,"href":"https:\/\/kt.gov.rs\/sq\/wp-json\/wp\/v2\/tags?post=140719"}],"curies":[{"name":"wp","href":"https:\/\/api.w.org\/{rel}","templated":true}]}}