{"id":140687,"date":"2013-08-07T00:00:00","date_gmt":"2013-08-07T00:00:00","guid":{"rendered":"http:\/\/kt.printandscreen.rs\/portali-infortmativ-titulli-dhe-ne-gjuhen-serbe\/"},"modified":"2024-07-30T20:15:32","modified_gmt":"2024-07-30T20:15:32","slug":"portali-infortmativ-titulli-dhe-ne-gjuhen-serbe","status":"publish","type":"post","link":"https:\/\/kt.gov.rs\/sq\/portali-infortmativ-titulli-dhe-ne-gjuhen-serbe\/","title":{"rendered":"PORTALI INFORTMATIV TITULLI DHE N\u00cb GJUH\u00cbN SERBE"},"content":{"rendered":"<p>\n\t<strong><img decoding=\"async\" alt=\"\" src=\"https:\/\/kt.gov.rs\/wp-content\/uploads\/2024\/07\/newspic227v-4.jpg\" style=\"width: 315px; height: 180px; float: left;\" \/>Bujanoc<\/strong>-Portali informative \u201cTitulli\u201d nga Bujanoci filloi botimin e lajmeve n\u00eb gjuh\u00ebn serbe me\u00a0 ndihm\u00ebn e Ministris\u00eb s\u00eb Kultur\u00ebs.Nga n\u00ebnt\u00eb portalet q\u00eb informojn\u00eb shqiptar\u00ebt n\u00eb Bujanoc, Preshev\u00eb dhe Medvegj\u00eb &quot;Titulli&quot;\u00ebsht\u00eb i pari dhe deri tani i vetmi q\u00eb vendosi p\u00ebr t\u00eb marr\u00eb k\u00ebt\u00eb hap.<\/p>\n<p>\n\t\u00a0\u201cPara nj\u00eb viti e gjysm\u00eb kemi filluar me q\u00ebllim q\u00eb t\u00eb jemi z\u00ebri i shqiptar\u00ebve kurse tani paraqesim informacione mbi tregun serb sepse k\u00ebtu shqiptar\u00ebt dhe serb\u00ebt kan\u00eb t\u00eb nj\u00ebjtat probleme dhe d\u00ebshira p\u00ebr t\u00eb arritur nj\u00eb cil\u00ebsi m\u00eb t\u00eb mir\u00eb t\u00eb jet\u00ebs &quot;, tha\u00a0 drejtori Sk\u00ebnder Saqipi.<\/p>\n<p>\n\tKjo faqe ka\u00a0 nj\u00eb mesatare prej 8.000 vizita n\u00eb dit\u00eb dhe informatat e tyre <em>transmetojn\u00eb <\/em>\u00a0mediat n\u00eb Kosov\u00eb dhe Metohi,Maqedoni dhe Shqip\u00ebri.<\/p>\n<p>\n\tNj\u00eb fakt interesant \u00ebsht\u00eb se n\u00eb k\u00ebto tri komuna n\u00eb t\u00eb cilat jetojn\u00eb shqiptar\u00ebt, portalet e internetit n\u00eb gjuh\u00ebn shqipe jan\u00eb t\u00eb bollshme nd\u00ebrsa serb\u00ebt nuk kan\u00eb asnj\u00eb faqe t\u00eb internetit \u00a0e\u00a0<em>karakterit informative.<\/em><\/p>\n<p>\n\t<strong>Burimi:Jugmedia<\/strong><\/p>\n<p>\n\t\u00a0<\/p>\n","protected":false},"excerpt":{"rendered":"<p>Bujanoc-Portali informative \u201cTitulli\u201d nga Bujanoci filloi botimin e lajmeve n\u00eb gjuh\u00ebn serbe me\u00a0 ndihm\u00ebn e Ministris\u00eb s\u00eb Kultur\u00ebs.Nga n\u00ebnt\u00eb portalet q\u00eb informojn\u00eb shqiptar\u00ebt n\u00eb Bujanoc, Preshev\u00eb dhe Medvegj\u00eb &quot;Titulli&quot;\u00ebsht\u00eb i pari dhe deri tani i vetmi q\u00eb vendosi p\u00ebr t\u00eb marr\u00eb k\u00ebt\u00eb hap.<\/p>\n","protected":false},"author":1,"featured_media":140692,"comment_status":"closed","ping_status":"closed","sticky":false,"template":"","format":"standard","meta":{"footnotes":""},"categories":[55],"tags":[],"class_list":["post-140687","post","type-post","status-publish","format-standard","has-post-thumbnail","hentry","category-lajme"],"yoast_head":"<!-- This site is optimized with the Yoast SEO plugin v27.5 - https:\/\/yoast.com\/product\/yoast-seo-wordpress\/ -->\n<title>PORTALI INFORTMATIV TITULLI DHE N\u00cb GJUH\u00cbN SERBE - Republika e S\u00ebrbis\u00eb Trupi Koordinues p\u00ebr komunat Bujanoc, Preshev\u00eb dhe Medvegj\u00eb<\/title>\n<meta name=\"robots\" content=\"index, follow, max-snippet:-1, max-image-preview:large, max-video-preview:-1\" \/>\n<link rel=\"canonical\" href=\"https:\/\/kt.gov.rs\/sq\/portali-infortmativ-titulli-dhe-ne-gjuhen-serbe\/\" \/>\n<meta property=\"og:locale\" content=\"sq_AL\" \/>\n<meta property=\"og:type\" content=\"article\" \/>\n<meta property=\"og:title\" content=\"PORTALI INFORTMATIV TITULLI DHE N\u00cb GJUH\u00cbN SERBE - Republika e S\u00ebrbis\u00eb Trupi Koordinues p\u00ebr komunat Bujanoc, Preshev\u00eb dhe Medvegj\u00eb\" \/>\n<meta property=\"og:description\" content=\"Bujanoc-Portali informative \u201cTitulli\u201d nga Bujanoci filloi botimin e lajmeve n\u00eb gjuh\u00ebn serbe me\u00a0 ndihm\u00ebn e Ministris\u00eb s\u00eb Kultur\u00ebs.Nga n\u00ebnt\u00eb portalet q\u00eb informojn\u00eb shqiptar\u00ebt n\u00eb Bujanoc, Preshev\u00eb dhe Medvegj\u00eb &quot;Titulli&quot;\u00ebsht\u00eb i pari dhe deri tani i vetmi q\u00eb vendosi p\u00ebr t\u00eb marr\u00eb k\u00ebt\u00eb hap.\" \/>\n<meta property=\"og:url\" content=\"https:\/\/kt.gov.rs\/sq\/portali-infortmativ-titulli-dhe-ne-gjuhen-serbe\/\" \/>\n<meta property=\"og:site_name\" content=\"Republika e S\u00ebrbis\u00eb Trupi Koordinues p\u00ebr komunat Bujanoc, Preshev\u00eb dhe Medvegj\u00eb\" \/>\n<meta property=\"article:publisher\" content=\"https:\/\/www.facebook.com\/SluzbaKoordinacionogTelaVladeRepublikeSrbije\" \/>\n<meta property=\"article:published_time\" content=\"2013-08-07T00:00:00+00:00\" \/>\n<meta property=\"article:modified_time\" content=\"2024-07-30T20:15:32+00:00\" \/>\n<meta property=\"og:image\" content=\"https:\/\/kt.gov.rs\/wp-content\/uploads\/2024\/07\/newspic227v-5.jpg\" \/>\n\t<meta property=\"og:image:width\" content=\"315\" \/>\n\t<meta property=\"og:image:height\" content=\"180\" \/>\n\t<meta property=\"og:image:type\" content=\"image\/jpeg\" \/>\n<meta name=\"author\" content=\"ktmin\" \/>\n<meta name=\"twitter:card\" content=\"summary_large_image\" \/>\n<meta name=\"twitter:creator\" content=\"@kt_gov\" \/>\n<meta name=\"twitter:site\" content=\"@kt_gov\" \/>\n<meta name=\"twitter:label1\" content=\"Written by\" \/>\n\t<meta name=\"twitter:data1\" content=\"ktmin\" \/>\n\t<meta name=\"twitter:label2\" content=\"Est. reading time\" \/>\n\t<meta name=\"twitter:data2\" content=\"1 minute\" \/>\n<script type=\"application\/ld+json\" class=\"yoast-schema-graph\">{\"@context\":\"https:\\\/\\\/schema.org\",\"@graph\":[{\"@type\":\"Article\",\"@id\":\"https:\\\/\\\/kt.gov.rs\\\/sq\\\/portali-infortmativ-titulli-dhe-ne-gjuhen-serbe\\\/#article\",\"isPartOf\":{\"@id\":\"https:\\\/\\\/kt.gov.rs\\\/sq\\\/portali-infortmativ-titulli-dhe-ne-gjuhen-serbe\\\/\"},\"author\":{\"name\":\"ktmin\",\"@id\":\"https:\\\/\\\/kt.gov.rs\\\/#\\\/schema\\\/person\\\/e426459ddb4173309103390602694571\"},\"headline\":\"PORTALI INFORTMATIV TITULLI DHE N\u00cb GJUH\u00cbN SERBE\",\"datePublished\":\"2013-08-07T00:00:00+00:00\",\"dateModified\":\"2024-07-30T20:15:32+00:00\",\"mainEntityOfPage\":{\"@id\":\"https:\\\/\\\/kt.gov.rs\\\/sq\\\/portali-infortmativ-titulli-dhe-ne-gjuhen-serbe\\\/\"},\"wordCount\":268,\"publisher\":{\"@id\":\"https:\\\/\\\/kt.gov.rs\\\/#organization\"},\"image\":{\"@id\":\"https:\\\/\\\/kt.gov.rs\\\/sq\\\/portali-infortmativ-titulli-dhe-ne-gjuhen-serbe\\\/#primaryimage\"},\"thumbnailUrl\":\"https:\\\/\\\/kt.gov.rs\\\/wp-content\\\/uploads\\\/2024\\\/07\\\/newspic227v-5.jpg\",\"articleSection\":[\"Lajme\"],\"inLanguage\":\"sq-AL\"},{\"@type\":\"WebPage\",\"@id\":\"https:\\\/\\\/kt.gov.rs\\\/sq\\\/portali-infortmativ-titulli-dhe-ne-gjuhen-serbe\\\/\",\"url\":\"https:\\\/\\\/kt.gov.rs\\\/sq\\\/portali-infortmativ-titulli-dhe-ne-gjuhen-serbe\\\/\",\"name\":\"PORTALI INFORTMATIV TITULLI DHE N\u00cb GJUH\u00cbN SERBE - Republika e S\u00ebrbis\u00eb Trupi Koordinues p\u00ebr komunat Bujanoc, Preshev\u00eb dhe Medvegj\u00eb\",\"isPartOf\":{\"@id\":\"https:\\\/\\\/kt.gov.rs\\\/#website\"},\"primaryImageOfPage\":{\"@id\":\"https:\\\/\\\/kt.gov.rs\\\/sq\\\/portali-infortmativ-titulli-dhe-ne-gjuhen-serbe\\\/#primaryimage\"},\"image\":{\"@id\":\"https:\\\/\\\/kt.gov.rs\\\/sq\\\/portali-infortmativ-titulli-dhe-ne-gjuhen-serbe\\\/#primaryimage\"},\"thumbnailUrl\":\"https:\\\/\\\/kt.gov.rs\\\/wp-content\\\/uploads\\\/2024\\\/07\\\/newspic227v-5.jpg\",\"datePublished\":\"2013-08-07T00:00:00+00:00\",\"dateModified\":\"2024-07-30T20:15:32+00:00\",\"breadcrumb\":{\"@id\":\"https:\\\/\\\/kt.gov.rs\\\/sq\\\/portali-infortmativ-titulli-dhe-ne-gjuhen-serbe\\\/#breadcrumb\"},\"inLanguage\":\"sq-AL\",\"potentialAction\":[{\"@type\":\"ReadAction\",\"target\":[\"https:\\\/\\\/kt.gov.rs\\\/sq\\\/portali-infortmativ-titulli-dhe-ne-gjuhen-serbe\\\/\"]}]},{\"@type\":\"ImageObject\",\"inLanguage\":\"sq-AL\",\"@id\":\"https:\\\/\\\/kt.gov.rs\\\/sq\\\/portali-infortmativ-titulli-dhe-ne-gjuhen-serbe\\\/#primaryimage\",\"url\":\"https:\\\/\\\/kt.gov.rs\\\/wp-content\\\/uploads\\\/2024\\\/07\\\/newspic227v-5.jpg\",\"contentUrl\":\"https:\\\/\\\/kt.gov.rs\\\/wp-content\\\/uploads\\\/2024\\\/07\\\/newspic227v-5.jpg\",\"width\":315,\"height\":180},{\"@type\":\"BreadcrumbList\",\"@id\":\"https:\\\/\\\/kt.gov.rs\\\/sq\\\/portali-infortmativ-titulli-dhe-ne-gjuhen-serbe\\\/#breadcrumb\",\"itemListElement\":[{\"@type\":\"ListItem\",\"position\":1,\"name\":\"\u041f\u043e\u0447\u0435\u0442\u043d\u0430\",\"item\":\"https:\\\/\\\/kt.gov.rs\\\/sq\\\/\"},{\"@type\":\"ListItem\",\"position\":2,\"name\":\"PORTALI INFORTMATIV TITULLI DHE N\u00cb GJUH\u00cbN SERBE\"}]},{\"@type\":\"WebSite\",\"@id\":\"https:\\\/\\\/kt.gov.rs\\\/#website\",\"url\":\"https:\\\/\\\/kt.gov.rs\\\/\",\"name\":\"\u041a\u043e\u043e\u0440\u0434\u0438\u043d\u0430\u0446\u0438\u043e\u043d\u043e \u0442\u0435\u043b\u043e \u0412\u043b\u0430\u0434\u0435 \u0420\u0435\u043f\u0443\u0431\u043b\u0438\u043a\u0435 \u0421\u0440\u0431\u0438\u0458\u0435 \u0437\u0430 \u043e\u043f\u0448\u0442\u0438\u043d\u0435 \u041f\u0440\u0435\u0448\u0435\u0432\u043e, \u0411\u0443\u0458\u0430\u043d\u043e\u0432\u0430\u0446 \u0438 \u041c\u0435\u0434\u0432\u0435\u0452a\",\"description\":\"\",\"publisher\":{\"@id\":\"https:\\\/\\\/kt.gov.rs\\\/#organization\"},\"alternateName\":\"\u041a\u043e\u043e\u0440\u0434\u0438\u043d\u0430\u0446\u0438\u043e\u043d\u043e \u0442\u0435\u043b\u043e\",\"potentialAction\":[{\"@type\":\"SearchAction\",\"target\":{\"@type\":\"EntryPoint\",\"urlTemplate\":\"https:\\\/\\\/kt.gov.rs\\\/?s={search_term_string}\"},\"query-input\":{\"@type\":\"PropertyValueSpecification\",\"valueRequired\":true,\"valueName\":\"search_term_string\"}}],\"inLanguage\":\"sq-AL\"},{\"@type\":\"Organization\",\"@id\":\"https:\\\/\\\/kt.gov.rs\\\/#organization\",\"name\":\"\u041a\u043e\u043e\u0440\u0434\u0438\u043d\u0430\u0446\u0438\u043e\u043d\u043e \u0442\u0435\u043b\u043e \u0412\u043b\u0430\u0434\u0435 \u0420\u0435\u043f\u0443\u0431\u043b\u0438\u043a\u0435 \u0421\u0440\u0431\u0438\u0458\u0435 \u0437\u0430 \u043e\u043f\u0448\u0442\u0438\u043d\u0435 \u041f\u0440\u0435\u0448\u0435\u0432\u043e, \u0411\u0443\u0458\u0430\u043d\u043e\u0432\u0430\u0446 \u0438 \u041c\u0435\u0434\u0432\u0435\u0452a\",\"alternateName\":\"\u041a\u043e\u043e\u0440\u0434\u0438\u043d\u0430\u0446\u0438\u043e\u043d\u043e \u0442\u0435\u043b\u043e\",\"url\":\"https:\\\/\\\/kt.gov.rs\\\/\",\"logo\":{\"@type\":\"ImageObject\",\"inLanguage\":\"sq-AL\",\"@id\":\"https:\\\/\\\/kt.gov.rs\\\/#\\\/schema\\\/logo\\\/image\\\/\",\"url\":\"https:\\\/\\\/kt.gov.rs\\\/wp-content\\\/uploads\\\/2024\\\/12\\\/koord2.jpg\",\"contentUrl\":\"https:\\\/\\\/kt.gov.rs\\\/wp-content\\\/uploads\\\/2024\\\/12\\\/koord2.jpg\",\"width\":640,\"height\":480,\"caption\":\"\u041a\u043e\u043e\u0440\u0434\u0438\u043d\u0430\u0446\u0438\u043e\u043d\u043e \u0442\u0435\u043b\u043e \u0412\u043b\u0430\u0434\u0435 \u0420\u0435\u043f\u0443\u0431\u043b\u0438\u043a\u0435 \u0421\u0440\u0431\u0438\u0458\u0435 \u0437\u0430 \u043e\u043f\u0448\u0442\u0438\u043d\u0435 \u041f\u0440\u0435\u0448\u0435\u0432\u043e, \u0411\u0443\u0458\u0430\u043d\u043e\u0432\u0430\u0446 \u0438 \u041c\u0435\u0434\u0432\u0435\u0452a\"},\"image\":{\"@id\":\"https:\\\/\\\/kt.gov.rs\\\/#\\\/schema\\\/logo\\\/image\\\/\"},\"sameAs\":[\"https:\\\/\\\/www.facebook.com\\\/SluzbaKoordinacionogTelaVladeRepublikeSrbije\",\"https:\\\/\\\/x.com\\\/kt_gov\",\"https:\\\/\\\/www.youtube.com\\\/@koordinacionotelo\"]},{\"@type\":\"Person\",\"@id\":\"https:\\\/\\\/kt.gov.rs\\\/#\\\/schema\\\/person\\\/e426459ddb4173309103390602694571\",\"name\":\"ktmin\",\"image\":{\"@type\":\"ImageObject\",\"inLanguage\":\"sq-AL\",\"@id\":\"https:\\\/\\\/secure.gravatar.com\\\/avatar\\\/3985c961109853010c3fbc7ba30365bfba5db3dd6c525831d9c595c7525a615a?s=96&d=mm&r=g\",\"url\":\"https:\\\/\\\/secure.gravatar.com\\\/avatar\\\/3985c961109853010c3fbc7ba30365bfba5db3dd6c525831d9c595c7525a615a?s=96&d=mm&r=g\",\"contentUrl\":\"https:\\\/\\\/secure.gravatar.com\\\/avatar\\\/3985c961109853010c3fbc7ba30365bfba5db3dd6c525831d9c595c7525a615a?s=96&d=mm&r=g\",\"caption\":\"ktmin\"},\"sameAs\":[\"https:\\\/\\\/kt.gov.rs\"],\"url\":\"https:\\\/\\\/kt.gov.rs\\\/sq\\\/author\\\/ktmin\\\/\"}]}<\/script>\n<!-- \/ Yoast SEO plugin. -->","yoast_head_json":{"title":"PORTALI INFORTMATIV TITULLI DHE N\u00cb GJUH\u00cbN SERBE - Republika e S\u00ebrbis\u00eb Trupi Koordinues p\u00ebr komunat Bujanoc, Preshev\u00eb dhe Medvegj\u00eb","robots":{"index":"index","follow":"follow","max-snippet":"max-snippet:-1","max-image-preview":"max-image-preview:large","max-video-preview":"max-video-preview:-1"},"canonical":"https:\/\/kt.gov.rs\/sq\/portali-infortmativ-titulli-dhe-ne-gjuhen-serbe\/","og_locale":"sq_AL","og_type":"article","og_title":"PORTALI INFORTMATIV TITULLI DHE N\u00cb GJUH\u00cbN SERBE - Republika e S\u00ebrbis\u00eb Trupi Koordinues p\u00ebr komunat Bujanoc, Preshev\u00eb dhe Medvegj\u00eb","og_description":"Bujanoc-Portali informative \u201cTitulli\u201d nga Bujanoci filloi botimin e lajmeve n\u00eb gjuh\u00ebn serbe me\u00a0 ndihm\u00ebn e Ministris\u00eb s\u00eb Kultur\u00ebs.Nga n\u00ebnt\u00eb portalet q\u00eb informojn\u00eb shqiptar\u00ebt n\u00eb Bujanoc, Preshev\u00eb dhe Medvegj\u00eb &quot;Titulli&quot;\u00ebsht\u00eb i pari dhe deri tani i vetmi q\u00eb vendosi p\u00ebr t\u00eb marr\u00eb k\u00ebt\u00eb hap.","og_url":"https:\/\/kt.gov.rs\/sq\/portali-infortmativ-titulli-dhe-ne-gjuhen-serbe\/","og_site_name":"Republika e S\u00ebrbis\u00eb Trupi Koordinues p\u00ebr komunat Bujanoc, Preshev\u00eb dhe Medvegj\u00eb","article_publisher":"https:\/\/www.facebook.com\/SluzbaKoordinacionogTelaVladeRepublikeSrbije","article_published_time":"2013-08-07T00:00:00+00:00","article_modified_time":"2024-07-30T20:15:32+00:00","og_image":[{"width":315,"height":180,"url":"https:\/\/kt.gov.rs\/wp-content\/uploads\/2024\/07\/newspic227v-5.jpg","type":"image\/jpeg"}],"author":"ktmin","twitter_card":"summary_large_image","twitter_creator":"@kt_gov","twitter_site":"@kt_gov","twitter_misc":{"Written by":"ktmin","Est. reading time":"1 minute"},"schema":{"@context":"https:\/\/schema.org","@graph":[{"@type":"Article","@id":"https:\/\/kt.gov.rs\/sq\/portali-infortmativ-titulli-dhe-ne-gjuhen-serbe\/#article","isPartOf":{"@id":"https:\/\/kt.gov.rs\/sq\/portali-infortmativ-titulli-dhe-ne-gjuhen-serbe\/"},"author":{"name":"ktmin","@id":"https:\/\/kt.gov.rs\/#\/schema\/person\/e426459ddb4173309103390602694571"},"headline":"PORTALI INFORTMATIV TITULLI DHE N\u00cb GJUH\u00cbN SERBE","datePublished":"2013-08-07T00:00:00+00:00","dateModified":"2024-07-30T20:15:32+00:00","mainEntityOfPage":{"@id":"https:\/\/kt.gov.rs\/sq\/portali-infortmativ-titulli-dhe-ne-gjuhen-serbe\/"},"wordCount":268,"publisher":{"@id":"https:\/\/kt.gov.rs\/#organization"},"image":{"@id":"https:\/\/kt.gov.rs\/sq\/portali-infortmativ-titulli-dhe-ne-gjuhen-serbe\/#primaryimage"},"thumbnailUrl":"https:\/\/kt.gov.rs\/wp-content\/uploads\/2024\/07\/newspic227v-5.jpg","articleSection":["Lajme"],"inLanguage":"sq-AL"},{"@type":"WebPage","@id":"https:\/\/kt.gov.rs\/sq\/portali-infortmativ-titulli-dhe-ne-gjuhen-serbe\/","url":"https:\/\/kt.gov.rs\/sq\/portali-infortmativ-titulli-dhe-ne-gjuhen-serbe\/","name":"PORTALI INFORTMATIV TITULLI DHE N\u00cb GJUH\u00cbN SERBE - Republika e S\u00ebrbis\u00eb Trupi Koordinues p\u00ebr komunat Bujanoc, Preshev\u00eb dhe Medvegj\u00eb","isPartOf":{"@id":"https:\/\/kt.gov.rs\/#website"},"primaryImageOfPage":{"@id":"https:\/\/kt.gov.rs\/sq\/portali-infortmativ-titulli-dhe-ne-gjuhen-serbe\/#primaryimage"},"image":{"@id":"https:\/\/kt.gov.rs\/sq\/portali-infortmativ-titulli-dhe-ne-gjuhen-serbe\/#primaryimage"},"thumbnailUrl":"https:\/\/kt.gov.rs\/wp-content\/uploads\/2024\/07\/newspic227v-5.jpg","datePublished":"2013-08-07T00:00:00+00:00","dateModified":"2024-07-30T20:15:32+00:00","breadcrumb":{"@id":"https:\/\/kt.gov.rs\/sq\/portali-infortmativ-titulli-dhe-ne-gjuhen-serbe\/#breadcrumb"},"inLanguage":"sq-AL","potentialAction":[{"@type":"ReadAction","target":["https:\/\/kt.gov.rs\/sq\/portali-infortmativ-titulli-dhe-ne-gjuhen-serbe\/"]}]},{"@type":"ImageObject","inLanguage":"sq-AL","@id":"https:\/\/kt.gov.rs\/sq\/portali-infortmativ-titulli-dhe-ne-gjuhen-serbe\/#primaryimage","url":"https:\/\/kt.gov.rs\/wp-content\/uploads\/2024\/07\/newspic227v-5.jpg","contentUrl":"https:\/\/kt.gov.rs\/wp-content\/uploads\/2024\/07\/newspic227v-5.jpg","width":315,"height":180},{"@type":"BreadcrumbList","@id":"https:\/\/kt.gov.rs\/sq\/portali-infortmativ-titulli-dhe-ne-gjuhen-serbe\/#breadcrumb","itemListElement":[{"@type":"ListItem","position":1,"name":"\u041f\u043e\u0447\u0435\u0442\u043d\u0430","item":"https:\/\/kt.gov.rs\/sq\/"},{"@type":"ListItem","position":2,"name":"PORTALI INFORTMATIV TITULLI DHE N\u00cb GJUH\u00cbN SERBE"}]},{"@type":"WebSite","@id":"https:\/\/kt.gov.rs\/#website","url":"https:\/\/kt.gov.rs\/","name":"\u041a\u043e\u043e\u0440\u0434\u0438\u043d\u0430\u0446\u0438\u043e\u043d\u043e \u0442\u0435\u043b\u043e \u0412\u043b\u0430\u0434\u0435 \u0420\u0435\u043f\u0443\u0431\u043b\u0438\u043a\u0435 \u0421\u0440\u0431\u0438\u0458\u0435 \u0437\u0430 \u043e\u043f\u0448\u0442\u0438\u043d\u0435 \u041f\u0440\u0435\u0448\u0435\u0432\u043e, \u0411\u0443\u0458\u0430\u043d\u043e\u0432\u0430\u0446 \u0438 \u041c\u0435\u0434\u0432\u0435\u0452a","description":"","publisher":{"@id":"https:\/\/kt.gov.rs\/#organization"},"alternateName":"\u041a\u043e\u043e\u0440\u0434\u0438\u043d\u0430\u0446\u0438\u043e\u043d\u043e \u0442\u0435\u043b\u043e","potentialAction":[{"@type":"SearchAction","target":{"@type":"EntryPoint","urlTemplate":"https:\/\/kt.gov.rs\/?s={search_term_string}"},"query-input":{"@type":"PropertyValueSpecification","valueRequired":true,"valueName":"search_term_string"}}],"inLanguage":"sq-AL"},{"@type":"Organization","@id":"https:\/\/kt.gov.rs\/#organization","name":"\u041a\u043e\u043e\u0440\u0434\u0438\u043d\u0430\u0446\u0438\u043e\u043d\u043e \u0442\u0435\u043b\u043e \u0412\u043b\u0430\u0434\u0435 \u0420\u0435\u043f\u0443\u0431\u043b\u0438\u043a\u0435 \u0421\u0440\u0431\u0438\u0458\u0435 \u0437\u0430 \u043e\u043f\u0448\u0442\u0438\u043d\u0435 \u041f\u0440\u0435\u0448\u0435\u0432\u043e, \u0411\u0443\u0458\u0430\u043d\u043e\u0432\u0430\u0446 \u0438 \u041c\u0435\u0434\u0432\u0435\u0452a","alternateName":"\u041a\u043e\u043e\u0440\u0434\u0438\u043d\u0430\u0446\u0438\u043e\u043d\u043e \u0442\u0435\u043b\u043e","url":"https:\/\/kt.gov.rs\/","logo":{"@type":"ImageObject","inLanguage":"sq-AL","@id":"https:\/\/kt.gov.rs\/#\/schema\/logo\/image\/","url":"https:\/\/kt.gov.rs\/wp-content\/uploads\/2024\/12\/koord2.jpg","contentUrl":"https:\/\/kt.gov.rs\/wp-content\/uploads\/2024\/12\/koord2.jpg","width":640,"height":480,"caption":"\u041a\u043e\u043e\u0440\u0434\u0438\u043d\u0430\u0446\u0438\u043e\u043d\u043e \u0442\u0435\u043b\u043e \u0412\u043b\u0430\u0434\u0435 \u0420\u0435\u043f\u0443\u0431\u043b\u0438\u043a\u0435 \u0421\u0440\u0431\u0438\u0458\u0435 \u0437\u0430 \u043e\u043f\u0448\u0442\u0438\u043d\u0435 \u041f\u0440\u0435\u0448\u0435\u0432\u043e, \u0411\u0443\u0458\u0430\u043d\u043e\u0432\u0430\u0446 \u0438 \u041c\u0435\u0434\u0432\u0435\u0452a"},"image":{"@id":"https:\/\/kt.gov.rs\/#\/schema\/logo\/image\/"},"sameAs":["https:\/\/www.facebook.com\/SluzbaKoordinacionogTelaVladeRepublikeSrbije","https:\/\/x.com\/kt_gov","https:\/\/www.youtube.com\/@koordinacionotelo"]},{"@type":"Person","@id":"https:\/\/kt.gov.rs\/#\/schema\/person\/e426459ddb4173309103390602694571","name":"ktmin","image":{"@type":"ImageObject","inLanguage":"sq-AL","@id":"https:\/\/secure.gravatar.com\/avatar\/3985c961109853010c3fbc7ba30365bfba5db3dd6c525831d9c595c7525a615a?s=96&d=mm&r=g","url":"https:\/\/secure.gravatar.com\/avatar\/3985c961109853010c3fbc7ba30365bfba5db3dd6c525831d9c595c7525a615a?s=96&d=mm&r=g","contentUrl":"https:\/\/secure.gravatar.com\/avatar\/3985c961109853010c3fbc7ba30365bfba5db3dd6c525831d9c595c7525a615a?s=96&d=mm&r=g","caption":"ktmin"},"sameAs":["https:\/\/kt.gov.rs"],"url":"https:\/\/kt.gov.rs\/sq\/author\/ktmin\/"}]}},"_links":{"self":[{"href":"https:\/\/kt.gov.rs\/sq\/wp-json\/wp\/v2\/posts\/140687","targetHints":{"allow":["GET"]}}],"collection":[{"href":"https:\/\/kt.gov.rs\/sq\/wp-json\/wp\/v2\/posts"}],"about":[{"href":"https:\/\/kt.gov.rs\/sq\/wp-json\/wp\/v2\/types\/post"}],"author":[{"embeddable":true,"href":"https:\/\/kt.gov.rs\/sq\/wp-json\/wp\/v2\/users\/1"}],"replies":[{"embeddable":true,"href":"https:\/\/kt.gov.rs\/sq\/wp-json\/wp\/v2\/comments?post=140687"}],"version-history":[{"count":1,"href":"https:\/\/kt.gov.rs\/sq\/wp-json\/wp\/v2\/posts\/140687\/revisions"}],"predecessor-version":[{"id":140691,"href":"https:\/\/kt.gov.rs\/sq\/wp-json\/wp\/v2\/posts\/140687\/revisions\/140691"}],"wp:featuredmedia":[{"embeddable":true,"href":"https:\/\/kt.gov.rs\/sq\/wp-json\/wp\/v2\/media\/140692"}],"wp:attachment":[{"href":"https:\/\/kt.gov.rs\/sq\/wp-json\/wp\/v2\/media?parent=140687"}],"wp:term":[{"taxonomy":"category","embeddable":true,"href":"https:\/\/kt.gov.rs\/sq\/wp-json\/wp\/v2\/categories?post=140687"},{"taxonomy":"post_tag","embeddable":true,"href":"https:\/\/kt.gov.rs\/sq\/wp-json\/wp\/v2\/tags?post=140687"}],"curies":[{"name":"wp","href":"https:\/\/api.w.org\/{rel}","templated":true}]}}