{"id":140612,"date":"2013-08-26T00:00:00","date_gmt":"2013-08-26T00:00:00","guid":{"rendered":"http:\/\/kt.printandscreen.rs\/presheva-nise-asfaltin-per-ne-karadk-te-presheves\/"},"modified":"2024-07-30T20:15:24","modified_gmt":"2024-07-30T20:15:24","slug":"presheva-nise-asfaltin-per-ne-karadk-te-presheves","status":"publish","type":"post","link":"https:\/\/kt.gov.rs\/sq\/presheva-nise-asfaltin-per-ne-karadk-te-presheves\/","title":{"rendered":"PRESHEVA NIS\u00cb ASFALTIN P\u00cbR N\u00cb KARADK T\u00cb PRESHEV\u00cbS"},"content":{"rendered":"<p>\n\t<img decoding=\"async\" alt=\"\" src=\"https:\/\/kt.gov.rs\/wp-content\/uploads\/2024\/07\/newspic238v-4.jpg\" style=\"width: 315px; height: 180px; float: left;\" \/>P\u00ebr her\u00eb t\u00eb par\u00eb n\u00eb territorin e komun\u00ebs s\u00eb Preshev\u00ebs ka nis\u00eb asfaltimi i rrug\u00ebve drejt Karadakut t\u00eb Preshev\u00ebs. Ky fat i ka prir\u00eb Shoshaj\u00ebs s\u00eb Ep\u00ebrme e cila do t\u00eb behet me rrug\u00eb asfaltuar me gjat\u00ebsi afro 4 km.<\/p>\n<p>\n\tMe rastin e fillimit t\u00eb punimeve nj\u00eb delegacion nga komuna e Preshev\u00ebs i udh\u00ebhequr nga kryetari Ragmi Mustafa kan\u00eb inspektuar punimet n\u00eb p\u00ebrgatitjen e k\u00ebsaj rruge.<\/p>\n<p>\n\tSipas tij vlera e p\u00ebrgjithshme e k\u00ebtij projekti \u00ebsht\u00eb 28 milion dinar\u00eb, kurse kjo \u00ebsht\u00eb edhe rruga m\u00eb e gjat\u00eb n\u00eb t\u00ebr\u00eb territorin e komun\u00ebs s\u00eb Preshev\u00ebs e cila po asfaltohet me k\u00ebt\u00eb gjat\u00ebsi.<\/p>\n<p>\n\tNd\u00ebrkaq, kryetari i Bashk\u00ebsis\u00eb Lokale t\u00eb k\u00ebtij fshati, Ardian Agushi ka th\u00ebn\u00eb se kjo rrug\u00eb do t\u00eb ndikoj edhe n\u00eb q\u00ebndrimin e banor\u00ebve n\u00eb sht\u00ebpit\u00eb e tyre por do t\u00eb krijoj edhe kushte m\u00eb t\u00eb mira p\u00ebr jet\u00eb.<\/p>\n<p>\n\t\u201cShum\u00eb banor\u00eb t\u00eb Shoshaj\u00ebs s\u00eb Ep\u00ebrme jan\u00eb shp\u00ebrngulur n\u00eb Shoshaj\u00eb t\u00eb Poshtme ose n\u00eb qytetin e Preshev\u00ebs p\u00ebr shkak t\u00eb kushteve t\u00eb v\u00ebshtira ekonomike e sidomos infrastruktur\u00ebs mjaft\u00eb t\u00eb dob\u00ebt. Por tash sado pak jan\u00eb krijuar kushtet n\u00eb infrastruktur\u00eb \u00e7ka shpresojm\u00eb q\u00eb edhe k\u00ebta banor\u00eb q\u00eb kan\u00eb mbetur mos t\u00eb shp\u00ebrngulen\u201d, tha nd\u00ebr t\u00eb tjera Agushi.<\/p>\n<p>\n\tRregullimi i infrastruktur\u00ebs n\u00eb mal\u00ebsin\u00eb e Preshev\u00ebs do t\u00eb ndikoj\u00eb n\u00eb mos shp\u00ebrnguljen e banor\u00ebve, por n\u00eb an\u00ebn tjet\u00ebr do t\u00eb mund\u00ebsoj edhe zhvillimin e turizmit malor\u00eb.<\/p>\n<p>\n\t<strong>Burim:Titulli.com<\/strong><\/p>\n<p>\n\t\u00a0<\/p>\n","protected":false},"excerpt":{"rendered":"<p>P\u00ebr her\u00eb t\u00eb par\u00eb n\u00eb territorin e komun\u00ebs s\u00eb Preshev\u00ebs ka nis\u00eb asfaltimi i rrug\u00ebve drejt Karadakut t\u00eb Preshev\u00ebs. Ky fat i ka prir\u00eb Shoshaj\u00ebs s\u00eb Ep\u00ebrme e cila do t\u00eb behet me rrug\u00eb asfaltuar me gjat\u00ebsi afro 4 km.<\/p>\n","protected":false},"author":1,"featured_media":140617,"comment_status":"closed","ping_status":"closed","sticky":false,"template":"","format":"standard","meta":{"footnotes":""},"categories":[55],"tags":[],"class_list":["post-140612","post","type-post","status-publish","format-standard","has-post-thumbnail","hentry","category-lajme"],"yoast_head":"<!-- This site is optimized with the Yoast SEO plugin v27.5 - https:\/\/yoast.com\/product\/yoast-seo-wordpress\/ -->\n<title>PRESHEVA NIS\u00cb ASFALTIN P\u00cbR N\u00cb KARADK T\u00cb PRESHEV\u00cbS - Republika e S\u00ebrbis\u00eb Trupi Koordinues p\u00ebr komunat Bujanoc, Preshev\u00eb dhe Medvegj\u00eb<\/title>\n<meta name=\"robots\" content=\"index, follow, max-snippet:-1, max-image-preview:large, max-video-preview:-1\" \/>\n<link rel=\"canonical\" href=\"https:\/\/kt.gov.rs\/sq\/presheva-nise-asfaltin-per-ne-karadk-te-presheves\/\" \/>\n<meta property=\"og:locale\" content=\"sq_AL\" \/>\n<meta property=\"og:type\" content=\"article\" \/>\n<meta property=\"og:title\" content=\"PRESHEVA NIS\u00cb ASFALTIN P\u00cbR N\u00cb KARADK T\u00cb PRESHEV\u00cbS - Republika e S\u00ebrbis\u00eb Trupi Koordinues p\u00ebr komunat Bujanoc, Preshev\u00eb dhe Medvegj\u00eb\" \/>\n<meta property=\"og:description\" content=\"P\u00ebr her\u00eb t\u00eb par\u00eb n\u00eb territorin e komun\u00ebs s\u00eb Preshev\u00ebs ka nis\u00eb asfaltimi i rrug\u00ebve drejt Karadakut t\u00eb Preshev\u00ebs. Ky fat i ka prir\u00eb Shoshaj\u00ebs s\u00eb Ep\u00ebrme e cila do t\u00eb behet me rrug\u00eb asfaltuar me gjat\u00ebsi afro 4 km.\" \/>\n<meta property=\"og:url\" content=\"https:\/\/kt.gov.rs\/sq\/presheva-nise-asfaltin-per-ne-karadk-te-presheves\/\" \/>\n<meta property=\"og:site_name\" content=\"Republika e S\u00ebrbis\u00eb Trupi Koordinues p\u00ebr komunat Bujanoc, Preshev\u00eb dhe Medvegj\u00eb\" \/>\n<meta property=\"article:publisher\" content=\"https:\/\/www.facebook.com\/SluzbaKoordinacionogTelaVladeRepublikeSrbije\" \/>\n<meta property=\"article:published_time\" content=\"2013-08-26T00:00:00+00:00\" \/>\n<meta property=\"article:modified_time\" content=\"2024-07-30T20:15:24+00:00\" \/>\n<meta property=\"og:image\" content=\"https:\/\/kt.gov.rs\/wp-content\/uploads\/2024\/07\/newspic238v-5.jpg\" \/>\n\t<meta property=\"og:image:width\" content=\"315\" \/>\n\t<meta property=\"og:image:height\" content=\"180\" \/>\n\t<meta property=\"og:image:type\" content=\"image\/jpeg\" \/>\n<meta name=\"author\" content=\"ktmin\" \/>\n<meta name=\"twitter:card\" content=\"summary_large_image\" \/>\n<meta name=\"twitter:creator\" content=\"@kt_gov\" \/>\n<meta name=\"twitter:site\" content=\"@kt_gov\" \/>\n<meta name=\"twitter:label1\" content=\"Written by\" \/>\n\t<meta name=\"twitter:data1\" content=\"ktmin\" \/>\n\t<meta name=\"twitter:label2\" content=\"Est. reading time\" \/>\n\t<meta name=\"twitter:data2\" content=\"2 minutes\" \/>\n<script type=\"application\/ld+json\" class=\"yoast-schema-graph\">{\"@context\":\"https:\\\/\\\/schema.org\",\"@graph\":[{\"@type\":\"Article\",\"@id\":\"https:\\\/\\\/kt.gov.rs\\\/sq\\\/presheva-nise-asfaltin-per-ne-karadk-te-presheves\\\/#article\",\"isPartOf\":{\"@id\":\"https:\\\/\\\/kt.gov.rs\\\/sq\\\/presheva-nise-asfaltin-per-ne-karadk-te-presheves\\\/\"},\"author\":{\"name\":\"ktmin\",\"@id\":\"https:\\\/\\\/kt.gov.rs\\\/#\\\/schema\\\/person\\\/e426459ddb4173309103390602694571\"},\"headline\":\"PRESHEVA NIS\u00cb ASFALTIN P\u00cbR N\u00cb KARADK T\u00cb PRESHEV\u00cbS\",\"datePublished\":\"2013-08-26T00:00:00+00:00\",\"dateModified\":\"2024-07-30T20:15:24+00:00\",\"mainEntityOfPage\":{\"@id\":\"https:\\\/\\\/kt.gov.rs\\\/sq\\\/presheva-nise-asfaltin-per-ne-karadk-te-presheves\\\/\"},\"wordCount\":397,\"publisher\":{\"@id\":\"https:\\\/\\\/kt.gov.rs\\\/#organization\"},\"image\":{\"@id\":\"https:\\\/\\\/kt.gov.rs\\\/sq\\\/presheva-nise-asfaltin-per-ne-karadk-te-presheves\\\/#primaryimage\"},\"thumbnailUrl\":\"https:\\\/\\\/kt.gov.rs\\\/wp-content\\\/uploads\\\/2024\\\/07\\\/newspic238v-5.jpg\",\"articleSection\":[\"Lajme\"],\"inLanguage\":\"sq-AL\"},{\"@type\":\"WebPage\",\"@id\":\"https:\\\/\\\/kt.gov.rs\\\/sq\\\/presheva-nise-asfaltin-per-ne-karadk-te-presheves\\\/\",\"url\":\"https:\\\/\\\/kt.gov.rs\\\/sq\\\/presheva-nise-asfaltin-per-ne-karadk-te-presheves\\\/\",\"name\":\"PRESHEVA NIS\u00cb ASFALTIN P\u00cbR N\u00cb KARADK T\u00cb PRESHEV\u00cbS - Republika e S\u00ebrbis\u00eb Trupi Koordinues p\u00ebr komunat Bujanoc, Preshev\u00eb dhe Medvegj\u00eb\",\"isPartOf\":{\"@id\":\"https:\\\/\\\/kt.gov.rs\\\/#website\"},\"primaryImageOfPage\":{\"@id\":\"https:\\\/\\\/kt.gov.rs\\\/sq\\\/presheva-nise-asfaltin-per-ne-karadk-te-presheves\\\/#primaryimage\"},\"image\":{\"@id\":\"https:\\\/\\\/kt.gov.rs\\\/sq\\\/presheva-nise-asfaltin-per-ne-karadk-te-presheves\\\/#primaryimage\"},\"thumbnailUrl\":\"https:\\\/\\\/kt.gov.rs\\\/wp-content\\\/uploads\\\/2024\\\/07\\\/newspic238v-5.jpg\",\"datePublished\":\"2013-08-26T00:00:00+00:00\",\"dateModified\":\"2024-07-30T20:15:24+00:00\",\"breadcrumb\":{\"@id\":\"https:\\\/\\\/kt.gov.rs\\\/sq\\\/presheva-nise-asfaltin-per-ne-karadk-te-presheves\\\/#breadcrumb\"},\"inLanguage\":\"sq-AL\",\"potentialAction\":[{\"@type\":\"ReadAction\",\"target\":[\"https:\\\/\\\/kt.gov.rs\\\/sq\\\/presheva-nise-asfaltin-per-ne-karadk-te-presheves\\\/\"]}]},{\"@type\":\"ImageObject\",\"inLanguage\":\"sq-AL\",\"@id\":\"https:\\\/\\\/kt.gov.rs\\\/sq\\\/presheva-nise-asfaltin-per-ne-karadk-te-presheves\\\/#primaryimage\",\"url\":\"https:\\\/\\\/kt.gov.rs\\\/wp-content\\\/uploads\\\/2024\\\/07\\\/newspic238v-5.jpg\",\"contentUrl\":\"https:\\\/\\\/kt.gov.rs\\\/wp-content\\\/uploads\\\/2024\\\/07\\\/newspic238v-5.jpg\",\"width\":315,\"height\":180},{\"@type\":\"BreadcrumbList\",\"@id\":\"https:\\\/\\\/kt.gov.rs\\\/sq\\\/presheva-nise-asfaltin-per-ne-karadk-te-presheves\\\/#breadcrumb\",\"itemListElement\":[{\"@type\":\"ListItem\",\"position\":1,\"name\":\"\u041f\u043e\u0447\u0435\u0442\u043d\u0430\",\"item\":\"https:\\\/\\\/kt.gov.rs\\\/sq\\\/\"},{\"@type\":\"ListItem\",\"position\":2,\"name\":\"PRESHEVA NIS\u00cb ASFALTIN P\u00cbR N\u00cb KARADK T\u00cb PRESHEV\u00cbS\"}]},{\"@type\":\"WebSite\",\"@id\":\"https:\\\/\\\/kt.gov.rs\\\/#website\",\"url\":\"https:\\\/\\\/kt.gov.rs\\\/\",\"name\":\"\u041a\u043e\u043e\u0440\u0434\u0438\u043d\u0430\u0446\u0438\u043e\u043d\u043e \u0442\u0435\u043b\u043e \u0412\u043b\u0430\u0434\u0435 \u0420\u0435\u043f\u0443\u0431\u043b\u0438\u043a\u0435 \u0421\u0440\u0431\u0438\u0458\u0435 \u0437\u0430 \u043e\u043f\u0448\u0442\u0438\u043d\u0435 \u041f\u0440\u0435\u0448\u0435\u0432\u043e, \u0411\u0443\u0458\u0430\u043d\u043e\u0432\u0430\u0446 \u0438 \u041c\u0435\u0434\u0432\u0435\u0452a\",\"description\":\"\",\"publisher\":{\"@id\":\"https:\\\/\\\/kt.gov.rs\\\/#organization\"},\"alternateName\":\"\u041a\u043e\u043e\u0440\u0434\u0438\u043d\u0430\u0446\u0438\u043e\u043d\u043e \u0442\u0435\u043b\u043e\",\"potentialAction\":[{\"@type\":\"SearchAction\",\"target\":{\"@type\":\"EntryPoint\",\"urlTemplate\":\"https:\\\/\\\/kt.gov.rs\\\/?s={search_term_string}\"},\"query-input\":{\"@type\":\"PropertyValueSpecification\",\"valueRequired\":true,\"valueName\":\"search_term_string\"}}],\"inLanguage\":\"sq-AL\"},{\"@type\":\"Organization\",\"@id\":\"https:\\\/\\\/kt.gov.rs\\\/#organization\",\"name\":\"\u041a\u043e\u043e\u0440\u0434\u0438\u043d\u0430\u0446\u0438\u043e\u043d\u043e \u0442\u0435\u043b\u043e \u0412\u043b\u0430\u0434\u0435 \u0420\u0435\u043f\u0443\u0431\u043b\u0438\u043a\u0435 \u0421\u0440\u0431\u0438\u0458\u0435 \u0437\u0430 \u043e\u043f\u0448\u0442\u0438\u043d\u0435 \u041f\u0440\u0435\u0448\u0435\u0432\u043e, \u0411\u0443\u0458\u0430\u043d\u043e\u0432\u0430\u0446 \u0438 \u041c\u0435\u0434\u0432\u0435\u0452a\",\"alternateName\":\"\u041a\u043e\u043e\u0440\u0434\u0438\u043d\u0430\u0446\u0438\u043e\u043d\u043e \u0442\u0435\u043b\u043e\",\"url\":\"https:\\\/\\\/kt.gov.rs\\\/\",\"logo\":{\"@type\":\"ImageObject\",\"inLanguage\":\"sq-AL\",\"@id\":\"https:\\\/\\\/kt.gov.rs\\\/#\\\/schema\\\/logo\\\/image\\\/\",\"url\":\"https:\\\/\\\/kt.gov.rs\\\/wp-content\\\/uploads\\\/2024\\\/12\\\/koord2.jpg\",\"contentUrl\":\"https:\\\/\\\/kt.gov.rs\\\/wp-content\\\/uploads\\\/2024\\\/12\\\/koord2.jpg\",\"width\":640,\"height\":480,\"caption\":\"\u041a\u043e\u043e\u0440\u0434\u0438\u043d\u0430\u0446\u0438\u043e\u043d\u043e \u0442\u0435\u043b\u043e \u0412\u043b\u0430\u0434\u0435 \u0420\u0435\u043f\u0443\u0431\u043b\u0438\u043a\u0435 \u0421\u0440\u0431\u0438\u0458\u0435 \u0437\u0430 \u043e\u043f\u0448\u0442\u0438\u043d\u0435 \u041f\u0440\u0435\u0448\u0435\u0432\u043e, \u0411\u0443\u0458\u0430\u043d\u043e\u0432\u0430\u0446 \u0438 \u041c\u0435\u0434\u0432\u0435\u0452a\"},\"image\":{\"@id\":\"https:\\\/\\\/kt.gov.rs\\\/#\\\/schema\\\/logo\\\/image\\\/\"},\"sameAs\":[\"https:\\\/\\\/www.facebook.com\\\/SluzbaKoordinacionogTelaVladeRepublikeSrbije\",\"https:\\\/\\\/x.com\\\/kt_gov\",\"https:\\\/\\\/www.youtube.com\\\/@koordinacionotelo\"]},{\"@type\":\"Person\",\"@id\":\"https:\\\/\\\/kt.gov.rs\\\/#\\\/schema\\\/person\\\/e426459ddb4173309103390602694571\",\"name\":\"ktmin\",\"image\":{\"@type\":\"ImageObject\",\"inLanguage\":\"sq-AL\",\"@id\":\"https:\\\/\\\/secure.gravatar.com\\\/avatar\\\/3985c961109853010c3fbc7ba30365bfba5db3dd6c525831d9c595c7525a615a?s=96&d=mm&r=g\",\"url\":\"https:\\\/\\\/secure.gravatar.com\\\/avatar\\\/3985c961109853010c3fbc7ba30365bfba5db3dd6c525831d9c595c7525a615a?s=96&d=mm&r=g\",\"contentUrl\":\"https:\\\/\\\/secure.gravatar.com\\\/avatar\\\/3985c961109853010c3fbc7ba30365bfba5db3dd6c525831d9c595c7525a615a?s=96&d=mm&r=g\",\"caption\":\"ktmin\"},\"sameAs\":[\"https:\\\/\\\/kt.gov.rs\"],\"url\":\"https:\\\/\\\/kt.gov.rs\\\/sq\\\/author\\\/ktmin\\\/\"}]}<\/script>\n<!-- \/ Yoast SEO plugin. -->","yoast_head_json":{"title":"PRESHEVA NIS\u00cb ASFALTIN P\u00cbR N\u00cb KARADK T\u00cb PRESHEV\u00cbS - Republika e S\u00ebrbis\u00eb Trupi Koordinues p\u00ebr komunat Bujanoc, Preshev\u00eb dhe Medvegj\u00eb","robots":{"index":"index","follow":"follow","max-snippet":"max-snippet:-1","max-image-preview":"max-image-preview:large","max-video-preview":"max-video-preview:-1"},"canonical":"https:\/\/kt.gov.rs\/sq\/presheva-nise-asfaltin-per-ne-karadk-te-presheves\/","og_locale":"sq_AL","og_type":"article","og_title":"PRESHEVA NIS\u00cb ASFALTIN P\u00cbR N\u00cb KARADK T\u00cb PRESHEV\u00cbS - Republika e S\u00ebrbis\u00eb Trupi Koordinues p\u00ebr komunat Bujanoc, Preshev\u00eb dhe Medvegj\u00eb","og_description":"P\u00ebr her\u00eb t\u00eb par\u00eb n\u00eb territorin e komun\u00ebs s\u00eb Preshev\u00ebs ka nis\u00eb asfaltimi i rrug\u00ebve drejt Karadakut t\u00eb Preshev\u00ebs. Ky fat i ka prir\u00eb Shoshaj\u00ebs s\u00eb Ep\u00ebrme e cila do t\u00eb behet me rrug\u00eb asfaltuar me gjat\u00ebsi afro 4 km.","og_url":"https:\/\/kt.gov.rs\/sq\/presheva-nise-asfaltin-per-ne-karadk-te-presheves\/","og_site_name":"Republika e S\u00ebrbis\u00eb Trupi Koordinues p\u00ebr komunat Bujanoc, Preshev\u00eb dhe Medvegj\u00eb","article_publisher":"https:\/\/www.facebook.com\/SluzbaKoordinacionogTelaVladeRepublikeSrbije","article_published_time":"2013-08-26T00:00:00+00:00","article_modified_time":"2024-07-30T20:15:24+00:00","og_image":[{"width":315,"height":180,"url":"https:\/\/kt.gov.rs\/wp-content\/uploads\/2024\/07\/newspic238v-5.jpg","type":"image\/jpeg"}],"author":"ktmin","twitter_card":"summary_large_image","twitter_creator":"@kt_gov","twitter_site":"@kt_gov","twitter_misc":{"Written by":"ktmin","Est. reading time":"2 minutes"},"schema":{"@context":"https:\/\/schema.org","@graph":[{"@type":"Article","@id":"https:\/\/kt.gov.rs\/sq\/presheva-nise-asfaltin-per-ne-karadk-te-presheves\/#article","isPartOf":{"@id":"https:\/\/kt.gov.rs\/sq\/presheva-nise-asfaltin-per-ne-karadk-te-presheves\/"},"author":{"name":"ktmin","@id":"https:\/\/kt.gov.rs\/#\/schema\/person\/e426459ddb4173309103390602694571"},"headline":"PRESHEVA NIS\u00cb ASFALTIN P\u00cbR N\u00cb KARADK T\u00cb PRESHEV\u00cbS","datePublished":"2013-08-26T00:00:00+00:00","dateModified":"2024-07-30T20:15:24+00:00","mainEntityOfPage":{"@id":"https:\/\/kt.gov.rs\/sq\/presheva-nise-asfaltin-per-ne-karadk-te-presheves\/"},"wordCount":397,"publisher":{"@id":"https:\/\/kt.gov.rs\/#organization"},"image":{"@id":"https:\/\/kt.gov.rs\/sq\/presheva-nise-asfaltin-per-ne-karadk-te-presheves\/#primaryimage"},"thumbnailUrl":"https:\/\/kt.gov.rs\/wp-content\/uploads\/2024\/07\/newspic238v-5.jpg","articleSection":["Lajme"],"inLanguage":"sq-AL"},{"@type":"WebPage","@id":"https:\/\/kt.gov.rs\/sq\/presheva-nise-asfaltin-per-ne-karadk-te-presheves\/","url":"https:\/\/kt.gov.rs\/sq\/presheva-nise-asfaltin-per-ne-karadk-te-presheves\/","name":"PRESHEVA NIS\u00cb ASFALTIN P\u00cbR N\u00cb KARADK T\u00cb PRESHEV\u00cbS - Republika e S\u00ebrbis\u00eb Trupi Koordinues p\u00ebr komunat Bujanoc, Preshev\u00eb dhe Medvegj\u00eb","isPartOf":{"@id":"https:\/\/kt.gov.rs\/#website"},"primaryImageOfPage":{"@id":"https:\/\/kt.gov.rs\/sq\/presheva-nise-asfaltin-per-ne-karadk-te-presheves\/#primaryimage"},"image":{"@id":"https:\/\/kt.gov.rs\/sq\/presheva-nise-asfaltin-per-ne-karadk-te-presheves\/#primaryimage"},"thumbnailUrl":"https:\/\/kt.gov.rs\/wp-content\/uploads\/2024\/07\/newspic238v-5.jpg","datePublished":"2013-08-26T00:00:00+00:00","dateModified":"2024-07-30T20:15:24+00:00","breadcrumb":{"@id":"https:\/\/kt.gov.rs\/sq\/presheva-nise-asfaltin-per-ne-karadk-te-presheves\/#breadcrumb"},"inLanguage":"sq-AL","potentialAction":[{"@type":"ReadAction","target":["https:\/\/kt.gov.rs\/sq\/presheva-nise-asfaltin-per-ne-karadk-te-presheves\/"]}]},{"@type":"ImageObject","inLanguage":"sq-AL","@id":"https:\/\/kt.gov.rs\/sq\/presheva-nise-asfaltin-per-ne-karadk-te-presheves\/#primaryimage","url":"https:\/\/kt.gov.rs\/wp-content\/uploads\/2024\/07\/newspic238v-5.jpg","contentUrl":"https:\/\/kt.gov.rs\/wp-content\/uploads\/2024\/07\/newspic238v-5.jpg","width":315,"height":180},{"@type":"BreadcrumbList","@id":"https:\/\/kt.gov.rs\/sq\/presheva-nise-asfaltin-per-ne-karadk-te-presheves\/#breadcrumb","itemListElement":[{"@type":"ListItem","position":1,"name":"\u041f\u043e\u0447\u0435\u0442\u043d\u0430","item":"https:\/\/kt.gov.rs\/sq\/"},{"@type":"ListItem","position":2,"name":"PRESHEVA NIS\u00cb ASFALTIN P\u00cbR N\u00cb KARADK T\u00cb PRESHEV\u00cbS"}]},{"@type":"WebSite","@id":"https:\/\/kt.gov.rs\/#website","url":"https:\/\/kt.gov.rs\/","name":"\u041a\u043e\u043e\u0440\u0434\u0438\u043d\u0430\u0446\u0438\u043e\u043d\u043e \u0442\u0435\u043b\u043e \u0412\u043b\u0430\u0434\u0435 \u0420\u0435\u043f\u0443\u0431\u043b\u0438\u043a\u0435 \u0421\u0440\u0431\u0438\u0458\u0435 \u0437\u0430 \u043e\u043f\u0448\u0442\u0438\u043d\u0435 \u041f\u0440\u0435\u0448\u0435\u0432\u043e, \u0411\u0443\u0458\u0430\u043d\u043e\u0432\u0430\u0446 \u0438 \u041c\u0435\u0434\u0432\u0435\u0452a","description":"","publisher":{"@id":"https:\/\/kt.gov.rs\/#organization"},"alternateName":"\u041a\u043e\u043e\u0440\u0434\u0438\u043d\u0430\u0446\u0438\u043e\u043d\u043e \u0442\u0435\u043b\u043e","potentialAction":[{"@type":"SearchAction","target":{"@type":"EntryPoint","urlTemplate":"https:\/\/kt.gov.rs\/?s={search_term_string}"},"query-input":{"@type":"PropertyValueSpecification","valueRequired":true,"valueName":"search_term_string"}}],"inLanguage":"sq-AL"},{"@type":"Organization","@id":"https:\/\/kt.gov.rs\/#organization","name":"\u041a\u043e\u043e\u0440\u0434\u0438\u043d\u0430\u0446\u0438\u043e\u043d\u043e \u0442\u0435\u043b\u043e \u0412\u043b\u0430\u0434\u0435 \u0420\u0435\u043f\u0443\u0431\u043b\u0438\u043a\u0435 \u0421\u0440\u0431\u0438\u0458\u0435 \u0437\u0430 \u043e\u043f\u0448\u0442\u0438\u043d\u0435 \u041f\u0440\u0435\u0448\u0435\u0432\u043e, \u0411\u0443\u0458\u0430\u043d\u043e\u0432\u0430\u0446 \u0438 \u041c\u0435\u0434\u0432\u0435\u0452a","alternateName":"\u041a\u043e\u043e\u0440\u0434\u0438\u043d\u0430\u0446\u0438\u043e\u043d\u043e \u0442\u0435\u043b\u043e","url":"https:\/\/kt.gov.rs\/","logo":{"@type":"ImageObject","inLanguage":"sq-AL","@id":"https:\/\/kt.gov.rs\/#\/schema\/logo\/image\/","url":"https:\/\/kt.gov.rs\/wp-content\/uploads\/2024\/12\/koord2.jpg","contentUrl":"https:\/\/kt.gov.rs\/wp-content\/uploads\/2024\/12\/koord2.jpg","width":640,"height":480,"caption":"\u041a\u043e\u043e\u0440\u0434\u0438\u043d\u0430\u0446\u0438\u043e\u043d\u043e \u0442\u0435\u043b\u043e \u0412\u043b\u0430\u0434\u0435 \u0420\u0435\u043f\u0443\u0431\u043b\u0438\u043a\u0435 \u0421\u0440\u0431\u0438\u0458\u0435 \u0437\u0430 \u043e\u043f\u0448\u0442\u0438\u043d\u0435 \u041f\u0440\u0435\u0448\u0435\u0432\u043e, \u0411\u0443\u0458\u0430\u043d\u043e\u0432\u0430\u0446 \u0438 \u041c\u0435\u0434\u0432\u0435\u0452a"},"image":{"@id":"https:\/\/kt.gov.rs\/#\/schema\/logo\/image\/"},"sameAs":["https:\/\/www.facebook.com\/SluzbaKoordinacionogTelaVladeRepublikeSrbije","https:\/\/x.com\/kt_gov","https:\/\/www.youtube.com\/@koordinacionotelo"]},{"@type":"Person","@id":"https:\/\/kt.gov.rs\/#\/schema\/person\/e426459ddb4173309103390602694571","name":"ktmin","image":{"@type":"ImageObject","inLanguage":"sq-AL","@id":"https:\/\/secure.gravatar.com\/avatar\/3985c961109853010c3fbc7ba30365bfba5db3dd6c525831d9c595c7525a615a?s=96&d=mm&r=g","url":"https:\/\/secure.gravatar.com\/avatar\/3985c961109853010c3fbc7ba30365bfba5db3dd6c525831d9c595c7525a615a?s=96&d=mm&r=g","contentUrl":"https:\/\/secure.gravatar.com\/avatar\/3985c961109853010c3fbc7ba30365bfba5db3dd6c525831d9c595c7525a615a?s=96&d=mm&r=g","caption":"ktmin"},"sameAs":["https:\/\/kt.gov.rs"],"url":"https:\/\/kt.gov.rs\/sq\/author\/ktmin\/"}]}},"_links":{"self":[{"href":"https:\/\/kt.gov.rs\/sq\/wp-json\/wp\/v2\/posts\/140612","targetHints":{"allow":["GET"]}}],"collection":[{"href":"https:\/\/kt.gov.rs\/sq\/wp-json\/wp\/v2\/posts"}],"about":[{"href":"https:\/\/kt.gov.rs\/sq\/wp-json\/wp\/v2\/types\/post"}],"author":[{"embeddable":true,"href":"https:\/\/kt.gov.rs\/sq\/wp-json\/wp\/v2\/users\/1"}],"replies":[{"embeddable":true,"href":"https:\/\/kt.gov.rs\/sq\/wp-json\/wp\/v2\/comments?post=140612"}],"version-history":[{"count":1,"href":"https:\/\/kt.gov.rs\/sq\/wp-json\/wp\/v2\/posts\/140612\/revisions"}],"predecessor-version":[{"id":140616,"href":"https:\/\/kt.gov.rs\/sq\/wp-json\/wp\/v2\/posts\/140612\/revisions\/140616"}],"wp:featuredmedia":[{"embeddable":true,"href":"https:\/\/kt.gov.rs\/sq\/wp-json\/wp\/v2\/media\/140617"}],"wp:attachment":[{"href":"https:\/\/kt.gov.rs\/sq\/wp-json\/wp\/v2\/media?parent=140612"}],"wp:term":[{"taxonomy":"category","embeddable":true,"href":"https:\/\/kt.gov.rs\/sq\/wp-json\/wp\/v2\/categories?post=140612"},{"taxonomy":"post_tag","embeddable":true,"href":"https:\/\/kt.gov.rs\/sq\/wp-json\/wp\/v2\/tags?post=140612"}],"curies":[{"name":"wp","href":"https:\/\/api.w.org\/{rel}","templated":true}]}}