{"id":140588,"date":"2013-08-30T00:00:00","date_gmt":"2013-08-30T00:00:00","guid":{"rendered":"http:\/\/kt.printandscreen.rs\/70-perqind-te-teksteve-shkollore-ne-gjuhen-shqipe-jane-gati-per-vitin-e-ardhshem-shkollor\/"},"modified":"2024-07-30T20:15:21","modified_gmt":"2024-07-30T20:15:21","slug":"70-perqind-te-teksteve-shkollore-ne-gjuhen-shqipe-jane-gati-per-vitin-e-ardhshem-shkollor","status":"publish","type":"post","link":"https:\/\/kt.gov.rs\/sq\/70-perqind-te-teksteve-shkollore-ne-gjuhen-shqipe-jane-gati-per-vitin-e-ardhshem-shkollor\/","title":{"rendered":"70 P\u00cbRQIND T\u00cb TEKSTEVE SHKOLLORE N\u00cb GJUH\u00cbN SHQIPE JAN\u00cb GATI P\u00cbR VITIN E ARDHSH\u00cbM SHKOLLOR"},"content":{"rendered":"<p>\n\t<img decoding=\"async\" alt=\"\" src=\"https:\/\/kt.gov.rs\/wp-content\/uploads\/2024\/07\/newspic240v-4.jpg\" style=\"width: 315px; height: 180px; float: left;\" \/><\/p>\n<p>\n\tKryetari i K\u00ebshillit Nacional t\u00eb Shqiptarve Galip Beqiri, thot\u00eb se p\u00ebr vitin e ardhsh\u00ebm shkollor\u00eb jan\u00eb siguruar 70 p\u00ebrqind t\u00eb teksteve shkollore n\u00eb gjuh\u00ebn shqipe p\u00ebr shkollat fillore.<\/p>\n<p>\n\tP\u00ebr vitin e ardhsh\u00ebm shkollor jan\u00eb siguruar 70 p\u00ebrqind\u00a0 tekste t\u00eb nevojshme shkollore n\u00eb gjuh\u00ebn shqipe edhe ky \u00ebsht\u00eb nj\u00eb p\u00ebrparim i madh\u00eb n\u00eb krahasim me vitin e kaluar, ka theksuar kryetari i K\u00ebshillit Nacional t\u00eb Shqiptarve Galip Beqiri.<\/p>\n<p>\n\tBeqiri\u00a0 ka th\u00ebn\u00eb q\u00eb tekstet shkollore n\u00eb gjuh\u00ebn shqipe jan\u00eb siguruar n\u00eb tri m\u00ebnyra: p\u00ebrkthimi n\u00eb gjuh\u00ebn shqipe nga tekstet shkollore t\u00eb cilat shfrit\u00ebzohen n\u00eb arsimin e gjuh\u00ebs serbe; disa tekste shkollore t\u00eb importuara nga Shqip\u00ebria; n\u00eb baz\u00eb t\u00eb miratimit nga Ministria e arsimit dhe p\u00ebrpunimi i teksteve shkollore nga autor\u00ebt Shqiptar nga Presheva dhe Bujanoci<\/p>\n<p>\n\t\u201cN\u00eb p\u00ebrpjekje t\u00eb vazhdueshme K\u00ebshilli Nacional i Shqiptarve dhe Ministria e arsimit p\u00ebr k\u00ebt\u00eb vit shkollor i ka siguruar 80 libra p\u00ebr shkoll\u00ebn fillore, ku \u00ebsht\u00eb 70 p\u00ebrqind t\u00eb teksteve shkollore. Ende nuk jan\u00eb siguruar tekstet shkollore p\u00ebr l\u00ebnd\u00ebn e historis, gjografis, muzik\u00ebs dhe artit, sepse nuk kemi njer\u00ebz t\u00eb interesuar q\u00eb ti p\u00ebrkthejn\u00eb\u201d, ka theksuar Beqiri.<\/p>\n<p>\n\t\u201cNga Shqip\u00ebria jan\u00eb siguruar tekstet shkollore t\u00eb gjuh\u00ebs shqipe prej klas\u00ebs s\u00eb par\u00eb deri t\u00eb klas\u00ebs tet\u00eb me miratimin e Ministris s\u00eb arsimit. N\u00eb t\u00eb gjitha shkollat q\u00eb m\u00ebsohet n\u00eb gjuh\u00ebn shqipe kemi d\u00ebrguar listen p\u00ebr tekstet shkollore q\u00eb jan\u00eb t\u00eb miratuara nga Ministria e Arsimit dhe t\u00eb gjith\u00eb jan\u00eb t\u00eb obliguar t\u00eb i p\u00ebrmbahen\u201d ka th\u00ebn\u00eb Beqiri.<\/p>\n<p>\n\tDeri sa pyetja p\u00ebr sigurimin e teksteve shkollore n\u00eb gjuh\u00ebn shqipe p\u00ebr shkolla fillore gati \u00ebsht\u00eb zgjidhur, p\u00ebr tekstet shkollore t\u00eb shkoll\u00ebs s\u00eb mesme deri tani nuk \u00ebsht\u00eb b\u00ebr\u00eb shum\u00eb, ka shtuar Beqiri.<\/p>\n<p>\n\t\u201cN\u00eb shkollat e mesme edhe m\u00eb tutje do t\u00eb shfrit\u00ebzohen tekstet shkollore t\u00eb vjetrat ose shenimet sepse jan\u00eb t\u00eb nevojshme 350 libra p\u00ebr dhjet\u00eb drejtime, kurse ne at\u00eb drejtim deri tash nuk \u00ebsht\u00eb b\u00ebr\u00eb shum\u00eb\u201d ka theksuar Beqiri.<\/p>\n<p>\n\t<strong>Burimi: RTS<\/strong><\/p>\n<p>\n\t\u00a0<\/p>\n","protected":false},"excerpt":{"rendered":"<p>Kryetari i K\u00ebshillit Nacional t\u00eb Shqiptarve Galip Beqiri, thot\u00eb se p\u00ebr vitin e ardhsh\u00ebm shkollor\u00eb jan\u00eb siguruar 70 p\u00ebrqind t\u00eb teksteve shkollore n\u00eb gjuh\u00ebn shqipe p\u00ebr shkollat fillore.<\/p>\n","protected":false},"author":1,"featured_media":140593,"comment_status":"closed","ping_status":"closed","sticky":false,"template":"","format":"standard","meta":{"footnotes":""},"categories":[55],"tags":[],"class_list":["post-140588","post","type-post","status-publish","format-standard","has-post-thumbnail","hentry","category-lajme"],"yoast_head":"<!-- This site is optimized with the Yoast SEO plugin v27.5 - https:\/\/yoast.com\/product\/yoast-seo-wordpress\/ -->\n<title>70 P\u00cbRQIND T\u00cb TEKSTEVE SHKOLLORE N\u00cb GJUH\u00cbN SHQIPE JAN\u00cb GATI P\u00cbR VITIN E ARDHSH\u00cbM SHKOLLOR - Republika e S\u00ebrbis\u00eb Trupi Koordinues p\u00ebr komunat Bujanoc, Preshev\u00eb dhe Medvegj\u00eb<\/title>\n<meta name=\"robots\" content=\"index, follow, max-snippet:-1, max-image-preview:large, max-video-preview:-1\" \/>\n<link rel=\"canonical\" href=\"https:\/\/kt.gov.rs\/sq\/70-perqind-te-teksteve-shkollore-ne-gjuhen-shqipe-jane-gati-per-vitin-e-ardhshem-shkollor\/\" \/>\n<meta property=\"og:locale\" content=\"sq_AL\" \/>\n<meta property=\"og:type\" content=\"article\" \/>\n<meta property=\"og:title\" content=\"70 P\u00cbRQIND T\u00cb TEKSTEVE SHKOLLORE N\u00cb GJUH\u00cbN SHQIPE JAN\u00cb GATI P\u00cbR VITIN E ARDHSH\u00cbM SHKOLLOR - Republika e S\u00ebrbis\u00eb Trupi Koordinues p\u00ebr komunat Bujanoc, Preshev\u00eb dhe Medvegj\u00eb\" \/>\n<meta property=\"og:description\" content=\"Kryetari i K\u00ebshillit Nacional t\u00eb Shqiptarve Galip Beqiri, thot\u00eb se p\u00ebr vitin e ardhsh\u00ebm shkollor\u00eb jan\u00eb siguruar 70 p\u00ebrqind t\u00eb teksteve shkollore n\u00eb gjuh\u00ebn shqipe p\u00ebr shkollat fillore.\" \/>\n<meta property=\"og:url\" content=\"https:\/\/kt.gov.rs\/sq\/70-perqind-te-teksteve-shkollore-ne-gjuhen-shqipe-jane-gati-per-vitin-e-ardhshem-shkollor\/\" \/>\n<meta property=\"og:site_name\" content=\"Republika e S\u00ebrbis\u00eb Trupi Koordinues p\u00ebr komunat Bujanoc, Preshev\u00eb dhe Medvegj\u00eb\" \/>\n<meta property=\"article:publisher\" content=\"https:\/\/www.facebook.com\/SluzbaKoordinacionogTelaVladeRepublikeSrbije\" \/>\n<meta property=\"article:published_time\" content=\"2013-08-30T00:00:00+00:00\" \/>\n<meta property=\"article:modified_time\" content=\"2024-07-30T20:15:21+00:00\" \/>\n<meta property=\"og:image\" content=\"https:\/\/kt.gov.rs\/wp-content\/uploads\/2024\/07\/newspic240v-5.jpg\" \/>\n\t<meta property=\"og:image:width\" content=\"315\" \/>\n\t<meta property=\"og:image:height\" content=\"180\" \/>\n\t<meta property=\"og:image:type\" content=\"image\/jpeg\" \/>\n<meta name=\"author\" content=\"ktmin\" \/>\n<meta name=\"twitter:card\" content=\"summary_large_image\" \/>\n<meta name=\"twitter:creator\" content=\"@kt_gov\" \/>\n<meta name=\"twitter:site\" content=\"@kt_gov\" \/>\n<meta name=\"twitter:label1\" content=\"Written by\" \/>\n\t<meta name=\"twitter:data1\" content=\"ktmin\" \/>\n\t<meta name=\"twitter:label2\" content=\"Est. reading time\" \/>\n\t<meta name=\"twitter:data2\" content=\"3 minutes\" \/>\n<script type=\"application\/ld+json\" class=\"yoast-schema-graph\">{\"@context\":\"https:\\\/\\\/schema.org\",\"@graph\":[{\"@type\":\"Article\",\"@id\":\"https:\\\/\\\/kt.gov.rs\\\/sq\\\/70-perqind-te-teksteve-shkollore-ne-gjuhen-shqipe-jane-gati-per-vitin-e-ardhshem-shkollor\\\/#article\",\"isPartOf\":{\"@id\":\"https:\\\/\\\/kt.gov.rs\\\/sq\\\/70-perqind-te-teksteve-shkollore-ne-gjuhen-shqipe-jane-gati-per-vitin-e-ardhshem-shkollor\\\/\"},\"author\":{\"name\":\"ktmin\",\"@id\":\"https:\\\/\\\/kt.gov.rs\\\/#\\\/schema\\\/person\\\/e426459ddb4173309103390602694571\"},\"headline\":\"70 P\u00cbRQIND T\u00cb TEKSTEVE SHKOLLORE N\u00cb GJUH\u00cbN SHQIPE JAN\u00cb GATI P\u00cbR VITIN E ARDHSH\u00cbM SHKOLLOR\",\"datePublished\":\"2013-08-30T00:00:00+00:00\",\"dateModified\":\"2024-07-30T20:15:21+00:00\",\"mainEntityOfPage\":{\"@id\":\"https:\\\/\\\/kt.gov.rs\\\/sq\\\/70-perqind-te-teksteve-shkollore-ne-gjuhen-shqipe-jane-gati-per-vitin-e-ardhshem-shkollor\\\/\"},\"wordCount\":519,\"publisher\":{\"@id\":\"https:\\\/\\\/kt.gov.rs\\\/#organization\"},\"image\":{\"@id\":\"https:\\\/\\\/kt.gov.rs\\\/sq\\\/70-perqind-te-teksteve-shkollore-ne-gjuhen-shqipe-jane-gati-per-vitin-e-ardhshem-shkollor\\\/#primaryimage\"},\"thumbnailUrl\":\"https:\\\/\\\/kt.gov.rs\\\/wp-content\\\/uploads\\\/2024\\\/07\\\/newspic240v-5.jpg\",\"articleSection\":[\"Lajme\"],\"inLanguage\":\"sq-AL\"},{\"@type\":\"WebPage\",\"@id\":\"https:\\\/\\\/kt.gov.rs\\\/sq\\\/70-perqind-te-teksteve-shkollore-ne-gjuhen-shqipe-jane-gati-per-vitin-e-ardhshem-shkollor\\\/\",\"url\":\"https:\\\/\\\/kt.gov.rs\\\/sq\\\/70-perqind-te-teksteve-shkollore-ne-gjuhen-shqipe-jane-gati-per-vitin-e-ardhshem-shkollor\\\/\",\"name\":\"70 P\u00cbRQIND T\u00cb TEKSTEVE SHKOLLORE N\u00cb GJUH\u00cbN SHQIPE JAN\u00cb GATI P\u00cbR VITIN E ARDHSH\u00cbM SHKOLLOR - Republika e S\u00ebrbis\u00eb Trupi Koordinues p\u00ebr komunat Bujanoc, Preshev\u00eb dhe Medvegj\u00eb\",\"isPartOf\":{\"@id\":\"https:\\\/\\\/kt.gov.rs\\\/#website\"},\"primaryImageOfPage\":{\"@id\":\"https:\\\/\\\/kt.gov.rs\\\/sq\\\/70-perqind-te-teksteve-shkollore-ne-gjuhen-shqipe-jane-gati-per-vitin-e-ardhshem-shkollor\\\/#primaryimage\"},\"image\":{\"@id\":\"https:\\\/\\\/kt.gov.rs\\\/sq\\\/70-perqind-te-teksteve-shkollore-ne-gjuhen-shqipe-jane-gati-per-vitin-e-ardhshem-shkollor\\\/#primaryimage\"},\"thumbnailUrl\":\"https:\\\/\\\/kt.gov.rs\\\/wp-content\\\/uploads\\\/2024\\\/07\\\/newspic240v-5.jpg\",\"datePublished\":\"2013-08-30T00:00:00+00:00\",\"dateModified\":\"2024-07-30T20:15:21+00:00\",\"breadcrumb\":{\"@id\":\"https:\\\/\\\/kt.gov.rs\\\/sq\\\/70-perqind-te-teksteve-shkollore-ne-gjuhen-shqipe-jane-gati-per-vitin-e-ardhshem-shkollor\\\/#breadcrumb\"},\"inLanguage\":\"sq-AL\",\"potentialAction\":[{\"@type\":\"ReadAction\",\"target\":[\"https:\\\/\\\/kt.gov.rs\\\/sq\\\/70-perqind-te-teksteve-shkollore-ne-gjuhen-shqipe-jane-gati-per-vitin-e-ardhshem-shkollor\\\/\"]}]},{\"@type\":\"ImageObject\",\"inLanguage\":\"sq-AL\",\"@id\":\"https:\\\/\\\/kt.gov.rs\\\/sq\\\/70-perqind-te-teksteve-shkollore-ne-gjuhen-shqipe-jane-gati-per-vitin-e-ardhshem-shkollor\\\/#primaryimage\",\"url\":\"https:\\\/\\\/kt.gov.rs\\\/wp-content\\\/uploads\\\/2024\\\/07\\\/newspic240v-5.jpg\",\"contentUrl\":\"https:\\\/\\\/kt.gov.rs\\\/wp-content\\\/uploads\\\/2024\\\/07\\\/newspic240v-5.jpg\",\"width\":315,\"height\":180},{\"@type\":\"BreadcrumbList\",\"@id\":\"https:\\\/\\\/kt.gov.rs\\\/sq\\\/70-perqind-te-teksteve-shkollore-ne-gjuhen-shqipe-jane-gati-per-vitin-e-ardhshem-shkollor\\\/#breadcrumb\",\"itemListElement\":[{\"@type\":\"ListItem\",\"position\":1,\"name\":\"\u041f\u043e\u0447\u0435\u0442\u043d\u0430\",\"item\":\"https:\\\/\\\/kt.gov.rs\\\/sq\\\/\"},{\"@type\":\"ListItem\",\"position\":2,\"name\":\"70 P\u00cbRQIND T\u00cb TEKSTEVE SHKOLLORE N\u00cb GJUH\u00cbN SHQIPE JAN\u00cb GATI P\u00cbR VITIN E ARDHSH\u00cbM SHKOLLOR\"}]},{\"@type\":\"WebSite\",\"@id\":\"https:\\\/\\\/kt.gov.rs\\\/#website\",\"url\":\"https:\\\/\\\/kt.gov.rs\\\/\",\"name\":\"\u041a\u043e\u043e\u0440\u0434\u0438\u043d\u0430\u0446\u0438\u043e\u043d\u043e \u0442\u0435\u043b\u043e \u0412\u043b\u0430\u0434\u0435 \u0420\u0435\u043f\u0443\u0431\u043b\u0438\u043a\u0435 \u0421\u0440\u0431\u0438\u0458\u0435 \u0437\u0430 \u043e\u043f\u0448\u0442\u0438\u043d\u0435 \u041f\u0440\u0435\u0448\u0435\u0432\u043e, \u0411\u0443\u0458\u0430\u043d\u043e\u0432\u0430\u0446 \u0438 \u041c\u0435\u0434\u0432\u0435\u0452a\",\"description\":\"\",\"publisher\":{\"@id\":\"https:\\\/\\\/kt.gov.rs\\\/#organization\"},\"alternateName\":\"\u041a\u043e\u043e\u0440\u0434\u0438\u043d\u0430\u0446\u0438\u043e\u043d\u043e \u0442\u0435\u043b\u043e\",\"potentialAction\":[{\"@type\":\"SearchAction\",\"target\":{\"@type\":\"EntryPoint\",\"urlTemplate\":\"https:\\\/\\\/kt.gov.rs\\\/?s={search_term_string}\"},\"query-input\":{\"@type\":\"PropertyValueSpecification\",\"valueRequired\":true,\"valueName\":\"search_term_string\"}}],\"inLanguage\":\"sq-AL\"},{\"@type\":\"Organization\",\"@id\":\"https:\\\/\\\/kt.gov.rs\\\/#organization\",\"name\":\"\u041a\u043e\u043e\u0440\u0434\u0438\u043d\u0430\u0446\u0438\u043e\u043d\u043e \u0442\u0435\u043b\u043e \u0412\u043b\u0430\u0434\u0435 \u0420\u0435\u043f\u0443\u0431\u043b\u0438\u043a\u0435 \u0421\u0440\u0431\u0438\u0458\u0435 \u0437\u0430 \u043e\u043f\u0448\u0442\u0438\u043d\u0435 \u041f\u0440\u0435\u0448\u0435\u0432\u043e, \u0411\u0443\u0458\u0430\u043d\u043e\u0432\u0430\u0446 \u0438 \u041c\u0435\u0434\u0432\u0435\u0452a\",\"alternateName\":\"\u041a\u043e\u043e\u0440\u0434\u0438\u043d\u0430\u0446\u0438\u043e\u043d\u043e \u0442\u0435\u043b\u043e\",\"url\":\"https:\\\/\\\/kt.gov.rs\\\/\",\"logo\":{\"@type\":\"ImageObject\",\"inLanguage\":\"sq-AL\",\"@id\":\"https:\\\/\\\/kt.gov.rs\\\/#\\\/schema\\\/logo\\\/image\\\/\",\"url\":\"https:\\\/\\\/kt.gov.rs\\\/wp-content\\\/uploads\\\/2024\\\/12\\\/koord2.jpg\",\"contentUrl\":\"https:\\\/\\\/kt.gov.rs\\\/wp-content\\\/uploads\\\/2024\\\/12\\\/koord2.jpg\",\"width\":640,\"height\":480,\"caption\":\"\u041a\u043e\u043e\u0440\u0434\u0438\u043d\u0430\u0446\u0438\u043e\u043d\u043e \u0442\u0435\u043b\u043e \u0412\u043b\u0430\u0434\u0435 \u0420\u0435\u043f\u0443\u0431\u043b\u0438\u043a\u0435 \u0421\u0440\u0431\u0438\u0458\u0435 \u0437\u0430 \u043e\u043f\u0448\u0442\u0438\u043d\u0435 \u041f\u0440\u0435\u0448\u0435\u0432\u043e, \u0411\u0443\u0458\u0430\u043d\u043e\u0432\u0430\u0446 \u0438 \u041c\u0435\u0434\u0432\u0435\u0452a\"},\"image\":{\"@id\":\"https:\\\/\\\/kt.gov.rs\\\/#\\\/schema\\\/logo\\\/image\\\/\"},\"sameAs\":[\"https:\\\/\\\/www.facebook.com\\\/SluzbaKoordinacionogTelaVladeRepublikeSrbije\",\"https:\\\/\\\/x.com\\\/kt_gov\",\"https:\\\/\\\/www.youtube.com\\\/@koordinacionotelo\"]},{\"@type\":\"Person\",\"@id\":\"https:\\\/\\\/kt.gov.rs\\\/#\\\/schema\\\/person\\\/e426459ddb4173309103390602694571\",\"name\":\"ktmin\",\"image\":{\"@type\":\"ImageObject\",\"inLanguage\":\"sq-AL\",\"@id\":\"https:\\\/\\\/secure.gravatar.com\\\/avatar\\\/3985c961109853010c3fbc7ba30365bfba5db3dd6c525831d9c595c7525a615a?s=96&d=mm&r=g\",\"url\":\"https:\\\/\\\/secure.gravatar.com\\\/avatar\\\/3985c961109853010c3fbc7ba30365bfba5db3dd6c525831d9c595c7525a615a?s=96&d=mm&r=g\",\"contentUrl\":\"https:\\\/\\\/secure.gravatar.com\\\/avatar\\\/3985c961109853010c3fbc7ba30365bfba5db3dd6c525831d9c595c7525a615a?s=96&d=mm&r=g\",\"caption\":\"ktmin\"},\"sameAs\":[\"https:\\\/\\\/kt.gov.rs\"],\"url\":\"https:\\\/\\\/kt.gov.rs\\\/sq\\\/author\\\/ktmin\\\/\"}]}<\/script>\n<!-- \/ Yoast SEO plugin. -->","yoast_head_json":{"title":"70 P\u00cbRQIND T\u00cb TEKSTEVE SHKOLLORE N\u00cb GJUH\u00cbN SHQIPE JAN\u00cb GATI P\u00cbR VITIN E ARDHSH\u00cbM SHKOLLOR - Republika e S\u00ebrbis\u00eb Trupi Koordinues p\u00ebr komunat Bujanoc, Preshev\u00eb dhe Medvegj\u00eb","robots":{"index":"index","follow":"follow","max-snippet":"max-snippet:-1","max-image-preview":"max-image-preview:large","max-video-preview":"max-video-preview:-1"},"canonical":"https:\/\/kt.gov.rs\/sq\/70-perqind-te-teksteve-shkollore-ne-gjuhen-shqipe-jane-gati-per-vitin-e-ardhshem-shkollor\/","og_locale":"sq_AL","og_type":"article","og_title":"70 P\u00cbRQIND T\u00cb TEKSTEVE SHKOLLORE N\u00cb GJUH\u00cbN SHQIPE JAN\u00cb GATI P\u00cbR VITIN E ARDHSH\u00cbM SHKOLLOR - Republika e S\u00ebrbis\u00eb Trupi Koordinues p\u00ebr komunat Bujanoc, Preshev\u00eb dhe Medvegj\u00eb","og_description":"Kryetari i K\u00ebshillit Nacional t\u00eb Shqiptarve Galip Beqiri, thot\u00eb se p\u00ebr vitin e ardhsh\u00ebm shkollor\u00eb jan\u00eb siguruar 70 p\u00ebrqind t\u00eb teksteve shkollore n\u00eb gjuh\u00ebn shqipe p\u00ebr shkollat fillore.","og_url":"https:\/\/kt.gov.rs\/sq\/70-perqind-te-teksteve-shkollore-ne-gjuhen-shqipe-jane-gati-per-vitin-e-ardhshem-shkollor\/","og_site_name":"Republika e S\u00ebrbis\u00eb Trupi Koordinues p\u00ebr komunat Bujanoc, Preshev\u00eb dhe Medvegj\u00eb","article_publisher":"https:\/\/www.facebook.com\/SluzbaKoordinacionogTelaVladeRepublikeSrbije","article_published_time":"2013-08-30T00:00:00+00:00","article_modified_time":"2024-07-30T20:15:21+00:00","og_image":[{"width":315,"height":180,"url":"https:\/\/kt.gov.rs\/wp-content\/uploads\/2024\/07\/newspic240v-5.jpg","type":"image\/jpeg"}],"author":"ktmin","twitter_card":"summary_large_image","twitter_creator":"@kt_gov","twitter_site":"@kt_gov","twitter_misc":{"Written by":"ktmin","Est. reading time":"3 minutes"},"schema":{"@context":"https:\/\/schema.org","@graph":[{"@type":"Article","@id":"https:\/\/kt.gov.rs\/sq\/70-perqind-te-teksteve-shkollore-ne-gjuhen-shqipe-jane-gati-per-vitin-e-ardhshem-shkollor\/#article","isPartOf":{"@id":"https:\/\/kt.gov.rs\/sq\/70-perqind-te-teksteve-shkollore-ne-gjuhen-shqipe-jane-gati-per-vitin-e-ardhshem-shkollor\/"},"author":{"name":"ktmin","@id":"https:\/\/kt.gov.rs\/#\/schema\/person\/e426459ddb4173309103390602694571"},"headline":"70 P\u00cbRQIND T\u00cb TEKSTEVE SHKOLLORE N\u00cb GJUH\u00cbN SHQIPE JAN\u00cb GATI P\u00cbR VITIN E ARDHSH\u00cbM SHKOLLOR","datePublished":"2013-08-30T00:00:00+00:00","dateModified":"2024-07-30T20:15:21+00:00","mainEntityOfPage":{"@id":"https:\/\/kt.gov.rs\/sq\/70-perqind-te-teksteve-shkollore-ne-gjuhen-shqipe-jane-gati-per-vitin-e-ardhshem-shkollor\/"},"wordCount":519,"publisher":{"@id":"https:\/\/kt.gov.rs\/#organization"},"image":{"@id":"https:\/\/kt.gov.rs\/sq\/70-perqind-te-teksteve-shkollore-ne-gjuhen-shqipe-jane-gati-per-vitin-e-ardhshem-shkollor\/#primaryimage"},"thumbnailUrl":"https:\/\/kt.gov.rs\/wp-content\/uploads\/2024\/07\/newspic240v-5.jpg","articleSection":["Lajme"],"inLanguage":"sq-AL"},{"@type":"WebPage","@id":"https:\/\/kt.gov.rs\/sq\/70-perqind-te-teksteve-shkollore-ne-gjuhen-shqipe-jane-gati-per-vitin-e-ardhshem-shkollor\/","url":"https:\/\/kt.gov.rs\/sq\/70-perqind-te-teksteve-shkollore-ne-gjuhen-shqipe-jane-gati-per-vitin-e-ardhshem-shkollor\/","name":"70 P\u00cbRQIND T\u00cb TEKSTEVE SHKOLLORE N\u00cb GJUH\u00cbN SHQIPE JAN\u00cb GATI P\u00cbR VITIN E ARDHSH\u00cbM SHKOLLOR - Republika e S\u00ebrbis\u00eb Trupi Koordinues p\u00ebr komunat Bujanoc, Preshev\u00eb dhe Medvegj\u00eb","isPartOf":{"@id":"https:\/\/kt.gov.rs\/#website"},"primaryImageOfPage":{"@id":"https:\/\/kt.gov.rs\/sq\/70-perqind-te-teksteve-shkollore-ne-gjuhen-shqipe-jane-gati-per-vitin-e-ardhshem-shkollor\/#primaryimage"},"image":{"@id":"https:\/\/kt.gov.rs\/sq\/70-perqind-te-teksteve-shkollore-ne-gjuhen-shqipe-jane-gati-per-vitin-e-ardhshem-shkollor\/#primaryimage"},"thumbnailUrl":"https:\/\/kt.gov.rs\/wp-content\/uploads\/2024\/07\/newspic240v-5.jpg","datePublished":"2013-08-30T00:00:00+00:00","dateModified":"2024-07-30T20:15:21+00:00","breadcrumb":{"@id":"https:\/\/kt.gov.rs\/sq\/70-perqind-te-teksteve-shkollore-ne-gjuhen-shqipe-jane-gati-per-vitin-e-ardhshem-shkollor\/#breadcrumb"},"inLanguage":"sq-AL","potentialAction":[{"@type":"ReadAction","target":["https:\/\/kt.gov.rs\/sq\/70-perqind-te-teksteve-shkollore-ne-gjuhen-shqipe-jane-gati-per-vitin-e-ardhshem-shkollor\/"]}]},{"@type":"ImageObject","inLanguage":"sq-AL","@id":"https:\/\/kt.gov.rs\/sq\/70-perqind-te-teksteve-shkollore-ne-gjuhen-shqipe-jane-gati-per-vitin-e-ardhshem-shkollor\/#primaryimage","url":"https:\/\/kt.gov.rs\/wp-content\/uploads\/2024\/07\/newspic240v-5.jpg","contentUrl":"https:\/\/kt.gov.rs\/wp-content\/uploads\/2024\/07\/newspic240v-5.jpg","width":315,"height":180},{"@type":"BreadcrumbList","@id":"https:\/\/kt.gov.rs\/sq\/70-perqind-te-teksteve-shkollore-ne-gjuhen-shqipe-jane-gati-per-vitin-e-ardhshem-shkollor\/#breadcrumb","itemListElement":[{"@type":"ListItem","position":1,"name":"\u041f\u043e\u0447\u0435\u0442\u043d\u0430","item":"https:\/\/kt.gov.rs\/sq\/"},{"@type":"ListItem","position":2,"name":"70 P\u00cbRQIND T\u00cb TEKSTEVE SHKOLLORE N\u00cb GJUH\u00cbN SHQIPE JAN\u00cb GATI P\u00cbR VITIN E ARDHSH\u00cbM SHKOLLOR"}]},{"@type":"WebSite","@id":"https:\/\/kt.gov.rs\/#website","url":"https:\/\/kt.gov.rs\/","name":"\u041a\u043e\u043e\u0440\u0434\u0438\u043d\u0430\u0446\u0438\u043e\u043d\u043e \u0442\u0435\u043b\u043e \u0412\u043b\u0430\u0434\u0435 \u0420\u0435\u043f\u0443\u0431\u043b\u0438\u043a\u0435 \u0421\u0440\u0431\u0438\u0458\u0435 \u0437\u0430 \u043e\u043f\u0448\u0442\u0438\u043d\u0435 \u041f\u0440\u0435\u0448\u0435\u0432\u043e, \u0411\u0443\u0458\u0430\u043d\u043e\u0432\u0430\u0446 \u0438 \u041c\u0435\u0434\u0432\u0435\u0452a","description":"","publisher":{"@id":"https:\/\/kt.gov.rs\/#organization"},"alternateName":"\u041a\u043e\u043e\u0440\u0434\u0438\u043d\u0430\u0446\u0438\u043e\u043d\u043e \u0442\u0435\u043b\u043e","potentialAction":[{"@type":"SearchAction","target":{"@type":"EntryPoint","urlTemplate":"https:\/\/kt.gov.rs\/?s={search_term_string}"},"query-input":{"@type":"PropertyValueSpecification","valueRequired":true,"valueName":"search_term_string"}}],"inLanguage":"sq-AL"},{"@type":"Organization","@id":"https:\/\/kt.gov.rs\/#organization","name":"\u041a\u043e\u043e\u0440\u0434\u0438\u043d\u0430\u0446\u0438\u043e\u043d\u043e \u0442\u0435\u043b\u043e \u0412\u043b\u0430\u0434\u0435 \u0420\u0435\u043f\u0443\u0431\u043b\u0438\u043a\u0435 \u0421\u0440\u0431\u0438\u0458\u0435 \u0437\u0430 \u043e\u043f\u0448\u0442\u0438\u043d\u0435 \u041f\u0440\u0435\u0448\u0435\u0432\u043e, \u0411\u0443\u0458\u0430\u043d\u043e\u0432\u0430\u0446 \u0438 \u041c\u0435\u0434\u0432\u0435\u0452a","alternateName":"\u041a\u043e\u043e\u0440\u0434\u0438\u043d\u0430\u0446\u0438\u043e\u043d\u043e \u0442\u0435\u043b\u043e","url":"https:\/\/kt.gov.rs\/","logo":{"@type":"ImageObject","inLanguage":"sq-AL","@id":"https:\/\/kt.gov.rs\/#\/schema\/logo\/image\/","url":"https:\/\/kt.gov.rs\/wp-content\/uploads\/2024\/12\/koord2.jpg","contentUrl":"https:\/\/kt.gov.rs\/wp-content\/uploads\/2024\/12\/koord2.jpg","width":640,"height":480,"caption":"\u041a\u043e\u043e\u0440\u0434\u0438\u043d\u0430\u0446\u0438\u043e\u043d\u043e \u0442\u0435\u043b\u043e \u0412\u043b\u0430\u0434\u0435 \u0420\u0435\u043f\u0443\u0431\u043b\u0438\u043a\u0435 \u0421\u0440\u0431\u0438\u0458\u0435 \u0437\u0430 \u043e\u043f\u0448\u0442\u0438\u043d\u0435 \u041f\u0440\u0435\u0448\u0435\u0432\u043e, \u0411\u0443\u0458\u0430\u043d\u043e\u0432\u0430\u0446 \u0438 \u041c\u0435\u0434\u0432\u0435\u0452a"},"image":{"@id":"https:\/\/kt.gov.rs\/#\/schema\/logo\/image\/"},"sameAs":["https:\/\/www.facebook.com\/SluzbaKoordinacionogTelaVladeRepublikeSrbije","https:\/\/x.com\/kt_gov","https:\/\/www.youtube.com\/@koordinacionotelo"]},{"@type":"Person","@id":"https:\/\/kt.gov.rs\/#\/schema\/person\/e426459ddb4173309103390602694571","name":"ktmin","image":{"@type":"ImageObject","inLanguage":"sq-AL","@id":"https:\/\/secure.gravatar.com\/avatar\/3985c961109853010c3fbc7ba30365bfba5db3dd6c525831d9c595c7525a615a?s=96&d=mm&r=g","url":"https:\/\/secure.gravatar.com\/avatar\/3985c961109853010c3fbc7ba30365bfba5db3dd6c525831d9c595c7525a615a?s=96&d=mm&r=g","contentUrl":"https:\/\/secure.gravatar.com\/avatar\/3985c961109853010c3fbc7ba30365bfba5db3dd6c525831d9c595c7525a615a?s=96&d=mm&r=g","caption":"ktmin"},"sameAs":["https:\/\/kt.gov.rs"],"url":"https:\/\/kt.gov.rs\/sq\/author\/ktmin\/"}]}},"_links":{"self":[{"href":"https:\/\/kt.gov.rs\/sq\/wp-json\/wp\/v2\/posts\/140588","targetHints":{"allow":["GET"]}}],"collection":[{"href":"https:\/\/kt.gov.rs\/sq\/wp-json\/wp\/v2\/posts"}],"about":[{"href":"https:\/\/kt.gov.rs\/sq\/wp-json\/wp\/v2\/types\/post"}],"author":[{"embeddable":true,"href":"https:\/\/kt.gov.rs\/sq\/wp-json\/wp\/v2\/users\/1"}],"replies":[{"embeddable":true,"href":"https:\/\/kt.gov.rs\/sq\/wp-json\/wp\/v2\/comments?post=140588"}],"version-history":[{"count":1,"href":"https:\/\/kt.gov.rs\/sq\/wp-json\/wp\/v2\/posts\/140588\/revisions"}],"predecessor-version":[{"id":140592,"href":"https:\/\/kt.gov.rs\/sq\/wp-json\/wp\/v2\/posts\/140588\/revisions\/140592"}],"wp:featuredmedia":[{"embeddable":true,"href":"https:\/\/kt.gov.rs\/sq\/wp-json\/wp\/v2\/media\/140593"}],"wp:attachment":[{"href":"https:\/\/kt.gov.rs\/sq\/wp-json\/wp\/v2\/media?parent=140588"}],"wp:term":[{"taxonomy":"category","embeddable":true,"href":"https:\/\/kt.gov.rs\/sq\/wp-json\/wp\/v2\/categories?post=140588"},{"taxonomy":"post_tag","embeddable":true,"href":"https:\/\/kt.gov.rs\/sq\/wp-json\/wp\/v2\/tags?post=140588"}],"curies":[{"name":"wp","href":"https:\/\/api.w.org\/{rel}","templated":true}]}}