{"id":140577,"date":"2013-09-02T00:00:00","date_gmt":"2013-09-02T00:00:00","guid":{"rendered":"http:\/\/kt.printandscreen.rs\/permirsimi-i-njohjes-se-gjuhes-serbe-per-pjestaret-e-pakicave-nacionale-ne-jug-te-serbise\/"},"modified":"2024-07-30T20:15:20","modified_gmt":"2024-07-30T20:15:20","slug":"permirsimi-i-njohjes-se-gjuhes-serbe-per-pjestaret-e-pakicave-nacionale-ne-jug-te-serbise","status":"publish","type":"post","link":"https:\/\/kt.gov.rs\/sq\/permirsimi-i-njohjes-se-gjuhes-serbe-per-pjestaret-e-pakicave-nacionale-ne-jug-te-serbise\/","title":{"rendered":"P\u00cbRMIRSIMI I NJOHJES S\u00cb GJUH\u00cbS SERBE P\u00cbR PJESTAR\u00cbT E PAKICAVE NACIONALE N\u00cb JUG T\u00cb S\u00cbRBIS\u00cb"},"content":{"rendered":"<p>\n\t<img decoding=\"async\" alt=\"\" src=\"https:\/\/kt.gov.rs\/wp-content\/uploads\/2024\/07\/newspic242v-2.jpg\" style=\"width: 315px; height: 180px; float: left;\" \/>Misioni I OSBE-s n\u00eb Reublik\u00ebn e S\u00ebrbis, n\u00eb bashkpunim me Fakultetin Filozofik t\u00eb Universitetit t\u00eb Nishit dhe shkoll\u00ebn e mesme Sezai Surroi nga Bujanoci,\u00a0 dhe me mb\u00ebshtetjen e Qeveris\u00eb Gjermane ralizojn projektin me q\u00ebllim p\u00ebrmirsimin e njohjes s\u00eb gjuh\u00ebs s\u00ebrbe ne mes pjestar\u00ebve t\u00eb komuniteteve pakic ne jugun e S\u00ebrbis.<\/p>\n<p>\n\tPes\u00eb profesor t\u00eb gjuh\u00ebs s\u00ebrbe n\u00eb Bujanoc do t\u00eb kalojn\u00eb gjysm\u00ebvjetorin e par\u00eb t\u00eb vitit shkollor 2013\/14, ku do t\u00eb punojn si asistent n\u00eb m\u00ebsimin e gjuh\u00ebs s\u00ebrbe si gjuh\u00eb jo amb\u00ebtare. Prej Shtatorit deri ne fund t\u00eb vitit 2013 pes\u00eb t\u00eb rinj\u00eb t\u00eb pakic\u00ebs shqiptare dhe rome nga Presheva, Bujanoci dhe Medvegja do t\u00eb p\u00ebrgatiten p\u00ebr regjistrim n\u00eb gjuh\u00ebn serbe ne Fakultetin Filozofik.<\/p>\n<p>\n\tPrezantimi i konkursit do t\u00eb mbahet:<\/p>\n<p>\n\t\u2013 n\u00eb Bujanoc t\u00eb Enjten m\u00eb 5 Shtator n\u00eb or\u00ebn 14, n\u00eb zr\u00ebn e OSBE-s<\/p>\n<p>\n\t\u2013 n\u00eb Preshev\u00eb t\u00eb Premten m\u00eb 6 Shtator n\u00eb or\u00ebn 14, n\u00eb sht\u00ebpin e kultur\u00ebs<\/p>\n<p>\n\tIntervista me kandidat\u00ebt e lajmruar do t\u00eb organizohet n\u00eb Bujanoc m\u00eb dat\u00eb 11 Shtator n\u00eb zyr\u00ebn e misionit t\u00eb OSBE-s<\/p>\n<p>\n\tTekstin e konkursit n\u00eb gjuh\u00ebn s\u00ebrbe mund ta merrni <a href=\"http:\/\/www.kt.gov.rs\/images\/13-08-27_Final_konkurs_ALB.pdf\">k\u00ebtu<\/a>.<\/p>\n<p>\n\t<img decoding=\"async\" alt=\"\" src=\"https:\/\/kt.gov.rs\/wp-content\/uploads\/2024\/07\/newspic241v-1.jpg\" style=\"width: 315px; height: 180px; float: left;\" \/><\/p>\n<p>\n\t\u00a0<\/p>\n<p>\n\t\u00a0<\/p>\n<p>\n\t\u00a0<\/p>\n<p>\n\t\u00a0<\/p>\n<p>\n\t\u00a0<\/p>\n<p>\n\t\u00a0<\/p>\n<p>\n\t\u00a0<\/p>\n","protected":false},"excerpt":{"rendered":"<p>Misioni I OSBE-s n\u00eb Reublik\u00ebn e S\u00ebrbis, n\u00eb bashkpunim me Fakultetin Filozofik t\u00eb Universitetit t\u00eb Nishit dhe shkoll\u00ebn e mesme Sezai Surroi nga Bujanoci,\u00a0 dhe me mb\u00ebshtetjen e Qeveris\u00eb Gjermane\u2026<\/p>\n","protected":false},"author":1,"featured_media":140585,"comment_status":"closed","ping_status":"closed","sticky":false,"template":"","format":"standard","meta":{"footnotes":""},"categories":[55],"tags":[],"class_list":["post-140577","post","type-post","status-publish","format-standard","has-post-thumbnail","hentry","category-lajme"],"yoast_head":"<!-- This site is optimized with the Yoast SEO plugin v27.5 - https:\/\/yoast.com\/product\/yoast-seo-wordpress\/ -->\n<title>P\u00cbRMIRSIMI I NJOHJES S\u00cb GJUH\u00cbS SERBE P\u00cbR PJESTAR\u00cbT E PAKICAVE NACIONALE N\u00cb JUG T\u00cb S\u00cbRBIS\u00cb - Republika e S\u00ebrbis\u00eb Trupi Koordinues p\u00ebr komunat Bujanoc, Preshev\u00eb dhe Medvegj\u00eb<\/title>\n<meta name=\"robots\" content=\"index, follow, max-snippet:-1, max-image-preview:large, max-video-preview:-1\" \/>\n<link rel=\"canonical\" href=\"https:\/\/kt.gov.rs\/sq\/permirsimi-i-njohjes-se-gjuhes-serbe-per-pjestaret-e-pakicave-nacionale-ne-jug-te-serbise\/\" \/>\n<meta property=\"og:locale\" content=\"sq_AL\" \/>\n<meta property=\"og:type\" content=\"article\" \/>\n<meta property=\"og:title\" content=\"P\u00cbRMIRSIMI I NJOHJES S\u00cb GJUH\u00cbS SERBE P\u00cbR PJESTAR\u00cbT E PAKICAVE NACIONALE N\u00cb JUG T\u00cb S\u00cbRBIS\u00cb - Republika e S\u00ebrbis\u00eb Trupi Koordinues p\u00ebr komunat Bujanoc, Preshev\u00eb dhe Medvegj\u00eb\" \/>\n<meta property=\"og:description\" content=\"Misioni I OSBE-s n\u00eb Reublik\u00ebn e S\u00ebrbis, n\u00eb bashkpunim me Fakultetin Filozofik t\u00eb Universitetit t\u00eb Nishit dhe shkoll\u00ebn e mesme Sezai Surroi nga Bujanoci,\u00a0 dhe me mb\u00ebshtetjen e Qeveris\u00eb Gjermane...\" \/>\n<meta property=\"og:url\" content=\"https:\/\/kt.gov.rs\/sq\/permirsimi-i-njohjes-se-gjuhes-serbe-per-pjestaret-e-pakicave-nacionale-ne-jug-te-serbise\/\" \/>\n<meta property=\"og:site_name\" content=\"Republika e S\u00ebrbis\u00eb Trupi Koordinues p\u00ebr komunat Bujanoc, Preshev\u00eb dhe Medvegj\u00eb\" \/>\n<meta property=\"article:publisher\" content=\"https:\/\/www.facebook.com\/SluzbaKoordinacionogTelaVladeRepublikeSrbije\" \/>\n<meta property=\"article:published_time\" content=\"2013-09-02T00:00:00+00:00\" \/>\n<meta property=\"article:modified_time\" content=\"2024-07-30T20:15:20+00:00\" \/>\n<meta property=\"og:image\" content=\"https:\/\/kt.gov.rs\/wp-content\/uploads\/2024\/07\/newspic242v-3.jpg\" \/>\n\t<meta property=\"og:image:width\" content=\"315\" \/>\n\t<meta property=\"og:image:height\" content=\"180\" \/>\n\t<meta property=\"og:image:type\" content=\"image\/jpeg\" \/>\n<meta name=\"author\" content=\"ktmin\" \/>\n<meta name=\"twitter:card\" content=\"summary_large_image\" \/>\n<meta name=\"twitter:creator\" content=\"@kt_gov\" \/>\n<meta name=\"twitter:site\" content=\"@kt_gov\" \/>\n<meta name=\"twitter:label1\" content=\"Written by\" \/>\n\t<meta name=\"twitter:data1\" content=\"ktmin\" \/>\n\t<meta name=\"twitter:label2\" content=\"Est. reading time\" \/>\n\t<meta name=\"twitter:data2\" content=\"1 minute\" \/>\n<script type=\"application\/ld+json\" class=\"yoast-schema-graph\">{\"@context\":\"https:\\\/\\\/schema.org\",\"@graph\":[{\"@type\":\"Article\",\"@id\":\"https:\\\/\\\/kt.gov.rs\\\/sq\\\/permirsimi-i-njohjes-se-gjuhes-serbe-per-pjestaret-e-pakicave-nacionale-ne-jug-te-serbise\\\/#article\",\"isPartOf\":{\"@id\":\"https:\\\/\\\/kt.gov.rs\\\/sq\\\/permirsimi-i-njohjes-se-gjuhes-serbe-per-pjestaret-e-pakicave-nacionale-ne-jug-te-serbise\\\/\"},\"author\":{\"name\":\"ktmin\",\"@id\":\"https:\\\/\\\/kt.gov.rs\\\/#\\\/schema\\\/person\\\/e426459ddb4173309103390602694571\"},\"headline\":\"P\u00cbRMIRSIMI I NJOHJES S\u00cb GJUH\u00cbS SERBE P\u00cbR PJESTAR\u00cbT E PAKICAVE NACIONALE N\u00cb JUG T\u00cb S\u00cbRBIS\u00cb\",\"datePublished\":\"2013-09-02T00:00:00+00:00\",\"dateModified\":\"2024-07-30T20:15:20+00:00\",\"mainEntityOfPage\":{\"@id\":\"https:\\\/\\\/kt.gov.rs\\\/sq\\\/permirsimi-i-njohjes-se-gjuhes-serbe-per-pjestaret-e-pakicave-nacionale-ne-jug-te-serbise\\\/\"},\"wordCount\":306,\"publisher\":{\"@id\":\"https:\\\/\\\/kt.gov.rs\\\/#organization\"},\"image\":{\"@id\":\"https:\\\/\\\/kt.gov.rs\\\/sq\\\/permirsimi-i-njohjes-se-gjuhes-serbe-per-pjestaret-e-pakicave-nacionale-ne-jug-te-serbise\\\/#primaryimage\"},\"thumbnailUrl\":\"https:\\\/\\\/kt.gov.rs\\\/wp-content\\\/uploads\\\/2024\\\/07\\\/newspic242v-3.jpg\",\"articleSection\":[\"Lajme\"],\"inLanguage\":\"sq-AL\"},{\"@type\":\"WebPage\",\"@id\":\"https:\\\/\\\/kt.gov.rs\\\/sq\\\/permirsimi-i-njohjes-se-gjuhes-serbe-per-pjestaret-e-pakicave-nacionale-ne-jug-te-serbise\\\/\",\"url\":\"https:\\\/\\\/kt.gov.rs\\\/sq\\\/permirsimi-i-njohjes-se-gjuhes-serbe-per-pjestaret-e-pakicave-nacionale-ne-jug-te-serbise\\\/\",\"name\":\"P\u00cbRMIRSIMI I NJOHJES S\u00cb GJUH\u00cbS SERBE P\u00cbR PJESTAR\u00cbT E PAKICAVE NACIONALE N\u00cb JUG T\u00cb S\u00cbRBIS\u00cb - Republika e S\u00ebrbis\u00eb Trupi Koordinues p\u00ebr komunat Bujanoc, Preshev\u00eb dhe Medvegj\u00eb\",\"isPartOf\":{\"@id\":\"https:\\\/\\\/kt.gov.rs\\\/#website\"},\"primaryImageOfPage\":{\"@id\":\"https:\\\/\\\/kt.gov.rs\\\/sq\\\/permirsimi-i-njohjes-se-gjuhes-serbe-per-pjestaret-e-pakicave-nacionale-ne-jug-te-serbise\\\/#primaryimage\"},\"image\":{\"@id\":\"https:\\\/\\\/kt.gov.rs\\\/sq\\\/permirsimi-i-njohjes-se-gjuhes-serbe-per-pjestaret-e-pakicave-nacionale-ne-jug-te-serbise\\\/#primaryimage\"},\"thumbnailUrl\":\"https:\\\/\\\/kt.gov.rs\\\/wp-content\\\/uploads\\\/2024\\\/07\\\/newspic242v-3.jpg\",\"datePublished\":\"2013-09-02T00:00:00+00:00\",\"dateModified\":\"2024-07-30T20:15:20+00:00\",\"breadcrumb\":{\"@id\":\"https:\\\/\\\/kt.gov.rs\\\/sq\\\/permirsimi-i-njohjes-se-gjuhes-serbe-per-pjestaret-e-pakicave-nacionale-ne-jug-te-serbise\\\/#breadcrumb\"},\"inLanguage\":\"sq-AL\",\"potentialAction\":[{\"@type\":\"ReadAction\",\"target\":[\"https:\\\/\\\/kt.gov.rs\\\/sq\\\/permirsimi-i-njohjes-se-gjuhes-serbe-per-pjestaret-e-pakicave-nacionale-ne-jug-te-serbise\\\/\"]}]},{\"@type\":\"ImageObject\",\"inLanguage\":\"sq-AL\",\"@id\":\"https:\\\/\\\/kt.gov.rs\\\/sq\\\/permirsimi-i-njohjes-se-gjuhes-serbe-per-pjestaret-e-pakicave-nacionale-ne-jug-te-serbise\\\/#primaryimage\",\"url\":\"https:\\\/\\\/kt.gov.rs\\\/wp-content\\\/uploads\\\/2024\\\/07\\\/newspic242v-3.jpg\",\"contentUrl\":\"https:\\\/\\\/kt.gov.rs\\\/wp-content\\\/uploads\\\/2024\\\/07\\\/newspic242v-3.jpg\",\"width\":315,\"height\":180},{\"@type\":\"BreadcrumbList\",\"@id\":\"https:\\\/\\\/kt.gov.rs\\\/sq\\\/permirsimi-i-njohjes-se-gjuhes-serbe-per-pjestaret-e-pakicave-nacionale-ne-jug-te-serbise\\\/#breadcrumb\",\"itemListElement\":[{\"@type\":\"ListItem\",\"position\":1,\"name\":\"\u041f\u043e\u0447\u0435\u0442\u043d\u0430\",\"item\":\"https:\\\/\\\/kt.gov.rs\\\/sq\\\/\"},{\"@type\":\"ListItem\",\"position\":2,\"name\":\"P\u00cbRMIRSIMI I NJOHJES S\u00cb GJUH\u00cbS SERBE P\u00cbR PJESTAR\u00cbT E PAKICAVE NACIONALE N\u00cb JUG T\u00cb S\u00cbRBIS\u00cb\"}]},{\"@type\":\"WebSite\",\"@id\":\"https:\\\/\\\/kt.gov.rs\\\/#website\",\"url\":\"https:\\\/\\\/kt.gov.rs\\\/\",\"name\":\"\u041a\u043e\u043e\u0440\u0434\u0438\u043d\u0430\u0446\u0438\u043e\u043d\u043e \u0442\u0435\u043b\u043e \u0412\u043b\u0430\u0434\u0435 \u0420\u0435\u043f\u0443\u0431\u043b\u0438\u043a\u0435 \u0421\u0440\u0431\u0438\u0458\u0435 \u0437\u0430 \u043e\u043f\u0448\u0442\u0438\u043d\u0435 \u041f\u0440\u0435\u0448\u0435\u0432\u043e, \u0411\u0443\u0458\u0430\u043d\u043e\u0432\u0430\u0446 \u0438 \u041c\u0435\u0434\u0432\u0435\u0452a\",\"description\":\"\",\"publisher\":{\"@id\":\"https:\\\/\\\/kt.gov.rs\\\/#organization\"},\"alternateName\":\"\u041a\u043e\u043e\u0440\u0434\u0438\u043d\u0430\u0446\u0438\u043e\u043d\u043e \u0442\u0435\u043b\u043e\",\"potentialAction\":[{\"@type\":\"SearchAction\",\"target\":{\"@type\":\"EntryPoint\",\"urlTemplate\":\"https:\\\/\\\/kt.gov.rs\\\/?s={search_term_string}\"},\"query-input\":{\"@type\":\"PropertyValueSpecification\",\"valueRequired\":true,\"valueName\":\"search_term_string\"}}],\"inLanguage\":\"sq-AL\"},{\"@type\":\"Organization\",\"@id\":\"https:\\\/\\\/kt.gov.rs\\\/#organization\",\"name\":\"\u041a\u043e\u043e\u0440\u0434\u0438\u043d\u0430\u0446\u0438\u043e\u043d\u043e \u0442\u0435\u043b\u043e \u0412\u043b\u0430\u0434\u0435 \u0420\u0435\u043f\u0443\u0431\u043b\u0438\u043a\u0435 \u0421\u0440\u0431\u0438\u0458\u0435 \u0437\u0430 \u043e\u043f\u0448\u0442\u0438\u043d\u0435 \u041f\u0440\u0435\u0448\u0435\u0432\u043e, \u0411\u0443\u0458\u0430\u043d\u043e\u0432\u0430\u0446 \u0438 \u041c\u0435\u0434\u0432\u0435\u0452a\",\"alternateName\":\"\u041a\u043e\u043e\u0440\u0434\u0438\u043d\u0430\u0446\u0438\u043e\u043d\u043e \u0442\u0435\u043b\u043e\",\"url\":\"https:\\\/\\\/kt.gov.rs\\\/\",\"logo\":{\"@type\":\"ImageObject\",\"inLanguage\":\"sq-AL\",\"@id\":\"https:\\\/\\\/kt.gov.rs\\\/#\\\/schema\\\/logo\\\/image\\\/\",\"url\":\"https:\\\/\\\/kt.gov.rs\\\/wp-content\\\/uploads\\\/2024\\\/12\\\/koord2.jpg\",\"contentUrl\":\"https:\\\/\\\/kt.gov.rs\\\/wp-content\\\/uploads\\\/2024\\\/12\\\/koord2.jpg\",\"width\":640,\"height\":480,\"caption\":\"\u041a\u043e\u043e\u0440\u0434\u0438\u043d\u0430\u0446\u0438\u043e\u043d\u043e \u0442\u0435\u043b\u043e \u0412\u043b\u0430\u0434\u0435 \u0420\u0435\u043f\u0443\u0431\u043b\u0438\u043a\u0435 \u0421\u0440\u0431\u0438\u0458\u0435 \u0437\u0430 \u043e\u043f\u0448\u0442\u0438\u043d\u0435 \u041f\u0440\u0435\u0448\u0435\u0432\u043e, \u0411\u0443\u0458\u0430\u043d\u043e\u0432\u0430\u0446 \u0438 \u041c\u0435\u0434\u0432\u0435\u0452a\"},\"image\":{\"@id\":\"https:\\\/\\\/kt.gov.rs\\\/#\\\/schema\\\/logo\\\/image\\\/\"},\"sameAs\":[\"https:\\\/\\\/www.facebook.com\\\/SluzbaKoordinacionogTelaVladeRepublikeSrbije\",\"https:\\\/\\\/x.com\\\/kt_gov\",\"https:\\\/\\\/www.youtube.com\\\/@koordinacionotelo\"]},{\"@type\":\"Person\",\"@id\":\"https:\\\/\\\/kt.gov.rs\\\/#\\\/schema\\\/person\\\/e426459ddb4173309103390602694571\",\"name\":\"ktmin\",\"image\":{\"@type\":\"ImageObject\",\"inLanguage\":\"sq-AL\",\"@id\":\"https:\\\/\\\/secure.gravatar.com\\\/avatar\\\/3985c961109853010c3fbc7ba30365bfba5db3dd6c525831d9c595c7525a615a?s=96&d=mm&r=g\",\"url\":\"https:\\\/\\\/secure.gravatar.com\\\/avatar\\\/3985c961109853010c3fbc7ba30365bfba5db3dd6c525831d9c595c7525a615a?s=96&d=mm&r=g\",\"contentUrl\":\"https:\\\/\\\/secure.gravatar.com\\\/avatar\\\/3985c961109853010c3fbc7ba30365bfba5db3dd6c525831d9c595c7525a615a?s=96&d=mm&r=g\",\"caption\":\"ktmin\"},\"sameAs\":[\"https:\\\/\\\/kt.gov.rs\"],\"url\":\"https:\\\/\\\/kt.gov.rs\\\/sq\\\/author\\\/ktmin\\\/\"}]}<\/script>\n<!-- \/ Yoast SEO plugin. -->","yoast_head_json":{"title":"P\u00cbRMIRSIMI I NJOHJES S\u00cb GJUH\u00cbS SERBE P\u00cbR PJESTAR\u00cbT E PAKICAVE NACIONALE N\u00cb JUG T\u00cb S\u00cbRBIS\u00cb - Republika e S\u00ebrbis\u00eb Trupi Koordinues p\u00ebr komunat Bujanoc, Preshev\u00eb dhe Medvegj\u00eb","robots":{"index":"index","follow":"follow","max-snippet":"max-snippet:-1","max-image-preview":"max-image-preview:large","max-video-preview":"max-video-preview:-1"},"canonical":"https:\/\/kt.gov.rs\/sq\/permirsimi-i-njohjes-se-gjuhes-serbe-per-pjestaret-e-pakicave-nacionale-ne-jug-te-serbise\/","og_locale":"sq_AL","og_type":"article","og_title":"P\u00cbRMIRSIMI I NJOHJES S\u00cb GJUH\u00cbS SERBE P\u00cbR PJESTAR\u00cbT E PAKICAVE NACIONALE N\u00cb JUG T\u00cb S\u00cbRBIS\u00cb - Republika e S\u00ebrbis\u00eb Trupi Koordinues p\u00ebr komunat Bujanoc, Preshev\u00eb dhe Medvegj\u00eb","og_description":"Misioni I OSBE-s n\u00eb Reublik\u00ebn e S\u00ebrbis, n\u00eb bashkpunim me Fakultetin Filozofik t\u00eb Universitetit t\u00eb Nishit dhe shkoll\u00ebn e mesme Sezai Surroi nga Bujanoci,\u00a0 dhe me mb\u00ebshtetjen e Qeveris\u00eb Gjermane...","og_url":"https:\/\/kt.gov.rs\/sq\/permirsimi-i-njohjes-se-gjuhes-serbe-per-pjestaret-e-pakicave-nacionale-ne-jug-te-serbise\/","og_site_name":"Republika e S\u00ebrbis\u00eb Trupi Koordinues p\u00ebr komunat Bujanoc, Preshev\u00eb dhe Medvegj\u00eb","article_publisher":"https:\/\/www.facebook.com\/SluzbaKoordinacionogTelaVladeRepublikeSrbije","article_published_time":"2013-09-02T00:00:00+00:00","article_modified_time":"2024-07-30T20:15:20+00:00","og_image":[{"width":315,"height":180,"url":"https:\/\/kt.gov.rs\/wp-content\/uploads\/2024\/07\/newspic242v-3.jpg","type":"image\/jpeg"}],"author":"ktmin","twitter_card":"summary_large_image","twitter_creator":"@kt_gov","twitter_site":"@kt_gov","twitter_misc":{"Written by":"ktmin","Est. reading time":"1 minute"},"schema":{"@context":"https:\/\/schema.org","@graph":[{"@type":"Article","@id":"https:\/\/kt.gov.rs\/sq\/permirsimi-i-njohjes-se-gjuhes-serbe-per-pjestaret-e-pakicave-nacionale-ne-jug-te-serbise\/#article","isPartOf":{"@id":"https:\/\/kt.gov.rs\/sq\/permirsimi-i-njohjes-se-gjuhes-serbe-per-pjestaret-e-pakicave-nacionale-ne-jug-te-serbise\/"},"author":{"name":"ktmin","@id":"https:\/\/kt.gov.rs\/#\/schema\/person\/e426459ddb4173309103390602694571"},"headline":"P\u00cbRMIRSIMI I NJOHJES S\u00cb GJUH\u00cbS SERBE P\u00cbR PJESTAR\u00cbT E PAKICAVE NACIONALE N\u00cb JUG T\u00cb S\u00cbRBIS\u00cb","datePublished":"2013-09-02T00:00:00+00:00","dateModified":"2024-07-30T20:15:20+00:00","mainEntityOfPage":{"@id":"https:\/\/kt.gov.rs\/sq\/permirsimi-i-njohjes-se-gjuhes-serbe-per-pjestaret-e-pakicave-nacionale-ne-jug-te-serbise\/"},"wordCount":306,"publisher":{"@id":"https:\/\/kt.gov.rs\/#organization"},"image":{"@id":"https:\/\/kt.gov.rs\/sq\/permirsimi-i-njohjes-se-gjuhes-serbe-per-pjestaret-e-pakicave-nacionale-ne-jug-te-serbise\/#primaryimage"},"thumbnailUrl":"https:\/\/kt.gov.rs\/wp-content\/uploads\/2024\/07\/newspic242v-3.jpg","articleSection":["Lajme"],"inLanguage":"sq-AL"},{"@type":"WebPage","@id":"https:\/\/kt.gov.rs\/sq\/permirsimi-i-njohjes-se-gjuhes-serbe-per-pjestaret-e-pakicave-nacionale-ne-jug-te-serbise\/","url":"https:\/\/kt.gov.rs\/sq\/permirsimi-i-njohjes-se-gjuhes-serbe-per-pjestaret-e-pakicave-nacionale-ne-jug-te-serbise\/","name":"P\u00cbRMIRSIMI I NJOHJES S\u00cb GJUH\u00cbS SERBE P\u00cbR PJESTAR\u00cbT E PAKICAVE NACIONALE N\u00cb JUG T\u00cb S\u00cbRBIS\u00cb - Republika e S\u00ebrbis\u00eb Trupi Koordinues p\u00ebr komunat Bujanoc, Preshev\u00eb dhe Medvegj\u00eb","isPartOf":{"@id":"https:\/\/kt.gov.rs\/#website"},"primaryImageOfPage":{"@id":"https:\/\/kt.gov.rs\/sq\/permirsimi-i-njohjes-se-gjuhes-serbe-per-pjestaret-e-pakicave-nacionale-ne-jug-te-serbise\/#primaryimage"},"image":{"@id":"https:\/\/kt.gov.rs\/sq\/permirsimi-i-njohjes-se-gjuhes-serbe-per-pjestaret-e-pakicave-nacionale-ne-jug-te-serbise\/#primaryimage"},"thumbnailUrl":"https:\/\/kt.gov.rs\/wp-content\/uploads\/2024\/07\/newspic242v-3.jpg","datePublished":"2013-09-02T00:00:00+00:00","dateModified":"2024-07-30T20:15:20+00:00","breadcrumb":{"@id":"https:\/\/kt.gov.rs\/sq\/permirsimi-i-njohjes-se-gjuhes-serbe-per-pjestaret-e-pakicave-nacionale-ne-jug-te-serbise\/#breadcrumb"},"inLanguage":"sq-AL","potentialAction":[{"@type":"ReadAction","target":["https:\/\/kt.gov.rs\/sq\/permirsimi-i-njohjes-se-gjuhes-serbe-per-pjestaret-e-pakicave-nacionale-ne-jug-te-serbise\/"]}]},{"@type":"ImageObject","inLanguage":"sq-AL","@id":"https:\/\/kt.gov.rs\/sq\/permirsimi-i-njohjes-se-gjuhes-serbe-per-pjestaret-e-pakicave-nacionale-ne-jug-te-serbise\/#primaryimage","url":"https:\/\/kt.gov.rs\/wp-content\/uploads\/2024\/07\/newspic242v-3.jpg","contentUrl":"https:\/\/kt.gov.rs\/wp-content\/uploads\/2024\/07\/newspic242v-3.jpg","width":315,"height":180},{"@type":"BreadcrumbList","@id":"https:\/\/kt.gov.rs\/sq\/permirsimi-i-njohjes-se-gjuhes-serbe-per-pjestaret-e-pakicave-nacionale-ne-jug-te-serbise\/#breadcrumb","itemListElement":[{"@type":"ListItem","position":1,"name":"\u041f\u043e\u0447\u0435\u0442\u043d\u0430","item":"https:\/\/kt.gov.rs\/sq\/"},{"@type":"ListItem","position":2,"name":"P\u00cbRMIRSIMI I NJOHJES S\u00cb GJUH\u00cbS SERBE P\u00cbR PJESTAR\u00cbT E PAKICAVE NACIONALE N\u00cb JUG T\u00cb S\u00cbRBIS\u00cb"}]},{"@type":"WebSite","@id":"https:\/\/kt.gov.rs\/#website","url":"https:\/\/kt.gov.rs\/","name":"\u041a\u043e\u043e\u0440\u0434\u0438\u043d\u0430\u0446\u0438\u043e\u043d\u043e \u0442\u0435\u043b\u043e \u0412\u043b\u0430\u0434\u0435 \u0420\u0435\u043f\u0443\u0431\u043b\u0438\u043a\u0435 \u0421\u0440\u0431\u0438\u0458\u0435 \u0437\u0430 \u043e\u043f\u0448\u0442\u0438\u043d\u0435 \u041f\u0440\u0435\u0448\u0435\u0432\u043e, \u0411\u0443\u0458\u0430\u043d\u043e\u0432\u0430\u0446 \u0438 \u041c\u0435\u0434\u0432\u0435\u0452a","description":"","publisher":{"@id":"https:\/\/kt.gov.rs\/#organization"},"alternateName":"\u041a\u043e\u043e\u0440\u0434\u0438\u043d\u0430\u0446\u0438\u043e\u043d\u043e \u0442\u0435\u043b\u043e","potentialAction":[{"@type":"SearchAction","target":{"@type":"EntryPoint","urlTemplate":"https:\/\/kt.gov.rs\/?s={search_term_string}"},"query-input":{"@type":"PropertyValueSpecification","valueRequired":true,"valueName":"search_term_string"}}],"inLanguage":"sq-AL"},{"@type":"Organization","@id":"https:\/\/kt.gov.rs\/#organization","name":"\u041a\u043e\u043e\u0440\u0434\u0438\u043d\u0430\u0446\u0438\u043e\u043d\u043e \u0442\u0435\u043b\u043e \u0412\u043b\u0430\u0434\u0435 \u0420\u0435\u043f\u0443\u0431\u043b\u0438\u043a\u0435 \u0421\u0440\u0431\u0438\u0458\u0435 \u0437\u0430 \u043e\u043f\u0448\u0442\u0438\u043d\u0435 \u041f\u0440\u0435\u0448\u0435\u0432\u043e, \u0411\u0443\u0458\u0430\u043d\u043e\u0432\u0430\u0446 \u0438 \u041c\u0435\u0434\u0432\u0435\u0452a","alternateName":"\u041a\u043e\u043e\u0440\u0434\u0438\u043d\u0430\u0446\u0438\u043e\u043d\u043e \u0442\u0435\u043b\u043e","url":"https:\/\/kt.gov.rs\/","logo":{"@type":"ImageObject","inLanguage":"sq-AL","@id":"https:\/\/kt.gov.rs\/#\/schema\/logo\/image\/","url":"https:\/\/kt.gov.rs\/wp-content\/uploads\/2024\/12\/koord2.jpg","contentUrl":"https:\/\/kt.gov.rs\/wp-content\/uploads\/2024\/12\/koord2.jpg","width":640,"height":480,"caption":"\u041a\u043e\u043e\u0440\u0434\u0438\u043d\u0430\u0446\u0438\u043e\u043d\u043e \u0442\u0435\u043b\u043e \u0412\u043b\u0430\u0434\u0435 \u0420\u0435\u043f\u0443\u0431\u043b\u0438\u043a\u0435 \u0421\u0440\u0431\u0438\u0458\u0435 \u0437\u0430 \u043e\u043f\u0448\u0442\u0438\u043d\u0435 \u041f\u0440\u0435\u0448\u0435\u0432\u043e, \u0411\u0443\u0458\u0430\u043d\u043e\u0432\u0430\u0446 \u0438 \u041c\u0435\u0434\u0432\u0435\u0452a"},"image":{"@id":"https:\/\/kt.gov.rs\/#\/schema\/logo\/image\/"},"sameAs":["https:\/\/www.facebook.com\/SluzbaKoordinacionogTelaVladeRepublikeSrbije","https:\/\/x.com\/kt_gov","https:\/\/www.youtube.com\/@koordinacionotelo"]},{"@type":"Person","@id":"https:\/\/kt.gov.rs\/#\/schema\/person\/e426459ddb4173309103390602694571","name":"ktmin","image":{"@type":"ImageObject","inLanguage":"sq-AL","@id":"https:\/\/secure.gravatar.com\/avatar\/3985c961109853010c3fbc7ba30365bfba5db3dd6c525831d9c595c7525a615a?s=96&d=mm&r=g","url":"https:\/\/secure.gravatar.com\/avatar\/3985c961109853010c3fbc7ba30365bfba5db3dd6c525831d9c595c7525a615a?s=96&d=mm&r=g","contentUrl":"https:\/\/secure.gravatar.com\/avatar\/3985c961109853010c3fbc7ba30365bfba5db3dd6c525831d9c595c7525a615a?s=96&d=mm&r=g","caption":"ktmin"},"sameAs":["https:\/\/kt.gov.rs"],"url":"https:\/\/kt.gov.rs\/sq\/author\/ktmin\/"}]}},"_links":{"self":[{"href":"https:\/\/kt.gov.rs\/sq\/wp-json\/wp\/v2\/posts\/140577","targetHints":{"allow":["GET"]}}],"collection":[{"href":"https:\/\/kt.gov.rs\/sq\/wp-json\/wp\/v2\/posts"}],"about":[{"href":"https:\/\/kt.gov.rs\/sq\/wp-json\/wp\/v2\/types\/post"}],"author":[{"embeddable":true,"href":"https:\/\/kt.gov.rs\/sq\/wp-json\/wp\/v2\/users\/1"}],"replies":[{"embeddable":true,"href":"https:\/\/kt.gov.rs\/sq\/wp-json\/wp\/v2\/comments?post=140577"}],"version-history":[{"count":1,"href":"https:\/\/kt.gov.rs\/sq\/wp-json\/wp\/v2\/posts\/140577\/revisions"}],"predecessor-version":[{"id":140584,"href":"https:\/\/kt.gov.rs\/sq\/wp-json\/wp\/v2\/posts\/140577\/revisions\/140584"}],"wp:featuredmedia":[{"embeddable":true,"href":"https:\/\/kt.gov.rs\/sq\/wp-json\/wp\/v2\/media\/140585"}],"wp:attachment":[{"href":"https:\/\/kt.gov.rs\/sq\/wp-json\/wp\/v2\/media?parent=140577"}],"wp:term":[{"taxonomy":"category","embeddable":true,"href":"https:\/\/kt.gov.rs\/sq\/wp-json\/wp\/v2\/categories?post=140577"},{"taxonomy":"post_tag","embeddable":true,"href":"https:\/\/kt.gov.rs\/sq\/wp-json\/wp\/v2\/tags?post=140577"}],"curies":[{"name":"wp","href":"https:\/\/api.w.org\/{rel}","templated":true}]}}