{"id":140569,"date":"2013-09-04T00:00:00","date_gmt":"2013-09-04T00:00:00","guid":{"rendered":"http:\/\/kt.printandscreen.rs\/kryetari-i-trupit-koordinues-priti-ambasadorin-e-turqise\/"},"modified":"2024-07-30T20:15:19","modified_gmt":"2024-07-30T20:15:19","slug":"kryetari-i-trupit-koordinues-priti-ambasadorin-e-turqise","status":"publish","type":"post","link":"https:\/\/kt.gov.rs\/sq\/kryetari-i-trupit-koordinues-priti-ambasadorin-e-turqise\/","title":{"rendered":"KRYETARI I TRUPIT KOORDINUES PRITI AMBASADORIN E TURQISE"},"content":{"rendered":"<p>\n\t<img decoding=\"async\" alt=\"\" src=\"https:\/\/kt.gov.rs\/wp-content\/uploads\/2024\/07\/newspic243v-4.jpg\" style=\"width: 315px; height: 180px; float: left;\" \/>Zoran Stankoviq, kryetari i Trupit Koordinues p\u00ebr komunat Preshev\u00eb, Bujanoc dhe Medvegj\u00eb ka pritur n\u00eb zyr\u00ebn e tij n\u00eb Bujanoc, ambasadorin e Turqis\u00eb n\u00eb Serbi, Kemal Bozaja.<\/p>\n<p>\n\t\u201eQ\u00ebndrimi\u00a0 ambasadorit Bozaje dhe bisedat q\u00eb kishim n\u00eb Beograd, dhe vazhduan \u00a0k\u00ebtu n\u00eb Bujanoc, ka konfirmuar p\u00ebrpjekjet tona p\u00ebr t\u00eb krijuar mund\u00ebsin\u00eb q\u00eb banor\u00ebve t\u00eb k\u00ebtyre komunave t\u00eb i mund\u00ebsohet\u00a0 nj\u00eb jet\u00eb m\u00eb cil\u00ebsore. Ne jemi t\u00eb k\u00ebnaqur q\u00eb qeveria turke do t\u00eb vazhdoj\u00eb t\u00eb investoj\u00eb n\u00eb arsim, sh\u00ebndet\u00ebsi \u00a0dhe zhvillimin ekonomik t\u00eb ktyre komunave &quot;, ka th\u00ebn\u00eb\u00a0 Stankoviq.<\/p>\n<p>\n\tKryetari i Trupit Koordinues theksoi se \u00ebsht\u00eb r\u00ebn\u00eb dakord q\u00eb n\u00eb kuad\u00ebr t\u00eb sistemit arsimor t\u00eb jen\u00eb t\u00eb vazhdueshme t\u00eb \u00a0gjitha aktivitetet q\u00eb lidhen me arsimin, n\u00eb k\u00ebt\u00eb aspekt \u00ebsht\u00eb diskutuar edhe p\u00ebr\u00a0 nj\u00eb num\u00ebr\u00a0 t\u00eb nx\u00ebn\u00ebsve serb\u00eb nga k\u00ebto komuna q\u00eb marrin burs\u00eb n\u00eb universitetet m\u00eb prestigjioze n\u00eb Turqi.<\/p>\n<p>\n\tStankovi\u00e7 tha se Turqia \u00ebsht\u00eb e interesuar p\u00ebr t\u00eb ndihmuar n\u00eb\u00a0 blerjen \u00a0pajisjeve p\u00ebr spitalin e maternitetit n\u00eb Preshev\u00eb, dhe ran\u00eb\u00a0 dakord q\u00eb delegacion i biznesmen\u00ebve t\u00eb Turqis\u00eb ti vizitoj\u00eb kto tri komuna.<\/p>\n<p>\n\tAmbasadori i Turqis\u00eb n\u00eb Serbi, Kemal Bozaj, ka shprehur gatishm\u00ebrin\u00eb e vendit t\u00eb tij p\u00ebr t\u00eb ndihmuar ekonomikisht qytetar\u00ebt \u00a0n\u00eb territorin e Preshev\u00ebs, Bujanocit dhe Medvegj\u00ebs.<\/p>\n<p>\n\t&quot;Turqia \u00ebsht\u00eb e gatshme p\u00ebr t\u00eb ndihmuar ekonomikisht\u00a0\u00a0 qytetar\u00ebt e ktyre tri komunave. Ndihma jon\u00eb do t\u00eb p\u00ebrq\u00ebndrohet n\u00eb arsim, sh\u00ebndet\u00ebsi dhe investimeve ekonomike, e cila do t\u00eb ndihmoj\u00eb t\u00eb krijoj\u00eb vende t\u00eb reja\u00a0 pune, &quot; ka deklaruar\u00a0 Bozaj.<\/p>\n<p>\n\tAmbasadori turk theksoi se kompanit\u00eb turke jan\u00eb t\u00eb \u00a0interesuara q\u00eb n\u00eb ket\u00eb\u00a0 rajon t\u00eb gjejn\u00eb partner\u00eb me t\u00eb cil\u00ebt bashk\u00ebrisht t\u00eb investojn\u00eb dhe t\u00eb krijojn\u00eb vende t\u00eb reja pune.<\/p>\n<p>\n\tStankovic pas takimit shprehu k\u00ebnaq\u00ebsin\u00eb me bisedimet me ambasadori turk, Bozaj,\u00a0 dhe me k\u00ebt\u00eb rast i dhuroi\u00a0 \u00a0librin e poezive t\u00eb Enes Haliloviq \u201e Gjethet mbi uj\u00eb\u201c\u00a0 t\u00eb p\u00ebrkthyera n\u00eb gjuh\u00ebn turke.<\/p>\n<p>\n\t\u00a0<\/p>\n","protected":false},"excerpt":{"rendered":"<p>Zoran Stankoviq, kryetari i Trupit Koordinues p\u00ebr komunat Preshev\u00eb, Bujanoc dhe Medvegj\u00eb ka pritur n\u00eb zyr\u00ebn e tij n\u00eb Bujanoc, ambasadorin e Turqis\u00eb n\u00eb Serbi, Kemal Bozaja.<\/p>\n","protected":false},"author":1,"featured_media":140574,"comment_status":"closed","ping_status":"closed","sticky":false,"template":"","format":"standard","meta":{"footnotes":""},"categories":[55],"tags":[],"class_list":["post-140569","post","type-post","status-publish","format-standard","has-post-thumbnail","hentry","category-lajme"],"yoast_head":"<!-- This site is optimized with the Yoast SEO plugin v27.5 - https:\/\/yoast.com\/product\/yoast-seo-wordpress\/ -->\n<title>KRYETARI I TRUPIT KOORDINUES PRITI AMBASADORIN E TURQISE - Republika e S\u00ebrbis\u00eb Trupi Koordinues p\u00ebr komunat Bujanoc, Preshev\u00eb dhe Medvegj\u00eb<\/title>\n<meta name=\"robots\" content=\"index, follow, max-snippet:-1, max-image-preview:large, max-video-preview:-1\" \/>\n<link rel=\"canonical\" href=\"https:\/\/kt.gov.rs\/sq\/kryetari-i-trupit-koordinues-priti-ambasadorin-e-turqise\/\" \/>\n<meta property=\"og:locale\" content=\"sq_AL\" \/>\n<meta property=\"og:type\" content=\"article\" \/>\n<meta property=\"og:title\" content=\"KRYETARI I TRUPIT KOORDINUES PRITI AMBASADORIN E TURQISE - Republika e S\u00ebrbis\u00eb Trupi Koordinues p\u00ebr komunat Bujanoc, Preshev\u00eb dhe Medvegj\u00eb\" \/>\n<meta property=\"og:description\" content=\"Zoran Stankoviq, kryetari i Trupit Koordinues p\u00ebr komunat Preshev\u00eb, Bujanoc dhe Medvegj\u00eb ka pritur n\u00eb zyr\u00ebn e tij n\u00eb Bujanoc, ambasadorin e Turqis\u00eb n\u00eb Serbi, Kemal Bozaja.\" \/>\n<meta property=\"og:url\" content=\"https:\/\/kt.gov.rs\/sq\/kryetari-i-trupit-koordinues-priti-ambasadorin-e-turqise\/\" \/>\n<meta property=\"og:site_name\" content=\"Republika e S\u00ebrbis\u00eb Trupi Koordinues p\u00ebr komunat Bujanoc, Preshev\u00eb dhe Medvegj\u00eb\" \/>\n<meta property=\"article:publisher\" content=\"https:\/\/www.facebook.com\/SluzbaKoordinacionogTelaVladeRepublikeSrbije\" \/>\n<meta property=\"article:published_time\" content=\"2013-09-04T00:00:00+00:00\" \/>\n<meta property=\"article:modified_time\" content=\"2024-07-30T20:15:19+00:00\" \/>\n<meta property=\"og:image\" content=\"https:\/\/kt.gov.rs\/wp-content\/uploads\/2024\/07\/newspic243v-5.jpg\" \/>\n\t<meta property=\"og:image:width\" content=\"315\" \/>\n\t<meta property=\"og:image:height\" content=\"180\" \/>\n\t<meta property=\"og:image:type\" content=\"image\/jpeg\" \/>\n<meta name=\"author\" content=\"ktmin\" \/>\n<meta name=\"twitter:card\" content=\"summary_large_image\" \/>\n<meta name=\"twitter:creator\" content=\"@kt_gov\" \/>\n<meta name=\"twitter:site\" content=\"@kt_gov\" \/>\n<meta name=\"twitter:label1\" content=\"Written by\" \/>\n\t<meta name=\"twitter:data1\" content=\"ktmin\" \/>\n\t<meta name=\"twitter:label2\" content=\"Est. reading time\" \/>\n\t<meta name=\"twitter:data2\" content=\"3 minutes\" \/>\n<script type=\"application\/ld+json\" class=\"yoast-schema-graph\">{\"@context\":\"https:\\\/\\\/schema.org\",\"@graph\":[{\"@type\":\"Article\",\"@id\":\"https:\\\/\\\/kt.gov.rs\\\/sq\\\/kryetari-i-trupit-koordinues-priti-ambasadorin-e-turqise\\\/#article\",\"isPartOf\":{\"@id\":\"https:\\\/\\\/kt.gov.rs\\\/sq\\\/kryetari-i-trupit-koordinues-priti-ambasadorin-e-turqise\\\/\"},\"author\":{\"name\":\"ktmin\",\"@id\":\"https:\\\/\\\/kt.gov.rs\\\/#\\\/schema\\\/person\\\/e426459ddb4173309103390602694571\"},\"headline\":\"KRYETARI I TRUPIT KOORDINUES PRITI AMBASADORIN E TURQISE\",\"datePublished\":\"2013-09-04T00:00:00+00:00\",\"dateModified\":\"2024-07-30T20:15:19+00:00\",\"mainEntityOfPage\":{\"@id\":\"https:\\\/\\\/kt.gov.rs\\\/sq\\\/kryetari-i-trupit-koordinues-priti-ambasadorin-e-turqise\\\/\"},\"wordCount\":516,\"publisher\":{\"@id\":\"https:\\\/\\\/kt.gov.rs\\\/#organization\"},\"image\":{\"@id\":\"https:\\\/\\\/kt.gov.rs\\\/sq\\\/kryetari-i-trupit-koordinues-priti-ambasadorin-e-turqise\\\/#primaryimage\"},\"thumbnailUrl\":\"https:\\\/\\\/kt.gov.rs\\\/wp-content\\\/uploads\\\/2024\\\/07\\\/newspic243v-5.jpg\",\"articleSection\":[\"Lajme\"],\"inLanguage\":\"sq-AL\"},{\"@type\":\"WebPage\",\"@id\":\"https:\\\/\\\/kt.gov.rs\\\/sq\\\/kryetari-i-trupit-koordinues-priti-ambasadorin-e-turqise\\\/\",\"url\":\"https:\\\/\\\/kt.gov.rs\\\/sq\\\/kryetari-i-trupit-koordinues-priti-ambasadorin-e-turqise\\\/\",\"name\":\"KRYETARI I TRUPIT KOORDINUES PRITI AMBASADORIN E TURQISE - Republika e S\u00ebrbis\u00eb Trupi Koordinues p\u00ebr komunat Bujanoc, Preshev\u00eb dhe Medvegj\u00eb\",\"isPartOf\":{\"@id\":\"https:\\\/\\\/kt.gov.rs\\\/#website\"},\"primaryImageOfPage\":{\"@id\":\"https:\\\/\\\/kt.gov.rs\\\/sq\\\/kryetari-i-trupit-koordinues-priti-ambasadorin-e-turqise\\\/#primaryimage\"},\"image\":{\"@id\":\"https:\\\/\\\/kt.gov.rs\\\/sq\\\/kryetari-i-trupit-koordinues-priti-ambasadorin-e-turqise\\\/#primaryimage\"},\"thumbnailUrl\":\"https:\\\/\\\/kt.gov.rs\\\/wp-content\\\/uploads\\\/2024\\\/07\\\/newspic243v-5.jpg\",\"datePublished\":\"2013-09-04T00:00:00+00:00\",\"dateModified\":\"2024-07-30T20:15:19+00:00\",\"breadcrumb\":{\"@id\":\"https:\\\/\\\/kt.gov.rs\\\/sq\\\/kryetari-i-trupit-koordinues-priti-ambasadorin-e-turqise\\\/#breadcrumb\"},\"inLanguage\":\"sq-AL\",\"potentialAction\":[{\"@type\":\"ReadAction\",\"target\":[\"https:\\\/\\\/kt.gov.rs\\\/sq\\\/kryetari-i-trupit-koordinues-priti-ambasadorin-e-turqise\\\/\"]}]},{\"@type\":\"ImageObject\",\"inLanguage\":\"sq-AL\",\"@id\":\"https:\\\/\\\/kt.gov.rs\\\/sq\\\/kryetari-i-trupit-koordinues-priti-ambasadorin-e-turqise\\\/#primaryimage\",\"url\":\"https:\\\/\\\/kt.gov.rs\\\/wp-content\\\/uploads\\\/2024\\\/07\\\/newspic243v-5.jpg\",\"contentUrl\":\"https:\\\/\\\/kt.gov.rs\\\/wp-content\\\/uploads\\\/2024\\\/07\\\/newspic243v-5.jpg\",\"width\":315,\"height\":180},{\"@type\":\"BreadcrumbList\",\"@id\":\"https:\\\/\\\/kt.gov.rs\\\/sq\\\/kryetari-i-trupit-koordinues-priti-ambasadorin-e-turqise\\\/#breadcrumb\",\"itemListElement\":[{\"@type\":\"ListItem\",\"position\":1,\"name\":\"\u041f\u043e\u0447\u0435\u0442\u043d\u0430\",\"item\":\"https:\\\/\\\/kt.gov.rs\\\/sq\\\/\"},{\"@type\":\"ListItem\",\"position\":2,\"name\":\"KRYETARI I TRUPIT KOORDINUES PRITI AMBASADORIN E TURQISE\"}]},{\"@type\":\"WebSite\",\"@id\":\"https:\\\/\\\/kt.gov.rs\\\/#website\",\"url\":\"https:\\\/\\\/kt.gov.rs\\\/\",\"name\":\"\u041a\u043e\u043e\u0440\u0434\u0438\u043d\u0430\u0446\u0438\u043e\u043d\u043e \u0442\u0435\u043b\u043e \u0412\u043b\u0430\u0434\u0435 \u0420\u0435\u043f\u0443\u0431\u043b\u0438\u043a\u0435 \u0421\u0440\u0431\u0438\u0458\u0435 \u0437\u0430 \u043e\u043f\u0448\u0442\u0438\u043d\u0435 \u041f\u0440\u0435\u0448\u0435\u0432\u043e, \u0411\u0443\u0458\u0430\u043d\u043e\u0432\u0430\u0446 \u0438 \u041c\u0435\u0434\u0432\u0435\u0452a\",\"description\":\"\",\"publisher\":{\"@id\":\"https:\\\/\\\/kt.gov.rs\\\/#organization\"},\"alternateName\":\"\u041a\u043e\u043e\u0440\u0434\u0438\u043d\u0430\u0446\u0438\u043e\u043d\u043e \u0442\u0435\u043b\u043e\",\"potentialAction\":[{\"@type\":\"SearchAction\",\"target\":{\"@type\":\"EntryPoint\",\"urlTemplate\":\"https:\\\/\\\/kt.gov.rs\\\/?s={search_term_string}\"},\"query-input\":{\"@type\":\"PropertyValueSpecification\",\"valueRequired\":true,\"valueName\":\"search_term_string\"}}],\"inLanguage\":\"sq-AL\"},{\"@type\":\"Organization\",\"@id\":\"https:\\\/\\\/kt.gov.rs\\\/#organization\",\"name\":\"\u041a\u043e\u043e\u0440\u0434\u0438\u043d\u0430\u0446\u0438\u043e\u043d\u043e \u0442\u0435\u043b\u043e \u0412\u043b\u0430\u0434\u0435 \u0420\u0435\u043f\u0443\u0431\u043b\u0438\u043a\u0435 \u0421\u0440\u0431\u0438\u0458\u0435 \u0437\u0430 \u043e\u043f\u0448\u0442\u0438\u043d\u0435 \u041f\u0440\u0435\u0448\u0435\u0432\u043e, \u0411\u0443\u0458\u0430\u043d\u043e\u0432\u0430\u0446 \u0438 \u041c\u0435\u0434\u0432\u0435\u0452a\",\"alternateName\":\"\u041a\u043e\u043e\u0440\u0434\u0438\u043d\u0430\u0446\u0438\u043e\u043d\u043e \u0442\u0435\u043b\u043e\",\"url\":\"https:\\\/\\\/kt.gov.rs\\\/\",\"logo\":{\"@type\":\"ImageObject\",\"inLanguage\":\"sq-AL\",\"@id\":\"https:\\\/\\\/kt.gov.rs\\\/#\\\/schema\\\/logo\\\/image\\\/\",\"url\":\"https:\\\/\\\/kt.gov.rs\\\/wp-content\\\/uploads\\\/2024\\\/12\\\/koord2.jpg\",\"contentUrl\":\"https:\\\/\\\/kt.gov.rs\\\/wp-content\\\/uploads\\\/2024\\\/12\\\/koord2.jpg\",\"width\":640,\"height\":480,\"caption\":\"\u041a\u043e\u043e\u0440\u0434\u0438\u043d\u0430\u0446\u0438\u043e\u043d\u043e \u0442\u0435\u043b\u043e \u0412\u043b\u0430\u0434\u0435 \u0420\u0435\u043f\u0443\u0431\u043b\u0438\u043a\u0435 \u0421\u0440\u0431\u0438\u0458\u0435 \u0437\u0430 \u043e\u043f\u0448\u0442\u0438\u043d\u0435 \u041f\u0440\u0435\u0448\u0435\u0432\u043e, \u0411\u0443\u0458\u0430\u043d\u043e\u0432\u0430\u0446 \u0438 \u041c\u0435\u0434\u0432\u0435\u0452a\"},\"image\":{\"@id\":\"https:\\\/\\\/kt.gov.rs\\\/#\\\/schema\\\/logo\\\/image\\\/\"},\"sameAs\":[\"https:\\\/\\\/www.facebook.com\\\/SluzbaKoordinacionogTelaVladeRepublikeSrbije\",\"https:\\\/\\\/x.com\\\/kt_gov\",\"https:\\\/\\\/www.youtube.com\\\/@koordinacionotelo\"]},{\"@type\":\"Person\",\"@id\":\"https:\\\/\\\/kt.gov.rs\\\/#\\\/schema\\\/person\\\/e426459ddb4173309103390602694571\",\"name\":\"ktmin\",\"image\":{\"@type\":\"ImageObject\",\"inLanguage\":\"sq-AL\",\"@id\":\"https:\\\/\\\/secure.gravatar.com\\\/avatar\\\/3985c961109853010c3fbc7ba30365bfba5db3dd6c525831d9c595c7525a615a?s=96&d=mm&r=g\",\"url\":\"https:\\\/\\\/secure.gravatar.com\\\/avatar\\\/3985c961109853010c3fbc7ba30365bfba5db3dd6c525831d9c595c7525a615a?s=96&d=mm&r=g\",\"contentUrl\":\"https:\\\/\\\/secure.gravatar.com\\\/avatar\\\/3985c961109853010c3fbc7ba30365bfba5db3dd6c525831d9c595c7525a615a?s=96&d=mm&r=g\",\"caption\":\"ktmin\"},\"sameAs\":[\"https:\\\/\\\/kt.gov.rs\"],\"url\":\"https:\\\/\\\/kt.gov.rs\\\/sq\\\/author\\\/ktmin\\\/\"}]}<\/script>\n<!-- \/ Yoast SEO plugin. -->","yoast_head_json":{"title":"KRYETARI I TRUPIT KOORDINUES PRITI AMBASADORIN E TURQISE - Republika e S\u00ebrbis\u00eb Trupi Koordinues p\u00ebr komunat Bujanoc, Preshev\u00eb dhe Medvegj\u00eb","robots":{"index":"index","follow":"follow","max-snippet":"max-snippet:-1","max-image-preview":"max-image-preview:large","max-video-preview":"max-video-preview:-1"},"canonical":"https:\/\/kt.gov.rs\/sq\/kryetari-i-trupit-koordinues-priti-ambasadorin-e-turqise\/","og_locale":"sq_AL","og_type":"article","og_title":"KRYETARI I TRUPIT KOORDINUES PRITI AMBASADORIN E TURQISE - Republika e S\u00ebrbis\u00eb Trupi Koordinues p\u00ebr komunat Bujanoc, Preshev\u00eb dhe Medvegj\u00eb","og_description":"Zoran Stankoviq, kryetari i Trupit Koordinues p\u00ebr komunat Preshev\u00eb, Bujanoc dhe Medvegj\u00eb ka pritur n\u00eb zyr\u00ebn e tij n\u00eb Bujanoc, ambasadorin e Turqis\u00eb n\u00eb Serbi, Kemal Bozaja.","og_url":"https:\/\/kt.gov.rs\/sq\/kryetari-i-trupit-koordinues-priti-ambasadorin-e-turqise\/","og_site_name":"Republika e S\u00ebrbis\u00eb Trupi Koordinues p\u00ebr komunat Bujanoc, Preshev\u00eb dhe Medvegj\u00eb","article_publisher":"https:\/\/www.facebook.com\/SluzbaKoordinacionogTelaVladeRepublikeSrbije","article_published_time":"2013-09-04T00:00:00+00:00","article_modified_time":"2024-07-30T20:15:19+00:00","og_image":[{"width":315,"height":180,"url":"https:\/\/kt.gov.rs\/wp-content\/uploads\/2024\/07\/newspic243v-5.jpg","type":"image\/jpeg"}],"author":"ktmin","twitter_card":"summary_large_image","twitter_creator":"@kt_gov","twitter_site":"@kt_gov","twitter_misc":{"Written by":"ktmin","Est. reading time":"3 minutes"},"schema":{"@context":"https:\/\/schema.org","@graph":[{"@type":"Article","@id":"https:\/\/kt.gov.rs\/sq\/kryetari-i-trupit-koordinues-priti-ambasadorin-e-turqise\/#article","isPartOf":{"@id":"https:\/\/kt.gov.rs\/sq\/kryetari-i-trupit-koordinues-priti-ambasadorin-e-turqise\/"},"author":{"name":"ktmin","@id":"https:\/\/kt.gov.rs\/#\/schema\/person\/e426459ddb4173309103390602694571"},"headline":"KRYETARI I TRUPIT KOORDINUES PRITI AMBASADORIN E TURQISE","datePublished":"2013-09-04T00:00:00+00:00","dateModified":"2024-07-30T20:15:19+00:00","mainEntityOfPage":{"@id":"https:\/\/kt.gov.rs\/sq\/kryetari-i-trupit-koordinues-priti-ambasadorin-e-turqise\/"},"wordCount":516,"publisher":{"@id":"https:\/\/kt.gov.rs\/#organization"},"image":{"@id":"https:\/\/kt.gov.rs\/sq\/kryetari-i-trupit-koordinues-priti-ambasadorin-e-turqise\/#primaryimage"},"thumbnailUrl":"https:\/\/kt.gov.rs\/wp-content\/uploads\/2024\/07\/newspic243v-5.jpg","articleSection":["Lajme"],"inLanguage":"sq-AL"},{"@type":"WebPage","@id":"https:\/\/kt.gov.rs\/sq\/kryetari-i-trupit-koordinues-priti-ambasadorin-e-turqise\/","url":"https:\/\/kt.gov.rs\/sq\/kryetari-i-trupit-koordinues-priti-ambasadorin-e-turqise\/","name":"KRYETARI I TRUPIT KOORDINUES PRITI AMBASADORIN E TURQISE - Republika e S\u00ebrbis\u00eb Trupi Koordinues p\u00ebr komunat Bujanoc, Preshev\u00eb dhe Medvegj\u00eb","isPartOf":{"@id":"https:\/\/kt.gov.rs\/#website"},"primaryImageOfPage":{"@id":"https:\/\/kt.gov.rs\/sq\/kryetari-i-trupit-koordinues-priti-ambasadorin-e-turqise\/#primaryimage"},"image":{"@id":"https:\/\/kt.gov.rs\/sq\/kryetari-i-trupit-koordinues-priti-ambasadorin-e-turqise\/#primaryimage"},"thumbnailUrl":"https:\/\/kt.gov.rs\/wp-content\/uploads\/2024\/07\/newspic243v-5.jpg","datePublished":"2013-09-04T00:00:00+00:00","dateModified":"2024-07-30T20:15:19+00:00","breadcrumb":{"@id":"https:\/\/kt.gov.rs\/sq\/kryetari-i-trupit-koordinues-priti-ambasadorin-e-turqise\/#breadcrumb"},"inLanguage":"sq-AL","potentialAction":[{"@type":"ReadAction","target":["https:\/\/kt.gov.rs\/sq\/kryetari-i-trupit-koordinues-priti-ambasadorin-e-turqise\/"]}]},{"@type":"ImageObject","inLanguage":"sq-AL","@id":"https:\/\/kt.gov.rs\/sq\/kryetari-i-trupit-koordinues-priti-ambasadorin-e-turqise\/#primaryimage","url":"https:\/\/kt.gov.rs\/wp-content\/uploads\/2024\/07\/newspic243v-5.jpg","contentUrl":"https:\/\/kt.gov.rs\/wp-content\/uploads\/2024\/07\/newspic243v-5.jpg","width":315,"height":180},{"@type":"BreadcrumbList","@id":"https:\/\/kt.gov.rs\/sq\/kryetari-i-trupit-koordinues-priti-ambasadorin-e-turqise\/#breadcrumb","itemListElement":[{"@type":"ListItem","position":1,"name":"\u041f\u043e\u0447\u0435\u0442\u043d\u0430","item":"https:\/\/kt.gov.rs\/sq\/"},{"@type":"ListItem","position":2,"name":"KRYETARI I TRUPIT KOORDINUES PRITI AMBASADORIN E TURQISE"}]},{"@type":"WebSite","@id":"https:\/\/kt.gov.rs\/#website","url":"https:\/\/kt.gov.rs\/","name":"\u041a\u043e\u043e\u0440\u0434\u0438\u043d\u0430\u0446\u0438\u043e\u043d\u043e \u0442\u0435\u043b\u043e \u0412\u043b\u0430\u0434\u0435 \u0420\u0435\u043f\u0443\u0431\u043b\u0438\u043a\u0435 \u0421\u0440\u0431\u0438\u0458\u0435 \u0437\u0430 \u043e\u043f\u0448\u0442\u0438\u043d\u0435 \u041f\u0440\u0435\u0448\u0435\u0432\u043e, \u0411\u0443\u0458\u0430\u043d\u043e\u0432\u0430\u0446 \u0438 \u041c\u0435\u0434\u0432\u0435\u0452a","description":"","publisher":{"@id":"https:\/\/kt.gov.rs\/#organization"},"alternateName":"\u041a\u043e\u043e\u0440\u0434\u0438\u043d\u0430\u0446\u0438\u043e\u043d\u043e \u0442\u0435\u043b\u043e","potentialAction":[{"@type":"SearchAction","target":{"@type":"EntryPoint","urlTemplate":"https:\/\/kt.gov.rs\/?s={search_term_string}"},"query-input":{"@type":"PropertyValueSpecification","valueRequired":true,"valueName":"search_term_string"}}],"inLanguage":"sq-AL"},{"@type":"Organization","@id":"https:\/\/kt.gov.rs\/#organization","name":"\u041a\u043e\u043e\u0440\u0434\u0438\u043d\u0430\u0446\u0438\u043e\u043d\u043e \u0442\u0435\u043b\u043e \u0412\u043b\u0430\u0434\u0435 \u0420\u0435\u043f\u0443\u0431\u043b\u0438\u043a\u0435 \u0421\u0440\u0431\u0438\u0458\u0435 \u0437\u0430 \u043e\u043f\u0448\u0442\u0438\u043d\u0435 \u041f\u0440\u0435\u0448\u0435\u0432\u043e, \u0411\u0443\u0458\u0430\u043d\u043e\u0432\u0430\u0446 \u0438 \u041c\u0435\u0434\u0432\u0435\u0452a","alternateName":"\u041a\u043e\u043e\u0440\u0434\u0438\u043d\u0430\u0446\u0438\u043e\u043d\u043e \u0442\u0435\u043b\u043e","url":"https:\/\/kt.gov.rs\/","logo":{"@type":"ImageObject","inLanguage":"sq-AL","@id":"https:\/\/kt.gov.rs\/#\/schema\/logo\/image\/","url":"https:\/\/kt.gov.rs\/wp-content\/uploads\/2024\/12\/koord2.jpg","contentUrl":"https:\/\/kt.gov.rs\/wp-content\/uploads\/2024\/12\/koord2.jpg","width":640,"height":480,"caption":"\u041a\u043e\u043e\u0440\u0434\u0438\u043d\u0430\u0446\u0438\u043e\u043d\u043e \u0442\u0435\u043b\u043e \u0412\u043b\u0430\u0434\u0435 \u0420\u0435\u043f\u0443\u0431\u043b\u0438\u043a\u0435 \u0421\u0440\u0431\u0438\u0458\u0435 \u0437\u0430 \u043e\u043f\u0448\u0442\u0438\u043d\u0435 \u041f\u0440\u0435\u0448\u0435\u0432\u043e, \u0411\u0443\u0458\u0430\u043d\u043e\u0432\u0430\u0446 \u0438 \u041c\u0435\u0434\u0432\u0435\u0452a"},"image":{"@id":"https:\/\/kt.gov.rs\/#\/schema\/logo\/image\/"},"sameAs":["https:\/\/www.facebook.com\/SluzbaKoordinacionogTelaVladeRepublikeSrbije","https:\/\/x.com\/kt_gov","https:\/\/www.youtube.com\/@koordinacionotelo"]},{"@type":"Person","@id":"https:\/\/kt.gov.rs\/#\/schema\/person\/e426459ddb4173309103390602694571","name":"ktmin","image":{"@type":"ImageObject","inLanguage":"sq-AL","@id":"https:\/\/secure.gravatar.com\/avatar\/3985c961109853010c3fbc7ba30365bfba5db3dd6c525831d9c595c7525a615a?s=96&d=mm&r=g","url":"https:\/\/secure.gravatar.com\/avatar\/3985c961109853010c3fbc7ba30365bfba5db3dd6c525831d9c595c7525a615a?s=96&d=mm&r=g","contentUrl":"https:\/\/secure.gravatar.com\/avatar\/3985c961109853010c3fbc7ba30365bfba5db3dd6c525831d9c595c7525a615a?s=96&d=mm&r=g","caption":"ktmin"},"sameAs":["https:\/\/kt.gov.rs"],"url":"https:\/\/kt.gov.rs\/sq\/author\/ktmin\/"}]}},"_links":{"self":[{"href":"https:\/\/kt.gov.rs\/sq\/wp-json\/wp\/v2\/posts\/140569","targetHints":{"allow":["GET"]}}],"collection":[{"href":"https:\/\/kt.gov.rs\/sq\/wp-json\/wp\/v2\/posts"}],"about":[{"href":"https:\/\/kt.gov.rs\/sq\/wp-json\/wp\/v2\/types\/post"}],"author":[{"embeddable":true,"href":"https:\/\/kt.gov.rs\/sq\/wp-json\/wp\/v2\/users\/1"}],"replies":[{"embeddable":true,"href":"https:\/\/kt.gov.rs\/sq\/wp-json\/wp\/v2\/comments?post=140569"}],"version-history":[{"count":1,"href":"https:\/\/kt.gov.rs\/sq\/wp-json\/wp\/v2\/posts\/140569\/revisions"}],"predecessor-version":[{"id":140573,"href":"https:\/\/kt.gov.rs\/sq\/wp-json\/wp\/v2\/posts\/140569\/revisions\/140573"}],"wp:featuredmedia":[{"embeddable":true,"href":"https:\/\/kt.gov.rs\/sq\/wp-json\/wp\/v2\/media\/140574"}],"wp:attachment":[{"href":"https:\/\/kt.gov.rs\/sq\/wp-json\/wp\/v2\/media?parent=140569"}],"wp:term":[{"taxonomy":"category","embeddable":true,"href":"https:\/\/kt.gov.rs\/sq\/wp-json\/wp\/v2\/categories?post=140569"},{"taxonomy":"post_tag","embeddable":true,"href":"https:\/\/kt.gov.rs\/sq\/wp-json\/wp\/v2\/tags?post=140569"}],"curies":[{"name":"wp","href":"https:\/\/api.w.org\/{rel}","templated":true}]}}