{"id":140528,"date":"2013-09-11T00:00:00","date_gmt":"2013-09-11T00:00:00","guid":{"rendered":"http:\/\/kt.printandscreen.rs\/stankoviqi-dhe-24-ambasadoret-e-osbe-se-ne-bujanoc\/"},"modified":"2024-07-30T20:15:15","modified_gmt":"2024-07-30T20:15:15","slug":"stankoviqi-dhe-24-ambasadoret-e-osbe-se-ne-bujanoc","status":"publish","type":"post","link":"https:\/\/kt.gov.rs\/sq\/stankoviqi-dhe-24-ambasadoret-e-osbe-se-ne-bujanoc\/","title":{"rendered":"STANKOVIQI DHE 24 AMBASADOR\u00cbT E OSBE- s\u00eb N\u00cb BUJANOC"},"content":{"rendered":"<p>\n\t<img decoding=\"async\" alt=\"\" src=\"https:\/\/kt.gov.rs\/wp-content\/uploads\/2024\/07\/newspic250v-4.jpg\" style=\"width: 315px; height: 180px; float: left;\" \/>Kryetari i Trupit Koordinues p\u00ebr komunat Preshev\u00eb, Bujanoc dhe Medvegj\u00eb, Zoran Stankoviq \u00ebsht\u00eb takuar me ambasador\u00ebt e vendeve antare t\u00eb OSBE- s\u00eb n\u00eb Bujanoc, dhe n\u00eb k\u00ebt\u00eb takim kan\u00eb qene t\u00eb pranish\u00ebm edhe lider\u00ebt politik serb dhe shqip\u00ebtar t\u00eb ktij regjioni.<\/p>\n<p>\n\t\u201eTakimi ka kaluar n\u00eb atmosfer\u00eb konstruktive, i kemi transmetuar se \u00e7ka \u00ebsht\u00eb punuar deri m\u00eb tash n\u00eb k\u00ebt\u00eb komuna n\u00eb fush\u00ebn e infrastruktur\u00ebs, arsimit, siguris\u00eb dhe gjitha \u00e7\u00ebshtjeve q\u00eb i p\u00ebrkasin jet\u00ebs dhe pun\u00ebs s\u00eb njerzve q\u00eb jetojn n\u00eb k\u00ebt\u00eb rajon, ka th\u00ebn\u00eb Stankoviq. Ai ka theksuar q\u00eb nuk egziston asnj\u00eb problem i cili do t\u00eb mund \u00a0t\u00eb nxis tension n\u00eb k\u00ebto vendbanime dhe ka shprehur t\u00eb priturat q\u00eb Qeveria e Serbis\u00eb n\u00eb koh\u00ebn sa m\u00eb t\u00eb af\u00ebrt do ti vazhdoj bisedimet me lider\u00ebt shqiptar n\u00eb zgjedhjen e Raportit shtat pik\u00ebsh i cili \u00ebsht\u00eb miratuar n\u00eb qershor.<\/p>\n<p>\n\tStankoviq ka th\u00ebne se takimi i paralajmruar m\u00ebpar me kryetarin e qeveris\u00eb Ivica Da\u00e7iq, me lider\u00ebt shqiptar, si\u00e7 e kemi theksuar se nd\u00ebrkoh ka biseduar n\u00ebnkryetari i par\u00eb i Qeveris, Aleksandar Vu\u00e7iq dhe ka shpjeguar faktin q\u00eb kryetari i Qeveris Serbis\u00eb ka pasur shum\u00eb angazhime n\u00eb Bruksel dhe se Qeveria e Republik\u00ebs Serbis\u00eb \u00ebsht\u00eb rikonstruktuar, dhe kjo e ka shtyr\u00eb takimin e shqiptar\u00ebve t\u00eb ktyre komunave.<\/p>\n<p>\n\t&quot;Do t\u00eb mundohemi q\u00eb n\u00eb periudh\u00ebn q\u00eb \u00ebsht\u00eb para nesh t\u00eb organizojm at\u00eb takim dhe q\u00eb s\u00ebpaku n\u00eb nj\u00eb tem\u00eb t\u00eb fillojm bisedat, n\u00ebse n\u00eb k\u00ebt\u00eb muaj at\u00ebher\u00eb n\u00eb muajin tjet\u00ebr. Ne nuk kemi m\u00eb koh\u00eb t\u00eb presim q\u00eb kto biseda t\u00eb shtyhen \u201c, ka th\u00ebn\u00eb Stankoviq.<\/p>\n<p>\n\t<img decoding=\"async\" alt=\"\" src=\"https:\/\/kt.gov.rs\/wp-content\/uploads\/2024\/07\/newspic251vv-2.jpg\" style=\"width: 640px; height: 325px; float: left;\" \/><\/p>\n<p>\n\t\u00a0<\/p>\n<p>\n\tAi ka th\u00ebn\u00eb q\u00eb \u00ebsht\u00eb e nevojshme, q\u00eb n\u00eb pranin\u00eb dhe shpjegimin e\u00a0 e gjith\u00eb ktyre aktivitetve q\u00eb i punojm me lider\u00ebt shqiptar, poshatu edhe me lider\u00ebt serb, q\u00eb t\u00eb kontribojm n\u00eb zgjidhjen e ktyre problemeve\u201c, q\u00eb t\u00eb kemi t\u00eb qart\u00eb n\u00eb at\u00eb se a mbizotron ligji dhe kush e rrespekton, e kush jo.<\/p>\n<p>\n\t\u201eVazhdimin e bisedave e kemi filluar se si pas 12 viteve, do t\u00eb kishim vendosur masa q\u00eb k\u00ebrkesat e shqiptar\u00ebve t\u00eb vendos\u00ebn n\u00eb kuad\u00ebr t\u00eb kushtetut\u00ebs, ligjeve t\u00eb Serbis\u00eb dhe konventave nd\u00ebrkombtare\u201c, ka theksuar kryetari i Trupit Koordinues.<\/p>\n<p>\n\tI pyetur se \u00e7ka e kan pyetur ambasador\u00ebt Stankoviq \u00ebsht\u00eb p\u00ebrgjigjur, se ambasadori i Gjermanis\u00eb n\u00eb OSBE e ka pyetur p\u00ebr strukturat e siguris\u00eb dhe efikasitetin e tyre.<\/p>\n<p>\n\t&quot;Ne kemi paraqitur t\u00eb dh\u00ebnat se n\u00eb vitin e kaluar kemi ndaluar 11.500 azilant nga vendet arabe t\u00eb cil\u00ebt kan\u00eb l\u00ebvizur kah Evropa Perendimore.Kemi th\u00ebn\u00eb se kjo \u00ebsht\u00eb nj\u00ebra nga rrug\u00ebt e transportit t\u00eb drog\u00ebs, arm\u00ebve i trafikimit me njer\u00ebz, duke i faleminderuar strukturave siguris\u00eb situata \u00ebsht\u00eb shum\u00eb e mir\u00eb&quot;, tha Stankoviq.<\/p>\n<p>\n\tKryetari i Trupit koordinues ka deklaruar se n\u00eb takimin nuk jan\u00eb d\u00ebgjuar k\u00ebrkesat e shqiptar\u00ebve nga jugu i shtetit q\u00eb t\u00eb p\u00ebrfitojn\u00eb t\u00eb njejtat t\u00eb drejta si serb\u00ebt n\u00eb veri t\u00eb Kosov\u00ebs dhe Metohis\u00eb.<\/p>\n<p>\n\t\u201cRreth k\u00ebsaj \u00ebsht\u00eb i ditur edhe q\u00ebndrimi yn\u00eb dhe i bashk\u00ebsis nd\u00ebrkombtare. Nuk ka asnj\u00eb lloj paralele kur \u00ebsht\u00eb fjala p\u00ebr veriun e Kosov\u00ebs dhe Metohis\u00eb dhe ktyre tri komunave , ka th\u00ebn\u00eb Stankoviq.<\/p>\n<p>\n\tAi mendon q\u00eb bisedat me lider\u00ebt shiqptar \u00ebsht\u00eb n\u00eb rrug\u00eb t\u00eb duhur drejt zgjidhjes s\u00eb pyetjeve t\u00eb hapura.<\/p>\n<p>\n\t<img decoding=\"async\" alt=\"\" src=\"https:\/\/kt.gov.rs\/wp-content\/uploads\/2024\/07\/newspic252vv-2.jpg\" style=\"width: 640px; height: 325px; float: left;\" \/><\/p>\n<p>\n\t\u00a0<\/p>\n<p>\n\tFotografit\u00eb e takimit mund ti shikoni \u00a0<a href=\"http:\/\/www.kt.gov.rs\/lt\/media\/vizita-e-25-ambasadoreve-te-vendeve-antare-te-osbe-se-ne-komunen-e-bujanocit\/photo\">k\u00ebtu<\/a><\/p>\n<p>\n\t\u00a0<\/p>\n<p>\n\t<iframe allowfullscreen=\"\" frameborder=\"0\" height=\"360\" src=\"\/\/www.youtube.com\/embed\/guXt5BYhw0c\" width=\"640\"><\/iframe><\/p>\n<p>\n\t\u00a0<\/p>\n<p>\n\t<iframe allowfullscreen=\"\" frameborder=\"0\" height=\"360\" src=\"\/\/www.youtube.com\/embed\/U1VZIyYQunY\" width=\"640\"><\/iframe><\/p>\n<p>\n\t\u00a0<\/p>\n","protected":false},"excerpt":{"rendered":"<p>Kryetari i Trupit Koordinues p\u00ebr komunat Preshev\u00eb, Bujanoc dhe Medvegj\u00eb, Zoran Stankoviq \u00ebsht\u00eb takuar me ambasador\u00ebt e vendeve antare t\u00eb OSBE- s\u00eb n\u00eb Bujanoc, dhe n\u00eb k\u00ebt\u00eb takim kan\u00eb qene t\u00eb pranish\u00ebm edhe lider\u00ebt politik serb dhe shqip\u00ebtar t\u00eb ktij regjioni.<\/p>\n","protected":false},"author":1,"featured_media":140539,"comment_status":"closed","ping_status":"closed","sticky":false,"template":"","format":"standard","meta":{"footnotes":""},"categories":[55],"tags":[],"class_list":["post-140528","post","type-post","status-publish","format-standard","has-post-thumbnail","hentry","category-lajme"],"yoast_head":"<!-- This site is optimized with the Yoast SEO plugin v27.5 - https:\/\/yoast.com\/product\/yoast-seo-wordpress\/ -->\n<title>STANKOVIQI DHE 24 AMBASADOR\u00cbT E OSBE- s\u00eb N\u00cb BUJANOC - Republika e S\u00ebrbis\u00eb Trupi Koordinues p\u00ebr komunat Bujanoc, Preshev\u00eb dhe Medvegj\u00eb<\/title>\n<meta name=\"robots\" content=\"index, follow, max-snippet:-1, max-image-preview:large, max-video-preview:-1\" \/>\n<link rel=\"canonical\" href=\"https:\/\/kt.gov.rs\/sq\/stankoviqi-dhe-24-ambasadoret-e-osbe-se-ne-bujanoc\/\" \/>\n<meta property=\"og:locale\" content=\"sq_AL\" \/>\n<meta property=\"og:type\" content=\"article\" \/>\n<meta property=\"og:title\" content=\"STANKOVIQI DHE 24 AMBASADOR\u00cbT E OSBE- s\u00eb N\u00cb BUJANOC - Republika e S\u00ebrbis\u00eb Trupi Koordinues p\u00ebr komunat Bujanoc, Preshev\u00eb dhe Medvegj\u00eb\" \/>\n<meta property=\"og:description\" content=\"Kryetari i Trupit Koordinues p\u00ebr komunat Preshev\u00eb, Bujanoc dhe Medvegj\u00eb, Zoran Stankoviq \u00ebsht\u00eb takuar me ambasador\u00ebt e vendeve antare t\u00eb OSBE- s\u00eb n\u00eb Bujanoc, dhe n\u00eb k\u00ebt\u00eb takim kan\u00eb qene t\u00eb pranish\u00ebm edhe lider\u00ebt politik serb dhe shqip\u00ebtar t\u00eb ktij regjioni.\" \/>\n<meta property=\"og:url\" content=\"https:\/\/kt.gov.rs\/sq\/stankoviqi-dhe-24-ambasadoret-e-osbe-se-ne-bujanoc\/\" \/>\n<meta property=\"og:site_name\" content=\"Republika e S\u00ebrbis\u00eb Trupi Koordinues p\u00ebr komunat Bujanoc, Preshev\u00eb dhe Medvegj\u00eb\" \/>\n<meta property=\"article:publisher\" content=\"https:\/\/www.facebook.com\/SluzbaKoordinacionogTelaVladeRepublikeSrbije\" \/>\n<meta property=\"article:published_time\" content=\"2013-09-11T00:00:00+00:00\" \/>\n<meta property=\"article:modified_time\" content=\"2024-07-30T20:15:15+00:00\" \/>\n<meta property=\"og:image\" content=\"https:\/\/kt.gov.rs\/wp-content\/uploads\/2024\/07\/newspic250v-5.jpg\" \/>\n\t<meta property=\"og:image:width\" content=\"315\" \/>\n\t<meta property=\"og:image:height\" content=\"180\" \/>\n\t<meta property=\"og:image:type\" content=\"image\/jpeg\" \/>\n<meta name=\"author\" content=\"ktmin\" \/>\n<meta name=\"twitter:card\" content=\"summary_large_image\" \/>\n<meta name=\"twitter:creator\" content=\"@kt_gov\" \/>\n<meta name=\"twitter:site\" content=\"@kt_gov\" \/>\n<meta name=\"twitter:label1\" content=\"Written by\" \/>\n\t<meta name=\"twitter:data1\" content=\"ktmin\" \/>\n\t<meta name=\"twitter:label2\" content=\"Est. reading time\" \/>\n\t<meta name=\"twitter:data2\" content=\"4 minutes\" \/>\n<script type=\"application\/ld+json\" class=\"yoast-schema-graph\">{\"@context\":\"https:\\\/\\\/schema.org\",\"@graph\":[{\"@type\":\"Article\",\"@id\":\"https:\\\/\\\/kt.gov.rs\\\/sq\\\/stankoviqi-dhe-24-ambasadoret-e-osbe-se-ne-bujanoc\\\/#article\",\"isPartOf\":{\"@id\":\"https:\\\/\\\/kt.gov.rs\\\/sq\\\/stankoviqi-dhe-24-ambasadoret-e-osbe-se-ne-bujanoc\\\/\"},\"author\":{\"name\":\"ktmin\",\"@id\":\"https:\\\/\\\/kt.gov.rs\\\/#\\\/schema\\\/person\\\/e426459ddb4173309103390602694571\"},\"headline\":\"STANKOVIQI DHE 24 AMBASADOR\u00cbT E OSBE- s\u00eb N\u00cb BUJANOC\",\"datePublished\":\"2013-09-11T00:00:00+00:00\",\"dateModified\":\"2024-07-30T20:15:15+00:00\",\"mainEntityOfPage\":{\"@id\":\"https:\\\/\\\/kt.gov.rs\\\/sq\\\/stankoviqi-dhe-24-ambasadoret-e-osbe-se-ne-bujanoc\\\/\"},\"wordCount\":832,\"publisher\":{\"@id\":\"https:\\\/\\\/kt.gov.rs\\\/#organization\"},\"image\":{\"@id\":\"https:\\\/\\\/kt.gov.rs\\\/sq\\\/stankoviqi-dhe-24-ambasadoret-e-osbe-se-ne-bujanoc\\\/#primaryimage\"},\"thumbnailUrl\":\"https:\\\/\\\/kt.gov.rs\\\/wp-content\\\/uploads\\\/2024\\\/07\\\/newspic250v-5.jpg\",\"articleSection\":[\"Lajme\"],\"inLanguage\":\"sq-AL\"},{\"@type\":\"WebPage\",\"@id\":\"https:\\\/\\\/kt.gov.rs\\\/sq\\\/stankoviqi-dhe-24-ambasadoret-e-osbe-se-ne-bujanoc\\\/\",\"url\":\"https:\\\/\\\/kt.gov.rs\\\/sq\\\/stankoviqi-dhe-24-ambasadoret-e-osbe-se-ne-bujanoc\\\/\",\"name\":\"STANKOVIQI DHE 24 AMBASADOR\u00cbT E OSBE- s\u00eb N\u00cb BUJANOC - Republika e S\u00ebrbis\u00eb Trupi Koordinues p\u00ebr komunat Bujanoc, Preshev\u00eb dhe Medvegj\u00eb\",\"isPartOf\":{\"@id\":\"https:\\\/\\\/kt.gov.rs\\\/#website\"},\"primaryImageOfPage\":{\"@id\":\"https:\\\/\\\/kt.gov.rs\\\/sq\\\/stankoviqi-dhe-24-ambasadoret-e-osbe-se-ne-bujanoc\\\/#primaryimage\"},\"image\":{\"@id\":\"https:\\\/\\\/kt.gov.rs\\\/sq\\\/stankoviqi-dhe-24-ambasadoret-e-osbe-se-ne-bujanoc\\\/#primaryimage\"},\"thumbnailUrl\":\"https:\\\/\\\/kt.gov.rs\\\/wp-content\\\/uploads\\\/2024\\\/07\\\/newspic250v-5.jpg\",\"datePublished\":\"2013-09-11T00:00:00+00:00\",\"dateModified\":\"2024-07-30T20:15:15+00:00\",\"breadcrumb\":{\"@id\":\"https:\\\/\\\/kt.gov.rs\\\/sq\\\/stankoviqi-dhe-24-ambasadoret-e-osbe-se-ne-bujanoc\\\/#breadcrumb\"},\"inLanguage\":\"sq-AL\",\"potentialAction\":[{\"@type\":\"ReadAction\",\"target\":[\"https:\\\/\\\/kt.gov.rs\\\/sq\\\/stankoviqi-dhe-24-ambasadoret-e-osbe-se-ne-bujanoc\\\/\"]}]},{\"@type\":\"ImageObject\",\"inLanguage\":\"sq-AL\",\"@id\":\"https:\\\/\\\/kt.gov.rs\\\/sq\\\/stankoviqi-dhe-24-ambasadoret-e-osbe-se-ne-bujanoc\\\/#primaryimage\",\"url\":\"https:\\\/\\\/kt.gov.rs\\\/wp-content\\\/uploads\\\/2024\\\/07\\\/newspic250v-5.jpg\",\"contentUrl\":\"https:\\\/\\\/kt.gov.rs\\\/wp-content\\\/uploads\\\/2024\\\/07\\\/newspic250v-5.jpg\",\"width\":315,\"height\":180},{\"@type\":\"BreadcrumbList\",\"@id\":\"https:\\\/\\\/kt.gov.rs\\\/sq\\\/stankoviqi-dhe-24-ambasadoret-e-osbe-se-ne-bujanoc\\\/#breadcrumb\",\"itemListElement\":[{\"@type\":\"ListItem\",\"position\":1,\"name\":\"\u041f\u043e\u0447\u0435\u0442\u043d\u0430\",\"item\":\"https:\\\/\\\/kt.gov.rs\\\/sq\\\/\"},{\"@type\":\"ListItem\",\"position\":2,\"name\":\"STANKOVIQI DHE 24 AMBASADOR\u00cbT E OSBE- s\u00eb N\u00cb BUJANOC\"}]},{\"@type\":\"WebSite\",\"@id\":\"https:\\\/\\\/kt.gov.rs\\\/#website\",\"url\":\"https:\\\/\\\/kt.gov.rs\\\/\",\"name\":\"\u041a\u043e\u043e\u0440\u0434\u0438\u043d\u0430\u0446\u0438\u043e\u043d\u043e \u0442\u0435\u043b\u043e \u0412\u043b\u0430\u0434\u0435 \u0420\u0435\u043f\u0443\u0431\u043b\u0438\u043a\u0435 \u0421\u0440\u0431\u0438\u0458\u0435 \u0437\u0430 \u043e\u043f\u0448\u0442\u0438\u043d\u0435 \u041f\u0440\u0435\u0448\u0435\u0432\u043e, \u0411\u0443\u0458\u0430\u043d\u043e\u0432\u0430\u0446 \u0438 \u041c\u0435\u0434\u0432\u0435\u0452a\",\"description\":\"\",\"publisher\":{\"@id\":\"https:\\\/\\\/kt.gov.rs\\\/#organization\"},\"alternateName\":\"\u041a\u043e\u043e\u0440\u0434\u0438\u043d\u0430\u0446\u0438\u043e\u043d\u043e \u0442\u0435\u043b\u043e\",\"potentialAction\":[{\"@type\":\"SearchAction\",\"target\":{\"@type\":\"EntryPoint\",\"urlTemplate\":\"https:\\\/\\\/kt.gov.rs\\\/?s={search_term_string}\"},\"query-input\":{\"@type\":\"PropertyValueSpecification\",\"valueRequired\":true,\"valueName\":\"search_term_string\"}}],\"inLanguage\":\"sq-AL\"},{\"@type\":\"Organization\",\"@id\":\"https:\\\/\\\/kt.gov.rs\\\/#organization\",\"name\":\"\u041a\u043e\u043e\u0440\u0434\u0438\u043d\u0430\u0446\u0438\u043e\u043d\u043e \u0442\u0435\u043b\u043e \u0412\u043b\u0430\u0434\u0435 \u0420\u0435\u043f\u0443\u0431\u043b\u0438\u043a\u0435 \u0421\u0440\u0431\u0438\u0458\u0435 \u0437\u0430 \u043e\u043f\u0448\u0442\u0438\u043d\u0435 \u041f\u0440\u0435\u0448\u0435\u0432\u043e, \u0411\u0443\u0458\u0430\u043d\u043e\u0432\u0430\u0446 \u0438 \u041c\u0435\u0434\u0432\u0435\u0452a\",\"alternateName\":\"\u041a\u043e\u043e\u0440\u0434\u0438\u043d\u0430\u0446\u0438\u043e\u043d\u043e \u0442\u0435\u043b\u043e\",\"url\":\"https:\\\/\\\/kt.gov.rs\\\/\",\"logo\":{\"@type\":\"ImageObject\",\"inLanguage\":\"sq-AL\",\"@id\":\"https:\\\/\\\/kt.gov.rs\\\/#\\\/schema\\\/logo\\\/image\\\/\",\"url\":\"https:\\\/\\\/kt.gov.rs\\\/wp-content\\\/uploads\\\/2024\\\/12\\\/koord2.jpg\",\"contentUrl\":\"https:\\\/\\\/kt.gov.rs\\\/wp-content\\\/uploads\\\/2024\\\/12\\\/koord2.jpg\",\"width\":640,\"height\":480,\"caption\":\"\u041a\u043e\u043e\u0440\u0434\u0438\u043d\u0430\u0446\u0438\u043e\u043d\u043e \u0442\u0435\u043b\u043e \u0412\u043b\u0430\u0434\u0435 \u0420\u0435\u043f\u0443\u0431\u043b\u0438\u043a\u0435 \u0421\u0440\u0431\u0438\u0458\u0435 \u0437\u0430 \u043e\u043f\u0448\u0442\u0438\u043d\u0435 \u041f\u0440\u0435\u0448\u0435\u0432\u043e, \u0411\u0443\u0458\u0430\u043d\u043e\u0432\u0430\u0446 \u0438 \u041c\u0435\u0434\u0432\u0435\u0452a\"},\"image\":{\"@id\":\"https:\\\/\\\/kt.gov.rs\\\/#\\\/schema\\\/logo\\\/image\\\/\"},\"sameAs\":[\"https:\\\/\\\/www.facebook.com\\\/SluzbaKoordinacionogTelaVladeRepublikeSrbije\",\"https:\\\/\\\/x.com\\\/kt_gov\",\"https:\\\/\\\/www.youtube.com\\\/@koordinacionotelo\"]},{\"@type\":\"Person\",\"@id\":\"https:\\\/\\\/kt.gov.rs\\\/#\\\/schema\\\/person\\\/e426459ddb4173309103390602694571\",\"name\":\"ktmin\",\"image\":{\"@type\":\"ImageObject\",\"inLanguage\":\"sq-AL\",\"@id\":\"https:\\\/\\\/secure.gravatar.com\\\/avatar\\\/3985c961109853010c3fbc7ba30365bfba5db3dd6c525831d9c595c7525a615a?s=96&d=mm&r=g\",\"url\":\"https:\\\/\\\/secure.gravatar.com\\\/avatar\\\/3985c961109853010c3fbc7ba30365bfba5db3dd6c525831d9c595c7525a615a?s=96&d=mm&r=g\",\"contentUrl\":\"https:\\\/\\\/secure.gravatar.com\\\/avatar\\\/3985c961109853010c3fbc7ba30365bfba5db3dd6c525831d9c595c7525a615a?s=96&d=mm&r=g\",\"caption\":\"ktmin\"},\"sameAs\":[\"https:\\\/\\\/kt.gov.rs\"],\"url\":\"https:\\\/\\\/kt.gov.rs\\\/sq\\\/author\\\/ktmin\\\/\"}]}<\/script>\n<!-- \/ Yoast SEO plugin. -->","yoast_head_json":{"title":"STANKOVIQI DHE 24 AMBASADOR\u00cbT E OSBE- s\u00eb N\u00cb BUJANOC - Republika e S\u00ebrbis\u00eb Trupi Koordinues p\u00ebr komunat Bujanoc, Preshev\u00eb dhe Medvegj\u00eb","robots":{"index":"index","follow":"follow","max-snippet":"max-snippet:-1","max-image-preview":"max-image-preview:large","max-video-preview":"max-video-preview:-1"},"canonical":"https:\/\/kt.gov.rs\/sq\/stankoviqi-dhe-24-ambasadoret-e-osbe-se-ne-bujanoc\/","og_locale":"sq_AL","og_type":"article","og_title":"STANKOVIQI DHE 24 AMBASADOR\u00cbT E OSBE- s\u00eb N\u00cb BUJANOC - Republika e S\u00ebrbis\u00eb Trupi Koordinues p\u00ebr komunat Bujanoc, Preshev\u00eb dhe Medvegj\u00eb","og_description":"Kryetari i Trupit Koordinues p\u00ebr komunat Preshev\u00eb, Bujanoc dhe Medvegj\u00eb, Zoran Stankoviq \u00ebsht\u00eb takuar me ambasador\u00ebt e vendeve antare t\u00eb OSBE- s\u00eb n\u00eb Bujanoc, dhe n\u00eb k\u00ebt\u00eb takim kan\u00eb qene t\u00eb pranish\u00ebm edhe lider\u00ebt politik serb dhe shqip\u00ebtar t\u00eb ktij regjioni.","og_url":"https:\/\/kt.gov.rs\/sq\/stankoviqi-dhe-24-ambasadoret-e-osbe-se-ne-bujanoc\/","og_site_name":"Republika e S\u00ebrbis\u00eb Trupi Koordinues p\u00ebr komunat Bujanoc, Preshev\u00eb dhe Medvegj\u00eb","article_publisher":"https:\/\/www.facebook.com\/SluzbaKoordinacionogTelaVladeRepublikeSrbije","article_published_time":"2013-09-11T00:00:00+00:00","article_modified_time":"2024-07-30T20:15:15+00:00","og_image":[{"width":315,"height":180,"url":"https:\/\/kt.gov.rs\/wp-content\/uploads\/2024\/07\/newspic250v-5.jpg","type":"image\/jpeg"}],"author":"ktmin","twitter_card":"summary_large_image","twitter_creator":"@kt_gov","twitter_site":"@kt_gov","twitter_misc":{"Written by":"ktmin","Est. reading time":"4 minutes"},"schema":{"@context":"https:\/\/schema.org","@graph":[{"@type":"Article","@id":"https:\/\/kt.gov.rs\/sq\/stankoviqi-dhe-24-ambasadoret-e-osbe-se-ne-bujanoc\/#article","isPartOf":{"@id":"https:\/\/kt.gov.rs\/sq\/stankoviqi-dhe-24-ambasadoret-e-osbe-se-ne-bujanoc\/"},"author":{"name":"ktmin","@id":"https:\/\/kt.gov.rs\/#\/schema\/person\/e426459ddb4173309103390602694571"},"headline":"STANKOVIQI DHE 24 AMBASADOR\u00cbT E OSBE- s\u00eb N\u00cb BUJANOC","datePublished":"2013-09-11T00:00:00+00:00","dateModified":"2024-07-30T20:15:15+00:00","mainEntityOfPage":{"@id":"https:\/\/kt.gov.rs\/sq\/stankoviqi-dhe-24-ambasadoret-e-osbe-se-ne-bujanoc\/"},"wordCount":832,"publisher":{"@id":"https:\/\/kt.gov.rs\/#organization"},"image":{"@id":"https:\/\/kt.gov.rs\/sq\/stankoviqi-dhe-24-ambasadoret-e-osbe-se-ne-bujanoc\/#primaryimage"},"thumbnailUrl":"https:\/\/kt.gov.rs\/wp-content\/uploads\/2024\/07\/newspic250v-5.jpg","articleSection":["Lajme"],"inLanguage":"sq-AL"},{"@type":"WebPage","@id":"https:\/\/kt.gov.rs\/sq\/stankoviqi-dhe-24-ambasadoret-e-osbe-se-ne-bujanoc\/","url":"https:\/\/kt.gov.rs\/sq\/stankoviqi-dhe-24-ambasadoret-e-osbe-se-ne-bujanoc\/","name":"STANKOVIQI DHE 24 AMBASADOR\u00cbT E OSBE- s\u00eb N\u00cb BUJANOC - Republika e S\u00ebrbis\u00eb Trupi Koordinues p\u00ebr komunat Bujanoc, Preshev\u00eb dhe Medvegj\u00eb","isPartOf":{"@id":"https:\/\/kt.gov.rs\/#website"},"primaryImageOfPage":{"@id":"https:\/\/kt.gov.rs\/sq\/stankoviqi-dhe-24-ambasadoret-e-osbe-se-ne-bujanoc\/#primaryimage"},"image":{"@id":"https:\/\/kt.gov.rs\/sq\/stankoviqi-dhe-24-ambasadoret-e-osbe-se-ne-bujanoc\/#primaryimage"},"thumbnailUrl":"https:\/\/kt.gov.rs\/wp-content\/uploads\/2024\/07\/newspic250v-5.jpg","datePublished":"2013-09-11T00:00:00+00:00","dateModified":"2024-07-30T20:15:15+00:00","breadcrumb":{"@id":"https:\/\/kt.gov.rs\/sq\/stankoviqi-dhe-24-ambasadoret-e-osbe-se-ne-bujanoc\/#breadcrumb"},"inLanguage":"sq-AL","potentialAction":[{"@type":"ReadAction","target":["https:\/\/kt.gov.rs\/sq\/stankoviqi-dhe-24-ambasadoret-e-osbe-se-ne-bujanoc\/"]}]},{"@type":"ImageObject","inLanguage":"sq-AL","@id":"https:\/\/kt.gov.rs\/sq\/stankoviqi-dhe-24-ambasadoret-e-osbe-se-ne-bujanoc\/#primaryimage","url":"https:\/\/kt.gov.rs\/wp-content\/uploads\/2024\/07\/newspic250v-5.jpg","contentUrl":"https:\/\/kt.gov.rs\/wp-content\/uploads\/2024\/07\/newspic250v-5.jpg","width":315,"height":180},{"@type":"BreadcrumbList","@id":"https:\/\/kt.gov.rs\/sq\/stankoviqi-dhe-24-ambasadoret-e-osbe-se-ne-bujanoc\/#breadcrumb","itemListElement":[{"@type":"ListItem","position":1,"name":"\u041f\u043e\u0447\u0435\u0442\u043d\u0430","item":"https:\/\/kt.gov.rs\/sq\/"},{"@type":"ListItem","position":2,"name":"STANKOVIQI DHE 24 AMBASADOR\u00cbT E OSBE- s\u00eb N\u00cb BUJANOC"}]},{"@type":"WebSite","@id":"https:\/\/kt.gov.rs\/#website","url":"https:\/\/kt.gov.rs\/","name":"\u041a\u043e\u043e\u0440\u0434\u0438\u043d\u0430\u0446\u0438\u043e\u043d\u043e \u0442\u0435\u043b\u043e \u0412\u043b\u0430\u0434\u0435 \u0420\u0435\u043f\u0443\u0431\u043b\u0438\u043a\u0435 \u0421\u0440\u0431\u0438\u0458\u0435 \u0437\u0430 \u043e\u043f\u0448\u0442\u0438\u043d\u0435 \u041f\u0440\u0435\u0448\u0435\u0432\u043e, \u0411\u0443\u0458\u0430\u043d\u043e\u0432\u0430\u0446 \u0438 \u041c\u0435\u0434\u0432\u0435\u0452a","description":"","publisher":{"@id":"https:\/\/kt.gov.rs\/#organization"},"alternateName":"\u041a\u043e\u043e\u0440\u0434\u0438\u043d\u0430\u0446\u0438\u043e\u043d\u043e \u0442\u0435\u043b\u043e","potentialAction":[{"@type":"SearchAction","target":{"@type":"EntryPoint","urlTemplate":"https:\/\/kt.gov.rs\/?s={search_term_string}"},"query-input":{"@type":"PropertyValueSpecification","valueRequired":true,"valueName":"search_term_string"}}],"inLanguage":"sq-AL"},{"@type":"Organization","@id":"https:\/\/kt.gov.rs\/#organization","name":"\u041a\u043e\u043e\u0440\u0434\u0438\u043d\u0430\u0446\u0438\u043e\u043d\u043e \u0442\u0435\u043b\u043e \u0412\u043b\u0430\u0434\u0435 \u0420\u0435\u043f\u0443\u0431\u043b\u0438\u043a\u0435 \u0421\u0440\u0431\u0438\u0458\u0435 \u0437\u0430 \u043e\u043f\u0448\u0442\u0438\u043d\u0435 \u041f\u0440\u0435\u0448\u0435\u0432\u043e, \u0411\u0443\u0458\u0430\u043d\u043e\u0432\u0430\u0446 \u0438 \u041c\u0435\u0434\u0432\u0435\u0452a","alternateName":"\u041a\u043e\u043e\u0440\u0434\u0438\u043d\u0430\u0446\u0438\u043e\u043d\u043e \u0442\u0435\u043b\u043e","url":"https:\/\/kt.gov.rs\/","logo":{"@type":"ImageObject","inLanguage":"sq-AL","@id":"https:\/\/kt.gov.rs\/#\/schema\/logo\/image\/","url":"https:\/\/kt.gov.rs\/wp-content\/uploads\/2024\/12\/koord2.jpg","contentUrl":"https:\/\/kt.gov.rs\/wp-content\/uploads\/2024\/12\/koord2.jpg","width":640,"height":480,"caption":"\u041a\u043e\u043e\u0440\u0434\u0438\u043d\u0430\u0446\u0438\u043e\u043d\u043e \u0442\u0435\u043b\u043e \u0412\u043b\u0430\u0434\u0435 \u0420\u0435\u043f\u0443\u0431\u043b\u0438\u043a\u0435 \u0421\u0440\u0431\u0438\u0458\u0435 \u0437\u0430 \u043e\u043f\u0448\u0442\u0438\u043d\u0435 \u041f\u0440\u0435\u0448\u0435\u0432\u043e, \u0411\u0443\u0458\u0430\u043d\u043e\u0432\u0430\u0446 \u0438 \u041c\u0435\u0434\u0432\u0435\u0452a"},"image":{"@id":"https:\/\/kt.gov.rs\/#\/schema\/logo\/image\/"},"sameAs":["https:\/\/www.facebook.com\/SluzbaKoordinacionogTelaVladeRepublikeSrbije","https:\/\/x.com\/kt_gov","https:\/\/www.youtube.com\/@koordinacionotelo"]},{"@type":"Person","@id":"https:\/\/kt.gov.rs\/#\/schema\/person\/e426459ddb4173309103390602694571","name":"ktmin","image":{"@type":"ImageObject","inLanguage":"sq-AL","@id":"https:\/\/secure.gravatar.com\/avatar\/3985c961109853010c3fbc7ba30365bfba5db3dd6c525831d9c595c7525a615a?s=96&d=mm&r=g","url":"https:\/\/secure.gravatar.com\/avatar\/3985c961109853010c3fbc7ba30365bfba5db3dd6c525831d9c595c7525a615a?s=96&d=mm&r=g","contentUrl":"https:\/\/secure.gravatar.com\/avatar\/3985c961109853010c3fbc7ba30365bfba5db3dd6c525831d9c595c7525a615a?s=96&d=mm&r=g","caption":"ktmin"},"sameAs":["https:\/\/kt.gov.rs"],"url":"https:\/\/kt.gov.rs\/sq\/author\/ktmin\/"}]}},"_links":{"self":[{"href":"https:\/\/kt.gov.rs\/sq\/wp-json\/wp\/v2\/posts\/140528","targetHints":{"allow":["GET"]}}],"collection":[{"href":"https:\/\/kt.gov.rs\/sq\/wp-json\/wp\/v2\/posts"}],"about":[{"href":"https:\/\/kt.gov.rs\/sq\/wp-json\/wp\/v2\/types\/post"}],"author":[{"embeddable":true,"href":"https:\/\/kt.gov.rs\/sq\/wp-json\/wp\/v2\/users\/1"}],"replies":[{"embeddable":true,"href":"https:\/\/kt.gov.rs\/sq\/wp-json\/wp\/v2\/comments?post=140528"}],"version-history":[{"count":1,"href":"https:\/\/kt.gov.rs\/sq\/wp-json\/wp\/v2\/posts\/140528\/revisions"}],"predecessor-version":[{"id":140538,"href":"https:\/\/kt.gov.rs\/sq\/wp-json\/wp\/v2\/posts\/140528\/revisions\/140538"}],"wp:featuredmedia":[{"embeddable":true,"href":"https:\/\/kt.gov.rs\/sq\/wp-json\/wp\/v2\/media\/140539"}],"wp:attachment":[{"href":"https:\/\/kt.gov.rs\/sq\/wp-json\/wp\/v2\/media?parent=140528"}],"wp:term":[{"taxonomy":"category","embeddable":true,"href":"https:\/\/kt.gov.rs\/sq\/wp-json\/wp\/v2\/categories?post=140528"},{"taxonomy":"post_tag","embeddable":true,"href":"https:\/\/kt.gov.rs\/sq\/wp-json\/wp\/v2\/tags?post=140528"}],"curies":[{"name":"wp","href":"https:\/\/api.w.org\/{rel}","templated":true}]}}