{"id":140511,"date":"2013-09-25T00:00:00","date_gmt":"2013-09-25T00:00:00","guid":{"rendered":"http:\/\/kt.printandscreen.rs\/rruga-qarkore-ternoc-bujanoc-me-kanalizim-dhe-asfalt-te-ri\/"},"modified":"2024-07-30T20:15:12","modified_gmt":"2024-07-30T20:15:12","slug":"rruga-qarkore-ternoc-bujanoc-me-kanalizim-dhe-asfalt-te-ri","status":"publish","type":"post","link":"https:\/\/kt.gov.rs\/sq\/rruga-qarkore-ternoc-bujanoc-me-kanalizim-dhe-asfalt-te-ri\/","title":{"rendered":"RRUGA QARKORE T\u00cbRNOC \u2013 BUJANOC ME KANALIZIM DHE ASFALT T\u00cb RI"},"content":{"rendered":"<p>\n\t<strong><img decoding=\"async\" alt=\"\" src=\"https:\/\/kt.gov.rs\/wp-content\/uploads\/2024\/07\/newspic260v-4.jpg\" style=\"width: 315px; height: 180px; float: left;\" \/>Kan\u00eb filluar punimet shtrirjen e rrjetit t\u00eb kanalizimit p\u00ebr uj\u00ebrat e zeza n\u00eb rrug\u00ebn qarkore T\u00ebrnoc \u2013 Bujanoc. Punimet jan\u00eb duke u ekzekutuar nga Firma \u201cAktros\u201d pasi kjo, si k\u00ebmbim q\u00eb ka marr\u00eb r\u00ebr\u00ebn nga territori i komun\u00ebs s\u00eb Bujanocit, p\u00ebr punimet n\u00eb autostrad\u00ebn e Korridorit 10.<\/strong><\/p>\n<p>\n\tSipas drejtorit t\u00eb Drejtoratit p\u00ebr nd\u00ebrtim, Agim Halitit, qeverisja e tashme p\u00ebr mes shkres\u00ebs ju \u00ebsht\u00eb p\u00ebrgjigjur se firma \u201cAktor\u201d nd\u00ebrton kanalizimin dhe asfalton rrug\u00ebn.<\/p>\n<p>\n\tAi thot\u00eb se kjo rrug\u00eb anash do t\u00eb ket\u00eb edhe bankina p\u00ebr k\u00ebmb\u00ebsor\u00ebt, derisa kjo pjes\u00eb e rrug\u00ebs shihet edhe si \u00a0zon\u00eb ekonomiko komerciale p\u00ebr objekte komerciale q\u00eb nuk e ndotin ambientin.<\/p>\n<p>\n\t\u00a0\u201c\u00cbsht\u00eb nj\u00eb projekt shum\u00eb i r\u00ebnd\u00ebsish\u00ebm sepse si\u00e7 dihet ajo rrug\u00eb ka qen\u00eb shum\u00eb e d\u00ebmtuar. Me realizimin e k\u00ebtij projekti qytetar\u00ebt do t\u00eb jen\u00eb t\u00eb k\u00ebnaqur, sidomos gjat\u00eb ver\u00ebs, kur ka frekuentim t\u00eb madh t\u00eb automjeteve q\u00eb shtohen si rezultat i ardhjes s\u00eb m\u00ebrgimtar\u00ebve n\u00eb vendlindje\u201d, p\u00ebrfundon Haliti.<\/p>\n<p>\n\t<strong>Burimi: Titulli<\/strong><\/p>\n<p>\n\t\u00a0<\/p>\n","protected":false},"excerpt":{"rendered":"<p>Kan\u00eb filluar punimet shtrirjen e rrjetit t\u00eb kanalizimit p\u00ebr uj\u00ebrat e zeza n\u00eb rrug\u00ebn qarkore T\u00ebrnoc \u2013 Bujanoc. Punimet jan\u00eb duke u ekzekutuar nga Firma \u201cAktros\u201d pasi kjo, si k\u00ebmbim q\u00eb ka marr\u00eb r\u00ebr\u00ebn nga territori i komun\u00ebs s\u00eb Bujanocit, p\u00ebr punimet n\u00eb autostrad\u00ebn e Korridorit 10.<\/p>\n","protected":false},"author":1,"featured_media":140516,"comment_status":"closed","ping_status":"closed","sticky":false,"template":"","format":"standard","meta":{"footnotes":""},"categories":[55],"tags":[],"class_list":["post-140511","post","type-post","status-publish","format-standard","has-post-thumbnail","hentry","category-lajme"],"yoast_head":"<!-- This site is optimized with the Yoast SEO plugin v27.5 - https:\/\/yoast.com\/product\/yoast-seo-wordpress\/ -->\n<title>RRUGA QARKORE T\u00cbRNOC \u2013 BUJANOC ME KANALIZIM DHE ASFALT T\u00cb RI - Republika e S\u00ebrbis\u00eb Trupi Koordinues p\u00ebr komunat Bujanoc, Preshev\u00eb dhe Medvegj\u00eb<\/title>\n<meta name=\"robots\" content=\"index, follow, max-snippet:-1, max-image-preview:large, max-video-preview:-1\" \/>\n<link rel=\"canonical\" href=\"https:\/\/kt.gov.rs\/sq\/rruga-qarkore-ternoc-bujanoc-me-kanalizim-dhe-asfalt-te-ri\/\" \/>\n<meta property=\"og:locale\" content=\"sq_AL\" \/>\n<meta property=\"og:type\" content=\"article\" \/>\n<meta property=\"og:title\" content=\"RRUGA QARKORE T\u00cbRNOC \u2013 BUJANOC ME KANALIZIM DHE ASFALT T\u00cb RI - Republika e S\u00ebrbis\u00eb Trupi Koordinues p\u00ebr komunat Bujanoc, Preshev\u00eb dhe Medvegj\u00eb\" \/>\n<meta property=\"og:description\" content=\"Kan\u00eb filluar punimet shtrirjen e rrjetit t\u00eb kanalizimit p\u00ebr uj\u00ebrat e zeza n\u00eb rrug\u00ebn qarkore T\u00ebrnoc \u2013 Bujanoc. Punimet jan\u00eb duke u ekzekutuar nga Firma \u201cAktros\u201d pasi kjo, si k\u00ebmbim q\u00eb ka marr\u00eb r\u00ebr\u00ebn nga territori i komun\u00ebs s\u00eb Bujanocit, p\u00ebr punimet n\u00eb autostrad\u00ebn e Korridorit 10.\" \/>\n<meta property=\"og:url\" content=\"https:\/\/kt.gov.rs\/sq\/rruga-qarkore-ternoc-bujanoc-me-kanalizim-dhe-asfalt-te-ri\/\" \/>\n<meta property=\"og:site_name\" content=\"Republika e S\u00ebrbis\u00eb Trupi Koordinues p\u00ebr komunat Bujanoc, Preshev\u00eb dhe Medvegj\u00eb\" \/>\n<meta property=\"article:publisher\" content=\"https:\/\/www.facebook.com\/SluzbaKoordinacionogTelaVladeRepublikeSrbije\" \/>\n<meta property=\"article:published_time\" content=\"2013-09-25T00:00:00+00:00\" \/>\n<meta property=\"article:modified_time\" content=\"2024-07-30T20:15:12+00:00\" \/>\n<meta property=\"og:image\" content=\"https:\/\/kt.gov.rs\/wp-content\/uploads\/2024\/07\/newspic260v-5.jpg\" \/>\n\t<meta property=\"og:image:width\" content=\"315\" \/>\n\t<meta property=\"og:image:height\" content=\"180\" \/>\n\t<meta property=\"og:image:type\" content=\"image\/jpeg\" \/>\n<meta name=\"author\" content=\"ktmin\" \/>\n<meta name=\"twitter:card\" content=\"summary_large_image\" \/>\n<meta name=\"twitter:creator\" content=\"@kt_gov\" \/>\n<meta name=\"twitter:site\" content=\"@kt_gov\" \/>\n<meta name=\"twitter:label1\" content=\"Written by\" \/>\n\t<meta name=\"twitter:data1\" content=\"ktmin\" \/>\n\t<meta name=\"twitter:label2\" content=\"Est. reading time\" \/>\n\t<meta name=\"twitter:data2\" content=\"1 minute\" \/>\n<script type=\"application\/ld+json\" class=\"yoast-schema-graph\">{\"@context\":\"https:\\\/\\\/schema.org\",\"@graph\":[{\"@type\":\"Article\",\"@id\":\"https:\\\/\\\/kt.gov.rs\\\/sq\\\/rruga-qarkore-ternoc-bujanoc-me-kanalizim-dhe-asfalt-te-ri\\\/#article\",\"isPartOf\":{\"@id\":\"https:\\\/\\\/kt.gov.rs\\\/sq\\\/rruga-qarkore-ternoc-bujanoc-me-kanalizim-dhe-asfalt-te-ri\\\/\"},\"author\":{\"name\":\"ktmin\",\"@id\":\"https:\\\/\\\/kt.gov.rs\\\/#\\\/schema\\\/person\\\/e426459ddb4173309103390602694571\"},\"headline\":\"RRUGA QARKORE T\u00cbRNOC \u2013 BUJANOC ME KANALIZIM DHE ASFALT T\u00cb RI\",\"datePublished\":\"2013-09-25T00:00:00+00:00\",\"dateModified\":\"2024-07-30T20:15:12+00:00\",\"mainEntityOfPage\":{\"@id\":\"https:\\\/\\\/kt.gov.rs\\\/sq\\\/rruga-qarkore-ternoc-bujanoc-me-kanalizim-dhe-asfalt-te-ri\\\/\"},\"wordCount\":277,\"publisher\":{\"@id\":\"https:\\\/\\\/kt.gov.rs\\\/#organization\"},\"image\":{\"@id\":\"https:\\\/\\\/kt.gov.rs\\\/sq\\\/rruga-qarkore-ternoc-bujanoc-me-kanalizim-dhe-asfalt-te-ri\\\/#primaryimage\"},\"thumbnailUrl\":\"https:\\\/\\\/kt.gov.rs\\\/wp-content\\\/uploads\\\/2024\\\/07\\\/newspic260v-5.jpg\",\"articleSection\":[\"Lajme\"],\"inLanguage\":\"sq-AL\"},{\"@type\":\"WebPage\",\"@id\":\"https:\\\/\\\/kt.gov.rs\\\/sq\\\/rruga-qarkore-ternoc-bujanoc-me-kanalizim-dhe-asfalt-te-ri\\\/\",\"url\":\"https:\\\/\\\/kt.gov.rs\\\/sq\\\/rruga-qarkore-ternoc-bujanoc-me-kanalizim-dhe-asfalt-te-ri\\\/\",\"name\":\"RRUGA QARKORE T\u00cbRNOC \u2013 BUJANOC ME KANALIZIM DHE ASFALT T\u00cb RI - Republika e S\u00ebrbis\u00eb Trupi Koordinues p\u00ebr komunat Bujanoc, Preshev\u00eb dhe Medvegj\u00eb\",\"isPartOf\":{\"@id\":\"https:\\\/\\\/kt.gov.rs\\\/#website\"},\"primaryImageOfPage\":{\"@id\":\"https:\\\/\\\/kt.gov.rs\\\/sq\\\/rruga-qarkore-ternoc-bujanoc-me-kanalizim-dhe-asfalt-te-ri\\\/#primaryimage\"},\"image\":{\"@id\":\"https:\\\/\\\/kt.gov.rs\\\/sq\\\/rruga-qarkore-ternoc-bujanoc-me-kanalizim-dhe-asfalt-te-ri\\\/#primaryimage\"},\"thumbnailUrl\":\"https:\\\/\\\/kt.gov.rs\\\/wp-content\\\/uploads\\\/2024\\\/07\\\/newspic260v-5.jpg\",\"datePublished\":\"2013-09-25T00:00:00+00:00\",\"dateModified\":\"2024-07-30T20:15:12+00:00\",\"breadcrumb\":{\"@id\":\"https:\\\/\\\/kt.gov.rs\\\/sq\\\/rruga-qarkore-ternoc-bujanoc-me-kanalizim-dhe-asfalt-te-ri\\\/#breadcrumb\"},\"inLanguage\":\"sq-AL\",\"potentialAction\":[{\"@type\":\"ReadAction\",\"target\":[\"https:\\\/\\\/kt.gov.rs\\\/sq\\\/rruga-qarkore-ternoc-bujanoc-me-kanalizim-dhe-asfalt-te-ri\\\/\"]}]},{\"@type\":\"ImageObject\",\"inLanguage\":\"sq-AL\",\"@id\":\"https:\\\/\\\/kt.gov.rs\\\/sq\\\/rruga-qarkore-ternoc-bujanoc-me-kanalizim-dhe-asfalt-te-ri\\\/#primaryimage\",\"url\":\"https:\\\/\\\/kt.gov.rs\\\/wp-content\\\/uploads\\\/2024\\\/07\\\/newspic260v-5.jpg\",\"contentUrl\":\"https:\\\/\\\/kt.gov.rs\\\/wp-content\\\/uploads\\\/2024\\\/07\\\/newspic260v-5.jpg\",\"width\":315,\"height\":180},{\"@type\":\"BreadcrumbList\",\"@id\":\"https:\\\/\\\/kt.gov.rs\\\/sq\\\/rruga-qarkore-ternoc-bujanoc-me-kanalizim-dhe-asfalt-te-ri\\\/#breadcrumb\",\"itemListElement\":[{\"@type\":\"ListItem\",\"position\":1,\"name\":\"\u041f\u043e\u0447\u0435\u0442\u043d\u0430\",\"item\":\"https:\\\/\\\/kt.gov.rs\\\/sq\\\/\"},{\"@type\":\"ListItem\",\"position\":2,\"name\":\"RRUGA QARKORE T\u00cbRNOC \u2013 BUJANOC ME KANALIZIM DHE ASFALT T\u00cb RI\"}]},{\"@type\":\"WebSite\",\"@id\":\"https:\\\/\\\/kt.gov.rs\\\/#website\",\"url\":\"https:\\\/\\\/kt.gov.rs\\\/\",\"name\":\"\u041a\u043e\u043e\u0440\u0434\u0438\u043d\u0430\u0446\u0438\u043e\u043d\u043e \u0442\u0435\u043b\u043e \u0412\u043b\u0430\u0434\u0435 \u0420\u0435\u043f\u0443\u0431\u043b\u0438\u043a\u0435 \u0421\u0440\u0431\u0438\u0458\u0435 \u0437\u0430 \u043e\u043f\u0448\u0442\u0438\u043d\u0435 \u041f\u0440\u0435\u0448\u0435\u0432\u043e, \u0411\u0443\u0458\u0430\u043d\u043e\u0432\u0430\u0446 \u0438 \u041c\u0435\u0434\u0432\u0435\u0452a\",\"description\":\"\",\"publisher\":{\"@id\":\"https:\\\/\\\/kt.gov.rs\\\/#organization\"},\"alternateName\":\"\u041a\u043e\u043e\u0440\u0434\u0438\u043d\u0430\u0446\u0438\u043e\u043d\u043e \u0442\u0435\u043b\u043e\",\"potentialAction\":[{\"@type\":\"SearchAction\",\"target\":{\"@type\":\"EntryPoint\",\"urlTemplate\":\"https:\\\/\\\/kt.gov.rs\\\/?s={search_term_string}\"},\"query-input\":{\"@type\":\"PropertyValueSpecification\",\"valueRequired\":true,\"valueName\":\"search_term_string\"}}],\"inLanguage\":\"sq-AL\"},{\"@type\":\"Organization\",\"@id\":\"https:\\\/\\\/kt.gov.rs\\\/#organization\",\"name\":\"\u041a\u043e\u043e\u0440\u0434\u0438\u043d\u0430\u0446\u0438\u043e\u043d\u043e \u0442\u0435\u043b\u043e \u0412\u043b\u0430\u0434\u0435 \u0420\u0435\u043f\u0443\u0431\u043b\u0438\u043a\u0435 \u0421\u0440\u0431\u0438\u0458\u0435 \u0437\u0430 \u043e\u043f\u0448\u0442\u0438\u043d\u0435 \u041f\u0440\u0435\u0448\u0435\u0432\u043e, \u0411\u0443\u0458\u0430\u043d\u043e\u0432\u0430\u0446 \u0438 \u041c\u0435\u0434\u0432\u0435\u0452a\",\"alternateName\":\"\u041a\u043e\u043e\u0440\u0434\u0438\u043d\u0430\u0446\u0438\u043e\u043d\u043e \u0442\u0435\u043b\u043e\",\"url\":\"https:\\\/\\\/kt.gov.rs\\\/\",\"logo\":{\"@type\":\"ImageObject\",\"inLanguage\":\"sq-AL\",\"@id\":\"https:\\\/\\\/kt.gov.rs\\\/#\\\/schema\\\/logo\\\/image\\\/\",\"url\":\"https:\\\/\\\/kt.gov.rs\\\/wp-content\\\/uploads\\\/2024\\\/12\\\/koord2.jpg\",\"contentUrl\":\"https:\\\/\\\/kt.gov.rs\\\/wp-content\\\/uploads\\\/2024\\\/12\\\/koord2.jpg\",\"width\":640,\"height\":480,\"caption\":\"\u041a\u043e\u043e\u0440\u0434\u0438\u043d\u0430\u0446\u0438\u043e\u043d\u043e \u0442\u0435\u043b\u043e \u0412\u043b\u0430\u0434\u0435 \u0420\u0435\u043f\u0443\u0431\u043b\u0438\u043a\u0435 \u0421\u0440\u0431\u0438\u0458\u0435 \u0437\u0430 \u043e\u043f\u0448\u0442\u0438\u043d\u0435 \u041f\u0440\u0435\u0448\u0435\u0432\u043e, \u0411\u0443\u0458\u0430\u043d\u043e\u0432\u0430\u0446 \u0438 \u041c\u0435\u0434\u0432\u0435\u0452a\"},\"image\":{\"@id\":\"https:\\\/\\\/kt.gov.rs\\\/#\\\/schema\\\/logo\\\/image\\\/\"},\"sameAs\":[\"https:\\\/\\\/www.facebook.com\\\/SluzbaKoordinacionogTelaVladeRepublikeSrbije\",\"https:\\\/\\\/x.com\\\/kt_gov\",\"https:\\\/\\\/www.youtube.com\\\/@koordinacionotelo\"]},{\"@type\":\"Person\",\"@id\":\"https:\\\/\\\/kt.gov.rs\\\/#\\\/schema\\\/person\\\/e426459ddb4173309103390602694571\",\"name\":\"ktmin\",\"image\":{\"@type\":\"ImageObject\",\"inLanguage\":\"sq-AL\",\"@id\":\"https:\\\/\\\/secure.gravatar.com\\\/avatar\\\/3985c961109853010c3fbc7ba30365bfba5db3dd6c525831d9c595c7525a615a?s=96&d=mm&r=g\",\"url\":\"https:\\\/\\\/secure.gravatar.com\\\/avatar\\\/3985c961109853010c3fbc7ba30365bfba5db3dd6c525831d9c595c7525a615a?s=96&d=mm&r=g\",\"contentUrl\":\"https:\\\/\\\/secure.gravatar.com\\\/avatar\\\/3985c961109853010c3fbc7ba30365bfba5db3dd6c525831d9c595c7525a615a?s=96&d=mm&r=g\",\"caption\":\"ktmin\"},\"sameAs\":[\"https:\\\/\\\/kt.gov.rs\"],\"url\":\"https:\\\/\\\/kt.gov.rs\\\/sq\\\/author\\\/ktmin\\\/\"}]}<\/script>\n<!-- \/ Yoast SEO plugin. -->","yoast_head_json":{"title":"RRUGA QARKORE T\u00cbRNOC \u2013 BUJANOC ME KANALIZIM DHE ASFALT T\u00cb RI - Republika e S\u00ebrbis\u00eb Trupi Koordinues p\u00ebr komunat Bujanoc, Preshev\u00eb dhe Medvegj\u00eb","robots":{"index":"index","follow":"follow","max-snippet":"max-snippet:-1","max-image-preview":"max-image-preview:large","max-video-preview":"max-video-preview:-1"},"canonical":"https:\/\/kt.gov.rs\/sq\/rruga-qarkore-ternoc-bujanoc-me-kanalizim-dhe-asfalt-te-ri\/","og_locale":"sq_AL","og_type":"article","og_title":"RRUGA QARKORE T\u00cbRNOC \u2013 BUJANOC ME KANALIZIM DHE ASFALT T\u00cb RI - Republika e S\u00ebrbis\u00eb Trupi Koordinues p\u00ebr komunat Bujanoc, Preshev\u00eb dhe Medvegj\u00eb","og_description":"Kan\u00eb filluar punimet shtrirjen e rrjetit t\u00eb kanalizimit p\u00ebr uj\u00ebrat e zeza n\u00eb rrug\u00ebn qarkore T\u00ebrnoc \u2013 Bujanoc. Punimet jan\u00eb duke u ekzekutuar nga Firma \u201cAktros\u201d pasi kjo, si k\u00ebmbim q\u00eb ka marr\u00eb r\u00ebr\u00ebn nga territori i komun\u00ebs s\u00eb Bujanocit, p\u00ebr punimet n\u00eb autostrad\u00ebn e Korridorit 10.","og_url":"https:\/\/kt.gov.rs\/sq\/rruga-qarkore-ternoc-bujanoc-me-kanalizim-dhe-asfalt-te-ri\/","og_site_name":"Republika e S\u00ebrbis\u00eb Trupi Koordinues p\u00ebr komunat Bujanoc, Preshev\u00eb dhe Medvegj\u00eb","article_publisher":"https:\/\/www.facebook.com\/SluzbaKoordinacionogTelaVladeRepublikeSrbije","article_published_time":"2013-09-25T00:00:00+00:00","article_modified_time":"2024-07-30T20:15:12+00:00","og_image":[{"width":315,"height":180,"url":"https:\/\/kt.gov.rs\/wp-content\/uploads\/2024\/07\/newspic260v-5.jpg","type":"image\/jpeg"}],"author":"ktmin","twitter_card":"summary_large_image","twitter_creator":"@kt_gov","twitter_site":"@kt_gov","twitter_misc":{"Written by":"ktmin","Est. reading time":"1 minute"},"schema":{"@context":"https:\/\/schema.org","@graph":[{"@type":"Article","@id":"https:\/\/kt.gov.rs\/sq\/rruga-qarkore-ternoc-bujanoc-me-kanalizim-dhe-asfalt-te-ri\/#article","isPartOf":{"@id":"https:\/\/kt.gov.rs\/sq\/rruga-qarkore-ternoc-bujanoc-me-kanalizim-dhe-asfalt-te-ri\/"},"author":{"name":"ktmin","@id":"https:\/\/kt.gov.rs\/#\/schema\/person\/e426459ddb4173309103390602694571"},"headline":"RRUGA QARKORE T\u00cbRNOC \u2013 BUJANOC ME KANALIZIM DHE ASFALT T\u00cb RI","datePublished":"2013-09-25T00:00:00+00:00","dateModified":"2024-07-30T20:15:12+00:00","mainEntityOfPage":{"@id":"https:\/\/kt.gov.rs\/sq\/rruga-qarkore-ternoc-bujanoc-me-kanalizim-dhe-asfalt-te-ri\/"},"wordCount":277,"publisher":{"@id":"https:\/\/kt.gov.rs\/#organization"},"image":{"@id":"https:\/\/kt.gov.rs\/sq\/rruga-qarkore-ternoc-bujanoc-me-kanalizim-dhe-asfalt-te-ri\/#primaryimage"},"thumbnailUrl":"https:\/\/kt.gov.rs\/wp-content\/uploads\/2024\/07\/newspic260v-5.jpg","articleSection":["Lajme"],"inLanguage":"sq-AL"},{"@type":"WebPage","@id":"https:\/\/kt.gov.rs\/sq\/rruga-qarkore-ternoc-bujanoc-me-kanalizim-dhe-asfalt-te-ri\/","url":"https:\/\/kt.gov.rs\/sq\/rruga-qarkore-ternoc-bujanoc-me-kanalizim-dhe-asfalt-te-ri\/","name":"RRUGA QARKORE T\u00cbRNOC \u2013 BUJANOC ME KANALIZIM DHE ASFALT T\u00cb RI - Republika e S\u00ebrbis\u00eb Trupi Koordinues p\u00ebr komunat Bujanoc, Preshev\u00eb dhe Medvegj\u00eb","isPartOf":{"@id":"https:\/\/kt.gov.rs\/#website"},"primaryImageOfPage":{"@id":"https:\/\/kt.gov.rs\/sq\/rruga-qarkore-ternoc-bujanoc-me-kanalizim-dhe-asfalt-te-ri\/#primaryimage"},"image":{"@id":"https:\/\/kt.gov.rs\/sq\/rruga-qarkore-ternoc-bujanoc-me-kanalizim-dhe-asfalt-te-ri\/#primaryimage"},"thumbnailUrl":"https:\/\/kt.gov.rs\/wp-content\/uploads\/2024\/07\/newspic260v-5.jpg","datePublished":"2013-09-25T00:00:00+00:00","dateModified":"2024-07-30T20:15:12+00:00","breadcrumb":{"@id":"https:\/\/kt.gov.rs\/sq\/rruga-qarkore-ternoc-bujanoc-me-kanalizim-dhe-asfalt-te-ri\/#breadcrumb"},"inLanguage":"sq-AL","potentialAction":[{"@type":"ReadAction","target":["https:\/\/kt.gov.rs\/sq\/rruga-qarkore-ternoc-bujanoc-me-kanalizim-dhe-asfalt-te-ri\/"]}]},{"@type":"ImageObject","inLanguage":"sq-AL","@id":"https:\/\/kt.gov.rs\/sq\/rruga-qarkore-ternoc-bujanoc-me-kanalizim-dhe-asfalt-te-ri\/#primaryimage","url":"https:\/\/kt.gov.rs\/wp-content\/uploads\/2024\/07\/newspic260v-5.jpg","contentUrl":"https:\/\/kt.gov.rs\/wp-content\/uploads\/2024\/07\/newspic260v-5.jpg","width":315,"height":180},{"@type":"BreadcrumbList","@id":"https:\/\/kt.gov.rs\/sq\/rruga-qarkore-ternoc-bujanoc-me-kanalizim-dhe-asfalt-te-ri\/#breadcrumb","itemListElement":[{"@type":"ListItem","position":1,"name":"\u041f\u043e\u0447\u0435\u0442\u043d\u0430","item":"https:\/\/kt.gov.rs\/sq\/"},{"@type":"ListItem","position":2,"name":"RRUGA QARKORE T\u00cbRNOC \u2013 BUJANOC ME KANALIZIM DHE ASFALT T\u00cb RI"}]},{"@type":"WebSite","@id":"https:\/\/kt.gov.rs\/#website","url":"https:\/\/kt.gov.rs\/","name":"\u041a\u043e\u043e\u0440\u0434\u0438\u043d\u0430\u0446\u0438\u043e\u043d\u043e \u0442\u0435\u043b\u043e \u0412\u043b\u0430\u0434\u0435 \u0420\u0435\u043f\u0443\u0431\u043b\u0438\u043a\u0435 \u0421\u0440\u0431\u0438\u0458\u0435 \u0437\u0430 \u043e\u043f\u0448\u0442\u0438\u043d\u0435 \u041f\u0440\u0435\u0448\u0435\u0432\u043e, \u0411\u0443\u0458\u0430\u043d\u043e\u0432\u0430\u0446 \u0438 \u041c\u0435\u0434\u0432\u0435\u0452a","description":"","publisher":{"@id":"https:\/\/kt.gov.rs\/#organization"},"alternateName":"\u041a\u043e\u043e\u0440\u0434\u0438\u043d\u0430\u0446\u0438\u043e\u043d\u043e \u0442\u0435\u043b\u043e","potentialAction":[{"@type":"SearchAction","target":{"@type":"EntryPoint","urlTemplate":"https:\/\/kt.gov.rs\/?s={search_term_string}"},"query-input":{"@type":"PropertyValueSpecification","valueRequired":true,"valueName":"search_term_string"}}],"inLanguage":"sq-AL"},{"@type":"Organization","@id":"https:\/\/kt.gov.rs\/#organization","name":"\u041a\u043e\u043e\u0440\u0434\u0438\u043d\u0430\u0446\u0438\u043e\u043d\u043e \u0442\u0435\u043b\u043e \u0412\u043b\u0430\u0434\u0435 \u0420\u0435\u043f\u0443\u0431\u043b\u0438\u043a\u0435 \u0421\u0440\u0431\u0438\u0458\u0435 \u0437\u0430 \u043e\u043f\u0448\u0442\u0438\u043d\u0435 \u041f\u0440\u0435\u0448\u0435\u0432\u043e, \u0411\u0443\u0458\u0430\u043d\u043e\u0432\u0430\u0446 \u0438 \u041c\u0435\u0434\u0432\u0435\u0452a","alternateName":"\u041a\u043e\u043e\u0440\u0434\u0438\u043d\u0430\u0446\u0438\u043e\u043d\u043e \u0442\u0435\u043b\u043e","url":"https:\/\/kt.gov.rs\/","logo":{"@type":"ImageObject","inLanguage":"sq-AL","@id":"https:\/\/kt.gov.rs\/#\/schema\/logo\/image\/","url":"https:\/\/kt.gov.rs\/wp-content\/uploads\/2024\/12\/koord2.jpg","contentUrl":"https:\/\/kt.gov.rs\/wp-content\/uploads\/2024\/12\/koord2.jpg","width":640,"height":480,"caption":"\u041a\u043e\u043e\u0440\u0434\u0438\u043d\u0430\u0446\u0438\u043e\u043d\u043e \u0442\u0435\u043b\u043e \u0412\u043b\u0430\u0434\u0435 \u0420\u0435\u043f\u0443\u0431\u043b\u0438\u043a\u0435 \u0421\u0440\u0431\u0438\u0458\u0435 \u0437\u0430 \u043e\u043f\u0448\u0442\u0438\u043d\u0435 \u041f\u0440\u0435\u0448\u0435\u0432\u043e, \u0411\u0443\u0458\u0430\u043d\u043e\u0432\u0430\u0446 \u0438 \u041c\u0435\u0434\u0432\u0435\u0452a"},"image":{"@id":"https:\/\/kt.gov.rs\/#\/schema\/logo\/image\/"},"sameAs":["https:\/\/www.facebook.com\/SluzbaKoordinacionogTelaVladeRepublikeSrbije","https:\/\/x.com\/kt_gov","https:\/\/www.youtube.com\/@koordinacionotelo"]},{"@type":"Person","@id":"https:\/\/kt.gov.rs\/#\/schema\/person\/e426459ddb4173309103390602694571","name":"ktmin","image":{"@type":"ImageObject","inLanguage":"sq-AL","@id":"https:\/\/secure.gravatar.com\/avatar\/3985c961109853010c3fbc7ba30365bfba5db3dd6c525831d9c595c7525a615a?s=96&d=mm&r=g","url":"https:\/\/secure.gravatar.com\/avatar\/3985c961109853010c3fbc7ba30365bfba5db3dd6c525831d9c595c7525a615a?s=96&d=mm&r=g","contentUrl":"https:\/\/secure.gravatar.com\/avatar\/3985c961109853010c3fbc7ba30365bfba5db3dd6c525831d9c595c7525a615a?s=96&d=mm&r=g","caption":"ktmin"},"sameAs":["https:\/\/kt.gov.rs"],"url":"https:\/\/kt.gov.rs\/sq\/author\/ktmin\/"}]}},"_links":{"self":[{"href":"https:\/\/kt.gov.rs\/sq\/wp-json\/wp\/v2\/posts\/140511","targetHints":{"allow":["GET"]}}],"collection":[{"href":"https:\/\/kt.gov.rs\/sq\/wp-json\/wp\/v2\/posts"}],"about":[{"href":"https:\/\/kt.gov.rs\/sq\/wp-json\/wp\/v2\/types\/post"}],"author":[{"embeddable":true,"href":"https:\/\/kt.gov.rs\/sq\/wp-json\/wp\/v2\/users\/1"}],"replies":[{"embeddable":true,"href":"https:\/\/kt.gov.rs\/sq\/wp-json\/wp\/v2\/comments?post=140511"}],"version-history":[{"count":1,"href":"https:\/\/kt.gov.rs\/sq\/wp-json\/wp\/v2\/posts\/140511\/revisions"}],"predecessor-version":[{"id":140515,"href":"https:\/\/kt.gov.rs\/sq\/wp-json\/wp\/v2\/posts\/140511\/revisions\/140515"}],"wp:featuredmedia":[{"embeddable":true,"href":"https:\/\/kt.gov.rs\/sq\/wp-json\/wp\/v2\/media\/140516"}],"wp:attachment":[{"href":"https:\/\/kt.gov.rs\/sq\/wp-json\/wp\/v2\/media?parent=140511"}],"wp:term":[{"taxonomy":"category","embeddable":true,"href":"https:\/\/kt.gov.rs\/sq\/wp-json\/wp\/v2\/categories?post=140511"},{"taxonomy":"post_tag","embeddable":true,"href":"https:\/\/kt.gov.rs\/sq\/wp-json\/wp\/v2\/tags?post=140511"}],"curies":[{"name":"wp","href":"https:\/\/api.w.org\/{rel}","templated":true}]}}