{"id":140495,"date":"2013-09-25T00:00:00","date_gmt":"2013-09-25T00:00:00","guid":{"rendered":"http:\/\/kt.printandscreen.rs\/vizita-e-kryetarit-te-trupit-koordinues-zoran-stankoviq-ne-komunen-e-medvegjes\/"},"modified":"2024-07-30T20:15:10","modified_gmt":"2024-07-30T20:15:10","slug":"vizita-e-kryetarit-te-trupit-koordinues-zoran-stankoviq-ne-komunen-e-medvegjes","status":"publish","type":"post","link":"https:\/\/kt.gov.rs\/sq\/vizita-e-kryetarit-te-trupit-koordinues-zoran-stankoviq-ne-komunen-e-medvegjes\/","title":{"rendered":"VIZITA E KRYETARIT TE TRUPIT KOORDINUES ZORAN STANKOVIQ NE KOMUN\u00cbN E MEDVEGJ\u00cbS"},"content":{"rendered":"<p>\n\t<img decoding=\"async\" alt=\"\" src=\"https:\/\/kt.gov.rs\/wp-content\/uploads\/2024\/07\/newspic263v-4.jpg\" style=\"width: 315px; height: 220px; float: left;\" \/>Kryetari i Trupit Koordinues i qeveris\u00eb s\u00eb Republik\u00ebs s\u00eb Serbis\u00eb p\u00ebr komunen e Preshev\u00ebs Bujanocit dhe Medvegj\u00ebs,Zoran Stankoviq,u takua dje me udh\u00ebheq\u00ebsit e komun\u00ebs s\u00eb Medvegj\u00ebs,dhe tem\u00eb kryesore ishte zhvillimi I aktiviteteve ekonomike n\u00eb komun\u00eb. N\u00eb lidhje me k\u00ebt\u00eb ,Stankoviqi tha se mbaroi afati p\u00ebr ndarjen e\u00a0 mjeteve materiale t\u00eb pakthyeshme p\u00ebr nd\u00ebrmarrjet e vogla dhe te mesme t\u00eb cilat promovojn\u00eb zhvillimin e sip\u00ebrmarrjes n\u00eb Medvegj\u00eb,ku ishin ndart\u00eb mjete me vler\u00eb rreth 12 miljon dinar\u00eb ku sip\u00ebrmarr\u00ebsit \u00a0e k\u00ebsaj komune do t\u00eb marrin mjetet pas kryerjes s\u00eb afatit p\u00ebr ankesa,e cila duhet t\u00eb skadoj\u00eb p\u00ebr 8 dit\u00eb.<\/p>\n<p>\n\tKryetari I Trupit Koordinues gjithashtu tha se duhet t\u00eb aktivizohet drejtimi i Mutivod\u00ebs,jo larg\u00eb Medvegj\u00ebs ,dhe se edhe atij duhet ti jipet i njejti status t\u00eb cilin e posedojn\u00eb Konculi dhe Merdarja.Stankoviqi theksoi gjithashtu edhe nevojen p\u00ebr p\u00ebrs\u00ebritjen e regjistrimit t\u00eb popullsis\u00eb n\u00eb k\u00ebto vendbanime,n\u00eb m\u00ebnyr\u00eb q\u00eb t\u00eb fitohet nj\u00eb pasqyr\u00eb m\u00eb e kjart\u00eb ne lidhje me at\u00eb se sa shqiptar\u00eb jetojn\u00eb ne Preshev\u00eb ,Bujanoc\u00eb dhe Medevegj\u00eb.<\/p>\n<p>\n\tStankoviqi bisedoi edhe me p\u00ebrfaq\u00ebsuesit e k\u00ebshilltar\u00ebve t\u00eb kuvendit t\u00eb Medvegj\u00ebs,dhe pastaj vizitoi fshatin Gajtan n\u00eb komun\u00ebn e Medvegj\u00ebs,kuu bisedoi p\u00ebr nd\u00ebrtimin e nj\u00eb rruge q\u00eb do t\u00eb lidh\u00eb komkun\u00ebn e Medvegj\u00ebs me Kurshumlij\u00ebnm ,p\u00ebrkat\u00ebshisht rrethin e Jabllanic\u00ebs dhe Toplloqkit.Me c\u2019rast ai premtoi fshatar\u00ebve ndihm\u00eb p\u00ebr nd\u00ebrtimin e rrug\u00ebve q\u00eb jan\u00eb t\u00eb nevojshme n\u00eb k\u00ebt\u00eb rajon.Vendas\u00ebt e k\u00ebtyre fshatrave me nevoj\u00ebiI apeluan p\u00ebr ndihm\u00eb trupit Koordinues dhe qeveris\u00eb s\u00eb Serbis\u00eb q\u00eb ti ndihmojn\u00eb n\u00eb nd\u00ebrtimin e rrug\u00ebs q\u00eb con n\u00eb Prollom banj\u00eb dhe rrugicat brenda n\u00eb fshat.<\/p>\n<p>\n\t\u2018\u2019Neve k\u00ebtu m\u00eb s\u00eb shumti na nevoiten rrug\u00ebt,sepse ato jan\u00eb n\u00eb gjendje katasatrofale.Duhet t\u00eb b\u00ebjm\u00eb rreth 15 kilometra rrug\u00eb t\u00eb asfaltuar.Ne kemi filluar t\u00eb punojm\u00eb me komun\u00ebn,kemi arritur t\u00eb b\u00ebjm\u00eb vet\u00ebm nj\u00eb pjes\u00eb t\u00eb rrug\u00ebs e cila \u00ebsht\u00eb e gjat\u00eb\u00a0 8 kilometra,por megjithat\u00eb kjo duhet te p\u00ebrfundohet,q\u00eb t\u00eb jet\u00eb afatgjat\u00eb\u2019\u2019tha kryetari I bashk\u00ebsis\u00eb lokale t\u00eb Gajtanit Stevan Zhugiq.<\/p>\n<p>\n\tKryetari I trupit Koordinues gjat\u00eb bised\u00ebs me vendasit tha se duhet t\u00eb nd\u00ebrtohen rrug\u00ebt n\u00eb m\u00ebnyr\u00eb q\u00eb t\u00eb krijohen kushte p\u00ebr investime t\u00eb biznesit n\u00eb k\u00ebt\u00eb zon\u00eb.<\/p>\n<p>\n\t\u2018\u2019Ka shum\u00eb plane nga ana e qeverisjes lokale p\u00ebr t\u00eb riparuar infrastruktur\u00ebn dhe un\u00eb i thash atyre se do ti ndihmojm\u00eb s\u00eb bashku me ministrit\u00eb p\u00ebrtkat\u00ebse ,duke e pasur parasysh\u00eb r\u00ebnd\u00ebsin\u00eb e k\u00ebsaj zone.Infrastruktura \u00ebsht\u00eb e nevojshme edhe p\u00ebr investime.N\u00eb t\u00eb ardhmen do t\u00eb kemi ide p\u00ebr hartimin e projekteve ne baz\u00eb t\u00eb planprogramit t\u00eb tyre dhe shpresoj\u00eb q\u00eb n\u00eb vitin e ardhsh\u00ebm do t\u00eb zgjidhim k\u00ebt\u00eb problem t\u00eb madh\u2019\u2019,deklaroi Stankoviqi.<\/p>\n<p>\n\tPas diskutimit me p\u00ebrfraq\u00ebsuesit e pushtetit vendor\u00eb,partive politike dhe vizit\u00ebs ne Gajtan,Zoran Stankoviqi ne Medvegj\u00eb eci edhe n\u00eb sheshin e renovuar koh\u00ebn e fundit ku edhe bisedoi me vendasit.<\/p>\n<p>\n\t<strong>Burimi:Trupi Koordinues<\/strong><\/p>\n<p>\n\t\u00a0<\/p>\n","protected":false},"excerpt":{"rendered":"<p>Kryetari i Trupit Koordinues i qeveris\u00eb s\u00eb Republik\u00ebs s\u00eb Serbis\u00eb p\u00ebr komunen e Preshev\u00ebs Bujanocit dhe Medvegj\u00ebs,Zoran Stankoviq,u takua dje me udh\u00ebheq\u00ebsit e komun\u00ebs s\u00eb Medvegj\u00ebs,dhe tem\u00eb kryesore ishte zhvillimi I aktiviteteve ekonomike n\u00eb komun\u00eb.<\/p>\n","protected":false},"author":1,"featured_media":140500,"comment_status":"closed","ping_status":"closed","sticky":false,"template":"","format":"standard","meta":{"footnotes":""},"categories":[55],"tags":[],"class_list":["post-140495","post","type-post","status-publish","format-standard","has-post-thumbnail","hentry","category-lajme"],"yoast_head":"<!-- This site is optimized with the Yoast SEO plugin v27.5 - https:\/\/yoast.com\/product\/yoast-seo-wordpress\/ -->\n<title>VIZITA E KRYETARIT TE TRUPIT KOORDINUES ZORAN STANKOVIQ NE KOMUN\u00cbN E MEDVEGJ\u00cbS - Republika e S\u00ebrbis\u00eb Trupi Koordinues p\u00ebr komunat Bujanoc, Preshev\u00eb dhe Medvegj\u00eb<\/title>\n<meta name=\"robots\" content=\"index, follow, max-snippet:-1, max-image-preview:large, max-video-preview:-1\" \/>\n<link rel=\"canonical\" href=\"https:\/\/kt.gov.rs\/sq\/vizita-e-kryetarit-te-trupit-koordinues-zoran-stankoviq-ne-komunen-e-medvegjes\/\" \/>\n<meta property=\"og:locale\" content=\"sq_AL\" \/>\n<meta property=\"og:type\" content=\"article\" \/>\n<meta property=\"og:title\" content=\"VIZITA E KRYETARIT TE TRUPIT KOORDINUES ZORAN STANKOVIQ NE KOMUN\u00cbN E MEDVEGJ\u00cbS - Republika e S\u00ebrbis\u00eb Trupi Koordinues p\u00ebr komunat Bujanoc, Preshev\u00eb dhe Medvegj\u00eb\" \/>\n<meta property=\"og:description\" content=\"Kryetari i Trupit Koordinues i qeveris\u00eb s\u00eb Republik\u00ebs s\u00eb Serbis\u00eb p\u00ebr komunen e Preshev\u00ebs Bujanocit dhe Medvegj\u00ebs,Zoran Stankoviq,u takua dje me udh\u00ebheq\u00ebsit e komun\u00ebs s\u00eb Medvegj\u00ebs,dhe tem\u00eb kryesore ishte zhvillimi I aktiviteteve ekonomike n\u00eb komun\u00eb.\" \/>\n<meta property=\"og:url\" content=\"https:\/\/kt.gov.rs\/sq\/vizita-e-kryetarit-te-trupit-koordinues-zoran-stankoviq-ne-komunen-e-medvegjes\/\" \/>\n<meta property=\"og:site_name\" content=\"Republika e S\u00ebrbis\u00eb Trupi Koordinues p\u00ebr komunat Bujanoc, Preshev\u00eb dhe Medvegj\u00eb\" \/>\n<meta property=\"article:publisher\" content=\"https:\/\/www.facebook.com\/SluzbaKoordinacionogTelaVladeRepublikeSrbije\" \/>\n<meta property=\"article:published_time\" content=\"2013-09-25T00:00:00+00:00\" \/>\n<meta property=\"article:modified_time\" content=\"2024-07-30T20:15:10+00:00\" \/>\n<meta property=\"og:image\" content=\"https:\/\/kt.gov.rs\/wp-content\/uploads\/2024\/07\/newspic263v-5.jpg\" \/>\n\t<meta property=\"og:image:width\" content=\"315\" \/>\n\t<meta property=\"og:image:height\" content=\"220\" \/>\n\t<meta property=\"og:image:type\" content=\"image\/jpeg\" \/>\n<meta name=\"author\" content=\"ktmin\" \/>\n<meta name=\"twitter:card\" content=\"summary_large_image\" \/>\n<meta name=\"twitter:creator\" content=\"@kt_gov\" \/>\n<meta name=\"twitter:site\" content=\"@kt_gov\" \/>\n<meta name=\"twitter:label1\" content=\"Written by\" \/>\n\t<meta name=\"twitter:data1\" content=\"ktmin\" \/>\n\t<meta name=\"twitter:label2\" content=\"Est. reading time\" \/>\n\t<meta name=\"twitter:data2\" content=\"4 minutes\" \/>\n<script type=\"application\/ld+json\" class=\"yoast-schema-graph\">{\"@context\":\"https:\\\/\\\/schema.org\",\"@graph\":[{\"@type\":\"Article\",\"@id\":\"https:\\\/\\\/kt.gov.rs\\\/sq\\\/vizita-e-kryetarit-te-trupit-koordinues-zoran-stankoviq-ne-komunen-e-medvegjes\\\/#article\",\"isPartOf\":{\"@id\":\"https:\\\/\\\/kt.gov.rs\\\/sq\\\/vizita-e-kryetarit-te-trupit-koordinues-zoran-stankoviq-ne-komunen-e-medvegjes\\\/\"},\"author\":{\"name\":\"ktmin\",\"@id\":\"https:\\\/\\\/kt.gov.rs\\\/#\\\/schema\\\/person\\\/e426459ddb4173309103390602694571\"},\"headline\":\"VIZITA E KRYETARIT TE TRUPIT KOORDINUES ZORAN STANKOVIQ NE KOMUN\u00cbN E MEDVEGJ\u00cbS\",\"datePublished\":\"2013-09-25T00:00:00+00:00\",\"dateModified\":\"2024-07-30T20:15:10+00:00\",\"mainEntityOfPage\":{\"@id\":\"https:\\\/\\\/kt.gov.rs\\\/sq\\\/vizita-e-kryetarit-te-trupit-koordinues-zoran-stankoviq-ne-komunen-e-medvegjes\\\/\"},\"wordCount\":777,\"publisher\":{\"@id\":\"https:\\\/\\\/kt.gov.rs\\\/#organization\"},\"image\":{\"@id\":\"https:\\\/\\\/kt.gov.rs\\\/sq\\\/vizita-e-kryetarit-te-trupit-koordinues-zoran-stankoviq-ne-komunen-e-medvegjes\\\/#primaryimage\"},\"thumbnailUrl\":\"https:\\\/\\\/kt.gov.rs\\\/wp-content\\\/uploads\\\/2024\\\/07\\\/newspic263v-5.jpg\",\"articleSection\":[\"Lajme\"],\"inLanguage\":\"sq-AL\"},{\"@type\":\"WebPage\",\"@id\":\"https:\\\/\\\/kt.gov.rs\\\/sq\\\/vizita-e-kryetarit-te-trupit-koordinues-zoran-stankoviq-ne-komunen-e-medvegjes\\\/\",\"url\":\"https:\\\/\\\/kt.gov.rs\\\/sq\\\/vizita-e-kryetarit-te-trupit-koordinues-zoran-stankoviq-ne-komunen-e-medvegjes\\\/\",\"name\":\"VIZITA E KRYETARIT TE TRUPIT KOORDINUES ZORAN STANKOVIQ NE KOMUN\u00cbN E MEDVEGJ\u00cbS - Republika e S\u00ebrbis\u00eb Trupi Koordinues p\u00ebr komunat Bujanoc, Preshev\u00eb dhe Medvegj\u00eb\",\"isPartOf\":{\"@id\":\"https:\\\/\\\/kt.gov.rs\\\/#website\"},\"primaryImageOfPage\":{\"@id\":\"https:\\\/\\\/kt.gov.rs\\\/sq\\\/vizita-e-kryetarit-te-trupit-koordinues-zoran-stankoviq-ne-komunen-e-medvegjes\\\/#primaryimage\"},\"image\":{\"@id\":\"https:\\\/\\\/kt.gov.rs\\\/sq\\\/vizita-e-kryetarit-te-trupit-koordinues-zoran-stankoviq-ne-komunen-e-medvegjes\\\/#primaryimage\"},\"thumbnailUrl\":\"https:\\\/\\\/kt.gov.rs\\\/wp-content\\\/uploads\\\/2024\\\/07\\\/newspic263v-5.jpg\",\"datePublished\":\"2013-09-25T00:00:00+00:00\",\"dateModified\":\"2024-07-30T20:15:10+00:00\",\"breadcrumb\":{\"@id\":\"https:\\\/\\\/kt.gov.rs\\\/sq\\\/vizita-e-kryetarit-te-trupit-koordinues-zoran-stankoviq-ne-komunen-e-medvegjes\\\/#breadcrumb\"},\"inLanguage\":\"sq-AL\",\"potentialAction\":[{\"@type\":\"ReadAction\",\"target\":[\"https:\\\/\\\/kt.gov.rs\\\/sq\\\/vizita-e-kryetarit-te-trupit-koordinues-zoran-stankoviq-ne-komunen-e-medvegjes\\\/\"]}]},{\"@type\":\"ImageObject\",\"inLanguage\":\"sq-AL\",\"@id\":\"https:\\\/\\\/kt.gov.rs\\\/sq\\\/vizita-e-kryetarit-te-trupit-koordinues-zoran-stankoviq-ne-komunen-e-medvegjes\\\/#primaryimage\",\"url\":\"https:\\\/\\\/kt.gov.rs\\\/wp-content\\\/uploads\\\/2024\\\/07\\\/newspic263v-5.jpg\",\"contentUrl\":\"https:\\\/\\\/kt.gov.rs\\\/wp-content\\\/uploads\\\/2024\\\/07\\\/newspic263v-5.jpg\",\"width\":315,\"height\":220},{\"@type\":\"BreadcrumbList\",\"@id\":\"https:\\\/\\\/kt.gov.rs\\\/sq\\\/vizita-e-kryetarit-te-trupit-koordinues-zoran-stankoviq-ne-komunen-e-medvegjes\\\/#breadcrumb\",\"itemListElement\":[{\"@type\":\"ListItem\",\"position\":1,\"name\":\"\u041f\u043e\u0447\u0435\u0442\u043d\u0430\",\"item\":\"https:\\\/\\\/kt.gov.rs\\\/sq\\\/\"},{\"@type\":\"ListItem\",\"position\":2,\"name\":\"VIZITA E KRYETARIT TE TRUPIT KOORDINUES ZORAN STANKOVIQ NE KOMUN\u00cbN E MEDVEGJ\u00cbS\"}]},{\"@type\":\"WebSite\",\"@id\":\"https:\\\/\\\/kt.gov.rs\\\/#website\",\"url\":\"https:\\\/\\\/kt.gov.rs\\\/\",\"name\":\"\u041a\u043e\u043e\u0440\u0434\u0438\u043d\u0430\u0446\u0438\u043e\u043d\u043e \u0442\u0435\u043b\u043e \u0412\u043b\u0430\u0434\u0435 \u0420\u0435\u043f\u0443\u0431\u043b\u0438\u043a\u0435 \u0421\u0440\u0431\u0438\u0458\u0435 \u0437\u0430 \u043e\u043f\u0448\u0442\u0438\u043d\u0435 \u041f\u0440\u0435\u0448\u0435\u0432\u043e, \u0411\u0443\u0458\u0430\u043d\u043e\u0432\u0430\u0446 \u0438 \u041c\u0435\u0434\u0432\u0435\u0452a\",\"description\":\"\",\"publisher\":{\"@id\":\"https:\\\/\\\/kt.gov.rs\\\/#organization\"},\"alternateName\":\"\u041a\u043e\u043e\u0440\u0434\u0438\u043d\u0430\u0446\u0438\u043e\u043d\u043e \u0442\u0435\u043b\u043e\",\"potentialAction\":[{\"@type\":\"SearchAction\",\"target\":{\"@type\":\"EntryPoint\",\"urlTemplate\":\"https:\\\/\\\/kt.gov.rs\\\/?s={search_term_string}\"},\"query-input\":{\"@type\":\"PropertyValueSpecification\",\"valueRequired\":true,\"valueName\":\"search_term_string\"}}],\"inLanguage\":\"sq-AL\"},{\"@type\":\"Organization\",\"@id\":\"https:\\\/\\\/kt.gov.rs\\\/#organization\",\"name\":\"\u041a\u043e\u043e\u0440\u0434\u0438\u043d\u0430\u0446\u0438\u043e\u043d\u043e \u0442\u0435\u043b\u043e \u0412\u043b\u0430\u0434\u0435 \u0420\u0435\u043f\u0443\u0431\u043b\u0438\u043a\u0435 \u0421\u0440\u0431\u0438\u0458\u0435 \u0437\u0430 \u043e\u043f\u0448\u0442\u0438\u043d\u0435 \u041f\u0440\u0435\u0448\u0435\u0432\u043e, \u0411\u0443\u0458\u0430\u043d\u043e\u0432\u0430\u0446 \u0438 \u041c\u0435\u0434\u0432\u0435\u0452a\",\"alternateName\":\"\u041a\u043e\u043e\u0440\u0434\u0438\u043d\u0430\u0446\u0438\u043e\u043d\u043e \u0442\u0435\u043b\u043e\",\"url\":\"https:\\\/\\\/kt.gov.rs\\\/\",\"logo\":{\"@type\":\"ImageObject\",\"inLanguage\":\"sq-AL\",\"@id\":\"https:\\\/\\\/kt.gov.rs\\\/#\\\/schema\\\/logo\\\/image\\\/\",\"url\":\"https:\\\/\\\/kt.gov.rs\\\/wp-content\\\/uploads\\\/2024\\\/12\\\/koord2.jpg\",\"contentUrl\":\"https:\\\/\\\/kt.gov.rs\\\/wp-content\\\/uploads\\\/2024\\\/12\\\/koord2.jpg\",\"width\":640,\"height\":480,\"caption\":\"\u041a\u043e\u043e\u0440\u0434\u0438\u043d\u0430\u0446\u0438\u043e\u043d\u043e \u0442\u0435\u043b\u043e \u0412\u043b\u0430\u0434\u0435 \u0420\u0435\u043f\u0443\u0431\u043b\u0438\u043a\u0435 \u0421\u0440\u0431\u0438\u0458\u0435 \u0437\u0430 \u043e\u043f\u0448\u0442\u0438\u043d\u0435 \u041f\u0440\u0435\u0448\u0435\u0432\u043e, \u0411\u0443\u0458\u0430\u043d\u043e\u0432\u0430\u0446 \u0438 \u041c\u0435\u0434\u0432\u0435\u0452a\"},\"image\":{\"@id\":\"https:\\\/\\\/kt.gov.rs\\\/#\\\/schema\\\/logo\\\/image\\\/\"},\"sameAs\":[\"https:\\\/\\\/www.facebook.com\\\/SluzbaKoordinacionogTelaVladeRepublikeSrbije\",\"https:\\\/\\\/x.com\\\/kt_gov\",\"https:\\\/\\\/www.youtube.com\\\/@koordinacionotelo\"]},{\"@type\":\"Person\",\"@id\":\"https:\\\/\\\/kt.gov.rs\\\/#\\\/schema\\\/person\\\/e426459ddb4173309103390602694571\",\"name\":\"ktmin\",\"image\":{\"@type\":\"ImageObject\",\"inLanguage\":\"sq-AL\",\"@id\":\"https:\\\/\\\/secure.gravatar.com\\\/avatar\\\/3985c961109853010c3fbc7ba30365bfba5db3dd6c525831d9c595c7525a615a?s=96&d=mm&r=g\",\"url\":\"https:\\\/\\\/secure.gravatar.com\\\/avatar\\\/3985c961109853010c3fbc7ba30365bfba5db3dd6c525831d9c595c7525a615a?s=96&d=mm&r=g\",\"contentUrl\":\"https:\\\/\\\/secure.gravatar.com\\\/avatar\\\/3985c961109853010c3fbc7ba30365bfba5db3dd6c525831d9c595c7525a615a?s=96&d=mm&r=g\",\"caption\":\"ktmin\"},\"sameAs\":[\"https:\\\/\\\/kt.gov.rs\"],\"url\":\"https:\\\/\\\/kt.gov.rs\\\/sq\\\/author\\\/ktmin\\\/\"}]}<\/script>\n<!-- \/ Yoast SEO plugin. -->","yoast_head_json":{"title":"VIZITA E KRYETARIT TE TRUPIT KOORDINUES ZORAN STANKOVIQ NE KOMUN\u00cbN E MEDVEGJ\u00cbS - Republika e S\u00ebrbis\u00eb Trupi Koordinues p\u00ebr komunat Bujanoc, Preshev\u00eb dhe Medvegj\u00eb","robots":{"index":"index","follow":"follow","max-snippet":"max-snippet:-1","max-image-preview":"max-image-preview:large","max-video-preview":"max-video-preview:-1"},"canonical":"https:\/\/kt.gov.rs\/sq\/vizita-e-kryetarit-te-trupit-koordinues-zoran-stankoviq-ne-komunen-e-medvegjes\/","og_locale":"sq_AL","og_type":"article","og_title":"VIZITA E KRYETARIT TE TRUPIT KOORDINUES ZORAN STANKOVIQ NE KOMUN\u00cbN E MEDVEGJ\u00cbS - Republika e S\u00ebrbis\u00eb Trupi Koordinues p\u00ebr komunat Bujanoc, Preshev\u00eb dhe Medvegj\u00eb","og_description":"Kryetari i Trupit Koordinues i qeveris\u00eb s\u00eb Republik\u00ebs s\u00eb Serbis\u00eb p\u00ebr komunen e Preshev\u00ebs Bujanocit dhe Medvegj\u00ebs,Zoran Stankoviq,u takua dje me udh\u00ebheq\u00ebsit e komun\u00ebs s\u00eb Medvegj\u00ebs,dhe tem\u00eb kryesore ishte zhvillimi I aktiviteteve ekonomike n\u00eb komun\u00eb.","og_url":"https:\/\/kt.gov.rs\/sq\/vizita-e-kryetarit-te-trupit-koordinues-zoran-stankoviq-ne-komunen-e-medvegjes\/","og_site_name":"Republika e S\u00ebrbis\u00eb Trupi Koordinues p\u00ebr komunat Bujanoc, Preshev\u00eb dhe Medvegj\u00eb","article_publisher":"https:\/\/www.facebook.com\/SluzbaKoordinacionogTelaVladeRepublikeSrbije","article_published_time":"2013-09-25T00:00:00+00:00","article_modified_time":"2024-07-30T20:15:10+00:00","og_image":[{"width":315,"height":220,"url":"https:\/\/kt.gov.rs\/wp-content\/uploads\/2024\/07\/newspic263v-5.jpg","type":"image\/jpeg"}],"author":"ktmin","twitter_card":"summary_large_image","twitter_creator":"@kt_gov","twitter_site":"@kt_gov","twitter_misc":{"Written by":"ktmin","Est. reading time":"4 minutes"},"schema":{"@context":"https:\/\/schema.org","@graph":[{"@type":"Article","@id":"https:\/\/kt.gov.rs\/sq\/vizita-e-kryetarit-te-trupit-koordinues-zoran-stankoviq-ne-komunen-e-medvegjes\/#article","isPartOf":{"@id":"https:\/\/kt.gov.rs\/sq\/vizita-e-kryetarit-te-trupit-koordinues-zoran-stankoviq-ne-komunen-e-medvegjes\/"},"author":{"name":"ktmin","@id":"https:\/\/kt.gov.rs\/#\/schema\/person\/e426459ddb4173309103390602694571"},"headline":"VIZITA E KRYETARIT TE TRUPIT KOORDINUES ZORAN STANKOVIQ NE KOMUN\u00cbN E MEDVEGJ\u00cbS","datePublished":"2013-09-25T00:00:00+00:00","dateModified":"2024-07-30T20:15:10+00:00","mainEntityOfPage":{"@id":"https:\/\/kt.gov.rs\/sq\/vizita-e-kryetarit-te-trupit-koordinues-zoran-stankoviq-ne-komunen-e-medvegjes\/"},"wordCount":777,"publisher":{"@id":"https:\/\/kt.gov.rs\/#organization"},"image":{"@id":"https:\/\/kt.gov.rs\/sq\/vizita-e-kryetarit-te-trupit-koordinues-zoran-stankoviq-ne-komunen-e-medvegjes\/#primaryimage"},"thumbnailUrl":"https:\/\/kt.gov.rs\/wp-content\/uploads\/2024\/07\/newspic263v-5.jpg","articleSection":["Lajme"],"inLanguage":"sq-AL"},{"@type":"WebPage","@id":"https:\/\/kt.gov.rs\/sq\/vizita-e-kryetarit-te-trupit-koordinues-zoran-stankoviq-ne-komunen-e-medvegjes\/","url":"https:\/\/kt.gov.rs\/sq\/vizita-e-kryetarit-te-trupit-koordinues-zoran-stankoviq-ne-komunen-e-medvegjes\/","name":"VIZITA E KRYETARIT TE TRUPIT KOORDINUES ZORAN STANKOVIQ NE KOMUN\u00cbN E MEDVEGJ\u00cbS - Republika e S\u00ebrbis\u00eb Trupi Koordinues p\u00ebr komunat Bujanoc, Preshev\u00eb dhe Medvegj\u00eb","isPartOf":{"@id":"https:\/\/kt.gov.rs\/#website"},"primaryImageOfPage":{"@id":"https:\/\/kt.gov.rs\/sq\/vizita-e-kryetarit-te-trupit-koordinues-zoran-stankoviq-ne-komunen-e-medvegjes\/#primaryimage"},"image":{"@id":"https:\/\/kt.gov.rs\/sq\/vizita-e-kryetarit-te-trupit-koordinues-zoran-stankoviq-ne-komunen-e-medvegjes\/#primaryimage"},"thumbnailUrl":"https:\/\/kt.gov.rs\/wp-content\/uploads\/2024\/07\/newspic263v-5.jpg","datePublished":"2013-09-25T00:00:00+00:00","dateModified":"2024-07-30T20:15:10+00:00","breadcrumb":{"@id":"https:\/\/kt.gov.rs\/sq\/vizita-e-kryetarit-te-trupit-koordinues-zoran-stankoviq-ne-komunen-e-medvegjes\/#breadcrumb"},"inLanguage":"sq-AL","potentialAction":[{"@type":"ReadAction","target":["https:\/\/kt.gov.rs\/sq\/vizita-e-kryetarit-te-trupit-koordinues-zoran-stankoviq-ne-komunen-e-medvegjes\/"]}]},{"@type":"ImageObject","inLanguage":"sq-AL","@id":"https:\/\/kt.gov.rs\/sq\/vizita-e-kryetarit-te-trupit-koordinues-zoran-stankoviq-ne-komunen-e-medvegjes\/#primaryimage","url":"https:\/\/kt.gov.rs\/wp-content\/uploads\/2024\/07\/newspic263v-5.jpg","contentUrl":"https:\/\/kt.gov.rs\/wp-content\/uploads\/2024\/07\/newspic263v-5.jpg","width":315,"height":220},{"@type":"BreadcrumbList","@id":"https:\/\/kt.gov.rs\/sq\/vizita-e-kryetarit-te-trupit-koordinues-zoran-stankoviq-ne-komunen-e-medvegjes\/#breadcrumb","itemListElement":[{"@type":"ListItem","position":1,"name":"\u041f\u043e\u0447\u0435\u0442\u043d\u0430","item":"https:\/\/kt.gov.rs\/sq\/"},{"@type":"ListItem","position":2,"name":"VIZITA E KRYETARIT TE TRUPIT KOORDINUES ZORAN STANKOVIQ NE KOMUN\u00cbN E MEDVEGJ\u00cbS"}]},{"@type":"WebSite","@id":"https:\/\/kt.gov.rs\/#website","url":"https:\/\/kt.gov.rs\/","name":"\u041a\u043e\u043e\u0440\u0434\u0438\u043d\u0430\u0446\u0438\u043e\u043d\u043e \u0442\u0435\u043b\u043e \u0412\u043b\u0430\u0434\u0435 \u0420\u0435\u043f\u0443\u0431\u043b\u0438\u043a\u0435 \u0421\u0440\u0431\u0438\u0458\u0435 \u0437\u0430 \u043e\u043f\u0448\u0442\u0438\u043d\u0435 \u041f\u0440\u0435\u0448\u0435\u0432\u043e, \u0411\u0443\u0458\u0430\u043d\u043e\u0432\u0430\u0446 \u0438 \u041c\u0435\u0434\u0432\u0435\u0452a","description":"","publisher":{"@id":"https:\/\/kt.gov.rs\/#organization"},"alternateName":"\u041a\u043e\u043e\u0440\u0434\u0438\u043d\u0430\u0446\u0438\u043e\u043d\u043e \u0442\u0435\u043b\u043e","potentialAction":[{"@type":"SearchAction","target":{"@type":"EntryPoint","urlTemplate":"https:\/\/kt.gov.rs\/?s={search_term_string}"},"query-input":{"@type":"PropertyValueSpecification","valueRequired":true,"valueName":"search_term_string"}}],"inLanguage":"sq-AL"},{"@type":"Organization","@id":"https:\/\/kt.gov.rs\/#organization","name":"\u041a\u043e\u043e\u0440\u0434\u0438\u043d\u0430\u0446\u0438\u043e\u043d\u043e \u0442\u0435\u043b\u043e \u0412\u043b\u0430\u0434\u0435 \u0420\u0435\u043f\u0443\u0431\u043b\u0438\u043a\u0435 \u0421\u0440\u0431\u0438\u0458\u0435 \u0437\u0430 \u043e\u043f\u0448\u0442\u0438\u043d\u0435 \u041f\u0440\u0435\u0448\u0435\u0432\u043e, \u0411\u0443\u0458\u0430\u043d\u043e\u0432\u0430\u0446 \u0438 \u041c\u0435\u0434\u0432\u0435\u0452a","alternateName":"\u041a\u043e\u043e\u0440\u0434\u0438\u043d\u0430\u0446\u0438\u043e\u043d\u043e \u0442\u0435\u043b\u043e","url":"https:\/\/kt.gov.rs\/","logo":{"@type":"ImageObject","inLanguage":"sq-AL","@id":"https:\/\/kt.gov.rs\/#\/schema\/logo\/image\/","url":"https:\/\/kt.gov.rs\/wp-content\/uploads\/2024\/12\/koord2.jpg","contentUrl":"https:\/\/kt.gov.rs\/wp-content\/uploads\/2024\/12\/koord2.jpg","width":640,"height":480,"caption":"\u041a\u043e\u043e\u0440\u0434\u0438\u043d\u0430\u0446\u0438\u043e\u043d\u043e \u0442\u0435\u043b\u043e \u0412\u043b\u0430\u0434\u0435 \u0420\u0435\u043f\u0443\u0431\u043b\u0438\u043a\u0435 \u0421\u0440\u0431\u0438\u0458\u0435 \u0437\u0430 \u043e\u043f\u0448\u0442\u0438\u043d\u0435 \u041f\u0440\u0435\u0448\u0435\u0432\u043e, \u0411\u0443\u0458\u0430\u043d\u043e\u0432\u0430\u0446 \u0438 \u041c\u0435\u0434\u0432\u0435\u0452a"},"image":{"@id":"https:\/\/kt.gov.rs\/#\/schema\/logo\/image\/"},"sameAs":["https:\/\/www.facebook.com\/SluzbaKoordinacionogTelaVladeRepublikeSrbije","https:\/\/x.com\/kt_gov","https:\/\/www.youtube.com\/@koordinacionotelo"]},{"@type":"Person","@id":"https:\/\/kt.gov.rs\/#\/schema\/person\/e426459ddb4173309103390602694571","name":"ktmin","image":{"@type":"ImageObject","inLanguage":"sq-AL","@id":"https:\/\/secure.gravatar.com\/avatar\/3985c961109853010c3fbc7ba30365bfba5db3dd6c525831d9c595c7525a615a?s=96&d=mm&r=g","url":"https:\/\/secure.gravatar.com\/avatar\/3985c961109853010c3fbc7ba30365bfba5db3dd6c525831d9c595c7525a615a?s=96&d=mm&r=g","contentUrl":"https:\/\/secure.gravatar.com\/avatar\/3985c961109853010c3fbc7ba30365bfba5db3dd6c525831d9c595c7525a615a?s=96&d=mm&r=g","caption":"ktmin"},"sameAs":["https:\/\/kt.gov.rs"],"url":"https:\/\/kt.gov.rs\/sq\/author\/ktmin\/"}]}},"_links":{"self":[{"href":"https:\/\/kt.gov.rs\/sq\/wp-json\/wp\/v2\/posts\/140495","targetHints":{"allow":["GET"]}}],"collection":[{"href":"https:\/\/kt.gov.rs\/sq\/wp-json\/wp\/v2\/posts"}],"about":[{"href":"https:\/\/kt.gov.rs\/sq\/wp-json\/wp\/v2\/types\/post"}],"author":[{"embeddable":true,"href":"https:\/\/kt.gov.rs\/sq\/wp-json\/wp\/v2\/users\/1"}],"replies":[{"embeddable":true,"href":"https:\/\/kt.gov.rs\/sq\/wp-json\/wp\/v2\/comments?post=140495"}],"version-history":[{"count":1,"href":"https:\/\/kt.gov.rs\/sq\/wp-json\/wp\/v2\/posts\/140495\/revisions"}],"predecessor-version":[{"id":140499,"href":"https:\/\/kt.gov.rs\/sq\/wp-json\/wp\/v2\/posts\/140495\/revisions\/140499"}],"wp:featuredmedia":[{"embeddable":true,"href":"https:\/\/kt.gov.rs\/sq\/wp-json\/wp\/v2\/media\/140500"}],"wp:attachment":[{"href":"https:\/\/kt.gov.rs\/sq\/wp-json\/wp\/v2\/media?parent=140495"}],"wp:term":[{"taxonomy":"category","embeddable":true,"href":"https:\/\/kt.gov.rs\/sq\/wp-json\/wp\/v2\/categories?post=140495"},{"taxonomy":"post_tag","embeddable":true,"href":"https:\/\/kt.gov.rs\/sq\/wp-json\/wp\/v2\/tags?post=140495"}],"curies":[{"name":"wp","href":"https:\/\/api.w.org\/{rel}","templated":true}]}}