{"id":140460,"date":"2013-10-01T00:00:00","date_gmt":"2013-10-01T00:00:00","guid":{"rendered":"http:\/\/kt.printandscreen.rs\/konkurs-per-ndarjen-e-bursave-nxenesve-te-shkollave-te-mesme-ne-komunat-e-presheves-bujanocit-dhe-medvegjes-per-periudhen-tetore-dhjetore-te-vitit-shkollore-2013-2014\/"},"modified":"2024-07-30T20:15:06","modified_gmt":"2024-07-30T20:15:06","slug":"konkurs-per-ndarjen-e-bursave-nxenesve-te-shkollave-te-mesme-ne-komunat-e-presheves-bujanocit-dhe-medvegjes-per-periudhen-tetore-dhjetore-te-vitit-shkollore-2013-2014","status":"publish","type":"post","link":"https:\/\/kt.gov.rs\/sq\/konkurs-per-ndarjen-e-bursave-nxenesve-te-shkollave-te-mesme-ne-komunat-e-presheves-bujanocit-dhe-medvegjes-per-periudhen-tetore-dhjetore-te-vitit-shkollore-2013-2014\/","title":{"rendered":"Konkurs p\u00ebr ndarjen e bursave nx\u00ebn\u00ebsve t\u00eb shkollave t\u00eb mesme n\u00eb komunat e Preshev\u00ebs, Bujanocit dhe Medvegj\u00ebs p\u00ebr periudh\u00ebn tetor\u00eb \u2013 dhjetor\u00eb t\u00eb vitit shkollor\u00eb 2013\/2014"},"content":{"rendered":"<p>\n\t<span style=\"font-size:12px;\"><img decoding=\"async\" alt=\"\" src=\"https:\/\/kt.gov.rs\/wp-content\/uploads\/2024\/07\/konkurs_pic020-12.jpg\" style=\"width: 640px; height: 360px; float: left;\" \/><\/span><\/p>\n<p>\n\t\u00a0<\/p>\n<p>\n\t<span style=\"font-size:12px;\">N\u00eb baz\u00eb t\u00eb vendimit t\u00eb Qeveris\u00eb 05 nr 401-651\/2013 nga 4 shkurti 2013, Sh\u00ebrbimi i Trupit Koordinues i Republik\u00ebs s\u00eb Serbis\u00eb p\u00ebr komunat e Preshev\u00ebs, Bujanocit dhe Medvegj\u00ebs (Teksti n\u00eb vijim Sh\u00ebrbimi i Trupit Koordinues), shpall\u00eb<\/span><\/p>\n<p align=\"center\">\n\t<span style=\"font-size:12px;\"><strong>K\u00a0 O\u00a0 N\u00a0 K\u00a0 U\u00a0 R\u00a0 S<\/strong><\/span><\/p>\n<p align=\"center\">\n\t<span style=\"font-size:12px;\"><strong>p\u00ebr ndarjen e bursave nx\u00ebn\u00ebsve t\u00eb shkollave t\u00eb mesme n\u00eb komunat e Preshev\u00ebs, Bujanocit dhe Medvegj\u00ebs p\u00ebr periudh\u00ebn tetor\u00eb \u2013 dhjetor\u00eb t\u00eb vitit shkollor\u00eb 2013\/2014<\/strong><\/span><\/p>\n<p>\n\t\u00a0<\/p>\n<p>\n\t<span style=\"font-size:12px;\"><strong>I <\/strong><strong>NUMRI I SHFYT\u00cbZUESVE DHE KUSHTET E KONKURSIT<\/strong><\/span><\/p>\n<p>\n\t<span style=\"font-size:12px;\">P\u00ebr nx\u00ebn\u00ebsit e shkollave t\u00eb mesme n\u00eb komunat e Preshev\u00ebs, Bujanocit dhe Medvegj\u00ebs, Sh\u00ebrbimi i Trupit Koordinues n\u00eb pajtueshm\u00ebri me Qeverin\u00eb e Republik\u00ebs s\u00eb Serbis\u00eb, p\u00ebr nx\u00ebn\u00ebsit e shkollave t\u00eb mesme ndan\u00eb burs\u00eb n\u00eb vler\u00eb mujore nga 6.000 dinar\u00eb n\u00eb periudh\u00ebn shkollore nga 1 tetori deri m\u00eb 31 dhjetor\u00eb t\u00eb vitit 2013. N\u00ebse sigurohen mjete, egziston mund\u00ebsia e dh\u00ebnies s\u00eb bursave deri n\u00eb mbarimin e viti shkollor\u00eb 2013\/2014.<\/span><\/p>\n<p>\n\t<span style=\"font-size:12px;\">\u00a0Kushtet e p\u00ebrgjithshme jan\u00eb, q\u00eb nx\u00ebn\u00ebsit t\u00eb jen\u00eb qytetar\u00eb t\u00eb Republik\u00ebs s\u00eb Serbis\u00eb dhe t\u00eb jen\u00eb banor\u00eb t\u00eb komunave t\u00eb lart\u00ebp\u00ebrmendura dhe p\u00ebr her\u00eb t\u00eb par\u00eb (t\u00eb mos ken\u00eb t\u00eb p\u00ebrs\u00ebritur asnj\u00eb vit shkollor\u00eb), t\u00eb jen\u00eb t\u00eb regjistruar n\u00eb shkoll\u00ebn e mesme si n\u00eb vitin e par\u00eb, dyt\u00eb, tret\u00eb dhe t\u00eb kat\u00ebrt t\u00eb vitin shkollor\u00eb 2013\/2014 ose n\u00eb nj\u00ebr\u00ebn nga shkollat e mesme t\u00eb cilat punojn\u00eb n\u00eb baz\u00eb t\u00eb vendimit t\u00eb Ministris\u00eb s\u00eb arsimit t\u00eb Republik\u00ebs s\u00eb Serbis\u00eb dhe q\u00eb shkollat t\u00eb gjinden n\u00eb teritorin e komun\u00ebs Preshev\u00ebs Bujanocit dhe Medvegj\u00ebs.<\/span><\/p>\n<p>\n\t<span style=\"font-size:12px;\">Kushti primar q\u00eb nx\u00ebn\u00ebsit t\u00eb konkurojn\u00eb p\u00ebr burs\u00eb \u00ebsht\u00eb q\u00eb n\u00eb vitin e m\u00ebparsh\u00ebm shkollor\u00eb t\u00eb ken\u00eb suksesin e mir\u00eb dhe q\u00eb gjat\u00eb shkollimit t\u00eb mos ken\u00eb p\u00ebrs\u00ebritur asnj\u00eb vit\u00eb shkollor\u00eb.<\/span><\/p>\n<p>\n\t<span style=\"font-size:12px;\">Nx\u00ebn\u00ebsit t\u00eb cil\u00ebt kan\u00eb realizuar t\u00eb drejt\u00ebn n\u00eb nj\u00ebr\u00ebn nga bursat p\u00ebr nx\u00ebn\u00ebs nga buxheti i Republik\u00ebs s\u00eb S\u00ebrbis\u00eb nuk kan\u00eb t\u00eb drejt\u00eb p\u00ebr burs\u00eb t\u00eb Sh\u00ebrbimit t\u00eb Trupit Koordinues, por n\u00ebse nd\u00ebrkoph\u00eb fitopjn\u00eb t\u00eb drejt\u00ebn e burs\u00ebs, jan\u00eb t\u00eb detyruar q\u00eb t\u00eb p\u00ebrcaktohen p\u00ebr nj\u00ebr\u00ebn nga bursat e ndara.<\/span><\/p>\n<p>\n\t\u00a0<\/p>\n<p>\n\t<span style=\"font-size:12px;\"><strong>II DOKUMENTAT E NEVOJSHME<\/strong><\/span><\/p>\n<ul>\n<li>\n\t\t<span style=\"font-size:12px;\">Lutja e plot\u00ebsuar p\u00ebr ndarjen e burs\u00ebs n\u00eb formularin e k\u00ebtij konkursi,<\/span><\/li>\n<li>\n\t\t<span style=\"font-size:12px;\">Qertifikat\u00ebn e n\u00ebnshtet\u00ebsis\u00eb s\u00eb Republik\u00ebs s\u00eb Serbis\u00eb (origjinali apo kopje e v\u00ebrtetuar)<\/span><\/li>\n<li>\n\t\t<span style=\"font-size:12px;\">Qertifikat\u00ebn nga libri am\u00eb i t\u00eb lindurve (origjinali apo kopje e v\u00ebrtetuar)<\/span><\/li>\n<li>\n\t\t<span style=\"font-size:12px;\">Kopja e d\u00ebftesave p\u00ebr t\u00eb gjitha vitet shkollore t\u00eb p\u00ebrfunduara, ku konstatohet se nx\u00ebn\u00ebsi nuk ka humbur asnj\u00eb vit t\u00eb deritanish\u00ebm shkollor\u00eb.<\/span><\/li>\n<li>\n\t\t<span style=\"font-size:12px;\">Qertifikata e vdekjes nga libri i vdekjes, n\u00ebse nuk kan\u00eb nj\u00ebrin apo t\u00eb dy prind\u00ebrit respektivisht v\u00ebrtetimin e kujdestaris\u00eb n\u00ebse nx\u00ebn\u00ebsi jeton tek kujdestari (origjinali apo kopje e v\u00ebrtetuar)<\/span><\/li>\n<li>\n\t\t<span style=\"font-size:12px;\">V\u00ebrtetimin e banimit n\u00eb komun\u00ebn e Preshev\u00ebs, Bujanocit apo Medvegj\u00ebs, t\u00eb cilat mund\u00eb t\u00eb merren n\u00eb organin e ministris\u00eb s\u00eb pun\u00ebve t\u00eb mbrendshme (MUP) ose n\u00ebse nx\u00ebn\u00ebsi posedon let\u00ebrnjoftimin, at\u00ebher nevojitet kopja e tij\u00eb,<\/span><\/li>\n<li>\n\t\t<span style=\"font-size:12px;\">V\u00ebrtetimi i t\u00eb ardhurave mesatare mujore nga cdo an\u00ebtar\u00eb i familjes nga organet komunale, p\u00ebr periudh\u00ebn prej 1 janarit deri m\u00eb 30 qershor\u00eb 2013<\/span><\/li>\n<li>\n\t\t<span style=\"font-size:12px;\">V\u00ebrtetimin t\u00eb cilin e jep shkolla mbi regjistrimin e nj\u00ebrin nga vitet shkollore n\u00eb vitin shkollor\u00eb 2013\/2014 n\u00eb komunat e Preshev\u00ebs, Bujanocit dhe Medvegj\u00ebs,vrejtje suksesin e klas\u00ebs s\u00eb p\u00ebrfunduar nj\u00eb vit m\u00eb par\u00eb (suksesin e\u00a0 klas\u00ebs s\u00eb tet\u00eb), n\u00ebse nx\u00ebn\u00ebsi regjistrohet p\u00ebr her\u00eb t\u00eb par\u00eb n\u00eb shkoll\u00eb t\u00eb mesme<\/span><\/li>\n<\/ul>\n<p>\n\t\u00a0<\/p>\n<p>\n\t<span style=\"font-size:12px;\"><strong>III<\/strong> <strong>AFATI I PARAQITJES DHE DOR\u00cbZIMIT T\u00cb DOKUMENTACIONIT<\/strong><\/span><\/p>\n<p>\n\t<span style=\"font-size:12px;\">Afati\u00a0 i paraqitjes p\u00ebr konkurs \u00ebsht\u00eb deri m\u00eb 16 tetor\u00eb 2013 ora 16:00<\/span><\/p>\n<p>\n\t<span style=\"font-size:12px;\">Lutja p\u00ebr ndarjen e burs\u00ebs dhe dokumentat t\u00eb cilat jan\u00eb\u00a0 cekur m\u00eb lart\u00eb dor\u00ebzohen n\u00eb Zyren e Trupit Koordinues n\u00eb Bujanoc, (rruga Karagjorgje Petroviq 115 zyra gjendet n\u00eb nd\u00ebrtes\u00ebn e komun\u00ebs), p\u00ebr nx\u00ebn\u00ebsit e shkollave t\u00eb mesme nga Presheva dor\u00ebzohen n\u00eb Zyren e Trupit Koordinues n\u00eb Preshev\u00eb (rruga Sava Kovaqeviq nr 12 n\u00eb Preshev\u00eb), nd\u00ebrsa p\u00ebr nx\u00ebn\u00ebsit e shkollave t\u00eb mesme nga komuna e Medvegj\u00ebs dor\u00ebzohen n\u00eb organet komunale n\u00eb Medvegj\u00eb (rruga Jabllani\u00e7ka 48). Organi i cili pranon lutjen, vulos me vul\u00ebn gjegj\u00ebse dhe me dat\u00ebn e dor\u00ebzimit t\u00eb dokumentacionit.<\/span><\/p>\n<p>\n\t<span style=\"font-size:12px;\">Dokumentat t\u00eb cilat nuk jan\u00eb t\u00eb plota dhe nuk jan\u00eb dor\u00ebzuar n\u00eb afatin e p\u00ebrcaktuar, nuk do t\u00eb merren parasysh\u00eb p\u00ebr ndarjen e burs\u00ebs.<\/span><\/p>\n<p>\n\t\u00a0<\/p>\n<p>\n\t<span style=\"font-size:12px;\"><strong>IV<\/strong> <strong>NDARJA<\/strong> <strong>E<\/strong> <strong>BURS<\/strong><strong>\u00cb<\/strong><strong>S<\/strong><\/span><\/p>\n<p>\n\t<span style=\"font-size:12px;\">Komisioni i p\u00ebrcakuar nga drejtoresha e Sh\u00ebrbimit t\u00eb Trupit Koordinues do t\u00eb rangoj\u00eb list\u00ebn e kandidat\u00ebve p\u00ebr ndarjen e bursave. Bursat do t\u00eb shp\u00ebrndahen n\u00eb m\u00ebnyr\u00eb proporcionale me numrin e nx\u00ebn\u00ebsve t\u00eb shkollave t\u00eb mesme n\u00eb nivel komunal.<\/span><\/p>\n<p>\n\t<span style=\"font-size:12px;\">Kriteriumi p\u00ebr hartimin e ranglist\u00ebs, p\u00ebrpos t\u00eb kushteve t\u00eb lart\u00ebp\u00ebrmendura do t\u00eb jet\u00eb:<\/span><\/p>\n<ul>\n<li>\n\t\t<span style=\"font-size:12px;\">Nx\u00ebn\u00ebsit q\u00eb jetojn\u00eb n\u00eb familjet t\u00eb cilat kan\u00eb t\u00eb ardhura mujore p\u00ebr antar\u00eb nga 0- 5.000,00 dinar\u00eb 30 poena<\/span><\/li>\n<li>\n\t\t<span style=\"font-size:12px;\">Nx\u00ebn\u00ebsit pa prind\u00ebr 25 poena<\/span><\/li>\n<li>\n\t\t<span style=\"font-size:12px;\">Nx\u00ebn\u00ebsit nga familjet jo t\u00eb plota (pa nj\u00ebrin prind\u00ebr) 20 poena,<\/span><\/li>\n<li>\n\t\t<span style=\"font-size:12px;\">Nx\u00ebn\u00ebsit t\u00eb cil\u00ebt jetojn\u00eb n\u00eb familjet q\u00eb realizojn\u00eb t\u00eb ardhura mujore p\u00ebr antar\u00eb t\u00eb familjes\u00a0 nga 5.001,00 \u2013 8.000,00 dinar\u00eb 15 poena<\/span><\/li>\n<li>\n\t\t<span style=\"font-size:12px;\">Nx\u00ebn\u00ebsit t\u00eb cil\u00ebt jetojn\u00eb n\u00eb familjet q\u00eb realizojn\u00eb t\u00eb ardhura mujore p\u00ebr antar\u00eb t\u00eb familjes nga 8.001,00 \u2013 12.000,00 dinar\u00eb 10 poena<\/span><\/li>\n<li>\n\t\t<span style=\"font-size:12px;\">Nx\u00ebn\u00ebsit t\u00eb cil\u00ebt jetojn\u00eb n\u00eb familjet q\u00eb realizojn\u00eb t\u00eb ardhura mujore p\u00ebr antar\u00eb t\u00eb familjes nga 12.001,00 \u2013 15.000,00 dinar\u00eb 7 poena<\/span><\/li>\n<li>\n\t\t<span style=\"font-size:12px;\">Poenat p\u00ebr suksesin e vitit t\u00eb kaluar shkollor\u00eb: 1 poen p\u00ebr suksesin e mir\u00eb, 3 poena p\u00ebr suksesin shum\u00eb mir\u00eb dhe 5 poena p\u00ebr suksesin e shk\u00eblqyesh\u00ebm<\/span><\/li>\n<\/ul>\n<p>\n\t<span style=\"font-size:12px;\">Me realizimin e numrit t\u00eb poenave t\u00eb njejt , p\u00ebrpar\u00ebsi v\u00ebrtetohet sipas prioriteteve t\u00eb v\u00ebrtetuara n\u00eb k\u00ebt\u00eb konkurs.<\/span><\/p>\n<p>\n\t<span style=\"font-size:12px;\">V\u00ebrejtjet apo ankesat eventuale rreth rang list\u00ebs s\u00eb kandidat\u00ebve dor\u00ebzohen n\u00eb Sh\u00ebrbimin e Trupit Koordinues p\u00ebrkat\u00ebsisht n\u00eb zyrat e Trupit Koordinues n\u00eb Bujanoc dhe Preshev\u00eb, dhe n\u00eb organin komunal n\u00eb Medvegj\u00eb menj\u00ebher\u00eb pas paraqitjes s\u00eb list\u00ebs s\u00eb kandidat\u00ebve n\u00eb nj\u00eb afat kohor\u00eb prej tet\u00eb dit\u00ebsh. Listat e kandidat\u00ebve do t\u00eb shpallen n\u00eb t\u00eb nj\u00ebjtin vend ku nx\u00ebn\u00ebsit apo prind\u00ebrit e tyre i kan\u00eb dor\u00ebzuar lutjet.Komisioni i Sh\u00ebrbimit t\u00eb Trupit Koordinues do t\u00eb marr\u00eb parasysh\u00eb ankesat e dor\u00ebzuara dhe do t\u00eb jap\u00eb vendimin p\u00ebrfundimtar\u00eb.<\/span><\/p>\n<p>\n\t<span style=\"font-size:12px;\">Rang lista p\u00ebrfundimtare dhe lista e kandidat\u00ebve me ekzemplar\u00ebt e kontrat\u00ebs, Sh\u00ebrbimi i Trupit Koordinues do t\u2019i dor\u00ebzoj\u00eb shkollave t\u00eb mesme n\u00eb nj\u00eb afat kohor\u00eb prej tet\u00eb dit\u00ebsh nga dita e p\u00ebrfundimit t\u00eb ankesave n\u00eb rang list\u00ebn e shpallur.<\/span><\/p>\n<p>\n\t\u00a0<\/p>\n<p>\n\t<span style=\"font-size:12px;\"><strong>V<\/strong> <strong>SHUMA E BURSAVE DHE PAGESA<\/strong><\/span><\/p>\n<p>\n\t<span style=\"font-size:12px;\">Bursa paguhet n\u00eb nj\u00eb shum\u00eb neto prej 6.000 dinar\u00eb p\u00ebr muajt, tetor\u00eb, n\u00ebntor\u00eb dhe dhjetor\u00eb, por n\u00ebse sigurohen mjete shtes\u00eb, at\u00ebher\u00eb n\u00eb kontinuitet deri n\u00eb fund t\u00eb vitit shkollor\u00eb 2013\/2014.<\/span><\/p>\n<p>\n\t<span style=\"font-size:12px;\">Bursat paguhen n\u00eb xhirollogarin\u00eb bankare t\u00eb prind\u00ebrit apo kujdestarit t\u00eb nx\u00ebn\u00ebsit.<\/span><\/p>\n<p>\n\t<span style=\"font-size:12px;\">Do\u00a0 ishte e preferueshme q\u00eb kandidati ta shkruaj numrin e llogaris\u00eb bankare.<\/span><\/p>\n<p>\n\t\u00a0<\/p>\n<p>\n\t<span style=\"font-size:12px;\"><strong>VI FORMULAR\u00cbT E KONKURSIT<\/strong><\/span><\/p>\n<p>\n\t<span style=\"font-size:12px;\">Formular\u00ebt p\u00ebr k\u00ebt\u00eb konkurs mund\u00eb t\u00eb merren n\u00eb vendin ku edhe dor\u00ebzohen lutjet, mir\u00ebpo mund\u00eb t\u00eb merren edhe n\u00eb webfaqen e Trupit Koordinues n\u00eb adres\u00ebn: <a href=\"http:\/\/www.kt.gov.rs\">www.kt.gov.rs<\/a>.<\/span><\/p>\n<p>\n\t<span style=\"font-size:12px;\">Informatat shtes\u00eb mund\u00eb t\u00eb merren me d\u00ebrgimin e pyetjeve n\u00eb fax 011\/21-20-909 ose n\u00eb e-mail: <a href=\"mailto:office@kt.gov.rs\">office@kt.gov.rs<\/a> ose me dor\u00ebzimin e pyetjeve personalisht ku dor\u00ebzohen lutjet apo me post\u00eb t\u00eb shpejt\u00eb n\u00eb adres\u00ebn e Trupit Koordinues t\u00eb Republik\u00ebs s\u00eb Serbis\u00eb p\u00ebr komunat Preshev\u00eb, Bujanoc dhe Medvegj\u00eb, n\u00eb adres\u00ebn: \u00a0Bulevar Mihajlla Pupina 2, 11070 Novi Beograd.<\/span><\/p>\n<p>\n\t<br \/>\n\t<strong>Shkarko dokumentin:<\/strong><\/p>\n<p>\t<a href=\"http:\/\/www.kt.gov.rs\/images\/Konkurs_text01102013.pdf\">Konkurs p\u0405r bursat e nx\u0405n\u0405ve<\/a><\/p>\n<p>\t<a href=\"http:\/\/www.kt.gov.rs\/images\/Deklarata_formular_01102013.docx\">Deklarata formular<\/a><\/p>\n<p>\t<a href=\"http:\/\/www.kt.gov.rs\/images\/Lutja_formular_per_bursat_01102013.doc\">Lutja formular per bursat<\/a><\/p>\n<p>\t<a href=\"http:\/\/www.kt.gov.rs\/images\/formular_4_01102013.doc\">V\u0405rtetim nga komuna formular<\/a><\/p>\n<p>\t<a href=\"http:\/\/www.kt.gov.rs\/images\/formular_2_01102013.doc\">V\u0405rtetim nga shkolla formular<\/a><\/p>\n<p>\n\t\u00a0<\/p>\n<p>\n\t<img decoding=\"async\" alt=\"\" src=\"https:\/\/kt.gov.rs\/wp-content\/uploads\/2024\/07\/konkurs_pic021-5.jpg\" style=\"width: 640px; height: 360px; float: left;\" \/><\/p>\n<p>\n\t\u00a0<\/p>\n<p>\n\t<span style=\"font-size:12px;\"><strong>Burimi:<\/strong> Trupi Koordinues i Qeveris\u00eb s\u00eb Republi\u00ebs s\u00eb S\u00ebrbis\u00eb<\/span><\/p>\n<p>\n\t\u00a0<\/p>\n","protected":false},"excerpt":{"rendered":"<p>N\u00eb baz\u00eb t\u00eb vendimit t\u00eb Qeveris\u00eb 05 nr 401-651\/2013 nga 4 shkurti 2013, Sh\u00ebrbimi i Trupit Koordinues i Republik\u00ebs s\u00eb Serbis\u00eb p\u00ebr komunat e Preshev\u00ebs, Bujanocit dhe Medvegj\u00ebs (Teksti n\u00eb vijim Sh\u00ebrbimi i Trupit Koordinues), shpall\u00eb<\/p>\n","protected":false},"author":1,"featured_media":140468,"comment_status":"closed","ping_status":"closed","sticky":false,"template":"","format":"standard","meta":{"footnotes":""},"categories":[55],"tags":[],"class_list":["post-140460","post","type-post","status-publish","format-standard","has-post-thumbnail","hentry","category-lajme"],"yoast_head":"<!-- This site is optimized with the Yoast SEO plugin v27.5 - https:\/\/yoast.com\/product\/yoast-seo-wordpress\/ -->\n<title>Konkurs p\u00ebr ndarjen e bursave nx\u00ebn\u00ebsve t\u00eb shkollave t\u00eb mesme n\u00eb komunat e Preshev\u00ebs, Bujanocit dhe Medvegj\u00ebs p\u00ebr periudh\u00ebn tetor\u00eb - dhjetor\u00eb t\u00eb vitit shkollor\u00eb 2013\/2014 - Republika e S\u00ebrbis\u00eb Trupi Koordinues p\u00ebr komunat Bujanoc, Preshev\u00eb dhe Medvegj\u00eb<\/title>\n<meta name=\"robots\" content=\"index, follow, max-snippet:-1, max-image-preview:large, max-video-preview:-1\" \/>\n<link rel=\"canonical\" href=\"https:\/\/kt.gov.rs\/sq\/konkurs-per-ndarjen-e-bursave-nxenesve-te-shkollave-te-mesme-ne-komunat-e-presheves-bujanocit-dhe-medvegjes-per-periudhen-tetore-dhjetore-te-vitit-shkollore-2013-2014\/\" \/>\n<meta property=\"og:locale\" content=\"sq_AL\" \/>\n<meta property=\"og:type\" content=\"article\" \/>\n<meta property=\"og:title\" content=\"Konkurs p\u00ebr ndarjen e bursave nx\u00ebn\u00ebsve t\u00eb shkollave t\u00eb mesme n\u00eb komunat e Preshev\u00ebs, Bujanocit dhe Medvegj\u00ebs p\u00ebr periudh\u00ebn tetor\u00eb - dhjetor\u00eb t\u00eb vitit shkollor\u00eb 2013\/2014 - Republika e S\u00ebrbis\u00eb Trupi Koordinues p\u00ebr komunat Bujanoc, Preshev\u00eb dhe Medvegj\u00eb\" \/>\n<meta property=\"og:description\" content=\"N\u00eb baz\u00eb t\u00eb vendimit t\u00eb Qeveris\u00eb 05 nr 401-651\/2013 nga 4 shkurti 2013, Sh\u00ebrbimi i Trupit Koordinues i Republik\u00ebs s\u00eb Serbis\u00eb p\u00ebr komunat e Preshev\u00ebs, Bujanocit dhe Medvegj\u00ebs (Teksti n\u00eb vijim Sh\u00ebrbimi i Trupit Koordinues), shpall\u00eb\" \/>\n<meta property=\"og:url\" content=\"https:\/\/kt.gov.rs\/sq\/konkurs-per-ndarjen-e-bursave-nxenesve-te-shkollave-te-mesme-ne-komunat-e-presheves-bujanocit-dhe-medvegjes-per-periudhen-tetore-dhjetore-te-vitit-shkollore-2013-2014\/\" \/>\n<meta property=\"og:site_name\" content=\"Republika e S\u00ebrbis\u00eb Trupi Koordinues p\u00ebr komunat Bujanoc, Preshev\u00eb dhe Medvegj\u00eb\" \/>\n<meta property=\"article:publisher\" content=\"https:\/\/www.facebook.com\/SluzbaKoordinacionogTelaVladeRepublikeSrbije\" \/>\n<meta property=\"article:published_time\" content=\"2013-10-01T00:00:00+00:00\" \/>\n<meta property=\"article:modified_time\" content=\"2024-07-30T20:15:06+00:00\" \/>\n<meta property=\"og:image\" content=\"https:\/\/kt.gov.rs\/wp-content\/uploads\/2024\/07\/konkurs_pic020-13.jpg\" \/>\n\t<meta property=\"og:image:width\" content=\"640\" \/>\n\t<meta property=\"og:image:height\" content=\"360\" \/>\n\t<meta property=\"og:image:type\" content=\"image\/jpeg\" \/>\n<meta name=\"author\" content=\"ktmin\" \/>\n<meta name=\"twitter:card\" content=\"summary_large_image\" \/>\n<meta name=\"twitter:creator\" content=\"@kt_gov\" \/>\n<meta name=\"twitter:site\" content=\"@kt_gov\" \/>\n<meta name=\"twitter:label1\" content=\"Written by\" \/>\n\t<meta name=\"twitter:data1\" content=\"ktmin\" \/>\n\t<meta name=\"twitter:label2\" content=\"Est. reading time\" \/>\n\t<meta name=\"twitter:data2\" content=\"10 minutes\" \/>\n<script type=\"application\/ld+json\" class=\"yoast-schema-graph\">{\"@context\":\"https:\\\/\\\/schema.org\",\"@graph\":[{\"@type\":\"Article\",\"@id\":\"https:\\\/\\\/kt.gov.rs\\\/sq\\\/konkurs-per-ndarjen-e-bursave-nxenesve-te-shkollave-te-mesme-ne-komunat-e-presheves-bujanocit-dhe-medvegjes-per-periudhen-tetore-dhjetore-te-vitit-shkollore-2013-2014\\\/#article\",\"isPartOf\":{\"@id\":\"https:\\\/\\\/kt.gov.rs\\\/sq\\\/konkurs-per-ndarjen-e-bursave-nxenesve-te-shkollave-te-mesme-ne-komunat-e-presheves-bujanocit-dhe-medvegjes-per-periudhen-tetore-dhjetore-te-vitit-shkollore-2013-2014\\\/\"},\"author\":{\"name\":\"ktmin\",\"@id\":\"https:\\\/\\\/kt.gov.rs\\\/#\\\/schema\\\/person\\\/e426459ddb4173309103390602694571\"},\"headline\":\"Konkurs p\u00ebr ndarjen e bursave nx\u00ebn\u00ebsve t\u00eb shkollave t\u00eb mesme n\u00eb komunat e Preshev\u00ebs, Bujanocit dhe Medvegj\u00ebs p\u00ebr periudh\u00ebn tetor\u00eb \u2013 dhjetor\u00eb t\u00eb vitit shkollor\u00eb 2013\\\/2014\",\"datePublished\":\"2013-10-01T00:00:00+00:00\",\"dateModified\":\"2024-07-30T20:15:06+00:00\",\"mainEntityOfPage\":{\"@id\":\"https:\\\/\\\/kt.gov.rs\\\/sq\\\/konkurs-per-ndarjen-e-bursave-nxenesve-te-shkollave-te-mesme-ne-komunat-e-presheves-bujanocit-dhe-medvegjes-per-periudhen-tetore-dhjetore-te-vitit-shkollore-2013-2014\\\/\"},\"wordCount\":2010,\"publisher\":{\"@id\":\"https:\\\/\\\/kt.gov.rs\\\/#organization\"},\"image\":{\"@id\":\"https:\\\/\\\/kt.gov.rs\\\/sq\\\/konkurs-per-ndarjen-e-bursave-nxenesve-te-shkollave-te-mesme-ne-komunat-e-presheves-bujanocit-dhe-medvegjes-per-periudhen-tetore-dhjetore-te-vitit-shkollore-2013-2014\\\/#primaryimage\"},\"thumbnailUrl\":\"https:\\\/\\\/kt.gov.rs\\\/wp-content\\\/uploads\\\/2024\\\/07\\\/konkurs_pic020-13.jpg\",\"articleSection\":[\"Lajme\"],\"inLanguage\":\"sq-AL\"},{\"@type\":\"WebPage\",\"@id\":\"https:\\\/\\\/kt.gov.rs\\\/sq\\\/konkurs-per-ndarjen-e-bursave-nxenesve-te-shkollave-te-mesme-ne-komunat-e-presheves-bujanocit-dhe-medvegjes-per-periudhen-tetore-dhjetore-te-vitit-shkollore-2013-2014\\\/\",\"url\":\"https:\\\/\\\/kt.gov.rs\\\/sq\\\/konkurs-per-ndarjen-e-bursave-nxenesve-te-shkollave-te-mesme-ne-komunat-e-presheves-bujanocit-dhe-medvegjes-per-periudhen-tetore-dhjetore-te-vitit-shkollore-2013-2014\\\/\",\"name\":\"Konkurs p\u00ebr ndarjen e bursave nx\u00ebn\u00ebsve t\u00eb shkollave t\u00eb mesme n\u00eb komunat e Preshev\u00ebs, Bujanocit dhe Medvegj\u00ebs p\u00ebr periudh\u00ebn tetor\u00eb - dhjetor\u00eb t\u00eb vitit shkollor\u00eb 2013\\\/2014 - Republika e S\u00ebrbis\u00eb Trupi Koordinues p\u00ebr komunat Bujanoc, Preshev\u00eb dhe Medvegj\u00eb\",\"isPartOf\":{\"@id\":\"https:\\\/\\\/kt.gov.rs\\\/#website\"},\"primaryImageOfPage\":{\"@id\":\"https:\\\/\\\/kt.gov.rs\\\/sq\\\/konkurs-per-ndarjen-e-bursave-nxenesve-te-shkollave-te-mesme-ne-komunat-e-presheves-bujanocit-dhe-medvegjes-per-periudhen-tetore-dhjetore-te-vitit-shkollore-2013-2014\\\/#primaryimage\"},\"image\":{\"@id\":\"https:\\\/\\\/kt.gov.rs\\\/sq\\\/konkurs-per-ndarjen-e-bursave-nxenesve-te-shkollave-te-mesme-ne-komunat-e-presheves-bujanocit-dhe-medvegjes-per-periudhen-tetore-dhjetore-te-vitit-shkollore-2013-2014\\\/#primaryimage\"},\"thumbnailUrl\":\"https:\\\/\\\/kt.gov.rs\\\/wp-content\\\/uploads\\\/2024\\\/07\\\/konkurs_pic020-13.jpg\",\"datePublished\":\"2013-10-01T00:00:00+00:00\",\"dateModified\":\"2024-07-30T20:15:06+00:00\",\"breadcrumb\":{\"@id\":\"https:\\\/\\\/kt.gov.rs\\\/sq\\\/konkurs-per-ndarjen-e-bursave-nxenesve-te-shkollave-te-mesme-ne-komunat-e-presheves-bujanocit-dhe-medvegjes-per-periudhen-tetore-dhjetore-te-vitit-shkollore-2013-2014\\\/#breadcrumb\"},\"inLanguage\":\"sq-AL\",\"potentialAction\":[{\"@type\":\"ReadAction\",\"target\":[\"https:\\\/\\\/kt.gov.rs\\\/sq\\\/konkurs-per-ndarjen-e-bursave-nxenesve-te-shkollave-te-mesme-ne-komunat-e-presheves-bujanocit-dhe-medvegjes-per-periudhen-tetore-dhjetore-te-vitit-shkollore-2013-2014\\\/\"]}]},{\"@type\":\"ImageObject\",\"inLanguage\":\"sq-AL\",\"@id\":\"https:\\\/\\\/kt.gov.rs\\\/sq\\\/konkurs-per-ndarjen-e-bursave-nxenesve-te-shkollave-te-mesme-ne-komunat-e-presheves-bujanocit-dhe-medvegjes-per-periudhen-tetore-dhjetore-te-vitit-shkollore-2013-2014\\\/#primaryimage\",\"url\":\"https:\\\/\\\/kt.gov.rs\\\/wp-content\\\/uploads\\\/2024\\\/07\\\/konkurs_pic020-13.jpg\",\"contentUrl\":\"https:\\\/\\\/kt.gov.rs\\\/wp-content\\\/uploads\\\/2024\\\/07\\\/konkurs_pic020-13.jpg\",\"width\":640,\"height\":360},{\"@type\":\"BreadcrumbList\",\"@id\":\"https:\\\/\\\/kt.gov.rs\\\/sq\\\/konkurs-per-ndarjen-e-bursave-nxenesve-te-shkollave-te-mesme-ne-komunat-e-presheves-bujanocit-dhe-medvegjes-per-periudhen-tetore-dhjetore-te-vitit-shkollore-2013-2014\\\/#breadcrumb\",\"itemListElement\":[{\"@type\":\"ListItem\",\"position\":1,\"name\":\"\u041f\u043e\u0447\u0435\u0442\u043d\u0430\",\"item\":\"https:\\\/\\\/kt.gov.rs\\\/sq\\\/\"},{\"@type\":\"ListItem\",\"position\":2,\"name\":\"Konkurs p\u00ebr ndarjen e bursave nx\u00ebn\u00ebsve t\u00eb shkollave t\u00eb mesme n\u00eb komunat e Preshev\u00ebs, Bujanocit dhe Medvegj\u00ebs p\u00ebr periudh\u00ebn tetor\u00eb \u2013 dhjetor\u00eb t\u00eb vitit shkollor\u00eb 2013\\\/2014\"}]},{\"@type\":\"WebSite\",\"@id\":\"https:\\\/\\\/kt.gov.rs\\\/#website\",\"url\":\"https:\\\/\\\/kt.gov.rs\\\/\",\"name\":\"\u041a\u043e\u043e\u0440\u0434\u0438\u043d\u0430\u0446\u0438\u043e\u043d\u043e \u0442\u0435\u043b\u043e \u0412\u043b\u0430\u0434\u0435 \u0420\u0435\u043f\u0443\u0431\u043b\u0438\u043a\u0435 \u0421\u0440\u0431\u0438\u0458\u0435 \u0437\u0430 \u043e\u043f\u0448\u0442\u0438\u043d\u0435 \u041f\u0440\u0435\u0448\u0435\u0432\u043e, \u0411\u0443\u0458\u0430\u043d\u043e\u0432\u0430\u0446 \u0438 \u041c\u0435\u0434\u0432\u0435\u0452a\",\"description\":\"\",\"publisher\":{\"@id\":\"https:\\\/\\\/kt.gov.rs\\\/#organization\"},\"alternateName\":\"\u041a\u043e\u043e\u0440\u0434\u0438\u043d\u0430\u0446\u0438\u043e\u043d\u043e \u0442\u0435\u043b\u043e\",\"potentialAction\":[{\"@type\":\"SearchAction\",\"target\":{\"@type\":\"EntryPoint\",\"urlTemplate\":\"https:\\\/\\\/kt.gov.rs\\\/?s={search_term_string}\"},\"query-input\":{\"@type\":\"PropertyValueSpecification\",\"valueRequired\":true,\"valueName\":\"search_term_string\"}}],\"inLanguage\":\"sq-AL\"},{\"@type\":\"Organization\",\"@id\":\"https:\\\/\\\/kt.gov.rs\\\/#organization\",\"name\":\"\u041a\u043e\u043e\u0440\u0434\u0438\u043d\u0430\u0446\u0438\u043e\u043d\u043e \u0442\u0435\u043b\u043e \u0412\u043b\u0430\u0434\u0435 \u0420\u0435\u043f\u0443\u0431\u043b\u0438\u043a\u0435 \u0421\u0440\u0431\u0438\u0458\u0435 \u0437\u0430 \u043e\u043f\u0448\u0442\u0438\u043d\u0435 \u041f\u0440\u0435\u0448\u0435\u0432\u043e, \u0411\u0443\u0458\u0430\u043d\u043e\u0432\u0430\u0446 \u0438 \u041c\u0435\u0434\u0432\u0435\u0452a\",\"alternateName\":\"\u041a\u043e\u043e\u0440\u0434\u0438\u043d\u0430\u0446\u0438\u043e\u043d\u043e \u0442\u0435\u043b\u043e\",\"url\":\"https:\\\/\\\/kt.gov.rs\\\/\",\"logo\":{\"@type\":\"ImageObject\",\"inLanguage\":\"sq-AL\",\"@id\":\"https:\\\/\\\/kt.gov.rs\\\/#\\\/schema\\\/logo\\\/image\\\/\",\"url\":\"https:\\\/\\\/kt.gov.rs\\\/wp-content\\\/uploads\\\/2024\\\/12\\\/koord2.jpg\",\"contentUrl\":\"https:\\\/\\\/kt.gov.rs\\\/wp-content\\\/uploads\\\/2024\\\/12\\\/koord2.jpg\",\"width\":640,\"height\":480,\"caption\":\"\u041a\u043e\u043e\u0440\u0434\u0438\u043d\u0430\u0446\u0438\u043e\u043d\u043e \u0442\u0435\u043b\u043e \u0412\u043b\u0430\u0434\u0435 \u0420\u0435\u043f\u0443\u0431\u043b\u0438\u043a\u0435 \u0421\u0440\u0431\u0438\u0458\u0435 \u0437\u0430 \u043e\u043f\u0448\u0442\u0438\u043d\u0435 \u041f\u0440\u0435\u0448\u0435\u0432\u043e, \u0411\u0443\u0458\u0430\u043d\u043e\u0432\u0430\u0446 \u0438 \u041c\u0435\u0434\u0432\u0435\u0452a\"},\"image\":{\"@id\":\"https:\\\/\\\/kt.gov.rs\\\/#\\\/schema\\\/logo\\\/image\\\/\"},\"sameAs\":[\"https:\\\/\\\/www.facebook.com\\\/SluzbaKoordinacionogTelaVladeRepublikeSrbije\",\"https:\\\/\\\/x.com\\\/kt_gov\",\"https:\\\/\\\/www.youtube.com\\\/@koordinacionotelo\"]},{\"@type\":\"Person\",\"@id\":\"https:\\\/\\\/kt.gov.rs\\\/#\\\/schema\\\/person\\\/e426459ddb4173309103390602694571\",\"name\":\"ktmin\",\"image\":{\"@type\":\"ImageObject\",\"inLanguage\":\"sq-AL\",\"@id\":\"https:\\\/\\\/secure.gravatar.com\\\/avatar\\\/3985c961109853010c3fbc7ba30365bfba5db3dd6c525831d9c595c7525a615a?s=96&d=mm&r=g\",\"url\":\"https:\\\/\\\/secure.gravatar.com\\\/avatar\\\/3985c961109853010c3fbc7ba30365bfba5db3dd6c525831d9c595c7525a615a?s=96&d=mm&r=g\",\"contentUrl\":\"https:\\\/\\\/secure.gravatar.com\\\/avatar\\\/3985c961109853010c3fbc7ba30365bfba5db3dd6c525831d9c595c7525a615a?s=96&d=mm&r=g\",\"caption\":\"ktmin\"},\"sameAs\":[\"https:\\\/\\\/kt.gov.rs\"],\"url\":\"https:\\\/\\\/kt.gov.rs\\\/sq\\\/author\\\/ktmin\\\/\"}]}<\/script>\n<!-- \/ Yoast SEO plugin. -->","yoast_head_json":{"title":"Konkurs p\u00ebr ndarjen e bursave nx\u00ebn\u00ebsve t\u00eb shkollave t\u00eb mesme n\u00eb komunat e Preshev\u00ebs, Bujanocit dhe Medvegj\u00ebs p\u00ebr periudh\u00ebn tetor\u00eb - dhjetor\u00eb t\u00eb vitit shkollor\u00eb 2013\/2014 - Republika e S\u00ebrbis\u00eb Trupi Koordinues p\u00ebr komunat Bujanoc, Preshev\u00eb dhe Medvegj\u00eb","robots":{"index":"index","follow":"follow","max-snippet":"max-snippet:-1","max-image-preview":"max-image-preview:large","max-video-preview":"max-video-preview:-1"},"canonical":"https:\/\/kt.gov.rs\/sq\/konkurs-per-ndarjen-e-bursave-nxenesve-te-shkollave-te-mesme-ne-komunat-e-presheves-bujanocit-dhe-medvegjes-per-periudhen-tetore-dhjetore-te-vitit-shkollore-2013-2014\/","og_locale":"sq_AL","og_type":"article","og_title":"Konkurs p\u00ebr ndarjen e bursave nx\u00ebn\u00ebsve t\u00eb shkollave t\u00eb mesme n\u00eb komunat e Preshev\u00ebs, Bujanocit dhe Medvegj\u00ebs p\u00ebr periudh\u00ebn tetor\u00eb - dhjetor\u00eb t\u00eb vitit shkollor\u00eb 2013\/2014 - Republika e S\u00ebrbis\u00eb Trupi Koordinues p\u00ebr komunat Bujanoc, Preshev\u00eb dhe Medvegj\u00eb","og_description":"N\u00eb baz\u00eb t\u00eb vendimit t\u00eb Qeveris\u00eb 05 nr 401-651\/2013 nga 4 shkurti 2013, Sh\u00ebrbimi i Trupit Koordinues i Republik\u00ebs s\u00eb Serbis\u00eb p\u00ebr komunat e Preshev\u00ebs, Bujanocit dhe Medvegj\u00ebs (Teksti n\u00eb vijim Sh\u00ebrbimi i Trupit Koordinues), shpall\u00eb","og_url":"https:\/\/kt.gov.rs\/sq\/konkurs-per-ndarjen-e-bursave-nxenesve-te-shkollave-te-mesme-ne-komunat-e-presheves-bujanocit-dhe-medvegjes-per-periudhen-tetore-dhjetore-te-vitit-shkollore-2013-2014\/","og_site_name":"Republika e S\u00ebrbis\u00eb Trupi Koordinues p\u00ebr komunat Bujanoc, Preshev\u00eb dhe Medvegj\u00eb","article_publisher":"https:\/\/www.facebook.com\/SluzbaKoordinacionogTelaVladeRepublikeSrbije","article_published_time":"2013-10-01T00:00:00+00:00","article_modified_time":"2024-07-30T20:15:06+00:00","og_image":[{"width":640,"height":360,"url":"https:\/\/kt.gov.rs\/wp-content\/uploads\/2024\/07\/konkurs_pic020-13.jpg","type":"image\/jpeg"}],"author":"ktmin","twitter_card":"summary_large_image","twitter_creator":"@kt_gov","twitter_site":"@kt_gov","twitter_misc":{"Written by":"ktmin","Est. reading time":"10 minutes"},"schema":{"@context":"https:\/\/schema.org","@graph":[{"@type":"Article","@id":"https:\/\/kt.gov.rs\/sq\/konkurs-per-ndarjen-e-bursave-nxenesve-te-shkollave-te-mesme-ne-komunat-e-presheves-bujanocit-dhe-medvegjes-per-periudhen-tetore-dhjetore-te-vitit-shkollore-2013-2014\/#article","isPartOf":{"@id":"https:\/\/kt.gov.rs\/sq\/konkurs-per-ndarjen-e-bursave-nxenesve-te-shkollave-te-mesme-ne-komunat-e-presheves-bujanocit-dhe-medvegjes-per-periudhen-tetore-dhjetore-te-vitit-shkollore-2013-2014\/"},"author":{"name":"ktmin","@id":"https:\/\/kt.gov.rs\/#\/schema\/person\/e426459ddb4173309103390602694571"},"headline":"Konkurs p\u00ebr ndarjen e bursave nx\u00ebn\u00ebsve t\u00eb shkollave t\u00eb mesme n\u00eb komunat e Preshev\u00ebs, Bujanocit dhe Medvegj\u00ebs p\u00ebr periudh\u00ebn tetor\u00eb \u2013 dhjetor\u00eb t\u00eb vitit shkollor\u00eb 2013\/2014","datePublished":"2013-10-01T00:00:00+00:00","dateModified":"2024-07-30T20:15:06+00:00","mainEntityOfPage":{"@id":"https:\/\/kt.gov.rs\/sq\/konkurs-per-ndarjen-e-bursave-nxenesve-te-shkollave-te-mesme-ne-komunat-e-presheves-bujanocit-dhe-medvegjes-per-periudhen-tetore-dhjetore-te-vitit-shkollore-2013-2014\/"},"wordCount":2010,"publisher":{"@id":"https:\/\/kt.gov.rs\/#organization"},"image":{"@id":"https:\/\/kt.gov.rs\/sq\/konkurs-per-ndarjen-e-bursave-nxenesve-te-shkollave-te-mesme-ne-komunat-e-presheves-bujanocit-dhe-medvegjes-per-periudhen-tetore-dhjetore-te-vitit-shkollore-2013-2014\/#primaryimage"},"thumbnailUrl":"https:\/\/kt.gov.rs\/wp-content\/uploads\/2024\/07\/konkurs_pic020-13.jpg","articleSection":["Lajme"],"inLanguage":"sq-AL"},{"@type":"WebPage","@id":"https:\/\/kt.gov.rs\/sq\/konkurs-per-ndarjen-e-bursave-nxenesve-te-shkollave-te-mesme-ne-komunat-e-presheves-bujanocit-dhe-medvegjes-per-periudhen-tetore-dhjetore-te-vitit-shkollore-2013-2014\/","url":"https:\/\/kt.gov.rs\/sq\/konkurs-per-ndarjen-e-bursave-nxenesve-te-shkollave-te-mesme-ne-komunat-e-presheves-bujanocit-dhe-medvegjes-per-periudhen-tetore-dhjetore-te-vitit-shkollore-2013-2014\/","name":"Konkurs p\u00ebr ndarjen e bursave nx\u00ebn\u00ebsve t\u00eb shkollave t\u00eb mesme n\u00eb komunat e Preshev\u00ebs, Bujanocit dhe Medvegj\u00ebs p\u00ebr periudh\u00ebn tetor\u00eb - dhjetor\u00eb t\u00eb vitit shkollor\u00eb 2013\/2014 - Republika e S\u00ebrbis\u00eb Trupi Koordinues p\u00ebr komunat Bujanoc, Preshev\u00eb dhe Medvegj\u00eb","isPartOf":{"@id":"https:\/\/kt.gov.rs\/#website"},"primaryImageOfPage":{"@id":"https:\/\/kt.gov.rs\/sq\/konkurs-per-ndarjen-e-bursave-nxenesve-te-shkollave-te-mesme-ne-komunat-e-presheves-bujanocit-dhe-medvegjes-per-periudhen-tetore-dhjetore-te-vitit-shkollore-2013-2014\/#primaryimage"},"image":{"@id":"https:\/\/kt.gov.rs\/sq\/konkurs-per-ndarjen-e-bursave-nxenesve-te-shkollave-te-mesme-ne-komunat-e-presheves-bujanocit-dhe-medvegjes-per-periudhen-tetore-dhjetore-te-vitit-shkollore-2013-2014\/#primaryimage"},"thumbnailUrl":"https:\/\/kt.gov.rs\/wp-content\/uploads\/2024\/07\/konkurs_pic020-13.jpg","datePublished":"2013-10-01T00:00:00+00:00","dateModified":"2024-07-30T20:15:06+00:00","breadcrumb":{"@id":"https:\/\/kt.gov.rs\/sq\/konkurs-per-ndarjen-e-bursave-nxenesve-te-shkollave-te-mesme-ne-komunat-e-presheves-bujanocit-dhe-medvegjes-per-periudhen-tetore-dhjetore-te-vitit-shkollore-2013-2014\/#breadcrumb"},"inLanguage":"sq-AL","potentialAction":[{"@type":"ReadAction","target":["https:\/\/kt.gov.rs\/sq\/konkurs-per-ndarjen-e-bursave-nxenesve-te-shkollave-te-mesme-ne-komunat-e-presheves-bujanocit-dhe-medvegjes-per-periudhen-tetore-dhjetore-te-vitit-shkollore-2013-2014\/"]}]},{"@type":"ImageObject","inLanguage":"sq-AL","@id":"https:\/\/kt.gov.rs\/sq\/konkurs-per-ndarjen-e-bursave-nxenesve-te-shkollave-te-mesme-ne-komunat-e-presheves-bujanocit-dhe-medvegjes-per-periudhen-tetore-dhjetore-te-vitit-shkollore-2013-2014\/#primaryimage","url":"https:\/\/kt.gov.rs\/wp-content\/uploads\/2024\/07\/konkurs_pic020-13.jpg","contentUrl":"https:\/\/kt.gov.rs\/wp-content\/uploads\/2024\/07\/konkurs_pic020-13.jpg","width":640,"height":360},{"@type":"BreadcrumbList","@id":"https:\/\/kt.gov.rs\/sq\/konkurs-per-ndarjen-e-bursave-nxenesve-te-shkollave-te-mesme-ne-komunat-e-presheves-bujanocit-dhe-medvegjes-per-periudhen-tetore-dhjetore-te-vitit-shkollore-2013-2014\/#breadcrumb","itemListElement":[{"@type":"ListItem","position":1,"name":"\u041f\u043e\u0447\u0435\u0442\u043d\u0430","item":"https:\/\/kt.gov.rs\/sq\/"},{"@type":"ListItem","position":2,"name":"Konkurs p\u00ebr ndarjen e bursave nx\u00ebn\u00ebsve t\u00eb shkollave t\u00eb mesme n\u00eb komunat e Preshev\u00ebs, Bujanocit dhe Medvegj\u00ebs p\u00ebr periudh\u00ebn tetor\u00eb \u2013 dhjetor\u00eb t\u00eb vitit shkollor\u00eb 2013\/2014"}]},{"@type":"WebSite","@id":"https:\/\/kt.gov.rs\/#website","url":"https:\/\/kt.gov.rs\/","name":"\u041a\u043e\u043e\u0440\u0434\u0438\u043d\u0430\u0446\u0438\u043e\u043d\u043e \u0442\u0435\u043b\u043e \u0412\u043b\u0430\u0434\u0435 \u0420\u0435\u043f\u0443\u0431\u043b\u0438\u043a\u0435 \u0421\u0440\u0431\u0438\u0458\u0435 \u0437\u0430 \u043e\u043f\u0448\u0442\u0438\u043d\u0435 \u041f\u0440\u0435\u0448\u0435\u0432\u043e, \u0411\u0443\u0458\u0430\u043d\u043e\u0432\u0430\u0446 \u0438 \u041c\u0435\u0434\u0432\u0435\u0452a","description":"","publisher":{"@id":"https:\/\/kt.gov.rs\/#organization"},"alternateName":"\u041a\u043e\u043e\u0440\u0434\u0438\u043d\u0430\u0446\u0438\u043e\u043d\u043e \u0442\u0435\u043b\u043e","potentialAction":[{"@type":"SearchAction","target":{"@type":"EntryPoint","urlTemplate":"https:\/\/kt.gov.rs\/?s={search_term_string}"},"query-input":{"@type":"PropertyValueSpecification","valueRequired":true,"valueName":"search_term_string"}}],"inLanguage":"sq-AL"},{"@type":"Organization","@id":"https:\/\/kt.gov.rs\/#organization","name":"\u041a\u043e\u043e\u0440\u0434\u0438\u043d\u0430\u0446\u0438\u043e\u043d\u043e \u0442\u0435\u043b\u043e \u0412\u043b\u0430\u0434\u0435 \u0420\u0435\u043f\u0443\u0431\u043b\u0438\u043a\u0435 \u0421\u0440\u0431\u0438\u0458\u0435 \u0437\u0430 \u043e\u043f\u0448\u0442\u0438\u043d\u0435 \u041f\u0440\u0435\u0448\u0435\u0432\u043e, \u0411\u0443\u0458\u0430\u043d\u043e\u0432\u0430\u0446 \u0438 \u041c\u0435\u0434\u0432\u0435\u0452a","alternateName":"\u041a\u043e\u043e\u0440\u0434\u0438\u043d\u0430\u0446\u0438\u043e\u043d\u043e \u0442\u0435\u043b\u043e","url":"https:\/\/kt.gov.rs\/","logo":{"@type":"ImageObject","inLanguage":"sq-AL","@id":"https:\/\/kt.gov.rs\/#\/schema\/logo\/image\/","url":"https:\/\/kt.gov.rs\/wp-content\/uploads\/2024\/12\/koord2.jpg","contentUrl":"https:\/\/kt.gov.rs\/wp-content\/uploads\/2024\/12\/koord2.jpg","width":640,"height":480,"caption":"\u041a\u043e\u043e\u0440\u0434\u0438\u043d\u0430\u0446\u0438\u043e\u043d\u043e \u0442\u0435\u043b\u043e \u0412\u043b\u0430\u0434\u0435 \u0420\u0435\u043f\u0443\u0431\u043b\u0438\u043a\u0435 \u0421\u0440\u0431\u0438\u0458\u0435 \u0437\u0430 \u043e\u043f\u0448\u0442\u0438\u043d\u0435 \u041f\u0440\u0435\u0448\u0435\u0432\u043e, \u0411\u0443\u0458\u0430\u043d\u043e\u0432\u0430\u0446 \u0438 \u041c\u0435\u0434\u0432\u0435\u0452a"},"image":{"@id":"https:\/\/kt.gov.rs\/#\/schema\/logo\/image\/"},"sameAs":["https:\/\/www.facebook.com\/SluzbaKoordinacionogTelaVladeRepublikeSrbije","https:\/\/x.com\/kt_gov","https:\/\/www.youtube.com\/@koordinacionotelo"]},{"@type":"Person","@id":"https:\/\/kt.gov.rs\/#\/schema\/person\/e426459ddb4173309103390602694571","name":"ktmin","image":{"@type":"ImageObject","inLanguage":"sq-AL","@id":"https:\/\/secure.gravatar.com\/avatar\/3985c961109853010c3fbc7ba30365bfba5db3dd6c525831d9c595c7525a615a?s=96&d=mm&r=g","url":"https:\/\/secure.gravatar.com\/avatar\/3985c961109853010c3fbc7ba30365bfba5db3dd6c525831d9c595c7525a615a?s=96&d=mm&r=g","contentUrl":"https:\/\/secure.gravatar.com\/avatar\/3985c961109853010c3fbc7ba30365bfba5db3dd6c525831d9c595c7525a615a?s=96&d=mm&r=g","caption":"ktmin"},"sameAs":["https:\/\/kt.gov.rs"],"url":"https:\/\/kt.gov.rs\/sq\/author\/ktmin\/"}]}},"_links":{"self":[{"href":"https:\/\/kt.gov.rs\/sq\/wp-json\/wp\/v2\/posts\/140460","targetHints":{"allow":["GET"]}}],"collection":[{"href":"https:\/\/kt.gov.rs\/sq\/wp-json\/wp\/v2\/posts"}],"about":[{"href":"https:\/\/kt.gov.rs\/sq\/wp-json\/wp\/v2\/types\/post"}],"author":[{"embeddable":true,"href":"https:\/\/kt.gov.rs\/sq\/wp-json\/wp\/v2\/users\/1"}],"replies":[{"embeddable":true,"href":"https:\/\/kt.gov.rs\/sq\/wp-json\/wp\/v2\/comments?post=140460"}],"version-history":[{"count":1,"href":"https:\/\/kt.gov.rs\/sq\/wp-json\/wp\/v2\/posts\/140460\/revisions"}],"predecessor-version":[{"id":140467,"href":"https:\/\/kt.gov.rs\/sq\/wp-json\/wp\/v2\/posts\/140460\/revisions\/140467"}],"wp:featuredmedia":[{"embeddable":true,"href":"https:\/\/kt.gov.rs\/sq\/wp-json\/wp\/v2\/media\/140468"}],"wp:attachment":[{"href":"https:\/\/kt.gov.rs\/sq\/wp-json\/wp\/v2\/media?parent=140460"}],"wp:term":[{"taxonomy":"category","embeddable":true,"href":"https:\/\/kt.gov.rs\/sq\/wp-json\/wp\/v2\/categories?post=140460"},{"taxonomy":"post_tag","embeddable":true,"href":"https:\/\/kt.gov.rs\/sq\/wp-json\/wp\/v2\/tags?post=140460"}],"curies":[{"name":"wp","href":"https:\/\/api.w.org\/{rel}","templated":true}]}}