{"id":140452,"date":"2013-10-01T00:00:00","date_gmt":"2013-10-01T00:00:00","guid":{"rendered":"http:\/\/kt.printandscreen.rs\/qytetaret-e-bujanocit-vuajne-nga-zemra\/"},"modified":"2024-07-30T20:15:05","modified_gmt":"2024-07-30T20:15:05","slug":"qytetaret-e-bujanocit-vuajne-nga-zemra","status":"publish","type":"post","link":"https:\/\/kt.gov.rs\/sq\/qytetaret-e-bujanocit-vuajne-nga-zemra\/","title":{"rendered":"QYTETAR\u00cbT E BUJANOCIT VUAJN\u00cb NGA ZEMRA"},"content":{"rendered":"<p>\n\t<strong><img decoding=\"async\" alt=\"\" src=\"https:\/\/kt.gov.rs\/wp-content\/uploads\/2024\/07\/newspic272v-4.jpg\" style=\"width: 315px; height: 180px; float: left;\" \/>N\u00eb Dit\u00ebn Nd\u00ebrkomb\u00ebtare t\u00eb zemr\u00ebs mjek\u00ebt n\u00eb Sht\u00ebpin\u00eb e Sh\u00ebndetit n\u00eb Bujanoc thon\u00eb se 70 deri n\u00eb 80 p\u00ebr qind e pacient\u00ebve q\u00eb vizitohen n\u00eb k\u00ebt\u00eb institucion vuajn\u00eb nga s\u00ebmundjet kardiovaskulare<\/strong>.<\/p>\n<p>\n\tDy t\u00eb tretat e pacient\u00ebve t\u00eb komun\u00ebs s\u00eb Bujanocit q\u00eb p\u00ebr nj\u00eb dit\u00eb k\u00ebrkojn\u00eb ndihm\u00ebn n\u00eb Sht\u00ebpin\u00eb e Sh\u00ebndetit kan\u00eb kan\u00eb probleme q\u00eb lidhen me s\u00ebmundjet e zemr\u00ebs.<\/p>\n<p>\n\t\u201cN\u00eb Sht\u00ebpin\u00eb e Sh\u00ebndetit n\u00eb Bujanoc, m\u00eb shum\u00eb ka pacient n\u00eb sh\u00ebrbimin interno kardiovaskular dhe m\u00eb pas vin\u00eb sh\u00ebrbimet tjera. N\u00eb sh\u00ebrbimin ton\u00eb pacient\u00ebt lajm\u00ebrohen me simptome t\u00eb shtypjes s\u00eb lart, ata q\u00eb kan\u00eb p\u00ebsuar infarkte, me angino pektoris, \u00e7ka do t\u00eb thot\u00eb se 70 deri n\u00eb 80 p\u00ebr qind merremi me pacient q\u00eb kan\u00eb probleme me zemr\u00ebn\u201d, ka th\u00ebn\u00eb Snezhana Zllatkoviq \u2013 specialiste n\u00eb repartin e Internos.<\/p>\n<p>\n\tP\u00ebr t\u00eb evituar k\u00ebto s\u00ebmundje, mjeku specialist i p\u00ebrgjithsh\u00ebm pran\u00eb sht\u00ebpis\u00eb s\u00eb sh\u00ebndetit n\u00eb Bujanoc, Adnan Salihu, jep disa k\u00ebshilla q\u00eb pacient\u00ebt duhet t\u2019i ndjekin.<\/p>\n<p>\n\t\u201cSi faktor i r\u00ebnd\u00ebsishme tek s\u00ebmundjet kardiovaskulare \u00ebsht\u00eb edhe tensioni i lart\u00eb. Tek t\u00eb gjith\u00eb personat k\u00ebshillohet q\u00eb sa m\u00eb shpesh t\u00eb masin tensionin e gjakut. Shkaktar tjet\u00ebr \u00ebsht\u00eb edhe konsumimi i duhanit, nd\u00ebrsa s\u00ebmundja e sheqerit \u00ebsht\u00eb nj\u00eb faktor i cili ndikon shum\u00eb n\u00eb manifestimin e s\u00ebmundjeve kardiovaskulare. P\u00ebr t\u00eb i evituar k\u00ebto s\u00ebmundje preferohet edhe aktiviteti fizik s\u00eb paku 30 minuta n\u00eb dit\u00eb\u201d, shprehet mjeku Salihu.<\/p>\n<p>\n\tT\u00eb prekur nga s\u00ebmundjet kardiovaskular m\u00eb s\u00eb shumti jan\u00eb pacient\u00ebt e mosh\u00ebs prej 30 deri n\u00eb 50 vje\u00e7 edhe ate si pasoj\u00eb e trash\u00ebgimis\u00eb, stresit, m\u00ebnyr\u00ebs s\u00eb jetes\u00ebs, m\u00ebnyra e t\u00eb ushqyerit si dhe aktiviteti i pak\u00ebt fizik\u00eb.<\/p>\n<p>\n\tN\u00eb Dit\u00ebn Bot\u00ebrore t\u00eb zemr\u00ebs mjek\u00ebt thon\u00eb se pacient\u00ebt e kan\u00eb p\u00ebr obligim q\u00eb s\u00eb paku nj\u00eb her\u00eb n\u00eb vit t\u00eb vizitohet tek mjeku p\u00ebrzgjedh\u00ebs dhe t\u00eb kryej analizat laboratorike, n\u00eb m\u00ebnyr\u00eb q\u00eb t\u00eb evitoj me koh\u00eb problemet sh\u00ebndet\u00ebsore.<\/p>\n<p>\n\t<strong>Burimi: <\/strong><strong>Titulli<\/strong><\/p>\n<p>\n\t\u00a0<\/p>\n","protected":false},"excerpt":{"rendered":"<p>N\u00eb Dit\u00ebn Nd\u00ebrkomb\u00ebtare t\u00eb zemr\u00ebs mjek\u00ebt n\u00eb Sht\u00ebpin\u00eb e Sh\u00ebndetit n\u00eb Bujanoc thon\u00eb se 70 deri n\u00eb 80 p\u00ebr qind e pacient\u00ebve q\u00eb vizitohen n\u00eb k\u00ebt\u00eb institucion vuajn\u00eb nga s\u00ebmundjet kardiovaskulare.<\/p>\n","protected":false},"author":1,"featured_media":140457,"comment_status":"closed","ping_status":"closed","sticky":false,"template":"","format":"standard","meta":{"footnotes":""},"categories":[55],"tags":[],"class_list":["post-140452","post","type-post","status-publish","format-standard","has-post-thumbnail","hentry","category-lajme"],"yoast_head":"<!-- This site is optimized with the Yoast SEO plugin v27.5 - https:\/\/yoast.com\/product\/yoast-seo-wordpress\/ -->\n<title>QYTETAR\u00cbT E BUJANOCIT VUAJN\u00cb NGA ZEMRA - Republika e S\u00ebrbis\u00eb Trupi Koordinues p\u00ebr komunat Bujanoc, Preshev\u00eb dhe Medvegj\u00eb<\/title>\n<meta name=\"robots\" content=\"index, follow, max-snippet:-1, max-image-preview:large, max-video-preview:-1\" \/>\n<link rel=\"canonical\" href=\"https:\/\/kt.gov.rs\/sq\/qytetaret-e-bujanocit-vuajne-nga-zemra\/\" \/>\n<meta property=\"og:locale\" content=\"sq_AL\" \/>\n<meta property=\"og:type\" content=\"article\" \/>\n<meta property=\"og:title\" content=\"QYTETAR\u00cbT E BUJANOCIT VUAJN\u00cb NGA ZEMRA - Republika e S\u00ebrbis\u00eb Trupi Koordinues p\u00ebr komunat Bujanoc, Preshev\u00eb dhe Medvegj\u00eb\" \/>\n<meta property=\"og:description\" content=\"N\u00eb Dit\u00ebn Nd\u00ebrkomb\u00ebtare t\u00eb zemr\u00ebs mjek\u00ebt n\u00eb Sht\u00ebpin\u00eb e Sh\u00ebndetit n\u00eb Bujanoc thon\u00eb se 70 deri n\u00eb 80 p\u00ebr qind e pacient\u00ebve q\u00eb vizitohen n\u00eb k\u00ebt\u00eb institucion vuajn\u00eb nga s\u00ebmundjet kardiovaskulare.\" \/>\n<meta property=\"og:url\" content=\"https:\/\/kt.gov.rs\/sq\/qytetaret-e-bujanocit-vuajne-nga-zemra\/\" \/>\n<meta property=\"og:site_name\" content=\"Republika e S\u00ebrbis\u00eb Trupi Koordinues p\u00ebr komunat Bujanoc, Preshev\u00eb dhe Medvegj\u00eb\" \/>\n<meta property=\"article:publisher\" content=\"https:\/\/www.facebook.com\/SluzbaKoordinacionogTelaVladeRepublikeSrbije\" \/>\n<meta property=\"article:published_time\" content=\"2013-10-01T00:00:00+00:00\" \/>\n<meta property=\"article:modified_time\" content=\"2024-07-30T20:15:05+00:00\" \/>\n<meta property=\"og:image\" content=\"https:\/\/kt.gov.rs\/wp-content\/uploads\/2024\/07\/newspic272v-5.jpg\" \/>\n\t<meta property=\"og:image:width\" content=\"315\" \/>\n\t<meta property=\"og:image:height\" content=\"180\" \/>\n\t<meta property=\"og:image:type\" content=\"image\/jpeg\" \/>\n<meta name=\"author\" content=\"ktmin\" \/>\n<meta name=\"twitter:card\" content=\"summary_large_image\" \/>\n<meta name=\"twitter:creator\" content=\"@kt_gov\" \/>\n<meta name=\"twitter:site\" content=\"@kt_gov\" \/>\n<meta name=\"twitter:label1\" content=\"Written by\" \/>\n\t<meta name=\"twitter:data1\" content=\"ktmin\" \/>\n\t<meta name=\"twitter:label2\" content=\"Est. reading time\" \/>\n\t<meta name=\"twitter:data2\" content=\"3 minutes\" \/>\n<script type=\"application\/ld+json\" class=\"yoast-schema-graph\">{\"@context\":\"https:\\\/\\\/schema.org\",\"@graph\":[{\"@type\":\"Article\",\"@id\":\"https:\\\/\\\/kt.gov.rs\\\/sq\\\/qytetaret-e-bujanocit-vuajne-nga-zemra\\\/#article\",\"isPartOf\":{\"@id\":\"https:\\\/\\\/kt.gov.rs\\\/sq\\\/qytetaret-e-bujanocit-vuajne-nga-zemra\\\/\"},\"author\":{\"name\":\"ktmin\",\"@id\":\"https:\\\/\\\/kt.gov.rs\\\/#\\\/schema\\\/person\\\/e426459ddb4173309103390602694571\"},\"headline\":\"QYTETAR\u00cbT E BUJANOCIT VUAJN\u00cb NGA ZEMRA\",\"datePublished\":\"2013-10-01T00:00:00+00:00\",\"dateModified\":\"2024-07-30T20:15:05+00:00\",\"mainEntityOfPage\":{\"@id\":\"https:\\\/\\\/kt.gov.rs\\\/sq\\\/qytetaret-e-bujanocit-vuajne-nga-zemra\\\/\"},\"wordCount\":545,\"publisher\":{\"@id\":\"https:\\\/\\\/kt.gov.rs\\\/#organization\"},\"image\":{\"@id\":\"https:\\\/\\\/kt.gov.rs\\\/sq\\\/qytetaret-e-bujanocit-vuajne-nga-zemra\\\/#primaryimage\"},\"thumbnailUrl\":\"https:\\\/\\\/kt.gov.rs\\\/wp-content\\\/uploads\\\/2024\\\/07\\\/newspic272v-5.jpg\",\"articleSection\":[\"Lajme\"],\"inLanguage\":\"sq-AL\"},{\"@type\":\"WebPage\",\"@id\":\"https:\\\/\\\/kt.gov.rs\\\/sq\\\/qytetaret-e-bujanocit-vuajne-nga-zemra\\\/\",\"url\":\"https:\\\/\\\/kt.gov.rs\\\/sq\\\/qytetaret-e-bujanocit-vuajne-nga-zemra\\\/\",\"name\":\"QYTETAR\u00cbT E BUJANOCIT VUAJN\u00cb NGA ZEMRA - Republika e S\u00ebrbis\u00eb Trupi Koordinues p\u00ebr komunat Bujanoc, Preshev\u00eb dhe Medvegj\u00eb\",\"isPartOf\":{\"@id\":\"https:\\\/\\\/kt.gov.rs\\\/#website\"},\"primaryImageOfPage\":{\"@id\":\"https:\\\/\\\/kt.gov.rs\\\/sq\\\/qytetaret-e-bujanocit-vuajne-nga-zemra\\\/#primaryimage\"},\"image\":{\"@id\":\"https:\\\/\\\/kt.gov.rs\\\/sq\\\/qytetaret-e-bujanocit-vuajne-nga-zemra\\\/#primaryimage\"},\"thumbnailUrl\":\"https:\\\/\\\/kt.gov.rs\\\/wp-content\\\/uploads\\\/2024\\\/07\\\/newspic272v-5.jpg\",\"datePublished\":\"2013-10-01T00:00:00+00:00\",\"dateModified\":\"2024-07-30T20:15:05+00:00\",\"breadcrumb\":{\"@id\":\"https:\\\/\\\/kt.gov.rs\\\/sq\\\/qytetaret-e-bujanocit-vuajne-nga-zemra\\\/#breadcrumb\"},\"inLanguage\":\"sq-AL\",\"potentialAction\":[{\"@type\":\"ReadAction\",\"target\":[\"https:\\\/\\\/kt.gov.rs\\\/sq\\\/qytetaret-e-bujanocit-vuajne-nga-zemra\\\/\"]}]},{\"@type\":\"ImageObject\",\"inLanguage\":\"sq-AL\",\"@id\":\"https:\\\/\\\/kt.gov.rs\\\/sq\\\/qytetaret-e-bujanocit-vuajne-nga-zemra\\\/#primaryimage\",\"url\":\"https:\\\/\\\/kt.gov.rs\\\/wp-content\\\/uploads\\\/2024\\\/07\\\/newspic272v-5.jpg\",\"contentUrl\":\"https:\\\/\\\/kt.gov.rs\\\/wp-content\\\/uploads\\\/2024\\\/07\\\/newspic272v-5.jpg\",\"width\":315,\"height\":180},{\"@type\":\"BreadcrumbList\",\"@id\":\"https:\\\/\\\/kt.gov.rs\\\/sq\\\/qytetaret-e-bujanocit-vuajne-nga-zemra\\\/#breadcrumb\",\"itemListElement\":[{\"@type\":\"ListItem\",\"position\":1,\"name\":\"\u041f\u043e\u0447\u0435\u0442\u043d\u0430\",\"item\":\"https:\\\/\\\/kt.gov.rs\\\/sq\\\/\"},{\"@type\":\"ListItem\",\"position\":2,\"name\":\"QYTETAR\u00cbT E BUJANOCIT VUAJN\u00cb NGA ZEMRA\"}]},{\"@type\":\"WebSite\",\"@id\":\"https:\\\/\\\/kt.gov.rs\\\/#website\",\"url\":\"https:\\\/\\\/kt.gov.rs\\\/\",\"name\":\"\u041a\u043e\u043e\u0440\u0434\u0438\u043d\u0430\u0446\u0438\u043e\u043d\u043e \u0442\u0435\u043b\u043e \u0412\u043b\u0430\u0434\u0435 \u0420\u0435\u043f\u0443\u0431\u043b\u0438\u043a\u0435 \u0421\u0440\u0431\u0438\u0458\u0435 \u0437\u0430 \u043e\u043f\u0448\u0442\u0438\u043d\u0435 \u041f\u0440\u0435\u0448\u0435\u0432\u043e, \u0411\u0443\u0458\u0430\u043d\u043e\u0432\u0430\u0446 \u0438 \u041c\u0435\u0434\u0432\u0435\u0452a\",\"description\":\"\",\"publisher\":{\"@id\":\"https:\\\/\\\/kt.gov.rs\\\/#organization\"},\"alternateName\":\"\u041a\u043e\u043e\u0440\u0434\u0438\u043d\u0430\u0446\u0438\u043e\u043d\u043e \u0442\u0435\u043b\u043e\",\"potentialAction\":[{\"@type\":\"SearchAction\",\"target\":{\"@type\":\"EntryPoint\",\"urlTemplate\":\"https:\\\/\\\/kt.gov.rs\\\/?s={search_term_string}\"},\"query-input\":{\"@type\":\"PropertyValueSpecification\",\"valueRequired\":true,\"valueName\":\"search_term_string\"}}],\"inLanguage\":\"sq-AL\"},{\"@type\":\"Organization\",\"@id\":\"https:\\\/\\\/kt.gov.rs\\\/#organization\",\"name\":\"\u041a\u043e\u043e\u0440\u0434\u0438\u043d\u0430\u0446\u0438\u043e\u043d\u043e \u0442\u0435\u043b\u043e \u0412\u043b\u0430\u0434\u0435 \u0420\u0435\u043f\u0443\u0431\u043b\u0438\u043a\u0435 \u0421\u0440\u0431\u0438\u0458\u0435 \u0437\u0430 \u043e\u043f\u0448\u0442\u0438\u043d\u0435 \u041f\u0440\u0435\u0448\u0435\u0432\u043e, \u0411\u0443\u0458\u0430\u043d\u043e\u0432\u0430\u0446 \u0438 \u041c\u0435\u0434\u0432\u0435\u0452a\",\"alternateName\":\"\u041a\u043e\u043e\u0440\u0434\u0438\u043d\u0430\u0446\u0438\u043e\u043d\u043e \u0442\u0435\u043b\u043e\",\"url\":\"https:\\\/\\\/kt.gov.rs\\\/\",\"logo\":{\"@type\":\"ImageObject\",\"inLanguage\":\"sq-AL\",\"@id\":\"https:\\\/\\\/kt.gov.rs\\\/#\\\/schema\\\/logo\\\/image\\\/\",\"url\":\"https:\\\/\\\/kt.gov.rs\\\/wp-content\\\/uploads\\\/2024\\\/12\\\/koord2.jpg\",\"contentUrl\":\"https:\\\/\\\/kt.gov.rs\\\/wp-content\\\/uploads\\\/2024\\\/12\\\/koord2.jpg\",\"width\":640,\"height\":480,\"caption\":\"\u041a\u043e\u043e\u0440\u0434\u0438\u043d\u0430\u0446\u0438\u043e\u043d\u043e \u0442\u0435\u043b\u043e \u0412\u043b\u0430\u0434\u0435 \u0420\u0435\u043f\u0443\u0431\u043b\u0438\u043a\u0435 \u0421\u0440\u0431\u0438\u0458\u0435 \u0437\u0430 \u043e\u043f\u0448\u0442\u0438\u043d\u0435 \u041f\u0440\u0435\u0448\u0435\u0432\u043e, \u0411\u0443\u0458\u0430\u043d\u043e\u0432\u0430\u0446 \u0438 \u041c\u0435\u0434\u0432\u0435\u0452a\"},\"image\":{\"@id\":\"https:\\\/\\\/kt.gov.rs\\\/#\\\/schema\\\/logo\\\/image\\\/\"},\"sameAs\":[\"https:\\\/\\\/www.facebook.com\\\/SluzbaKoordinacionogTelaVladeRepublikeSrbije\",\"https:\\\/\\\/x.com\\\/kt_gov\",\"https:\\\/\\\/www.youtube.com\\\/@koordinacionotelo\"]},{\"@type\":\"Person\",\"@id\":\"https:\\\/\\\/kt.gov.rs\\\/#\\\/schema\\\/person\\\/e426459ddb4173309103390602694571\",\"name\":\"ktmin\",\"image\":{\"@type\":\"ImageObject\",\"inLanguage\":\"sq-AL\",\"@id\":\"https:\\\/\\\/secure.gravatar.com\\\/avatar\\\/3985c961109853010c3fbc7ba30365bfba5db3dd6c525831d9c595c7525a615a?s=96&d=mm&r=g\",\"url\":\"https:\\\/\\\/secure.gravatar.com\\\/avatar\\\/3985c961109853010c3fbc7ba30365bfba5db3dd6c525831d9c595c7525a615a?s=96&d=mm&r=g\",\"contentUrl\":\"https:\\\/\\\/secure.gravatar.com\\\/avatar\\\/3985c961109853010c3fbc7ba30365bfba5db3dd6c525831d9c595c7525a615a?s=96&d=mm&r=g\",\"caption\":\"ktmin\"},\"sameAs\":[\"https:\\\/\\\/kt.gov.rs\"],\"url\":\"https:\\\/\\\/kt.gov.rs\\\/sq\\\/author\\\/ktmin\\\/\"}]}<\/script>\n<!-- \/ Yoast SEO plugin. -->","yoast_head_json":{"title":"QYTETAR\u00cbT E BUJANOCIT VUAJN\u00cb NGA ZEMRA - Republika e S\u00ebrbis\u00eb Trupi Koordinues p\u00ebr komunat Bujanoc, Preshev\u00eb dhe Medvegj\u00eb","robots":{"index":"index","follow":"follow","max-snippet":"max-snippet:-1","max-image-preview":"max-image-preview:large","max-video-preview":"max-video-preview:-1"},"canonical":"https:\/\/kt.gov.rs\/sq\/qytetaret-e-bujanocit-vuajne-nga-zemra\/","og_locale":"sq_AL","og_type":"article","og_title":"QYTETAR\u00cbT E BUJANOCIT VUAJN\u00cb NGA ZEMRA - Republika e S\u00ebrbis\u00eb Trupi Koordinues p\u00ebr komunat Bujanoc, Preshev\u00eb dhe Medvegj\u00eb","og_description":"N\u00eb Dit\u00ebn Nd\u00ebrkomb\u00ebtare t\u00eb zemr\u00ebs mjek\u00ebt n\u00eb Sht\u00ebpin\u00eb e Sh\u00ebndetit n\u00eb Bujanoc thon\u00eb se 70 deri n\u00eb 80 p\u00ebr qind e pacient\u00ebve q\u00eb vizitohen n\u00eb k\u00ebt\u00eb institucion vuajn\u00eb nga s\u00ebmundjet kardiovaskulare.","og_url":"https:\/\/kt.gov.rs\/sq\/qytetaret-e-bujanocit-vuajne-nga-zemra\/","og_site_name":"Republika e S\u00ebrbis\u00eb Trupi Koordinues p\u00ebr komunat Bujanoc, Preshev\u00eb dhe Medvegj\u00eb","article_publisher":"https:\/\/www.facebook.com\/SluzbaKoordinacionogTelaVladeRepublikeSrbije","article_published_time":"2013-10-01T00:00:00+00:00","article_modified_time":"2024-07-30T20:15:05+00:00","og_image":[{"width":315,"height":180,"url":"https:\/\/kt.gov.rs\/wp-content\/uploads\/2024\/07\/newspic272v-5.jpg","type":"image\/jpeg"}],"author":"ktmin","twitter_card":"summary_large_image","twitter_creator":"@kt_gov","twitter_site":"@kt_gov","twitter_misc":{"Written by":"ktmin","Est. reading time":"3 minutes"},"schema":{"@context":"https:\/\/schema.org","@graph":[{"@type":"Article","@id":"https:\/\/kt.gov.rs\/sq\/qytetaret-e-bujanocit-vuajne-nga-zemra\/#article","isPartOf":{"@id":"https:\/\/kt.gov.rs\/sq\/qytetaret-e-bujanocit-vuajne-nga-zemra\/"},"author":{"name":"ktmin","@id":"https:\/\/kt.gov.rs\/#\/schema\/person\/e426459ddb4173309103390602694571"},"headline":"QYTETAR\u00cbT E BUJANOCIT VUAJN\u00cb NGA ZEMRA","datePublished":"2013-10-01T00:00:00+00:00","dateModified":"2024-07-30T20:15:05+00:00","mainEntityOfPage":{"@id":"https:\/\/kt.gov.rs\/sq\/qytetaret-e-bujanocit-vuajne-nga-zemra\/"},"wordCount":545,"publisher":{"@id":"https:\/\/kt.gov.rs\/#organization"},"image":{"@id":"https:\/\/kt.gov.rs\/sq\/qytetaret-e-bujanocit-vuajne-nga-zemra\/#primaryimage"},"thumbnailUrl":"https:\/\/kt.gov.rs\/wp-content\/uploads\/2024\/07\/newspic272v-5.jpg","articleSection":["Lajme"],"inLanguage":"sq-AL"},{"@type":"WebPage","@id":"https:\/\/kt.gov.rs\/sq\/qytetaret-e-bujanocit-vuajne-nga-zemra\/","url":"https:\/\/kt.gov.rs\/sq\/qytetaret-e-bujanocit-vuajne-nga-zemra\/","name":"QYTETAR\u00cbT E BUJANOCIT VUAJN\u00cb NGA ZEMRA - Republika e S\u00ebrbis\u00eb Trupi Koordinues p\u00ebr komunat Bujanoc, Preshev\u00eb dhe Medvegj\u00eb","isPartOf":{"@id":"https:\/\/kt.gov.rs\/#website"},"primaryImageOfPage":{"@id":"https:\/\/kt.gov.rs\/sq\/qytetaret-e-bujanocit-vuajne-nga-zemra\/#primaryimage"},"image":{"@id":"https:\/\/kt.gov.rs\/sq\/qytetaret-e-bujanocit-vuajne-nga-zemra\/#primaryimage"},"thumbnailUrl":"https:\/\/kt.gov.rs\/wp-content\/uploads\/2024\/07\/newspic272v-5.jpg","datePublished":"2013-10-01T00:00:00+00:00","dateModified":"2024-07-30T20:15:05+00:00","breadcrumb":{"@id":"https:\/\/kt.gov.rs\/sq\/qytetaret-e-bujanocit-vuajne-nga-zemra\/#breadcrumb"},"inLanguage":"sq-AL","potentialAction":[{"@type":"ReadAction","target":["https:\/\/kt.gov.rs\/sq\/qytetaret-e-bujanocit-vuajne-nga-zemra\/"]}]},{"@type":"ImageObject","inLanguage":"sq-AL","@id":"https:\/\/kt.gov.rs\/sq\/qytetaret-e-bujanocit-vuajne-nga-zemra\/#primaryimage","url":"https:\/\/kt.gov.rs\/wp-content\/uploads\/2024\/07\/newspic272v-5.jpg","contentUrl":"https:\/\/kt.gov.rs\/wp-content\/uploads\/2024\/07\/newspic272v-5.jpg","width":315,"height":180},{"@type":"BreadcrumbList","@id":"https:\/\/kt.gov.rs\/sq\/qytetaret-e-bujanocit-vuajne-nga-zemra\/#breadcrumb","itemListElement":[{"@type":"ListItem","position":1,"name":"\u041f\u043e\u0447\u0435\u0442\u043d\u0430","item":"https:\/\/kt.gov.rs\/sq\/"},{"@type":"ListItem","position":2,"name":"QYTETAR\u00cbT E BUJANOCIT VUAJN\u00cb NGA ZEMRA"}]},{"@type":"WebSite","@id":"https:\/\/kt.gov.rs\/#website","url":"https:\/\/kt.gov.rs\/","name":"\u041a\u043e\u043e\u0440\u0434\u0438\u043d\u0430\u0446\u0438\u043e\u043d\u043e \u0442\u0435\u043b\u043e \u0412\u043b\u0430\u0434\u0435 \u0420\u0435\u043f\u0443\u0431\u043b\u0438\u043a\u0435 \u0421\u0440\u0431\u0438\u0458\u0435 \u0437\u0430 \u043e\u043f\u0448\u0442\u0438\u043d\u0435 \u041f\u0440\u0435\u0448\u0435\u0432\u043e, \u0411\u0443\u0458\u0430\u043d\u043e\u0432\u0430\u0446 \u0438 \u041c\u0435\u0434\u0432\u0435\u0452a","description":"","publisher":{"@id":"https:\/\/kt.gov.rs\/#organization"},"alternateName":"\u041a\u043e\u043e\u0440\u0434\u0438\u043d\u0430\u0446\u0438\u043e\u043d\u043e \u0442\u0435\u043b\u043e","potentialAction":[{"@type":"SearchAction","target":{"@type":"EntryPoint","urlTemplate":"https:\/\/kt.gov.rs\/?s={search_term_string}"},"query-input":{"@type":"PropertyValueSpecification","valueRequired":true,"valueName":"search_term_string"}}],"inLanguage":"sq-AL"},{"@type":"Organization","@id":"https:\/\/kt.gov.rs\/#organization","name":"\u041a\u043e\u043e\u0440\u0434\u0438\u043d\u0430\u0446\u0438\u043e\u043d\u043e \u0442\u0435\u043b\u043e \u0412\u043b\u0430\u0434\u0435 \u0420\u0435\u043f\u0443\u0431\u043b\u0438\u043a\u0435 \u0421\u0440\u0431\u0438\u0458\u0435 \u0437\u0430 \u043e\u043f\u0448\u0442\u0438\u043d\u0435 \u041f\u0440\u0435\u0448\u0435\u0432\u043e, \u0411\u0443\u0458\u0430\u043d\u043e\u0432\u0430\u0446 \u0438 \u041c\u0435\u0434\u0432\u0435\u0452a","alternateName":"\u041a\u043e\u043e\u0440\u0434\u0438\u043d\u0430\u0446\u0438\u043e\u043d\u043e \u0442\u0435\u043b\u043e","url":"https:\/\/kt.gov.rs\/","logo":{"@type":"ImageObject","inLanguage":"sq-AL","@id":"https:\/\/kt.gov.rs\/#\/schema\/logo\/image\/","url":"https:\/\/kt.gov.rs\/wp-content\/uploads\/2024\/12\/koord2.jpg","contentUrl":"https:\/\/kt.gov.rs\/wp-content\/uploads\/2024\/12\/koord2.jpg","width":640,"height":480,"caption":"\u041a\u043e\u043e\u0440\u0434\u0438\u043d\u0430\u0446\u0438\u043e\u043d\u043e \u0442\u0435\u043b\u043e \u0412\u043b\u0430\u0434\u0435 \u0420\u0435\u043f\u0443\u0431\u043b\u0438\u043a\u0435 \u0421\u0440\u0431\u0438\u0458\u0435 \u0437\u0430 \u043e\u043f\u0448\u0442\u0438\u043d\u0435 \u041f\u0440\u0435\u0448\u0435\u0432\u043e, \u0411\u0443\u0458\u0430\u043d\u043e\u0432\u0430\u0446 \u0438 \u041c\u0435\u0434\u0432\u0435\u0452a"},"image":{"@id":"https:\/\/kt.gov.rs\/#\/schema\/logo\/image\/"},"sameAs":["https:\/\/www.facebook.com\/SluzbaKoordinacionogTelaVladeRepublikeSrbije","https:\/\/x.com\/kt_gov","https:\/\/www.youtube.com\/@koordinacionotelo"]},{"@type":"Person","@id":"https:\/\/kt.gov.rs\/#\/schema\/person\/e426459ddb4173309103390602694571","name":"ktmin","image":{"@type":"ImageObject","inLanguage":"sq-AL","@id":"https:\/\/secure.gravatar.com\/avatar\/3985c961109853010c3fbc7ba30365bfba5db3dd6c525831d9c595c7525a615a?s=96&d=mm&r=g","url":"https:\/\/secure.gravatar.com\/avatar\/3985c961109853010c3fbc7ba30365bfba5db3dd6c525831d9c595c7525a615a?s=96&d=mm&r=g","contentUrl":"https:\/\/secure.gravatar.com\/avatar\/3985c961109853010c3fbc7ba30365bfba5db3dd6c525831d9c595c7525a615a?s=96&d=mm&r=g","caption":"ktmin"},"sameAs":["https:\/\/kt.gov.rs"],"url":"https:\/\/kt.gov.rs\/sq\/author\/ktmin\/"}]}},"_links":{"self":[{"href":"https:\/\/kt.gov.rs\/sq\/wp-json\/wp\/v2\/posts\/140452","targetHints":{"allow":["GET"]}}],"collection":[{"href":"https:\/\/kt.gov.rs\/sq\/wp-json\/wp\/v2\/posts"}],"about":[{"href":"https:\/\/kt.gov.rs\/sq\/wp-json\/wp\/v2\/types\/post"}],"author":[{"embeddable":true,"href":"https:\/\/kt.gov.rs\/sq\/wp-json\/wp\/v2\/users\/1"}],"replies":[{"embeddable":true,"href":"https:\/\/kt.gov.rs\/sq\/wp-json\/wp\/v2\/comments?post=140452"}],"version-history":[{"count":1,"href":"https:\/\/kt.gov.rs\/sq\/wp-json\/wp\/v2\/posts\/140452\/revisions"}],"predecessor-version":[{"id":140456,"href":"https:\/\/kt.gov.rs\/sq\/wp-json\/wp\/v2\/posts\/140452\/revisions\/140456"}],"wp:featuredmedia":[{"embeddable":true,"href":"https:\/\/kt.gov.rs\/sq\/wp-json\/wp\/v2\/media\/140457"}],"wp:attachment":[{"href":"https:\/\/kt.gov.rs\/sq\/wp-json\/wp\/v2\/media?parent=140452"}],"wp:term":[{"taxonomy":"category","embeddable":true,"href":"https:\/\/kt.gov.rs\/sq\/wp-json\/wp\/v2\/categories?post=140452"},{"taxonomy":"post_tag","embeddable":true,"href":"https:\/\/kt.gov.rs\/sq\/wp-json\/wp\/v2\/tags?post=140452"}],"curies":[{"name":"wp","href":"https:\/\/api.w.org\/{rel}","templated":true}]}}