{"id":140420,"date":"2013-10-04T00:00:00","date_gmt":"2013-10-04T00:00:00","guid":{"rendered":"http:\/\/kt.printandscreen.rs\/thirrje-per-media-04-10-2013\/"},"modified":"2024-07-30T20:15:02","modified_gmt":"2024-07-30T20:15:02","slug":"thirrje-per-media-04-10-2013","status":"publish","type":"post","link":"https:\/\/kt.gov.rs\/sq\/thirrje-per-media-04-10-2013\/","title":{"rendered":"THIRRJE P\u00cbR MEDIA \u2013 04.10.2013."},"content":{"rendered":"<p>\n\t<img decoding=\"async\" alt=\"\" src=\"https:\/\/kt.gov.rs\/wp-content\/uploads\/2024\/07\/newspic_sm-328.jpg\" style=\"width: 315px; height: 180px; float: left;\" \/>Ju ftojm\u00eb t\u00eb h\u00ebn\u00ebn dhe t\u00eb mart\u00ebn <strong>07. dhe 08. tetor t\u00eb p\u00ebrcjellni vizit\u00ebn puntore t\u00eb Zoran Stankoviqit, kryetarit t\u00eb Trupit Koordinues p\u00ebt komun\u00ebn e Preshev\u00ebs Bujanocit dhe Medvegj\u00ebs, n\u00eb Bujanoc. Pas\u00eb \u00e7do takimi t\u00eb k\u00ebsaj vizite dy ditore \u00ebsht\u00eb parapar\u00eb deklarat p\u00ebr media. <\/strong><\/p>\n<p>\n\tKryetari i Trupit Koordinues vizit\u00ebn e fillon t\u00eb <strong>\u00a0h\u00ebn\u00ebn 07. tetor n\u00eb ora 10 <\/strong>takim me lider\u00ebt e partive politike serbe n\u00eb hapsirat e Trupit Kordinues.<\/p>\n<p>\n\tM\u00eb pas\u00eb, n\u00eb 11:15 do t\u00eb vazhdoj takimin Stankoviqi me Majk\u00ebll Devemportin, shefin e delegacionit t\u00eb bashkomit Europjan n\u00eb S\u00ebrbi.<\/p>\n<p>\n\tM\u00eb pas\u00eb, vazhdon n\u00eb <strong>ora<\/strong> <strong>12 <\/strong>\u00a0takim me kryetarin e komun\u00ebs Bujanocit Nagip Arifin dhe me sekretarin shtetror nga Ministri e Arsimit, shkenc\u00ebs dhe zhvillimit teknologjik, Muhedinom Fiulaninom.<\/p>\n<p>\n\t<strong>N\u00eb ora 13 n\u00eb Sht\u00ebpi t\u00eb kultur\u00ebs sala e madhe <\/strong>do t\u00eb mbahet promovimi solemn i gjenerat\u00ebs tret\u00eb t\u00eb student\u00ebve paralelja e Fakultetit Ekonomik nga Subotica.<\/p>\n<p>\n\tN\u00eb solemnitet n\u00eb mes tjerash do t\u00eb mbaj fjalim Nenad Vunjak, dekan i Fakultetit Ekonomik nga Subotica, Nagip Arifi, kryetar i komun\u00ebs Bujanocit, Miroslav Veskoviq, rekotor i Univesitetit t\u00eb Novi Sadit, Vullnet Ameti, rektor i Univesitetit t\u00eb Tetov\u00ebs, Muhedin Fijulanin, sekretar shtetror nga Ministria e arsimit, shkenc\u00ebs dhe zhvillimit teknologjik, prof.dr. Zoran Stankoviqi, kryetari i Trupit Koordinues, student\u00ebt e paralel\u00ebs s\u00eb Fakultetit ekonomik n\u00eb Bujanoc, Majk\u00ebll Devemport, shef i delehgacionit t\u00eb bashkomit Europjan, Galip Beqiri, kryetar i K\u00ebshillit Komb\u00ebtar Shqiptar, Piter Burhard, shef i misionit t\u00eb OSBE-s\u00eb n\u00eb S\u00ebrbi.<\/p>\n<p>\n\t<strong>N\u00eb ora <\/strong><strong>15 do t\u00eb mbahet mbledhje n\u00eb hapsirat e paralel\u00ebs Fakultetit Ekonomik <\/strong>\u00a0kryetari i Trupit Koordinues preofesori Zoran Stankoviqi, dekani i Fakultetit ekonomik Nenad Vunjak, sekretari shtetror n\u00eb Ministrin e arsimit,shkencav dhe zhvillimit teknologjik Muhedin Fijulanin, shefi i delgacionit t\u00eb BE-s\u00eb, Majk\u00ebll Devemport, ambasadori i OSBE-s\u00eb, Piter Burhard, kryetari i komun\u00ebs s\u00eb Bujanocit, Nagip Arifi, kryetari i K\u00ebshillit Komb\u00ebtar Shqiptar, Galip Beqiri.<\/p>\n<p>\n\t<strong>T\u00eb mart\u00ebn 08. tetor <\/strong>kryetari i Trupit Koordinues Stankoviqi do t\u00eb bisedoj me u.d. drejtorin e Gumopllastik\u00ebs, Nenad Ristiqin q\u00eb m\u00eb pas\u00eb do t\u00eb vizitojn\u00eb fabrik\u00ebn. <strong>\u00a0N\u00eb 12:30 <\/strong>jan\u00eb t\u00eb parapara deklarat p\u00ebr media.<\/p>\n<p>\n\t<strong>Nga ora 13 <\/strong>\u00a0kryetari i Trupit Koordinues do t\u00eb q\u00ebndroj n\u00eb sall\u00ebn e vog\u00ebl t\u00eb Sht\u00ebpis kultur\u00ebs n\u00eb Bujanoc me nd\u00ebrrmarsit nga Presheva, Bujanoci dhe Medvegja t\u00eb cil\u00ebt kan\u00eb marr\u00eb sumbvencione nga Trupi Koordinues n\u00eb vitin 2013.<\/p>\n<p>\n\t\u00a0<\/p>\n","protected":false},"excerpt":{"rendered":"<p>Ju ftojm\u00eb t\u00eb h\u00ebn\u00ebn dhe t\u00eb mart\u00ebn 07. dhe 08. tetor t\u00eb p\u00ebrcjellni vizit\u00ebn puntore t\u00eb Zoran Stankoviqit, kryetarit t\u00eb Trupit Koordinues p\u00ebt komun\u00ebn e Preshev\u00ebs Bujanocit dhe Medvegj\u00ebs, n\u00eb Bujanoc. Pas\u00eb \u00e7do takimi t\u00eb k\u00ebsaj vizite dy ditore \u00ebsht\u00eb parapar\u00eb deklarat p\u00ebr media.<\/p>\n","protected":false},"author":1,"featured_media":140425,"comment_status":"closed","ping_status":"closed","sticky":false,"template":"","format":"standard","meta":{"footnotes":""},"categories":[55],"tags":[],"class_list":["post-140420","post","type-post","status-publish","format-standard","has-post-thumbnail","hentry","category-lajme"],"yoast_head":"<!-- This site is optimized with the Yoast SEO plugin v27.5 - https:\/\/yoast.com\/product\/yoast-seo-wordpress\/ -->\n<title>THIRRJE P\u00cbR MEDIA - 04.10.2013. - Republika e S\u00ebrbis\u00eb Trupi Koordinues p\u00ebr komunat Bujanoc, Preshev\u00eb dhe Medvegj\u00eb<\/title>\n<meta name=\"robots\" content=\"index, follow, max-snippet:-1, max-image-preview:large, max-video-preview:-1\" \/>\n<link rel=\"canonical\" href=\"https:\/\/kt.gov.rs\/sq\/thirrje-per-media-04-10-2013\/\" \/>\n<meta property=\"og:locale\" content=\"sq_AL\" \/>\n<meta property=\"og:type\" content=\"article\" \/>\n<meta property=\"og:title\" content=\"THIRRJE P\u00cbR MEDIA - 04.10.2013. - Republika e S\u00ebrbis\u00eb Trupi Koordinues p\u00ebr komunat Bujanoc, Preshev\u00eb dhe Medvegj\u00eb\" \/>\n<meta property=\"og:description\" content=\"Ju ftojm\u00eb t\u00eb h\u00ebn\u00ebn dhe t\u00eb mart\u00ebn 07. dhe 08. tetor t\u00eb p\u00ebrcjellni vizit\u00ebn puntore t\u00eb Zoran Stankoviqit, kryetarit t\u00eb Trupit Koordinues p\u00ebt komun\u00ebn e Preshev\u00ebs Bujanocit dhe Medvegj\u00ebs, n\u00eb Bujanoc. Pas\u00eb \u00e7do takimi t\u00eb k\u00ebsaj vizite dy ditore \u00ebsht\u00eb parapar\u00eb deklarat p\u00ebr media.\" \/>\n<meta property=\"og:url\" content=\"https:\/\/kt.gov.rs\/sq\/thirrje-per-media-04-10-2013\/\" \/>\n<meta property=\"og:site_name\" content=\"Republika e S\u00ebrbis\u00eb Trupi Koordinues p\u00ebr komunat Bujanoc, Preshev\u00eb dhe Medvegj\u00eb\" \/>\n<meta property=\"article:publisher\" content=\"https:\/\/www.facebook.com\/SluzbaKoordinacionogTelaVladeRepublikeSrbije\" \/>\n<meta property=\"article:published_time\" content=\"2013-10-04T00:00:00+00:00\" \/>\n<meta property=\"article:modified_time\" content=\"2024-07-30T20:15:02+00:00\" \/>\n<meta property=\"og:image\" content=\"https:\/\/kt.gov.rs\/wp-content\/uploads\/2024\/07\/newspic_sm-329.jpg\" \/>\n\t<meta property=\"og:image:width\" content=\"315\" \/>\n\t<meta property=\"og:image:height\" content=\"180\" \/>\n\t<meta property=\"og:image:type\" content=\"image\/jpeg\" \/>\n<meta name=\"author\" content=\"ktmin\" \/>\n<meta name=\"twitter:card\" content=\"summary_large_image\" \/>\n<meta name=\"twitter:creator\" content=\"@kt_gov\" \/>\n<meta name=\"twitter:site\" content=\"@kt_gov\" \/>\n<meta name=\"twitter:label1\" content=\"Written by\" \/>\n\t<meta name=\"twitter:data1\" content=\"ktmin\" \/>\n\t<meta name=\"twitter:label2\" content=\"Est. reading time\" \/>\n\t<meta name=\"twitter:data2\" content=\"3 minutes\" \/>\n<script type=\"application\/ld+json\" class=\"yoast-schema-graph\">{\"@context\":\"https:\\\/\\\/schema.org\",\"@graph\":[{\"@type\":\"Article\",\"@id\":\"https:\\\/\\\/kt.gov.rs\\\/sq\\\/thirrje-per-media-04-10-2013\\\/#article\",\"isPartOf\":{\"@id\":\"https:\\\/\\\/kt.gov.rs\\\/sq\\\/thirrje-per-media-04-10-2013\\\/\"},\"author\":{\"name\":\"ktmin\",\"@id\":\"https:\\\/\\\/kt.gov.rs\\\/#\\\/schema\\\/person\\\/e426459ddb4173309103390602694571\"},\"headline\":\"THIRRJE P\u00cbR MEDIA \u2013 04.10.2013.\",\"datePublished\":\"2013-10-04T00:00:00+00:00\",\"dateModified\":\"2024-07-30T20:15:02+00:00\",\"mainEntityOfPage\":{\"@id\":\"https:\\\/\\\/kt.gov.rs\\\/sq\\\/thirrje-per-media-04-10-2013\\\/\"},\"wordCount\":533,\"publisher\":{\"@id\":\"https:\\\/\\\/kt.gov.rs\\\/#organization\"},\"image\":{\"@id\":\"https:\\\/\\\/kt.gov.rs\\\/sq\\\/thirrje-per-media-04-10-2013\\\/#primaryimage\"},\"thumbnailUrl\":\"https:\\\/\\\/kt.gov.rs\\\/wp-content\\\/uploads\\\/2024\\\/07\\\/newspic_sm-329.jpg\",\"articleSection\":[\"Lajme\"],\"inLanguage\":\"sq-AL\"},{\"@type\":\"WebPage\",\"@id\":\"https:\\\/\\\/kt.gov.rs\\\/sq\\\/thirrje-per-media-04-10-2013\\\/\",\"url\":\"https:\\\/\\\/kt.gov.rs\\\/sq\\\/thirrje-per-media-04-10-2013\\\/\",\"name\":\"THIRRJE P\u00cbR MEDIA - 04.10.2013. - Republika e S\u00ebrbis\u00eb Trupi Koordinues p\u00ebr komunat Bujanoc, Preshev\u00eb dhe Medvegj\u00eb\",\"isPartOf\":{\"@id\":\"https:\\\/\\\/kt.gov.rs\\\/#website\"},\"primaryImageOfPage\":{\"@id\":\"https:\\\/\\\/kt.gov.rs\\\/sq\\\/thirrje-per-media-04-10-2013\\\/#primaryimage\"},\"image\":{\"@id\":\"https:\\\/\\\/kt.gov.rs\\\/sq\\\/thirrje-per-media-04-10-2013\\\/#primaryimage\"},\"thumbnailUrl\":\"https:\\\/\\\/kt.gov.rs\\\/wp-content\\\/uploads\\\/2024\\\/07\\\/newspic_sm-329.jpg\",\"datePublished\":\"2013-10-04T00:00:00+00:00\",\"dateModified\":\"2024-07-30T20:15:02+00:00\",\"breadcrumb\":{\"@id\":\"https:\\\/\\\/kt.gov.rs\\\/sq\\\/thirrje-per-media-04-10-2013\\\/#breadcrumb\"},\"inLanguage\":\"sq-AL\",\"potentialAction\":[{\"@type\":\"ReadAction\",\"target\":[\"https:\\\/\\\/kt.gov.rs\\\/sq\\\/thirrje-per-media-04-10-2013\\\/\"]}]},{\"@type\":\"ImageObject\",\"inLanguage\":\"sq-AL\",\"@id\":\"https:\\\/\\\/kt.gov.rs\\\/sq\\\/thirrje-per-media-04-10-2013\\\/#primaryimage\",\"url\":\"https:\\\/\\\/kt.gov.rs\\\/wp-content\\\/uploads\\\/2024\\\/07\\\/newspic_sm-329.jpg\",\"contentUrl\":\"https:\\\/\\\/kt.gov.rs\\\/wp-content\\\/uploads\\\/2024\\\/07\\\/newspic_sm-329.jpg\",\"width\":315,\"height\":180},{\"@type\":\"BreadcrumbList\",\"@id\":\"https:\\\/\\\/kt.gov.rs\\\/sq\\\/thirrje-per-media-04-10-2013\\\/#breadcrumb\",\"itemListElement\":[{\"@type\":\"ListItem\",\"position\":1,\"name\":\"\u041f\u043e\u0447\u0435\u0442\u043d\u0430\",\"item\":\"https:\\\/\\\/kt.gov.rs\\\/sq\\\/\"},{\"@type\":\"ListItem\",\"position\":2,\"name\":\"THIRRJE P\u00cbR MEDIA \u2013 04.10.2013.\"}]},{\"@type\":\"WebSite\",\"@id\":\"https:\\\/\\\/kt.gov.rs\\\/#website\",\"url\":\"https:\\\/\\\/kt.gov.rs\\\/\",\"name\":\"\u041a\u043e\u043e\u0440\u0434\u0438\u043d\u0430\u0446\u0438\u043e\u043d\u043e \u0442\u0435\u043b\u043e \u0412\u043b\u0430\u0434\u0435 \u0420\u0435\u043f\u0443\u0431\u043b\u0438\u043a\u0435 \u0421\u0440\u0431\u0438\u0458\u0435 \u0437\u0430 \u043e\u043f\u0448\u0442\u0438\u043d\u0435 \u041f\u0440\u0435\u0448\u0435\u0432\u043e, \u0411\u0443\u0458\u0430\u043d\u043e\u0432\u0430\u0446 \u0438 \u041c\u0435\u0434\u0432\u0435\u0452a\",\"description\":\"\",\"publisher\":{\"@id\":\"https:\\\/\\\/kt.gov.rs\\\/#organization\"},\"alternateName\":\"\u041a\u043e\u043e\u0440\u0434\u0438\u043d\u0430\u0446\u0438\u043e\u043d\u043e \u0442\u0435\u043b\u043e\",\"potentialAction\":[{\"@type\":\"SearchAction\",\"target\":{\"@type\":\"EntryPoint\",\"urlTemplate\":\"https:\\\/\\\/kt.gov.rs\\\/?s={search_term_string}\"},\"query-input\":{\"@type\":\"PropertyValueSpecification\",\"valueRequired\":true,\"valueName\":\"search_term_string\"}}],\"inLanguage\":\"sq-AL\"},{\"@type\":\"Organization\",\"@id\":\"https:\\\/\\\/kt.gov.rs\\\/#organization\",\"name\":\"\u041a\u043e\u043e\u0440\u0434\u0438\u043d\u0430\u0446\u0438\u043e\u043d\u043e \u0442\u0435\u043b\u043e \u0412\u043b\u0430\u0434\u0435 \u0420\u0435\u043f\u0443\u0431\u043b\u0438\u043a\u0435 \u0421\u0440\u0431\u0438\u0458\u0435 \u0437\u0430 \u043e\u043f\u0448\u0442\u0438\u043d\u0435 \u041f\u0440\u0435\u0448\u0435\u0432\u043e, \u0411\u0443\u0458\u0430\u043d\u043e\u0432\u0430\u0446 \u0438 \u041c\u0435\u0434\u0432\u0435\u0452a\",\"alternateName\":\"\u041a\u043e\u043e\u0440\u0434\u0438\u043d\u0430\u0446\u0438\u043e\u043d\u043e \u0442\u0435\u043b\u043e\",\"url\":\"https:\\\/\\\/kt.gov.rs\\\/\",\"logo\":{\"@type\":\"ImageObject\",\"inLanguage\":\"sq-AL\",\"@id\":\"https:\\\/\\\/kt.gov.rs\\\/#\\\/schema\\\/logo\\\/image\\\/\",\"url\":\"https:\\\/\\\/kt.gov.rs\\\/wp-content\\\/uploads\\\/2024\\\/12\\\/koord2.jpg\",\"contentUrl\":\"https:\\\/\\\/kt.gov.rs\\\/wp-content\\\/uploads\\\/2024\\\/12\\\/koord2.jpg\",\"width\":640,\"height\":480,\"caption\":\"\u041a\u043e\u043e\u0440\u0434\u0438\u043d\u0430\u0446\u0438\u043e\u043d\u043e \u0442\u0435\u043b\u043e \u0412\u043b\u0430\u0434\u0435 \u0420\u0435\u043f\u0443\u0431\u043b\u0438\u043a\u0435 \u0421\u0440\u0431\u0438\u0458\u0435 \u0437\u0430 \u043e\u043f\u0448\u0442\u0438\u043d\u0435 \u041f\u0440\u0435\u0448\u0435\u0432\u043e, \u0411\u0443\u0458\u0430\u043d\u043e\u0432\u0430\u0446 \u0438 \u041c\u0435\u0434\u0432\u0435\u0452a\"},\"image\":{\"@id\":\"https:\\\/\\\/kt.gov.rs\\\/#\\\/schema\\\/logo\\\/image\\\/\"},\"sameAs\":[\"https:\\\/\\\/www.facebook.com\\\/SluzbaKoordinacionogTelaVladeRepublikeSrbije\",\"https:\\\/\\\/x.com\\\/kt_gov\",\"https:\\\/\\\/www.youtube.com\\\/@koordinacionotelo\"]},{\"@type\":\"Person\",\"@id\":\"https:\\\/\\\/kt.gov.rs\\\/#\\\/schema\\\/person\\\/e426459ddb4173309103390602694571\",\"name\":\"ktmin\",\"image\":{\"@type\":\"ImageObject\",\"inLanguage\":\"sq-AL\",\"@id\":\"https:\\\/\\\/secure.gravatar.com\\\/avatar\\\/3985c961109853010c3fbc7ba30365bfba5db3dd6c525831d9c595c7525a615a?s=96&d=mm&r=g\",\"url\":\"https:\\\/\\\/secure.gravatar.com\\\/avatar\\\/3985c961109853010c3fbc7ba30365bfba5db3dd6c525831d9c595c7525a615a?s=96&d=mm&r=g\",\"contentUrl\":\"https:\\\/\\\/secure.gravatar.com\\\/avatar\\\/3985c961109853010c3fbc7ba30365bfba5db3dd6c525831d9c595c7525a615a?s=96&d=mm&r=g\",\"caption\":\"ktmin\"},\"sameAs\":[\"https:\\\/\\\/kt.gov.rs\"],\"url\":\"https:\\\/\\\/kt.gov.rs\\\/sq\\\/author\\\/ktmin\\\/\"}]}<\/script>\n<!-- \/ Yoast SEO plugin. -->","yoast_head_json":{"title":"THIRRJE P\u00cbR MEDIA - 04.10.2013. - Republika e S\u00ebrbis\u00eb Trupi Koordinues p\u00ebr komunat Bujanoc, Preshev\u00eb dhe Medvegj\u00eb","robots":{"index":"index","follow":"follow","max-snippet":"max-snippet:-1","max-image-preview":"max-image-preview:large","max-video-preview":"max-video-preview:-1"},"canonical":"https:\/\/kt.gov.rs\/sq\/thirrje-per-media-04-10-2013\/","og_locale":"sq_AL","og_type":"article","og_title":"THIRRJE P\u00cbR MEDIA - 04.10.2013. - Republika e S\u00ebrbis\u00eb Trupi Koordinues p\u00ebr komunat Bujanoc, Preshev\u00eb dhe Medvegj\u00eb","og_description":"Ju ftojm\u00eb t\u00eb h\u00ebn\u00ebn dhe t\u00eb mart\u00ebn 07. dhe 08. tetor t\u00eb p\u00ebrcjellni vizit\u00ebn puntore t\u00eb Zoran Stankoviqit, kryetarit t\u00eb Trupit Koordinues p\u00ebt komun\u00ebn e Preshev\u00ebs Bujanocit dhe Medvegj\u00ebs, n\u00eb Bujanoc. Pas\u00eb \u00e7do takimi t\u00eb k\u00ebsaj vizite dy ditore \u00ebsht\u00eb parapar\u00eb deklarat p\u00ebr media.","og_url":"https:\/\/kt.gov.rs\/sq\/thirrje-per-media-04-10-2013\/","og_site_name":"Republika e S\u00ebrbis\u00eb Trupi Koordinues p\u00ebr komunat Bujanoc, Preshev\u00eb dhe Medvegj\u00eb","article_publisher":"https:\/\/www.facebook.com\/SluzbaKoordinacionogTelaVladeRepublikeSrbije","article_published_time":"2013-10-04T00:00:00+00:00","article_modified_time":"2024-07-30T20:15:02+00:00","og_image":[{"width":315,"height":180,"url":"https:\/\/kt.gov.rs\/wp-content\/uploads\/2024\/07\/newspic_sm-329.jpg","type":"image\/jpeg"}],"author":"ktmin","twitter_card":"summary_large_image","twitter_creator":"@kt_gov","twitter_site":"@kt_gov","twitter_misc":{"Written by":"ktmin","Est. reading time":"3 minutes"},"schema":{"@context":"https:\/\/schema.org","@graph":[{"@type":"Article","@id":"https:\/\/kt.gov.rs\/sq\/thirrje-per-media-04-10-2013\/#article","isPartOf":{"@id":"https:\/\/kt.gov.rs\/sq\/thirrje-per-media-04-10-2013\/"},"author":{"name":"ktmin","@id":"https:\/\/kt.gov.rs\/#\/schema\/person\/e426459ddb4173309103390602694571"},"headline":"THIRRJE P\u00cbR MEDIA \u2013 04.10.2013.","datePublished":"2013-10-04T00:00:00+00:00","dateModified":"2024-07-30T20:15:02+00:00","mainEntityOfPage":{"@id":"https:\/\/kt.gov.rs\/sq\/thirrje-per-media-04-10-2013\/"},"wordCount":533,"publisher":{"@id":"https:\/\/kt.gov.rs\/#organization"},"image":{"@id":"https:\/\/kt.gov.rs\/sq\/thirrje-per-media-04-10-2013\/#primaryimage"},"thumbnailUrl":"https:\/\/kt.gov.rs\/wp-content\/uploads\/2024\/07\/newspic_sm-329.jpg","articleSection":["Lajme"],"inLanguage":"sq-AL"},{"@type":"WebPage","@id":"https:\/\/kt.gov.rs\/sq\/thirrje-per-media-04-10-2013\/","url":"https:\/\/kt.gov.rs\/sq\/thirrje-per-media-04-10-2013\/","name":"THIRRJE P\u00cbR MEDIA - 04.10.2013. - Republika e S\u00ebrbis\u00eb Trupi Koordinues p\u00ebr komunat Bujanoc, Preshev\u00eb dhe Medvegj\u00eb","isPartOf":{"@id":"https:\/\/kt.gov.rs\/#website"},"primaryImageOfPage":{"@id":"https:\/\/kt.gov.rs\/sq\/thirrje-per-media-04-10-2013\/#primaryimage"},"image":{"@id":"https:\/\/kt.gov.rs\/sq\/thirrje-per-media-04-10-2013\/#primaryimage"},"thumbnailUrl":"https:\/\/kt.gov.rs\/wp-content\/uploads\/2024\/07\/newspic_sm-329.jpg","datePublished":"2013-10-04T00:00:00+00:00","dateModified":"2024-07-30T20:15:02+00:00","breadcrumb":{"@id":"https:\/\/kt.gov.rs\/sq\/thirrje-per-media-04-10-2013\/#breadcrumb"},"inLanguage":"sq-AL","potentialAction":[{"@type":"ReadAction","target":["https:\/\/kt.gov.rs\/sq\/thirrje-per-media-04-10-2013\/"]}]},{"@type":"ImageObject","inLanguage":"sq-AL","@id":"https:\/\/kt.gov.rs\/sq\/thirrje-per-media-04-10-2013\/#primaryimage","url":"https:\/\/kt.gov.rs\/wp-content\/uploads\/2024\/07\/newspic_sm-329.jpg","contentUrl":"https:\/\/kt.gov.rs\/wp-content\/uploads\/2024\/07\/newspic_sm-329.jpg","width":315,"height":180},{"@type":"BreadcrumbList","@id":"https:\/\/kt.gov.rs\/sq\/thirrje-per-media-04-10-2013\/#breadcrumb","itemListElement":[{"@type":"ListItem","position":1,"name":"\u041f\u043e\u0447\u0435\u0442\u043d\u0430","item":"https:\/\/kt.gov.rs\/sq\/"},{"@type":"ListItem","position":2,"name":"THIRRJE P\u00cbR MEDIA \u2013 04.10.2013."}]},{"@type":"WebSite","@id":"https:\/\/kt.gov.rs\/#website","url":"https:\/\/kt.gov.rs\/","name":"\u041a\u043e\u043e\u0440\u0434\u0438\u043d\u0430\u0446\u0438\u043e\u043d\u043e \u0442\u0435\u043b\u043e \u0412\u043b\u0430\u0434\u0435 \u0420\u0435\u043f\u0443\u0431\u043b\u0438\u043a\u0435 \u0421\u0440\u0431\u0438\u0458\u0435 \u0437\u0430 \u043e\u043f\u0448\u0442\u0438\u043d\u0435 \u041f\u0440\u0435\u0448\u0435\u0432\u043e, \u0411\u0443\u0458\u0430\u043d\u043e\u0432\u0430\u0446 \u0438 \u041c\u0435\u0434\u0432\u0435\u0452a","description":"","publisher":{"@id":"https:\/\/kt.gov.rs\/#organization"},"alternateName":"\u041a\u043e\u043e\u0440\u0434\u0438\u043d\u0430\u0446\u0438\u043e\u043d\u043e \u0442\u0435\u043b\u043e","potentialAction":[{"@type":"SearchAction","target":{"@type":"EntryPoint","urlTemplate":"https:\/\/kt.gov.rs\/?s={search_term_string}"},"query-input":{"@type":"PropertyValueSpecification","valueRequired":true,"valueName":"search_term_string"}}],"inLanguage":"sq-AL"},{"@type":"Organization","@id":"https:\/\/kt.gov.rs\/#organization","name":"\u041a\u043e\u043e\u0440\u0434\u0438\u043d\u0430\u0446\u0438\u043e\u043d\u043e \u0442\u0435\u043b\u043e \u0412\u043b\u0430\u0434\u0435 \u0420\u0435\u043f\u0443\u0431\u043b\u0438\u043a\u0435 \u0421\u0440\u0431\u0438\u0458\u0435 \u0437\u0430 \u043e\u043f\u0448\u0442\u0438\u043d\u0435 \u041f\u0440\u0435\u0448\u0435\u0432\u043e, \u0411\u0443\u0458\u0430\u043d\u043e\u0432\u0430\u0446 \u0438 \u041c\u0435\u0434\u0432\u0435\u0452a","alternateName":"\u041a\u043e\u043e\u0440\u0434\u0438\u043d\u0430\u0446\u0438\u043e\u043d\u043e \u0442\u0435\u043b\u043e","url":"https:\/\/kt.gov.rs\/","logo":{"@type":"ImageObject","inLanguage":"sq-AL","@id":"https:\/\/kt.gov.rs\/#\/schema\/logo\/image\/","url":"https:\/\/kt.gov.rs\/wp-content\/uploads\/2024\/12\/koord2.jpg","contentUrl":"https:\/\/kt.gov.rs\/wp-content\/uploads\/2024\/12\/koord2.jpg","width":640,"height":480,"caption":"\u041a\u043e\u043e\u0440\u0434\u0438\u043d\u0430\u0446\u0438\u043e\u043d\u043e \u0442\u0435\u043b\u043e \u0412\u043b\u0430\u0434\u0435 \u0420\u0435\u043f\u0443\u0431\u043b\u0438\u043a\u0435 \u0421\u0440\u0431\u0438\u0458\u0435 \u0437\u0430 \u043e\u043f\u0448\u0442\u0438\u043d\u0435 \u041f\u0440\u0435\u0448\u0435\u0432\u043e, \u0411\u0443\u0458\u0430\u043d\u043e\u0432\u0430\u0446 \u0438 \u041c\u0435\u0434\u0432\u0435\u0452a"},"image":{"@id":"https:\/\/kt.gov.rs\/#\/schema\/logo\/image\/"},"sameAs":["https:\/\/www.facebook.com\/SluzbaKoordinacionogTelaVladeRepublikeSrbije","https:\/\/x.com\/kt_gov","https:\/\/www.youtube.com\/@koordinacionotelo"]},{"@type":"Person","@id":"https:\/\/kt.gov.rs\/#\/schema\/person\/e426459ddb4173309103390602694571","name":"ktmin","image":{"@type":"ImageObject","inLanguage":"sq-AL","@id":"https:\/\/secure.gravatar.com\/avatar\/3985c961109853010c3fbc7ba30365bfba5db3dd6c525831d9c595c7525a615a?s=96&d=mm&r=g","url":"https:\/\/secure.gravatar.com\/avatar\/3985c961109853010c3fbc7ba30365bfba5db3dd6c525831d9c595c7525a615a?s=96&d=mm&r=g","contentUrl":"https:\/\/secure.gravatar.com\/avatar\/3985c961109853010c3fbc7ba30365bfba5db3dd6c525831d9c595c7525a615a?s=96&d=mm&r=g","caption":"ktmin"},"sameAs":["https:\/\/kt.gov.rs"],"url":"https:\/\/kt.gov.rs\/sq\/author\/ktmin\/"}]}},"_links":{"self":[{"href":"https:\/\/kt.gov.rs\/sq\/wp-json\/wp\/v2\/posts\/140420","targetHints":{"allow":["GET"]}}],"collection":[{"href":"https:\/\/kt.gov.rs\/sq\/wp-json\/wp\/v2\/posts"}],"about":[{"href":"https:\/\/kt.gov.rs\/sq\/wp-json\/wp\/v2\/types\/post"}],"author":[{"embeddable":true,"href":"https:\/\/kt.gov.rs\/sq\/wp-json\/wp\/v2\/users\/1"}],"replies":[{"embeddable":true,"href":"https:\/\/kt.gov.rs\/sq\/wp-json\/wp\/v2\/comments?post=140420"}],"version-history":[{"count":1,"href":"https:\/\/kt.gov.rs\/sq\/wp-json\/wp\/v2\/posts\/140420\/revisions"}],"predecessor-version":[{"id":140424,"href":"https:\/\/kt.gov.rs\/sq\/wp-json\/wp\/v2\/posts\/140420\/revisions\/140424"}],"wp:featuredmedia":[{"embeddable":true,"href":"https:\/\/kt.gov.rs\/sq\/wp-json\/wp\/v2\/media\/140425"}],"wp:attachment":[{"href":"https:\/\/kt.gov.rs\/sq\/wp-json\/wp\/v2\/media?parent=140420"}],"wp:term":[{"taxonomy":"category","embeddable":true,"href":"https:\/\/kt.gov.rs\/sq\/wp-json\/wp\/v2\/categories?post=140420"},{"taxonomy":"post_tag","embeddable":true,"href":"https:\/\/kt.gov.rs\/sq\/wp-json\/wp\/v2\/tags?post=140420"}],"curies":[{"name":"wp","href":"https:\/\/api.w.org\/{rel}","templated":true}]}}