{"id":140372,"date":"2013-10-10T00:00:00","date_gmt":"2013-10-10T00:00:00","guid":{"rendered":"http:\/\/kt.printandscreen.rs\/stankoviq-eshte-takuar-me-perfaqesuesit-e-kompanive-te-cilat-nga-trupi-koordinues-kane-fituar-mjete-te-pakthyeshme\/"},"modified":"2024-07-30T20:14:56","modified_gmt":"2024-07-30T20:14:56","slug":"stankoviq-eshte-takuar-me-perfaqesuesit-e-kompanive-te-cilat-nga-trupi-koordinues-kane-fituar-mjete-te-pakthyeshme","status":"publish","type":"post","link":"https:\/\/kt.gov.rs\/sq\/stankoviq-eshte-takuar-me-perfaqesuesit-e-kompanive-te-cilat-nga-trupi-koordinues-kane-fituar-mjete-te-pakthyeshme\/","title":{"rendered":"STANKOVIQ \u00cbSHT\u00cb TAKUAR ME P\u00cbRFAQ\u00cbSUESIT E KOMPANIVE T\u00cb CILAT NGA TRUPI KOORDINUES KAN\u00cb FITUAR MJETE T\u00cb PAKTHYESHME"},"content":{"rendered":"<p>\n\t<strong><img decoding=\"async\" alt=\"\" src=\"https:\/\/kt.gov.rs\/wp-content\/uploads\/2024\/07\/newspic285v-4.jpg\" style=\"width: 315px; height: 180px; float: left;\" \/>Kryetari i Trupit Koordinues p\u00ebr Preshev\u00eb, Bujanoc dhe Medvegj\u00eb, Zoran Stankoviq, s\u00eb bashku me p\u00ebrfaq\u00ebsuesit e tri komunave, kan\u00eb zhvilluar nj\u00eb takim, me p\u00ebrfaq\u00ebsuesit e bizneseve t\u00eb cil\u00ebt kan\u00eb p\u00ebrfituar mjete t\u00eb pakthyeshme p\u00ebr vitin 2013 nga ky organ shtet\u00ebror p\u00ebr t\u00eb zgjeruar bizneset e tyre. <\/strong><\/p>\n<p>\n\tDhjet\u00eb p\u00ebrfaq\u00ebsuesit e bizneseve nga komuna e Bujanocit dhe t\u00eb tet\u00eb nga komuna e Preshev\u00ebs t\u00eb cil\u00ebt kan\u00eb p\u00ebrfituar donacione me vlera milion\u00ebshe nga Trupi Koordinues, n\u00eb m\u00ebnyr\u00eb q\u00eb t\u00eb zgjerojn\u00eb bizneset dhe t\u00eb pun\u00ebsojn\u00eb t\u00eb rinj, sot kan\u00eb zhvilluar nj\u00eb takim me kryetarin e Trupit Koordinues p\u00ebr Preshev\u00eb Bujanoc dhe Medvegj\u00eb, Zoran Stankoviq n\u00eb sall\u00ebn e Sht\u00ebpis\u00eb s\u00eb Kultur\u00ebs n\u00eb Bujanoc.<\/p>\n<p>\n\tStankoviq para tyre ka sqaruar projektin dhe s\u00eb bashku kan\u00eb biseduar p\u00ebr mbar\u00ebvajtjen e pun\u00ebve me mjetet e shfryt\u00ebzuara.<\/p>\n<p>\n\t\u00a0\u201cNe biseduam me fituesit donacioneve, duke marr\u00eb parasysh se n\u00eb Bujanoc i kemi ndar\u00eb 10 kompanive 26 milion dinar\u00eb kredi t\u00eb subvencionuara, nd\u00ebrsa n\u00eb Preshev\u00eb, 21 milion dinar\u00eb tet\u00eb kompanive, ata k\u00ebto mjet\u00eb i kan\u00eb marr\u00eb dhe kan\u00eb filluar me marrjen e pun\u00ebtor\u00ebve t\u00eb rinj dhe me blerjen e pajisjeve, e disa vet\u00ebm se kan\u00eb filluar t\u00eb punojn\u00eb\u201d \u00ebsht\u00eb shprehur Stankoviq<\/p>\n<p>\n\t\u00a0\u201cP\u00ebr ne \u00ebsht\u00eb e r\u00ebnd\u00ebsishme se nga ana e Ministrive p\u00ebrkat\u00ebse kontrollohen k\u00ebto mjete. N\u00eb \u00e7do tre muaj ekipi p\u00ebrgjegj\u00ebs viziton k\u00ebto kompani dhe kontrollon sesi jan\u00eb shpenzuar mjetet a jan\u00eb pun\u00ebsuar njer\u00ebz t\u00eb rinj, a jan\u00eb bler\u00eb pajisjet q\u00eb i kan\u00eb paraqitur ata si t\u00eb nevojshme. M\u00eb pastaj hartohet raporti, dhe n\u00eb rast se mjetet nuk jan\u00eb shpenzuar si duhet, at\u00ebher\u00eb do t\u00eb k\u00ebrkohet q\u00eb k\u00ebto mjete t\u00eb kthehen\u201d, thot\u00eb Stankoviq.<\/p>\n<p>\n\tDy kompani nga Bujanoci, Presheva dhe Medvegja shprehen se kan\u00eb shfryt\u00ebzuar mjetet dhe kan\u00eb pun\u00ebsuar nga tre t\u00eb rinj.<\/p>\n<p>\n\tKompania e Hajrush Sefedinit nga Bujanoci e cila merret me prodhimit e mobileve thot\u00eb se nd\u00ebrmarrja e tij prej k\u00ebtij donacioni \u00ebsht\u00eb pajisur me teknika t\u00eb reja dhe sa ka pun\u00ebsuar tre t\u00eb rinj.<\/p>\n<p>\n\t\u00a0\u201cEuro plast\u201d nga Presheva e cila merret me prodhimin plastik\u00ebs, termofolis\u00eb dhe qeseve, ka p\u00ebrfituar 3 milion dinar nga ky donacion dhe ka pun\u00ebsuar tre t\u00eb rinj.<\/p>\n<p>\n\tP\u00ebrfaq\u00ebsuesit e Trupit Koordinues sot gjithashtu kan\u00eb n\u00ebnshkruar dhe kat\u00ebr kontrata me kat\u00ebr biznese t\u00eb vogla nga Medvegja me vler\u00eb prej 12 milion dinar\u00eb, mjete k\u00ebto t\u00eb pakthyeshme n\u00eb m\u00ebnyr\u00eb q\u00eb t\u00eb zvog\u00eblohet papun\u00ebsia dhe t\u00eb nxitet zhvillmi ekonomik.<\/p>\n<p>\n\t<strong>Burimi:<\/strong> <strong>Titulli dhe Trupi koordinues<\/strong><\/p>\n<p>\n\t\u00a0<\/p>\n","protected":false},"excerpt":{"rendered":"<p>Kryetari i Trupit Koordinues p\u00ebr Preshev\u00eb, Bujanoc dhe Medvegj\u00eb, Zoran Stankoviq, s\u00eb bashku me p\u00ebrfaq\u00ebsuesit e tri komunave, kan\u00eb zhvilluar nj\u00eb takim, me p\u00ebrfaq\u00ebsuesit e bizneseve t\u00eb cil\u00ebt kan\u00eb p\u00ebrfituar mjete t\u00eb pakthyeshme p\u00ebr vitin 2013 nga ky organ shtet\u00ebror p\u00ebr t\u00eb zgjeruar bizneset e tyre.<\/p>\n","protected":false},"author":1,"featured_media":140377,"comment_status":"closed","ping_status":"closed","sticky":false,"template":"","format":"standard","meta":{"footnotes":""},"categories":[55],"tags":[],"class_list":["post-140372","post","type-post","status-publish","format-standard","has-post-thumbnail","hentry","category-lajme"],"yoast_head":"<!-- This site is optimized with the Yoast SEO plugin v27.5 - https:\/\/yoast.com\/product\/yoast-seo-wordpress\/ -->\n<title>STANKOVIQ \u00cbSHT\u00cb TAKUAR ME P\u00cbRFAQ\u00cbSUESIT E KOMPANIVE T\u00cb CILAT NGA TRUPI KOORDINUES KAN\u00cb FITUAR MJETE T\u00cb PAKTHYESHME - Republika e S\u00ebrbis\u00eb Trupi Koordinues p\u00ebr komunat Bujanoc, Preshev\u00eb dhe Medvegj\u00eb<\/title>\n<meta name=\"robots\" content=\"index, follow, max-snippet:-1, max-image-preview:large, max-video-preview:-1\" \/>\n<link rel=\"canonical\" href=\"https:\/\/kt.gov.rs\/sq\/stankoviq-eshte-takuar-me-perfaqesuesit-e-kompanive-te-cilat-nga-trupi-koordinues-kane-fituar-mjete-te-pakthyeshme\/\" \/>\n<meta property=\"og:locale\" content=\"sq_AL\" \/>\n<meta property=\"og:type\" content=\"article\" \/>\n<meta property=\"og:title\" content=\"STANKOVIQ \u00cbSHT\u00cb TAKUAR ME P\u00cbRFAQ\u00cbSUESIT E KOMPANIVE T\u00cb CILAT NGA TRUPI KOORDINUES KAN\u00cb FITUAR MJETE T\u00cb PAKTHYESHME - Republika e S\u00ebrbis\u00eb Trupi Koordinues p\u00ebr komunat Bujanoc, Preshev\u00eb dhe Medvegj\u00eb\" \/>\n<meta property=\"og:description\" content=\"Kryetari i Trupit Koordinues p\u00ebr Preshev\u00eb, Bujanoc dhe Medvegj\u00eb, Zoran Stankoviq, s\u00eb bashku me p\u00ebrfaq\u00ebsuesit e tri komunave, kan\u00eb zhvilluar nj\u00eb takim, me p\u00ebrfaq\u00ebsuesit e bizneseve t\u00eb cil\u00ebt kan\u00eb p\u00ebrfituar mjete t\u00eb pakthyeshme p\u00ebr vitin 2013 nga ky organ shtet\u00ebror p\u00ebr t\u00eb zgjeruar bizneset e tyre.\" \/>\n<meta property=\"og:url\" content=\"https:\/\/kt.gov.rs\/sq\/stankoviq-eshte-takuar-me-perfaqesuesit-e-kompanive-te-cilat-nga-trupi-koordinues-kane-fituar-mjete-te-pakthyeshme\/\" \/>\n<meta property=\"og:site_name\" content=\"Republika e S\u00ebrbis\u00eb Trupi Koordinues p\u00ebr komunat Bujanoc, Preshev\u00eb dhe Medvegj\u00eb\" \/>\n<meta property=\"article:publisher\" content=\"https:\/\/www.facebook.com\/SluzbaKoordinacionogTelaVladeRepublikeSrbije\" \/>\n<meta property=\"article:published_time\" content=\"2013-10-10T00:00:00+00:00\" \/>\n<meta property=\"article:modified_time\" content=\"2024-07-30T20:14:56+00:00\" \/>\n<meta property=\"og:image\" content=\"https:\/\/kt.gov.rs\/wp-content\/uploads\/2024\/07\/newspic285v-5.jpg\" \/>\n\t<meta property=\"og:image:width\" content=\"315\" \/>\n\t<meta property=\"og:image:height\" content=\"180\" \/>\n\t<meta property=\"og:image:type\" content=\"image\/jpeg\" \/>\n<meta name=\"author\" content=\"ktmin\" \/>\n<meta name=\"twitter:card\" content=\"summary_large_image\" \/>\n<meta name=\"twitter:creator\" content=\"@kt_gov\" \/>\n<meta name=\"twitter:site\" content=\"@kt_gov\" \/>\n<meta name=\"twitter:label1\" content=\"Written by\" \/>\n\t<meta name=\"twitter:data1\" content=\"ktmin\" \/>\n\t<meta name=\"twitter:label2\" content=\"Est. reading time\" \/>\n\t<meta name=\"twitter:data2\" content=\"3 minutes\" \/>\n<script type=\"application\/ld+json\" class=\"yoast-schema-graph\">{\"@context\":\"https:\\\/\\\/schema.org\",\"@graph\":[{\"@type\":\"Article\",\"@id\":\"https:\\\/\\\/kt.gov.rs\\\/sq\\\/stankoviq-eshte-takuar-me-perfaqesuesit-e-kompanive-te-cilat-nga-trupi-koordinues-kane-fituar-mjete-te-pakthyeshme\\\/#article\",\"isPartOf\":{\"@id\":\"https:\\\/\\\/kt.gov.rs\\\/sq\\\/stankoviq-eshte-takuar-me-perfaqesuesit-e-kompanive-te-cilat-nga-trupi-koordinues-kane-fituar-mjete-te-pakthyeshme\\\/\"},\"author\":{\"name\":\"ktmin\",\"@id\":\"https:\\\/\\\/kt.gov.rs\\\/#\\\/schema\\\/person\\\/e426459ddb4173309103390602694571\"},\"headline\":\"STANKOVIQ \u00cbSHT\u00cb TAKUAR ME P\u00cbRFAQ\u00cbSUESIT E KOMPANIVE T\u00cb CILAT NGA TRUPI KOORDINUES KAN\u00cb FITUAR MJETE T\u00cb PAKTHYESHME\",\"datePublished\":\"2013-10-10T00:00:00+00:00\",\"dateModified\":\"2024-07-30T20:14:56+00:00\",\"mainEntityOfPage\":{\"@id\":\"https:\\\/\\\/kt.gov.rs\\\/sq\\\/stankoviq-eshte-takuar-me-perfaqesuesit-e-kompanive-te-cilat-nga-trupi-koordinues-kane-fituar-mjete-te-pakthyeshme\\\/\"},\"wordCount\":622,\"publisher\":{\"@id\":\"https:\\\/\\\/kt.gov.rs\\\/#organization\"},\"image\":{\"@id\":\"https:\\\/\\\/kt.gov.rs\\\/sq\\\/stankoviq-eshte-takuar-me-perfaqesuesit-e-kompanive-te-cilat-nga-trupi-koordinues-kane-fituar-mjete-te-pakthyeshme\\\/#primaryimage\"},\"thumbnailUrl\":\"https:\\\/\\\/kt.gov.rs\\\/wp-content\\\/uploads\\\/2024\\\/07\\\/newspic285v-5.jpg\",\"articleSection\":[\"Lajme\"],\"inLanguage\":\"sq-AL\"},{\"@type\":\"WebPage\",\"@id\":\"https:\\\/\\\/kt.gov.rs\\\/sq\\\/stankoviq-eshte-takuar-me-perfaqesuesit-e-kompanive-te-cilat-nga-trupi-koordinues-kane-fituar-mjete-te-pakthyeshme\\\/\",\"url\":\"https:\\\/\\\/kt.gov.rs\\\/sq\\\/stankoviq-eshte-takuar-me-perfaqesuesit-e-kompanive-te-cilat-nga-trupi-koordinues-kane-fituar-mjete-te-pakthyeshme\\\/\",\"name\":\"STANKOVIQ \u00cbSHT\u00cb TAKUAR ME P\u00cbRFAQ\u00cbSUESIT E KOMPANIVE T\u00cb CILAT NGA TRUPI KOORDINUES KAN\u00cb FITUAR MJETE T\u00cb PAKTHYESHME - Republika e S\u00ebrbis\u00eb Trupi Koordinues p\u00ebr komunat Bujanoc, Preshev\u00eb dhe Medvegj\u00eb\",\"isPartOf\":{\"@id\":\"https:\\\/\\\/kt.gov.rs\\\/#website\"},\"primaryImageOfPage\":{\"@id\":\"https:\\\/\\\/kt.gov.rs\\\/sq\\\/stankoviq-eshte-takuar-me-perfaqesuesit-e-kompanive-te-cilat-nga-trupi-koordinues-kane-fituar-mjete-te-pakthyeshme\\\/#primaryimage\"},\"image\":{\"@id\":\"https:\\\/\\\/kt.gov.rs\\\/sq\\\/stankoviq-eshte-takuar-me-perfaqesuesit-e-kompanive-te-cilat-nga-trupi-koordinues-kane-fituar-mjete-te-pakthyeshme\\\/#primaryimage\"},\"thumbnailUrl\":\"https:\\\/\\\/kt.gov.rs\\\/wp-content\\\/uploads\\\/2024\\\/07\\\/newspic285v-5.jpg\",\"datePublished\":\"2013-10-10T00:00:00+00:00\",\"dateModified\":\"2024-07-30T20:14:56+00:00\",\"breadcrumb\":{\"@id\":\"https:\\\/\\\/kt.gov.rs\\\/sq\\\/stankoviq-eshte-takuar-me-perfaqesuesit-e-kompanive-te-cilat-nga-trupi-koordinues-kane-fituar-mjete-te-pakthyeshme\\\/#breadcrumb\"},\"inLanguage\":\"sq-AL\",\"potentialAction\":[{\"@type\":\"ReadAction\",\"target\":[\"https:\\\/\\\/kt.gov.rs\\\/sq\\\/stankoviq-eshte-takuar-me-perfaqesuesit-e-kompanive-te-cilat-nga-trupi-koordinues-kane-fituar-mjete-te-pakthyeshme\\\/\"]}]},{\"@type\":\"ImageObject\",\"inLanguage\":\"sq-AL\",\"@id\":\"https:\\\/\\\/kt.gov.rs\\\/sq\\\/stankoviq-eshte-takuar-me-perfaqesuesit-e-kompanive-te-cilat-nga-trupi-koordinues-kane-fituar-mjete-te-pakthyeshme\\\/#primaryimage\",\"url\":\"https:\\\/\\\/kt.gov.rs\\\/wp-content\\\/uploads\\\/2024\\\/07\\\/newspic285v-5.jpg\",\"contentUrl\":\"https:\\\/\\\/kt.gov.rs\\\/wp-content\\\/uploads\\\/2024\\\/07\\\/newspic285v-5.jpg\",\"width\":315,\"height\":180},{\"@type\":\"BreadcrumbList\",\"@id\":\"https:\\\/\\\/kt.gov.rs\\\/sq\\\/stankoviq-eshte-takuar-me-perfaqesuesit-e-kompanive-te-cilat-nga-trupi-koordinues-kane-fituar-mjete-te-pakthyeshme\\\/#breadcrumb\",\"itemListElement\":[{\"@type\":\"ListItem\",\"position\":1,\"name\":\"\u041f\u043e\u0447\u0435\u0442\u043d\u0430\",\"item\":\"https:\\\/\\\/kt.gov.rs\\\/sq\\\/\"},{\"@type\":\"ListItem\",\"position\":2,\"name\":\"STANKOVIQ \u00cbSHT\u00cb TAKUAR ME P\u00cbRFAQ\u00cbSUESIT E KOMPANIVE T\u00cb CILAT NGA TRUPI KOORDINUES KAN\u00cb FITUAR MJETE T\u00cb PAKTHYESHME\"}]},{\"@type\":\"WebSite\",\"@id\":\"https:\\\/\\\/kt.gov.rs\\\/#website\",\"url\":\"https:\\\/\\\/kt.gov.rs\\\/\",\"name\":\"\u041a\u043e\u043e\u0440\u0434\u0438\u043d\u0430\u0446\u0438\u043e\u043d\u043e \u0442\u0435\u043b\u043e \u0412\u043b\u0430\u0434\u0435 \u0420\u0435\u043f\u0443\u0431\u043b\u0438\u043a\u0435 \u0421\u0440\u0431\u0438\u0458\u0435 \u0437\u0430 \u043e\u043f\u0448\u0442\u0438\u043d\u0435 \u041f\u0440\u0435\u0448\u0435\u0432\u043e, \u0411\u0443\u0458\u0430\u043d\u043e\u0432\u0430\u0446 \u0438 \u041c\u0435\u0434\u0432\u0435\u0452a\",\"description\":\"\",\"publisher\":{\"@id\":\"https:\\\/\\\/kt.gov.rs\\\/#organization\"},\"alternateName\":\"\u041a\u043e\u043e\u0440\u0434\u0438\u043d\u0430\u0446\u0438\u043e\u043d\u043e \u0442\u0435\u043b\u043e\",\"potentialAction\":[{\"@type\":\"SearchAction\",\"target\":{\"@type\":\"EntryPoint\",\"urlTemplate\":\"https:\\\/\\\/kt.gov.rs\\\/?s={search_term_string}\"},\"query-input\":{\"@type\":\"PropertyValueSpecification\",\"valueRequired\":true,\"valueName\":\"search_term_string\"}}],\"inLanguage\":\"sq-AL\"},{\"@type\":\"Organization\",\"@id\":\"https:\\\/\\\/kt.gov.rs\\\/#organization\",\"name\":\"\u041a\u043e\u043e\u0440\u0434\u0438\u043d\u0430\u0446\u0438\u043e\u043d\u043e \u0442\u0435\u043b\u043e \u0412\u043b\u0430\u0434\u0435 \u0420\u0435\u043f\u0443\u0431\u043b\u0438\u043a\u0435 \u0421\u0440\u0431\u0438\u0458\u0435 \u0437\u0430 \u043e\u043f\u0448\u0442\u0438\u043d\u0435 \u041f\u0440\u0435\u0448\u0435\u0432\u043e, \u0411\u0443\u0458\u0430\u043d\u043e\u0432\u0430\u0446 \u0438 \u041c\u0435\u0434\u0432\u0435\u0452a\",\"alternateName\":\"\u041a\u043e\u043e\u0440\u0434\u0438\u043d\u0430\u0446\u0438\u043e\u043d\u043e \u0442\u0435\u043b\u043e\",\"url\":\"https:\\\/\\\/kt.gov.rs\\\/\",\"logo\":{\"@type\":\"ImageObject\",\"inLanguage\":\"sq-AL\",\"@id\":\"https:\\\/\\\/kt.gov.rs\\\/#\\\/schema\\\/logo\\\/image\\\/\",\"url\":\"https:\\\/\\\/kt.gov.rs\\\/wp-content\\\/uploads\\\/2024\\\/12\\\/koord2.jpg\",\"contentUrl\":\"https:\\\/\\\/kt.gov.rs\\\/wp-content\\\/uploads\\\/2024\\\/12\\\/koord2.jpg\",\"width\":640,\"height\":480,\"caption\":\"\u041a\u043e\u043e\u0440\u0434\u0438\u043d\u0430\u0446\u0438\u043e\u043d\u043e \u0442\u0435\u043b\u043e \u0412\u043b\u0430\u0434\u0435 \u0420\u0435\u043f\u0443\u0431\u043b\u0438\u043a\u0435 \u0421\u0440\u0431\u0438\u0458\u0435 \u0437\u0430 \u043e\u043f\u0448\u0442\u0438\u043d\u0435 \u041f\u0440\u0435\u0448\u0435\u0432\u043e, \u0411\u0443\u0458\u0430\u043d\u043e\u0432\u0430\u0446 \u0438 \u041c\u0435\u0434\u0432\u0435\u0452a\"},\"image\":{\"@id\":\"https:\\\/\\\/kt.gov.rs\\\/#\\\/schema\\\/logo\\\/image\\\/\"},\"sameAs\":[\"https:\\\/\\\/www.facebook.com\\\/SluzbaKoordinacionogTelaVladeRepublikeSrbije\",\"https:\\\/\\\/x.com\\\/kt_gov\",\"https:\\\/\\\/www.youtube.com\\\/@koordinacionotelo\"]},{\"@type\":\"Person\",\"@id\":\"https:\\\/\\\/kt.gov.rs\\\/#\\\/schema\\\/person\\\/e426459ddb4173309103390602694571\",\"name\":\"ktmin\",\"image\":{\"@type\":\"ImageObject\",\"inLanguage\":\"sq-AL\",\"@id\":\"https:\\\/\\\/secure.gravatar.com\\\/avatar\\\/3985c961109853010c3fbc7ba30365bfba5db3dd6c525831d9c595c7525a615a?s=96&d=mm&r=g\",\"url\":\"https:\\\/\\\/secure.gravatar.com\\\/avatar\\\/3985c961109853010c3fbc7ba30365bfba5db3dd6c525831d9c595c7525a615a?s=96&d=mm&r=g\",\"contentUrl\":\"https:\\\/\\\/secure.gravatar.com\\\/avatar\\\/3985c961109853010c3fbc7ba30365bfba5db3dd6c525831d9c595c7525a615a?s=96&d=mm&r=g\",\"caption\":\"ktmin\"},\"sameAs\":[\"https:\\\/\\\/kt.gov.rs\"],\"url\":\"https:\\\/\\\/kt.gov.rs\\\/sq\\\/author\\\/ktmin\\\/\"}]}<\/script>\n<!-- \/ Yoast SEO plugin. -->","yoast_head_json":{"title":"STANKOVIQ \u00cbSHT\u00cb TAKUAR ME P\u00cbRFAQ\u00cbSUESIT E KOMPANIVE T\u00cb CILAT NGA TRUPI KOORDINUES KAN\u00cb FITUAR MJETE T\u00cb PAKTHYESHME - Republika e S\u00ebrbis\u00eb Trupi Koordinues p\u00ebr komunat Bujanoc, Preshev\u00eb dhe Medvegj\u00eb","robots":{"index":"index","follow":"follow","max-snippet":"max-snippet:-1","max-image-preview":"max-image-preview:large","max-video-preview":"max-video-preview:-1"},"canonical":"https:\/\/kt.gov.rs\/sq\/stankoviq-eshte-takuar-me-perfaqesuesit-e-kompanive-te-cilat-nga-trupi-koordinues-kane-fituar-mjete-te-pakthyeshme\/","og_locale":"sq_AL","og_type":"article","og_title":"STANKOVIQ \u00cbSHT\u00cb TAKUAR ME P\u00cbRFAQ\u00cbSUESIT E KOMPANIVE T\u00cb CILAT NGA TRUPI KOORDINUES KAN\u00cb FITUAR MJETE T\u00cb PAKTHYESHME - Republika e S\u00ebrbis\u00eb Trupi Koordinues p\u00ebr komunat Bujanoc, Preshev\u00eb dhe Medvegj\u00eb","og_description":"Kryetari i Trupit Koordinues p\u00ebr Preshev\u00eb, Bujanoc dhe Medvegj\u00eb, Zoran Stankoviq, s\u00eb bashku me p\u00ebrfaq\u00ebsuesit e tri komunave, kan\u00eb zhvilluar nj\u00eb takim, me p\u00ebrfaq\u00ebsuesit e bizneseve t\u00eb cil\u00ebt kan\u00eb p\u00ebrfituar mjete t\u00eb pakthyeshme p\u00ebr vitin 2013 nga ky organ shtet\u00ebror p\u00ebr t\u00eb zgjeruar bizneset e tyre.","og_url":"https:\/\/kt.gov.rs\/sq\/stankoviq-eshte-takuar-me-perfaqesuesit-e-kompanive-te-cilat-nga-trupi-koordinues-kane-fituar-mjete-te-pakthyeshme\/","og_site_name":"Republika e S\u00ebrbis\u00eb Trupi Koordinues p\u00ebr komunat Bujanoc, Preshev\u00eb dhe Medvegj\u00eb","article_publisher":"https:\/\/www.facebook.com\/SluzbaKoordinacionogTelaVladeRepublikeSrbije","article_published_time":"2013-10-10T00:00:00+00:00","article_modified_time":"2024-07-30T20:14:56+00:00","og_image":[{"width":315,"height":180,"url":"https:\/\/kt.gov.rs\/wp-content\/uploads\/2024\/07\/newspic285v-5.jpg","type":"image\/jpeg"}],"author":"ktmin","twitter_card":"summary_large_image","twitter_creator":"@kt_gov","twitter_site":"@kt_gov","twitter_misc":{"Written by":"ktmin","Est. reading time":"3 minutes"},"schema":{"@context":"https:\/\/schema.org","@graph":[{"@type":"Article","@id":"https:\/\/kt.gov.rs\/sq\/stankoviq-eshte-takuar-me-perfaqesuesit-e-kompanive-te-cilat-nga-trupi-koordinues-kane-fituar-mjete-te-pakthyeshme\/#article","isPartOf":{"@id":"https:\/\/kt.gov.rs\/sq\/stankoviq-eshte-takuar-me-perfaqesuesit-e-kompanive-te-cilat-nga-trupi-koordinues-kane-fituar-mjete-te-pakthyeshme\/"},"author":{"name":"ktmin","@id":"https:\/\/kt.gov.rs\/#\/schema\/person\/e426459ddb4173309103390602694571"},"headline":"STANKOVIQ \u00cbSHT\u00cb TAKUAR ME P\u00cbRFAQ\u00cbSUESIT E KOMPANIVE T\u00cb CILAT NGA TRUPI KOORDINUES KAN\u00cb FITUAR MJETE T\u00cb PAKTHYESHME","datePublished":"2013-10-10T00:00:00+00:00","dateModified":"2024-07-30T20:14:56+00:00","mainEntityOfPage":{"@id":"https:\/\/kt.gov.rs\/sq\/stankoviq-eshte-takuar-me-perfaqesuesit-e-kompanive-te-cilat-nga-trupi-koordinues-kane-fituar-mjete-te-pakthyeshme\/"},"wordCount":622,"publisher":{"@id":"https:\/\/kt.gov.rs\/#organization"},"image":{"@id":"https:\/\/kt.gov.rs\/sq\/stankoviq-eshte-takuar-me-perfaqesuesit-e-kompanive-te-cilat-nga-trupi-koordinues-kane-fituar-mjete-te-pakthyeshme\/#primaryimage"},"thumbnailUrl":"https:\/\/kt.gov.rs\/wp-content\/uploads\/2024\/07\/newspic285v-5.jpg","articleSection":["Lajme"],"inLanguage":"sq-AL"},{"@type":"WebPage","@id":"https:\/\/kt.gov.rs\/sq\/stankoviq-eshte-takuar-me-perfaqesuesit-e-kompanive-te-cilat-nga-trupi-koordinues-kane-fituar-mjete-te-pakthyeshme\/","url":"https:\/\/kt.gov.rs\/sq\/stankoviq-eshte-takuar-me-perfaqesuesit-e-kompanive-te-cilat-nga-trupi-koordinues-kane-fituar-mjete-te-pakthyeshme\/","name":"STANKOVIQ \u00cbSHT\u00cb TAKUAR ME P\u00cbRFAQ\u00cbSUESIT E KOMPANIVE T\u00cb CILAT NGA TRUPI KOORDINUES KAN\u00cb FITUAR MJETE T\u00cb PAKTHYESHME - Republika e S\u00ebrbis\u00eb Trupi Koordinues p\u00ebr komunat Bujanoc, Preshev\u00eb dhe Medvegj\u00eb","isPartOf":{"@id":"https:\/\/kt.gov.rs\/#website"},"primaryImageOfPage":{"@id":"https:\/\/kt.gov.rs\/sq\/stankoviq-eshte-takuar-me-perfaqesuesit-e-kompanive-te-cilat-nga-trupi-koordinues-kane-fituar-mjete-te-pakthyeshme\/#primaryimage"},"image":{"@id":"https:\/\/kt.gov.rs\/sq\/stankoviq-eshte-takuar-me-perfaqesuesit-e-kompanive-te-cilat-nga-trupi-koordinues-kane-fituar-mjete-te-pakthyeshme\/#primaryimage"},"thumbnailUrl":"https:\/\/kt.gov.rs\/wp-content\/uploads\/2024\/07\/newspic285v-5.jpg","datePublished":"2013-10-10T00:00:00+00:00","dateModified":"2024-07-30T20:14:56+00:00","breadcrumb":{"@id":"https:\/\/kt.gov.rs\/sq\/stankoviq-eshte-takuar-me-perfaqesuesit-e-kompanive-te-cilat-nga-trupi-koordinues-kane-fituar-mjete-te-pakthyeshme\/#breadcrumb"},"inLanguage":"sq-AL","potentialAction":[{"@type":"ReadAction","target":["https:\/\/kt.gov.rs\/sq\/stankoviq-eshte-takuar-me-perfaqesuesit-e-kompanive-te-cilat-nga-trupi-koordinues-kane-fituar-mjete-te-pakthyeshme\/"]}]},{"@type":"ImageObject","inLanguage":"sq-AL","@id":"https:\/\/kt.gov.rs\/sq\/stankoviq-eshte-takuar-me-perfaqesuesit-e-kompanive-te-cilat-nga-trupi-koordinues-kane-fituar-mjete-te-pakthyeshme\/#primaryimage","url":"https:\/\/kt.gov.rs\/wp-content\/uploads\/2024\/07\/newspic285v-5.jpg","contentUrl":"https:\/\/kt.gov.rs\/wp-content\/uploads\/2024\/07\/newspic285v-5.jpg","width":315,"height":180},{"@type":"BreadcrumbList","@id":"https:\/\/kt.gov.rs\/sq\/stankoviq-eshte-takuar-me-perfaqesuesit-e-kompanive-te-cilat-nga-trupi-koordinues-kane-fituar-mjete-te-pakthyeshme\/#breadcrumb","itemListElement":[{"@type":"ListItem","position":1,"name":"\u041f\u043e\u0447\u0435\u0442\u043d\u0430","item":"https:\/\/kt.gov.rs\/sq\/"},{"@type":"ListItem","position":2,"name":"STANKOVIQ \u00cbSHT\u00cb TAKUAR ME P\u00cbRFAQ\u00cbSUESIT E KOMPANIVE T\u00cb CILAT NGA TRUPI KOORDINUES KAN\u00cb FITUAR MJETE T\u00cb PAKTHYESHME"}]},{"@type":"WebSite","@id":"https:\/\/kt.gov.rs\/#website","url":"https:\/\/kt.gov.rs\/","name":"\u041a\u043e\u043e\u0440\u0434\u0438\u043d\u0430\u0446\u0438\u043e\u043d\u043e \u0442\u0435\u043b\u043e \u0412\u043b\u0430\u0434\u0435 \u0420\u0435\u043f\u0443\u0431\u043b\u0438\u043a\u0435 \u0421\u0440\u0431\u0438\u0458\u0435 \u0437\u0430 \u043e\u043f\u0448\u0442\u0438\u043d\u0435 \u041f\u0440\u0435\u0448\u0435\u0432\u043e, \u0411\u0443\u0458\u0430\u043d\u043e\u0432\u0430\u0446 \u0438 \u041c\u0435\u0434\u0432\u0435\u0452a","description":"","publisher":{"@id":"https:\/\/kt.gov.rs\/#organization"},"alternateName":"\u041a\u043e\u043e\u0440\u0434\u0438\u043d\u0430\u0446\u0438\u043e\u043d\u043e \u0442\u0435\u043b\u043e","potentialAction":[{"@type":"SearchAction","target":{"@type":"EntryPoint","urlTemplate":"https:\/\/kt.gov.rs\/?s={search_term_string}"},"query-input":{"@type":"PropertyValueSpecification","valueRequired":true,"valueName":"search_term_string"}}],"inLanguage":"sq-AL"},{"@type":"Organization","@id":"https:\/\/kt.gov.rs\/#organization","name":"\u041a\u043e\u043e\u0440\u0434\u0438\u043d\u0430\u0446\u0438\u043e\u043d\u043e \u0442\u0435\u043b\u043e \u0412\u043b\u0430\u0434\u0435 \u0420\u0435\u043f\u0443\u0431\u043b\u0438\u043a\u0435 \u0421\u0440\u0431\u0438\u0458\u0435 \u0437\u0430 \u043e\u043f\u0448\u0442\u0438\u043d\u0435 \u041f\u0440\u0435\u0448\u0435\u0432\u043e, \u0411\u0443\u0458\u0430\u043d\u043e\u0432\u0430\u0446 \u0438 \u041c\u0435\u0434\u0432\u0435\u0452a","alternateName":"\u041a\u043e\u043e\u0440\u0434\u0438\u043d\u0430\u0446\u0438\u043e\u043d\u043e \u0442\u0435\u043b\u043e","url":"https:\/\/kt.gov.rs\/","logo":{"@type":"ImageObject","inLanguage":"sq-AL","@id":"https:\/\/kt.gov.rs\/#\/schema\/logo\/image\/","url":"https:\/\/kt.gov.rs\/wp-content\/uploads\/2024\/12\/koord2.jpg","contentUrl":"https:\/\/kt.gov.rs\/wp-content\/uploads\/2024\/12\/koord2.jpg","width":640,"height":480,"caption":"\u041a\u043e\u043e\u0440\u0434\u0438\u043d\u0430\u0446\u0438\u043e\u043d\u043e \u0442\u0435\u043b\u043e \u0412\u043b\u0430\u0434\u0435 \u0420\u0435\u043f\u0443\u0431\u043b\u0438\u043a\u0435 \u0421\u0440\u0431\u0438\u0458\u0435 \u0437\u0430 \u043e\u043f\u0448\u0442\u0438\u043d\u0435 \u041f\u0440\u0435\u0448\u0435\u0432\u043e, \u0411\u0443\u0458\u0430\u043d\u043e\u0432\u0430\u0446 \u0438 \u041c\u0435\u0434\u0432\u0435\u0452a"},"image":{"@id":"https:\/\/kt.gov.rs\/#\/schema\/logo\/image\/"},"sameAs":["https:\/\/www.facebook.com\/SluzbaKoordinacionogTelaVladeRepublikeSrbije","https:\/\/x.com\/kt_gov","https:\/\/www.youtube.com\/@koordinacionotelo"]},{"@type":"Person","@id":"https:\/\/kt.gov.rs\/#\/schema\/person\/e426459ddb4173309103390602694571","name":"ktmin","image":{"@type":"ImageObject","inLanguage":"sq-AL","@id":"https:\/\/secure.gravatar.com\/avatar\/3985c961109853010c3fbc7ba30365bfba5db3dd6c525831d9c595c7525a615a?s=96&d=mm&r=g","url":"https:\/\/secure.gravatar.com\/avatar\/3985c961109853010c3fbc7ba30365bfba5db3dd6c525831d9c595c7525a615a?s=96&d=mm&r=g","contentUrl":"https:\/\/secure.gravatar.com\/avatar\/3985c961109853010c3fbc7ba30365bfba5db3dd6c525831d9c595c7525a615a?s=96&d=mm&r=g","caption":"ktmin"},"sameAs":["https:\/\/kt.gov.rs"],"url":"https:\/\/kt.gov.rs\/sq\/author\/ktmin\/"}]}},"_links":{"self":[{"href":"https:\/\/kt.gov.rs\/sq\/wp-json\/wp\/v2\/posts\/140372","targetHints":{"allow":["GET"]}}],"collection":[{"href":"https:\/\/kt.gov.rs\/sq\/wp-json\/wp\/v2\/posts"}],"about":[{"href":"https:\/\/kt.gov.rs\/sq\/wp-json\/wp\/v2\/types\/post"}],"author":[{"embeddable":true,"href":"https:\/\/kt.gov.rs\/sq\/wp-json\/wp\/v2\/users\/1"}],"replies":[{"embeddable":true,"href":"https:\/\/kt.gov.rs\/sq\/wp-json\/wp\/v2\/comments?post=140372"}],"version-history":[{"count":1,"href":"https:\/\/kt.gov.rs\/sq\/wp-json\/wp\/v2\/posts\/140372\/revisions"}],"predecessor-version":[{"id":140376,"href":"https:\/\/kt.gov.rs\/sq\/wp-json\/wp\/v2\/posts\/140372\/revisions\/140376"}],"wp:featuredmedia":[{"embeddable":true,"href":"https:\/\/kt.gov.rs\/sq\/wp-json\/wp\/v2\/media\/140377"}],"wp:attachment":[{"href":"https:\/\/kt.gov.rs\/sq\/wp-json\/wp\/v2\/media?parent=140372"}],"wp:term":[{"taxonomy":"category","embeddable":true,"href":"https:\/\/kt.gov.rs\/sq\/wp-json\/wp\/v2\/categories?post=140372"},{"taxonomy":"post_tag","embeddable":true,"href":"https:\/\/kt.gov.rs\/sq\/wp-json\/wp\/v2\/tags?post=140372"}],"curies":[{"name":"wp","href":"https:\/\/api.w.org\/{rel}","templated":true}]}}