{"id":140364,"date":"2013-10-11T00:00:00","date_gmt":"2013-10-11T00:00:00","guid":{"rendered":"http:\/\/kt.printandscreen.rs\/delegacioni-i-shqiptarve-nga-jugu-i-srbise-ne-takim-me-kryeministrin-daciq-video\/"},"modified":"2024-07-30T20:14:55","modified_gmt":"2024-07-30T20:14:55","slug":"delegacioni-i-shqiptarve-nga-jugu-i-srbise-ne-takim-me-kryeministrin-daciq-video","status":"publish","type":"post","link":"https:\/\/kt.gov.rs\/sq\/delegacioni-i-shqiptarve-nga-jugu-i-srbise-ne-takim-me-kryeministrin-daciq-video\/","title":{"rendered":"DELEGACIONI I SHQIPTARVE NGA JUGU I SRBIS\u00cb N\u00cb TAKIM ME KRYEMINISTRIN DA\u00c7IQ \u2013 VIDEO"},"content":{"rendered":"<p>\n\t<img decoding=\"async\" alt=\"\" src=\"https:\/\/kt.gov.rs\/wp-content\/uploads\/2024\/07\/newspic286v-4.jpg\" style=\"width: 315px; height: 217px; float: left;\" \/>P\u00ebrfaqsuesit politik t\u00eb Shqiptarve nga qendra e jugut S\u00ebrbis kan\u00eb biseduar n\u00eb Beograd me kryeminirsin dhe me p\u00ebrfaqsuesit e tjer\u00eb t\u00eb Qeveris. Tema e bisedimeve ka qen\u00eb zgjidhja e problemeve n\u00eb ato komuna, t\u00eb cil\u00ebt lider\u00ebt shqiptar i kan\u00eb definuar n\u00eb fillim t\u00eb vitit n\u00eb nje platform t\u00eb p\u00ebrbashk\u00ebt, t\u00eb cil\u00ebn e ka miratuar edhe Qeveria e Srbis\u00eb, t\u00eb asht\u00ebquajtur \u201cPlatforma prej 7 pikave\u201d.<\/p>\n<p>\n\tBiseda e p\u00ebrfaqsuesve Qeveris\u00eb Srbis\u00eb dhe liderve t\u00eb partive shqiptare \u00ebsht\u00eb kry n\u00eb marveshje q\u00eb t\u00eb jet\u00eb tradit\u00eb q\u00eb n\u00eb \u00e7do 3 muaj t\u00eb analizohen rezultatet nga masat e marrura. N\u00eb k\u00ebto bisedime to t\u00eb ky\u00e7en 13 Ministri, ka th\u00ebn\u00eb Zoran Stankoviqi kryetari i Trupit Koordinues p\u00ebr komun\u00ebn Preshev, Bujanoc dhe Medvegj\u00eb. Stankoviqi ka shtuar q\u00eb takimi i par\u00eb duhet t\u00eb mbahet me ministresh\u00ebn e sh\u00ebndetsis n\u00eb fund t\u00eb tetorit dhe q\u00eb tema e bisedimev ishte hallet e banorve t\u00eb Preshev\u00ebs, Bujanocit dhe Medvegj\u00ebs.<\/p>\n<p>\n\tStankoviqi n\u00eb at\u00eb rast gjithashtu ka deklaruar:<\/p>\n<p>\n\t\u201cQeveria e S\u00ebrbis i ka miratuar 7 temat p\u00ebr bisedime me Shqiptar\u00ebt. Ato jan\u00eb klasifikuar n\u00eb grupe, sikur q\u00eb \u00ebsht\u00eb t\u00eb themi siguria, pyetjet ekonomike, sh\u00ebndetsia, arsimimi, drejt\u00ebsia dhe gjitha ato pyetjet jetsore p\u00ebr cilat ata kan\u00eb vlersuar se duhet t\u00eb bisedohet n\u00eb p\u00ebrpuethshm\u00ebri me kushtetut\u00ebn ligjin dhe me konventat nd\u00ebrkombtare t\u00eb cilat qeverisen n\u00eb k\u00ebto hapsira.<\/p>\n<p>\n\tDeputeti dhe lideri i Partis p\u00ebr veprim demokratik Riza Halimi e ka vlersuar se biseda ka qen\u00eb korekte dhe tash mbas takimit \u00ebsht\u00eb m\u00eb optimis se q\u00eb ishte para takimit. \u00a0<\/p>\n<p>\n\t\u201cPo dal nga kjo mbledhje me m\u00eb shum\u00eb optimizim se sa n\u00eb rastin duke ardhur p\u00ebr k\u00ebt\u00eb takim, duke pas\u00eb parasysh atmosfer\u00ebn para k\u00ebsaj seance,\u201d ka deklaruar Halimi<\/p>\n<p>\n\tN\u00eb takim p\u00ebrfaqsuesit e Qeveris Republik\u00ebs Srbis\u00eb dhe p\u00ebrfaqsuesit e shqiptarve \u00ebsht\u00eb cekur se Ministrit e autorizuara kan\u00eb marr\u00eb detyrat konkrete dhe q\u00eb do ti zgjedhin k\u00ebt\u00eb pyetjet e lart\u00eb p\u00ebrmendura n\u00eb bashkpunim me qeverisjet lokale. \u00cbsht\u00eb deklaruar se edhe p\u00ebr kryeministrin \u00ebsht\u00eb me r\u00ebnd\u00ebsi zhvillimi ekonomik i Srbis jugore, ku ministrat do ta vizitojn dhe kontrollojn\u00eb p\u00ebr zbatimin e masave p\u00ebr zgjidhjen e problemebve t\u00eb qytetarve.\u00a0 \u00a0<\/p>\n<p>\n\t<iframe allowfullscreen=\"\" frameborder=\"0\" height=\"360\" src=\"\/\/www.youtube.com\/embed\/NP5hrfL4eSU\" width=\"640\"><\/iframe><\/p>\n<p>\n\t<strong>Burimi: RTS1 dhe Trupi koordinues<\/strong><\/p>\n<p>\n\t\u00a0<\/p>\n","protected":false},"excerpt":{"rendered":"<p>P\u00ebrfaqsuesit politik t\u00eb Shqiptarve nga qendra e jugut S\u00ebrbis kan\u00eb biseduar n\u00eb Beograd me kryeminirsin dhe me p\u00ebrfaqsuesit e tjer\u00eb t\u00eb Qeveris. Tema e bisedimeve ka qen\u00eb zgjidhja e problemeve n\u00eb ato komuna, t\u00eb cil\u00ebt lider\u00ebt shqiptar i kan\u00eb definuar n\u00eb fillim t\u00eb vitit n\u00eb nje platform t\u00eb p\u00ebrbashk\u00ebt\u2026<\/p>\n","protected":false},"author":1,"featured_media":140369,"comment_status":"closed","ping_status":"closed","sticky":false,"template":"","format":"standard","meta":{"footnotes":""},"categories":[55],"tags":[],"class_list":["post-140364","post","type-post","status-publish","format-standard","has-post-thumbnail","hentry","category-lajme"],"yoast_head":"<!-- This site is optimized with the Yoast SEO plugin v27.5 - https:\/\/yoast.com\/product\/yoast-seo-wordpress\/ -->\n<title>DELEGACIONI I SHQIPTARVE NGA JUGU I SRBIS\u00cb N\u00cb TAKIM ME KRYEMINISTRIN DA\u00c7IQ - VIDEO - Republika e S\u00ebrbis\u00eb Trupi Koordinues p\u00ebr komunat Bujanoc, Preshev\u00eb dhe Medvegj\u00eb<\/title>\n<meta name=\"robots\" content=\"index, follow, max-snippet:-1, max-image-preview:large, max-video-preview:-1\" \/>\n<link rel=\"canonical\" href=\"https:\/\/kt.gov.rs\/sq\/delegacioni-i-shqiptarve-nga-jugu-i-srbise-ne-takim-me-kryeministrin-daciq-video\/\" \/>\n<meta property=\"og:locale\" content=\"sq_AL\" \/>\n<meta property=\"og:type\" content=\"article\" \/>\n<meta property=\"og:title\" content=\"DELEGACIONI I SHQIPTARVE NGA JUGU I SRBIS\u00cb N\u00cb TAKIM ME KRYEMINISTRIN DA\u00c7IQ - VIDEO - Republika e S\u00ebrbis\u00eb Trupi Koordinues p\u00ebr komunat Bujanoc, Preshev\u00eb dhe Medvegj\u00eb\" \/>\n<meta property=\"og:description\" content=\"P\u00ebrfaqsuesit politik t\u00eb Shqiptarve nga qendra e jugut S\u00ebrbis kan\u00eb biseduar n\u00eb Beograd me kryeminirsin dhe me p\u00ebrfaqsuesit e tjer\u00eb t\u00eb Qeveris. Tema e bisedimeve ka qen\u00eb zgjidhja e problemeve n\u00eb ato komuna, t\u00eb cil\u00ebt lider\u00ebt shqiptar i kan\u00eb definuar n\u00eb fillim t\u00eb vitit n\u00eb nje platform t\u00eb p\u00ebrbashk\u00ebt...\" \/>\n<meta property=\"og:url\" content=\"https:\/\/kt.gov.rs\/sq\/delegacioni-i-shqiptarve-nga-jugu-i-srbise-ne-takim-me-kryeministrin-daciq-video\/\" \/>\n<meta property=\"og:site_name\" content=\"Republika e S\u00ebrbis\u00eb Trupi Koordinues p\u00ebr komunat Bujanoc, Preshev\u00eb dhe Medvegj\u00eb\" \/>\n<meta property=\"article:publisher\" content=\"https:\/\/www.facebook.com\/SluzbaKoordinacionogTelaVladeRepublikeSrbije\" \/>\n<meta property=\"article:published_time\" content=\"2013-10-11T00:00:00+00:00\" \/>\n<meta property=\"article:modified_time\" content=\"2024-07-30T20:14:55+00:00\" \/>\n<meta property=\"og:image\" content=\"https:\/\/kt.gov.rs\/wp-content\/uploads\/2024\/07\/newspic286v-5.jpg\" \/>\n\t<meta property=\"og:image:width\" content=\"315\" \/>\n\t<meta property=\"og:image:height\" content=\"217\" \/>\n\t<meta property=\"og:image:type\" content=\"image\/jpeg\" \/>\n<meta name=\"author\" content=\"ktmin\" \/>\n<meta name=\"twitter:card\" content=\"summary_large_image\" \/>\n<meta name=\"twitter:creator\" content=\"@kt_gov\" \/>\n<meta name=\"twitter:site\" content=\"@kt_gov\" \/>\n<meta name=\"twitter:label1\" content=\"Written by\" \/>\n\t<meta name=\"twitter:data1\" content=\"ktmin\" \/>\n\t<meta name=\"twitter:label2\" content=\"Est. reading time\" \/>\n\t<meta name=\"twitter:data2\" content=\"3 minutes\" \/>\n<script type=\"application\/ld+json\" class=\"yoast-schema-graph\">{\"@context\":\"https:\\\/\\\/schema.org\",\"@graph\":[{\"@type\":\"Article\",\"@id\":\"https:\\\/\\\/kt.gov.rs\\\/sq\\\/delegacioni-i-shqiptarve-nga-jugu-i-srbise-ne-takim-me-kryeministrin-daciq-video\\\/#article\",\"isPartOf\":{\"@id\":\"https:\\\/\\\/kt.gov.rs\\\/sq\\\/delegacioni-i-shqiptarve-nga-jugu-i-srbise-ne-takim-me-kryeministrin-daciq-video\\\/\"},\"author\":{\"name\":\"ktmin\",\"@id\":\"https:\\\/\\\/kt.gov.rs\\\/#\\\/schema\\\/person\\\/e426459ddb4173309103390602694571\"},\"headline\":\"DELEGACIONI I SHQIPTARVE NGA JUGU I SRBIS\u00cb N\u00cb TAKIM ME KRYEMINISTRIN DA\u00c7IQ \u2013 VIDEO\",\"datePublished\":\"2013-10-11T00:00:00+00:00\",\"dateModified\":\"2024-07-30T20:14:55+00:00\",\"mainEntityOfPage\":{\"@id\":\"https:\\\/\\\/kt.gov.rs\\\/sq\\\/delegacioni-i-shqiptarve-nga-jugu-i-srbise-ne-takim-me-kryeministrin-daciq-video\\\/\"},\"wordCount\":532,\"publisher\":{\"@id\":\"https:\\\/\\\/kt.gov.rs\\\/#organization\"},\"image\":{\"@id\":\"https:\\\/\\\/kt.gov.rs\\\/sq\\\/delegacioni-i-shqiptarve-nga-jugu-i-srbise-ne-takim-me-kryeministrin-daciq-video\\\/#primaryimage\"},\"thumbnailUrl\":\"https:\\\/\\\/kt.gov.rs\\\/wp-content\\\/uploads\\\/2024\\\/07\\\/newspic286v-5.jpg\",\"articleSection\":[\"Lajme\"],\"inLanguage\":\"sq-AL\"},{\"@type\":\"WebPage\",\"@id\":\"https:\\\/\\\/kt.gov.rs\\\/sq\\\/delegacioni-i-shqiptarve-nga-jugu-i-srbise-ne-takim-me-kryeministrin-daciq-video\\\/\",\"url\":\"https:\\\/\\\/kt.gov.rs\\\/sq\\\/delegacioni-i-shqiptarve-nga-jugu-i-srbise-ne-takim-me-kryeministrin-daciq-video\\\/\",\"name\":\"DELEGACIONI I SHQIPTARVE NGA JUGU I SRBIS\u00cb N\u00cb TAKIM ME KRYEMINISTRIN DA\u00c7IQ - VIDEO - Republika e S\u00ebrbis\u00eb Trupi Koordinues p\u00ebr komunat Bujanoc, Preshev\u00eb dhe Medvegj\u00eb\",\"isPartOf\":{\"@id\":\"https:\\\/\\\/kt.gov.rs\\\/#website\"},\"primaryImageOfPage\":{\"@id\":\"https:\\\/\\\/kt.gov.rs\\\/sq\\\/delegacioni-i-shqiptarve-nga-jugu-i-srbise-ne-takim-me-kryeministrin-daciq-video\\\/#primaryimage\"},\"image\":{\"@id\":\"https:\\\/\\\/kt.gov.rs\\\/sq\\\/delegacioni-i-shqiptarve-nga-jugu-i-srbise-ne-takim-me-kryeministrin-daciq-video\\\/#primaryimage\"},\"thumbnailUrl\":\"https:\\\/\\\/kt.gov.rs\\\/wp-content\\\/uploads\\\/2024\\\/07\\\/newspic286v-5.jpg\",\"datePublished\":\"2013-10-11T00:00:00+00:00\",\"dateModified\":\"2024-07-30T20:14:55+00:00\",\"breadcrumb\":{\"@id\":\"https:\\\/\\\/kt.gov.rs\\\/sq\\\/delegacioni-i-shqiptarve-nga-jugu-i-srbise-ne-takim-me-kryeministrin-daciq-video\\\/#breadcrumb\"},\"inLanguage\":\"sq-AL\",\"potentialAction\":[{\"@type\":\"ReadAction\",\"target\":[\"https:\\\/\\\/kt.gov.rs\\\/sq\\\/delegacioni-i-shqiptarve-nga-jugu-i-srbise-ne-takim-me-kryeministrin-daciq-video\\\/\"]}]},{\"@type\":\"ImageObject\",\"inLanguage\":\"sq-AL\",\"@id\":\"https:\\\/\\\/kt.gov.rs\\\/sq\\\/delegacioni-i-shqiptarve-nga-jugu-i-srbise-ne-takim-me-kryeministrin-daciq-video\\\/#primaryimage\",\"url\":\"https:\\\/\\\/kt.gov.rs\\\/wp-content\\\/uploads\\\/2024\\\/07\\\/newspic286v-5.jpg\",\"contentUrl\":\"https:\\\/\\\/kt.gov.rs\\\/wp-content\\\/uploads\\\/2024\\\/07\\\/newspic286v-5.jpg\",\"width\":315,\"height\":217},{\"@type\":\"BreadcrumbList\",\"@id\":\"https:\\\/\\\/kt.gov.rs\\\/sq\\\/delegacioni-i-shqiptarve-nga-jugu-i-srbise-ne-takim-me-kryeministrin-daciq-video\\\/#breadcrumb\",\"itemListElement\":[{\"@type\":\"ListItem\",\"position\":1,\"name\":\"\u041f\u043e\u0447\u0435\u0442\u043d\u0430\",\"item\":\"https:\\\/\\\/kt.gov.rs\\\/sq\\\/\"},{\"@type\":\"ListItem\",\"position\":2,\"name\":\"DELEGACIONI I SHQIPTARVE NGA JUGU I SRBIS\u00cb N\u00cb TAKIM ME KRYEMINISTRIN DA\u00c7IQ \u2013 VIDEO\"}]},{\"@type\":\"WebSite\",\"@id\":\"https:\\\/\\\/kt.gov.rs\\\/#website\",\"url\":\"https:\\\/\\\/kt.gov.rs\\\/\",\"name\":\"\u041a\u043e\u043e\u0440\u0434\u0438\u043d\u0430\u0446\u0438\u043e\u043d\u043e \u0442\u0435\u043b\u043e \u0412\u043b\u0430\u0434\u0435 \u0420\u0435\u043f\u0443\u0431\u043b\u0438\u043a\u0435 \u0421\u0440\u0431\u0438\u0458\u0435 \u0437\u0430 \u043e\u043f\u0448\u0442\u0438\u043d\u0435 \u041f\u0440\u0435\u0448\u0435\u0432\u043e, \u0411\u0443\u0458\u0430\u043d\u043e\u0432\u0430\u0446 \u0438 \u041c\u0435\u0434\u0432\u0435\u0452a\",\"description\":\"\",\"publisher\":{\"@id\":\"https:\\\/\\\/kt.gov.rs\\\/#organization\"},\"alternateName\":\"\u041a\u043e\u043e\u0440\u0434\u0438\u043d\u0430\u0446\u0438\u043e\u043d\u043e \u0442\u0435\u043b\u043e\",\"potentialAction\":[{\"@type\":\"SearchAction\",\"target\":{\"@type\":\"EntryPoint\",\"urlTemplate\":\"https:\\\/\\\/kt.gov.rs\\\/?s={search_term_string}\"},\"query-input\":{\"@type\":\"PropertyValueSpecification\",\"valueRequired\":true,\"valueName\":\"search_term_string\"}}],\"inLanguage\":\"sq-AL\"},{\"@type\":\"Organization\",\"@id\":\"https:\\\/\\\/kt.gov.rs\\\/#organization\",\"name\":\"\u041a\u043e\u043e\u0440\u0434\u0438\u043d\u0430\u0446\u0438\u043e\u043d\u043e \u0442\u0435\u043b\u043e \u0412\u043b\u0430\u0434\u0435 \u0420\u0435\u043f\u0443\u0431\u043b\u0438\u043a\u0435 \u0421\u0440\u0431\u0438\u0458\u0435 \u0437\u0430 \u043e\u043f\u0448\u0442\u0438\u043d\u0435 \u041f\u0440\u0435\u0448\u0435\u0432\u043e, \u0411\u0443\u0458\u0430\u043d\u043e\u0432\u0430\u0446 \u0438 \u041c\u0435\u0434\u0432\u0435\u0452a\",\"alternateName\":\"\u041a\u043e\u043e\u0440\u0434\u0438\u043d\u0430\u0446\u0438\u043e\u043d\u043e \u0442\u0435\u043b\u043e\",\"url\":\"https:\\\/\\\/kt.gov.rs\\\/\",\"logo\":{\"@type\":\"ImageObject\",\"inLanguage\":\"sq-AL\",\"@id\":\"https:\\\/\\\/kt.gov.rs\\\/#\\\/schema\\\/logo\\\/image\\\/\",\"url\":\"https:\\\/\\\/kt.gov.rs\\\/wp-content\\\/uploads\\\/2024\\\/12\\\/koord2.jpg\",\"contentUrl\":\"https:\\\/\\\/kt.gov.rs\\\/wp-content\\\/uploads\\\/2024\\\/12\\\/koord2.jpg\",\"width\":640,\"height\":480,\"caption\":\"\u041a\u043e\u043e\u0440\u0434\u0438\u043d\u0430\u0446\u0438\u043e\u043d\u043e \u0442\u0435\u043b\u043e \u0412\u043b\u0430\u0434\u0435 \u0420\u0435\u043f\u0443\u0431\u043b\u0438\u043a\u0435 \u0421\u0440\u0431\u0438\u0458\u0435 \u0437\u0430 \u043e\u043f\u0448\u0442\u0438\u043d\u0435 \u041f\u0440\u0435\u0448\u0435\u0432\u043e, \u0411\u0443\u0458\u0430\u043d\u043e\u0432\u0430\u0446 \u0438 \u041c\u0435\u0434\u0432\u0435\u0452a\"},\"image\":{\"@id\":\"https:\\\/\\\/kt.gov.rs\\\/#\\\/schema\\\/logo\\\/image\\\/\"},\"sameAs\":[\"https:\\\/\\\/www.facebook.com\\\/SluzbaKoordinacionogTelaVladeRepublikeSrbije\",\"https:\\\/\\\/x.com\\\/kt_gov\",\"https:\\\/\\\/www.youtube.com\\\/@koordinacionotelo\"]},{\"@type\":\"Person\",\"@id\":\"https:\\\/\\\/kt.gov.rs\\\/#\\\/schema\\\/person\\\/e426459ddb4173309103390602694571\",\"name\":\"ktmin\",\"image\":{\"@type\":\"ImageObject\",\"inLanguage\":\"sq-AL\",\"@id\":\"https:\\\/\\\/secure.gravatar.com\\\/avatar\\\/3985c961109853010c3fbc7ba30365bfba5db3dd6c525831d9c595c7525a615a?s=96&d=mm&r=g\",\"url\":\"https:\\\/\\\/secure.gravatar.com\\\/avatar\\\/3985c961109853010c3fbc7ba30365bfba5db3dd6c525831d9c595c7525a615a?s=96&d=mm&r=g\",\"contentUrl\":\"https:\\\/\\\/secure.gravatar.com\\\/avatar\\\/3985c961109853010c3fbc7ba30365bfba5db3dd6c525831d9c595c7525a615a?s=96&d=mm&r=g\",\"caption\":\"ktmin\"},\"sameAs\":[\"https:\\\/\\\/kt.gov.rs\"],\"url\":\"https:\\\/\\\/kt.gov.rs\\\/sq\\\/author\\\/ktmin\\\/\"}]}<\/script>\n<!-- \/ Yoast SEO plugin. -->","yoast_head_json":{"title":"DELEGACIONI I SHQIPTARVE NGA JUGU I SRBIS\u00cb N\u00cb TAKIM ME KRYEMINISTRIN DA\u00c7IQ - VIDEO - Republika e S\u00ebrbis\u00eb Trupi Koordinues p\u00ebr komunat Bujanoc, Preshev\u00eb dhe Medvegj\u00eb","robots":{"index":"index","follow":"follow","max-snippet":"max-snippet:-1","max-image-preview":"max-image-preview:large","max-video-preview":"max-video-preview:-1"},"canonical":"https:\/\/kt.gov.rs\/sq\/delegacioni-i-shqiptarve-nga-jugu-i-srbise-ne-takim-me-kryeministrin-daciq-video\/","og_locale":"sq_AL","og_type":"article","og_title":"DELEGACIONI I SHQIPTARVE NGA JUGU I SRBIS\u00cb N\u00cb TAKIM ME KRYEMINISTRIN DA\u00c7IQ - VIDEO - Republika e S\u00ebrbis\u00eb Trupi Koordinues p\u00ebr komunat Bujanoc, Preshev\u00eb dhe Medvegj\u00eb","og_description":"P\u00ebrfaqsuesit politik t\u00eb Shqiptarve nga qendra e jugut S\u00ebrbis kan\u00eb biseduar n\u00eb Beograd me kryeminirsin dhe me p\u00ebrfaqsuesit e tjer\u00eb t\u00eb Qeveris. Tema e bisedimeve ka qen\u00eb zgjidhja e problemeve n\u00eb ato komuna, t\u00eb cil\u00ebt lider\u00ebt shqiptar i kan\u00eb definuar n\u00eb fillim t\u00eb vitit n\u00eb nje platform t\u00eb p\u00ebrbashk\u00ebt...","og_url":"https:\/\/kt.gov.rs\/sq\/delegacioni-i-shqiptarve-nga-jugu-i-srbise-ne-takim-me-kryeministrin-daciq-video\/","og_site_name":"Republika e S\u00ebrbis\u00eb Trupi Koordinues p\u00ebr komunat Bujanoc, Preshev\u00eb dhe Medvegj\u00eb","article_publisher":"https:\/\/www.facebook.com\/SluzbaKoordinacionogTelaVladeRepublikeSrbije","article_published_time":"2013-10-11T00:00:00+00:00","article_modified_time":"2024-07-30T20:14:55+00:00","og_image":[{"width":315,"height":217,"url":"https:\/\/kt.gov.rs\/wp-content\/uploads\/2024\/07\/newspic286v-5.jpg","type":"image\/jpeg"}],"author":"ktmin","twitter_card":"summary_large_image","twitter_creator":"@kt_gov","twitter_site":"@kt_gov","twitter_misc":{"Written by":"ktmin","Est. reading time":"3 minutes"},"schema":{"@context":"https:\/\/schema.org","@graph":[{"@type":"Article","@id":"https:\/\/kt.gov.rs\/sq\/delegacioni-i-shqiptarve-nga-jugu-i-srbise-ne-takim-me-kryeministrin-daciq-video\/#article","isPartOf":{"@id":"https:\/\/kt.gov.rs\/sq\/delegacioni-i-shqiptarve-nga-jugu-i-srbise-ne-takim-me-kryeministrin-daciq-video\/"},"author":{"name":"ktmin","@id":"https:\/\/kt.gov.rs\/#\/schema\/person\/e426459ddb4173309103390602694571"},"headline":"DELEGACIONI I SHQIPTARVE NGA JUGU I SRBIS\u00cb N\u00cb TAKIM ME KRYEMINISTRIN DA\u00c7IQ \u2013 VIDEO","datePublished":"2013-10-11T00:00:00+00:00","dateModified":"2024-07-30T20:14:55+00:00","mainEntityOfPage":{"@id":"https:\/\/kt.gov.rs\/sq\/delegacioni-i-shqiptarve-nga-jugu-i-srbise-ne-takim-me-kryeministrin-daciq-video\/"},"wordCount":532,"publisher":{"@id":"https:\/\/kt.gov.rs\/#organization"},"image":{"@id":"https:\/\/kt.gov.rs\/sq\/delegacioni-i-shqiptarve-nga-jugu-i-srbise-ne-takim-me-kryeministrin-daciq-video\/#primaryimage"},"thumbnailUrl":"https:\/\/kt.gov.rs\/wp-content\/uploads\/2024\/07\/newspic286v-5.jpg","articleSection":["Lajme"],"inLanguage":"sq-AL"},{"@type":"WebPage","@id":"https:\/\/kt.gov.rs\/sq\/delegacioni-i-shqiptarve-nga-jugu-i-srbise-ne-takim-me-kryeministrin-daciq-video\/","url":"https:\/\/kt.gov.rs\/sq\/delegacioni-i-shqiptarve-nga-jugu-i-srbise-ne-takim-me-kryeministrin-daciq-video\/","name":"DELEGACIONI I SHQIPTARVE NGA JUGU I SRBIS\u00cb N\u00cb TAKIM ME KRYEMINISTRIN DA\u00c7IQ - VIDEO - Republika e S\u00ebrbis\u00eb Trupi Koordinues p\u00ebr komunat Bujanoc, Preshev\u00eb dhe Medvegj\u00eb","isPartOf":{"@id":"https:\/\/kt.gov.rs\/#website"},"primaryImageOfPage":{"@id":"https:\/\/kt.gov.rs\/sq\/delegacioni-i-shqiptarve-nga-jugu-i-srbise-ne-takim-me-kryeministrin-daciq-video\/#primaryimage"},"image":{"@id":"https:\/\/kt.gov.rs\/sq\/delegacioni-i-shqiptarve-nga-jugu-i-srbise-ne-takim-me-kryeministrin-daciq-video\/#primaryimage"},"thumbnailUrl":"https:\/\/kt.gov.rs\/wp-content\/uploads\/2024\/07\/newspic286v-5.jpg","datePublished":"2013-10-11T00:00:00+00:00","dateModified":"2024-07-30T20:14:55+00:00","breadcrumb":{"@id":"https:\/\/kt.gov.rs\/sq\/delegacioni-i-shqiptarve-nga-jugu-i-srbise-ne-takim-me-kryeministrin-daciq-video\/#breadcrumb"},"inLanguage":"sq-AL","potentialAction":[{"@type":"ReadAction","target":["https:\/\/kt.gov.rs\/sq\/delegacioni-i-shqiptarve-nga-jugu-i-srbise-ne-takim-me-kryeministrin-daciq-video\/"]}]},{"@type":"ImageObject","inLanguage":"sq-AL","@id":"https:\/\/kt.gov.rs\/sq\/delegacioni-i-shqiptarve-nga-jugu-i-srbise-ne-takim-me-kryeministrin-daciq-video\/#primaryimage","url":"https:\/\/kt.gov.rs\/wp-content\/uploads\/2024\/07\/newspic286v-5.jpg","contentUrl":"https:\/\/kt.gov.rs\/wp-content\/uploads\/2024\/07\/newspic286v-5.jpg","width":315,"height":217},{"@type":"BreadcrumbList","@id":"https:\/\/kt.gov.rs\/sq\/delegacioni-i-shqiptarve-nga-jugu-i-srbise-ne-takim-me-kryeministrin-daciq-video\/#breadcrumb","itemListElement":[{"@type":"ListItem","position":1,"name":"\u041f\u043e\u0447\u0435\u0442\u043d\u0430","item":"https:\/\/kt.gov.rs\/sq\/"},{"@type":"ListItem","position":2,"name":"DELEGACIONI I SHQIPTARVE NGA JUGU I SRBIS\u00cb N\u00cb TAKIM ME KRYEMINISTRIN DA\u00c7IQ \u2013 VIDEO"}]},{"@type":"WebSite","@id":"https:\/\/kt.gov.rs\/#website","url":"https:\/\/kt.gov.rs\/","name":"\u041a\u043e\u043e\u0440\u0434\u0438\u043d\u0430\u0446\u0438\u043e\u043d\u043e \u0442\u0435\u043b\u043e \u0412\u043b\u0430\u0434\u0435 \u0420\u0435\u043f\u0443\u0431\u043b\u0438\u043a\u0435 \u0421\u0440\u0431\u0438\u0458\u0435 \u0437\u0430 \u043e\u043f\u0448\u0442\u0438\u043d\u0435 \u041f\u0440\u0435\u0448\u0435\u0432\u043e, \u0411\u0443\u0458\u0430\u043d\u043e\u0432\u0430\u0446 \u0438 \u041c\u0435\u0434\u0432\u0435\u0452a","description":"","publisher":{"@id":"https:\/\/kt.gov.rs\/#organization"},"alternateName":"\u041a\u043e\u043e\u0440\u0434\u0438\u043d\u0430\u0446\u0438\u043e\u043d\u043e \u0442\u0435\u043b\u043e","potentialAction":[{"@type":"SearchAction","target":{"@type":"EntryPoint","urlTemplate":"https:\/\/kt.gov.rs\/?s={search_term_string}"},"query-input":{"@type":"PropertyValueSpecification","valueRequired":true,"valueName":"search_term_string"}}],"inLanguage":"sq-AL"},{"@type":"Organization","@id":"https:\/\/kt.gov.rs\/#organization","name":"\u041a\u043e\u043e\u0440\u0434\u0438\u043d\u0430\u0446\u0438\u043e\u043d\u043e \u0442\u0435\u043b\u043e \u0412\u043b\u0430\u0434\u0435 \u0420\u0435\u043f\u0443\u0431\u043b\u0438\u043a\u0435 \u0421\u0440\u0431\u0438\u0458\u0435 \u0437\u0430 \u043e\u043f\u0448\u0442\u0438\u043d\u0435 \u041f\u0440\u0435\u0448\u0435\u0432\u043e, \u0411\u0443\u0458\u0430\u043d\u043e\u0432\u0430\u0446 \u0438 \u041c\u0435\u0434\u0432\u0435\u0452a","alternateName":"\u041a\u043e\u043e\u0440\u0434\u0438\u043d\u0430\u0446\u0438\u043e\u043d\u043e \u0442\u0435\u043b\u043e","url":"https:\/\/kt.gov.rs\/","logo":{"@type":"ImageObject","inLanguage":"sq-AL","@id":"https:\/\/kt.gov.rs\/#\/schema\/logo\/image\/","url":"https:\/\/kt.gov.rs\/wp-content\/uploads\/2024\/12\/koord2.jpg","contentUrl":"https:\/\/kt.gov.rs\/wp-content\/uploads\/2024\/12\/koord2.jpg","width":640,"height":480,"caption":"\u041a\u043e\u043e\u0440\u0434\u0438\u043d\u0430\u0446\u0438\u043e\u043d\u043e \u0442\u0435\u043b\u043e \u0412\u043b\u0430\u0434\u0435 \u0420\u0435\u043f\u0443\u0431\u043b\u0438\u043a\u0435 \u0421\u0440\u0431\u0438\u0458\u0435 \u0437\u0430 \u043e\u043f\u0448\u0442\u0438\u043d\u0435 \u041f\u0440\u0435\u0448\u0435\u0432\u043e, \u0411\u0443\u0458\u0430\u043d\u043e\u0432\u0430\u0446 \u0438 \u041c\u0435\u0434\u0432\u0435\u0452a"},"image":{"@id":"https:\/\/kt.gov.rs\/#\/schema\/logo\/image\/"},"sameAs":["https:\/\/www.facebook.com\/SluzbaKoordinacionogTelaVladeRepublikeSrbije","https:\/\/x.com\/kt_gov","https:\/\/www.youtube.com\/@koordinacionotelo"]},{"@type":"Person","@id":"https:\/\/kt.gov.rs\/#\/schema\/person\/e426459ddb4173309103390602694571","name":"ktmin","image":{"@type":"ImageObject","inLanguage":"sq-AL","@id":"https:\/\/secure.gravatar.com\/avatar\/3985c961109853010c3fbc7ba30365bfba5db3dd6c525831d9c595c7525a615a?s=96&d=mm&r=g","url":"https:\/\/secure.gravatar.com\/avatar\/3985c961109853010c3fbc7ba30365bfba5db3dd6c525831d9c595c7525a615a?s=96&d=mm&r=g","contentUrl":"https:\/\/secure.gravatar.com\/avatar\/3985c961109853010c3fbc7ba30365bfba5db3dd6c525831d9c595c7525a615a?s=96&d=mm&r=g","caption":"ktmin"},"sameAs":["https:\/\/kt.gov.rs"],"url":"https:\/\/kt.gov.rs\/sq\/author\/ktmin\/"}]}},"_links":{"self":[{"href":"https:\/\/kt.gov.rs\/sq\/wp-json\/wp\/v2\/posts\/140364","targetHints":{"allow":["GET"]}}],"collection":[{"href":"https:\/\/kt.gov.rs\/sq\/wp-json\/wp\/v2\/posts"}],"about":[{"href":"https:\/\/kt.gov.rs\/sq\/wp-json\/wp\/v2\/types\/post"}],"author":[{"embeddable":true,"href":"https:\/\/kt.gov.rs\/sq\/wp-json\/wp\/v2\/users\/1"}],"replies":[{"embeddable":true,"href":"https:\/\/kt.gov.rs\/sq\/wp-json\/wp\/v2\/comments?post=140364"}],"version-history":[{"count":1,"href":"https:\/\/kt.gov.rs\/sq\/wp-json\/wp\/v2\/posts\/140364\/revisions"}],"predecessor-version":[{"id":140368,"href":"https:\/\/kt.gov.rs\/sq\/wp-json\/wp\/v2\/posts\/140364\/revisions\/140368"}],"wp:featuredmedia":[{"embeddable":true,"href":"https:\/\/kt.gov.rs\/sq\/wp-json\/wp\/v2\/media\/140369"}],"wp:attachment":[{"href":"https:\/\/kt.gov.rs\/sq\/wp-json\/wp\/v2\/media?parent=140364"}],"wp:term":[{"taxonomy":"category","embeddable":true,"href":"https:\/\/kt.gov.rs\/sq\/wp-json\/wp\/v2\/categories?post=140364"},{"taxonomy":"post_tag","embeddable":true,"href":"https:\/\/kt.gov.rs\/sq\/wp-json\/wp\/v2\/tags?post=140364"}],"curies":[{"name":"wp","href":"https:\/\/api.w.org\/{rel}","templated":true}]}}