{"id":140356,"date":"2013-10-14T00:00:00","date_gmt":"2013-10-14T00:00:00","guid":{"rendered":"http:\/\/kt.printandscreen.rs\/eu-progresi-thirrje-per-propozim-projekt\/"},"modified":"2024-07-30T20:14:54","modified_gmt":"2024-07-30T20:14:54","slug":"eu-progresi-thirrje-per-propozim-projekt","status":"publish","type":"post","link":"https:\/\/kt.gov.rs\/sq\/eu-progresi-thirrje-per-propozim-projekt\/","title":{"rendered":"EU PROGRESI \u2013 THIRRJE P\u00cbR PROPOZIM PROJEKT"},"content":{"rendered":"<p>\n\t<strong><img decoding=\"async\" alt=\"\" src=\"https:\/\/kt.gov.rs\/wp-content\/uploads\/2024\/07\/newspic290v-4.jpg\" style=\"width: 315px; height: 180px; float: left;\" \/>EU PROGRESI <\/strong>promovon<strong> program <\/strong>\u00a0dhe p\u00ebrkrah sip\u00ebrrmarset femrat dhe vet\u00ebpunsimin, me at\u00eb fton\u00eb <strong>femrat e pa pun\u00ebsuara, <\/strong>\u00a0t\u00eb cilat jan\u00eb t\u00eb regjistruara n\u00eb kontinuitet s\u00eb paku tre muaj n\u00eb Entin nacional p\u00ebr punsim, t\u00eb d\u00ebrgojn\u00eb propozim projekt p\u00ebr finansimin e nisjes p\u00ebr rregullimin me ligj t\u00eb biznesit n\u00eb\u00a0 pronsi t\u00eb gruas ose t\u00eb cil\u00ebn e udh\u00ebheqin femrat, p\u00ebr grande deri 4.000 EURO p\u00ebr t\u00eb siguar maqina dhe paisjet si dhe \u00a0mallra t\u00eb q\u00ebndrueshme. Do t\u00eb mb\u00ebshteten gjith rreth 10 biznese.<\/p>\n<p>\n\tD\u00ebrguesit e propozim projektit <strong>patjet\u00ebr <\/strong>duhet t\u00eb ken\u00eb vendbanimin n\u00eb nj\u00ebr\u00ebn nga nj\u00ebzete e pes\u00eb komunat ku merr pjes programi i\u00a0 EU PROGRESIT, ku p\u00ebrfshihet edhe komuna e Preshev\u00ebs, Bujanocit dhe Medvegj\u00ebs.\u00a0<\/p>\n<p>\n\tP\u00ebr k\u00ebt\u00eb thirrje EU PROGRSI e ka dedikuar shum\u00ebn prej <strong>40.000 EURO. <\/strong>Grandi m\u00eb i vog\u00ebl \u00ebsht\u00eb n\u00eb shum\u00eb prej <strong>1.500 EURO <\/strong>kurse grandi m\u00eb i madh <strong>4.000 EURO<\/strong><\/p>\n<p>\n\tRealizimi i aktiviteteve nga propozim projekti <strong>duhet <\/strong>t\u00eb kryhet deri m\u00eb <strong>14.mars 2014.<\/strong><\/p>\n<p>\n\tPropozim projekti duhet t\u00eb d\u00ebrgohet n\u00eb gjuh\u00ebn serbe dhe t\u00eb p\u00ebrmbaj formularin p\u00ebr aplikim, propozimi detal i buxhetit, prallogaria p\u00ebr paisjet\/mallrat e q\u00ebndrushme t\u00eb cekura n\u00eb propozim projekt me specifikat e detajuara, si dhe biografin e pun\u00ebs aplikanti i propozim projektit. \u00a0<\/p>\n<p style=\"margin-left:-9.0pt;\">\n\t<strong>T\u00eb gjitha propozimet duhet t\u00eb <\/strong><strong>dor\u00ebzohen<\/strong><strong> n\u00eb zyr\u00ebn e EU PROGRESIT \u00a0n\u00eb k\u00ebto zyre n\u00eb \u00a0Vranj\u00eb, Novi Pazar dhe Prokuplje me post\u00eb rekomande ose personalisht deri n\u00eb ora 17.00 e h\u00ebn\u00eb, 28 tetor 2013.<\/strong><\/p>\n<p>\n\tKoplet dokumentacioni i thirrjes publike p\u00ebr aplikim mund\u00eb t\u00eb merren n\u00eb sajtin e programit t\u00eb\u00a0 EU PROGRESIT <a href=\"http:\/\/www.euprogres.org\/konkursi.php?oblast=konkursi\" target=\"_blank\" rel=\"noopener\">http:\/\/www.euprogres.org\/konkursi.php?oblast=konkursi<\/a><\/p>\n<p>\n\t<strong>Burimi<\/strong>: <strong>Sajti programi EU PROGRES dhe Trupi Koordinues<\/strong><\/p>\n<p>\n\t\u00a0<\/p>\n","protected":false},"excerpt":{"rendered":"<p>EU PROGRESI promovon program \u00a0dhe p\u00ebrkrah sip\u00ebrrmarset femrat dhe vet\u00ebpunsimin, me at\u00eb fton\u00eb femrat e pa pun\u00ebsuara, \u00a0t\u00eb cilat jan\u00eb t\u00eb regjistruara n\u00eb kontinuitet s\u00eb paku tre muaj n\u00eb Entin nacional p\u00ebr punsim, t\u00eb d\u00ebrgojn\u00eb propozim projekt p\u00ebr finansimin e nisjes p\u00ebr rregullimin me ligj t\u00eb biznesit n\u00eb\u00a0 pronsi t\u00eb gruas ose t\u00eb cil\u00ebn e udh\u00ebheqin femra\u2026<\/p>\n","protected":false},"author":1,"featured_media":140361,"comment_status":"closed","ping_status":"closed","sticky":false,"template":"","format":"standard","meta":{"footnotes":""},"categories":[55],"tags":[],"class_list":["post-140356","post","type-post","status-publish","format-standard","has-post-thumbnail","hentry","category-lajme"],"yoast_head":"<!-- This site is optimized with the Yoast SEO plugin v27.5 - https:\/\/yoast.com\/product\/yoast-seo-wordpress\/ -->\n<title>EU PROGRESI \u2013 THIRRJE P\u00cbR PROPOZIM PROJEKT - Republika e S\u00ebrbis\u00eb Trupi Koordinues p\u00ebr komunat Bujanoc, Preshev\u00eb dhe Medvegj\u00eb<\/title>\n<meta name=\"robots\" content=\"index, follow, max-snippet:-1, max-image-preview:large, max-video-preview:-1\" \/>\n<link rel=\"canonical\" href=\"https:\/\/kt.gov.rs\/sq\/eu-progresi-thirrje-per-propozim-projekt\/\" \/>\n<meta property=\"og:locale\" content=\"sq_AL\" \/>\n<meta property=\"og:type\" content=\"article\" \/>\n<meta property=\"og:title\" content=\"EU PROGRESI \u2013 THIRRJE P\u00cbR PROPOZIM PROJEKT - Republika e S\u00ebrbis\u00eb Trupi Koordinues p\u00ebr komunat Bujanoc, Preshev\u00eb dhe Medvegj\u00eb\" \/>\n<meta property=\"og:description\" content=\"EU PROGRESI promovon program \u00a0dhe p\u00ebrkrah sip\u00ebrrmarset femrat dhe vet\u00ebpunsimin, me at\u00eb fton\u00eb femrat e pa pun\u00ebsuara, \u00a0t\u00eb cilat jan\u00eb t\u00eb regjistruara n\u00eb kontinuitet s\u00eb paku tre muaj n\u00eb Entin nacional p\u00ebr punsim, t\u00eb d\u00ebrgojn\u00eb propozim projekt p\u00ebr finansimin e nisjes p\u00ebr rregullimin me ligj t\u00eb biznesit n\u00eb\u00a0 pronsi t\u00eb gruas ose t\u00eb cil\u00ebn e udh\u00ebheqin femra...\" \/>\n<meta property=\"og:url\" content=\"https:\/\/kt.gov.rs\/sq\/eu-progresi-thirrje-per-propozim-projekt\/\" \/>\n<meta property=\"og:site_name\" content=\"Republika e S\u00ebrbis\u00eb Trupi Koordinues p\u00ebr komunat Bujanoc, Preshev\u00eb dhe Medvegj\u00eb\" \/>\n<meta property=\"article:publisher\" content=\"https:\/\/www.facebook.com\/SluzbaKoordinacionogTelaVladeRepublikeSrbije\" \/>\n<meta property=\"article:published_time\" content=\"2013-10-14T00:00:00+00:00\" \/>\n<meta property=\"article:modified_time\" content=\"2024-07-30T20:14:54+00:00\" \/>\n<meta property=\"og:image\" content=\"https:\/\/kt.gov.rs\/wp-content\/uploads\/2024\/07\/newspic290v-5.jpg\" \/>\n\t<meta property=\"og:image:width\" content=\"315\" \/>\n\t<meta property=\"og:image:height\" content=\"180\" \/>\n\t<meta property=\"og:image:type\" content=\"image\/jpeg\" \/>\n<meta name=\"author\" content=\"ktmin\" \/>\n<meta name=\"twitter:card\" content=\"summary_large_image\" \/>\n<meta name=\"twitter:creator\" content=\"@kt_gov\" \/>\n<meta name=\"twitter:site\" content=\"@kt_gov\" \/>\n<meta name=\"twitter:label1\" content=\"Written by\" \/>\n\t<meta name=\"twitter:data1\" content=\"ktmin\" \/>\n\t<meta name=\"twitter:label2\" content=\"Est. reading time\" \/>\n\t<meta name=\"twitter:data2\" content=\"2 minutes\" \/>\n<script type=\"application\/ld+json\" class=\"yoast-schema-graph\">{\"@context\":\"https:\\\/\\\/schema.org\",\"@graph\":[{\"@type\":\"Article\",\"@id\":\"https:\\\/\\\/kt.gov.rs\\\/sq\\\/eu-progresi-thirrje-per-propozim-projekt\\\/#article\",\"isPartOf\":{\"@id\":\"https:\\\/\\\/kt.gov.rs\\\/sq\\\/eu-progresi-thirrje-per-propozim-projekt\\\/\"},\"author\":{\"name\":\"ktmin\",\"@id\":\"https:\\\/\\\/kt.gov.rs\\\/#\\\/schema\\\/person\\\/e426459ddb4173309103390602694571\"},\"headline\":\"EU PROGRESI \u2013 THIRRJE P\u00cbR PROPOZIM PROJEKT\",\"datePublished\":\"2013-10-14T00:00:00+00:00\",\"dateModified\":\"2024-07-30T20:14:54+00:00\",\"mainEntityOfPage\":{\"@id\":\"https:\\\/\\\/kt.gov.rs\\\/sq\\\/eu-progresi-thirrje-per-propozim-projekt\\\/\"},\"wordCount\":396,\"publisher\":{\"@id\":\"https:\\\/\\\/kt.gov.rs\\\/#organization\"},\"image\":{\"@id\":\"https:\\\/\\\/kt.gov.rs\\\/sq\\\/eu-progresi-thirrje-per-propozim-projekt\\\/#primaryimage\"},\"thumbnailUrl\":\"https:\\\/\\\/kt.gov.rs\\\/wp-content\\\/uploads\\\/2024\\\/07\\\/newspic290v-5.jpg\",\"articleSection\":[\"Lajme\"],\"inLanguage\":\"sq-AL\"},{\"@type\":\"WebPage\",\"@id\":\"https:\\\/\\\/kt.gov.rs\\\/sq\\\/eu-progresi-thirrje-per-propozim-projekt\\\/\",\"url\":\"https:\\\/\\\/kt.gov.rs\\\/sq\\\/eu-progresi-thirrje-per-propozim-projekt\\\/\",\"name\":\"EU PROGRESI \u2013 THIRRJE P\u00cbR PROPOZIM PROJEKT - Republika e S\u00ebrbis\u00eb Trupi Koordinues p\u00ebr komunat Bujanoc, Preshev\u00eb dhe Medvegj\u00eb\",\"isPartOf\":{\"@id\":\"https:\\\/\\\/kt.gov.rs\\\/#website\"},\"primaryImageOfPage\":{\"@id\":\"https:\\\/\\\/kt.gov.rs\\\/sq\\\/eu-progresi-thirrje-per-propozim-projekt\\\/#primaryimage\"},\"image\":{\"@id\":\"https:\\\/\\\/kt.gov.rs\\\/sq\\\/eu-progresi-thirrje-per-propozim-projekt\\\/#primaryimage\"},\"thumbnailUrl\":\"https:\\\/\\\/kt.gov.rs\\\/wp-content\\\/uploads\\\/2024\\\/07\\\/newspic290v-5.jpg\",\"datePublished\":\"2013-10-14T00:00:00+00:00\",\"dateModified\":\"2024-07-30T20:14:54+00:00\",\"breadcrumb\":{\"@id\":\"https:\\\/\\\/kt.gov.rs\\\/sq\\\/eu-progresi-thirrje-per-propozim-projekt\\\/#breadcrumb\"},\"inLanguage\":\"sq-AL\",\"potentialAction\":[{\"@type\":\"ReadAction\",\"target\":[\"https:\\\/\\\/kt.gov.rs\\\/sq\\\/eu-progresi-thirrje-per-propozim-projekt\\\/\"]}]},{\"@type\":\"ImageObject\",\"inLanguage\":\"sq-AL\",\"@id\":\"https:\\\/\\\/kt.gov.rs\\\/sq\\\/eu-progresi-thirrje-per-propozim-projekt\\\/#primaryimage\",\"url\":\"https:\\\/\\\/kt.gov.rs\\\/wp-content\\\/uploads\\\/2024\\\/07\\\/newspic290v-5.jpg\",\"contentUrl\":\"https:\\\/\\\/kt.gov.rs\\\/wp-content\\\/uploads\\\/2024\\\/07\\\/newspic290v-5.jpg\",\"width\":315,\"height\":180},{\"@type\":\"BreadcrumbList\",\"@id\":\"https:\\\/\\\/kt.gov.rs\\\/sq\\\/eu-progresi-thirrje-per-propozim-projekt\\\/#breadcrumb\",\"itemListElement\":[{\"@type\":\"ListItem\",\"position\":1,\"name\":\"\u041f\u043e\u0447\u0435\u0442\u043d\u0430\",\"item\":\"https:\\\/\\\/kt.gov.rs\\\/sq\\\/\"},{\"@type\":\"ListItem\",\"position\":2,\"name\":\"EU PROGRESI \u2013 THIRRJE P\u00cbR PROPOZIM PROJEKT\"}]},{\"@type\":\"WebSite\",\"@id\":\"https:\\\/\\\/kt.gov.rs\\\/#website\",\"url\":\"https:\\\/\\\/kt.gov.rs\\\/\",\"name\":\"\u041a\u043e\u043e\u0440\u0434\u0438\u043d\u0430\u0446\u0438\u043e\u043d\u043e \u0442\u0435\u043b\u043e \u0412\u043b\u0430\u0434\u0435 \u0420\u0435\u043f\u0443\u0431\u043b\u0438\u043a\u0435 \u0421\u0440\u0431\u0438\u0458\u0435 \u0437\u0430 \u043e\u043f\u0448\u0442\u0438\u043d\u0435 \u041f\u0440\u0435\u0448\u0435\u0432\u043e, \u0411\u0443\u0458\u0430\u043d\u043e\u0432\u0430\u0446 \u0438 \u041c\u0435\u0434\u0432\u0435\u0452a\",\"description\":\"\",\"publisher\":{\"@id\":\"https:\\\/\\\/kt.gov.rs\\\/#organization\"},\"alternateName\":\"\u041a\u043e\u043e\u0440\u0434\u0438\u043d\u0430\u0446\u0438\u043e\u043d\u043e \u0442\u0435\u043b\u043e\",\"potentialAction\":[{\"@type\":\"SearchAction\",\"target\":{\"@type\":\"EntryPoint\",\"urlTemplate\":\"https:\\\/\\\/kt.gov.rs\\\/?s={search_term_string}\"},\"query-input\":{\"@type\":\"PropertyValueSpecification\",\"valueRequired\":true,\"valueName\":\"search_term_string\"}}],\"inLanguage\":\"sq-AL\"},{\"@type\":\"Organization\",\"@id\":\"https:\\\/\\\/kt.gov.rs\\\/#organization\",\"name\":\"\u041a\u043e\u043e\u0440\u0434\u0438\u043d\u0430\u0446\u0438\u043e\u043d\u043e \u0442\u0435\u043b\u043e \u0412\u043b\u0430\u0434\u0435 \u0420\u0435\u043f\u0443\u0431\u043b\u0438\u043a\u0435 \u0421\u0440\u0431\u0438\u0458\u0435 \u0437\u0430 \u043e\u043f\u0448\u0442\u0438\u043d\u0435 \u041f\u0440\u0435\u0448\u0435\u0432\u043e, \u0411\u0443\u0458\u0430\u043d\u043e\u0432\u0430\u0446 \u0438 \u041c\u0435\u0434\u0432\u0435\u0452a\",\"alternateName\":\"\u041a\u043e\u043e\u0440\u0434\u0438\u043d\u0430\u0446\u0438\u043e\u043d\u043e \u0442\u0435\u043b\u043e\",\"url\":\"https:\\\/\\\/kt.gov.rs\\\/\",\"logo\":{\"@type\":\"ImageObject\",\"inLanguage\":\"sq-AL\",\"@id\":\"https:\\\/\\\/kt.gov.rs\\\/#\\\/schema\\\/logo\\\/image\\\/\",\"url\":\"https:\\\/\\\/kt.gov.rs\\\/wp-content\\\/uploads\\\/2024\\\/12\\\/koord2.jpg\",\"contentUrl\":\"https:\\\/\\\/kt.gov.rs\\\/wp-content\\\/uploads\\\/2024\\\/12\\\/koord2.jpg\",\"width\":640,\"height\":480,\"caption\":\"\u041a\u043e\u043e\u0440\u0434\u0438\u043d\u0430\u0446\u0438\u043e\u043d\u043e \u0442\u0435\u043b\u043e \u0412\u043b\u0430\u0434\u0435 \u0420\u0435\u043f\u0443\u0431\u043b\u0438\u043a\u0435 \u0421\u0440\u0431\u0438\u0458\u0435 \u0437\u0430 \u043e\u043f\u0448\u0442\u0438\u043d\u0435 \u041f\u0440\u0435\u0448\u0435\u0432\u043e, \u0411\u0443\u0458\u0430\u043d\u043e\u0432\u0430\u0446 \u0438 \u041c\u0435\u0434\u0432\u0435\u0452a\"},\"image\":{\"@id\":\"https:\\\/\\\/kt.gov.rs\\\/#\\\/schema\\\/logo\\\/image\\\/\"},\"sameAs\":[\"https:\\\/\\\/www.facebook.com\\\/SluzbaKoordinacionogTelaVladeRepublikeSrbije\",\"https:\\\/\\\/x.com\\\/kt_gov\",\"https:\\\/\\\/www.youtube.com\\\/@koordinacionotelo\"]},{\"@type\":\"Person\",\"@id\":\"https:\\\/\\\/kt.gov.rs\\\/#\\\/schema\\\/person\\\/e426459ddb4173309103390602694571\",\"name\":\"ktmin\",\"image\":{\"@type\":\"ImageObject\",\"inLanguage\":\"sq-AL\",\"@id\":\"https:\\\/\\\/secure.gravatar.com\\\/avatar\\\/3985c961109853010c3fbc7ba30365bfba5db3dd6c525831d9c595c7525a615a?s=96&d=mm&r=g\",\"url\":\"https:\\\/\\\/secure.gravatar.com\\\/avatar\\\/3985c961109853010c3fbc7ba30365bfba5db3dd6c525831d9c595c7525a615a?s=96&d=mm&r=g\",\"contentUrl\":\"https:\\\/\\\/secure.gravatar.com\\\/avatar\\\/3985c961109853010c3fbc7ba30365bfba5db3dd6c525831d9c595c7525a615a?s=96&d=mm&r=g\",\"caption\":\"ktmin\"},\"sameAs\":[\"https:\\\/\\\/kt.gov.rs\"],\"url\":\"https:\\\/\\\/kt.gov.rs\\\/sq\\\/author\\\/ktmin\\\/\"}]}<\/script>\n<!-- \/ Yoast SEO plugin. -->","yoast_head_json":{"title":"EU PROGRESI \u2013 THIRRJE P\u00cbR PROPOZIM PROJEKT - Republika e S\u00ebrbis\u00eb Trupi Koordinues p\u00ebr komunat Bujanoc, Preshev\u00eb dhe Medvegj\u00eb","robots":{"index":"index","follow":"follow","max-snippet":"max-snippet:-1","max-image-preview":"max-image-preview:large","max-video-preview":"max-video-preview:-1"},"canonical":"https:\/\/kt.gov.rs\/sq\/eu-progresi-thirrje-per-propozim-projekt\/","og_locale":"sq_AL","og_type":"article","og_title":"EU PROGRESI \u2013 THIRRJE P\u00cbR PROPOZIM PROJEKT - Republika e S\u00ebrbis\u00eb Trupi Koordinues p\u00ebr komunat Bujanoc, Preshev\u00eb dhe Medvegj\u00eb","og_description":"EU PROGRESI promovon program \u00a0dhe p\u00ebrkrah sip\u00ebrrmarset femrat dhe vet\u00ebpunsimin, me at\u00eb fton\u00eb femrat e pa pun\u00ebsuara, \u00a0t\u00eb cilat jan\u00eb t\u00eb regjistruara n\u00eb kontinuitet s\u00eb paku tre muaj n\u00eb Entin nacional p\u00ebr punsim, t\u00eb d\u00ebrgojn\u00eb propozim projekt p\u00ebr finansimin e nisjes p\u00ebr rregullimin me ligj t\u00eb biznesit n\u00eb\u00a0 pronsi t\u00eb gruas ose t\u00eb cil\u00ebn e udh\u00ebheqin femra...","og_url":"https:\/\/kt.gov.rs\/sq\/eu-progresi-thirrje-per-propozim-projekt\/","og_site_name":"Republika e S\u00ebrbis\u00eb Trupi Koordinues p\u00ebr komunat Bujanoc, Preshev\u00eb dhe Medvegj\u00eb","article_publisher":"https:\/\/www.facebook.com\/SluzbaKoordinacionogTelaVladeRepublikeSrbije","article_published_time":"2013-10-14T00:00:00+00:00","article_modified_time":"2024-07-30T20:14:54+00:00","og_image":[{"width":315,"height":180,"url":"https:\/\/kt.gov.rs\/wp-content\/uploads\/2024\/07\/newspic290v-5.jpg","type":"image\/jpeg"}],"author":"ktmin","twitter_card":"summary_large_image","twitter_creator":"@kt_gov","twitter_site":"@kt_gov","twitter_misc":{"Written by":"ktmin","Est. reading time":"2 minutes"},"schema":{"@context":"https:\/\/schema.org","@graph":[{"@type":"Article","@id":"https:\/\/kt.gov.rs\/sq\/eu-progresi-thirrje-per-propozim-projekt\/#article","isPartOf":{"@id":"https:\/\/kt.gov.rs\/sq\/eu-progresi-thirrje-per-propozim-projekt\/"},"author":{"name":"ktmin","@id":"https:\/\/kt.gov.rs\/#\/schema\/person\/e426459ddb4173309103390602694571"},"headline":"EU PROGRESI \u2013 THIRRJE P\u00cbR PROPOZIM PROJEKT","datePublished":"2013-10-14T00:00:00+00:00","dateModified":"2024-07-30T20:14:54+00:00","mainEntityOfPage":{"@id":"https:\/\/kt.gov.rs\/sq\/eu-progresi-thirrje-per-propozim-projekt\/"},"wordCount":396,"publisher":{"@id":"https:\/\/kt.gov.rs\/#organization"},"image":{"@id":"https:\/\/kt.gov.rs\/sq\/eu-progresi-thirrje-per-propozim-projekt\/#primaryimage"},"thumbnailUrl":"https:\/\/kt.gov.rs\/wp-content\/uploads\/2024\/07\/newspic290v-5.jpg","articleSection":["Lajme"],"inLanguage":"sq-AL"},{"@type":"WebPage","@id":"https:\/\/kt.gov.rs\/sq\/eu-progresi-thirrje-per-propozim-projekt\/","url":"https:\/\/kt.gov.rs\/sq\/eu-progresi-thirrje-per-propozim-projekt\/","name":"EU PROGRESI \u2013 THIRRJE P\u00cbR PROPOZIM PROJEKT - Republika e S\u00ebrbis\u00eb Trupi Koordinues p\u00ebr komunat Bujanoc, Preshev\u00eb dhe Medvegj\u00eb","isPartOf":{"@id":"https:\/\/kt.gov.rs\/#website"},"primaryImageOfPage":{"@id":"https:\/\/kt.gov.rs\/sq\/eu-progresi-thirrje-per-propozim-projekt\/#primaryimage"},"image":{"@id":"https:\/\/kt.gov.rs\/sq\/eu-progresi-thirrje-per-propozim-projekt\/#primaryimage"},"thumbnailUrl":"https:\/\/kt.gov.rs\/wp-content\/uploads\/2024\/07\/newspic290v-5.jpg","datePublished":"2013-10-14T00:00:00+00:00","dateModified":"2024-07-30T20:14:54+00:00","breadcrumb":{"@id":"https:\/\/kt.gov.rs\/sq\/eu-progresi-thirrje-per-propozim-projekt\/#breadcrumb"},"inLanguage":"sq-AL","potentialAction":[{"@type":"ReadAction","target":["https:\/\/kt.gov.rs\/sq\/eu-progresi-thirrje-per-propozim-projekt\/"]}]},{"@type":"ImageObject","inLanguage":"sq-AL","@id":"https:\/\/kt.gov.rs\/sq\/eu-progresi-thirrje-per-propozim-projekt\/#primaryimage","url":"https:\/\/kt.gov.rs\/wp-content\/uploads\/2024\/07\/newspic290v-5.jpg","contentUrl":"https:\/\/kt.gov.rs\/wp-content\/uploads\/2024\/07\/newspic290v-5.jpg","width":315,"height":180},{"@type":"BreadcrumbList","@id":"https:\/\/kt.gov.rs\/sq\/eu-progresi-thirrje-per-propozim-projekt\/#breadcrumb","itemListElement":[{"@type":"ListItem","position":1,"name":"\u041f\u043e\u0447\u0435\u0442\u043d\u0430","item":"https:\/\/kt.gov.rs\/sq\/"},{"@type":"ListItem","position":2,"name":"EU PROGRESI \u2013 THIRRJE P\u00cbR PROPOZIM PROJEKT"}]},{"@type":"WebSite","@id":"https:\/\/kt.gov.rs\/#website","url":"https:\/\/kt.gov.rs\/","name":"\u041a\u043e\u043e\u0440\u0434\u0438\u043d\u0430\u0446\u0438\u043e\u043d\u043e \u0442\u0435\u043b\u043e \u0412\u043b\u0430\u0434\u0435 \u0420\u0435\u043f\u0443\u0431\u043b\u0438\u043a\u0435 \u0421\u0440\u0431\u0438\u0458\u0435 \u0437\u0430 \u043e\u043f\u0448\u0442\u0438\u043d\u0435 \u041f\u0440\u0435\u0448\u0435\u0432\u043e, \u0411\u0443\u0458\u0430\u043d\u043e\u0432\u0430\u0446 \u0438 \u041c\u0435\u0434\u0432\u0435\u0452a","description":"","publisher":{"@id":"https:\/\/kt.gov.rs\/#organization"},"alternateName":"\u041a\u043e\u043e\u0440\u0434\u0438\u043d\u0430\u0446\u0438\u043e\u043d\u043e \u0442\u0435\u043b\u043e","potentialAction":[{"@type":"SearchAction","target":{"@type":"EntryPoint","urlTemplate":"https:\/\/kt.gov.rs\/?s={search_term_string}"},"query-input":{"@type":"PropertyValueSpecification","valueRequired":true,"valueName":"search_term_string"}}],"inLanguage":"sq-AL"},{"@type":"Organization","@id":"https:\/\/kt.gov.rs\/#organization","name":"\u041a\u043e\u043e\u0440\u0434\u0438\u043d\u0430\u0446\u0438\u043e\u043d\u043e \u0442\u0435\u043b\u043e \u0412\u043b\u0430\u0434\u0435 \u0420\u0435\u043f\u0443\u0431\u043b\u0438\u043a\u0435 \u0421\u0440\u0431\u0438\u0458\u0435 \u0437\u0430 \u043e\u043f\u0448\u0442\u0438\u043d\u0435 \u041f\u0440\u0435\u0448\u0435\u0432\u043e, \u0411\u0443\u0458\u0430\u043d\u043e\u0432\u0430\u0446 \u0438 \u041c\u0435\u0434\u0432\u0435\u0452a","alternateName":"\u041a\u043e\u043e\u0440\u0434\u0438\u043d\u0430\u0446\u0438\u043e\u043d\u043e \u0442\u0435\u043b\u043e","url":"https:\/\/kt.gov.rs\/","logo":{"@type":"ImageObject","inLanguage":"sq-AL","@id":"https:\/\/kt.gov.rs\/#\/schema\/logo\/image\/","url":"https:\/\/kt.gov.rs\/wp-content\/uploads\/2024\/12\/koord2.jpg","contentUrl":"https:\/\/kt.gov.rs\/wp-content\/uploads\/2024\/12\/koord2.jpg","width":640,"height":480,"caption":"\u041a\u043e\u043e\u0440\u0434\u0438\u043d\u0430\u0446\u0438\u043e\u043d\u043e \u0442\u0435\u043b\u043e \u0412\u043b\u0430\u0434\u0435 \u0420\u0435\u043f\u0443\u0431\u043b\u0438\u043a\u0435 \u0421\u0440\u0431\u0438\u0458\u0435 \u0437\u0430 \u043e\u043f\u0448\u0442\u0438\u043d\u0435 \u041f\u0440\u0435\u0448\u0435\u0432\u043e, \u0411\u0443\u0458\u0430\u043d\u043e\u0432\u0430\u0446 \u0438 \u041c\u0435\u0434\u0432\u0435\u0452a"},"image":{"@id":"https:\/\/kt.gov.rs\/#\/schema\/logo\/image\/"},"sameAs":["https:\/\/www.facebook.com\/SluzbaKoordinacionogTelaVladeRepublikeSrbije","https:\/\/x.com\/kt_gov","https:\/\/www.youtube.com\/@koordinacionotelo"]},{"@type":"Person","@id":"https:\/\/kt.gov.rs\/#\/schema\/person\/e426459ddb4173309103390602694571","name":"ktmin","image":{"@type":"ImageObject","inLanguage":"sq-AL","@id":"https:\/\/secure.gravatar.com\/avatar\/3985c961109853010c3fbc7ba30365bfba5db3dd6c525831d9c595c7525a615a?s=96&d=mm&r=g","url":"https:\/\/secure.gravatar.com\/avatar\/3985c961109853010c3fbc7ba30365bfba5db3dd6c525831d9c595c7525a615a?s=96&d=mm&r=g","contentUrl":"https:\/\/secure.gravatar.com\/avatar\/3985c961109853010c3fbc7ba30365bfba5db3dd6c525831d9c595c7525a615a?s=96&d=mm&r=g","caption":"ktmin"},"sameAs":["https:\/\/kt.gov.rs"],"url":"https:\/\/kt.gov.rs\/sq\/author\/ktmin\/"}]}},"_links":{"self":[{"href":"https:\/\/kt.gov.rs\/sq\/wp-json\/wp\/v2\/posts\/140356","targetHints":{"allow":["GET"]}}],"collection":[{"href":"https:\/\/kt.gov.rs\/sq\/wp-json\/wp\/v2\/posts"}],"about":[{"href":"https:\/\/kt.gov.rs\/sq\/wp-json\/wp\/v2\/types\/post"}],"author":[{"embeddable":true,"href":"https:\/\/kt.gov.rs\/sq\/wp-json\/wp\/v2\/users\/1"}],"replies":[{"embeddable":true,"href":"https:\/\/kt.gov.rs\/sq\/wp-json\/wp\/v2\/comments?post=140356"}],"version-history":[{"count":1,"href":"https:\/\/kt.gov.rs\/sq\/wp-json\/wp\/v2\/posts\/140356\/revisions"}],"predecessor-version":[{"id":140360,"href":"https:\/\/kt.gov.rs\/sq\/wp-json\/wp\/v2\/posts\/140356\/revisions\/140360"}],"wp:featuredmedia":[{"embeddable":true,"href":"https:\/\/kt.gov.rs\/sq\/wp-json\/wp\/v2\/media\/140361"}],"wp:attachment":[{"href":"https:\/\/kt.gov.rs\/sq\/wp-json\/wp\/v2\/media?parent=140356"}],"wp:term":[{"taxonomy":"category","embeddable":true,"href":"https:\/\/kt.gov.rs\/sq\/wp-json\/wp\/v2\/categories?post=140356"},{"taxonomy":"post_tag","embeddable":true,"href":"https:\/\/kt.gov.rs\/sq\/wp-json\/wp\/v2\/tags?post=140356"}],"curies":[{"name":"wp","href":"https:\/\/api.w.org\/{rel}","templated":true}]}}