{"id":140329,"date":"2013-10-16T00:00:00","date_gmt":"2013-10-16T00:00:00","guid":{"rendered":"http:\/\/kt.printandscreen.rs\/eshte-mbajtur-moduli-i-programit-trajnimit-per-trejneret-nga-jugu-i-serbis-dhe-sanxhakut\/"},"modified":"2024-07-30T20:14:51","modified_gmt":"2024-07-30T20:14:51","slug":"eshte-mbajtur-moduli-i-programit-trajnimit-per-trejneret-nga-jugu-i-serbis-dhe-sanxhakut","status":"publish","type":"post","link":"https:\/\/kt.gov.rs\/sq\/eshte-mbajtur-moduli-i-programit-trajnimit-per-trejneret-nga-jugu-i-serbis-dhe-sanxhakut\/","title":{"rendered":"\u00cbSHT\u00cb MBAJTUR MODULI I PROGRAMIT TRAJNIMIT P\u00cbR TREJNER\u00cbT NGA JUGU I S\u00cbRBIS DHE SANXHAKUT"},"content":{"rendered":"<p>\n\t<img decoding=\"async\" alt=\"\" src=\"https:\/\/kt.gov.rs\/wp-content\/uploads\/2024\/07\/newspic292v-4.jpg\" style=\"width: 315px; height: 180px; float: left;\" \/>Iniciativa qytetare me mbeshtetje agjencis Amerikane p\u00ebr zhvillim nd\u00ebrkomb\u00ebtar (USAID),Organizat\u00ebs p\u00ebr siguri dhe bashkpunim Evriopian(OSBE) dhe Fondacioni Karitas Luksemburg,kan\u00eb organizuar prej 7 deri m\u00eb 9 tetor 2013 trajnim p\u00ebr trajner\u00ebt p\u00ebr t\u00eb punuar me t\u00eb rinjt\u00eb n\u00eb jug t\u00eb Serbis\u00eb dhe n\u00eb Sanxhak.<\/p>\n<p>\n\t21 pjesmarr\u00ebs t\u00eb trajnimit kan\u00eb pasur mund\u00ebsin q\u00eb t\u00eb marrin pjes\u00eb n\u00eb ligj\u00ebrata dhe puntori.Q\u00ebllimi I programit trajnimi p\u00ebr trejner\u00ebt nga jugu I S\u00ebrbis dhe Sanxhakut \u00ebsht\u00eb\u00a0 p\u00ebr tu njohur m\u00eb mir\u00eb me bashk\u00ebsit lokale,puna me t\u00eb rinjt\u00eb n\u00eb mesin multietnmik dhe shkatht\u00ebsit e menaxhimit p\u00ebr trajnim,komunikim,zgjidhja e konflikteve dhe t\u00eb tj\u00ebra. Prandaj, i pari nga tre module \u00ebsht\u00eb p\u00ebrqendruar n\u00eb \u00e7\u00ebshtjen e t\u00eb drejtave t\u00eb njeriut dhe t\u00eb pakicave.\u00cbsht\u00eb folur p\u00ebr konceptin e diskriminimit,paragjykimit n\u00eb jug t\u00eb S\u00ebrbis dhe Sanxhak,n\u00eb kontekstin e t\u00eb drejtave t\u00eb njeriut dhe t\u00eb drejtave t\u00eb grupeve t\u00eb margjinalizuara.<\/p>\n<p>\n\t<img decoding=\"async\" alt=\"\" src=\"https:\/\/kt.gov.rs\/wp-content\/uploads\/2024\/07\/newspic293v-2.jpg\" style=\"width: 315px; height: 180px; float: left;\" \/>Moduli I dyt\u00eb tre ditor I programit trajnimit p\u00ebr trejner\u00ebt nga jugu I S\u00ebrbis dhe Sanxhakut do t\u00eb mbahet n\u00eb n\u00ebntor 2013 dhe do ti mbuloj\u00eb fushat n\u00eb vijim:motivimin e pjesmarr\u00ebsve dhe aft\u00ebsit e komunikimit ,pun\u00eb me t\u00eb rinjt\u00eb,pun\u00eb vullnetare,aktivizmin,kerkim t\u00eb pun\u00ebs.<\/p>\n<p>\n\tModuli I tret\u00eb \u00ebsht\u00eb i planifikuar p\u00ebr dhejtor 2013 dhe do t\u00eb adresoj nevoj\u00ebn p\u00ebr t\u00eb m\u00ebsuar,p\u00ebrcaktimin e q\u00ebllimit dhe organizimin e trajnimit,prezantimin e aft\u00ebsive,dh\u00ebnien e informatave,organizimin e trajnimeve n\u00eb t\u00eb ardhm\u00ebn dhe p\u00ebr t\u00eb h\u00ebdhur themele p\u00ebr planet individuale p\u00ebr t\u00eb punuar pjesmarr\u00ebsit me mentor.<\/p>\n<p>\n\t<strong>Burimi: Faqja Iniciativa qytetare dhe trupi Koordinues<\/strong><\/p>\n<p>\n\t\u00a0<\/p>\n","protected":false},"excerpt":{"rendered":"<p>Iniciativa qytetare me mbeshtetje agjencis Amerikane p\u00ebr zhvillim nd\u00ebrkomb\u00ebtar (USAID),Organizat\u00ebs p\u00ebr siguri dhe bashkpunim Evriopian(OSBE) dhe Fondacioni Karitas Luksemburg,kan\u00eb organizuar prej 7 deri m\u00eb 9 tetor 2013 trajnim p\u00ebr trajner\u00ebt p\u00ebr t\u00eb punuar me t\u00eb rinjt\u00eb n\u00eb jug t\u00eb Serbis\u00eb dhe n\u00eb Sanxhak.<\/p>\n","protected":false},"author":1,"featured_media":140337,"comment_status":"closed","ping_status":"closed","sticky":false,"template":"","format":"standard","meta":{"footnotes":""},"categories":[55],"tags":[],"class_list":["post-140329","post","type-post","status-publish","format-standard","has-post-thumbnail","hentry","category-lajme"],"yoast_head":"<!-- This site is optimized with the Yoast SEO plugin v27.5 - https:\/\/yoast.com\/product\/yoast-seo-wordpress\/ -->\n<title>\u00cbSHT\u00cb MBAJTUR MODULI I PROGRAMIT TRAJNIMIT P\u00cbR TREJNER\u00cbT NGA JUGU I S\u00cbRBIS DHE SANXHAKUT - Republika e S\u00ebrbis\u00eb Trupi Koordinues p\u00ebr komunat Bujanoc, Preshev\u00eb dhe Medvegj\u00eb<\/title>\n<meta name=\"robots\" content=\"index, follow, max-snippet:-1, max-image-preview:large, max-video-preview:-1\" \/>\n<link rel=\"canonical\" href=\"https:\/\/kt.gov.rs\/sq\/eshte-mbajtur-moduli-i-programit-trajnimit-per-trejneret-nga-jugu-i-serbis-dhe-sanxhakut\/\" \/>\n<meta property=\"og:locale\" content=\"sq_AL\" \/>\n<meta property=\"og:type\" content=\"article\" \/>\n<meta property=\"og:title\" content=\"\u00cbSHT\u00cb MBAJTUR MODULI I PROGRAMIT TRAJNIMIT P\u00cbR TREJNER\u00cbT NGA JUGU I S\u00cbRBIS DHE SANXHAKUT - Republika e S\u00ebrbis\u00eb Trupi Koordinues p\u00ebr komunat Bujanoc, Preshev\u00eb dhe Medvegj\u00eb\" \/>\n<meta property=\"og:description\" content=\"Iniciativa qytetare me mbeshtetje agjencis Amerikane p\u00ebr zhvillim nd\u00ebrkomb\u00ebtar (USAID),Organizat\u00ebs p\u00ebr siguri dhe bashkpunim Evriopian(OSBE) dhe Fondacioni Karitas Luksemburg,kan\u00eb organizuar prej 7 deri m\u00eb 9 tetor 2013 trajnim p\u00ebr trajner\u00ebt p\u00ebr t\u00eb punuar me t\u00eb rinjt\u00eb n\u00eb jug t\u00eb Serbis\u00eb dhe n\u00eb Sanxhak.\" \/>\n<meta property=\"og:url\" content=\"https:\/\/kt.gov.rs\/sq\/eshte-mbajtur-moduli-i-programit-trajnimit-per-trejneret-nga-jugu-i-serbis-dhe-sanxhakut\/\" \/>\n<meta property=\"og:site_name\" content=\"Republika e S\u00ebrbis\u00eb Trupi Koordinues p\u00ebr komunat Bujanoc, Preshev\u00eb dhe Medvegj\u00eb\" \/>\n<meta property=\"article:publisher\" content=\"https:\/\/www.facebook.com\/SluzbaKoordinacionogTelaVladeRepublikeSrbije\" \/>\n<meta property=\"article:published_time\" content=\"2013-10-16T00:00:00+00:00\" \/>\n<meta property=\"article:modified_time\" content=\"2024-07-30T20:14:51+00:00\" \/>\n<meta property=\"og:image\" content=\"https:\/\/kt.gov.rs\/wp-content\/uploads\/2024\/07\/newspic292v-5.jpg\" \/>\n\t<meta property=\"og:image:width\" content=\"315\" \/>\n\t<meta property=\"og:image:height\" content=\"180\" \/>\n\t<meta property=\"og:image:type\" content=\"image\/jpeg\" \/>\n<meta name=\"author\" content=\"ktmin\" \/>\n<meta name=\"twitter:card\" content=\"summary_large_image\" \/>\n<meta name=\"twitter:creator\" content=\"@kt_gov\" \/>\n<meta name=\"twitter:site\" content=\"@kt_gov\" \/>\n<meta name=\"twitter:label1\" content=\"Written by\" \/>\n\t<meta name=\"twitter:data1\" content=\"ktmin\" \/>\n\t<meta name=\"twitter:label2\" content=\"Est. reading time\" \/>\n\t<meta name=\"twitter:data2\" content=\"2 minutes\" \/>\n<script type=\"application\/ld+json\" class=\"yoast-schema-graph\">{\"@context\":\"https:\\\/\\\/schema.org\",\"@graph\":[{\"@type\":\"Article\",\"@id\":\"https:\\\/\\\/kt.gov.rs\\\/sq\\\/eshte-mbajtur-moduli-i-programit-trajnimit-per-trejneret-nga-jugu-i-serbis-dhe-sanxhakut\\\/#article\",\"isPartOf\":{\"@id\":\"https:\\\/\\\/kt.gov.rs\\\/sq\\\/eshte-mbajtur-moduli-i-programit-trajnimit-per-trejneret-nga-jugu-i-serbis-dhe-sanxhakut\\\/\"},\"author\":{\"name\":\"ktmin\",\"@id\":\"https:\\\/\\\/kt.gov.rs\\\/#\\\/schema\\\/person\\\/e426459ddb4173309103390602694571\"},\"headline\":\"\u00cbSHT\u00cb MBAJTUR MODULI I PROGRAMIT TRAJNIMIT P\u00cbR TREJNER\u00cbT NGA JUGU I S\u00cbRBIS DHE SANXHAKUT\",\"datePublished\":\"2013-10-16T00:00:00+00:00\",\"dateModified\":\"2024-07-30T20:14:51+00:00\",\"mainEntityOfPage\":{\"@id\":\"https:\\\/\\\/kt.gov.rs\\\/sq\\\/eshte-mbajtur-moduli-i-programit-trajnimit-per-trejneret-nga-jugu-i-serbis-dhe-sanxhakut\\\/\"},\"wordCount\":411,\"publisher\":{\"@id\":\"https:\\\/\\\/kt.gov.rs\\\/#organization\"},\"image\":{\"@id\":\"https:\\\/\\\/kt.gov.rs\\\/sq\\\/eshte-mbajtur-moduli-i-programit-trajnimit-per-trejneret-nga-jugu-i-serbis-dhe-sanxhakut\\\/#primaryimage\"},\"thumbnailUrl\":\"https:\\\/\\\/kt.gov.rs\\\/wp-content\\\/uploads\\\/2024\\\/07\\\/newspic292v-5.jpg\",\"articleSection\":[\"Lajme\"],\"inLanguage\":\"sq-AL\"},{\"@type\":\"WebPage\",\"@id\":\"https:\\\/\\\/kt.gov.rs\\\/sq\\\/eshte-mbajtur-moduli-i-programit-trajnimit-per-trejneret-nga-jugu-i-serbis-dhe-sanxhakut\\\/\",\"url\":\"https:\\\/\\\/kt.gov.rs\\\/sq\\\/eshte-mbajtur-moduli-i-programit-trajnimit-per-trejneret-nga-jugu-i-serbis-dhe-sanxhakut\\\/\",\"name\":\"\u00cbSHT\u00cb MBAJTUR MODULI I PROGRAMIT TRAJNIMIT P\u00cbR TREJNER\u00cbT NGA JUGU I S\u00cbRBIS DHE SANXHAKUT - Republika e S\u00ebrbis\u00eb Trupi Koordinues p\u00ebr komunat Bujanoc, Preshev\u00eb dhe Medvegj\u00eb\",\"isPartOf\":{\"@id\":\"https:\\\/\\\/kt.gov.rs\\\/#website\"},\"primaryImageOfPage\":{\"@id\":\"https:\\\/\\\/kt.gov.rs\\\/sq\\\/eshte-mbajtur-moduli-i-programit-trajnimit-per-trejneret-nga-jugu-i-serbis-dhe-sanxhakut\\\/#primaryimage\"},\"image\":{\"@id\":\"https:\\\/\\\/kt.gov.rs\\\/sq\\\/eshte-mbajtur-moduli-i-programit-trajnimit-per-trejneret-nga-jugu-i-serbis-dhe-sanxhakut\\\/#primaryimage\"},\"thumbnailUrl\":\"https:\\\/\\\/kt.gov.rs\\\/wp-content\\\/uploads\\\/2024\\\/07\\\/newspic292v-5.jpg\",\"datePublished\":\"2013-10-16T00:00:00+00:00\",\"dateModified\":\"2024-07-30T20:14:51+00:00\",\"breadcrumb\":{\"@id\":\"https:\\\/\\\/kt.gov.rs\\\/sq\\\/eshte-mbajtur-moduli-i-programit-trajnimit-per-trejneret-nga-jugu-i-serbis-dhe-sanxhakut\\\/#breadcrumb\"},\"inLanguage\":\"sq-AL\",\"potentialAction\":[{\"@type\":\"ReadAction\",\"target\":[\"https:\\\/\\\/kt.gov.rs\\\/sq\\\/eshte-mbajtur-moduli-i-programit-trajnimit-per-trejneret-nga-jugu-i-serbis-dhe-sanxhakut\\\/\"]}]},{\"@type\":\"ImageObject\",\"inLanguage\":\"sq-AL\",\"@id\":\"https:\\\/\\\/kt.gov.rs\\\/sq\\\/eshte-mbajtur-moduli-i-programit-trajnimit-per-trejneret-nga-jugu-i-serbis-dhe-sanxhakut\\\/#primaryimage\",\"url\":\"https:\\\/\\\/kt.gov.rs\\\/wp-content\\\/uploads\\\/2024\\\/07\\\/newspic292v-5.jpg\",\"contentUrl\":\"https:\\\/\\\/kt.gov.rs\\\/wp-content\\\/uploads\\\/2024\\\/07\\\/newspic292v-5.jpg\",\"width\":315,\"height\":180},{\"@type\":\"BreadcrumbList\",\"@id\":\"https:\\\/\\\/kt.gov.rs\\\/sq\\\/eshte-mbajtur-moduli-i-programit-trajnimit-per-trejneret-nga-jugu-i-serbis-dhe-sanxhakut\\\/#breadcrumb\",\"itemListElement\":[{\"@type\":\"ListItem\",\"position\":1,\"name\":\"\u041f\u043e\u0447\u0435\u0442\u043d\u0430\",\"item\":\"https:\\\/\\\/kt.gov.rs\\\/sq\\\/\"},{\"@type\":\"ListItem\",\"position\":2,\"name\":\"\u00cbSHT\u00cb MBAJTUR MODULI I PROGRAMIT TRAJNIMIT P\u00cbR TREJNER\u00cbT NGA JUGU I S\u00cbRBIS DHE SANXHAKUT\"}]},{\"@type\":\"WebSite\",\"@id\":\"https:\\\/\\\/kt.gov.rs\\\/#website\",\"url\":\"https:\\\/\\\/kt.gov.rs\\\/\",\"name\":\"\u041a\u043e\u043e\u0440\u0434\u0438\u043d\u0430\u0446\u0438\u043e\u043d\u043e \u0442\u0435\u043b\u043e \u0412\u043b\u0430\u0434\u0435 \u0420\u0435\u043f\u0443\u0431\u043b\u0438\u043a\u0435 \u0421\u0440\u0431\u0438\u0458\u0435 \u0437\u0430 \u043e\u043f\u0448\u0442\u0438\u043d\u0435 \u041f\u0440\u0435\u0448\u0435\u0432\u043e, \u0411\u0443\u0458\u0430\u043d\u043e\u0432\u0430\u0446 \u0438 \u041c\u0435\u0434\u0432\u0435\u0452a\",\"description\":\"\",\"publisher\":{\"@id\":\"https:\\\/\\\/kt.gov.rs\\\/#organization\"},\"alternateName\":\"\u041a\u043e\u043e\u0440\u0434\u0438\u043d\u0430\u0446\u0438\u043e\u043d\u043e \u0442\u0435\u043b\u043e\",\"potentialAction\":[{\"@type\":\"SearchAction\",\"target\":{\"@type\":\"EntryPoint\",\"urlTemplate\":\"https:\\\/\\\/kt.gov.rs\\\/?s={search_term_string}\"},\"query-input\":{\"@type\":\"PropertyValueSpecification\",\"valueRequired\":true,\"valueName\":\"search_term_string\"}}],\"inLanguage\":\"sq-AL\"},{\"@type\":\"Organization\",\"@id\":\"https:\\\/\\\/kt.gov.rs\\\/#organization\",\"name\":\"\u041a\u043e\u043e\u0440\u0434\u0438\u043d\u0430\u0446\u0438\u043e\u043d\u043e \u0442\u0435\u043b\u043e \u0412\u043b\u0430\u0434\u0435 \u0420\u0435\u043f\u0443\u0431\u043b\u0438\u043a\u0435 \u0421\u0440\u0431\u0438\u0458\u0435 \u0437\u0430 \u043e\u043f\u0448\u0442\u0438\u043d\u0435 \u041f\u0440\u0435\u0448\u0435\u0432\u043e, \u0411\u0443\u0458\u0430\u043d\u043e\u0432\u0430\u0446 \u0438 \u041c\u0435\u0434\u0432\u0435\u0452a\",\"alternateName\":\"\u041a\u043e\u043e\u0440\u0434\u0438\u043d\u0430\u0446\u0438\u043e\u043d\u043e \u0442\u0435\u043b\u043e\",\"url\":\"https:\\\/\\\/kt.gov.rs\\\/\",\"logo\":{\"@type\":\"ImageObject\",\"inLanguage\":\"sq-AL\",\"@id\":\"https:\\\/\\\/kt.gov.rs\\\/#\\\/schema\\\/logo\\\/image\\\/\",\"url\":\"https:\\\/\\\/kt.gov.rs\\\/wp-content\\\/uploads\\\/2024\\\/12\\\/koord2.jpg\",\"contentUrl\":\"https:\\\/\\\/kt.gov.rs\\\/wp-content\\\/uploads\\\/2024\\\/12\\\/koord2.jpg\",\"width\":640,\"height\":480,\"caption\":\"\u041a\u043e\u043e\u0440\u0434\u0438\u043d\u0430\u0446\u0438\u043e\u043d\u043e \u0442\u0435\u043b\u043e \u0412\u043b\u0430\u0434\u0435 \u0420\u0435\u043f\u0443\u0431\u043b\u0438\u043a\u0435 \u0421\u0440\u0431\u0438\u0458\u0435 \u0437\u0430 \u043e\u043f\u0448\u0442\u0438\u043d\u0435 \u041f\u0440\u0435\u0448\u0435\u0432\u043e, \u0411\u0443\u0458\u0430\u043d\u043e\u0432\u0430\u0446 \u0438 \u041c\u0435\u0434\u0432\u0435\u0452a\"},\"image\":{\"@id\":\"https:\\\/\\\/kt.gov.rs\\\/#\\\/schema\\\/logo\\\/image\\\/\"},\"sameAs\":[\"https:\\\/\\\/www.facebook.com\\\/SluzbaKoordinacionogTelaVladeRepublikeSrbije\",\"https:\\\/\\\/x.com\\\/kt_gov\",\"https:\\\/\\\/www.youtube.com\\\/@koordinacionotelo\"]},{\"@type\":\"Person\",\"@id\":\"https:\\\/\\\/kt.gov.rs\\\/#\\\/schema\\\/person\\\/e426459ddb4173309103390602694571\",\"name\":\"ktmin\",\"image\":{\"@type\":\"ImageObject\",\"inLanguage\":\"sq-AL\",\"@id\":\"https:\\\/\\\/secure.gravatar.com\\\/avatar\\\/3985c961109853010c3fbc7ba30365bfba5db3dd6c525831d9c595c7525a615a?s=96&d=mm&r=g\",\"url\":\"https:\\\/\\\/secure.gravatar.com\\\/avatar\\\/3985c961109853010c3fbc7ba30365bfba5db3dd6c525831d9c595c7525a615a?s=96&d=mm&r=g\",\"contentUrl\":\"https:\\\/\\\/secure.gravatar.com\\\/avatar\\\/3985c961109853010c3fbc7ba30365bfba5db3dd6c525831d9c595c7525a615a?s=96&d=mm&r=g\",\"caption\":\"ktmin\"},\"sameAs\":[\"https:\\\/\\\/kt.gov.rs\"],\"url\":\"https:\\\/\\\/kt.gov.rs\\\/sq\\\/author\\\/ktmin\\\/\"}]}<\/script>\n<!-- \/ Yoast SEO plugin. -->","yoast_head_json":{"title":"\u00cbSHT\u00cb MBAJTUR MODULI I PROGRAMIT TRAJNIMIT P\u00cbR TREJNER\u00cbT NGA JUGU I S\u00cbRBIS DHE SANXHAKUT - Republika e S\u00ebrbis\u00eb Trupi Koordinues p\u00ebr komunat Bujanoc, Preshev\u00eb dhe Medvegj\u00eb","robots":{"index":"index","follow":"follow","max-snippet":"max-snippet:-1","max-image-preview":"max-image-preview:large","max-video-preview":"max-video-preview:-1"},"canonical":"https:\/\/kt.gov.rs\/sq\/eshte-mbajtur-moduli-i-programit-trajnimit-per-trejneret-nga-jugu-i-serbis-dhe-sanxhakut\/","og_locale":"sq_AL","og_type":"article","og_title":"\u00cbSHT\u00cb MBAJTUR MODULI I PROGRAMIT TRAJNIMIT P\u00cbR TREJNER\u00cbT NGA JUGU I S\u00cbRBIS DHE SANXHAKUT - Republika e S\u00ebrbis\u00eb Trupi Koordinues p\u00ebr komunat Bujanoc, Preshev\u00eb dhe Medvegj\u00eb","og_description":"Iniciativa qytetare me mbeshtetje agjencis Amerikane p\u00ebr zhvillim nd\u00ebrkomb\u00ebtar (USAID),Organizat\u00ebs p\u00ebr siguri dhe bashkpunim Evriopian(OSBE) dhe Fondacioni Karitas Luksemburg,kan\u00eb organizuar prej 7 deri m\u00eb 9 tetor 2013 trajnim p\u00ebr trajner\u00ebt p\u00ebr t\u00eb punuar me t\u00eb rinjt\u00eb n\u00eb jug t\u00eb Serbis\u00eb dhe n\u00eb Sanxhak.","og_url":"https:\/\/kt.gov.rs\/sq\/eshte-mbajtur-moduli-i-programit-trajnimit-per-trejneret-nga-jugu-i-serbis-dhe-sanxhakut\/","og_site_name":"Republika e S\u00ebrbis\u00eb Trupi Koordinues p\u00ebr komunat Bujanoc, Preshev\u00eb dhe Medvegj\u00eb","article_publisher":"https:\/\/www.facebook.com\/SluzbaKoordinacionogTelaVladeRepublikeSrbije","article_published_time":"2013-10-16T00:00:00+00:00","article_modified_time":"2024-07-30T20:14:51+00:00","og_image":[{"width":315,"height":180,"url":"https:\/\/kt.gov.rs\/wp-content\/uploads\/2024\/07\/newspic292v-5.jpg","type":"image\/jpeg"}],"author":"ktmin","twitter_card":"summary_large_image","twitter_creator":"@kt_gov","twitter_site":"@kt_gov","twitter_misc":{"Written by":"ktmin","Est. reading time":"2 minutes"},"schema":{"@context":"https:\/\/schema.org","@graph":[{"@type":"Article","@id":"https:\/\/kt.gov.rs\/sq\/eshte-mbajtur-moduli-i-programit-trajnimit-per-trejneret-nga-jugu-i-serbis-dhe-sanxhakut\/#article","isPartOf":{"@id":"https:\/\/kt.gov.rs\/sq\/eshte-mbajtur-moduli-i-programit-trajnimit-per-trejneret-nga-jugu-i-serbis-dhe-sanxhakut\/"},"author":{"name":"ktmin","@id":"https:\/\/kt.gov.rs\/#\/schema\/person\/e426459ddb4173309103390602694571"},"headline":"\u00cbSHT\u00cb MBAJTUR MODULI I PROGRAMIT TRAJNIMIT P\u00cbR TREJNER\u00cbT NGA JUGU I S\u00cbRBIS DHE SANXHAKUT","datePublished":"2013-10-16T00:00:00+00:00","dateModified":"2024-07-30T20:14:51+00:00","mainEntityOfPage":{"@id":"https:\/\/kt.gov.rs\/sq\/eshte-mbajtur-moduli-i-programit-trajnimit-per-trejneret-nga-jugu-i-serbis-dhe-sanxhakut\/"},"wordCount":411,"publisher":{"@id":"https:\/\/kt.gov.rs\/#organization"},"image":{"@id":"https:\/\/kt.gov.rs\/sq\/eshte-mbajtur-moduli-i-programit-trajnimit-per-trejneret-nga-jugu-i-serbis-dhe-sanxhakut\/#primaryimage"},"thumbnailUrl":"https:\/\/kt.gov.rs\/wp-content\/uploads\/2024\/07\/newspic292v-5.jpg","articleSection":["Lajme"],"inLanguage":"sq-AL"},{"@type":"WebPage","@id":"https:\/\/kt.gov.rs\/sq\/eshte-mbajtur-moduli-i-programit-trajnimit-per-trejneret-nga-jugu-i-serbis-dhe-sanxhakut\/","url":"https:\/\/kt.gov.rs\/sq\/eshte-mbajtur-moduli-i-programit-trajnimit-per-trejneret-nga-jugu-i-serbis-dhe-sanxhakut\/","name":"\u00cbSHT\u00cb MBAJTUR MODULI I PROGRAMIT TRAJNIMIT P\u00cbR TREJNER\u00cbT NGA JUGU I S\u00cbRBIS DHE SANXHAKUT - Republika e S\u00ebrbis\u00eb Trupi Koordinues p\u00ebr komunat Bujanoc, Preshev\u00eb dhe Medvegj\u00eb","isPartOf":{"@id":"https:\/\/kt.gov.rs\/#website"},"primaryImageOfPage":{"@id":"https:\/\/kt.gov.rs\/sq\/eshte-mbajtur-moduli-i-programit-trajnimit-per-trejneret-nga-jugu-i-serbis-dhe-sanxhakut\/#primaryimage"},"image":{"@id":"https:\/\/kt.gov.rs\/sq\/eshte-mbajtur-moduli-i-programit-trajnimit-per-trejneret-nga-jugu-i-serbis-dhe-sanxhakut\/#primaryimage"},"thumbnailUrl":"https:\/\/kt.gov.rs\/wp-content\/uploads\/2024\/07\/newspic292v-5.jpg","datePublished":"2013-10-16T00:00:00+00:00","dateModified":"2024-07-30T20:14:51+00:00","breadcrumb":{"@id":"https:\/\/kt.gov.rs\/sq\/eshte-mbajtur-moduli-i-programit-trajnimit-per-trejneret-nga-jugu-i-serbis-dhe-sanxhakut\/#breadcrumb"},"inLanguage":"sq-AL","potentialAction":[{"@type":"ReadAction","target":["https:\/\/kt.gov.rs\/sq\/eshte-mbajtur-moduli-i-programit-trajnimit-per-trejneret-nga-jugu-i-serbis-dhe-sanxhakut\/"]}]},{"@type":"ImageObject","inLanguage":"sq-AL","@id":"https:\/\/kt.gov.rs\/sq\/eshte-mbajtur-moduli-i-programit-trajnimit-per-trejneret-nga-jugu-i-serbis-dhe-sanxhakut\/#primaryimage","url":"https:\/\/kt.gov.rs\/wp-content\/uploads\/2024\/07\/newspic292v-5.jpg","contentUrl":"https:\/\/kt.gov.rs\/wp-content\/uploads\/2024\/07\/newspic292v-5.jpg","width":315,"height":180},{"@type":"BreadcrumbList","@id":"https:\/\/kt.gov.rs\/sq\/eshte-mbajtur-moduli-i-programit-trajnimit-per-trejneret-nga-jugu-i-serbis-dhe-sanxhakut\/#breadcrumb","itemListElement":[{"@type":"ListItem","position":1,"name":"\u041f\u043e\u0447\u0435\u0442\u043d\u0430","item":"https:\/\/kt.gov.rs\/sq\/"},{"@type":"ListItem","position":2,"name":"\u00cbSHT\u00cb MBAJTUR MODULI I PROGRAMIT TRAJNIMIT P\u00cbR TREJNER\u00cbT NGA JUGU I S\u00cbRBIS DHE SANXHAKUT"}]},{"@type":"WebSite","@id":"https:\/\/kt.gov.rs\/#website","url":"https:\/\/kt.gov.rs\/","name":"\u041a\u043e\u043e\u0440\u0434\u0438\u043d\u0430\u0446\u0438\u043e\u043d\u043e \u0442\u0435\u043b\u043e \u0412\u043b\u0430\u0434\u0435 \u0420\u0435\u043f\u0443\u0431\u043b\u0438\u043a\u0435 \u0421\u0440\u0431\u0438\u0458\u0435 \u0437\u0430 \u043e\u043f\u0448\u0442\u0438\u043d\u0435 \u041f\u0440\u0435\u0448\u0435\u0432\u043e, \u0411\u0443\u0458\u0430\u043d\u043e\u0432\u0430\u0446 \u0438 \u041c\u0435\u0434\u0432\u0435\u0452a","description":"","publisher":{"@id":"https:\/\/kt.gov.rs\/#organization"},"alternateName":"\u041a\u043e\u043e\u0440\u0434\u0438\u043d\u0430\u0446\u0438\u043e\u043d\u043e \u0442\u0435\u043b\u043e","potentialAction":[{"@type":"SearchAction","target":{"@type":"EntryPoint","urlTemplate":"https:\/\/kt.gov.rs\/?s={search_term_string}"},"query-input":{"@type":"PropertyValueSpecification","valueRequired":true,"valueName":"search_term_string"}}],"inLanguage":"sq-AL"},{"@type":"Organization","@id":"https:\/\/kt.gov.rs\/#organization","name":"\u041a\u043e\u043e\u0440\u0434\u0438\u043d\u0430\u0446\u0438\u043e\u043d\u043e \u0442\u0435\u043b\u043e \u0412\u043b\u0430\u0434\u0435 \u0420\u0435\u043f\u0443\u0431\u043b\u0438\u043a\u0435 \u0421\u0440\u0431\u0438\u0458\u0435 \u0437\u0430 \u043e\u043f\u0448\u0442\u0438\u043d\u0435 \u041f\u0440\u0435\u0448\u0435\u0432\u043e, \u0411\u0443\u0458\u0430\u043d\u043e\u0432\u0430\u0446 \u0438 \u041c\u0435\u0434\u0432\u0435\u0452a","alternateName":"\u041a\u043e\u043e\u0440\u0434\u0438\u043d\u0430\u0446\u0438\u043e\u043d\u043e \u0442\u0435\u043b\u043e","url":"https:\/\/kt.gov.rs\/","logo":{"@type":"ImageObject","inLanguage":"sq-AL","@id":"https:\/\/kt.gov.rs\/#\/schema\/logo\/image\/","url":"https:\/\/kt.gov.rs\/wp-content\/uploads\/2024\/12\/koord2.jpg","contentUrl":"https:\/\/kt.gov.rs\/wp-content\/uploads\/2024\/12\/koord2.jpg","width":640,"height":480,"caption":"\u041a\u043e\u043e\u0440\u0434\u0438\u043d\u0430\u0446\u0438\u043e\u043d\u043e \u0442\u0435\u043b\u043e \u0412\u043b\u0430\u0434\u0435 \u0420\u0435\u043f\u0443\u0431\u043b\u0438\u043a\u0435 \u0421\u0440\u0431\u0438\u0458\u0435 \u0437\u0430 \u043e\u043f\u0448\u0442\u0438\u043d\u0435 \u041f\u0440\u0435\u0448\u0435\u0432\u043e, \u0411\u0443\u0458\u0430\u043d\u043e\u0432\u0430\u0446 \u0438 \u041c\u0435\u0434\u0432\u0435\u0452a"},"image":{"@id":"https:\/\/kt.gov.rs\/#\/schema\/logo\/image\/"},"sameAs":["https:\/\/www.facebook.com\/SluzbaKoordinacionogTelaVladeRepublikeSrbije","https:\/\/x.com\/kt_gov","https:\/\/www.youtube.com\/@koordinacionotelo"]},{"@type":"Person","@id":"https:\/\/kt.gov.rs\/#\/schema\/person\/e426459ddb4173309103390602694571","name":"ktmin","image":{"@type":"ImageObject","inLanguage":"sq-AL","@id":"https:\/\/secure.gravatar.com\/avatar\/3985c961109853010c3fbc7ba30365bfba5db3dd6c525831d9c595c7525a615a?s=96&d=mm&r=g","url":"https:\/\/secure.gravatar.com\/avatar\/3985c961109853010c3fbc7ba30365bfba5db3dd6c525831d9c595c7525a615a?s=96&d=mm&r=g","contentUrl":"https:\/\/secure.gravatar.com\/avatar\/3985c961109853010c3fbc7ba30365bfba5db3dd6c525831d9c595c7525a615a?s=96&d=mm&r=g","caption":"ktmin"},"sameAs":["https:\/\/kt.gov.rs"],"url":"https:\/\/kt.gov.rs\/sq\/author\/ktmin\/"}]}},"_links":{"self":[{"href":"https:\/\/kt.gov.rs\/sq\/wp-json\/wp\/v2\/posts\/140329","targetHints":{"allow":["GET"]}}],"collection":[{"href":"https:\/\/kt.gov.rs\/sq\/wp-json\/wp\/v2\/posts"}],"about":[{"href":"https:\/\/kt.gov.rs\/sq\/wp-json\/wp\/v2\/types\/post"}],"author":[{"embeddable":true,"href":"https:\/\/kt.gov.rs\/sq\/wp-json\/wp\/v2\/users\/1"}],"replies":[{"embeddable":true,"href":"https:\/\/kt.gov.rs\/sq\/wp-json\/wp\/v2\/comments?post=140329"}],"version-history":[{"count":1,"href":"https:\/\/kt.gov.rs\/sq\/wp-json\/wp\/v2\/posts\/140329\/revisions"}],"predecessor-version":[{"id":140336,"href":"https:\/\/kt.gov.rs\/sq\/wp-json\/wp\/v2\/posts\/140329\/revisions\/140336"}],"wp:featuredmedia":[{"embeddable":true,"href":"https:\/\/kt.gov.rs\/sq\/wp-json\/wp\/v2\/media\/140337"}],"wp:attachment":[{"href":"https:\/\/kt.gov.rs\/sq\/wp-json\/wp\/v2\/media?parent=140329"}],"wp:term":[{"taxonomy":"category","embeddable":true,"href":"https:\/\/kt.gov.rs\/sq\/wp-json\/wp\/v2\/categories?post=140329"},{"taxonomy":"post_tag","embeddable":true,"href":"https:\/\/kt.gov.rs\/sq\/wp-json\/wp\/v2\/tags?post=140329"}],"curies":[{"name":"wp","href":"https:\/\/api.w.org\/{rel}","templated":true}]}}