{"id":140294,"date":"2013-10-18T00:00:00","date_gmt":"2013-10-18T00:00:00","guid":{"rendered":"http:\/\/kt.printandscreen.rs\/shqiptare-e-serbe-ne-aksion-per-ruajtjen-e-ambientit\/"},"modified":"2024-07-30T20:14:48","modified_gmt":"2024-07-30T20:14:48","slug":"shqiptare-e-serbe-ne-aksion-per-ruajtjen-e-ambientit","status":"publish","type":"post","link":"https:\/\/kt.gov.rs\/sq\/shqiptare-e-serbe-ne-aksion-per-ruajtjen-e-ambientit\/","title":{"rendered":"SHQIPTAR\u00cb E SERB\u00cb N\u00cb AKSION P\u00cbR RUAJTJEN E AMBIENTIT"},"content":{"rendered":"<p>\n\t<strong><img decoding=\"async\" alt=\"\" src=\"https:\/\/kt.gov.rs\/wp-content\/uploads\/2024\/07\/newspic300v-4.jpg\" style=\"width: 315px; height: 180px; float: left;\" \/>Nx\u00ebn\u00ebsit e shkoll\u00ebs s\u00eb mesme \u201cSezai Surroi\u201d dhe \u201cSveti Sava\u201d nga Bujanoci, n\u00eb qendr\u00ebn e qytetit sot zhvilluan aksionin p\u00ebr vet\u00ebdijesimin \u00a0e qytetar\u00ebve p\u00ebr ruajtur ambientin jet\u00ebsor.<\/strong><\/p>\n<p>\n\tGjat\u00eb k\u00ebtij aksioni pjes\u00ebmarr\u00ebsit e rinj kan\u00eb shp\u00ebrndar\u00eb material rreth mir\u00ebmbajtjes s\u00eb ambientit, projekt ky i cili po realizohet nga programi EU Progres n\u00eb bashk\u00ebpunim me agjencin\u00eb konsultative \u201cExecutive Group\u201d dhe shoqat\u00ebn e qytetar\u00ebve \u201cGenerator\u201d nga Vranja.<\/p>\n<p>\n\t\u201cQ\u00ebllimi i kampanj\u00ebs \u00ebsht\u00eb para se gjithash ngritja e vet\u00ebdijes p\u00ebr mbrojtjen e ambientit jet\u00ebsor. Me k\u00ebt\u00eb kampanj\u00eb synojm\u00eb q\u00eb t\u00eb i nxisim qytetar\u00ebt t\u00eb mendojn\u00eb ndryshe lidhur me mbeturinat dhe menaxhimin e tyre\u201d, tha Radule Ristoviq \u2013 Koordinator i lart\u00eb p\u00ebr Jugun e Serbis\u00eb nga EU-Progress.<\/p>\n<p>\n\tNx\u00ebn\u00ebsit apelojn\u00eb dhe theksojn\u00eb q\u00eb t\u00eb marrin iniciativa q\u00eb do t\u00eb ishte n\u00eb mbrojte t\u00eb mjedisit jet\u00ebs p\u00ebr nj\u00eb ambient dhe past\u00ebrti t\u00eb qytetit.<\/p>\n<p>\n\tBastri Memeti, bashk\u00ebpun\u00ebtor i pavarur p\u00ebr mbrojtjen e mjedisit pran\u00eb komun\u00ebs s\u00eb Bujanocit me k\u00ebt\u00eb rast tha se kjo komun\u00eb \u00ebsht\u00eb angazhuar rreth grumbullimit dhe riciklimit t\u00eb mbeturinave.<\/p>\n<p>\n\t\u00a0\u201cKonkretisht tani mund te them se \u00ebsht\u00eb b\u00ebr\u00eb sajimi i deponis\u00eb s\u00eb qytetit dhe \u00ebsht\u00eb fituar projekti p\u00ebr stacionin transferues q\u00eb \u00ebsht\u00eb n\u00eb kuad\u00ebr t\u00eb planit regjional t\u00eb menaxhimit me mbeturina. Vitet e fundit \u00ebsht\u00eb zgjidhur edhe problemi me mbeturinat e hekurit pasi n\u00eb k\u00ebt\u00eb komun\u00eb operojn\u00eb kat\u00ebr deponi p\u00ebr grumbullimin e k\u00ebtyre mbeturinave. Sa i p\u00ebrket plastik\u00ebs ka t\u00eb interesuar q\u00eb t\u00eb b\u00ebhet dhe riciklimi saj dhe do t\u00eb shohim mund\u00ebsin e zgjedhjes s\u00eb k\u00ebtij problemi\u201d, u shpreh Basri Memeti.<\/p>\n<p>\n\t<img decoding=\"async\" alt=\"\" src=\"https:\/\/kt.gov.rs\/wp-content\/uploads\/2024\/07\/newspic301v-2.jpg\" style=\"width: 315px; height: 180px; float: left;\" \/>N\u00eb muajt e ardhsh\u00ebm do t\u00eb organizohen aksionet e pastrimit dhe grumbullimit t\u00eb mbeturinave, dhe organizimet n\u00ebp\u00ebr rrug\u00eb ku pritet pjes\u00ebmarrje e lart e qytetar\u00ebve, si dhe nj\u00eb varg trajnimesh, n\u00eb m\u00ebnyr\u00eb q\u00eb qytetar\u00ebt e komunave t\u00eb p\u00ebrzgjedhura t\u00eb stimulohen t\u00eb krijojn\u00eb nj\u00eb ambient ku mbrojtja e mjedisit jet\u00ebsor do t\u00eb jet\u00eb nj\u00eb prioritet zhvillimor i \u00e7do komuniteti lokal.<\/p>\n<p>\n\tN\u00eb k\u00ebt\u00eb aksion t\u00eb nd\u00ebrmarr\u00eb nga organizatat e m\u00ebsip\u00ebrme do t\u00eb p\u00ebrfshihen\u00a0komunat: Bujanoc, Preshev\u00eb, Medvegj\u00eb, Vranj\u00eb, Leskovc dhe komuna e tjera t\u00eb k\u00ebsaj pjese t\u00eb Serbis\u00eb.<\/p>\n<p>\n\tProjekti do t\u00eb zbatohet n\u00ebn mb\u00ebshtetjen financiare t\u00eb unionit Evropian dhe Qeveris\u00eb s\u00eb Zvicr\u00ebs.<\/p>\n<p>\n\t<strong>Burimi:Titulli dhe Trupi Koordinues<\/strong><\/p>\n<p>\n\t\u00a0<\/p>\n","protected":false},"excerpt":{"rendered":"<p>Nx\u00ebn\u00ebsit e shkoll\u00ebs s\u00eb mesme \u201cSezai Surroi\u201d dhe \u201cSveti Sava\u201d nga Bujanoci, n\u00eb qendr\u00ebn e qytetit sot zhvilluan aksionin p\u00ebr vet\u00ebdijesimin \u00a0e qytetar\u00ebve p\u00ebr ruajtur ambientin jet\u00ebsor.<\/p>\n","protected":false},"author":1,"featured_media":140302,"comment_status":"closed","ping_status":"closed","sticky":false,"template":"","format":"standard","meta":{"footnotes":""},"categories":[55],"tags":[],"class_list":["post-140294","post","type-post","status-publish","format-standard","has-post-thumbnail","hentry","category-lajme"],"yoast_head":"<!-- This site is optimized with the Yoast SEO plugin v27.5 - https:\/\/yoast.com\/product\/yoast-seo-wordpress\/ -->\n<title>SHQIPTAR\u00cb E SERB\u00cb N\u00cb AKSION P\u00cbR RUAJTJEN E AMBIENTIT - Republika e S\u00ebrbis\u00eb Trupi Koordinues p\u00ebr komunat Bujanoc, Preshev\u00eb dhe Medvegj\u00eb<\/title>\n<meta name=\"robots\" content=\"index, follow, max-snippet:-1, max-image-preview:large, max-video-preview:-1\" \/>\n<link rel=\"canonical\" href=\"https:\/\/kt.gov.rs\/sq\/shqiptare-e-serbe-ne-aksion-per-ruajtjen-e-ambientit\/\" \/>\n<meta property=\"og:locale\" content=\"sq_AL\" \/>\n<meta property=\"og:type\" content=\"article\" \/>\n<meta property=\"og:title\" content=\"SHQIPTAR\u00cb E SERB\u00cb N\u00cb AKSION P\u00cbR RUAJTJEN E AMBIENTIT - Republika e S\u00ebrbis\u00eb Trupi Koordinues p\u00ebr komunat Bujanoc, Preshev\u00eb dhe Medvegj\u00eb\" \/>\n<meta property=\"og:description\" content=\"Nx\u00ebn\u00ebsit e shkoll\u00ebs s\u00eb mesme \u201cSezai Surroi\u201d dhe \u201cSveti Sava\u201d nga Bujanoci, n\u00eb qendr\u00ebn e qytetit sot zhvilluan aksionin p\u00ebr vet\u00ebdijesimin \u00a0e qytetar\u00ebve p\u00ebr ruajtur ambientin jet\u00ebsor.\" \/>\n<meta property=\"og:url\" content=\"https:\/\/kt.gov.rs\/sq\/shqiptare-e-serbe-ne-aksion-per-ruajtjen-e-ambientit\/\" \/>\n<meta property=\"og:site_name\" content=\"Republika e S\u00ebrbis\u00eb Trupi Koordinues p\u00ebr komunat Bujanoc, Preshev\u00eb dhe Medvegj\u00eb\" \/>\n<meta property=\"article:publisher\" content=\"https:\/\/www.facebook.com\/SluzbaKoordinacionogTelaVladeRepublikeSrbije\" \/>\n<meta property=\"article:published_time\" content=\"2013-10-18T00:00:00+00:00\" \/>\n<meta property=\"article:modified_time\" content=\"2024-07-30T20:14:48+00:00\" \/>\n<meta property=\"og:image\" content=\"https:\/\/kt.gov.rs\/wp-content\/uploads\/2024\/07\/newspic300v-5.jpg\" \/>\n\t<meta property=\"og:image:width\" content=\"315\" \/>\n\t<meta property=\"og:image:height\" content=\"180\" \/>\n\t<meta property=\"og:image:type\" content=\"image\/jpeg\" \/>\n<meta name=\"author\" content=\"ktmin\" \/>\n<meta name=\"twitter:card\" content=\"summary_large_image\" \/>\n<meta name=\"twitter:creator\" content=\"@kt_gov\" \/>\n<meta name=\"twitter:site\" content=\"@kt_gov\" \/>\n<meta name=\"twitter:label1\" content=\"Written by\" \/>\n\t<meta name=\"twitter:data1\" content=\"ktmin\" \/>\n\t<meta name=\"twitter:label2\" content=\"Est. reading time\" \/>\n\t<meta name=\"twitter:data2\" content=\"3 minutes\" \/>\n<script type=\"application\/ld+json\" class=\"yoast-schema-graph\">{\"@context\":\"https:\\\/\\\/schema.org\",\"@graph\":[{\"@type\":\"Article\",\"@id\":\"https:\\\/\\\/kt.gov.rs\\\/sq\\\/shqiptare-e-serbe-ne-aksion-per-ruajtjen-e-ambientit\\\/#article\",\"isPartOf\":{\"@id\":\"https:\\\/\\\/kt.gov.rs\\\/sq\\\/shqiptare-e-serbe-ne-aksion-per-ruajtjen-e-ambientit\\\/\"},\"author\":{\"name\":\"ktmin\",\"@id\":\"https:\\\/\\\/kt.gov.rs\\\/#\\\/schema\\\/person\\\/e426459ddb4173309103390602694571\"},\"headline\":\"SHQIPTAR\u00cb E SERB\u00cb N\u00cb AKSION P\u00cbR RUAJTJEN E AMBIENTIT\",\"datePublished\":\"2013-10-18T00:00:00+00:00\",\"dateModified\":\"2024-07-30T20:14:48+00:00\",\"mainEntityOfPage\":{\"@id\":\"https:\\\/\\\/kt.gov.rs\\\/sq\\\/shqiptare-e-serbe-ne-aksion-per-ruajtjen-e-ambientit\\\/\"},\"wordCount\":597,\"publisher\":{\"@id\":\"https:\\\/\\\/kt.gov.rs\\\/#organization\"},\"image\":{\"@id\":\"https:\\\/\\\/kt.gov.rs\\\/sq\\\/shqiptare-e-serbe-ne-aksion-per-ruajtjen-e-ambientit\\\/#primaryimage\"},\"thumbnailUrl\":\"https:\\\/\\\/kt.gov.rs\\\/wp-content\\\/uploads\\\/2024\\\/07\\\/newspic300v-5.jpg\",\"articleSection\":[\"Lajme\"],\"inLanguage\":\"sq-AL\"},{\"@type\":\"WebPage\",\"@id\":\"https:\\\/\\\/kt.gov.rs\\\/sq\\\/shqiptare-e-serbe-ne-aksion-per-ruajtjen-e-ambientit\\\/\",\"url\":\"https:\\\/\\\/kt.gov.rs\\\/sq\\\/shqiptare-e-serbe-ne-aksion-per-ruajtjen-e-ambientit\\\/\",\"name\":\"SHQIPTAR\u00cb E SERB\u00cb N\u00cb AKSION P\u00cbR RUAJTJEN E AMBIENTIT - Republika e S\u00ebrbis\u00eb Trupi Koordinues p\u00ebr komunat Bujanoc, Preshev\u00eb dhe Medvegj\u00eb\",\"isPartOf\":{\"@id\":\"https:\\\/\\\/kt.gov.rs\\\/#website\"},\"primaryImageOfPage\":{\"@id\":\"https:\\\/\\\/kt.gov.rs\\\/sq\\\/shqiptare-e-serbe-ne-aksion-per-ruajtjen-e-ambientit\\\/#primaryimage\"},\"image\":{\"@id\":\"https:\\\/\\\/kt.gov.rs\\\/sq\\\/shqiptare-e-serbe-ne-aksion-per-ruajtjen-e-ambientit\\\/#primaryimage\"},\"thumbnailUrl\":\"https:\\\/\\\/kt.gov.rs\\\/wp-content\\\/uploads\\\/2024\\\/07\\\/newspic300v-5.jpg\",\"datePublished\":\"2013-10-18T00:00:00+00:00\",\"dateModified\":\"2024-07-30T20:14:48+00:00\",\"breadcrumb\":{\"@id\":\"https:\\\/\\\/kt.gov.rs\\\/sq\\\/shqiptare-e-serbe-ne-aksion-per-ruajtjen-e-ambientit\\\/#breadcrumb\"},\"inLanguage\":\"sq-AL\",\"potentialAction\":[{\"@type\":\"ReadAction\",\"target\":[\"https:\\\/\\\/kt.gov.rs\\\/sq\\\/shqiptare-e-serbe-ne-aksion-per-ruajtjen-e-ambientit\\\/\"]}]},{\"@type\":\"ImageObject\",\"inLanguage\":\"sq-AL\",\"@id\":\"https:\\\/\\\/kt.gov.rs\\\/sq\\\/shqiptare-e-serbe-ne-aksion-per-ruajtjen-e-ambientit\\\/#primaryimage\",\"url\":\"https:\\\/\\\/kt.gov.rs\\\/wp-content\\\/uploads\\\/2024\\\/07\\\/newspic300v-5.jpg\",\"contentUrl\":\"https:\\\/\\\/kt.gov.rs\\\/wp-content\\\/uploads\\\/2024\\\/07\\\/newspic300v-5.jpg\",\"width\":315,\"height\":180},{\"@type\":\"BreadcrumbList\",\"@id\":\"https:\\\/\\\/kt.gov.rs\\\/sq\\\/shqiptare-e-serbe-ne-aksion-per-ruajtjen-e-ambientit\\\/#breadcrumb\",\"itemListElement\":[{\"@type\":\"ListItem\",\"position\":1,\"name\":\"\u041f\u043e\u0447\u0435\u0442\u043d\u0430\",\"item\":\"https:\\\/\\\/kt.gov.rs\\\/sq\\\/\"},{\"@type\":\"ListItem\",\"position\":2,\"name\":\"SHQIPTAR\u00cb E SERB\u00cb N\u00cb AKSION P\u00cbR RUAJTJEN E AMBIENTIT\"}]},{\"@type\":\"WebSite\",\"@id\":\"https:\\\/\\\/kt.gov.rs\\\/#website\",\"url\":\"https:\\\/\\\/kt.gov.rs\\\/\",\"name\":\"\u041a\u043e\u043e\u0440\u0434\u0438\u043d\u0430\u0446\u0438\u043e\u043d\u043e \u0442\u0435\u043b\u043e \u0412\u043b\u0430\u0434\u0435 \u0420\u0435\u043f\u0443\u0431\u043b\u0438\u043a\u0435 \u0421\u0440\u0431\u0438\u0458\u0435 \u0437\u0430 \u043e\u043f\u0448\u0442\u0438\u043d\u0435 \u041f\u0440\u0435\u0448\u0435\u0432\u043e, \u0411\u0443\u0458\u0430\u043d\u043e\u0432\u0430\u0446 \u0438 \u041c\u0435\u0434\u0432\u0435\u0452a\",\"description\":\"\",\"publisher\":{\"@id\":\"https:\\\/\\\/kt.gov.rs\\\/#organization\"},\"alternateName\":\"\u041a\u043e\u043e\u0440\u0434\u0438\u043d\u0430\u0446\u0438\u043e\u043d\u043e \u0442\u0435\u043b\u043e\",\"potentialAction\":[{\"@type\":\"SearchAction\",\"target\":{\"@type\":\"EntryPoint\",\"urlTemplate\":\"https:\\\/\\\/kt.gov.rs\\\/?s={search_term_string}\"},\"query-input\":{\"@type\":\"PropertyValueSpecification\",\"valueRequired\":true,\"valueName\":\"search_term_string\"}}],\"inLanguage\":\"sq-AL\"},{\"@type\":\"Organization\",\"@id\":\"https:\\\/\\\/kt.gov.rs\\\/#organization\",\"name\":\"\u041a\u043e\u043e\u0440\u0434\u0438\u043d\u0430\u0446\u0438\u043e\u043d\u043e \u0442\u0435\u043b\u043e \u0412\u043b\u0430\u0434\u0435 \u0420\u0435\u043f\u0443\u0431\u043b\u0438\u043a\u0435 \u0421\u0440\u0431\u0438\u0458\u0435 \u0437\u0430 \u043e\u043f\u0448\u0442\u0438\u043d\u0435 \u041f\u0440\u0435\u0448\u0435\u0432\u043e, \u0411\u0443\u0458\u0430\u043d\u043e\u0432\u0430\u0446 \u0438 \u041c\u0435\u0434\u0432\u0435\u0452a\",\"alternateName\":\"\u041a\u043e\u043e\u0440\u0434\u0438\u043d\u0430\u0446\u0438\u043e\u043d\u043e \u0442\u0435\u043b\u043e\",\"url\":\"https:\\\/\\\/kt.gov.rs\\\/\",\"logo\":{\"@type\":\"ImageObject\",\"inLanguage\":\"sq-AL\",\"@id\":\"https:\\\/\\\/kt.gov.rs\\\/#\\\/schema\\\/logo\\\/image\\\/\",\"url\":\"https:\\\/\\\/kt.gov.rs\\\/wp-content\\\/uploads\\\/2024\\\/12\\\/koord2.jpg\",\"contentUrl\":\"https:\\\/\\\/kt.gov.rs\\\/wp-content\\\/uploads\\\/2024\\\/12\\\/koord2.jpg\",\"width\":640,\"height\":480,\"caption\":\"\u041a\u043e\u043e\u0440\u0434\u0438\u043d\u0430\u0446\u0438\u043e\u043d\u043e \u0442\u0435\u043b\u043e \u0412\u043b\u0430\u0434\u0435 \u0420\u0435\u043f\u0443\u0431\u043b\u0438\u043a\u0435 \u0421\u0440\u0431\u0438\u0458\u0435 \u0437\u0430 \u043e\u043f\u0448\u0442\u0438\u043d\u0435 \u041f\u0440\u0435\u0448\u0435\u0432\u043e, \u0411\u0443\u0458\u0430\u043d\u043e\u0432\u0430\u0446 \u0438 \u041c\u0435\u0434\u0432\u0435\u0452a\"},\"image\":{\"@id\":\"https:\\\/\\\/kt.gov.rs\\\/#\\\/schema\\\/logo\\\/image\\\/\"},\"sameAs\":[\"https:\\\/\\\/www.facebook.com\\\/SluzbaKoordinacionogTelaVladeRepublikeSrbije\",\"https:\\\/\\\/x.com\\\/kt_gov\",\"https:\\\/\\\/www.youtube.com\\\/@koordinacionotelo\"]},{\"@type\":\"Person\",\"@id\":\"https:\\\/\\\/kt.gov.rs\\\/#\\\/schema\\\/person\\\/e426459ddb4173309103390602694571\",\"name\":\"ktmin\",\"image\":{\"@type\":\"ImageObject\",\"inLanguage\":\"sq-AL\",\"@id\":\"https:\\\/\\\/secure.gravatar.com\\\/avatar\\\/3985c961109853010c3fbc7ba30365bfba5db3dd6c525831d9c595c7525a615a?s=96&d=mm&r=g\",\"url\":\"https:\\\/\\\/secure.gravatar.com\\\/avatar\\\/3985c961109853010c3fbc7ba30365bfba5db3dd6c525831d9c595c7525a615a?s=96&d=mm&r=g\",\"contentUrl\":\"https:\\\/\\\/secure.gravatar.com\\\/avatar\\\/3985c961109853010c3fbc7ba30365bfba5db3dd6c525831d9c595c7525a615a?s=96&d=mm&r=g\",\"caption\":\"ktmin\"},\"sameAs\":[\"https:\\\/\\\/kt.gov.rs\"],\"url\":\"https:\\\/\\\/kt.gov.rs\\\/sq\\\/author\\\/ktmin\\\/\"}]}<\/script>\n<!-- \/ Yoast SEO plugin. -->","yoast_head_json":{"title":"SHQIPTAR\u00cb E SERB\u00cb N\u00cb AKSION P\u00cbR RUAJTJEN E AMBIENTIT - Republika e S\u00ebrbis\u00eb Trupi Koordinues p\u00ebr komunat Bujanoc, Preshev\u00eb dhe Medvegj\u00eb","robots":{"index":"index","follow":"follow","max-snippet":"max-snippet:-1","max-image-preview":"max-image-preview:large","max-video-preview":"max-video-preview:-1"},"canonical":"https:\/\/kt.gov.rs\/sq\/shqiptare-e-serbe-ne-aksion-per-ruajtjen-e-ambientit\/","og_locale":"sq_AL","og_type":"article","og_title":"SHQIPTAR\u00cb E SERB\u00cb N\u00cb AKSION P\u00cbR RUAJTJEN E AMBIENTIT - Republika e S\u00ebrbis\u00eb Trupi Koordinues p\u00ebr komunat Bujanoc, Preshev\u00eb dhe Medvegj\u00eb","og_description":"Nx\u00ebn\u00ebsit e shkoll\u00ebs s\u00eb mesme \u201cSezai Surroi\u201d dhe \u201cSveti Sava\u201d nga Bujanoci, n\u00eb qendr\u00ebn e qytetit sot zhvilluan aksionin p\u00ebr vet\u00ebdijesimin \u00a0e qytetar\u00ebve p\u00ebr ruajtur ambientin jet\u00ebsor.","og_url":"https:\/\/kt.gov.rs\/sq\/shqiptare-e-serbe-ne-aksion-per-ruajtjen-e-ambientit\/","og_site_name":"Republika e S\u00ebrbis\u00eb Trupi Koordinues p\u00ebr komunat Bujanoc, Preshev\u00eb dhe Medvegj\u00eb","article_publisher":"https:\/\/www.facebook.com\/SluzbaKoordinacionogTelaVladeRepublikeSrbije","article_published_time":"2013-10-18T00:00:00+00:00","article_modified_time":"2024-07-30T20:14:48+00:00","og_image":[{"width":315,"height":180,"url":"https:\/\/kt.gov.rs\/wp-content\/uploads\/2024\/07\/newspic300v-5.jpg","type":"image\/jpeg"}],"author":"ktmin","twitter_card":"summary_large_image","twitter_creator":"@kt_gov","twitter_site":"@kt_gov","twitter_misc":{"Written by":"ktmin","Est. reading time":"3 minutes"},"schema":{"@context":"https:\/\/schema.org","@graph":[{"@type":"Article","@id":"https:\/\/kt.gov.rs\/sq\/shqiptare-e-serbe-ne-aksion-per-ruajtjen-e-ambientit\/#article","isPartOf":{"@id":"https:\/\/kt.gov.rs\/sq\/shqiptare-e-serbe-ne-aksion-per-ruajtjen-e-ambientit\/"},"author":{"name":"ktmin","@id":"https:\/\/kt.gov.rs\/#\/schema\/person\/e426459ddb4173309103390602694571"},"headline":"SHQIPTAR\u00cb E SERB\u00cb N\u00cb AKSION P\u00cbR RUAJTJEN E AMBIENTIT","datePublished":"2013-10-18T00:00:00+00:00","dateModified":"2024-07-30T20:14:48+00:00","mainEntityOfPage":{"@id":"https:\/\/kt.gov.rs\/sq\/shqiptare-e-serbe-ne-aksion-per-ruajtjen-e-ambientit\/"},"wordCount":597,"publisher":{"@id":"https:\/\/kt.gov.rs\/#organization"},"image":{"@id":"https:\/\/kt.gov.rs\/sq\/shqiptare-e-serbe-ne-aksion-per-ruajtjen-e-ambientit\/#primaryimage"},"thumbnailUrl":"https:\/\/kt.gov.rs\/wp-content\/uploads\/2024\/07\/newspic300v-5.jpg","articleSection":["Lajme"],"inLanguage":"sq-AL"},{"@type":"WebPage","@id":"https:\/\/kt.gov.rs\/sq\/shqiptare-e-serbe-ne-aksion-per-ruajtjen-e-ambientit\/","url":"https:\/\/kt.gov.rs\/sq\/shqiptare-e-serbe-ne-aksion-per-ruajtjen-e-ambientit\/","name":"SHQIPTAR\u00cb E SERB\u00cb N\u00cb AKSION P\u00cbR RUAJTJEN E AMBIENTIT - Republika e S\u00ebrbis\u00eb Trupi Koordinues p\u00ebr komunat Bujanoc, Preshev\u00eb dhe Medvegj\u00eb","isPartOf":{"@id":"https:\/\/kt.gov.rs\/#website"},"primaryImageOfPage":{"@id":"https:\/\/kt.gov.rs\/sq\/shqiptare-e-serbe-ne-aksion-per-ruajtjen-e-ambientit\/#primaryimage"},"image":{"@id":"https:\/\/kt.gov.rs\/sq\/shqiptare-e-serbe-ne-aksion-per-ruajtjen-e-ambientit\/#primaryimage"},"thumbnailUrl":"https:\/\/kt.gov.rs\/wp-content\/uploads\/2024\/07\/newspic300v-5.jpg","datePublished":"2013-10-18T00:00:00+00:00","dateModified":"2024-07-30T20:14:48+00:00","breadcrumb":{"@id":"https:\/\/kt.gov.rs\/sq\/shqiptare-e-serbe-ne-aksion-per-ruajtjen-e-ambientit\/#breadcrumb"},"inLanguage":"sq-AL","potentialAction":[{"@type":"ReadAction","target":["https:\/\/kt.gov.rs\/sq\/shqiptare-e-serbe-ne-aksion-per-ruajtjen-e-ambientit\/"]}]},{"@type":"ImageObject","inLanguage":"sq-AL","@id":"https:\/\/kt.gov.rs\/sq\/shqiptare-e-serbe-ne-aksion-per-ruajtjen-e-ambientit\/#primaryimage","url":"https:\/\/kt.gov.rs\/wp-content\/uploads\/2024\/07\/newspic300v-5.jpg","contentUrl":"https:\/\/kt.gov.rs\/wp-content\/uploads\/2024\/07\/newspic300v-5.jpg","width":315,"height":180},{"@type":"BreadcrumbList","@id":"https:\/\/kt.gov.rs\/sq\/shqiptare-e-serbe-ne-aksion-per-ruajtjen-e-ambientit\/#breadcrumb","itemListElement":[{"@type":"ListItem","position":1,"name":"\u041f\u043e\u0447\u0435\u0442\u043d\u0430","item":"https:\/\/kt.gov.rs\/sq\/"},{"@type":"ListItem","position":2,"name":"SHQIPTAR\u00cb E SERB\u00cb N\u00cb AKSION P\u00cbR RUAJTJEN E AMBIENTIT"}]},{"@type":"WebSite","@id":"https:\/\/kt.gov.rs\/#website","url":"https:\/\/kt.gov.rs\/","name":"\u041a\u043e\u043e\u0440\u0434\u0438\u043d\u0430\u0446\u0438\u043e\u043d\u043e \u0442\u0435\u043b\u043e \u0412\u043b\u0430\u0434\u0435 \u0420\u0435\u043f\u0443\u0431\u043b\u0438\u043a\u0435 \u0421\u0440\u0431\u0438\u0458\u0435 \u0437\u0430 \u043e\u043f\u0448\u0442\u0438\u043d\u0435 \u041f\u0440\u0435\u0448\u0435\u0432\u043e, \u0411\u0443\u0458\u0430\u043d\u043e\u0432\u0430\u0446 \u0438 \u041c\u0435\u0434\u0432\u0435\u0452a","description":"","publisher":{"@id":"https:\/\/kt.gov.rs\/#organization"},"alternateName":"\u041a\u043e\u043e\u0440\u0434\u0438\u043d\u0430\u0446\u0438\u043e\u043d\u043e \u0442\u0435\u043b\u043e","potentialAction":[{"@type":"SearchAction","target":{"@type":"EntryPoint","urlTemplate":"https:\/\/kt.gov.rs\/?s={search_term_string}"},"query-input":{"@type":"PropertyValueSpecification","valueRequired":true,"valueName":"search_term_string"}}],"inLanguage":"sq-AL"},{"@type":"Organization","@id":"https:\/\/kt.gov.rs\/#organization","name":"\u041a\u043e\u043e\u0440\u0434\u0438\u043d\u0430\u0446\u0438\u043e\u043d\u043e \u0442\u0435\u043b\u043e \u0412\u043b\u0430\u0434\u0435 \u0420\u0435\u043f\u0443\u0431\u043b\u0438\u043a\u0435 \u0421\u0440\u0431\u0438\u0458\u0435 \u0437\u0430 \u043e\u043f\u0448\u0442\u0438\u043d\u0435 \u041f\u0440\u0435\u0448\u0435\u0432\u043e, \u0411\u0443\u0458\u0430\u043d\u043e\u0432\u0430\u0446 \u0438 \u041c\u0435\u0434\u0432\u0435\u0452a","alternateName":"\u041a\u043e\u043e\u0440\u0434\u0438\u043d\u0430\u0446\u0438\u043e\u043d\u043e \u0442\u0435\u043b\u043e","url":"https:\/\/kt.gov.rs\/","logo":{"@type":"ImageObject","inLanguage":"sq-AL","@id":"https:\/\/kt.gov.rs\/#\/schema\/logo\/image\/","url":"https:\/\/kt.gov.rs\/wp-content\/uploads\/2024\/12\/koord2.jpg","contentUrl":"https:\/\/kt.gov.rs\/wp-content\/uploads\/2024\/12\/koord2.jpg","width":640,"height":480,"caption":"\u041a\u043e\u043e\u0440\u0434\u0438\u043d\u0430\u0446\u0438\u043e\u043d\u043e \u0442\u0435\u043b\u043e \u0412\u043b\u0430\u0434\u0435 \u0420\u0435\u043f\u0443\u0431\u043b\u0438\u043a\u0435 \u0421\u0440\u0431\u0438\u0458\u0435 \u0437\u0430 \u043e\u043f\u0448\u0442\u0438\u043d\u0435 \u041f\u0440\u0435\u0448\u0435\u0432\u043e, \u0411\u0443\u0458\u0430\u043d\u043e\u0432\u0430\u0446 \u0438 \u041c\u0435\u0434\u0432\u0435\u0452a"},"image":{"@id":"https:\/\/kt.gov.rs\/#\/schema\/logo\/image\/"},"sameAs":["https:\/\/www.facebook.com\/SluzbaKoordinacionogTelaVladeRepublikeSrbije","https:\/\/x.com\/kt_gov","https:\/\/www.youtube.com\/@koordinacionotelo"]},{"@type":"Person","@id":"https:\/\/kt.gov.rs\/#\/schema\/person\/e426459ddb4173309103390602694571","name":"ktmin","image":{"@type":"ImageObject","inLanguage":"sq-AL","@id":"https:\/\/secure.gravatar.com\/avatar\/3985c961109853010c3fbc7ba30365bfba5db3dd6c525831d9c595c7525a615a?s=96&d=mm&r=g","url":"https:\/\/secure.gravatar.com\/avatar\/3985c961109853010c3fbc7ba30365bfba5db3dd6c525831d9c595c7525a615a?s=96&d=mm&r=g","contentUrl":"https:\/\/secure.gravatar.com\/avatar\/3985c961109853010c3fbc7ba30365bfba5db3dd6c525831d9c595c7525a615a?s=96&d=mm&r=g","caption":"ktmin"},"sameAs":["https:\/\/kt.gov.rs"],"url":"https:\/\/kt.gov.rs\/sq\/author\/ktmin\/"}]}},"_links":{"self":[{"href":"https:\/\/kt.gov.rs\/sq\/wp-json\/wp\/v2\/posts\/140294","targetHints":{"allow":["GET"]}}],"collection":[{"href":"https:\/\/kt.gov.rs\/sq\/wp-json\/wp\/v2\/posts"}],"about":[{"href":"https:\/\/kt.gov.rs\/sq\/wp-json\/wp\/v2\/types\/post"}],"author":[{"embeddable":true,"href":"https:\/\/kt.gov.rs\/sq\/wp-json\/wp\/v2\/users\/1"}],"replies":[{"embeddable":true,"href":"https:\/\/kt.gov.rs\/sq\/wp-json\/wp\/v2\/comments?post=140294"}],"version-history":[{"count":1,"href":"https:\/\/kt.gov.rs\/sq\/wp-json\/wp\/v2\/posts\/140294\/revisions"}],"predecessor-version":[{"id":140301,"href":"https:\/\/kt.gov.rs\/sq\/wp-json\/wp\/v2\/posts\/140294\/revisions\/140301"}],"wp:featuredmedia":[{"embeddable":true,"href":"https:\/\/kt.gov.rs\/sq\/wp-json\/wp\/v2\/media\/140302"}],"wp:attachment":[{"href":"https:\/\/kt.gov.rs\/sq\/wp-json\/wp\/v2\/media?parent=140294"}],"wp:term":[{"taxonomy":"category","embeddable":true,"href":"https:\/\/kt.gov.rs\/sq\/wp-json\/wp\/v2\/categories?post=140294"},{"taxonomy":"post_tag","embeddable":true,"href":"https:\/\/kt.gov.rs\/sq\/wp-json\/wp\/v2\/tags?post=140294"}],"curies":[{"name":"wp","href":"https:\/\/api.w.org\/{rel}","templated":true}]}}