{"id":140230,"date":"2013-10-24T00:00:00","date_gmt":"2013-10-24T00:00:00","guid":{"rendered":"http:\/\/kt.printandscreen.rs\/shqipetaret-kerkojne-maternitet\/"},"modified":"2024-07-30T20:14:40","modified_gmt":"2024-07-30T20:14:40","slug":"shqipetaret-kerkojne-maternitet","status":"publish","type":"post","link":"https:\/\/kt.gov.rs\/sq\/shqipetaret-kerkojne-maternitet\/","title":{"rendered":"SHQIP\u00cbTAR\u00cbT K\u00cbRKOJN\u00cb MATERNITET"},"content":{"rendered":"<p>\n\t<img decoding=\"async\" alt=\"\" src=\"https:\/\/kt.gov.rs\/wp-content\/uploads\/2024\/07\/newspic306v-4.jpg\" style=\"width: 315px; height: 180px; float: left;\" \/>Duke pasur parasysh q\u00eb Presheva t\u00eb fitoje maternitet,n\u00eb fund t\u00eb k\u00ebtij muaji,do t\u00eb filloj\u00eb zgjidhja e problemit te shqip\u00ebtar\u00ebve n\u00eb jug t\u00eb Serbis\u00eb,t\u00eb p\u00ebrfshira n\u00eb raportin e p\u00ebrb\u00ebr\u00eb nga shtat\u00eb pikat e qeveris\u00eb s\u00eb Serbis\u00eb.<\/p>\n<p>\n\tN\u00eb raundin e par\u00eb jan\u00eb pyetjet e \u00e7eshtjeve t\u00eb sheb\u00ebndetit dhe rendit social,dhe zgjidhja konkrete priten pas vizit\u00ebs s\u00eb ministreshes s\u00eb sh\u00ebndet\u00ebsis\u00eb Slavica Gjukiq Dejanoviq.K\u00ebt\u00eb e konfirmoi t\u00eb enjten Zoran Stankoviq ,kryetar\u00eb i Trupit koordinues p\u00ebr komun\u00ebn e Preshev\u00ebs,Bujanocit dhe Medvegj\u00ebs.Ai v\u00eb n\u00eb dukje qe t\u00eb gjitha problemet e kujdesit sh\u00ebndet\u00ebsor\u00eb,por edhe\u00a0 t\u00eb fushave t\u00eb tjera do t\u00eb trajtohen n\u00eb baz\u00eb t\u00eb Kushtetut\u00ebs,ligjit dhe konvent\u00ebs nd\u00ebrkomb\u00ebtare.N\u00eb rend t\u00eb dit\u00ebs do t\u00eb jet\u00eb shqyrtimii i mund\u00ebsis\u00eb q\u00eb Presheva t\u00eb ket\u00eb nj\u00eb maternitet,dhe q\u00eb n\u00eb k\u00ebt\u00eb qytet t\u00eb bartet nj\u00eb pjes\u00eb e institutit farmaceutik baza e t\u00eb cilit \u00ebsht\u00eb n\u00eb Vranj\u00eb.Nd\u00ebr pikat e raportit \u00ebsht\u00eb edhe k\u00ebrkesa q\u00eb n\u00eb Preshev\u00eb t\u00eb themelohet spital, si dhe institucione p\u00ebr kujdesjen e personave me aft\u00ebsi t\u00eb kufizuara. Stankoviqi n\u00eb vecanti theksoi se ceshtjet e kujdesit shendet\u00ebsor\u00eb do t\u00eb shqyrtohen n\u00eb raundin e par\u00eb t\u00eb bisedimeve p\u00ebr k\u00ebrkesat e shqiptar\u00ebve. Lista e k\u00ebrkesave \u00ebsht\u00eb raport rrept\u00ebsisht i kufizuar qeveritar\u00eb, dhe shtrirja e tij n\u00eb lidhje me tema tjera nuk do t\u00eb jet\u00eb e mundur.Pas raundit t\u00eb par\u00eb t\u00eb pyetjeve n\u00eb rradhe vijn\u00eb edhe pikat tjera, t\u00eb cilat p\u00ebrfshijn\u00eb pjesmarrjen dhe integrimin e shqip\u00ebtar\u00ebve n\u00eb institucionet shtet\u00ebrore, rim\u00ebk\u00ebmbja ekonomike, decentralizimi n\u00eb drejt\u00ebsi dhe arsimimi.<\/p>\n<p>\n\tV\u00ebmendje e ve\u00e7ant\u00eb do ti kushtohet zgjidhjes s\u00eb problemit afatgjat\u00eb n\u00eb lidhje me p\u00ebrdorimin e flamurit dhe simboleve tjera te pakic\u00ebs shqip\u00ebtare. Kjo pyetje gjithmon\u00eb shkakton tensionim t\u00eb situat\u00ebs\u00a0 n\u00eb jug t\u00eb vendit, vecan\u00ebrisht n\u00eb fest\u00ebn komb\u00ebtare shqiptare Dita e flamurit. N\u00eb thelbin e saj \u00ebshte fakti se shqip\u00ebtar\u00ebt jan\u00eb i vetmi minoritet n\u00eb Serbi t\u00eb cilit nuk kan\u00eb flamurin e tyre, por n\u00eb vend t\u00eb k\u00ebsaj p\u00ebrdorin flamurin e shtetit fqinj. Thek\u00ebsimi i simboleve te huaja n\u00eb baz\u00eb t\u00eb ligjeve tona nuk \u00ebsht\u00eb i lejuar. Raporti i p\u00ebrb\u00ebr\u00eb me shtat\u00eb pika, i cili \u00ebsht\u00eb pika ky\u00e7e e fillimit t\u00eb zgjidhjes s\u00eb problemeve t\u00eb pakic\u00ebs shqip\u00ebtare, p\u00ebrfundoi n\u00eb qershor\u00eb t\u00eb k\u00ebtij viti pas takimit t\u00eb shqip\u00ebtar\u00ebve me kryeministrin Ivica Daqiq. At\u00ebher\u00eb u arrit nj\u00eb marr\u00ebveshje q\u00eb \u00e7\u00ebshtjet t\u00eb zgjidhen n\u00eb tri faza, dhe n\u00eb rradh\u00eb t\u00eb par\u00eb, ato t\u00eb cilat zgjidhjet e tyre jan\u00eb afat shkurt\u00ebra.<\/p>\n<p>\n\tN\u00eb pritjen e zbatimit t\u00eb raportit t\u00eb Qeveris\u00eb ndaj k\u00ebrkesave s\u00eb Shqip\u00ebtar\u00ebve, k\u00ebrkesat e tyre paraqiten edhe shoq\u00ebrit\u00eb serbe nga Bujanoci. Ata k\u00ebrkojn\u00eb regjistrimin urgjent n\u00eb jug t\u00eb Serbis\u00eb, dhe n\u00eb baz\u00eb t\u00eb rezultateve do t\u00eb patrohet edhe lista zgjedore.<\/p>\n<p>\n\t<strong>Burimi:Lajmet e mbr\u00ebmjes dhe Trupi Koordinues<\/strong><\/p>\n<p>\n\t\u00a0<\/p>\n","protected":false},"excerpt":{"rendered":"<p>Duke pasur parasysh q\u00eb Presheva t\u00eb fitoje maternitet,n\u00eb fund t\u00eb k\u00ebtij muaji,do t\u00eb filloj\u00eb zgjidhja e problemit te shqip\u00ebtar\u00ebve n\u00eb jug t\u00eb Serbis\u00eb,t\u00eb p\u00ebrfshira n\u00eb raportin e p\u00ebrb\u00ebr\u00eb nga shtat\u00eb pikat e qeveris\u00eb s\u00eb Serbis\u00eb.<\/p>\n","protected":false},"author":1,"featured_media":140235,"comment_status":"closed","ping_status":"closed","sticky":false,"template":"","format":"standard","meta":{"footnotes":""},"categories":[55],"tags":[],"class_list":["post-140230","post","type-post","status-publish","format-standard","has-post-thumbnail","hentry","category-lajme"],"yoast_head":"<!-- This site is optimized with the Yoast SEO plugin v27.5 - https:\/\/yoast.com\/product\/yoast-seo-wordpress\/ -->\n<title>SHQIP\u00cbTAR\u00cbT K\u00cbRKOJN\u00cb MATERNITET - Republika e S\u00ebrbis\u00eb Trupi Koordinues p\u00ebr komunat Bujanoc, Preshev\u00eb dhe Medvegj\u00eb<\/title>\n<meta name=\"robots\" content=\"index, follow, max-snippet:-1, max-image-preview:large, max-video-preview:-1\" \/>\n<link rel=\"canonical\" href=\"https:\/\/kt.gov.rs\/sq\/shqipetaret-kerkojne-maternitet\/\" \/>\n<meta property=\"og:locale\" content=\"sq_AL\" \/>\n<meta property=\"og:type\" content=\"article\" \/>\n<meta property=\"og:title\" content=\"SHQIP\u00cbTAR\u00cbT K\u00cbRKOJN\u00cb MATERNITET - Republika e S\u00ebrbis\u00eb Trupi Koordinues p\u00ebr komunat Bujanoc, Preshev\u00eb dhe Medvegj\u00eb\" \/>\n<meta property=\"og:description\" content=\"Duke pasur parasysh q\u00eb Presheva t\u00eb fitoje maternitet,n\u00eb fund t\u00eb k\u00ebtij muaji,do t\u00eb filloj\u00eb zgjidhja e problemit te shqip\u00ebtar\u00ebve n\u00eb jug t\u00eb Serbis\u00eb,t\u00eb p\u00ebrfshira n\u00eb raportin e p\u00ebrb\u00ebr\u00eb nga shtat\u00eb pikat e qeveris\u00eb s\u00eb Serbis\u00eb.\" \/>\n<meta property=\"og:url\" content=\"https:\/\/kt.gov.rs\/sq\/shqipetaret-kerkojne-maternitet\/\" \/>\n<meta property=\"og:site_name\" content=\"Republika e S\u00ebrbis\u00eb Trupi Koordinues p\u00ebr komunat Bujanoc, Preshev\u00eb dhe Medvegj\u00eb\" \/>\n<meta property=\"article:publisher\" content=\"https:\/\/www.facebook.com\/SluzbaKoordinacionogTelaVladeRepublikeSrbije\" \/>\n<meta property=\"article:published_time\" content=\"2013-10-24T00:00:00+00:00\" \/>\n<meta property=\"article:modified_time\" content=\"2024-07-30T20:14:40+00:00\" \/>\n<meta property=\"og:image\" content=\"https:\/\/kt.gov.rs\/wp-content\/uploads\/2024\/07\/newspic306v-5.jpg\" \/>\n\t<meta property=\"og:image:width\" content=\"315\" \/>\n\t<meta property=\"og:image:height\" content=\"180\" \/>\n\t<meta property=\"og:image:type\" content=\"image\/jpeg\" \/>\n<meta name=\"author\" content=\"ktmin\" \/>\n<meta name=\"twitter:card\" content=\"summary_large_image\" \/>\n<meta name=\"twitter:creator\" content=\"@kt_gov\" \/>\n<meta name=\"twitter:site\" content=\"@kt_gov\" \/>\n<meta name=\"twitter:label1\" content=\"Written by\" \/>\n\t<meta name=\"twitter:data1\" content=\"ktmin\" \/>\n\t<meta name=\"twitter:label2\" content=\"Est. reading time\" \/>\n\t<meta name=\"twitter:data2\" content=\"4 minutes\" \/>\n<script type=\"application\/ld+json\" class=\"yoast-schema-graph\">{\"@context\":\"https:\\\/\\\/schema.org\",\"@graph\":[{\"@type\":\"Article\",\"@id\":\"https:\\\/\\\/kt.gov.rs\\\/sq\\\/shqipetaret-kerkojne-maternitet\\\/#article\",\"isPartOf\":{\"@id\":\"https:\\\/\\\/kt.gov.rs\\\/sq\\\/shqipetaret-kerkojne-maternitet\\\/\"},\"author\":{\"name\":\"ktmin\",\"@id\":\"https:\\\/\\\/kt.gov.rs\\\/#\\\/schema\\\/person\\\/e426459ddb4173309103390602694571\"},\"headline\":\"SHQIP\u00cbTAR\u00cbT K\u00cbRKOJN\u00cb MATERNITET\",\"datePublished\":\"2013-10-24T00:00:00+00:00\",\"dateModified\":\"2024-07-30T20:14:40+00:00\",\"mainEntityOfPage\":{\"@id\":\"https:\\\/\\\/kt.gov.rs\\\/sq\\\/shqipetaret-kerkojne-maternitet\\\/\"},\"wordCount\":740,\"publisher\":{\"@id\":\"https:\\\/\\\/kt.gov.rs\\\/#organization\"},\"image\":{\"@id\":\"https:\\\/\\\/kt.gov.rs\\\/sq\\\/shqipetaret-kerkojne-maternitet\\\/#primaryimage\"},\"thumbnailUrl\":\"https:\\\/\\\/kt.gov.rs\\\/wp-content\\\/uploads\\\/2024\\\/07\\\/newspic306v-5.jpg\",\"articleSection\":[\"Lajme\"],\"inLanguage\":\"sq-AL\"},{\"@type\":\"WebPage\",\"@id\":\"https:\\\/\\\/kt.gov.rs\\\/sq\\\/shqipetaret-kerkojne-maternitet\\\/\",\"url\":\"https:\\\/\\\/kt.gov.rs\\\/sq\\\/shqipetaret-kerkojne-maternitet\\\/\",\"name\":\"SHQIP\u00cbTAR\u00cbT K\u00cbRKOJN\u00cb MATERNITET - Republika e S\u00ebrbis\u00eb Trupi Koordinues p\u00ebr komunat Bujanoc, Preshev\u00eb dhe Medvegj\u00eb\",\"isPartOf\":{\"@id\":\"https:\\\/\\\/kt.gov.rs\\\/#website\"},\"primaryImageOfPage\":{\"@id\":\"https:\\\/\\\/kt.gov.rs\\\/sq\\\/shqipetaret-kerkojne-maternitet\\\/#primaryimage\"},\"image\":{\"@id\":\"https:\\\/\\\/kt.gov.rs\\\/sq\\\/shqipetaret-kerkojne-maternitet\\\/#primaryimage\"},\"thumbnailUrl\":\"https:\\\/\\\/kt.gov.rs\\\/wp-content\\\/uploads\\\/2024\\\/07\\\/newspic306v-5.jpg\",\"datePublished\":\"2013-10-24T00:00:00+00:00\",\"dateModified\":\"2024-07-30T20:14:40+00:00\",\"breadcrumb\":{\"@id\":\"https:\\\/\\\/kt.gov.rs\\\/sq\\\/shqipetaret-kerkojne-maternitet\\\/#breadcrumb\"},\"inLanguage\":\"sq-AL\",\"potentialAction\":[{\"@type\":\"ReadAction\",\"target\":[\"https:\\\/\\\/kt.gov.rs\\\/sq\\\/shqipetaret-kerkojne-maternitet\\\/\"]}]},{\"@type\":\"ImageObject\",\"inLanguage\":\"sq-AL\",\"@id\":\"https:\\\/\\\/kt.gov.rs\\\/sq\\\/shqipetaret-kerkojne-maternitet\\\/#primaryimage\",\"url\":\"https:\\\/\\\/kt.gov.rs\\\/wp-content\\\/uploads\\\/2024\\\/07\\\/newspic306v-5.jpg\",\"contentUrl\":\"https:\\\/\\\/kt.gov.rs\\\/wp-content\\\/uploads\\\/2024\\\/07\\\/newspic306v-5.jpg\",\"width\":315,\"height\":180},{\"@type\":\"BreadcrumbList\",\"@id\":\"https:\\\/\\\/kt.gov.rs\\\/sq\\\/shqipetaret-kerkojne-maternitet\\\/#breadcrumb\",\"itemListElement\":[{\"@type\":\"ListItem\",\"position\":1,\"name\":\"\u041f\u043e\u0447\u0435\u0442\u043d\u0430\",\"item\":\"https:\\\/\\\/kt.gov.rs\\\/sq\\\/\"},{\"@type\":\"ListItem\",\"position\":2,\"name\":\"SHQIP\u00cbTAR\u00cbT K\u00cbRKOJN\u00cb MATERNITET\"}]},{\"@type\":\"WebSite\",\"@id\":\"https:\\\/\\\/kt.gov.rs\\\/#website\",\"url\":\"https:\\\/\\\/kt.gov.rs\\\/\",\"name\":\"\u041a\u043e\u043e\u0440\u0434\u0438\u043d\u0430\u0446\u0438\u043e\u043d\u043e \u0442\u0435\u043b\u043e \u0412\u043b\u0430\u0434\u0435 \u0420\u0435\u043f\u0443\u0431\u043b\u0438\u043a\u0435 \u0421\u0440\u0431\u0438\u0458\u0435 \u0437\u0430 \u043e\u043f\u0448\u0442\u0438\u043d\u0435 \u041f\u0440\u0435\u0448\u0435\u0432\u043e, \u0411\u0443\u0458\u0430\u043d\u043e\u0432\u0430\u0446 \u0438 \u041c\u0435\u0434\u0432\u0435\u0452a\",\"description\":\"\",\"publisher\":{\"@id\":\"https:\\\/\\\/kt.gov.rs\\\/#organization\"},\"alternateName\":\"\u041a\u043e\u043e\u0440\u0434\u0438\u043d\u0430\u0446\u0438\u043e\u043d\u043e \u0442\u0435\u043b\u043e\",\"potentialAction\":[{\"@type\":\"SearchAction\",\"target\":{\"@type\":\"EntryPoint\",\"urlTemplate\":\"https:\\\/\\\/kt.gov.rs\\\/?s={search_term_string}\"},\"query-input\":{\"@type\":\"PropertyValueSpecification\",\"valueRequired\":true,\"valueName\":\"search_term_string\"}}],\"inLanguage\":\"sq-AL\"},{\"@type\":\"Organization\",\"@id\":\"https:\\\/\\\/kt.gov.rs\\\/#organization\",\"name\":\"\u041a\u043e\u043e\u0440\u0434\u0438\u043d\u0430\u0446\u0438\u043e\u043d\u043e \u0442\u0435\u043b\u043e \u0412\u043b\u0430\u0434\u0435 \u0420\u0435\u043f\u0443\u0431\u043b\u0438\u043a\u0435 \u0421\u0440\u0431\u0438\u0458\u0435 \u0437\u0430 \u043e\u043f\u0448\u0442\u0438\u043d\u0435 \u041f\u0440\u0435\u0448\u0435\u0432\u043e, \u0411\u0443\u0458\u0430\u043d\u043e\u0432\u0430\u0446 \u0438 \u041c\u0435\u0434\u0432\u0435\u0452a\",\"alternateName\":\"\u041a\u043e\u043e\u0440\u0434\u0438\u043d\u0430\u0446\u0438\u043e\u043d\u043e \u0442\u0435\u043b\u043e\",\"url\":\"https:\\\/\\\/kt.gov.rs\\\/\",\"logo\":{\"@type\":\"ImageObject\",\"inLanguage\":\"sq-AL\",\"@id\":\"https:\\\/\\\/kt.gov.rs\\\/#\\\/schema\\\/logo\\\/image\\\/\",\"url\":\"https:\\\/\\\/kt.gov.rs\\\/wp-content\\\/uploads\\\/2024\\\/12\\\/koord2.jpg\",\"contentUrl\":\"https:\\\/\\\/kt.gov.rs\\\/wp-content\\\/uploads\\\/2024\\\/12\\\/koord2.jpg\",\"width\":640,\"height\":480,\"caption\":\"\u041a\u043e\u043e\u0440\u0434\u0438\u043d\u0430\u0446\u0438\u043e\u043d\u043e \u0442\u0435\u043b\u043e \u0412\u043b\u0430\u0434\u0435 \u0420\u0435\u043f\u0443\u0431\u043b\u0438\u043a\u0435 \u0421\u0440\u0431\u0438\u0458\u0435 \u0437\u0430 \u043e\u043f\u0448\u0442\u0438\u043d\u0435 \u041f\u0440\u0435\u0448\u0435\u0432\u043e, \u0411\u0443\u0458\u0430\u043d\u043e\u0432\u0430\u0446 \u0438 \u041c\u0435\u0434\u0432\u0435\u0452a\"},\"image\":{\"@id\":\"https:\\\/\\\/kt.gov.rs\\\/#\\\/schema\\\/logo\\\/image\\\/\"},\"sameAs\":[\"https:\\\/\\\/www.facebook.com\\\/SluzbaKoordinacionogTelaVladeRepublikeSrbije\",\"https:\\\/\\\/x.com\\\/kt_gov\",\"https:\\\/\\\/www.youtube.com\\\/@koordinacionotelo\"]},{\"@type\":\"Person\",\"@id\":\"https:\\\/\\\/kt.gov.rs\\\/#\\\/schema\\\/person\\\/e426459ddb4173309103390602694571\",\"name\":\"ktmin\",\"image\":{\"@type\":\"ImageObject\",\"inLanguage\":\"sq-AL\",\"@id\":\"https:\\\/\\\/secure.gravatar.com\\\/avatar\\\/3985c961109853010c3fbc7ba30365bfba5db3dd6c525831d9c595c7525a615a?s=96&d=mm&r=g\",\"url\":\"https:\\\/\\\/secure.gravatar.com\\\/avatar\\\/3985c961109853010c3fbc7ba30365bfba5db3dd6c525831d9c595c7525a615a?s=96&d=mm&r=g\",\"contentUrl\":\"https:\\\/\\\/secure.gravatar.com\\\/avatar\\\/3985c961109853010c3fbc7ba30365bfba5db3dd6c525831d9c595c7525a615a?s=96&d=mm&r=g\",\"caption\":\"ktmin\"},\"sameAs\":[\"https:\\\/\\\/kt.gov.rs\"],\"url\":\"https:\\\/\\\/kt.gov.rs\\\/sq\\\/author\\\/ktmin\\\/\"}]}<\/script>\n<!-- \/ Yoast SEO plugin. -->","yoast_head_json":{"title":"SHQIP\u00cbTAR\u00cbT K\u00cbRKOJN\u00cb MATERNITET - Republika e S\u00ebrbis\u00eb Trupi Koordinues p\u00ebr komunat Bujanoc, Preshev\u00eb dhe Medvegj\u00eb","robots":{"index":"index","follow":"follow","max-snippet":"max-snippet:-1","max-image-preview":"max-image-preview:large","max-video-preview":"max-video-preview:-1"},"canonical":"https:\/\/kt.gov.rs\/sq\/shqipetaret-kerkojne-maternitet\/","og_locale":"sq_AL","og_type":"article","og_title":"SHQIP\u00cbTAR\u00cbT K\u00cbRKOJN\u00cb MATERNITET - Republika e S\u00ebrbis\u00eb Trupi Koordinues p\u00ebr komunat Bujanoc, Preshev\u00eb dhe Medvegj\u00eb","og_description":"Duke pasur parasysh q\u00eb Presheva t\u00eb fitoje maternitet,n\u00eb fund t\u00eb k\u00ebtij muaji,do t\u00eb filloj\u00eb zgjidhja e problemit te shqip\u00ebtar\u00ebve n\u00eb jug t\u00eb Serbis\u00eb,t\u00eb p\u00ebrfshira n\u00eb raportin e p\u00ebrb\u00ebr\u00eb nga shtat\u00eb pikat e qeveris\u00eb s\u00eb Serbis\u00eb.","og_url":"https:\/\/kt.gov.rs\/sq\/shqipetaret-kerkojne-maternitet\/","og_site_name":"Republika e S\u00ebrbis\u00eb Trupi Koordinues p\u00ebr komunat Bujanoc, Preshev\u00eb dhe Medvegj\u00eb","article_publisher":"https:\/\/www.facebook.com\/SluzbaKoordinacionogTelaVladeRepublikeSrbije","article_published_time":"2013-10-24T00:00:00+00:00","article_modified_time":"2024-07-30T20:14:40+00:00","og_image":[{"width":315,"height":180,"url":"https:\/\/kt.gov.rs\/wp-content\/uploads\/2024\/07\/newspic306v-5.jpg","type":"image\/jpeg"}],"author":"ktmin","twitter_card":"summary_large_image","twitter_creator":"@kt_gov","twitter_site":"@kt_gov","twitter_misc":{"Written by":"ktmin","Est. reading time":"4 minutes"},"schema":{"@context":"https:\/\/schema.org","@graph":[{"@type":"Article","@id":"https:\/\/kt.gov.rs\/sq\/shqipetaret-kerkojne-maternitet\/#article","isPartOf":{"@id":"https:\/\/kt.gov.rs\/sq\/shqipetaret-kerkojne-maternitet\/"},"author":{"name":"ktmin","@id":"https:\/\/kt.gov.rs\/#\/schema\/person\/e426459ddb4173309103390602694571"},"headline":"SHQIP\u00cbTAR\u00cbT K\u00cbRKOJN\u00cb MATERNITET","datePublished":"2013-10-24T00:00:00+00:00","dateModified":"2024-07-30T20:14:40+00:00","mainEntityOfPage":{"@id":"https:\/\/kt.gov.rs\/sq\/shqipetaret-kerkojne-maternitet\/"},"wordCount":740,"publisher":{"@id":"https:\/\/kt.gov.rs\/#organization"},"image":{"@id":"https:\/\/kt.gov.rs\/sq\/shqipetaret-kerkojne-maternitet\/#primaryimage"},"thumbnailUrl":"https:\/\/kt.gov.rs\/wp-content\/uploads\/2024\/07\/newspic306v-5.jpg","articleSection":["Lajme"],"inLanguage":"sq-AL"},{"@type":"WebPage","@id":"https:\/\/kt.gov.rs\/sq\/shqipetaret-kerkojne-maternitet\/","url":"https:\/\/kt.gov.rs\/sq\/shqipetaret-kerkojne-maternitet\/","name":"SHQIP\u00cbTAR\u00cbT K\u00cbRKOJN\u00cb MATERNITET - Republika e S\u00ebrbis\u00eb Trupi Koordinues p\u00ebr komunat Bujanoc, Preshev\u00eb dhe Medvegj\u00eb","isPartOf":{"@id":"https:\/\/kt.gov.rs\/#website"},"primaryImageOfPage":{"@id":"https:\/\/kt.gov.rs\/sq\/shqipetaret-kerkojne-maternitet\/#primaryimage"},"image":{"@id":"https:\/\/kt.gov.rs\/sq\/shqipetaret-kerkojne-maternitet\/#primaryimage"},"thumbnailUrl":"https:\/\/kt.gov.rs\/wp-content\/uploads\/2024\/07\/newspic306v-5.jpg","datePublished":"2013-10-24T00:00:00+00:00","dateModified":"2024-07-30T20:14:40+00:00","breadcrumb":{"@id":"https:\/\/kt.gov.rs\/sq\/shqipetaret-kerkojne-maternitet\/#breadcrumb"},"inLanguage":"sq-AL","potentialAction":[{"@type":"ReadAction","target":["https:\/\/kt.gov.rs\/sq\/shqipetaret-kerkojne-maternitet\/"]}]},{"@type":"ImageObject","inLanguage":"sq-AL","@id":"https:\/\/kt.gov.rs\/sq\/shqipetaret-kerkojne-maternitet\/#primaryimage","url":"https:\/\/kt.gov.rs\/wp-content\/uploads\/2024\/07\/newspic306v-5.jpg","contentUrl":"https:\/\/kt.gov.rs\/wp-content\/uploads\/2024\/07\/newspic306v-5.jpg","width":315,"height":180},{"@type":"BreadcrumbList","@id":"https:\/\/kt.gov.rs\/sq\/shqipetaret-kerkojne-maternitet\/#breadcrumb","itemListElement":[{"@type":"ListItem","position":1,"name":"\u041f\u043e\u0447\u0435\u0442\u043d\u0430","item":"https:\/\/kt.gov.rs\/sq\/"},{"@type":"ListItem","position":2,"name":"SHQIP\u00cbTAR\u00cbT K\u00cbRKOJN\u00cb MATERNITET"}]},{"@type":"WebSite","@id":"https:\/\/kt.gov.rs\/#website","url":"https:\/\/kt.gov.rs\/","name":"\u041a\u043e\u043e\u0440\u0434\u0438\u043d\u0430\u0446\u0438\u043e\u043d\u043e \u0442\u0435\u043b\u043e \u0412\u043b\u0430\u0434\u0435 \u0420\u0435\u043f\u0443\u0431\u043b\u0438\u043a\u0435 \u0421\u0440\u0431\u0438\u0458\u0435 \u0437\u0430 \u043e\u043f\u0448\u0442\u0438\u043d\u0435 \u041f\u0440\u0435\u0448\u0435\u0432\u043e, \u0411\u0443\u0458\u0430\u043d\u043e\u0432\u0430\u0446 \u0438 \u041c\u0435\u0434\u0432\u0435\u0452a","description":"","publisher":{"@id":"https:\/\/kt.gov.rs\/#organization"},"alternateName":"\u041a\u043e\u043e\u0440\u0434\u0438\u043d\u0430\u0446\u0438\u043e\u043d\u043e \u0442\u0435\u043b\u043e","potentialAction":[{"@type":"SearchAction","target":{"@type":"EntryPoint","urlTemplate":"https:\/\/kt.gov.rs\/?s={search_term_string}"},"query-input":{"@type":"PropertyValueSpecification","valueRequired":true,"valueName":"search_term_string"}}],"inLanguage":"sq-AL"},{"@type":"Organization","@id":"https:\/\/kt.gov.rs\/#organization","name":"\u041a\u043e\u043e\u0440\u0434\u0438\u043d\u0430\u0446\u0438\u043e\u043d\u043e \u0442\u0435\u043b\u043e \u0412\u043b\u0430\u0434\u0435 \u0420\u0435\u043f\u0443\u0431\u043b\u0438\u043a\u0435 \u0421\u0440\u0431\u0438\u0458\u0435 \u0437\u0430 \u043e\u043f\u0448\u0442\u0438\u043d\u0435 \u041f\u0440\u0435\u0448\u0435\u0432\u043e, \u0411\u0443\u0458\u0430\u043d\u043e\u0432\u0430\u0446 \u0438 \u041c\u0435\u0434\u0432\u0435\u0452a","alternateName":"\u041a\u043e\u043e\u0440\u0434\u0438\u043d\u0430\u0446\u0438\u043e\u043d\u043e \u0442\u0435\u043b\u043e","url":"https:\/\/kt.gov.rs\/","logo":{"@type":"ImageObject","inLanguage":"sq-AL","@id":"https:\/\/kt.gov.rs\/#\/schema\/logo\/image\/","url":"https:\/\/kt.gov.rs\/wp-content\/uploads\/2024\/12\/koord2.jpg","contentUrl":"https:\/\/kt.gov.rs\/wp-content\/uploads\/2024\/12\/koord2.jpg","width":640,"height":480,"caption":"\u041a\u043e\u043e\u0440\u0434\u0438\u043d\u0430\u0446\u0438\u043e\u043d\u043e \u0442\u0435\u043b\u043e \u0412\u043b\u0430\u0434\u0435 \u0420\u0435\u043f\u0443\u0431\u043b\u0438\u043a\u0435 \u0421\u0440\u0431\u0438\u0458\u0435 \u0437\u0430 \u043e\u043f\u0448\u0442\u0438\u043d\u0435 \u041f\u0440\u0435\u0448\u0435\u0432\u043e, \u0411\u0443\u0458\u0430\u043d\u043e\u0432\u0430\u0446 \u0438 \u041c\u0435\u0434\u0432\u0435\u0452a"},"image":{"@id":"https:\/\/kt.gov.rs\/#\/schema\/logo\/image\/"},"sameAs":["https:\/\/www.facebook.com\/SluzbaKoordinacionogTelaVladeRepublikeSrbije","https:\/\/x.com\/kt_gov","https:\/\/www.youtube.com\/@koordinacionotelo"]},{"@type":"Person","@id":"https:\/\/kt.gov.rs\/#\/schema\/person\/e426459ddb4173309103390602694571","name":"ktmin","image":{"@type":"ImageObject","inLanguage":"sq-AL","@id":"https:\/\/secure.gravatar.com\/avatar\/3985c961109853010c3fbc7ba30365bfba5db3dd6c525831d9c595c7525a615a?s=96&d=mm&r=g","url":"https:\/\/secure.gravatar.com\/avatar\/3985c961109853010c3fbc7ba30365bfba5db3dd6c525831d9c595c7525a615a?s=96&d=mm&r=g","contentUrl":"https:\/\/secure.gravatar.com\/avatar\/3985c961109853010c3fbc7ba30365bfba5db3dd6c525831d9c595c7525a615a?s=96&d=mm&r=g","caption":"ktmin"},"sameAs":["https:\/\/kt.gov.rs"],"url":"https:\/\/kt.gov.rs\/sq\/author\/ktmin\/"}]}},"_links":{"self":[{"href":"https:\/\/kt.gov.rs\/sq\/wp-json\/wp\/v2\/posts\/140230","targetHints":{"allow":["GET"]}}],"collection":[{"href":"https:\/\/kt.gov.rs\/sq\/wp-json\/wp\/v2\/posts"}],"about":[{"href":"https:\/\/kt.gov.rs\/sq\/wp-json\/wp\/v2\/types\/post"}],"author":[{"embeddable":true,"href":"https:\/\/kt.gov.rs\/sq\/wp-json\/wp\/v2\/users\/1"}],"replies":[{"embeddable":true,"href":"https:\/\/kt.gov.rs\/sq\/wp-json\/wp\/v2\/comments?post=140230"}],"version-history":[{"count":1,"href":"https:\/\/kt.gov.rs\/sq\/wp-json\/wp\/v2\/posts\/140230\/revisions"}],"predecessor-version":[{"id":140234,"href":"https:\/\/kt.gov.rs\/sq\/wp-json\/wp\/v2\/posts\/140230\/revisions\/140234"}],"wp:featuredmedia":[{"embeddable":true,"href":"https:\/\/kt.gov.rs\/sq\/wp-json\/wp\/v2\/media\/140235"}],"wp:attachment":[{"href":"https:\/\/kt.gov.rs\/sq\/wp-json\/wp\/v2\/media?parent=140230"}],"wp:term":[{"taxonomy":"category","embeddable":true,"href":"https:\/\/kt.gov.rs\/sq\/wp-json\/wp\/v2\/categories?post=140230"},{"taxonomy":"post_tag","embeddable":true,"href":"https:\/\/kt.gov.rs\/sq\/wp-json\/wp\/v2\/tags?post=140230"}],"curies":[{"name":"wp","href":"https:\/\/api.w.org\/{rel}","templated":true}]}}