{"id":140222,"date":"2013-10-28T00:00:00","date_gmt":"2013-10-28T00:00:00","guid":{"rendered":"http:\/\/kt.printandscreen.rs\/stankoviqi-emri-i-i-njohur-i-vrasesit-te-policit\/"},"modified":"2024-07-30T20:14:39","modified_gmt":"2024-07-30T20:14:39","slug":"stankoviqi-emri-i-i-njohur-i-vrasesit-te-policit","status":"publish","type":"post","link":"https:\/\/kt.gov.rs\/sq\/stankoviqi-emri-i-i-njohur-i-vrasesit-te-policit\/","title":{"rendered":"STANKOVIQI: EMRI I I NJOHUR I VRAS\u00cbSIT T\u00cb POLICIT"},"content":{"rendered":"<p>\n\t<strong><img decoding=\"async\" alt=\"\" src=\"https:\/\/kt.gov.rs\/wp-content\/uploads\/2024\/07\/newspic309v-4.jpg\" style=\"width: 315px; height: 220px; float: left;\" \/>Beograd<\/strong><strong> \u2013 <\/strong>Zoran Stankoviq, kryetar i Trupit koordinues p\u00ebr komun\u00ebn Preshev, Bujanoc dhe Medvegj\u00eb, ka deklaruar se pret burgosjen e njeriut q\u00eb e vrau policin Goran Gjorgjeviqin, q\u00eb \u00ebsht\u00eb emri i njohur dhe q\u00eb ai gjindet n\u00eb Kosov\u00eb dhe Metohi.<\/p>\n<p>\n\t\u201c\u00cbsht\u00eb emri i njohur i vozitsit i cili e ka vrar\u00eb policin Goran Gjorgjeviqin te T\u00ebrrnovci i Madh\u00eb dhe tash vet\u00ebm pritet burgosja e atij personit p\u00ebr t\u00eb cilin dihet q\u00eb ka kaluar n\u00eb teritorin e Kosov\u00ebs dhe Metohis\u00eb\u201d , ka th\u00ebn\u00eb Stankoviqi.<\/p>\n<p>\n\tStankoviqi mysafir n\u00eb RTS, ka p\u00ebrkujtuar se \u00ebsht\u00eb burgosur pasagjeri q\u00eb ishte n\u00eb makin\u00ebn q\u00eb e ka goditur Gjorgjeviqit, si dhe makina \u00ebsht\u00eb gjetur. Duke folur p\u00ebr informacionet se policia nuk hy n\u00eb T\u00ebrrnocin e Madh\u00eb, t\u00eb cil\u00ebn ekspert\u00ebt e tregojn\u00eb si stacion\u00eb t\u00eb r\u00ebnd\u00ebsish\u00ebm n\u00eb shp\u00ebrndarjen e drog\u00ebs, Stankoviqi ka p\u00ebrmendur se n\u00eb qendr\u00ebn e T\u00ebrrnocit t\u00eb Madh\u00eb veq disa vite gjendet stacioni policor\u00eb dhe n\u00ebp\u00ebr k\u00ebt\u00eb vend \u00e7do dit\u00eb kalojn\u00eb xhandarmeria dhe strukturat tjera t\u00eb siguris\u00eb. Aj ka shtuar se policia dhe organet e autorizuara t\u00eb siguris\u00eb p\u00ebrcjellin \u00e7ka po ndodh\u00eb n\u00eb at\u00eb vend dhe v\u00ebrteton q\u00eb \u201cnuk ka asnj\u00eb pjes\u00eb t\u00eb teritorit t\u00eb cil\u00ebn ata nuk munden me vizitu dhe q\u00eb nuk munden me intervenu\u201d . Stankoviqi ka ve\u00e7uar se nuk jan\u00eb t\u00eb gjith\u00eb banor\u00ebt e T\u00ebrrnocit t\u00eb Madh\u00eb shit\u00ebs droge dhe q\u00eb policai i ka t\u00eb dh\u00ebnat n\u00eb lidhje me k\u00ebt\u00eb \u201ckush jan\u00eb ata njerz\u00eb q\u00eb l\u00ebvizin n\u00eb an\u00ebn tjeter t\u00eb ligjit\u201d.<\/p>\n<p>\n\t\u201cMigjithat\u00eb ata jan\u00eb shum\u00eb mire t\u00eb organizuar dhe shum\u00eb mire t\u00eb pajisur, por ne patjet\u00ebr duhet ta b\u00ebjm\u00eb edhe me policin\u00eb ton\u00eb dhe me strukturat e siguris\u00eb sepse i bie q\u00eb ndonj\u00ebher ata jan\u00eb shum\u00eb m\u00eb mir\u00eb t\u00eb organizuar dhe m\u00eb mire t\u00eb p\u00ebrgatitur\u201d, ka th\u00ebn\u00eb Stankoviqi.\u00a0<\/p>\n<p>\n\tAj ka theksuar dhe pjestar\u00ebt e strukturav\u00eb t\u00eb siguris\u00eb i burgosin ata njerz, por rezultatet pozitive t\u00eb k\u00ebtyre nuk jan\u00eb prezent n\u00eb publik. I pyetur a do t\u00eb lejojn\u00eb organet shtetrore p\u00ebrfaqsuesve qeveritar t\u00eb Kosov\u00ebs dhe Metohis t\u00eb vizitojn\u00eb komunat n\u00eb jug t\u00eb Serbis\u00eb, kryetari i Trupit koordinues ka th\u00ebn\u00eb q\u00eb kjo pyetje \u00ebsht\u00eb n\u00eb\u00a0 juridiksionin e ministrit pa portofol Alaksandar Vullin dhe Zyr\u00ebs p\u00ebr Kosov dhe Metohi.<\/p>\n<p>\n\t\u201cAta jan\u00eb ata t\u00eb cil\u00ebt s\u00eb bashku me organet tjera shtetrore e vlersojn\u00eb q\u00eb a mund\u00eb vizita e ndokujt\u00eb ta bjer deri te ndonj\u00eb pad\u00ebshir, ose ndonj\u00eb aktivitet q\u00eb nuk jan\u00eb t\u00eb pajtueshme me Kushtetut\u00ebn ton\u00eb, ligjet ose t\u00eb drejtat e pakicave\u201d, ka theksuar Stankoviq dhe ka v\u00ebrtetuar qe ato vizita ende nuk jan\u00eb t\u00eb miratuara.<\/p>\n<p>\n\tSaj p\u00ebr k\u00ebt\u00eb vizit\u00ebs t\u00eb paralajmruar komunave n\u00eb jug t\u00eb S\u00ebrbis\u00eb ministrja e sh\u00ebndetsis Sllavica Gjukiq Dejanoviq, Stankoviqi ka th\u00ebn\u00eb q\u00eb vizita e saj \u00ebsht\u00eb fillimi i realizimit Raportit qeveritar nga shtat\u00eb pikat ku jan\u00eb caktuar temat p\u00ebr bised me p\u00ebrfaqsuesit shqiptar t\u00eb partive politike. Aj ka th\u00ebn\u00eb q\u00eb tema e bisedimeve do t\u00eb jet\u00eb fillim i pun\u00ebs s\u00eb maternitetit n\u00eb Preshev\u00eb, formimin e institucioneve t\u00eb cilat do t\u00eb merren me personat p\u00ebr nevoja t\u00eb ve\u00e7anta, specializime dhe kuadro,\u00a0 duke pasur parasysh q\u00eb ministrja m\u00eb s\u00eb pari do t\u00eb bisedoj me drejtorat e sht\u00ebpive t\u00eb sh\u00ebndetit q\u00eb jan\u00eb n\u00eb hapsirat e tri komunave dhe me drejtorin e qendr\u00ebs s\u00eb mjeksis n\u00eb Vranj\u00eb.<\/p>\n<p>\n\tDuke folur rreth paknaqsive t\u00eb disa Serbve nga jugu i S\u00ebrbis\u00eb, si\u00e7 e vlersojn\u00eb, mir\u00ebdash\u00ebsin\u00eb e raporteve qeveritare ndaj Shqiptarve, Stankoviqi p\u00ebrkujton se shteti e ka marr\u00eb obligim ndaj bashk\u00ebsis\u00eb nd\u00ebrkombtare dhe ndaj nacionaliteti t\u00eb pakicave shqiptare dhe k\u00ebto marveshje duhen t\u00eb realizohen.<\/p>\n<p>\n\t<strong>Burimi: Tanjug dhe Trupi Koordinues<\/strong><\/p>\n<p>\n\t\u00a0<\/p>\n","protected":false},"excerpt":{"rendered":"<p>Beograd \u2013 Zoran Stankoviq, kryetar i Trupit koordinues p\u00ebr komun\u00ebn Preshev, Bujanoc dhe Medvegj\u00eb, ka deklaruar se pret burgosjen e njeriut q\u00eb e vrau policin Goran Gjorgjeviqin, q\u00eb \u00ebsht\u00eb emri i njohur dhe q\u00eb ai gjindet n\u00eb Kosov\u00eb dhe Metohi.<\/p>\n","protected":false},"author":1,"featured_media":140227,"comment_status":"closed","ping_status":"closed","sticky":false,"template":"","format":"standard","meta":{"footnotes":""},"categories":[55],"tags":[],"class_list":["post-140222","post","type-post","status-publish","format-standard","has-post-thumbnail","hentry","category-lajme"],"yoast_head":"<!-- This site is optimized with the Yoast SEO plugin v27.5 - https:\/\/yoast.com\/product\/yoast-seo-wordpress\/ -->\n<title>STANKOVIQI: EMRI I I NJOHUR I VRAS\u00cbSIT T\u00cb POLICIT - Republika e S\u00ebrbis\u00eb Trupi Koordinues p\u00ebr komunat Bujanoc, Preshev\u00eb dhe Medvegj\u00eb<\/title>\n<meta name=\"robots\" content=\"index, follow, max-snippet:-1, max-image-preview:large, max-video-preview:-1\" \/>\n<link rel=\"canonical\" href=\"https:\/\/kt.gov.rs\/sq\/stankoviqi-emri-i-i-njohur-i-vrasesit-te-policit\/\" \/>\n<meta property=\"og:locale\" content=\"sq_AL\" \/>\n<meta property=\"og:type\" content=\"article\" \/>\n<meta property=\"og:title\" content=\"STANKOVIQI: EMRI I I NJOHUR I VRAS\u00cbSIT T\u00cb POLICIT - Republika e S\u00ebrbis\u00eb Trupi Koordinues p\u00ebr komunat Bujanoc, Preshev\u00eb dhe Medvegj\u00eb\" \/>\n<meta property=\"og:description\" content=\"Beograd \u2013 Zoran Stankoviq, kryetar i Trupit koordinues p\u00ebr komun\u00ebn Preshev, Bujanoc dhe Medvegj\u00eb, ka deklaruar se pret burgosjen e njeriut q\u00eb e vrau policin Goran Gjorgjeviqin, q\u00eb \u00ebsht\u00eb emri i njohur dhe q\u00eb ai gjindet n\u00eb Kosov\u00eb dhe Metohi.\" \/>\n<meta property=\"og:url\" content=\"https:\/\/kt.gov.rs\/sq\/stankoviqi-emri-i-i-njohur-i-vrasesit-te-policit\/\" \/>\n<meta property=\"og:site_name\" content=\"Republika e S\u00ebrbis\u00eb Trupi Koordinues p\u00ebr komunat Bujanoc, Preshev\u00eb dhe Medvegj\u00eb\" \/>\n<meta property=\"article:publisher\" content=\"https:\/\/www.facebook.com\/SluzbaKoordinacionogTelaVladeRepublikeSrbije\" \/>\n<meta property=\"article:published_time\" content=\"2013-10-28T00:00:00+00:00\" \/>\n<meta property=\"article:modified_time\" content=\"2024-07-30T20:14:39+00:00\" \/>\n<meta property=\"og:image\" content=\"https:\/\/kt.gov.rs\/wp-content\/uploads\/2024\/07\/newspic309v-5.jpg\" \/>\n\t<meta property=\"og:image:width\" content=\"315\" \/>\n\t<meta property=\"og:image:height\" content=\"220\" \/>\n\t<meta property=\"og:image:type\" content=\"image\/jpeg\" \/>\n<meta name=\"author\" content=\"ktmin\" \/>\n<meta name=\"twitter:card\" content=\"summary_large_image\" \/>\n<meta name=\"twitter:creator\" content=\"@kt_gov\" \/>\n<meta name=\"twitter:site\" content=\"@kt_gov\" \/>\n<meta name=\"twitter:label1\" content=\"Written by\" \/>\n\t<meta name=\"twitter:data1\" content=\"ktmin\" \/>\n\t<meta name=\"twitter:label2\" content=\"Est. reading time\" \/>\n\t<meta name=\"twitter:data2\" content=\"4 minutes\" \/>\n<script type=\"application\/ld+json\" class=\"yoast-schema-graph\">{\"@context\":\"https:\\\/\\\/schema.org\",\"@graph\":[{\"@type\":\"Article\",\"@id\":\"https:\\\/\\\/kt.gov.rs\\\/sq\\\/stankoviqi-emri-i-i-njohur-i-vrasesit-te-policit\\\/#article\",\"isPartOf\":{\"@id\":\"https:\\\/\\\/kt.gov.rs\\\/sq\\\/stankoviqi-emri-i-i-njohur-i-vrasesit-te-policit\\\/\"},\"author\":{\"name\":\"ktmin\",\"@id\":\"https:\\\/\\\/kt.gov.rs\\\/#\\\/schema\\\/person\\\/e426459ddb4173309103390602694571\"},\"headline\":\"STANKOVIQI: EMRI I I NJOHUR I VRAS\u00cbSIT T\u00cb POLICIT\",\"datePublished\":\"2013-10-28T00:00:00+00:00\",\"dateModified\":\"2024-07-30T20:14:39+00:00\",\"mainEntityOfPage\":{\"@id\":\"https:\\\/\\\/kt.gov.rs\\\/sq\\\/stankoviqi-emri-i-i-njohur-i-vrasesit-te-policit\\\/\"},\"wordCount\":902,\"publisher\":{\"@id\":\"https:\\\/\\\/kt.gov.rs\\\/#organization\"},\"image\":{\"@id\":\"https:\\\/\\\/kt.gov.rs\\\/sq\\\/stankoviqi-emri-i-i-njohur-i-vrasesit-te-policit\\\/#primaryimage\"},\"thumbnailUrl\":\"https:\\\/\\\/kt.gov.rs\\\/wp-content\\\/uploads\\\/2024\\\/07\\\/newspic309v-5.jpg\",\"articleSection\":[\"Lajme\"],\"inLanguage\":\"sq-AL\"},{\"@type\":\"WebPage\",\"@id\":\"https:\\\/\\\/kt.gov.rs\\\/sq\\\/stankoviqi-emri-i-i-njohur-i-vrasesit-te-policit\\\/\",\"url\":\"https:\\\/\\\/kt.gov.rs\\\/sq\\\/stankoviqi-emri-i-i-njohur-i-vrasesit-te-policit\\\/\",\"name\":\"STANKOVIQI: EMRI I I NJOHUR I VRAS\u00cbSIT T\u00cb POLICIT - Republika e S\u00ebrbis\u00eb Trupi Koordinues p\u00ebr komunat Bujanoc, Preshev\u00eb dhe Medvegj\u00eb\",\"isPartOf\":{\"@id\":\"https:\\\/\\\/kt.gov.rs\\\/#website\"},\"primaryImageOfPage\":{\"@id\":\"https:\\\/\\\/kt.gov.rs\\\/sq\\\/stankoviqi-emri-i-i-njohur-i-vrasesit-te-policit\\\/#primaryimage\"},\"image\":{\"@id\":\"https:\\\/\\\/kt.gov.rs\\\/sq\\\/stankoviqi-emri-i-i-njohur-i-vrasesit-te-policit\\\/#primaryimage\"},\"thumbnailUrl\":\"https:\\\/\\\/kt.gov.rs\\\/wp-content\\\/uploads\\\/2024\\\/07\\\/newspic309v-5.jpg\",\"datePublished\":\"2013-10-28T00:00:00+00:00\",\"dateModified\":\"2024-07-30T20:14:39+00:00\",\"breadcrumb\":{\"@id\":\"https:\\\/\\\/kt.gov.rs\\\/sq\\\/stankoviqi-emri-i-i-njohur-i-vrasesit-te-policit\\\/#breadcrumb\"},\"inLanguage\":\"sq-AL\",\"potentialAction\":[{\"@type\":\"ReadAction\",\"target\":[\"https:\\\/\\\/kt.gov.rs\\\/sq\\\/stankoviqi-emri-i-i-njohur-i-vrasesit-te-policit\\\/\"]}]},{\"@type\":\"ImageObject\",\"inLanguage\":\"sq-AL\",\"@id\":\"https:\\\/\\\/kt.gov.rs\\\/sq\\\/stankoviqi-emri-i-i-njohur-i-vrasesit-te-policit\\\/#primaryimage\",\"url\":\"https:\\\/\\\/kt.gov.rs\\\/wp-content\\\/uploads\\\/2024\\\/07\\\/newspic309v-5.jpg\",\"contentUrl\":\"https:\\\/\\\/kt.gov.rs\\\/wp-content\\\/uploads\\\/2024\\\/07\\\/newspic309v-5.jpg\",\"width\":315,\"height\":220},{\"@type\":\"BreadcrumbList\",\"@id\":\"https:\\\/\\\/kt.gov.rs\\\/sq\\\/stankoviqi-emri-i-i-njohur-i-vrasesit-te-policit\\\/#breadcrumb\",\"itemListElement\":[{\"@type\":\"ListItem\",\"position\":1,\"name\":\"\u041f\u043e\u0447\u0435\u0442\u043d\u0430\",\"item\":\"https:\\\/\\\/kt.gov.rs\\\/sq\\\/\"},{\"@type\":\"ListItem\",\"position\":2,\"name\":\"STANKOVIQI: EMRI I I NJOHUR I VRAS\u00cbSIT T\u00cb POLICIT\"}]},{\"@type\":\"WebSite\",\"@id\":\"https:\\\/\\\/kt.gov.rs\\\/#website\",\"url\":\"https:\\\/\\\/kt.gov.rs\\\/\",\"name\":\"\u041a\u043e\u043e\u0440\u0434\u0438\u043d\u0430\u0446\u0438\u043e\u043d\u043e \u0442\u0435\u043b\u043e \u0412\u043b\u0430\u0434\u0435 \u0420\u0435\u043f\u0443\u0431\u043b\u0438\u043a\u0435 \u0421\u0440\u0431\u0438\u0458\u0435 \u0437\u0430 \u043e\u043f\u0448\u0442\u0438\u043d\u0435 \u041f\u0440\u0435\u0448\u0435\u0432\u043e, \u0411\u0443\u0458\u0430\u043d\u043e\u0432\u0430\u0446 \u0438 \u041c\u0435\u0434\u0432\u0435\u0452a\",\"description\":\"\",\"publisher\":{\"@id\":\"https:\\\/\\\/kt.gov.rs\\\/#organization\"},\"alternateName\":\"\u041a\u043e\u043e\u0440\u0434\u0438\u043d\u0430\u0446\u0438\u043e\u043d\u043e \u0442\u0435\u043b\u043e\",\"potentialAction\":[{\"@type\":\"SearchAction\",\"target\":{\"@type\":\"EntryPoint\",\"urlTemplate\":\"https:\\\/\\\/kt.gov.rs\\\/?s={search_term_string}\"},\"query-input\":{\"@type\":\"PropertyValueSpecification\",\"valueRequired\":true,\"valueName\":\"search_term_string\"}}],\"inLanguage\":\"sq-AL\"},{\"@type\":\"Organization\",\"@id\":\"https:\\\/\\\/kt.gov.rs\\\/#organization\",\"name\":\"\u041a\u043e\u043e\u0440\u0434\u0438\u043d\u0430\u0446\u0438\u043e\u043d\u043e \u0442\u0435\u043b\u043e \u0412\u043b\u0430\u0434\u0435 \u0420\u0435\u043f\u0443\u0431\u043b\u0438\u043a\u0435 \u0421\u0440\u0431\u0438\u0458\u0435 \u0437\u0430 \u043e\u043f\u0448\u0442\u0438\u043d\u0435 \u041f\u0440\u0435\u0448\u0435\u0432\u043e, \u0411\u0443\u0458\u0430\u043d\u043e\u0432\u0430\u0446 \u0438 \u041c\u0435\u0434\u0432\u0435\u0452a\",\"alternateName\":\"\u041a\u043e\u043e\u0440\u0434\u0438\u043d\u0430\u0446\u0438\u043e\u043d\u043e \u0442\u0435\u043b\u043e\",\"url\":\"https:\\\/\\\/kt.gov.rs\\\/\",\"logo\":{\"@type\":\"ImageObject\",\"inLanguage\":\"sq-AL\",\"@id\":\"https:\\\/\\\/kt.gov.rs\\\/#\\\/schema\\\/logo\\\/image\\\/\",\"url\":\"https:\\\/\\\/kt.gov.rs\\\/wp-content\\\/uploads\\\/2024\\\/12\\\/koord2.jpg\",\"contentUrl\":\"https:\\\/\\\/kt.gov.rs\\\/wp-content\\\/uploads\\\/2024\\\/12\\\/koord2.jpg\",\"width\":640,\"height\":480,\"caption\":\"\u041a\u043e\u043e\u0440\u0434\u0438\u043d\u0430\u0446\u0438\u043e\u043d\u043e \u0442\u0435\u043b\u043e \u0412\u043b\u0430\u0434\u0435 \u0420\u0435\u043f\u0443\u0431\u043b\u0438\u043a\u0435 \u0421\u0440\u0431\u0438\u0458\u0435 \u0437\u0430 \u043e\u043f\u0448\u0442\u0438\u043d\u0435 \u041f\u0440\u0435\u0448\u0435\u0432\u043e, \u0411\u0443\u0458\u0430\u043d\u043e\u0432\u0430\u0446 \u0438 \u041c\u0435\u0434\u0432\u0435\u0452a\"},\"image\":{\"@id\":\"https:\\\/\\\/kt.gov.rs\\\/#\\\/schema\\\/logo\\\/image\\\/\"},\"sameAs\":[\"https:\\\/\\\/www.facebook.com\\\/SluzbaKoordinacionogTelaVladeRepublikeSrbije\",\"https:\\\/\\\/x.com\\\/kt_gov\",\"https:\\\/\\\/www.youtube.com\\\/@koordinacionotelo\"]},{\"@type\":\"Person\",\"@id\":\"https:\\\/\\\/kt.gov.rs\\\/#\\\/schema\\\/person\\\/e426459ddb4173309103390602694571\",\"name\":\"ktmin\",\"image\":{\"@type\":\"ImageObject\",\"inLanguage\":\"sq-AL\",\"@id\":\"https:\\\/\\\/secure.gravatar.com\\\/avatar\\\/3985c961109853010c3fbc7ba30365bfba5db3dd6c525831d9c595c7525a615a?s=96&d=mm&r=g\",\"url\":\"https:\\\/\\\/secure.gravatar.com\\\/avatar\\\/3985c961109853010c3fbc7ba30365bfba5db3dd6c525831d9c595c7525a615a?s=96&d=mm&r=g\",\"contentUrl\":\"https:\\\/\\\/secure.gravatar.com\\\/avatar\\\/3985c961109853010c3fbc7ba30365bfba5db3dd6c525831d9c595c7525a615a?s=96&d=mm&r=g\",\"caption\":\"ktmin\"},\"sameAs\":[\"https:\\\/\\\/kt.gov.rs\"],\"url\":\"https:\\\/\\\/kt.gov.rs\\\/sq\\\/author\\\/ktmin\\\/\"}]}<\/script>\n<!-- \/ Yoast SEO plugin. -->","yoast_head_json":{"title":"STANKOVIQI: EMRI I I NJOHUR I VRAS\u00cbSIT T\u00cb POLICIT - Republika e S\u00ebrbis\u00eb Trupi Koordinues p\u00ebr komunat Bujanoc, Preshev\u00eb dhe Medvegj\u00eb","robots":{"index":"index","follow":"follow","max-snippet":"max-snippet:-1","max-image-preview":"max-image-preview:large","max-video-preview":"max-video-preview:-1"},"canonical":"https:\/\/kt.gov.rs\/sq\/stankoviqi-emri-i-i-njohur-i-vrasesit-te-policit\/","og_locale":"sq_AL","og_type":"article","og_title":"STANKOVIQI: EMRI I I NJOHUR I VRAS\u00cbSIT T\u00cb POLICIT - Republika e S\u00ebrbis\u00eb Trupi Koordinues p\u00ebr komunat Bujanoc, Preshev\u00eb dhe Medvegj\u00eb","og_description":"Beograd \u2013 Zoran Stankoviq, kryetar i Trupit koordinues p\u00ebr komun\u00ebn Preshev, Bujanoc dhe Medvegj\u00eb, ka deklaruar se pret burgosjen e njeriut q\u00eb e vrau policin Goran Gjorgjeviqin, q\u00eb \u00ebsht\u00eb emri i njohur dhe q\u00eb ai gjindet n\u00eb Kosov\u00eb dhe Metohi.","og_url":"https:\/\/kt.gov.rs\/sq\/stankoviqi-emri-i-i-njohur-i-vrasesit-te-policit\/","og_site_name":"Republika e S\u00ebrbis\u00eb Trupi Koordinues p\u00ebr komunat Bujanoc, Preshev\u00eb dhe Medvegj\u00eb","article_publisher":"https:\/\/www.facebook.com\/SluzbaKoordinacionogTelaVladeRepublikeSrbije","article_published_time":"2013-10-28T00:00:00+00:00","article_modified_time":"2024-07-30T20:14:39+00:00","og_image":[{"width":315,"height":220,"url":"https:\/\/kt.gov.rs\/wp-content\/uploads\/2024\/07\/newspic309v-5.jpg","type":"image\/jpeg"}],"author":"ktmin","twitter_card":"summary_large_image","twitter_creator":"@kt_gov","twitter_site":"@kt_gov","twitter_misc":{"Written by":"ktmin","Est. reading time":"4 minutes"},"schema":{"@context":"https:\/\/schema.org","@graph":[{"@type":"Article","@id":"https:\/\/kt.gov.rs\/sq\/stankoviqi-emri-i-i-njohur-i-vrasesit-te-policit\/#article","isPartOf":{"@id":"https:\/\/kt.gov.rs\/sq\/stankoviqi-emri-i-i-njohur-i-vrasesit-te-policit\/"},"author":{"name":"ktmin","@id":"https:\/\/kt.gov.rs\/#\/schema\/person\/e426459ddb4173309103390602694571"},"headline":"STANKOVIQI: EMRI I I NJOHUR I VRAS\u00cbSIT T\u00cb POLICIT","datePublished":"2013-10-28T00:00:00+00:00","dateModified":"2024-07-30T20:14:39+00:00","mainEntityOfPage":{"@id":"https:\/\/kt.gov.rs\/sq\/stankoviqi-emri-i-i-njohur-i-vrasesit-te-policit\/"},"wordCount":902,"publisher":{"@id":"https:\/\/kt.gov.rs\/#organization"},"image":{"@id":"https:\/\/kt.gov.rs\/sq\/stankoviqi-emri-i-i-njohur-i-vrasesit-te-policit\/#primaryimage"},"thumbnailUrl":"https:\/\/kt.gov.rs\/wp-content\/uploads\/2024\/07\/newspic309v-5.jpg","articleSection":["Lajme"],"inLanguage":"sq-AL"},{"@type":"WebPage","@id":"https:\/\/kt.gov.rs\/sq\/stankoviqi-emri-i-i-njohur-i-vrasesit-te-policit\/","url":"https:\/\/kt.gov.rs\/sq\/stankoviqi-emri-i-i-njohur-i-vrasesit-te-policit\/","name":"STANKOVIQI: EMRI I I NJOHUR I VRAS\u00cbSIT T\u00cb POLICIT - Republika e S\u00ebrbis\u00eb Trupi Koordinues p\u00ebr komunat Bujanoc, Preshev\u00eb dhe Medvegj\u00eb","isPartOf":{"@id":"https:\/\/kt.gov.rs\/#website"},"primaryImageOfPage":{"@id":"https:\/\/kt.gov.rs\/sq\/stankoviqi-emri-i-i-njohur-i-vrasesit-te-policit\/#primaryimage"},"image":{"@id":"https:\/\/kt.gov.rs\/sq\/stankoviqi-emri-i-i-njohur-i-vrasesit-te-policit\/#primaryimage"},"thumbnailUrl":"https:\/\/kt.gov.rs\/wp-content\/uploads\/2024\/07\/newspic309v-5.jpg","datePublished":"2013-10-28T00:00:00+00:00","dateModified":"2024-07-30T20:14:39+00:00","breadcrumb":{"@id":"https:\/\/kt.gov.rs\/sq\/stankoviqi-emri-i-i-njohur-i-vrasesit-te-policit\/#breadcrumb"},"inLanguage":"sq-AL","potentialAction":[{"@type":"ReadAction","target":["https:\/\/kt.gov.rs\/sq\/stankoviqi-emri-i-i-njohur-i-vrasesit-te-policit\/"]}]},{"@type":"ImageObject","inLanguage":"sq-AL","@id":"https:\/\/kt.gov.rs\/sq\/stankoviqi-emri-i-i-njohur-i-vrasesit-te-policit\/#primaryimage","url":"https:\/\/kt.gov.rs\/wp-content\/uploads\/2024\/07\/newspic309v-5.jpg","contentUrl":"https:\/\/kt.gov.rs\/wp-content\/uploads\/2024\/07\/newspic309v-5.jpg","width":315,"height":220},{"@type":"BreadcrumbList","@id":"https:\/\/kt.gov.rs\/sq\/stankoviqi-emri-i-i-njohur-i-vrasesit-te-policit\/#breadcrumb","itemListElement":[{"@type":"ListItem","position":1,"name":"\u041f\u043e\u0447\u0435\u0442\u043d\u0430","item":"https:\/\/kt.gov.rs\/sq\/"},{"@type":"ListItem","position":2,"name":"STANKOVIQI: EMRI I I NJOHUR I VRAS\u00cbSIT T\u00cb POLICIT"}]},{"@type":"WebSite","@id":"https:\/\/kt.gov.rs\/#website","url":"https:\/\/kt.gov.rs\/","name":"\u041a\u043e\u043e\u0440\u0434\u0438\u043d\u0430\u0446\u0438\u043e\u043d\u043e \u0442\u0435\u043b\u043e \u0412\u043b\u0430\u0434\u0435 \u0420\u0435\u043f\u0443\u0431\u043b\u0438\u043a\u0435 \u0421\u0440\u0431\u0438\u0458\u0435 \u0437\u0430 \u043e\u043f\u0448\u0442\u0438\u043d\u0435 \u041f\u0440\u0435\u0448\u0435\u0432\u043e, \u0411\u0443\u0458\u0430\u043d\u043e\u0432\u0430\u0446 \u0438 \u041c\u0435\u0434\u0432\u0435\u0452a","description":"","publisher":{"@id":"https:\/\/kt.gov.rs\/#organization"},"alternateName":"\u041a\u043e\u043e\u0440\u0434\u0438\u043d\u0430\u0446\u0438\u043e\u043d\u043e \u0442\u0435\u043b\u043e","potentialAction":[{"@type":"SearchAction","target":{"@type":"EntryPoint","urlTemplate":"https:\/\/kt.gov.rs\/?s={search_term_string}"},"query-input":{"@type":"PropertyValueSpecification","valueRequired":true,"valueName":"search_term_string"}}],"inLanguage":"sq-AL"},{"@type":"Organization","@id":"https:\/\/kt.gov.rs\/#organization","name":"\u041a\u043e\u043e\u0440\u0434\u0438\u043d\u0430\u0446\u0438\u043e\u043d\u043e \u0442\u0435\u043b\u043e \u0412\u043b\u0430\u0434\u0435 \u0420\u0435\u043f\u0443\u0431\u043b\u0438\u043a\u0435 \u0421\u0440\u0431\u0438\u0458\u0435 \u0437\u0430 \u043e\u043f\u0448\u0442\u0438\u043d\u0435 \u041f\u0440\u0435\u0448\u0435\u0432\u043e, \u0411\u0443\u0458\u0430\u043d\u043e\u0432\u0430\u0446 \u0438 \u041c\u0435\u0434\u0432\u0435\u0452a","alternateName":"\u041a\u043e\u043e\u0440\u0434\u0438\u043d\u0430\u0446\u0438\u043e\u043d\u043e \u0442\u0435\u043b\u043e","url":"https:\/\/kt.gov.rs\/","logo":{"@type":"ImageObject","inLanguage":"sq-AL","@id":"https:\/\/kt.gov.rs\/#\/schema\/logo\/image\/","url":"https:\/\/kt.gov.rs\/wp-content\/uploads\/2024\/12\/koord2.jpg","contentUrl":"https:\/\/kt.gov.rs\/wp-content\/uploads\/2024\/12\/koord2.jpg","width":640,"height":480,"caption":"\u041a\u043e\u043e\u0440\u0434\u0438\u043d\u0430\u0446\u0438\u043e\u043d\u043e \u0442\u0435\u043b\u043e \u0412\u043b\u0430\u0434\u0435 \u0420\u0435\u043f\u0443\u0431\u043b\u0438\u043a\u0435 \u0421\u0440\u0431\u0438\u0458\u0435 \u0437\u0430 \u043e\u043f\u0448\u0442\u0438\u043d\u0435 \u041f\u0440\u0435\u0448\u0435\u0432\u043e, \u0411\u0443\u0458\u0430\u043d\u043e\u0432\u0430\u0446 \u0438 \u041c\u0435\u0434\u0432\u0435\u0452a"},"image":{"@id":"https:\/\/kt.gov.rs\/#\/schema\/logo\/image\/"},"sameAs":["https:\/\/www.facebook.com\/SluzbaKoordinacionogTelaVladeRepublikeSrbije","https:\/\/x.com\/kt_gov","https:\/\/www.youtube.com\/@koordinacionotelo"]},{"@type":"Person","@id":"https:\/\/kt.gov.rs\/#\/schema\/person\/e426459ddb4173309103390602694571","name":"ktmin","image":{"@type":"ImageObject","inLanguage":"sq-AL","@id":"https:\/\/secure.gravatar.com\/avatar\/3985c961109853010c3fbc7ba30365bfba5db3dd6c525831d9c595c7525a615a?s=96&d=mm&r=g","url":"https:\/\/secure.gravatar.com\/avatar\/3985c961109853010c3fbc7ba30365bfba5db3dd6c525831d9c595c7525a615a?s=96&d=mm&r=g","contentUrl":"https:\/\/secure.gravatar.com\/avatar\/3985c961109853010c3fbc7ba30365bfba5db3dd6c525831d9c595c7525a615a?s=96&d=mm&r=g","caption":"ktmin"},"sameAs":["https:\/\/kt.gov.rs"],"url":"https:\/\/kt.gov.rs\/sq\/author\/ktmin\/"}]}},"_links":{"self":[{"href":"https:\/\/kt.gov.rs\/sq\/wp-json\/wp\/v2\/posts\/140222","targetHints":{"allow":["GET"]}}],"collection":[{"href":"https:\/\/kt.gov.rs\/sq\/wp-json\/wp\/v2\/posts"}],"about":[{"href":"https:\/\/kt.gov.rs\/sq\/wp-json\/wp\/v2\/types\/post"}],"author":[{"embeddable":true,"href":"https:\/\/kt.gov.rs\/sq\/wp-json\/wp\/v2\/users\/1"}],"replies":[{"embeddable":true,"href":"https:\/\/kt.gov.rs\/sq\/wp-json\/wp\/v2\/comments?post=140222"}],"version-history":[{"count":1,"href":"https:\/\/kt.gov.rs\/sq\/wp-json\/wp\/v2\/posts\/140222\/revisions"}],"predecessor-version":[{"id":140226,"href":"https:\/\/kt.gov.rs\/sq\/wp-json\/wp\/v2\/posts\/140222\/revisions\/140226"}],"wp:featuredmedia":[{"embeddable":true,"href":"https:\/\/kt.gov.rs\/sq\/wp-json\/wp\/v2\/media\/140227"}],"wp:attachment":[{"href":"https:\/\/kt.gov.rs\/sq\/wp-json\/wp\/v2\/media?parent=140222"}],"wp:term":[{"taxonomy":"category","embeddable":true,"href":"https:\/\/kt.gov.rs\/sq\/wp-json\/wp\/v2\/categories?post=140222"},{"taxonomy":"post_tag","embeddable":true,"href":"https:\/\/kt.gov.rs\/sq\/wp-json\/wp\/v2\/tags?post=140222"}],"curies":[{"name":"wp","href":"https:\/\/api.w.org\/{rel}","templated":true}]}}