{"id":140214,"date":"2013-10-28T00:00:00","date_gmt":"2013-10-28T00:00:00","guid":{"rendered":"http:\/\/kt.printandscreen.rs\/u-mbajt-ora-olimpike-ne-bujanoc\/"},"modified":"2024-07-30T20:14:38","modified_gmt":"2024-07-30T20:14:38","slug":"u-mbajt-ora-olimpike-ne-bujanoc","status":"publish","type":"post","link":"https:\/\/kt.gov.rs\/sq\/u-mbajt-ora-olimpike-ne-bujanoc\/","title":{"rendered":"U MBAJT \u201eORA OLIMPIKE\u201c N\u00cb BUJANOC"},"content":{"rendered":"<p>\n\t<img decoding=\"async\" alt=\"\" src=\"https:\/\/kt.gov.rs\/wp-content\/uploads\/2024\/07\/newspic310v-4.jpg\" style=\"width: 315px; height: 180px; float: left;\" \/>Komiteti Olimpik i Serbis\u00eb dhe Fondi i sportit dhe olimpizmit, n\u00eb bashkpunim me Sh\u00ebrbimin e Trupit Koordinues t\u00eb Qeveris Republik\u00ebs Serbis\u00eb p\u00ebr komunat Preshev\u00eb, Bujanoc dhe Medvegj\u00eb dhe komun\u00ebn e Bujanocit, kan\u00eb organizuar\u00a0 \u201cOr\u00ebn Olimpike\u201d , me q\u00ebllim q\u00eb ti tregojn\u00eb f\u00ebmij\u00ebve q\u00eb sa \u00ebsht\u00eb e r\u00ebnd\u00ebsishme me u marr\u00eb me sport, zhvillimin e aft\u00ebsive dhe njohurive, guximin, shoq\u00ebrimin dhe shpirtin ekipor.<\/p>\n<p>\n\tKryetari I Trupit Koordinues p\u00ebr komunat Preshev\u00eb, Bujanoc dhe Medvegj\u00eb, Zoran Stankoviq, ka shprehur k\u00ebnaq\u00ebsin q\u00eb f\u00ebmij\u00ebt e Bujanocit kan\u00eb pasur mund\u00ebsin q\u00eb t\u00eb m\u00ebsojn\u00eb di\u00e7ka p\u00ebr vlerat e v\u00ebrteta dhe t\u00eb njoftohen me idhujt e tyre :<\/p>\n<p>\n\t\u00a0\u201cNdihem mir\u00eb q\u00eb i kemi mysafir basketbollistin e famsh\u00ebm nj\u00ebherit kryetarin Komitetit Olimpik t\u00eb Serbis\u00eb Vlade Divacin\u00a0 si dhe vaterpollistin Milosh Gjuk. Shpresoj q\u00eb t\u00eb gjith\u00eb q\u00eb sot jan\u00eb k\u00ebtu do t\u00eb m\u00ebsojn di\u00e7ka t\u00eb dobishme dhe interesante dhe q\u00eb n\u00eb t\u00eb ardhmen disa prej tyre do t\u00eb b\u00ebhen shampiona t\u00eb m\u00ebdhenj\u201d<\/p>\n<p>\n\tKryetari i komun\u00ebs s\u00eb Bujanocit, Nagip Arifi ka d\u00ebshiruar mir\u00ebseardhjen e karavanit olimpik:<\/p>\n<p>\n\t\u201cM\u00eb vjen mir\u00eb q\u00eb sot do t\u00eb q\u00ebndroni n\u00eb qytetin ton\u00eb. Shpresoj q\u00eb f\u00ebmij\u00ebt tan\u00eb do ta kuptojn r\u00ebnd\u00ebsin\u00eb e marrjes me sport dhe q\u00eb sot t\u00eb arg\u00ebtohen sa m\u00eb mir\u00eb\u201d<\/p>\n<p>\n\t\u201cSot jemi k\u00ebtu q\u00eb t\u00eb prezentojme vlerat themelore Olimpike. F\u00ebmij\u00ebve n\u00eb t\u00ebr\u00eb Serbin\u00eb m\u00eb shum\u00eb i intereson se cila \u00ebsht\u00eb ajo rrug\u00eb drejt suksesit n\u00eb sport, p\u00ebrgjigja ime p\u00ebr t\u00eb gjith\u00eb ju \u00ebsht\u00eb se m\u00eb e r\u00ebnd\u00ebsishme \u00ebsht\u00eb q\u00eb ti rrespektoni rregullat e fer pllejit\u201d, i ka porositur nx\u00ebn\u00ebsve t\u00eb or\u00ebs Olimpike, kryetari Komitetit Olimpik\u00a0 Vllade Divac.<\/p>\n<p>\n\tSot, ne jemi k\u00ebtu p\u00ebr ju prezantoj me vlerat themelore Olimpike. F\u00ebmij\u00ebt n\u00ebp\u00ebr Serbi shpesh pyes veten se cila \u00ebsht\u00eb rruga p\u00ebr suksesin sportive, dhe p\u00ebrgjigjja ime p\u00ebr ju t\u00eb gjith\u00eb \u00ebsht\u00eb se m\u00ebnyra m\u00eb e r\u00ebnd\u00ebsishme p\u00ebr t\u00eb marr\u00eb nj\u00eb t\u00eb till\u00eb.Gj\u00ebja m\u00eb e r\u00ebnd\u00ebsishme \u00ebsht\u00eb q\u00eb t\u00eb ndjekin rregullat e loj\u00ebs s\u00eb ndershme, p\u00ebr jet\u00ebn nuk mund t\u00eb ecin me kok\u00ebn e tij &quot;, tha se pjes\u00ebmarr\u00ebsit e presidentit klas\u00ebs Olimpik i Komitetit Olimpik Serb Vlade Divac.<\/p>\n<p>\n\tVaterpolisti Millosh Gjuk n\u00eb m\u00ebnyr solemne e ka hapur\u00a0 \u201cOr\u00ebn Olimpike\u201d n\u00eb Bujanoc. Ai i ka njoftuar t\u00eb rinj\u00ebt p\u00ebr hapat e para n\u00eb vaterpol, poashtu \u00ebsht\u00eb p\u00ebrgjigjur n\u00eb pyetjen se cila ndeshje i ka mbet n\u00eb kujtes\u00eb dhe i ka spjeguar f\u00ebmij\u00ebve q\u00eb se si sporti i ka ndryshuar jet\u00ebn: \u201cKjo \u00ebsht\u00eb hera e par\u00eb q\u00eb mbaj \u201cOr\u00eb Olimpike\u201d dhe \u00ebsht\u00eb k\u00ebnaq\u00ebsi q\u00eb t\u00eb flas p\u00ebr sportin tim, a kush e di ndoshta nj\u00ebri nga ju mundet t\u00eb vendos p\u00ebr vartepollin. N\u00eb sport \u00ebsht\u00eb e r\u00ebnd\u00ebsishme fitimi i medaljeve dhe mu p\u00ebr k\u00ebt\u00eb si ndeshja m\u00eb e dashur n\u00eb karier\u00eb \u00ebshte finalja Kampionatit Evropian n\u00eb Ajnd\u00ebhoven, n\u00eb t\u00eb cil\u00ebn kemi mundur ekip\u00ebn e Malit t\u00eb Zi. Megjithat\u00eb ajo \u00e7ka \u00ebsht\u00eb m\u00eb e r\u00ebnd\u00ebsishmja \u00ebsht\u00eb shoq\u00ebria e arritur e cila mbetet p\u00ebr gjith\u00eb jet\u00ebn. Sporti do t\u00eb iu m\u00ebsoj ti rrespektoni bashk\u00eblojtar\u00ebt mir\u00ebpo edhe kund\u00ebrshtar\u00ebt\u201d<\/p>\n<p>\n\tFillorist\u00ebt nga Bujanoci mbrenda \u201cOr\u00ebs Olimpike\u201d kan kaluar 5 puntori, t\u00eb em\u00ebruara me 5 vlera olimpike : g\u00ebzimin n\u00eb loj\u00eb, fer pllej, rrespektin, cil\u00ebsin dhe bashkimin shpirt\u00ebror, dhe kan\u00eb m\u00ebsuar q\u00eb \u00ebsht\u00eb e r\u00ebnd\u00ebsishme t\u00eb japin gjith\u00eb nga vetja dhe t\u00eb besojn n\u00eb \u00ebndrrat e tyre.<\/p>\n<p>\n\t<strong>Burimi : B92<\/strong><\/p>\n<p>\t\u00a0<\/p>\n","protected":false},"excerpt":{"rendered":"<p>Komiteti Olimpik i Serbis\u00eb dhe Fondi i sportit dhe olimpizmit, n\u00eb bashkpunim me Sh\u00ebrbimin e Trupit Koordinues t\u00eb Qeveris Republik\u00ebs Serbis\u00eb p\u00ebr komunat Preshev\u00eb, Bujanoc dhe Medvegj\u00eb dhe komun\u00ebn e Bujanocit, kan\u00eb organizuar\u00a0 \u201cOr\u00ebn Olimpike\u201d<\/p>\n","protected":false},"author":1,"featured_media":140219,"comment_status":"closed","ping_status":"closed","sticky":false,"template":"","format":"standard","meta":{"footnotes":""},"categories":[55],"tags":[],"class_list":["post-140214","post","type-post","status-publish","format-standard","has-post-thumbnail","hentry","category-lajme"],"yoast_head":"<!-- This site is optimized with the Yoast SEO plugin v27.5 - https:\/\/yoast.com\/product\/yoast-seo-wordpress\/ -->\n<title>U MBAJT \u201eORA OLIMPIKE\u201c N\u00cb BUJANOC - Republika e S\u00ebrbis\u00eb Trupi Koordinues p\u00ebr komunat Bujanoc, Preshev\u00eb dhe Medvegj\u00eb<\/title>\n<meta name=\"robots\" content=\"index, follow, max-snippet:-1, max-image-preview:large, max-video-preview:-1\" \/>\n<link rel=\"canonical\" href=\"https:\/\/kt.gov.rs\/sq\/u-mbajt-ora-olimpike-ne-bujanoc\/\" \/>\n<meta property=\"og:locale\" content=\"sq_AL\" \/>\n<meta property=\"og:type\" content=\"article\" \/>\n<meta property=\"og:title\" content=\"U MBAJT \u201eORA OLIMPIKE\u201c N\u00cb BUJANOC - Republika e S\u00ebrbis\u00eb Trupi Koordinues p\u00ebr komunat Bujanoc, Preshev\u00eb dhe Medvegj\u00eb\" \/>\n<meta property=\"og:description\" content=\"Komiteti Olimpik i Serbis\u00eb dhe Fondi i sportit dhe olimpizmit, n\u00eb bashkpunim me Sh\u00ebrbimin e Trupit Koordinues t\u00eb Qeveris Republik\u00ebs Serbis\u00eb p\u00ebr komunat Preshev\u00eb, Bujanoc dhe Medvegj\u00eb dhe komun\u00ebn e Bujanocit, kan\u00eb organizuar\u00a0 \u201cOr\u00ebn Olimpike\u201d\" \/>\n<meta property=\"og:url\" content=\"https:\/\/kt.gov.rs\/sq\/u-mbajt-ora-olimpike-ne-bujanoc\/\" \/>\n<meta property=\"og:site_name\" content=\"Republika e S\u00ebrbis\u00eb Trupi Koordinues p\u00ebr komunat Bujanoc, Preshev\u00eb dhe Medvegj\u00eb\" \/>\n<meta property=\"article:publisher\" content=\"https:\/\/www.facebook.com\/SluzbaKoordinacionogTelaVladeRepublikeSrbije\" \/>\n<meta property=\"article:published_time\" content=\"2013-10-28T00:00:00+00:00\" \/>\n<meta property=\"article:modified_time\" content=\"2024-07-30T20:14:38+00:00\" \/>\n<meta property=\"og:image\" content=\"https:\/\/kt.gov.rs\/wp-content\/uploads\/2024\/07\/newspic310v-5.jpg\" \/>\n\t<meta property=\"og:image:width\" content=\"315\" \/>\n\t<meta property=\"og:image:height\" content=\"180\" \/>\n\t<meta property=\"og:image:type\" content=\"image\/jpeg\" \/>\n<meta name=\"author\" content=\"ktmin\" \/>\n<meta name=\"twitter:card\" content=\"summary_large_image\" \/>\n<meta name=\"twitter:creator\" content=\"@kt_gov\" \/>\n<meta name=\"twitter:site\" content=\"@kt_gov\" \/>\n<meta name=\"twitter:label1\" content=\"Written by\" \/>\n\t<meta name=\"twitter:data1\" content=\"ktmin\" \/>\n\t<meta name=\"twitter:label2\" content=\"Est. reading time\" \/>\n\t<meta name=\"twitter:data2\" content=\"5 minutes\" \/>\n<script type=\"application\/ld+json\" class=\"yoast-schema-graph\">{\"@context\":\"https:\\\/\\\/schema.org\",\"@graph\":[{\"@type\":\"Article\",\"@id\":\"https:\\\/\\\/kt.gov.rs\\\/sq\\\/u-mbajt-ora-olimpike-ne-bujanoc\\\/#article\",\"isPartOf\":{\"@id\":\"https:\\\/\\\/kt.gov.rs\\\/sq\\\/u-mbajt-ora-olimpike-ne-bujanoc\\\/\"},\"author\":{\"name\":\"ktmin\",\"@id\":\"https:\\\/\\\/kt.gov.rs\\\/#\\\/schema\\\/person\\\/e426459ddb4173309103390602694571\"},\"headline\":\"U MBAJT \u201eORA OLIMPIKE\u201c N\u00cb BUJANOC\",\"datePublished\":\"2013-10-28T00:00:00+00:00\",\"dateModified\":\"2024-07-30T20:14:38+00:00\",\"mainEntityOfPage\":{\"@id\":\"https:\\\/\\\/kt.gov.rs\\\/sq\\\/u-mbajt-ora-olimpike-ne-bujanoc\\\/\"},\"wordCount\":916,\"publisher\":{\"@id\":\"https:\\\/\\\/kt.gov.rs\\\/#organization\"},\"image\":{\"@id\":\"https:\\\/\\\/kt.gov.rs\\\/sq\\\/u-mbajt-ora-olimpike-ne-bujanoc\\\/#primaryimage\"},\"thumbnailUrl\":\"https:\\\/\\\/kt.gov.rs\\\/wp-content\\\/uploads\\\/2024\\\/07\\\/newspic310v-5.jpg\",\"articleSection\":[\"Lajme\"],\"inLanguage\":\"sq-AL\"},{\"@type\":\"WebPage\",\"@id\":\"https:\\\/\\\/kt.gov.rs\\\/sq\\\/u-mbajt-ora-olimpike-ne-bujanoc\\\/\",\"url\":\"https:\\\/\\\/kt.gov.rs\\\/sq\\\/u-mbajt-ora-olimpike-ne-bujanoc\\\/\",\"name\":\"U MBAJT \u201eORA OLIMPIKE\u201c N\u00cb BUJANOC - Republika e S\u00ebrbis\u00eb Trupi Koordinues p\u00ebr komunat Bujanoc, Preshev\u00eb dhe Medvegj\u00eb\",\"isPartOf\":{\"@id\":\"https:\\\/\\\/kt.gov.rs\\\/#website\"},\"primaryImageOfPage\":{\"@id\":\"https:\\\/\\\/kt.gov.rs\\\/sq\\\/u-mbajt-ora-olimpike-ne-bujanoc\\\/#primaryimage\"},\"image\":{\"@id\":\"https:\\\/\\\/kt.gov.rs\\\/sq\\\/u-mbajt-ora-olimpike-ne-bujanoc\\\/#primaryimage\"},\"thumbnailUrl\":\"https:\\\/\\\/kt.gov.rs\\\/wp-content\\\/uploads\\\/2024\\\/07\\\/newspic310v-5.jpg\",\"datePublished\":\"2013-10-28T00:00:00+00:00\",\"dateModified\":\"2024-07-30T20:14:38+00:00\",\"breadcrumb\":{\"@id\":\"https:\\\/\\\/kt.gov.rs\\\/sq\\\/u-mbajt-ora-olimpike-ne-bujanoc\\\/#breadcrumb\"},\"inLanguage\":\"sq-AL\",\"potentialAction\":[{\"@type\":\"ReadAction\",\"target\":[\"https:\\\/\\\/kt.gov.rs\\\/sq\\\/u-mbajt-ora-olimpike-ne-bujanoc\\\/\"]}]},{\"@type\":\"ImageObject\",\"inLanguage\":\"sq-AL\",\"@id\":\"https:\\\/\\\/kt.gov.rs\\\/sq\\\/u-mbajt-ora-olimpike-ne-bujanoc\\\/#primaryimage\",\"url\":\"https:\\\/\\\/kt.gov.rs\\\/wp-content\\\/uploads\\\/2024\\\/07\\\/newspic310v-5.jpg\",\"contentUrl\":\"https:\\\/\\\/kt.gov.rs\\\/wp-content\\\/uploads\\\/2024\\\/07\\\/newspic310v-5.jpg\",\"width\":315,\"height\":180},{\"@type\":\"BreadcrumbList\",\"@id\":\"https:\\\/\\\/kt.gov.rs\\\/sq\\\/u-mbajt-ora-olimpike-ne-bujanoc\\\/#breadcrumb\",\"itemListElement\":[{\"@type\":\"ListItem\",\"position\":1,\"name\":\"\u041f\u043e\u0447\u0435\u0442\u043d\u0430\",\"item\":\"https:\\\/\\\/kt.gov.rs\\\/sq\\\/\"},{\"@type\":\"ListItem\",\"position\":2,\"name\":\"U MBAJT \u201eORA OLIMPIKE\u201c N\u00cb BUJANOC\"}]},{\"@type\":\"WebSite\",\"@id\":\"https:\\\/\\\/kt.gov.rs\\\/#website\",\"url\":\"https:\\\/\\\/kt.gov.rs\\\/\",\"name\":\"\u041a\u043e\u043e\u0440\u0434\u0438\u043d\u0430\u0446\u0438\u043e\u043d\u043e \u0442\u0435\u043b\u043e \u0412\u043b\u0430\u0434\u0435 \u0420\u0435\u043f\u0443\u0431\u043b\u0438\u043a\u0435 \u0421\u0440\u0431\u0438\u0458\u0435 \u0437\u0430 \u043e\u043f\u0448\u0442\u0438\u043d\u0435 \u041f\u0440\u0435\u0448\u0435\u0432\u043e, \u0411\u0443\u0458\u0430\u043d\u043e\u0432\u0430\u0446 \u0438 \u041c\u0435\u0434\u0432\u0435\u0452a\",\"description\":\"\",\"publisher\":{\"@id\":\"https:\\\/\\\/kt.gov.rs\\\/#organization\"},\"alternateName\":\"\u041a\u043e\u043e\u0440\u0434\u0438\u043d\u0430\u0446\u0438\u043e\u043d\u043e \u0442\u0435\u043b\u043e\",\"potentialAction\":[{\"@type\":\"SearchAction\",\"target\":{\"@type\":\"EntryPoint\",\"urlTemplate\":\"https:\\\/\\\/kt.gov.rs\\\/?s={search_term_string}\"},\"query-input\":{\"@type\":\"PropertyValueSpecification\",\"valueRequired\":true,\"valueName\":\"search_term_string\"}}],\"inLanguage\":\"sq-AL\"},{\"@type\":\"Organization\",\"@id\":\"https:\\\/\\\/kt.gov.rs\\\/#organization\",\"name\":\"\u041a\u043e\u043e\u0440\u0434\u0438\u043d\u0430\u0446\u0438\u043e\u043d\u043e \u0442\u0435\u043b\u043e \u0412\u043b\u0430\u0434\u0435 \u0420\u0435\u043f\u0443\u0431\u043b\u0438\u043a\u0435 \u0421\u0440\u0431\u0438\u0458\u0435 \u0437\u0430 \u043e\u043f\u0448\u0442\u0438\u043d\u0435 \u041f\u0440\u0435\u0448\u0435\u0432\u043e, \u0411\u0443\u0458\u0430\u043d\u043e\u0432\u0430\u0446 \u0438 \u041c\u0435\u0434\u0432\u0435\u0452a\",\"alternateName\":\"\u041a\u043e\u043e\u0440\u0434\u0438\u043d\u0430\u0446\u0438\u043e\u043d\u043e \u0442\u0435\u043b\u043e\",\"url\":\"https:\\\/\\\/kt.gov.rs\\\/\",\"logo\":{\"@type\":\"ImageObject\",\"inLanguage\":\"sq-AL\",\"@id\":\"https:\\\/\\\/kt.gov.rs\\\/#\\\/schema\\\/logo\\\/image\\\/\",\"url\":\"https:\\\/\\\/kt.gov.rs\\\/wp-content\\\/uploads\\\/2024\\\/12\\\/koord2.jpg\",\"contentUrl\":\"https:\\\/\\\/kt.gov.rs\\\/wp-content\\\/uploads\\\/2024\\\/12\\\/koord2.jpg\",\"width\":640,\"height\":480,\"caption\":\"\u041a\u043e\u043e\u0440\u0434\u0438\u043d\u0430\u0446\u0438\u043e\u043d\u043e \u0442\u0435\u043b\u043e \u0412\u043b\u0430\u0434\u0435 \u0420\u0435\u043f\u0443\u0431\u043b\u0438\u043a\u0435 \u0421\u0440\u0431\u0438\u0458\u0435 \u0437\u0430 \u043e\u043f\u0448\u0442\u0438\u043d\u0435 \u041f\u0440\u0435\u0448\u0435\u0432\u043e, \u0411\u0443\u0458\u0430\u043d\u043e\u0432\u0430\u0446 \u0438 \u041c\u0435\u0434\u0432\u0435\u0452a\"},\"image\":{\"@id\":\"https:\\\/\\\/kt.gov.rs\\\/#\\\/schema\\\/logo\\\/image\\\/\"},\"sameAs\":[\"https:\\\/\\\/www.facebook.com\\\/SluzbaKoordinacionogTelaVladeRepublikeSrbije\",\"https:\\\/\\\/x.com\\\/kt_gov\",\"https:\\\/\\\/www.youtube.com\\\/@koordinacionotelo\"]},{\"@type\":\"Person\",\"@id\":\"https:\\\/\\\/kt.gov.rs\\\/#\\\/schema\\\/person\\\/e426459ddb4173309103390602694571\",\"name\":\"ktmin\",\"image\":{\"@type\":\"ImageObject\",\"inLanguage\":\"sq-AL\",\"@id\":\"https:\\\/\\\/secure.gravatar.com\\\/avatar\\\/3985c961109853010c3fbc7ba30365bfba5db3dd6c525831d9c595c7525a615a?s=96&d=mm&r=g\",\"url\":\"https:\\\/\\\/secure.gravatar.com\\\/avatar\\\/3985c961109853010c3fbc7ba30365bfba5db3dd6c525831d9c595c7525a615a?s=96&d=mm&r=g\",\"contentUrl\":\"https:\\\/\\\/secure.gravatar.com\\\/avatar\\\/3985c961109853010c3fbc7ba30365bfba5db3dd6c525831d9c595c7525a615a?s=96&d=mm&r=g\",\"caption\":\"ktmin\"},\"sameAs\":[\"https:\\\/\\\/kt.gov.rs\"],\"url\":\"https:\\\/\\\/kt.gov.rs\\\/sq\\\/author\\\/ktmin\\\/\"}]}<\/script>\n<!-- \/ Yoast SEO plugin. -->","yoast_head_json":{"title":"U MBAJT \u201eORA OLIMPIKE\u201c N\u00cb BUJANOC - Republika e S\u00ebrbis\u00eb Trupi Koordinues p\u00ebr komunat Bujanoc, Preshev\u00eb dhe Medvegj\u00eb","robots":{"index":"index","follow":"follow","max-snippet":"max-snippet:-1","max-image-preview":"max-image-preview:large","max-video-preview":"max-video-preview:-1"},"canonical":"https:\/\/kt.gov.rs\/sq\/u-mbajt-ora-olimpike-ne-bujanoc\/","og_locale":"sq_AL","og_type":"article","og_title":"U MBAJT \u201eORA OLIMPIKE\u201c N\u00cb BUJANOC - Republika e S\u00ebrbis\u00eb Trupi Koordinues p\u00ebr komunat Bujanoc, Preshev\u00eb dhe Medvegj\u00eb","og_description":"Komiteti Olimpik i Serbis\u00eb dhe Fondi i sportit dhe olimpizmit, n\u00eb bashkpunim me Sh\u00ebrbimin e Trupit Koordinues t\u00eb Qeveris Republik\u00ebs Serbis\u00eb p\u00ebr komunat Preshev\u00eb, Bujanoc dhe Medvegj\u00eb dhe komun\u00ebn e Bujanocit, kan\u00eb organizuar\u00a0 \u201cOr\u00ebn Olimpike\u201d","og_url":"https:\/\/kt.gov.rs\/sq\/u-mbajt-ora-olimpike-ne-bujanoc\/","og_site_name":"Republika e S\u00ebrbis\u00eb Trupi Koordinues p\u00ebr komunat Bujanoc, Preshev\u00eb dhe Medvegj\u00eb","article_publisher":"https:\/\/www.facebook.com\/SluzbaKoordinacionogTelaVladeRepublikeSrbije","article_published_time":"2013-10-28T00:00:00+00:00","article_modified_time":"2024-07-30T20:14:38+00:00","og_image":[{"width":315,"height":180,"url":"https:\/\/kt.gov.rs\/wp-content\/uploads\/2024\/07\/newspic310v-5.jpg","type":"image\/jpeg"}],"author":"ktmin","twitter_card":"summary_large_image","twitter_creator":"@kt_gov","twitter_site":"@kt_gov","twitter_misc":{"Written by":"ktmin","Est. reading time":"5 minutes"},"schema":{"@context":"https:\/\/schema.org","@graph":[{"@type":"Article","@id":"https:\/\/kt.gov.rs\/sq\/u-mbajt-ora-olimpike-ne-bujanoc\/#article","isPartOf":{"@id":"https:\/\/kt.gov.rs\/sq\/u-mbajt-ora-olimpike-ne-bujanoc\/"},"author":{"name":"ktmin","@id":"https:\/\/kt.gov.rs\/#\/schema\/person\/e426459ddb4173309103390602694571"},"headline":"U MBAJT \u201eORA OLIMPIKE\u201c N\u00cb BUJANOC","datePublished":"2013-10-28T00:00:00+00:00","dateModified":"2024-07-30T20:14:38+00:00","mainEntityOfPage":{"@id":"https:\/\/kt.gov.rs\/sq\/u-mbajt-ora-olimpike-ne-bujanoc\/"},"wordCount":916,"publisher":{"@id":"https:\/\/kt.gov.rs\/#organization"},"image":{"@id":"https:\/\/kt.gov.rs\/sq\/u-mbajt-ora-olimpike-ne-bujanoc\/#primaryimage"},"thumbnailUrl":"https:\/\/kt.gov.rs\/wp-content\/uploads\/2024\/07\/newspic310v-5.jpg","articleSection":["Lajme"],"inLanguage":"sq-AL"},{"@type":"WebPage","@id":"https:\/\/kt.gov.rs\/sq\/u-mbajt-ora-olimpike-ne-bujanoc\/","url":"https:\/\/kt.gov.rs\/sq\/u-mbajt-ora-olimpike-ne-bujanoc\/","name":"U MBAJT \u201eORA OLIMPIKE\u201c N\u00cb BUJANOC - Republika e S\u00ebrbis\u00eb Trupi Koordinues p\u00ebr komunat Bujanoc, Preshev\u00eb dhe Medvegj\u00eb","isPartOf":{"@id":"https:\/\/kt.gov.rs\/#website"},"primaryImageOfPage":{"@id":"https:\/\/kt.gov.rs\/sq\/u-mbajt-ora-olimpike-ne-bujanoc\/#primaryimage"},"image":{"@id":"https:\/\/kt.gov.rs\/sq\/u-mbajt-ora-olimpike-ne-bujanoc\/#primaryimage"},"thumbnailUrl":"https:\/\/kt.gov.rs\/wp-content\/uploads\/2024\/07\/newspic310v-5.jpg","datePublished":"2013-10-28T00:00:00+00:00","dateModified":"2024-07-30T20:14:38+00:00","breadcrumb":{"@id":"https:\/\/kt.gov.rs\/sq\/u-mbajt-ora-olimpike-ne-bujanoc\/#breadcrumb"},"inLanguage":"sq-AL","potentialAction":[{"@type":"ReadAction","target":["https:\/\/kt.gov.rs\/sq\/u-mbajt-ora-olimpike-ne-bujanoc\/"]}]},{"@type":"ImageObject","inLanguage":"sq-AL","@id":"https:\/\/kt.gov.rs\/sq\/u-mbajt-ora-olimpike-ne-bujanoc\/#primaryimage","url":"https:\/\/kt.gov.rs\/wp-content\/uploads\/2024\/07\/newspic310v-5.jpg","contentUrl":"https:\/\/kt.gov.rs\/wp-content\/uploads\/2024\/07\/newspic310v-5.jpg","width":315,"height":180},{"@type":"BreadcrumbList","@id":"https:\/\/kt.gov.rs\/sq\/u-mbajt-ora-olimpike-ne-bujanoc\/#breadcrumb","itemListElement":[{"@type":"ListItem","position":1,"name":"\u041f\u043e\u0447\u0435\u0442\u043d\u0430","item":"https:\/\/kt.gov.rs\/sq\/"},{"@type":"ListItem","position":2,"name":"U MBAJT \u201eORA OLIMPIKE\u201c N\u00cb BUJANOC"}]},{"@type":"WebSite","@id":"https:\/\/kt.gov.rs\/#website","url":"https:\/\/kt.gov.rs\/","name":"\u041a\u043e\u043e\u0440\u0434\u0438\u043d\u0430\u0446\u0438\u043e\u043d\u043e \u0442\u0435\u043b\u043e \u0412\u043b\u0430\u0434\u0435 \u0420\u0435\u043f\u0443\u0431\u043b\u0438\u043a\u0435 \u0421\u0440\u0431\u0438\u0458\u0435 \u0437\u0430 \u043e\u043f\u0448\u0442\u0438\u043d\u0435 \u041f\u0440\u0435\u0448\u0435\u0432\u043e, \u0411\u0443\u0458\u0430\u043d\u043e\u0432\u0430\u0446 \u0438 \u041c\u0435\u0434\u0432\u0435\u0452a","description":"","publisher":{"@id":"https:\/\/kt.gov.rs\/#organization"},"alternateName":"\u041a\u043e\u043e\u0440\u0434\u0438\u043d\u0430\u0446\u0438\u043e\u043d\u043e \u0442\u0435\u043b\u043e","potentialAction":[{"@type":"SearchAction","target":{"@type":"EntryPoint","urlTemplate":"https:\/\/kt.gov.rs\/?s={search_term_string}"},"query-input":{"@type":"PropertyValueSpecification","valueRequired":true,"valueName":"search_term_string"}}],"inLanguage":"sq-AL"},{"@type":"Organization","@id":"https:\/\/kt.gov.rs\/#organization","name":"\u041a\u043e\u043e\u0440\u0434\u0438\u043d\u0430\u0446\u0438\u043e\u043d\u043e \u0442\u0435\u043b\u043e \u0412\u043b\u0430\u0434\u0435 \u0420\u0435\u043f\u0443\u0431\u043b\u0438\u043a\u0435 \u0421\u0440\u0431\u0438\u0458\u0435 \u0437\u0430 \u043e\u043f\u0448\u0442\u0438\u043d\u0435 \u041f\u0440\u0435\u0448\u0435\u0432\u043e, \u0411\u0443\u0458\u0430\u043d\u043e\u0432\u0430\u0446 \u0438 \u041c\u0435\u0434\u0432\u0435\u0452a","alternateName":"\u041a\u043e\u043e\u0440\u0434\u0438\u043d\u0430\u0446\u0438\u043e\u043d\u043e \u0442\u0435\u043b\u043e","url":"https:\/\/kt.gov.rs\/","logo":{"@type":"ImageObject","inLanguage":"sq-AL","@id":"https:\/\/kt.gov.rs\/#\/schema\/logo\/image\/","url":"https:\/\/kt.gov.rs\/wp-content\/uploads\/2024\/12\/koord2.jpg","contentUrl":"https:\/\/kt.gov.rs\/wp-content\/uploads\/2024\/12\/koord2.jpg","width":640,"height":480,"caption":"\u041a\u043e\u043e\u0440\u0434\u0438\u043d\u0430\u0446\u0438\u043e\u043d\u043e \u0442\u0435\u043b\u043e \u0412\u043b\u0430\u0434\u0435 \u0420\u0435\u043f\u0443\u0431\u043b\u0438\u043a\u0435 \u0421\u0440\u0431\u0438\u0458\u0435 \u0437\u0430 \u043e\u043f\u0448\u0442\u0438\u043d\u0435 \u041f\u0440\u0435\u0448\u0435\u0432\u043e, \u0411\u0443\u0458\u0430\u043d\u043e\u0432\u0430\u0446 \u0438 \u041c\u0435\u0434\u0432\u0435\u0452a"},"image":{"@id":"https:\/\/kt.gov.rs\/#\/schema\/logo\/image\/"},"sameAs":["https:\/\/www.facebook.com\/SluzbaKoordinacionogTelaVladeRepublikeSrbije","https:\/\/x.com\/kt_gov","https:\/\/www.youtube.com\/@koordinacionotelo"]},{"@type":"Person","@id":"https:\/\/kt.gov.rs\/#\/schema\/person\/e426459ddb4173309103390602694571","name":"ktmin","image":{"@type":"ImageObject","inLanguage":"sq-AL","@id":"https:\/\/secure.gravatar.com\/avatar\/3985c961109853010c3fbc7ba30365bfba5db3dd6c525831d9c595c7525a615a?s=96&d=mm&r=g","url":"https:\/\/secure.gravatar.com\/avatar\/3985c961109853010c3fbc7ba30365bfba5db3dd6c525831d9c595c7525a615a?s=96&d=mm&r=g","contentUrl":"https:\/\/secure.gravatar.com\/avatar\/3985c961109853010c3fbc7ba30365bfba5db3dd6c525831d9c595c7525a615a?s=96&d=mm&r=g","caption":"ktmin"},"sameAs":["https:\/\/kt.gov.rs"],"url":"https:\/\/kt.gov.rs\/sq\/author\/ktmin\/"}]}},"_links":{"self":[{"href":"https:\/\/kt.gov.rs\/sq\/wp-json\/wp\/v2\/posts\/140214","targetHints":{"allow":["GET"]}}],"collection":[{"href":"https:\/\/kt.gov.rs\/sq\/wp-json\/wp\/v2\/posts"}],"about":[{"href":"https:\/\/kt.gov.rs\/sq\/wp-json\/wp\/v2\/types\/post"}],"author":[{"embeddable":true,"href":"https:\/\/kt.gov.rs\/sq\/wp-json\/wp\/v2\/users\/1"}],"replies":[{"embeddable":true,"href":"https:\/\/kt.gov.rs\/sq\/wp-json\/wp\/v2\/comments?post=140214"}],"version-history":[{"count":1,"href":"https:\/\/kt.gov.rs\/sq\/wp-json\/wp\/v2\/posts\/140214\/revisions"}],"predecessor-version":[{"id":140218,"href":"https:\/\/kt.gov.rs\/sq\/wp-json\/wp\/v2\/posts\/140214\/revisions\/140218"}],"wp:featuredmedia":[{"embeddable":true,"href":"https:\/\/kt.gov.rs\/sq\/wp-json\/wp\/v2\/media\/140219"}],"wp:attachment":[{"href":"https:\/\/kt.gov.rs\/sq\/wp-json\/wp\/v2\/media?parent=140214"}],"wp:term":[{"taxonomy":"category","embeddable":true,"href":"https:\/\/kt.gov.rs\/sq\/wp-json\/wp\/v2\/categories?post=140214"},{"taxonomy":"post_tag","embeddable":true,"href":"https:\/\/kt.gov.rs\/sq\/wp-json\/wp\/v2\/tags?post=140214"}],"curies":[{"name":"wp","href":"https:\/\/api.w.org\/{rel}","templated":true}]}}