{"id":140198,"date":"2013-10-29T00:00:00","date_gmt":"2013-10-29T00:00:00","guid":{"rendered":"http:\/\/kt.printandscreen.rs\/gjukiq-dejanoviq-dhe-stankoviq-ne-presheve\/"},"modified":"2024-07-30T20:14:36","modified_gmt":"2024-07-30T20:14:36","slug":"gjukiq-dejanoviq-dhe-stankoviq-ne-presheve","status":"publish","type":"post","link":"https:\/\/kt.gov.rs\/sq\/gjukiq-dejanoviq-dhe-stankoviq-ne-presheve\/","title":{"rendered":"GJUKIQ DEJANOVIQ DHE STANKOVIQ N\u00cb PRESHEV\u00cb"},"content":{"rendered":"<p>\n\t<strong><img decoding=\"async\" alt=\"\" src=\"https:\/\/kt.gov.rs\/wp-content\/uploads\/2024\/07\/newspic316v-4.jpg\" style=\"width: 315px; height: 180px; float: left;\" \/>Preshev\u00eb<\/strong> \u2013 Ministrja e Sh\u00ebndet\u00ebsis\u00eb Slavica\u00a0<em>Gjukiq<\/em>\u00a0<em>Dejanoviq dhe <\/em><strong>kryetari i Trupit Koordinues <\/strong>p\u00ebr komunat Preshev\u00eb, Bujanoc dhe\u00a0Medvegj\u00eb<strong> Zoran Stankoviq<\/strong>\u00a0 sot n\u00eb Preshev\u00eb do t\u00eb bisedojn\u00eb me p\u00ebrfaq\u00ebsuesit politik\u00eb t\u00eb shqiptar\u00ebve p\u00ebr zgjidhjen e problemeve n\u00eb k\u00ebt\u00eb fush\u00eb.<\/p>\n<p>\n\tZbatimi i raportit t\u00eb Qeveris\u00eb s\u00eb Serbis\u00eb p\u00ebr shtat\u00eb tema p\u00ebr zgjidhjen e problemeve t\u00eb shqiptar\u00ebve n\u00eb jug t\u00eb Serbis\u00eb fillon nga vizita e Gjukiq Dejanoviq dhe Stankoviq nd\u00ebr t\u00eb cilat jan\u00eb siguria \u00e7\u00ebshtjet ekonomike, sh\u00ebndeti, arsimi dhe drejt\u00ebsia.Gjat\u00eb vizit\u00ebs Dejanoviq dhe Stankoviq do t\u00eb takohen me kryetarin e komun\u00ebs s\u00eb Preshev\u00ebs Ragmi Mustaf\u00ebn, si dhe me drejtor\u00ebt e qendrave sh\u00ebndet\u00ebsore n\u00eb Vranj\u00eb, Preshev\u00eb, Bujanoc dhe Medvegj\u00eb.\u00ebsht\u00eb paralajm\u00ebruar edhe takimi me p\u00ebrfaq\u00ebsuesit e partive politike shqiptare Riza Halimin, Nagip Arifin, Skender Destanin, Jonuz Musliun, Shaip Kamberin dhe Rami Zylfiu,do t\u00eb takohen dhe me <em>kryetarin e K\u00ebshillit Nacional t\u00eb shqiptar\u00ebve<\/em> <em>Galip Beqirin dhe me p\u00ebrfaq\u00ebsuesit e OSBE-s\u00eb.<\/em><\/p>\n<p>\n\tP\u00ebrfaq\u00ebsuesit politik\u00eb t\u00eb shqiptar\u00ebve nga<em> jugu<\/em>\u00a0i\u00a0<em>Serbis\u00eb u takuan me 10 tetor n\u00eb Beograd me kryeministrin <\/em>Ivica Da\u00e7iq dhe Stankoviq. Stankoviqi pas takimiti i ka th\u00ebn\u00eb gazetar\u00ebve q\u00eb qeveria e S\u00ebrbis\u00eb me 4 qershor ka sjell vendimin q\u00eb ka t\u00eb b\u00ebj\u00eb me zgjidhjen e problem\u00ebve t\u00eb shqiptar\u00ebve dhe se tash po kalon n\u00eb konkretizimin e saj. Sipas fjal\u00ebve t\u00eb tij, ministrit p\u00ebrkat\u00ebse jan\u00eb t\u00eb gatshme p\u00ebr bisedime me p\u00ebrfaq\u00ebsuesit e shqiptar\u00ebve rreth problem\u00ebve t\u00eb tyre dhe jan\u00eb p\u00ebrcaktuar njer\u00ebzit nga 13 ministrit\u00eb t\u00eb cil\u00ebt duhet\u00a0 t\u00eb marrin pjes\u00eb n\u00eb ato bisedime. Stankoviqi ka th\u00ebn\u00eb dhe se jan\u00eb dakorduar se n\u00eb cdo tre muaj\u00eb n\u00eb qeveri t\u00eb ju sigurohet pranim shqiptar\u00ebve lokal, ku Daqciqi do t\u00eb informohet rreth realizimit t\u00eb arriturave\u00a0\u00a0 n\u00eb periudh\u00ebn e kaluar. Platforma qeveritare kat\u00eb b\u00ebj\u00eb me p\u00ebrfaq\u00ebsimin e shqiptar\u00ebve n\u00eb institucionet shtet\u00ebrore, rim\u00ebk\u00ebmbja ekonomike t\u00eb tri komunave, p\u00ebrdorimin zyrtar t\u00eb gjuh\u00ebs dhe simbol\u00ebve komb\u00ebtare, decentralizimin n\u00eb gjyq\u00ebsi, arsim, kultur dhe media, sh\u00ebndet\u00ebsi dhe mbrojtje sociale dhe siguri si dhe masat p\u00ebr vendosjen e besimit n\u00eb at\u00eb hap\u00ebsir\u00eb.<\/p>\n<p>\n\t<strong>Burimi: RTV<\/strong><\/p>\n<p>\n\t\u00a0<\/p>\n","protected":false},"excerpt":{"rendered":"<p>Preshev\u00eb \u2013 Ministrja e Sh\u00ebndet\u00ebsis\u00eb Slavica\u00a0Gjukiq\u00a0Dejanoviq dhe kryetari i Trupit Koordinues p\u00ebr komunat Preshev\u00eb, Bujanoc dhe\u00a0Medvegj\u00eb Zoran Stankoviq\u00a0 sot n\u00eb Preshev\u00eb do t\u00eb bisedojn\u00eb me p\u00ebrfaq\u00ebsuesit politik\u00eb t\u00eb shqiptar\u00ebve p\u00ebr zgjidhjen e problemeve n\u00eb k\u00ebt\u00eb fush\u00eb.<\/p>\n","protected":false},"author":1,"featured_media":140203,"comment_status":"closed","ping_status":"closed","sticky":false,"template":"","format":"standard","meta":{"footnotes":""},"categories":[55],"tags":[],"class_list":["post-140198","post","type-post","status-publish","format-standard","has-post-thumbnail","hentry","category-lajme"],"yoast_head":"<!-- This site is optimized with the Yoast SEO plugin v27.5 - https:\/\/yoast.com\/product\/yoast-seo-wordpress\/ -->\n<title>GJUKIQ DEJANOVIQ DHE STANKOVIQ N\u00cb PRESHEV\u00cb - Republika e S\u00ebrbis\u00eb Trupi Koordinues p\u00ebr komunat Bujanoc, Preshev\u00eb dhe Medvegj\u00eb<\/title>\n<meta name=\"robots\" content=\"index, follow, max-snippet:-1, max-image-preview:large, max-video-preview:-1\" \/>\n<link rel=\"canonical\" href=\"https:\/\/kt.gov.rs\/sq\/gjukiq-dejanoviq-dhe-stankoviq-ne-presheve\/\" \/>\n<meta property=\"og:locale\" content=\"sq_AL\" \/>\n<meta property=\"og:type\" content=\"article\" \/>\n<meta property=\"og:title\" content=\"GJUKIQ DEJANOVIQ DHE STANKOVIQ N\u00cb PRESHEV\u00cb - Republika e S\u00ebrbis\u00eb Trupi Koordinues p\u00ebr komunat Bujanoc, Preshev\u00eb dhe Medvegj\u00eb\" \/>\n<meta property=\"og:description\" content=\"Preshev\u00eb - Ministrja e Sh\u00ebndet\u00ebsis\u00eb Slavica\u00a0Gjukiq\u00a0Dejanoviq dhe kryetari i Trupit Koordinues p\u00ebr komunat Preshev\u00eb, Bujanoc dhe\u00a0Medvegj\u00eb Zoran Stankoviq\u00a0 sot n\u00eb Preshev\u00eb do t\u00eb bisedojn\u00eb me p\u00ebrfaq\u00ebsuesit politik\u00eb t\u00eb shqiptar\u00ebve p\u00ebr zgjidhjen e problemeve n\u00eb k\u00ebt\u00eb fush\u00eb.\" \/>\n<meta property=\"og:url\" content=\"https:\/\/kt.gov.rs\/sq\/gjukiq-dejanoviq-dhe-stankoviq-ne-presheve\/\" \/>\n<meta property=\"og:site_name\" content=\"Republika e S\u00ebrbis\u00eb Trupi Koordinues p\u00ebr komunat Bujanoc, Preshev\u00eb dhe Medvegj\u00eb\" \/>\n<meta property=\"article:publisher\" content=\"https:\/\/www.facebook.com\/SluzbaKoordinacionogTelaVladeRepublikeSrbije\" \/>\n<meta property=\"article:published_time\" content=\"2013-10-29T00:00:00+00:00\" \/>\n<meta property=\"article:modified_time\" content=\"2024-07-30T20:14:36+00:00\" \/>\n<meta property=\"og:image\" content=\"https:\/\/kt.gov.rs\/wp-content\/uploads\/2024\/07\/newspic316v-5.jpg\" \/>\n\t<meta property=\"og:image:width\" content=\"315\" \/>\n\t<meta property=\"og:image:height\" content=\"180\" \/>\n\t<meta property=\"og:image:type\" content=\"image\/jpeg\" \/>\n<meta name=\"author\" content=\"ktmin\" \/>\n<meta name=\"twitter:card\" content=\"summary_large_image\" \/>\n<meta name=\"twitter:creator\" content=\"@kt_gov\" \/>\n<meta name=\"twitter:site\" content=\"@kt_gov\" \/>\n<meta name=\"twitter:label1\" content=\"Written by\" \/>\n\t<meta name=\"twitter:data1\" content=\"ktmin\" \/>\n\t<meta name=\"twitter:label2\" content=\"Est. reading time\" \/>\n\t<meta name=\"twitter:data2\" content=\"3 minutes\" \/>\n<script type=\"application\/ld+json\" class=\"yoast-schema-graph\">{\"@context\":\"https:\\\/\\\/schema.org\",\"@graph\":[{\"@type\":\"Article\",\"@id\":\"https:\\\/\\\/kt.gov.rs\\\/sq\\\/gjukiq-dejanoviq-dhe-stankoviq-ne-presheve\\\/#article\",\"isPartOf\":{\"@id\":\"https:\\\/\\\/kt.gov.rs\\\/sq\\\/gjukiq-dejanoviq-dhe-stankoviq-ne-presheve\\\/\"},\"author\":{\"name\":\"ktmin\",\"@id\":\"https:\\\/\\\/kt.gov.rs\\\/#\\\/schema\\\/person\\\/e426459ddb4173309103390602694571\"},\"headline\":\"GJUKIQ DEJANOVIQ DHE STANKOVIQ N\u00cb PRESHEV\u00cb\",\"datePublished\":\"2013-10-29T00:00:00+00:00\",\"dateModified\":\"2024-07-30T20:14:36+00:00\",\"mainEntityOfPage\":{\"@id\":\"https:\\\/\\\/kt.gov.rs\\\/sq\\\/gjukiq-dejanoviq-dhe-stankoviq-ne-presheve\\\/\"},\"wordCount\":548,\"publisher\":{\"@id\":\"https:\\\/\\\/kt.gov.rs\\\/#organization\"},\"image\":{\"@id\":\"https:\\\/\\\/kt.gov.rs\\\/sq\\\/gjukiq-dejanoviq-dhe-stankoviq-ne-presheve\\\/#primaryimage\"},\"thumbnailUrl\":\"https:\\\/\\\/kt.gov.rs\\\/wp-content\\\/uploads\\\/2024\\\/07\\\/newspic316v-5.jpg\",\"articleSection\":[\"Lajme\"],\"inLanguage\":\"sq-AL\"},{\"@type\":\"WebPage\",\"@id\":\"https:\\\/\\\/kt.gov.rs\\\/sq\\\/gjukiq-dejanoviq-dhe-stankoviq-ne-presheve\\\/\",\"url\":\"https:\\\/\\\/kt.gov.rs\\\/sq\\\/gjukiq-dejanoviq-dhe-stankoviq-ne-presheve\\\/\",\"name\":\"GJUKIQ DEJANOVIQ DHE STANKOVIQ N\u00cb PRESHEV\u00cb - Republika e S\u00ebrbis\u00eb Trupi Koordinues p\u00ebr komunat Bujanoc, Preshev\u00eb dhe Medvegj\u00eb\",\"isPartOf\":{\"@id\":\"https:\\\/\\\/kt.gov.rs\\\/#website\"},\"primaryImageOfPage\":{\"@id\":\"https:\\\/\\\/kt.gov.rs\\\/sq\\\/gjukiq-dejanoviq-dhe-stankoviq-ne-presheve\\\/#primaryimage\"},\"image\":{\"@id\":\"https:\\\/\\\/kt.gov.rs\\\/sq\\\/gjukiq-dejanoviq-dhe-stankoviq-ne-presheve\\\/#primaryimage\"},\"thumbnailUrl\":\"https:\\\/\\\/kt.gov.rs\\\/wp-content\\\/uploads\\\/2024\\\/07\\\/newspic316v-5.jpg\",\"datePublished\":\"2013-10-29T00:00:00+00:00\",\"dateModified\":\"2024-07-30T20:14:36+00:00\",\"breadcrumb\":{\"@id\":\"https:\\\/\\\/kt.gov.rs\\\/sq\\\/gjukiq-dejanoviq-dhe-stankoviq-ne-presheve\\\/#breadcrumb\"},\"inLanguage\":\"sq-AL\",\"potentialAction\":[{\"@type\":\"ReadAction\",\"target\":[\"https:\\\/\\\/kt.gov.rs\\\/sq\\\/gjukiq-dejanoviq-dhe-stankoviq-ne-presheve\\\/\"]}]},{\"@type\":\"ImageObject\",\"inLanguage\":\"sq-AL\",\"@id\":\"https:\\\/\\\/kt.gov.rs\\\/sq\\\/gjukiq-dejanoviq-dhe-stankoviq-ne-presheve\\\/#primaryimage\",\"url\":\"https:\\\/\\\/kt.gov.rs\\\/wp-content\\\/uploads\\\/2024\\\/07\\\/newspic316v-5.jpg\",\"contentUrl\":\"https:\\\/\\\/kt.gov.rs\\\/wp-content\\\/uploads\\\/2024\\\/07\\\/newspic316v-5.jpg\",\"width\":315,\"height\":180},{\"@type\":\"BreadcrumbList\",\"@id\":\"https:\\\/\\\/kt.gov.rs\\\/sq\\\/gjukiq-dejanoviq-dhe-stankoviq-ne-presheve\\\/#breadcrumb\",\"itemListElement\":[{\"@type\":\"ListItem\",\"position\":1,\"name\":\"\u041f\u043e\u0447\u0435\u0442\u043d\u0430\",\"item\":\"https:\\\/\\\/kt.gov.rs\\\/sq\\\/\"},{\"@type\":\"ListItem\",\"position\":2,\"name\":\"GJUKIQ DEJANOVIQ DHE STANKOVIQ N\u00cb PRESHEV\u00cb\"}]},{\"@type\":\"WebSite\",\"@id\":\"https:\\\/\\\/kt.gov.rs\\\/#website\",\"url\":\"https:\\\/\\\/kt.gov.rs\\\/\",\"name\":\"\u041a\u043e\u043e\u0440\u0434\u0438\u043d\u0430\u0446\u0438\u043e\u043d\u043e \u0442\u0435\u043b\u043e \u0412\u043b\u0430\u0434\u0435 \u0420\u0435\u043f\u0443\u0431\u043b\u0438\u043a\u0435 \u0421\u0440\u0431\u0438\u0458\u0435 \u0437\u0430 \u043e\u043f\u0448\u0442\u0438\u043d\u0435 \u041f\u0440\u0435\u0448\u0435\u0432\u043e, \u0411\u0443\u0458\u0430\u043d\u043e\u0432\u0430\u0446 \u0438 \u041c\u0435\u0434\u0432\u0435\u0452a\",\"description\":\"\",\"publisher\":{\"@id\":\"https:\\\/\\\/kt.gov.rs\\\/#organization\"},\"alternateName\":\"\u041a\u043e\u043e\u0440\u0434\u0438\u043d\u0430\u0446\u0438\u043e\u043d\u043e \u0442\u0435\u043b\u043e\",\"potentialAction\":[{\"@type\":\"SearchAction\",\"target\":{\"@type\":\"EntryPoint\",\"urlTemplate\":\"https:\\\/\\\/kt.gov.rs\\\/?s={search_term_string}\"},\"query-input\":{\"@type\":\"PropertyValueSpecification\",\"valueRequired\":true,\"valueName\":\"search_term_string\"}}],\"inLanguage\":\"sq-AL\"},{\"@type\":\"Organization\",\"@id\":\"https:\\\/\\\/kt.gov.rs\\\/#organization\",\"name\":\"\u041a\u043e\u043e\u0440\u0434\u0438\u043d\u0430\u0446\u0438\u043e\u043d\u043e \u0442\u0435\u043b\u043e \u0412\u043b\u0430\u0434\u0435 \u0420\u0435\u043f\u0443\u0431\u043b\u0438\u043a\u0435 \u0421\u0440\u0431\u0438\u0458\u0435 \u0437\u0430 \u043e\u043f\u0448\u0442\u0438\u043d\u0435 \u041f\u0440\u0435\u0448\u0435\u0432\u043e, \u0411\u0443\u0458\u0430\u043d\u043e\u0432\u0430\u0446 \u0438 \u041c\u0435\u0434\u0432\u0435\u0452a\",\"alternateName\":\"\u041a\u043e\u043e\u0440\u0434\u0438\u043d\u0430\u0446\u0438\u043e\u043d\u043e \u0442\u0435\u043b\u043e\",\"url\":\"https:\\\/\\\/kt.gov.rs\\\/\",\"logo\":{\"@type\":\"ImageObject\",\"inLanguage\":\"sq-AL\",\"@id\":\"https:\\\/\\\/kt.gov.rs\\\/#\\\/schema\\\/logo\\\/image\\\/\",\"url\":\"https:\\\/\\\/kt.gov.rs\\\/wp-content\\\/uploads\\\/2024\\\/12\\\/koord2.jpg\",\"contentUrl\":\"https:\\\/\\\/kt.gov.rs\\\/wp-content\\\/uploads\\\/2024\\\/12\\\/koord2.jpg\",\"width\":640,\"height\":480,\"caption\":\"\u041a\u043e\u043e\u0440\u0434\u0438\u043d\u0430\u0446\u0438\u043e\u043d\u043e \u0442\u0435\u043b\u043e \u0412\u043b\u0430\u0434\u0435 \u0420\u0435\u043f\u0443\u0431\u043b\u0438\u043a\u0435 \u0421\u0440\u0431\u0438\u0458\u0435 \u0437\u0430 \u043e\u043f\u0448\u0442\u0438\u043d\u0435 \u041f\u0440\u0435\u0448\u0435\u0432\u043e, \u0411\u0443\u0458\u0430\u043d\u043e\u0432\u0430\u0446 \u0438 \u041c\u0435\u0434\u0432\u0435\u0452a\"},\"image\":{\"@id\":\"https:\\\/\\\/kt.gov.rs\\\/#\\\/schema\\\/logo\\\/image\\\/\"},\"sameAs\":[\"https:\\\/\\\/www.facebook.com\\\/SluzbaKoordinacionogTelaVladeRepublikeSrbije\",\"https:\\\/\\\/x.com\\\/kt_gov\",\"https:\\\/\\\/www.youtube.com\\\/@koordinacionotelo\"]},{\"@type\":\"Person\",\"@id\":\"https:\\\/\\\/kt.gov.rs\\\/#\\\/schema\\\/person\\\/e426459ddb4173309103390602694571\",\"name\":\"ktmin\",\"image\":{\"@type\":\"ImageObject\",\"inLanguage\":\"sq-AL\",\"@id\":\"https:\\\/\\\/secure.gravatar.com\\\/avatar\\\/3985c961109853010c3fbc7ba30365bfba5db3dd6c525831d9c595c7525a615a?s=96&d=mm&r=g\",\"url\":\"https:\\\/\\\/secure.gravatar.com\\\/avatar\\\/3985c961109853010c3fbc7ba30365bfba5db3dd6c525831d9c595c7525a615a?s=96&d=mm&r=g\",\"contentUrl\":\"https:\\\/\\\/secure.gravatar.com\\\/avatar\\\/3985c961109853010c3fbc7ba30365bfba5db3dd6c525831d9c595c7525a615a?s=96&d=mm&r=g\",\"caption\":\"ktmin\"},\"sameAs\":[\"https:\\\/\\\/kt.gov.rs\"],\"url\":\"https:\\\/\\\/kt.gov.rs\\\/sq\\\/author\\\/ktmin\\\/\"}]}<\/script>\n<!-- \/ Yoast SEO plugin. -->","yoast_head_json":{"title":"GJUKIQ DEJANOVIQ DHE STANKOVIQ N\u00cb PRESHEV\u00cb - Republika e S\u00ebrbis\u00eb Trupi Koordinues p\u00ebr komunat Bujanoc, Preshev\u00eb dhe Medvegj\u00eb","robots":{"index":"index","follow":"follow","max-snippet":"max-snippet:-1","max-image-preview":"max-image-preview:large","max-video-preview":"max-video-preview:-1"},"canonical":"https:\/\/kt.gov.rs\/sq\/gjukiq-dejanoviq-dhe-stankoviq-ne-presheve\/","og_locale":"sq_AL","og_type":"article","og_title":"GJUKIQ DEJANOVIQ DHE STANKOVIQ N\u00cb PRESHEV\u00cb - Republika e S\u00ebrbis\u00eb Trupi Koordinues p\u00ebr komunat Bujanoc, Preshev\u00eb dhe Medvegj\u00eb","og_description":"Preshev\u00eb - Ministrja e Sh\u00ebndet\u00ebsis\u00eb Slavica\u00a0Gjukiq\u00a0Dejanoviq dhe kryetari i Trupit Koordinues p\u00ebr komunat Preshev\u00eb, Bujanoc dhe\u00a0Medvegj\u00eb Zoran Stankoviq\u00a0 sot n\u00eb Preshev\u00eb do t\u00eb bisedojn\u00eb me p\u00ebrfaq\u00ebsuesit politik\u00eb t\u00eb shqiptar\u00ebve p\u00ebr zgjidhjen e problemeve n\u00eb k\u00ebt\u00eb fush\u00eb.","og_url":"https:\/\/kt.gov.rs\/sq\/gjukiq-dejanoviq-dhe-stankoviq-ne-presheve\/","og_site_name":"Republika e S\u00ebrbis\u00eb Trupi Koordinues p\u00ebr komunat Bujanoc, Preshev\u00eb dhe Medvegj\u00eb","article_publisher":"https:\/\/www.facebook.com\/SluzbaKoordinacionogTelaVladeRepublikeSrbije","article_published_time":"2013-10-29T00:00:00+00:00","article_modified_time":"2024-07-30T20:14:36+00:00","og_image":[{"width":315,"height":180,"url":"https:\/\/kt.gov.rs\/wp-content\/uploads\/2024\/07\/newspic316v-5.jpg","type":"image\/jpeg"}],"author":"ktmin","twitter_card":"summary_large_image","twitter_creator":"@kt_gov","twitter_site":"@kt_gov","twitter_misc":{"Written by":"ktmin","Est. reading time":"3 minutes"},"schema":{"@context":"https:\/\/schema.org","@graph":[{"@type":"Article","@id":"https:\/\/kt.gov.rs\/sq\/gjukiq-dejanoviq-dhe-stankoviq-ne-presheve\/#article","isPartOf":{"@id":"https:\/\/kt.gov.rs\/sq\/gjukiq-dejanoviq-dhe-stankoviq-ne-presheve\/"},"author":{"name":"ktmin","@id":"https:\/\/kt.gov.rs\/#\/schema\/person\/e426459ddb4173309103390602694571"},"headline":"GJUKIQ DEJANOVIQ DHE STANKOVIQ N\u00cb PRESHEV\u00cb","datePublished":"2013-10-29T00:00:00+00:00","dateModified":"2024-07-30T20:14:36+00:00","mainEntityOfPage":{"@id":"https:\/\/kt.gov.rs\/sq\/gjukiq-dejanoviq-dhe-stankoviq-ne-presheve\/"},"wordCount":548,"publisher":{"@id":"https:\/\/kt.gov.rs\/#organization"},"image":{"@id":"https:\/\/kt.gov.rs\/sq\/gjukiq-dejanoviq-dhe-stankoviq-ne-presheve\/#primaryimage"},"thumbnailUrl":"https:\/\/kt.gov.rs\/wp-content\/uploads\/2024\/07\/newspic316v-5.jpg","articleSection":["Lajme"],"inLanguage":"sq-AL"},{"@type":"WebPage","@id":"https:\/\/kt.gov.rs\/sq\/gjukiq-dejanoviq-dhe-stankoviq-ne-presheve\/","url":"https:\/\/kt.gov.rs\/sq\/gjukiq-dejanoviq-dhe-stankoviq-ne-presheve\/","name":"GJUKIQ DEJANOVIQ DHE STANKOVIQ N\u00cb PRESHEV\u00cb - Republika e S\u00ebrbis\u00eb Trupi Koordinues p\u00ebr komunat Bujanoc, Preshev\u00eb dhe Medvegj\u00eb","isPartOf":{"@id":"https:\/\/kt.gov.rs\/#website"},"primaryImageOfPage":{"@id":"https:\/\/kt.gov.rs\/sq\/gjukiq-dejanoviq-dhe-stankoviq-ne-presheve\/#primaryimage"},"image":{"@id":"https:\/\/kt.gov.rs\/sq\/gjukiq-dejanoviq-dhe-stankoviq-ne-presheve\/#primaryimage"},"thumbnailUrl":"https:\/\/kt.gov.rs\/wp-content\/uploads\/2024\/07\/newspic316v-5.jpg","datePublished":"2013-10-29T00:00:00+00:00","dateModified":"2024-07-30T20:14:36+00:00","breadcrumb":{"@id":"https:\/\/kt.gov.rs\/sq\/gjukiq-dejanoviq-dhe-stankoviq-ne-presheve\/#breadcrumb"},"inLanguage":"sq-AL","potentialAction":[{"@type":"ReadAction","target":["https:\/\/kt.gov.rs\/sq\/gjukiq-dejanoviq-dhe-stankoviq-ne-presheve\/"]}]},{"@type":"ImageObject","inLanguage":"sq-AL","@id":"https:\/\/kt.gov.rs\/sq\/gjukiq-dejanoviq-dhe-stankoviq-ne-presheve\/#primaryimage","url":"https:\/\/kt.gov.rs\/wp-content\/uploads\/2024\/07\/newspic316v-5.jpg","contentUrl":"https:\/\/kt.gov.rs\/wp-content\/uploads\/2024\/07\/newspic316v-5.jpg","width":315,"height":180},{"@type":"BreadcrumbList","@id":"https:\/\/kt.gov.rs\/sq\/gjukiq-dejanoviq-dhe-stankoviq-ne-presheve\/#breadcrumb","itemListElement":[{"@type":"ListItem","position":1,"name":"\u041f\u043e\u0447\u0435\u0442\u043d\u0430","item":"https:\/\/kt.gov.rs\/sq\/"},{"@type":"ListItem","position":2,"name":"GJUKIQ DEJANOVIQ DHE STANKOVIQ N\u00cb PRESHEV\u00cb"}]},{"@type":"WebSite","@id":"https:\/\/kt.gov.rs\/#website","url":"https:\/\/kt.gov.rs\/","name":"\u041a\u043e\u043e\u0440\u0434\u0438\u043d\u0430\u0446\u0438\u043e\u043d\u043e \u0442\u0435\u043b\u043e \u0412\u043b\u0430\u0434\u0435 \u0420\u0435\u043f\u0443\u0431\u043b\u0438\u043a\u0435 \u0421\u0440\u0431\u0438\u0458\u0435 \u0437\u0430 \u043e\u043f\u0448\u0442\u0438\u043d\u0435 \u041f\u0440\u0435\u0448\u0435\u0432\u043e, \u0411\u0443\u0458\u0430\u043d\u043e\u0432\u0430\u0446 \u0438 \u041c\u0435\u0434\u0432\u0435\u0452a","description":"","publisher":{"@id":"https:\/\/kt.gov.rs\/#organization"},"alternateName":"\u041a\u043e\u043e\u0440\u0434\u0438\u043d\u0430\u0446\u0438\u043e\u043d\u043e \u0442\u0435\u043b\u043e","potentialAction":[{"@type":"SearchAction","target":{"@type":"EntryPoint","urlTemplate":"https:\/\/kt.gov.rs\/?s={search_term_string}"},"query-input":{"@type":"PropertyValueSpecification","valueRequired":true,"valueName":"search_term_string"}}],"inLanguage":"sq-AL"},{"@type":"Organization","@id":"https:\/\/kt.gov.rs\/#organization","name":"\u041a\u043e\u043e\u0440\u0434\u0438\u043d\u0430\u0446\u0438\u043e\u043d\u043e \u0442\u0435\u043b\u043e \u0412\u043b\u0430\u0434\u0435 \u0420\u0435\u043f\u0443\u0431\u043b\u0438\u043a\u0435 \u0421\u0440\u0431\u0438\u0458\u0435 \u0437\u0430 \u043e\u043f\u0448\u0442\u0438\u043d\u0435 \u041f\u0440\u0435\u0448\u0435\u0432\u043e, \u0411\u0443\u0458\u0430\u043d\u043e\u0432\u0430\u0446 \u0438 \u041c\u0435\u0434\u0432\u0435\u0452a","alternateName":"\u041a\u043e\u043e\u0440\u0434\u0438\u043d\u0430\u0446\u0438\u043e\u043d\u043e \u0442\u0435\u043b\u043e","url":"https:\/\/kt.gov.rs\/","logo":{"@type":"ImageObject","inLanguage":"sq-AL","@id":"https:\/\/kt.gov.rs\/#\/schema\/logo\/image\/","url":"https:\/\/kt.gov.rs\/wp-content\/uploads\/2024\/12\/koord2.jpg","contentUrl":"https:\/\/kt.gov.rs\/wp-content\/uploads\/2024\/12\/koord2.jpg","width":640,"height":480,"caption":"\u041a\u043e\u043e\u0440\u0434\u0438\u043d\u0430\u0446\u0438\u043e\u043d\u043e \u0442\u0435\u043b\u043e \u0412\u043b\u0430\u0434\u0435 \u0420\u0435\u043f\u0443\u0431\u043b\u0438\u043a\u0435 \u0421\u0440\u0431\u0438\u0458\u0435 \u0437\u0430 \u043e\u043f\u0448\u0442\u0438\u043d\u0435 \u041f\u0440\u0435\u0448\u0435\u0432\u043e, \u0411\u0443\u0458\u0430\u043d\u043e\u0432\u0430\u0446 \u0438 \u041c\u0435\u0434\u0432\u0435\u0452a"},"image":{"@id":"https:\/\/kt.gov.rs\/#\/schema\/logo\/image\/"},"sameAs":["https:\/\/www.facebook.com\/SluzbaKoordinacionogTelaVladeRepublikeSrbije","https:\/\/x.com\/kt_gov","https:\/\/www.youtube.com\/@koordinacionotelo"]},{"@type":"Person","@id":"https:\/\/kt.gov.rs\/#\/schema\/person\/e426459ddb4173309103390602694571","name":"ktmin","image":{"@type":"ImageObject","inLanguage":"sq-AL","@id":"https:\/\/secure.gravatar.com\/avatar\/3985c961109853010c3fbc7ba30365bfba5db3dd6c525831d9c595c7525a615a?s=96&d=mm&r=g","url":"https:\/\/secure.gravatar.com\/avatar\/3985c961109853010c3fbc7ba30365bfba5db3dd6c525831d9c595c7525a615a?s=96&d=mm&r=g","contentUrl":"https:\/\/secure.gravatar.com\/avatar\/3985c961109853010c3fbc7ba30365bfba5db3dd6c525831d9c595c7525a615a?s=96&d=mm&r=g","caption":"ktmin"},"sameAs":["https:\/\/kt.gov.rs"],"url":"https:\/\/kt.gov.rs\/sq\/author\/ktmin\/"}]}},"_links":{"self":[{"href":"https:\/\/kt.gov.rs\/sq\/wp-json\/wp\/v2\/posts\/140198","targetHints":{"allow":["GET"]}}],"collection":[{"href":"https:\/\/kt.gov.rs\/sq\/wp-json\/wp\/v2\/posts"}],"about":[{"href":"https:\/\/kt.gov.rs\/sq\/wp-json\/wp\/v2\/types\/post"}],"author":[{"embeddable":true,"href":"https:\/\/kt.gov.rs\/sq\/wp-json\/wp\/v2\/users\/1"}],"replies":[{"embeddable":true,"href":"https:\/\/kt.gov.rs\/sq\/wp-json\/wp\/v2\/comments?post=140198"}],"version-history":[{"count":1,"href":"https:\/\/kt.gov.rs\/sq\/wp-json\/wp\/v2\/posts\/140198\/revisions"}],"predecessor-version":[{"id":140202,"href":"https:\/\/kt.gov.rs\/sq\/wp-json\/wp\/v2\/posts\/140198\/revisions\/140202"}],"wp:featuredmedia":[{"embeddable":true,"href":"https:\/\/kt.gov.rs\/sq\/wp-json\/wp\/v2\/media\/140203"}],"wp:attachment":[{"href":"https:\/\/kt.gov.rs\/sq\/wp-json\/wp\/v2\/media?parent=140198"}],"wp:term":[{"taxonomy":"category","embeddable":true,"href":"https:\/\/kt.gov.rs\/sq\/wp-json\/wp\/v2\/categories?post=140198"},{"taxonomy":"post_tag","embeddable":true,"href":"https:\/\/kt.gov.rs\/sq\/wp-json\/wp\/v2\/tags?post=140198"}],"curies":[{"name":"wp","href":"https:\/\/api.w.org\/{rel}","templated":true}]}}