{"id":140190,"date":"2013-10-29T00:00:00","date_gmt":"2013-10-29T00:00:00","guid":{"rendered":"http:\/\/kt.printandscreen.rs\/pus-te-ri-per-te-furnizuar-qytetaret-me-uje\/"},"modified":"2024-07-30T20:14:36","modified_gmt":"2024-07-30T20:14:36","slug":"pus-te-ri-per-te-furnizuar-qytetaret-me-uje","status":"publish","type":"post","link":"https:\/\/kt.gov.rs\/sq\/pus-te-ri-per-te-furnizuar-qytetaret-me-uje\/","title":{"rendered":"PUS T\u00cb RI P\u00cbR T\u00cb FURNIZUAR QYTETAR\u00cbT ME UJ\u00cb"},"content":{"rendered":"<p>\n\t<strong><img decoding=\"async\" alt=\"\" src=\"https:\/\/kt.gov.rs\/wp-content\/uploads\/2024\/07\/newspic317v-4.jpg\" style=\"width: 315px; height: 180px; float: left;\" \/>Nd\u00ebrmarrja Publike \u201cKomunalia\u201d do t\u00eb b\u00ebhet edhe me nj\u00eb pus t\u00eb ri i cili do t\u00eb sh\u00ebrbej\u00eb p\u00ebr furnizim m\u00eb t\u00eb mir\u00eb t\u00eb qytetar\u00ebve me uj\u00eb t\u00eb pijsh\u00ebm.<\/strong><\/p>\n<p>\n\tP\u00ebrfaq\u00ebsuesit e programit EU Progres q\u00eb financojn\u00eb k\u00ebt\u00eb projekt s\u00eb bashku me komun\u00ebn se Bujanocit, kan\u00eb q\u00ebndruar n\u00eb stacionin p\u00ebr furnizim me uj\u00eb, n\u00eb dalje t\u00eb Bujanocit, n\u00eb rrug\u00ebn p\u00ebr n\u00eb fshatin Llu\u00e7an.<\/p>\n<p>\n\tN\u00eb k\u00ebt\u00eb lokacion do t\u00eb hapet pusi i 14-t\u00eb p\u00ebr t\u00eb p\u00ebrmir\u00ebsuar gjendjen e furnizimit me uj\u00eb. Ky pus do t\u00eb ket\u00eb kapacitetin nga 10 deri n\u00eb 12 litra p\u00ebr sekond\u00eb me furnizim me uj\u00eb t\u00eb pijsh\u00ebm.<\/p>\n<p>\n\t\u00a0\u201cNe kemi b\u00ebr\u00eb nj\u00eb k\u00ebrkes\u00eb programit \u201cProgres\u201d, p\u00ebr ta rritur kapacitetin e ujit n\u00eb qytetin e Bujanocit. Sipas asaj q\u00eb kan\u00eb dh\u00ebn\u00eb ekspert\u00ebt, me hapjen do t\u00eb rritet kapaciteti i furnizimit edhe me 10 litra uj\u00eb n\u00eb sekond\u00eb\u201d, thot\u00eb kryetari Arifi<\/p>\n<p>\n\tJasmina Illiq, udh\u00ebheq\u00ebse e komponent\u00ebve t\u00eb infrastruktur\u00ebs nga EU-Progress, thot\u00eb se ky projekt do t\u00eb realizohet n\u00eb bashk\u00ebpunim me komun\u00eb e Bujanocit, mjetet jan\u00eb t\u00eb siguruara nga Unioni Evropian dhe Qeveria e Zvicr\u00ebs.<\/p>\n<p>\n\t\u00a0\u201cProjekti ka vler\u00ebn 4 milion e 200 mij\u00eb dinar\u00eb, nd\u00ebrkaq kapaciteti i pusit pritet t\u00eb jet\u00eb 12 litra n\u00eb sekond\u00eb \u00e7ka jam e sigurt se nuk do ta zgjidh problemin komplet me uj\u00eb t\u00eb pijsh\u00ebm n\u00eb komun\u00ebn e Bujanocit, por \u00ebsht\u00eb nj\u00eb gj\u00eb e mir\u00eb sepse kjo do t\u00eb thot\u00eb nj\u00eb fillim p\u00ebr zgjidhjen e problemit.Presim q\u00eb punimet t\u00eb kryhen sa m\u00eb shpejt dhe ky pus t\u00eb hyj\u00eb n\u00eb funksion n\u00eb fillim t\u00eb dhjetorit\u201d, potencoi Illiq.<\/p>\n<p>\n\tBuxheti i komun\u00ebs s\u00eb Bujanocit p\u00ebr pusin e ri do t\u00eb ndaj\u00eb edhe 1 milion dinar\u00eb p\u00ebr nevojat e elektrifikimit deri tek shpimi i ri.<\/p>\n<p>\n\tSipas kontrat\u00ebs q\u00eb \u00ebsht\u00eb n\u00ebnshkruar n\u00eb mes pushtetit lokal, programit Progres dhe kryer\u00ebsit t\u00eb pun\u00ebs \u201cVodoTeknika\u201d nga Beogradi, punimet p\u00ebr hapje e pusit do t\u00eb fillojn\u00eb jav\u00eb e ardhshme.<\/p>\n<p>\n\t<strong>Burimi:Titulli dhe Trupi Koordinues<\/strong><\/p>\n<p>\n\t\u00a0<\/p>\n","protected":false},"excerpt":{"rendered":"<p>Nd\u00ebrmarrja Publike \u201cKomunalia\u201d do t\u00eb b\u00ebhet edhe me nj\u00eb pus t\u00eb ri i cili do t\u00eb sh\u00ebrbej\u00eb p\u00ebr furnizim m\u00eb t\u00eb mir\u00eb t\u00eb qytetar\u00ebve me uj\u00eb t\u00eb pijsh\u00ebm.<\/p>\n","protected":false},"author":1,"featured_media":140195,"comment_status":"closed","ping_status":"closed","sticky":false,"template":"","format":"standard","meta":{"footnotes":""},"categories":[55],"tags":[],"class_list":["post-140190","post","type-post","status-publish","format-standard","has-post-thumbnail","hentry","category-lajme"],"yoast_head":"<!-- This site is optimized with the Yoast SEO plugin v27.5 - https:\/\/yoast.com\/product\/yoast-seo-wordpress\/ -->\n<title>PUS T\u00cb RI P\u00cbR T\u00cb FURNIZUAR QYTETAR\u00cbT ME UJ\u00cb - Republika e S\u00ebrbis\u00eb Trupi Koordinues p\u00ebr komunat Bujanoc, Preshev\u00eb dhe Medvegj\u00eb<\/title>\n<meta name=\"robots\" content=\"index, follow, max-snippet:-1, max-image-preview:large, max-video-preview:-1\" \/>\n<link rel=\"canonical\" href=\"https:\/\/kt.gov.rs\/sq\/pus-te-ri-per-te-furnizuar-qytetaret-me-uje\/\" \/>\n<meta property=\"og:locale\" content=\"sq_AL\" \/>\n<meta property=\"og:type\" content=\"article\" \/>\n<meta property=\"og:title\" content=\"PUS T\u00cb RI P\u00cbR T\u00cb FURNIZUAR QYTETAR\u00cbT ME UJ\u00cb - Republika e S\u00ebrbis\u00eb Trupi Koordinues p\u00ebr komunat Bujanoc, Preshev\u00eb dhe Medvegj\u00eb\" \/>\n<meta property=\"og:description\" content=\"Nd\u00ebrmarrja Publike \u201cKomunalia\u201d do t\u00eb b\u00ebhet edhe me nj\u00eb pus t\u00eb ri i cili do t\u00eb sh\u00ebrbej\u00eb p\u00ebr furnizim m\u00eb t\u00eb mir\u00eb t\u00eb qytetar\u00ebve me uj\u00eb t\u00eb pijsh\u00ebm.\" \/>\n<meta property=\"og:url\" content=\"https:\/\/kt.gov.rs\/sq\/pus-te-ri-per-te-furnizuar-qytetaret-me-uje\/\" \/>\n<meta property=\"og:site_name\" content=\"Republika e S\u00ebrbis\u00eb Trupi Koordinues p\u00ebr komunat Bujanoc, Preshev\u00eb dhe Medvegj\u00eb\" \/>\n<meta property=\"article:publisher\" content=\"https:\/\/www.facebook.com\/SluzbaKoordinacionogTelaVladeRepublikeSrbije\" \/>\n<meta property=\"article:published_time\" content=\"2013-10-29T00:00:00+00:00\" \/>\n<meta property=\"article:modified_time\" content=\"2024-07-30T20:14:36+00:00\" \/>\n<meta property=\"og:image\" content=\"https:\/\/kt.gov.rs\/wp-content\/uploads\/2024\/07\/newspic317v-5.jpg\" \/>\n\t<meta property=\"og:image:width\" content=\"315\" \/>\n\t<meta property=\"og:image:height\" content=\"180\" \/>\n\t<meta property=\"og:image:type\" content=\"image\/jpeg\" \/>\n<meta name=\"author\" content=\"ktmin\" \/>\n<meta name=\"twitter:card\" content=\"summary_large_image\" \/>\n<meta name=\"twitter:creator\" content=\"@kt_gov\" \/>\n<meta name=\"twitter:site\" content=\"@kt_gov\" \/>\n<meta name=\"twitter:label1\" content=\"Written by\" \/>\n\t<meta name=\"twitter:data1\" content=\"ktmin\" \/>\n\t<meta name=\"twitter:label2\" content=\"Est. reading time\" \/>\n\t<meta name=\"twitter:data2\" content=\"2 minutes\" \/>\n<script type=\"application\/ld+json\" class=\"yoast-schema-graph\">{\"@context\":\"https:\\\/\\\/schema.org\",\"@graph\":[{\"@type\":\"Article\",\"@id\":\"https:\\\/\\\/kt.gov.rs\\\/sq\\\/pus-te-ri-per-te-furnizuar-qytetaret-me-uje\\\/#article\",\"isPartOf\":{\"@id\":\"https:\\\/\\\/kt.gov.rs\\\/sq\\\/pus-te-ri-per-te-furnizuar-qytetaret-me-uje\\\/\"},\"author\":{\"name\":\"ktmin\",\"@id\":\"https:\\\/\\\/kt.gov.rs\\\/#\\\/schema\\\/person\\\/e426459ddb4173309103390602694571\"},\"headline\":\"PUS T\u00cb RI P\u00cbR T\u00cb FURNIZUAR QYTETAR\u00cbT ME UJ\u00cb\",\"datePublished\":\"2013-10-29T00:00:00+00:00\",\"dateModified\":\"2024-07-30T20:14:36+00:00\",\"mainEntityOfPage\":{\"@id\":\"https:\\\/\\\/kt.gov.rs\\\/sq\\\/pus-te-ri-per-te-furnizuar-qytetaret-me-uje\\\/\"},\"wordCount\":506,\"publisher\":{\"@id\":\"https:\\\/\\\/kt.gov.rs\\\/#organization\"},\"image\":{\"@id\":\"https:\\\/\\\/kt.gov.rs\\\/sq\\\/pus-te-ri-per-te-furnizuar-qytetaret-me-uje\\\/#primaryimage\"},\"thumbnailUrl\":\"https:\\\/\\\/kt.gov.rs\\\/wp-content\\\/uploads\\\/2024\\\/07\\\/newspic317v-5.jpg\",\"articleSection\":[\"Lajme\"],\"inLanguage\":\"sq-AL\"},{\"@type\":\"WebPage\",\"@id\":\"https:\\\/\\\/kt.gov.rs\\\/sq\\\/pus-te-ri-per-te-furnizuar-qytetaret-me-uje\\\/\",\"url\":\"https:\\\/\\\/kt.gov.rs\\\/sq\\\/pus-te-ri-per-te-furnizuar-qytetaret-me-uje\\\/\",\"name\":\"PUS T\u00cb RI P\u00cbR T\u00cb FURNIZUAR QYTETAR\u00cbT ME UJ\u00cb - Republika e S\u00ebrbis\u00eb Trupi Koordinues p\u00ebr komunat Bujanoc, Preshev\u00eb dhe Medvegj\u00eb\",\"isPartOf\":{\"@id\":\"https:\\\/\\\/kt.gov.rs\\\/#website\"},\"primaryImageOfPage\":{\"@id\":\"https:\\\/\\\/kt.gov.rs\\\/sq\\\/pus-te-ri-per-te-furnizuar-qytetaret-me-uje\\\/#primaryimage\"},\"image\":{\"@id\":\"https:\\\/\\\/kt.gov.rs\\\/sq\\\/pus-te-ri-per-te-furnizuar-qytetaret-me-uje\\\/#primaryimage\"},\"thumbnailUrl\":\"https:\\\/\\\/kt.gov.rs\\\/wp-content\\\/uploads\\\/2024\\\/07\\\/newspic317v-5.jpg\",\"datePublished\":\"2013-10-29T00:00:00+00:00\",\"dateModified\":\"2024-07-30T20:14:36+00:00\",\"breadcrumb\":{\"@id\":\"https:\\\/\\\/kt.gov.rs\\\/sq\\\/pus-te-ri-per-te-furnizuar-qytetaret-me-uje\\\/#breadcrumb\"},\"inLanguage\":\"sq-AL\",\"potentialAction\":[{\"@type\":\"ReadAction\",\"target\":[\"https:\\\/\\\/kt.gov.rs\\\/sq\\\/pus-te-ri-per-te-furnizuar-qytetaret-me-uje\\\/\"]}]},{\"@type\":\"ImageObject\",\"inLanguage\":\"sq-AL\",\"@id\":\"https:\\\/\\\/kt.gov.rs\\\/sq\\\/pus-te-ri-per-te-furnizuar-qytetaret-me-uje\\\/#primaryimage\",\"url\":\"https:\\\/\\\/kt.gov.rs\\\/wp-content\\\/uploads\\\/2024\\\/07\\\/newspic317v-5.jpg\",\"contentUrl\":\"https:\\\/\\\/kt.gov.rs\\\/wp-content\\\/uploads\\\/2024\\\/07\\\/newspic317v-5.jpg\",\"width\":315,\"height\":180},{\"@type\":\"BreadcrumbList\",\"@id\":\"https:\\\/\\\/kt.gov.rs\\\/sq\\\/pus-te-ri-per-te-furnizuar-qytetaret-me-uje\\\/#breadcrumb\",\"itemListElement\":[{\"@type\":\"ListItem\",\"position\":1,\"name\":\"\u041f\u043e\u0447\u0435\u0442\u043d\u0430\",\"item\":\"https:\\\/\\\/kt.gov.rs\\\/sq\\\/\"},{\"@type\":\"ListItem\",\"position\":2,\"name\":\"PUS T\u00cb RI P\u00cbR T\u00cb FURNIZUAR QYTETAR\u00cbT ME UJ\u00cb\"}]},{\"@type\":\"WebSite\",\"@id\":\"https:\\\/\\\/kt.gov.rs\\\/#website\",\"url\":\"https:\\\/\\\/kt.gov.rs\\\/\",\"name\":\"\u041a\u043e\u043e\u0440\u0434\u0438\u043d\u0430\u0446\u0438\u043e\u043d\u043e \u0442\u0435\u043b\u043e \u0412\u043b\u0430\u0434\u0435 \u0420\u0435\u043f\u0443\u0431\u043b\u0438\u043a\u0435 \u0421\u0440\u0431\u0438\u0458\u0435 \u0437\u0430 \u043e\u043f\u0448\u0442\u0438\u043d\u0435 \u041f\u0440\u0435\u0448\u0435\u0432\u043e, \u0411\u0443\u0458\u0430\u043d\u043e\u0432\u0430\u0446 \u0438 \u041c\u0435\u0434\u0432\u0435\u0452a\",\"description\":\"\",\"publisher\":{\"@id\":\"https:\\\/\\\/kt.gov.rs\\\/#organization\"},\"alternateName\":\"\u041a\u043e\u043e\u0440\u0434\u0438\u043d\u0430\u0446\u0438\u043e\u043d\u043e \u0442\u0435\u043b\u043e\",\"potentialAction\":[{\"@type\":\"SearchAction\",\"target\":{\"@type\":\"EntryPoint\",\"urlTemplate\":\"https:\\\/\\\/kt.gov.rs\\\/?s={search_term_string}\"},\"query-input\":{\"@type\":\"PropertyValueSpecification\",\"valueRequired\":true,\"valueName\":\"search_term_string\"}}],\"inLanguage\":\"sq-AL\"},{\"@type\":\"Organization\",\"@id\":\"https:\\\/\\\/kt.gov.rs\\\/#organization\",\"name\":\"\u041a\u043e\u043e\u0440\u0434\u0438\u043d\u0430\u0446\u0438\u043e\u043d\u043e \u0442\u0435\u043b\u043e \u0412\u043b\u0430\u0434\u0435 \u0420\u0435\u043f\u0443\u0431\u043b\u0438\u043a\u0435 \u0421\u0440\u0431\u0438\u0458\u0435 \u0437\u0430 \u043e\u043f\u0448\u0442\u0438\u043d\u0435 \u041f\u0440\u0435\u0448\u0435\u0432\u043e, \u0411\u0443\u0458\u0430\u043d\u043e\u0432\u0430\u0446 \u0438 \u041c\u0435\u0434\u0432\u0435\u0452a\",\"alternateName\":\"\u041a\u043e\u043e\u0440\u0434\u0438\u043d\u0430\u0446\u0438\u043e\u043d\u043e \u0442\u0435\u043b\u043e\",\"url\":\"https:\\\/\\\/kt.gov.rs\\\/\",\"logo\":{\"@type\":\"ImageObject\",\"inLanguage\":\"sq-AL\",\"@id\":\"https:\\\/\\\/kt.gov.rs\\\/#\\\/schema\\\/logo\\\/image\\\/\",\"url\":\"https:\\\/\\\/kt.gov.rs\\\/wp-content\\\/uploads\\\/2024\\\/12\\\/koord2.jpg\",\"contentUrl\":\"https:\\\/\\\/kt.gov.rs\\\/wp-content\\\/uploads\\\/2024\\\/12\\\/koord2.jpg\",\"width\":640,\"height\":480,\"caption\":\"\u041a\u043e\u043e\u0440\u0434\u0438\u043d\u0430\u0446\u0438\u043e\u043d\u043e \u0442\u0435\u043b\u043e \u0412\u043b\u0430\u0434\u0435 \u0420\u0435\u043f\u0443\u0431\u043b\u0438\u043a\u0435 \u0421\u0440\u0431\u0438\u0458\u0435 \u0437\u0430 \u043e\u043f\u0448\u0442\u0438\u043d\u0435 \u041f\u0440\u0435\u0448\u0435\u0432\u043e, \u0411\u0443\u0458\u0430\u043d\u043e\u0432\u0430\u0446 \u0438 \u041c\u0435\u0434\u0432\u0435\u0452a\"},\"image\":{\"@id\":\"https:\\\/\\\/kt.gov.rs\\\/#\\\/schema\\\/logo\\\/image\\\/\"},\"sameAs\":[\"https:\\\/\\\/www.facebook.com\\\/SluzbaKoordinacionogTelaVladeRepublikeSrbije\",\"https:\\\/\\\/x.com\\\/kt_gov\",\"https:\\\/\\\/www.youtube.com\\\/@koordinacionotelo\"]},{\"@type\":\"Person\",\"@id\":\"https:\\\/\\\/kt.gov.rs\\\/#\\\/schema\\\/person\\\/e426459ddb4173309103390602694571\",\"name\":\"ktmin\",\"image\":{\"@type\":\"ImageObject\",\"inLanguage\":\"sq-AL\",\"@id\":\"https:\\\/\\\/secure.gravatar.com\\\/avatar\\\/3985c961109853010c3fbc7ba30365bfba5db3dd6c525831d9c595c7525a615a?s=96&d=mm&r=g\",\"url\":\"https:\\\/\\\/secure.gravatar.com\\\/avatar\\\/3985c961109853010c3fbc7ba30365bfba5db3dd6c525831d9c595c7525a615a?s=96&d=mm&r=g\",\"contentUrl\":\"https:\\\/\\\/secure.gravatar.com\\\/avatar\\\/3985c961109853010c3fbc7ba30365bfba5db3dd6c525831d9c595c7525a615a?s=96&d=mm&r=g\",\"caption\":\"ktmin\"},\"sameAs\":[\"https:\\\/\\\/kt.gov.rs\"],\"url\":\"https:\\\/\\\/kt.gov.rs\\\/sq\\\/author\\\/ktmin\\\/\"}]}<\/script>\n<!-- \/ Yoast SEO plugin. -->","yoast_head_json":{"title":"PUS T\u00cb RI P\u00cbR T\u00cb FURNIZUAR QYTETAR\u00cbT ME UJ\u00cb - Republika e S\u00ebrbis\u00eb Trupi Koordinues p\u00ebr komunat Bujanoc, Preshev\u00eb dhe Medvegj\u00eb","robots":{"index":"index","follow":"follow","max-snippet":"max-snippet:-1","max-image-preview":"max-image-preview:large","max-video-preview":"max-video-preview:-1"},"canonical":"https:\/\/kt.gov.rs\/sq\/pus-te-ri-per-te-furnizuar-qytetaret-me-uje\/","og_locale":"sq_AL","og_type":"article","og_title":"PUS T\u00cb RI P\u00cbR T\u00cb FURNIZUAR QYTETAR\u00cbT ME UJ\u00cb - Republika e S\u00ebrbis\u00eb Trupi Koordinues p\u00ebr komunat Bujanoc, Preshev\u00eb dhe Medvegj\u00eb","og_description":"Nd\u00ebrmarrja Publike \u201cKomunalia\u201d do t\u00eb b\u00ebhet edhe me nj\u00eb pus t\u00eb ri i cili do t\u00eb sh\u00ebrbej\u00eb p\u00ebr furnizim m\u00eb t\u00eb mir\u00eb t\u00eb qytetar\u00ebve me uj\u00eb t\u00eb pijsh\u00ebm.","og_url":"https:\/\/kt.gov.rs\/sq\/pus-te-ri-per-te-furnizuar-qytetaret-me-uje\/","og_site_name":"Republika e S\u00ebrbis\u00eb Trupi Koordinues p\u00ebr komunat Bujanoc, Preshev\u00eb dhe Medvegj\u00eb","article_publisher":"https:\/\/www.facebook.com\/SluzbaKoordinacionogTelaVladeRepublikeSrbije","article_published_time":"2013-10-29T00:00:00+00:00","article_modified_time":"2024-07-30T20:14:36+00:00","og_image":[{"width":315,"height":180,"url":"https:\/\/kt.gov.rs\/wp-content\/uploads\/2024\/07\/newspic317v-5.jpg","type":"image\/jpeg"}],"author":"ktmin","twitter_card":"summary_large_image","twitter_creator":"@kt_gov","twitter_site":"@kt_gov","twitter_misc":{"Written by":"ktmin","Est. reading time":"2 minutes"},"schema":{"@context":"https:\/\/schema.org","@graph":[{"@type":"Article","@id":"https:\/\/kt.gov.rs\/sq\/pus-te-ri-per-te-furnizuar-qytetaret-me-uje\/#article","isPartOf":{"@id":"https:\/\/kt.gov.rs\/sq\/pus-te-ri-per-te-furnizuar-qytetaret-me-uje\/"},"author":{"name":"ktmin","@id":"https:\/\/kt.gov.rs\/#\/schema\/person\/e426459ddb4173309103390602694571"},"headline":"PUS T\u00cb RI P\u00cbR T\u00cb FURNIZUAR QYTETAR\u00cbT ME UJ\u00cb","datePublished":"2013-10-29T00:00:00+00:00","dateModified":"2024-07-30T20:14:36+00:00","mainEntityOfPage":{"@id":"https:\/\/kt.gov.rs\/sq\/pus-te-ri-per-te-furnizuar-qytetaret-me-uje\/"},"wordCount":506,"publisher":{"@id":"https:\/\/kt.gov.rs\/#organization"},"image":{"@id":"https:\/\/kt.gov.rs\/sq\/pus-te-ri-per-te-furnizuar-qytetaret-me-uje\/#primaryimage"},"thumbnailUrl":"https:\/\/kt.gov.rs\/wp-content\/uploads\/2024\/07\/newspic317v-5.jpg","articleSection":["Lajme"],"inLanguage":"sq-AL"},{"@type":"WebPage","@id":"https:\/\/kt.gov.rs\/sq\/pus-te-ri-per-te-furnizuar-qytetaret-me-uje\/","url":"https:\/\/kt.gov.rs\/sq\/pus-te-ri-per-te-furnizuar-qytetaret-me-uje\/","name":"PUS T\u00cb RI P\u00cbR T\u00cb FURNIZUAR QYTETAR\u00cbT ME UJ\u00cb - Republika e S\u00ebrbis\u00eb Trupi Koordinues p\u00ebr komunat Bujanoc, Preshev\u00eb dhe Medvegj\u00eb","isPartOf":{"@id":"https:\/\/kt.gov.rs\/#website"},"primaryImageOfPage":{"@id":"https:\/\/kt.gov.rs\/sq\/pus-te-ri-per-te-furnizuar-qytetaret-me-uje\/#primaryimage"},"image":{"@id":"https:\/\/kt.gov.rs\/sq\/pus-te-ri-per-te-furnizuar-qytetaret-me-uje\/#primaryimage"},"thumbnailUrl":"https:\/\/kt.gov.rs\/wp-content\/uploads\/2024\/07\/newspic317v-5.jpg","datePublished":"2013-10-29T00:00:00+00:00","dateModified":"2024-07-30T20:14:36+00:00","breadcrumb":{"@id":"https:\/\/kt.gov.rs\/sq\/pus-te-ri-per-te-furnizuar-qytetaret-me-uje\/#breadcrumb"},"inLanguage":"sq-AL","potentialAction":[{"@type":"ReadAction","target":["https:\/\/kt.gov.rs\/sq\/pus-te-ri-per-te-furnizuar-qytetaret-me-uje\/"]}]},{"@type":"ImageObject","inLanguage":"sq-AL","@id":"https:\/\/kt.gov.rs\/sq\/pus-te-ri-per-te-furnizuar-qytetaret-me-uje\/#primaryimage","url":"https:\/\/kt.gov.rs\/wp-content\/uploads\/2024\/07\/newspic317v-5.jpg","contentUrl":"https:\/\/kt.gov.rs\/wp-content\/uploads\/2024\/07\/newspic317v-5.jpg","width":315,"height":180},{"@type":"BreadcrumbList","@id":"https:\/\/kt.gov.rs\/sq\/pus-te-ri-per-te-furnizuar-qytetaret-me-uje\/#breadcrumb","itemListElement":[{"@type":"ListItem","position":1,"name":"\u041f\u043e\u0447\u0435\u0442\u043d\u0430","item":"https:\/\/kt.gov.rs\/sq\/"},{"@type":"ListItem","position":2,"name":"PUS T\u00cb RI P\u00cbR T\u00cb FURNIZUAR QYTETAR\u00cbT ME UJ\u00cb"}]},{"@type":"WebSite","@id":"https:\/\/kt.gov.rs\/#website","url":"https:\/\/kt.gov.rs\/","name":"\u041a\u043e\u043e\u0440\u0434\u0438\u043d\u0430\u0446\u0438\u043e\u043d\u043e \u0442\u0435\u043b\u043e \u0412\u043b\u0430\u0434\u0435 \u0420\u0435\u043f\u0443\u0431\u043b\u0438\u043a\u0435 \u0421\u0440\u0431\u0438\u0458\u0435 \u0437\u0430 \u043e\u043f\u0448\u0442\u0438\u043d\u0435 \u041f\u0440\u0435\u0448\u0435\u0432\u043e, \u0411\u0443\u0458\u0430\u043d\u043e\u0432\u0430\u0446 \u0438 \u041c\u0435\u0434\u0432\u0435\u0452a","description":"","publisher":{"@id":"https:\/\/kt.gov.rs\/#organization"},"alternateName":"\u041a\u043e\u043e\u0440\u0434\u0438\u043d\u0430\u0446\u0438\u043e\u043d\u043e \u0442\u0435\u043b\u043e","potentialAction":[{"@type":"SearchAction","target":{"@type":"EntryPoint","urlTemplate":"https:\/\/kt.gov.rs\/?s={search_term_string}"},"query-input":{"@type":"PropertyValueSpecification","valueRequired":true,"valueName":"search_term_string"}}],"inLanguage":"sq-AL"},{"@type":"Organization","@id":"https:\/\/kt.gov.rs\/#organization","name":"\u041a\u043e\u043e\u0440\u0434\u0438\u043d\u0430\u0446\u0438\u043e\u043d\u043e \u0442\u0435\u043b\u043e \u0412\u043b\u0430\u0434\u0435 \u0420\u0435\u043f\u0443\u0431\u043b\u0438\u043a\u0435 \u0421\u0440\u0431\u0438\u0458\u0435 \u0437\u0430 \u043e\u043f\u0448\u0442\u0438\u043d\u0435 \u041f\u0440\u0435\u0448\u0435\u0432\u043e, \u0411\u0443\u0458\u0430\u043d\u043e\u0432\u0430\u0446 \u0438 \u041c\u0435\u0434\u0432\u0435\u0452a","alternateName":"\u041a\u043e\u043e\u0440\u0434\u0438\u043d\u0430\u0446\u0438\u043e\u043d\u043e \u0442\u0435\u043b\u043e","url":"https:\/\/kt.gov.rs\/","logo":{"@type":"ImageObject","inLanguage":"sq-AL","@id":"https:\/\/kt.gov.rs\/#\/schema\/logo\/image\/","url":"https:\/\/kt.gov.rs\/wp-content\/uploads\/2024\/12\/koord2.jpg","contentUrl":"https:\/\/kt.gov.rs\/wp-content\/uploads\/2024\/12\/koord2.jpg","width":640,"height":480,"caption":"\u041a\u043e\u043e\u0440\u0434\u0438\u043d\u0430\u0446\u0438\u043e\u043d\u043e \u0442\u0435\u043b\u043e \u0412\u043b\u0430\u0434\u0435 \u0420\u0435\u043f\u0443\u0431\u043b\u0438\u043a\u0435 \u0421\u0440\u0431\u0438\u0458\u0435 \u0437\u0430 \u043e\u043f\u0448\u0442\u0438\u043d\u0435 \u041f\u0440\u0435\u0448\u0435\u0432\u043e, \u0411\u0443\u0458\u0430\u043d\u043e\u0432\u0430\u0446 \u0438 \u041c\u0435\u0434\u0432\u0435\u0452a"},"image":{"@id":"https:\/\/kt.gov.rs\/#\/schema\/logo\/image\/"},"sameAs":["https:\/\/www.facebook.com\/SluzbaKoordinacionogTelaVladeRepublikeSrbije","https:\/\/x.com\/kt_gov","https:\/\/www.youtube.com\/@koordinacionotelo"]},{"@type":"Person","@id":"https:\/\/kt.gov.rs\/#\/schema\/person\/e426459ddb4173309103390602694571","name":"ktmin","image":{"@type":"ImageObject","inLanguage":"sq-AL","@id":"https:\/\/secure.gravatar.com\/avatar\/3985c961109853010c3fbc7ba30365bfba5db3dd6c525831d9c595c7525a615a?s=96&d=mm&r=g","url":"https:\/\/secure.gravatar.com\/avatar\/3985c961109853010c3fbc7ba30365bfba5db3dd6c525831d9c595c7525a615a?s=96&d=mm&r=g","contentUrl":"https:\/\/secure.gravatar.com\/avatar\/3985c961109853010c3fbc7ba30365bfba5db3dd6c525831d9c595c7525a615a?s=96&d=mm&r=g","caption":"ktmin"},"sameAs":["https:\/\/kt.gov.rs"],"url":"https:\/\/kt.gov.rs\/sq\/author\/ktmin\/"}]}},"_links":{"self":[{"href":"https:\/\/kt.gov.rs\/sq\/wp-json\/wp\/v2\/posts\/140190","targetHints":{"allow":["GET"]}}],"collection":[{"href":"https:\/\/kt.gov.rs\/sq\/wp-json\/wp\/v2\/posts"}],"about":[{"href":"https:\/\/kt.gov.rs\/sq\/wp-json\/wp\/v2\/types\/post"}],"author":[{"embeddable":true,"href":"https:\/\/kt.gov.rs\/sq\/wp-json\/wp\/v2\/users\/1"}],"replies":[{"embeddable":true,"href":"https:\/\/kt.gov.rs\/sq\/wp-json\/wp\/v2\/comments?post=140190"}],"version-history":[{"count":1,"href":"https:\/\/kt.gov.rs\/sq\/wp-json\/wp\/v2\/posts\/140190\/revisions"}],"predecessor-version":[{"id":140194,"href":"https:\/\/kt.gov.rs\/sq\/wp-json\/wp\/v2\/posts\/140190\/revisions\/140194"}],"wp:featuredmedia":[{"embeddable":true,"href":"https:\/\/kt.gov.rs\/sq\/wp-json\/wp\/v2\/media\/140195"}],"wp:attachment":[{"href":"https:\/\/kt.gov.rs\/sq\/wp-json\/wp\/v2\/media?parent=140190"}],"wp:term":[{"taxonomy":"category","embeddable":true,"href":"https:\/\/kt.gov.rs\/sq\/wp-json\/wp\/v2\/categories?post=140190"},{"taxonomy":"post_tag","embeddable":true,"href":"https:\/\/kt.gov.rs\/sq\/wp-json\/wp\/v2\/tags?post=140190"}],"curies":[{"name":"wp","href":"https:\/\/api.w.org\/{rel}","templated":true}]}}