{"id":140182,"date":"2013-11-01T00:00:00","date_gmt":"2013-11-01T00:00:00","guid":{"rendered":"http:\/\/kt.printandscreen.rs\/per-problemet-e-personave-me-invaliditet\/"},"modified":"2024-07-30T20:14:35","modified_gmt":"2024-07-30T20:14:35","slug":"per-problemet-e-personave-me-invaliditet","status":"publish","type":"post","link":"https:\/\/kt.gov.rs\/sq\/per-problemet-e-personave-me-invaliditet\/","title":{"rendered":"P\u00cbR PROBLEMET  E PERSONAVE ME INVALIDITET"},"content":{"rendered":"<p>\n\t<strong><img decoding=\"async\" alt=\"\" src=\"https:\/\/kt.gov.rs\/wp-content\/uploads\/2024\/07\/newspic321v-4.jpg\" style=\"width: 315px; height: 171px; float: left;\" \/>Vranj<\/strong><strong>\u00eb \u2013 <\/strong>N\u00eb korniz\u00eb t\u00eb fushat\u00ebs \u201cNe \u2013 aty\u201d, e cilja u \u00ebsht\u00eb dedikuar vedisimit t\u00eb qytetarve n\u00eb kuptim p\u00ebr rrespektim e te drejtave t\u00eb pakicave, n\u00eb Vranj\u00eb dhe Bujanoc jan\u00eb mbajtur tribuna \u00a0p\u00ebr problemet e personave me invaliditet. Tribunat jan\u00eb organizuar p\u00ebr nx\u00ebn\u00ebsit e shkoll\u00ebs s\u00eb Ekonomis \u2013 Trektis\u00eb n\u00eb Vranj\u00eb dhe shkoll\u00ebs s\u00eb mesme \u201cSezai Suroi\u201d n\u00eb Bujanoc, aty kan\u00eb marr\u00eb pjes edhe drejtori ekzekutiv i shoqat\u00eb s\u00eb studentve me aft\u00ebsi t\u00eb kufizara Milan Jankoviq dhe koordinatori i Shoqat\u00ebs \u201cGenerator\u201d nga Vranja, Dalibor Ple\u00e7iq.<\/p>\n<p>\n\tM\u00eb shum\u00eb se 60 nx\u00ebn\u00ebs nga nacionaliteti serb\u00eb e shqiptar\u00eb kan\u00eb pas\u00eb rastin t\u00eb marrin m\u00eb shum\u00eb informacione p\u00ebr problemet e personave me invaliditet n\u00ebp\u00ebr potencimin e zhvillimit historik me modelin prezent t\u00eb hendikepuarve, ose dashamir\u00ebsis\u00eb, modelin e mjeksis dhe social si dhe problemet e t\u00eb rinjve t\u00eb hendikepuar n\u00eb arsimim dhe n\u00eb kuptimin inkluziv t\u00eb arsimimit.\u00a0 Kryesisht \u00ebsht\u00eb treguar edhe vet\u00eb n\u00eb terminologjin\u00eb e cilja ndikon n\u00eb zhvillimin e paragjykimit dhe n\u00eb kuptimin e ndrysh\u00ebm n\u00eb shoqri t\u00eb ndryshme dhe n\u00eb p\u00ebrgjithsi.<\/p>\n<p>\n\tN\u00eb muajt e ardhsh\u00ebm do t\u00eb mbahen edhe 8 tribuna n\u00eb t\u00eb cil\u00ebt ekspert\u00ebt nacional do t\u00eb p\u00ebrfaqsojn\u00eb nx\u00ebn\u00ebsve t\u00eb gjasht\u00eb shkollave t\u00eb mesme n\u00eb Vlladi\u00e7ki Han, Vraj\u00eb, Bujanoc dhe Preshev\u00eb praktik\u00eb t\u00eb mir\u00eb dhe mehanizma t\u00eb suksesh\u00ebm t\u00eb cil\u00ebt mund\u00eb t\u00eb ndikojn\u00eb n\u00eb p\u00ebrmisimin e pakicave.<\/p>\n<p>\n\tFushata \u201cNe \u2013 aty\u201d ka filluar me sh\u00ebnimin e dit\u00ebs s\u00eb Paq\u00ebs botrore, 21 shtator, n\u00eb\u00a0 ekspozit\u00ebn e fotografis personale \u201ctregimi i luft\u00ebs\u201d n\u00eb Bujanoc, kurse ka vazhduar m\u00eb tribunat seriale n\u00eb mardh\u00ebnjet nd\u00ebretnike n\u00eb jug t\u00eb S\u00ebrbis\u00eb. N\u00eb sh\u00ebnimin e 9 n\u00ebntorit \u2013 dita nd\u00ebretnike kund\u00ebr fashizmit, 16 n\u00ebntori \u2013 dita nd\u00ebretnike e tolerances, 25 n\u00ebntori \u2013 dita nd\u00ebretnike kund\u00ebr dhun\u00ebs ndaj femrave, si dhe shtojcat n\u00eb gazeta t\u00eb rinis p\u00ebr problet e pakicave.<\/p>\n<p>\n\tFushata po realizohet n\u00eb kuad\u00ebr t\u00eb projektit \u201cBarazome dhe mua\u201d , t\u00eb cilin e realizon \u201cGenerator\u201d nga Vranja, kurse e finanson Delegacioni i BE-s\u00eb n\u00eb Republik\u00ebn e S\u00ebrbis\u00eb.<\/p>\n<p>\t<strong>Burimi: <\/strong>Jugpress dhe Trupi koordinues<\/p>\n<p>\n\t\u00a0<\/p>\n","protected":false},"excerpt":{"rendered":"<p>Vranj\u00eb \u2013 N\u00eb korniz\u00eb t\u00eb fushat\u00ebs \u201cNe \u2013 aty\u201d, e cilja u \u00ebsht\u00eb dedikuar vedisimit t\u00eb qytetarve n\u00eb kuptim p\u00ebr rrespektim e te drejtave t\u00eb pakicave, n\u00eb Vranj\u00eb dhe Bujanoc jan\u00eb mbajtur tribuna \u00a0p\u00ebr problemet e personave me invaliditet.<\/p>\n","protected":false},"author":1,"featured_media":140187,"comment_status":"closed","ping_status":"closed","sticky":false,"template":"","format":"standard","meta":{"footnotes":""},"categories":[55],"tags":[],"class_list":["post-140182","post","type-post","status-publish","format-standard","has-post-thumbnail","hentry","category-lajme"],"yoast_head":"<!-- This site is optimized with the Yoast SEO plugin v27.5 - https:\/\/yoast.com\/product\/yoast-seo-wordpress\/ -->\n<title>P\u00cbR PROBLEMET E PERSONAVE ME INVALIDITET - Republika e S\u00ebrbis\u00eb Trupi Koordinues p\u00ebr komunat Bujanoc, Preshev\u00eb dhe Medvegj\u00eb<\/title>\n<meta name=\"robots\" content=\"index, follow, max-snippet:-1, max-image-preview:large, max-video-preview:-1\" \/>\n<link rel=\"canonical\" href=\"https:\/\/kt.gov.rs\/sq\/per-problemet-e-personave-me-invaliditet\/\" \/>\n<meta property=\"og:locale\" content=\"sq_AL\" \/>\n<meta property=\"og:type\" content=\"article\" \/>\n<meta property=\"og:title\" content=\"P\u00cbR PROBLEMET E PERSONAVE ME INVALIDITET - Republika e S\u00ebrbis\u00eb Trupi Koordinues p\u00ebr komunat Bujanoc, Preshev\u00eb dhe Medvegj\u00eb\" \/>\n<meta property=\"og:description\" content=\"Vranj\u00eb \u2013 N\u00eb korniz\u00eb t\u00eb fushat\u00ebs \u201cNe \u2013 aty\u201d, e cilja u \u00ebsht\u00eb dedikuar vedisimit t\u00eb qytetarve n\u00eb kuptim p\u00ebr rrespektim e te drejtave t\u00eb pakicave, n\u00eb Vranj\u00eb dhe Bujanoc jan\u00eb mbajtur tribuna \u00a0p\u00ebr problemet e personave me invaliditet.\" \/>\n<meta property=\"og:url\" content=\"https:\/\/kt.gov.rs\/sq\/per-problemet-e-personave-me-invaliditet\/\" \/>\n<meta property=\"og:site_name\" content=\"Republika e S\u00ebrbis\u00eb Trupi Koordinues p\u00ebr komunat Bujanoc, Preshev\u00eb dhe Medvegj\u00eb\" \/>\n<meta property=\"article:publisher\" content=\"https:\/\/www.facebook.com\/SluzbaKoordinacionogTelaVladeRepublikeSrbije\" \/>\n<meta property=\"article:published_time\" content=\"2013-11-01T00:00:00+00:00\" \/>\n<meta property=\"article:modified_time\" content=\"2024-07-30T20:14:35+00:00\" \/>\n<meta property=\"og:image\" content=\"https:\/\/kt.gov.rs\/wp-content\/uploads\/2024\/07\/newspic321v-5.jpg\" \/>\n\t<meta property=\"og:image:width\" content=\"315\" \/>\n\t<meta property=\"og:image:height\" content=\"171\" \/>\n\t<meta property=\"og:image:type\" content=\"image\/jpeg\" \/>\n<meta name=\"author\" content=\"ktmin\" \/>\n<meta name=\"twitter:card\" content=\"summary_large_image\" \/>\n<meta name=\"twitter:creator\" content=\"@kt_gov\" \/>\n<meta name=\"twitter:site\" content=\"@kt_gov\" \/>\n<meta name=\"twitter:label1\" content=\"Written by\" \/>\n\t<meta name=\"twitter:data1\" content=\"ktmin\" \/>\n\t<meta name=\"twitter:label2\" content=\"Est. reading time\" \/>\n\t<meta name=\"twitter:data2\" content=\"3 minutes\" \/>\n<script type=\"application\/ld+json\" class=\"yoast-schema-graph\">{\"@context\":\"https:\\\/\\\/schema.org\",\"@graph\":[{\"@type\":\"Article\",\"@id\":\"https:\\\/\\\/kt.gov.rs\\\/sq\\\/per-problemet-e-personave-me-invaliditet\\\/#article\",\"isPartOf\":{\"@id\":\"https:\\\/\\\/kt.gov.rs\\\/sq\\\/per-problemet-e-personave-me-invaliditet\\\/\"},\"author\":{\"name\":\"ktmin\",\"@id\":\"https:\\\/\\\/kt.gov.rs\\\/#\\\/schema\\\/person\\\/e426459ddb4173309103390602694571\"},\"headline\":\"P\u00cbR PROBLEMET E PERSONAVE ME INVALIDITET\",\"datePublished\":\"2013-11-01T00:00:00+00:00\",\"dateModified\":\"2024-07-30T20:14:35+00:00\",\"mainEntityOfPage\":{\"@id\":\"https:\\\/\\\/kt.gov.rs\\\/sq\\\/per-problemet-e-personave-me-invaliditet\\\/\"},\"wordCount\":532,\"publisher\":{\"@id\":\"https:\\\/\\\/kt.gov.rs\\\/#organization\"},\"image\":{\"@id\":\"https:\\\/\\\/kt.gov.rs\\\/sq\\\/per-problemet-e-personave-me-invaliditet\\\/#primaryimage\"},\"thumbnailUrl\":\"https:\\\/\\\/kt.gov.rs\\\/wp-content\\\/uploads\\\/2024\\\/07\\\/newspic321v-5.jpg\",\"articleSection\":[\"Lajme\"],\"inLanguage\":\"sq-AL\"},{\"@type\":\"WebPage\",\"@id\":\"https:\\\/\\\/kt.gov.rs\\\/sq\\\/per-problemet-e-personave-me-invaliditet\\\/\",\"url\":\"https:\\\/\\\/kt.gov.rs\\\/sq\\\/per-problemet-e-personave-me-invaliditet\\\/\",\"name\":\"P\u00cbR PROBLEMET E PERSONAVE ME INVALIDITET - Republika e S\u00ebrbis\u00eb Trupi Koordinues p\u00ebr komunat Bujanoc, Preshev\u00eb dhe Medvegj\u00eb\",\"isPartOf\":{\"@id\":\"https:\\\/\\\/kt.gov.rs\\\/#website\"},\"primaryImageOfPage\":{\"@id\":\"https:\\\/\\\/kt.gov.rs\\\/sq\\\/per-problemet-e-personave-me-invaliditet\\\/#primaryimage\"},\"image\":{\"@id\":\"https:\\\/\\\/kt.gov.rs\\\/sq\\\/per-problemet-e-personave-me-invaliditet\\\/#primaryimage\"},\"thumbnailUrl\":\"https:\\\/\\\/kt.gov.rs\\\/wp-content\\\/uploads\\\/2024\\\/07\\\/newspic321v-5.jpg\",\"datePublished\":\"2013-11-01T00:00:00+00:00\",\"dateModified\":\"2024-07-30T20:14:35+00:00\",\"breadcrumb\":{\"@id\":\"https:\\\/\\\/kt.gov.rs\\\/sq\\\/per-problemet-e-personave-me-invaliditet\\\/#breadcrumb\"},\"inLanguage\":\"sq-AL\",\"potentialAction\":[{\"@type\":\"ReadAction\",\"target\":[\"https:\\\/\\\/kt.gov.rs\\\/sq\\\/per-problemet-e-personave-me-invaliditet\\\/\"]}]},{\"@type\":\"ImageObject\",\"inLanguage\":\"sq-AL\",\"@id\":\"https:\\\/\\\/kt.gov.rs\\\/sq\\\/per-problemet-e-personave-me-invaliditet\\\/#primaryimage\",\"url\":\"https:\\\/\\\/kt.gov.rs\\\/wp-content\\\/uploads\\\/2024\\\/07\\\/newspic321v-5.jpg\",\"contentUrl\":\"https:\\\/\\\/kt.gov.rs\\\/wp-content\\\/uploads\\\/2024\\\/07\\\/newspic321v-5.jpg\",\"width\":315,\"height\":171},{\"@type\":\"BreadcrumbList\",\"@id\":\"https:\\\/\\\/kt.gov.rs\\\/sq\\\/per-problemet-e-personave-me-invaliditet\\\/#breadcrumb\",\"itemListElement\":[{\"@type\":\"ListItem\",\"position\":1,\"name\":\"\u041f\u043e\u0447\u0435\u0442\u043d\u0430\",\"item\":\"https:\\\/\\\/kt.gov.rs\\\/sq\\\/\"},{\"@type\":\"ListItem\",\"position\":2,\"name\":\"P\u00cbR PROBLEMET E PERSONAVE ME INVALIDITET\"}]},{\"@type\":\"WebSite\",\"@id\":\"https:\\\/\\\/kt.gov.rs\\\/#website\",\"url\":\"https:\\\/\\\/kt.gov.rs\\\/\",\"name\":\"\u041a\u043e\u043e\u0440\u0434\u0438\u043d\u0430\u0446\u0438\u043e\u043d\u043e \u0442\u0435\u043b\u043e \u0412\u043b\u0430\u0434\u0435 \u0420\u0435\u043f\u0443\u0431\u043b\u0438\u043a\u0435 \u0421\u0440\u0431\u0438\u0458\u0435 \u0437\u0430 \u043e\u043f\u0448\u0442\u0438\u043d\u0435 \u041f\u0440\u0435\u0448\u0435\u0432\u043e, \u0411\u0443\u0458\u0430\u043d\u043e\u0432\u0430\u0446 \u0438 \u041c\u0435\u0434\u0432\u0435\u0452a\",\"description\":\"\",\"publisher\":{\"@id\":\"https:\\\/\\\/kt.gov.rs\\\/#organization\"},\"alternateName\":\"\u041a\u043e\u043e\u0440\u0434\u0438\u043d\u0430\u0446\u0438\u043e\u043d\u043e \u0442\u0435\u043b\u043e\",\"potentialAction\":[{\"@type\":\"SearchAction\",\"target\":{\"@type\":\"EntryPoint\",\"urlTemplate\":\"https:\\\/\\\/kt.gov.rs\\\/?s={search_term_string}\"},\"query-input\":{\"@type\":\"PropertyValueSpecification\",\"valueRequired\":true,\"valueName\":\"search_term_string\"}}],\"inLanguage\":\"sq-AL\"},{\"@type\":\"Organization\",\"@id\":\"https:\\\/\\\/kt.gov.rs\\\/#organization\",\"name\":\"\u041a\u043e\u043e\u0440\u0434\u0438\u043d\u0430\u0446\u0438\u043e\u043d\u043e \u0442\u0435\u043b\u043e \u0412\u043b\u0430\u0434\u0435 \u0420\u0435\u043f\u0443\u0431\u043b\u0438\u043a\u0435 \u0421\u0440\u0431\u0438\u0458\u0435 \u0437\u0430 \u043e\u043f\u0448\u0442\u0438\u043d\u0435 \u041f\u0440\u0435\u0448\u0435\u0432\u043e, \u0411\u0443\u0458\u0430\u043d\u043e\u0432\u0430\u0446 \u0438 \u041c\u0435\u0434\u0432\u0435\u0452a\",\"alternateName\":\"\u041a\u043e\u043e\u0440\u0434\u0438\u043d\u0430\u0446\u0438\u043e\u043d\u043e \u0442\u0435\u043b\u043e\",\"url\":\"https:\\\/\\\/kt.gov.rs\\\/\",\"logo\":{\"@type\":\"ImageObject\",\"inLanguage\":\"sq-AL\",\"@id\":\"https:\\\/\\\/kt.gov.rs\\\/#\\\/schema\\\/logo\\\/image\\\/\",\"url\":\"https:\\\/\\\/kt.gov.rs\\\/wp-content\\\/uploads\\\/2024\\\/12\\\/koord2.jpg\",\"contentUrl\":\"https:\\\/\\\/kt.gov.rs\\\/wp-content\\\/uploads\\\/2024\\\/12\\\/koord2.jpg\",\"width\":640,\"height\":480,\"caption\":\"\u041a\u043e\u043e\u0440\u0434\u0438\u043d\u0430\u0446\u0438\u043e\u043d\u043e \u0442\u0435\u043b\u043e \u0412\u043b\u0430\u0434\u0435 \u0420\u0435\u043f\u0443\u0431\u043b\u0438\u043a\u0435 \u0421\u0440\u0431\u0438\u0458\u0435 \u0437\u0430 \u043e\u043f\u0448\u0442\u0438\u043d\u0435 \u041f\u0440\u0435\u0448\u0435\u0432\u043e, \u0411\u0443\u0458\u0430\u043d\u043e\u0432\u0430\u0446 \u0438 \u041c\u0435\u0434\u0432\u0435\u0452a\"},\"image\":{\"@id\":\"https:\\\/\\\/kt.gov.rs\\\/#\\\/schema\\\/logo\\\/image\\\/\"},\"sameAs\":[\"https:\\\/\\\/www.facebook.com\\\/SluzbaKoordinacionogTelaVladeRepublikeSrbije\",\"https:\\\/\\\/x.com\\\/kt_gov\",\"https:\\\/\\\/www.youtube.com\\\/@koordinacionotelo\"]},{\"@type\":\"Person\",\"@id\":\"https:\\\/\\\/kt.gov.rs\\\/#\\\/schema\\\/person\\\/e426459ddb4173309103390602694571\",\"name\":\"ktmin\",\"image\":{\"@type\":\"ImageObject\",\"inLanguage\":\"sq-AL\",\"@id\":\"https:\\\/\\\/secure.gravatar.com\\\/avatar\\\/3985c961109853010c3fbc7ba30365bfba5db3dd6c525831d9c595c7525a615a?s=96&d=mm&r=g\",\"url\":\"https:\\\/\\\/secure.gravatar.com\\\/avatar\\\/3985c961109853010c3fbc7ba30365bfba5db3dd6c525831d9c595c7525a615a?s=96&d=mm&r=g\",\"contentUrl\":\"https:\\\/\\\/secure.gravatar.com\\\/avatar\\\/3985c961109853010c3fbc7ba30365bfba5db3dd6c525831d9c595c7525a615a?s=96&d=mm&r=g\",\"caption\":\"ktmin\"},\"sameAs\":[\"https:\\\/\\\/kt.gov.rs\"],\"url\":\"https:\\\/\\\/kt.gov.rs\\\/sq\\\/author\\\/ktmin\\\/\"}]}<\/script>\n<!-- \/ Yoast SEO plugin. -->","yoast_head_json":{"title":"P\u00cbR PROBLEMET E PERSONAVE ME INVALIDITET - Republika e S\u00ebrbis\u00eb Trupi Koordinues p\u00ebr komunat Bujanoc, Preshev\u00eb dhe Medvegj\u00eb","robots":{"index":"index","follow":"follow","max-snippet":"max-snippet:-1","max-image-preview":"max-image-preview:large","max-video-preview":"max-video-preview:-1"},"canonical":"https:\/\/kt.gov.rs\/sq\/per-problemet-e-personave-me-invaliditet\/","og_locale":"sq_AL","og_type":"article","og_title":"P\u00cbR PROBLEMET E PERSONAVE ME INVALIDITET - Republika e S\u00ebrbis\u00eb Trupi Koordinues p\u00ebr komunat Bujanoc, Preshev\u00eb dhe Medvegj\u00eb","og_description":"Vranj\u00eb \u2013 N\u00eb korniz\u00eb t\u00eb fushat\u00ebs \u201cNe \u2013 aty\u201d, e cilja u \u00ebsht\u00eb dedikuar vedisimit t\u00eb qytetarve n\u00eb kuptim p\u00ebr rrespektim e te drejtave t\u00eb pakicave, n\u00eb Vranj\u00eb dhe Bujanoc jan\u00eb mbajtur tribuna \u00a0p\u00ebr problemet e personave me invaliditet.","og_url":"https:\/\/kt.gov.rs\/sq\/per-problemet-e-personave-me-invaliditet\/","og_site_name":"Republika e S\u00ebrbis\u00eb Trupi Koordinues p\u00ebr komunat Bujanoc, Preshev\u00eb dhe Medvegj\u00eb","article_publisher":"https:\/\/www.facebook.com\/SluzbaKoordinacionogTelaVladeRepublikeSrbije","article_published_time":"2013-11-01T00:00:00+00:00","article_modified_time":"2024-07-30T20:14:35+00:00","og_image":[{"width":315,"height":171,"url":"https:\/\/kt.gov.rs\/wp-content\/uploads\/2024\/07\/newspic321v-5.jpg","type":"image\/jpeg"}],"author":"ktmin","twitter_card":"summary_large_image","twitter_creator":"@kt_gov","twitter_site":"@kt_gov","twitter_misc":{"Written by":"ktmin","Est. reading time":"3 minutes"},"schema":{"@context":"https:\/\/schema.org","@graph":[{"@type":"Article","@id":"https:\/\/kt.gov.rs\/sq\/per-problemet-e-personave-me-invaliditet\/#article","isPartOf":{"@id":"https:\/\/kt.gov.rs\/sq\/per-problemet-e-personave-me-invaliditet\/"},"author":{"name":"ktmin","@id":"https:\/\/kt.gov.rs\/#\/schema\/person\/e426459ddb4173309103390602694571"},"headline":"P\u00cbR PROBLEMET E PERSONAVE ME INVALIDITET","datePublished":"2013-11-01T00:00:00+00:00","dateModified":"2024-07-30T20:14:35+00:00","mainEntityOfPage":{"@id":"https:\/\/kt.gov.rs\/sq\/per-problemet-e-personave-me-invaliditet\/"},"wordCount":532,"publisher":{"@id":"https:\/\/kt.gov.rs\/#organization"},"image":{"@id":"https:\/\/kt.gov.rs\/sq\/per-problemet-e-personave-me-invaliditet\/#primaryimage"},"thumbnailUrl":"https:\/\/kt.gov.rs\/wp-content\/uploads\/2024\/07\/newspic321v-5.jpg","articleSection":["Lajme"],"inLanguage":"sq-AL"},{"@type":"WebPage","@id":"https:\/\/kt.gov.rs\/sq\/per-problemet-e-personave-me-invaliditet\/","url":"https:\/\/kt.gov.rs\/sq\/per-problemet-e-personave-me-invaliditet\/","name":"P\u00cbR PROBLEMET E PERSONAVE ME INVALIDITET - Republika e S\u00ebrbis\u00eb Trupi Koordinues p\u00ebr komunat Bujanoc, Preshev\u00eb dhe Medvegj\u00eb","isPartOf":{"@id":"https:\/\/kt.gov.rs\/#website"},"primaryImageOfPage":{"@id":"https:\/\/kt.gov.rs\/sq\/per-problemet-e-personave-me-invaliditet\/#primaryimage"},"image":{"@id":"https:\/\/kt.gov.rs\/sq\/per-problemet-e-personave-me-invaliditet\/#primaryimage"},"thumbnailUrl":"https:\/\/kt.gov.rs\/wp-content\/uploads\/2024\/07\/newspic321v-5.jpg","datePublished":"2013-11-01T00:00:00+00:00","dateModified":"2024-07-30T20:14:35+00:00","breadcrumb":{"@id":"https:\/\/kt.gov.rs\/sq\/per-problemet-e-personave-me-invaliditet\/#breadcrumb"},"inLanguage":"sq-AL","potentialAction":[{"@type":"ReadAction","target":["https:\/\/kt.gov.rs\/sq\/per-problemet-e-personave-me-invaliditet\/"]}]},{"@type":"ImageObject","inLanguage":"sq-AL","@id":"https:\/\/kt.gov.rs\/sq\/per-problemet-e-personave-me-invaliditet\/#primaryimage","url":"https:\/\/kt.gov.rs\/wp-content\/uploads\/2024\/07\/newspic321v-5.jpg","contentUrl":"https:\/\/kt.gov.rs\/wp-content\/uploads\/2024\/07\/newspic321v-5.jpg","width":315,"height":171},{"@type":"BreadcrumbList","@id":"https:\/\/kt.gov.rs\/sq\/per-problemet-e-personave-me-invaliditet\/#breadcrumb","itemListElement":[{"@type":"ListItem","position":1,"name":"\u041f\u043e\u0447\u0435\u0442\u043d\u0430","item":"https:\/\/kt.gov.rs\/sq\/"},{"@type":"ListItem","position":2,"name":"P\u00cbR PROBLEMET E PERSONAVE ME INVALIDITET"}]},{"@type":"WebSite","@id":"https:\/\/kt.gov.rs\/#website","url":"https:\/\/kt.gov.rs\/","name":"\u041a\u043e\u043e\u0440\u0434\u0438\u043d\u0430\u0446\u0438\u043e\u043d\u043e \u0442\u0435\u043b\u043e \u0412\u043b\u0430\u0434\u0435 \u0420\u0435\u043f\u0443\u0431\u043b\u0438\u043a\u0435 \u0421\u0440\u0431\u0438\u0458\u0435 \u0437\u0430 \u043e\u043f\u0448\u0442\u0438\u043d\u0435 \u041f\u0440\u0435\u0448\u0435\u0432\u043e, \u0411\u0443\u0458\u0430\u043d\u043e\u0432\u0430\u0446 \u0438 \u041c\u0435\u0434\u0432\u0435\u0452a","description":"","publisher":{"@id":"https:\/\/kt.gov.rs\/#organization"},"alternateName":"\u041a\u043e\u043e\u0440\u0434\u0438\u043d\u0430\u0446\u0438\u043e\u043d\u043e \u0442\u0435\u043b\u043e","potentialAction":[{"@type":"SearchAction","target":{"@type":"EntryPoint","urlTemplate":"https:\/\/kt.gov.rs\/?s={search_term_string}"},"query-input":{"@type":"PropertyValueSpecification","valueRequired":true,"valueName":"search_term_string"}}],"inLanguage":"sq-AL"},{"@type":"Organization","@id":"https:\/\/kt.gov.rs\/#organization","name":"\u041a\u043e\u043e\u0440\u0434\u0438\u043d\u0430\u0446\u0438\u043e\u043d\u043e \u0442\u0435\u043b\u043e \u0412\u043b\u0430\u0434\u0435 \u0420\u0435\u043f\u0443\u0431\u043b\u0438\u043a\u0435 \u0421\u0440\u0431\u0438\u0458\u0435 \u0437\u0430 \u043e\u043f\u0448\u0442\u0438\u043d\u0435 \u041f\u0440\u0435\u0448\u0435\u0432\u043e, \u0411\u0443\u0458\u0430\u043d\u043e\u0432\u0430\u0446 \u0438 \u041c\u0435\u0434\u0432\u0435\u0452a","alternateName":"\u041a\u043e\u043e\u0440\u0434\u0438\u043d\u0430\u0446\u0438\u043e\u043d\u043e \u0442\u0435\u043b\u043e","url":"https:\/\/kt.gov.rs\/","logo":{"@type":"ImageObject","inLanguage":"sq-AL","@id":"https:\/\/kt.gov.rs\/#\/schema\/logo\/image\/","url":"https:\/\/kt.gov.rs\/wp-content\/uploads\/2024\/12\/koord2.jpg","contentUrl":"https:\/\/kt.gov.rs\/wp-content\/uploads\/2024\/12\/koord2.jpg","width":640,"height":480,"caption":"\u041a\u043e\u043e\u0440\u0434\u0438\u043d\u0430\u0446\u0438\u043e\u043d\u043e \u0442\u0435\u043b\u043e \u0412\u043b\u0430\u0434\u0435 \u0420\u0435\u043f\u0443\u0431\u043b\u0438\u043a\u0435 \u0421\u0440\u0431\u0438\u0458\u0435 \u0437\u0430 \u043e\u043f\u0448\u0442\u0438\u043d\u0435 \u041f\u0440\u0435\u0448\u0435\u0432\u043e, \u0411\u0443\u0458\u0430\u043d\u043e\u0432\u0430\u0446 \u0438 \u041c\u0435\u0434\u0432\u0435\u0452a"},"image":{"@id":"https:\/\/kt.gov.rs\/#\/schema\/logo\/image\/"},"sameAs":["https:\/\/www.facebook.com\/SluzbaKoordinacionogTelaVladeRepublikeSrbije","https:\/\/x.com\/kt_gov","https:\/\/www.youtube.com\/@koordinacionotelo"]},{"@type":"Person","@id":"https:\/\/kt.gov.rs\/#\/schema\/person\/e426459ddb4173309103390602694571","name":"ktmin","image":{"@type":"ImageObject","inLanguage":"sq-AL","@id":"https:\/\/secure.gravatar.com\/avatar\/3985c961109853010c3fbc7ba30365bfba5db3dd6c525831d9c595c7525a615a?s=96&d=mm&r=g","url":"https:\/\/secure.gravatar.com\/avatar\/3985c961109853010c3fbc7ba30365bfba5db3dd6c525831d9c595c7525a615a?s=96&d=mm&r=g","contentUrl":"https:\/\/secure.gravatar.com\/avatar\/3985c961109853010c3fbc7ba30365bfba5db3dd6c525831d9c595c7525a615a?s=96&d=mm&r=g","caption":"ktmin"},"sameAs":["https:\/\/kt.gov.rs"],"url":"https:\/\/kt.gov.rs\/sq\/author\/ktmin\/"}]}},"_links":{"self":[{"href":"https:\/\/kt.gov.rs\/sq\/wp-json\/wp\/v2\/posts\/140182","targetHints":{"allow":["GET"]}}],"collection":[{"href":"https:\/\/kt.gov.rs\/sq\/wp-json\/wp\/v2\/posts"}],"about":[{"href":"https:\/\/kt.gov.rs\/sq\/wp-json\/wp\/v2\/types\/post"}],"author":[{"embeddable":true,"href":"https:\/\/kt.gov.rs\/sq\/wp-json\/wp\/v2\/users\/1"}],"replies":[{"embeddable":true,"href":"https:\/\/kt.gov.rs\/sq\/wp-json\/wp\/v2\/comments?post=140182"}],"version-history":[{"count":1,"href":"https:\/\/kt.gov.rs\/sq\/wp-json\/wp\/v2\/posts\/140182\/revisions"}],"predecessor-version":[{"id":140186,"href":"https:\/\/kt.gov.rs\/sq\/wp-json\/wp\/v2\/posts\/140182\/revisions\/140186"}],"wp:featuredmedia":[{"embeddable":true,"href":"https:\/\/kt.gov.rs\/sq\/wp-json\/wp\/v2\/media\/140187"}],"wp:attachment":[{"href":"https:\/\/kt.gov.rs\/sq\/wp-json\/wp\/v2\/media?parent=140182"}],"wp:term":[{"taxonomy":"category","embeddable":true,"href":"https:\/\/kt.gov.rs\/sq\/wp-json\/wp\/v2\/categories?post=140182"},{"taxonomy":"post_tag","embeddable":true,"href":"https:\/\/kt.gov.rs\/sq\/wp-json\/wp\/v2\/tags?post=140182"}],"curies":[{"name":"wp","href":"https:\/\/api.w.org\/{rel}","templated":true}]}}