{"id":140110,"date":"2013-11-14T00:00:00","date_gmt":"2013-11-14T00:00:00","guid":{"rendered":"http:\/\/kt.printandscreen.rs\/thirrje-punedhenesve-qe-planifikojne-punesim\/"},"modified":"2024-07-30T20:14:27","modified_gmt":"2024-07-30T20:14:27","slug":"thirrje-punedhenesve-qe-planifikojne-punesim","status":"publish","type":"post","link":"https:\/\/kt.gov.rs\/sq\/thirrje-punedhenesve-qe-planifikojne-punesim\/","title":{"rendered":"THIRRJE PUN\u00cbDH\u00cbN\u00cbSVE Q\u00cb PLANIFIKOJN\u00cb PUN\u00cbSIM"},"content":{"rendered":"<p>\n\t<strong><img decoding=\"async\" alt=\"\" src=\"https:\/\/kt.gov.rs\/wp-content\/uploads\/2024\/07\/1384427846_usaid-4.jpg\" style=\"width: 315px; height: 220px; float: left;\" \/>Bujanoc <\/strong>\u2013 Agjensioni amerekina p\u00ebr bashkpunim nd\u00ebrkomb\u00ebtar\u00eb (USAID) i thirr\u00eb pun\u00ebdh\u00ebn\u00ebsit t\u00eb cil\u00ebt planifikojn\u00eb pun\u00ebsim t\u00eb ky\u00e7en n\u00eb programin ton\u00eb t\u00eb zhvillimit p\u00ebr fuqin\u00eb puntore ku do ti ndihmoj\u00eb pun\u00ebdh\u00ebn\u00ebsve t\u00eb angazhojn\u00eb dhe ti trajnojn\u00eb t\u00eb rit\u00eb e pun\u00ebsuar.<\/p>\n<p>\n\tProgrami shqyrtohet n\u00eb kuad\u00ebr t\u00eb Projektit t\u00eb zhvillimit t\u00eb q\u00ebndruesh\u00ebm lokal, n\u00eb bashkpunim me 32 vetqeverisje lokale kurse projekti i USAID-i\u00a0 do ti bart\u00eb shpenzimet e angazhimit t\u00eb pun\u00ebdh\u00ebn\u00ebsve dhe trajnimin dy mujor\u00eb. Gjat\u00eb trajnimit program i USAID-it do ti siguroj\u00eb kandidat\u00ebve shpenzimet n\u00eb shum\u00eb prej 60 p\u00ebrqind\u00eb minimum t\u00eb t\u00eb ardhave bruto, n\u00eb baz\u00eb t\u00eb Kontrat\u00ebs p\u00ebr zhvillim professional. Trajnimi ka p\u00ebr q\u00ebllim p\u00ebr t\u00eb rinjt\u00eb deri n\u00eb mosh\u00ebn 30 vje\u00e7are q\u00eb m\u00eb s\u00eb paku kan\u00eb nj\u00eb nivel kualifiki t\u00eb shkall\u00ebs III.\u00a0<\/p>\n<p>\n\tT\u00eb interesuarit mund\u00eb t\u00eb paraqiten deri me 17 n\u00ebntor\u00eb. Program i trajnimit p\u00ebr njerzit e ri n\u00eb vendin e pun\u00ebs do ti ndihmoj\u00eb firmat private ku do t\u00eb i mund\u00ebsohet pun\u00ebdh\u00ebn\u00ebsit nga prodhimi dhe nga sektori i sh\u00ebrbimit q\u00eb shpejt dhe leht\u00eb t\u00eb gjejn\u00eb puntor\u00eb t\u00eb kualifikuar dhe me at\u00eb kursejn\u00eb koh\u00eb dhe para p\u00ebr p\u00ebrzgjedhjen dhe angazhimin. T\u00eb rinj\u00ebve ky program do ti ndihmoj\u00eb p\u00ebr shkak\u00eb q\u00eb do t\u00eb tregojn\u00eb aft\u00ebsit e veta te pun\u00ebdh\u00ebnsit dhe do ti siguroj trajnim n\u00eb vendet e pun\u00ebs, e cila p\u00ebr pun\u00ebdh\u00ebn\u00ebsit paraqet nj\u00eb investim t\u00eb r\u00ebnd\u00ebsish\u00ebm, raporton USAID.<\/p>\n<p>\n\tT\u00eb drejt\u00eb n\u00eb Program kan\u00eb t\u00eb gjitha nd\u00ebrrmarjet me pes\u00eb apo m\u00eb shum\u00eb t\u00eb punsuar, t\u00eb regjistuara ose vendosje t\u00eb nj\u00ebsis n\u00eb komunat dhe qytetet n\u00eb t\u00eb cilat projekti i USAID-it bashkpunon, ata ngat t\u00eb tjer\u00ebt e p\u00ebrfshin\u00eb edhe komun\u00ebn e Preshev\u00ebs dhe Bujanocit.<\/p>\n<p>\n\tP\u00ebrparsi do t\u00eb ken\u00eb pun\u00ebdh\u00ebn\u00ebsit t\u00eb cil\u00ebt planifikojn\u00eb pun\u00ebsimin e puntorve t\u00eb rinj\u00eb n\u00eb afat gjasht\u00eb mujor\u00eb pas\u00eb p\u00ebrfundimit t\u00eb trajnimit p\u00ebr t\u00eb rinj\u00eb. \u00cbsht\u00eb planifikuar se Programi dhe trajnimi i t\u00eb rinj\u00ebve n\u00eb vende t\u00eb pun\u00ebs fillon n\u00eb shkurt ose mars t\u00eb vitit t\u00eb ardhsh\u00ebm.<\/p>\n<p>\n\t<strong>Burim: Tanjug<\/strong><\/p>\n<p>\n\t\u00a0<\/p>\n","protected":false},"excerpt":{"rendered":"<p>Bujanoc\u00a0\u2013 Agjensioni amerekina p\u00ebr bashkpunim nd\u00ebrkomb\u00ebtar\u00eb (USAID) i thirr\u00eb pun\u00ebdh\u00ebn\u00ebsit t\u00eb cil\u00ebt planifikojn\u00eb pun\u00ebsim t\u00eb ky\u00e7en n\u00eb programin ton\u00eb t\u00eb zhvillimit p\u00ebr fuqin\u00eb puntore ku do ti ndihmoj\u00eb pun\u00ebdh\u00ebn\u00ebsve t\u00eb angazhojn\u00eb dhe ti trajnojn\u00eb t\u00eb rit\u00eb e pun\u00ebsuar.<\/p>\n","protected":false},"author":1,"featured_media":140115,"comment_status":"closed","ping_status":"closed","sticky":false,"template":"","format":"standard","meta":{"footnotes":""},"categories":[55],"tags":[],"class_list":["post-140110","post","type-post","status-publish","format-standard","has-post-thumbnail","hentry","category-lajme"],"yoast_head":"<!-- This site is optimized with the Yoast SEO plugin v27.5 - https:\/\/yoast.com\/product\/yoast-seo-wordpress\/ -->\n<title>THIRRJE PUN\u00cbDH\u00cbN\u00cbSVE Q\u00cb PLANIFIKOJN\u00cb PUN\u00cbSIM - Republika e S\u00ebrbis\u00eb Trupi Koordinues p\u00ebr komunat Bujanoc, Preshev\u00eb dhe Medvegj\u00eb<\/title>\n<meta name=\"robots\" content=\"index, follow, max-snippet:-1, max-image-preview:large, max-video-preview:-1\" \/>\n<link rel=\"canonical\" href=\"https:\/\/kt.gov.rs\/sq\/thirrje-punedhenesve-qe-planifikojne-punesim\/\" \/>\n<meta property=\"og:locale\" content=\"sq_AL\" \/>\n<meta property=\"og:type\" content=\"article\" \/>\n<meta property=\"og:title\" content=\"THIRRJE PUN\u00cbDH\u00cbN\u00cbSVE Q\u00cb PLANIFIKOJN\u00cb PUN\u00cbSIM - Republika e S\u00ebrbis\u00eb Trupi Koordinues p\u00ebr komunat Bujanoc, Preshev\u00eb dhe Medvegj\u00eb\" \/>\n<meta property=\"og:description\" content=\"Bujanoc\u00a0\u2013 Agjensioni amerekina p\u00ebr bashkpunim nd\u00ebrkomb\u00ebtar\u00eb (USAID) i thirr\u00eb pun\u00ebdh\u00ebn\u00ebsit t\u00eb cil\u00ebt planifikojn\u00eb pun\u00ebsim t\u00eb ky\u00e7en n\u00eb programin ton\u00eb t\u00eb zhvillimit p\u00ebr fuqin\u00eb puntore ku do ti ndihmoj\u00eb pun\u00ebdh\u00ebn\u00ebsve t\u00eb angazhojn\u00eb dhe ti trajnojn\u00eb t\u00eb rit\u00eb e pun\u00ebsuar.\" \/>\n<meta property=\"og:url\" content=\"https:\/\/kt.gov.rs\/sq\/thirrje-punedhenesve-qe-planifikojne-punesim\/\" \/>\n<meta property=\"og:site_name\" content=\"Republika e S\u00ebrbis\u00eb Trupi Koordinues p\u00ebr komunat Bujanoc, Preshev\u00eb dhe Medvegj\u00eb\" \/>\n<meta property=\"article:publisher\" content=\"https:\/\/www.facebook.com\/SluzbaKoordinacionogTelaVladeRepublikeSrbije\" \/>\n<meta property=\"article:published_time\" content=\"2013-11-14T00:00:00+00:00\" \/>\n<meta property=\"article:modified_time\" content=\"2024-07-30T20:14:27+00:00\" \/>\n<meta property=\"og:image\" content=\"https:\/\/kt.gov.rs\/wp-content\/uploads\/2024\/07\/1384427846_usaid-5.jpg\" \/>\n\t<meta property=\"og:image:width\" content=\"315\" \/>\n\t<meta property=\"og:image:height\" content=\"220\" \/>\n\t<meta property=\"og:image:type\" content=\"image\/jpeg\" \/>\n<meta name=\"author\" content=\"ktmin\" \/>\n<meta name=\"twitter:card\" content=\"summary_large_image\" \/>\n<meta name=\"twitter:creator\" content=\"@kt_gov\" \/>\n<meta name=\"twitter:site\" content=\"@kt_gov\" \/>\n<meta name=\"twitter:label1\" content=\"Written by\" \/>\n\t<meta name=\"twitter:data1\" content=\"ktmin\" \/>\n\t<meta name=\"twitter:label2\" content=\"Est. reading time\" \/>\n\t<meta name=\"twitter:data2\" content=\"3 minutes\" \/>\n<script type=\"application\/ld+json\" class=\"yoast-schema-graph\">{\"@context\":\"https:\\\/\\\/schema.org\",\"@graph\":[{\"@type\":\"Article\",\"@id\":\"https:\\\/\\\/kt.gov.rs\\\/sq\\\/thirrje-punedhenesve-qe-planifikojne-punesim\\\/#article\",\"isPartOf\":{\"@id\":\"https:\\\/\\\/kt.gov.rs\\\/sq\\\/thirrje-punedhenesve-qe-planifikojne-punesim\\\/\"},\"author\":{\"name\":\"ktmin\",\"@id\":\"https:\\\/\\\/kt.gov.rs\\\/#\\\/schema\\\/person\\\/e426459ddb4173309103390602694571\"},\"headline\":\"THIRRJE PUN\u00cbDH\u00cbN\u00cbSVE Q\u00cb PLANIFIKOJN\u00cb PUN\u00cbSIM\",\"datePublished\":\"2013-11-14T00:00:00+00:00\",\"dateModified\":\"2024-07-30T20:14:27+00:00\",\"mainEntityOfPage\":{\"@id\":\"https:\\\/\\\/kt.gov.rs\\\/sq\\\/thirrje-punedhenesve-qe-planifikojne-punesim\\\/\"},\"wordCount\":562,\"publisher\":{\"@id\":\"https:\\\/\\\/kt.gov.rs\\\/#organization\"},\"image\":{\"@id\":\"https:\\\/\\\/kt.gov.rs\\\/sq\\\/thirrje-punedhenesve-qe-planifikojne-punesim\\\/#primaryimage\"},\"thumbnailUrl\":\"https:\\\/\\\/kt.gov.rs\\\/wp-content\\\/uploads\\\/2024\\\/07\\\/1384427846_usaid-5.jpg\",\"articleSection\":[\"Lajme\"],\"inLanguage\":\"sq-AL\"},{\"@type\":\"WebPage\",\"@id\":\"https:\\\/\\\/kt.gov.rs\\\/sq\\\/thirrje-punedhenesve-qe-planifikojne-punesim\\\/\",\"url\":\"https:\\\/\\\/kt.gov.rs\\\/sq\\\/thirrje-punedhenesve-qe-planifikojne-punesim\\\/\",\"name\":\"THIRRJE PUN\u00cbDH\u00cbN\u00cbSVE Q\u00cb PLANIFIKOJN\u00cb PUN\u00cbSIM - Republika e S\u00ebrbis\u00eb Trupi Koordinues p\u00ebr komunat Bujanoc, Preshev\u00eb dhe Medvegj\u00eb\",\"isPartOf\":{\"@id\":\"https:\\\/\\\/kt.gov.rs\\\/#website\"},\"primaryImageOfPage\":{\"@id\":\"https:\\\/\\\/kt.gov.rs\\\/sq\\\/thirrje-punedhenesve-qe-planifikojne-punesim\\\/#primaryimage\"},\"image\":{\"@id\":\"https:\\\/\\\/kt.gov.rs\\\/sq\\\/thirrje-punedhenesve-qe-planifikojne-punesim\\\/#primaryimage\"},\"thumbnailUrl\":\"https:\\\/\\\/kt.gov.rs\\\/wp-content\\\/uploads\\\/2024\\\/07\\\/1384427846_usaid-5.jpg\",\"datePublished\":\"2013-11-14T00:00:00+00:00\",\"dateModified\":\"2024-07-30T20:14:27+00:00\",\"breadcrumb\":{\"@id\":\"https:\\\/\\\/kt.gov.rs\\\/sq\\\/thirrje-punedhenesve-qe-planifikojne-punesim\\\/#breadcrumb\"},\"inLanguage\":\"sq-AL\",\"potentialAction\":[{\"@type\":\"ReadAction\",\"target\":[\"https:\\\/\\\/kt.gov.rs\\\/sq\\\/thirrje-punedhenesve-qe-planifikojne-punesim\\\/\"]}]},{\"@type\":\"ImageObject\",\"inLanguage\":\"sq-AL\",\"@id\":\"https:\\\/\\\/kt.gov.rs\\\/sq\\\/thirrje-punedhenesve-qe-planifikojne-punesim\\\/#primaryimage\",\"url\":\"https:\\\/\\\/kt.gov.rs\\\/wp-content\\\/uploads\\\/2024\\\/07\\\/1384427846_usaid-5.jpg\",\"contentUrl\":\"https:\\\/\\\/kt.gov.rs\\\/wp-content\\\/uploads\\\/2024\\\/07\\\/1384427846_usaid-5.jpg\",\"width\":315,\"height\":220},{\"@type\":\"BreadcrumbList\",\"@id\":\"https:\\\/\\\/kt.gov.rs\\\/sq\\\/thirrje-punedhenesve-qe-planifikojne-punesim\\\/#breadcrumb\",\"itemListElement\":[{\"@type\":\"ListItem\",\"position\":1,\"name\":\"\u041f\u043e\u0447\u0435\u0442\u043d\u0430\",\"item\":\"https:\\\/\\\/kt.gov.rs\\\/sq\\\/\"},{\"@type\":\"ListItem\",\"position\":2,\"name\":\"THIRRJE PUN\u00cbDH\u00cbN\u00cbSVE Q\u00cb PLANIFIKOJN\u00cb PUN\u00cbSIM\"}]},{\"@type\":\"WebSite\",\"@id\":\"https:\\\/\\\/kt.gov.rs\\\/#website\",\"url\":\"https:\\\/\\\/kt.gov.rs\\\/\",\"name\":\"\u041a\u043e\u043e\u0440\u0434\u0438\u043d\u0430\u0446\u0438\u043e\u043d\u043e \u0442\u0435\u043b\u043e \u0412\u043b\u0430\u0434\u0435 \u0420\u0435\u043f\u0443\u0431\u043b\u0438\u043a\u0435 \u0421\u0440\u0431\u0438\u0458\u0435 \u0437\u0430 \u043e\u043f\u0448\u0442\u0438\u043d\u0435 \u041f\u0440\u0435\u0448\u0435\u0432\u043e, \u0411\u0443\u0458\u0430\u043d\u043e\u0432\u0430\u0446 \u0438 \u041c\u0435\u0434\u0432\u0435\u0452a\",\"description\":\"\",\"publisher\":{\"@id\":\"https:\\\/\\\/kt.gov.rs\\\/#organization\"},\"alternateName\":\"\u041a\u043e\u043e\u0440\u0434\u0438\u043d\u0430\u0446\u0438\u043e\u043d\u043e \u0442\u0435\u043b\u043e\",\"potentialAction\":[{\"@type\":\"SearchAction\",\"target\":{\"@type\":\"EntryPoint\",\"urlTemplate\":\"https:\\\/\\\/kt.gov.rs\\\/?s={search_term_string}\"},\"query-input\":{\"@type\":\"PropertyValueSpecification\",\"valueRequired\":true,\"valueName\":\"search_term_string\"}}],\"inLanguage\":\"sq-AL\"},{\"@type\":\"Organization\",\"@id\":\"https:\\\/\\\/kt.gov.rs\\\/#organization\",\"name\":\"\u041a\u043e\u043e\u0440\u0434\u0438\u043d\u0430\u0446\u0438\u043e\u043d\u043e \u0442\u0435\u043b\u043e \u0412\u043b\u0430\u0434\u0435 \u0420\u0435\u043f\u0443\u0431\u043b\u0438\u043a\u0435 \u0421\u0440\u0431\u0438\u0458\u0435 \u0437\u0430 \u043e\u043f\u0448\u0442\u0438\u043d\u0435 \u041f\u0440\u0435\u0448\u0435\u0432\u043e, \u0411\u0443\u0458\u0430\u043d\u043e\u0432\u0430\u0446 \u0438 \u041c\u0435\u0434\u0432\u0435\u0452a\",\"alternateName\":\"\u041a\u043e\u043e\u0440\u0434\u0438\u043d\u0430\u0446\u0438\u043e\u043d\u043e \u0442\u0435\u043b\u043e\",\"url\":\"https:\\\/\\\/kt.gov.rs\\\/\",\"logo\":{\"@type\":\"ImageObject\",\"inLanguage\":\"sq-AL\",\"@id\":\"https:\\\/\\\/kt.gov.rs\\\/#\\\/schema\\\/logo\\\/image\\\/\",\"url\":\"https:\\\/\\\/kt.gov.rs\\\/wp-content\\\/uploads\\\/2024\\\/12\\\/koord2.jpg\",\"contentUrl\":\"https:\\\/\\\/kt.gov.rs\\\/wp-content\\\/uploads\\\/2024\\\/12\\\/koord2.jpg\",\"width\":640,\"height\":480,\"caption\":\"\u041a\u043e\u043e\u0440\u0434\u0438\u043d\u0430\u0446\u0438\u043e\u043d\u043e \u0442\u0435\u043b\u043e \u0412\u043b\u0430\u0434\u0435 \u0420\u0435\u043f\u0443\u0431\u043b\u0438\u043a\u0435 \u0421\u0440\u0431\u0438\u0458\u0435 \u0437\u0430 \u043e\u043f\u0448\u0442\u0438\u043d\u0435 \u041f\u0440\u0435\u0448\u0435\u0432\u043e, \u0411\u0443\u0458\u0430\u043d\u043e\u0432\u0430\u0446 \u0438 \u041c\u0435\u0434\u0432\u0435\u0452a\"},\"image\":{\"@id\":\"https:\\\/\\\/kt.gov.rs\\\/#\\\/schema\\\/logo\\\/image\\\/\"},\"sameAs\":[\"https:\\\/\\\/www.facebook.com\\\/SluzbaKoordinacionogTelaVladeRepublikeSrbije\",\"https:\\\/\\\/x.com\\\/kt_gov\",\"https:\\\/\\\/www.youtube.com\\\/@koordinacionotelo\"]},{\"@type\":\"Person\",\"@id\":\"https:\\\/\\\/kt.gov.rs\\\/#\\\/schema\\\/person\\\/e426459ddb4173309103390602694571\",\"name\":\"ktmin\",\"image\":{\"@type\":\"ImageObject\",\"inLanguage\":\"sq-AL\",\"@id\":\"https:\\\/\\\/secure.gravatar.com\\\/avatar\\\/3985c961109853010c3fbc7ba30365bfba5db3dd6c525831d9c595c7525a615a?s=96&d=mm&r=g\",\"url\":\"https:\\\/\\\/secure.gravatar.com\\\/avatar\\\/3985c961109853010c3fbc7ba30365bfba5db3dd6c525831d9c595c7525a615a?s=96&d=mm&r=g\",\"contentUrl\":\"https:\\\/\\\/secure.gravatar.com\\\/avatar\\\/3985c961109853010c3fbc7ba30365bfba5db3dd6c525831d9c595c7525a615a?s=96&d=mm&r=g\",\"caption\":\"ktmin\"},\"sameAs\":[\"https:\\\/\\\/kt.gov.rs\"],\"url\":\"https:\\\/\\\/kt.gov.rs\\\/sq\\\/author\\\/ktmin\\\/\"}]}<\/script>\n<!-- \/ Yoast SEO plugin. -->","yoast_head_json":{"title":"THIRRJE PUN\u00cbDH\u00cbN\u00cbSVE Q\u00cb PLANIFIKOJN\u00cb PUN\u00cbSIM - Republika e S\u00ebrbis\u00eb Trupi Koordinues p\u00ebr komunat Bujanoc, Preshev\u00eb dhe Medvegj\u00eb","robots":{"index":"index","follow":"follow","max-snippet":"max-snippet:-1","max-image-preview":"max-image-preview:large","max-video-preview":"max-video-preview:-1"},"canonical":"https:\/\/kt.gov.rs\/sq\/thirrje-punedhenesve-qe-planifikojne-punesim\/","og_locale":"sq_AL","og_type":"article","og_title":"THIRRJE PUN\u00cbDH\u00cbN\u00cbSVE Q\u00cb PLANIFIKOJN\u00cb PUN\u00cbSIM - Republika e S\u00ebrbis\u00eb Trupi Koordinues p\u00ebr komunat Bujanoc, Preshev\u00eb dhe Medvegj\u00eb","og_description":"Bujanoc\u00a0\u2013 Agjensioni amerekina p\u00ebr bashkpunim nd\u00ebrkomb\u00ebtar\u00eb (USAID) i thirr\u00eb pun\u00ebdh\u00ebn\u00ebsit t\u00eb cil\u00ebt planifikojn\u00eb pun\u00ebsim t\u00eb ky\u00e7en n\u00eb programin ton\u00eb t\u00eb zhvillimit p\u00ebr fuqin\u00eb puntore ku do ti ndihmoj\u00eb pun\u00ebdh\u00ebn\u00ebsve t\u00eb angazhojn\u00eb dhe ti trajnojn\u00eb t\u00eb rit\u00eb e pun\u00ebsuar.","og_url":"https:\/\/kt.gov.rs\/sq\/thirrje-punedhenesve-qe-planifikojne-punesim\/","og_site_name":"Republika e S\u00ebrbis\u00eb Trupi Koordinues p\u00ebr komunat Bujanoc, Preshev\u00eb dhe Medvegj\u00eb","article_publisher":"https:\/\/www.facebook.com\/SluzbaKoordinacionogTelaVladeRepublikeSrbije","article_published_time":"2013-11-14T00:00:00+00:00","article_modified_time":"2024-07-30T20:14:27+00:00","og_image":[{"width":315,"height":220,"url":"https:\/\/kt.gov.rs\/wp-content\/uploads\/2024\/07\/1384427846_usaid-5.jpg","type":"image\/jpeg"}],"author":"ktmin","twitter_card":"summary_large_image","twitter_creator":"@kt_gov","twitter_site":"@kt_gov","twitter_misc":{"Written by":"ktmin","Est. reading time":"3 minutes"},"schema":{"@context":"https:\/\/schema.org","@graph":[{"@type":"Article","@id":"https:\/\/kt.gov.rs\/sq\/thirrje-punedhenesve-qe-planifikojne-punesim\/#article","isPartOf":{"@id":"https:\/\/kt.gov.rs\/sq\/thirrje-punedhenesve-qe-planifikojne-punesim\/"},"author":{"name":"ktmin","@id":"https:\/\/kt.gov.rs\/#\/schema\/person\/e426459ddb4173309103390602694571"},"headline":"THIRRJE PUN\u00cbDH\u00cbN\u00cbSVE Q\u00cb PLANIFIKOJN\u00cb PUN\u00cbSIM","datePublished":"2013-11-14T00:00:00+00:00","dateModified":"2024-07-30T20:14:27+00:00","mainEntityOfPage":{"@id":"https:\/\/kt.gov.rs\/sq\/thirrje-punedhenesve-qe-planifikojne-punesim\/"},"wordCount":562,"publisher":{"@id":"https:\/\/kt.gov.rs\/#organization"},"image":{"@id":"https:\/\/kt.gov.rs\/sq\/thirrje-punedhenesve-qe-planifikojne-punesim\/#primaryimage"},"thumbnailUrl":"https:\/\/kt.gov.rs\/wp-content\/uploads\/2024\/07\/1384427846_usaid-5.jpg","articleSection":["Lajme"],"inLanguage":"sq-AL"},{"@type":"WebPage","@id":"https:\/\/kt.gov.rs\/sq\/thirrje-punedhenesve-qe-planifikojne-punesim\/","url":"https:\/\/kt.gov.rs\/sq\/thirrje-punedhenesve-qe-planifikojne-punesim\/","name":"THIRRJE PUN\u00cbDH\u00cbN\u00cbSVE Q\u00cb PLANIFIKOJN\u00cb PUN\u00cbSIM - Republika e S\u00ebrbis\u00eb Trupi Koordinues p\u00ebr komunat Bujanoc, Preshev\u00eb dhe Medvegj\u00eb","isPartOf":{"@id":"https:\/\/kt.gov.rs\/#website"},"primaryImageOfPage":{"@id":"https:\/\/kt.gov.rs\/sq\/thirrje-punedhenesve-qe-planifikojne-punesim\/#primaryimage"},"image":{"@id":"https:\/\/kt.gov.rs\/sq\/thirrje-punedhenesve-qe-planifikojne-punesim\/#primaryimage"},"thumbnailUrl":"https:\/\/kt.gov.rs\/wp-content\/uploads\/2024\/07\/1384427846_usaid-5.jpg","datePublished":"2013-11-14T00:00:00+00:00","dateModified":"2024-07-30T20:14:27+00:00","breadcrumb":{"@id":"https:\/\/kt.gov.rs\/sq\/thirrje-punedhenesve-qe-planifikojne-punesim\/#breadcrumb"},"inLanguage":"sq-AL","potentialAction":[{"@type":"ReadAction","target":["https:\/\/kt.gov.rs\/sq\/thirrje-punedhenesve-qe-planifikojne-punesim\/"]}]},{"@type":"ImageObject","inLanguage":"sq-AL","@id":"https:\/\/kt.gov.rs\/sq\/thirrje-punedhenesve-qe-planifikojne-punesim\/#primaryimage","url":"https:\/\/kt.gov.rs\/wp-content\/uploads\/2024\/07\/1384427846_usaid-5.jpg","contentUrl":"https:\/\/kt.gov.rs\/wp-content\/uploads\/2024\/07\/1384427846_usaid-5.jpg","width":315,"height":220},{"@type":"BreadcrumbList","@id":"https:\/\/kt.gov.rs\/sq\/thirrje-punedhenesve-qe-planifikojne-punesim\/#breadcrumb","itemListElement":[{"@type":"ListItem","position":1,"name":"\u041f\u043e\u0447\u0435\u0442\u043d\u0430","item":"https:\/\/kt.gov.rs\/sq\/"},{"@type":"ListItem","position":2,"name":"THIRRJE PUN\u00cbDH\u00cbN\u00cbSVE Q\u00cb PLANIFIKOJN\u00cb PUN\u00cbSIM"}]},{"@type":"WebSite","@id":"https:\/\/kt.gov.rs\/#website","url":"https:\/\/kt.gov.rs\/","name":"\u041a\u043e\u043e\u0440\u0434\u0438\u043d\u0430\u0446\u0438\u043e\u043d\u043e \u0442\u0435\u043b\u043e \u0412\u043b\u0430\u0434\u0435 \u0420\u0435\u043f\u0443\u0431\u043b\u0438\u043a\u0435 \u0421\u0440\u0431\u0438\u0458\u0435 \u0437\u0430 \u043e\u043f\u0448\u0442\u0438\u043d\u0435 \u041f\u0440\u0435\u0448\u0435\u0432\u043e, \u0411\u0443\u0458\u0430\u043d\u043e\u0432\u0430\u0446 \u0438 \u041c\u0435\u0434\u0432\u0435\u0452a","description":"","publisher":{"@id":"https:\/\/kt.gov.rs\/#organization"},"alternateName":"\u041a\u043e\u043e\u0440\u0434\u0438\u043d\u0430\u0446\u0438\u043e\u043d\u043e \u0442\u0435\u043b\u043e","potentialAction":[{"@type":"SearchAction","target":{"@type":"EntryPoint","urlTemplate":"https:\/\/kt.gov.rs\/?s={search_term_string}"},"query-input":{"@type":"PropertyValueSpecification","valueRequired":true,"valueName":"search_term_string"}}],"inLanguage":"sq-AL"},{"@type":"Organization","@id":"https:\/\/kt.gov.rs\/#organization","name":"\u041a\u043e\u043e\u0440\u0434\u0438\u043d\u0430\u0446\u0438\u043e\u043d\u043e \u0442\u0435\u043b\u043e \u0412\u043b\u0430\u0434\u0435 \u0420\u0435\u043f\u0443\u0431\u043b\u0438\u043a\u0435 \u0421\u0440\u0431\u0438\u0458\u0435 \u0437\u0430 \u043e\u043f\u0448\u0442\u0438\u043d\u0435 \u041f\u0440\u0435\u0448\u0435\u0432\u043e, \u0411\u0443\u0458\u0430\u043d\u043e\u0432\u0430\u0446 \u0438 \u041c\u0435\u0434\u0432\u0435\u0452a","alternateName":"\u041a\u043e\u043e\u0440\u0434\u0438\u043d\u0430\u0446\u0438\u043e\u043d\u043e \u0442\u0435\u043b\u043e","url":"https:\/\/kt.gov.rs\/","logo":{"@type":"ImageObject","inLanguage":"sq-AL","@id":"https:\/\/kt.gov.rs\/#\/schema\/logo\/image\/","url":"https:\/\/kt.gov.rs\/wp-content\/uploads\/2024\/12\/koord2.jpg","contentUrl":"https:\/\/kt.gov.rs\/wp-content\/uploads\/2024\/12\/koord2.jpg","width":640,"height":480,"caption":"\u041a\u043e\u043e\u0440\u0434\u0438\u043d\u0430\u0446\u0438\u043e\u043d\u043e \u0442\u0435\u043b\u043e \u0412\u043b\u0430\u0434\u0435 \u0420\u0435\u043f\u0443\u0431\u043b\u0438\u043a\u0435 \u0421\u0440\u0431\u0438\u0458\u0435 \u0437\u0430 \u043e\u043f\u0448\u0442\u0438\u043d\u0435 \u041f\u0440\u0435\u0448\u0435\u0432\u043e, \u0411\u0443\u0458\u0430\u043d\u043e\u0432\u0430\u0446 \u0438 \u041c\u0435\u0434\u0432\u0435\u0452a"},"image":{"@id":"https:\/\/kt.gov.rs\/#\/schema\/logo\/image\/"},"sameAs":["https:\/\/www.facebook.com\/SluzbaKoordinacionogTelaVladeRepublikeSrbije","https:\/\/x.com\/kt_gov","https:\/\/www.youtube.com\/@koordinacionotelo"]},{"@type":"Person","@id":"https:\/\/kt.gov.rs\/#\/schema\/person\/e426459ddb4173309103390602694571","name":"ktmin","image":{"@type":"ImageObject","inLanguage":"sq-AL","@id":"https:\/\/secure.gravatar.com\/avatar\/3985c961109853010c3fbc7ba30365bfba5db3dd6c525831d9c595c7525a615a?s=96&d=mm&r=g","url":"https:\/\/secure.gravatar.com\/avatar\/3985c961109853010c3fbc7ba30365bfba5db3dd6c525831d9c595c7525a615a?s=96&d=mm&r=g","contentUrl":"https:\/\/secure.gravatar.com\/avatar\/3985c961109853010c3fbc7ba30365bfba5db3dd6c525831d9c595c7525a615a?s=96&d=mm&r=g","caption":"ktmin"},"sameAs":["https:\/\/kt.gov.rs"],"url":"https:\/\/kt.gov.rs\/sq\/author\/ktmin\/"}]}},"_links":{"self":[{"href":"https:\/\/kt.gov.rs\/sq\/wp-json\/wp\/v2\/posts\/140110","targetHints":{"allow":["GET"]}}],"collection":[{"href":"https:\/\/kt.gov.rs\/sq\/wp-json\/wp\/v2\/posts"}],"about":[{"href":"https:\/\/kt.gov.rs\/sq\/wp-json\/wp\/v2\/types\/post"}],"author":[{"embeddable":true,"href":"https:\/\/kt.gov.rs\/sq\/wp-json\/wp\/v2\/users\/1"}],"replies":[{"embeddable":true,"href":"https:\/\/kt.gov.rs\/sq\/wp-json\/wp\/v2\/comments?post=140110"}],"version-history":[{"count":1,"href":"https:\/\/kt.gov.rs\/sq\/wp-json\/wp\/v2\/posts\/140110\/revisions"}],"predecessor-version":[{"id":140114,"href":"https:\/\/kt.gov.rs\/sq\/wp-json\/wp\/v2\/posts\/140110\/revisions\/140114"}],"wp:featuredmedia":[{"embeddable":true,"href":"https:\/\/kt.gov.rs\/sq\/wp-json\/wp\/v2\/media\/140115"}],"wp:attachment":[{"href":"https:\/\/kt.gov.rs\/sq\/wp-json\/wp\/v2\/media?parent=140110"}],"wp:term":[{"taxonomy":"category","embeddable":true,"href":"https:\/\/kt.gov.rs\/sq\/wp-json\/wp\/v2\/categories?post=140110"},{"taxonomy":"post_tag","embeddable":true,"href":"https:\/\/kt.gov.rs\/sq\/wp-json\/wp\/v2\/tags?post=140110"}],"curies":[{"name":"wp","href":"https:\/\/api.w.org\/{rel}","templated":true}]}}