{"id":140094,"date":"2013-11-15T00:00:00","date_gmt":"2013-11-15T00:00:00","guid":{"rendered":"http:\/\/kt.printandscreen.rs\/bisede-lidhur-me-importimin-e-paligjshem-te-librave\/"},"modified":"2024-07-30T20:14:25","modified_gmt":"2024-07-30T20:14:25","slug":"bisede-lidhur-me-importimin-e-paligjshem-te-librave","status":"publish","type":"post","link":"https:\/\/kt.gov.rs\/sq\/bisede-lidhur-me-importimin-e-paligjshem-te-librave\/","title":{"rendered":"BISED\u00cb LIDHUR ME IMPORTIMIN E PALIGJSH\u00cbM T\u00cb LIBRAVE"},"content":{"rendered":"<p>\n\t<img decoding=\"async\" alt=\"\" src=\"https:\/\/kt.gov.rs\/wp-content\/uploads\/2024\/07\/newspic339v-4.jpg\" style=\"width: 315px; height: 190px; float: left;\" \/>Kryetari i Trupit koordinues p\u00ebr komun\u00ebn Preshev\u00eb, Bujanoc dhe Medvegj\u00eb, Zoran Stankoviq, ka biseduar n\u00eb Bujanoc me lider\u00ebt shqiptar t\u00eb partive politike lidhur me imortimin e pa ligjsh\u00ebm t\u00eb librave nga Kosova dhe Metohija ku para disa dit\u00ebve jan\u00eb konfiskuar n\u00eb SHF \u201cZenel Ajdini\u201d n\u00eb fshatin Rainc\u00eb t\u00eb Preshev\u00ebs.\u00a0<\/p>\n<p>\n\tStankoviqi ka th\u00ebn\u00eb q\u00eb 5.060 tekste shkollore n\u00eb gjuh\u00ebn shqipe jan\u00eb konfiskuar sepse nuk kan\u00eb ekzistuar dokumentat p\u00ebrgjegj\u00ebs dhe qe ajo nuk ka qen\u00eb aksion i policis\u00eb por aktivitet i Gjykat\u00ebs themelore n\u00eb Vranj\u00eb.<\/p>\n<p>\n\tKryetari i Partis demokratike Shqiptare, Ragmi Mustafa, pas\u00eb takimit ka th\u00ebn\u00eb q\u00eb konkretisht \u00ebsht\u00eb biseduar p\u00ebr tekstet shkollore t\u00eb cilat jan\u00eb marr\u00eb n\u00eb shkoll\u00ebn e Rainc\u00ebs dhe q\u00eb at\u00eb do ti procesojn\u00eb me Trupit koordinues dhe OSBE-n\u00eb dhe q\u00eb ato tekste shkollore do ti kthehen nx\u00ebn\u00ebsve.<\/p>\n<p>\n\tZoran Stankoviq, kryetari i Trupit koordinues p\u00ebr komunat Preshev\u00eb, Bujanoc dhe Medvegj\u00eb lidhje me rastin tha se ligjet dhe rregullat duhen patjet\u00ebr t\u00eb rrespektohen dhe t\u00eb gjitha tekstet shkollore t\u00eb cilat shfritzohen duhen t\u00eb kalojn\u00eb procedurat t\u00eb parapar\u00eb n\u00ebp\u00ebrmejet Ministris\u00eb Arsimit.<\/p>\n<p>\n\t\u201cPrandaj, kjo procedur\u00eb do t\u00eb zbatohet n\u00eb t\u00eb ardhm\u00ebn. Ne nuk kemi asgj\u00eb kund\u00ebr q\u00eb n\u00eb p\u00ebrputhje me ligj\u00eb k\u00ebto tekste n\u00ebse i plotsojn\u00eb kushtet ligjore, ose n\u00ebse ndonjra nga ato \u00ebsht\u00eb miratuar m\u00eb her\u00ebt q\u00eb ti vehen n\u00eb sh\u00ebrbim f\u00ebmij\u00ebve. Kemi biseduar edhe p\u00ebr rrjetin e gjkatave dhe Prokuris dhe jemi marr\u00eb vesh\u00eb q\u00eb t\u00eb mbajm\u00eb takim me personat kompetent nga Ministria e drejt\u00ebsis\u00eb q\u00eb liderve shqiptar\u00eb t\u00eb ja shpjegoj kriteret se si \u00ebsht\u00eb\u00a0 b\u00ebr\u00eb rrjeti i gjykatave n\u00eb Republik\u00ebn e S\u00ebrbis\u00eb.\u201c<\/p>\n<p>\n\tM\u00ebnyra ligjore n\u00ebnkupton q\u00eb n\u00ebp\u00ebrmejt K\u00ebshillit nacional Shqiptar\u00eb t\u00eb drejtohet k\u00ebrkesa e cila tani i shkon Ministris\u00eb s\u00eb Arsimit e cila i lejon tekstet shkollore.<\/p>\n<p>\n\t<strong>Burim: Radio B92 dhe Trupi koordinues<\/strong><\/p>\n<p>\n\t\u00a0<\/p>\n","protected":false},"excerpt":{"rendered":"<p>Kryetari i Trupit koordinues p\u00ebr komun\u00ebn Preshev\u00eb, Bujanoc dhe Medvegj\u00eb, Zoran Stankoviq, ka biseduar n\u00eb Bujanoc me lider\u00ebt shqiptar t\u00eb partive politike lidhur me imortimin e pa ligjsh\u00ebm t\u00eb librave nga Kosova dhe Metohija\u2026<\/p>\n","protected":false},"author":1,"featured_media":140099,"comment_status":"closed","ping_status":"closed","sticky":false,"template":"","format":"standard","meta":{"footnotes":""},"categories":[55],"tags":[],"class_list":["post-140094","post","type-post","status-publish","format-standard","has-post-thumbnail","hentry","category-lajme"],"yoast_head":"<!-- This site is optimized with the Yoast SEO plugin v27.5 - https:\/\/yoast.com\/product\/yoast-seo-wordpress\/ -->\n<title>BISED\u00cb LIDHUR ME IMPORTIMIN E PALIGJSH\u00cbM T\u00cb LIBRAVE - Republika e S\u00ebrbis\u00eb Trupi Koordinues p\u00ebr komunat Bujanoc, Preshev\u00eb dhe Medvegj\u00eb<\/title>\n<meta name=\"robots\" content=\"index, follow, max-snippet:-1, max-image-preview:large, max-video-preview:-1\" \/>\n<link rel=\"canonical\" href=\"https:\/\/kt.gov.rs\/sq\/bisede-lidhur-me-importimin-e-paligjshem-te-librave\/\" \/>\n<meta property=\"og:locale\" content=\"sq_AL\" \/>\n<meta property=\"og:type\" content=\"article\" \/>\n<meta property=\"og:title\" content=\"BISED\u00cb LIDHUR ME IMPORTIMIN E PALIGJSH\u00cbM T\u00cb LIBRAVE - Republika e S\u00ebrbis\u00eb Trupi Koordinues p\u00ebr komunat Bujanoc, Preshev\u00eb dhe Medvegj\u00eb\" \/>\n<meta property=\"og:description\" content=\"Kryetari i Trupit koordinues p\u00ebr komun\u00ebn Preshev\u00eb, Bujanoc dhe Medvegj\u00eb, Zoran Stankoviq, ka biseduar n\u00eb Bujanoc me lider\u00ebt shqiptar t\u00eb partive politike lidhur me imortimin e pa ligjsh\u00ebm t\u00eb librave nga Kosova dhe Metohija...\" \/>\n<meta property=\"og:url\" content=\"https:\/\/kt.gov.rs\/sq\/bisede-lidhur-me-importimin-e-paligjshem-te-librave\/\" \/>\n<meta property=\"og:site_name\" content=\"Republika e S\u00ebrbis\u00eb Trupi Koordinues p\u00ebr komunat Bujanoc, Preshev\u00eb dhe Medvegj\u00eb\" \/>\n<meta property=\"article:publisher\" content=\"https:\/\/www.facebook.com\/SluzbaKoordinacionogTelaVladeRepublikeSrbije\" \/>\n<meta property=\"article:published_time\" content=\"2013-11-15T00:00:00+00:00\" \/>\n<meta property=\"article:modified_time\" content=\"2024-07-30T20:14:25+00:00\" \/>\n<meta property=\"og:image\" content=\"https:\/\/kt.gov.rs\/wp-content\/uploads\/2024\/07\/newspic339v-5.jpg\" \/>\n\t<meta property=\"og:image:width\" content=\"315\" \/>\n\t<meta property=\"og:image:height\" content=\"190\" \/>\n\t<meta property=\"og:image:type\" content=\"image\/jpeg\" \/>\n<meta name=\"author\" content=\"ktmin\" \/>\n<meta name=\"twitter:card\" content=\"summary_large_image\" \/>\n<meta name=\"twitter:creator\" content=\"@kt_gov\" \/>\n<meta name=\"twitter:site\" content=\"@kt_gov\" \/>\n<meta name=\"twitter:label1\" content=\"Written by\" \/>\n\t<meta name=\"twitter:data1\" content=\"ktmin\" \/>\n\t<meta name=\"twitter:label2\" content=\"Est. reading time\" \/>\n\t<meta name=\"twitter:data2\" content=\"2 minutes\" \/>\n<script type=\"application\/ld+json\" class=\"yoast-schema-graph\">{\"@context\":\"https:\\\/\\\/schema.org\",\"@graph\":[{\"@type\":\"Article\",\"@id\":\"https:\\\/\\\/kt.gov.rs\\\/sq\\\/bisede-lidhur-me-importimin-e-paligjshem-te-librave\\\/#article\",\"isPartOf\":{\"@id\":\"https:\\\/\\\/kt.gov.rs\\\/sq\\\/bisede-lidhur-me-importimin-e-paligjshem-te-librave\\\/\"},\"author\":{\"name\":\"ktmin\",\"@id\":\"https:\\\/\\\/kt.gov.rs\\\/#\\\/schema\\\/person\\\/e426459ddb4173309103390602694571\"},\"headline\":\"BISED\u00cb LIDHUR ME IMPORTIMIN E PALIGJSH\u00cbM T\u00cb LIBRAVE\",\"datePublished\":\"2013-11-15T00:00:00+00:00\",\"dateModified\":\"2024-07-30T20:14:25+00:00\",\"mainEntityOfPage\":{\"@id\":\"https:\\\/\\\/kt.gov.rs\\\/sq\\\/bisede-lidhur-me-importimin-e-paligjshem-te-librave\\\/\"},\"wordCount\":459,\"publisher\":{\"@id\":\"https:\\\/\\\/kt.gov.rs\\\/#organization\"},\"image\":{\"@id\":\"https:\\\/\\\/kt.gov.rs\\\/sq\\\/bisede-lidhur-me-importimin-e-paligjshem-te-librave\\\/#primaryimage\"},\"thumbnailUrl\":\"https:\\\/\\\/kt.gov.rs\\\/wp-content\\\/uploads\\\/2024\\\/07\\\/newspic339v-5.jpg\",\"articleSection\":[\"Lajme\"],\"inLanguage\":\"sq-AL\"},{\"@type\":\"WebPage\",\"@id\":\"https:\\\/\\\/kt.gov.rs\\\/sq\\\/bisede-lidhur-me-importimin-e-paligjshem-te-librave\\\/\",\"url\":\"https:\\\/\\\/kt.gov.rs\\\/sq\\\/bisede-lidhur-me-importimin-e-paligjshem-te-librave\\\/\",\"name\":\"BISED\u00cb LIDHUR ME IMPORTIMIN E PALIGJSH\u00cbM T\u00cb LIBRAVE - Republika e S\u00ebrbis\u00eb Trupi Koordinues p\u00ebr komunat Bujanoc, Preshev\u00eb dhe Medvegj\u00eb\",\"isPartOf\":{\"@id\":\"https:\\\/\\\/kt.gov.rs\\\/#website\"},\"primaryImageOfPage\":{\"@id\":\"https:\\\/\\\/kt.gov.rs\\\/sq\\\/bisede-lidhur-me-importimin-e-paligjshem-te-librave\\\/#primaryimage\"},\"image\":{\"@id\":\"https:\\\/\\\/kt.gov.rs\\\/sq\\\/bisede-lidhur-me-importimin-e-paligjshem-te-librave\\\/#primaryimage\"},\"thumbnailUrl\":\"https:\\\/\\\/kt.gov.rs\\\/wp-content\\\/uploads\\\/2024\\\/07\\\/newspic339v-5.jpg\",\"datePublished\":\"2013-11-15T00:00:00+00:00\",\"dateModified\":\"2024-07-30T20:14:25+00:00\",\"breadcrumb\":{\"@id\":\"https:\\\/\\\/kt.gov.rs\\\/sq\\\/bisede-lidhur-me-importimin-e-paligjshem-te-librave\\\/#breadcrumb\"},\"inLanguage\":\"sq-AL\",\"potentialAction\":[{\"@type\":\"ReadAction\",\"target\":[\"https:\\\/\\\/kt.gov.rs\\\/sq\\\/bisede-lidhur-me-importimin-e-paligjshem-te-librave\\\/\"]}]},{\"@type\":\"ImageObject\",\"inLanguage\":\"sq-AL\",\"@id\":\"https:\\\/\\\/kt.gov.rs\\\/sq\\\/bisede-lidhur-me-importimin-e-paligjshem-te-librave\\\/#primaryimage\",\"url\":\"https:\\\/\\\/kt.gov.rs\\\/wp-content\\\/uploads\\\/2024\\\/07\\\/newspic339v-5.jpg\",\"contentUrl\":\"https:\\\/\\\/kt.gov.rs\\\/wp-content\\\/uploads\\\/2024\\\/07\\\/newspic339v-5.jpg\",\"width\":315,\"height\":190},{\"@type\":\"BreadcrumbList\",\"@id\":\"https:\\\/\\\/kt.gov.rs\\\/sq\\\/bisede-lidhur-me-importimin-e-paligjshem-te-librave\\\/#breadcrumb\",\"itemListElement\":[{\"@type\":\"ListItem\",\"position\":1,\"name\":\"\u041f\u043e\u0447\u0435\u0442\u043d\u0430\",\"item\":\"https:\\\/\\\/kt.gov.rs\\\/sq\\\/\"},{\"@type\":\"ListItem\",\"position\":2,\"name\":\"BISED\u00cb LIDHUR ME IMPORTIMIN E PALIGJSH\u00cbM T\u00cb LIBRAVE\"}]},{\"@type\":\"WebSite\",\"@id\":\"https:\\\/\\\/kt.gov.rs\\\/#website\",\"url\":\"https:\\\/\\\/kt.gov.rs\\\/\",\"name\":\"\u041a\u043e\u043e\u0440\u0434\u0438\u043d\u0430\u0446\u0438\u043e\u043d\u043e \u0442\u0435\u043b\u043e \u0412\u043b\u0430\u0434\u0435 \u0420\u0435\u043f\u0443\u0431\u043b\u0438\u043a\u0435 \u0421\u0440\u0431\u0438\u0458\u0435 \u0437\u0430 \u043e\u043f\u0448\u0442\u0438\u043d\u0435 \u041f\u0440\u0435\u0448\u0435\u0432\u043e, \u0411\u0443\u0458\u0430\u043d\u043e\u0432\u0430\u0446 \u0438 \u041c\u0435\u0434\u0432\u0435\u0452a\",\"description\":\"\",\"publisher\":{\"@id\":\"https:\\\/\\\/kt.gov.rs\\\/#organization\"},\"alternateName\":\"\u041a\u043e\u043e\u0440\u0434\u0438\u043d\u0430\u0446\u0438\u043e\u043d\u043e \u0442\u0435\u043b\u043e\",\"potentialAction\":[{\"@type\":\"SearchAction\",\"target\":{\"@type\":\"EntryPoint\",\"urlTemplate\":\"https:\\\/\\\/kt.gov.rs\\\/?s={search_term_string}\"},\"query-input\":{\"@type\":\"PropertyValueSpecification\",\"valueRequired\":true,\"valueName\":\"search_term_string\"}}],\"inLanguage\":\"sq-AL\"},{\"@type\":\"Organization\",\"@id\":\"https:\\\/\\\/kt.gov.rs\\\/#organization\",\"name\":\"\u041a\u043e\u043e\u0440\u0434\u0438\u043d\u0430\u0446\u0438\u043e\u043d\u043e \u0442\u0435\u043b\u043e \u0412\u043b\u0430\u0434\u0435 \u0420\u0435\u043f\u0443\u0431\u043b\u0438\u043a\u0435 \u0421\u0440\u0431\u0438\u0458\u0435 \u0437\u0430 \u043e\u043f\u0448\u0442\u0438\u043d\u0435 \u041f\u0440\u0435\u0448\u0435\u0432\u043e, \u0411\u0443\u0458\u0430\u043d\u043e\u0432\u0430\u0446 \u0438 \u041c\u0435\u0434\u0432\u0435\u0452a\",\"alternateName\":\"\u041a\u043e\u043e\u0440\u0434\u0438\u043d\u0430\u0446\u0438\u043e\u043d\u043e \u0442\u0435\u043b\u043e\",\"url\":\"https:\\\/\\\/kt.gov.rs\\\/\",\"logo\":{\"@type\":\"ImageObject\",\"inLanguage\":\"sq-AL\",\"@id\":\"https:\\\/\\\/kt.gov.rs\\\/#\\\/schema\\\/logo\\\/image\\\/\",\"url\":\"https:\\\/\\\/kt.gov.rs\\\/wp-content\\\/uploads\\\/2024\\\/12\\\/koord2.jpg\",\"contentUrl\":\"https:\\\/\\\/kt.gov.rs\\\/wp-content\\\/uploads\\\/2024\\\/12\\\/koord2.jpg\",\"width\":640,\"height\":480,\"caption\":\"\u041a\u043e\u043e\u0440\u0434\u0438\u043d\u0430\u0446\u0438\u043e\u043d\u043e \u0442\u0435\u043b\u043e \u0412\u043b\u0430\u0434\u0435 \u0420\u0435\u043f\u0443\u0431\u043b\u0438\u043a\u0435 \u0421\u0440\u0431\u0438\u0458\u0435 \u0437\u0430 \u043e\u043f\u0448\u0442\u0438\u043d\u0435 \u041f\u0440\u0435\u0448\u0435\u0432\u043e, \u0411\u0443\u0458\u0430\u043d\u043e\u0432\u0430\u0446 \u0438 \u041c\u0435\u0434\u0432\u0435\u0452a\"},\"image\":{\"@id\":\"https:\\\/\\\/kt.gov.rs\\\/#\\\/schema\\\/logo\\\/image\\\/\"},\"sameAs\":[\"https:\\\/\\\/www.facebook.com\\\/SluzbaKoordinacionogTelaVladeRepublikeSrbije\",\"https:\\\/\\\/x.com\\\/kt_gov\",\"https:\\\/\\\/www.youtube.com\\\/@koordinacionotelo\"]},{\"@type\":\"Person\",\"@id\":\"https:\\\/\\\/kt.gov.rs\\\/#\\\/schema\\\/person\\\/e426459ddb4173309103390602694571\",\"name\":\"ktmin\",\"image\":{\"@type\":\"ImageObject\",\"inLanguage\":\"sq-AL\",\"@id\":\"https:\\\/\\\/secure.gravatar.com\\\/avatar\\\/3985c961109853010c3fbc7ba30365bfba5db3dd6c525831d9c595c7525a615a?s=96&d=mm&r=g\",\"url\":\"https:\\\/\\\/secure.gravatar.com\\\/avatar\\\/3985c961109853010c3fbc7ba30365bfba5db3dd6c525831d9c595c7525a615a?s=96&d=mm&r=g\",\"contentUrl\":\"https:\\\/\\\/secure.gravatar.com\\\/avatar\\\/3985c961109853010c3fbc7ba30365bfba5db3dd6c525831d9c595c7525a615a?s=96&d=mm&r=g\",\"caption\":\"ktmin\"},\"sameAs\":[\"https:\\\/\\\/kt.gov.rs\"],\"url\":\"https:\\\/\\\/kt.gov.rs\\\/sq\\\/author\\\/ktmin\\\/\"}]}<\/script>\n<!-- \/ Yoast SEO plugin. -->","yoast_head_json":{"title":"BISED\u00cb LIDHUR ME IMPORTIMIN E PALIGJSH\u00cbM T\u00cb LIBRAVE - Republika e S\u00ebrbis\u00eb Trupi Koordinues p\u00ebr komunat Bujanoc, Preshev\u00eb dhe Medvegj\u00eb","robots":{"index":"index","follow":"follow","max-snippet":"max-snippet:-1","max-image-preview":"max-image-preview:large","max-video-preview":"max-video-preview:-1"},"canonical":"https:\/\/kt.gov.rs\/sq\/bisede-lidhur-me-importimin-e-paligjshem-te-librave\/","og_locale":"sq_AL","og_type":"article","og_title":"BISED\u00cb LIDHUR ME IMPORTIMIN E PALIGJSH\u00cbM T\u00cb LIBRAVE - Republika e S\u00ebrbis\u00eb Trupi Koordinues p\u00ebr komunat Bujanoc, Preshev\u00eb dhe Medvegj\u00eb","og_description":"Kryetari i Trupit koordinues p\u00ebr komun\u00ebn Preshev\u00eb, Bujanoc dhe Medvegj\u00eb, Zoran Stankoviq, ka biseduar n\u00eb Bujanoc me lider\u00ebt shqiptar t\u00eb partive politike lidhur me imortimin e pa ligjsh\u00ebm t\u00eb librave nga Kosova dhe Metohija...","og_url":"https:\/\/kt.gov.rs\/sq\/bisede-lidhur-me-importimin-e-paligjshem-te-librave\/","og_site_name":"Republika e S\u00ebrbis\u00eb Trupi Koordinues p\u00ebr komunat Bujanoc, Preshev\u00eb dhe Medvegj\u00eb","article_publisher":"https:\/\/www.facebook.com\/SluzbaKoordinacionogTelaVladeRepublikeSrbije","article_published_time":"2013-11-15T00:00:00+00:00","article_modified_time":"2024-07-30T20:14:25+00:00","og_image":[{"width":315,"height":190,"url":"https:\/\/kt.gov.rs\/wp-content\/uploads\/2024\/07\/newspic339v-5.jpg","type":"image\/jpeg"}],"author":"ktmin","twitter_card":"summary_large_image","twitter_creator":"@kt_gov","twitter_site":"@kt_gov","twitter_misc":{"Written by":"ktmin","Est. reading time":"2 minutes"},"schema":{"@context":"https:\/\/schema.org","@graph":[{"@type":"Article","@id":"https:\/\/kt.gov.rs\/sq\/bisede-lidhur-me-importimin-e-paligjshem-te-librave\/#article","isPartOf":{"@id":"https:\/\/kt.gov.rs\/sq\/bisede-lidhur-me-importimin-e-paligjshem-te-librave\/"},"author":{"name":"ktmin","@id":"https:\/\/kt.gov.rs\/#\/schema\/person\/e426459ddb4173309103390602694571"},"headline":"BISED\u00cb LIDHUR ME IMPORTIMIN E PALIGJSH\u00cbM T\u00cb LIBRAVE","datePublished":"2013-11-15T00:00:00+00:00","dateModified":"2024-07-30T20:14:25+00:00","mainEntityOfPage":{"@id":"https:\/\/kt.gov.rs\/sq\/bisede-lidhur-me-importimin-e-paligjshem-te-librave\/"},"wordCount":459,"publisher":{"@id":"https:\/\/kt.gov.rs\/#organization"},"image":{"@id":"https:\/\/kt.gov.rs\/sq\/bisede-lidhur-me-importimin-e-paligjshem-te-librave\/#primaryimage"},"thumbnailUrl":"https:\/\/kt.gov.rs\/wp-content\/uploads\/2024\/07\/newspic339v-5.jpg","articleSection":["Lajme"],"inLanguage":"sq-AL"},{"@type":"WebPage","@id":"https:\/\/kt.gov.rs\/sq\/bisede-lidhur-me-importimin-e-paligjshem-te-librave\/","url":"https:\/\/kt.gov.rs\/sq\/bisede-lidhur-me-importimin-e-paligjshem-te-librave\/","name":"BISED\u00cb LIDHUR ME IMPORTIMIN E PALIGJSH\u00cbM T\u00cb LIBRAVE - Republika e S\u00ebrbis\u00eb Trupi Koordinues p\u00ebr komunat Bujanoc, Preshev\u00eb dhe Medvegj\u00eb","isPartOf":{"@id":"https:\/\/kt.gov.rs\/#website"},"primaryImageOfPage":{"@id":"https:\/\/kt.gov.rs\/sq\/bisede-lidhur-me-importimin-e-paligjshem-te-librave\/#primaryimage"},"image":{"@id":"https:\/\/kt.gov.rs\/sq\/bisede-lidhur-me-importimin-e-paligjshem-te-librave\/#primaryimage"},"thumbnailUrl":"https:\/\/kt.gov.rs\/wp-content\/uploads\/2024\/07\/newspic339v-5.jpg","datePublished":"2013-11-15T00:00:00+00:00","dateModified":"2024-07-30T20:14:25+00:00","breadcrumb":{"@id":"https:\/\/kt.gov.rs\/sq\/bisede-lidhur-me-importimin-e-paligjshem-te-librave\/#breadcrumb"},"inLanguage":"sq-AL","potentialAction":[{"@type":"ReadAction","target":["https:\/\/kt.gov.rs\/sq\/bisede-lidhur-me-importimin-e-paligjshem-te-librave\/"]}]},{"@type":"ImageObject","inLanguage":"sq-AL","@id":"https:\/\/kt.gov.rs\/sq\/bisede-lidhur-me-importimin-e-paligjshem-te-librave\/#primaryimage","url":"https:\/\/kt.gov.rs\/wp-content\/uploads\/2024\/07\/newspic339v-5.jpg","contentUrl":"https:\/\/kt.gov.rs\/wp-content\/uploads\/2024\/07\/newspic339v-5.jpg","width":315,"height":190},{"@type":"BreadcrumbList","@id":"https:\/\/kt.gov.rs\/sq\/bisede-lidhur-me-importimin-e-paligjshem-te-librave\/#breadcrumb","itemListElement":[{"@type":"ListItem","position":1,"name":"\u041f\u043e\u0447\u0435\u0442\u043d\u0430","item":"https:\/\/kt.gov.rs\/sq\/"},{"@type":"ListItem","position":2,"name":"BISED\u00cb LIDHUR ME IMPORTIMIN E PALIGJSH\u00cbM T\u00cb LIBRAVE"}]},{"@type":"WebSite","@id":"https:\/\/kt.gov.rs\/#website","url":"https:\/\/kt.gov.rs\/","name":"\u041a\u043e\u043e\u0440\u0434\u0438\u043d\u0430\u0446\u0438\u043e\u043d\u043e \u0442\u0435\u043b\u043e \u0412\u043b\u0430\u0434\u0435 \u0420\u0435\u043f\u0443\u0431\u043b\u0438\u043a\u0435 \u0421\u0440\u0431\u0438\u0458\u0435 \u0437\u0430 \u043e\u043f\u0448\u0442\u0438\u043d\u0435 \u041f\u0440\u0435\u0448\u0435\u0432\u043e, \u0411\u0443\u0458\u0430\u043d\u043e\u0432\u0430\u0446 \u0438 \u041c\u0435\u0434\u0432\u0435\u0452a","description":"","publisher":{"@id":"https:\/\/kt.gov.rs\/#organization"},"alternateName":"\u041a\u043e\u043e\u0440\u0434\u0438\u043d\u0430\u0446\u0438\u043e\u043d\u043e \u0442\u0435\u043b\u043e","potentialAction":[{"@type":"SearchAction","target":{"@type":"EntryPoint","urlTemplate":"https:\/\/kt.gov.rs\/?s={search_term_string}"},"query-input":{"@type":"PropertyValueSpecification","valueRequired":true,"valueName":"search_term_string"}}],"inLanguage":"sq-AL"},{"@type":"Organization","@id":"https:\/\/kt.gov.rs\/#organization","name":"\u041a\u043e\u043e\u0440\u0434\u0438\u043d\u0430\u0446\u0438\u043e\u043d\u043e \u0442\u0435\u043b\u043e \u0412\u043b\u0430\u0434\u0435 \u0420\u0435\u043f\u0443\u0431\u043b\u0438\u043a\u0435 \u0421\u0440\u0431\u0438\u0458\u0435 \u0437\u0430 \u043e\u043f\u0448\u0442\u0438\u043d\u0435 \u041f\u0440\u0435\u0448\u0435\u0432\u043e, \u0411\u0443\u0458\u0430\u043d\u043e\u0432\u0430\u0446 \u0438 \u041c\u0435\u0434\u0432\u0435\u0452a","alternateName":"\u041a\u043e\u043e\u0440\u0434\u0438\u043d\u0430\u0446\u0438\u043e\u043d\u043e \u0442\u0435\u043b\u043e","url":"https:\/\/kt.gov.rs\/","logo":{"@type":"ImageObject","inLanguage":"sq-AL","@id":"https:\/\/kt.gov.rs\/#\/schema\/logo\/image\/","url":"https:\/\/kt.gov.rs\/wp-content\/uploads\/2024\/12\/koord2.jpg","contentUrl":"https:\/\/kt.gov.rs\/wp-content\/uploads\/2024\/12\/koord2.jpg","width":640,"height":480,"caption":"\u041a\u043e\u043e\u0440\u0434\u0438\u043d\u0430\u0446\u0438\u043e\u043d\u043e \u0442\u0435\u043b\u043e \u0412\u043b\u0430\u0434\u0435 \u0420\u0435\u043f\u0443\u0431\u043b\u0438\u043a\u0435 \u0421\u0440\u0431\u0438\u0458\u0435 \u0437\u0430 \u043e\u043f\u0448\u0442\u0438\u043d\u0435 \u041f\u0440\u0435\u0448\u0435\u0432\u043e, \u0411\u0443\u0458\u0430\u043d\u043e\u0432\u0430\u0446 \u0438 \u041c\u0435\u0434\u0432\u0435\u0452a"},"image":{"@id":"https:\/\/kt.gov.rs\/#\/schema\/logo\/image\/"},"sameAs":["https:\/\/www.facebook.com\/SluzbaKoordinacionogTelaVladeRepublikeSrbije","https:\/\/x.com\/kt_gov","https:\/\/www.youtube.com\/@koordinacionotelo"]},{"@type":"Person","@id":"https:\/\/kt.gov.rs\/#\/schema\/person\/e426459ddb4173309103390602694571","name":"ktmin","image":{"@type":"ImageObject","inLanguage":"sq-AL","@id":"https:\/\/secure.gravatar.com\/avatar\/3985c961109853010c3fbc7ba30365bfba5db3dd6c525831d9c595c7525a615a?s=96&d=mm&r=g","url":"https:\/\/secure.gravatar.com\/avatar\/3985c961109853010c3fbc7ba30365bfba5db3dd6c525831d9c595c7525a615a?s=96&d=mm&r=g","contentUrl":"https:\/\/secure.gravatar.com\/avatar\/3985c961109853010c3fbc7ba30365bfba5db3dd6c525831d9c595c7525a615a?s=96&d=mm&r=g","caption":"ktmin"},"sameAs":["https:\/\/kt.gov.rs"],"url":"https:\/\/kt.gov.rs\/sq\/author\/ktmin\/"}]}},"_links":{"self":[{"href":"https:\/\/kt.gov.rs\/sq\/wp-json\/wp\/v2\/posts\/140094","targetHints":{"allow":["GET"]}}],"collection":[{"href":"https:\/\/kt.gov.rs\/sq\/wp-json\/wp\/v2\/posts"}],"about":[{"href":"https:\/\/kt.gov.rs\/sq\/wp-json\/wp\/v2\/types\/post"}],"author":[{"embeddable":true,"href":"https:\/\/kt.gov.rs\/sq\/wp-json\/wp\/v2\/users\/1"}],"replies":[{"embeddable":true,"href":"https:\/\/kt.gov.rs\/sq\/wp-json\/wp\/v2\/comments?post=140094"}],"version-history":[{"count":1,"href":"https:\/\/kt.gov.rs\/sq\/wp-json\/wp\/v2\/posts\/140094\/revisions"}],"predecessor-version":[{"id":140098,"href":"https:\/\/kt.gov.rs\/sq\/wp-json\/wp\/v2\/posts\/140094\/revisions\/140098"}],"wp:featuredmedia":[{"embeddable":true,"href":"https:\/\/kt.gov.rs\/sq\/wp-json\/wp\/v2\/media\/140099"}],"wp:attachment":[{"href":"https:\/\/kt.gov.rs\/sq\/wp-json\/wp\/v2\/media?parent=140094"}],"wp:term":[{"taxonomy":"category","embeddable":true,"href":"https:\/\/kt.gov.rs\/sq\/wp-json\/wp\/v2\/categories?post=140094"},{"taxonomy":"post_tag","embeddable":true,"href":"https:\/\/kt.gov.rs\/sq\/wp-json\/wp\/v2\/tags?post=140094"}],"curies":[{"name":"wp","href":"https:\/\/api.w.org\/{rel}","templated":true}]}}