{"id":140078,"date":"2013-11-15T00:00:00","date_gmt":"2013-11-15T00:00:00","guid":{"rendered":"http:\/\/kt.printandscreen.rs\/pese-per-ushqim-organik\/"},"modified":"2024-07-30T20:14:23","modified_gmt":"2024-07-30T20:14:23","slug":"pese-per-ushqim-organik","status":"publish","type":"post","link":"https:\/\/kt.gov.rs\/sq\/pese-per-ushqim-organik\/","title":{"rendered":"PES\u00cb + P\u00cbR USHQIM ORGANIK"},"content":{"rendered":"<p>\n\t<img decoding=\"async\" alt=\"\" src=\"https:\/\/kt.gov.rs\/wp-content\/uploads\/2024\/07\/newspic340v-4.jpg\" style=\"width: 315px; height: 190px; float: left;\" \/>N\u00eb kuad\u00ebr t\u00eb projektit \u201cMb\u00ebshtetja e prodhimit t\u00eb ushqimit organik n\u00eb jugun e S\u00ebrbis\u00eb\u201d, vazhdojn\u00eb aktivitetet n\u00eb bashkpunim me shkoll\u00ebn e buqsis\u00eb nga rrethi i Jabllanic\u00ebs dhe P\u00e7inj\u00ebs, me q\u00ebllim t\u00eb ngritjes s\u00eb vedisimit t\u00eb rinjlve n\u00eb kuptimin e prodhimeve organike.<\/p>\n<p>\n\tGjat\u00eb n\u00ebntorit do t\u00eb vazhdojn aktivitetet me q\u00ebllim t\u00eb edukimit p\u00ebr pjesmarrsit e interesuar p\u00ebr tem\u00ebn nga l\u00ebnda p\u00ebrpunimi i prodhimeve organike. Edhe k\u00ebt\u00eb here t\u00eb drejt pjesmarrje kan\u00eb t\u00eb gjith\u00eb nx\u00ebn\u00ebsit e shkoll\u00ebs buq\u00ebsis\u00eb, me nj\u00eb theks t\u00eb va\u00e7ant p\u00ebr nx\u00ebn\u00ebsit q\u00eb jan\u00eb n\u00eb drejtim ushqimor\u00eb. Deri tash jan\u00eb mbajtur disa ligjirata n\u00eb t\u00eb cilat nx\u00ebn\u00ebsve u jan\u00eb prezentuar diturija p\u00ebr l\u00ebmin e p\u00ebrpunimit t\u00eb prodhimeve organike, standardet n\u00eb prodhimet organike dhe proceset specfike t\u00eb p\u00ebrpunimit t\u00eb disa prodhimeve organike t\u00eb caktuara.<\/p>\n<p>\n\tMbas\u00eb p\u00ebrfundimit t\u00eb ligj\u00ebratave nx\u00ebn\u00ebsit kan\u00eb mund\u00ebsi q\u00eb diturin e arritur ta tregojn\u00eb n\u00eb kuzin i cili do t\u00eb mbahet n\u00eb mesin e n\u00ebntorit. Nx\u00ebn\u00ebsit q\u00eb tregojn\u00eb rezultate do t\u00eb fitojn\u00eb vedinin n\u00eb ekpi i cili n\u00eb fund\u00eb t\u00eb n\u00ebntorit d\u00eb t\u00eb q\u00ebndroj kat\u00ebr dit\u00eb n\u00eb Sellen\u00e7i. N\u00eb k\u00ebt\u00eb vend veriperendimor\u00eb t\u00eb Ba\u00e7k\u00eb gjindet vendodhja e firm\u00ebs \u201cZdravo organic\u201d(organike t\u00eb sh\u00ebndosha) nj\u00ebra nd\u00ebr m\u00eb t\u00eb m\u00ebdha t\u00eb prodhimit t\u00eb l\u00ebngjeve organike dhe prodhimeve tjera p\u00ebrgatitjeve dhe metodave t\u00eb prodhimeve organike. Nx\u00ebn\u00ebsit e zgjedhur kan\u00eb mund\u00ebsin q\u00eb n\u00eb Selen\u00e7i t\u00eb vazhdojn\u00eb me edukim q\u00eb p\u00ebr ata do ta relizoj\u00eb ekspert\u00ebt eminent\u00eb nga kjo l\u00ebmi. N\u00eb k\u00ebt\u00eb firm\u00eb \u201cZdravo organic\u201d nx\u00ebn\u00ebsit do t\u00eb ken\u00eb mund\u00ebsi q\u00eb n\u00eb praktik t\u00eb shohin t\u00eb gjith\u00eb ato q\u00eb e kan\u00eb nd\u00ebgjuar n\u00eb ligjirata, por \u00ebsht\u00eb planifikuar edhe ky\u00e7ja e atyre n\u00eb disa procese t\u00eb prodhimit.<\/p>\n<p>\n\tN\u00eb aktivitet e m\u00ebparshme n\u00eb kuad\u00ebr t\u00eb \u201cMb\u00ebshtetjes t\u00eb prodhimeve t\u00eb ushqimit organikn\u00eb jug\u00eb t\u00eb S\u00ebrbise\u201d-\u00a0 \u201cPes p\u00ebr ushqim organik\u201d , tet\u00ebmb\u00ebdhjet\u00eb nx\u00ebn\u00ebs dhe kat\u00ebr proferos\u00eb kan\u00eb prezentuar n\u00eb udhtimin studimor\u00eb n\u00eb Austri, gjat\u00eb s\u00eb cil\u00ebs kn\u00eb vizituar nj\u00eb num\u00ebr t\u00eb madh\u00eb t\u00eb firmave organike n\u00eb rrethin e Be\u00e7it. Pjesmarr\u00ebsit n\u00eb udhtim\u00eb kryesisht kan\u00eb qen\u00eb nx\u00ebn\u00ebs t\u00eb drejtimeve t\u00eb buqsis\u00eb nga shkolla e mesme nga rrethi i Jabllanic\u00ebs dhe P\u00e7inj\u00ebs.\u00a0<\/p>\n<p>\n\t<strong>Burim: Qendra p\u00ebr zhvillim t\u00eb rrethit Jabllanic\u00ebs dhe P\u00e7inj\u00ebs<\/strong><\/p>\n<p>\n\t\u00a0<\/p>\n","protected":false},"excerpt":{"rendered":"<p>N\u00eb kuad\u00ebr t\u00eb projektit \u201cMb\u00ebshtetja e prodhimit t\u00eb ushqimit organik n\u00eb jugun e S\u00ebrbis\u00eb\u201d, vazhdojn\u00eb aktivitetet n\u00eb bashkpunim me shkoll\u00ebn e buqsis\u00eb nga rrethi i Jabllanic\u00ebs dhe P\u00e7inj\u00ebs, me q\u00ebllim t\u00eb ngritjes s\u00eb vedisimit t\u00eb rinjlve n\u00eb kuptimin e prodhimeve organike.<\/p>\n","protected":false},"author":1,"featured_media":140083,"comment_status":"closed","ping_status":"closed","sticky":false,"template":"","format":"standard","meta":{"footnotes":""},"categories":[55],"tags":[],"class_list":["post-140078","post","type-post","status-publish","format-standard","has-post-thumbnail","hentry","category-lajme"],"yoast_head":"<!-- This site is optimized with the Yoast SEO plugin v27.5 - https:\/\/yoast.com\/product\/yoast-seo-wordpress\/ -->\n<title>PES\u00cb + P\u00cbR USHQIM ORGANIK - Republika e S\u00ebrbis\u00eb Trupi Koordinues p\u00ebr komunat Bujanoc, Preshev\u00eb dhe Medvegj\u00eb<\/title>\n<meta name=\"robots\" content=\"index, follow, max-snippet:-1, max-image-preview:large, max-video-preview:-1\" \/>\n<link rel=\"canonical\" href=\"https:\/\/kt.gov.rs\/sq\/pese-per-ushqim-organik\/\" \/>\n<meta property=\"og:locale\" content=\"sq_AL\" \/>\n<meta property=\"og:type\" content=\"article\" \/>\n<meta property=\"og:title\" content=\"PES\u00cb + P\u00cbR USHQIM ORGANIK - Republika e S\u00ebrbis\u00eb Trupi Koordinues p\u00ebr komunat Bujanoc, Preshev\u00eb dhe Medvegj\u00eb\" \/>\n<meta property=\"og:description\" content=\"N\u00eb kuad\u00ebr t\u00eb projektit \u201cMb\u00ebshtetja e prodhimit t\u00eb ushqimit organik n\u00eb jugun e S\u00ebrbis\u00eb\u201d, vazhdojn\u00eb aktivitetet n\u00eb bashkpunim me shkoll\u00ebn e buqsis\u00eb nga rrethi i Jabllanic\u00ebs dhe P\u00e7inj\u00ebs, me q\u00ebllim t\u00eb ngritjes s\u00eb vedisimit t\u00eb rinjlve n\u00eb kuptimin e prodhimeve organike.\" \/>\n<meta property=\"og:url\" content=\"https:\/\/kt.gov.rs\/sq\/pese-per-ushqim-organik\/\" \/>\n<meta property=\"og:site_name\" content=\"Republika e S\u00ebrbis\u00eb Trupi Koordinues p\u00ebr komunat Bujanoc, Preshev\u00eb dhe Medvegj\u00eb\" \/>\n<meta property=\"article:publisher\" content=\"https:\/\/www.facebook.com\/SluzbaKoordinacionogTelaVladeRepublikeSrbije\" \/>\n<meta property=\"article:published_time\" content=\"2013-11-15T00:00:00+00:00\" \/>\n<meta property=\"article:modified_time\" content=\"2024-07-30T20:14:23+00:00\" \/>\n<meta property=\"og:image\" content=\"https:\/\/kt.gov.rs\/wp-content\/uploads\/2024\/07\/newspic340v-5.jpg\" \/>\n\t<meta property=\"og:image:width\" content=\"315\" \/>\n\t<meta property=\"og:image:height\" content=\"190\" \/>\n\t<meta property=\"og:image:type\" content=\"image\/jpeg\" \/>\n<meta name=\"author\" content=\"ktmin\" \/>\n<meta name=\"twitter:card\" content=\"summary_large_image\" \/>\n<meta name=\"twitter:creator\" content=\"@kt_gov\" \/>\n<meta name=\"twitter:site\" content=\"@kt_gov\" \/>\n<meta name=\"twitter:label1\" content=\"Written by\" \/>\n\t<meta name=\"twitter:data1\" content=\"ktmin\" \/>\n\t<meta name=\"twitter:label2\" content=\"Est. reading time\" \/>\n\t<meta name=\"twitter:data2\" content=\"3 minutes\" \/>\n<script type=\"application\/ld+json\" class=\"yoast-schema-graph\">{\"@context\":\"https:\\\/\\\/schema.org\",\"@graph\":[{\"@type\":\"Article\",\"@id\":\"https:\\\/\\\/kt.gov.rs\\\/sq\\\/pese-per-ushqim-organik\\\/#article\",\"isPartOf\":{\"@id\":\"https:\\\/\\\/kt.gov.rs\\\/sq\\\/pese-per-ushqim-organik\\\/\"},\"author\":{\"name\":\"ktmin\",\"@id\":\"https:\\\/\\\/kt.gov.rs\\\/#\\\/schema\\\/person\\\/e426459ddb4173309103390602694571\"},\"headline\":\"PES\u00cb + P\u00cbR USHQIM ORGANIK\",\"datePublished\":\"2013-11-15T00:00:00+00:00\",\"dateModified\":\"2024-07-30T20:14:23+00:00\",\"mainEntityOfPage\":{\"@id\":\"https:\\\/\\\/kt.gov.rs\\\/sq\\\/pese-per-ushqim-organik\\\/\"},\"wordCount\":657,\"publisher\":{\"@id\":\"https:\\\/\\\/kt.gov.rs\\\/#organization\"},\"image\":{\"@id\":\"https:\\\/\\\/kt.gov.rs\\\/sq\\\/pese-per-ushqim-organik\\\/#primaryimage\"},\"thumbnailUrl\":\"https:\\\/\\\/kt.gov.rs\\\/wp-content\\\/uploads\\\/2024\\\/07\\\/newspic340v-5.jpg\",\"articleSection\":[\"Lajme\"],\"inLanguage\":\"sq-AL\"},{\"@type\":\"WebPage\",\"@id\":\"https:\\\/\\\/kt.gov.rs\\\/sq\\\/pese-per-ushqim-organik\\\/\",\"url\":\"https:\\\/\\\/kt.gov.rs\\\/sq\\\/pese-per-ushqim-organik\\\/\",\"name\":\"PES\u00cb + P\u00cbR USHQIM ORGANIK - Republika e S\u00ebrbis\u00eb Trupi Koordinues p\u00ebr komunat Bujanoc, Preshev\u00eb dhe Medvegj\u00eb\",\"isPartOf\":{\"@id\":\"https:\\\/\\\/kt.gov.rs\\\/#website\"},\"primaryImageOfPage\":{\"@id\":\"https:\\\/\\\/kt.gov.rs\\\/sq\\\/pese-per-ushqim-organik\\\/#primaryimage\"},\"image\":{\"@id\":\"https:\\\/\\\/kt.gov.rs\\\/sq\\\/pese-per-ushqim-organik\\\/#primaryimage\"},\"thumbnailUrl\":\"https:\\\/\\\/kt.gov.rs\\\/wp-content\\\/uploads\\\/2024\\\/07\\\/newspic340v-5.jpg\",\"datePublished\":\"2013-11-15T00:00:00+00:00\",\"dateModified\":\"2024-07-30T20:14:23+00:00\",\"breadcrumb\":{\"@id\":\"https:\\\/\\\/kt.gov.rs\\\/sq\\\/pese-per-ushqim-organik\\\/#breadcrumb\"},\"inLanguage\":\"sq-AL\",\"potentialAction\":[{\"@type\":\"ReadAction\",\"target\":[\"https:\\\/\\\/kt.gov.rs\\\/sq\\\/pese-per-ushqim-organik\\\/\"]}]},{\"@type\":\"ImageObject\",\"inLanguage\":\"sq-AL\",\"@id\":\"https:\\\/\\\/kt.gov.rs\\\/sq\\\/pese-per-ushqim-organik\\\/#primaryimage\",\"url\":\"https:\\\/\\\/kt.gov.rs\\\/wp-content\\\/uploads\\\/2024\\\/07\\\/newspic340v-5.jpg\",\"contentUrl\":\"https:\\\/\\\/kt.gov.rs\\\/wp-content\\\/uploads\\\/2024\\\/07\\\/newspic340v-5.jpg\",\"width\":315,\"height\":190},{\"@type\":\"BreadcrumbList\",\"@id\":\"https:\\\/\\\/kt.gov.rs\\\/sq\\\/pese-per-ushqim-organik\\\/#breadcrumb\",\"itemListElement\":[{\"@type\":\"ListItem\",\"position\":1,\"name\":\"\u041f\u043e\u0447\u0435\u0442\u043d\u0430\",\"item\":\"https:\\\/\\\/kt.gov.rs\\\/sq\\\/\"},{\"@type\":\"ListItem\",\"position\":2,\"name\":\"PES\u00cb + P\u00cbR USHQIM ORGANIK\"}]},{\"@type\":\"WebSite\",\"@id\":\"https:\\\/\\\/kt.gov.rs\\\/#website\",\"url\":\"https:\\\/\\\/kt.gov.rs\\\/\",\"name\":\"\u041a\u043e\u043e\u0440\u0434\u0438\u043d\u0430\u0446\u0438\u043e\u043d\u043e \u0442\u0435\u043b\u043e \u0412\u043b\u0430\u0434\u0435 \u0420\u0435\u043f\u0443\u0431\u043b\u0438\u043a\u0435 \u0421\u0440\u0431\u0438\u0458\u0435 \u0437\u0430 \u043e\u043f\u0448\u0442\u0438\u043d\u0435 \u041f\u0440\u0435\u0448\u0435\u0432\u043e, \u0411\u0443\u0458\u0430\u043d\u043e\u0432\u0430\u0446 \u0438 \u041c\u0435\u0434\u0432\u0435\u0452a\",\"description\":\"\",\"publisher\":{\"@id\":\"https:\\\/\\\/kt.gov.rs\\\/#organization\"},\"alternateName\":\"\u041a\u043e\u043e\u0440\u0434\u0438\u043d\u0430\u0446\u0438\u043e\u043d\u043e \u0442\u0435\u043b\u043e\",\"potentialAction\":[{\"@type\":\"SearchAction\",\"target\":{\"@type\":\"EntryPoint\",\"urlTemplate\":\"https:\\\/\\\/kt.gov.rs\\\/?s={search_term_string}\"},\"query-input\":{\"@type\":\"PropertyValueSpecification\",\"valueRequired\":true,\"valueName\":\"search_term_string\"}}],\"inLanguage\":\"sq-AL\"},{\"@type\":\"Organization\",\"@id\":\"https:\\\/\\\/kt.gov.rs\\\/#organization\",\"name\":\"\u041a\u043e\u043e\u0440\u0434\u0438\u043d\u0430\u0446\u0438\u043e\u043d\u043e \u0442\u0435\u043b\u043e \u0412\u043b\u0430\u0434\u0435 \u0420\u0435\u043f\u0443\u0431\u043b\u0438\u043a\u0435 \u0421\u0440\u0431\u0438\u0458\u0435 \u0437\u0430 \u043e\u043f\u0448\u0442\u0438\u043d\u0435 \u041f\u0440\u0435\u0448\u0435\u0432\u043e, \u0411\u0443\u0458\u0430\u043d\u043e\u0432\u0430\u0446 \u0438 \u041c\u0435\u0434\u0432\u0435\u0452a\",\"alternateName\":\"\u041a\u043e\u043e\u0440\u0434\u0438\u043d\u0430\u0446\u0438\u043e\u043d\u043e \u0442\u0435\u043b\u043e\",\"url\":\"https:\\\/\\\/kt.gov.rs\\\/\",\"logo\":{\"@type\":\"ImageObject\",\"inLanguage\":\"sq-AL\",\"@id\":\"https:\\\/\\\/kt.gov.rs\\\/#\\\/schema\\\/logo\\\/image\\\/\",\"url\":\"https:\\\/\\\/kt.gov.rs\\\/wp-content\\\/uploads\\\/2024\\\/12\\\/koord2.jpg\",\"contentUrl\":\"https:\\\/\\\/kt.gov.rs\\\/wp-content\\\/uploads\\\/2024\\\/12\\\/koord2.jpg\",\"width\":640,\"height\":480,\"caption\":\"\u041a\u043e\u043e\u0440\u0434\u0438\u043d\u0430\u0446\u0438\u043e\u043d\u043e \u0442\u0435\u043b\u043e \u0412\u043b\u0430\u0434\u0435 \u0420\u0435\u043f\u0443\u0431\u043b\u0438\u043a\u0435 \u0421\u0440\u0431\u0438\u0458\u0435 \u0437\u0430 \u043e\u043f\u0448\u0442\u0438\u043d\u0435 \u041f\u0440\u0435\u0448\u0435\u0432\u043e, \u0411\u0443\u0458\u0430\u043d\u043e\u0432\u0430\u0446 \u0438 \u041c\u0435\u0434\u0432\u0435\u0452a\"},\"image\":{\"@id\":\"https:\\\/\\\/kt.gov.rs\\\/#\\\/schema\\\/logo\\\/image\\\/\"},\"sameAs\":[\"https:\\\/\\\/www.facebook.com\\\/SluzbaKoordinacionogTelaVladeRepublikeSrbije\",\"https:\\\/\\\/x.com\\\/kt_gov\",\"https:\\\/\\\/www.youtube.com\\\/@koordinacionotelo\"]},{\"@type\":\"Person\",\"@id\":\"https:\\\/\\\/kt.gov.rs\\\/#\\\/schema\\\/person\\\/e426459ddb4173309103390602694571\",\"name\":\"ktmin\",\"image\":{\"@type\":\"ImageObject\",\"inLanguage\":\"sq-AL\",\"@id\":\"https:\\\/\\\/secure.gravatar.com\\\/avatar\\\/3985c961109853010c3fbc7ba30365bfba5db3dd6c525831d9c595c7525a615a?s=96&d=mm&r=g\",\"url\":\"https:\\\/\\\/secure.gravatar.com\\\/avatar\\\/3985c961109853010c3fbc7ba30365bfba5db3dd6c525831d9c595c7525a615a?s=96&d=mm&r=g\",\"contentUrl\":\"https:\\\/\\\/secure.gravatar.com\\\/avatar\\\/3985c961109853010c3fbc7ba30365bfba5db3dd6c525831d9c595c7525a615a?s=96&d=mm&r=g\",\"caption\":\"ktmin\"},\"sameAs\":[\"https:\\\/\\\/kt.gov.rs\"],\"url\":\"https:\\\/\\\/kt.gov.rs\\\/sq\\\/author\\\/ktmin\\\/\"}]}<\/script>\n<!-- \/ Yoast SEO plugin. -->","yoast_head_json":{"title":"PES\u00cb + P\u00cbR USHQIM ORGANIK - Republika e S\u00ebrbis\u00eb Trupi Koordinues p\u00ebr komunat Bujanoc, Preshev\u00eb dhe Medvegj\u00eb","robots":{"index":"index","follow":"follow","max-snippet":"max-snippet:-1","max-image-preview":"max-image-preview:large","max-video-preview":"max-video-preview:-1"},"canonical":"https:\/\/kt.gov.rs\/sq\/pese-per-ushqim-organik\/","og_locale":"sq_AL","og_type":"article","og_title":"PES\u00cb + P\u00cbR USHQIM ORGANIK - Republika e S\u00ebrbis\u00eb Trupi Koordinues p\u00ebr komunat Bujanoc, Preshev\u00eb dhe Medvegj\u00eb","og_description":"N\u00eb kuad\u00ebr t\u00eb projektit \u201cMb\u00ebshtetja e prodhimit t\u00eb ushqimit organik n\u00eb jugun e S\u00ebrbis\u00eb\u201d, vazhdojn\u00eb aktivitetet n\u00eb bashkpunim me shkoll\u00ebn e buqsis\u00eb nga rrethi i Jabllanic\u00ebs dhe P\u00e7inj\u00ebs, me q\u00ebllim t\u00eb ngritjes s\u00eb vedisimit t\u00eb rinjlve n\u00eb kuptimin e prodhimeve organike.","og_url":"https:\/\/kt.gov.rs\/sq\/pese-per-ushqim-organik\/","og_site_name":"Republika e S\u00ebrbis\u00eb Trupi Koordinues p\u00ebr komunat Bujanoc, Preshev\u00eb dhe Medvegj\u00eb","article_publisher":"https:\/\/www.facebook.com\/SluzbaKoordinacionogTelaVladeRepublikeSrbije","article_published_time":"2013-11-15T00:00:00+00:00","article_modified_time":"2024-07-30T20:14:23+00:00","og_image":[{"width":315,"height":190,"url":"https:\/\/kt.gov.rs\/wp-content\/uploads\/2024\/07\/newspic340v-5.jpg","type":"image\/jpeg"}],"author":"ktmin","twitter_card":"summary_large_image","twitter_creator":"@kt_gov","twitter_site":"@kt_gov","twitter_misc":{"Written by":"ktmin","Est. reading time":"3 minutes"},"schema":{"@context":"https:\/\/schema.org","@graph":[{"@type":"Article","@id":"https:\/\/kt.gov.rs\/sq\/pese-per-ushqim-organik\/#article","isPartOf":{"@id":"https:\/\/kt.gov.rs\/sq\/pese-per-ushqim-organik\/"},"author":{"name":"ktmin","@id":"https:\/\/kt.gov.rs\/#\/schema\/person\/e426459ddb4173309103390602694571"},"headline":"PES\u00cb + P\u00cbR USHQIM ORGANIK","datePublished":"2013-11-15T00:00:00+00:00","dateModified":"2024-07-30T20:14:23+00:00","mainEntityOfPage":{"@id":"https:\/\/kt.gov.rs\/sq\/pese-per-ushqim-organik\/"},"wordCount":657,"publisher":{"@id":"https:\/\/kt.gov.rs\/#organization"},"image":{"@id":"https:\/\/kt.gov.rs\/sq\/pese-per-ushqim-organik\/#primaryimage"},"thumbnailUrl":"https:\/\/kt.gov.rs\/wp-content\/uploads\/2024\/07\/newspic340v-5.jpg","articleSection":["Lajme"],"inLanguage":"sq-AL"},{"@type":"WebPage","@id":"https:\/\/kt.gov.rs\/sq\/pese-per-ushqim-organik\/","url":"https:\/\/kt.gov.rs\/sq\/pese-per-ushqim-organik\/","name":"PES\u00cb + P\u00cbR USHQIM ORGANIK - Republika e S\u00ebrbis\u00eb Trupi Koordinues p\u00ebr komunat Bujanoc, Preshev\u00eb dhe Medvegj\u00eb","isPartOf":{"@id":"https:\/\/kt.gov.rs\/#website"},"primaryImageOfPage":{"@id":"https:\/\/kt.gov.rs\/sq\/pese-per-ushqim-organik\/#primaryimage"},"image":{"@id":"https:\/\/kt.gov.rs\/sq\/pese-per-ushqim-organik\/#primaryimage"},"thumbnailUrl":"https:\/\/kt.gov.rs\/wp-content\/uploads\/2024\/07\/newspic340v-5.jpg","datePublished":"2013-11-15T00:00:00+00:00","dateModified":"2024-07-30T20:14:23+00:00","breadcrumb":{"@id":"https:\/\/kt.gov.rs\/sq\/pese-per-ushqim-organik\/#breadcrumb"},"inLanguage":"sq-AL","potentialAction":[{"@type":"ReadAction","target":["https:\/\/kt.gov.rs\/sq\/pese-per-ushqim-organik\/"]}]},{"@type":"ImageObject","inLanguage":"sq-AL","@id":"https:\/\/kt.gov.rs\/sq\/pese-per-ushqim-organik\/#primaryimage","url":"https:\/\/kt.gov.rs\/wp-content\/uploads\/2024\/07\/newspic340v-5.jpg","contentUrl":"https:\/\/kt.gov.rs\/wp-content\/uploads\/2024\/07\/newspic340v-5.jpg","width":315,"height":190},{"@type":"BreadcrumbList","@id":"https:\/\/kt.gov.rs\/sq\/pese-per-ushqim-organik\/#breadcrumb","itemListElement":[{"@type":"ListItem","position":1,"name":"\u041f\u043e\u0447\u0435\u0442\u043d\u0430","item":"https:\/\/kt.gov.rs\/sq\/"},{"@type":"ListItem","position":2,"name":"PES\u00cb + P\u00cbR USHQIM ORGANIK"}]},{"@type":"WebSite","@id":"https:\/\/kt.gov.rs\/#website","url":"https:\/\/kt.gov.rs\/","name":"\u041a\u043e\u043e\u0440\u0434\u0438\u043d\u0430\u0446\u0438\u043e\u043d\u043e \u0442\u0435\u043b\u043e \u0412\u043b\u0430\u0434\u0435 \u0420\u0435\u043f\u0443\u0431\u043b\u0438\u043a\u0435 \u0421\u0440\u0431\u0438\u0458\u0435 \u0437\u0430 \u043e\u043f\u0448\u0442\u0438\u043d\u0435 \u041f\u0440\u0435\u0448\u0435\u0432\u043e, \u0411\u0443\u0458\u0430\u043d\u043e\u0432\u0430\u0446 \u0438 \u041c\u0435\u0434\u0432\u0435\u0452a","description":"","publisher":{"@id":"https:\/\/kt.gov.rs\/#organization"},"alternateName":"\u041a\u043e\u043e\u0440\u0434\u0438\u043d\u0430\u0446\u0438\u043e\u043d\u043e \u0442\u0435\u043b\u043e","potentialAction":[{"@type":"SearchAction","target":{"@type":"EntryPoint","urlTemplate":"https:\/\/kt.gov.rs\/?s={search_term_string}"},"query-input":{"@type":"PropertyValueSpecification","valueRequired":true,"valueName":"search_term_string"}}],"inLanguage":"sq-AL"},{"@type":"Organization","@id":"https:\/\/kt.gov.rs\/#organization","name":"\u041a\u043e\u043e\u0440\u0434\u0438\u043d\u0430\u0446\u0438\u043e\u043d\u043e \u0442\u0435\u043b\u043e \u0412\u043b\u0430\u0434\u0435 \u0420\u0435\u043f\u0443\u0431\u043b\u0438\u043a\u0435 \u0421\u0440\u0431\u0438\u0458\u0435 \u0437\u0430 \u043e\u043f\u0448\u0442\u0438\u043d\u0435 \u041f\u0440\u0435\u0448\u0435\u0432\u043e, \u0411\u0443\u0458\u0430\u043d\u043e\u0432\u0430\u0446 \u0438 \u041c\u0435\u0434\u0432\u0435\u0452a","alternateName":"\u041a\u043e\u043e\u0440\u0434\u0438\u043d\u0430\u0446\u0438\u043e\u043d\u043e \u0442\u0435\u043b\u043e","url":"https:\/\/kt.gov.rs\/","logo":{"@type":"ImageObject","inLanguage":"sq-AL","@id":"https:\/\/kt.gov.rs\/#\/schema\/logo\/image\/","url":"https:\/\/kt.gov.rs\/wp-content\/uploads\/2024\/12\/koord2.jpg","contentUrl":"https:\/\/kt.gov.rs\/wp-content\/uploads\/2024\/12\/koord2.jpg","width":640,"height":480,"caption":"\u041a\u043e\u043e\u0440\u0434\u0438\u043d\u0430\u0446\u0438\u043e\u043d\u043e \u0442\u0435\u043b\u043e \u0412\u043b\u0430\u0434\u0435 \u0420\u0435\u043f\u0443\u0431\u043b\u0438\u043a\u0435 \u0421\u0440\u0431\u0438\u0458\u0435 \u0437\u0430 \u043e\u043f\u0448\u0442\u0438\u043d\u0435 \u041f\u0440\u0435\u0448\u0435\u0432\u043e, \u0411\u0443\u0458\u0430\u043d\u043e\u0432\u0430\u0446 \u0438 \u041c\u0435\u0434\u0432\u0435\u0452a"},"image":{"@id":"https:\/\/kt.gov.rs\/#\/schema\/logo\/image\/"},"sameAs":["https:\/\/www.facebook.com\/SluzbaKoordinacionogTelaVladeRepublikeSrbije","https:\/\/x.com\/kt_gov","https:\/\/www.youtube.com\/@koordinacionotelo"]},{"@type":"Person","@id":"https:\/\/kt.gov.rs\/#\/schema\/person\/e426459ddb4173309103390602694571","name":"ktmin","image":{"@type":"ImageObject","inLanguage":"sq-AL","@id":"https:\/\/secure.gravatar.com\/avatar\/3985c961109853010c3fbc7ba30365bfba5db3dd6c525831d9c595c7525a615a?s=96&d=mm&r=g","url":"https:\/\/secure.gravatar.com\/avatar\/3985c961109853010c3fbc7ba30365bfba5db3dd6c525831d9c595c7525a615a?s=96&d=mm&r=g","contentUrl":"https:\/\/secure.gravatar.com\/avatar\/3985c961109853010c3fbc7ba30365bfba5db3dd6c525831d9c595c7525a615a?s=96&d=mm&r=g","caption":"ktmin"},"sameAs":["https:\/\/kt.gov.rs"],"url":"https:\/\/kt.gov.rs\/sq\/author\/ktmin\/"}]}},"_links":{"self":[{"href":"https:\/\/kt.gov.rs\/sq\/wp-json\/wp\/v2\/posts\/140078","targetHints":{"allow":["GET"]}}],"collection":[{"href":"https:\/\/kt.gov.rs\/sq\/wp-json\/wp\/v2\/posts"}],"about":[{"href":"https:\/\/kt.gov.rs\/sq\/wp-json\/wp\/v2\/types\/post"}],"author":[{"embeddable":true,"href":"https:\/\/kt.gov.rs\/sq\/wp-json\/wp\/v2\/users\/1"}],"replies":[{"embeddable":true,"href":"https:\/\/kt.gov.rs\/sq\/wp-json\/wp\/v2\/comments?post=140078"}],"version-history":[{"count":1,"href":"https:\/\/kt.gov.rs\/sq\/wp-json\/wp\/v2\/posts\/140078\/revisions"}],"predecessor-version":[{"id":140082,"href":"https:\/\/kt.gov.rs\/sq\/wp-json\/wp\/v2\/posts\/140078\/revisions\/140082"}],"wp:featuredmedia":[{"embeddable":true,"href":"https:\/\/kt.gov.rs\/sq\/wp-json\/wp\/v2\/media\/140083"}],"wp:attachment":[{"href":"https:\/\/kt.gov.rs\/sq\/wp-json\/wp\/v2\/media?parent=140078"}],"wp:term":[{"taxonomy":"category","embeddable":true,"href":"https:\/\/kt.gov.rs\/sq\/wp-json\/wp\/v2\/categories?post=140078"},{"taxonomy":"post_tag","embeddable":true,"href":"https:\/\/kt.gov.rs\/sq\/wp-json\/wp\/v2\/tags?post=140078"}],"curies":[{"name":"wp","href":"https:\/\/api.w.org\/{rel}","templated":true}]}}