{"id":140062,"date":"2013-11-20T00:00:00","date_gmt":"2013-11-20T00:00:00","guid":{"rendered":"http:\/\/kt.printandscreen.rs\/trajnim-per-pune-me-te-rinjte\/"},"modified":"2024-07-30T20:14:21","modified_gmt":"2024-07-30T20:14:21","slug":"trajnim-per-pune-me-te-rinjte","status":"publish","type":"post","link":"https:\/\/kt.gov.rs\/sq\/trajnim-per-pune-me-te-rinjte\/","title":{"rendered":"TRAJNIM P\u00cbR PUN\u00cb ME T\u00cb RINJT\u00cb"},"content":{"rendered":"<p>\n\t<strong><img decoding=\"async\" alt=\"\" src=\"https:\/\/kt.gov.rs\/wp-content\/uploads\/2024\/07\/newspic343v-4.jpg\" style=\"width: 315px; height: 190px; float: left;\" \/>Bujanoc <\/strong>\u2013 Nj\u00ebzet trener nga jugu i S\u00ebrbis\u00eb dhe Sanxhaku kan\u00eb marr\u00eb pjes\u00eb n\u00eb pjes\u00ebn e dyt\u00eb t\u00eb trajnimit p\u00ebr pun\u00eb me t\u00eb rinjt\u00eb n\u00eb bashk\u00ebsi multietnike.<\/p>\n<p>\n\tN\u00eb trajnim t\u00eb cilin e ka organizuar Inicijativa Qytetare n\u00eb Bujanoc, pjesmarr\u00ebsit n\u00ebp\u00ebrmjet puntoris\u00eb, ushtrimeve dhe seminareve do t\u00eb m\u00ebsojn\u00eb njohuri p\u00ebr prezentim p\u00ebr p\u00ebrgatitje dhe udh\u00ebheqje t\u00eb trajnimeve.<\/p>\n<p>\n\tPuna me t\u00eb rinj\u00eb k\u00ebrkon vazhdimisht trajnim dhe p\u00ebrshtatshm\u00ebri me teknik\u00ebn e komunikimit dhe arsimimit. P\u00ebr at\u00eb me r\u00ebnd\u00ebsi q\u00eb trajner\u00ebt pa marr\u00eb parasysh n\u00eb at\u00eb se sa jan\u00eb me p\u00ebrvoj\u00eb n\u00eb k\u00ebt\u00eb pun\u00eb, vazhdimisht\u00eb m\u00ebsojn\u00eb dhe gjithmon\u00eb jan\u00eb gati p\u00ebr sfida t\u00eb reja, \u00ebsht\u00eb theksuar n\u00eb trajnimin dyditor\u00eb.\u00a0<\/p>\n<p>\n\tN\u00eb baz\u00eb t\u00eb Programit t\u00eb trajnimit shum\u00ebmujor\u00eb, t\u00eb cil\u00ebn Inicciativa qytetare e ka organizuar, pjesmarr\u00ebsit kan\u00eb rastin t\u00eb m\u00ebsojn\u00eb se si funskionon bashksia lokale, \u00e7far\u00eb edukimi, ushtrime dhe puntori mund\u00eb t\u00eb japin rezultate m\u00eb t\u00eb mira n\u00eb pun\u00eb me t\u00eb rinjt\u00eb dhe motivin q\u00eb t\u00eb jen\u00eb aktiv dhe t\u00eb fresk\u00ebt.<\/p>\n<p>\n\tTrajnimi i cili u mbajt\u00eb n\u00eb Bujanoc esht\u00eb pjesa e dyt\u00eb e trajnimit e cila n\u00eb tetor t\u00eb vitit 2013 ka filluar me tem\u00ebn t\u00eb drejtat e njeriut, diskriminimi dhe konfliktet etnike.<\/p>\n<p>\n\tTani trajner\u00ebt kan\u00eb punuar\u00eb p\u00ebr k\u00ebt\u00eb si me i mendu trajnimet, si me i udh\u00ebheq\u00eb trajnimet dhe si me i prezentu t\u00eb rinjve tema t\u00eb ndryshme nga fusha t\u00eb ndryshme.<\/p>\n<p>\n\tPjesa e tret\u00eb e trajnimit do t\u00eb jet\u00eb n\u00eb dhjetor\u00eb t\u00eb vitit 2013\u00a0 kurse pjesmarr\u00ebsit m\u00eb t\u00eb suksessh\u00ebm n\u00eb k\u00ebt\u00eb program do t\u00eb jen\u00eb t\u00eb angazhuar ose do t\u00eb ken\u00eb mund\u00ebsin t\u00eb arrijn\u00eb praktik\u00ebn dhe m\u00eb tej t\u00eb trajnohen n\u00ebp\u00ebrmjet programit t\u00eb YouthBuild t\u00eb cil\u00ebn Iniciativa qytetare e miraton n\u00eb S\u00ebrbin jugore dhe n\u00eb Sanxhak\u00eb.<\/p>\n<p>\n\t\u00a0Programi p\u00ebr trajnim p\u00ebr trajnerat nga jugu i S\u00ebrbis\u00eb dhe Sanxhaku, Iniciativa qytetare organizon me mb\u00ebshtetjen e agjencionit Amerikan p\u00ebr zhvillim nd\u00ebrkomb\u00ebtar\u00eb (USAID), Organizata europjane p\u00ebr siguri dhe bashkpunim (OSBE) dhe fondacioni i Karitasit Lluksemburg.<\/p>\n<p>\n\t<strong>Burimi: Jugpres dhe Trupi Koordinues<\/strong><\/p>\n<p>\n\t\u00a0<\/p>\n","protected":false},"excerpt":{"rendered":"<p>Bujanoc \u2013 Nj\u00ebzet trener nga jugu i S\u00ebrbis\u00eb dhe Sanxhaku kan\u00eb marr\u00eb pjes\u00eb n\u00eb pjes\u00ebn e dyt\u00eb t\u00eb trajnimit p\u00ebr pun\u00eb me t\u00eb rinjt\u00eb n\u00eb bashk\u00ebsi multietnike.<\/p>\n","protected":false},"author":1,"featured_media":140067,"comment_status":"closed","ping_status":"closed","sticky":false,"template":"","format":"standard","meta":{"footnotes":""},"categories":[55],"tags":[],"class_list":["post-140062","post","type-post","status-publish","format-standard","has-post-thumbnail","hentry","category-lajme"],"yoast_head":"<!-- This site is optimized with the Yoast SEO plugin v27.5 - https:\/\/yoast.com\/product\/yoast-seo-wordpress\/ -->\n<title>TRAJNIM P\u00cbR PUN\u00cb ME T\u00cb RINJT\u00cb - Republika e S\u00ebrbis\u00eb Trupi Koordinues p\u00ebr komunat Bujanoc, Preshev\u00eb dhe Medvegj\u00eb<\/title>\n<meta name=\"robots\" content=\"index, follow, max-snippet:-1, max-image-preview:large, max-video-preview:-1\" \/>\n<link rel=\"canonical\" href=\"https:\/\/kt.gov.rs\/sq\/trajnim-per-pune-me-te-rinjte\/\" \/>\n<meta property=\"og:locale\" content=\"sq_AL\" \/>\n<meta property=\"og:type\" content=\"article\" \/>\n<meta property=\"og:title\" content=\"TRAJNIM P\u00cbR PUN\u00cb ME T\u00cb RINJT\u00cb - Republika e S\u00ebrbis\u00eb Trupi Koordinues p\u00ebr komunat Bujanoc, Preshev\u00eb dhe Medvegj\u00eb\" \/>\n<meta property=\"og:description\" content=\"Bujanoc \u2013 Nj\u00ebzet trener nga jugu i S\u00ebrbis\u00eb dhe Sanxhaku kan\u00eb marr\u00eb pjes\u00eb n\u00eb pjes\u00ebn e dyt\u00eb t\u00eb trajnimit p\u00ebr pun\u00eb me t\u00eb rinjt\u00eb n\u00eb bashk\u00ebsi multietnike.\" \/>\n<meta property=\"og:url\" content=\"https:\/\/kt.gov.rs\/sq\/trajnim-per-pune-me-te-rinjte\/\" \/>\n<meta property=\"og:site_name\" content=\"Republika e S\u00ebrbis\u00eb Trupi Koordinues p\u00ebr komunat Bujanoc, Preshev\u00eb dhe Medvegj\u00eb\" \/>\n<meta property=\"article:publisher\" content=\"https:\/\/www.facebook.com\/SluzbaKoordinacionogTelaVladeRepublikeSrbije\" \/>\n<meta property=\"article:published_time\" content=\"2013-11-20T00:00:00+00:00\" \/>\n<meta property=\"article:modified_time\" content=\"2024-07-30T20:14:21+00:00\" \/>\n<meta property=\"og:image\" content=\"https:\/\/kt.gov.rs\/wp-content\/uploads\/2024\/07\/newspic343v-5.jpg\" \/>\n\t<meta property=\"og:image:width\" content=\"315\" \/>\n\t<meta property=\"og:image:height\" content=\"190\" \/>\n\t<meta property=\"og:image:type\" content=\"image\/jpeg\" \/>\n<meta name=\"author\" content=\"ktmin\" \/>\n<meta name=\"twitter:card\" content=\"summary_large_image\" \/>\n<meta name=\"twitter:creator\" content=\"@kt_gov\" \/>\n<meta name=\"twitter:site\" content=\"@kt_gov\" \/>\n<meta name=\"twitter:label1\" content=\"Written by\" \/>\n\t<meta name=\"twitter:data1\" content=\"ktmin\" \/>\n\t<meta name=\"twitter:label2\" content=\"Est. reading time\" \/>\n\t<meta name=\"twitter:data2\" content=\"3 minutes\" \/>\n<script type=\"application\/ld+json\" class=\"yoast-schema-graph\">{\"@context\":\"https:\\\/\\\/schema.org\",\"@graph\":[{\"@type\":\"Article\",\"@id\":\"https:\\\/\\\/kt.gov.rs\\\/sq\\\/trajnim-per-pune-me-te-rinjte\\\/#article\",\"isPartOf\":{\"@id\":\"https:\\\/\\\/kt.gov.rs\\\/sq\\\/trajnim-per-pune-me-te-rinjte\\\/\"},\"author\":{\"name\":\"ktmin\",\"@id\":\"https:\\\/\\\/kt.gov.rs\\\/#\\\/schema\\\/person\\\/e426459ddb4173309103390602694571\"},\"headline\":\"TRAJNIM P\u00cbR PUN\u00cb ME T\u00cb RINJT\u00cb\",\"datePublished\":\"2013-11-20T00:00:00+00:00\",\"dateModified\":\"2024-07-30T20:14:21+00:00\",\"mainEntityOfPage\":{\"@id\":\"https:\\\/\\\/kt.gov.rs\\\/sq\\\/trajnim-per-pune-me-te-rinjte\\\/\"},\"wordCount\":527,\"publisher\":{\"@id\":\"https:\\\/\\\/kt.gov.rs\\\/#organization\"},\"image\":{\"@id\":\"https:\\\/\\\/kt.gov.rs\\\/sq\\\/trajnim-per-pune-me-te-rinjte\\\/#primaryimage\"},\"thumbnailUrl\":\"https:\\\/\\\/kt.gov.rs\\\/wp-content\\\/uploads\\\/2024\\\/07\\\/newspic343v-5.jpg\",\"articleSection\":[\"Lajme\"],\"inLanguage\":\"sq-AL\"},{\"@type\":\"WebPage\",\"@id\":\"https:\\\/\\\/kt.gov.rs\\\/sq\\\/trajnim-per-pune-me-te-rinjte\\\/\",\"url\":\"https:\\\/\\\/kt.gov.rs\\\/sq\\\/trajnim-per-pune-me-te-rinjte\\\/\",\"name\":\"TRAJNIM P\u00cbR PUN\u00cb ME T\u00cb RINJT\u00cb - Republika e S\u00ebrbis\u00eb Trupi Koordinues p\u00ebr komunat Bujanoc, Preshev\u00eb dhe Medvegj\u00eb\",\"isPartOf\":{\"@id\":\"https:\\\/\\\/kt.gov.rs\\\/#website\"},\"primaryImageOfPage\":{\"@id\":\"https:\\\/\\\/kt.gov.rs\\\/sq\\\/trajnim-per-pune-me-te-rinjte\\\/#primaryimage\"},\"image\":{\"@id\":\"https:\\\/\\\/kt.gov.rs\\\/sq\\\/trajnim-per-pune-me-te-rinjte\\\/#primaryimage\"},\"thumbnailUrl\":\"https:\\\/\\\/kt.gov.rs\\\/wp-content\\\/uploads\\\/2024\\\/07\\\/newspic343v-5.jpg\",\"datePublished\":\"2013-11-20T00:00:00+00:00\",\"dateModified\":\"2024-07-30T20:14:21+00:00\",\"breadcrumb\":{\"@id\":\"https:\\\/\\\/kt.gov.rs\\\/sq\\\/trajnim-per-pune-me-te-rinjte\\\/#breadcrumb\"},\"inLanguage\":\"sq-AL\",\"potentialAction\":[{\"@type\":\"ReadAction\",\"target\":[\"https:\\\/\\\/kt.gov.rs\\\/sq\\\/trajnim-per-pune-me-te-rinjte\\\/\"]}]},{\"@type\":\"ImageObject\",\"inLanguage\":\"sq-AL\",\"@id\":\"https:\\\/\\\/kt.gov.rs\\\/sq\\\/trajnim-per-pune-me-te-rinjte\\\/#primaryimage\",\"url\":\"https:\\\/\\\/kt.gov.rs\\\/wp-content\\\/uploads\\\/2024\\\/07\\\/newspic343v-5.jpg\",\"contentUrl\":\"https:\\\/\\\/kt.gov.rs\\\/wp-content\\\/uploads\\\/2024\\\/07\\\/newspic343v-5.jpg\",\"width\":315,\"height\":190},{\"@type\":\"BreadcrumbList\",\"@id\":\"https:\\\/\\\/kt.gov.rs\\\/sq\\\/trajnim-per-pune-me-te-rinjte\\\/#breadcrumb\",\"itemListElement\":[{\"@type\":\"ListItem\",\"position\":1,\"name\":\"\u041f\u043e\u0447\u0435\u0442\u043d\u0430\",\"item\":\"https:\\\/\\\/kt.gov.rs\\\/sq\\\/\"},{\"@type\":\"ListItem\",\"position\":2,\"name\":\"TRAJNIM P\u00cbR PUN\u00cb ME T\u00cb RINJT\u00cb\"}]},{\"@type\":\"WebSite\",\"@id\":\"https:\\\/\\\/kt.gov.rs\\\/#website\",\"url\":\"https:\\\/\\\/kt.gov.rs\\\/\",\"name\":\"\u041a\u043e\u043e\u0440\u0434\u0438\u043d\u0430\u0446\u0438\u043e\u043d\u043e \u0442\u0435\u043b\u043e \u0412\u043b\u0430\u0434\u0435 \u0420\u0435\u043f\u0443\u0431\u043b\u0438\u043a\u0435 \u0421\u0440\u0431\u0438\u0458\u0435 \u0437\u0430 \u043e\u043f\u0448\u0442\u0438\u043d\u0435 \u041f\u0440\u0435\u0448\u0435\u0432\u043e, \u0411\u0443\u0458\u0430\u043d\u043e\u0432\u0430\u0446 \u0438 \u041c\u0435\u0434\u0432\u0435\u0452a\",\"description\":\"\",\"publisher\":{\"@id\":\"https:\\\/\\\/kt.gov.rs\\\/#organization\"},\"alternateName\":\"\u041a\u043e\u043e\u0440\u0434\u0438\u043d\u0430\u0446\u0438\u043e\u043d\u043e \u0442\u0435\u043b\u043e\",\"potentialAction\":[{\"@type\":\"SearchAction\",\"target\":{\"@type\":\"EntryPoint\",\"urlTemplate\":\"https:\\\/\\\/kt.gov.rs\\\/?s={search_term_string}\"},\"query-input\":{\"@type\":\"PropertyValueSpecification\",\"valueRequired\":true,\"valueName\":\"search_term_string\"}}],\"inLanguage\":\"sq-AL\"},{\"@type\":\"Organization\",\"@id\":\"https:\\\/\\\/kt.gov.rs\\\/#organization\",\"name\":\"\u041a\u043e\u043e\u0440\u0434\u0438\u043d\u0430\u0446\u0438\u043e\u043d\u043e \u0442\u0435\u043b\u043e \u0412\u043b\u0430\u0434\u0435 \u0420\u0435\u043f\u0443\u0431\u043b\u0438\u043a\u0435 \u0421\u0440\u0431\u0438\u0458\u0435 \u0437\u0430 \u043e\u043f\u0448\u0442\u0438\u043d\u0435 \u041f\u0440\u0435\u0448\u0435\u0432\u043e, \u0411\u0443\u0458\u0430\u043d\u043e\u0432\u0430\u0446 \u0438 \u041c\u0435\u0434\u0432\u0435\u0452a\",\"alternateName\":\"\u041a\u043e\u043e\u0440\u0434\u0438\u043d\u0430\u0446\u0438\u043e\u043d\u043e \u0442\u0435\u043b\u043e\",\"url\":\"https:\\\/\\\/kt.gov.rs\\\/\",\"logo\":{\"@type\":\"ImageObject\",\"inLanguage\":\"sq-AL\",\"@id\":\"https:\\\/\\\/kt.gov.rs\\\/#\\\/schema\\\/logo\\\/image\\\/\",\"url\":\"https:\\\/\\\/kt.gov.rs\\\/wp-content\\\/uploads\\\/2024\\\/12\\\/koord2.jpg\",\"contentUrl\":\"https:\\\/\\\/kt.gov.rs\\\/wp-content\\\/uploads\\\/2024\\\/12\\\/koord2.jpg\",\"width\":640,\"height\":480,\"caption\":\"\u041a\u043e\u043e\u0440\u0434\u0438\u043d\u0430\u0446\u0438\u043e\u043d\u043e \u0442\u0435\u043b\u043e \u0412\u043b\u0430\u0434\u0435 \u0420\u0435\u043f\u0443\u0431\u043b\u0438\u043a\u0435 \u0421\u0440\u0431\u0438\u0458\u0435 \u0437\u0430 \u043e\u043f\u0448\u0442\u0438\u043d\u0435 \u041f\u0440\u0435\u0448\u0435\u0432\u043e, \u0411\u0443\u0458\u0430\u043d\u043e\u0432\u0430\u0446 \u0438 \u041c\u0435\u0434\u0432\u0435\u0452a\"},\"image\":{\"@id\":\"https:\\\/\\\/kt.gov.rs\\\/#\\\/schema\\\/logo\\\/image\\\/\"},\"sameAs\":[\"https:\\\/\\\/www.facebook.com\\\/SluzbaKoordinacionogTelaVladeRepublikeSrbije\",\"https:\\\/\\\/x.com\\\/kt_gov\",\"https:\\\/\\\/www.youtube.com\\\/@koordinacionotelo\"]},{\"@type\":\"Person\",\"@id\":\"https:\\\/\\\/kt.gov.rs\\\/#\\\/schema\\\/person\\\/e426459ddb4173309103390602694571\",\"name\":\"ktmin\",\"image\":{\"@type\":\"ImageObject\",\"inLanguage\":\"sq-AL\",\"@id\":\"https:\\\/\\\/secure.gravatar.com\\\/avatar\\\/3985c961109853010c3fbc7ba30365bfba5db3dd6c525831d9c595c7525a615a?s=96&d=mm&r=g\",\"url\":\"https:\\\/\\\/secure.gravatar.com\\\/avatar\\\/3985c961109853010c3fbc7ba30365bfba5db3dd6c525831d9c595c7525a615a?s=96&d=mm&r=g\",\"contentUrl\":\"https:\\\/\\\/secure.gravatar.com\\\/avatar\\\/3985c961109853010c3fbc7ba30365bfba5db3dd6c525831d9c595c7525a615a?s=96&d=mm&r=g\",\"caption\":\"ktmin\"},\"sameAs\":[\"https:\\\/\\\/kt.gov.rs\"],\"url\":\"https:\\\/\\\/kt.gov.rs\\\/sq\\\/author\\\/ktmin\\\/\"}]}<\/script>\n<!-- \/ Yoast SEO plugin. -->","yoast_head_json":{"title":"TRAJNIM P\u00cbR PUN\u00cb ME T\u00cb RINJT\u00cb - Republika e S\u00ebrbis\u00eb Trupi Koordinues p\u00ebr komunat Bujanoc, Preshev\u00eb dhe Medvegj\u00eb","robots":{"index":"index","follow":"follow","max-snippet":"max-snippet:-1","max-image-preview":"max-image-preview:large","max-video-preview":"max-video-preview:-1"},"canonical":"https:\/\/kt.gov.rs\/sq\/trajnim-per-pune-me-te-rinjte\/","og_locale":"sq_AL","og_type":"article","og_title":"TRAJNIM P\u00cbR PUN\u00cb ME T\u00cb RINJT\u00cb - Republika e S\u00ebrbis\u00eb Trupi Koordinues p\u00ebr komunat Bujanoc, Preshev\u00eb dhe Medvegj\u00eb","og_description":"Bujanoc \u2013 Nj\u00ebzet trener nga jugu i S\u00ebrbis\u00eb dhe Sanxhaku kan\u00eb marr\u00eb pjes\u00eb n\u00eb pjes\u00ebn e dyt\u00eb t\u00eb trajnimit p\u00ebr pun\u00eb me t\u00eb rinjt\u00eb n\u00eb bashk\u00ebsi multietnike.","og_url":"https:\/\/kt.gov.rs\/sq\/trajnim-per-pune-me-te-rinjte\/","og_site_name":"Republika e S\u00ebrbis\u00eb Trupi Koordinues p\u00ebr komunat Bujanoc, Preshev\u00eb dhe Medvegj\u00eb","article_publisher":"https:\/\/www.facebook.com\/SluzbaKoordinacionogTelaVladeRepublikeSrbije","article_published_time":"2013-11-20T00:00:00+00:00","article_modified_time":"2024-07-30T20:14:21+00:00","og_image":[{"width":315,"height":190,"url":"https:\/\/kt.gov.rs\/wp-content\/uploads\/2024\/07\/newspic343v-5.jpg","type":"image\/jpeg"}],"author":"ktmin","twitter_card":"summary_large_image","twitter_creator":"@kt_gov","twitter_site":"@kt_gov","twitter_misc":{"Written by":"ktmin","Est. reading time":"3 minutes"},"schema":{"@context":"https:\/\/schema.org","@graph":[{"@type":"Article","@id":"https:\/\/kt.gov.rs\/sq\/trajnim-per-pune-me-te-rinjte\/#article","isPartOf":{"@id":"https:\/\/kt.gov.rs\/sq\/trajnim-per-pune-me-te-rinjte\/"},"author":{"name":"ktmin","@id":"https:\/\/kt.gov.rs\/#\/schema\/person\/e426459ddb4173309103390602694571"},"headline":"TRAJNIM P\u00cbR PUN\u00cb ME T\u00cb RINJT\u00cb","datePublished":"2013-11-20T00:00:00+00:00","dateModified":"2024-07-30T20:14:21+00:00","mainEntityOfPage":{"@id":"https:\/\/kt.gov.rs\/sq\/trajnim-per-pune-me-te-rinjte\/"},"wordCount":527,"publisher":{"@id":"https:\/\/kt.gov.rs\/#organization"},"image":{"@id":"https:\/\/kt.gov.rs\/sq\/trajnim-per-pune-me-te-rinjte\/#primaryimage"},"thumbnailUrl":"https:\/\/kt.gov.rs\/wp-content\/uploads\/2024\/07\/newspic343v-5.jpg","articleSection":["Lajme"],"inLanguage":"sq-AL"},{"@type":"WebPage","@id":"https:\/\/kt.gov.rs\/sq\/trajnim-per-pune-me-te-rinjte\/","url":"https:\/\/kt.gov.rs\/sq\/trajnim-per-pune-me-te-rinjte\/","name":"TRAJNIM P\u00cbR PUN\u00cb ME T\u00cb RINJT\u00cb - Republika e S\u00ebrbis\u00eb Trupi Koordinues p\u00ebr komunat Bujanoc, Preshev\u00eb dhe Medvegj\u00eb","isPartOf":{"@id":"https:\/\/kt.gov.rs\/#website"},"primaryImageOfPage":{"@id":"https:\/\/kt.gov.rs\/sq\/trajnim-per-pune-me-te-rinjte\/#primaryimage"},"image":{"@id":"https:\/\/kt.gov.rs\/sq\/trajnim-per-pune-me-te-rinjte\/#primaryimage"},"thumbnailUrl":"https:\/\/kt.gov.rs\/wp-content\/uploads\/2024\/07\/newspic343v-5.jpg","datePublished":"2013-11-20T00:00:00+00:00","dateModified":"2024-07-30T20:14:21+00:00","breadcrumb":{"@id":"https:\/\/kt.gov.rs\/sq\/trajnim-per-pune-me-te-rinjte\/#breadcrumb"},"inLanguage":"sq-AL","potentialAction":[{"@type":"ReadAction","target":["https:\/\/kt.gov.rs\/sq\/trajnim-per-pune-me-te-rinjte\/"]}]},{"@type":"ImageObject","inLanguage":"sq-AL","@id":"https:\/\/kt.gov.rs\/sq\/trajnim-per-pune-me-te-rinjte\/#primaryimage","url":"https:\/\/kt.gov.rs\/wp-content\/uploads\/2024\/07\/newspic343v-5.jpg","contentUrl":"https:\/\/kt.gov.rs\/wp-content\/uploads\/2024\/07\/newspic343v-5.jpg","width":315,"height":190},{"@type":"BreadcrumbList","@id":"https:\/\/kt.gov.rs\/sq\/trajnim-per-pune-me-te-rinjte\/#breadcrumb","itemListElement":[{"@type":"ListItem","position":1,"name":"\u041f\u043e\u0447\u0435\u0442\u043d\u0430","item":"https:\/\/kt.gov.rs\/sq\/"},{"@type":"ListItem","position":2,"name":"TRAJNIM P\u00cbR PUN\u00cb ME T\u00cb RINJT\u00cb"}]},{"@type":"WebSite","@id":"https:\/\/kt.gov.rs\/#website","url":"https:\/\/kt.gov.rs\/","name":"\u041a\u043e\u043e\u0440\u0434\u0438\u043d\u0430\u0446\u0438\u043e\u043d\u043e \u0442\u0435\u043b\u043e \u0412\u043b\u0430\u0434\u0435 \u0420\u0435\u043f\u0443\u0431\u043b\u0438\u043a\u0435 \u0421\u0440\u0431\u0438\u0458\u0435 \u0437\u0430 \u043e\u043f\u0448\u0442\u0438\u043d\u0435 \u041f\u0440\u0435\u0448\u0435\u0432\u043e, \u0411\u0443\u0458\u0430\u043d\u043e\u0432\u0430\u0446 \u0438 \u041c\u0435\u0434\u0432\u0435\u0452a","description":"","publisher":{"@id":"https:\/\/kt.gov.rs\/#organization"},"alternateName":"\u041a\u043e\u043e\u0440\u0434\u0438\u043d\u0430\u0446\u0438\u043e\u043d\u043e \u0442\u0435\u043b\u043e","potentialAction":[{"@type":"SearchAction","target":{"@type":"EntryPoint","urlTemplate":"https:\/\/kt.gov.rs\/?s={search_term_string}"},"query-input":{"@type":"PropertyValueSpecification","valueRequired":true,"valueName":"search_term_string"}}],"inLanguage":"sq-AL"},{"@type":"Organization","@id":"https:\/\/kt.gov.rs\/#organization","name":"\u041a\u043e\u043e\u0440\u0434\u0438\u043d\u0430\u0446\u0438\u043e\u043d\u043e \u0442\u0435\u043b\u043e \u0412\u043b\u0430\u0434\u0435 \u0420\u0435\u043f\u0443\u0431\u043b\u0438\u043a\u0435 \u0421\u0440\u0431\u0438\u0458\u0435 \u0437\u0430 \u043e\u043f\u0448\u0442\u0438\u043d\u0435 \u041f\u0440\u0435\u0448\u0435\u0432\u043e, \u0411\u0443\u0458\u0430\u043d\u043e\u0432\u0430\u0446 \u0438 \u041c\u0435\u0434\u0432\u0435\u0452a","alternateName":"\u041a\u043e\u043e\u0440\u0434\u0438\u043d\u0430\u0446\u0438\u043e\u043d\u043e \u0442\u0435\u043b\u043e","url":"https:\/\/kt.gov.rs\/","logo":{"@type":"ImageObject","inLanguage":"sq-AL","@id":"https:\/\/kt.gov.rs\/#\/schema\/logo\/image\/","url":"https:\/\/kt.gov.rs\/wp-content\/uploads\/2024\/12\/koord2.jpg","contentUrl":"https:\/\/kt.gov.rs\/wp-content\/uploads\/2024\/12\/koord2.jpg","width":640,"height":480,"caption":"\u041a\u043e\u043e\u0440\u0434\u0438\u043d\u0430\u0446\u0438\u043e\u043d\u043e \u0442\u0435\u043b\u043e \u0412\u043b\u0430\u0434\u0435 \u0420\u0435\u043f\u0443\u0431\u043b\u0438\u043a\u0435 \u0421\u0440\u0431\u0438\u0458\u0435 \u0437\u0430 \u043e\u043f\u0448\u0442\u0438\u043d\u0435 \u041f\u0440\u0435\u0448\u0435\u0432\u043e, \u0411\u0443\u0458\u0430\u043d\u043e\u0432\u0430\u0446 \u0438 \u041c\u0435\u0434\u0432\u0435\u0452a"},"image":{"@id":"https:\/\/kt.gov.rs\/#\/schema\/logo\/image\/"},"sameAs":["https:\/\/www.facebook.com\/SluzbaKoordinacionogTelaVladeRepublikeSrbije","https:\/\/x.com\/kt_gov","https:\/\/www.youtube.com\/@koordinacionotelo"]},{"@type":"Person","@id":"https:\/\/kt.gov.rs\/#\/schema\/person\/e426459ddb4173309103390602694571","name":"ktmin","image":{"@type":"ImageObject","inLanguage":"sq-AL","@id":"https:\/\/secure.gravatar.com\/avatar\/3985c961109853010c3fbc7ba30365bfba5db3dd6c525831d9c595c7525a615a?s=96&d=mm&r=g","url":"https:\/\/secure.gravatar.com\/avatar\/3985c961109853010c3fbc7ba30365bfba5db3dd6c525831d9c595c7525a615a?s=96&d=mm&r=g","contentUrl":"https:\/\/secure.gravatar.com\/avatar\/3985c961109853010c3fbc7ba30365bfba5db3dd6c525831d9c595c7525a615a?s=96&d=mm&r=g","caption":"ktmin"},"sameAs":["https:\/\/kt.gov.rs"],"url":"https:\/\/kt.gov.rs\/sq\/author\/ktmin\/"}]}},"_links":{"self":[{"href":"https:\/\/kt.gov.rs\/sq\/wp-json\/wp\/v2\/posts\/140062","targetHints":{"allow":["GET"]}}],"collection":[{"href":"https:\/\/kt.gov.rs\/sq\/wp-json\/wp\/v2\/posts"}],"about":[{"href":"https:\/\/kt.gov.rs\/sq\/wp-json\/wp\/v2\/types\/post"}],"author":[{"embeddable":true,"href":"https:\/\/kt.gov.rs\/sq\/wp-json\/wp\/v2\/users\/1"}],"replies":[{"embeddable":true,"href":"https:\/\/kt.gov.rs\/sq\/wp-json\/wp\/v2\/comments?post=140062"}],"version-history":[{"count":1,"href":"https:\/\/kt.gov.rs\/sq\/wp-json\/wp\/v2\/posts\/140062\/revisions"}],"predecessor-version":[{"id":140066,"href":"https:\/\/kt.gov.rs\/sq\/wp-json\/wp\/v2\/posts\/140062\/revisions\/140066"}],"wp:featuredmedia":[{"embeddable":true,"href":"https:\/\/kt.gov.rs\/sq\/wp-json\/wp\/v2\/media\/140067"}],"wp:attachment":[{"href":"https:\/\/kt.gov.rs\/sq\/wp-json\/wp\/v2\/media?parent=140062"}],"wp:term":[{"taxonomy":"category","embeddable":true,"href":"https:\/\/kt.gov.rs\/sq\/wp-json\/wp\/v2\/categories?post=140062"},{"taxonomy":"post_tag","embeddable":true,"href":"https:\/\/kt.gov.rs\/sq\/wp-json\/wp\/v2\/tags?post=140062"}],"curies":[{"name":"wp","href":"https:\/\/api.w.org\/{rel}","templated":true}]}}