{"id":140038,"date":"2013-11-20T00:00:00","date_gmt":"2013-11-20T00:00:00","guid":{"rendered":"http:\/\/kt.printandscreen.rs\/mbeshtetja-e-programit-te-praktikes\/"},"modified":"2024-07-30T20:14:18","modified_gmt":"2024-07-30T20:14:18","slug":"mbeshtetja-e-programit-te-praktikes","status":"publish","type":"post","link":"https:\/\/kt.gov.rs\/sq\/mbeshtetja-e-programit-te-praktikes\/","title":{"rendered":"MB\u00cbSHTETJA E PROGRAMIT T\u00cb PRAKTIK\u00cbS"},"content":{"rendered":"<p>\n\t<img decoding=\"async\" alt=\"\" src=\"https:\/\/kt.gov.rs\/wp-content\/uploads\/2024\/07\/newspic346vv-4.jpg\" style=\"width: 640px; height: 360px;\" \/><\/p>\n<p>\n\tSh\u00ebrbimi i Trupit Koordinues i Qeveris\u00eb s\u00eb Republik\u00ebs s\u00eb Serbis\u00eb p\u00ebr komunat Preshev\u00eb, Bujanoc dhe Medvegj\u00eb edhe k\u00ebt\u00eb vit\u00eb mb\u00ebshtet realizimin e projektit \u201c<strong>Programi p\u00ebr praktikant\u00eb t\u00eb rinj\u00eb \u2013 pjestar\u00eb t\u00eb pakicave, n\u00eb institucionet shtet\u00ebrore t\u00eb S\u00ebrbis\u00eb\u201c <\/strong>t\u00eb cilin e implementon\u00a0 Zyra p\u00ebr t\u00eb drejtat e njeriut dhe t\u00eb pakicave.<\/p>\n<p>\n\tQ\u00ebllimi i k\u00ebtij projekti \u00ebsht\u00eb pjesmarrja m\u00eb aktive e te rinj\u00ebve pjestar t\u00eb pakic\u00ebs shqiptare, rome dhe boshnjake n\u00eb jet\u00ebn publike dhe n\u00eb pun\u00ebn e organeve shtet\u00ebrore.<\/p>\n<p>\n\tK\u00ebt\u00eb vit\u00eb praktikant\u00ebt e rinj\u00eb nga k\u00ebto tri komunitete do t\u00eb ken\u00eb mund\u00ebsi q\u00eb gjat\u00eb gjasht\u00eb muajve t\u00eb ardhsh\u00ebm t\u00eb p\u00ebrfitojn p\u00ebrvoj pune n\u00eb gjasht\u00eb institucione shtet\u00ebrore: n\u00eb Sh\u00ebrbimin e Trupit Koordinues t\u00eb Qeveris\u00eb s\u00eb Republk\u00ebs s\u00eb S\u00ebrbis\u00eb p\u00ebr komunat Preshev\u00eb, Bujanoc dhe Medvegj\u00eb, Zyr\u00ebn p\u00ebr t\u00eb drejtat e njeriut dhe t\u00eb pakicave, Ministrin\u00eb e Kultur\u00ebs dhe Informimit, Ministrin\u00eb e Arsimit shkenc\u00ebs dhe zhvillit teknologjik, Zyr\u00ebs p\u00ebr bashk\u00ebpunim me shoq\u00ebrin\u00eb civile dhe Zyr\u00ebn p\u00ebr p\u00ebrfshirjen sociale dhe ulje t\u00eb varf\u00ebris. Arbnora Limani nga Bujanoci dhe Vjollca Salihi nga Medvegja gjasht\u00eb muajt e ardhsh\u00ebm do t\u00eb kryejn praktik\u00ebn n\u00eb zyrat e sh\u00ebrbimit t\u00eb Trupit Koordinues n\u00eb Beograd.<\/p>\n<p>\n\tP\u00ebrve\u00e7 njohjes me m\u00ebnyr\u00ebn e pun\u00ebs n\u00eb k\u00ebt\u00eb institucion praktikantet do t\u00eb ken\u00eb mund\u00ebsin q\u00eb drejtp\u00ebrdrejt t\u00eb ky\u00e7en n\u00eb implementimin e projekteve t\u00eb sh\u00ebrbimit t\u00eb Trupit Koordinues dhe realizimin e aktiviteteve q\u00eb i implementon ky organ qeveritar. Praktikant\u00ebt t\u00eb cil\u00ebt gjuh\u00ebn serbe nuk e kan\u00eb gjuh\u00eb am\u00ebtare do t\u00eb ken\u00eb mund\u00ebsi ta p\u00ebrmirsojn njohjen e gjuh\u00ebs s\u00ebrbe.<\/p>\n<p>\n\tProgrami i praktik\u00ebs realizohet nga viti 2010 me mb\u00ebshtetjen e ambasad\u00ebs s\u00eb Britanis s\u00eb Madhe n\u00eb Beograd, ambasad\u00ebs s\u00eb Mbret\u00ebris\u00eb s\u00eb Holand\u00ebs n\u00eb Beograd, Agjensis\u00eb Suedeze p\u00ebr zhvillim Nd\u00ebrkomb\u00ebtar dhe Organizat\u00ebs p\u00ebr Siguri dhe Bashkpunim n\u00eb Evrop\u00eb (OSBE).<\/p>\n<p>\n\t\u00a0<\/p>\n","protected":false},"excerpt":{"rendered":"<p>Sh\u00ebrbimi i Trupit Koordinues i Qeveris\u00eb s\u00eb Republik\u00ebs s\u00eb Serbis\u00eb p\u00ebr komunat Preshev\u00eb, Bujanoc dhe Medvegj\u00eb edhe k\u00ebt\u00eb vit\u00eb mb\u00ebshtet realizimin e projektit \u201cProgrami p\u00ebr praktikant\u00eb t\u00eb rinj\u00eb \u2013 pjestar\u00eb t\u00eb pakicave, n\u00eb institucionet shtet\u00ebrore t\u00eb S\u00ebrbis\u00eb\u201c t\u00eb cilin e implementon\u00a0 Zyra p\u00ebr t\u00eb drejtat e njeriut dhe t\u00eb pakicave.<\/p>\n","protected":false},"author":1,"featured_media":140043,"comment_status":"closed","ping_status":"closed","sticky":false,"template":"","format":"standard","meta":{"footnotes":""},"categories":[55],"tags":[],"class_list":["post-140038","post","type-post","status-publish","format-standard","has-post-thumbnail","hentry","category-lajme"],"yoast_head":"<!-- This site is optimized with the Yoast SEO plugin v27.5 - https:\/\/yoast.com\/product\/yoast-seo-wordpress\/ -->\n<title>MB\u00cbSHTETJA E PROGRAMIT T\u00cb PRAKTIK\u00cbS - Republika e S\u00ebrbis\u00eb Trupi Koordinues p\u00ebr komunat Bujanoc, Preshev\u00eb dhe Medvegj\u00eb<\/title>\n<meta name=\"robots\" content=\"index, follow, max-snippet:-1, max-image-preview:large, max-video-preview:-1\" \/>\n<link rel=\"canonical\" href=\"https:\/\/kt.gov.rs\/sq\/mbeshtetja-e-programit-te-praktikes\/\" \/>\n<meta property=\"og:locale\" content=\"sq_AL\" \/>\n<meta property=\"og:type\" content=\"article\" \/>\n<meta property=\"og:title\" content=\"MB\u00cbSHTETJA E PROGRAMIT T\u00cb PRAKTIK\u00cbS - Republika e S\u00ebrbis\u00eb Trupi Koordinues p\u00ebr komunat Bujanoc, Preshev\u00eb dhe Medvegj\u00eb\" \/>\n<meta property=\"og:description\" content=\"Sh\u00ebrbimi i Trupit Koordinues i Qeveris\u00eb s\u00eb Republik\u00ebs s\u00eb Serbis\u00eb p\u00ebr komunat Preshev\u00eb, Bujanoc dhe Medvegj\u00eb edhe k\u00ebt\u00eb vit\u00eb mb\u00ebshtet realizimin e projektit \u201cProgrami p\u00ebr praktikant\u00eb t\u00eb rinj\u00eb \u2013 pjestar\u00eb t\u00eb pakicave, n\u00eb institucionet shtet\u00ebrore t\u00eb S\u00ebrbis\u00eb\u201c t\u00eb cilin e implementon\u00a0 Zyra p\u00ebr t\u00eb drejtat e njeriut dhe t\u00eb pakicave.\" \/>\n<meta property=\"og:url\" content=\"https:\/\/kt.gov.rs\/sq\/mbeshtetja-e-programit-te-praktikes\/\" \/>\n<meta property=\"og:site_name\" content=\"Republika e S\u00ebrbis\u00eb Trupi Koordinues p\u00ebr komunat Bujanoc, Preshev\u00eb dhe Medvegj\u00eb\" \/>\n<meta property=\"article:publisher\" content=\"https:\/\/www.facebook.com\/SluzbaKoordinacionogTelaVladeRepublikeSrbije\" \/>\n<meta property=\"article:published_time\" content=\"2013-11-20T00:00:00+00:00\" \/>\n<meta property=\"article:modified_time\" content=\"2024-07-30T20:14:18+00:00\" \/>\n<meta property=\"og:image\" content=\"https:\/\/kt.gov.rs\/wp-content\/uploads\/2024\/07\/newspic346vv-5.jpg\" \/>\n\t<meta property=\"og:image:width\" content=\"640\" \/>\n\t<meta property=\"og:image:height\" content=\"360\" \/>\n\t<meta property=\"og:image:type\" content=\"image\/jpeg\" \/>\n<meta name=\"author\" content=\"ktmin\" \/>\n<meta name=\"twitter:card\" content=\"summary_large_image\" \/>\n<meta name=\"twitter:creator\" content=\"@kt_gov\" \/>\n<meta name=\"twitter:site\" content=\"@kt_gov\" \/>\n<meta name=\"twitter:label1\" content=\"Written by\" \/>\n\t<meta name=\"twitter:data1\" content=\"ktmin\" \/>\n\t<meta name=\"twitter:label2\" content=\"Est. reading time\" \/>\n\t<meta name=\"twitter:data2\" content=\"3 minutes\" \/>\n<script type=\"application\/ld+json\" class=\"yoast-schema-graph\">{\"@context\":\"https:\\\/\\\/schema.org\",\"@graph\":[{\"@type\":\"Article\",\"@id\":\"https:\\\/\\\/kt.gov.rs\\\/sq\\\/mbeshtetja-e-programit-te-praktikes\\\/#article\",\"isPartOf\":{\"@id\":\"https:\\\/\\\/kt.gov.rs\\\/sq\\\/mbeshtetja-e-programit-te-praktikes\\\/\"},\"author\":{\"name\":\"ktmin\",\"@id\":\"https:\\\/\\\/kt.gov.rs\\\/#\\\/schema\\\/person\\\/e426459ddb4173309103390602694571\"},\"headline\":\"MB\u00cbSHTETJA E PROGRAMIT T\u00cb PRAKTIK\u00cbS\",\"datePublished\":\"2013-11-20T00:00:00+00:00\",\"dateModified\":\"2024-07-30T20:14:18+00:00\",\"mainEntityOfPage\":{\"@id\":\"https:\\\/\\\/kt.gov.rs\\\/sq\\\/mbeshtetja-e-programit-te-praktikes\\\/\"},\"wordCount\":512,\"publisher\":{\"@id\":\"https:\\\/\\\/kt.gov.rs\\\/#organization\"},\"image\":{\"@id\":\"https:\\\/\\\/kt.gov.rs\\\/sq\\\/mbeshtetja-e-programit-te-praktikes\\\/#primaryimage\"},\"thumbnailUrl\":\"https:\\\/\\\/kt.gov.rs\\\/wp-content\\\/uploads\\\/2024\\\/07\\\/newspic346vv-5.jpg\",\"articleSection\":[\"Lajme\"],\"inLanguage\":\"sq-AL\"},{\"@type\":\"WebPage\",\"@id\":\"https:\\\/\\\/kt.gov.rs\\\/sq\\\/mbeshtetja-e-programit-te-praktikes\\\/\",\"url\":\"https:\\\/\\\/kt.gov.rs\\\/sq\\\/mbeshtetja-e-programit-te-praktikes\\\/\",\"name\":\"MB\u00cbSHTETJA E PROGRAMIT T\u00cb PRAKTIK\u00cbS - Republika e S\u00ebrbis\u00eb Trupi Koordinues p\u00ebr komunat Bujanoc, Preshev\u00eb dhe Medvegj\u00eb\",\"isPartOf\":{\"@id\":\"https:\\\/\\\/kt.gov.rs\\\/#website\"},\"primaryImageOfPage\":{\"@id\":\"https:\\\/\\\/kt.gov.rs\\\/sq\\\/mbeshtetja-e-programit-te-praktikes\\\/#primaryimage\"},\"image\":{\"@id\":\"https:\\\/\\\/kt.gov.rs\\\/sq\\\/mbeshtetja-e-programit-te-praktikes\\\/#primaryimage\"},\"thumbnailUrl\":\"https:\\\/\\\/kt.gov.rs\\\/wp-content\\\/uploads\\\/2024\\\/07\\\/newspic346vv-5.jpg\",\"datePublished\":\"2013-11-20T00:00:00+00:00\",\"dateModified\":\"2024-07-30T20:14:18+00:00\",\"breadcrumb\":{\"@id\":\"https:\\\/\\\/kt.gov.rs\\\/sq\\\/mbeshtetja-e-programit-te-praktikes\\\/#breadcrumb\"},\"inLanguage\":\"sq-AL\",\"potentialAction\":[{\"@type\":\"ReadAction\",\"target\":[\"https:\\\/\\\/kt.gov.rs\\\/sq\\\/mbeshtetja-e-programit-te-praktikes\\\/\"]}]},{\"@type\":\"ImageObject\",\"inLanguage\":\"sq-AL\",\"@id\":\"https:\\\/\\\/kt.gov.rs\\\/sq\\\/mbeshtetja-e-programit-te-praktikes\\\/#primaryimage\",\"url\":\"https:\\\/\\\/kt.gov.rs\\\/wp-content\\\/uploads\\\/2024\\\/07\\\/newspic346vv-5.jpg\",\"contentUrl\":\"https:\\\/\\\/kt.gov.rs\\\/wp-content\\\/uploads\\\/2024\\\/07\\\/newspic346vv-5.jpg\",\"width\":640,\"height\":360},{\"@type\":\"BreadcrumbList\",\"@id\":\"https:\\\/\\\/kt.gov.rs\\\/sq\\\/mbeshtetja-e-programit-te-praktikes\\\/#breadcrumb\",\"itemListElement\":[{\"@type\":\"ListItem\",\"position\":1,\"name\":\"\u041f\u043e\u0447\u0435\u0442\u043d\u0430\",\"item\":\"https:\\\/\\\/kt.gov.rs\\\/sq\\\/\"},{\"@type\":\"ListItem\",\"position\":2,\"name\":\"MB\u00cbSHTETJA E PROGRAMIT T\u00cb PRAKTIK\u00cbS\"}]},{\"@type\":\"WebSite\",\"@id\":\"https:\\\/\\\/kt.gov.rs\\\/#website\",\"url\":\"https:\\\/\\\/kt.gov.rs\\\/\",\"name\":\"\u041a\u043e\u043e\u0440\u0434\u0438\u043d\u0430\u0446\u0438\u043e\u043d\u043e \u0442\u0435\u043b\u043e \u0412\u043b\u0430\u0434\u0435 \u0420\u0435\u043f\u0443\u0431\u043b\u0438\u043a\u0435 \u0421\u0440\u0431\u0438\u0458\u0435 \u0437\u0430 \u043e\u043f\u0448\u0442\u0438\u043d\u0435 \u041f\u0440\u0435\u0448\u0435\u0432\u043e, \u0411\u0443\u0458\u0430\u043d\u043e\u0432\u0430\u0446 \u0438 \u041c\u0435\u0434\u0432\u0435\u0452a\",\"description\":\"\",\"publisher\":{\"@id\":\"https:\\\/\\\/kt.gov.rs\\\/#organization\"},\"alternateName\":\"\u041a\u043e\u043e\u0440\u0434\u0438\u043d\u0430\u0446\u0438\u043e\u043d\u043e \u0442\u0435\u043b\u043e\",\"potentialAction\":[{\"@type\":\"SearchAction\",\"target\":{\"@type\":\"EntryPoint\",\"urlTemplate\":\"https:\\\/\\\/kt.gov.rs\\\/?s={search_term_string}\"},\"query-input\":{\"@type\":\"PropertyValueSpecification\",\"valueRequired\":true,\"valueName\":\"search_term_string\"}}],\"inLanguage\":\"sq-AL\"},{\"@type\":\"Organization\",\"@id\":\"https:\\\/\\\/kt.gov.rs\\\/#organization\",\"name\":\"\u041a\u043e\u043e\u0440\u0434\u0438\u043d\u0430\u0446\u0438\u043e\u043d\u043e \u0442\u0435\u043b\u043e \u0412\u043b\u0430\u0434\u0435 \u0420\u0435\u043f\u0443\u0431\u043b\u0438\u043a\u0435 \u0421\u0440\u0431\u0438\u0458\u0435 \u0437\u0430 \u043e\u043f\u0448\u0442\u0438\u043d\u0435 \u041f\u0440\u0435\u0448\u0435\u0432\u043e, \u0411\u0443\u0458\u0430\u043d\u043e\u0432\u0430\u0446 \u0438 \u041c\u0435\u0434\u0432\u0435\u0452a\",\"alternateName\":\"\u041a\u043e\u043e\u0440\u0434\u0438\u043d\u0430\u0446\u0438\u043e\u043d\u043e \u0442\u0435\u043b\u043e\",\"url\":\"https:\\\/\\\/kt.gov.rs\\\/\",\"logo\":{\"@type\":\"ImageObject\",\"inLanguage\":\"sq-AL\",\"@id\":\"https:\\\/\\\/kt.gov.rs\\\/#\\\/schema\\\/logo\\\/image\\\/\",\"url\":\"https:\\\/\\\/kt.gov.rs\\\/wp-content\\\/uploads\\\/2024\\\/12\\\/koord2.jpg\",\"contentUrl\":\"https:\\\/\\\/kt.gov.rs\\\/wp-content\\\/uploads\\\/2024\\\/12\\\/koord2.jpg\",\"width\":640,\"height\":480,\"caption\":\"\u041a\u043e\u043e\u0440\u0434\u0438\u043d\u0430\u0446\u0438\u043e\u043d\u043e \u0442\u0435\u043b\u043e \u0412\u043b\u0430\u0434\u0435 \u0420\u0435\u043f\u0443\u0431\u043b\u0438\u043a\u0435 \u0421\u0440\u0431\u0438\u0458\u0435 \u0437\u0430 \u043e\u043f\u0448\u0442\u0438\u043d\u0435 \u041f\u0440\u0435\u0448\u0435\u0432\u043e, \u0411\u0443\u0458\u0430\u043d\u043e\u0432\u0430\u0446 \u0438 \u041c\u0435\u0434\u0432\u0435\u0452a\"},\"image\":{\"@id\":\"https:\\\/\\\/kt.gov.rs\\\/#\\\/schema\\\/logo\\\/image\\\/\"},\"sameAs\":[\"https:\\\/\\\/www.facebook.com\\\/SluzbaKoordinacionogTelaVladeRepublikeSrbije\",\"https:\\\/\\\/x.com\\\/kt_gov\",\"https:\\\/\\\/www.youtube.com\\\/@koordinacionotelo\"]},{\"@type\":\"Person\",\"@id\":\"https:\\\/\\\/kt.gov.rs\\\/#\\\/schema\\\/person\\\/e426459ddb4173309103390602694571\",\"name\":\"ktmin\",\"image\":{\"@type\":\"ImageObject\",\"inLanguage\":\"sq-AL\",\"@id\":\"https:\\\/\\\/secure.gravatar.com\\\/avatar\\\/3985c961109853010c3fbc7ba30365bfba5db3dd6c525831d9c595c7525a615a?s=96&d=mm&r=g\",\"url\":\"https:\\\/\\\/secure.gravatar.com\\\/avatar\\\/3985c961109853010c3fbc7ba30365bfba5db3dd6c525831d9c595c7525a615a?s=96&d=mm&r=g\",\"contentUrl\":\"https:\\\/\\\/secure.gravatar.com\\\/avatar\\\/3985c961109853010c3fbc7ba30365bfba5db3dd6c525831d9c595c7525a615a?s=96&d=mm&r=g\",\"caption\":\"ktmin\"},\"sameAs\":[\"https:\\\/\\\/kt.gov.rs\"],\"url\":\"https:\\\/\\\/kt.gov.rs\\\/sq\\\/author\\\/ktmin\\\/\"}]}<\/script>\n<!-- \/ Yoast SEO plugin. -->","yoast_head_json":{"title":"MB\u00cbSHTETJA E PROGRAMIT T\u00cb PRAKTIK\u00cbS - Republika e S\u00ebrbis\u00eb Trupi Koordinues p\u00ebr komunat Bujanoc, Preshev\u00eb dhe Medvegj\u00eb","robots":{"index":"index","follow":"follow","max-snippet":"max-snippet:-1","max-image-preview":"max-image-preview:large","max-video-preview":"max-video-preview:-1"},"canonical":"https:\/\/kt.gov.rs\/sq\/mbeshtetja-e-programit-te-praktikes\/","og_locale":"sq_AL","og_type":"article","og_title":"MB\u00cbSHTETJA E PROGRAMIT T\u00cb PRAKTIK\u00cbS - Republika e S\u00ebrbis\u00eb Trupi Koordinues p\u00ebr komunat Bujanoc, Preshev\u00eb dhe Medvegj\u00eb","og_description":"Sh\u00ebrbimi i Trupit Koordinues i Qeveris\u00eb s\u00eb Republik\u00ebs s\u00eb Serbis\u00eb p\u00ebr komunat Preshev\u00eb, Bujanoc dhe Medvegj\u00eb edhe k\u00ebt\u00eb vit\u00eb mb\u00ebshtet realizimin e projektit \u201cProgrami p\u00ebr praktikant\u00eb t\u00eb rinj\u00eb \u2013 pjestar\u00eb t\u00eb pakicave, n\u00eb institucionet shtet\u00ebrore t\u00eb S\u00ebrbis\u00eb\u201c t\u00eb cilin e implementon\u00a0 Zyra p\u00ebr t\u00eb drejtat e njeriut dhe t\u00eb pakicave.","og_url":"https:\/\/kt.gov.rs\/sq\/mbeshtetja-e-programit-te-praktikes\/","og_site_name":"Republika e S\u00ebrbis\u00eb Trupi Koordinues p\u00ebr komunat Bujanoc, Preshev\u00eb dhe Medvegj\u00eb","article_publisher":"https:\/\/www.facebook.com\/SluzbaKoordinacionogTelaVladeRepublikeSrbije","article_published_time":"2013-11-20T00:00:00+00:00","article_modified_time":"2024-07-30T20:14:18+00:00","og_image":[{"width":640,"height":360,"url":"https:\/\/kt.gov.rs\/wp-content\/uploads\/2024\/07\/newspic346vv-5.jpg","type":"image\/jpeg"}],"author":"ktmin","twitter_card":"summary_large_image","twitter_creator":"@kt_gov","twitter_site":"@kt_gov","twitter_misc":{"Written by":"ktmin","Est. reading time":"3 minutes"},"schema":{"@context":"https:\/\/schema.org","@graph":[{"@type":"Article","@id":"https:\/\/kt.gov.rs\/sq\/mbeshtetja-e-programit-te-praktikes\/#article","isPartOf":{"@id":"https:\/\/kt.gov.rs\/sq\/mbeshtetja-e-programit-te-praktikes\/"},"author":{"name":"ktmin","@id":"https:\/\/kt.gov.rs\/#\/schema\/person\/e426459ddb4173309103390602694571"},"headline":"MB\u00cbSHTETJA E PROGRAMIT T\u00cb PRAKTIK\u00cbS","datePublished":"2013-11-20T00:00:00+00:00","dateModified":"2024-07-30T20:14:18+00:00","mainEntityOfPage":{"@id":"https:\/\/kt.gov.rs\/sq\/mbeshtetja-e-programit-te-praktikes\/"},"wordCount":512,"publisher":{"@id":"https:\/\/kt.gov.rs\/#organization"},"image":{"@id":"https:\/\/kt.gov.rs\/sq\/mbeshtetja-e-programit-te-praktikes\/#primaryimage"},"thumbnailUrl":"https:\/\/kt.gov.rs\/wp-content\/uploads\/2024\/07\/newspic346vv-5.jpg","articleSection":["Lajme"],"inLanguage":"sq-AL"},{"@type":"WebPage","@id":"https:\/\/kt.gov.rs\/sq\/mbeshtetja-e-programit-te-praktikes\/","url":"https:\/\/kt.gov.rs\/sq\/mbeshtetja-e-programit-te-praktikes\/","name":"MB\u00cbSHTETJA E PROGRAMIT T\u00cb PRAKTIK\u00cbS - Republika e S\u00ebrbis\u00eb Trupi Koordinues p\u00ebr komunat Bujanoc, Preshev\u00eb dhe Medvegj\u00eb","isPartOf":{"@id":"https:\/\/kt.gov.rs\/#website"},"primaryImageOfPage":{"@id":"https:\/\/kt.gov.rs\/sq\/mbeshtetja-e-programit-te-praktikes\/#primaryimage"},"image":{"@id":"https:\/\/kt.gov.rs\/sq\/mbeshtetja-e-programit-te-praktikes\/#primaryimage"},"thumbnailUrl":"https:\/\/kt.gov.rs\/wp-content\/uploads\/2024\/07\/newspic346vv-5.jpg","datePublished":"2013-11-20T00:00:00+00:00","dateModified":"2024-07-30T20:14:18+00:00","breadcrumb":{"@id":"https:\/\/kt.gov.rs\/sq\/mbeshtetja-e-programit-te-praktikes\/#breadcrumb"},"inLanguage":"sq-AL","potentialAction":[{"@type":"ReadAction","target":["https:\/\/kt.gov.rs\/sq\/mbeshtetja-e-programit-te-praktikes\/"]}]},{"@type":"ImageObject","inLanguage":"sq-AL","@id":"https:\/\/kt.gov.rs\/sq\/mbeshtetja-e-programit-te-praktikes\/#primaryimage","url":"https:\/\/kt.gov.rs\/wp-content\/uploads\/2024\/07\/newspic346vv-5.jpg","contentUrl":"https:\/\/kt.gov.rs\/wp-content\/uploads\/2024\/07\/newspic346vv-5.jpg","width":640,"height":360},{"@type":"BreadcrumbList","@id":"https:\/\/kt.gov.rs\/sq\/mbeshtetja-e-programit-te-praktikes\/#breadcrumb","itemListElement":[{"@type":"ListItem","position":1,"name":"\u041f\u043e\u0447\u0435\u0442\u043d\u0430","item":"https:\/\/kt.gov.rs\/sq\/"},{"@type":"ListItem","position":2,"name":"MB\u00cbSHTETJA E PROGRAMIT T\u00cb PRAKTIK\u00cbS"}]},{"@type":"WebSite","@id":"https:\/\/kt.gov.rs\/#website","url":"https:\/\/kt.gov.rs\/","name":"\u041a\u043e\u043e\u0440\u0434\u0438\u043d\u0430\u0446\u0438\u043e\u043d\u043e \u0442\u0435\u043b\u043e \u0412\u043b\u0430\u0434\u0435 \u0420\u0435\u043f\u0443\u0431\u043b\u0438\u043a\u0435 \u0421\u0440\u0431\u0438\u0458\u0435 \u0437\u0430 \u043e\u043f\u0448\u0442\u0438\u043d\u0435 \u041f\u0440\u0435\u0448\u0435\u0432\u043e, \u0411\u0443\u0458\u0430\u043d\u043e\u0432\u0430\u0446 \u0438 \u041c\u0435\u0434\u0432\u0435\u0452a","description":"","publisher":{"@id":"https:\/\/kt.gov.rs\/#organization"},"alternateName":"\u041a\u043e\u043e\u0440\u0434\u0438\u043d\u0430\u0446\u0438\u043e\u043d\u043e \u0442\u0435\u043b\u043e","potentialAction":[{"@type":"SearchAction","target":{"@type":"EntryPoint","urlTemplate":"https:\/\/kt.gov.rs\/?s={search_term_string}"},"query-input":{"@type":"PropertyValueSpecification","valueRequired":true,"valueName":"search_term_string"}}],"inLanguage":"sq-AL"},{"@type":"Organization","@id":"https:\/\/kt.gov.rs\/#organization","name":"\u041a\u043e\u043e\u0440\u0434\u0438\u043d\u0430\u0446\u0438\u043e\u043d\u043e \u0442\u0435\u043b\u043e \u0412\u043b\u0430\u0434\u0435 \u0420\u0435\u043f\u0443\u0431\u043b\u0438\u043a\u0435 \u0421\u0440\u0431\u0438\u0458\u0435 \u0437\u0430 \u043e\u043f\u0448\u0442\u0438\u043d\u0435 \u041f\u0440\u0435\u0448\u0435\u0432\u043e, \u0411\u0443\u0458\u0430\u043d\u043e\u0432\u0430\u0446 \u0438 \u041c\u0435\u0434\u0432\u0435\u0452a","alternateName":"\u041a\u043e\u043e\u0440\u0434\u0438\u043d\u0430\u0446\u0438\u043e\u043d\u043e \u0442\u0435\u043b\u043e","url":"https:\/\/kt.gov.rs\/","logo":{"@type":"ImageObject","inLanguage":"sq-AL","@id":"https:\/\/kt.gov.rs\/#\/schema\/logo\/image\/","url":"https:\/\/kt.gov.rs\/wp-content\/uploads\/2024\/12\/koord2.jpg","contentUrl":"https:\/\/kt.gov.rs\/wp-content\/uploads\/2024\/12\/koord2.jpg","width":640,"height":480,"caption":"\u041a\u043e\u043e\u0440\u0434\u0438\u043d\u0430\u0446\u0438\u043e\u043d\u043e \u0442\u0435\u043b\u043e \u0412\u043b\u0430\u0434\u0435 \u0420\u0435\u043f\u0443\u0431\u043b\u0438\u043a\u0435 \u0421\u0440\u0431\u0438\u0458\u0435 \u0437\u0430 \u043e\u043f\u0448\u0442\u0438\u043d\u0435 \u041f\u0440\u0435\u0448\u0435\u0432\u043e, \u0411\u0443\u0458\u0430\u043d\u043e\u0432\u0430\u0446 \u0438 \u041c\u0435\u0434\u0432\u0435\u0452a"},"image":{"@id":"https:\/\/kt.gov.rs\/#\/schema\/logo\/image\/"},"sameAs":["https:\/\/www.facebook.com\/SluzbaKoordinacionogTelaVladeRepublikeSrbije","https:\/\/x.com\/kt_gov","https:\/\/www.youtube.com\/@koordinacionotelo"]},{"@type":"Person","@id":"https:\/\/kt.gov.rs\/#\/schema\/person\/e426459ddb4173309103390602694571","name":"ktmin","image":{"@type":"ImageObject","inLanguage":"sq-AL","@id":"https:\/\/secure.gravatar.com\/avatar\/3985c961109853010c3fbc7ba30365bfba5db3dd6c525831d9c595c7525a615a?s=96&d=mm&r=g","url":"https:\/\/secure.gravatar.com\/avatar\/3985c961109853010c3fbc7ba30365bfba5db3dd6c525831d9c595c7525a615a?s=96&d=mm&r=g","contentUrl":"https:\/\/secure.gravatar.com\/avatar\/3985c961109853010c3fbc7ba30365bfba5db3dd6c525831d9c595c7525a615a?s=96&d=mm&r=g","caption":"ktmin"},"sameAs":["https:\/\/kt.gov.rs"],"url":"https:\/\/kt.gov.rs\/sq\/author\/ktmin\/"}]}},"_links":{"self":[{"href":"https:\/\/kt.gov.rs\/sq\/wp-json\/wp\/v2\/posts\/140038","targetHints":{"allow":["GET"]}}],"collection":[{"href":"https:\/\/kt.gov.rs\/sq\/wp-json\/wp\/v2\/posts"}],"about":[{"href":"https:\/\/kt.gov.rs\/sq\/wp-json\/wp\/v2\/types\/post"}],"author":[{"embeddable":true,"href":"https:\/\/kt.gov.rs\/sq\/wp-json\/wp\/v2\/users\/1"}],"replies":[{"embeddable":true,"href":"https:\/\/kt.gov.rs\/sq\/wp-json\/wp\/v2\/comments?post=140038"}],"version-history":[{"count":1,"href":"https:\/\/kt.gov.rs\/sq\/wp-json\/wp\/v2\/posts\/140038\/revisions"}],"predecessor-version":[{"id":140042,"href":"https:\/\/kt.gov.rs\/sq\/wp-json\/wp\/v2\/posts\/140038\/revisions\/140042"}],"wp:featuredmedia":[{"embeddable":true,"href":"https:\/\/kt.gov.rs\/sq\/wp-json\/wp\/v2\/media\/140043"}],"wp:attachment":[{"href":"https:\/\/kt.gov.rs\/sq\/wp-json\/wp\/v2\/media?parent=140038"}],"wp:term":[{"taxonomy":"category","embeddable":true,"href":"https:\/\/kt.gov.rs\/sq\/wp-json\/wp\/v2\/categories?post=140038"},{"taxonomy":"post_tag","embeddable":true,"href":"https:\/\/kt.gov.rs\/sq\/wp-json\/wp\/v2\/tags?post=140038"}],"curies":[{"name":"wp","href":"https:\/\/api.w.org\/{rel}","templated":true}]}}