{"id":140014,"date":"2013-11-22T00:00:00","date_gmt":"2013-11-22T00:00:00","guid":{"rendered":"http:\/\/kt.printandscreen.rs\/nevena-petrushiq-ne-jug-te-serbise\/"},"modified":"2024-07-30T20:14:15","modified_gmt":"2024-07-30T20:14:15","slug":"nevena-petrushiq-ne-jug-te-serbise","status":"publish","type":"post","link":"https:\/\/kt.gov.rs\/sq\/nevena-petrushiq-ne-jug-te-serbise\/","title":{"rendered":"NEVENA PETRUSHIQ N\u00cb JUG T\u00cb S\u00cbRBIS\u00cb"},"content":{"rendered":"<p>\n\t<strong><img decoding=\"async\" alt=\"\" src=\"https:\/\/kt.gov.rs\/wp-content\/uploads\/2024\/07\/newspic349v-4.jpg\" style=\"width: 315px; height: 220px; float: left;\" \/>Vranje\/Bujanoc \u2013 <\/strong>Nevena Petrushiq Komisionerja p\u00ebr mbrojtjen e barazis gjinore, ka qen\u00eb n\u00eb nj\u00eb vizit dy ditore n\u00eb jug t\u00eb S\u00ebrbis\u00eb. N\u00eb sall\u00ebn e madhe t\u00eb Kuvendit t\u00eb qytetit t\u00eb Vranj\u00ebs \u00ebsht\u00eb mbajtur tryez e rrumbullak\u00ebt n\u00ebn moton \u201cKomisioneri p\u00ebr mbrojtjen e barazis gjinore dhe diskriminimi i femr\u00ebs\u201d.<\/p>\n<p>\n\tN\u00eb baz\u00eb t\u00eb vizit\u00ebs n\u00eb Vranj\u00eb institucioni i Komisionerit ka organizuar prezentim, mandati dhe m\u00ebnyra e pun\u00ebs t\u00eb Komesariatit p\u00ebr institucionet dhe organizata p\u00ebrgjegja p\u00ebr mbrojtjen dhe reagimin n\u00eb raste t\u00eb l\u00ebndimit t\u00eb s\u00eb drejt\u00ebs n\u00eb barazi gjinore. N\u00eb takim ka qen\u00eb fjala p\u00ebr pozit\u00ebn e gruas n\u00eb S\u00ebrbi, m\u00ebnyr\u00ebn se si munden grate t\u00eb ken\u00eb t\u00eb drejtat e veta , ve\u00e7anarisht n\u00eb rolin t\u00eb Komisionerit n\u00eb k\u00ebt\u00eb proces. Komesionerja n\u00eb kuad\u00ebr t\u00eb vizit\u00ebs n\u00eb Vranje, \u00ebsht\u00eb takuar me femrat nga organizata joqeveritare dhe me femrat nga zonat rurale dhe ka biseduar me ato p\u00ebr nevojat e tyre dhe problemet e tyre si dhe m\u00ebnyr\u00ebn n\u00eb t\u00eb ci\u00ebn institucino i Komisionerit mundtet t\u00eb i ndihmoj\u00eb.\u00a0 \u00a0\u00a0<\/p>\n<p>\n\tKomisionerja ka vitituar edhe komun\u00ebn e Bujanocit, ku \u00ebsht\u00eb takuar me p\u00ebrfaqsuesit e institucioneve dhe organizatave dhe ka prezentuar m\u00ebnyr\u00ebn e pun\u00ebs dhe kompetencat e institucionit t\u00eb Komisionerit p\u00ebr mbrojtjen e barazis gjinore.<\/p>\n<p>\n\t<strong>Burimi: Jugmedia dhe Trupi koordinues<\/strong><\/p>\n<p>\n\t\u00a0<\/p>\n","protected":false},"excerpt":{"rendered":"<p>Vranje\/Bujanoc \u2013 Nevena Petrushiq Komisionerja p\u00ebr mbrojtjen e barazis gjinore, ka qen\u00eb n\u00eb nj\u00eb vizit dy ditore n\u00eb jug t\u00eb S\u00ebrbis\u00eb. N\u00eb sall\u00ebn e madhe t\u00eb Kuvendit t\u00eb qytetit t\u00eb Vranj\u00ebs \u00ebsht\u00eb mbajtur tryez e rrumbullak\u00ebt n\u00ebn moton \u201cKomisioneri p\u00ebr mbrojtjen e barazis gjinore dhe diskriminimi i femr\u00ebs\u201d.<\/p>\n","protected":false},"author":1,"featured_media":140019,"comment_status":"closed","ping_status":"closed","sticky":false,"template":"","format":"standard","meta":{"footnotes":""},"categories":[55],"tags":[],"class_list":["post-140014","post","type-post","status-publish","format-standard","has-post-thumbnail","hentry","category-lajme"],"yoast_head":"<!-- This site is optimized with the Yoast SEO plugin v27.5 - https:\/\/yoast.com\/product\/yoast-seo-wordpress\/ -->\n<title>NEVENA PETRUSHIQ N\u00cb JUG T\u00cb S\u00cbRBIS\u00cb - Republika e S\u00ebrbis\u00eb Trupi Koordinues p\u00ebr komunat Bujanoc, Preshev\u00eb dhe Medvegj\u00eb<\/title>\n<meta name=\"robots\" content=\"index, follow, max-snippet:-1, max-image-preview:large, max-video-preview:-1\" \/>\n<link rel=\"canonical\" href=\"https:\/\/kt.gov.rs\/sq\/nevena-petrushiq-ne-jug-te-serbise\/\" \/>\n<meta property=\"og:locale\" content=\"sq_AL\" \/>\n<meta property=\"og:type\" content=\"article\" \/>\n<meta property=\"og:title\" content=\"NEVENA PETRUSHIQ N\u00cb JUG T\u00cb S\u00cbRBIS\u00cb - Republika e S\u00ebrbis\u00eb Trupi Koordinues p\u00ebr komunat Bujanoc, Preshev\u00eb dhe Medvegj\u00eb\" \/>\n<meta property=\"og:description\" content=\"Vranje\/Bujanoc \u2013 Nevena Petrushiq Komisionerja p\u00ebr mbrojtjen e barazis gjinore, ka qen\u00eb n\u00eb nj\u00eb vizit dy ditore n\u00eb jug t\u00eb S\u00ebrbis\u00eb. N\u00eb sall\u00ebn e madhe t\u00eb Kuvendit t\u00eb qytetit t\u00eb Vranj\u00ebs \u00ebsht\u00eb mbajtur tryez e rrumbullak\u00ebt n\u00ebn moton \u201cKomisioneri p\u00ebr mbrojtjen e barazis gjinore dhe diskriminimi i femr\u00ebs\u201d.\" \/>\n<meta property=\"og:url\" content=\"https:\/\/kt.gov.rs\/sq\/nevena-petrushiq-ne-jug-te-serbise\/\" \/>\n<meta property=\"og:site_name\" content=\"Republika e S\u00ebrbis\u00eb Trupi Koordinues p\u00ebr komunat Bujanoc, Preshev\u00eb dhe Medvegj\u00eb\" \/>\n<meta property=\"article:publisher\" content=\"https:\/\/www.facebook.com\/SluzbaKoordinacionogTelaVladeRepublikeSrbije\" \/>\n<meta property=\"article:published_time\" content=\"2013-11-22T00:00:00+00:00\" \/>\n<meta property=\"article:modified_time\" content=\"2024-07-30T20:14:15+00:00\" \/>\n<meta property=\"og:image\" content=\"https:\/\/kt.gov.rs\/wp-content\/uploads\/2024\/07\/newspic349v-5.jpg\" \/>\n\t<meta property=\"og:image:width\" content=\"315\" \/>\n\t<meta property=\"og:image:height\" content=\"220\" \/>\n\t<meta property=\"og:image:type\" content=\"image\/jpeg\" \/>\n<meta name=\"author\" content=\"ktmin\" \/>\n<meta name=\"twitter:card\" content=\"summary_large_image\" \/>\n<meta name=\"twitter:creator\" content=\"@kt_gov\" \/>\n<meta name=\"twitter:site\" content=\"@kt_gov\" \/>\n<meta name=\"twitter:label1\" content=\"Written by\" \/>\n\t<meta name=\"twitter:data1\" content=\"ktmin\" \/>\n\t<meta name=\"twitter:label2\" content=\"Est. reading time\" \/>\n\t<meta name=\"twitter:data2\" content=\"2 minutes\" \/>\n<script type=\"application\/ld+json\" class=\"yoast-schema-graph\">{\"@context\":\"https:\\\/\\\/schema.org\",\"@graph\":[{\"@type\":\"Article\",\"@id\":\"https:\\\/\\\/kt.gov.rs\\\/sq\\\/nevena-petrushiq-ne-jug-te-serbise\\\/#article\",\"isPartOf\":{\"@id\":\"https:\\\/\\\/kt.gov.rs\\\/sq\\\/nevena-petrushiq-ne-jug-te-serbise\\\/\"},\"author\":{\"name\":\"ktmin\",\"@id\":\"https:\\\/\\\/kt.gov.rs\\\/#\\\/schema\\\/person\\\/e426459ddb4173309103390602694571\"},\"headline\":\"NEVENA PETRUSHIQ N\u00cb JUG T\u00cb S\u00cbRBIS\u00cb\",\"datePublished\":\"2013-11-22T00:00:00+00:00\",\"dateModified\":\"2024-07-30T20:14:15+00:00\",\"mainEntityOfPage\":{\"@id\":\"https:\\\/\\\/kt.gov.rs\\\/sq\\\/nevena-petrushiq-ne-jug-te-serbise\\\/\"},\"wordCount\":329,\"publisher\":{\"@id\":\"https:\\\/\\\/kt.gov.rs\\\/#organization\"},\"image\":{\"@id\":\"https:\\\/\\\/kt.gov.rs\\\/sq\\\/nevena-petrushiq-ne-jug-te-serbise\\\/#primaryimage\"},\"thumbnailUrl\":\"https:\\\/\\\/kt.gov.rs\\\/wp-content\\\/uploads\\\/2024\\\/07\\\/newspic349v-5.jpg\",\"articleSection\":[\"Lajme\"],\"inLanguage\":\"sq-AL\"},{\"@type\":\"WebPage\",\"@id\":\"https:\\\/\\\/kt.gov.rs\\\/sq\\\/nevena-petrushiq-ne-jug-te-serbise\\\/\",\"url\":\"https:\\\/\\\/kt.gov.rs\\\/sq\\\/nevena-petrushiq-ne-jug-te-serbise\\\/\",\"name\":\"NEVENA PETRUSHIQ N\u00cb JUG T\u00cb S\u00cbRBIS\u00cb - Republika e S\u00ebrbis\u00eb Trupi Koordinues p\u00ebr komunat Bujanoc, Preshev\u00eb dhe Medvegj\u00eb\",\"isPartOf\":{\"@id\":\"https:\\\/\\\/kt.gov.rs\\\/#website\"},\"primaryImageOfPage\":{\"@id\":\"https:\\\/\\\/kt.gov.rs\\\/sq\\\/nevena-petrushiq-ne-jug-te-serbise\\\/#primaryimage\"},\"image\":{\"@id\":\"https:\\\/\\\/kt.gov.rs\\\/sq\\\/nevena-petrushiq-ne-jug-te-serbise\\\/#primaryimage\"},\"thumbnailUrl\":\"https:\\\/\\\/kt.gov.rs\\\/wp-content\\\/uploads\\\/2024\\\/07\\\/newspic349v-5.jpg\",\"datePublished\":\"2013-11-22T00:00:00+00:00\",\"dateModified\":\"2024-07-30T20:14:15+00:00\",\"breadcrumb\":{\"@id\":\"https:\\\/\\\/kt.gov.rs\\\/sq\\\/nevena-petrushiq-ne-jug-te-serbise\\\/#breadcrumb\"},\"inLanguage\":\"sq-AL\",\"potentialAction\":[{\"@type\":\"ReadAction\",\"target\":[\"https:\\\/\\\/kt.gov.rs\\\/sq\\\/nevena-petrushiq-ne-jug-te-serbise\\\/\"]}]},{\"@type\":\"ImageObject\",\"inLanguage\":\"sq-AL\",\"@id\":\"https:\\\/\\\/kt.gov.rs\\\/sq\\\/nevena-petrushiq-ne-jug-te-serbise\\\/#primaryimage\",\"url\":\"https:\\\/\\\/kt.gov.rs\\\/wp-content\\\/uploads\\\/2024\\\/07\\\/newspic349v-5.jpg\",\"contentUrl\":\"https:\\\/\\\/kt.gov.rs\\\/wp-content\\\/uploads\\\/2024\\\/07\\\/newspic349v-5.jpg\",\"width\":315,\"height\":220},{\"@type\":\"BreadcrumbList\",\"@id\":\"https:\\\/\\\/kt.gov.rs\\\/sq\\\/nevena-petrushiq-ne-jug-te-serbise\\\/#breadcrumb\",\"itemListElement\":[{\"@type\":\"ListItem\",\"position\":1,\"name\":\"\u041f\u043e\u0447\u0435\u0442\u043d\u0430\",\"item\":\"https:\\\/\\\/kt.gov.rs\\\/sq\\\/\"},{\"@type\":\"ListItem\",\"position\":2,\"name\":\"NEVENA PETRUSHIQ N\u00cb JUG T\u00cb S\u00cbRBIS\u00cb\"}]},{\"@type\":\"WebSite\",\"@id\":\"https:\\\/\\\/kt.gov.rs\\\/#website\",\"url\":\"https:\\\/\\\/kt.gov.rs\\\/\",\"name\":\"\u041a\u043e\u043e\u0440\u0434\u0438\u043d\u0430\u0446\u0438\u043e\u043d\u043e \u0442\u0435\u043b\u043e \u0412\u043b\u0430\u0434\u0435 \u0420\u0435\u043f\u0443\u0431\u043b\u0438\u043a\u0435 \u0421\u0440\u0431\u0438\u0458\u0435 \u0437\u0430 \u043e\u043f\u0448\u0442\u0438\u043d\u0435 \u041f\u0440\u0435\u0448\u0435\u0432\u043e, \u0411\u0443\u0458\u0430\u043d\u043e\u0432\u0430\u0446 \u0438 \u041c\u0435\u0434\u0432\u0435\u0452a\",\"description\":\"\",\"publisher\":{\"@id\":\"https:\\\/\\\/kt.gov.rs\\\/#organization\"},\"alternateName\":\"\u041a\u043e\u043e\u0440\u0434\u0438\u043d\u0430\u0446\u0438\u043e\u043d\u043e \u0442\u0435\u043b\u043e\",\"potentialAction\":[{\"@type\":\"SearchAction\",\"target\":{\"@type\":\"EntryPoint\",\"urlTemplate\":\"https:\\\/\\\/kt.gov.rs\\\/?s={search_term_string}\"},\"query-input\":{\"@type\":\"PropertyValueSpecification\",\"valueRequired\":true,\"valueName\":\"search_term_string\"}}],\"inLanguage\":\"sq-AL\"},{\"@type\":\"Organization\",\"@id\":\"https:\\\/\\\/kt.gov.rs\\\/#organization\",\"name\":\"\u041a\u043e\u043e\u0440\u0434\u0438\u043d\u0430\u0446\u0438\u043e\u043d\u043e \u0442\u0435\u043b\u043e \u0412\u043b\u0430\u0434\u0435 \u0420\u0435\u043f\u0443\u0431\u043b\u0438\u043a\u0435 \u0421\u0440\u0431\u0438\u0458\u0435 \u0437\u0430 \u043e\u043f\u0448\u0442\u0438\u043d\u0435 \u041f\u0440\u0435\u0448\u0435\u0432\u043e, \u0411\u0443\u0458\u0430\u043d\u043e\u0432\u0430\u0446 \u0438 \u041c\u0435\u0434\u0432\u0435\u0452a\",\"alternateName\":\"\u041a\u043e\u043e\u0440\u0434\u0438\u043d\u0430\u0446\u0438\u043e\u043d\u043e \u0442\u0435\u043b\u043e\",\"url\":\"https:\\\/\\\/kt.gov.rs\\\/\",\"logo\":{\"@type\":\"ImageObject\",\"inLanguage\":\"sq-AL\",\"@id\":\"https:\\\/\\\/kt.gov.rs\\\/#\\\/schema\\\/logo\\\/image\\\/\",\"url\":\"https:\\\/\\\/kt.gov.rs\\\/wp-content\\\/uploads\\\/2024\\\/12\\\/koord2.jpg\",\"contentUrl\":\"https:\\\/\\\/kt.gov.rs\\\/wp-content\\\/uploads\\\/2024\\\/12\\\/koord2.jpg\",\"width\":640,\"height\":480,\"caption\":\"\u041a\u043e\u043e\u0440\u0434\u0438\u043d\u0430\u0446\u0438\u043e\u043d\u043e \u0442\u0435\u043b\u043e \u0412\u043b\u0430\u0434\u0435 \u0420\u0435\u043f\u0443\u0431\u043b\u0438\u043a\u0435 \u0421\u0440\u0431\u0438\u0458\u0435 \u0437\u0430 \u043e\u043f\u0448\u0442\u0438\u043d\u0435 \u041f\u0440\u0435\u0448\u0435\u0432\u043e, \u0411\u0443\u0458\u0430\u043d\u043e\u0432\u0430\u0446 \u0438 \u041c\u0435\u0434\u0432\u0435\u0452a\"},\"image\":{\"@id\":\"https:\\\/\\\/kt.gov.rs\\\/#\\\/schema\\\/logo\\\/image\\\/\"},\"sameAs\":[\"https:\\\/\\\/www.facebook.com\\\/SluzbaKoordinacionogTelaVladeRepublikeSrbije\",\"https:\\\/\\\/x.com\\\/kt_gov\",\"https:\\\/\\\/www.youtube.com\\\/@koordinacionotelo\"]},{\"@type\":\"Person\",\"@id\":\"https:\\\/\\\/kt.gov.rs\\\/#\\\/schema\\\/person\\\/e426459ddb4173309103390602694571\",\"name\":\"ktmin\",\"image\":{\"@type\":\"ImageObject\",\"inLanguage\":\"sq-AL\",\"@id\":\"https:\\\/\\\/secure.gravatar.com\\\/avatar\\\/3985c961109853010c3fbc7ba30365bfba5db3dd6c525831d9c595c7525a615a?s=96&d=mm&r=g\",\"url\":\"https:\\\/\\\/secure.gravatar.com\\\/avatar\\\/3985c961109853010c3fbc7ba30365bfba5db3dd6c525831d9c595c7525a615a?s=96&d=mm&r=g\",\"contentUrl\":\"https:\\\/\\\/secure.gravatar.com\\\/avatar\\\/3985c961109853010c3fbc7ba30365bfba5db3dd6c525831d9c595c7525a615a?s=96&d=mm&r=g\",\"caption\":\"ktmin\"},\"sameAs\":[\"https:\\\/\\\/kt.gov.rs\"],\"url\":\"https:\\\/\\\/kt.gov.rs\\\/sq\\\/author\\\/ktmin\\\/\"}]}<\/script>\n<!-- \/ Yoast SEO plugin. -->","yoast_head_json":{"title":"NEVENA PETRUSHIQ N\u00cb JUG T\u00cb S\u00cbRBIS\u00cb - Republika e S\u00ebrbis\u00eb Trupi Koordinues p\u00ebr komunat Bujanoc, Preshev\u00eb dhe Medvegj\u00eb","robots":{"index":"index","follow":"follow","max-snippet":"max-snippet:-1","max-image-preview":"max-image-preview:large","max-video-preview":"max-video-preview:-1"},"canonical":"https:\/\/kt.gov.rs\/sq\/nevena-petrushiq-ne-jug-te-serbise\/","og_locale":"sq_AL","og_type":"article","og_title":"NEVENA PETRUSHIQ N\u00cb JUG T\u00cb S\u00cbRBIS\u00cb - Republika e S\u00ebrbis\u00eb Trupi Koordinues p\u00ebr komunat Bujanoc, Preshev\u00eb dhe Medvegj\u00eb","og_description":"Vranje\/Bujanoc \u2013 Nevena Petrushiq Komisionerja p\u00ebr mbrojtjen e barazis gjinore, ka qen\u00eb n\u00eb nj\u00eb vizit dy ditore n\u00eb jug t\u00eb S\u00ebrbis\u00eb. N\u00eb sall\u00ebn e madhe t\u00eb Kuvendit t\u00eb qytetit t\u00eb Vranj\u00ebs \u00ebsht\u00eb mbajtur tryez e rrumbullak\u00ebt n\u00ebn moton \u201cKomisioneri p\u00ebr mbrojtjen e barazis gjinore dhe diskriminimi i femr\u00ebs\u201d.","og_url":"https:\/\/kt.gov.rs\/sq\/nevena-petrushiq-ne-jug-te-serbise\/","og_site_name":"Republika e S\u00ebrbis\u00eb Trupi Koordinues p\u00ebr komunat Bujanoc, Preshev\u00eb dhe Medvegj\u00eb","article_publisher":"https:\/\/www.facebook.com\/SluzbaKoordinacionogTelaVladeRepublikeSrbije","article_published_time":"2013-11-22T00:00:00+00:00","article_modified_time":"2024-07-30T20:14:15+00:00","og_image":[{"width":315,"height":220,"url":"https:\/\/kt.gov.rs\/wp-content\/uploads\/2024\/07\/newspic349v-5.jpg","type":"image\/jpeg"}],"author":"ktmin","twitter_card":"summary_large_image","twitter_creator":"@kt_gov","twitter_site":"@kt_gov","twitter_misc":{"Written by":"ktmin","Est. reading time":"2 minutes"},"schema":{"@context":"https:\/\/schema.org","@graph":[{"@type":"Article","@id":"https:\/\/kt.gov.rs\/sq\/nevena-petrushiq-ne-jug-te-serbise\/#article","isPartOf":{"@id":"https:\/\/kt.gov.rs\/sq\/nevena-petrushiq-ne-jug-te-serbise\/"},"author":{"name":"ktmin","@id":"https:\/\/kt.gov.rs\/#\/schema\/person\/e426459ddb4173309103390602694571"},"headline":"NEVENA PETRUSHIQ N\u00cb JUG T\u00cb S\u00cbRBIS\u00cb","datePublished":"2013-11-22T00:00:00+00:00","dateModified":"2024-07-30T20:14:15+00:00","mainEntityOfPage":{"@id":"https:\/\/kt.gov.rs\/sq\/nevena-petrushiq-ne-jug-te-serbise\/"},"wordCount":329,"publisher":{"@id":"https:\/\/kt.gov.rs\/#organization"},"image":{"@id":"https:\/\/kt.gov.rs\/sq\/nevena-petrushiq-ne-jug-te-serbise\/#primaryimage"},"thumbnailUrl":"https:\/\/kt.gov.rs\/wp-content\/uploads\/2024\/07\/newspic349v-5.jpg","articleSection":["Lajme"],"inLanguage":"sq-AL"},{"@type":"WebPage","@id":"https:\/\/kt.gov.rs\/sq\/nevena-petrushiq-ne-jug-te-serbise\/","url":"https:\/\/kt.gov.rs\/sq\/nevena-petrushiq-ne-jug-te-serbise\/","name":"NEVENA PETRUSHIQ N\u00cb JUG T\u00cb S\u00cbRBIS\u00cb - Republika e S\u00ebrbis\u00eb Trupi Koordinues p\u00ebr komunat Bujanoc, Preshev\u00eb dhe Medvegj\u00eb","isPartOf":{"@id":"https:\/\/kt.gov.rs\/#website"},"primaryImageOfPage":{"@id":"https:\/\/kt.gov.rs\/sq\/nevena-petrushiq-ne-jug-te-serbise\/#primaryimage"},"image":{"@id":"https:\/\/kt.gov.rs\/sq\/nevena-petrushiq-ne-jug-te-serbise\/#primaryimage"},"thumbnailUrl":"https:\/\/kt.gov.rs\/wp-content\/uploads\/2024\/07\/newspic349v-5.jpg","datePublished":"2013-11-22T00:00:00+00:00","dateModified":"2024-07-30T20:14:15+00:00","breadcrumb":{"@id":"https:\/\/kt.gov.rs\/sq\/nevena-petrushiq-ne-jug-te-serbise\/#breadcrumb"},"inLanguage":"sq-AL","potentialAction":[{"@type":"ReadAction","target":["https:\/\/kt.gov.rs\/sq\/nevena-petrushiq-ne-jug-te-serbise\/"]}]},{"@type":"ImageObject","inLanguage":"sq-AL","@id":"https:\/\/kt.gov.rs\/sq\/nevena-petrushiq-ne-jug-te-serbise\/#primaryimage","url":"https:\/\/kt.gov.rs\/wp-content\/uploads\/2024\/07\/newspic349v-5.jpg","contentUrl":"https:\/\/kt.gov.rs\/wp-content\/uploads\/2024\/07\/newspic349v-5.jpg","width":315,"height":220},{"@type":"BreadcrumbList","@id":"https:\/\/kt.gov.rs\/sq\/nevena-petrushiq-ne-jug-te-serbise\/#breadcrumb","itemListElement":[{"@type":"ListItem","position":1,"name":"\u041f\u043e\u0447\u0435\u0442\u043d\u0430","item":"https:\/\/kt.gov.rs\/sq\/"},{"@type":"ListItem","position":2,"name":"NEVENA PETRUSHIQ N\u00cb JUG T\u00cb S\u00cbRBIS\u00cb"}]},{"@type":"WebSite","@id":"https:\/\/kt.gov.rs\/#website","url":"https:\/\/kt.gov.rs\/","name":"\u041a\u043e\u043e\u0440\u0434\u0438\u043d\u0430\u0446\u0438\u043e\u043d\u043e \u0442\u0435\u043b\u043e \u0412\u043b\u0430\u0434\u0435 \u0420\u0435\u043f\u0443\u0431\u043b\u0438\u043a\u0435 \u0421\u0440\u0431\u0438\u0458\u0435 \u0437\u0430 \u043e\u043f\u0448\u0442\u0438\u043d\u0435 \u041f\u0440\u0435\u0448\u0435\u0432\u043e, \u0411\u0443\u0458\u0430\u043d\u043e\u0432\u0430\u0446 \u0438 \u041c\u0435\u0434\u0432\u0435\u0452a","description":"","publisher":{"@id":"https:\/\/kt.gov.rs\/#organization"},"alternateName":"\u041a\u043e\u043e\u0440\u0434\u0438\u043d\u0430\u0446\u0438\u043e\u043d\u043e \u0442\u0435\u043b\u043e","potentialAction":[{"@type":"SearchAction","target":{"@type":"EntryPoint","urlTemplate":"https:\/\/kt.gov.rs\/?s={search_term_string}"},"query-input":{"@type":"PropertyValueSpecification","valueRequired":true,"valueName":"search_term_string"}}],"inLanguage":"sq-AL"},{"@type":"Organization","@id":"https:\/\/kt.gov.rs\/#organization","name":"\u041a\u043e\u043e\u0440\u0434\u0438\u043d\u0430\u0446\u0438\u043e\u043d\u043e \u0442\u0435\u043b\u043e \u0412\u043b\u0430\u0434\u0435 \u0420\u0435\u043f\u0443\u0431\u043b\u0438\u043a\u0435 \u0421\u0440\u0431\u0438\u0458\u0435 \u0437\u0430 \u043e\u043f\u0448\u0442\u0438\u043d\u0435 \u041f\u0440\u0435\u0448\u0435\u0432\u043e, \u0411\u0443\u0458\u0430\u043d\u043e\u0432\u0430\u0446 \u0438 \u041c\u0435\u0434\u0432\u0435\u0452a","alternateName":"\u041a\u043e\u043e\u0440\u0434\u0438\u043d\u0430\u0446\u0438\u043e\u043d\u043e \u0442\u0435\u043b\u043e","url":"https:\/\/kt.gov.rs\/","logo":{"@type":"ImageObject","inLanguage":"sq-AL","@id":"https:\/\/kt.gov.rs\/#\/schema\/logo\/image\/","url":"https:\/\/kt.gov.rs\/wp-content\/uploads\/2024\/12\/koord2.jpg","contentUrl":"https:\/\/kt.gov.rs\/wp-content\/uploads\/2024\/12\/koord2.jpg","width":640,"height":480,"caption":"\u041a\u043e\u043e\u0440\u0434\u0438\u043d\u0430\u0446\u0438\u043e\u043d\u043e \u0442\u0435\u043b\u043e \u0412\u043b\u0430\u0434\u0435 \u0420\u0435\u043f\u0443\u0431\u043b\u0438\u043a\u0435 \u0421\u0440\u0431\u0438\u0458\u0435 \u0437\u0430 \u043e\u043f\u0448\u0442\u0438\u043d\u0435 \u041f\u0440\u0435\u0448\u0435\u0432\u043e, \u0411\u0443\u0458\u0430\u043d\u043e\u0432\u0430\u0446 \u0438 \u041c\u0435\u0434\u0432\u0435\u0452a"},"image":{"@id":"https:\/\/kt.gov.rs\/#\/schema\/logo\/image\/"},"sameAs":["https:\/\/www.facebook.com\/SluzbaKoordinacionogTelaVladeRepublikeSrbije","https:\/\/x.com\/kt_gov","https:\/\/www.youtube.com\/@koordinacionotelo"]},{"@type":"Person","@id":"https:\/\/kt.gov.rs\/#\/schema\/person\/e426459ddb4173309103390602694571","name":"ktmin","image":{"@type":"ImageObject","inLanguage":"sq-AL","@id":"https:\/\/secure.gravatar.com\/avatar\/3985c961109853010c3fbc7ba30365bfba5db3dd6c525831d9c595c7525a615a?s=96&d=mm&r=g","url":"https:\/\/secure.gravatar.com\/avatar\/3985c961109853010c3fbc7ba30365bfba5db3dd6c525831d9c595c7525a615a?s=96&d=mm&r=g","contentUrl":"https:\/\/secure.gravatar.com\/avatar\/3985c961109853010c3fbc7ba30365bfba5db3dd6c525831d9c595c7525a615a?s=96&d=mm&r=g","caption":"ktmin"},"sameAs":["https:\/\/kt.gov.rs"],"url":"https:\/\/kt.gov.rs\/sq\/author\/ktmin\/"}]}},"_links":{"self":[{"href":"https:\/\/kt.gov.rs\/sq\/wp-json\/wp\/v2\/posts\/140014","targetHints":{"allow":["GET"]}}],"collection":[{"href":"https:\/\/kt.gov.rs\/sq\/wp-json\/wp\/v2\/posts"}],"about":[{"href":"https:\/\/kt.gov.rs\/sq\/wp-json\/wp\/v2\/types\/post"}],"author":[{"embeddable":true,"href":"https:\/\/kt.gov.rs\/sq\/wp-json\/wp\/v2\/users\/1"}],"replies":[{"embeddable":true,"href":"https:\/\/kt.gov.rs\/sq\/wp-json\/wp\/v2\/comments?post=140014"}],"version-history":[{"count":1,"href":"https:\/\/kt.gov.rs\/sq\/wp-json\/wp\/v2\/posts\/140014\/revisions"}],"predecessor-version":[{"id":140018,"href":"https:\/\/kt.gov.rs\/sq\/wp-json\/wp\/v2\/posts\/140014\/revisions\/140018"}],"wp:featuredmedia":[{"embeddable":true,"href":"https:\/\/kt.gov.rs\/sq\/wp-json\/wp\/v2\/media\/140019"}],"wp:attachment":[{"href":"https:\/\/kt.gov.rs\/sq\/wp-json\/wp\/v2\/media?parent=140014"}],"wp:term":[{"taxonomy":"category","embeddable":true,"href":"https:\/\/kt.gov.rs\/sq\/wp-json\/wp\/v2\/categories?post=140014"},{"taxonomy":"post_tag","embeddable":true,"href":"https:\/\/kt.gov.rs\/sq\/wp-json\/wp\/v2\/tags?post=140014"}],"curies":[{"name":"wp","href":"https:\/\/api.w.org\/{rel}","templated":true}]}}