{"id":139998,"date":"2013-11-26T00:00:00","date_gmt":"2013-11-26T00:00:00","guid":{"rendered":"http:\/\/kt.printandscreen.rs\/organizata-ndihme-femijeve-ndan-bursa-per-nxenesit-nga-jugu-i-serbise\/"},"modified":"2024-07-30T20:14:13","modified_gmt":"2024-07-30T20:14:13","slug":"organizata-ndihme-femijeve-ndan-bursa-per-nxenesit-nga-jugu-i-serbise","status":"publish","type":"post","link":"https:\/\/kt.gov.rs\/sq\/organizata-ndihme-femijeve-ndan-bursa-per-nxenesit-nga-jugu-i-serbise\/","title":{"rendered":"ORGANIZATA \u201cNDIHM\u00cb F\u00cbMIJ\u00cbVE\u201d NDAN BURSA P\u00cbR NX\u00cbN\u00cbSIT NGA JUGU I S\u00cbRBIS\u00cb"},"content":{"rendered":"<p>\n\t<strong><img decoding=\"async\" alt=\"\" src=\"https:\/\/kt.gov.rs\/wp-content\/uploads\/2024\/07\/newspic351v-4.jpg\" style=\"width: 315px; height: 220px; float: left;\" \/>Vranj\u00eb\/Bujanoc\/Surdulic\u00eb\/Vlladi\u00e7ki Han <\/strong>\u2013 N\u00eb kuad\u00ebr t\u00eb projektit \u201cDituria dhe njohuria kund\u00ebr varf\u00ebris\u00eb\u201d , organizata \u201cNdihm\u00eb f\u00ebmij\u00ebve\u201d nga Beogradi ka shpallur konkurs p\u00ebr ndarjen e bursave p\u00ebr nx\u00ebn\u00ebs, konkursi skadon me 30 n\u00ebntor\u00eb. Konkursi i \u00ebsht\u00eb dedikuar nx\u00ebn\u00ebsve t\u00eb shkollave t\u00eb mesme nga familjet e varfura materjalisht nga Vranja, Bujanoci, Surdulica dhe Vlladi\u00e7ki Hani, t\u00eb cil\u00ebt p\u00ebr her\u00eb t\u00eb par\u00eb jan\u00eb regjistruar n\u00eb klas\u00ebn e caktuar n\u00eb vitin aktual t\u00eb vitit shkollor, ku shkollimi finansohet nga buxheti, t\u00eb cil\u00ebt kan\u00eb n\u00ebshtet\u00ebsi t\u00eb Republik\u00ebs s\u00eb S\u00ebrbis\u00eb dhe t\u00eb mos t\u00eb jen\u00eb shfirit\u00ebzues t\u00eb ndonj\u00eb burse tjet\u00ebr apo kredie.<\/p>\n<p>\n\tGjith\u00ebsej do t\u00eb ndahen 40 bursa. Aplikacioni dor\u00ebzohet n\u00eb shkoll\u00eb ku nx\u00ebn\u00ebsit apo kandidat\u00ebt jan\u00eb t\u00eb regjistruar dhe e ndjekim m\u00ebsimin shkollor\u00eb. Shkolla dokumentat e konkursit do t\u00eb i\u2019a p\u00ebrcjell ekipit t\u00eb projektit t\u00eb organizat\u00ebs \u201cNdihm\u00eb f\u00ebmij\u00ebve\u201d, ku t\u00eb cil\u00ebt n\u00eb baz\u00eb t\u00eb kushteve dhe kritereve do t\u00eb publikojn\u00eb rang listen preliminare, e cila do t\u00eb shpallet deri m\u00eb 12 dhjetor\u00eb.<\/p>\n<p>\n\tBursa mbulon n\u00ebnt\u00eb muaj t\u00eb vitit shkollor\u00eb 2013\/2014 dhe paguhet n\u00eb tri k\u00ebste.<\/p>\n<p>\n\t<strong>Burim:Jugmedia dhe Trupi koordinues<\/strong><\/p>\n<p>\n\t\u00a0<\/p>\n","protected":false},"excerpt":{"rendered":"<p>Vranj\u00eb\/Bujanoc\/Surdulic\u00eb\/Vlladi\u00e7ki Han \u2013 N\u00eb kuad\u00ebr t\u00eb projektit \u201cDituria dhe njohuria kund\u00ebr varf\u00ebris\u00eb\u201d , organizata \u201cNdihm\u00eb f\u00ebmij\u00ebve\u201d nga Beogradi ka shpallur konkurs p\u00ebr ndarjen e bursave p\u00ebr nx\u00ebn\u00ebs, konkursi skadon me 30 n\u00ebntor\u00eb.<\/p>\n","protected":false},"author":1,"featured_media":140003,"comment_status":"closed","ping_status":"closed","sticky":false,"template":"","format":"standard","meta":{"footnotes":""},"categories":[55],"tags":[],"class_list":["post-139998","post","type-post","status-publish","format-standard","has-post-thumbnail","hentry","category-lajme"],"yoast_head":"<!-- This site is optimized with the Yoast SEO plugin v27.5 - https:\/\/yoast.com\/product\/yoast-seo-wordpress\/ -->\n<title>ORGANIZATA \u201cNDIHM\u00cb F\u00cbMIJ\u00cbVE\u201d NDAN BURSA P\u00cbR NX\u00cbN\u00cbSIT NGA JUGU I S\u00cbRBIS\u00cb - Republika e S\u00ebrbis\u00eb Trupi Koordinues p\u00ebr komunat Bujanoc, Preshev\u00eb dhe Medvegj\u00eb<\/title>\n<meta name=\"robots\" content=\"index, follow, max-snippet:-1, max-image-preview:large, max-video-preview:-1\" \/>\n<link rel=\"canonical\" href=\"https:\/\/kt.gov.rs\/sq\/organizata-ndihme-femijeve-ndan-bursa-per-nxenesit-nga-jugu-i-serbise\/\" \/>\n<meta property=\"og:locale\" content=\"sq_AL\" \/>\n<meta property=\"og:type\" content=\"article\" \/>\n<meta property=\"og:title\" content=\"ORGANIZATA \u201cNDIHM\u00cb F\u00cbMIJ\u00cbVE\u201d NDAN BURSA P\u00cbR NX\u00cbN\u00cbSIT NGA JUGU I S\u00cbRBIS\u00cb - Republika e S\u00ebrbis\u00eb Trupi Koordinues p\u00ebr komunat Bujanoc, Preshev\u00eb dhe Medvegj\u00eb\" \/>\n<meta property=\"og:description\" content=\"Vranj\u00eb\/Bujanoc\/Surdulic\u00eb\/Vlladi\u00e7ki Han \u2013 N\u00eb kuad\u00ebr t\u00eb projektit \u201cDituria dhe njohuria kund\u00ebr varf\u00ebris\u00eb\u201d , organizata \u201cNdihm\u00eb f\u00ebmij\u00ebve\u201d nga Beogradi ka shpallur konkurs p\u00ebr ndarjen e bursave p\u00ebr nx\u00ebn\u00ebs, konkursi skadon me 30 n\u00ebntor\u00eb.\" \/>\n<meta property=\"og:url\" content=\"https:\/\/kt.gov.rs\/sq\/organizata-ndihme-femijeve-ndan-bursa-per-nxenesit-nga-jugu-i-serbise\/\" \/>\n<meta property=\"og:site_name\" content=\"Republika e S\u00ebrbis\u00eb Trupi Koordinues p\u00ebr komunat Bujanoc, Preshev\u00eb dhe Medvegj\u00eb\" \/>\n<meta property=\"article:publisher\" content=\"https:\/\/www.facebook.com\/SluzbaKoordinacionogTelaVladeRepublikeSrbije\" \/>\n<meta property=\"article:published_time\" content=\"2013-11-26T00:00:00+00:00\" \/>\n<meta property=\"article:modified_time\" content=\"2024-07-30T20:14:13+00:00\" \/>\n<meta property=\"og:image\" content=\"https:\/\/kt.gov.rs\/wp-content\/uploads\/2024\/07\/newspic351v-5.jpg\" \/>\n\t<meta property=\"og:image:width\" content=\"315\" \/>\n\t<meta property=\"og:image:height\" content=\"220\" \/>\n\t<meta property=\"og:image:type\" content=\"image\/jpeg\" \/>\n<meta name=\"author\" content=\"ktmin\" \/>\n<meta name=\"twitter:card\" content=\"summary_large_image\" \/>\n<meta name=\"twitter:creator\" content=\"@kt_gov\" \/>\n<meta name=\"twitter:site\" content=\"@kt_gov\" \/>\n<meta name=\"twitter:label1\" content=\"Written by\" \/>\n\t<meta name=\"twitter:data1\" content=\"ktmin\" \/>\n\t<meta name=\"twitter:label2\" content=\"Est. reading time\" \/>\n\t<meta name=\"twitter:data2\" content=\"2 minutes\" \/>\n<script type=\"application\/ld+json\" class=\"yoast-schema-graph\">{\"@context\":\"https:\\\/\\\/schema.org\",\"@graph\":[{\"@type\":\"Article\",\"@id\":\"https:\\\/\\\/kt.gov.rs\\\/sq\\\/organizata-ndihme-femijeve-ndan-bursa-per-nxenesit-nga-jugu-i-serbise\\\/#article\",\"isPartOf\":{\"@id\":\"https:\\\/\\\/kt.gov.rs\\\/sq\\\/organizata-ndihme-femijeve-ndan-bursa-per-nxenesit-nga-jugu-i-serbise\\\/\"},\"author\":{\"name\":\"ktmin\",\"@id\":\"https:\\\/\\\/kt.gov.rs\\\/#\\\/schema\\\/person\\\/e426459ddb4173309103390602694571\"},\"headline\":\"ORGANIZATA \u201cNDIHM\u00cb F\u00cbMIJ\u00cbVE\u201d NDAN BURSA P\u00cbR NX\u00cbN\u00cbSIT NGA JUGU I S\u00cbRBIS\u00cb\",\"datePublished\":\"2013-11-26T00:00:00+00:00\",\"dateModified\":\"2024-07-30T20:14:13+00:00\",\"mainEntityOfPage\":{\"@id\":\"https:\\\/\\\/kt.gov.rs\\\/sq\\\/organizata-ndihme-femijeve-ndan-bursa-per-nxenesit-nga-jugu-i-serbise\\\/\"},\"wordCount\":325,\"publisher\":{\"@id\":\"https:\\\/\\\/kt.gov.rs\\\/#organization\"},\"image\":{\"@id\":\"https:\\\/\\\/kt.gov.rs\\\/sq\\\/organizata-ndihme-femijeve-ndan-bursa-per-nxenesit-nga-jugu-i-serbise\\\/#primaryimage\"},\"thumbnailUrl\":\"https:\\\/\\\/kt.gov.rs\\\/wp-content\\\/uploads\\\/2024\\\/07\\\/newspic351v-5.jpg\",\"articleSection\":[\"Lajme\"],\"inLanguage\":\"sq-AL\"},{\"@type\":\"WebPage\",\"@id\":\"https:\\\/\\\/kt.gov.rs\\\/sq\\\/organizata-ndihme-femijeve-ndan-bursa-per-nxenesit-nga-jugu-i-serbise\\\/\",\"url\":\"https:\\\/\\\/kt.gov.rs\\\/sq\\\/organizata-ndihme-femijeve-ndan-bursa-per-nxenesit-nga-jugu-i-serbise\\\/\",\"name\":\"ORGANIZATA \u201cNDIHM\u00cb F\u00cbMIJ\u00cbVE\u201d NDAN BURSA P\u00cbR NX\u00cbN\u00cbSIT NGA JUGU I S\u00cbRBIS\u00cb - Republika e S\u00ebrbis\u00eb Trupi Koordinues p\u00ebr komunat Bujanoc, Preshev\u00eb dhe Medvegj\u00eb\",\"isPartOf\":{\"@id\":\"https:\\\/\\\/kt.gov.rs\\\/#website\"},\"primaryImageOfPage\":{\"@id\":\"https:\\\/\\\/kt.gov.rs\\\/sq\\\/organizata-ndihme-femijeve-ndan-bursa-per-nxenesit-nga-jugu-i-serbise\\\/#primaryimage\"},\"image\":{\"@id\":\"https:\\\/\\\/kt.gov.rs\\\/sq\\\/organizata-ndihme-femijeve-ndan-bursa-per-nxenesit-nga-jugu-i-serbise\\\/#primaryimage\"},\"thumbnailUrl\":\"https:\\\/\\\/kt.gov.rs\\\/wp-content\\\/uploads\\\/2024\\\/07\\\/newspic351v-5.jpg\",\"datePublished\":\"2013-11-26T00:00:00+00:00\",\"dateModified\":\"2024-07-30T20:14:13+00:00\",\"breadcrumb\":{\"@id\":\"https:\\\/\\\/kt.gov.rs\\\/sq\\\/organizata-ndihme-femijeve-ndan-bursa-per-nxenesit-nga-jugu-i-serbise\\\/#breadcrumb\"},\"inLanguage\":\"sq-AL\",\"potentialAction\":[{\"@type\":\"ReadAction\",\"target\":[\"https:\\\/\\\/kt.gov.rs\\\/sq\\\/organizata-ndihme-femijeve-ndan-bursa-per-nxenesit-nga-jugu-i-serbise\\\/\"]}]},{\"@type\":\"ImageObject\",\"inLanguage\":\"sq-AL\",\"@id\":\"https:\\\/\\\/kt.gov.rs\\\/sq\\\/organizata-ndihme-femijeve-ndan-bursa-per-nxenesit-nga-jugu-i-serbise\\\/#primaryimage\",\"url\":\"https:\\\/\\\/kt.gov.rs\\\/wp-content\\\/uploads\\\/2024\\\/07\\\/newspic351v-5.jpg\",\"contentUrl\":\"https:\\\/\\\/kt.gov.rs\\\/wp-content\\\/uploads\\\/2024\\\/07\\\/newspic351v-5.jpg\",\"width\":315,\"height\":220},{\"@type\":\"BreadcrumbList\",\"@id\":\"https:\\\/\\\/kt.gov.rs\\\/sq\\\/organizata-ndihme-femijeve-ndan-bursa-per-nxenesit-nga-jugu-i-serbise\\\/#breadcrumb\",\"itemListElement\":[{\"@type\":\"ListItem\",\"position\":1,\"name\":\"\u041f\u043e\u0447\u0435\u0442\u043d\u0430\",\"item\":\"https:\\\/\\\/kt.gov.rs\\\/sq\\\/\"},{\"@type\":\"ListItem\",\"position\":2,\"name\":\"ORGANIZATA \u201cNDIHM\u00cb F\u00cbMIJ\u00cbVE\u201d NDAN BURSA P\u00cbR NX\u00cbN\u00cbSIT NGA JUGU I S\u00cbRBIS\u00cb\"}]},{\"@type\":\"WebSite\",\"@id\":\"https:\\\/\\\/kt.gov.rs\\\/#website\",\"url\":\"https:\\\/\\\/kt.gov.rs\\\/\",\"name\":\"\u041a\u043e\u043e\u0440\u0434\u0438\u043d\u0430\u0446\u0438\u043e\u043d\u043e \u0442\u0435\u043b\u043e \u0412\u043b\u0430\u0434\u0435 \u0420\u0435\u043f\u0443\u0431\u043b\u0438\u043a\u0435 \u0421\u0440\u0431\u0438\u0458\u0435 \u0437\u0430 \u043e\u043f\u0448\u0442\u0438\u043d\u0435 \u041f\u0440\u0435\u0448\u0435\u0432\u043e, \u0411\u0443\u0458\u0430\u043d\u043e\u0432\u0430\u0446 \u0438 \u041c\u0435\u0434\u0432\u0435\u0452a\",\"description\":\"\",\"publisher\":{\"@id\":\"https:\\\/\\\/kt.gov.rs\\\/#organization\"},\"alternateName\":\"\u041a\u043e\u043e\u0440\u0434\u0438\u043d\u0430\u0446\u0438\u043e\u043d\u043e \u0442\u0435\u043b\u043e\",\"potentialAction\":[{\"@type\":\"SearchAction\",\"target\":{\"@type\":\"EntryPoint\",\"urlTemplate\":\"https:\\\/\\\/kt.gov.rs\\\/?s={search_term_string}\"},\"query-input\":{\"@type\":\"PropertyValueSpecification\",\"valueRequired\":true,\"valueName\":\"search_term_string\"}}],\"inLanguage\":\"sq-AL\"},{\"@type\":\"Organization\",\"@id\":\"https:\\\/\\\/kt.gov.rs\\\/#organization\",\"name\":\"\u041a\u043e\u043e\u0440\u0434\u0438\u043d\u0430\u0446\u0438\u043e\u043d\u043e \u0442\u0435\u043b\u043e \u0412\u043b\u0430\u0434\u0435 \u0420\u0435\u043f\u0443\u0431\u043b\u0438\u043a\u0435 \u0421\u0440\u0431\u0438\u0458\u0435 \u0437\u0430 \u043e\u043f\u0448\u0442\u0438\u043d\u0435 \u041f\u0440\u0435\u0448\u0435\u0432\u043e, \u0411\u0443\u0458\u0430\u043d\u043e\u0432\u0430\u0446 \u0438 \u041c\u0435\u0434\u0432\u0435\u0452a\",\"alternateName\":\"\u041a\u043e\u043e\u0440\u0434\u0438\u043d\u0430\u0446\u0438\u043e\u043d\u043e \u0442\u0435\u043b\u043e\",\"url\":\"https:\\\/\\\/kt.gov.rs\\\/\",\"logo\":{\"@type\":\"ImageObject\",\"inLanguage\":\"sq-AL\",\"@id\":\"https:\\\/\\\/kt.gov.rs\\\/#\\\/schema\\\/logo\\\/image\\\/\",\"url\":\"https:\\\/\\\/kt.gov.rs\\\/wp-content\\\/uploads\\\/2024\\\/12\\\/koord2.jpg\",\"contentUrl\":\"https:\\\/\\\/kt.gov.rs\\\/wp-content\\\/uploads\\\/2024\\\/12\\\/koord2.jpg\",\"width\":640,\"height\":480,\"caption\":\"\u041a\u043e\u043e\u0440\u0434\u0438\u043d\u0430\u0446\u0438\u043e\u043d\u043e \u0442\u0435\u043b\u043e \u0412\u043b\u0430\u0434\u0435 \u0420\u0435\u043f\u0443\u0431\u043b\u0438\u043a\u0435 \u0421\u0440\u0431\u0438\u0458\u0435 \u0437\u0430 \u043e\u043f\u0448\u0442\u0438\u043d\u0435 \u041f\u0440\u0435\u0448\u0435\u0432\u043e, \u0411\u0443\u0458\u0430\u043d\u043e\u0432\u0430\u0446 \u0438 \u041c\u0435\u0434\u0432\u0435\u0452a\"},\"image\":{\"@id\":\"https:\\\/\\\/kt.gov.rs\\\/#\\\/schema\\\/logo\\\/image\\\/\"},\"sameAs\":[\"https:\\\/\\\/www.facebook.com\\\/SluzbaKoordinacionogTelaVladeRepublikeSrbije\",\"https:\\\/\\\/x.com\\\/kt_gov\",\"https:\\\/\\\/www.youtube.com\\\/@koordinacionotelo\"]},{\"@type\":\"Person\",\"@id\":\"https:\\\/\\\/kt.gov.rs\\\/#\\\/schema\\\/person\\\/e426459ddb4173309103390602694571\",\"name\":\"ktmin\",\"image\":{\"@type\":\"ImageObject\",\"inLanguage\":\"sq-AL\",\"@id\":\"https:\\\/\\\/secure.gravatar.com\\\/avatar\\\/3985c961109853010c3fbc7ba30365bfba5db3dd6c525831d9c595c7525a615a?s=96&d=mm&r=g\",\"url\":\"https:\\\/\\\/secure.gravatar.com\\\/avatar\\\/3985c961109853010c3fbc7ba30365bfba5db3dd6c525831d9c595c7525a615a?s=96&d=mm&r=g\",\"contentUrl\":\"https:\\\/\\\/secure.gravatar.com\\\/avatar\\\/3985c961109853010c3fbc7ba30365bfba5db3dd6c525831d9c595c7525a615a?s=96&d=mm&r=g\",\"caption\":\"ktmin\"},\"sameAs\":[\"https:\\\/\\\/kt.gov.rs\"],\"url\":\"https:\\\/\\\/kt.gov.rs\\\/sq\\\/author\\\/ktmin\\\/\"}]}<\/script>\n<!-- \/ Yoast SEO plugin. -->","yoast_head_json":{"title":"ORGANIZATA \u201cNDIHM\u00cb F\u00cbMIJ\u00cbVE\u201d NDAN BURSA P\u00cbR NX\u00cbN\u00cbSIT NGA JUGU I S\u00cbRBIS\u00cb - Republika e S\u00ebrbis\u00eb Trupi Koordinues p\u00ebr komunat Bujanoc, Preshev\u00eb dhe Medvegj\u00eb","robots":{"index":"index","follow":"follow","max-snippet":"max-snippet:-1","max-image-preview":"max-image-preview:large","max-video-preview":"max-video-preview:-1"},"canonical":"https:\/\/kt.gov.rs\/sq\/organizata-ndihme-femijeve-ndan-bursa-per-nxenesit-nga-jugu-i-serbise\/","og_locale":"sq_AL","og_type":"article","og_title":"ORGANIZATA \u201cNDIHM\u00cb F\u00cbMIJ\u00cbVE\u201d NDAN BURSA P\u00cbR NX\u00cbN\u00cbSIT NGA JUGU I S\u00cbRBIS\u00cb - Republika e S\u00ebrbis\u00eb Trupi Koordinues p\u00ebr komunat Bujanoc, Preshev\u00eb dhe Medvegj\u00eb","og_description":"Vranj\u00eb\/Bujanoc\/Surdulic\u00eb\/Vlladi\u00e7ki Han \u2013 N\u00eb kuad\u00ebr t\u00eb projektit \u201cDituria dhe njohuria kund\u00ebr varf\u00ebris\u00eb\u201d , organizata \u201cNdihm\u00eb f\u00ebmij\u00ebve\u201d nga Beogradi ka shpallur konkurs p\u00ebr ndarjen e bursave p\u00ebr nx\u00ebn\u00ebs, konkursi skadon me 30 n\u00ebntor\u00eb.","og_url":"https:\/\/kt.gov.rs\/sq\/organizata-ndihme-femijeve-ndan-bursa-per-nxenesit-nga-jugu-i-serbise\/","og_site_name":"Republika e S\u00ebrbis\u00eb Trupi Koordinues p\u00ebr komunat Bujanoc, Preshev\u00eb dhe Medvegj\u00eb","article_publisher":"https:\/\/www.facebook.com\/SluzbaKoordinacionogTelaVladeRepublikeSrbije","article_published_time":"2013-11-26T00:00:00+00:00","article_modified_time":"2024-07-30T20:14:13+00:00","og_image":[{"width":315,"height":220,"url":"https:\/\/kt.gov.rs\/wp-content\/uploads\/2024\/07\/newspic351v-5.jpg","type":"image\/jpeg"}],"author":"ktmin","twitter_card":"summary_large_image","twitter_creator":"@kt_gov","twitter_site":"@kt_gov","twitter_misc":{"Written by":"ktmin","Est. reading time":"2 minutes"},"schema":{"@context":"https:\/\/schema.org","@graph":[{"@type":"Article","@id":"https:\/\/kt.gov.rs\/sq\/organizata-ndihme-femijeve-ndan-bursa-per-nxenesit-nga-jugu-i-serbise\/#article","isPartOf":{"@id":"https:\/\/kt.gov.rs\/sq\/organizata-ndihme-femijeve-ndan-bursa-per-nxenesit-nga-jugu-i-serbise\/"},"author":{"name":"ktmin","@id":"https:\/\/kt.gov.rs\/#\/schema\/person\/e426459ddb4173309103390602694571"},"headline":"ORGANIZATA \u201cNDIHM\u00cb F\u00cbMIJ\u00cbVE\u201d NDAN BURSA P\u00cbR NX\u00cbN\u00cbSIT NGA JUGU I S\u00cbRBIS\u00cb","datePublished":"2013-11-26T00:00:00+00:00","dateModified":"2024-07-30T20:14:13+00:00","mainEntityOfPage":{"@id":"https:\/\/kt.gov.rs\/sq\/organizata-ndihme-femijeve-ndan-bursa-per-nxenesit-nga-jugu-i-serbise\/"},"wordCount":325,"publisher":{"@id":"https:\/\/kt.gov.rs\/#organization"},"image":{"@id":"https:\/\/kt.gov.rs\/sq\/organizata-ndihme-femijeve-ndan-bursa-per-nxenesit-nga-jugu-i-serbise\/#primaryimage"},"thumbnailUrl":"https:\/\/kt.gov.rs\/wp-content\/uploads\/2024\/07\/newspic351v-5.jpg","articleSection":["Lajme"],"inLanguage":"sq-AL"},{"@type":"WebPage","@id":"https:\/\/kt.gov.rs\/sq\/organizata-ndihme-femijeve-ndan-bursa-per-nxenesit-nga-jugu-i-serbise\/","url":"https:\/\/kt.gov.rs\/sq\/organizata-ndihme-femijeve-ndan-bursa-per-nxenesit-nga-jugu-i-serbise\/","name":"ORGANIZATA \u201cNDIHM\u00cb F\u00cbMIJ\u00cbVE\u201d NDAN BURSA P\u00cbR NX\u00cbN\u00cbSIT NGA JUGU I S\u00cbRBIS\u00cb - Republika e S\u00ebrbis\u00eb Trupi Koordinues p\u00ebr komunat Bujanoc, Preshev\u00eb dhe Medvegj\u00eb","isPartOf":{"@id":"https:\/\/kt.gov.rs\/#website"},"primaryImageOfPage":{"@id":"https:\/\/kt.gov.rs\/sq\/organizata-ndihme-femijeve-ndan-bursa-per-nxenesit-nga-jugu-i-serbise\/#primaryimage"},"image":{"@id":"https:\/\/kt.gov.rs\/sq\/organizata-ndihme-femijeve-ndan-bursa-per-nxenesit-nga-jugu-i-serbise\/#primaryimage"},"thumbnailUrl":"https:\/\/kt.gov.rs\/wp-content\/uploads\/2024\/07\/newspic351v-5.jpg","datePublished":"2013-11-26T00:00:00+00:00","dateModified":"2024-07-30T20:14:13+00:00","breadcrumb":{"@id":"https:\/\/kt.gov.rs\/sq\/organizata-ndihme-femijeve-ndan-bursa-per-nxenesit-nga-jugu-i-serbise\/#breadcrumb"},"inLanguage":"sq-AL","potentialAction":[{"@type":"ReadAction","target":["https:\/\/kt.gov.rs\/sq\/organizata-ndihme-femijeve-ndan-bursa-per-nxenesit-nga-jugu-i-serbise\/"]}]},{"@type":"ImageObject","inLanguage":"sq-AL","@id":"https:\/\/kt.gov.rs\/sq\/organizata-ndihme-femijeve-ndan-bursa-per-nxenesit-nga-jugu-i-serbise\/#primaryimage","url":"https:\/\/kt.gov.rs\/wp-content\/uploads\/2024\/07\/newspic351v-5.jpg","contentUrl":"https:\/\/kt.gov.rs\/wp-content\/uploads\/2024\/07\/newspic351v-5.jpg","width":315,"height":220},{"@type":"BreadcrumbList","@id":"https:\/\/kt.gov.rs\/sq\/organizata-ndihme-femijeve-ndan-bursa-per-nxenesit-nga-jugu-i-serbise\/#breadcrumb","itemListElement":[{"@type":"ListItem","position":1,"name":"\u041f\u043e\u0447\u0435\u0442\u043d\u0430","item":"https:\/\/kt.gov.rs\/sq\/"},{"@type":"ListItem","position":2,"name":"ORGANIZATA \u201cNDIHM\u00cb F\u00cbMIJ\u00cbVE\u201d NDAN BURSA P\u00cbR NX\u00cbN\u00cbSIT NGA JUGU I S\u00cbRBIS\u00cb"}]},{"@type":"WebSite","@id":"https:\/\/kt.gov.rs\/#website","url":"https:\/\/kt.gov.rs\/","name":"\u041a\u043e\u043e\u0440\u0434\u0438\u043d\u0430\u0446\u0438\u043e\u043d\u043e \u0442\u0435\u043b\u043e \u0412\u043b\u0430\u0434\u0435 \u0420\u0435\u043f\u0443\u0431\u043b\u0438\u043a\u0435 \u0421\u0440\u0431\u0438\u0458\u0435 \u0437\u0430 \u043e\u043f\u0448\u0442\u0438\u043d\u0435 \u041f\u0440\u0435\u0448\u0435\u0432\u043e, \u0411\u0443\u0458\u0430\u043d\u043e\u0432\u0430\u0446 \u0438 \u041c\u0435\u0434\u0432\u0435\u0452a","description":"","publisher":{"@id":"https:\/\/kt.gov.rs\/#organization"},"alternateName":"\u041a\u043e\u043e\u0440\u0434\u0438\u043d\u0430\u0446\u0438\u043e\u043d\u043e \u0442\u0435\u043b\u043e","potentialAction":[{"@type":"SearchAction","target":{"@type":"EntryPoint","urlTemplate":"https:\/\/kt.gov.rs\/?s={search_term_string}"},"query-input":{"@type":"PropertyValueSpecification","valueRequired":true,"valueName":"search_term_string"}}],"inLanguage":"sq-AL"},{"@type":"Organization","@id":"https:\/\/kt.gov.rs\/#organization","name":"\u041a\u043e\u043e\u0440\u0434\u0438\u043d\u0430\u0446\u0438\u043e\u043d\u043e \u0442\u0435\u043b\u043e \u0412\u043b\u0430\u0434\u0435 \u0420\u0435\u043f\u0443\u0431\u043b\u0438\u043a\u0435 \u0421\u0440\u0431\u0438\u0458\u0435 \u0437\u0430 \u043e\u043f\u0448\u0442\u0438\u043d\u0435 \u041f\u0440\u0435\u0448\u0435\u0432\u043e, \u0411\u0443\u0458\u0430\u043d\u043e\u0432\u0430\u0446 \u0438 \u041c\u0435\u0434\u0432\u0435\u0452a","alternateName":"\u041a\u043e\u043e\u0440\u0434\u0438\u043d\u0430\u0446\u0438\u043e\u043d\u043e \u0442\u0435\u043b\u043e","url":"https:\/\/kt.gov.rs\/","logo":{"@type":"ImageObject","inLanguage":"sq-AL","@id":"https:\/\/kt.gov.rs\/#\/schema\/logo\/image\/","url":"https:\/\/kt.gov.rs\/wp-content\/uploads\/2024\/12\/koord2.jpg","contentUrl":"https:\/\/kt.gov.rs\/wp-content\/uploads\/2024\/12\/koord2.jpg","width":640,"height":480,"caption":"\u041a\u043e\u043e\u0440\u0434\u0438\u043d\u0430\u0446\u0438\u043e\u043d\u043e \u0442\u0435\u043b\u043e \u0412\u043b\u0430\u0434\u0435 \u0420\u0435\u043f\u0443\u0431\u043b\u0438\u043a\u0435 \u0421\u0440\u0431\u0438\u0458\u0435 \u0437\u0430 \u043e\u043f\u0448\u0442\u0438\u043d\u0435 \u041f\u0440\u0435\u0448\u0435\u0432\u043e, \u0411\u0443\u0458\u0430\u043d\u043e\u0432\u0430\u0446 \u0438 \u041c\u0435\u0434\u0432\u0435\u0452a"},"image":{"@id":"https:\/\/kt.gov.rs\/#\/schema\/logo\/image\/"},"sameAs":["https:\/\/www.facebook.com\/SluzbaKoordinacionogTelaVladeRepublikeSrbije","https:\/\/x.com\/kt_gov","https:\/\/www.youtube.com\/@koordinacionotelo"]},{"@type":"Person","@id":"https:\/\/kt.gov.rs\/#\/schema\/person\/e426459ddb4173309103390602694571","name":"ktmin","image":{"@type":"ImageObject","inLanguage":"sq-AL","@id":"https:\/\/secure.gravatar.com\/avatar\/3985c961109853010c3fbc7ba30365bfba5db3dd6c525831d9c595c7525a615a?s=96&d=mm&r=g","url":"https:\/\/secure.gravatar.com\/avatar\/3985c961109853010c3fbc7ba30365bfba5db3dd6c525831d9c595c7525a615a?s=96&d=mm&r=g","contentUrl":"https:\/\/secure.gravatar.com\/avatar\/3985c961109853010c3fbc7ba30365bfba5db3dd6c525831d9c595c7525a615a?s=96&d=mm&r=g","caption":"ktmin"},"sameAs":["https:\/\/kt.gov.rs"],"url":"https:\/\/kt.gov.rs\/sq\/author\/ktmin\/"}]}},"_links":{"self":[{"href":"https:\/\/kt.gov.rs\/sq\/wp-json\/wp\/v2\/posts\/139998","targetHints":{"allow":["GET"]}}],"collection":[{"href":"https:\/\/kt.gov.rs\/sq\/wp-json\/wp\/v2\/posts"}],"about":[{"href":"https:\/\/kt.gov.rs\/sq\/wp-json\/wp\/v2\/types\/post"}],"author":[{"embeddable":true,"href":"https:\/\/kt.gov.rs\/sq\/wp-json\/wp\/v2\/users\/1"}],"replies":[{"embeddable":true,"href":"https:\/\/kt.gov.rs\/sq\/wp-json\/wp\/v2\/comments?post=139998"}],"version-history":[{"count":1,"href":"https:\/\/kt.gov.rs\/sq\/wp-json\/wp\/v2\/posts\/139998\/revisions"}],"predecessor-version":[{"id":140002,"href":"https:\/\/kt.gov.rs\/sq\/wp-json\/wp\/v2\/posts\/139998\/revisions\/140002"}],"wp:featuredmedia":[{"embeddable":true,"href":"https:\/\/kt.gov.rs\/sq\/wp-json\/wp\/v2\/media\/140003"}],"wp:attachment":[{"href":"https:\/\/kt.gov.rs\/sq\/wp-json\/wp\/v2\/media?parent=139998"}],"wp:term":[{"taxonomy":"category","embeddable":true,"href":"https:\/\/kt.gov.rs\/sq\/wp-json\/wp\/v2\/categories?post=139998"},{"taxonomy":"post_tag","embeddable":true,"href":"https:\/\/kt.gov.rs\/sq\/wp-json\/wp\/v2\/tags?post=139998"}],"curies":[{"name":"wp","href":"https:\/\/api.w.org\/{rel}","templated":true}]}}