{"id":139982,"date":"2013-11-27T00:00:00","date_gmt":"2013-11-27T00:00:00","guid":{"rendered":"http:\/\/kt.printandscreen.rs\/mbeshtetja-e-projektit-per-zhvillimin-e-sektorit-privat-ne-jug-dhe-jugperendim-te-serbise\/"},"modified":"2024-07-30T20:14:11","modified_gmt":"2024-07-30T20:14:11","slug":"mbeshtetja-e-projektit-per-zhvillimin-e-sektorit-privat-ne-jug-dhe-jugperendim-te-serbise","status":"publish","type":"post","link":"https:\/\/kt.gov.rs\/sq\/mbeshtetja-e-projektit-per-zhvillimin-e-sektorit-privat-ne-jug-dhe-jugperendim-te-serbise\/","title":{"rendered":"MB\u00cbSHTETJA E PROJEKTIT P\u00cbR ZHVILLIMIN E SEKTORIT PRIVAT N\u00cb JUG DHE JUGPERENDIM T\u00cb S\u00cbRBIS\u00cb"},"content":{"rendered":"<p>\n\t<img decoding=\"async\" alt=\"\" src=\"https:\/\/kt.gov.rs\/wp-content\/uploads\/2024\/07\/newspic354v-10.jpg\" style=\"width: 315px; height: 220px; float: left;\" \/>Shtetet e Bashkuara t\u00eb Amerik\u00ebs, n\u00ebp\u00ebrmjet Misionit Amerikan agjensioni p\u00ebr zhvillim nd\u00ebrkomb\u00ebtar\u00eb (USAID) n\u00eb S\u00ebrbi dhe Qeveria e Republik\u00ebs s\u00eb S\u00ebrbis\u00eb, n\u00ebp\u00ebrmjet Agjencinit nacional p\u00ebr zhvillimin regjional dhe e akredituara Agjensioni p\u00ebr zhvillim regjional (Zllatibor, Kraljev\u00eb, Novi Pazar dhe Leskovc\u00eb), do t\u00eb zbatojn\u00eb n\u00eb periudh\u00ebn e ardhshme Mb\u00ebshtetjen e projektit p\u00ebr zhvillimin e sektorit privat n\u00eb jug dhe jugperendim t\u00eb S\u00ebrbis\u00eb me q\u00ebllim t\u00eb p\u00ebrparimit dhe zhvillimit t\u00eb sektorit t\u00eb nd\u00ebrrmarjeve dhe nd\u00ebrrmarsive t\u00eb vogla dhe t\u00eb mesme dhe rritjen e shitjes, promovimin e eksportit dhe krijim e vendeve t\u00eb reja t\u00eb pun\u00ebs n\u00eb sektor\u00ebt n\u00eb vijim: agrobiznis, industri tekstile dhe t\u00eb leht\u00eb n\u00eb 12 komuna n\u00eb jug dhe jugperendim t\u00eb S\u00ebrbis\u00eb (Vranj\u00eb, Leskovc\u00eb, Preshev\u00eb, Bujanoc, Medvegj\u00eb, Rashk\u00eb, Novi Pazar, Sjenic, Tutin, Priboj, Prijepole dhe Nova Varosh).\u00a0\u00a0<\/p>\n<p>\n\tProjekti do t\u00eb ofroj ndihm\u00eb finasiare dhe jofinasiare ( n\u00eb sektoret e miratuara m\u00eb lart\u00eb t\u00eb p\u00ebrmendura n\u00ebp\u00ebr teritore) do t\u00eb mb\u00ebshtetet zhvillimi:<\/p>\n<p>\n\t<strong>\u2013 Subjektet e nd\u00ebrmarrjeve ekzistuese <\/strong>(gjithsej 120 t\u00eb selektuara do t\u00eb ken\u00eb mb\u00ebshtetje n\u00eb form\u00eb: trajnimi, k\u00ebshilla, mentorim, \u00a0ndihm\u00eb p\u00ebr komapanit q\u00eb jan\u00eb t\u00eb orientuara p\u00ebr eksport\u00eb p\u00ebrmes edukimit dhe pjesmarjes n\u00ebp\u00ebr panaire nd\u00ebrkomb\u00ebtare;si dhe ofrime t\u00eb ndryshme n\u00ebp\u00ebrmjet formave ndihm\u00eb teknike \u2013 pejsazhit t\u00eb biznisit n\u00eb p\u00ebrpuethshm\u00ebri me k\u00ebrkesat e standardeve t\u00eb biznisit nd\u00ebrkomb\u00ebtar; dizajne t\u00eb reja dhe p\u00ebrmbajtje; p\u00ebrpunimi dhe implementimi i softverave (programeve) t\u00eb specializuar si dhe ngjajsh\u00ebm).<\/p>\n<p>\n\t\u2013\u00a0 <strong>Shoqatat dhe grupet <\/strong>(m\u00eb s\u00eb paku 4 shoqata\/grupe do t\u00eb mb\u00ebshtet n\u00ebp\u00ebrmjet edukimit, ndihm\u00eb teknike, mjete t\u00eb pa kthyeshme finasiare dhe paraqitja n\u00ebp\u00ebr panaire nd\u00ebrkomb\u00ebtare)<\/p>\n<p>\n\t<strong>\u2013 Sip\u00ebrmarrjet e t\u00eb rinj\u00ebve dhe sip\u00ebrmarrjet e grave <\/strong>n\u00ebp\u00ebrmjet gjith\u00ebp\u00ebrfshirjes mb\u00ebshtetje p\u00ebr nisjen e pun\u00ebs, n\u00eb forma t\u00eb: trajnim p\u00ebr shkruarjen e biznis planit, gara dhe mjete t\u00eb pakthyeshme finasiare p\u00ebr idet\u00eb m\u00eb t\u00eb mira p\u00ebr pun\u00eb dhe trajnime shtes\u00eb, k\u00ebshilla dhe mentorime p\u00ebr subjektet e nd\u00ebrrmarjeve t\u00eb sapoformuara. \u00a0\u00a0<\/p>\n<p>\n\t<strong>N\u00ebs\u00eb jeni nj\u00eb sip\u00ebrrmar\u00ebs ose nj\u00eb nd\u00ebrmarrje e vog\u00ebl apo e mesme dhe d\u00ebshironi t\u00eb p\u00ebrparoni biznesin tuaj, me theks n\u00eb zgjerimin e mund\u00ebsive p\u00ebr eksport!<\/strong><\/p>\n<p>\n\t<strong>N\u00ebse e shihni mund\u00ebsin\u00eb p\u00ebr zhvillimin n\u00eb lidhje me shoqata apo grupe!<\/strong><\/p>\n<p>\n\t<strong>N\u00ebse jeni t\u00eb rinj\u00eb dhe keni frym\u00eb nd\u00ebrmarr\u00ebsie ose jeni grua me ide p\u00ebr pun\u00eb ku ju duhet ndihm\u00eb p\u00ebr t\u00eb filluar ose p\u00ebrparuar pun\u00ebn tuaj!<\/strong><\/p>\n<p>\n\tP\u00ebr informata m\u00eb t\u00eb holl\u00ebsishm\u00eb rreth mb\u00ebshtetjes n\u00eb periudhat e ardh\u00ebshme q\u00eb mund\u00eb ta keni lajmrohuni p\u00ebrkat\u00ebs agjencionit regjional t\u00eb akredituar p\u00ebr teritorin e juaj: Qendra p\u00ebr zhvillimin e rrethit t\u00eb Jabllanic\u00ebs dhe P\u00e7inj\u00ebs; Adresa Pana Gjukiqa 42, Leskovc;Tel: 016\/315-0115; <a href=\"mailto:info@centarzarazvoj.org\" target=\"_self\" rel=\"noopener\">info@centarzarazvoj.org<\/a>). \u00a0<\/p>\n<p>\n\t<strong>Burim: Qendra p\u00ebr zhvillimin e rrethit t\u00eb P\u00e7inj\u00ebs e Jabllanic\u00ebs<\/strong><\/p>\n<p>\n\t\u00a0<\/p>\n","protected":false},"excerpt":{"rendered":"<p>Shtetet e Bashkuara t\u00eb Amerik\u00ebs, n\u00ebp\u00ebrmjet Misionit Amerikan agjensioni p\u00ebr zhvillim nd\u00ebrkomb\u00ebtar\u00eb (USAID) n\u00eb S\u00ebrbi dhe Qeveria e Republik\u00ebs s\u00eb S\u00ebrbis\u00eb, n\u00ebp\u00ebrmjet Agjencinit nacional p\u00ebr zhvillimin regjional dhe e akredituara Agjensioni p\u00ebr zhvillim regjional (Zllatibor, Kraljev\u00eb, Novi Pazar dhe Leskovc\u00eb)\u2026<\/p>\n","protected":false},"author":1,"featured_media":139987,"comment_status":"closed","ping_status":"closed","sticky":false,"template":"","format":"standard","meta":{"footnotes":""},"categories":[55],"tags":[],"class_list":["post-139982","post","type-post","status-publish","format-standard","has-post-thumbnail","hentry","category-lajme"],"yoast_head":"<!-- This site is optimized with the Yoast SEO plugin v27.5 - https:\/\/yoast.com\/product\/yoast-seo-wordpress\/ -->\n<title>MB\u00cbSHTETJA E PROJEKTIT P\u00cbR ZHVILLIMIN E SEKTORIT PRIVAT N\u00cb JUG DHE JUGPERENDIM T\u00cb S\u00cbRBIS\u00cb - Republika e S\u00ebrbis\u00eb Trupi Koordinues p\u00ebr komunat Bujanoc, Preshev\u00eb dhe Medvegj\u00eb<\/title>\n<meta name=\"robots\" content=\"index, follow, max-snippet:-1, max-image-preview:large, max-video-preview:-1\" \/>\n<link rel=\"canonical\" href=\"https:\/\/kt.gov.rs\/sq\/mbeshtetja-e-projektit-per-zhvillimin-e-sektorit-privat-ne-jug-dhe-jugperendim-te-serbise\/\" \/>\n<meta property=\"og:locale\" content=\"sq_AL\" \/>\n<meta property=\"og:type\" content=\"article\" \/>\n<meta property=\"og:title\" content=\"MB\u00cbSHTETJA E PROJEKTIT P\u00cbR ZHVILLIMIN E SEKTORIT PRIVAT N\u00cb JUG DHE JUGPERENDIM T\u00cb S\u00cbRBIS\u00cb - Republika e S\u00ebrbis\u00eb Trupi Koordinues p\u00ebr komunat Bujanoc, Preshev\u00eb dhe Medvegj\u00eb\" \/>\n<meta property=\"og:description\" content=\"Shtetet e Bashkuara t\u00eb Amerik\u00ebs, n\u00ebp\u00ebrmjet Misionit Amerikan agjensioni p\u00ebr zhvillim nd\u00ebrkomb\u00ebtar\u00eb (USAID) n\u00eb S\u00ebrbi dhe Qeveria e Republik\u00ebs s\u00eb S\u00ebrbis\u00eb, n\u00ebp\u00ebrmjet Agjencinit nacional p\u00ebr zhvillimin regjional dhe e akredituara Agjensioni p\u00ebr zhvillim regjional (Zllatibor, Kraljev\u00eb, Novi Pazar dhe Leskovc\u00eb)...\" \/>\n<meta property=\"og:url\" content=\"https:\/\/kt.gov.rs\/sq\/mbeshtetja-e-projektit-per-zhvillimin-e-sektorit-privat-ne-jug-dhe-jugperendim-te-serbise\/\" \/>\n<meta property=\"og:site_name\" content=\"Republika e S\u00ebrbis\u00eb Trupi Koordinues p\u00ebr komunat Bujanoc, Preshev\u00eb dhe Medvegj\u00eb\" \/>\n<meta property=\"article:publisher\" content=\"https:\/\/www.facebook.com\/SluzbaKoordinacionogTelaVladeRepublikeSrbije\" \/>\n<meta property=\"article:published_time\" content=\"2013-11-27T00:00:00+00:00\" \/>\n<meta property=\"article:modified_time\" content=\"2024-07-30T20:14:11+00:00\" \/>\n<meta property=\"og:image\" content=\"https:\/\/kt.gov.rs\/wp-content\/uploads\/2024\/07\/newspic354v-11.jpg\" \/>\n\t<meta property=\"og:image:width\" content=\"315\" \/>\n\t<meta property=\"og:image:height\" content=\"220\" \/>\n\t<meta property=\"og:image:type\" content=\"image\/jpeg\" \/>\n<meta name=\"author\" content=\"ktmin\" \/>\n<meta name=\"twitter:card\" content=\"summary_large_image\" \/>\n<meta name=\"twitter:creator\" content=\"@kt_gov\" \/>\n<meta name=\"twitter:site\" content=\"@kt_gov\" \/>\n<meta name=\"twitter:label1\" content=\"Written by\" \/>\n\t<meta name=\"twitter:data1\" content=\"ktmin\" \/>\n\t<meta name=\"twitter:label2\" content=\"Est. reading time\" \/>\n\t<meta name=\"twitter:data2\" content=\"4 minutes\" \/>\n<script type=\"application\/ld+json\" class=\"yoast-schema-graph\">{\"@context\":\"https:\\\/\\\/schema.org\",\"@graph\":[{\"@type\":\"Article\",\"@id\":\"https:\\\/\\\/kt.gov.rs\\\/sq\\\/mbeshtetja-e-projektit-per-zhvillimin-e-sektorit-privat-ne-jug-dhe-jugperendim-te-serbise\\\/#article\",\"isPartOf\":{\"@id\":\"https:\\\/\\\/kt.gov.rs\\\/sq\\\/mbeshtetja-e-projektit-per-zhvillimin-e-sektorit-privat-ne-jug-dhe-jugperendim-te-serbise\\\/\"},\"author\":{\"name\":\"ktmin\",\"@id\":\"https:\\\/\\\/kt.gov.rs\\\/#\\\/schema\\\/person\\\/e426459ddb4173309103390602694571\"},\"headline\":\"MB\u00cbSHTETJA E PROJEKTIT P\u00cbR ZHVILLIMIN E SEKTORIT PRIVAT N\u00cb JUG DHE JUGPERENDIM T\u00cb S\u00cbRBIS\u00cb\",\"datePublished\":\"2013-11-27T00:00:00+00:00\",\"dateModified\":\"2024-07-30T20:14:11+00:00\",\"mainEntityOfPage\":{\"@id\":\"https:\\\/\\\/kt.gov.rs\\\/sq\\\/mbeshtetja-e-projektit-per-zhvillimin-e-sektorit-privat-ne-jug-dhe-jugperendim-te-serbise\\\/\"},\"wordCount\":741,\"publisher\":{\"@id\":\"https:\\\/\\\/kt.gov.rs\\\/#organization\"},\"image\":{\"@id\":\"https:\\\/\\\/kt.gov.rs\\\/sq\\\/mbeshtetja-e-projektit-per-zhvillimin-e-sektorit-privat-ne-jug-dhe-jugperendim-te-serbise\\\/#primaryimage\"},\"thumbnailUrl\":\"https:\\\/\\\/kt.gov.rs\\\/wp-content\\\/uploads\\\/2024\\\/07\\\/newspic354v-11.jpg\",\"articleSection\":[\"Lajme\"],\"inLanguage\":\"sq-AL\"},{\"@type\":\"WebPage\",\"@id\":\"https:\\\/\\\/kt.gov.rs\\\/sq\\\/mbeshtetja-e-projektit-per-zhvillimin-e-sektorit-privat-ne-jug-dhe-jugperendim-te-serbise\\\/\",\"url\":\"https:\\\/\\\/kt.gov.rs\\\/sq\\\/mbeshtetja-e-projektit-per-zhvillimin-e-sektorit-privat-ne-jug-dhe-jugperendim-te-serbise\\\/\",\"name\":\"MB\u00cbSHTETJA E PROJEKTIT P\u00cbR ZHVILLIMIN E SEKTORIT PRIVAT N\u00cb JUG DHE JUGPERENDIM T\u00cb S\u00cbRBIS\u00cb - Republika e S\u00ebrbis\u00eb Trupi Koordinues p\u00ebr komunat Bujanoc, Preshev\u00eb dhe Medvegj\u00eb\",\"isPartOf\":{\"@id\":\"https:\\\/\\\/kt.gov.rs\\\/#website\"},\"primaryImageOfPage\":{\"@id\":\"https:\\\/\\\/kt.gov.rs\\\/sq\\\/mbeshtetja-e-projektit-per-zhvillimin-e-sektorit-privat-ne-jug-dhe-jugperendim-te-serbise\\\/#primaryimage\"},\"image\":{\"@id\":\"https:\\\/\\\/kt.gov.rs\\\/sq\\\/mbeshtetja-e-projektit-per-zhvillimin-e-sektorit-privat-ne-jug-dhe-jugperendim-te-serbise\\\/#primaryimage\"},\"thumbnailUrl\":\"https:\\\/\\\/kt.gov.rs\\\/wp-content\\\/uploads\\\/2024\\\/07\\\/newspic354v-11.jpg\",\"datePublished\":\"2013-11-27T00:00:00+00:00\",\"dateModified\":\"2024-07-30T20:14:11+00:00\",\"breadcrumb\":{\"@id\":\"https:\\\/\\\/kt.gov.rs\\\/sq\\\/mbeshtetja-e-projektit-per-zhvillimin-e-sektorit-privat-ne-jug-dhe-jugperendim-te-serbise\\\/#breadcrumb\"},\"inLanguage\":\"sq-AL\",\"potentialAction\":[{\"@type\":\"ReadAction\",\"target\":[\"https:\\\/\\\/kt.gov.rs\\\/sq\\\/mbeshtetja-e-projektit-per-zhvillimin-e-sektorit-privat-ne-jug-dhe-jugperendim-te-serbise\\\/\"]}]},{\"@type\":\"ImageObject\",\"inLanguage\":\"sq-AL\",\"@id\":\"https:\\\/\\\/kt.gov.rs\\\/sq\\\/mbeshtetja-e-projektit-per-zhvillimin-e-sektorit-privat-ne-jug-dhe-jugperendim-te-serbise\\\/#primaryimage\",\"url\":\"https:\\\/\\\/kt.gov.rs\\\/wp-content\\\/uploads\\\/2024\\\/07\\\/newspic354v-11.jpg\",\"contentUrl\":\"https:\\\/\\\/kt.gov.rs\\\/wp-content\\\/uploads\\\/2024\\\/07\\\/newspic354v-11.jpg\",\"width\":315,\"height\":220},{\"@type\":\"BreadcrumbList\",\"@id\":\"https:\\\/\\\/kt.gov.rs\\\/sq\\\/mbeshtetja-e-projektit-per-zhvillimin-e-sektorit-privat-ne-jug-dhe-jugperendim-te-serbise\\\/#breadcrumb\",\"itemListElement\":[{\"@type\":\"ListItem\",\"position\":1,\"name\":\"\u041f\u043e\u0447\u0435\u0442\u043d\u0430\",\"item\":\"https:\\\/\\\/kt.gov.rs\\\/sq\\\/\"},{\"@type\":\"ListItem\",\"position\":2,\"name\":\"MB\u00cbSHTETJA E PROJEKTIT P\u00cbR ZHVILLIMIN E SEKTORIT PRIVAT N\u00cb JUG DHE JUGPERENDIM T\u00cb S\u00cbRBIS\u00cb\"}]},{\"@type\":\"WebSite\",\"@id\":\"https:\\\/\\\/kt.gov.rs\\\/#website\",\"url\":\"https:\\\/\\\/kt.gov.rs\\\/\",\"name\":\"\u041a\u043e\u043e\u0440\u0434\u0438\u043d\u0430\u0446\u0438\u043e\u043d\u043e \u0442\u0435\u043b\u043e \u0412\u043b\u0430\u0434\u0435 \u0420\u0435\u043f\u0443\u0431\u043b\u0438\u043a\u0435 \u0421\u0440\u0431\u0438\u0458\u0435 \u0437\u0430 \u043e\u043f\u0448\u0442\u0438\u043d\u0435 \u041f\u0440\u0435\u0448\u0435\u0432\u043e, \u0411\u0443\u0458\u0430\u043d\u043e\u0432\u0430\u0446 \u0438 \u041c\u0435\u0434\u0432\u0435\u0452a\",\"description\":\"\",\"publisher\":{\"@id\":\"https:\\\/\\\/kt.gov.rs\\\/#organization\"},\"alternateName\":\"\u041a\u043e\u043e\u0440\u0434\u0438\u043d\u0430\u0446\u0438\u043e\u043d\u043e \u0442\u0435\u043b\u043e\",\"potentialAction\":[{\"@type\":\"SearchAction\",\"target\":{\"@type\":\"EntryPoint\",\"urlTemplate\":\"https:\\\/\\\/kt.gov.rs\\\/?s={search_term_string}\"},\"query-input\":{\"@type\":\"PropertyValueSpecification\",\"valueRequired\":true,\"valueName\":\"search_term_string\"}}],\"inLanguage\":\"sq-AL\"},{\"@type\":\"Organization\",\"@id\":\"https:\\\/\\\/kt.gov.rs\\\/#organization\",\"name\":\"\u041a\u043e\u043e\u0440\u0434\u0438\u043d\u0430\u0446\u0438\u043e\u043d\u043e \u0442\u0435\u043b\u043e \u0412\u043b\u0430\u0434\u0435 \u0420\u0435\u043f\u0443\u0431\u043b\u0438\u043a\u0435 \u0421\u0440\u0431\u0438\u0458\u0435 \u0437\u0430 \u043e\u043f\u0448\u0442\u0438\u043d\u0435 \u041f\u0440\u0435\u0448\u0435\u0432\u043e, \u0411\u0443\u0458\u0430\u043d\u043e\u0432\u0430\u0446 \u0438 \u041c\u0435\u0434\u0432\u0435\u0452a\",\"alternateName\":\"\u041a\u043e\u043e\u0440\u0434\u0438\u043d\u0430\u0446\u0438\u043e\u043d\u043e \u0442\u0435\u043b\u043e\",\"url\":\"https:\\\/\\\/kt.gov.rs\\\/\",\"logo\":{\"@type\":\"ImageObject\",\"inLanguage\":\"sq-AL\",\"@id\":\"https:\\\/\\\/kt.gov.rs\\\/#\\\/schema\\\/logo\\\/image\\\/\",\"url\":\"https:\\\/\\\/kt.gov.rs\\\/wp-content\\\/uploads\\\/2024\\\/12\\\/koord2.jpg\",\"contentUrl\":\"https:\\\/\\\/kt.gov.rs\\\/wp-content\\\/uploads\\\/2024\\\/12\\\/koord2.jpg\",\"width\":640,\"height\":480,\"caption\":\"\u041a\u043e\u043e\u0440\u0434\u0438\u043d\u0430\u0446\u0438\u043e\u043d\u043e \u0442\u0435\u043b\u043e \u0412\u043b\u0430\u0434\u0435 \u0420\u0435\u043f\u0443\u0431\u043b\u0438\u043a\u0435 \u0421\u0440\u0431\u0438\u0458\u0435 \u0437\u0430 \u043e\u043f\u0448\u0442\u0438\u043d\u0435 \u041f\u0440\u0435\u0448\u0435\u0432\u043e, \u0411\u0443\u0458\u0430\u043d\u043e\u0432\u0430\u0446 \u0438 \u041c\u0435\u0434\u0432\u0435\u0452a\"},\"image\":{\"@id\":\"https:\\\/\\\/kt.gov.rs\\\/#\\\/schema\\\/logo\\\/image\\\/\"},\"sameAs\":[\"https:\\\/\\\/www.facebook.com\\\/SluzbaKoordinacionogTelaVladeRepublikeSrbije\",\"https:\\\/\\\/x.com\\\/kt_gov\",\"https:\\\/\\\/www.youtube.com\\\/@koordinacionotelo\"]},{\"@type\":\"Person\",\"@id\":\"https:\\\/\\\/kt.gov.rs\\\/#\\\/schema\\\/person\\\/e426459ddb4173309103390602694571\",\"name\":\"ktmin\",\"image\":{\"@type\":\"ImageObject\",\"inLanguage\":\"sq-AL\",\"@id\":\"https:\\\/\\\/secure.gravatar.com\\\/avatar\\\/3985c961109853010c3fbc7ba30365bfba5db3dd6c525831d9c595c7525a615a?s=96&d=mm&r=g\",\"url\":\"https:\\\/\\\/secure.gravatar.com\\\/avatar\\\/3985c961109853010c3fbc7ba30365bfba5db3dd6c525831d9c595c7525a615a?s=96&d=mm&r=g\",\"contentUrl\":\"https:\\\/\\\/secure.gravatar.com\\\/avatar\\\/3985c961109853010c3fbc7ba30365bfba5db3dd6c525831d9c595c7525a615a?s=96&d=mm&r=g\",\"caption\":\"ktmin\"},\"sameAs\":[\"https:\\\/\\\/kt.gov.rs\"],\"url\":\"https:\\\/\\\/kt.gov.rs\\\/sq\\\/author\\\/ktmin\\\/\"}]}<\/script>\n<!-- \/ Yoast SEO plugin. -->","yoast_head_json":{"title":"MB\u00cbSHTETJA E PROJEKTIT P\u00cbR ZHVILLIMIN E SEKTORIT PRIVAT N\u00cb JUG DHE JUGPERENDIM T\u00cb S\u00cbRBIS\u00cb - Republika e S\u00ebrbis\u00eb Trupi Koordinues p\u00ebr komunat Bujanoc, Preshev\u00eb dhe Medvegj\u00eb","robots":{"index":"index","follow":"follow","max-snippet":"max-snippet:-1","max-image-preview":"max-image-preview:large","max-video-preview":"max-video-preview:-1"},"canonical":"https:\/\/kt.gov.rs\/sq\/mbeshtetja-e-projektit-per-zhvillimin-e-sektorit-privat-ne-jug-dhe-jugperendim-te-serbise\/","og_locale":"sq_AL","og_type":"article","og_title":"MB\u00cbSHTETJA E PROJEKTIT P\u00cbR ZHVILLIMIN E SEKTORIT PRIVAT N\u00cb JUG DHE JUGPERENDIM T\u00cb S\u00cbRBIS\u00cb - Republika e S\u00ebrbis\u00eb Trupi Koordinues p\u00ebr komunat Bujanoc, Preshev\u00eb dhe Medvegj\u00eb","og_description":"Shtetet e Bashkuara t\u00eb Amerik\u00ebs, n\u00ebp\u00ebrmjet Misionit Amerikan agjensioni p\u00ebr zhvillim nd\u00ebrkomb\u00ebtar\u00eb (USAID) n\u00eb S\u00ebrbi dhe Qeveria e Republik\u00ebs s\u00eb S\u00ebrbis\u00eb, n\u00ebp\u00ebrmjet Agjencinit nacional p\u00ebr zhvillimin regjional dhe e akredituara Agjensioni p\u00ebr zhvillim regjional (Zllatibor, Kraljev\u00eb, Novi Pazar dhe Leskovc\u00eb)...","og_url":"https:\/\/kt.gov.rs\/sq\/mbeshtetja-e-projektit-per-zhvillimin-e-sektorit-privat-ne-jug-dhe-jugperendim-te-serbise\/","og_site_name":"Republika e S\u00ebrbis\u00eb Trupi Koordinues p\u00ebr komunat Bujanoc, Preshev\u00eb dhe Medvegj\u00eb","article_publisher":"https:\/\/www.facebook.com\/SluzbaKoordinacionogTelaVladeRepublikeSrbije","article_published_time":"2013-11-27T00:00:00+00:00","article_modified_time":"2024-07-30T20:14:11+00:00","og_image":[{"width":315,"height":220,"url":"https:\/\/kt.gov.rs\/wp-content\/uploads\/2024\/07\/newspic354v-11.jpg","type":"image\/jpeg"}],"author":"ktmin","twitter_card":"summary_large_image","twitter_creator":"@kt_gov","twitter_site":"@kt_gov","twitter_misc":{"Written by":"ktmin","Est. reading time":"4 minutes"},"schema":{"@context":"https:\/\/schema.org","@graph":[{"@type":"Article","@id":"https:\/\/kt.gov.rs\/sq\/mbeshtetja-e-projektit-per-zhvillimin-e-sektorit-privat-ne-jug-dhe-jugperendim-te-serbise\/#article","isPartOf":{"@id":"https:\/\/kt.gov.rs\/sq\/mbeshtetja-e-projektit-per-zhvillimin-e-sektorit-privat-ne-jug-dhe-jugperendim-te-serbise\/"},"author":{"name":"ktmin","@id":"https:\/\/kt.gov.rs\/#\/schema\/person\/e426459ddb4173309103390602694571"},"headline":"MB\u00cbSHTETJA E PROJEKTIT P\u00cbR ZHVILLIMIN E SEKTORIT PRIVAT N\u00cb JUG DHE JUGPERENDIM T\u00cb S\u00cbRBIS\u00cb","datePublished":"2013-11-27T00:00:00+00:00","dateModified":"2024-07-30T20:14:11+00:00","mainEntityOfPage":{"@id":"https:\/\/kt.gov.rs\/sq\/mbeshtetja-e-projektit-per-zhvillimin-e-sektorit-privat-ne-jug-dhe-jugperendim-te-serbise\/"},"wordCount":741,"publisher":{"@id":"https:\/\/kt.gov.rs\/#organization"},"image":{"@id":"https:\/\/kt.gov.rs\/sq\/mbeshtetja-e-projektit-per-zhvillimin-e-sektorit-privat-ne-jug-dhe-jugperendim-te-serbise\/#primaryimage"},"thumbnailUrl":"https:\/\/kt.gov.rs\/wp-content\/uploads\/2024\/07\/newspic354v-11.jpg","articleSection":["Lajme"],"inLanguage":"sq-AL"},{"@type":"WebPage","@id":"https:\/\/kt.gov.rs\/sq\/mbeshtetja-e-projektit-per-zhvillimin-e-sektorit-privat-ne-jug-dhe-jugperendim-te-serbise\/","url":"https:\/\/kt.gov.rs\/sq\/mbeshtetja-e-projektit-per-zhvillimin-e-sektorit-privat-ne-jug-dhe-jugperendim-te-serbise\/","name":"MB\u00cbSHTETJA E PROJEKTIT P\u00cbR ZHVILLIMIN E SEKTORIT PRIVAT N\u00cb JUG DHE JUGPERENDIM T\u00cb S\u00cbRBIS\u00cb - Republika e S\u00ebrbis\u00eb Trupi Koordinues p\u00ebr komunat Bujanoc, Preshev\u00eb dhe Medvegj\u00eb","isPartOf":{"@id":"https:\/\/kt.gov.rs\/#website"},"primaryImageOfPage":{"@id":"https:\/\/kt.gov.rs\/sq\/mbeshtetja-e-projektit-per-zhvillimin-e-sektorit-privat-ne-jug-dhe-jugperendim-te-serbise\/#primaryimage"},"image":{"@id":"https:\/\/kt.gov.rs\/sq\/mbeshtetja-e-projektit-per-zhvillimin-e-sektorit-privat-ne-jug-dhe-jugperendim-te-serbise\/#primaryimage"},"thumbnailUrl":"https:\/\/kt.gov.rs\/wp-content\/uploads\/2024\/07\/newspic354v-11.jpg","datePublished":"2013-11-27T00:00:00+00:00","dateModified":"2024-07-30T20:14:11+00:00","breadcrumb":{"@id":"https:\/\/kt.gov.rs\/sq\/mbeshtetja-e-projektit-per-zhvillimin-e-sektorit-privat-ne-jug-dhe-jugperendim-te-serbise\/#breadcrumb"},"inLanguage":"sq-AL","potentialAction":[{"@type":"ReadAction","target":["https:\/\/kt.gov.rs\/sq\/mbeshtetja-e-projektit-per-zhvillimin-e-sektorit-privat-ne-jug-dhe-jugperendim-te-serbise\/"]}]},{"@type":"ImageObject","inLanguage":"sq-AL","@id":"https:\/\/kt.gov.rs\/sq\/mbeshtetja-e-projektit-per-zhvillimin-e-sektorit-privat-ne-jug-dhe-jugperendim-te-serbise\/#primaryimage","url":"https:\/\/kt.gov.rs\/wp-content\/uploads\/2024\/07\/newspic354v-11.jpg","contentUrl":"https:\/\/kt.gov.rs\/wp-content\/uploads\/2024\/07\/newspic354v-11.jpg","width":315,"height":220},{"@type":"BreadcrumbList","@id":"https:\/\/kt.gov.rs\/sq\/mbeshtetja-e-projektit-per-zhvillimin-e-sektorit-privat-ne-jug-dhe-jugperendim-te-serbise\/#breadcrumb","itemListElement":[{"@type":"ListItem","position":1,"name":"\u041f\u043e\u0447\u0435\u0442\u043d\u0430","item":"https:\/\/kt.gov.rs\/sq\/"},{"@type":"ListItem","position":2,"name":"MB\u00cbSHTETJA E PROJEKTIT P\u00cbR ZHVILLIMIN E SEKTORIT PRIVAT N\u00cb JUG DHE JUGPERENDIM T\u00cb S\u00cbRBIS\u00cb"}]},{"@type":"WebSite","@id":"https:\/\/kt.gov.rs\/#website","url":"https:\/\/kt.gov.rs\/","name":"\u041a\u043e\u043e\u0440\u0434\u0438\u043d\u0430\u0446\u0438\u043e\u043d\u043e \u0442\u0435\u043b\u043e \u0412\u043b\u0430\u0434\u0435 \u0420\u0435\u043f\u0443\u0431\u043b\u0438\u043a\u0435 \u0421\u0440\u0431\u0438\u0458\u0435 \u0437\u0430 \u043e\u043f\u0448\u0442\u0438\u043d\u0435 \u041f\u0440\u0435\u0448\u0435\u0432\u043e, \u0411\u0443\u0458\u0430\u043d\u043e\u0432\u0430\u0446 \u0438 \u041c\u0435\u0434\u0432\u0435\u0452a","description":"","publisher":{"@id":"https:\/\/kt.gov.rs\/#organization"},"alternateName":"\u041a\u043e\u043e\u0440\u0434\u0438\u043d\u0430\u0446\u0438\u043e\u043d\u043e \u0442\u0435\u043b\u043e","potentialAction":[{"@type":"SearchAction","target":{"@type":"EntryPoint","urlTemplate":"https:\/\/kt.gov.rs\/?s={search_term_string}"},"query-input":{"@type":"PropertyValueSpecification","valueRequired":true,"valueName":"search_term_string"}}],"inLanguage":"sq-AL"},{"@type":"Organization","@id":"https:\/\/kt.gov.rs\/#organization","name":"\u041a\u043e\u043e\u0440\u0434\u0438\u043d\u0430\u0446\u0438\u043e\u043d\u043e \u0442\u0435\u043b\u043e \u0412\u043b\u0430\u0434\u0435 \u0420\u0435\u043f\u0443\u0431\u043b\u0438\u043a\u0435 \u0421\u0440\u0431\u0438\u0458\u0435 \u0437\u0430 \u043e\u043f\u0448\u0442\u0438\u043d\u0435 \u041f\u0440\u0435\u0448\u0435\u0432\u043e, \u0411\u0443\u0458\u0430\u043d\u043e\u0432\u0430\u0446 \u0438 \u041c\u0435\u0434\u0432\u0435\u0452a","alternateName":"\u041a\u043e\u043e\u0440\u0434\u0438\u043d\u0430\u0446\u0438\u043e\u043d\u043e \u0442\u0435\u043b\u043e","url":"https:\/\/kt.gov.rs\/","logo":{"@type":"ImageObject","inLanguage":"sq-AL","@id":"https:\/\/kt.gov.rs\/#\/schema\/logo\/image\/","url":"https:\/\/kt.gov.rs\/wp-content\/uploads\/2024\/12\/koord2.jpg","contentUrl":"https:\/\/kt.gov.rs\/wp-content\/uploads\/2024\/12\/koord2.jpg","width":640,"height":480,"caption":"\u041a\u043e\u043e\u0440\u0434\u0438\u043d\u0430\u0446\u0438\u043e\u043d\u043e \u0442\u0435\u043b\u043e \u0412\u043b\u0430\u0434\u0435 \u0420\u0435\u043f\u0443\u0431\u043b\u0438\u043a\u0435 \u0421\u0440\u0431\u0438\u0458\u0435 \u0437\u0430 \u043e\u043f\u0448\u0442\u0438\u043d\u0435 \u041f\u0440\u0435\u0448\u0435\u0432\u043e, \u0411\u0443\u0458\u0430\u043d\u043e\u0432\u0430\u0446 \u0438 \u041c\u0435\u0434\u0432\u0435\u0452a"},"image":{"@id":"https:\/\/kt.gov.rs\/#\/schema\/logo\/image\/"},"sameAs":["https:\/\/www.facebook.com\/SluzbaKoordinacionogTelaVladeRepublikeSrbije","https:\/\/x.com\/kt_gov","https:\/\/www.youtube.com\/@koordinacionotelo"]},{"@type":"Person","@id":"https:\/\/kt.gov.rs\/#\/schema\/person\/e426459ddb4173309103390602694571","name":"ktmin","image":{"@type":"ImageObject","inLanguage":"sq-AL","@id":"https:\/\/secure.gravatar.com\/avatar\/3985c961109853010c3fbc7ba30365bfba5db3dd6c525831d9c595c7525a615a?s=96&d=mm&r=g","url":"https:\/\/secure.gravatar.com\/avatar\/3985c961109853010c3fbc7ba30365bfba5db3dd6c525831d9c595c7525a615a?s=96&d=mm&r=g","contentUrl":"https:\/\/secure.gravatar.com\/avatar\/3985c961109853010c3fbc7ba30365bfba5db3dd6c525831d9c595c7525a615a?s=96&d=mm&r=g","caption":"ktmin"},"sameAs":["https:\/\/kt.gov.rs"],"url":"https:\/\/kt.gov.rs\/sq\/author\/ktmin\/"}]}},"_links":{"self":[{"href":"https:\/\/kt.gov.rs\/sq\/wp-json\/wp\/v2\/posts\/139982","targetHints":{"allow":["GET"]}}],"collection":[{"href":"https:\/\/kt.gov.rs\/sq\/wp-json\/wp\/v2\/posts"}],"about":[{"href":"https:\/\/kt.gov.rs\/sq\/wp-json\/wp\/v2\/types\/post"}],"author":[{"embeddable":true,"href":"https:\/\/kt.gov.rs\/sq\/wp-json\/wp\/v2\/users\/1"}],"replies":[{"embeddable":true,"href":"https:\/\/kt.gov.rs\/sq\/wp-json\/wp\/v2\/comments?post=139982"}],"version-history":[{"count":1,"href":"https:\/\/kt.gov.rs\/sq\/wp-json\/wp\/v2\/posts\/139982\/revisions"}],"predecessor-version":[{"id":139986,"href":"https:\/\/kt.gov.rs\/sq\/wp-json\/wp\/v2\/posts\/139982\/revisions\/139986"}],"wp:featuredmedia":[{"embeddable":true,"href":"https:\/\/kt.gov.rs\/sq\/wp-json\/wp\/v2\/media\/139987"}],"wp:attachment":[{"href":"https:\/\/kt.gov.rs\/sq\/wp-json\/wp\/v2\/media?parent=139982"}],"wp:term":[{"taxonomy":"category","embeddable":true,"href":"https:\/\/kt.gov.rs\/sq\/wp-json\/wp\/v2\/categories?post=139982"},{"taxonomy":"post_tag","embeddable":true,"href":"https:\/\/kt.gov.rs\/sq\/wp-json\/wp\/v2\/tags?post=139982"}],"curies":[{"name":"wp","href":"https:\/\/api.w.org\/{rel}","templated":true}]}}